{"id":163935,"date":"2022-07-29T14:33:27","date_gmt":"2022-07-29T14:33:27","guid":{"rendered":"https:\/\/www.thebestsocial.media\/de\/?p=163935"},"modified":"2022-07-29T14:33:27","modified_gmt":"2022-07-29T14:33:27","slug":"final-countdown-9-euro-ticket","status":"publish","type":"post","link":"https:\/\/www.thebestsocial.media\/de\/final-countdown-9-euro-ticket\/","title":{"rendered":"Final Countdown &#8211; Die (voraussichtlich) letzten Wochen des 9\u20ac-Tickets stehen bevor"},"content":{"rendered":"<p>Seit nun 8 von geplanten 12 Wochen kann man den gesamten Nahverkehr in Deutschland f\u00fcr 9\u20ac pro Monat nutzen, eine Ma\u00dfnahme, die die gestiegenen Energiekosten abfedern sollte. Von der anf\u00e4nglichen <a href=\"https:\/\/www.thebestsocial.media\/de\/sturm-auf-sylt\/\" target=\"_blank\" rel=\"noopener\">Angst vor einem Sturm auf Sylt<\/a> zum <a href=\"https:\/\/www.thebestsocial.media\/de\/punks-auf-sylt-die-verrueckten-auswirkungen-des-9e-tickets\/\" target=\"_blank\" rel=\"noopener\">tats\u00e4chlichen Sturm auf Sylt<\/a>, \u00fcber sehr volle Z\u00fcge und nat\u00fcrlich so manchen g\u00fcnstigen Ausflug hat das Ganze f\u00fcr ordentlich Wirbel gesorgt. W\u00e4hrend nun immer mehr Stimmen laut werden, die ob der vielen positiven Effekte f\u00fcr beispielsweise Geldbeutel und Umwelt, eine Verl\u00e4ngerung oder zumindest ein Anschlussangebot (wie das<a href=\"https:\/\/www.thebestsocial.media\/de\/69-euro-ticket-oepnv-verkegr-oeffentlich-preis-zug-bahn\/\" target=\"_blank\" rel=\"noopener\"> 69\u20ac-Ticket<\/a>) fordern, sind einige strikt dagegen und wollen es auslaufen lassen.<\/p>\n<p>&nbsp;<\/p>\n<h3>Was wir damit schon alles erleben konnten!<\/h3>\n<blockquote class=\"twitter-tweet\">\n<p dir=\"ltr\" lang=\"de\">Die Eltern reden seit Monaten von den tollen Tripps, die wir mit dem 9-Euro-Ticket machen werden, sobald ich zu Besuch bin. Mutter hat Sylt gegoogelt &amp; Bamberg &amp; Aachen. Jetzt bin ich da und wir fahren nach \u2026Darmstadt. Von Mainz aus. 28 Minuten. Ich kann mein Gl\u00fcck kaum fassen.<\/p>\n<p>\u2014 Paul Bokowski (@plbkwsk) <a href=\"https:\/\/twitter.com\/plbkwsk\/status\/1551894216883818497?ref_src=twsrc%5Etfw\">July 26, 2022<\/a><\/p><\/blockquote>\n<p><script async src=\"https:\/\/platform.twitter.com\/widgets.js\" charset=\"utf-8\"><\/script><\/p>\n<p>&nbsp;<\/p>\n<h3>Richtig abenteurlich.<\/h3>\n<blockquote class=\"twitter-tweet\">\n<p dir=\"ltr\" lang=\"de\">Heute reist uns die Gro\u00dfe mit 9-Euro-Ticket und 6 verschiedenen Bummelz\u00fcgen in den Urlaub hinterher und es wird spannend, wie das so alles klappen wird.<br \/>\nAuf jeden Fall geht es interessant los. <a href=\"https:\/\/t.co\/GxGd8q769H\">pic.twitter.com\/GxGd8q769H<\/a><\/p>\n<p>\u2014 Luss mit schlustig (@LieneSchlustig) <a href=\"https:\/\/twitter.com\/LieneSchlustig\/status\/1551459586250575872?ref_src=twsrc%5Etfw\">July 25, 2022<\/a><\/p><\/blockquote>\n<p><script async src=\"https:\/\/platform.twitter.com\/widgets.js\" charset=\"utf-8\"><\/script><\/p>\n<p>&nbsp;<\/p>\n<h3>Durch und durch ne gute Sache eigentlich.<\/h3>\n<blockquote class=\"twitter-tweet\">\n<p dir=\"ltr\" lang=\"de\">Das Verkehrsministerium stellt fest: Durch das 9-Euro-Ticket gab es z.B. in Hamburg 20% weniger Staus.<\/p>\n<p>Also hat sogar das 9-Euro-Ticket f\u00fcr Autofahrende mehr gebracht als der Tankrabatt.<\/p>\n<p>\u2014 Sebastian 23 (@mondschaf23) <a href=\"https:\/\/twitter.com\/mondschaf23\/status\/1546569458797481985?ref_src=twsrc%5Etfw\">July 11, 2022<\/a><\/p><\/blockquote>\n<p><script async src=\"https:\/\/platform.twitter.com\/widgets.js\" charset=\"utf-8\"><\/script><\/p>\n<p>&nbsp;<\/p>\n<h3>Naja, an der Praxis hakt es dann doch manchmal.<\/h3>\n<blockquote class=\"twitter-tweet\">\n<p dir=\"ltr\" lang=\"de\">Die Bahn m\u00f6chte das 9Euro Ticket nicht fort f\u00fchren. Das Personal sei an der Belastungsgrenze. Es habe sich gezeigt, dass es zwar eine Nachfrage g\u00e4be, aber ein Angebotsproblem bestehen w\u00fcrde.<br \/>\nOk also regelt der Markt jetzt doch nicht?<\/p>\n<p>\u2014 Kandra Arielle Kardashian (@Hummelfee5) <a href=\"https:\/\/twitter.com\/Hummelfee5\/status\/1552537030709624832?ref_src=twsrc%5Etfw\">July 28, 2022<\/a><\/p><\/blockquote>\n<p><script async src=\"https:\/\/platform.twitter.com\/widgets.js\" charset=\"utf-8\"><\/script><\/p>\n<p>&nbsp;<\/p>\n<h3>Aber mit erh\u00f6hter Auslastung h\u00e4tte ja nun auch wirklich keiner rechnen k\u00f6nnen.<\/h3>\n<blockquote class=\"twitter-tweet\">\n<p dir=\"ltr\" lang=\"de\">Der GdL-Chef ist strikt gegen ein l\u00e4ngeres 9-Euro-Ticket. Damit &#8222;haben wir zus\u00e4tzlichen Verkehr in die Eisenbahn hineingebracht, zus\u00e4tzliche Reisenden-Anst\u00fcrme&#8220;.<br \/>\nEcht furchtbar, dass mehr Leute mit der Bahn fahren wollen. Das muss man dringend abstellen.<\/p>\n<p>\u2014 MSchier (@mikeschier) <a href=\"https:\/\/twitter.com\/mikeschier\/status\/1552564967798358017?ref_src=twsrc%5Etfw\">July 28, 2022<\/a><\/p><\/blockquote>\n<p><script async src=\"https:\/\/platform.twitter.com\/widgets.js\" charset=\"utf-8\"><\/script><\/p>\n<p>&nbsp;<\/p>\n<h3>Und ob da immer das 9\u20ac-Ticket schuld ist, ist auch die Frage&#8230;<\/h3>\n<blockquote class=\"twitter-tweet\">\n<p dir=\"ltr\" lang=\"de\">An die Schlaumeier im RE 3, Zugbegleiter sind mitgemeint: Der Zug ist nicht wegen des 9-Euro-Tickets \u00fcberf\u00fcllt, sondern weil zwei Z\u00fcge vorher ersatzlos ausgefallen sind. Konsultieren Sie mich gerne f\u00fcr weitere Analysen.<\/p>\n<p>\u2014 Vanessa Giese (@dieliebenessy) <a href=\"https:\/\/twitter.com\/dieliebenessy\/status\/1551262888547033094?ref_src=twsrc%5Etfw\">July 24, 2022<\/a><\/p><\/blockquote>\n<p><script async src=\"https:\/\/platform.twitter.com\/widgets.js\" charset=\"utf-8\"><\/script><\/p>\n<p>&nbsp;<\/p>\n<h3>Naja, das wird sicher alles aufgearbeitet und ausgewertet&#8230;irgendwann.<\/h3>\n<blockquote class=\"twitter-tweet\">\n<p dir=\"ltr\" lang=\"de\">Das Verkehrsministerium will die Daten zum 9-Euro-Ticket in Ruhe auswerten und dann \u00fcberlegen, wie eine Folge-L\u00f6sung aussehen k\u00f6nnte.<\/p>\n<p>Heute haben sie verk\u00fcndet: Die Auswertung erfolgt im November.<\/p>\n<p>Gut, dass das nicht nach einer Verz\u00f6gerungstaktik aussieht.<a href=\"https:\/\/twitter.com\/hashtag\/9EuroF%C3%BCrImmer?src=hash&amp;ref_src=twsrc%5Etfw\">#9EuroF\u00fcrImmer<\/a><\/p>\n<p>\u2014 Sebastian 23 (@mondschaf23) <a href=\"https:\/\/twitter.com\/mondschaf23\/status\/1552909354239758336?ref_src=twsrc%5Etfw\">July 29, 2022<\/a><\/p><\/blockquote>\n<p><script async src=\"https:\/\/platform.twitter.com\/widgets.js\" charset=\"utf-8\"><\/script><\/p>\n<p>&nbsp;<\/p>\n<h3>Zugegeben &#8222;9 f\u00fcr 90&#8220; ist auch ein etwas irref\u00fchrender Name f\u00fcr eine Aktion, die richtigerweise &#8222;27 f\u00fcr 90&#8220; hei\u00dfen m\u00fcsste.<\/h3>\n<blockquote class=\"twitter-tweet\">\n<p dir=\"ltr\" lang=\"de\">War im Zug, durfte durch die \u00dcberf\u00fcllung in der 1.Klasse hocken.<\/p>\n<p>Sp\u00e4ter sagte die Schaffnerin zu mir, dass es tats\u00e4chlich Menschen gibt, die Fragen wie viel ein 9 Euro Ticket kostet.<\/p>\n<p>Das Land der Dichter und Denker.<\/p>\n<p>\u2014 Michael Mayr (@Nightmare_Keks) <a href=\"https:\/\/twitter.com\/Nightmare_Keks\/status\/1551218953007022081?ref_src=twsrc%5Etfw\">July 24, 2022<\/a><\/p><\/blockquote>\n<p><script async src=\"https:\/\/platform.twitter.com\/widgets.js\" charset=\"utf-8\"><\/script><\/p>\n<p>&nbsp;<\/p>\n<h3>Aber gut, lirum larum.<\/h3>\n<blockquote class=\"twitter-tweet\">\n<p dir=\"ltr\" lang=\"de\">Danke f\u00fcr die Klarstellung! <a href=\"https:\/\/t.co\/usYPdXUcpY\">pic.twitter.com\/usYPdXUcpY<\/a><\/p>\n<p>\u2014 lenny (@l3nnu) <a href=\"https:\/\/twitter.com\/l3nnu\/status\/1552209835793551361?ref_src=twsrc%5Etfw\">July 27, 2022<\/a><\/p><\/blockquote>\n<p><script async src=\"https:\/\/platform.twitter.com\/widgets.js\" charset=\"utf-8\"><\/script><\/p>\n<p>&nbsp;<\/p>\n<h3>W\u00e4re einfacher zu merken, wenn&#8230;<\/h3>\n<blockquote class=\"twitter-tweet\">\n<p dir=\"ltr\" lang=\"de\">Junge junge, was f\u00fcr unn\u00f6tige Diskussionen \u00fcber das 9\u20ac-Ticket, wie kann man dagegen sein? Finde alles sollte nur 9 \u20ac kosten. Miete 9\u20ac, Essen 9\u20ac, Kita 9\u20ac, Wasserpfeife Pfirsich 9\u20ac, Lash-Extensions 9\u20ac, Kino 9\u20ac<\/p>\n<p>\u2014 Esra (@s_ra511) <a href=\"https:\/\/twitter.com\/s_ra511\/status\/1552249304336801794?ref_src=twsrc%5Etfw\">July 27, 2022<\/a><\/p><\/blockquote>\n<p><script async src=\"https:\/\/platform.twitter.com\/widgets.js\" charset=\"utf-8\"><\/script><\/p>\n<p>&nbsp;<\/p>\n<h3>Okay, wir k\u00f6nnen auch einen Kompromiss machen.<\/h3>\n<blockquote class=\"twitter-tweet\">\n<p dir=\"ltr\" lang=\"de\">ich lehne auch das 9-euro-ticket ab weil ein 0-euro-ticket l\u00e4ngst \u00fcberf\u00e4llig ist <a href=\"https:\/\/t.co\/YptjS9lIx5\">pic.twitter.com\/YptjS9lIx5<\/a><\/p>\n<p>\u2014 hasan (@migrantischewut) <a href=\"https:\/\/twitter.com\/migrantischewut\/status\/1550757947348746240?ref_src=twsrc%5Etfw\">July 23, 2022<\/a><\/p><\/blockquote>\n<p><script async src=\"https:\/\/platform.twitter.com\/widgets.js\" charset=\"utf-8\"><\/script><\/p>\n<p>\u2014<br \/>\nVielen Dank an alle f\u00fcr die Posts.<br \/>\n\u2014<br \/>\n<strong>Hey! Wir suchen neue Kolleg:innen! Du liebst die Internetkultur und verstehst, dass TikToks mehr als nur kurze, nervige Videos sind? Hast du bereits eine gesunde Social-Media-Sucht entwickelt? Du lebst online, wei\u00dft, was im Moment passiert ist und was morgen angesagt sein wird?\u00a0<\/strong><strong><a href=\"https:\/\/www.thebestsocialjobs.com\/de\/\">Dann werde Teil unseres Teams!<\/a><\/strong><\/p>\n","protected":false},"excerpt":{"rendered":"<p>Seit nun 8 von geplanten 12 Wochen kann man den gesamten Nahverkehr in Deutschland f\u00fcr 9\u20ac pro Monat nutzen, eine Ma\u00dfnahme, die die gestiegenen Energiekosten&#8230;<\/p>\n","protected":false},"author":73,"featured_media":163955,"comment_status":"open","ping_status":"open","sticky":false,"template":"","format":"standard","meta":{"_acf_changed":false,"footnotes":""},"categories":[4728,35],"tags":[5244,109,1209,412],"class_list":["post-163935","post","type-post","status-publish","format-standard","has-post-thumbnail","hentry","category-diskussion","category-twitter","tag-9-euro-ticket","tag-deutsche-bahn","tag-oepnv","tag-politik"],"acf":[],"yoast_head":"<!-- This site is optimized with the Yoast SEO plugin v27.5 - https:\/\/yoast.com\/product\/yoast-seo-wordpress\/ -->\n<title>Final Countdown: Die letzten Wochen des 9\u20ac-Tickets stehen bevor<\/title>\n<meta name=\"robots\" content=\"index, follow, max-snippet:-1, max-image-preview:large, max-video-preview:-1\" \/>\n<link rel=\"canonical\" href=\"https:\/\/www.thebestsocial.media\/de\/final-countdown-9-euro-ticket\/\" \/>\n<meta property=\"og:locale\" content=\"de_DE\" \/>\n<meta property=\"og:type\" content=\"article\" \/>\n<meta property=\"og:title\" content=\"Final Countdown - Die (voraussichtlich) letzten Wochen des 9\u20ac-Tickets stehen bevor\" \/>\n<meta property=\"og:description\" content=\"Seit nun 8 von geplanten 12 Wochen kann man den gesamten Nahverkehr in Deutschland f\u00fcr 9\u20ac pro Monat nutzen, eine Ma\u00dfnahme, die die gestiegenen Energiekosten...\" \/>\n<meta property=\"og:url\" content=\"https:\/\/www.thebestsocial.media\/de\/final-countdown-9-euro-ticket\/\" \/>\n<meta property=\"og:site_name\" content=\"The Best Social Media DE\" \/>\n<meta property=\"article:published_time\" content=\"2022-07-29T14:33:27+00:00\" \/>\n<meta property=\"og:image\" content=\"https:\/\/www.thebestsocial.media\/de\/wp-content\/uploads\/sites\/3\/2022\/07\/header-9eurobye.png\" \/>\n\t<meta property=\"og:image:width\" content=\"1200\" \/>\n\t<meta property=\"og:image:height\" content=\"630\" \/>\n\t<meta property=\"og:image:type\" content=\"image\/png\" \/>\n<meta name=\"author\" content=\"Helene Mei\u00dfner\" \/>\n<meta name=\"twitter:card\" content=\"summary_large_image\" \/>\n<meta name=\"twitter:label1\" content=\"Verfasst von\" \/>\n\t<meta name=\"twitter:data1\" content=\"Helene Mei\u00dfner\" \/>\n\t<meta name=\"twitter:label2\" content=\"Gesch\u00e4tzte Lesezeit\" \/>\n\t<meta name=\"twitter:data2\" content=\"3\u00a0Minuten\" \/>\n<script type=\"application\/ld+json\" class=\"yoast-schema-graph\">{\"@context\":\"https:\\\/\\\/schema.org\",\"@graph\":[{\"@type\":\"Article\",\"@id\":\"https:\\\/\\\/www.thebestsocial.media\\\/de\\\/final-countdown-9-euro-ticket\\\/#article\",\"isPartOf\":{\"@id\":\"https:\\\/\\\/www.thebestsocial.media\\\/de\\\/final-countdown-9-euro-ticket\\\/\"},\"author\":{\"name\":\"Helene Mei\u00dfner\",\"@id\":\"https:\\\/\\\/www.thebestsocial.media\\\/de\\\/#\\\/schema\\\/person\\\/6267acc046505b90b912687a039220df\"},\"headline\":\"Final Countdown &#8211; Die (voraussichtlich) letzten Wochen des 9\u20ac-Tickets stehen bevor\",\"datePublished\":\"2022-07-29T14:33:27+00:00\",\"mainEntityOfPage\":{\"@id\":\"https:\\\/\\\/www.thebestsocial.media\\\/de\\\/final-countdown-9-euro-ticket\\\/\"},\"wordCount\":692,\"commentCount\":0,\"image\":{\"@id\":\"https:\\\/\\\/www.thebestsocial.media\\\/de\\\/final-countdown-9-euro-ticket\\\/#primaryimage\"},\"thumbnailUrl\":\"https:\\\/\\\/www.thebestsocial.media\\\/de\\\/wp-content\\\/uploads\\\/sites\\\/3\\\/2022\\\/07\\\/pexels-pixabay-159148-scaled.jpg\",\"keywords\":[\"9-Euro-Ticket\",\"Deutsche Bahn\",\"\u00d6PNV\",\"politik\"],\"articleSection\":[\"Diskussion\",\"Twitter\"],\"inLanguage\":\"de\",\"potentialAction\":[{\"@type\":\"CommentAction\",\"name\":\"Comment\",\"target\":[\"https:\\\/\\\/www.thebestsocial.media\\\/de\\\/final-countdown-9-euro-ticket\\\/#respond\"]}]},{\"@type\":\"WebPage\",\"@id\":\"https:\\\/\\\/www.thebestsocial.media\\\/de\\\/final-countdown-9-euro-ticket\\\/\",\"url\":\"https:\\\/\\\/www.thebestsocial.media\\\/de\\\/final-countdown-9-euro-ticket\\\/\",\"name\":\"Final Countdown: Die letzten Wochen des 9\u20ac-Tickets stehen bevor\",\"isPartOf\":{\"@id\":\"https:\\\/\\\/www.thebestsocial.media\\\/de\\\/#website\"},\"primaryImageOfPage\":{\"@id\":\"https:\\\/\\\/www.thebestsocial.media\\\/de\\\/final-countdown-9-euro-ticket\\\/#primaryimage\"},\"image\":{\"@id\":\"https:\\\/\\\/www.thebestsocial.media\\\/de\\\/final-countdown-9-euro-ticket\\\/#primaryimage\"},\"thumbnailUrl\":\"https:\\\/\\\/www.thebestsocial.media\\\/de\\\/wp-content\\\/uploads\\\/sites\\\/3\\\/2022\\\/07\\\/pexels-pixabay-159148-scaled.jpg\",\"datePublished\":\"2022-07-29T14:33:27+00:00\",\"author\":{\"@id\":\"https:\\\/\\\/www.thebestsocial.media\\\/de\\\/#\\\/schema\\\/person\\\/6267acc046505b90b912687a039220df\"},\"breadcrumb\":{\"@id\":\"https:\\\/\\\/www.thebestsocial.media\\\/de\\\/final-countdown-9-euro-ticket\\\/#breadcrumb\"},\"inLanguage\":\"de\",\"potentialAction\":[{\"@type\":\"ReadAction\",\"target\":[\"https:\\\/\\\/www.thebestsocial.media\\\/de\\\/final-countdown-9-euro-ticket\\\/\"]}]},{\"@type\":\"ImageObject\",\"inLanguage\":\"de\",\"@id\":\"https:\\\/\\\/www.thebestsocial.media\\\/de\\\/final-countdown-9-euro-ticket\\\/#primaryimage\",\"url\":\"https:\\\/\\\/www.thebestsocial.media\\\/de\\\/wp-content\\\/uploads\\\/sites\\\/3\\\/2022\\\/07\\\/pexels-pixabay-159148-scaled.jpg\",\"contentUrl\":\"https:\\\/\\\/www.thebestsocial.media\\\/de\\\/wp-content\\\/uploads\\\/sites\\\/3\\\/2022\\\/07\\\/pexels-pixabay-159148-scaled.jpg\",\"width\":2560,\"height\":1577},{\"@type\":\"BreadcrumbList\",\"@id\":\"https:\\\/\\\/www.thebestsocial.media\\\/de\\\/final-countdown-9-euro-ticket\\\/#breadcrumb\",\"itemListElement\":[{\"@type\":\"ListItem\",\"position\":1,\"name\":\"Home\",\"item\":\"https:\\\/\\\/www.thebestsocial.media\\\/de\\\/\"},{\"@type\":\"ListItem\",\"position\":2,\"name\":\"Final Countdown &#8211; Die (voraussichtlich) letzten Wochen des 9\u20ac-Tickets stehen bevor\"}]},{\"@type\":\"WebSite\",\"@id\":\"https:\\\/\\\/www.thebestsocial.media\\\/de\\\/#website\",\"url\":\"https:\\\/\\\/www.thebestsocial.media\\\/de\\\/\",\"name\":\"The Best Social Media DE\",\"description\":\"\",\"potentialAction\":[{\"@type\":\"SearchAction\",\"target\":{\"@type\":\"EntryPoint\",\"urlTemplate\":\"https:\\\/\\\/www.thebestsocial.media\\\/de\\\/?s={search_term_string}\"},\"query-input\":{\"@type\":\"PropertyValueSpecification\",\"valueRequired\":true,\"valueName\":\"search_term_string\"}}],\"inLanguage\":\"de\"},{\"@type\":\"Person\",\"@id\":\"https:\\\/\\\/www.thebestsocial.media\\\/de\\\/#\\\/schema\\\/person\\\/6267acc046505b90b912687a039220df\",\"name\":\"Helene Mei\u00dfner\",\"image\":{\"@type\":\"ImageObject\",\"inLanguage\":\"de\",\"@id\":\"https:\\\/\\\/secure.gravatar.com\\\/avatar\\\/6639fc0397860ac2c2e11b018c1f14be4a46c2378a91ac1b35730b724675daa8?s=96&d=mm&r=g\",\"url\":\"https:\\\/\\\/secure.gravatar.com\\\/avatar\\\/6639fc0397860ac2c2e11b018c1f14be4a46c2378a91ac1b35730b724675daa8?s=96&d=mm&r=g\",\"contentUrl\":\"https:\\\/\\\/secure.gravatar.com\\\/avatar\\\/6639fc0397860ac2c2e11b018c1f14be4a46c2378a91ac1b35730b724675daa8?s=96&d=mm&r=g\",\"caption\":\"Helene Mei\u00dfner\"},\"description\":\"Kommt aus Berlin und hat dementsprechend nat\u00fcrlich irgendwas mit Medien studiert. Verlegt oft Dinge, w\u00e4hrend sie sie in der Hand h\u00e4lt. Findet Kauger\u00e4usche unausstehlich. Hat eine Schw\u00e4che f\u00fcr Glitzer und immer mindestens 50 Tabs offen.\",\"sameAs\":[\"https:\\\/\\\/www.instagram.com\\\/he.leni\\\/\"],\"url\":\"https:\\\/\\\/www.thebestsocial.media\\\/de\\\/author\\\/helenemeissner\\\/\"}]}<\/script>\n<!-- \/ Yoast SEO plugin. -->","yoast_head_json":{"title":"Final Countdown: Die letzten Wochen des 9\u20ac-Tickets stehen bevor","robots":{"index":"index","follow":"follow","max-snippet":"max-snippet:-1","max-image-preview":"max-image-preview:large","max-video-preview":"max-video-preview:-1"},"canonical":"https:\/\/www.thebestsocial.media\/de\/final-countdown-9-euro-ticket\/","og_locale":"de_DE","og_type":"article","og_title":"Final Countdown - Die (voraussichtlich) letzten Wochen des 9\u20ac-Tickets stehen bevor","og_description":"Seit nun 8 von geplanten 12 Wochen kann man den gesamten Nahverkehr in Deutschland f\u00fcr 9\u20ac pro Monat nutzen, eine Ma\u00dfnahme, die die gestiegenen Energiekosten...","og_url":"https:\/\/www.thebestsocial.media\/de\/final-countdown-9-euro-ticket\/","og_site_name":"The Best Social Media DE","article_published_time":"2022-07-29T14:33:27+00:00","og_image":[{"width":1200,"height":630,"url":"https:\/\/www.thebestsocial.media\/de\/wp-content\/uploads\/sites\/3\/2022\/07\/header-9eurobye.png","type":"image\/png"}],"author":"Helene Mei\u00dfner","twitter_card":"summary_large_image","twitter_misc":{"Verfasst von":"Helene Mei\u00dfner","Gesch\u00e4tzte Lesezeit":"3\u00a0Minuten"},"schema":{"@context":"https:\/\/schema.org","@graph":[{"@type":"Article","@id":"https:\/\/www.thebestsocial.media\/de\/final-countdown-9-euro-ticket\/#article","isPartOf":{"@id":"https:\/\/www.thebestsocial.media\/de\/final-countdown-9-euro-ticket\/"},"author":{"name":"Helene Mei\u00dfner","@id":"https:\/\/www.thebestsocial.media\/de\/#\/schema\/person\/6267acc046505b90b912687a039220df"},"headline":"Final Countdown &#8211; Die (voraussichtlich) letzten Wochen des 9\u20ac-Tickets stehen bevor","datePublished":"2022-07-29T14:33:27+00:00","mainEntityOfPage":{"@id":"https:\/\/www.thebestsocial.media\/de\/final-countdown-9-euro-ticket\/"},"wordCount":692,"commentCount":0,"image":{"@id":"https:\/\/www.thebestsocial.media\/de\/final-countdown-9-euro-ticket\/#primaryimage"},"thumbnailUrl":"https:\/\/www.thebestsocial.media\/de\/wp-content\/uploads\/sites\/3\/2022\/07\/pexels-pixabay-159148-scaled.jpg","keywords":["9-Euro-Ticket","Deutsche Bahn","\u00d6PNV","politik"],"articleSection":["Diskussion","Twitter"],"inLanguage":"de","potentialAction":[{"@type":"CommentAction","name":"Comment","target":["https:\/\/www.thebestsocial.media\/de\/final-countdown-9-euro-ticket\/#respond"]}]},{"@type":"WebPage","@id":"https:\/\/www.thebestsocial.media\/de\/final-countdown-9-euro-ticket\/","url":"https:\/\/www.thebestsocial.media\/de\/final-countdown-9-euro-ticket\/","name":"Final Countdown: Die letzten Wochen des 9\u20ac-Tickets stehen bevor","isPartOf":{"@id":"https:\/\/www.thebestsocial.media\/de\/#website"},"primaryImageOfPage":{"@id":"https:\/\/www.thebestsocial.media\/de\/final-countdown-9-euro-ticket\/#primaryimage"},"image":{"@id":"https:\/\/www.thebestsocial.media\/de\/final-countdown-9-euro-ticket\/#primaryimage"},"thumbnailUrl":"https:\/\/www.thebestsocial.media\/de\/wp-content\/uploads\/sites\/3\/2022\/07\/pexels-pixabay-159148-scaled.jpg","datePublished":"2022-07-29T14:33:27+00:00","author":{"@id":"https:\/\/www.thebestsocial.media\/de\/#\/schema\/person\/6267acc046505b90b912687a039220df"},"breadcrumb":{"@id":"https:\/\/www.thebestsocial.media\/de\/final-countdown-9-euro-ticket\/#breadcrumb"},"inLanguage":"de","potentialAction":[{"@type":"ReadAction","target":["https:\/\/www.thebestsocial.media\/de\/final-countdown-9-euro-ticket\/"]}]},{"@type":"ImageObject","inLanguage":"de","@id":"https:\/\/www.thebestsocial.media\/de\/final-countdown-9-euro-ticket\/#primaryimage","url":"https:\/\/www.thebestsocial.media\/de\/wp-content\/uploads\/sites\/3\/2022\/07\/pexels-pixabay-159148-scaled.jpg","contentUrl":"https:\/\/www.thebestsocial.media\/de\/wp-content\/uploads\/sites\/3\/2022\/07\/pexels-pixabay-159148-scaled.jpg","width":2560,"height":1577},{"@type":"BreadcrumbList","@id":"https:\/\/www.thebestsocial.media\/de\/final-countdown-9-euro-ticket\/#breadcrumb","itemListElement":[{"@type":"ListItem","position":1,"name":"Home","item":"https:\/\/www.thebestsocial.media\/de\/"},{"@type":"ListItem","position":2,"name":"Final Countdown &#8211; Die (voraussichtlich) letzten Wochen des 9\u20ac-Tickets stehen bevor"}]},{"@type":"WebSite","@id":"https:\/\/www.thebestsocial.media\/de\/#website","url":"https:\/\/www.thebestsocial.media\/de\/","name":"The Best Social Media DE","description":"","potentialAction":[{"@type":"SearchAction","target":{"@type":"EntryPoint","urlTemplate":"https:\/\/www.thebestsocial.media\/de\/?s={search_term_string}"},"query-input":{"@type":"PropertyValueSpecification","valueRequired":true,"valueName":"search_term_string"}}],"inLanguage":"de"},{"@type":"Person","@id":"https:\/\/www.thebestsocial.media\/de\/#\/schema\/person\/6267acc046505b90b912687a039220df","name":"Helene Mei\u00dfner","image":{"@type":"ImageObject","inLanguage":"de","@id":"https:\/\/secure.gravatar.com\/avatar\/6639fc0397860ac2c2e11b018c1f14be4a46c2378a91ac1b35730b724675daa8?s=96&d=mm&r=g","url":"https:\/\/secure.gravatar.com\/avatar\/6639fc0397860ac2c2e11b018c1f14be4a46c2378a91ac1b35730b724675daa8?s=96&d=mm&r=g","contentUrl":"https:\/\/secure.gravatar.com\/avatar\/6639fc0397860ac2c2e11b018c1f14be4a46c2378a91ac1b35730b724675daa8?s=96&d=mm&r=g","caption":"Helene Mei\u00dfner"},"description":"Kommt aus Berlin und hat dementsprechend nat\u00fcrlich irgendwas mit Medien studiert. Verlegt oft Dinge, w\u00e4hrend sie sie in der Hand h\u00e4lt. Findet Kauger\u00e4usche unausstehlich. Hat eine Schw\u00e4che f\u00fcr Glitzer und immer mindestens 50 Tabs offen.","sameAs":["https:\/\/www.instagram.com\/he.leni\/"],"url":"https:\/\/www.thebestsocial.media\/de\/author\/helenemeissner\/"}]}},"amp_enabled":true,"_links":{"self":[{"href":"https:\/\/www.thebestsocial.media\/de\/wp-json\/wp\/v2\/posts\/163935","targetHints":{"allow":["GET"]}}],"collection":[{"href":"https:\/\/www.thebestsocial.media\/de\/wp-json\/wp\/v2\/posts"}],"about":[{"href":"https:\/\/www.thebestsocial.media\/de\/wp-json\/wp\/v2\/types\/post"}],"author":[{"embeddable":true,"href":"https:\/\/www.thebestsocial.media\/de\/wp-json\/wp\/v2\/users\/73"}],"replies":[{"embeddable":true,"href":"https:\/\/www.thebestsocial.media\/de\/wp-json\/wp\/v2\/comments?post=163935"}],"version-history":[{"count":21,"href":"https:\/\/www.thebestsocial.media\/de\/wp-json\/wp\/v2\/posts\/163935\/revisions"}],"predecessor-version":[{"id":163958,"href":"https:\/\/www.thebestsocial.media\/de\/wp-json\/wp\/v2\/posts\/163935\/revisions\/163958"}],"wp:featuredmedia":[{"embeddable":true,"href":"https:\/\/www.thebestsocial.media\/de\/wp-json\/wp\/v2\/media\/163955"}],"wp:attachment":[{"href":"https:\/\/www.thebestsocial.media\/de\/wp-json\/wp\/v2\/media?parent=163935"}],"wp:term":[{"taxonomy":"category","embeddable":true,"href":"https:\/\/www.thebestsocial.media\/de\/wp-json\/wp\/v2\/categories?post=163935"},{"taxonomy":"post_tag","embeddable":true,"href":"https:\/\/www.thebestsocial.media\/de\/wp-json\/wp\/v2\/tags?post=163935"}],"curies":[{"name":"wp","href":"https:\/\/api.w.org\/{rel}","templated":true}]}}