{"id":163858,"date":"2022-07-28T15:40:56","date_gmt":"2022-07-28T15:40:56","guid":{"rendered":"https:\/\/www.thebestsocial.media\/de\/?p=163858"},"modified":"2022-07-28T15:45:48","modified_gmt":"2022-07-28T15:45:48","slug":"sebastian-vettel","status":"publish","type":"post","link":"https:\/\/www.thebestsocial.media\/de\/sebastian-vettel\/","title":{"rendered":"Sebastian Vettel erstellt sich einen Instagram-Account, um das Ende seiner Karriere anzuk\u00fcndigen"},"content":{"rendered":"<p>&#8222;Lebt Wohl und danke, dass ich die Strecke mit euch teilen durfte. Ich habe jeden Meter davon geliebt.&#8220; &#8211; so beendet Rennfahrer Sebastian Vettel sein, zwischendurch fast philosophisch anmutendes Video, in dem er das Ende seiner Karriere ank\u00fcndigt. Hierf\u00fcr hatte er sich extra ein <a href=\"https:\/\/www.instagram.com\/sebastianvettel\/\" target=\"_blank\" rel=\"noopener\">Instagram-Konto<\/a> erstellt, was bei vielen Fans zun\u00e4chst auf Begeisterung stie\u00df. Diese wich dann aber schnell der Entt\u00e4uschung \u00fcber die Nachricht.<\/p>\n<p>&nbsp;<\/p>\n<h3>Hier das ganze Video:<\/h3>\n<blockquote class=\"instagram-media\" style=\"background: #FFF; border: 0; border-radius: 3px; box-shadow: 0 0 1px 0 rgba(0,0,0,0.5),0 1px 10px 0 rgba(0,0,0,0.15); margin: 1px; max-width: 540px; min-width: 326px; padding: 0; width: calc(100% - 2px);\" data-instgrm-captioned=\"\" data-instgrm-permalink=\"https:\/\/www.instagram.com\/reel\/CgjUb7MKAf0\/?utm_source=ig_embed&amp;utm_campaign=loading\" data-instgrm-version=\"14\">\n<div style=\"padding: 16px;\">\n<p>&nbsp;<\/p>\n<div style=\"display: flex; flex-direction: row; align-items: center;\">\n<div style=\"background-color: #f4f4f4; border-radius: 50%; flex-grow: 0; height: 40px; margin-right: 14px; width: 40px;\"><\/div>\n<div style=\"display: flex; flex-direction: column; flex-grow: 1; justify-content: center;\">\n<div style=\"background-color: #f4f4f4; border-radius: 4px; flex-grow: 0; height: 14px; margin-bottom: 6px; width: 100px;\"><\/div>\n<div style=\"background-color: #f4f4f4; border-radius: 4px; flex-grow: 0; height: 14px; width: 60px;\"><\/div>\n<\/div>\n<\/div>\n<div style=\"padding: 19% 0;\"><\/div>\n<div style=\"display: block; height: 50px; margin: 0 auto 12px; width: 50px;\"><\/div>\n<div style=\"padding-top: 8px;\">\n<div style=\"color: #3897f0; font-family: Arial,sans-serif; font-size: 14px; font-style: normal; font-weight: 550; line-height: 18px;\">Sieh dir diesen Beitrag auf Instagram an<\/div>\n<\/div>\n<div style=\"padding: 12.5% 0;\"><\/div>\n<div style=\"display: flex; flex-direction: row; margin-bottom: 14px; align-items: center;\">\n<div>\n<div style=\"background-color: #f4f4f4; border-radius: 50%; height: 12.5px; width: 12.5px; transform: translateX(0px) translateY(7px);\"><\/div>\n<div style=\"background-color: #f4f4f4; height: 12.5px; transform: rotate(-45deg) translateX(3px) translateY(1px); width: 12.5px; flex-grow: 0; margin-right: 14px; margin-left: 2px;\"><\/div>\n<div style=\"background-color: #f4f4f4; border-radius: 50%; height: 12.5px; width: 12.5px; transform: translateX(9px) translateY(-18px);\"><\/div>\n<\/div>\n<div style=\"margin-left: 8px;\">\n<div style=\"background-color: #f4f4f4; border-radius: 50%; flex-grow: 0; height: 20px; width: 20px;\"><\/div>\n<div style=\"width: 0; height: 0; border-top: 2px solid transparent; border-left: 6px solid #f4f4f4; border-bottom: 2px solid transparent; transform: translateX(16px) translateY(-4px) rotate(30deg);\"><\/div>\n<\/div>\n<div style=\"margin-left: auto;\">\n<div style=\"width: 0px; border-top: 8px solid #F4F4F4; border-right: 8px solid transparent; transform: translateY(16px);\"><\/div>\n<div style=\"background-color: #f4f4f4; flex-grow: 0; height: 12px; width: 16px; transform: translateY(-4px);\"><\/div>\n<div style=\"width: 0; height: 0; border-top: 8px solid #F4F4F4; border-left: 8px solid transparent; transform: translateY(-4px) translateX(8px);\"><\/div>\n<\/div>\n<\/div>\n<div style=\"display: flex; flex-direction: column; flex-grow: 1; justify-content: center; margin-bottom: 24px;\">\n<div style=\"background-color: #f4f4f4; border-radius: 4px; flex-grow: 0; height: 14px; margin-bottom: 6px; width: 224px;\"><\/div>\n<div style=\"background-color: #f4f4f4; border-radius: 4px; flex-grow: 0; height: 14px; width: 144px;\"><\/div>\n<\/div>\n<p>&nbsp;<\/p>\n<p style=\"color: #c9c8cd; font-family: Arial,sans-serif; font-size: 14px; line-height: 17px; margin-bottom: 0; margin-top: 8px; overflow: hidden; padding: 8px 0 7px; text-align: center; text-overflow: ellipsis; white-space: nowrap;\"><a style=\"color: #c9c8cd; font-family: Arial,sans-serif; font-size: 14px; font-style: normal; font-weight: normal; line-height: 17px; text-decoration: none;\" href=\"https:\/\/www.instagram.com\/reel\/CgjUb7MKAf0\/?utm_source=ig_embed&amp;utm_campaign=loading\" target=\"_blank\" rel=\"noopener\">Ein Beitrag geteilt von Sebastian Vettel (@sebastianvettel)<\/a><\/p>\n<\/div>\n<\/blockquote>\n\n<p>&nbsp;<\/p>\n<h3>Neben vielen Danksagungen in den Kommentaren&#8230;.<\/h3>\n<p><img loading=\"lazy\" decoding=\"async\" class=\"alignnone wp-image-163866 size-full\" src=\"https:\/\/www.thebestsocial.media\/de\/wp-content\/uploads\/sites\/3\/2022\/07\/Bildschirmfoto-2022-07-28-um-15.46.29.png\" alt=\"\" width=\"904\" height=\"172\" srcset=\"https:\/\/www.thebestsocial.media\/de\/wp-content\/uploads\/sites\/3\/2022\/07\/Bildschirmfoto-2022-07-28-um-15.46.29.png 904w, https:\/\/www.thebestsocial.media\/de\/wp-content\/uploads\/sites\/3\/2022\/07\/Bildschirmfoto-2022-07-28-um-15.46.29-300x57.png 300w, https:\/\/www.thebestsocial.media\/de\/wp-content\/uploads\/sites\/3\/2022\/07\/Bildschirmfoto-2022-07-28-um-15.46.29-768x146.png 768w\" sizes=\"auto, (max-width: 904px) 100vw, 904px\" \/><\/p>\n<p>&nbsp;<\/p>\n<h3>&#8230;ist die Trauer gro\u00df.<\/h3>\n<p><img loading=\"lazy\" decoding=\"async\" class=\"alignnone wp-image-163865 size-full\" src=\"https:\/\/www.thebestsocial.media\/de\/wp-content\/uploads\/sites\/3\/2022\/07\/Bildschirmfoto-2022-07-28-um-15.43.52.png\" alt=\"\" width=\"840\" height=\"150\" srcset=\"https:\/\/www.thebestsocial.media\/de\/wp-content\/uploads\/sites\/3\/2022\/07\/Bildschirmfoto-2022-07-28-um-15.43.52.png 840w, https:\/\/www.thebestsocial.media\/de\/wp-content\/uploads\/sites\/3\/2022\/07\/Bildschirmfoto-2022-07-28-um-15.43.52-300x54.png 300w, https:\/\/www.thebestsocial.media\/de\/wp-content\/uploads\/sites\/3\/2022\/07\/Bildschirmfoto-2022-07-28-um-15.43.52-768x137.png 768w\" sizes=\"auto, (max-width: 840px) 100vw, 840px\" \/><\/p>\n<p>&nbsp;<\/p>\n<h3>Sehr gro\u00df.<\/h3>\n<p><img loading=\"lazy\" decoding=\"async\" class=\"alignnone wp-image-163868 size-full\" src=\"https:\/\/www.thebestsocial.media\/de\/wp-content\/uploads\/sites\/3\/2022\/07\/Bildschirmfoto-2022-07-28-um-15.14.53.png\" alt=\"\" width=\"932\" height=\"184\" srcset=\"https:\/\/www.thebestsocial.media\/de\/wp-content\/uploads\/sites\/3\/2022\/07\/Bildschirmfoto-2022-07-28-um-15.14.53.png 932w, https:\/\/www.thebestsocial.media\/de\/wp-content\/uploads\/sites\/3\/2022\/07\/Bildschirmfoto-2022-07-28-um-15.14.53-300x59.png 300w, https:\/\/www.thebestsocial.media\/de\/wp-content\/uploads\/sites\/3\/2022\/07\/Bildschirmfoto-2022-07-28-um-15.14.53-768x152.png 768w\" sizes=\"auto, (max-width: 932px) 100vw, 932px\" \/><\/p>\n<h3><\/h3>\n<p>&nbsp;<\/p>\n<h3>Nicht nur auf instagram.<\/h3>\n<blockquote class=\"twitter-tweet\">\n<p dir=\"ltr\" lang=\"de\">Vettel beendet seine F1 Karriere<br \/>\nWie hart kann ein Herz brechen \ud83d\udc94<\/p>\n<p>\u2014 GamerBrother (@GamerBr0ski) <a href=\"https:\/\/twitter.com\/GamerBr0ski\/status\/1552597600704012288?ref_src=twsrc%5Etfw\">July 28, 2022<\/a><\/p><\/blockquote>\n<p><script async src=\"https:\/\/platform.twitter.com\/widgets.js\" charset=\"utf-8\"><\/script><\/p>\n<blockquote class=\"twitter-tweet\">\n<p dir=\"ltr\" lang=\"de\">\u201cMein wichtigstes Rennen liegt noch vor mir\u201d Die Formel 1 verliert mit Sebastian <a href=\"https:\/\/twitter.com\/hashtag\/Vettel?src=hash&amp;ref_src=twsrc%5Etfw\">#Vettel<\/a> sein moralisches Gewissen. Aber seine Kinder gewinnen einen grandiosen Papa. Der echt Bock hat was zu ver\u00e4ndern auf dieser Welt! Ein wirklich gro\u00dfer Sportsmann. Auf und neben der Strecke!<\/p>\n<p>\u2014 Robby Hunke (@robbyhunke) <a href=\"https:\/\/twitter.com\/robbyhunke\/status\/1552614393971712001?ref_src=twsrc%5Etfw\">July 28, 2022<\/a><\/p><\/blockquote>\n<p><script async src=\"https:\/\/platform.twitter.com\/widgets.js\" charset=\"utf-8\"><\/script><\/p>\n<h3>Was macht er wohl als n\u00e4chstes?<\/h3>\n<blockquote class=\"twitter-tweet\">\n<p dir=\"ltr\" lang=\"de\">sebastian vettel sieht so aus als w\u00fcrde er seine formel 1 karriere beenden um jetzt ukulele bei annenmaykantereit zu spielen <a href=\"https:\/\/t.co\/xmPDEbSLgz\">pic.twitter.com\/xmPDEbSLgz<\/a><\/p>\n<p>\u2014 Rheuma Kai (@kai_rheuma) <a href=\"https:\/\/twitter.com\/kai_rheuma\/status\/1552616785664434176?ref_src=twsrc%5Etfw\">July 28, 2022<\/a><\/p><\/blockquote>\n<p><script async src=\"https:\/\/platform.twitter.com\/widgets.js\" charset=\"utf-8\"><\/script><\/p>\n<p>&nbsp;<\/p>\n<h3>Wird sich schon was finden.<\/h3>\n<blockquote class=\"twitter-tweet\">\n<p dir=\"ltr\" lang=\"de\">Wir suchen immer Quereinsteiger. <a href=\"https:\/\/t.co\/hvpDl0vdNp\">pic.twitter.com\/hvpDl0vdNp<\/a><\/p>\n<p>\u2014 Deutsche Bahn Personenverkehr (@DB_Bahn) <a href=\"https:\/\/twitter.com\/DB_Bahn\/status\/1552674577825800197?ref_src=twsrc%5Etfw\">July 28, 2022<\/a><\/p><\/blockquote>\n<p><script async src=\"https:\/\/platform.twitter.com\/widgets.js\" charset=\"utf-8\"><\/script><\/p>\n<p>&nbsp;<\/p>\n<p>\u2014<br \/>\nVielen Dank an alle f\u00fcr die Posts.<br \/>\n\u2014<br \/>\n<strong>Hey! Wir suchen neue Kolleg:innen! Du liebst die Internetkultur und verstehst, dass TikToks mehr als nur kurze, nervige Videos sind? Hast du bereits eine gesunde Social-Media-Sucht entwickelt? Du lebst online, wei\u00dft, was im Moment passiert ist und was morgen angesagt sein wird?\u00a0<\/strong><strong><a href=\"https:\/\/www.thebestsocialjobs.com\/de\/\">Dann werde Teil unseres Teams!<\/a><\/strong><\/p>\n<script async defer src=\"\/instagram-embed.js\"><\/script>","protected":false},"excerpt":{"rendered":"<p>&#8222;Lebt Wohl und danke, dass ich die Strecke mit euch teilen durfte. Ich habe jeden Meter davon geliebt.&#8220; &#8211; so beendet Rennfahrer Sebastian Vettel sein,&#8230;<\/p>\n","protected":false},"author":73,"featured_media":163875,"comment_status":"open","ping_status":"open","sticky":false,"template":"","format":"standard","meta":{"_acf_changed":false,"footnotes":""},"categories":[14],"tags":[5241,1901,752,2336,5242],"class_list":["post-163858","post","type-post","status-publish","format-standard","has-post-thumbnail","hentry","category-instagram","tag-formel-1","tag-karriere","tag-news","tag-sport","tag-vettel"],"acf":[],"yoast_head":"<!-- This site is optimized with the Yoast SEO plugin v27.5 - https:\/\/yoast.com\/product\/yoast-seo-wordpress\/ -->\n<title>Sebastian Vettel erstellt sich Instagram-Profil und k\u00fcndigt Karriereende an<\/title>\n<meta name=\"robots\" content=\"index, follow, max-snippet:-1, max-image-preview:large, max-video-preview:-1\" \/>\n<link rel=\"canonical\" href=\"https:\/\/www.thebestsocial.media\/de\/sebastian-vettel\/\" \/>\n<meta property=\"og:locale\" content=\"de_DE\" \/>\n<meta property=\"og:type\" content=\"article\" \/>\n<meta property=\"og:title\" content=\"Sebastian Vettel erstellt sich einen Instagram-Account, um das Ende seiner Karriere anzuk\u00fcndigen\" \/>\n<meta property=\"og:description\" content=\"&#8222;Lebt Wohl und danke, dass ich die Strecke mit euch teilen durfte. Ich habe jeden Meter davon geliebt.&#8220; &#8211; so beendet Rennfahrer Sebastian Vettel sein,...\" \/>\n<meta property=\"og:url\" content=\"https:\/\/www.thebestsocial.media\/de\/sebastian-vettel\/\" \/>\n<meta property=\"og:site_name\" content=\"The Best Social Media DE\" \/>\n<meta property=\"article:published_time\" content=\"2022-07-28T15:40:56+00:00\" \/>\n<meta property=\"article:modified_time\" content=\"2022-07-28T15:45:48+00:00\" \/>\n<meta property=\"og:image\" content=\"https:\/\/www.thebestsocial.media\/de\/wp-content\/uploads\/sites\/3\/2022\/07\/header-f1.png\" \/>\n\t<meta property=\"og:image:width\" content=\"1200\" \/>\n\t<meta property=\"og:image:height\" content=\"630\" \/>\n\t<meta property=\"og:image:type\" content=\"image\/png\" \/>\n<meta name=\"author\" content=\"Helene Mei\u00dfner\" \/>\n<meta name=\"twitter:card\" content=\"summary_large_image\" \/>\n<meta name=\"twitter:label1\" content=\"Verfasst von\" \/>\n\t<meta name=\"twitter:data1\" content=\"Helene Mei\u00dfner\" \/>\n\t<meta name=\"twitter:label2\" content=\"Gesch\u00e4tzte Lesezeit\" \/>\n\t<meta name=\"twitter:data2\" content=\"1\u00a0Minute\" \/>\n<script type=\"application\/ld+json\" class=\"yoast-schema-graph\">{\"@context\":\"https:\\\/\\\/schema.org\",\"@graph\":[{\"@type\":\"Article\",\"@id\":\"https:\\\/\\\/www.thebestsocial.media\\\/de\\\/sebastian-vettel\\\/#article\",\"isPartOf\":{\"@id\":\"https:\\\/\\\/www.thebestsocial.media\\\/de\\\/sebastian-vettel\\\/\"},\"author\":{\"name\":\"Helene Mei\u00dfner\",\"@id\":\"https:\\\/\\\/www.thebestsocial.media\\\/de\\\/#\\\/schema\\\/person\\\/6267acc046505b90b912687a039220df\"},\"headline\":\"Sebastian Vettel erstellt sich einen Instagram-Account, um das Ende seiner Karriere anzuk\u00fcndigen\",\"datePublished\":\"2022-07-28T15:40:56+00:00\",\"dateModified\":\"2022-07-28T15:45:48+00:00\",\"mainEntityOfPage\":{\"@id\":\"https:\\\/\\\/www.thebestsocial.media\\\/de\\\/sebastian-vettel\\\/\"},\"wordCount\":300,\"commentCount\":0,\"image\":{\"@id\":\"https:\\\/\\\/www.thebestsocial.media\\\/de\\\/sebastian-vettel\\\/#primaryimage\"},\"thumbnailUrl\":\"https:\\\/\\\/www.thebestsocial.media\\\/de\\\/wp-content\\\/uploads\\\/sites\\\/3\\\/2022\\\/07\\\/beitrag-f1.png\",\"keywords\":[\"formel 1\",\"Karriere\",\"News\",\"Sport\",\"vettel\"],\"articleSection\":[\"Instagram\"],\"inLanguage\":\"de\",\"potentialAction\":[{\"@type\":\"CommentAction\",\"name\":\"Comment\",\"target\":[\"https:\\\/\\\/www.thebestsocial.media\\\/de\\\/sebastian-vettel\\\/#respond\"]}]},{\"@type\":\"WebPage\",\"@id\":\"https:\\\/\\\/www.thebestsocial.media\\\/de\\\/sebastian-vettel\\\/\",\"url\":\"https:\\\/\\\/www.thebestsocial.media\\\/de\\\/sebastian-vettel\\\/\",\"name\":\"Sebastian Vettel erstellt sich Instagram-Profil und k\u00fcndigt Karriereende an\",\"isPartOf\":{\"@id\":\"https:\\\/\\\/www.thebestsocial.media\\\/de\\\/#website\"},\"primaryImageOfPage\":{\"@id\":\"https:\\\/\\\/www.thebestsocial.media\\\/de\\\/sebastian-vettel\\\/#primaryimage\"},\"image\":{\"@id\":\"https:\\\/\\\/www.thebestsocial.media\\\/de\\\/sebastian-vettel\\\/#primaryimage\"},\"thumbnailUrl\":\"https:\\\/\\\/www.thebestsocial.media\\\/de\\\/wp-content\\\/uploads\\\/sites\\\/3\\\/2022\\\/07\\\/beitrag-f1.png\",\"datePublished\":\"2022-07-28T15:40:56+00:00\",\"dateModified\":\"2022-07-28T15:45:48+00:00\",\"author\":{\"@id\":\"https:\\\/\\\/www.thebestsocial.media\\\/de\\\/#\\\/schema\\\/person\\\/6267acc046505b90b912687a039220df\"},\"breadcrumb\":{\"@id\":\"https:\\\/\\\/www.thebestsocial.media\\\/de\\\/sebastian-vettel\\\/#breadcrumb\"},\"inLanguage\":\"de\",\"potentialAction\":[{\"@type\":\"ReadAction\",\"target\":[\"https:\\\/\\\/www.thebestsocial.media\\\/de\\\/sebastian-vettel\\\/\"]}]},{\"@type\":\"ImageObject\",\"inLanguage\":\"de\",\"@id\":\"https:\\\/\\\/www.thebestsocial.media\\\/de\\\/sebastian-vettel\\\/#primaryimage\",\"url\":\"https:\\\/\\\/www.thebestsocial.media\\\/de\\\/wp-content\\\/uploads\\\/sites\\\/3\\\/2022\\\/07\\\/beitrag-f1.png\",\"contentUrl\":\"https:\\\/\\\/www.thebestsocial.media\\\/de\\\/wp-content\\\/uploads\\\/sites\\\/3\\\/2022\\\/07\\\/beitrag-f1.png\",\"width\":1200,\"height\":630},{\"@type\":\"BreadcrumbList\",\"@id\":\"https:\\\/\\\/www.thebestsocial.media\\\/de\\\/sebastian-vettel\\\/#breadcrumb\",\"itemListElement\":[{\"@type\":\"ListItem\",\"position\":1,\"name\":\"Home\",\"item\":\"https:\\\/\\\/www.thebestsocial.media\\\/de\\\/\"},{\"@type\":\"ListItem\",\"position\":2,\"name\":\"Sebastian Vettel erstellt sich einen Instagram-Account, um das Ende seiner Karriere anzuk\u00fcndigen\"}]},{\"@type\":\"WebSite\",\"@id\":\"https:\\\/\\\/www.thebestsocial.media\\\/de\\\/#website\",\"url\":\"https:\\\/\\\/www.thebestsocial.media\\\/de\\\/\",\"name\":\"The Best Social Media DE\",\"description\":\"\",\"potentialAction\":[{\"@type\":\"SearchAction\",\"target\":{\"@type\":\"EntryPoint\",\"urlTemplate\":\"https:\\\/\\\/www.thebestsocial.media\\\/de\\\/?s={search_term_string}\"},\"query-input\":{\"@type\":\"PropertyValueSpecification\",\"valueRequired\":true,\"valueName\":\"search_term_string\"}}],\"inLanguage\":\"de\"},{\"@type\":\"Person\",\"@id\":\"https:\\\/\\\/www.thebestsocial.media\\\/de\\\/#\\\/schema\\\/person\\\/6267acc046505b90b912687a039220df\",\"name\":\"Helene Mei\u00dfner\",\"image\":{\"@type\":\"ImageObject\",\"inLanguage\":\"de\",\"@id\":\"https:\\\/\\\/secure.gravatar.com\\\/avatar\\\/6639fc0397860ac2c2e11b018c1f14be4a46c2378a91ac1b35730b724675daa8?s=96&d=mm&r=g\",\"url\":\"https:\\\/\\\/secure.gravatar.com\\\/avatar\\\/6639fc0397860ac2c2e11b018c1f14be4a46c2378a91ac1b35730b724675daa8?s=96&d=mm&r=g\",\"contentUrl\":\"https:\\\/\\\/secure.gravatar.com\\\/avatar\\\/6639fc0397860ac2c2e11b018c1f14be4a46c2378a91ac1b35730b724675daa8?s=96&d=mm&r=g\",\"caption\":\"Helene Mei\u00dfner\"},\"description\":\"Kommt aus Berlin und hat dementsprechend nat\u00fcrlich irgendwas mit Medien studiert. Verlegt oft Dinge, w\u00e4hrend sie sie in der Hand h\u00e4lt. Findet Kauger\u00e4usche unausstehlich. Hat eine Schw\u00e4che f\u00fcr Glitzer und immer mindestens 50 Tabs offen.\",\"sameAs\":[\"https:\\\/\\\/www.instagram.com\\\/he.leni\\\/\"],\"url\":\"https:\\\/\\\/www.thebestsocial.media\\\/de\\\/author\\\/helenemeissner\\\/\"}]}<\/script>\n<!-- \/ Yoast SEO plugin. -->","yoast_head_json":{"title":"Sebastian Vettel erstellt sich Instagram-Profil und k\u00fcndigt Karriereende an","robots":{"index":"index","follow":"follow","max-snippet":"max-snippet:-1","max-image-preview":"max-image-preview:large","max-video-preview":"max-video-preview:-1"},"canonical":"https:\/\/www.thebestsocial.media\/de\/sebastian-vettel\/","og_locale":"de_DE","og_type":"article","og_title":"Sebastian Vettel erstellt sich einen Instagram-Account, um das Ende seiner Karriere anzuk\u00fcndigen","og_description":"&#8222;Lebt Wohl und danke, dass ich die Strecke mit euch teilen durfte. Ich habe jeden Meter davon geliebt.&#8220; &#8211; so beendet Rennfahrer Sebastian Vettel sein,...","og_url":"https:\/\/www.thebestsocial.media\/de\/sebastian-vettel\/","og_site_name":"The Best Social Media DE","article_published_time":"2022-07-28T15:40:56+00:00","article_modified_time":"2022-07-28T15:45:48+00:00","og_image":[{"width":1200,"height":630,"url":"https:\/\/www.thebestsocial.media\/de\/wp-content\/uploads\/sites\/3\/2022\/07\/header-f1.png","type":"image\/png"}],"author":"Helene Mei\u00dfner","twitter_card":"summary_large_image","twitter_misc":{"Verfasst von":"Helene Mei\u00dfner","Gesch\u00e4tzte Lesezeit":"1\u00a0Minute"},"schema":{"@context":"https:\/\/schema.org","@graph":[{"@type":"Article","@id":"https:\/\/www.thebestsocial.media\/de\/sebastian-vettel\/#article","isPartOf":{"@id":"https:\/\/www.thebestsocial.media\/de\/sebastian-vettel\/"},"author":{"name":"Helene Mei\u00dfner","@id":"https:\/\/www.thebestsocial.media\/de\/#\/schema\/person\/6267acc046505b90b912687a039220df"},"headline":"Sebastian Vettel erstellt sich einen Instagram-Account, um das Ende seiner Karriere anzuk\u00fcndigen","datePublished":"2022-07-28T15:40:56+00:00","dateModified":"2022-07-28T15:45:48+00:00","mainEntityOfPage":{"@id":"https:\/\/www.thebestsocial.media\/de\/sebastian-vettel\/"},"wordCount":300,"commentCount":0,"image":{"@id":"https:\/\/www.thebestsocial.media\/de\/sebastian-vettel\/#primaryimage"},"thumbnailUrl":"https:\/\/www.thebestsocial.media\/de\/wp-content\/uploads\/sites\/3\/2022\/07\/beitrag-f1.png","keywords":["formel 1","Karriere","News","Sport","vettel"],"articleSection":["Instagram"],"inLanguage":"de","potentialAction":[{"@type":"CommentAction","name":"Comment","target":["https:\/\/www.thebestsocial.media\/de\/sebastian-vettel\/#respond"]}]},{"@type":"WebPage","@id":"https:\/\/www.thebestsocial.media\/de\/sebastian-vettel\/","url":"https:\/\/www.thebestsocial.media\/de\/sebastian-vettel\/","name":"Sebastian Vettel erstellt sich Instagram-Profil und k\u00fcndigt Karriereende an","isPartOf":{"@id":"https:\/\/www.thebestsocial.media\/de\/#website"},"primaryImageOfPage":{"@id":"https:\/\/www.thebestsocial.media\/de\/sebastian-vettel\/#primaryimage"},"image":{"@id":"https:\/\/www.thebestsocial.media\/de\/sebastian-vettel\/#primaryimage"},"thumbnailUrl":"https:\/\/www.thebestsocial.media\/de\/wp-content\/uploads\/sites\/3\/2022\/07\/beitrag-f1.png","datePublished":"2022-07-28T15:40:56+00:00","dateModified":"2022-07-28T15:45:48+00:00","author":{"@id":"https:\/\/www.thebestsocial.media\/de\/#\/schema\/person\/6267acc046505b90b912687a039220df"},"breadcrumb":{"@id":"https:\/\/www.thebestsocial.media\/de\/sebastian-vettel\/#breadcrumb"},"inLanguage":"de","potentialAction":[{"@type":"ReadAction","target":["https:\/\/www.thebestsocial.media\/de\/sebastian-vettel\/"]}]},{"@type":"ImageObject","inLanguage":"de","@id":"https:\/\/www.thebestsocial.media\/de\/sebastian-vettel\/#primaryimage","url":"https:\/\/www.thebestsocial.media\/de\/wp-content\/uploads\/sites\/3\/2022\/07\/beitrag-f1.png","contentUrl":"https:\/\/www.thebestsocial.media\/de\/wp-content\/uploads\/sites\/3\/2022\/07\/beitrag-f1.png","width":1200,"height":630},{"@type":"BreadcrumbList","@id":"https:\/\/www.thebestsocial.media\/de\/sebastian-vettel\/#breadcrumb","itemListElement":[{"@type":"ListItem","position":1,"name":"Home","item":"https:\/\/www.thebestsocial.media\/de\/"},{"@type":"ListItem","position":2,"name":"Sebastian Vettel erstellt sich einen Instagram-Account, um das Ende seiner Karriere anzuk\u00fcndigen"}]},{"@type":"WebSite","@id":"https:\/\/www.thebestsocial.media\/de\/#website","url":"https:\/\/www.thebestsocial.media\/de\/","name":"The Best Social Media DE","description":"","potentialAction":[{"@type":"SearchAction","target":{"@type":"EntryPoint","urlTemplate":"https:\/\/www.thebestsocial.media\/de\/?s={search_term_string}"},"query-input":{"@type":"PropertyValueSpecification","valueRequired":true,"valueName":"search_term_string"}}],"inLanguage":"de"},{"@type":"Person","@id":"https:\/\/www.thebestsocial.media\/de\/#\/schema\/person\/6267acc046505b90b912687a039220df","name":"Helene Mei\u00dfner","image":{"@type":"ImageObject","inLanguage":"de","@id":"https:\/\/secure.gravatar.com\/avatar\/6639fc0397860ac2c2e11b018c1f14be4a46c2378a91ac1b35730b724675daa8?s=96&d=mm&r=g","url":"https:\/\/secure.gravatar.com\/avatar\/6639fc0397860ac2c2e11b018c1f14be4a46c2378a91ac1b35730b724675daa8?s=96&d=mm&r=g","contentUrl":"https:\/\/secure.gravatar.com\/avatar\/6639fc0397860ac2c2e11b018c1f14be4a46c2378a91ac1b35730b724675daa8?s=96&d=mm&r=g","caption":"Helene Mei\u00dfner"},"description":"Kommt aus Berlin und hat dementsprechend nat\u00fcrlich irgendwas mit Medien studiert. Verlegt oft Dinge, w\u00e4hrend sie sie in der Hand h\u00e4lt. Findet Kauger\u00e4usche unausstehlich. Hat eine Schw\u00e4che f\u00fcr Glitzer und immer mindestens 50 Tabs offen.","sameAs":["https:\/\/www.instagram.com\/he.leni\/"],"url":"https:\/\/www.thebestsocial.media\/de\/author\/helenemeissner\/"}]}},"amp_enabled":true,"_links":{"self":[{"href":"https:\/\/www.thebestsocial.media\/de\/wp-json\/wp\/v2\/posts\/163858","targetHints":{"allow":["GET"]}}],"collection":[{"href":"https:\/\/www.thebestsocial.media\/de\/wp-json\/wp\/v2\/posts"}],"about":[{"href":"https:\/\/www.thebestsocial.media\/de\/wp-json\/wp\/v2\/types\/post"}],"author":[{"embeddable":true,"href":"https:\/\/www.thebestsocial.media\/de\/wp-json\/wp\/v2\/users\/73"}],"replies":[{"embeddable":true,"href":"https:\/\/www.thebestsocial.media\/de\/wp-json\/wp\/v2\/comments?post=163858"}],"version-history":[{"count":14,"href":"https:\/\/www.thebestsocial.media\/de\/wp-json\/wp\/v2\/posts\/163858\/revisions"}],"predecessor-version":[{"id":163877,"href":"https:\/\/www.thebestsocial.media\/de\/wp-json\/wp\/v2\/posts\/163858\/revisions\/163877"}],"wp:featuredmedia":[{"embeddable":true,"href":"https:\/\/www.thebestsocial.media\/de\/wp-json\/wp\/v2\/media\/163875"}],"wp:attachment":[{"href":"https:\/\/www.thebestsocial.media\/de\/wp-json\/wp\/v2\/media?parent=163858"}],"wp:term":[{"taxonomy":"category","embeddable":true,"href":"https:\/\/www.thebestsocial.media\/de\/wp-json\/wp\/v2\/categories?post=163858"},{"taxonomy":"post_tag","embeddable":true,"href":"https:\/\/www.thebestsocial.media\/de\/wp-json\/wp\/v2\/tags?post=163858"}],"curies":[{"name":"wp","href":"https:\/\/api.w.org\/{rel}","templated":true}]}}