{"id":163838,"date":"2022-07-28T12:42:36","date_gmt":"2022-07-28T12:42:36","guid":{"rendered":"https:\/\/www.thebestsocial.media\/de\/?p=163838"},"modified":"2022-07-28T12:42:36","modified_gmt":"2022-07-28T12:42:36","slug":"jens-lehmann-sein-nachbar-und-die-kettensaege","status":"publish","type":"post","link":"https:\/\/www.thebestsocial.media\/de\/jens-lehmann-sein-nachbar-und-die-kettensaege\/","title":{"rendered":"Jens Lehmann, sein Nachbar und die Kettens\u00e4ge: Die besten Reaktionen auf die wilde Story"},"content":{"rendered":"<p>Jens Lehmann, ehemaliger Fu\u00dfballer und bereits mehrmals durch fragw\u00fcrdiges Verhalten und unsch\u00f6ne Kommentare aufgefallen, st\u00f6rte sich j\u00fcngst an der sich im Bau befindlichen Garage seines Nachbarn. Sie versperrte wohl seine Aussicht auf den See. Daher hat sie nun Bekanntschaft mit seiner Kettens\u00e4ge gemacht. Eine durch und durch absurde Story und f\u00fcr Twitter nat\u00fcrlich die perfekte Vorlage.<\/p>\n<p>&nbsp;<\/p>\n<h3>Also wie war das jetzt genau?<\/h3>\n<blockquote class=\"twitter-tweet\">\n<p dir=\"ltr\" lang=\"de\">Mit einer Kettens\u00e4ge soll Jens Lehmann die Garage seines Nachbarns zerst\u00f6rt haben. Zuvor zertrennte er wohl die Kabel der \u00dcberwachungskamera, um unerkannt zu bleiben. Kannste dir nicht ausdenken. \ud83d\ude33\ud83d\ude01<a href=\"https:\/\/twitter.com\/hashtag\/ranfussball?src=hash&amp;ref_src=twsrc%5Etfw\">#ranfussball<\/a> <a href=\"https:\/\/twitter.com\/hashtag\/Lehmann?src=hash&amp;ref_src=twsrc%5Etfw\">#Lehmann<\/a> <a href=\"https:\/\/twitter.com\/hashtag\/garage?src=hash&amp;ref_src=twsrc%5Etfw\">#garage<\/a> <a href=\"https:\/\/twitter.com\/hashtag\/kettens%C3%A4ge?src=hash&amp;ref_src=twsrc%5Etfw\">#kettens\u00e4ge<\/a> <a href=\"https:\/\/t.co\/64Jeio36L2\">pic.twitter.com\/64Jeio36L2<\/a><\/p>\n<p>\u2014 ran (@ransport) <a href=\"https:\/\/twitter.com\/ransport\/status\/1552410499962220544?ref_src=twsrc%5Etfw\">July 27, 2022<\/a><\/p><\/blockquote>\n<p><script async src=\"https:\/\/platform.twitter.com\/widgets.js\" charset=\"utf-8\"><\/script><\/p>\n<p>&nbsp;<\/p>\n<h3>Sehr sympathisch&#8230;<\/h3>\n<blockquote class=\"twitter-tweet\">\n<p dir=\"ltr\" lang=\"de\">Jens Lehmann ist so ein unangenehmer Zeitgenosse, dass ich neidisch auf den Typen bin, der ihm mit einer Garage die Sicht auf den Starnberger See versperren kann<\/p>\n<p>\u2014 Anwaltsgelaber (@anwaltsgelaber) <a href=\"https:\/\/twitter.com\/anwaltsgelaber\/status\/1552404665932955650?ref_src=twsrc%5Etfw\">July 27, 2022<\/a><\/p><\/blockquote>\n<p><script async src=\"https:\/\/platform.twitter.com\/widgets.js\" charset=\"utf-8\"><\/script><\/p>\n<p>&nbsp;<\/p>\n<h3>Aber nat\u00fcrlich eine ausgezeichnete Gag-Vorlage.<\/h3>\n<blockquote class=\"twitter-tweet\">\n<p dir=\"ltr\" lang=\"de\">Ein Mann mit Stihl! <a href=\"https:\/\/twitter.com\/hashtag\/JensLehmann?src=hash&amp;ref_src=twsrc%5Etfw\">#JensLehmann<\/a><\/p>\n<p>\u2014 Frank Buschmann (@FrankBuschmann) <a href=\"https:\/\/twitter.com\/FrankBuschmann\/status\/1552383326643798017?ref_src=twsrc%5Etfw\">July 27, 2022<\/a><\/p><\/blockquote>\n<p><script async src=\"https:\/\/platform.twitter.com\/widgets.js\" charset=\"utf-8\"><\/script><\/p>\n<p>&nbsp;<\/p>\n<p>&nbsp;<\/p>\n<h3>Selbstabholung auf eigene Gefahr.<\/h3>\n<blockquote class=\"twitter-tweet\">\n<p dir=\"ltr\" lang=\"de\">Jens L. aus Starnberg hat eben gerade Folgendes inseriert. <a href=\"https:\/\/t.co\/zPofQhraus\">pic.twitter.com\/zPofQhraus<\/a><\/p>\n<p>\u2014 eBay Kleinanzeigen (@eBay_KA) <a href=\"https:\/\/twitter.com\/eBay_KA\/status\/1552579873134321676?ref_src=twsrc%5Etfw\">July 28, 2022<\/a><\/p><\/blockquote>\n<p><script async src=\"https:\/\/platform.twitter.com\/widgets.js\" charset=\"utf-8\"><\/script><\/p>\n<p>&nbsp;<\/p>\n<h3>Gute Frage!<\/h3>\n<blockquote class=\"twitter-tweet\">\n<p dir=\"ltr\" lang=\"de\">wei\u00df nicht wer den gr\u00f6\u00dferen dachschaden hat jens lehmann oder sein nachbar<\/p>\n<p>\u2014 Rheuma Kai (@kai_rheuma) <a href=\"https:\/\/twitter.com\/kai_rheuma\/status\/1552355213595516931?ref_src=twsrc%5Etfw\">July 27, 2022<\/a><\/p><\/blockquote>\n<p><script async src=\"https:\/\/platform.twitter.com\/widgets.js\" charset=\"utf-8\"><\/script><\/p>\n<p>&nbsp;<\/p>\n<h3>Vielleicht wollte er auch helfen?<\/h3>\n<blockquote class=\"twitter-tweet\">\n<p dir=\"ltr\" lang=\"de\">Wartet doch erstmal ab Leute <a href=\"https:\/\/twitter.com\/hashtag\/Lehmann?src=hash&amp;ref_src=twsrc%5Etfw\">#Lehmann<\/a> <a href=\"https:\/\/t.co\/i5PzwE5PIG\">pic.twitter.com\/i5PzwE5PIG<\/a><\/p>\n<p>\u2014 K\u00d6PPI (@koeppenjan) <a href=\"https:\/\/twitter.com\/koeppenjan\/status\/1552596501033000960?ref_src=twsrc%5Etfw\">July 28, 2022<\/a><\/p><\/blockquote>\n<p><script async src=\"https:\/\/platform.twitter.com\/widgets.js\" charset=\"utf-8\"><\/script><\/p>\n<p>&nbsp;<\/p>\n<h3>Fragen \u00fcber Fragen!<\/h3>\n<blockquote class=\"twitter-tweet\">\n<p dir=\"ltr\" lang=\"de\">Bleibt nat\u00fcrlich die Frage, ob Jens Lehmann jetzt als TV-Experte abges\u00e4gt wird.<a href=\"https:\/\/twitter.com\/hashtag\/Lehmann?src=hash&amp;ref_src=twsrc%5Etfw\">#Lehmann<\/a><\/p>\n<p>\u2014 Thomas Poppe (@DerPoppe) <a href=\"https:\/\/twitter.com\/DerPoppe\/status\/1552385231663108099?ref_src=twsrc%5Etfw\">July 27, 2022<\/a><\/p><\/blockquote>\n<p><script async src=\"https:\/\/platform.twitter.com\/widgets.js\" charset=\"utf-8\"><\/script><\/p>\n<p>&nbsp;<\/p>\n<h3>Zweifel aber nicht.<\/h3>\n<blockquote class=\"twitter-tweet\">\n<p dir=\"ltr\" lang=\"de\">Niemand der die <a href=\"https:\/\/twitter.com\/hashtag\/Lehmann?src=hash&amp;ref_src=twsrc%5Etfw\">#Lehmann<\/a> Story geh\u00f6rt hat, hat auch nur f\u00fcr eine Sekunde daran gezweifelt, dass sie wahr ist.<\/p>\n<p>\u2014 Etienne Gard\u00e9 (@EtienneToGo) <a href=\"https:\/\/twitter.com\/EtienneToGo\/status\/1552404912386056193?ref_src=twsrc%5Etfw\">July 27, 2022<\/a><\/p><\/blockquote>\n<p><script async src=\"https:\/\/platform.twitter.com\/widgets.js\" charset=\"utf-8\"><\/script><\/p>\n<p>&nbsp;<\/p>\n<h3>So ein Videobeweis w\u00e4re trotzdem unterhaltsam.<\/h3>\n<blockquote class=\"twitter-tweet\">\n<p dir=\"ltr\" lang=\"de\">Wer w\u00fcrde das Video noch so gerne sehen wie ich? <a href=\"https:\/\/t.co\/s7jpPc1xLw\">https:\/\/t.co\/s7jpPc1xLw<\/a><\/p>\n<p>\u2014 Toni Kroos (@ToniKroos) <a href=\"https:\/\/twitter.com\/ToniKroos\/status\/1552364752579354624?ref_src=twsrc%5Etfw\">July 27, 2022<\/a><\/p><\/blockquote>\n<p><script async src=\"https:\/\/platform.twitter.com\/widgets.js\" charset=\"utf-8\"><\/script><\/p>\n<div class=\"section-content\">\n<div id=\"the-content\">\n<p>\u2014<br \/>\nVielen Dank an alle f\u00fcr die Posts.<br \/>\n\u2014<br \/>\n<strong>Hey! Wir suchen neue Kolleg:innen! Du liebst die Internetkultur und verstehst, dass TikToks mehr als nur kurze, nervige Videos sind? Hast du bereits eine gesunde Social-Media-Sucht entwickelt? Du lebst online, wei\u00dft, was im Moment passiert ist und was morgen angesagt sein wird?\u00a0<\/strong><strong><a href=\"https:\/\/www.thebestsocialjobs.com\/de\/\">Dann werde Teil unseres Teams!<\/a><\/strong><\/p>\n<\/div>\n<footer><\/footer>\n<\/div>\n<div class=\"ob-smartfeed-wrapper feedIdx-1\">\n<div id=\"outbrain_widget_1\" class=\"OUTBRAIN\" data-src=\"https:\/\/www.thebestsocial.media\/de\/dramatische-dreamdates-16-tweets-zum-bachelorette-halbfinale\/\" data-widget-id=\"GS_1\" data-ob-mark=\"true\" data-browser=\"chrome\" data-os=\"macintel\" data-dynload=\"\" data-idx=\"1\">\n<div class=\"ob-widget ob-feed-layout GS_1\">\n<div class=\"ob-widget-header\"><\/div>\n<\/div>\n<\/div>\n<\/div>\n","protected":false},"excerpt":{"rendered":"<p>Jens Lehmann, ehemaliger Fu\u00dfballer und bereits mehrmals durch fragw\u00fcrdiges Verhalten und unsch\u00f6ne Kommentare aufgefallen, st\u00f6rte sich j\u00fcngst an der sich im Bau befindlichen Garage seines&#8230;<\/p>\n","protected":false},"author":73,"featured_media":163857,"comment_status":"open","ping_status":"open","sticky":false,"template":"","format":"standard","meta":{"_acf_changed":false,"footnotes":""},"categories":[460,35,2404],"tags":[4617,2486,752],"class_list":["post-163838","post","type-post","status-publish","format-standard","has-post-thumbnail","hentry","category-fail","category-twitter","category-wtf","tag-jens-lehmann","tag-nachbarschaft","tag-news"],"acf":[],"yoast_head":"<!-- This site is optimized with the Yoast SEO plugin v27.5 - https:\/\/yoast.com\/product\/yoast-seo-wordpress\/ -->\n<title>Jens Lehmann, sein Nachbar &amp; die Kettens\u00e4ge: Reaktionen auf die Story<\/title>\n<meta name=\"robots\" content=\"index, follow, max-snippet:-1, max-image-preview:large, max-video-preview:-1\" \/>\n<link rel=\"canonical\" href=\"https:\/\/www.thebestsocial.media\/de\/jens-lehmann-sein-nachbar-und-die-kettensaege\/\" \/>\n<meta property=\"og:locale\" content=\"de_DE\" \/>\n<meta property=\"og:type\" content=\"article\" \/>\n<meta property=\"og:title\" content=\"Jens Lehmann, sein Nachbar und die Kettens\u00e4ge: Die besten Reaktionen auf die wilde Story\" \/>\n<meta property=\"og:description\" content=\"Jens Lehmann, ehemaliger Fu\u00dfballer und bereits mehrmals durch fragw\u00fcrdiges Verhalten und unsch\u00f6ne Kommentare aufgefallen, st\u00f6rte sich j\u00fcngst an der sich im Bau befindlichen Garage seines...\" \/>\n<meta property=\"og:url\" content=\"https:\/\/www.thebestsocial.media\/de\/jens-lehmann-sein-nachbar-und-die-kettensaege\/\" \/>\n<meta property=\"og:site_name\" content=\"The Best Social Media DE\" \/>\n<meta property=\"article:published_time\" content=\"2022-07-28T12:42:36+00:00\" \/>\n<meta property=\"og:image\" content=\"https:\/\/www.thebestsocial.media\/de\/wp-content\/uploads\/sites\/3\/2022\/07\/header-jl.png\" \/>\n\t<meta property=\"og:image:width\" content=\"1200\" \/>\n\t<meta property=\"og:image:height\" content=\"630\" \/>\n\t<meta property=\"og:image:type\" content=\"image\/png\" \/>\n<meta name=\"author\" content=\"Helene Mei\u00dfner\" \/>\n<meta name=\"twitter:card\" content=\"summary_large_image\" \/>\n<meta name=\"twitter:label1\" content=\"Verfasst von\" \/>\n\t<meta name=\"twitter:data1\" content=\"Helene Mei\u00dfner\" \/>\n\t<meta name=\"twitter:label2\" content=\"Gesch\u00e4tzte Lesezeit\" \/>\n\t<meta name=\"twitter:data2\" content=\"2\u00a0Minuten\" \/>\n<script type=\"application\/ld+json\" class=\"yoast-schema-graph\">{\"@context\":\"https:\\\/\\\/schema.org\",\"@graph\":[{\"@type\":\"Article\",\"@id\":\"https:\\\/\\\/www.thebestsocial.media\\\/de\\\/jens-lehmann-sein-nachbar-und-die-kettensaege\\\/#article\",\"isPartOf\":{\"@id\":\"https:\\\/\\\/www.thebestsocial.media\\\/de\\\/jens-lehmann-sein-nachbar-und-die-kettensaege\\\/\"},\"author\":{\"name\":\"Helene Mei\u00dfner\",\"@id\":\"https:\\\/\\\/www.thebestsocial.media\\\/de\\\/#\\\/schema\\\/person\\\/6267acc046505b90b912687a039220df\"},\"headline\":\"Jens Lehmann, sein Nachbar und die Kettens\u00e4ge: Die besten Reaktionen auf die wilde Story\",\"datePublished\":\"2022-07-28T12:42:36+00:00\",\"mainEntityOfPage\":{\"@id\":\"https:\\\/\\\/www.thebestsocial.media\\\/de\\\/jens-lehmann-sein-nachbar-und-die-kettensaege\\\/\"},\"wordCount\":383,\"commentCount\":0,\"image\":{\"@id\":\"https:\\\/\\\/www.thebestsocial.media\\\/de\\\/jens-lehmann-sein-nachbar-und-die-kettensaege\\\/#primaryimage\"},\"thumbnailUrl\":\"https:\\\/\\\/www.thebestsocial.media\\\/de\\\/wp-content\\\/uploads\\\/sites\\\/3\\\/2022\\\/07\\\/pexels-anna-shvets-4315565-scaled.jpg\",\"keywords\":[\"Jens Lehmann\",\"Nachbarschaft\",\"News\"],\"articleSection\":[\"Fail\",\"Twitter\",\"WTF\"],\"inLanguage\":\"de\",\"potentialAction\":[{\"@type\":\"CommentAction\",\"name\":\"Comment\",\"target\":[\"https:\\\/\\\/www.thebestsocial.media\\\/de\\\/jens-lehmann-sein-nachbar-und-die-kettensaege\\\/#respond\"]}]},{\"@type\":\"WebPage\",\"@id\":\"https:\\\/\\\/www.thebestsocial.media\\\/de\\\/jens-lehmann-sein-nachbar-und-die-kettensaege\\\/\",\"url\":\"https:\\\/\\\/www.thebestsocial.media\\\/de\\\/jens-lehmann-sein-nachbar-und-die-kettensaege\\\/\",\"name\":\"Jens Lehmann, sein Nachbar & die Kettens\u00e4ge: Reaktionen auf die Story\",\"isPartOf\":{\"@id\":\"https:\\\/\\\/www.thebestsocial.media\\\/de\\\/#website\"},\"primaryImageOfPage\":{\"@id\":\"https:\\\/\\\/www.thebestsocial.media\\\/de\\\/jens-lehmann-sein-nachbar-und-die-kettensaege\\\/#primaryimage\"},\"image\":{\"@id\":\"https:\\\/\\\/www.thebestsocial.media\\\/de\\\/jens-lehmann-sein-nachbar-und-die-kettensaege\\\/#primaryimage\"},\"thumbnailUrl\":\"https:\\\/\\\/www.thebestsocial.media\\\/de\\\/wp-content\\\/uploads\\\/sites\\\/3\\\/2022\\\/07\\\/pexels-anna-shvets-4315565-scaled.jpg\",\"datePublished\":\"2022-07-28T12:42:36+00:00\",\"author\":{\"@id\":\"https:\\\/\\\/www.thebestsocial.media\\\/de\\\/#\\\/schema\\\/person\\\/6267acc046505b90b912687a039220df\"},\"breadcrumb\":{\"@id\":\"https:\\\/\\\/www.thebestsocial.media\\\/de\\\/jens-lehmann-sein-nachbar-und-die-kettensaege\\\/#breadcrumb\"},\"inLanguage\":\"de\",\"potentialAction\":[{\"@type\":\"ReadAction\",\"target\":[\"https:\\\/\\\/www.thebestsocial.media\\\/de\\\/jens-lehmann-sein-nachbar-und-die-kettensaege\\\/\"]}]},{\"@type\":\"ImageObject\",\"inLanguage\":\"de\",\"@id\":\"https:\\\/\\\/www.thebestsocial.media\\\/de\\\/jens-lehmann-sein-nachbar-und-die-kettensaege\\\/#primaryimage\",\"url\":\"https:\\\/\\\/www.thebestsocial.media\\\/de\\\/wp-content\\\/uploads\\\/sites\\\/3\\\/2022\\\/07\\\/pexels-anna-shvets-4315565-scaled.jpg\",\"contentUrl\":\"https:\\\/\\\/www.thebestsocial.media\\\/de\\\/wp-content\\\/uploads\\\/sites\\\/3\\\/2022\\\/07\\\/pexels-anna-shvets-4315565-scaled.jpg\",\"width\":2560,\"height\":1707},{\"@type\":\"BreadcrumbList\",\"@id\":\"https:\\\/\\\/www.thebestsocial.media\\\/de\\\/jens-lehmann-sein-nachbar-und-die-kettensaege\\\/#breadcrumb\",\"itemListElement\":[{\"@type\":\"ListItem\",\"position\":1,\"name\":\"Home\",\"item\":\"https:\\\/\\\/www.thebestsocial.media\\\/de\\\/\"},{\"@type\":\"ListItem\",\"position\":2,\"name\":\"Jens Lehmann, sein Nachbar und die Kettens\u00e4ge: Die besten Reaktionen auf die wilde Story\"}]},{\"@type\":\"WebSite\",\"@id\":\"https:\\\/\\\/www.thebestsocial.media\\\/de\\\/#website\",\"url\":\"https:\\\/\\\/www.thebestsocial.media\\\/de\\\/\",\"name\":\"The Best Social Media DE\",\"description\":\"\",\"potentialAction\":[{\"@type\":\"SearchAction\",\"target\":{\"@type\":\"EntryPoint\",\"urlTemplate\":\"https:\\\/\\\/www.thebestsocial.media\\\/de\\\/?s={search_term_string}\"},\"query-input\":{\"@type\":\"PropertyValueSpecification\",\"valueRequired\":true,\"valueName\":\"search_term_string\"}}],\"inLanguage\":\"de\"},{\"@type\":\"Person\",\"@id\":\"https:\\\/\\\/www.thebestsocial.media\\\/de\\\/#\\\/schema\\\/person\\\/6267acc046505b90b912687a039220df\",\"name\":\"Helene Mei\u00dfner\",\"image\":{\"@type\":\"ImageObject\",\"inLanguage\":\"de\",\"@id\":\"https:\\\/\\\/secure.gravatar.com\\\/avatar\\\/6639fc0397860ac2c2e11b018c1f14be4a46c2378a91ac1b35730b724675daa8?s=96&d=mm&r=g\",\"url\":\"https:\\\/\\\/secure.gravatar.com\\\/avatar\\\/6639fc0397860ac2c2e11b018c1f14be4a46c2378a91ac1b35730b724675daa8?s=96&d=mm&r=g\",\"contentUrl\":\"https:\\\/\\\/secure.gravatar.com\\\/avatar\\\/6639fc0397860ac2c2e11b018c1f14be4a46c2378a91ac1b35730b724675daa8?s=96&d=mm&r=g\",\"caption\":\"Helene Mei\u00dfner\"},\"description\":\"Kommt aus Berlin und hat dementsprechend nat\u00fcrlich irgendwas mit Medien studiert. Verlegt oft Dinge, w\u00e4hrend sie sie in der Hand h\u00e4lt. Findet Kauger\u00e4usche unausstehlich. Hat eine Schw\u00e4che f\u00fcr Glitzer und immer mindestens 50 Tabs offen.\",\"sameAs\":[\"https:\\\/\\\/www.instagram.com\\\/he.leni\\\/\"],\"url\":\"https:\\\/\\\/www.thebestsocial.media\\\/de\\\/author\\\/helenemeissner\\\/\"}]}<\/script>\n<!-- \/ Yoast SEO plugin. -->","yoast_head_json":{"title":"Jens Lehmann, sein Nachbar & die Kettens\u00e4ge: Reaktionen auf die Story","robots":{"index":"index","follow":"follow","max-snippet":"max-snippet:-1","max-image-preview":"max-image-preview:large","max-video-preview":"max-video-preview:-1"},"canonical":"https:\/\/www.thebestsocial.media\/de\/jens-lehmann-sein-nachbar-und-die-kettensaege\/","og_locale":"de_DE","og_type":"article","og_title":"Jens Lehmann, sein Nachbar und die Kettens\u00e4ge: Die besten Reaktionen auf die wilde Story","og_description":"Jens Lehmann, ehemaliger Fu\u00dfballer und bereits mehrmals durch fragw\u00fcrdiges Verhalten und unsch\u00f6ne Kommentare aufgefallen, st\u00f6rte sich j\u00fcngst an der sich im Bau befindlichen Garage seines...","og_url":"https:\/\/www.thebestsocial.media\/de\/jens-lehmann-sein-nachbar-und-die-kettensaege\/","og_site_name":"The Best Social Media DE","article_published_time":"2022-07-28T12:42:36+00:00","og_image":[{"width":1200,"height":630,"url":"https:\/\/www.thebestsocial.media\/de\/wp-content\/uploads\/sites\/3\/2022\/07\/header-jl.png","type":"image\/png"}],"author":"Helene Mei\u00dfner","twitter_card":"summary_large_image","twitter_misc":{"Verfasst von":"Helene Mei\u00dfner","Gesch\u00e4tzte Lesezeit":"2\u00a0Minuten"},"schema":{"@context":"https:\/\/schema.org","@graph":[{"@type":"Article","@id":"https:\/\/www.thebestsocial.media\/de\/jens-lehmann-sein-nachbar-und-die-kettensaege\/#article","isPartOf":{"@id":"https:\/\/www.thebestsocial.media\/de\/jens-lehmann-sein-nachbar-und-die-kettensaege\/"},"author":{"name":"Helene Mei\u00dfner","@id":"https:\/\/www.thebestsocial.media\/de\/#\/schema\/person\/6267acc046505b90b912687a039220df"},"headline":"Jens Lehmann, sein Nachbar und die Kettens\u00e4ge: Die besten Reaktionen auf die wilde Story","datePublished":"2022-07-28T12:42:36+00:00","mainEntityOfPage":{"@id":"https:\/\/www.thebestsocial.media\/de\/jens-lehmann-sein-nachbar-und-die-kettensaege\/"},"wordCount":383,"commentCount":0,"image":{"@id":"https:\/\/www.thebestsocial.media\/de\/jens-lehmann-sein-nachbar-und-die-kettensaege\/#primaryimage"},"thumbnailUrl":"https:\/\/www.thebestsocial.media\/de\/wp-content\/uploads\/sites\/3\/2022\/07\/pexels-anna-shvets-4315565-scaled.jpg","keywords":["Jens Lehmann","Nachbarschaft","News"],"articleSection":["Fail","Twitter","WTF"],"inLanguage":"de","potentialAction":[{"@type":"CommentAction","name":"Comment","target":["https:\/\/www.thebestsocial.media\/de\/jens-lehmann-sein-nachbar-und-die-kettensaege\/#respond"]}]},{"@type":"WebPage","@id":"https:\/\/www.thebestsocial.media\/de\/jens-lehmann-sein-nachbar-und-die-kettensaege\/","url":"https:\/\/www.thebestsocial.media\/de\/jens-lehmann-sein-nachbar-und-die-kettensaege\/","name":"Jens Lehmann, sein Nachbar & die Kettens\u00e4ge: Reaktionen auf die Story","isPartOf":{"@id":"https:\/\/www.thebestsocial.media\/de\/#website"},"primaryImageOfPage":{"@id":"https:\/\/www.thebestsocial.media\/de\/jens-lehmann-sein-nachbar-und-die-kettensaege\/#primaryimage"},"image":{"@id":"https:\/\/www.thebestsocial.media\/de\/jens-lehmann-sein-nachbar-und-die-kettensaege\/#primaryimage"},"thumbnailUrl":"https:\/\/www.thebestsocial.media\/de\/wp-content\/uploads\/sites\/3\/2022\/07\/pexels-anna-shvets-4315565-scaled.jpg","datePublished":"2022-07-28T12:42:36+00:00","author":{"@id":"https:\/\/www.thebestsocial.media\/de\/#\/schema\/person\/6267acc046505b90b912687a039220df"},"breadcrumb":{"@id":"https:\/\/www.thebestsocial.media\/de\/jens-lehmann-sein-nachbar-und-die-kettensaege\/#breadcrumb"},"inLanguage":"de","potentialAction":[{"@type":"ReadAction","target":["https:\/\/www.thebestsocial.media\/de\/jens-lehmann-sein-nachbar-und-die-kettensaege\/"]}]},{"@type":"ImageObject","inLanguage":"de","@id":"https:\/\/www.thebestsocial.media\/de\/jens-lehmann-sein-nachbar-und-die-kettensaege\/#primaryimage","url":"https:\/\/www.thebestsocial.media\/de\/wp-content\/uploads\/sites\/3\/2022\/07\/pexels-anna-shvets-4315565-scaled.jpg","contentUrl":"https:\/\/www.thebestsocial.media\/de\/wp-content\/uploads\/sites\/3\/2022\/07\/pexels-anna-shvets-4315565-scaled.jpg","width":2560,"height":1707},{"@type":"BreadcrumbList","@id":"https:\/\/www.thebestsocial.media\/de\/jens-lehmann-sein-nachbar-und-die-kettensaege\/#breadcrumb","itemListElement":[{"@type":"ListItem","position":1,"name":"Home","item":"https:\/\/www.thebestsocial.media\/de\/"},{"@type":"ListItem","position":2,"name":"Jens Lehmann, sein Nachbar und die Kettens\u00e4ge: Die besten Reaktionen auf die wilde Story"}]},{"@type":"WebSite","@id":"https:\/\/www.thebestsocial.media\/de\/#website","url":"https:\/\/www.thebestsocial.media\/de\/","name":"The Best Social Media DE","description":"","potentialAction":[{"@type":"SearchAction","target":{"@type":"EntryPoint","urlTemplate":"https:\/\/www.thebestsocial.media\/de\/?s={search_term_string}"},"query-input":{"@type":"PropertyValueSpecification","valueRequired":true,"valueName":"search_term_string"}}],"inLanguage":"de"},{"@type":"Person","@id":"https:\/\/www.thebestsocial.media\/de\/#\/schema\/person\/6267acc046505b90b912687a039220df","name":"Helene Mei\u00dfner","image":{"@type":"ImageObject","inLanguage":"de","@id":"https:\/\/secure.gravatar.com\/avatar\/6639fc0397860ac2c2e11b018c1f14be4a46c2378a91ac1b35730b724675daa8?s=96&d=mm&r=g","url":"https:\/\/secure.gravatar.com\/avatar\/6639fc0397860ac2c2e11b018c1f14be4a46c2378a91ac1b35730b724675daa8?s=96&d=mm&r=g","contentUrl":"https:\/\/secure.gravatar.com\/avatar\/6639fc0397860ac2c2e11b018c1f14be4a46c2378a91ac1b35730b724675daa8?s=96&d=mm&r=g","caption":"Helene Mei\u00dfner"},"description":"Kommt aus Berlin und hat dementsprechend nat\u00fcrlich irgendwas mit Medien studiert. Verlegt oft Dinge, w\u00e4hrend sie sie in der Hand h\u00e4lt. Findet Kauger\u00e4usche unausstehlich. Hat eine Schw\u00e4che f\u00fcr Glitzer und immer mindestens 50 Tabs offen.","sameAs":["https:\/\/www.instagram.com\/he.leni\/"],"url":"https:\/\/www.thebestsocial.media\/de\/author\/helenemeissner\/"}]}},"amp_enabled":true,"_links":{"self":[{"href":"https:\/\/www.thebestsocial.media\/de\/wp-json\/wp\/v2\/posts\/163838","targetHints":{"allow":["GET"]}}],"collection":[{"href":"https:\/\/www.thebestsocial.media\/de\/wp-json\/wp\/v2\/posts"}],"about":[{"href":"https:\/\/www.thebestsocial.media\/de\/wp-json\/wp\/v2\/types\/post"}],"author":[{"embeddable":true,"href":"https:\/\/www.thebestsocial.media\/de\/wp-json\/wp\/v2\/users\/73"}],"replies":[{"embeddable":true,"href":"https:\/\/www.thebestsocial.media\/de\/wp-json\/wp\/v2\/comments?post=163838"}],"version-history":[{"count":16,"href":"https:\/\/www.thebestsocial.media\/de\/wp-json\/wp\/v2\/posts\/163838\/revisions"}],"predecessor-version":[{"id":163854,"href":"https:\/\/www.thebestsocial.media\/de\/wp-json\/wp\/v2\/posts\/163838\/revisions\/163854"}],"wp:featuredmedia":[{"embeddable":true,"href":"https:\/\/www.thebestsocial.media\/de\/wp-json\/wp\/v2\/media\/163857"}],"wp:attachment":[{"href":"https:\/\/www.thebestsocial.media\/de\/wp-json\/wp\/v2\/media?parent=163838"}],"wp:term":[{"taxonomy":"category","embeddable":true,"href":"https:\/\/www.thebestsocial.media\/de\/wp-json\/wp\/v2\/categories?post=163838"},{"taxonomy":"post_tag","embeddable":true,"href":"https:\/\/www.thebestsocial.media\/de\/wp-json\/wp\/v2\/tags?post=163838"}],"curies":[{"name":"wp","href":"https:\/\/api.w.org\/{rel}","templated":true}]}}