{"id":162927,"date":"2022-07-01T14:00:04","date_gmt":"2022-07-01T14:00:04","guid":{"rendered":"https:\/\/www.thebestsocial.media\/de\/?p=162927"},"modified":"2022-07-01T14:00:04","modified_gmt":"2022-07-01T14:00:04","slug":"zu-jung-zu-alt-und-was-ist-dazwischen-13-posts-ueber-das-alters-dilemma","status":"publish","type":"post","link":"https:\/\/www.thebestsocial.media\/de\/zu-jung-zu-alt-und-was-ist-dazwischen-13-posts-ueber-das-alters-dilemma\/","title":{"rendered":"Zu jung, zu alt und was ist dazwischen? 13 Posts \u00fcber das Alters-Dilemma"},"content":{"rendered":"<p>Schade, dass die Zeit zwischen &#8222;zu jung&#8220; und &#8222;zu alt&#8220; so kurz ist. Dieses Zitat von Charles de Montesquieu k\u00f6nnte nicht passender sein. F\u00fcr bestimmte Dinge f\u00fchlen wir uns bereits zu alt, f\u00fcr andere viel zu jung. Wer legt denn diese Spanne \u00fcberhaupt fest? Im Grunde genommen ist Alter ja auch nur eine Zahl, oder? Aber jetzt genug von dem Deep Talk, hier sind 13 am\u00fcsante Posts \u00fcber das Zu-jung-zu-alt-Dilemma und das Ph\u00e4nomen des Alt-f\u00fchlens (obwohl wir es nat\u00fcrlich nicht sind). <\/p>\n<p>&nbsp;<\/p>\n<h3><strong>1. Macht Sinn. <\/strong><\/h3>\n<blockquote class=\"twitter-tweet\">\n<p lang=\"de\" dir=\"ltr\">Email aus der Schule f\u00fcr die 12J\u00e4hrige: &quot;Wir treffen uns heute 11 Uhr im Zoom-Chat!&quot;<\/p>\n<p>Zoom bei der Installation: &quot;Gib dein Alter ein!<br \/>&#8230;<br \/>Sorry, zu jung.&quot;<\/p>\n<p>&mdash; Gebbi Gibson (@GebbiGibson) <a href=\"https:\/\/twitter.com\/GebbiGibson\/status\/1252125963367985153?ref_src=twsrc%5Etfw\">April 20, 2020<\/a><\/p><\/blockquote>\n<p> <script async src=\"https:\/\/platform.twitter.com\/widgets.js\" charset=\"utf-8\"><\/script><\/p>\n<p>&nbsp;<\/p>\n<h3><strong>2. Gute Strategie. <\/strong><\/h3>\n<blockquote class=\"twitter-tweet\">\n<p lang=\"de\" dir=\"ltr\">Wenn du dir unsicher bist, ob dein Gegen\u00fcber das richtige Alter hat um mit ihm zu schlafen: <br \/>wenn du den Begriff &quot;Bruttosozialprodukt&quot; in den Raum wirfst und er <br \/>&#8211; nicht beginnt zu summen -&gt; zu jung<br \/>&#8211; er dir die Entwicklung der letzten Jahre detailliert darlegt -&gt; zu alt<\/p>\n<p>&mdash; Kakaofr\u00e4ulein (@FrolleinKakao) <a href=\"https:\/\/twitter.com\/FrolleinKakao\/status\/1125690100074078208?ref_src=twsrc%5Etfw\">May 7, 2019<\/a><\/p><\/blockquote>\n<p> <script async src=\"https:\/\/platform.twitter.com\/widgets.js\" charset=\"utf-8\"><\/script><\/p>\n<p>&nbsp;<\/p>\n<h3><strong>3. Love it!! <\/strong><\/h3>\n<blockquote class=\"twitter-tweet\">\n<p lang=\"de\" dir=\"ltr\">wir waren alle zu jung um das T-shirt zu verstehen <a href=\"https:\/\/t.co\/aCkjO70pv3\">pic.twitter.com\/aCkjO70pv3<\/a><\/p>\n<p>&mdash; Marius \ud83d\udc22 (@drecksuser) <a href=\"https:\/\/twitter.com\/drecksuser\/status\/1287695258080468992?ref_src=twsrc%5Etfw\">July 27, 2020<\/a><\/p><\/blockquote>\n<p> <script async src=\"https:\/\/platform.twitter.com\/widgets.js\" charset=\"utf-8\"><\/script><\/p>\n<p>&nbsp;<\/p>\n<h3><strong>4. Vielleicht die Brigitte? <\/strong><\/h3>\n<blockquote class=\"twitter-tweet\">\n<p lang=\"de\" dir=\"ltr\">Zu alt f\u00fcr den Playboy, zu jung f\u00fcr die Apotheken Umschau.<\/p>\n<p>&mdash; Frau van de Couch (@Couchionista_) <a href=\"https:\/\/twitter.com\/Couchionista_\/status\/1335124573134721026?ref_src=twsrc%5Etfw\">December 5, 2020<\/a><\/p><\/blockquote>\n<p> <script async src=\"https:\/\/platform.twitter.com\/widgets.js\" charset=\"utf-8\"><\/script><\/p>\n<p>&nbsp;<\/p>\n<h3><strong>5. Wer will noch die innere Shakira rauslassen und wei\u00df nicht, was mittlerweile los ist? <\/strong><\/h3>\n<p><video src=\"https:\/\/www.thebestsocial.media\/de\/wp-content\/uploads\/tiktok\/7110520639164828934.mp4\" controls width=\"623\" height=\"1108\" style=\"border:0; height:90vh; width:50.625000vh;\"><\/video><\/p>\n<p>&nbsp;<\/p>\n<h3><strong>6. Das mit dem Gin habe ich wohl verpasst. <\/strong><\/h3>\n<blockquote class=\"twitter-tweet\">\n<p lang=\"de\" dir=\"ltr\">Irgendwie f\u00fchl ich mich hier alt. Ich sehe nicht jeden Tag Netflix, benutze mein Telefon auch zum telefonieren und hab kein Tattoo. <br \/>Achso und Gin mag ich auch nicht so besonders.<\/p>\n<p>&mdash; John H. (@John__Hafer) <a href=\"https:\/\/twitter.com\/John__Hafer\/status\/1143525747006615552?ref_src=twsrc%5Etfw\">June 25, 2019<\/a><\/p><\/blockquote>\n<p> <script async src=\"https:\/\/platform.twitter.com\/widgets.js\" charset=\"utf-8\"><\/script><\/p>\n<p>&nbsp;<\/p>\n<h3><strong>7. Ab 2000 alle immer noch Babys, oder? <\/strong><\/h3>\n<blockquote class=\"twitter-tweet\">\n<p lang=\"de\" dir=\"ltr\">Der Mann hat gerade sein Motorrad verkauft. F\u00fclle den Kaufvertrag aus. Der Kaufvertrag aus, der K\u00e4ufer ist 2001 geboren. Fange an zu rechnen an, ob der \u00fcberhaupt alt genug ist, um das fahren zu d\u00fcrfen.<\/p>\n<p>F\u00fchl mich alt.<\/p>\n<p>&mdash; Quasselette (@Quasselette) <a href=\"https:\/\/twitter.com\/Quasselette\/status\/1449309172642861059?ref_src=twsrc%5Etfw\">October 16, 2021<\/a><\/p><\/blockquote>\n<p> <script async src=\"https:\/\/platform.twitter.com\/widgets.js\" charset=\"utf-8\"><\/script><\/p>\n<p>&nbsp;<\/p>\n<h3><strong>8. Alle zehn Jahre immer wieder beim Runden. <\/strong><\/h3>\n<blockquote class=\"twitter-tweet\">\n<p lang=\"de\" dir=\"ltr\">Irgendwie war ich heute traurig dass ich 50 geworden bin. Bis ich mit meiner Schwiegermutter telefoniert hab:<br \/>&quot;Ich f\u00fchl mich so alt!&quot;<br \/>&quot;Ach, das kenne ich, das hatte ich auch als ich 80 wurde.&quot;<\/p>\n<p>&mdash; doppelleben (@hochfrequent) <a href=\"https:\/\/twitter.com\/hochfrequent\/status\/1314324853420326912?ref_src=twsrc%5Etfw\">October 8, 2020<\/a><\/p><\/blockquote>\n<p> <script async src=\"https:\/\/platform.twitter.com\/widgets.js\" charset=\"utf-8\"><\/script><\/p>\n<p>&nbsp;<\/p>\n<h3><strong>9. Oh mein Gott, wer kennt es noch? <\/strong><\/h3>\n<p><video src=\"https:\/\/www.thebestsocial.media\/de\/wp-content\/uploads\/tiktok\/7088258173576039685.mp4\" controls width=\"623\" height=\"1108\" style=\"border:0; height:90vh; width:50.625000vh;\"><\/video><\/p>\n<p>&nbsp;<\/p>\n<h3><strong>10. Ach komm schon, 28? <\/strong><\/h3>\n<blockquote class=\"twitter-tweet\">\n<p lang=\"de\" dir=\"ltr\">Also f\u00fcr morgen w\u00fcnsch ich mir, dass ich mit einer Torte mit 28 Kerzen \u00fcberrascht werde, aus der 28 kleine K\u00e4tzchen springen. Ich f\u00fcrchte aber, in der bitteren Realit\u00e4t werde ich eher 28 neue graue Haare entdecken oder 28 neue Muskeln tun mir weh. Schwieriges Erwachsenenleben<\/p>\n<p>&mdash; \u00bd \ud83c\udff3\ufe0f\u200d\ud83c\udf08 (@halbgrieche) <a href=\"https:\/\/twitter.com\/halbgrieche\/status\/1109951183031095296?ref_src=twsrc%5Etfw\">March 24, 2019<\/a><\/p><\/blockquote>\n<p> <script async src=\"https:\/\/platform.twitter.com\/widgets.js\" charset=\"utf-8\"><\/script><\/p>\n<p>&nbsp;<\/p>\n<h3><strong>11. Oder haben schon Kinder&#8230; <\/strong><\/h3>\n<blockquote class=\"twitter-tweet\">\n<p lang=\"de\" dir=\"ltr\">Die ersten aus meinem Abijahrgang haben sich verlobt. Ich f\u00fchl mich alt.<\/p>\n<p>&mdash; jan knes (@jan_knes) <a href=\"https:\/\/twitter.com\/jan_knes\/status\/1539186752325402624?ref_src=twsrc%5Etfw\">June 21, 2022<\/a><\/p><\/blockquote>\n<p> <script async src=\"https:\/\/platform.twitter.com\/widgets.js\" charset=\"utf-8\"><\/script><\/p>\n<p>&nbsp;<\/p>\n<h3><strong>12. War einfach praktischer fr\u00fcher. <\/strong><\/h3>\n<p><video src=\"https:\/\/www.thebestsocial.media\/de\/wp-content\/uploads\/tiktok\/7050841385515126021.mp4\" controls width=\"623\" height=\"1108\" style=\"border:0; height:90vh; width:50.625000vh;\"><\/video><\/p>\n<p>&nbsp;<\/p>\n<h3><strong>13. Und zum Schluss: man muss sich nur jung f\u00fchlen! <\/strong><\/h3>\n<blockquote class=\"twitter-tweet\">\n<p lang=\"de\" dir=\"ltr\">Ich f\u00fchl mich manchmal alt. \u201eAch wissen Sie,\u201c sagt die Seniorin zu mir, \u201edann guck ich in den Spiegel u seh die Falten u die wei\u00dfen Haare u frag mich, wer die Alte da ist. In meiner Vorstellung bin ich vierzig geblieben. Aber von Au\u00dfen seh ich eben wie achtzig aus.\u201c<\/p>\n<p>&mdash; Sarah von den Sarggeschichten (@Sarggeschichten) <a href=\"https:\/\/twitter.com\/Sarggeschichten\/status\/1454152482943340549?ref_src=twsrc%5Etfw\">October 29, 2021<\/a><\/p><\/blockquote>\n<p> <script async src=\"https:\/\/platform.twitter.com\/widgets.js\" charset=\"utf-8\"><\/script><\/p>\n<p>___<br \/>\nDanke an alle f\u00fcr die Posts!<br \/>\n___<\/p>\n<p><strong>Hey! Wir suchen neue Kolleg:innen! Du liebst die Internetkultur und verstehst, dass TikToks mehr als nur kurze, nervige Videos sind? Hast du bereits eine gesunde Social-Media-Sucht entwickelt? Du lebst online, wei\u00dft, was im Moment passiert ist und was morgen angesagt sein wird?\u00a0<\/strong><strong><a href=\"https:\/\/www.thebestsocialjobs.com\/de\/\">Dann werde Teil unseres Teams!<\/a><\/strong><\/p>\n","protected":false},"excerpt":{"rendered":"<p>Schade, dass die Zeit zwischen &#8222;zu jung&#8220; und &#8222;zu alt&#8220; so kurz ist. Dieses Zitat von Charles de Montesquieu k\u00f6nnte nicht passender sein. F\u00fcr bestimmte&#8230;<\/p>\n","protected":false},"author":97,"featured_media":162937,"comment_status":"open","ping_status":"open","sticky":false,"template":"","format":"standard","meta":{"_acf_changed":false,"footnotes":""},"categories":[1728,3641,35],"tags":[1616,2035,1374,3035,3333,58],"class_list":["post-162927","post","type-post","status-publish","format-standard","has-post-thumbnail","hentry","category-humor","category-tiktok","category-twitter","tag-alter","tag-aelter-werden","tag-humor","tag-jung","tag-tiktok","tag-twitter"],"acf":[],"yoast_head":"<!-- This site is optimized with the Yoast SEO plugin v27.5 - https:\/\/yoast.com\/product\/yoast-seo-wordpress\/ -->\n<title>Zu jung, zu alt und was ist dazwischen? 13 Posts \u00fcber das Alters-Dilemma<\/title>\n<meta name=\"robots\" content=\"index, follow, max-snippet:-1, max-image-preview:large, max-video-preview:-1\" \/>\n<link rel=\"canonical\" href=\"https:\/\/www.thebestsocial.media\/de\/zu-jung-zu-alt-und-was-ist-dazwischen-13-posts-ueber-das-alters-dilemma\/\" \/>\n<meta property=\"og:locale\" content=\"de_DE\" \/>\n<meta property=\"og:type\" content=\"article\" \/>\n<meta property=\"og:title\" content=\"Zu jung, zu alt und was ist dazwischen? 13 Posts \u00fcber das Alters-Dilemma\" \/>\n<meta property=\"og:description\" content=\"Schade, dass die Zeit zwischen &#8222;zu jung&#8220; und &#8222;zu alt&#8220; so kurz ist. Dieses Zitat von Charles de Montesquieu k\u00f6nnte nicht passender sein. F\u00fcr bestimmte...\" \/>\n<meta property=\"og:url\" content=\"https:\/\/www.thebestsocial.media\/de\/zu-jung-zu-alt-und-was-ist-dazwischen-13-posts-ueber-das-alters-dilemma\/\" \/>\n<meta property=\"og:site_name\" content=\"The Best Social Media DE\" \/>\n<meta property=\"article:published_time\" content=\"2022-07-01T14:00:04+00:00\" \/>\n<meta property=\"og:image\" content=\"https:\/\/www.thebestsocial.media\/de\/wp-content\/uploads\/sites\/3\/2022\/06\/FB-zualt.png\" \/>\n\t<meta property=\"og:image:width\" content=\"1200\" \/>\n\t<meta property=\"og:image:height\" content=\"630\" \/>\n\t<meta property=\"og:image:type\" content=\"image\/png\" \/>\n<meta name=\"author\" content=\"Cristina\" \/>\n<meta name=\"twitter:card\" content=\"summary_large_image\" \/>\n<meta name=\"twitter:label1\" content=\"Verfasst von\" \/>\n\t<meta name=\"twitter:data1\" content=\"Cristina\" \/>\n\t<meta name=\"twitter:label2\" content=\"Gesch\u00e4tzte Lesezeit\" \/>\n\t<meta name=\"twitter:data2\" content=\"3\u00a0Minuten\" \/>\n<script type=\"application\/ld+json\" class=\"yoast-schema-graph\">{\"@context\":\"https:\\\/\\\/schema.org\",\"@graph\":[{\"@type\":\"Article\",\"@id\":\"https:\\\/\\\/www.thebestsocial.media\\\/de\\\/zu-jung-zu-alt-und-was-ist-dazwischen-13-posts-ueber-das-alters-dilemma\\\/#article\",\"isPartOf\":{\"@id\":\"https:\\\/\\\/www.thebestsocial.media\\\/de\\\/zu-jung-zu-alt-und-was-ist-dazwischen-13-posts-ueber-das-alters-dilemma\\\/\"},\"author\":{\"name\":\"Cristina\",\"@id\":\"https:\\\/\\\/www.thebestsocial.media\\\/de\\\/#\\\/schema\\\/person\\\/e2cd306c885c9cc48e5ea47d563cab08\"},\"headline\":\"Zu jung, zu alt und was ist dazwischen? 13 Posts \u00fcber das Alters-Dilemma\",\"datePublished\":\"2022-07-01T14:00:04+00:00\",\"mainEntityOfPage\":{\"@id\":\"https:\\\/\\\/www.thebestsocial.media\\\/de\\\/zu-jung-zu-alt-und-was-ist-dazwischen-13-posts-ueber-das-alters-dilemma\\\/\"},\"wordCount\":686,\"commentCount\":0,\"image\":{\"@id\":\"https:\\\/\\\/www.thebestsocial.media\\\/de\\\/zu-jung-zu-alt-und-was-ist-dazwischen-13-posts-ueber-das-alters-dilemma\\\/#primaryimage\"},\"thumbnailUrl\":\"https:\\\/\\\/www.thebestsocial.media\\\/de\\\/wp-content\\\/uploads\\\/sites\\\/3\\\/2022\\\/06\\\/smartphone-g6630fc19a_1920.jpg\",\"keywords\":[\"Alter\",\"\u00e4lter werden\",\"humor\",\"Jung\",\"TikTok\",\"twitter\"],\"articleSection\":[\"Humor\",\"TikTok\",\"Twitter\"],\"inLanguage\":\"de\",\"potentialAction\":[{\"@type\":\"CommentAction\",\"name\":\"Comment\",\"target\":[\"https:\\\/\\\/www.thebestsocial.media\\\/de\\\/zu-jung-zu-alt-und-was-ist-dazwischen-13-posts-ueber-das-alters-dilemma\\\/#respond\"]}]},{\"@type\":\"WebPage\",\"@id\":\"https:\\\/\\\/www.thebestsocial.media\\\/de\\\/zu-jung-zu-alt-und-was-ist-dazwischen-13-posts-ueber-das-alters-dilemma\\\/\",\"url\":\"https:\\\/\\\/www.thebestsocial.media\\\/de\\\/zu-jung-zu-alt-und-was-ist-dazwischen-13-posts-ueber-das-alters-dilemma\\\/\",\"name\":\"Zu jung, zu alt und was ist dazwischen? 13 Posts \u00fcber das Alters-Dilemma\",\"isPartOf\":{\"@id\":\"https:\\\/\\\/www.thebestsocial.media\\\/de\\\/#website\"},\"primaryImageOfPage\":{\"@id\":\"https:\\\/\\\/www.thebestsocial.media\\\/de\\\/zu-jung-zu-alt-und-was-ist-dazwischen-13-posts-ueber-das-alters-dilemma\\\/#primaryimage\"},\"image\":{\"@id\":\"https:\\\/\\\/www.thebestsocial.media\\\/de\\\/zu-jung-zu-alt-und-was-ist-dazwischen-13-posts-ueber-das-alters-dilemma\\\/#primaryimage\"},\"thumbnailUrl\":\"https:\\\/\\\/www.thebestsocial.media\\\/de\\\/wp-content\\\/uploads\\\/sites\\\/3\\\/2022\\\/06\\\/smartphone-g6630fc19a_1920.jpg\",\"datePublished\":\"2022-07-01T14:00:04+00:00\",\"author\":{\"@id\":\"https:\\\/\\\/www.thebestsocial.media\\\/de\\\/#\\\/schema\\\/person\\\/e2cd306c885c9cc48e5ea47d563cab08\"},\"breadcrumb\":{\"@id\":\"https:\\\/\\\/www.thebestsocial.media\\\/de\\\/zu-jung-zu-alt-und-was-ist-dazwischen-13-posts-ueber-das-alters-dilemma\\\/#breadcrumb\"},\"inLanguage\":\"de\",\"potentialAction\":[{\"@type\":\"ReadAction\",\"target\":[\"https:\\\/\\\/www.thebestsocial.media\\\/de\\\/zu-jung-zu-alt-und-was-ist-dazwischen-13-posts-ueber-das-alters-dilemma\\\/\"]}]},{\"@type\":\"ImageObject\",\"inLanguage\":\"de\",\"@id\":\"https:\\\/\\\/www.thebestsocial.media\\\/de\\\/zu-jung-zu-alt-und-was-ist-dazwischen-13-posts-ueber-das-alters-dilemma\\\/#primaryimage\",\"url\":\"https:\\\/\\\/www.thebestsocial.media\\\/de\\\/wp-content\\\/uploads\\\/sites\\\/3\\\/2022\\\/06\\\/smartphone-g6630fc19a_1920.jpg\",\"contentUrl\":\"https:\\\/\\\/www.thebestsocial.media\\\/de\\\/wp-content\\\/uploads\\\/sites\\\/3\\\/2022\\\/06\\\/smartphone-g6630fc19a_1920.jpg\",\"width\":1920,\"height\":1099},{\"@type\":\"BreadcrumbList\",\"@id\":\"https:\\\/\\\/www.thebestsocial.media\\\/de\\\/zu-jung-zu-alt-und-was-ist-dazwischen-13-posts-ueber-das-alters-dilemma\\\/#breadcrumb\",\"itemListElement\":[{\"@type\":\"ListItem\",\"position\":1,\"name\":\"Home\",\"item\":\"https:\\\/\\\/www.thebestsocial.media\\\/de\\\/\"},{\"@type\":\"ListItem\",\"position\":2,\"name\":\"Zu jung, zu alt und was ist dazwischen? 13 Posts \u00fcber das Alters-Dilemma\"}]},{\"@type\":\"WebSite\",\"@id\":\"https:\\\/\\\/www.thebestsocial.media\\\/de\\\/#website\",\"url\":\"https:\\\/\\\/www.thebestsocial.media\\\/de\\\/\",\"name\":\"The Best Social Media DE\",\"description\":\"\",\"potentialAction\":[{\"@type\":\"SearchAction\",\"target\":{\"@type\":\"EntryPoint\",\"urlTemplate\":\"https:\\\/\\\/www.thebestsocial.media\\\/de\\\/?s={search_term_string}\"},\"query-input\":{\"@type\":\"PropertyValueSpecification\",\"valueRequired\":true,\"valueName\":\"search_term_string\"}}],\"inLanguage\":\"de\"},{\"@type\":\"Person\",\"@id\":\"https:\\\/\\\/www.thebestsocial.media\\\/de\\\/#\\\/schema\\\/person\\\/e2cd306c885c9cc48e5ea47d563cab08\",\"name\":\"Cristina\",\"image\":{\"@type\":\"ImageObject\",\"inLanguage\":\"de\",\"@id\":\"https:\\\/\\\/secure.gravatar.com\\\/avatar\\\/17a11569f2998e9b40ff4c98ab0851ddd1dd35595a21590f554e022bed21c0c4?s=96&d=mm&r=g\",\"url\":\"https:\\\/\\\/secure.gravatar.com\\\/avatar\\\/17a11569f2998e9b40ff4c98ab0851ddd1dd35595a21590f554e022bed21c0c4?s=96&d=mm&r=g\",\"contentUrl\":\"https:\\\/\\\/secure.gravatar.com\\\/avatar\\\/17a11569f2998e9b40ff4c98ab0851ddd1dd35595a21590f554e022bed21c0c4?s=96&d=mm&r=g\",\"caption\":\"Cristina\"},\"url\":\"https:\\\/\\\/www.thebestsocial.media\\\/de\\\/author\\\/cristina\\\/\"}]}<\/script>\n<!-- \/ Yoast SEO plugin. -->","yoast_head_json":{"title":"Zu jung, zu alt und was ist dazwischen? 13 Posts \u00fcber das Alters-Dilemma","robots":{"index":"index","follow":"follow","max-snippet":"max-snippet:-1","max-image-preview":"max-image-preview:large","max-video-preview":"max-video-preview:-1"},"canonical":"https:\/\/www.thebestsocial.media\/de\/zu-jung-zu-alt-und-was-ist-dazwischen-13-posts-ueber-das-alters-dilemma\/","og_locale":"de_DE","og_type":"article","og_title":"Zu jung, zu alt und was ist dazwischen? 13 Posts \u00fcber das Alters-Dilemma","og_description":"Schade, dass die Zeit zwischen &#8222;zu jung&#8220; und &#8222;zu alt&#8220; so kurz ist. Dieses Zitat von Charles de Montesquieu k\u00f6nnte nicht passender sein. F\u00fcr bestimmte...","og_url":"https:\/\/www.thebestsocial.media\/de\/zu-jung-zu-alt-und-was-ist-dazwischen-13-posts-ueber-das-alters-dilemma\/","og_site_name":"The Best Social Media DE","article_published_time":"2022-07-01T14:00:04+00:00","og_image":[{"width":1200,"height":630,"url":"https:\/\/www.thebestsocial.media\/de\/wp-content\/uploads\/sites\/3\/2022\/06\/FB-zualt.png","type":"image\/png"}],"author":"Cristina","twitter_card":"summary_large_image","twitter_misc":{"Verfasst von":"Cristina","Gesch\u00e4tzte Lesezeit":"3\u00a0Minuten"},"schema":{"@context":"https:\/\/schema.org","@graph":[{"@type":"Article","@id":"https:\/\/www.thebestsocial.media\/de\/zu-jung-zu-alt-und-was-ist-dazwischen-13-posts-ueber-das-alters-dilemma\/#article","isPartOf":{"@id":"https:\/\/www.thebestsocial.media\/de\/zu-jung-zu-alt-und-was-ist-dazwischen-13-posts-ueber-das-alters-dilemma\/"},"author":{"name":"Cristina","@id":"https:\/\/www.thebestsocial.media\/de\/#\/schema\/person\/e2cd306c885c9cc48e5ea47d563cab08"},"headline":"Zu jung, zu alt und was ist dazwischen? 13 Posts \u00fcber das Alters-Dilemma","datePublished":"2022-07-01T14:00:04+00:00","mainEntityOfPage":{"@id":"https:\/\/www.thebestsocial.media\/de\/zu-jung-zu-alt-und-was-ist-dazwischen-13-posts-ueber-das-alters-dilemma\/"},"wordCount":686,"commentCount":0,"image":{"@id":"https:\/\/www.thebestsocial.media\/de\/zu-jung-zu-alt-und-was-ist-dazwischen-13-posts-ueber-das-alters-dilemma\/#primaryimage"},"thumbnailUrl":"https:\/\/www.thebestsocial.media\/de\/wp-content\/uploads\/sites\/3\/2022\/06\/smartphone-g6630fc19a_1920.jpg","keywords":["Alter","\u00e4lter werden","humor","Jung","TikTok","twitter"],"articleSection":["Humor","TikTok","Twitter"],"inLanguage":"de","potentialAction":[{"@type":"CommentAction","name":"Comment","target":["https:\/\/www.thebestsocial.media\/de\/zu-jung-zu-alt-und-was-ist-dazwischen-13-posts-ueber-das-alters-dilemma\/#respond"]}]},{"@type":"WebPage","@id":"https:\/\/www.thebestsocial.media\/de\/zu-jung-zu-alt-und-was-ist-dazwischen-13-posts-ueber-das-alters-dilemma\/","url":"https:\/\/www.thebestsocial.media\/de\/zu-jung-zu-alt-und-was-ist-dazwischen-13-posts-ueber-das-alters-dilemma\/","name":"Zu jung, zu alt und was ist dazwischen? 13 Posts \u00fcber das Alters-Dilemma","isPartOf":{"@id":"https:\/\/www.thebestsocial.media\/de\/#website"},"primaryImageOfPage":{"@id":"https:\/\/www.thebestsocial.media\/de\/zu-jung-zu-alt-und-was-ist-dazwischen-13-posts-ueber-das-alters-dilemma\/#primaryimage"},"image":{"@id":"https:\/\/www.thebestsocial.media\/de\/zu-jung-zu-alt-und-was-ist-dazwischen-13-posts-ueber-das-alters-dilemma\/#primaryimage"},"thumbnailUrl":"https:\/\/www.thebestsocial.media\/de\/wp-content\/uploads\/sites\/3\/2022\/06\/smartphone-g6630fc19a_1920.jpg","datePublished":"2022-07-01T14:00:04+00:00","author":{"@id":"https:\/\/www.thebestsocial.media\/de\/#\/schema\/person\/e2cd306c885c9cc48e5ea47d563cab08"},"breadcrumb":{"@id":"https:\/\/www.thebestsocial.media\/de\/zu-jung-zu-alt-und-was-ist-dazwischen-13-posts-ueber-das-alters-dilemma\/#breadcrumb"},"inLanguage":"de","potentialAction":[{"@type":"ReadAction","target":["https:\/\/www.thebestsocial.media\/de\/zu-jung-zu-alt-und-was-ist-dazwischen-13-posts-ueber-das-alters-dilemma\/"]}]},{"@type":"ImageObject","inLanguage":"de","@id":"https:\/\/www.thebestsocial.media\/de\/zu-jung-zu-alt-und-was-ist-dazwischen-13-posts-ueber-das-alters-dilemma\/#primaryimage","url":"https:\/\/www.thebestsocial.media\/de\/wp-content\/uploads\/sites\/3\/2022\/06\/smartphone-g6630fc19a_1920.jpg","contentUrl":"https:\/\/www.thebestsocial.media\/de\/wp-content\/uploads\/sites\/3\/2022\/06\/smartphone-g6630fc19a_1920.jpg","width":1920,"height":1099},{"@type":"BreadcrumbList","@id":"https:\/\/www.thebestsocial.media\/de\/zu-jung-zu-alt-und-was-ist-dazwischen-13-posts-ueber-das-alters-dilemma\/#breadcrumb","itemListElement":[{"@type":"ListItem","position":1,"name":"Home","item":"https:\/\/www.thebestsocial.media\/de\/"},{"@type":"ListItem","position":2,"name":"Zu jung, zu alt und was ist dazwischen? 13 Posts \u00fcber das Alters-Dilemma"}]},{"@type":"WebSite","@id":"https:\/\/www.thebestsocial.media\/de\/#website","url":"https:\/\/www.thebestsocial.media\/de\/","name":"The Best Social Media DE","description":"","potentialAction":[{"@type":"SearchAction","target":{"@type":"EntryPoint","urlTemplate":"https:\/\/www.thebestsocial.media\/de\/?s={search_term_string}"},"query-input":{"@type":"PropertyValueSpecification","valueRequired":true,"valueName":"search_term_string"}}],"inLanguage":"de"},{"@type":"Person","@id":"https:\/\/www.thebestsocial.media\/de\/#\/schema\/person\/e2cd306c885c9cc48e5ea47d563cab08","name":"Cristina","image":{"@type":"ImageObject","inLanguage":"de","@id":"https:\/\/secure.gravatar.com\/avatar\/17a11569f2998e9b40ff4c98ab0851ddd1dd35595a21590f554e022bed21c0c4?s=96&d=mm&r=g","url":"https:\/\/secure.gravatar.com\/avatar\/17a11569f2998e9b40ff4c98ab0851ddd1dd35595a21590f554e022bed21c0c4?s=96&d=mm&r=g","contentUrl":"https:\/\/secure.gravatar.com\/avatar\/17a11569f2998e9b40ff4c98ab0851ddd1dd35595a21590f554e022bed21c0c4?s=96&d=mm&r=g","caption":"Cristina"},"url":"https:\/\/www.thebestsocial.media\/de\/author\/cristina\/"}]}},"amp_enabled":true,"_links":{"self":[{"href":"https:\/\/www.thebestsocial.media\/de\/wp-json\/wp\/v2\/posts\/162927","targetHints":{"allow":["GET"]}}],"collection":[{"href":"https:\/\/www.thebestsocial.media\/de\/wp-json\/wp\/v2\/posts"}],"about":[{"href":"https:\/\/www.thebestsocial.media\/de\/wp-json\/wp\/v2\/types\/post"}],"author":[{"embeddable":true,"href":"https:\/\/www.thebestsocial.media\/de\/wp-json\/wp\/v2\/users\/97"}],"replies":[{"embeddable":true,"href":"https:\/\/www.thebestsocial.media\/de\/wp-json\/wp\/v2\/comments?post=162927"}],"version-history":[{"count":9,"href":"https:\/\/www.thebestsocial.media\/de\/wp-json\/wp\/v2\/posts\/162927\/revisions"}],"predecessor-version":[{"id":162943,"href":"https:\/\/www.thebestsocial.media\/de\/wp-json\/wp\/v2\/posts\/162927\/revisions\/162943"}],"wp:featuredmedia":[{"embeddable":true,"href":"https:\/\/www.thebestsocial.media\/de\/wp-json\/wp\/v2\/media\/162937"}],"wp:attachment":[{"href":"https:\/\/www.thebestsocial.media\/de\/wp-json\/wp\/v2\/media?parent=162927"}],"wp:term":[{"taxonomy":"category","embeddable":true,"href":"https:\/\/www.thebestsocial.media\/de\/wp-json\/wp\/v2\/categories?post=162927"},{"taxonomy":"post_tag","embeddable":true,"href":"https:\/\/www.thebestsocial.media\/de\/wp-json\/wp\/v2\/tags?post=162927"}],"curies":[{"name":"wp","href":"https:\/\/api.w.org\/{rel}","templated":true}]}}