{"id":162709,"date":"2022-06-27T08:51:57","date_gmt":"2022-06-27T08:51:57","guid":{"rendered":"https:\/\/www.thebestsocial.media\/de\/?p=162709"},"modified":"2022-06-27T08:59:25","modified_gmt":"2022-06-27T08:59:25","slug":"die-kreative-ader-ausleben-10-posts-ueber-kunst-im-kinderalter","status":"publish","type":"post","link":"https:\/\/www.thebestsocial.media\/de\/die-kreative-ader-ausleben-10-posts-ueber-kunst-im-kinderalter\/","title":{"rendered":"Die Kreative Ader ausleben: 10 Posts \u00fcber Kunst im Kindesalter"},"content":{"rendered":"<p>Kunst, besonders Malen und Basteln spielt bei vielen Menschen bereits im Kindergartenalter eine wichtige Rolle. Der Kreativit\u00e4t wird freien Lauf gelassen und es entstehen oft sehr interessante Projekte.<\/p>\n<p>&nbsp;<\/p>\n<h3><strong>1. Manchmal entwickelt man sich zur\u00fcck, anstatt weiter. <\/strong><\/h3>\n<blockquote class=\"twitter-tweet\">\n<p dir=\"ltr\" lang=\"de\">Als ich einmal aus unerkl\u00e4rlichen Gr\u00fcnden Freude daran fand, Politikerbriefmarken zu malen und mich danach 40 Jahre k\u00fcnstlerisch nur noch zur\u00fcckentwickelte<\/p>\n<p>Hashtag Mutter mistet aus <a href=\"https:\/\/t.co\/v27AcfmTxs\">pic.twitter.com\/v27AcfmTxs<\/a><\/p>\n<p>\u2014 Till Raether (@TillRaether) <a href=\"https:\/\/twitter.com\/TillRaether\/status\/1096692816703639559?ref_src=twsrc%5Etfw\">February 16, 2019<\/a><\/p><\/blockquote>\n<p><script async src=\"https:\/\/platform.twitter.com\/widgets.js\" charset=\"utf-8\"><\/script><\/p>\n<p>&nbsp;<\/p>\n<h3><strong>2. Der Wille z\u00e4hlt. <\/strong><\/h3>\n<blockquote class=\"twitter-tweet\">\n<p dir=\"ltr\" lang=\"de\">Wenn du sozial engagiert bist, aber keine Lust hast, ein Plakat zu malen. <a href=\"https:\/\/t.co\/IVGxNkaT7H\">pic.twitter.com\/IVGxNkaT7H<\/a><\/p>\n<p>\u2014 No Kuurwa, Tomek! =] (@BauN3RD) <a href=\"https:\/\/twitter.com\/BauN3RD\/status\/828542356882341888?ref_src=twsrc%5Etfw\">February 6, 2017<\/a><\/p><\/blockquote>\n<p><script async src=\"https:\/\/platform.twitter.com\/widgets.js\" charset=\"utf-8\"><\/script><\/p>\n<p>&nbsp;<\/p>\n<h3><strong>3. Und schlussendlich freut sich dann jeder. <\/strong><\/h3>\n<blockquote class=\"twitter-tweet\">\n<p dir=\"ltr\" lang=\"de\">Ich werde die Kinder jetzt zwingen, Weihnachtsbilder f\u00fcr Oma und Opa zu malen. Sp\u00e4ter werde ich Oma und Opa zwingen, sie aufzuh\u00e4ngen.<\/p>\n<p>\u2014 Madame de Larenzow (@Larenzow) <a href=\"https:\/\/twitter.com\/Larenzow\/status\/810065362012217344?ref_src=twsrc%5Etfw\">December 17, 2016<\/a><\/p><\/blockquote>\n<p><script async src=\"https:\/\/platform.twitter.com\/widgets.js\" charset=\"utf-8\"><\/script><\/p>\n<p>&nbsp;<\/p>\n<h3><strong>4. Vor allem an Muttertag muss man die k\u00fcnstlerische Ader anspornen. <\/strong><\/h3>\n<p><video src=\"https:\/\/www.thebestsocial.media\/de\/wp-content\/uploads\/tiktok\/7095354050102709510.mp4\" controls width=\"623\" height=\"1108\" style=\"border:0; height:90vh; width:50.625000vh;\"><\/video><\/p>\n<p>&nbsp;<\/p>\n<h3><strong>5. Im Stehen w\u00e4re es komplizierter geworden. <\/strong><\/h3>\n<blockquote class=\"twitter-tweet\">\n<p dir=\"ltr\" lang=\"de\">&#8222;Wenn ich ein Portrait von Ihnen malen soll, dann d\u00fcrfen Sie sich f\u00fcr zehn Stunden keinen Millimeter bewegen.&#8220;<\/p>\n<p>&#8222;Ok, ich wei\u00df wie.&#8220; <a href=\"https:\/\/t.co\/Ps8nAhTEYY\">pic.twitter.com\/Ps8nAhTEYY<\/a><\/p>\n<p>\u2014 tino (@bomelino) <a href=\"https:\/\/twitter.com\/bomelino\/status\/975691795219742722?ref_src=twsrc%5Etfw\">March 19, 2018<\/a><\/p><\/blockquote>\n<p><script async src=\"https:\/\/platform.twitter.com\/widgets.js\" charset=\"utf-8\"><\/script><\/p>\n<p>&nbsp;<\/p>\n<h3><strong>6. Manchmal auch mit Garten. <\/strong><\/h3>\n<blockquote class=\"twitter-tweet\">\n<p dir=\"ltr\" lang=\"de\">&#8222;Ich m\u00f6chte ein Haus malen&#8220;<\/p>\n<p>&#8222;Sch\u00f6n, mit einem Garten?&#8220;<\/p>\n<p>&#8222;Nein, mit einem Stift&#8220;<\/p>\n<p>Spiel, Satz und Sieg f\u00fcr die 6-j\u00e4hrige!<\/p>\n<p>\u2014 WiViElMa (@WiViElMa) <a href=\"https:\/\/twitter.com\/WiViElMa\/status\/825735646539108352?ref_src=twsrc%5Etfw\">January 29, 2017<\/a><\/p><\/blockquote>\n<p><script async src=\"https:\/\/platform.twitter.com\/widgets.js\" charset=\"utf-8\"><\/script><\/p>\n<p>&nbsp;<\/p>\n<h3><strong>7. Dann k\u00f6nnen sie auf einmal sehr ruhig sein. <\/strong><\/h3>\n<blockquote class=\"twitter-tweet\">\n<p dir=\"ltr\" lang=\"de\">Es ist bewundernswert wie leise Kinder sind, wenn sie einen durchgehenden Strich auf 50 cm H\u00f6he durch das GESAMTE SCHEISS Wohnzimmer malen!<\/p>\n<p>\u2014 Busy Papp Satt (@HeidiLinden) <a href=\"https:\/\/twitter.com\/HeidiLinden\/status\/917071285477355521?ref_src=twsrc%5Etfw\">October 8, 2017<\/a><\/p><\/blockquote>\n<p><script async src=\"https:\/\/platform.twitter.com\/widgets.js\" charset=\"utf-8\"><\/script><\/p>\n<p>&nbsp;<\/p>\n<h3><strong>8. Not macht erfinderisch. <\/strong><\/h3>\n<blockquote class=\"twitter-tweet\">\n<p dir=\"ltr\" lang=\"de\">Mathestunde.<\/p>\n<p>Ich: Findet M\u00f6glichkeiten, einen Kreis ohne euren Zirkel zu malen.<\/p>\n<p>Meine Sch\u00fcler: <a href=\"https:\/\/t.co\/zhQ2aafBg0\">pic.twitter.com\/zhQ2aafBg0<\/a><\/p>\n<p>\u2014 Wunschkind-Blog (@gewuenschkind) <a href=\"https:\/\/twitter.com\/gewuenschkind\/status\/1114129618821439488?ref_src=twsrc%5Etfw\">April 5, 2019<\/a><\/p><\/blockquote>\n<p><script async src=\"https:\/\/platform.twitter.com\/widgets.js\" charset=\"utf-8\"><\/script><\/p>\n<p>&nbsp;<\/p>\n<h3><strong>9. Jeder f\u00e4ngt mal irgendwo an. <\/strong><\/h3>\n<p><video src=\"https:\/\/www.thebestsocial.media\/de\/wp-content\/uploads\/tiktok\/7085346103561899270.mp4\" controls width=\"623\" height=\"1108\" style=\"border:0; height:90vh; width:50.625000vh;\"><\/video><\/p>\n<p>&nbsp;<\/p>\n<h3><strong>10. M\u00fcsste man dann definitiv verstehen. <\/strong><\/h3>\n<blockquote class=\"twitter-tweet\">\n<p dir=\"ltr\" lang=\"de\">&#8222;Wie erkl\u00e4rst du als Kunstlehrer eigentlich deinen Sch\u00fclern, wie sie malen sollen?&#8220;<br \/>\n&#8222;Mal so, mal so!&#8220;<\/p>\n<p>\u2014 Ringo Trutschke (@Nacktmagazin) <a href=\"https:\/\/twitter.com\/Nacktmagazin\/status\/524139184425287680?ref_src=twsrc%5Etfw\">October 20, 2014<\/a><\/p><\/blockquote>\n<p><script async src=\"https:\/\/platform.twitter.com\/widgets.js\" charset=\"utf-8\"><\/script><\/p>\n<p>___<br \/>\nDanke an alle f\u00fcr die Posts!<br \/>\n___<\/p>\n<p><strong>Hey! Wir suchen neue Kolleg:innen! Du liebst die Internetkultur und verstehst, dass TikToks mehr als nur kurze, nervige Videos sind? Hast du bereits eine gesunde Social-Media-Sucht entwickelt? Du lebst online, wei\u00dft, was im Moment passiert ist und was morgen angesagt sein wird?\u00a0<\/strong><strong><a href=\"https:\/\/www.thebestsocialjobs.com\/de\/\">Dann werde Teil unseres Teams!<\/a><\/strong><\/p>\n","protected":false},"excerpt":{"rendered":"<p>Kunst, besonders Malen und Basteln spielt bei vielen Menschen bereits im Kindergartenalter eine wichtige Rolle. Der Kreativit\u00e4t wird freien Lauf gelassen und es entstehen oft&#8230;<\/p>\n","protected":false},"author":92,"featured_media":162808,"comment_status":"open","ping_status":"open","sticky":false,"template":"","format":"standard","meta":{"_acf_changed":false,"footnotes":""},"categories":[102,1728,3641,35,1],"tags":[3061,1609,5200],"class_list":["post-162709","post","type-post","status-publish","format-standard","has-post-thumbnail","hentry","category-allgemein","category-humor","category-tiktok","category-twitter","category-uncategorized","tag-kindergarten","tag-kunst","tag-malen"],"acf":[],"yoast_head":"<!-- This site is optimized with the Yoast SEO plugin v27.5 - https:\/\/yoast.com\/product\/yoast-seo-wordpress\/ -->\n<title>Die Kreative Ader ausleben: 10 Posts \u00fcber Kunst im Kinderalter<\/title>\n<meta name=\"robots\" content=\"index, follow, max-snippet:-1, max-image-preview:large, max-video-preview:-1\" \/>\n<link rel=\"canonical\" href=\"https:\/\/www.thebestsocial.media\/de\/die-kreative-ader-ausleben-10-posts-ueber-kunst-im-kinderalter\/\" \/>\n<meta property=\"og:locale\" content=\"de_DE\" \/>\n<meta property=\"og:type\" content=\"article\" \/>\n<meta property=\"og:title\" content=\"Die Kreative Ader ausleben: 10 Posts \u00fcber Kunst im Kinderalter\" \/>\n<meta property=\"og:description\" content=\"Kunst, besonders Malen und Basteln spielt bei vielen Menschen bereits im Kindergartenalter eine wichtige Rolle. Der Kreativit\u00e4t wird freien Lauf gelassen und es entstehen oft...\" \/>\n<meta property=\"og:url\" content=\"https:\/\/www.thebestsocial.media\/de\/die-kreative-ader-ausleben-10-posts-ueber-kunst-im-kinderalter\/\" \/>\n<meta property=\"og:site_name\" content=\"The Best Social Media DE\" \/>\n<meta property=\"article:author\" content=\"Anna Oeltges\" \/>\n<meta property=\"article:published_time\" content=\"2022-06-27T08:51:57+00:00\" \/>\n<meta property=\"article:modified_time\" content=\"2022-06-27T08:59:25+00:00\" \/>\n<meta property=\"og:image\" content=\"https:\/\/www.thebestsocial.media\/de\/wp-content\/uploads\/sites\/3\/2022\/06\/Header_Bild_Neu-Recovered-7.png\" \/>\n\t<meta property=\"og:image:width\" content=\"1200\" \/>\n\t<meta property=\"og:image:height\" content=\"630\" \/>\n\t<meta property=\"og:image:type\" content=\"image\/png\" \/>\n<meta name=\"author\" content=\"Anna Oeltges\" \/>\n<meta name=\"twitter:card\" content=\"summary_large_image\" \/>\n<meta name=\"twitter:creator\" content=\"@oeltges\" \/>\n<meta name=\"twitter:label1\" content=\"Verfasst von\" \/>\n\t<meta name=\"twitter:data1\" content=\"Anna Oeltges\" \/>\n\t<meta name=\"twitter:label2\" content=\"Gesch\u00e4tzte Lesezeit\" \/>\n\t<meta name=\"twitter:data2\" content=\"2\u00a0Minuten\" \/>\n<script type=\"application\/ld+json\" class=\"yoast-schema-graph\">{\"@context\":\"https:\\\/\\\/schema.org\",\"@graph\":[{\"@type\":\"Article\",\"@id\":\"https:\\\/\\\/www.thebestsocial.media\\\/de\\\/die-kreative-ader-ausleben-10-posts-ueber-kunst-im-kinderalter\\\/#article\",\"isPartOf\":{\"@id\":\"https:\\\/\\\/www.thebestsocial.media\\\/de\\\/die-kreative-ader-ausleben-10-posts-ueber-kunst-im-kinderalter\\\/\"},\"author\":{\"name\":\"Anna Oeltges\",\"@id\":\"https:\\\/\\\/www.thebestsocial.media\\\/de\\\/#\\\/schema\\\/person\\\/73ef7d3bb298de832c8f1c79b4a41e81\"},\"headline\":\"Die Kreative Ader ausleben: 10 Posts \u00fcber Kunst im Kindesalter\",\"datePublished\":\"2022-06-27T08:51:57+00:00\",\"dateModified\":\"2022-06-27T08:59:25+00:00\",\"mainEntityOfPage\":{\"@id\":\"https:\\\/\\\/www.thebestsocial.media\\\/de\\\/die-kreative-ader-ausleben-10-posts-ueber-kunst-im-kinderalter\\\/\"},\"wordCount\":436,\"commentCount\":0,\"image\":{\"@id\":\"https:\\\/\\\/www.thebestsocial.media\\\/de\\\/die-kreative-ader-ausleben-10-posts-ueber-kunst-im-kinderalter\\\/#primaryimage\"},\"thumbnailUrl\":\"https:\\\/\\\/www.thebestsocial.media\\\/de\\\/wp-content\\\/uploads\\\/sites\\\/3\\\/2022\\\/06\\\/pexels-khunkorn-laowisit-1211793-scaled.jpg\",\"keywords\":[\"Kindergarten\",\"Kunst\",\"Malen\"],\"articleSection\":{\"1\":\"Humor\",\"2\":\"TikTok\",\"3\":\"Twitter\",\"4\":\"Uncategorized\"},\"inLanguage\":\"de\",\"potentialAction\":[{\"@type\":\"CommentAction\",\"name\":\"Comment\",\"target\":[\"https:\\\/\\\/www.thebestsocial.media\\\/de\\\/die-kreative-ader-ausleben-10-posts-ueber-kunst-im-kinderalter\\\/#respond\"]}]},{\"@type\":\"WebPage\",\"@id\":\"https:\\\/\\\/www.thebestsocial.media\\\/de\\\/die-kreative-ader-ausleben-10-posts-ueber-kunst-im-kinderalter\\\/\",\"url\":\"https:\\\/\\\/www.thebestsocial.media\\\/de\\\/die-kreative-ader-ausleben-10-posts-ueber-kunst-im-kinderalter\\\/\",\"name\":\"Die Kreative Ader ausleben: 10 Posts \u00fcber Kunst im Kinderalter\",\"isPartOf\":{\"@id\":\"https:\\\/\\\/www.thebestsocial.media\\\/de\\\/#website\"},\"primaryImageOfPage\":{\"@id\":\"https:\\\/\\\/www.thebestsocial.media\\\/de\\\/die-kreative-ader-ausleben-10-posts-ueber-kunst-im-kinderalter\\\/#primaryimage\"},\"image\":{\"@id\":\"https:\\\/\\\/www.thebestsocial.media\\\/de\\\/die-kreative-ader-ausleben-10-posts-ueber-kunst-im-kinderalter\\\/#primaryimage\"},\"thumbnailUrl\":\"https:\\\/\\\/www.thebestsocial.media\\\/de\\\/wp-content\\\/uploads\\\/sites\\\/3\\\/2022\\\/06\\\/pexels-khunkorn-laowisit-1211793-scaled.jpg\",\"datePublished\":\"2022-06-27T08:51:57+00:00\",\"dateModified\":\"2022-06-27T08:59:25+00:00\",\"author\":{\"@id\":\"https:\\\/\\\/www.thebestsocial.media\\\/de\\\/#\\\/schema\\\/person\\\/73ef7d3bb298de832c8f1c79b4a41e81\"},\"breadcrumb\":{\"@id\":\"https:\\\/\\\/www.thebestsocial.media\\\/de\\\/die-kreative-ader-ausleben-10-posts-ueber-kunst-im-kinderalter\\\/#breadcrumb\"},\"inLanguage\":\"de\",\"potentialAction\":[{\"@type\":\"ReadAction\",\"target\":[\"https:\\\/\\\/www.thebestsocial.media\\\/de\\\/die-kreative-ader-ausleben-10-posts-ueber-kunst-im-kinderalter\\\/\"]}]},{\"@type\":\"ImageObject\",\"inLanguage\":\"de\",\"@id\":\"https:\\\/\\\/www.thebestsocial.media\\\/de\\\/die-kreative-ader-ausleben-10-posts-ueber-kunst-im-kinderalter\\\/#primaryimage\",\"url\":\"https:\\\/\\\/www.thebestsocial.media\\\/de\\\/wp-content\\\/uploads\\\/sites\\\/3\\\/2022\\\/06\\\/pexels-khunkorn-laowisit-1211793-scaled.jpg\",\"contentUrl\":\"https:\\\/\\\/www.thebestsocial.media\\\/de\\\/wp-content\\\/uploads\\\/sites\\\/3\\\/2022\\\/06\\\/pexels-khunkorn-laowisit-1211793-scaled.jpg\",\"width\":2560,\"height\":1696},{\"@type\":\"BreadcrumbList\",\"@id\":\"https:\\\/\\\/www.thebestsocial.media\\\/de\\\/die-kreative-ader-ausleben-10-posts-ueber-kunst-im-kinderalter\\\/#breadcrumb\",\"itemListElement\":[{\"@type\":\"ListItem\",\"position\":1,\"name\":\"Home\",\"item\":\"https:\\\/\\\/www.thebestsocial.media\\\/de\\\/\"},{\"@type\":\"ListItem\",\"position\":2,\"name\":\"Die Kreative Ader ausleben: 10 Posts \u00fcber Kunst im Kindesalter\"}]},{\"@type\":\"WebSite\",\"@id\":\"https:\\\/\\\/www.thebestsocial.media\\\/de\\\/#website\",\"url\":\"https:\\\/\\\/www.thebestsocial.media\\\/de\\\/\",\"name\":\"The Best Social Media DE\",\"description\":\"\",\"potentialAction\":[{\"@type\":\"SearchAction\",\"target\":{\"@type\":\"EntryPoint\",\"urlTemplate\":\"https:\\\/\\\/www.thebestsocial.media\\\/de\\\/?s={search_term_string}\"},\"query-input\":{\"@type\":\"PropertyValueSpecification\",\"valueRequired\":true,\"valueName\":\"search_term_string\"}}],\"inLanguage\":\"de\"},{\"@type\":\"Person\",\"@id\":\"https:\\\/\\\/www.thebestsocial.media\\\/de\\\/#\\\/schema\\\/person\\\/73ef7d3bb298de832c8f1c79b4a41e81\",\"name\":\"Anna Oeltges\",\"image\":{\"@type\":\"ImageObject\",\"inLanguage\":\"de\",\"@id\":\"https:\\\/\\\/secure.gravatar.com\\\/avatar\\\/5ce5a6c547e9e6c1f06970e7e00b7d65cb62536add335c1e887b5723d76d3fd6?s=96&d=mm&r=g\",\"url\":\"https:\\\/\\\/secure.gravatar.com\\\/avatar\\\/5ce5a6c547e9e6c1f06970e7e00b7d65cb62536add335c1e887b5723d76d3fd6?s=96&d=mm&r=g\",\"contentUrl\":\"https:\\\/\\\/secure.gravatar.com\\\/avatar\\\/5ce5a6c547e9e6c1f06970e7e00b7d65cb62536add335c1e887b5723d76d3fd6?s=96&d=mm&r=g\",\"caption\":\"Anna Oeltges\"},\"sameAs\":[\"Anna Oeltges\",\"annaoeltges\",\"https:\\\/\\\/x.com\\\/oeltges\"],\"url\":\"https:\\\/\\\/www.thebestsocial.media\\\/de\\\/author\\\/anna\\\/\"}]}<\/script>\n<!-- \/ Yoast SEO plugin. -->","yoast_head_json":{"title":"Die Kreative Ader ausleben: 10 Posts \u00fcber Kunst im Kinderalter","robots":{"index":"index","follow":"follow","max-snippet":"max-snippet:-1","max-image-preview":"max-image-preview:large","max-video-preview":"max-video-preview:-1"},"canonical":"https:\/\/www.thebestsocial.media\/de\/die-kreative-ader-ausleben-10-posts-ueber-kunst-im-kinderalter\/","og_locale":"de_DE","og_type":"article","og_title":"Die Kreative Ader ausleben: 10 Posts \u00fcber Kunst im Kinderalter","og_description":"Kunst, besonders Malen und Basteln spielt bei vielen Menschen bereits im Kindergartenalter eine wichtige Rolle. Der Kreativit\u00e4t wird freien Lauf gelassen und es entstehen oft...","og_url":"https:\/\/www.thebestsocial.media\/de\/die-kreative-ader-ausleben-10-posts-ueber-kunst-im-kinderalter\/","og_site_name":"The Best Social Media DE","article_author":"Anna Oeltges","article_published_time":"2022-06-27T08:51:57+00:00","article_modified_time":"2022-06-27T08:59:25+00:00","og_image":[{"width":1200,"height":630,"url":"https:\/\/www.thebestsocial.media\/de\/wp-content\/uploads\/sites\/3\/2022\/06\/Header_Bild_Neu-Recovered-7.png","type":"image\/png"}],"author":"Anna Oeltges","twitter_card":"summary_large_image","twitter_creator":"@oeltges","twitter_misc":{"Verfasst von":"Anna Oeltges","Gesch\u00e4tzte Lesezeit":"2\u00a0Minuten"},"schema":{"@context":"https:\/\/schema.org","@graph":[{"@type":"Article","@id":"https:\/\/www.thebestsocial.media\/de\/die-kreative-ader-ausleben-10-posts-ueber-kunst-im-kinderalter\/#article","isPartOf":{"@id":"https:\/\/www.thebestsocial.media\/de\/die-kreative-ader-ausleben-10-posts-ueber-kunst-im-kinderalter\/"},"author":{"name":"Anna Oeltges","@id":"https:\/\/www.thebestsocial.media\/de\/#\/schema\/person\/73ef7d3bb298de832c8f1c79b4a41e81"},"headline":"Die Kreative Ader ausleben: 10 Posts \u00fcber Kunst im Kindesalter","datePublished":"2022-06-27T08:51:57+00:00","dateModified":"2022-06-27T08:59:25+00:00","mainEntityOfPage":{"@id":"https:\/\/www.thebestsocial.media\/de\/die-kreative-ader-ausleben-10-posts-ueber-kunst-im-kinderalter\/"},"wordCount":436,"commentCount":0,"image":{"@id":"https:\/\/www.thebestsocial.media\/de\/die-kreative-ader-ausleben-10-posts-ueber-kunst-im-kinderalter\/#primaryimage"},"thumbnailUrl":"https:\/\/www.thebestsocial.media\/de\/wp-content\/uploads\/sites\/3\/2022\/06\/pexels-khunkorn-laowisit-1211793-scaled.jpg","keywords":["Kindergarten","Kunst","Malen"],"articleSection":{"1":"Humor","2":"TikTok","3":"Twitter","4":"Uncategorized"},"inLanguage":"de","potentialAction":[{"@type":"CommentAction","name":"Comment","target":["https:\/\/www.thebestsocial.media\/de\/die-kreative-ader-ausleben-10-posts-ueber-kunst-im-kinderalter\/#respond"]}]},{"@type":"WebPage","@id":"https:\/\/www.thebestsocial.media\/de\/die-kreative-ader-ausleben-10-posts-ueber-kunst-im-kinderalter\/","url":"https:\/\/www.thebestsocial.media\/de\/die-kreative-ader-ausleben-10-posts-ueber-kunst-im-kinderalter\/","name":"Die Kreative Ader ausleben: 10 Posts \u00fcber Kunst im Kinderalter","isPartOf":{"@id":"https:\/\/www.thebestsocial.media\/de\/#website"},"primaryImageOfPage":{"@id":"https:\/\/www.thebestsocial.media\/de\/die-kreative-ader-ausleben-10-posts-ueber-kunst-im-kinderalter\/#primaryimage"},"image":{"@id":"https:\/\/www.thebestsocial.media\/de\/die-kreative-ader-ausleben-10-posts-ueber-kunst-im-kinderalter\/#primaryimage"},"thumbnailUrl":"https:\/\/www.thebestsocial.media\/de\/wp-content\/uploads\/sites\/3\/2022\/06\/pexels-khunkorn-laowisit-1211793-scaled.jpg","datePublished":"2022-06-27T08:51:57+00:00","dateModified":"2022-06-27T08:59:25+00:00","author":{"@id":"https:\/\/www.thebestsocial.media\/de\/#\/schema\/person\/73ef7d3bb298de832c8f1c79b4a41e81"},"breadcrumb":{"@id":"https:\/\/www.thebestsocial.media\/de\/die-kreative-ader-ausleben-10-posts-ueber-kunst-im-kinderalter\/#breadcrumb"},"inLanguage":"de","potentialAction":[{"@type":"ReadAction","target":["https:\/\/www.thebestsocial.media\/de\/die-kreative-ader-ausleben-10-posts-ueber-kunst-im-kinderalter\/"]}]},{"@type":"ImageObject","inLanguage":"de","@id":"https:\/\/www.thebestsocial.media\/de\/die-kreative-ader-ausleben-10-posts-ueber-kunst-im-kinderalter\/#primaryimage","url":"https:\/\/www.thebestsocial.media\/de\/wp-content\/uploads\/sites\/3\/2022\/06\/pexels-khunkorn-laowisit-1211793-scaled.jpg","contentUrl":"https:\/\/www.thebestsocial.media\/de\/wp-content\/uploads\/sites\/3\/2022\/06\/pexels-khunkorn-laowisit-1211793-scaled.jpg","width":2560,"height":1696},{"@type":"BreadcrumbList","@id":"https:\/\/www.thebestsocial.media\/de\/die-kreative-ader-ausleben-10-posts-ueber-kunst-im-kinderalter\/#breadcrumb","itemListElement":[{"@type":"ListItem","position":1,"name":"Home","item":"https:\/\/www.thebestsocial.media\/de\/"},{"@type":"ListItem","position":2,"name":"Die Kreative Ader ausleben: 10 Posts \u00fcber Kunst im Kindesalter"}]},{"@type":"WebSite","@id":"https:\/\/www.thebestsocial.media\/de\/#website","url":"https:\/\/www.thebestsocial.media\/de\/","name":"The Best Social Media DE","description":"","potentialAction":[{"@type":"SearchAction","target":{"@type":"EntryPoint","urlTemplate":"https:\/\/www.thebestsocial.media\/de\/?s={search_term_string}"},"query-input":{"@type":"PropertyValueSpecification","valueRequired":true,"valueName":"search_term_string"}}],"inLanguage":"de"},{"@type":"Person","@id":"https:\/\/www.thebestsocial.media\/de\/#\/schema\/person\/73ef7d3bb298de832c8f1c79b4a41e81","name":"Anna Oeltges","image":{"@type":"ImageObject","inLanguage":"de","@id":"https:\/\/secure.gravatar.com\/avatar\/5ce5a6c547e9e6c1f06970e7e00b7d65cb62536add335c1e887b5723d76d3fd6?s=96&d=mm&r=g","url":"https:\/\/secure.gravatar.com\/avatar\/5ce5a6c547e9e6c1f06970e7e00b7d65cb62536add335c1e887b5723d76d3fd6?s=96&d=mm&r=g","contentUrl":"https:\/\/secure.gravatar.com\/avatar\/5ce5a6c547e9e6c1f06970e7e00b7d65cb62536add335c1e887b5723d76d3fd6?s=96&d=mm&r=g","caption":"Anna Oeltges"},"sameAs":["Anna Oeltges","annaoeltges","https:\/\/x.com\/oeltges"],"url":"https:\/\/www.thebestsocial.media\/de\/author\/anna\/"}]}},"amp_enabled":true,"_links":{"self":[{"href":"https:\/\/www.thebestsocial.media\/de\/wp-json\/wp\/v2\/posts\/162709","targetHints":{"allow":["GET"]}}],"collection":[{"href":"https:\/\/www.thebestsocial.media\/de\/wp-json\/wp\/v2\/posts"}],"about":[{"href":"https:\/\/www.thebestsocial.media\/de\/wp-json\/wp\/v2\/types\/post"}],"author":[{"embeddable":true,"href":"https:\/\/www.thebestsocial.media\/de\/wp-json\/wp\/v2\/users\/92"}],"replies":[{"embeddable":true,"href":"https:\/\/www.thebestsocial.media\/de\/wp-json\/wp\/v2\/comments?post=162709"}],"version-history":[{"count":8,"href":"https:\/\/www.thebestsocial.media\/de\/wp-json\/wp\/v2\/posts\/162709\/revisions"}],"predecessor-version":[{"id":162810,"href":"https:\/\/www.thebestsocial.media\/de\/wp-json\/wp\/v2\/posts\/162709\/revisions\/162810"}],"wp:featuredmedia":[{"embeddable":true,"href":"https:\/\/www.thebestsocial.media\/de\/wp-json\/wp\/v2\/media\/162808"}],"wp:attachment":[{"href":"https:\/\/www.thebestsocial.media\/de\/wp-json\/wp\/v2\/media?parent=162709"}],"wp:term":[{"taxonomy":"category","embeddable":true,"href":"https:\/\/www.thebestsocial.media\/de\/wp-json\/wp\/v2\/categories?post=162709"},{"taxonomy":"post_tag","embeddable":true,"href":"https:\/\/www.thebestsocial.media\/de\/wp-json\/wp\/v2\/tags?post=162709"}],"curies":[{"name":"wp","href":"https:\/\/api.w.org\/{rel}","templated":true}]}}