{"id":162681,"date":"2022-06-21T14:33:25","date_gmt":"2022-06-21T14:33:25","guid":{"rendered":"https:\/\/www.thebestsocial.media\/de\/?p=162681"},"modified":"2022-06-21T14:34:10","modified_gmt":"2022-06-21T14:34:10","slug":"fynn-kliemann-meldet-sich-zurueck","status":"publish","type":"post","link":"https:\/\/www.thebestsocial.media\/de\/fynn-kliemann-meldet-sich-zurueck\/","title":{"rendered":"Fynn Kliemann meldet sich mit w\u00fctender instagram-Story zur\u00fcck und st\u00f6\u00dft auf viel Unverst\u00e4ndnis"},"content":{"rendered":"<p>Es ist nun schon einige Wochen her, seit Jan B\u00f6hmermann im Neomagazin Royale <a href=\"https:\/\/www.thebestsocial.media\/de\/jan-boehmermann-entlarvt-fynn-kliemann-undurchsichtige-spenden-maskenbetrug-zdf-magazin-royal\/\" target=\"_blank\" rel=\"noopener\">Fynn Kliemanns dubiose Maskendeals<\/a> aufgedeckt hat. Nach anf\u00e4nglicher Aufregung, Entsetzen und Partei-Ergreifen folgte eine Entschuldigung seitens Kliemann, und das Versprechen, sich Zeit zu nehmen und mal ein bisschen &#8222;aufzur\u00e4umen&#8220;, dann wurde es etwas ruhiger um die ganze Angelegenheit. Am vergangenen Sonntag f\u00fchlte sich Fynn Kliemann nun pl\u00f6tzlich dazu bewegt, auf instagram ein wenig Dampf abzulassen. Auf Twitter wird dar\u00fcber ordentlich Tacheles geredet.<\/p>\n<p>&nbsp;<\/p>\n<h3>Hier zun\u00e4chst ein kleiner Einblick in seinen Rant:<\/h3>\n<blockquote class=\"twitter-tweet\">\n<p dir=\"ltr\" lang=\"de\">Die Reue hielt nicht lange: Fynn Kliemann hat gerade einen langen, w\u00fctenden Instagram-Rant ver\u00f6ffentlicht &#8211; gegen Medien, \u201ewildgewordene Reporter\u201c und die \u201ewoke linke Szene\u201c, die ihn kaputtmachen wolle, nur weil er \u201eanders\u201c sei. \ud83d\udea9 <a href=\"https:\/\/t.co\/3ELqhWRs4c\">pic.twitter.com\/3ELqhWRs4c<\/a><\/p>\n<p>\u2014 Anton Rainer (@antonrainer) <a href=\"https:\/\/twitter.com\/antonrainer\/status\/1538585772810719232?ref_src=twsrc%5Etfw\">June 19, 2022<\/a><\/p><\/blockquote>\n<p><script async src=\"https:\/\/platform.twitter.com\/widgets.js\" charset=\"utf-8\"><\/script><\/p>\n<p><strong>(das komplette Statement findet man auf YouTube, zum Beispiel <a href=\"https:\/\/www.youtube.com\/watch?v=cki7vKNpFgw\" target=\"_blank\" rel=\"noopener\">hier<\/a>)<\/strong><\/p>\n<p>&nbsp;<\/p>\n<h3>Whoopsie?<\/h3>\n<blockquote class=\"twitter-tweet\">\n<p dir=\"ltr\" lang=\"de\">Der so spontan in die Kamera gesprochene Meltdown von <a href=\"https:\/\/twitter.com\/hashtag\/fynnkliemann?src=hash&amp;ref_src=twsrc%5Etfw\">#fynnkliemann<\/a> ist \u00fcbrigens alles andere als spontan, sondern ein maximal geschnittenes Video.<br \/>\nIst also nicht so als w\u00e4re ihm das mal eben in der Emotion raus \u2026 \u00e4h\u2026 \u201emausgerutscht\u201c.<\/p>\n<p>Der Aspekt kommt mir doch was kurz hier.<\/p>\n<p>\u2014 GeimpftLi (@DragonLi_) <a href=\"https:\/\/twitter.com\/DragonLi_\/status\/1538683122941890560?ref_src=twsrc%5Etfw\">June 20, 2022<\/a><\/p><\/blockquote>\n<p><script async src=\"https:\/\/platform.twitter.com\/widgets.js\" charset=\"utf-8\"><\/script><\/p>\n<p>&nbsp;<\/p>\n<h3>So originell!<\/h3>\n<blockquote class=\"twitter-tweet\">\n<p dir=\"ltr\" lang=\"de\">Die krassen Sachen, die noch nie jemand zuvor gemacht hat in question: 1 zu 1 Englischsprachige Heimwerker-YouTuber kopieren, Leute nicht bezahlen, belanglose Pop-Songs schreiben, eine kleine M\u00fctze aufsetzen, sich an Refugees bereichern <a href=\"https:\/\/twitter.com\/hashtag\/fynnkliemann?src=hash&amp;ref_src=twsrc%5Etfw\">#fynnkliemann<\/a> <a href=\"https:\/\/twitter.com\/hashtag\/kliemannsland?src=hash&amp;ref_src=twsrc%5Etfw\">#kliemannsland<\/a><\/p>\n<p>\u2014 Grognon (@st_b_n) <a href=\"https:\/\/twitter.com\/st_b_n\/status\/1538769765896003584?ref_src=twsrc%5Etfw\">June 20, 2022<\/a><\/p><\/blockquote>\n<p><script async src=\"https:\/\/platform.twitter.com\/widgets.js\" charset=\"utf-8\"><\/script><\/p>\n<p>&nbsp;<\/p>\n<p>&nbsp;<\/p>\n<h3>Das Mitleid h\u00e4lt sich sehr in Grenzen.<\/h3>\n<blockquote class=\"twitter-tweet\">\n<p dir=\"ltr\" lang=\"de\">Dicker <a href=\"https:\/\/twitter.com\/hashtag\/fynnkliemann?src=hash&amp;ref_src=twsrc%5Etfw\">#fynnkliemann<\/a> niemand hasst dich weil du \u201eanders\u201c bist sondern weil du einfach auch nur nen weiterer langweiliger Kapitalist bist der f\u00fcr maximalen Profit Leute unbezahlt arbeiten l\u00e4sst und nicht funktionierende Masken an Refugees verteilt.<\/p>\n<p>\u2014 ibu\u2018ibu (@ibuibu_nk) <a href=\"https:\/\/twitter.com\/ibuibu_nk\/status\/1538610817410670595?ref_src=twsrc%5Etfw\">June 19, 2022<\/a><\/p><\/blockquote>\n<p><script async src=\"https:\/\/platform.twitter.com\/widgets.js\" charset=\"utf-8\"><\/script><\/p>\n<p>&nbsp;<\/p>\n<h3>Die Aktion kommt bei vielen, vorsichtig gesagt, nicht so gut an.<\/h3>\n<blockquote class=\"twitter-tweet\">\n<p dir=\"ltr\" lang=\"de\">Etwas Schlimmes tun.<br \/>\nErwischt werden.<br \/>\nReue zeigen.<br \/>\nMerken, dass die Tat trotzdem nicht einfach vergessen wird.<br \/>\nW\u00fctend werden.<br \/>\nBisschen durchdrehen.<br \/>\nSich selbst als Opfer und als K\u00e4mpfer f\u00fcr das Gute darstellen.<\/p>\n<p>Was f\u00fcr ein altes, unangenehm mitanzusehendes Muster. <a href=\"https:\/\/twitter.com\/hashtag\/fynnkliemann?src=hash&amp;ref_src=twsrc%5Etfw\">#fynnkliemann<\/a><\/p>\n<p>\u2014 Sarah Bosetti (@sarahbosetti) <a href=\"https:\/\/twitter.com\/sarahbosetti\/status\/1538622213779345416?ref_src=twsrc%5Etfw\">June 19, 2022<\/a><\/p><\/blockquote>\n<p><script async src=\"https:\/\/platform.twitter.com\/widgets.js\" charset=\"utf-8\"><\/script><\/p>\n<p>&nbsp;<\/p>\n<h3>Woran liegt das?<\/h3>\n<blockquote class=\"twitter-tweet\">\n<p dir=\"ltr\" lang=\"de\">Was ich aus der Story von <a href=\"https:\/\/twitter.com\/hashtag\/fynnkliemann?src=hash&amp;ref_src=twsrc%5Etfw\">#fynnkliemann<\/a> raush\u00f6re: MIR EGAL DASS IHR MICH NICHT M\u00d6GT \ud83d\ude20 ICH MAG EUCH AUCH NICHT \ud83d\ude20 ABER BITTE HABT MICH WIEDER LIEB OK \ud83e\udd7a<\/p>\n<p>\u2014 P\u00f6beline (@TariTarina) <a href=\"https:\/\/twitter.com\/TariTarina\/status\/1538941065822101505?ref_src=twsrc%5Etfw\">June 20, 2022<\/a><\/p><\/blockquote>\n<p><script async src=\"https:\/\/platform.twitter.com\/widgets.js\" charset=\"utf-8\"><\/script><\/p>\n<p>&nbsp;<\/p>\n<h3>Frechheit!<\/h3>\n<blockquote class=\"twitter-tweet\">\n<p dir=\"ltr\" lang=\"de\">Fynn Kliemann findet Links-Twitter zu woke, weil diese \u00fcberkorrekten Arschgeigen ihn nicht daf\u00fcr feiern, \u201eMade in Europe\u201c Produkte in China zu produzieren, Herkunftsl\u00e4nder zu manipulieren und mangelhafte Ware an Fl\u00fcchtlinge zu spenden. Wieviel muss <a href=\"https:\/\/twitter.com\/hashtag\/fynnkliemann?src=hash&amp;ref_src=twsrc%5Etfw\">#fynnkliemann<\/a> noch ertragen?<\/p>\n<p>\u2014 Marie von den Benken (@Regendelfin) <a href=\"https:\/\/twitter.com\/Regendelfin\/status\/1538628184593289222?ref_src=twsrc%5Etfw\">June 19, 2022<\/a><\/p><\/blockquote>\n<p><script async src=\"https:\/\/platform.twitter.com\/widgets.js\" charset=\"utf-8\"><\/script><\/p>\n<p>&nbsp;<\/p>\n<h3>Achso und hier Dings, wegen Kliemannsland, ne&#8230;<\/h3>\n<blockquote class=\"twitter-tweet\">\n<p dir=\"ltr\" lang=\"de\">\u201eSelbst wenn ihr mich nicht m\u00f6gt, es geht beim Kliemannsland nicht um mich!\u201c<\/p>\n<p>Bro, du hast das Ding wortw\u00f6rtlich nach dir benannt??? \ud83d\ude2d\ud83d\ude2d\ud83d\ude2d\ud83d\ude2d<a href=\"https:\/\/twitter.com\/hashtag\/fynnkliemann?src=hash&amp;ref_src=twsrc%5Etfw\">#fynnkliemann<\/a><\/p>\n<p>\u2014 Spielenator (@Spielenator) <a href=\"https:\/\/twitter.com\/Spielenator\/status\/1538614435358580738?ref_src=twsrc%5Etfw\">June 19, 2022<\/a><\/p><\/blockquote>\n<p><script async src=\"https:\/\/platform.twitter.com\/widgets.js\" charset=\"utf-8\"><\/script><\/p>\n<p>&nbsp;<\/p>\n<h3>Also eins muss man ihm lassen: Das hat er drauf&#8230;<\/h3>\n<blockquote class=\"twitter-tweet\">\n<p dir=\"ltr\" lang=\"de\">In seinem neuesten DIY Video zeigt <a href=\"https:\/\/twitter.com\/hashtag\/fynnkliemann?src=hash&amp;ref_src=twsrc%5Etfw\">#fynnkliemann<\/a> euch \u00fcbrigens wie man sich selbst demontiert.<\/p>\n<p>\u2014 trollbrecht (@trollbrecht) <a href=\"https:\/\/twitter.com\/trollbrecht\/status\/1538635996002140162?ref_src=twsrc%5Etfw\">June 19, 2022<\/a><\/p><\/blockquote>\n<p><script async src=\"https:\/\/platform.twitter.com\/widgets.js\" charset=\"utf-8\"><\/script><\/p>\n<p>&nbsp;<\/p>\n<h3>Fragt sich nur: Was kommt als n\u00e4chstes?<\/h3>\n<blockquote class=\"twitter-tweet\">\n<p dir=\"ltr\" lang=\"de\">N\u00e4chster Skandal: Fynn Kliemann ging bei Rot \u00fcber Stra\u00dfe, obwohl Kinder in der N\u00e4he waren <a href=\"https:\/\/twitter.com\/hashtag\/fynnkliemann?src=hash&amp;ref_src=twsrc%5Etfw\">#fynnkliemann<\/a> <a href=\"https:\/\/t.co\/BNu23PRKSq\">https:\/\/t.co\/BNu23PRKSq<\/a><\/p>\n<p>\u2014 Der Postillon (@Der_Postillon) <a href=\"https:\/\/twitter.com\/Der_Postillon\/status\/1539205317736775680?ref_src=twsrc%5Etfw\">June 21, 2022<\/a><\/p><\/blockquote>\n<p><script async src=\"https:\/\/platform.twitter.com\/widgets.js\" charset=\"utf-8\"><\/script><\/p>\n<p>&nbsp;<\/p>\n<h3>Wir werden sehen.<\/h3>\n<blockquote class=\"twitter-tweet\">\n<p dir=\"ltr\" lang=\"de\">ARD-Recherche: Fynn Kliemann pfuschte bei Kunstauktionen <a href=\"https:\/\/t.co\/IBJ0ihVmlN\">https:\/\/t.co\/IBJ0ihVmlN<\/a> <a href=\"https:\/\/twitter.com\/hashtag\/Investigativ?src=hash&amp;ref_src=twsrc%5Etfw\">#Investigativ<\/a> <a href=\"https:\/\/twitter.com\/hashtag\/FynnKliemann?src=hash&amp;ref_src=twsrc%5Etfw\">#FynnKliemann<\/a> <a href=\"https:\/\/twitter.com\/hashtag\/Kontraste?src=hash&amp;ref_src=twsrc%5Etfw\">#Kontraste<\/a><\/p>\n<p>\u2014 tagesschau (@tagesschau) <a href=\"https:\/\/twitter.com\/tagesschau\/status\/1538933805335060484?ref_src=twsrc%5Etfw\">June 20, 2022<\/a><\/p><\/blockquote>\n<p><script async src=\"https:\/\/platform.twitter.com\/widgets.js\" charset=\"utf-8\"><\/script><\/p>\n<p>___<br \/>\nDanke an alle f\u00fcr die Posts!<br \/>\n___<\/p>\n<p><strong>Hey! Wir suchen neue Kolleg:innen! Du liebst die Internetkultur und verstehst, dass TikToks mehr als nur kurze, nervige Videos sind? Hast du bereits eine gesunde Social-Media-Sucht entwickelt? Du lebst online, wei\u00dft, was im Moment passiert ist und was morgen angesagt sein wird?\u00a0<\/strong><strong><a href=\"https:\/\/www.thebestsocialjobs.com\/de\/\">Dann werde Teil unseres Teams!<\/a><\/strong><\/p>\n","protected":false},"excerpt":{"rendered":"<p>Es ist nun schon einige Wochen her, seit Jan B\u00f6hmermann im Neomagazin Royale Fynn Kliemanns dubiose Maskendeals aufgedeckt hat. Nach anf\u00e4nglicher Aufregung, Entsetzen und Partei-Ergreifen&#8230;<\/p>\n","protected":false},"author":73,"featured_media":162701,"comment_status":"open","ping_status":"open","sticky":false,"template":"","format":"standard","meta":{"_acf_changed":false,"footnotes":""},"categories":[460,1777,14,1839,35],"tags":[1596,680],"class_list":["post-162681","post","type-post","status-publish","format-standard","has-post-thumbnail","hentry","category-fail","category-influencer","category-instagram","category-television","category-twitter","tag-fynn-kliemann","tag-shitstorm"],"acf":[],"yoast_head":"<!-- This site is optimized with the Yoast SEO plugin v27.5 - https:\/\/yoast.com\/product\/yoast-seo-wordpress\/ -->\n<title>Fynn Kliemann meldet sich auf instagram zur\u00fcck und st\u00f6\u00dft auf viel Kritik<\/title>\n<meta name=\"robots\" content=\"index, follow, max-snippet:-1, max-image-preview:large, max-video-preview:-1\" \/>\n<link rel=\"canonical\" href=\"https:\/\/www.thebestsocial.media\/de\/fynn-kliemann-meldet-sich-zurueck\/\" \/>\n<meta property=\"og:locale\" content=\"de_DE\" \/>\n<meta property=\"og:type\" content=\"article\" \/>\n<meta property=\"og:title\" content=\"Fynn Kliemann meldet sich mit w\u00fctender instagram-Story zur\u00fcck und st\u00f6\u00dft auf viel Unverst\u00e4ndnis\" \/>\n<meta property=\"og:description\" content=\"Es ist nun schon einige Wochen her, seit Jan B\u00f6hmermann im Neomagazin Royale Fynn Kliemanns dubiose Maskendeals aufgedeckt hat. Nach anf\u00e4nglicher Aufregung, Entsetzen und Partei-Ergreifen...\" \/>\n<meta property=\"og:url\" content=\"https:\/\/www.thebestsocial.media\/de\/fynn-kliemann-meldet-sich-zurueck\/\" \/>\n<meta property=\"og:site_name\" content=\"The Best Social Media DE\" \/>\n<meta property=\"article:published_time\" content=\"2022-06-21T14:33:25+00:00\" \/>\n<meta property=\"article:modified_time\" content=\"2022-06-21T14:34:10+00:00\" \/>\n<meta property=\"og:image\" content=\"https:\/\/www.thebestsocial.media\/de\/wp-content\/uploads\/sites\/3\/2022\/06\/header-kliemann.png\" \/>\n\t<meta property=\"og:image:width\" content=\"1200\" \/>\n\t<meta property=\"og:image:height\" content=\"630\" \/>\n\t<meta property=\"og:image:type\" content=\"image\/png\" \/>\n<meta name=\"author\" content=\"Helene Mei\u00dfner\" \/>\n<meta name=\"twitter:card\" content=\"summary_large_image\" \/>\n<meta name=\"twitter:label1\" content=\"Verfasst von\" \/>\n\t<meta name=\"twitter:data1\" content=\"Helene Mei\u00dfner\" \/>\n\t<meta name=\"twitter:label2\" content=\"Gesch\u00e4tzte Lesezeit\" \/>\n\t<meta name=\"twitter:data2\" content=\"3\u00a0Minuten\" \/>\n<script type=\"application\/ld+json\" class=\"yoast-schema-graph\">{\"@context\":\"https:\\\/\\\/schema.org\",\"@graph\":[{\"@type\":\"Article\",\"@id\":\"https:\\\/\\\/www.thebestsocial.media\\\/de\\\/fynn-kliemann-meldet-sich-zurueck\\\/#article\",\"isPartOf\":{\"@id\":\"https:\\\/\\\/www.thebestsocial.media\\\/de\\\/fynn-kliemann-meldet-sich-zurueck\\\/\"},\"author\":{\"name\":\"Helene Mei\u00dfner\",\"@id\":\"https:\\\/\\\/www.thebestsocial.media\\\/de\\\/#\\\/schema\\\/person\\\/6267acc046505b90b912687a039220df\"},\"headline\":\"Fynn Kliemann meldet sich mit w\u00fctender instagram-Story zur\u00fcck und st\u00f6\u00dft auf viel Unverst\u00e4ndnis\",\"datePublished\":\"2022-06-21T14:33:25+00:00\",\"dateModified\":\"2022-06-21T14:34:10+00:00\",\"mainEntityOfPage\":{\"@id\":\"https:\\\/\\\/www.thebestsocial.media\\\/de\\\/fynn-kliemann-meldet-sich-zurueck\\\/\"},\"wordCount\":629,\"commentCount\":0,\"image\":{\"@id\":\"https:\\\/\\\/www.thebestsocial.media\\\/de\\\/fynn-kliemann-meldet-sich-zurueck\\\/#primaryimage\"},\"thumbnailUrl\":\"https:\\\/\\\/www.thebestsocial.media\\\/de\\\/wp-content\\\/uploads\\\/sites\\\/3\\\/2022\\\/06\\\/pexels-pixabay-248533-scaled.jpg\",\"keywords\":[\"Fynn Kliemann\",\"shitstorm\"],\"articleSection\":[\"Fail\",\"Influencer\",\"Instagram\",\"Television\",\"Twitter\"],\"inLanguage\":\"de\",\"potentialAction\":[{\"@type\":\"CommentAction\",\"name\":\"Comment\",\"target\":[\"https:\\\/\\\/www.thebestsocial.media\\\/de\\\/fynn-kliemann-meldet-sich-zurueck\\\/#respond\"]}]},{\"@type\":\"WebPage\",\"@id\":\"https:\\\/\\\/www.thebestsocial.media\\\/de\\\/fynn-kliemann-meldet-sich-zurueck\\\/\",\"url\":\"https:\\\/\\\/www.thebestsocial.media\\\/de\\\/fynn-kliemann-meldet-sich-zurueck\\\/\",\"name\":\"Fynn Kliemann meldet sich auf instagram zur\u00fcck und st\u00f6\u00dft auf viel Kritik\",\"isPartOf\":{\"@id\":\"https:\\\/\\\/www.thebestsocial.media\\\/de\\\/#website\"},\"primaryImageOfPage\":{\"@id\":\"https:\\\/\\\/www.thebestsocial.media\\\/de\\\/fynn-kliemann-meldet-sich-zurueck\\\/#primaryimage\"},\"image\":{\"@id\":\"https:\\\/\\\/www.thebestsocial.media\\\/de\\\/fynn-kliemann-meldet-sich-zurueck\\\/#primaryimage\"},\"thumbnailUrl\":\"https:\\\/\\\/www.thebestsocial.media\\\/de\\\/wp-content\\\/uploads\\\/sites\\\/3\\\/2022\\\/06\\\/pexels-pixabay-248533-scaled.jpg\",\"datePublished\":\"2022-06-21T14:33:25+00:00\",\"dateModified\":\"2022-06-21T14:34:10+00:00\",\"author\":{\"@id\":\"https:\\\/\\\/www.thebestsocial.media\\\/de\\\/#\\\/schema\\\/person\\\/6267acc046505b90b912687a039220df\"},\"breadcrumb\":{\"@id\":\"https:\\\/\\\/www.thebestsocial.media\\\/de\\\/fynn-kliemann-meldet-sich-zurueck\\\/#breadcrumb\"},\"inLanguage\":\"de\",\"potentialAction\":[{\"@type\":\"ReadAction\",\"target\":[\"https:\\\/\\\/www.thebestsocial.media\\\/de\\\/fynn-kliemann-meldet-sich-zurueck\\\/\"]}]},{\"@type\":\"ImageObject\",\"inLanguage\":\"de\",\"@id\":\"https:\\\/\\\/www.thebestsocial.media\\\/de\\\/fynn-kliemann-meldet-sich-zurueck\\\/#primaryimage\",\"url\":\"https:\\\/\\\/www.thebestsocial.media\\\/de\\\/wp-content\\\/uploads\\\/sites\\\/3\\\/2022\\\/06\\\/pexels-pixabay-248533-scaled.jpg\",\"contentUrl\":\"https:\\\/\\\/www.thebestsocial.media\\\/de\\\/wp-content\\\/uploads\\\/sites\\\/3\\\/2022\\\/06\\\/pexels-pixabay-248533-scaled.jpg\",\"width\":2560,\"height\":1707},{\"@type\":\"BreadcrumbList\",\"@id\":\"https:\\\/\\\/www.thebestsocial.media\\\/de\\\/fynn-kliemann-meldet-sich-zurueck\\\/#breadcrumb\",\"itemListElement\":[{\"@type\":\"ListItem\",\"position\":1,\"name\":\"Home\",\"item\":\"https:\\\/\\\/www.thebestsocial.media\\\/de\\\/\"},{\"@type\":\"ListItem\",\"position\":2,\"name\":\"Fynn Kliemann meldet sich mit w\u00fctender instagram-Story zur\u00fcck und st\u00f6\u00dft auf viel Unverst\u00e4ndnis\"}]},{\"@type\":\"WebSite\",\"@id\":\"https:\\\/\\\/www.thebestsocial.media\\\/de\\\/#website\",\"url\":\"https:\\\/\\\/www.thebestsocial.media\\\/de\\\/\",\"name\":\"The Best Social Media DE\",\"description\":\"\",\"potentialAction\":[{\"@type\":\"SearchAction\",\"target\":{\"@type\":\"EntryPoint\",\"urlTemplate\":\"https:\\\/\\\/www.thebestsocial.media\\\/de\\\/?s={search_term_string}\"},\"query-input\":{\"@type\":\"PropertyValueSpecification\",\"valueRequired\":true,\"valueName\":\"search_term_string\"}}],\"inLanguage\":\"de\"},{\"@type\":\"Person\",\"@id\":\"https:\\\/\\\/www.thebestsocial.media\\\/de\\\/#\\\/schema\\\/person\\\/6267acc046505b90b912687a039220df\",\"name\":\"Helene Mei\u00dfner\",\"image\":{\"@type\":\"ImageObject\",\"inLanguage\":\"de\",\"@id\":\"https:\\\/\\\/secure.gravatar.com\\\/avatar\\\/6639fc0397860ac2c2e11b018c1f14be4a46c2378a91ac1b35730b724675daa8?s=96&d=mm&r=g\",\"url\":\"https:\\\/\\\/secure.gravatar.com\\\/avatar\\\/6639fc0397860ac2c2e11b018c1f14be4a46c2378a91ac1b35730b724675daa8?s=96&d=mm&r=g\",\"contentUrl\":\"https:\\\/\\\/secure.gravatar.com\\\/avatar\\\/6639fc0397860ac2c2e11b018c1f14be4a46c2378a91ac1b35730b724675daa8?s=96&d=mm&r=g\",\"caption\":\"Helene Mei\u00dfner\"},\"description\":\"Kommt aus Berlin und hat dementsprechend nat\u00fcrlich irgendwas mit Medien studiert. Verlegt oft Dinge, w\u00e4hrend sie sie in der Hand h\u00e4lt. Findet Kauger\u00e4usche unausstehlich. Hat eine Schw\u00e4che f\u00fcr Glitzer und immer mindestens 50 Tabs offen.\",\"sameAs\":[\"https:\\\/\\\/www.instagram.com\\\/he.leni\\\/\"],\"url\":\"https:\\\/\\\/www.thebestsocial.media\\\/de\\\/author\\\/helenemeissner\\\/\"}]}<\/script>\n<!-- \/ Yoast SEO plugin. -->","yoast_head_json":{"title":"Fynn Kliemann meldet sich auf instagram zur\u00fcck und st\u00f6\u00dft auf viel Kritik","robots":{"index":"index","follow":"follow","max-snippet":"max-snippet:-1","max-image-preview":"max-image-preview:large","max-video-preview":"max-video-preview:-1"},"canonical":"https:\/\/www.thebestsocial.media\/de\/fynn-kliemann-meldet-sich-zurueck\/","og_locale":"de_DE","og_type":"article","og_title":"Fynn Kliemann meldet sich mit w\u00fctender instagram-Story zur\u00fcck und st\u00f6\u00dft auf viel Unverst\u00e4ndnis","og_description":"Es ist nun schon einige Wochen her, seit Jan B\u00f6hmermann im Neomagazin Royale Fynn Kliemanns dubiose Maskendeals aufgedeckt hat. Nach anf\u00e4nglicher Aufregung, Entsetzen und Partei-Ergreifen...","og_url":"https:\/\/www.thebestsocial.media\/de\/fynn-kliemann-meldet-sich-zurueck\/","og_site_name":"The Best Social Media DE","article_published_time":"2022-06-21T14:33:25+00:00","article_modified_time":"2022-06-21T14:34:10+00:00","og_image":[{"width":1200,"height":630,"url":"https:\/\/www.thebestsocial.media\/de\/wp-content\/uploads\/sites\/3\/2022\/06\/header-kliemann.png","type":"image\/png"}],"author":"Helene Mei\u00dfner","twitter_card":"summary_large_image","twitter_misc":{"Verfasst von":"Helene Mei\u00dfner","Gesch\u00e4tzte Lesezeit":"3\u00a0Minuten"},"schema":{"@context":"https:\/\/schema.org","@graph":[{"@type":"Article","@id":"https:\/\/www.thebestsocial.media\/de\/fynn-kliemann-meldet-sich-zurueck\/#article","isPartOf":{"@id":"https:\/\/www.thebestsocial.media\/de\/fynn-kliemann-meldet-sich-zurueck\/"},"author":{"name":"Helene Mei\u00dfner","@id":"https:\/\/www.thebestsocial.media\/de\/#\/schema\/person\/6267acc046505b90b912687a039220df"},"headline":"Fynn Kliemann meldet sich mit w\u00fctender instagram-Story zur\u00fcck und st\u00f6\u00dft auf viel Unverst\u00e4ndnis","datePublished":"2022-06-21T14:33:25+00:00","dateModified":"2022-06-21T14:34:10+00:00","mainEntityOfPage":{"@id":"https:\/\/www.thebestsocial.media\/de\/fynn-kliemann-meldet-sich-zurueck\/"},"wordCount":629,"commentCount":0,"image":{"@id":"https:\/\/www.thebestsocial.media\/de\/fynn-kliemann-meldet-sich-zurueck\/#primaryimage"},"thumbnailUrl":"https:\/\/www.thebestsocial.media\/de\/wp-content\/uploads\/sites\/3\/2022\/06\/pexels-pixabay-248533-scaled.jpg","keywords":["Fynn Kliemann","shitstorm"],"articleSection":["Fail","Influencer","Instagram","Television","Twitter"],"inLanguage":"de","potentialAction":[{"@type":"CommentAction","name":"Comment","target":["https:\/\/www.thebestsocial.media\/de\/fynn-kliemann-meldet-sich-zurueck\/#respond"]}]},{"@type":"WebPage","@id":"https:\/\/www.thebestsocial.media\/de\/fynn-kliemann-meldet-sich-zurueck\/","url":"https:\/\/www.thebestsocial.media\/de\/fynn-kliemann-meldet-sich-zurueck\/","name":"Fynn Kliemann meldet sich auf instagram zur\u00fcck und st\u00f6\u00dft auf viel Kritik","isPartOf":{"@id":"https:\/\/www.thebestsocial.media\/de\/#website"},"primaryImageOfPage":{"@id":"https:\/\/www.thebestsocial.media\/de\/fynn-kliemann-meldet-sich-zurueck\/#primaryimage"},"image":{"@id":"https:\/\/www.thebestsocial.media\/de\/fynn-kliemann-meldet-sich-zurueck\/#primaryimage"},"thumbnailUrl":"https:\/\/www.thebestsocial.media\/de\/wp-content\/uploads\/sites\/3\/2022\/06\/pexels-pixabay-248533-scaled.jpg","datePublished":"2022-06-21T14:33:25+00:00","dateModified":"2022-06-21T14:34:10+00:00","author":{"@id":"https:\/\/www.thebestsocial.media\/de\/#\/schema\/person\/6267acc046505b90b912687a039220df"},"breadcrumb":{"@id":"https:\/\/www.thebestsocial.media\/de\/fynn-kliemann-meldet-sich-zurueck\/#breadcrumb"},"inLanguage":"de","potentialAction":[{"@type":"ReadAction","target":["https:\/\/www.thebestsocial.media\/de\/fynn-kliemann-meldet-sich-zurueck\/"]}]},{"@type":"ImageObject","inLanguage":"de","@id":"https:\/\/www.thebestsocial.media\/de\/fynn-kliemann-meldet-sich-zurueck\/#primaryimage","url":"https:\/\/www.thebestsocial.media\/de\/wp-content\/uploads\/sites\/3\/2022\/06\/pexels-pixabay-248533-scaled.jpg","contentUrl":"https:\/\/www.thebestsocial.media\/de\/wp-content\/uploads\/sites\/3\/2022\/06\/pexels-pixabay-248533-scaled.jpg","width":2560,"height":1707},{"@type":"BreadcrumbList","@id":"https:\/\/www.thebestsocial.media\/de\/fynn-kliemann-meldet-sich-zurueck\/#breadcrumb","itemListElement":[{"@type":"ListItem","position":1,"name":"Home","item":"https:\/\/www.thebestsocial.media\/de\/"},{"@type":"ListItem","position":2,"name":"Fynn Kliemann meldet sich mit w\u00fctender instagram-Story zur\u00fcck und st\u00f6\u00dft auf viel Unverst\u00e4ndnis"}]},{"@type":"WebSite","@id":"https:\/\/www.thebestsocial.media\/de\/#website","url":"https:\/\/www.thebestsocial.media\/de\/","name":"The Best Social Media DE","description":"","potentialAction":[{"@type":"SearchAction","target":{"@type":"EntryPoint","urlTemplate":"https:\/\/www.thebestsocial.media\/de\/?s={search_term_string}"},"query-input":{"@type":"PropertyValueSpecification","valueRequired":true,"valueName":"search_term_string"}}],"inLanguage":"de"},{"@type":"Person","@id":"https:\/\/www.thebestsocial.media\/de\/#\/schema\/person\/6267acc046505b90b912687a039220df","name":"Helene Mei\u00dfner","image":{"@type":"ImageObject","inLanguage":"de","@id":"https:\/\/secure.gravatar.com\/avatar\/6639fc0397860ac2c2e11b018c1f14be4a46c2378a91ac1b35730b724675daa8?s=96&d=mm&r=g","url":"https:\/\/secure.gravatar.com\/avatar\/6639fc0397860ac2c2e11b018c1f14be4a46c2378a91ac1b35730b724675daa8?s=96&d=mm&r=g","contentUrl":"https:\/\/secure.gravatar.com\/avatar\/6639fc0397860ac2c2e11b018c1f14be4a46c2378a91ac1b35730b724675daa8?s=96&d=mm&r=g","caption":"Helene Mei\u00dfner"},"description":"Kommt aus Berlin und hat dementsprechend nat\u00fcrlich irgendwas mit Medien studiert. Verlegt oft Dinge, w\u00e4hrend sie sie in der Hand h\u00e4lt. Findet Kauger\u00e4usche unausstehlich. Hat eine Schw\u00e4che f\u00fcr Glitzer und immer mindestens 50 Tabs offen.","sameAs":["https:\/\/www.instagram.com\/he.leni\/"],"url":"https:\/\/www.thebestsocial.media\/de\/author\/helenemeissner\/"}]}},"amp_enabled":true,"_links":{"self":[{"href":"https:\/\/www.thebestsocial.media\/de\/wp-json\/wp\/v2\/posts\/162681","targetHints":{"allow":["GET"]}}],"collection":[{"href":"https:\/\/www.thebestsocial.media\/de\/wp-json\/wp\/v2\/posts"}],"about":[{"href":"https:\/\/www.thebestsocial.media\/de\/wp-json\/wp\/v2\/types\/post"}],"author":[{"embeddable":true,"href":"https:\/\/www.thebestsocial.media\/de\/wp-json\/wp\/v2\/users\/73"}],"replies":[{"embeddable":true,"href":"https:\/\/www.thebestsocial.media\/de\/wp-json\/wp\/v2\/comments?post=162681"}],"version-history":[{"count":18,"href":"https:\/\/www.thebestsocial.media\/de\/wp-json\/wp\/v2\/posts\/162681\/revisions"}],"predecessor-version":[{"id":162699,"href":"https:\/\/www.thebestsocial.media\/de\/wp-json\/wp\/v2\/posts\/162681\/revisions\/162699"}],"wp:featuredmedia":[{"embeddable":true,"href":"https:\/\/www.thebestsocial.media\/de\/wp-json\/wp\/v2\/media\/162701"}],"wp:attachment":[{"href":"https:\/\/www.thebestsocial.media\/de\/wp-json\/wp\/v2\/media?parent=162681"}],"wp:term":[{"taxonomy":"category","embeddable":true,"href":"https:\/\/www.thebestsocial.media\/de\/wp-json\/wp\/v2\/categories?post=162681"},{"taxonomy":"post_tag","embeddable":true,"href":"https:\/\/www.thebestsocial.media\/de\/wp-json\/wp\/v2\/tags?post=162681"}],"curies":[{"name":"wp","href":"https:\/\/api.w.org\/{rel}","templated":true}]}}