{"id":162644,"date":"2022-06-20T15:20:17","date_gmt":"2022-06-20T15:20:17","guid":{"rendered":"https:\/\/www.thebestsocial.media\/de\/?p=162644"},"modified":"2022-06-21T11:27:03","modified_gmt":"2022-06-21T11:27:03","slug":"sonnencreme-nicht-vergessen-uv-schutz-ist-das-a-und-o-im-sommer","status":"publish","type":"post","link":"https:\/\/www.thebestsocial.media\/de\/sonnencreme-nicht-vergessen-uv-schutz-ist-das-a-und-o-im-sommer\/","title":{"rendered":"Sonnencreme nicht vergessen! UV-Schutz ist das A und O im Sommer"},"content":{"rendered":"<p>Eigentlich sollte man das ganze Jahr \u00fcber Sonnenschutz tragen, doch im Sommer ist es definitiv besonders wichtig. Es ist allerdings eine l\u00e4stige Aktion, die nur wenige gewissenhaft und gr\u00fcndlich machen.<\/p>\n<p>&nbsp;<\/p>\n<h3><strong>1. Die sollen lieber auch mal Sonnencreme benutzen. <\/strong><\/h3>\n<blockquote class=\"twitter-tweet\">\n<p dir=\"ltr\" lang=\"de\">Gibt es eigentlich Sonnencreme f\u00fcr Katzen? \ud83e\udd14 <a href=\"https:\/\/t.co\/jfvc0KCsKJ\">pic.twitter.com\/jfvc0KCsKJ<\/a><\/p>\n<p>\u2014 \ud83d\udc3aGraue W\u00f6lfin \ud83c\uddfa\ud83c\udde6 (@Carina_Hold) <a href=\"https:\/\/twitter.com\/Carina_Hold\/status\/1137718652256563200?ref_src=twsrc%5Etfw\">June 9, 2019<\/a><\/p><\/blockquote>\n<p><script async src=\"https:\/\/platform.twitter.com\/widgets.js\" charset=\"utf-8\"><\/script><\/p>\n<p>&nbsp;<\/p>\n<h3><strong>2. So schnell ist das Essen serviert. <\/strong><\/h3>\n<blockquote class=\"twitter-tweet\">\n<p dir=\"ltr\" lang=\"de\">Man nehme:<\/p>\n<p>\u2022ein mit Sonnencreme einge\u00f6ltes Kind<br \/>\n\u2022Sand<\/p>\n<p>Zack! Kinderschnitzel!<\/p>\n<p>\u2014 \u2b50\ufe0fWillkommen BeiAnja\u2b50\ufe0f (@BeiAnja) <a href=\"https:\/\/twitter.com\/BeiAnja\/status\/868467043984711680?ref_src=twsrc%5Etfw\">May 27, 2017<\/a><\/p><\/blockquote>\n<p><script async src=\"https:\/\/platform.twitter.com\/widgets.js\" charset=\"utf-8\"><\/script><\/p>\n<p>&nbsp;<\/p>\n<h3><strong>3. Das beste Beispiel daf\u00fcr, warum man sie nicht vergessen sollte. <\/strong><\/h3>\n<blockquote class=\"twitter-tweet\">\n<p dir=\"ltr\" lang=\"de\">Sonnencreme vergessen \ud83d\ude48 <a href=\"https:\/\/t.co\/jdx9ND92Kh\">pic.twitter.com\/jdx9ND92Kh<\/a><\/p>\n<p>\u2014 Mathehuhn (@Mathehuhn) <a href=\"https:\/\/twitter.com\/Mathehuhn\/status\/1514915515134889993?ref_src=twsrc%5Etfw\">April 15, 2022<\/a><\/p><\/blockquote>\n<p><script async src=\"https:\/\/platform.twitter.com\/widgets.js\" charset=\"utf-8\"><\/script><\/p>\n<p>&nbsp;<\/p>\n<h3><strong>4. Regenschutz geh\u00f6rt auch dazu.<\/strong><\/h3>\n<blockquote class=\"twitter-tweet\">\n<p dir=\"ltr\" lang=\"de\">Vergesst nicht euch gro\u00dfz\u00fcgig mit Sonnencreme einzuschmieren. Sch\u00f6ner als jetzt kann der Regen nicht abperlen.<\/p>\n<p>\u2014 Nicht Chevy Chase (@DrWaumiau) <a href=\"https:\/\/twitter.com\/DrWaumiau\/status\/880651507905028097?ref_src=twsrc%5Etfw\">June 30, 2017<\/a><\/p><\/blockquote>\n<p><script async src=\"https:\/\/platform.twitter.com\/widgets.js\" charset=\"utf-8\"><\/script><\/p>\n<p>&nbsp;<\/p>\n<h3><strong>5. Das A und O an hei\u00dfen Sommertagen. <\/strong><\/h3>\n<blockquote class=\"twitter-tweet\">\n<p dir=\"ltr\" lang=\"de\">Der bisher hei\u00dfeste Tag des Jahres steht an.<br \/>\nTrinkt viel Wasser (und erinnert eure \u00e4lteren Mitmenschen daran) und benutzt Sonnencreme.<\/p>\n<p>\u2014 thieves \ud83c\udfae | nightlythievery (@nightlythievery) <a href=\"https:\/\/twitter.com\/nightlythievery\/status\/868353097034235904?ref_src=twsrc%5Etfw\">May 27, 2017<\/a><\/p><\/blockquote>\n<p><script async src=\"https:\/\/platform.twitter.com\/widgets.js\" charset=\"utf-8\"><\/script><\/p>\n<p>&nbsp;<\/p>\n<h3><strong>6. Ohne w\u00e4re es noch unentspannter geworden. <\/strong><\/h3>\n<blockquote class=\"twitter-tweet\">\n<p dir=\"ltr\" lang=\"de\">Hab mich heute 3 mal mit der gleichen Sonnencreme eingecremt und mir trotzdem einen Sonnenbrand geholt. Ich werde sie morgen wieder benutzen, ohne Creme w\u00e4re es bestimmt schlimmer.<br \/>\nCremt euch ein, ihr sch\u00fctz euch und andere.<\/p>\n<p>\u2014 Deframing (@Deframing23) <a href=\"https:\/\/twitter.com\/Deframing23\/status\/1537855499600814088?ref_src=twsrc%5Etfw\">June 17, 2022<\/a><\/p><\/blockquote>\n<p><script async src=\"https:\/\/platform.twitter.com\/widgets.js\" charset=\"utf-8\"><\/script><\/p>\n<p>&nbsp;<\/p>\n<h3><strong>7. Ein effektives Sonnenschutz-Mittel. <\/strong><\/h3>\n<blockquote class=\"twitter-tweet\">\n<p dir=\"ltr\" lang=\"de\">Zum Gl\u00fcck hat mich der Gesundheitsminister darauf hingewiesen, dass man sich mit Sonnencreme vor UV-Strahlung sch\u00fctzen soll.<br \/>\nBisher habe ich daf\u00fcr ja immer Erdbeermarmelade benutzt.<\/p>\n<p>\u2014 Ringo Trutschke (@Nacktmagazin) <a href=\"https:\/\/twitter.com\/Nacktmagazin\/status\/1092689116221923328?ref_src=twsrc%5Etfw\">February 5, 2019<\/a><\/p><\/blockquote>\n<p><script async src=\"https:\/\/platform.twitter.com\/widgets.js\" charset=\"utf-8\"><\/script><\/p>\n<p>&nbsp;<\/p>\n<h3><strong>8. Ordentlich mit Seife waschen kann da nichts schaden. <\/strong><\/h3>\n<blockquote class=\"twitter-tweet\">\n<p dir=\"ltr\" lang=\"de\">Aus der Kategorie &#8222;h\u00e4tte ich besser wissen m\u00fcssen&#8220;:<br \/>\nZwischen Chili schneiden und sich mit Sonnencreme einschmieren ordentlicher die H\u00e4nde waschen.<\/p>\n<p>\u2014 Shiny (@Shiny1jux) <a href=\"https:\/\/twitter.com\/Shiny1jux\/status\/1144564501699813378?ref_src=twsrc%5Etfw\">June 28, 2019<\/a><\/p><\/blockquote>\n<p><script async src=\"https:\/\/platform.twitter.com\/widgets.js\" charset=\"utf-8\"><\/script><\/p>\n<h3><strong>9. Nicht jeder ist vom Konzept &#8222;Sommer&#8220; \u00fcberzeugt. <\/strong><\/h3>\n<p>&nbsp;<\/p>\n<blockquote class=\"twitter-tweet\">\n<p dir=\"ltr\" lang=\"de\">Mir ist zu warm, ich hab Kreislauf, alles klebt von Sonnencreme und ich hasse alles.<\/p>\n<p>Ich bin der Sommergrinch.<\/p>\n<p>\u2014 Quasselette (@Quasselette) <a href=\"https:\/\/twitter.com\/Quasselette\/status\/1268155708551450626?ref_src=twsrc%5Etfw\">June 3, 2020<\/a><\/p><\/blockquote>\n<p><script async src=\"https:\/\/platform.twitter.com\/widgets.js\" charset=\"utf-8\"><\/script><\/p>\n<p>&nbsp;<\/p>\n<h3><strong>10. Es kann sehr schnell gehen. <\/strong><\/h3>\n<blockquote class=\"twitter-tweet\">\n<p dir=\"ltr\" lang=\"de\">Almans: Ich brauche keine Sonnencreme<\/p>\n<p>Auch Almans nach 30 Minuten in der Sonne: <a href=\"https:\/\/t.co\/rotp0Y33cc\">pic.twitter.com\/rotp0Y33cc<\/a><\/p>\n<p>\u2014 \ud835\udc2d\ud835\udc22\ud835\udc33 \u2730 (@officialtiz) <a href=\"https:\/\/twitter.com\/officialtiz\/status\/1305625951628406789?ref_src=twsrc%5Etfw\">September 14, 2020<\/a><\/p><\/blockquote>\n<p><script async src=\"https:\/\/platform.twitter.com\/widgets.js\" charset=\"utf-8\"><\/script><br \/>\n\u2014<br \/>\n<strong>Keine Influencer! Kein Foodporn! Nur ganz viel Spa\u00df \u2013 bei uns auf Instagram:<\/strong><\/p>\n<p style=\"text-align: center;\"><strong>\u2014<\/strong><\/p>\n<blockquote class=\"instagram-media\" style=\"background: #FFF; border: 0; border-radius: 3px; box-shadow: 0 0 1px 0 rgba(0,0,0,0.5),0 1px 10px 0 rgba(0,0,0,0.15); margin: 1px; max-width: 540px; min-width: 326px; padding: 0; width: calc(100% - 2px);\" data-instgrm-captioned=\"\" data-instgrm-permalink=\"https:\/\/www.instagram.com\/p\/Ce5mj3GK4k2\/?utm_source=ig_embed&amp;utm_campaign=loading\" data-instgrm-version=\"14\">\n<div style=\"padding: 16px;\">\n<p>&nbsp;<\/p>\n<div style=\"display: flex; flex-direction: row; align-items: center;\">\n<div style=\"background-color: #f4f4f4; border-radius: 50%; flex-grow: 0; height: 40px; margin-right: 14px; width: 40px;\"><\/div>\n<div style=\"display: flex; flex-direction: column; flex-grow: 1; justify-content: center;\">\n<div style=\"background-color: #f4f4f4; border-radius: 4px; flex-grow: 0; height: 14px; margin-bottom: 6px; width: 100px;\"><\/div>\n<div style=\"background-color: #f4f4f4; border-radius: 4px; flex-grow: 0; height: 14px; width: 60px;\"><\/div>\n<\/div>\n<\/div>\n<div style=\"padding: 19% 0;\"><\/div>\n<div style=\"display: block; height: 50px; margin: 0 auto 12px; width: 50px;\"><\/div>\n<div style=\"padding-top: 8px;\">\n<div style=\"color: #3897f0; font-family: Arial,sans-serif; font-size: 14px; font-style: normal; font-weight: 550; line-height: 18px;\">View this post on Instagram<\/div>\n<\/div>\n<div style=\"padding: 12.5% 0;\"><\/div>\n<div style=\"display: flex; flex-direction: row; margin-bottom: 14px; align-items: center;\">\n<div>\n<div style=\"background-color: #f4f4f4; border-radius: 50%; height: 12.5px; width: 12.5px; transform: translateX(0px) translateY(7px);\"><\/div>\n<div style=\"background-color: #f4f4f4; height: 12.5px; transform: rotate(-45deg) translateX(3px) translateY(1px); width: 12.5px; flex-grow: 0; margin-right: 14px; margin-left: 2px;\"><\/div>\n<div style=\"background-color: #f4f4f4; border-radius: 50%; height: 12.5px; width: 12.5px; transform: translateX(9px) translateY(-18px);\"><\/div>\n<\/div>\n<div style=\"margin-left: 8px;\">\n<div style=\"background-color: #f4f4f4; border-radius: 50%; flex-grow: 0; height: 20px; width: 20px;\"><\/div>\n<div style=\"width: 0; height: 0; border-top: 2px solid transparent; border-left: 6px solid #f4f4f4; border-bottom: 2px solid transparent; transform: translateX(16px) translateY(-4px) rotate(30deg);\"><\/div>\n<\/div>\n<div style=\"margin-left: auto;\">\n<div style=\"width: 0px; border-top: 8px solid #F4F4F4; border-right: 8px solid transparent; transform: translateY(16px);\"><\/div>\n<div style=\"background-color: #f4f4f4; flex-grow: 0; height: 12px; width: 16px; transform: translateY(-4px);\"><\/div>\n<div style=\"width: 0; height: 0; border-top: 8px solid #F4F4F4; border-left: 8px solid transparent; transform: translateY(-4px) translateX(8px);\"><\/div>\n<\/div>\n<\/div>\n<div style=\"display: flex; flex-direction: column; flex-grow: 1; justify-content: center; margin-bottom: 24px;\">\n<div style=\"background-color: #f4f4f4; border-radius: 4px; flex-grow: 0; height: 14px; margin-bottom: 6px; width: 224px;\"><\/div>\n<div style=\"background-color: #f4f4f4; border-radius: 4px; flex-grow: 0; height: 14px; width: 144px;\"><\/div>\n<\/div>\n<p>&nbsp;<\/p>\n<p style=\"color: #c9c8cd; font-family: Arial,sans-serif; font-size: 14px; line-height: 17px; margin-bottom: 0; margin-top: 8px; overflow: hidden; padding: 8px 0 7px; text-align: center; text-overflow: ellipsis; white-space: nowrap;\"><a style=\"color: #c9c8cd; font-family: Arial,sans-serif; font-size: 14px; font-style: normal; font-weight: normal; line-height: 17px; text-decoration: none;\" href=\"https:\/\/www.instagram.com\/p\/Ce5mj3GK4k2\/?utm_source=ig_embed&amp;utm_campaign=loading\" target=\"_blank\" rel=\"noopener\">A post shared by The Best Social Media &#8211; DE (@thebestsocialmediade)<\/a><\/p>\n<\/div>\n<\/blockquote>\n\n<script async defer src=\"\/instagram-embed.js\"><\/script>","protected":false},"excerpt":{"rendered":"<p>Eigentlich sollte man das ganze Jahr \u00fcber Sonnenschutz tragen, doch im Sommer ist es definitiv besonders wichtig. Es ist allerdings eine l\u00e4stige Aktion, die nur&#8230;<\/p>\n","protected":false},"author":92,"featured_media":162657,"comment_status":"open","ping_status":"open","sticky":false,"template":"","format":"standard","meta":{"_acf_changed":false,"footnotes":""},"categories":[102,106,1116,35,1],"tags":[5195,5196],"class_list":["post-162644","post","type-post","status-publish","format-standard","has-post-thumbnail","hentry","category-allgemein","category-best-of","category-the-best-social","category-twitter","category-uncategorized","tag-sonnecreme","tag-uv-schutz"],"acf":[],"yoast_head":"<!-- This site is optimized with the Yoast SEO plugin v27.5 - https:\/\/yoast.com\/product\/yoast-seo-wordpress\/ -->\n<title>Sonnencreme nicht vergessen! UV-Schutz ist das A und O im Sommer<\/title>\n<meta name=\"robots\" content=\"index, follow, max-snippet:-1, max-image-preview:large, max-video-preview:-1\" \/>\n<link rel=\"canonical\" href=\"https:\/\/www.thebestsocial.media\/de\/sonnencreme-nicht-vergessen-uv-schutz-ist-das-a-und-o-im-sommer\/\" \/>\n<meta property=\"og:locale\" content=\"de_DE\" \/>\n<meta property=\"og:type\" content=\"article\" \/>\n<meta property=\"og:title\" content=\"Sonnencreme nicht vergessen! UV-Schutz ist das A und O im Sommer\" \/>\n<meta property=\"og:description\" content=\"Eigentlich sollte man das ganze Jahr \u00fcber Sonnenschutz tragen, doch im Sommer ist es definitiv besonders wichtig. Es ist allerdings eine l\u00e4stige Aktion, die nur...\" \/>\n<meta property=\"og:url\" content=\"https:\/\/www.thebestsocial.media\/de\/sonnencreme-nicht-vergessen-uv-schutz-ist-das-a-und-o-im-sommer\/\" \/>\n<meta property=\"og:site_name\" content=\"The Best Social Media DE\" \/>\n<meta property=\"article:author\" content=\"Anna Oeltges\" \/>\n<meta property=\"article:published_time\" content=\"2022-06-20T15:20:17+00:00\" \/>\n<meta property=\"article:modified_time\" content=\"2022-06-21T11:27:03+00:00\" \/>\n<meta property=\"og:image\" content=\"https:\/\/www.thebestsocial.media\/de\/wp-content\/uploads\/sites\/3\/2022\/06\/Header_Bild_Neu-Recovered-5.png\" \/>\n\t<meta property=\"og:image:width\" content=\"1200\" \/>\n\t<meta property=\"og:image:height\" content=\"630\" \/>\n\t<meta property=\"og:image:type\" content=\"image\/png\" \/>\n<meta name=\"author\" content=\"Anna Oeltges\" \/>\n<meta name=\"twitter:card\" content=\"summary_large_image\" \/>\n<meta name=\"twitter:creator\" content=\"@oeltges\" \/>\n<meta name=\"twitter:label1\" content=\"Verfasst von\" \/>\n\t<meta name=\"twitter:data1\" content=\"Anna Oeltges\" \/>\n\t<meta name=\"twitter:label2\" content=\"Gesch\u00e4tzte Lesezeit\" \/>\n\t<meta name=\"twitter:data2\" content=\"3\u00a0Minuten\" \/>\n<script type=\"application\/ld+json\" class=\"yoast-schema-graph\">{\"@context\":\"https:\\\/\\\/schema.org\",\"@graph\":[{\"@type\":\"Article\",\"@id\":\"https:\\\/\\\/www.thebestsocial.media\\\/de\\\/sonnencreme-nicht-vergessen-uv-schutz-ist-das-a-und-o-im-sommer\\\/#article\",\"isPartOf\":{\"@id\":\"https:\\\/\\\/www.thebestsocial.media\\\/de\\\/sonnencreme-nicht-vergessen-uv-schutz-ist-das-a-und-o-im-sommer\\\/\"},\"author\":{\"name\":\"Anna Oeltges\",\"@id\":\"https:\\\/\\\/www.thebestsocial.media\\\/de\\\/#\\\/schema\\\/person\\\/73ef7d3bb298de832c8f1c79b4a41e81\"},\"headline\":\"Sonnencreme nicht vergessen! UV-Schutz ist das A und O im Sommer\",\"datePublished\":\"2022-06-20T15:20:17+00:00\",\"dateModified\":\"2022-06-21T11:27:03+00:00\",\"mainEntityOfPage\":{\"@id\":\"https:\\\/\\\/www.thebestsocial.media\\\/de\\\/sonnencreme-nicht-vergessen-uv-schutz-ist-das-a-und-o-im-sommer\\\/\"},\"wordCount\":383,\"commentCount\":0,\"image\":{\"@id\":\"https:\\\/\\\/www.thebestsocial.media\\\/de\\\/sonnencreme-nicht-vergessen-uv-schutz-ist-das-a-und-o-im-sommer\\\/#primaryimage\"},\"thumbnailUrl\":\"https:\\\/\\\/www.thebestsocial.media\\\/de\\\/wp-content\\\/uploads\\\/sites\\\/3\\\/2022\\\/06\\\/pexels-rfstudio-3618606-scaled.jpg\",\"keywords\":[\"Sonnecreme\",\"UV-Schutz\"],\"articleSection\":{\"1\":\"Best of\",\"2\":\"The Best Social\",\"3\":\"Twitter\",\"4\":\"Uncategorized\"},\"inLanguage\":\"de\",\"potentialAction\":[{\"@type\":\"CommentAction\",\"name\":\"Comment\",\"target\":[\"https:\\\/\\\/www.thebestsocial.media\\\/de\\\/sonnencreme-nicht-vergessen-uv-schutz-ist-das-a-und-o-im-sommer\\\/#respond\"]}]},{\"@type\":\"WebPage\",\"@id\":\"https:\\\/\\\/www.thebestsocial.media\\\/de\\\/sonnencreme-nicht-vergessen-uv-schutz-ist-das-a-und-o-im-sommer\\\/\",\"url\":\"https:\\\/\\\/www.thebestsocial.media\\\/de\\\/sonnencreme-nicht-vergessen-uv-schutz-ist-das-a-und-o-im-sommer\\\/\",\"name\":\"Sonnencreme nicht vergessen! UV-Schutz ist das A und O im Sommer\",\"isPartOf\":{\"@id\":\"https:\\\/\\\/www.thebestsocial.media\\\/de\\\/#website\"},\"primaryImageOfPage\":{\"@id\":\"https:\\\/\\\/www.thebestsocial.media\\\/de\\\/sonnencreme-nicht-vergessen-uv-schutz-ist-das-a-und-o-im-sommer\\\/#primaryimage\"},\"image\":{\"@id\":\"https:\\\/\\\/www.thebestsocial.media\\\/de\\\/sonnencreme-nicht-vergessen-uv-schutz-ist-das-a-und-o-im-sommer\\\/#primaryimage\"},\"thumbnailUrl\":\"https:\\\/\\\/www.thebestsocial.media\\\/de\\\/wp-content\\\/uploads\\\/sites\\\/3\\\/2022\\\/06\\\/pexels-rfstudio-3618606-scaled.jpg\",\"datePublished\":\"2022-06-20T15:20:17+00:00\",\"dateModified\":\"2022-06-21T11:27:03+00:00\",\"author\":{\"@id\":\"https:\\\/\\\/www.thebestsocial.media\\\/de\\\/#\\\/schema\\\/person\\\/73ef7d3bb298de832c8f1c79b4a41e81\"},\"breadcrumb\":{\"@id\":\"https:\\\/\\\/www.thebestsocial.media\\\/de\\\/sonnencreme-nicht-vergessen-uv-schutz-ist-das-a-und-o-im-sommer\\\/#breadcrumb\"},\"inLanguage\":\"de\",\"potentialAction\":[{\"@type\":\"ReadAction\",\"target\":[\"https:\\\/\\\/www.thebestsocial.media\\\/de\\\/sonnencreme-nicht-vergessen-uv-schutz-ist-das-a-und-o-im-sommer\\\/\"]}]},{\"@type\":\"ImageObject\",\"inLanguage\":\"de\",\"@id\":\"https:\\\/\\\/www.thebestsocial.media\\\/de\\\/sonnencreme-nicht-vergessen-uv-schutz-ist-das-a-und-o-im-sommer\\\/#primaryimage\",\"url\":\"https:\\\/\\\/www.thebestsocial.media\\\/de\\\/wp-content\\\/uploads\\\/sites\\\/3\\\/2022\\\/06\\\/pexels-rfstudio-3618606-scaled.jpg\",\"contentUrl\":\"https:\\\/\\\/www.thebestsocial.media\\\/de\\\/wp-content\\\/uploads\\\/sites\\\/3\\\/2022\\\/06\\\/pexels-rfstudio-3618606-scaled.jpg\",\"width\":2560,\"height\":1708},{\"@type\":\"BreadcrumbList\",\"@id\":\"https:\\\/\\\/www.thebestsocial.media\\\/de\\\/sonnencreme-nicht-vergessen-uv-schutz-ist-das-a-und-o-im-sommer\\\/#breadcrumb\",\"itemListElement\":[{\"@type\":\"ListItem\",\"position\":1,\"name\":\"Home\",\"item\":\"https:\\\/\\\/www.thebestsocial.media\\\/de\\\/\"},{\"@type\":\"ListItem\",\"position\":2,\"name\":\"Sonnencreme nicht vergessen! UV-Schutz ist das A und O im Sommer\"}]},{\"@type\":\"WebSite\",\"@id\":\"https:\\\/\\\/www.thebestsocial.media\\\/de\\\/#website\",\"url\":\"https:\\\/\\\/www.thebestsocial.media\\\/de\\\/\",\"name\":\"The Best Social Media DE\",\"description\":\"\",\"potentialAction\":[{\"@type\":\"SearchAction\",\"target\":{\"@type\":\"EntryPoint\",\"urlTemplate\":\"https:\\\/\\\/www.thebestsocial.media\\\/de\\\/?s={search_term_string}\"},\"query-input\":{\"@type\":\"PropertyValueSpecification\",\"valueRequired\":true,\"valueName\":\"search_term_string\"}}],\"inLanguage\":\"de\"},{\"@type\":\"Person\",\"@id\":\"https:\\\/\\\/www.thebestsocial.media\\\/de\\\/#\\\/schema\\\/person\\\/73ef7d3bb298de832c8f1c79b4a41e81\",\"name\":\"Anna Oeltges\",\"image\":{\"@type\":\"ImageObject\",\"inLanguage\":\"de\",\"@id\":\"https:\\\/\\\/secure.gravatar.com\\\/avatar\\\/5ce5a6c547e9e6c1f06970e7e00b7d65cb62536add335c1e887b5723d76d3fd6?s=96&d=mm&r=g\",\"url\":\"https:\\\/\\\/secure.gravatar.com\\\/avatar\\\/5ce5a6c547e9e6c1f06970e7e00b7d65cb62536add335c1e887b5723d76d3fd6?s=96&d=mm&r=g\",\"contentUrl\":\"https:\\\/\\\/secure.gravatar.com\\\/avatar\\\/5ce5a6c547e9e6c1f06970e7e00b7d65cb62536add335c1e887b5723d76d3fd6?s=96&d=mm&r=g\",\"caption\":\"Anna Oeltges\"},\"sameAs\":[\"Anna Oeltges\",\"annaoeltges\",\"https:\\\/\\\/x.com\\\/oeltges\"],\"url\":\"https:\\\/\\\/www.thebestsocial.media\\\/de\\\/author\\\/anna\\\/\"}]}<\/script>\n<!-- \/ Yoast SEO plugin. -->","yoast_head_json":{"title":"Sonnencreme nicht vergessen! UV-Schutz ist das A und O im Sommer","robots":{"index":"index","follow":"follow","max-snippet":"max-snippet:-1","max-image-preview":"max-image-preview:large","max-video-preview":"max-video-preview:-1"},"canonical":"https:\/\/www.thebestsocial.media\/de\/sonnencreme-nicht-vergessen-uv-schutz-ist-das-a-und-o-im-sommer\/","og_locale":"de_DE","og_type":"article","og_title":"Sonnencreme nicht vergessen! UV-Schutz ist das A und O im Sommer","og_description":"Eigentlich sollte man das ganze Jahr \u00fcber Sonnenschutz tragen, doch im Sommer ist es definitiv besonders wichtig. Es ist allerdings eine l\u00e4stige Aktion, die nur...","og_url":"https:\/\/www.thebestsocial.media\/de\/sonnencreme-nicht-vergessen-uv-schutz-ist-das-a-und-o-im-sommer\/","og_site_name":"The Best Social Media DE","article_author":"Anna Oeltges","article_published_time":"2022-06-20T15:20:17+00:00","article_modified_time":"2022-06-21T11:27:03+00:00","og_image":[{"width":1200,"height":630,"url":"https:\/\/www.thebestsocial.media\/de\/wp-content\/uploads\/sites\/3\/2022\/06\/Header_Bild_Neu-Recovered-5.png","type":"image\/png"}],"author":"Anna Oeltges","twitter_card":"summary_large_image","twitter_creator":"@oeltges","twitter_misc":{"Verfasst von":"Anna Oeltges","Gesch\u00e4tzte Lesezeit":"3\u00a0Minuten"},"schema":{"@context":"https:\/\/schema.org","@graph":[{"@type":"Article","@id":"https:\/\/www.thebestsocial.media\/de\/sonnencreme-nicht-vergessen-uv-schutz-ist-das-a-und-o-im-sommer\/#article","isPartOf":{"@id":"https:\/\/www.thebestsocial.media\/de\/sonnencreme-nicht-vergessen-uv-schutz-ist-das-a-und-o-im-sommer\/"},"author":{"name":"Anna Oeltges","@id":"https:\/\/www.thebestsocial.media\/de\/#\/schema\/person\/73ef7d3bb298de832c8f1c79b4a41e81"},"headline":"Sonnencreme nicht vergessen! UV-Schutz ist das A und O im Sommer","datePublished":"2022-06-20T15:20:17+00:00","dateModified":"2022-06-21T11:27:03+00:00","mainEntityOfPage":{"@id":"https:\/\/www.thebestsocial.media\/de\/sonnencreme-nicht-vergessen-uv-schutz-ist-das-a-und-o-im-sommer\/"},"wordCount":383,"commentCount":0,"image":{"@id":"https:\/\/www.thebestsocial.media\/de\/sonnencreme-nicht-vergessen-uv-schutz-ist-das-a-und-o-im-sommer\/#primaryimage"},"thumbnailUrl":"https:\/\/www.thebestsocial.media\/de\/wp-content\/uploads\/sites\/3\/2022\/06\/pexels-rfstudio-3618606-scaled.jpg","keywords":["Sonnecreme","UV-Schutz"],"articleSection":{"1":"Best of","2":"The Best Social","3":"Twitter","4":"Uncategorized"},"inLanguage":"de","potentialAction":[{"@type":"CommentAction","name":"Comment","target":["https:\/\/www.thebestsocial.media\/de\/sonnencreme-nicht-vergessen-uv-schutz-ist-das-a-und-o-im-sommer\/#respond"]}]},{"@type":"WebPage","@id":"https:\/\/www.thebestsocial.media\/de\/sonnencreme-nicht-vergessen-uv-schutz-ist-das-a-und-o-im-sommer\/","url":"https:\/\/www.thebestsocial.media\/de\/sonnencreme-nicht-vergessen-uv-schutz-ist-das-a-und-o-im-sommer\/","name":"Sonnencreme nicht vergessen! UV-Schutz ist das A und O im Sommer","isPartOf":{"@id":"https:\/\/www.thebestsocial.media\/de\/#website"},"primaryImageOfPage":{"@id":"https:\/\/www.thebestsocial.media\/de\/sonnencreme-nicht-vergessen-uv-schutz-ist-das-a-und-o-im-sommer\/#primaryimage"},"image":{"@id":"https:\/\/www.thebestsocial.media\/de\/sonnencreme-nicht-vergessen-uv-schutz-ist-das-a-und-o-im-sommer\/#primaryimage"},"thumbnailUrl":"https:\/\/www.thebestsocial.media\/de\/wp-content\/uploads\/sites\/3\/2022\/06\/pexels-rfstudio-3618606-scaled.jpg","datePublished":"2022-06-20T15:20:17+00:00","dateModified":"2022-06-21T11:27:03+00:00","author":{"@id":"https:\/\/www.thebestsocial.media\/de\/#\/schema\/person\/73ef7d3bb298de832c8f1c79b4a41e81"},"breadcrumb":{"@id":"https:\/\/www.thebestsocial.media\/de\/sonnencreme-nicht-vergessen-uv-schutz-ist-das-a-und-o-im-sommer\/#breadcrumb"},"inLanguage":"de","potentialAction":[{"@type":"ReadAction","target":["https:\/\/www.thebestsocial.media\/de\/sonnencreme-nicht-vergessen-uv-schutz-ist-das-a-und-o-im-sommer\/"]}]},{"@type":"ImageObject","inLanguage":"de","@id":"https:\/\/www.thebestsocial.media\/de\/sonnencreme-nicht-vergessen-uv-schutz-ist-das-a-und-o-im-sommer\/#primaryimage","url":"https:\/\/www.thebestsocial.media\/de\/wp-content\/uploads\/sites\/3\/2022\/06\/pexels-rfstudio-3618606-scaled.jpg","contentUrl":"https:\/\/www.thebestsocial.media\/de\/wp-content\/uploads\/sites\/3\/2022\/06\/pexels-rfstudio-3618606-scaled.jpg","width":2560,"height":1708},{"@type":"BreadcrumbList","@id":"https:\/\/www.thebestsocial.media\/de\/sonnencreme-nicht-vergessen-uv-schutz-ist-das-a-und-o-im-sommer\/#breadcrumb","itemListElement":[{"@type":"ListItem","position":1,"name":"Home","item":"https:\/\/www.thebestsocial.media\/de\/"},{"@type":"ListItem","position":2,"name":"Sonnencreme nicht vergessen! UV-Schutz ist das A und O im Sommer"}]},{"@type":"WebSite","@id":"https:\/\/www.thebestsocial.media\/de\/#website","url":"https:\/\/www.thebestsocial.media\/de\/","name":"The Best Social Media DE","description":"","potentialAction":[{"@type":"SearchAction","target":{"@type":"EntryPoint","urlTemplate":"https:\/\/www.thebestsocial.media\/de\/?s={search_term_string}"},"query-input":{"@type":"PropertyValueSpecification","valueRequired":true,"valueName":"search_term_string"}}],"inLanguage":"de"},{"@type":"Person","@id":"https:\/\/www.thebestsocial.media\/de\/#\/schema\/person\/73ef7d3bb298de832c8f1c79b4a41e81","name":"Anna Oeltges","image":{"@type":"ImageObject","inLanguage":"de","@id":"https:\/\/secure.gravatar.com\/avatar\/5ce5a6c547e9e6c1f06970e7e00b7d65cb62536add335c1e887b5723d76d3fd6?s=96&d=mm&r=g","url":"https:\/\/secure.gravatar.com\/avatar\/5ce5a6c547e9e6c1f06970e7e00b7d65cb62536add335c1e887b5723d76d3fd6?s=96&d=mm&r=g","contentUrl":"https:\/\/secure.gravatar.com\/avatar\/5ce5a6c547e9e6c1f06970e7e00b7d65cb62536add335c1e887b5723d76d3fd6?s=96&d=mm&r=g","caption":"Anna Oeltges"},"sameAs":["Anna Oeltges","annaoeltges","https:\/\/x.com\/oeltges"],"url":"https:\/\/www.thebestsocial.media\/de\/author\/anna\/"}]}},"amp_enabled":true,"_links":{"self":[{"href":"https:\/\/www.thebestsocial.media\/de\/wp-json\/wp\/v2\/posts\/162644","targetHints":{"allow":["GET"]}}],"collection":[{"href":"https:\/\/www.thebestsocial.media\/de\/wp-json\/wp\/v2\/posts"}],"about":[{"href":"https:\/\/www.thebestsocial.media\/de\/wp-json\/wp\/v2\/types\/post"}],"author":[{"embeddable":true,"href":"https:\/\/www.thebestsocial.media\/de\/wp-json\/wp\/v2\/users\/92"}],"replies":[{"embeddable":true,"href":"https:\/\/www.thebestsocial.media\/de\/wp-json\/wp\/v2\/comments?post=162644"}],"version-history":[{"count":5,"href":"https:\/\/www.thebestsocial.media\/de\/wp-json\/wp\/v2\/posts\/162644\/revisions"}],"predecessor-version":[{"id":162654,"href":"https:\/\/www.thebestsocial.media\/de\/wp-json\/wp\/v2\/posts\/162644\/revisions\/162654"}],"wp:featuredmedia":[{"embeddable":true,"href":"https:\/\/www.thebestsocial.media\/de\/wp-json\/wp\/v2\/media\/162657"}],"wp:attachment":[{"href":"https:\/\/www.thebestsocial.media\/de\/wp-json\/wp\/v2\/media?parent=162644"}],"wp:term":[{"taxonomy":"category","embeddable":true,"href":"https:\/\/www.thebestsocial.media\/de\/wp-json\/wp\/v2\/categories?post=162644"},{"taxonomy":"post_tag","embeddable":true,"href":"https:\/\/www.thebestsocial.media\/de\/wp-json\/wp\/v2\/tags?post=162644"}],"curies":[{"name":"wp","href":"https:\/\/api.w.org\/{rel}","templated":true}]}}