{"id":162209,"date":"2022-06-07T10:05:24","date_gmt":"2022-06-07T10:05:24","guid":{"rendered":"https:\/\/www.thebestsocial.media\/de\/?p=162209"},"modified":"2022-06-10T14:58:41","modified_gmt":"2022-06-10T14:58:41","slug":"teenage-dirtbag-das-leben-als-jugendlicher-mit-all-seinen-facetten","status":"publish","type":"post","link":"https:\/\/www.thebestsocial.media\/de\/teenage-dirtbag-das-leben-als-jugendlicher-mit-all-seinen-facetten\/","title":{"rendered":"Teenage Dirtbag: Das Leben als Jugendlicher mit all seinen Facetten"},"content":{"rendered":"<p>Die Zeit als Teenager ist sowohl f\u00fcr die Betroffenen als auch das soziale Umfeld pr\u00e4gend. Junge Erwachsene lernen, was es hei\u00dft, Verantwortung f\u00fcr sich selbst und andere zu \u00fcbernehmen, aber auch die Sau rauszulassen und (manchmal heikle) Erfahrungen zu sammeln.<\/p>\n<p>&nbsp;<\/p>\n<h3><strong>1. Es kommt nur auf die Motivationsgr\u00fcnde an. <\/strong><\/h3>\n<blockquote class=\"twitter-tweet\">\n<p dir=\"ltr\" lang=\"de\">ItsLearning ist f\u00fcr Teenager das pure Darknet <a href=\"https:\/\/t.co\/kVjdHHtho0\">pic.twitter.com\/kVjdHHtho0<\/a><\/p>\n<p>\u2014 Gebbi Gibson (@GebbiGibson) <a href=\"https:\/\/twitter.com\/GebbiGibson\/status\/1388796333503430657?ref_src=twsrc%5Etfw\">May 2, 2021<\/a><\/p><\/blockquote>\n<p><script async src=\"https:\/\/platform.twitter.com\/widgets.js\" charset=\"utf-8\"><\/script><\/p>\n<p>&nbsp;<\/p>\n<h3><strong>2. Die verschiedenen Aspekte des Lebens als Teenager. <\/strong><\/h3>\n<p><video src=\"https:\/\/www.thebestsocial.media\/de\/wp-content\/uploads\/tiktok\/7072386050777287942.mp4\" controls width=\"623\" height=\"1108\" style=\"border:0; height:90vh; width:50.625000vh;\"><\/video><\/p>\n<p>&nbsp;<\/p>\n<h3><strong>3. Die Situationen k\u00f6nnten einigen bekannt vorkommen. <\/strong><\/h3>\n<p><video src=\"https:\/\/www.thebestsocial.media\/de\/wp-content\/uploads\/tiktok\/7093933713544711466.mp4\" controls width=\"623\" height=\"1108\" style=\"border:0; height:90vh; width:50.625000vh;\"><\/video><\/p>\n<p>&nbsp;<\/p>\n<h3><strong>4. Man muss sich nur schlau genug anstellen. <\/strong><\/h3>\n<blockquote class=\"twitter-tweet\">\n<p dir=\"ltr\" lang=\"de\">In Frankreich hat ein Teenager eine Playstation 4 auf die Gem\u00fcsewaage gelegt und so f\u00fcr 9,29 \u20ac gekauft.<br \/>\nDa hat er aber auch ein bisschen Gl\u00fcck gehabt, dass er nicht auf die Bio-Zitronen gedr\u00fcckt hat.<\/p>\n<p>\u2014 Peter Wittkamp \ud83c\uddfa\ud83c\udde6 (@diktator) <a href=\"https:\/\/twitter.com\/diktator\/status\/1090910114616430593?ref_src=twsrc%5Etfw\">January 31, 2019<\/a><\/p><\/blockquote>\n<p><script async src=\"https:\/\/platform.twitter.com\/widgets.js\" charset=\"utf-8\"><\/script><\/p>\n<p>&nbsp;<\/p>\n<h3><strong>5. Es kommt ganz allein auf die Betonung an.<\/strong><\/h3>\n<blockquote class=\"twitter-tweet\">\n<p dir=\"ltr\" lang=\"de\">Wie nennt man eine Maus, die gerne Earl Grey trinkt?<\/p>\n<p>Teenager<\/p>\n<p>Ihr werdet das Wort nie wieder in seiner urspr\u00fcnglichen Form betonen \ud83d\ude0f<\/p>\n<p>\u2014 \ud83e\udd18\ud83c\udffc Be (@sty__74) <a href=\"https:\/\/twitter.com\/sty__74\/status\/1236667771494285314?ref_src=twsrc%5Etfw\">March 8, 2020<\/a><\/p><\/blockquote>\n<p><script async src=\"https:\/\/platform.twitter.com\/widgets.js\" charset=\"utf-8\"><\/script><\/p>\n<p>&nbsp;<\/p>\n<h3><strong>6. Irgendwann werden die Rollen wieder getauscht. <\/strong><\/h3>\n<blockquote class=\"twitter-tweet\">\n<p dir=\"ltr\" lang=\"de\">Der Teenager hat mich heute gefragt, ob ich am Wochenende nicht bei Oma und Opa schlafen m\u00f6chte.<\/p>\n<p>\u2014 Talita (@talita_kum76) <a href=\"https:\/\/twitter.com\/talita_kum76\/status\/1460644815872446465?ref_src=twsrc%5Etfw\">November 16, 2021<\/a><\/p><\/blockquote>\n<p><script async src=\"https:\/\/platform.twitter.com\/widgets.js\" charset=\"utf-8\"><\/script><\/p>\n<p>&nbsp;<\/p>\n<h3><strong>7. Teenager der verschiedenen Generationen. <\/strong><\/h3>\n<blockquote class=\"twitter-tweet\">\n<p dir=\"ltr\" lang=\"de\">Mach dich ruhig weiter \u00fcber tanzende Teenager bei TikTok lustig und sei dankbar, dass niemand gefilmt hat wie du 1997 beim Feuerwehrfest in Bad D\u00fcrrheim nach zw\u00f6lf Cola-Korn zu &#8222;Gangsta&#8217;s Paradise&#8220; abgegangen bist.<\/p>\n<p>\u2014 Ringo Trutschke (@Nacktmagazin) <a href=\"https:\/\/twitter.com\/Nacktmagazin\/status\/1451128301024595970?ref_src=twsrc%5Etfw\">October 21, 2021<\/a><\/p><\/blockquote>\n<p><script async src=\"https:\/\/platform.twitter.com\/widgets.js\" charset=\"utf-8\"><\/script><\/p>\n<p>&nbsp;<\/p>\n<h3><strong>8. Wenigstens hat er noch an seinen Rucksack gedacht. <\/strong><\/h3>\n<blockquote class=\"twitter-tweet\">\n<p dir=\"ltr\" lang=\"de\">Der Teenager verlie\u00df gerade schlaftrunken das Haus, um zwei Sekunden sp\u00e4ter wieder zu klingeln, die Treppe hochzustapfen und seinen Rucksack mit den Schulsachen dann auch mitzunehmen.<\/p>\n<p>Einziger Kommentar: \u201eSag nix, Mama. Ist ok. 100 Likes gleich 1 Burger f\u00fcr mich.\u201c<\/p>\n<p>\u2014 Grauburguschi (@frauherbststurm) <a href=\"https:\/\/twitter.com\/frauherbststurm\/status\/1176724393315246080?ref_src=twsrc%5Etfw\">September 25, 2019<\/a><\/p><\/blockquote>\n<p><script async src=\"https:\/\/platform.twitter.com\/widgets.js\" charset=\"utf-8\"><\/script><\/p>\n<p>&nbsp;<\/p>\n<h3><strong>9. Das w\u00e4re definitiv schwierig geworden, mit der Distanz. <\/strong><\/h3>\n<blockquote class=\"twitter-tweet\">\n<p dir=\"ltr\" lang=\"de\">Im Urlaub habe ich als Teenager einen Jungen kennengelernt und mich heftig verliebt.<br \/>\n10 ganz tolle Tage.<br \/>\nAm letzten Urlaubstag haben wir beide beschlossen, dass es enden muss, weil es ja eh keinen Zweck h\u00e4tte.<br \/>\nWegen der Entfernung.<br \/>\nGanze 25 Km.<\/p>\n<p>\u2014 \ud83c\udff3\ufe0f\u200d\ud83c\udf08TopFritte\ud83c\udff3\ufe0f\u200d\ud83c\udf08\ud83d\ude37\ud83e\uddc1 (@Topfritte) <a href=\"https:\/\/twitter.com\/Topfritte\/status\/1357086584269635584?ref_src=twsrc%5Etfw\">February 3, 2021<\/a><\/p><\/blockquote>\n<p><script async src=\"https:\/\/platform.twitter.com\/widgets.js\" charset=\"utf-8\"><\/script><\/p>\n<p>&nbsp;<\/p>\n<h3><strong>10. Ehrlichkeit w\u00e4hrt am l\u00e4ngsten. <\/strong><\/h3>\n<p><video src=\"https:\/\/www.thebestsocial.media\/de\/wp-content\/uploads\/tiktok\/7062531292226784559.mp4\" controls width=\"623\" height=\"1108\" style=\"border:0; height:90vh; width:50.625000vh;\"><\/video><\/p>\n<p><strong>Hey! Wir suchen neue Kolleg:innen! Schau doch mal vorbei!<\/strong><\/p>\n<p style=\"text-align: center;\"><strong><a href=\"https:\/\/www.thebestsocialjobs.com\/de\/\" target=\"_blank\" rel=\"noopener\">Unsere aktuellen Stellenausschreibungen<\/a><\/strong><\/p>\n","protected":false},"excerpt":{"rendered":"<p>Die Zeit als Teenager ist sowohl f\u00fcr die Betroffenen als auch das soziale Umfeld pr\u00e4gend. Junge Erwachsene lernen, was es hei\u00dft, Verantwortung f\u00fcr sich selbst&#8230;<\/p>\n","protected":false},"author":92,"featured_media":162215,"comment_status":"open","ping_status":"open","sticky":false,"template":"","format":"standard","meta":{"_acf_changed":false,"footnotes":""},"categories":[102,106,1839,3641,35,1],"tags":[5161],"class_list":["post-162209","post","type-post","status-publish","format-standard","has-post-thumbnail","hentry","category-allgemein","category-best-of","category-television","category-tiktok","category-twitter","category-uncategorized","tag-teenage"],"acf":[],"yoast_head":"<!-- This site is optimized with the Yoast SEO plugin v27.5 - https:\/\/yoast.com\/product\/yoast-seo-wordpress\/ -->\n<title>Teenage Dirtbag: Das Leben als Jugendlicher mit all seinen Facetten<\/title>\n<meta name=\"robots\" content=\"index, follow, max-snippet:-1, max-image-preview:large, max-video-preview:-1\" \/>\n<link rel=\"canonical\" href=\"https:\/\/www.thebestsocial.media\/de\/teenage-dirtbag-das-leben-als-jugendlicher-mit-all-seinen-facetten\/\" \/>\n<meta property=\"og:locale\" content=\"de_DE\" \/>\n<meta property=\"og:type\" content=\"article\" \/>\n<meta property=\"og:title\" content=\"Teenage Dirtbag: Das Leben als Jugendlicher mit all seinen Facetten\" \/>\n<meta property=\"og:description\" content=\"Die Zeit als Teenager ist sowohl f\u00fcr die Betroffenen als auch das soziale Umfeld pr\u00e4gend. Junge Erwachsene lernen, was es hei\u00dft, Verantwortung f\u00fcr sich selbst...\" \/>\n<meta property=\"og:url\" content=\"https:\/\/www.thebestsocial.media\/de\/teenage-dirtbag-das-leben-als-jugendlicher-mit-all-seinen-facetten\/\" \/>\n<meta property=\"og:site_name\" content=\"The Best Social Media DE\" \/>\n<meta property=\"article:author\" content=\"Anna Oeltges\" \/>\n<meta property=\"article:published_time\" content=\"2022-06-07T10:05:24+00:00\" \/>\n<meta property=\"article:modified_time\" content=\"2022-06-10T14:58:41+00:00\" \/>\n<meta property=\"og:image\" content=\"https:\/\/www.thebestsocial.media\/de\/wp-content\/uploads\/sites\/3\/2022\/06\/Header_Bild_Neu-Recovered.png\" \/>\n\t<meta property=\"og:image:width\" content=\"1200\" \/>\n\t<meta property=\"og:image:height\" content=\"630\" \/>\n\t<meta property=\"og:image:type\" content=\"image\/png\" \/>\n<meta name=\"author\" content=\"Anna Oeltges\" \/>\n<meta name=\"twitter:card\" content=\"summary_large_image\" \/>\n<meta name=\"twitter:creator\" content=\"@oeltges\" \/>\n<meta name=\"twitter:label1\" content=\"Verfasst von\" \/>\n\t<meta name=\"twitter:data1\" content=\"Anna Oeltges\" \/>\n\t<meta name=\"twitter:label2\" content=\"Gesch\u00e4tzte Lesezeit\" \/>\n\t<meta name=\"twitter:data2\" content=\"3\u00a0Minuten\" \/>\n<script type=\"application\/ld+json\" class=\"yoast-schema-graph\">{\"@context\":\"https:\\\/\\\/schema.org\",\"@graph\":[{\"@type\":\"Article\",\"@id\":\"https:\\\/\\\/www.thebestsocial.media\\\/de\\\/teenage-dirtbag-das-leben-als-jugendlicher-mit-all-seinen-facetten\\\/#article\",\"isPartOf\":{\"@id\":\"https:\\\/\\\/www.thebestsocial.media\\\/de\\\/teenage-dirtbag-das-leben-als-jugendlicher-mit-all-seinen-facetten\\\/\"},\"author\":{\"name\":\"Anna Oeltges\",\"@id\":\"https:\\\/\\\/www.thebestsocial.media\\\/de\\\/#\\\/schema\\\/person\\\/73ef7d3bb298de832c8f1c79b4a41e81\"},\"headline\":\"Teenage Dirtbag: Das Leben als Jugendlicher mit all seinen Facetten\",\"datePublished\":\"2022-06-07T10:05:24+00:00\",\"dateModified\":\"2022-06-10T14:58:41+00:00\",\"mainEntityOfPage\":{\"@id\":\"https:\\\/\\\/www.thebestsocial.media\\\/de\\\/teenage-dirtbag-das-leben-als-jugendlicher-mit-all-seinen-facetten\\\/\"},\"wordCount\":431,\"commentCount\":0,\"image\":{\"@id\":\"https:\\\/\\\/www.thebestsocial.media\\\/de\\\/teenage-dirtbag-das-leben-als-jugendlicher-mit-all-seinen-facetten\\\/#primaryimage\"},\"thumbnailUrl\":\"https:\\\/\\\/www.thebestsocial.media\\\/de\\\/wp-content\\\/uploads\\\/sites\\\/3\\\/2022\\\/06\\\/pexels-cottonbro-6593793-scaled.jpg\",\"keywords\":[\"Teenage\"],\"articleSection\":{\"1\":\"Best of\",\"2\":\"Television\",\"3\":\"TikTok\",\"4\":\"Twitter\",\"5\":\"Uncategorized\"},\"inLanguage\":\"de\",\"potentialAction\":[{\"@type\":\"CommentAction\",\"name\":\"Comment\",\"target\":[\"https:\\\/\\\/www.thebestsocial.media\\\/de\\\/teenage-dirtbag-das-leben-als-jugendlicher-mit-all-seinen-facetten\\\/#respond\"]}]},{\"@type\":\"WebPage\",\"@id\":\"https:\\\/\\\/www.thebestsocial.media\\\/de\\\/teenage-dirtbag-das-leben-als-jugendlicher-mit-all-seinen-facetten\\\/\",\"url\":\"https:\\\/\\\/www.thebestsocial.media\\\/de\\\/teenage-dirtbag-das-leben-als-jugendlicher-mit-all-seinen-facetten\\\/\",\"name\":\"Teenage Dirtbag: Das Leben als Jugendlicher mit all seinen Facetten\",\"isPartOf\":{\"@id\":\"https:\\\/\\\/www.thebestsocial.media\\\/de\\\/#website\"},\"primaryImageOfPage\":{\"@id\":\"https:\\\/\\\/www.thebestsocial.media\\\/de\\\/teenage-dirtbag-das-leben-als-jugendlicher-mit-all-seinen-facetten\\\/#primaryimage\"},\"image\":{\"@id\":\"https:\\\/\\\/www.thebestsocial.media\\\/de\\\/teenage-dirtbag-das-leben-als-jugendlicher-mit-all-seinen-facetten\\\/#primaryimage\"},\"thumbnailUrl\":\"https:\\\/\\\/www.thebestsocial.media\\\/de\\\/wp-content\\\/uploads\\\/sites\\\/3\\\/2022\\\/06\\\/pexels-cottonbro-6593793-scaled.jpg\",\"datePublished\":\"2022-06-07T10:05:24+00:00\",\"dateModified\":\"2022-06-10T14:58:41+00:00\",\"author\":{\"@id\":\"https:\\\/\\\/www.thebestsocial.media\\\/de\\\/#\\\/schema\\\/person\\\/73ef7d3bb298de832c8f1c79b4a41e81\"},\"breadcrumb\":{\"@id\":\"https:\\\/\\\/www.thebestsocial.media\\\/de\\\/teenage-dirtbag-das-leben-als-jugendlicher-mit-all-seinen-facetten\\\/#breadcrumb\"},\"inLanguage\":\"de\",\"potentialAction\":[{\"@type\":\"ReadAction\",\"target\":[\"https:\\\/\\\/www.thebestsocial.media\\\/de\\\/teenage-dirtbag-das-leben-als-jugendlicher-mit-all-seinen-facetten\\\/\"]}]},{\"@type\":\"ImageObject\",\"inLanguage\":\"de\",\"@id\":\"https:\\\/\\\/www.thebestsocial.media\\\/de\\\/teenage-dirtbag-das-leben-als-jugendlicher-mit-all-seinen-facetten\\\/#primaryimage\",\"url\":\"https:\\\/\\\/www.thebestsocial.media\\\/de\\\/wp-content\\\/uploads\\\/sites\\\/3\\\/2022\\\/06\\\/pexels-cottonbro-6593793-scaled.jpg\",\"contentUrl\":\"https:\\\/\\\/www.thebestsocial.media\\\/de\\\/wp-content\\\/uploads\\\/sites\\\/3\\\/2022\\\/06\\\/pexels-cottonbro-6593793-scaled.jpg\",\"width\":2560,\"height\":1707},{\"@type\":\"BreadcrumbList\",\"@id\":\"https:\\\/\\\/www.thebestsocial.media\\\/de\\\/teenage-dirtbag-das-leben-als-jugendlicher-mit-all-seinen-facetten\\\/#breadcrumb\",\"itemListElement\":[{\"@type\":\"ListItem\",\"position\":1,\"name\":\"Home\",\"item\":\"https:\\\/\\\/www.thebestsocial.media\\\/de\\\/\"},{\"@type\":\"ListItem\",\"position\":2,\"name\":\"Teenage Dirtbag: Das Leben als Jugendlicher mit all seinen Facetten\"}]},{\"@type\":\"WebSite\",\"@id\":\"https:\\\/\\\/www.thebestsocial.media\\\/de\\\/#website\",\"url\":\"https:\\\/\\\/www.thebestsocial.media\\\/de\\\/\",\"name\":\"The Best Social Media DE\",\"description\":\"\",\"potentialAction\":[{\"@type\":\"SearchAction\",\"target\":{\"@type\":\"EntryPoint\",\"urlTemplate\":\"https:\\\/\\\/www.thebestsocial.media\\\/de\\\/?s={search_term_string}\"},\"query-input\":{\"@type\":\"PropertyValueSpecification\",\"valueRequired\":true,\"valueName\":\"search_term_string\"}}],\"inLanguage\":\"de\"},{\"@type\":\"Person\",\"@id\":\"https:\\\/\\\/www.thebestsocial.media\\\/de\\\/#\\\/schema\\\/person\\\/73ef7d3bb298de832c8f1c79b4a41e81\",\"name\":\"Anna Oeltges\",\"image\":{\"@type\":\"ImageObject\",\"inLanguage\":\"de\",\"@id\":\"https:\\\/\\\/secure.gravatar.com\\\/avatar\\\/5ce5a6c547e9e6c1f06970e7e00b7d65cb62536add335c1e887b5723d76d3fd6?s=96&d=mm&r=g\",\"url\":\"https:\\\/\\\/secure.gravatar.com\\\/avatar\\\/5ce5a6c547e9e6c1f06970e7e00b7d65cb62536add335c1e887b5723d76d3fd6?s=96&d=mm&r=g\",\"contentUrl\":\"https:\\\/\\\/secure.gravatar.com\\\/avatar\\\/5ce5a6c547e9e6c1f06970e7e00b7d65cb62536add335c1e887b5723d76d3fd6?s=96&d=mm&r=g\",\"caption\":\"Anna Oeltges\"},\"sameAs\":[\"Anna Oeltges\",\"annaoeltges\",\"https:\\\/\\\/x.com\\\/oeltges\"],\"url\":\"https:\\\/\\\/www.thebestsocial.media\\\/de\\\/author\\\/anna\\\/\"}]}<\/script>\n<!-- \/ Yoast SEO plugin. -->","yoast_head_json":{"title":"Teenage Dirtbag: Das Leben als Jugendlicher mit all seinen Facetten","robots":{"index":"index","follow":"follow","max-snippet":"max-snippet:-1","max-image-preview":"max-image-preview:large","max-video-preview":"max-video-preview:-1"},"canonical":"https:\/\/www.thebestsocial.media\/de\/teenage-dirtbag-das-leben-als-jugendlicher-mit-all-seinen-facetten\/","og_locale":"de_DE","og_type":"article","og_title":"Teenage Dirtbag: Das Leben als Jugendlicher mit all seinen Facetten","og_description":"Die Zeit als Teenager ist sowohl f\u00fcr die Betroffenen als auch das soziale Umfeld pr\u00e4gend. Junge Erwachsene lernen, was es hei\u00dft, Verantwortung f\u00fcr sich selbst...","og_url":"https:\/\/www.thebestsocial.media\/de\/teenage-dirtbag-das-leben-als-jugendlicher-mit-all-seinen-facetten\/","og_site_name":"The Best Social Media DE","article_author":"Anna Oeltges","article_published_time":"2022-06-07T10:05:24+00:00","article_modified_time":"2022-06-10T14:58:41+00:00","og_image":[{"width":1200,"height":630,"url":"https:\/\/www.thebestsocial.media\/de\/wp-content\/uploads\/sites\/3\/2022\/06\/Header_Bild_Neu-Recovered.png","type":"image\/png"}],"author":"Anna Oeltges","twitter_card":"summary_large_image","twitter_creator":"@oeltges","twitter_misc":{"Verfasst von":"Anna Oeltges","Gesch\u00e4tzte Lesezeit":"3\u00a0Minuten"},"schema":{"@context":"https:\/\/schema.org","@graph":[{"@type":"Article","@id":"https:\/\/www.thebestsocial.media\/de\/teenage-dirtbag-das-leben-als-jugendlicher-mit-all-seinen-facetten\/#article","isPartOf":{"@id":"https:\/\/www.thebestsocial.media\/de\/teenage-dirtbag-das-leben-als-jugendlicher-mit-all-seinen-facetten\/"},"author":{"name":"Anna Oeltges","@id":"https:\/\/www.thebestsocial.media\/de\/#\/schema\/person\/73ef7d3bb298de832c8f1c79b4a41e81"},"headline":"Teenage Dirtbag: Das Leben als Jugendlicher mit all seinen Facetten","datePublished":"2022-06-07T10:05:24+00:00","dateModified":"2022-06-10T14:58:41+00:00","mainEntityOfPage":{"@id":"https:\/\/www.thebestsocial.media\/de\/teenage-dirtbag-das-leben-als-jugendlicher-mit-all-seinen-facetten\/"},"wordCount":431,"commentCount":0,"image":{"@id":"https:\/\/www.thebestsocial.media\/de\/teenage-dirtbag-das-leben-als-jugendlicher-mit-all-seinen-facetten\/#primaryimage"},"thumbnailUrl":"https:\/\/www.thebestsocial.media\/de\/wp-content\/uploads\/sites\/3\/2022\/06\/pexels-cottonbro-6593793-scaled.jpg","keywords":["Teenage"],"articleSection":{"1":"Best of","2":"Television","3":"TikTok","4":"Twitter","5":"Uncategorized"},"inLanguage":"de","potentialAction":[{"@type":"CommentAction","name":"Comment","target":["https:\/\/www.thebestsocial.media\/de\/teenage-dirtbag-das-leben-als-jugendlicher-mit-all-seinen-facetten\/#respond"]}]},{"@type":"WebPage","@id":"https:\/\/www.thebestsocial.media\/de\/teenage-dirtbag-das-leben-als-jugendlicher-mit-all-seinen-facetten\/","url":"https:\/\/www.thebestsocial.media\/de\/teenage-dirtbag-das-leben-als-jugendlicher-mit-all-seinen-facetten\/","name":"Teenage Dirtbag: Das Leben als Jugendlicher mit all seinen Facetten","isPartOf":{"@id":"https:\/\/www.thebestsocial.media\/de\/#website"},"primaryImageOfPage":{"@id":"https:\/\/www.thebestsocial.media\/de\/teenage-dirtbag-das-leben-als-jugendlicher-mit-all-seinen-facetten\/#primaryimage"},"image":{"@id":"https:\/\/www.thebestsocial.media\/de\/teenage-dirtbag-das-leben-als-jugendlicher-mit-all-seinen-facetten\/#primaryimage"},"thumbnailUrl":"https:\/\/www.thebestsocial.media\/de\/wp-content\/uploads\/sites\/3\/2022\/06\/pexels-cottonbro-6593793-scaled.jpg","datePublished":"2022-06-07T10:05:24+00:00","dateModified":"2022-06-10T14:58:41+00:00","author":{"@id":"https:\/\/www.thebestsocial.media\/de\/#\/schema\/person\/73ef7d3bb298de832c8f1c79b4a41e81"},"breadcrumb":{"@id":"https:\/\/www.thebestsocial.media\/de\/teenage-dirtbag-das-leben-als-jugendlicher-mit-all-seinen-facetten\/#breadcrumb"},"inLanguage":"de","potentialAction":[{"@type":"ReadAction","target":["https:\/\/www.thebestsocial.media\/de\/teenage-dirtbag-das-leben-als-jugendlicher-mit-all-seinen-facetten\/"]}]},{"@type":"ImageObject","inLanguage":"de","@id":"https:\/\/www.thebestsocial.media\/de\/teenage-dirtbag-das-leben-als-jugendlicher-mit-all-seinen-facetten\/#primaryimage","url":"https:\/\/www.thebestsocial.media\/de\/wp-content\/uploads\/sites\/3\/2022\/06\/pexels-cottonbro-6593793-scaled.jpg","contentUrl":"https:\/\/www.thebestsocial.media\/de\/wp-content\/uploads\/sites\/3\/2022\/06\/pexels-cottonbro-6593793-scaled.jpg","width":2560,"height":1707},{"@type":"BreadcrumbList","@id":"https:\/\/www.thebestsocial.media\/de\/teenage-dirtbag-das-leben-als-jugendlicher-mit-all-seinen-facetten\/#breadcrumb","itemListElement":[{"@type":"ListItem","position":1,"name":"Home","item":"https:\/\/www.thebestsocial.media\/de\/"},{"@type":"ListItem","position":2,"name":"Teenage Dirtbag: Das Leben als Jugendlicher mit all seinen Facetten"}]},{"@type":"WebSite","@id":"https:\/\/www.thebestsocial.media\/de\/#website","url":"https:\/\/www.thebestsocial.media\/de\/","name":"The Best Social Media DE","description":"","potentialAction":[{"@type":"SearchAction","target":{"@type":"EntryPoint","urlTemplate":"https:\/\/www.thebestsocial.media\/de\/?s={search_term_string}"},"query-input":{"@type":"PropertyValueSpecification","valueRequired":true,"valueName":"search_term_string"}}],"inLanguage":"de"},{"@type":"Person","@id":"https:\/\/www.thebestsocial.media\/de\/#\/schema\/person\/73ef7d3bb298de832c8f1c79b4a41e81","name":"Anna Oeltges","image":{"@type":"ImageObject","inLanguage":"de","@id":"https:\/\/secure.gravatar.com\/avatar\/5ce5a6c547e9e6c1f06970e7e00b7d65cb62536add335c1e887b5723d76d3fd6?s=96&d=mm&r=g","url":"https:\/\/secure.gravatar.com\/avatar\/5ce5a6c547e9e6c1f06970e7e00b7d65cb62536add335c1e887b5723d76d3fd6?s=96&d=mm&r=g","contentUrl":"https:\/\/secure.gravatar.com\/avatar\/5ce5a6c547e9e6c1f06970e7e00b7d65cb62536add335c1e887b5723d76d3fd6?s=96&d=mm&r=g","caption":"Anna Oeltges"},"sameAs":["Anna Oeltges","annaoeltges","https:\/\/x.com\/oeltges"],"url":"https:\/\/www.thebestsocial.media\/de\/author\/anna\/"}]}},"amp_enabled":true,"_links":{"self":[{"href":"https:\/\/www.thebestsocial.media\/de\/wp-json\/wp\/v2\/posts\/162209","targetHints":{"allow":["GET"]}}],"collection":[{"href":"https:\/\/www.thebestsocial.media\/de\/wp-json\/wp\/v2\/posts"}],"about":[{"href":"https:\/\/www.thebestsocial.media\/de\/wp-json\/wp\/v2\/types\/post"}],"author":[{"embeddable":true,"href":"https:\/\/www.thebestsocial.media\/de\/wp-json\/wp\/v2\/users\/92"}],"replies":[{"embeddable":true,"href":"https:\/\/www.thebestsocial.media\/de\/wp-json\/wp\/v2\/comments?post=162209"}],"version-history":[{"count":9,"href":"https:\/\/www.thebestsocial.media\/de\/wp-json\/wp\/v2\/posts\/162209\/revisions"}],"predecessor-version":[{"id":162369,"href":"https:\/\/www.thebestsocial.media\/de\/wp-json\/wp\/v2\/posts\/162209\/revisions\/162369"}],"wp:featuredmedia":[{"embeddable":true,"href":"https:\/\/www.thebestsocial.media\/de\/wp-json\/wp\/v2\/media\/162215"}],"wp:attachment":[{"href":"https:\/\/www.thebestsocial.media\/de\/wp-json\/wp\/v2\/media?parent=162209"}],"wp:term":[{"taxonomy":"category","embeddable":true,"href":"https:\/\/www.thebestsocial.media\/de\/wp-json\/wp\/v2\/categories?post=162209"},{"taxonomy":"post_tag","embeddable":true,"href":"https:\/\/www.thebestsocial.media\/de\/wp-json\/wp\/v2\/tags?post=162209"}],"curies":[{"name":"wp","href":"https:\/\/api.w.org\/{rel}","templated":true}]}}