{"id":162093,"date":"2022-06-03T16:16:14","date_gmt":"2022-06-03T16:16:14","guid":{"rendered":"https:\/\/www.thebestsocial.media\/de\/?p=162093"},"modified":"2022-06-03T16:16:14","modified_gmt":"2022-06-03T16:16:14","slug":"sind-wir-schon-so-alt-16-posts-ueber-unsere-geliebten-kinderserien","status":"publish","type":"post","link":"https:\/\/www.thebestsocial.media\/de\/sind-wir-schon-so-alt-16-posts-ueber-unsere-geliebten-kinderserien\/","title":{"rendered":"Sind wir schon so alt? 16 Posts \u00fcber unsere geliebten Kinderserien"},"content":{"rendered":"<p>Biene Maja, Disneys gro\u00dfe Pause, die Gummib\u00e4renbande, Chip und Chap \u2013 es gibt unz\u00e4hlige Beispiele f\u00fcr Kinderserien, an die wir uns immer gerne zur\u00fcckerinnern. Die Kinderserien heutzutage sind ja auch v\u00f6llig Banane, oder? Das einzig Wahre gab es auf RTL2, KiKA und Super RTL zu sehen, ganz ohne Netflix und Amazon. Alles rund ums Thema Kinderserien, von den guten alten Serien der 80er, 90er und den besten Hits von heute (oder so) nur hier bei uns. Film ab!<\/p>\n<p>&nbsp;<\/p>\n<h2>1. V \u2013 Die au\u00dferirdischen Besucher!<\/h2>\n<blockquote class=\"twitter-tweet\">\n<p dir=\"ltr\" lang=\"de\">Ich hab mich mit Bekannten \u00fcber Serien aus unsere Jugend unterhalten. Dann haben Sie mich alle so komisch angeschaut, als ich von &#8222;Twin Peaks&#8220; &#8222;Danger Mouse&#8220; und &#8222;V &#8211; die Besucher&#8220; erz\u00e4hlt habe&#8230; man rutschte von mir weg&#8230; irgendwer fl\u00fcsterte &#8222;FREAK&#8220;&#8230;.<\/p>\n<p>\u2014 Miriam (@MSucrier) <a href=\"https:\/\/twitter.com\/MSucrier\/status\/1302355572369522688?ref_src=twsrc%5Etfw\">September 5, 2020<\/a><\/p><\/blockquote>\n<p><script async src=\"https:\/\/platform.twitter.com\/widgets.js\" charset=\"utf-8\"><\/script><\/p>\n<p>&nbsp;<\/p>\n<h2>2. Wusste nicht einmal, dass es Saw 8 gibt.<\/h2>\n<blockquote class=\"twitter-tweet\">\n<p dir=\"ltr\" lang=\"de\">F\u00fcr uns Kinder aus den 80ern ist die heutige Zeit gar nicht so einfach, wir wurden nur mit L\u00f6wenzahn und Sendung mit der Maus vorbereitet, ihr mit Saw 1-8.<\/p>\n<p>\u2014 Jean-Jacques Clich\u00e9 (@Killimanscharo) <a href=\"https:\/\/twitter.com\/Killimanscharo\/status\/1132735383920414720?ref_src=twsrc%5Etfw\">May 26, 2019<\/a><\/p><\/blockquote>\n<p><script async src=\"https:\/\/platform.twitter.com\/widgets.js\" charset=\"utf-8\"><\/script><\/p>\n<p>&nbsp;<\/p>\n<h2>3. Hach, f\u00fchlen wir uns schon alt?<\/h2>\n<blockquote class=\"twitter-tweet\">\n<p dir=\"ltr\" lang=\"de\">&#8222;Mama, Papa, welche Serie habt ihr in eurer Kindheit gestreamt?&#8220;<\/p>\n<p>&#8230; fragte K1 zwei Kinder der 80er.<br \/>\nGestreamt \ud83d\ude02<\/p>\n<p>\u2014 \ud835\udca5uliepulie (@juliepulie3) <a href=\"https:\/\/twitter.com\/juliepulie3\/status\/1497832782642429952?ref_src=twsrc%5Etfw\">February 27, 2022<\/a><\/p><\/blockquote>\n<p><script async src=\"https:\/\/platform.twitter.com\/widgets.js\" charset=\"utf-8\"><\/script><\/p>\n<p>&nbsp;<\/p>\n<h2>4. Mal im Ernst, ich versteh&#8217;s auch nicht.<\/h2>\n<blockquote class=\"twitter-tweet\">\n<p dir=\"ltr\" lang=\"de\">kinder die diese serie mochten wurden und werden direkt gecancelt <a href=\"https:\/\/t.co\/Vs8RWIw97v\">pic.twitter.com\/Vs8RWIw97v<\/a><\/p>\n<p>\u2014 \ud83e\ude97 akkordeon lotte \ud83e\ude97 (@akklotte) <a href=\"https:\/\/twitter.com\/akklotte\/status\/1351682268855721984?ref_src=twsrc%5Etfw\">January 20, 2021<\/a><\/p><\/blockquote>\n<p><script async src=\"https:\/\/platform.twitter.com\/widgets.js\" charset=\"utf-8\"><\/script><\/p>\n<p>&nbsp;<\/p>\n<h2>5. So einfach w\u00e4r&#8217;s gewesen.<\/h2>\n<blockquote class=\"twitter-tweet\">\n<p dir=\"ltr\" lang=\"de\">&#8222;Ok, Kinder. Kennt ihr &#8218;Thimm Taler&#8216;? Der hat sein Lachen gegen die F\u00e4higkeit, jede Wette zu gewinnen, eingetauscht, und&#8230;&#8220;<br \/>\n&#8222;Soll er halt wetten, dass er wieder lachen kann, herrje.&#8220;<\/p>\n<p>Und ich Bl\u00f6de hab mich als Kind durch 500 Folgen der Tommi Ohrner &#8211; Serie gequ\u00e4lt.<\/p>\n<p>\u2014 Lady Sybils Sonnenscheinheim f\u00fcr kranke Drachen (@vonNordenher) <a href=\"https:\/\/twitter.com\/vonNordenher\/status\/1419346953603883010?ref_src=twsrc%5Etfw\">July 25, 2021<\/a><\/p><\/blockquote>\n<p><script async src=\"https:\/\/platform.twitter.com\/widgets.js\" charset=\"utf-8\"><\/script><\/p>\n<p>&nbsp;<\/p>\n<h2>6. Schlimmer geht immer.<\/h2>\n<blockquote class=\"twitter-tweet\">\n<p dir=\"ltr\" lang=\"de\">Ich dachte Paw Patrol w\u00fcrde mein Gehirn schmelzen lassen. Aber dann fing das Kind an Power Rangers zu schauen. Dachte, die Serie w\u00e4re schon in meiner Jugend dumm gewesen. Aber Spoiler: Es ist schlimmer geworden \ud83e\udd2f<\/p>\n<p>\u2014 \u01dd\u0287\u0287\u01ddl\u01ddss\u0250nb (@Quasselette) <a href=\"https:\/\/twitter.com\/Quasselette\/status\/1479091293221527561?ref_src=twsrc%5Etfw\">January 6, 2022<\/a><\/p><\/blockquote>\n<p><script async src=\"https:\/\/platform.twitter.com\/widgets.js\" charset=\"utf-8\"><\/script><\/p>\n<p>&nbsp;<\/p>\n<h2>7. Nervige Kinderserien schneiden ja noch am besten ab.<\/h2>\n<blockquote class=\"twitter-tweet\">\n<p dir=\"ltr\" lang=\"de\">In der Woche, in der die Kinder und ich jetzt krank sind, habe ich vor allem eins gelernt.<br \/>\nEs gibt<br \/>\n\u2022 nervige Kinderserien<br \/>\n\u2022 saunervige Kinderserien<br \/>\n\u2022 Kinderserien, bei denen du dir am liebsten sofort die Kugel geben w\u00fcrdest.<\/p>\n<p>\u2014 \ud835\udca5uliepulie (@juliepulie3) <a href=\"https:\/\/twitter.com\/juliepulie3\/status\/1182587964595081217?ref_src=twsrc%5Etfw\">October 11, 2019<\/a><\/p><\/blockquote>\n<p><script async src=\"https:\/\/platform.twitter.com\/widgets.js\" charset=\"utf-8\"><\/script><\/p>\n<p>&nbsp;<\/p>\n<h2>8. Aber richtiger Freak.<\/h2>\n<blockquote class=\"twitter-tweet\">\n<p dir=\"ltr\" lang=\"de\">Freak, wer die Titelmelodien der 90er- Kinderserien nicht mag.<\/p>\n<p>\u2014 Dr.krach. Budsen (@BodoMdB) <a href=\"https:\/\/twitter.com\/BodoMdB\/status\/1302230586048876544?ref_src=twsrc%5Etfw\">September 5, 2020<\/a><\/p><\/blockquote>\n<p><script async src=\"https:\/\/platform.twitter.com\/widgets.js\" charset=\"utf-8\"><\/script><\/p>\n<p>&nbsp;<\/p>\n<h2>9. Ja, das trifft es so ziemlich genau.<\/h2>\n<blockquote class=\"twitter-tweet\">\n<p dir=\"ltr\" lang=\"de\">&#8222;Was qualifiziert Sie f\u00fcr den Job?&#8220;<\/p>\n<p>&#8222;Ich mag grelle Farben, kann zusammenhangslos schreiben und trinke und kiffe gerne.&#8220;<\/p>\n<p>&#8222;Okay, Sie haben den Job als Kinderserien-Autor.&#8220;<\/p>\n<p>\u2014 Der Gasser (@magdasWasser) <a href=\"https:\/\/twitter.com\/magdasWasser\/status\/1076735598684241920?ref_src=twsrc%5Etfw\">December 23, 2018<\/a><\/p><\/blockquote>\n<p><script async src=\"https:\/\/platform.twitter.com\/widgets.js\" charset=\"utf-8\"><\/script><\/p>\n<p>&nbsp;<\/p>\n<h2>10. Fangen wir jetzt auch schon mit diesem Satz an?<\/h2>\n<blockquote class=\"twitter-tweet\">\n<p dir=\"ltr\" lang=\"de\">Der Minimensch fragt gerade beim Tom&amp;Jerry schauen:<br \/>\n&#8222;Was habt ihr damals ohne Amazon Video gemacht&#8220;<br \/>\n&#8222;Wir haben jeden Sonntag auf unsere Kinderserien gewartet!&#8220;<\/p>\n<p>Fr\u00fcher war irgendwie sch\u00f6ner! Man konnte sich noch so sehr auf Kinderserien freuen!<\/p>\n<p>\u2014 Andreas K aus B am R &#8211; 100% \ud83d\udc89\ud83d\udc89 (@SauLustig) <a href=\"https:\/\/twitter.com\/SauLustig\/status\/939413038100369408?ref_src=twsrc%5Etfw\">December 9, 2017<\/a><\/p><\/blockquote>\n<p><script async src=\"https:\/\/platform.twitter.com\/widgets.js\" charset=\"utf-8\"><\/script><\/p>\n<p>&nbsp;<\/p>\n<h2>11. Noch ein guter Versprecher.<\/h2>\n<blockquote class=\"twitter-tweet\">\n<p dir=\"ltr\" lang=\"de\">&#8222;Papa, ich kann den Abschaum schon mitsingen.&#8220;<\/p>\n<p>Der 4-J\u00e4hrige meint zwar den Abspann, aber bei manchen Kinderserien trifft es das auch.<\/p>\n<p>\u2014 Der Gasser (@magdasWasser) <a href=\"https:\/\/twitter.com\/magdasWasser\/status\/979977374312919040?ref_src=twsrc%5Etfw\">March 31, 2018<\/a><\/p><\/blockquote>\n<p><script async src=\"https:\/\/platform.twitter.com\/widgets.js\" charset=\"utf-8\"><\/script><\/p>\n<p>&nbsp;<\/p>\n<h2>12. Ich bin im Ernst schockiert.<\/h2>\n<blockquote class=\"twitter-tweet\">\n<p dir=\"ltr\" lang=\"de\">Halte neuanimierte Kinderserien \u00fcbrigens f\u00fcr ein Verbrechen. <a href=\"https:\/\/t.co\/6IkHrfruHr\">pic.twitter.com\/6IkHrfruHr<\/a><\/p>\n<p>\u2014 Benedikt Brechtken (@ben_brechtken) <a href=\"https:\/\/twitter.com\/ben_brechtken\/status\/1329052774257074177?ref_src=twsrc%5Etfw\">November 18, 2020<\/a><\/p><\/blockquote>\n<p><script async src=\"https:\/\/platform.twitter.com\/widgets.js\" charset=\"utf-8\"><\/script><\/p>\n<p>&nbsp;<\/p>\n<h2>13. Okay, da f\u00fchle ich mich jetzt pers\u00f6nlich angegriffen.<\/h2>\n<blockquote class=\"twitter-tweet\">\n<p dir=\"ltr\" lang=\"de\">frag mich wie viele vollversager heute wieder in ihrer wg-k\u00fcche sitzen titelsongs alter kinderserien h\u00f6ren und sich f\u00fcr einzigartig crazy halten<\/p>\n<p>\u2014 Cornelius W. M. Oettle (@C_W_M_O) <a href=\"https:\/\/twitter.com\/C_W_M_O\/status\/1031101011937685504?ref_src=twsrc%5Etfw\">August 19, 2018<\/a><\/p><\/blockquote>\n<p><script async src=\"https:\/\/platform.twitter.com\/widgets.js\" charset=\"utf-8\"><\/script><\/p>\n<p>&nbsp;<\/p>\n<h2>14. Team geknetet oder gezeichnet!<\/h2>\n<blockquote class=\"twitter-tweet\">\n<p dir=\"ltr\" lang=\"de\">Woran man erkennt, ob Kinderserien gut oder schlecht sind:<\/p>\n<p>Knetfiguren = gut<br \/>\nCGI = schlecht<\/p>\n<p>\u2014 Krieg und Freitag (@kriegundfreitag) <a href=\"https:\/\/twitter.com\/kriegundfreitag\/status\/1281499443116867585?ref_src=twsrc%5Etfw\">July 10, 2020<\/a><\/p><\/blockquote>\n<p><script async src=\"https:\/\/platform.twitter.com\/widgets.js\" charset=\"utf-8\"><\/script><\/p>\n<p>&nbsp;<\/p>\n<h2>15. Naja, Teletubbies ist jetzt kein Ma\u00dfstab&#8230;<\/h2>\n<blockquote class=\"twitter-tweet\">\n<p dir=\"ltr\" lang=\"de\">Leute beschweren sich, wie sinnlos Kinderserien heutzutage sind, sind aber selbst mit den Teletubbies aufgewachsen, die mit ihrem Staubsauger auf einem H\u00fcgel leben, alles dreimal sagen und in ihren B\u00e4uchen fernsehen, ich bitte euch.<\/p>\n<p>\u2014 norman (@deinTherapeut) <a href=\"https:\/\/twitter.com\/deinTherapeut\/status\/1122453292423028736?ref_src=twsrc%5Etfw\">April 28, 2019<\/a><\/p><\/blockquote>\n<p><script async src=\"https:\/\/platform.twitter.com\/widgets.js\" charset=\"utf-8\"><\/script><\/p>\n<p>&nbsp;<\/p>\n<h2>16. Ridder d\u00e4s R\u00e4h\u00e4schds, love it \ud83d\ude02.<\/h2>\n<blockquote class=\"twitter-tweet\">\n<p dir=\"ltr\" lang=\"de\">Auf der Arbeit unterhielten wir uns vorhin \u00fcber alten Kinderserien, die wir geguckt haben.<br \/>\nEine Kollegin guckte mich ganz erstaunt an und fragte: &#8222;Ach, die gabs im Osten damals auch?&#8220;<\/p>\n<p>Nuglar! Nur de S\u00fcngro war uff s\u00e4chsch:<\/p>\n<p>\ud83c\udfb6ChipChipChipChip und Chap,<br \/>\nRidder d\u00e4s R\u00e4h\u00e4schds.<\/p>\n<p>\u2014 DeMutsch (@demutsch) <a href=\"https:\/\/twitter.com\/demutsch\/status\/1092478987690000384?ref_src=twsrc%5Etfw\">February 4, 2019<\/a><\/p><\/blockquote>\n<p><script async src=\"https:\/\/platform.twitter.com\/widgets.js\" charset=\"utf-8\"><\/script><\/p>\n<p>___<br \/>\nVielen Dank an alle f\u00fcr die Posts!<br \/>\n___<\/p>\n<p style=\"text-align: center;\"><strong>Hey! Wir suchen neue Kolleg:innen! Du liebst die Internetkultur und verstehst, dass TikToks mehr als nur kurze, nervige Videos sind? Hast du bereits eine gesunde Social-Media-Sucht entwickelt? Du lebst online, wei\u00dft, was im Moment passiert ist und was morgen angesagt sein wird? <\/strong><strong><a href=\"https:\/\/www.thebestsocialjobs.com\/de\/\">Dann werde Teil unseres Teams!<\/a><\/strong><\/p>\n","protected":false},"excerpt":{"rendered":"<p>Biene Maja, Disneys gro\u00dfe Pause, die Gummib\u00e4renbande, Chip und Chap \u2013 es gibt unz\u00e4hlige Beispiele f\u00fcr Kinderserien, an die wir uns immer gerne zur\u00fcckerinnern. Die&#8230;<\/p>\n","protected":false},"author":97,"featured_media":162095,"comment_status":"open","ping_status":"open","sticky":false,"template":"","format":"standard","meta":{"_acf_changed":false,"footnotes":""},"categories":[106,2031,1728,35],"tags":[1374,2596,1039,2409,58],"class_list":["post-162093","post","type-post","status-publish","format-standard","has-post-thumbnail","hentry","category-best-of","category-feelgood","category-humor","category-twitter","tag-humor","tag-jugend","tag-kinder","tag-kinderserien","tag-twitter"],"acf":[],"yoast_head":"<!-- This site is optimized with the Yoast SEO plugin v27.5 - https:\/\/yoast.com\/product\/yoast-seo-wordpress\/ -->\n<title>Sind wir schon so alt? 16 Posts \u00fcber unsere geliebten Kinderserien<\/title>\n<meta name=\"robots\" content=\"index, follow, max-snippet:-1, max-image-preview:large, max-video-preview:-1\" \/>\n<link rel=\"canonical\" href=\"https:\/\/www.thebestsocial.media\/de\/sind-wir-schon-so-alt-16-posts-ueber-unsere-geliebten-kinderserien\/\" \/>\n<meta property=\"og:locale\" content=\"de_DE\" \/>\n<meta property=\"og:type\" content=\"article\" \/>\n<meta property=\"og:title\" content=\"Sind wir schon so alt? 16 Posts \u00fcber unsere geliebten Kinderserien\" \/>\n<meta property=\"og:description\" content=\"Biene Maja, Disneys gro\u00dfe Pause, die Gummib\u00e4renbande, Chip und Chap \u2013 es gibt unz\u00e4hlige Beispiele f\u00fcr Kinderserien, an die wir uns immer gerne zur\u00fcckerinnern. Die...\" \/>\n<meta property=\"og:url\" content=\"https:\/\/www.thebestsocial.media\/de\/sind-wir-schon-so-alt-16-posts-ueber-unsere-geliebten-kinderserien\/\" \/>\n<meta property=\"og:site_name\" content=\"The Best Social Media DE\" \/>\n<meta property=\"article:published_time\" content=\"2022-06-03T16:16:14+00:00\" \/>\n<meta property=\"og:image\" content=\"https:\/\/www.thebestsocial.media\/de\/wp-content\/uploads\/sites\/3\/2022\/06\/header-kinderserien.png\" \/>\n\t<meta property=\"og:image:width\" content=\"1200\" \/>\n\t<meta property=\"og:image:height\" content=\"630\" \/>\n\t<meta property=\"og:image:type\" content=\"image\/png\" \/>\n<meta name=\"author\" content=\"Cristina\" \/>\n<meta name=\"twitter:card\" content=\"summary_large_image\" \/>\n<meta name=\"twitter:label1\" content=\"Verfasst von\" \/>\n\t<meta name=\"twitter:data1\" content=\"Cristina\" \/>\n\t<meta name=\"twitter:label2\" content=\"Gesch\u00e4tzte Lesezeit\" \/>\n\t<meta name=\"twitter:data2\" content=\"4\u00a0Minuten\" \/>\n<script type=\"application\/ld+json\" class=\"yoast-schema-graph\">{\"@context\":\"https:\\\/\\\/schema.org\",\"@graph\":[{\"@type\":\"Article\",\"@id\":\"https:\\\/\\\/www.thebestsocial.media\\\/de\\\/sind-wir-schon-so-alt-16-posts-ueber-unsere-geliebten-kinderserien\\\/#article\",\"isPartOf\":{\"@id\":\"https:\\\/\\\/www.thebestsocial.media\\\/de\\\/sind-wir-schon-so-alt-16-posts-ueber-unsere-geliebten-kinderserien\\\/\"},\"author\":{\"name\":\"Cristina\",\"@id\":\"https:\\\/\\\/www.thebestsocial.media\\\/de\\\/#\\\/schema\\\/person\\\/e2cd306c885c9cc48e5ea47d563cab08\"},\"headline\":\"Sind wir schon so alt? 16 Posts \u00fcber unsere geliebten Kinderserien\",\"datePublished\":\"2022-06-03T16:16:14+00:00\",\"mainEntityOfPage\":{\"@id\":\"https:\\\/\\\/www.thebestsocial.media\\\/de\\\/sind-wir-schon-so-alt-16-posts-ueber-unsere-geliebten-kinderserien\\\/\"},\"wordCount\":801,\"commentCount\":0,\"image\":{\"@id\":\"https:\\\/\\\/www.thebestsocial.media\\\/de\\\/sind-wir-schon-so-alt-16-posts-ueber-unsere-geliebten-kinderserien\\\/#primaryimage\"},\"thumbnailUrl\":\"https:\\\/\\\/www.thebestsocial.media\\\/de\\\/wp-content\\\/uploads\\\/sites\\\/3\\\/2022\\\/06\\\/pexels-victoria-borodinova-4089661-scaled.jpg\",\"keywords\":[\"humor\",\"Jugend\",\"Kinder\",\"Kinderserien\",\"twitter\"],\"articleSection\":[\"Best of\",\"Feelgood\",\"Humor\",\"Twitter\"],\"inLanguage\":\"de\",\"potentialAction\":[{\"@type\":\"CommentAction\",\"name\":\"Comment\",\"target\":[\"https:\\\/\\\/www.thebestsocial.media\\\/de\\\/sind-wir-schon-so-alt-16-posts-ueber-unsere-geliebten-kinderserien\\\/#respond\"]}]},{\"@type\":\"WebPage\",\"@id\":\"https:\\\/\\\/www.thebestsocial.media\\\/de\\\/sind-wir-schon-so-alt-16-posts-ueber-unsere-geliebten-kinderserien\\\/\",\"url\":\"https:\\\/\\\/www.thebestsocial.media\\\/de\\\/sind-wir-schon-so-alt-16-posts-ueber-unsere-geliebten-kinderserien\\\/\",\"name\":\"Sind wir schon so alt? 16 Posts \u00fcber unsere geliebten Kinderserien\",\"isPartOf\":{\"@id\":\"https:\\\/\\\/www.thebestsocial.media\\\/de\\\/#website\"},\"primaryImageOfPage\":{\"@id\":\"https:\\\/\\\/www.thebestsocial.media\\\/de\\\/sind-wir-schon-so-alt-16-posts-ueber-unsere-geliebten-kinderserien\\\/#primaryimage\"},\"image\":{\"@id\":\"https:\\\/\\\/www.thebestsocial.media\\\/de\\\/sind-wir-schon-so-alt-16-posts-ueber-unsere-geliebten-kinderserien\\\/#primaryimage\"},\"thumbnailUrl\":\"https:\\\/\\\/www.thebestsocial.media\\\/de\\\/wp-content\\\/uploads\\\/sites\\\/3\\\/2022\\\/06\\\/pexels-victoria-borodinova-4089661-scaled.jpg\",\"datePublished\":\"2022-06-03T16:16:14+00:00\",\"author\":{\"@id\":\"https:\\\/\\\/www.thebestsocial.media\\\/de\\\/#\\\/schema\\\/person\\\/e2cd306c885c9cc48e5ea47d563cab08\"},\"breadcrumb\":{\"@id\":\"https:\\\/\\\/www.thebestsocial.media\\\/de\\\/sind-wir-schon-so-alt-16-posts-ueber-unsere-geliebten-kinderserien\\\/#breadcrumb\"},\"inLanguage\":\"de\",\"potentialAction\":[{\"@type\":\"ReadAction\",\"target\":[\"https:\\\/\\\/www.thebestsocial.media\\\/de\\\/sind-wir-schon-so-alt-16-posts-ueber-unsere-geliebten-kinderserien\\\/\"]}]},{\"@type\":\"ImageObject\",\"inLanguage\":\"de\",\"@id\":\"https:\\\/\\\/www.thebestsocial.media\\\/de\\\/sind-wir-schon-so-alt-16-posts-ueber-unsere-geliebten-kinderserien\\\/#primaryimage\",\"url\":\"https:\\\/\\\/www.thebestsocial.media\\\/de\\\/wp-content\\\/uploads\\\/sites\\\/3\\\/2022\\\/06\\\/pexels-victoria-borodinova-4089661-scaled.jpg\",\"contentUrl\":\"https:\\\/\\\/www.thebestsocial.media\\\/de\\\/wp-content\\\/uploads\\\/sites\\\/3\\\/2022\\\/06\\\/pexels-victoria-borodinova-4089661-scaled.jpg\",\"width\":2560,\"height\":1702},{\"@type\":\"BreadcrumbList\",\"@id\":\"https:\\\/\\\/www.thebestsocial.media\\\/de\\\/sind-wir-schon-so-alt-16-posts-ueber-unsere-geliebten-kinderserien\\\/#breadcrumb\",\"itemListElement\":[{\"@type\":\"ListItem\",\"position\":1,\"name\":\"Home\",\"item\":\"https:\\\/\\\/www.thebestsocial.media\\\/de\\\/\"},{\"@type\":\"ListItem\",\"position\":2,\"name\":\"Sind wir schon so alt? 16 Posts \u00fcber unsere geliebten Kinderserien\"}]},{\"@type\":\"WebSite\",\"@id\":\"https:\\\/\\\/www.thebestsocial.media\\\/de\\\/#website\",\"url\":\"https:\\\/\\\/www.thebestsocial.media\\\/de\\\/\",\"name\":\"The Best Social Media DE\",\"description\":\"\",\"potentialAction\":[{\"@type\":\"SearchAction\",\"target\":{\"@type\":\"EntryPoint\",\"urlTemplate\":\"https:\\\/\\\/www.thebestsocial.media\\\/de\\\/?s={search_term_string}\"},\"query-input\":{\"@type\":\"PropertyValueSpecification\",\"valueRequired\":true,\"valueName\":\"search_term_string\"}}],\"inLanguage\":\"de\"},{\"@type\":\"Person\",\"@id\":\"https:\\\/\\\/www.thebestsocial.media\\\/de\\\/#\\\/schema\\\/person\\\/e2cd306c885c9cc48e5ea47d563cab08\",\"name\":\"Cristina\",\"image\":{\"@type\":\"ImageObject\",\"inLanguage\":\"de\",\"@id\":\"https:\\\/\\\/secure.gravatar.com\\\/avatar\\\/17a11569f2998e9b40ff4c98ab0851ddd1dd35595a21590f554e022bed21c0c4?s=96&d=mm&r=g\",\"url\":\"https:\\\/\\\/secure.gravatar.com\\\/avatar\\\/17a11569f2998e9b40ff4c98ab0851ddd1dd35595a21590f554e022bed21c0c4?s=96&d=mm&r=g\",\"contentUrl\":\"https:\\\/\\\/secure.gravatar.com\\\/avatar\\\/17a11569f2998e9b40ff4c98ab0851ddd1dd35595a21590f554e022bed21c0c4?s=96&d=mm&r=g\",\"caption\":\"Cristina\"},\"url\":\"https:\\\/\\\/www.thebestsocial.media\\\/de\\\/author\\\/cristina\\\/\"}]}<\/script>\n<!-- \/ Yoast SEO plugin. -->","yoast_head_json":{"title":"Sind wir schon so alt? 16 Posts \u00fcber unsere geliebten Kinderserien","robots":{"index":"index","follow":"follow","max-snippet":"max-snippet:-1","max-image-preview":"max-image-preview:large","max-video-preview":"max-video-preview:-1"},"canonical":"https:\/\/www.thebestsocial.media\/de\/sind-wir-schon-so-alt-16-posts-ueber-unsere-geliebten-kinderserien\/","og_locale":"de_DE","og_type":"article","og_title":"Sind wir schon so alt? 16 Posts \u00fcber unsere geliebten Kinderserien","og_description":"Biene Maja, Disneys gro\u00dfe Pause, die Gummib\u00e4renbande, Chip und Chap \u2013 es gibt unz\u00e4hlige Beispiele f\u00fcr Kinderserien, an die wir uns immer gerne zur\u00fcckerinnern. Die...","og_url":"https:\/\/www.thebestsocial.media\/de\/sind-wir-schon-so-alt-16-posts-ueber-unsere-geliebten-kinderserien\/","og_site_name":"The Best Social Media DE","article_published_time":"2022-06-03T16:16:14+00:00","og_image":[{"width":1200,"height":630,"url":"https:\/\/www.thebestsocial.media\/de\/wp-content\/uploads\/sites\/3\/2022\/06\/header-kinderserien.png","type":"image\/png"}],"author":"Cristina","twitter_card":"summary_large_image","twitter_misc":{"Verfasst von":"Cristina","Gesch\u00e4tzte Lesezeit":"4\u00a0Minuten"},"schema":{"@context":"https:\/\/schema.org","@graph":[{"@type":"Article","@id":"https:\/\/www.thebestsocial.media\/de\/sind-wir-schon-so-alt-16-posts-ueber-unsere-geliebten-kinderserien\/#article","isPartOf":{"@id":"https:\/\/www.thebestsocial.media\/de\/sind-wir-schon-so-alt-16-posts-ueber-unsere-geliebten-kinderserien\/"},"author":{"name":"Cristina","@id":"https:\/\/www.thebestsocial.media\/de\/#\/schema\/person\/e2cd306c885c9cc48e5ea47d563cab08"},"headline":"Sind wir schon so alt? 16 Posts \u00fcber unsere geliebten Kinderserien","datePublished":"2022-06-03T16:16:14+00:00","mainEntityOfPage":{"@id":"https:\/\/www.thebestsocial.media\/de\/sind-wir-schon-so-alt-16-posts-ueber-unsere-geliebten-kinderserien\/"},"wordCount":801,"commentCount":0,"image":{"@id":"https:\/\/www.thebestsocial.media\/de\/sind-wir-schon-so-alt-16-posts-ueber-unsere-geliebten-kinderserien\/#primaryimage"},"thumbnailUrl":"https:\/\/www.thebestsocial.media\/de\/wp-content\/uploads\/sites\/3\/2022\/06\/pexels-victoria-borodinova-4089661-scaled.jpg","keywords":["humor","Jugend","Kinder","Kinderserien","twitter"],"articleSection":["Best of","Feelgood","Humor","Twitter"],"inLanguage":"de","potentialAction":[{"@type":"CommentAction","name":"Comment","target":["https:\/\/www.thebestsocial.media\/de\/sind-wir-schon-so-alt-16-posts-ueber-unsere-geliebten-kinderserien\/#respond"]}]},{"@type":"WebPage","@id":"https:\/\/www.thebestsocial.media\/de\/sind-wir-schon-so-alt-16-posts-ueber-unsere-geliebten-kinderserien\/","url":"https:\/\/www.thebestsocial.media\/de\/sind-wir-schon-so-alt-16-posts-ueber-unsere-geliebten-kinderserien\/","name":"Sind wir schon so alt? 16 Posts \u00fcber unsere geliebten Kinderserien","isPartOf":{"@id":"https:\/\/www.thebestsocial.media\/de\/#website"},"primaryImageOfPage":{"@id":"https:\/\/www.thebestsocial.media\/de\/sind-wir-schon-so-alt-16-posts-ueber-unsere-geliebten-kinderserien\/#primaryimage"},"image":{"@id":"https:\/\/www.thebestsocial.media\/de\/sind-wir-schon-so-alt-16-posts-ueber-unsere-geliebten-kinderserien\/#primaryimage"},"thumbnailUrl":"https:\/\/www.thebestsocial.media\/de\/wp-content\/uploads\/sites\/3\/2022\/06\/pexels-victoria-borodinova-4089661-scaled.jpg","datePublished":"2022-06-03T16:16:14+00:00","author":{"@id":"https:\/\/www.thebestsocial.media\/de\/#\/schema\/person\/e2cd306c885c9cc48e5ea47d563cab08"},"breadcrumb":{"@id":"https:\/\/www.thebestsocial.media\/de\/sind-wir-schon-so-alt-16-posts-ueber-unsere-geliebten-kinderserien\/#breadcrumb"},"inLanguage":"de","potentialAction":[{"@type":"ReadAction","target":["https:\/\/www.thebestsocial.media\/de\/sind-wir-schon-so-alt-16-posts-ueber-unsere-geliebten-kinderserien\/"]}]},{"@type":"ImageObject","inLanguage":"de","@id":"https:\/\/www.thebestsocial.media\/de\/sind-wir-schon-so-alt-16-posts-ueber-unsere-geliebten-kinderserien\/#primaryimage","url":"https:\/\/www.thebestsocial.media\/de\/wp-content\/uploads\/sites\/3\/2022\/06\/pexels-victoria-borodinova-4089661-scaled.jpg","contentUrl":"https:\/\/www.thebestsocial.media\/de\/wp-content\/uploads\/sites\/3\/2022\/06\/pexels-victoria-borodinova-4089661-scaled.jpg","width":2560,"height":1702},{"@type":"BreadcrumbList","@id":"https:\/\/www.thebestsocial.media\/de\/sind-wir-schon-so-alt-16-posts-ueber-unsere-geliebten-kinderserien\/#breadcrumb","itemListElement":[{"@type":"ListItem","position":1,"name":"Home","item":"https:\/\/www.thebestsocial.media\/de\/"},{"@type":"ListItem","position":2,"name":"Sind wir schon so alt? 16 Posts \u00fcber unsere geliebten Kinderserien"}]},{"@type":"WebSite","@id":"https:\/\/www.thebestsocial.media\/de\/#website","url":"https:\/\/www.thebestsocial.media\/de\/","name":"The Best Social Media DE","description":"","potentialAction":[{"@type":"SearchAction","target":{"@type":"EntryPoint","urlTemplate":"https:\/\/www.thebestsocial.media\/de\/?s={search_term_string}"},"query-input":{"@type":"PropertyValueSpecification","valueRequired":true,"valueName":"search_term_string"}}],"inLanguage":"de"},{"@type":"Person","@id":"https:\/\/www.thebestsocial.media\/de\/#\/schema\/person\/e2cd306c885c9cc48e5ea47d563cab08","name":"Cristina","image":{"@type":"ImageObject","inLanguage":"de","@id":"https:\/\/secure.gravatar.com\/avatar\/17a11569f2998e9b40ff4c98ab0851ddd1dd35595a21590f554e022bed21c0c4?s=96&d=mm&r=g","url":"https:\/\/secure.gravatar.com\/avatar\/17a11569f2998e9b40ff4c98ab0851ddd1dd35595a21590f554e022bed21c0c4?s=96&d=mm&r=g","contentUrl":"https:\/\/secure.gravatar.com\/avatar\/17a11569f2998e9b40ff4c98ab0851ddd1dd35595a21590f554e022bed21c0c4?s=96&d=mm&r=g","caption":"Cristina"},"url":"https:\/\/www.thebestsocial.media\/de\/author\/cristina\/"}]}},"amp_enabled":true,"_links":{"self":[{"href":"https:\/\/www.thebestsocial.media\/de\/wp-json\/wp\/v2\/posts\/162093","targetHints":{"allow":["GET"]}}],"collection":[{"href":"https:\/\/www.thebestsocial.media\/de\/wp-json\/wp\/v2\/posts"}],"about":[{"href":"https:\/\/www.thebestsocial.media\/de\/wp-json\/wp\/v2\/types\/post"}],"author":[{"embeddable":true,"href":"https:\/\/www.thebestsocial.media\/de\/wp-json\/wp\/v2\/users\/97"}],"replies":[{"embeddable":true,"href":"https:\/\/www.thebestsocial.media\/de\/wp-json\/wp\/v2\/comments?post=162093"}],"version-history":[{"count":4,"href":"https:\/\/www.thebestsocial.media\/de\/wp-json\/wp\/v2\/posts\/162093\/revisions"}],"predecessor-version":[{"id":162157,"href":"https:\/\/www.thebestsocial.media\/de\/wp-json\/wp\/v2\/posts\/162093\/revisions\/162157"}],"wp:featuredmedia":[{"embeddable":true,"href":"https:\/\/www.thebestsocial.media\/de\/wp-json\/wp\/v2\/media\/162095"}],"wp:attachment":[{"href":"https:\/\/www.thebestsocial.media\/de\/wp-json\/wp\/v2\/media?parent=162093"}],"wp:term":[{"taxonomy":"category","embeddable":true,"href":"https:\/\/www.thebestsocial.media\/de\/wp-json\/wp\/v2\/categories?post=162093"},{"taxonomy":"post_tag","embeddable":true,"href":"https:\/\/www.thebestsocial.media\/de\/wp-json\/wp\/v2\/tags?post=162093"}],"curies":[{"name":"wp","href":"https:\/\/api.w.org\/{rel}","templated":true}]}}