{"id":161977,"date":"2022-05-31T09:52:18","date_gmt":"2022-05-31T09:52:18","guid":{"rendered":"https:\/\/www.thebestsocial.media\/de\/?p=161977"},"modified":"2022-05-31T09:52:50","modified_gmt":"2022-05-31T09:52:50","slug":"die-mona-lisa-torte","status":"publish","type":"post","link":"https:\/\/www.thebestsocial.media\/de\/die-mona-lisa-torte\/","title":{"rendered":"Die Mona Lisa wurde mit Torte attackiert und das Netz serviert die passenden Tweets"},"content":{"rendered":"<p>Das Schlagzeilen-beherrschende Thema gestern war eines, das einen eher ratlos zur\u00fcckl\u00e4sst und sich anh\u00f6rt wie eine etwas zu dolle Runde &#8222;Wenn ich du w\u00e4re&#8220;. Die Mona Lisa wurde mit Torte beschmiert. Ein als alte Frau verkleideter Mann im Rollstuhl erhob sich aus ebendiesem und klatschte eine Torte direkt in das Gesicht mit dem ber\u00fchmtesten Vielleicht-L\u00e4cheln der Welt. Die Gute befindet sich gl\u00fccklicherweise wohlbeh\u00fctet hinter Glas, dennoch sorgt die Aktion nat\u00fcrlich f\u00fcr Aufsehen und eine solche Story l\u00e4sst man sich auch auf Twitter nat\u00fcrlich nicht entgehen.<\/p>\n<p>&nbsp;<\/p>\n<h3>Einfach wild.<\/h3>\n<blockquote class=\"twitter-tweet\">\n<p dir=\"ltr\" lang=\"de\">Das liest sich ja wirklich wie der komplett sinnbefreite Plot einer Netflix-Serie:<\/p>\n<p>&#8222;Ein als Frau verkleideter Mann hatte sich im Pariser Kunstmuseum Louvre pl\u00f6tzlich aus seinem Rollstuhl erhoben und eine Sahnetorte auf das Bildnis der Mona Lisa geworfen.&#8220;<\/p>\n<p>\u2014 \ud83d\udc12 Matsxhers \ud83d\udc12 (@le_matsch) <a href=\"https:\/\/twitter.com\/le_matsch\/status\/1531271829242929152?ref_src=twsrc%5Etfw\">May 30, 2022<\/a><\/p><\/blockquote>\n<p><script async src=\"https:\/\/platform.twitter.com\/widgets.js\" charset=\"utf-8\"><\/script><\/p>\n<p>&nbsp;<\/p>\n<h3>Aber hier nochmal zur Klarstellung:<\/h3>\n<blockquote class=\"twitter-tweet\">\n<p dir=\"ltr\" lang=\"de\">es war nicht die echte mona lisa die die torte abgekriegt hat es war nur ein portrait von ihr<\/p>\n<p>\u2014 Friedemann Weise (@FriedemannWeise) <a href=\"https:\/\/twitter.com\/FriedemannWeise\/status\/1531543276234366976?ref_src=twsrc%5Etfw\">May 31, 2022<\/a><\/p><\/blockquote>\n<p><script async src=\"https:\/\/platform.twitter.com\/widgets.js\" charset=\"utf-8\"><\/script><\/p>\n<p>&nbsp;<\/p>\n<p>&nbsp;<\/p>\n<h3>Einfach unm\u00f6glich, sowas!<\/h3>\n<blockquote class=\"twitter-tweet\">\n<p dir=\"ltr\" lang=\"en\">not the mona lisa getting vandalized omfg i just know leonardo dicaprio rolling in his grave right now<\/p>\n<p>\u2014 tony (@catrussy) <a href=\"https:\/\/twitter.com\/catrussy\/status\/1531088858724581376?ref_src=twsrc%5Etfw\">May 30, 2022<\/a><\/p><\/blockquote>\n<p><script async src=\"https:\/\/platform.twitter.com\/widgets.js\" charset=\"utf-8\"><\/script><\/p>\n<p>&nbsp;<\/p>\n<h3>Immerhin &#8211; sah ganz lecker aus.<\/h3>\n<blockquote class=\"twitter-tweet\">\n<p dir=\"ltr\" lang=\"de\">Falsch zugeordenete Zitate:<\/p>\n<p>Aber bitte mit Sahne<\/p>\n<p>&#8211; Mona Lisa<\/p>\n<p>\u2014 Korallenherz (@Korallenherz) <a href=\"https:\/\/twitter.com\/Korallenherz\/status\/1531332011830521856?ref_src=twsrc%5Etfw\">May 30, 2022<\/a><\/p><\/blockquote>\n<p><script async src=\"https:\/\/platform.twitter.com\/widgets.js\" charset=\"utf-8\"><\/script><\/p>\n<p>&nbsp;<\/p>\n<h3>Brot w\u00e4re ihr wahrscheinlich trotzdem lieber gewesen.<\/h3>\n<blockquote class=\"twitter-tweet\">\n<p dir=\"ltr\" lang=\"de\">Mona Lisa hatte gestern ihren Marie Antoinette-Moment.<\/p>\n<p>\u2014 B\u00fcchereien Wien (@buechereiwien) <a href=\"https:\/\/twitter.com\/buechereiwien\/status\/1531261579915829249?ref_src=twsrc%5Etfw\">May 30, 2022<\/a><\/p><\/blockquote>\n<p><script async src=\"https:\/\/platform.twitter.com\/widgets.js\" charset=\"utf-8\"><\/script><\/p>\n<p>&nbsp;<\/p>\n<h3>Hat sie es die ganze Zeit geahnt??<\/h3>\n<blockquote class=\"twitter-tweet\">\n<p dir=\"ltr\" lang=\"de\">Tortenwurf auf die Mona Lisa erkl\u00e4rt endlich ihr L\u00e4cheln <a href=\"https:\/\/t.co\/6AwiuRJ8lC\">pic.twitter.com\/6AwiuRJ8lC<\/a><\/p>\n<p>\u2014 Gebbi Gibson (@GebbiGibson) <a href=\"https:\/\/twitter.com\/GebbiGibson\/status\/1531294420481490945?ref_src=twsrc%5Etfw\">May 30, 2022<\/a><\/p><\/blockquote>\n<p><script async src=\"https:\/\/platform.twitter.com\/widgets.js\" charset=\"utf-8\"><\/script><\/p>\n<p>&nbsp;<\/p>\n<h3>Ist hier des R\u00e4tsels L\u00f6sung?<\/h3>\n<blockquote class=\"twitter-tweet\">\n<p dir=\"ltr\" lang=\"de\">&#8222;Mona Lisa mit Torte beworfen&#8220;<\/p>\n<p>Sie soll es mit einem leisen L\u00e4cheln zur Kenntnis genommen haben.<\/p>\n<p>\u2014 Darth Lehrer (@Darth_Lehrer) <a href=\"https:\/\/twitter.com\/Darth_Lehrer\/status\/1531268539935506432?ref_src=twsrc%5Etfw\">May 30, 2022<\/a><\/p><\/blockquote>\n<p><script async src=\"https:\/\/platform.twitter.com\/widgets.js\" charset=\"utf-8\"><\/script><\/p>\n<p>&nbsp;<\/p>\n<h3>Naja, ist ja zum Gl\u00fcck nochmal gut gegangen.<\/h3>\n<blockquote class=\"twitter-tweet\">\n<p dir=\"ltr\" lang=\"de\">die mona lisa konnte zum gl\u00fcck originalgetreu restauriert werden <a href=\"https:\/\/t.co\/DGZ0x3XCnc\">pic.twitter.com\/DGZ0x3XCnc<\/a><\/p>\n<p>\u2014 lars (@jurassiclars) <a href=\"https:\/\/twitter.com\/jurassiclars\/status\/1531336057505173504?ref_src=twsrc%5Etfw\">May 30, 2022<\/a><\/p><\/blockquote>\n<p><script async src=\"https:\/\/platform.twitter.com\/widgets.js\" charset=\"utf-8\"><\/script><\/p>\n<p>&nbsp;<\/p>\n<p><strong>Hey! Wir suchen neue Kolleg:innen! Du liebst die Internetkultur und verstehst, dass TikToks mehr als nur kurze, nervige Videos sind? Hast du bereits eine gesunde Social-Media-Sucht entwickelt? Du lebst online, wei\u00dft, was im Moment passiert ist und was morgen angesagt sein wird?\u00a0<\/strong><strong><a href=\"https:\/\/www.thebestsocialjobs.com\/de\/\">Dann werde Teil unseres Teams!<\/a><\/strong><\/p>\n","protected":false},"excerpt":{"rendered":"<p>Das Schlagzeilen-beherrschende Thema gestern war eines, das einen eher ratlos zur\u00fcckl\u00e4sst und sich anh\u00f6rt wie eine etwas zu dolle Runde &#8222;Wenn ich du w\u00e4re&#8220;. Die&#8230;<\/p>\n","protected":false},"author":73,"featured_media":161996,"comment_status":"open","ping_status":"open","sticky":false,"template":"","format":"standard","meta":{"_acf_changed":false,"footnotes":""},"categories":[35,182,2404],"tags":[2984,1609,752,2650],"class_list":["post-161977","post","type-post","status-publish","format-standard","has-post-thumbnail","hentry","category-twitter","category-videos","category-wtf","tag-kuchen","tag-kunst","tag-news","tag-paris"],"acf":[],"yoast_head":"<!-- This site is optimized with the Yoast SEO plugin v27.5 - https:\/\/yoast.com\/product\/yoast-seo-wordpress\/ -->\n<title>Die Mona Lisa wurde mit Torte beworfen, Twitter kommentiert<\/title>\n<meta name=\"robots\" content=\"index, follow, max-snippet:-1, max-image-preview:large, max-video-preview:-1\" \/>\n<link rel=\"canonical\" href=\"https:\/\/www.thebestsocial.media\/de\/die-mona-lisa-torte\/\" \/>\n<meta property=\"og:locale\" content=\"de_DE\" \/>\n<meta property=\"og:type\" content=\"article\" \/>\n<meta property=\"og:title\" content=\"Die Mona Lisa wurde mit Torte attackiert und das Netz serviert die passenden Tweets\" \/>\n<meta property=\"og:description\" content=\"Das Schlagzeilen-beherrschende Thema gestern war eines, das einen eher ratlos zur\u00fcckl\u00e4sst und sich anh\u00f6rt wie eine etwas zu dolle Runde &#8222;Wenn ich du w\u00e4re&#8220;. Die...\" \/>\n<meta property=\"og:url\" content=\"https:\/\/www.thebestsocial.media\/de\/die-mona-lisa-torte\/\" \/>\n<meta property=\"og:site_name\" content=\"The Best Social Media DE\" \/>\n<meta property=\"article:published_time\" content=\"2022-05-31T09:52:18+00:00\" \/>\n<meta property=\"article:modified_time\" content=\"2022-05-31T09:52:50+00:00\" \/>\n<meta property=\"og:image\" content=\"https:\/\/www.thebestsocial.media\/de\/wp-content\/uploads\/sites\/3\/2022\/05\/header-monalisa.png\" \/>\n\t<meta property=\"og:image:width\" content=\"1200\" \/>\n\t<meta property=\"og:image:height\" content=\"630\" \/>\n\t<meta property=\"og:image:type\" content=\"image\/png\" \/>\n<meta name=\"author\" content=\"Helene Mei\u00dfner\" \/>\n<meta name=\"twitter:card\" content=\"summary_large_image\" \/>\n<meta name=\"twitter:label1\" content=\"Verfasst von\" \/>\n\t<meta name=\"twitter:data1\" content=\"Helene Mei\u00dfner\" \/>\n\t<meta name=\"twitter:label2\" content=\"Gesch\u00e4tzte Lesezeit\" \/>\n\t<meta name=\"twitter:data2\" content=\"2\u00a0Minuten\" \/>\n<script type=\"application\/ld+json\" class=\"yoast-schema-graph\">{\"@context\":\"https:\\\/\\\/schema.org\",\"@graph\":[{\"@type\":\"Article\",\"@id\":\"https:\\\/\\\/www.thebestsocial.media\\\/de\\\/die-mona-lisa-torte\\\/#article\",\"isPartOf\":{\"@id\":\"https:\\\/\\\/www.thebestsocial.media\\\/de\\\/die-mona-lisa-torte\\\/\"},\"author\":{\"name\":\"Helene Mei\u00dfner\",\"@id\":\"https:\\\/\\\/www.thebestsocial.media\\\/de\\\/#\\\/schema\\\/person\\\/6267acc046505b90b912687a039220df\"},\"headline\":\"Die Mona Lisa wurde mit Torte attackiert und das Netz serviert die passenden Tweets\",\"datePublished\":\"2022-05-31T09:52:18+00:00\",\"dateModified\":\"2022-05-31T09:52:50+00:00\",\"mainEntityOfPage\":{\"@id\":\"https:\\\/\\\/www.thebestsocial.media\\\/de\\\/die-mona-lisa-torte\\\/\"},\"wordCount\":391,\"commentCount\":0,\"image\":{\"@id\":\"https:\\\/\\\/www.thebestsocial.media\\\/de\\\/die-mona-lisa-torte\\\/#primaryimage\"},\"thumbnailUrl\":\"https:\\\/\\\/www.thebestsocial.media\\\/de\\\/wp-content\\\/uploads\\\/sites\\\/3\\\/2022\\\/05\\\/pexels-jill-evans-2043385-scaled.jpg\",\"keywords\":[\"Kuchen\",\"Kunst\",\"News\",\"Paris\"],\"articleSection\":[\"Twitter\",\"Videos\",\"WTF\"],\"inLanguage\":\"de\",\"potentialAction\":[{\"@type\":\"CommentAction\",\"name\":\"Comment\",\"target\":[\"https:\\\/\\\/www.thebestsocial.media\\\/de\\\/die-mona-lisa-torte\\\/#respond\"]}]},{\"@type\":\"WebPage\",\"@id\":\"https:\\\/\\\/www.thebestsocial.media\\\/de\\\/die-mona-lisa-torte\\\/\",\"url\":\"https:\\\/\\\/www.thebestsocial.media\\\/de\\\/die-mona-lisa-torte\\\/\",\"name\":\"Die Mona Lisa wurde mit Torte beworfen, Twitter kommentiert\",\"isPartOf\":{\"@id\":\"https:\\\/\\\/www.thebestsocial.media\\\/de\\\/#website\"},\"primaryImageOfPage\":{\"@id\":\"https:\\\/\\\/www.thebestsocial.media\\\/de\\\/die-mona-lisa-torte\\\/#primaryimage\"},\"image\":{\"@id\":\"https:\\\/\\\/www.thebestsocial.media\\\/de\\\/die-mona-lisa-torte\\\/#primaryimage\"},\"thumbnailUrl\":\"https:\\\/\\\/www.thebestsocial.media\\\/de\\\/wp-content\\\/uploads\\\/sites\\\/3\\\/2022\\\/05\\\/pexels-jill-evans-2043385-scaled.jpg\",\"datePublished\":\"2022-05-31T09:52:18+00:00\",\"dateModified\":\"2022-05-31T09:52:50+00:00\",\"author\":{\"@id\":\"https:\\\/\\\/www.thebestsocial.media\\\/de\\\/#\\\/schema\\\/person\\\/6267acc046505b90b912687a039220df\"},\"breadcrumb\":{\"@id\":\"https:\\\/\\\/www.thebestsocial.media\\\/de\\\/die-mona-lisa-torte\\\/#breadcrumb\"},\"inLanguage\":\"de\",\"potentialAction\":[{\"@type\":\"ReadAction\",\"target\":[\"https:\\\/\\\/www.thebestsocial.media\\\/de\\\/die-mona-lisa-torte\\\/\"]}]},{\"@type\":\"ImageObject\",\"inLanguage\":\"de\",\"@id\":\"https:\\\/\\\/www.thebestsocial.media\\\/de\\\/die-mona-lisa-torte\\\/#primaryimage\",\"url\":\"https:\\\/\\\/www.thebestsocial.media\\\/de\\\/wp-content\\\/uploads\\\/sites\\\/3\\\/2022\\\/05\\\/pexels-jill-evans-2043385-scaled.jpg\",\"contentUrl\":\"https:\\\/\\\/www.thebestsocial.media\\\/de\\\/wp-content\\\/uploads\\\/sites\\\/3\\\/2022\\\/05\\\/pexels-jill-evans-2043385-scaled.jpg\",\"width\":2560,\"height\":1593},{\"@type\":\"BreadcrumbList\",\"@id\":\"https:\\\/\\\/www.thebestsocial.media\\\/de\\\/die-mona-lisa-torte\\\/#breadcrumb\",\"itemListElement\":[{\"@type\":\"ListItem\",\"position\":1,\"name\":\"Home\",\"item\":\"https:\\\/\\\/www.thebestsocial.media\\\/de\\\/\"},{\"@type\":\"ListItem\",\"position\":2,\"name\":\"Die Mona Lisa wurde mit Torte attackiert und das Netz serviert die passenden Tweets\"}]},{\"@type\":\"WebSite\",\"@id\":\"https:\\\/\\\/www.thebestsocial.media\\\/de\\\/#website\",\"url\":\"https:\\\/\\\/www.thebestsocial.media\\\/de\\\/\",\"name\":\"The Best Social Media DE\",\"description\":\"\",\"potentialAction\":[{\"@type\":\"SearchAction\",\"target\":{\"@type\":\"EntryPoint\",\"urlTemplate\":\"https:\\\/\\\/www.thebestsocial.media\\\/de\\\/?s={search_term_string}\"},\"query-input\":{\"@type\":\"PropertyValueSpecification\",\"valueRequired\":true,\"valueName\":\"search_term_string\"}}],\"inLanguage\":\"de\"},{\"@type\":\"Person\",\"@id\":\"https:\\\/\\\/www.thebestsocial.media\\\/de\\\/#\\\/schema\\\/person\\\/6267acc046505b90b912687a039220df\",\"name\":\"Helene Mei\u00dfner\",\"image\":{\"@type\":\"ImageObject\",\"inLanguage\":\"de\",\"@id\":\"https:\\\/\\\/secure.gravatar.com\\\/avatar\\\/6639fc0397860ac2c2e11b018c1f14be4a46c2378a91ac1b35730b724675daa8?s=96&d=mm&r=g\",\"url\":\"https:\\\/\\\/secure.gravatar.com\\\/avatar\\\/6639fc0397860ac2c2e11b018c1f14be4a46c2378a91ac1b35730b724675daa8?s=96&d=mm&r=g\",\"contentUrl\":\"https:\\\/\\\/secure.gravatar.com\\\/avatar\\\/6639fc0397860ac2c2e11b018c1f14be4a46c2378a91ac1b35730b724675daa8?s=96&d=mm&r=g\",\"caption\":\"Helene Mei\u00dfner\"},\"description\":\"Kommt aus Berlin und hat dementsprechend nat\u00fcrlich irgendwas mit Medien studiert. Verlegt oft Dinge, w\u00e4hrend sie sie in der Hand h\u00e4lt. Findet Kauger\u00e4usche unausstehlich. Hat eine Schw\u00e4che f\u00fcr Glitzer und immer mindestens 50 Tabs offen.\",\"sameAs\":[\"https:\\\/\\\/www.instagram.com\\\/he.leni\\\/\"],\"url\":\"https:\\\/\\\/www.thebestsocial.media\\\/de\\\/author\\\/helenemeissner\\\/\"}]}<\/script>\n<!-- \/ Yoast SEO plugin. -->","yoast_head_json":{"title":"Die Mona Lisa wurde mit Torte beworfen, Twitter kommentiert","robots":{"index":"index","follow":"follow","max-snippet":"max-snippet:-1","max-image-preview":"max-image-preview:large","max-video-preview":"max-video-preview:-1"},"canonical":"https:\/\/www.thebestsocial.media\/de\/die-mona-lisa-torte\/","og_locale":"de_DE","og_type":"article","og_title":"Die Mona Lisa wurde mit Torte attackiert und das Netz serviert die passenden Tweets","og_description":"Das Schlagzeilen-beherrschende Thema gestern war eines, das einen eher ratlos zur\u00fcckl\u00e4sst und sich anh\u00f6rt wie eine etwas zu dolle Runde &#8222;Wenn ich du w\u00e4re&#8220;. Die...","og_url":"https:\/\/www.thebestsocial.media\/de\/die-mona-lisa-torte\/","og_site_name":"The Best Social Media DE","article_published_time":"2022-05-31T09:52:18+00:00","article_modified_time":"2022-05-31T09:52:50+00:00","og_image":[{"width":1200,"height":630,"url":"https:\/\/www.thebestsocial.media\/de\/wp-content\/uploads\/sites\/3\/2022\/05\/header-monalisa.png","type":"image\/png"}],"author":"Helene Mei\u00dfner","twitter_card":"summary_large_image","twitter_misc":{"Verfasst von":"Helene Mei\u00dfner","Gesch\u00e4tzte Lesezeit":"2\u00a0Minuten"},"schema":{"@context":"https:\/\/schema.org","@graph":[{"@type":"Article","@id":"https:\/\/www.thebestsocial.media\/de\/die-mona-lisa-torte\/#article","isPartOf":{"@id":"https:\/\/www.thebestsocial.media\/de\/die-mona-lisa-torte\/"},"author":{"name":"Helene Mei\u00dfner","@id":"https:\/\/www.thebestsocial.media\/de\/#\/schema\/person\/6267acc046505b90b912687a039220df"},"headline":"Die Mona Lisa wurde mit Torte attackiert und das Netz serviert die passenden Tweets","datePublished":"2022-05-31T09:52:18+00:00","dateModified":"2022-05-31T09:52:50+00:00","mainEntityOfPage":{"@id":"https:\/\/www.thebestsocial.media\/de\/die-mona-lisa-torte\/"},"wordCount":391,"commentCount":0,"image":{"@id":"https:\/\/www.thebestsocial.media\/de\/die-mona-lisa-torte\/#primaryimage"},"thumbnailUrl":"https:\/\/www.thebestsocial.media\/de\/wp-content\/uploads\/sites\/3\/2022\/05\/pexels-jill-evans-2043385-scaled.jpg","keywords":["Kuchen","Kunst","News","Paris"],"articleSection":["Twitter","Videos","WTF"],"inLanguage":"de","potentialAction":[{"@type":"CommentAction","name":"Comment","target":["https:\/\/www.thebestsocial.media\/de\/die-mona-lisa-torte\/#respond"]}]},{"@type":"WebPage","@id":"https:\/\/www.thebestsocial.media\/de\/die-mona-lisa-torte\/","url":"https:\/\/www.thebestsocial.media\/de\/die-mona-lisa-torte\/","name":"Die Mona Lisa wurde mit Torte beworfen, Twitter kommentiert","isPartOf":{"@id":"https:\/\/www.thebestsocial.media\/de\/#website"},"primaryImageOfPage":{"@id":"https:\/\/www.thebestsocial.media\/de\/die-mona-lisa-torte\/#primaryimage"},"image":{"@id":"https:\/\/www.thebestsocial.media\/de\/die-mona-lisa-torte\/#primaryimage"},"thumbnailUrl":"https:\/\/www.thebestsocial.media\/de\/wp-content\/uploads\/sites\/3\/2022\/05\/pexels-jill-evans-2043385-scaled.jpg","datePublished":"2022-05-31T09:52:18+00:00","dateModified":"2022-05-31T09:52:50+00:00","author":{"@id":"https:\/\/www.thebestsocial.media\/de\/#\/schema\/person\/6267acc046505b90b912687a039220df"},"breadcrumb":{"@id":"https:\/\/www.thebestsocial.media\/de\/die-mona-lisa-torte\/#breadcrumb"},"inLanguage":"de","potentialAction":[{"@type":"ReadAction","target":["https:\/\/www.thebestsocial.media\/de\/die-mona-lisa-torte\/"]}]},{"@type":"ImageObject","inLanguage":"de","@id":"https:\/\/www.thebestsocial.media\/de\/die-mona-lisa-torte\/#primaryimage","url":"https:\/\/www.thebestsocial.media\/de\/wp-content\/uploads\/sites\/3\/2022\/05\/pexels-jill-evans-2043385-scaled.jpg","contentUrl":"https:\/\/www.thebestsocial.media\/de\/wp-content\/uploads\/sites\/3\/2022\/05\/pexels-jill-evans-2043385-scaled.jpg","width":2560,"height":1593},{"@type":"BreadcrumbList","@id":"https:\/\/www.thebestsocial.media\/de\/die-mona-lisa-torte\/#breadcrumb","itemListElement":[{"@type":"ListItem","position":1,"name":"Home","item":"https:\/\/www.thebestsocial.media\/de\/"},{"@type":"ListItem","position":2,"name":"Die Mona Lisa wurde mit Torte attackiert und das Netz serviert die passenden Tweets"}]},{"@type":"WebSite","@id":"https:\/\/www.thebestsocial.media\/de\/#website","url":"https:\/\/www.thebestsocial.media\/de\/","name":"The Best Social Media DE","description":"","potentialAction":[{"@type":"SearchAction","target":{"@type":"EntryPoint","urlTemplate":"https:\/\/www.thebestsocial.media\/de\/?s={search_term_string}"},"query-input":{"@type":"PropertyValueSpecification","valueRequired":true,"valueName":"search_term_string"}}],"inLanguage":"de"},{"@type":"Person","@id":"https:\/\/www.thebestsocial.media\/de\/#\/schema\/person\/6267acc046505b90b912687a039220df","name":"Helene Mei\u00dfner","image":{"@type":"ImageObject","inLanguage":"de","@id":"https:\/\/secure.gravatar.com\/avatar\/6639fc0397860ac2c2e11b018c1f14be4a46c2378a91ac1b35730b724675daa8?s=96&d=mm&r=g","url":"https:\/\/secure.gravatar.com\/avatar\/6639fc0397860ac2c2e11b018c1f14be4a46c2378a91ac1b35730b724675daa8?s=96&d=mm&r=g","contentUrl":"https:\/\/secure.gravatar.com\/avatar\/6639fc0397860ac2c2e11b018c1f14be4a46c2378a91ac1b35730b724675daa8?s=96&d=mm&r=g","caption":"Helene Mei\u00dfner"},"description":"Kommt aus Berlin und hat dementsprechend nat\u00fcrlich irgendwas mit Medien studiert. Verlegt oft Dinge, w\u00e4hrend sie sie in der Hand h\u00e4lt. Findet Kauger\u00e4usche unausstehlich. Hat eine Schw\u00e4che f\u00fcr Glitzer und immer mindestens 50 Tabs offen.","sameAs":["https:\/\/www.instagram.com\/he.leni\/"],"url":"https:\/\/www.thebestsocial.media\/de\/author\/helenemeissner\/"}]}},"amp_enabled":true,"_links":{"self":[{"href":"https:\/\/www.thebestsocial.media\/de\/wp-json\/wp\/v2\/posts\/161977","targetHints":{"allow":["GET"]}}],"collection":[{"href":"https:\/\/www.thebestsocial.media\/de\/wp-json\/wp\/v2\/posts"}],"about":[{"href":"https:\/\/www.thebestsocial.media\/de\/wp-json\/wp\/v2\/types\/post"}],"author":[{"embeddable":true,"href":"https:\/\/www.thebestsocial.media\/de\/wp-json\/wp\/v2\/users\/73"}],"replies":[{"embeddable":true,"href":"https:\/\/www.thebestsocial.media\/de\/wp-json\/wp\/v2\/comments?post=161977"}],"version-history":[{"count":19,"href":"https:\/\/www.thebestsocial.media\/de\/wp-json\/wp\/v2\/posts\/161977\/revisions"}],"predecessor-version":[{"id":162006,"href":"https:\/\/www.thebestsocial.media\/de\/wp-json\/wp\/v2\/posts\/161977\/revisions\/162006"}],"wp:featuredmedia":[{"embeddable":true,"href":"https:\/\/www.thebestsocial.media\/de\/wp-json\/wp\/v2\/media\/161996"}],"wp:attachment":[{"href":"https:\/\/www.thebestsocial.media\/de\/wp-json\/wp\/v2\/media?parent=161977"}],"wp:term":[{"taxonomy":"category","embeddable":true,"href":"https:\/\/www.thebestsocial.media\/de\/wp-json\/wp\/v2\/categories?post=161977"},{"taxonomy":"post_tag","embeddable":true,"href":"https:\/\/www.thebestsocial.media\/de\/wp-json\/wp\/v2\/tags?post=161977"}],"curies":[{"name":"wp","href":"https:\/\/api.w.org\/{rel}","templated":true}]}}