{"id":161746,"date":"2023-03-28T15:21:27","date_gmt":"2023-03-28T15:21:27","guid":{"rendered":"https:\/\/www.thebestsocial.media\/de\/?p=161746"},"modified":"2023-03-29T12:06:34","modified_gmt":"2023-03-29T12:06:34","slug":"muetze-kappe-und-hut-posts-ueber-kopfbedeckungen-der-besonderen-art","status":"publish","type":"post","link":"https:\/\/www.thebestsocial.media\/de\/muetze-kappe-und-hut-posts-ueber-kopfbedeckungen-der-besonderen-art\/","title":{"rendered":"M\u00fctze, Kappe und Hut! Posts \u00fcber Kopfbedeckungen der besonderen Art"},"content":{"rendered":"<p>Manche Menschen benutzen Kopfbedeckungen sowie Hut, Kappe oder M\u00fctze aus \u00e4sthetischen, andere aus praktischen Gr\u00fcnden. Die Meinungen \u00fcber diese Accessoires sind oft zwiegespalten und noch l\u00e4ngst jedem stehen sie.<\/p>\n<p><em>&#8211; Das ist ein Repost aus Mai 2022 &#8211;<\/em><\/p>\n<p>&nbsp;<\/p>\n<h3><strong>1. Im Restaurant kommen sie meistens nicht so gut an. <\/strong><\/h3>\n<blockquote class=\"twitter-tweet\">\n<p dir=\"ltr\" lang=\"de\">Hier wird echt diskutiert, ob man Kopfbedeckungen im Restaurant tragen darf. Ich frage mich eher, wer sich so bescheuerte Regeln mal ausgedacht hat und wer so spie\u00dfig ist, das heute noch mit Respekt in Verbindung zu bringen.<\/p>\n<p>\u2014 CanCan (@CanellaBini) <a href=\"https:\/\/twitter.com\/CanellaBini\/status\/1302526827643179009?ref_src=twsrc%5Etfw\">September 6, 2020<\/a><\/p><\/blockquote>\n<p><script async src=\"https:\/\/platform.twitter.com\/widgets.js\" charset=\"utf-8\"><\/script><\/p>\n<p>&nbsp;<\/p>\n<h3><strong>2. Das k\u00f6nnte schwierig werden&#8230;<\/strong><\/h3>\n<blockquote class=\"twitter-tweet\">\n<p dir=\"ltr\" lang=\"de\">Gibt&#8217;s eigentlich Kopfbedeckungen zum Sonnenschutz f\u00fcr Damen, mit denen man sich drau\u00dfen zeigen kann ohne auszusehen wie ein Bergsteiger oder wie in der Rafaello Werbung? Und auch keine Basecap.<\/p>\n<p>\u2014 \u01dd\u0287\u0287\u01ddl\u01ddss\u0250nb (@Quasselette) <a href=\"https:\/\/twitter.com\/Quasselette\/status\/1398940187447676930?ref_src=twsrc%5Etfw\">May 30, 2021<\/a><\/p><\/blockquote>\n<p><script async src=\"https:\/\/platform.twitter.com\/widgets.js\" charset=\"utf-8\"><\/script><\/p>\n<p>&nbsp;<\/p>\n<h3><strong>3. Eine Kopfbedeckung der anderen Art. <\/strong><\/h3>\n<p><video src=\"https:\/\/www.thebestsocial.media\/de\/wp-content\/uploads\/tiktok\/7093130105089740037.mp4\" controls width=\"623\" height=\"1108\" style=\"border:0; height:90vh; width:50.625000vh;\"><\/video><\/p>\n<p>&nbsp;<\/p>\n<h3><strong>4. Kopfbedeckungen in einem anderen Kontext. <\/strong><\/h3>\n<blockquote class=\"twitter-tweet\">\n<p dir=\"ltr\" lang=\"de\">Habe vom Zahnarzt den Preis f\u00fcr eine Krone erfahren. Meine Frage jetzt, muss es denn gleich eine Krone sein? Reicht nicht auch ein Hut?<\/p>\n<p>\u2014 Tomate (@Mozzirella_) <a href=\"https:\/\/twitter.com\/Mozzirella_\/status\/1417338394443714564?ref_src=twsrc%5Etfw\">July 20, 2021<\/a><\/p><\/blockquote>\n<p><script async src=\"https:\/\/platform.twitter.com\/widgets.js\" charset=\"utf-8\"><\/script><\/p>\n<p>&nbsp;<\/p>\n<h3><strong>5. Gott sei Dank sind die Zeiten vorbei.<\/strong><\/h3>\n<blockquote class=\"twitter-tweet\">\n<p dir=\"ltr\" lang=\"de\">Wenn Mama deine M\u00fctze aussucht. <a href=\"https:\/\/t.co\/71uGeXdyCJ\">pic.twitter.com\/71uGeXdyCJ<\/a><\/p>\n<p>\u2014 tino (@bomelino) <a href=\"https:\/\/twitter.com\/bomelino\/status\/960979290723639296?ref_src=twsrc%5Etfw\">February 6, 2018<\/a><\/p><\/blockquote>\n<p><script async src=\"https:\/\/platform.twitter.com\/widgets.js\" charset=\"utf-8\"><\/script><\/p>\n<p>&nbsp;<\/p>\n<h3><strong>6. Die Kappe f\u00fcr Leute mit Geschmack.<\/strong><\/h3>\n<blockquote class=\"twitter-tweet\">\n<p dir=\"ltr\" lang=\"de\">Nehmen wir nicht auf unsere Kappe. <a href=\"https:\/\/t.co\/f2LdSUtWSL\">https:\/\/t.co\/f2LdSUtWSL<\/a><\/p>\n<p>\u2014 Dr. Oetker Pizza DE (@DrOetkerPizzaDE) <a href=\"https:\/\/twitter.com\/DrOetkerPizzaDE\/status\/1356574816191578113?ref_src=twsrc%5Etfw\">February 2, 2021<\/a><\/p><\/blockquote>\n<p><script async src=\"https:\/\/platform.twitter.com\/widgets.js\" charset=\"utf-8\"><\/script><\/p>\n<p>&nbsp;<\/p>\n<h3><strong>7. Echtfell ist wohl doch nicht verboten.<\/strong><\/h3>\n<p><video src=\"https:\/\/www.thebestsocial.media\/de\/wp-content\/uploads\/tiktok\/7100899398715968774.mp4\" controls width=\"623\" height=\"1108\" style=\"border:0; height:90vh; width:50.625000vh;\"><\/video><\/p>\n<p>&nbsp;<\/p>\n<h3><strong>8. Die Details w\u00e4ren jetzt nicht unbedingt n\u00f6tig gewesen.<\/strong><\/h3>\n<p><video src=\"https:\/\/www.thebestsocial.media\/de\/wp-content\/uploads\/tiktok\/7057472270981221637.mp4\" controls width=\"623\" height=\"1108\" style=\"border:0; height:90vh; width:50.625000vh;\"><\/video><\/p>\n<p>&nbsp;<\/p>\n<h3><strong>9. Die Kappe kann nur Stress bedeuten.<\/strong><\/h3>\n<blockquote class=\"twitter-tweet\">\n<p dir=\"ltr\" lang=\"de\">ich liebe partys wo man einfach 1 gute zeit hat und pl\u00f6tzlich kommt jemand mit so 1 m\u00fctze rein &amp; du wei\u00dft jetzt wird stressig <a href=\"https:\/\/t.co\/PHKwUXWmU6\">pic.twitter.com\/PHKwUXWmU6<\/a><\/p>\n<p>\u2014 Dax Werner (@DaxWerner) <a href=\"https:\/\/twitter.com\/DaxWerner\/status\/904613193326186496?ref_src=twsrc%5Etfw\">September 4, 2017<\/a><\/p><\/blockquote>\n<p><script async src=\"https:\/\/platform.twitter.com\/widgets.js\" charset=\"utf-8\"><\/script><\/p>\n<p>&nbsp;<\/p>\n<h3><strong>10. Oh verdammt, das k\u00f6nnte komisch aussehen:<\/strong><\/h3>\n<blockquote class=\"twitter-tweet\">\n<p dir=\"ltr\" lang=\"de\">Ich habe eine M\u00fctze f\u00fcr ein Neugeborenes geh\u00e4kelt.<\/p>\n<p>Und jetzt musste ich Wolle reinstopfen um sie euch zu zeigen! \ud83d\ude02<\/p>\n<p>Das Tragefoto ist ein Netzfund! \ud83d\ude09 <a href=\"https:\/\/t.co\/s872DYjvC5\">pic.twitter.com\/s872DYjvC5<\/a><\/p>\n<p>\u2014 Froschdomse (@froschdomse) <a href=\"https:\/\/twitter.com\/froschdomse\/status\/1168218534775672832?ref_src=twsrc%5Etfw\">September 1, 2019<\/a><\/p><\/blockquote>\n<p><script async src=\"https:\/\/platform.twitter.com\/widgets.js\" charset=\"utf-8\"><\/script><\/p>\n<p>&nbsp;<\/p>\n<p><strong>___<\/strong><br \/>\n<strong>Vielen Dank an alle f\u00fcr die Posts!\u00a0<\/strong><br \/>\n<strong>___\u00a0<\/strong><\/p>\n<p><b data-stringify-type=\"bold\">1 Klick = 1 Unterst\u00fctzung<\/b><\/p>\n<p>Dir gef\u00e4llt unsere Arbeit? Dann unterst\u00fctze sie doch! Das geht ganz einfach mit einem Klick auf die Werbeanzeigen auf unserer Seite. Kostet nix, aber hilft uns sehr. Dickes Dankesch\u00f6n!<br \/>\nDu hast Feedback? Schick es uns, zum Beispiel\u00a0<a class=\"c-link\" href=\"https:\/\/www.thebestsocial.media\/de\/einsendungen\/\" target=\"_blank\" rel=\"noopener noreferrer\" data-stringify-link=\"https:\/\/www.thebestsocial.media\/de\/einsendungen\/\" data-sk=\"tooltip_parent\">hier<\/a>\u00a0oder per Direktnachricht auf\u00a0<a class=\"c-link\" href=\"https:\/\/www.instagram.com\/thebestsocialmediade\/\" target=\"_blank\" rel=\"noopener noreferrer\" data-stringify-link=\"https:\/\/www.instagram.com\/thebestsocialmediade\/\" data-sk=\"tooltip_parent\">Instagram<\/a>,\u00a0<a class=\"c-link\" href=\"https:\/\/www.facebook.com\/thebestsocialmediaDE\/\" target=\"_blank\" rel=\"noopener noreferrer\" data-stringify-link=\"https:\/\/www.facebook.com\/thebestsocialmediaDE\/\" data-sk=\"tooltip_parent\">Facebook<\/a>\u00a0oder\u00a0<a class=\"c-link\" href=\"https:\/\/twitter.com\/thebestsocialDE\" target=\"_blank\" rel=\"noopener noreferrer\" data-stringify-link=\"https:\/\/twitter.com\/thebestsocialDE\" data-sk=\"tooltip_parent\">Twitter<\/a>.<\/p>\n<p><strong>Hey! Wir suchen neue Kolleg:innen! Du liebst die Internetkultur und verstehst, dass TikToks mehr als nur kurze, nervige Videos sind? Hast du bereits eine gesunde Social-Media-Sucht entwickelt? Du lebst online, wei\u00dft, was im Moment passiert ist und was morgen angesagt sein wird?\u00a0<\/strong><strong><a href=\"https:\/\/www.thebestsocialjobs.com\/de\/\">Dann werde Teil unseres Teams!<\/a><\/strong><\/p>\n","protected":false},"excerpt":{"rendered":"<p>Manche Menschen benutzen Kopfbedeckungen sowie Hut, Kappe oder M\u00fctze aus \u00e4sthetischen, andere aus praktischen Gr\u00fcnden. Die Meinungen \u00fcber diese Accessoires sind oft zwiegespalten und noch&#8230;<\/p>\n","protected":false},"author":92,"featured_media":161754,"comment_status":"open","ping_status":"open","sticky":false,"template":"","format":"standard","meta":{"_acf_changed":false,"footnotes":""},"categories":[102,106,1116,35,1],"tags":[5124,5125,5123,4559],"class_list":["post-161746","post","type-post","status-publish","format-standard","has-post-thumbnail","hentry","category-allgemein","category-best-of","category-the-best-social","category-twitter","category-uncategorized","tag-hut","tag-kappe","tag-kopfbedeckungen","tag-muetze"],"acf":[],"yoast_head":"<!-- This site is optimized with the Yoast SEO plugin v27.5 - https:\/\/yoast.com\/product\/yoast-seo-wordpress\/ -->\n<title>Kopfbedeckungen der besonderen Art<\/title>\n<meta name=\"description\" content=\"Kappe oder M\u00fctze tragen manche aus \u00e4sthetischen, andere aus praktischen Gr\u00fcnden. Die Meinungen bei den Kopfbedeckungen gehen auseinander:\" \/>\n<meta name=\"robots\" content=\"index, follow, max-snippet:-1, max-image-preview:large, max-video-preview:-1\" \/>\n<link rel=\"canonical\" href=\"https:\/\/www.thebestsocial.media\/de\/muetze-kappe-und-hut-posts-ueber-kopfbedeckungen-der-besonderen-art\/\" \/>\n<meta property=\"og:locale\" content=\"de_DE\" \/>\n<meta property=\"og:type\" content=\"article\" \/>\n<meta property=\"og:title\" content=\"M\u00fctze, Kappe und Hut! Posts \u00fcber Kopfbedeckungen der besonderen Art\" \/>\n<meta property=\"og:description\" content=\"Kappe oder M\u00fctze tragen manche aus \u00e4sthetischen, andere aus praktischen Gr\u00fcnden. Die Meinungen bei den Kopfbedeckungen gehen auseinander:\" \/>\n<meta property=\"og:url\" content=\"https:\/\/www.thebestsocial.media\/de\/muetze-kappe-und-hut-posts-ueber-kopfbedeckungen-der-besonderen-art\/\" \/>\n<meta property=\"og:site_name\" content=\"The Best Social Media DE\" \/>\n<meta property=\"article:author\" content=\"Anna Oeltges\" \/>\n<meta property=\"article:published_time\" content=\"2023-03-28T15:21:27+00:00\" \/>\n<meta property=\"article:modified_time\" content=\"2023-03-29T12:06:34+00:00\" \/>\n<meta property=\"og:image\" content=\"https:\/\/www.thebestsocial.media\/de\/wp-content\/uploads\/sites\/3\/2023\/03\/001-3.png\" \/>\n\t<meta property=\"og:image:width\" content=\"1200\" \/>\n\t<meta property=\"og:image:height\" content=\"630\" \/>\n\t<meta property=\"og:image:type\" content=\"image\/png\" \/>\n<meta name=\"author\" content=\"Anna Oeltges\" \/>\n<meta name=\"twitter:card\" content=\"summary_large_image\" \/>\n<meta name=\"twitter:creator\" content=\"@oeltges\" \/>\n<meta name=\"twitter:label1\" content=\"Verfasst von\" \/>\n\t<meta name=\"twitter:data1\" content=\"Anna Oeltges\" \/>\n\t<meta name=\"twitter:label2\" content=\"Gesch\u00e4tzte Lesezeit\" \/>\n\t<meta name=\"twitter:data2\" content=\"3\u00a0Minuten\" \/>\n<script type=\"application\/ld+json\" class=\"yoast-schema-graph\">{\"@context\":\"https:\\\/\\\/schema.org\",\"@graph\":[{\"@type\":\"Article\",\"@id\":\"https:\\\/\\\/www.thebestsocial.media\\\/de\\\/muetze-kappe-und-hut-posts-ueber-kopfbedeckungen-der-besonderen-art\\\/#article\",\"isPartOf\":{\"@id\":\"https:\\\/\\\/www.thebestsocial.media\\\/de\\\/muetze-kappe-und-hut-posts-ueber-kopfbedeckungen-der-besonderen-art\\\/\"},\"author\":{\"name\":\"Anna Oeltges\",\"@id\":\"https:\\\/\\\/www.thebestsocial.media\\\/de\\\/#\\\/schema\\\/person\\\/73ef7d3bb298de832c8f1c79b4a41e81\"},\"headline\":\"M\u00fctze, Kappe und Hut! Posts \u00fcber Kopfbedeckungen der besonderen Art\",\"datePublished\":\"2023-03-28T15:21:27+00:00\",\"dateModified\":\"2023-03-29T12:06:34+00:00\",\"mainEntityOfPage\":{\"@id\":\"https:\\\/\\\/www.thebestsocial.media\\\/de\\\/muetze-kappe-und-hut-posts-ueber-kopfbedeckungen-der-besonderen-art\\\/\"},\"wordCount\":490,\"commentCount\":0,\"image\":{\"@id\":\"https:\\\/\\\/www.thebestsocial.media\\\/de\\\/muetze-kappe-und-hut-posts-ueber-kopfbedeckungen-der-besonderen-art\\\/#primaryimage\"},\"thumbnailUrl\":\"https:\\\/\\\/www.thebestsocial.media\\\/de\\\/wp-content\\\/uploads\\\/sites\\\/3\\\/2022\\\/05\\\/pexels-artem-beliaikin-1078975-scaled.jpg\",\"keywords\":[\"hut\",\"Kappe\",\"Kopfbedeckungen\",\"M\u00fctze\"],\"articleSection\":{\"1\":\"Best of\",\"2\":\"The Best Social\",\"3\":\"Twitter\",\"4\":\"Uncategorized\"},\"inLanguage\":\"de\",\"potentialAction\":[{\"@type\":\"CommentAction\",\"name\":\"Comment\",\"target\":[\"https:\\\/\\\/www.thebestsocial.media\\\/de\\\/muetze-kappe-und-hut-posts-ueber-kopfbedeckungen-der-besonderen-art\\\/#respond\"]}]},{\"@type\":\"WebPage\",\"@id\":\"https:\\\/\\\/www.thebestsocial.media\\\/de\\\/muetze-kappe-und-hut-posts-ueber-kopfbedeckungen-der-besonderen-art\\\/\",\"url\":\"https:\\\/\\\/www.thebestsocial.media\\\/de\\\/muetze-kappe-und-hut-posts-ueber-kopfbedeckungen-der-besonderen-art\\\/\",\"name\":\"Kopfbedeckungen der besonderen Art\",\"isPartOf\":{\"@id\":\"https:\\\/\\\/www.thebestsocial.media\\\/de\\\/#website\"},\"primaryImageOfPage\":{\"@id\":\"https:\\\/\\\/www.thebestsocial.media\\\/de\\\/muetze-kappe-und-hut-posts-ueber-kopfbedeckungen-der-besonderen-art\\\/#primaryimage\"},\"image\":{\"@id\":\"https:\\\/\\\/www.thebestsocial.media\\\/de\\\/muetze-kappe-und-hut-posts-ueber-kopfbedeckungen-der-besonderen-art\\\/#primaryimage\"},\"thumbnailUrl\":\"https:\\\/\\\/www.thebestsocial.media\\\/de\\\/wp-content\\\/uploads\\\/sites\\\/3\\\/2022\\\/05\\\/pexels-artem-beliaikin-1078975-scaled.jpg\",\"datePublished\":\"2023-03-28T15:21:27+00:00\",\"dateModified\":\"2023-03-29T12:06:34+00:00\",\"author\":{\"@id\":\"https:\\\/\\\/www.thebestsocial.media\\\/de\\\/#\\\/schema\\\/person\\\/73ef7d3bb298de832c8f1c79b4a41e81\"},\"description\":\"Kappe oder M\u00fctze tragen manche aus \u00e4sthetischen, andere aus praktischen Gr\u00fcnden. Die Meinungen bei den Kopfbedeckungen gehen auseinander:\",\"breadcrumb\":{\"@id\":\"https:\\\/\\\/www.thebestsocial.media\\\/de\\\/muetze-kappe-und-hut-posts-ueber-kopfbedeckungen-der-besonderen-art\\\/#breadcrumb\"},\"inLanguage\":\"de\",\"potentialAction\":[{\"@type\":\"ReadAction\",\"target\":[\"https:\\\/\\\/www.thebestsocial.media\\\/de\\\/muetze-kappe-und-hut-posts-ueber-kopfbedeckungen-der-besonderen-art\\\/\"]}]},{\"@type\":\"ImageObject\",\"inLanguage\":\"de\",\"@id\":\"https:\\\/\\\/www.thebestsocial.media\\\/de\\\/muetze-kappe-und-hut-posts-ueber-kopfbedeckungen-der-besonderen-art\\\/#primaryimage\",\"url\":\"https:\\\/\\\/www.thebestsocial.media\\\/de\\\/wp-content\\\/uploads\\\/sites\\\/3\\\/2022\\\/05\\\/pexels-artem-beliaikin-1078975-scaled.jpg\",\"contentUrl\":\"https:\\\/\\\/www.thebestsocial.media\\\/de\\\/wp-content\\\/uploads\\\/sites\\\/3\\\/2022\\\/05\\\/pexels-artem-beliaikin-1078975-scaled.jpg\",\"width\":2560,\"height\":1707,\"caption\":\"Kopfbedeckungen\"},{\"@type\":\"BreadcrumbList\",\"@id\":\"https:\\\/\\\/www.thebestsocial.media\\\/de\\\/muetze-kappe-und-hut-posts-ueber-kopfbedeckungen-der-besonderen-art\\\/#breadcrumb\",\"itemListElement\":[{\"@type\":\"ListItem\",\"position\":1,\"name\":\"Home\",\"item\":\"https:\\\/\\\/www.thebestsocial.media\\\/de\\\/\"},{\"@type\":\"ListItem\",\"position\":2,\"name\":\"M\u00fctze, Kappe und Hut! Posts \u00fcber Kopfbedeckungen der besonderen Art\"}]},{\"@type\":\"WebSite\",\"@id\":\"https:\\\/\\\/www.thebestsocial.media\\\/de\\\/#website\",\"url\":\"https:\\\/\\\/www.thebestsocial.media\\\/de\\\/\",\"name\":\"The Best Social Media DE\",\"description\":\"\",\"potentialAction\":[{\"@type\":\"SearchAction\",\"target\":{\"@type\":\"EntryPoint\",\"urlTemplate\":\"https:\\\/\\\/www.thebestsocial.media\\\/de\\\/?s={search_term_string}\"},\"query-input\":{\"@type\":\"PropertyValueSpecification\",\"valueRequired\":true,\"valueName\":\"search_term_string\"}}],\"inLanguage\":\"de\"},{\"@type\":\"Person\",\"@id\":\"https:\\\/\\\/www.thebestsocial.media\\\/de\\\/#\\\/schema\\\/person\\\/73ef7d3bb298de832c8f1c79b4a41e81\",\"name\":\"Anna Oeltges\",\"image\":{\"@type\":\"ImageObject\",\"inLanguage\":\"de\",\"@id\":\"https:\\\/\\\/secure.gravatar.com\\\/avatar\\\/5ce5a6c547e9e6c1f06970e7e00b7d65cb62536add335c1e887b5723d76d3fd6?s=96&d=mm&r=g\",\"url\":\"https:\\\/\\\/secure.gravatar.com\\\/avatar\\\/5ce5a6c547e9e6c1f06970e7e00b7d65cb62536add335c1e887b5723d76d3fd6?s=96&d=mm&r=g\",\"contentUrl\":\"https:\\\/\\\/secure.gravatar.com\\\/avatar\\\/5ce5a6c547e9e6c1f06970e7e00b7d65cb62536add335c1e887b5723d76d3fd6?s=96&d=mm&r=g\",\"caption\":\"Anna Oeltges\"},\"sameAs\":[\"Anna Oeltges\",\"annaoeltges\",\"https:\\\/\\\/x.com\\\/oeltges\"],\"url\":\"https:\\\/\\\/www.thebestsocial.media\\\/de\\\/author\\\/anna\\\/\"}]}<\/script>\n<!-- \/ Yoast SEO plugin. -->","yoast_head_json":{"title":"Kopfbedeckungen der besonderen Art","description":"Kappe oder M\u00fctze tragen manche aus \u00e4sthetischen, andere aus praktischen Gr\u00fcnden. Die Meinungen bei den Kopfbedeckungen gehen auseinander:","robots":{"index":"index","follow":"follow","max-snippet":"max-snippet:-1","max-image-preview":"max-image-preview:large","max-video-preview":"max-video-preview:-1"},"canonical":"https:\/\/www.thebestsocial.media\/de\/muetze-kappe-und-hut-posts-ueber-kopfbedeckungen-der-besonderen-art\/","og_locale":"de_DE","og_type":"article","og_title":"M\u00fctze, Kappe und Hut! Posts \u00fcber Kopfbedeckungen der besonderen Art","og_description":"Kappe oder M\u00fctze tragen manche aus \u00e4sthetischen, andere aus praktischen Gr\u00fcnden. Die Meinungen bei den Kopfbedeckungen gehen auseinander:","og_url":"https:\/\/www.thebestsocial.media\/de\/muetze-kappe-und-hut-posts-ueber-kopfbedeckungen-der-besonderen-art\/","og_site_name":"The Best Social Media DE","article_author":"Anna Oeltges","article_published_time":"2023-03-28T15:21:27+00:00","article_modified_time":"2023-03-29T12:06:34+00:00","og_image":[{"width":1200,"height":630,"url":"https:\/\/www.thebestsocial.media\/de\/wp-content\/uploads\/sites\/3\/2023\/03\/001-3.png","type":"image\/png"}],"author":"Anna Oeltges","twitter_card":"summary_large_image","twitter_creator":"@oeltges","twitter_misc":{"Verfasst von":"Anna Oeltges","Gesch\u00e4tzte Lesezeit":"3\u00a0Minuten"},"schema":{"@context":"https:\/\/schema.org","@graph":[{"@type":"Article","@id":"https:\/\/www.thebestsocial.media\/de\/muetze-kappe-und-hut-posts-ueber-kopfbedeckungen-der-besonderen-art\/#article","isPartOf":{"@id":"https:\/\/www.thebestsocial.media\/de\/muetze-kappe-und-hut-posts-ueber-kopfbedeckungen-der-besonderen-art\/"},"author":{"name":"Anna Oeltges","@id":"https:\/\/www.thebestsocial.media\/de\/#\/schema\/person\/73ef7d3bb298de832c8f1c79b4a41e81"},"headline":"M\u00fctze, Kappe und Hut! Posts \u00fcber Kopfbedeckungen der besonderen Art","datePublished":"2023-03-28T15:21:27+00:00","dateModified":"2023-03-29T12:06:34+00:00","mainEntityOfPage":{"@id":"https:\/\/www.thebestsocial.media\/de\/muetze-kappe-und-hut-posts-ueber-kopfbedeckungen-der-besonderen-art\/"},"wordCount":490,"commentCount":0,"image":{"@id":"https:\/\/www.thebestsocial.media\/de\/muetze-kappe-und-hut-posts-ueber-kopfbedeckungen-der-besonderen-art\/#primaryimage"},"thumbnailUrl":"https:\/\/www.thebestsocial.media\/de\/wp-content\/uploads\/sites\/3\/2022\/05\/pexels-artem-beliaikin-1078975-scaled.jpg","keywords":["hut","Kappe","Kopfbedeckungen","M\u00fctze"],"articleSection":{"1":"Best of","2":"The Best Social","3":"Twitter","4":"Uncategorized"},"inLanguage":"de","potentialAction":[{"@type":"CommentAction","name":"Comment","target":["https:\/\/www.thebestsocial.media\/de\/muetze-kappe-und-hut-posts-ueber-kopfbedeckungen-der-besonderen-art\/#respond"]}]},{"@type":"WebPage","@id":"https:\/\/www.thebestsocial.media\/de\/muetze-kappe-und-hut-posts-ueber-kopfbedeckungen-der-besonderen-art\/","url":"https:\/\/www.thebestsocial.media\/de\/muetze-kappe-und-hut-posts-ueber-kopfbedeckungen-der-besonderen-art\/","name":"Kopfbedeckungen der besonderen Art","isPartOf":{"@id":"https:\/\/www.thebestsocial.media\/de\/#website"},"primaryImageOfPage":{"@id":"https:\/\/www.thebestsocial.media\/de\/muetze-kappe-und-hut-posts-ueber-kopfbedeckungen-der-besonderen-art\/#primaryimage"},"image":{"@id":"https:\/\/www.thebestsocial.media\/de\/muetze-kappe-und-hut-posts-ueber-kopfbedeckungen-der-besonderen-art\/#primaryimage"},"thumbnailUrl":"https:\/\/www.thebestsocial.media\/de\/wp-content\/uploads\/sites\/3\/2022\/05\/pexels-artem-beliaikin-1078975-scaled.jpg","datePublished":"2023-03-28T15:21:27+00:00","dateModified":"2023-03-29T12:06:34+00:00","author":{"@id":"https:\/\/www.thebestsocial.media\/de\/#\/schema\/person\/73ef7d3bb298de832c8f1c79b4a41e81"},"description":"Kappe oder M\u00fctze tragen manche aus \u00e4sthetischen, andere aus praktischen Gr\u00fcnden. Die Meinungen bei den Kopfbedeckungen gehen auseinander:","breadcrumb":{"@id":"https:\/\/www.thebestsocial.media\/de\/muetze-kappe-und-hut-posts-ueber-kopfbedeckungen-der-besonderen-art\/#breadcrumb"},"inLanguage":"de","potentialAction":[{"@type":"ReadAction","target":["https:\/\/www.thebestsocial.media\/de\/muetze-kappe-und-hut-posts-ueber-kopfbedeckungen-der-besonderen-art\/"]}]},{"@type":"ImageObject","inLanguage":"de","@id":"https:\/\/www.thebestsocial.media\/de\/muetze-kappe-und-hut-posts-ueber-kopfbedeckungen-der-besonderen-art\/#primaryimage","url":"https:\/\/www.thebestsocial.media\/de\/wp-content\/uploads\/sites\/3\/2022\/05\/pexels-artem-beliaikin-1078975-scaled.jpg","contentUrl":"https:\/\/www.thebestsocial.media\/de\/wp-content\/uploads\/sites\/3\/2022\/05\/pexels-artem-beliaikin-1078975-scaled.jpg","width":2560,"height":1707,"caption":"Kopfbedeckungen"},{"@type":"BreadcrumbList","@id":"https:\/\/www.thebestsocial.media\/de\/muetze-kappe-und-hut-posts-ueber-kopfbedeckungen-der-besonderen-art\/#breadcrumb","itemListElement":[{"@type":"ListItem","position":1,"name":"Home","item":"https:\/\/www.thebestsocial.media\/de\/"},{"@type":"ListItem","position":2,"name":"M\u00fctze, Kappe und Hut! Posts \u00fcber Kopfbedeckungen der besonderen Art"}]},{"@type":"WebSite","@id":"https:\/\/www.thebestsocial.media\/de\/#website","url":"https:\/\/www.thebestsocial.media\/de\/","name":"The Best Social Media DE","description":"","potentialAction":[{"@type":"SearchAction","target":{"@type":"EntryPoint","urlTemplate":"https:\/\/www.thebestsocial.media\/de\/?s={search_term_string}"},"query-input":{"@type":"PropertyValueSpecification","valueRequired":true,"valueName":"search_term_string"}}],"inLanguage":"de"},{"@type":"Person","@id":"https:\/\/www.thebestsocial.media\/de\/#\/schema\/person\/73ef7d3bb298de832c8f1c79b4a41e81","name":"Anna Oeltges","image":{"@type":"ImageObject","inLanguage":"de","@id":"https:\/\/secure.gravatar.com\/avatar\/5ce5a6c547e9e6c1f06970e7e00b7d65cb62536add335c1e887b5723d76d3fd6?s=96&d=mm&r=g","url":"https:\/\/secure.gravatar.com\/avatar\/5ce5a6c547e9e6c1f06970e7e00b7d65cb62536add335c1e887b5723d76d3fd6?s=96&d=mm&r=g","contentUrl":"https:\/\/secure.gravatar.com\/avatar\/5ce5a6c547e9e6c1f06970e7e00b7d65cb62536add335c1e887b5723d76d3fd6?s=96&d=mm&r=g","caption":"Anna Oeltges"},"sameAs":["Anna Oeltges","annaoeltges","https:\/\/x.com\/oeltges"],"url":"https:\/\/www.thebestsocial.media\/de\/author\/anna\/"}]}},"amp_enabled":true,"_links":{"self":[{"href":"https:\/\/www.thebestsocial.media\/de\/wp-json\/wp\/v2\/posts\/161746","targetHints":{"allow":["GET"]}}],"collection":[{"href":"https:\/\/www.thebestsocial.media\/de\/wp-json\/wp\/v2\/posts"}],"about":[{"href":"https:\/\/www.thebestsocial.media\/de\/wp-json\/wp\/v2\/types\/post"}],"author":[{"embeddable":true,"href":"https:\/\/www.thebestsocial.media\/de\/wp-json\/wp\/v2\/users\/92"}],"replies":[{"embeddable":true,"href":"https:\/\/www.thebestsocial.media\/de\/wp-json\/wp\/v2\/comments?post=161746"}],"version-history":[{"count":10,"href":"https:\/\/www.thebestsocial.media\/de\/wp-json\/wp\/v2\/posts\/161746\/revisions"}],"predecessor-version":[{"id":179667,"href":"https:\/\/www.thebestsocial.media\/de\/wp-json\/wp\/v2\/posts\/161746\/revisions\/179667"}],"wp:featuredmedia":[{"embeddable":true,"href":"https:\/\/www.thebestsocial.media\/de\/wp-json\/wp\/v2\/media\/161754"}],"wp:attachment":[{"href":"https:\/\/www.thebestsocial.media\/de\/wp-json\/wp\/v2\/media?parent=161746"}],"wp:term":[{"taxonomy":"category","embeddable":true,"href":"https:\/\/www.thebestsocial.media\/de\/wp-json\/wp\/v2\/categories?post=161746"},{"taxonomy":"post_tag","embeddable":true,"href":"https:\/\/www.thebestsocial.media\/de\/wp-json\/wp\/v2\/tags?post=161746"}],"curies":[{"name":"wp","href":"https:\/\/api.w.org\/{rel}","templated":true}]}}