{"id":161634,"date":"2022-05-23T09:54:07","date_gmt":"2022-05-23T09:54:07","guid":{"rendered":"https:\/\/www.thebestsocial.media\/de\/?p=161634"},"modified":"2022-05-23T10:02:46","modified_gmt":"2022-05-23T10:02:46","slug":"bibi-und-julian-die-vorgetaeuschte-trennung-des-youtuber-ehepaars","status":"publish","type":"post","link":"https:\/\/www.thebestsocial.media\/de\/bibi-und-julian-die-vorgetaeuschte-trennung-des-youtuber-ehepaars\/","title":{"rendered":"Bibi und Julian: Die (vorget\u00e4uschte?) Trennung des YouTuber-Ehepaars"},"content":{"rendered":"<p>Nach 13 Jahren Beziehung ist nun die Trennung der Influencer Julienco und BibisBeautyPalace bekannt geworden. Nachdem zuerst das Ger\u00fccht umherging, dass es sich m\u00f6glicherweise um einen Promo-Move handeln w\u00fcrde, ist es mittlerweile ziemlich eindeutig, dass sich das Ehepaar wirklich getrennt hat.<\/p>\n<p>&nbsp;<\/p>\n<h3><strong>1. Auf die Reaktion der ganz hohen Tiere wird noch gewartet. <\/strong><\/h3>\n<blockquote class=\"twitter-tweet\">\n<p dir=\"ltr\" lang=\"de\">scholz schweigt immer noch zur trennung von bibi und julian dabei w\u00e4re das die einzige angemessene reaktion <a href=\"https:\/\/t.co\/VqraKAFimq\">pic.twitter.com\/VqraKAFimq<\/a><\/p>\n<p>\u2014 Philip (@philipsrck) <a href=\"https:\/\/twitter.com\/philipsrck\/status\/1527678277544038401?ref_src=twsrc%5Etfw\">May 20, 2022<\/a><\/p><\/blockquote>\n<p><script async src=\"https:\/\/platform.twitter.com\/widgets.js\" charset=\"utf-8\"><\/script><\/p>\n<p>&nbsp;<\/p>\n<h3><strong>2. Kaufland hat f\u00fcr alles gesorgt. <\/strong><\/h3>\n<blockquote class=\"twitter-tweet\">\n<p dir=\"ltr\" lang=\"de\">Bibi und Julian haben sich getrennt.<\/p>\n<p>Wir haben \u00fcbrigens auch Eiscreme, Liebesfilme und Wein da.<\/p>\n<p>\u2014 Kaufland (@kaufland) <a href=\"https:\/\/twitter.com\/kaufland\/status\/1527893003804807168?ref_src=twsrc%5Etfw\">May 21, 2022<\/a><\/p><\/blockquote>\n<p><script async src=\"https:\/\/platform.twitter.com\/widgets.js\" charset=\"utf-8\"><\/script><\/p>\n<p>&nbsp;<\/p>\n<h3><strong>3. Die Trennung wirkt sich auch auf die Stimmung der Fans aus. <\/strong><\/h3>\n<blockquote class=\"twitter-tweet\">\n<p dir=\"ltr\" lang=\"de\">die trennung von bibi und julian nimmt mich mehr mit als die meiner eltern<\/p>\n<p>\u2014 gina\u2661 (@ginawyld) <a href=\"https:\/\/twitter.com\/ginawyld\/status\/1527664341104869377?ref_src=twsrc%5Etfw\">May 20, 2022<\/a><\/p><\/blockquote>\n<p><script async src=\"https:\/\/platform.twitter.com\/widgets.js\" charset=\"utf-8\"><\/script><\/p>\n<p>&nbsp;<\/p>\n<h3><strong>4. Die Aktion hat eine etwas l\u00e4ngere Planung beansprucht. <\/strong><\/h3>\n<p><video src=\"https:\/\/www.thebestsocial.media\/de\/wp-content\/uploads\/tiktok\/7099843062700117253.mp4\" controls width=\"623\" height=\"1108\" style=\"border:0; height:90vh; width:50.625000vh;\"><\/video><\/p>\n<p>&nbsp;<\/p>\n<h3><strong>5. First World Problems. <\/strong><\/h3>\n<blockquote class=\"twitter-tweet\">\n<p dir=\"ltr\" lang=\"de\">in anderen l\u00e4ndern ist krieg und hungersnot in deutschland ist die trennung von bibi und julian<\/p>\n<p>\u2014 \ud835\udc7a\ud835\udc82\ud835\udc8e (@sxmloco) <a href=\"https:\/\/twitter.com\/sxmloco\/status\/1527684561278226433?ref_src=twsrc%5Etfw\">May 20, 2022<\/a><\/p><\/blockquote>\n<p><script async src=\"https:\/\/platform.twitter.com\/widgets.js\" charset=\"utf-8\"><\/script><\/p>\n<h3><strong>6. Ein Bericht der Tagesschau \u00fcber die Trennung fehlt noch. <\/strong><\/h3>\n<blockquote class=\"twitter-tweet\">\n<p dir=\"ltr\" lang=\"de\">bibi und julian haben sich getrennt. <a href=\"https:\/\/t.co\/VM06p5bY43\">pic.twitter.com\/VM06p5bY43<\/a><\/p>\n<p>\u2014 sophie (@xsophielox) <a href=\"https:\/\/twitter.com\/xsophielox\/status\/1527672546300252162?ref_src=twsrc%5Etfw\">May 20, 2022<\/a><\/p><\/blockquote>\n<p><script async src=\"https:\/\/platform.twitter.com\/widgets.js\" charset=\"utf-8\"><\/script><\/p>\n<p>&nbsp;<\/p>\n<h3><strong>7. Freiwillige vor. <\/strong><\/h3>\n<p><video src=\"https:\/\/www.thebestsocial.media\/de\/wp-content\/uploads\/tiktok\/7099850272402427141.mp4\" controls width=\"623\" height=\"1108\" style=\"border:0; height:90vh; width:50.625000vh;\"><\/video><\/p>\n<p>&nbsp;<br \/>\n<strong>8. Die Beiden wurden als das Traumpaar schlechthin gesehen. <\/strong><\/p>\n<p><video src=\"https:\/\/www.thebestsocial.media\/de\/wp-content\/uploads\/tiktok\/7098832015566458117.mp4\" controls width=\"623\" height=\"1108\" style=\"border:0; height:90vh; width:50.625000vh;\"><\/video><\/p>\n<p>&nbsp;<\/p>\n<h3><strong>10. Den Podcast w\u00fcrde sich der ein oder andere anh\u00f6ren. <\/strong><br \/>\n<iframe loading=\"lazy\" id=\"reddit-embed\" style=\"border: none;\" src=\"https:\/\/www.redditmedia.com\/r\/Laesterschwestern\/comments\/utyjvl\/bibi_und_julian_sind_offiziell_getrennt\/i9dr2g9\/?depth=1&amp;showmore=false&amp;embed=true&amp;showmedia=false\" width=\"640\" height=\"157\" scrolling=\"no\" sandbox=\"allow-scripts allow-same-origin allow-popups\"><\/iframe><\/h3>\n<p>&nbsp;<\/p>\n<h3><strong>11. Verleugnung ist auch eine M\u00f6glichkeit. <\/strong><\/h3>\n<blockquote class=\"twitter-tweet\">\n<p dir=\"ltr\" lang=\"de\">ich werde einfach so tun als w\u00e4ren bibi und julian noch zusammen <a href=\"https:\/\/t.co\/QZAzKiibQW\">pic.twitter.com\/QZAzKiibQW<\/a><\/p>\n<p>\u2014 huda (@gntmtalk) <a href=\"https:\/\/twitter.com\/gntmtalk\/status\/1527678776745811968?ref_src=twsrc%5Etfw\">May 20, 2022<\/a><\/p><\/blockquote>\n<p><script async src=\"https:\/\/platform.twitter.com\/widgets.js\" charset=\"utf-8\"><\/script><\/p>\n<p>&nbsp;<\/p>\n<h3><strong>12. Deutschlands wahres Lieblingspaar. <\/strong><\/h3>\n<blockquote class=\"twitter-tweet\">\n<p dir=\"ltr\" lang=\"de\">Bibi und Julian haben sich getrennt?!<br \/>\nEgal. Solange Joko und Klaas zusammen sind, werde ich weiterhin an die gro\u00dfe Liebe glauben.<\/p>\n<p>\u2014 TIM (@TimCattrall) <a href=\"https:\/\/twitter.com\/TimCattrall\/status\/1528408365445029888?ref_src=twsrc%5Etfw\">May 22, 2022<\/a><\/p><\/blockquote>\n<p><script async src=\"https:\/\/platform.twitter.com\/widgets.js\" charset=\"utf-8\"><\/script><\/p>\n<p>&nbsp;<\/p>\n<p><strong>Hey! Wir suchen neue Kolleg:innen! Du liebst die Internetkultur und verstehst, dass TikToks mehr als nur kurze, nervige Videos sind? Hast du bereits eine gesunde Social-Media-Sucht entwickelt? Du lebst online, wei\u00dft, was im Moment passiert ist und was morgen angesagt sein wird?\u00a0<\/strong><strong><a href=\"https:\/\/www.thebestsocialjobs.com\/de\/\">Dann werde Teil unseres Teams!<\/a><\/strong><\/p>\n","protected":false},"excerpt":{"rendered":"<p>Nach 13 Jahren Beziehung ist nun die Trennung der Influencer Julienco und BibisBeautyPalace bekannt geworden. Nachdem zuerst das Ger\u00fccht umherging, dass es sich m\u00f6glicherweise um&#8230;<\/p>\n","protected":false},"author":92,"featured_media":161642,"comment_status":"open","ping_status":"open","sticky":false,"template":"","format":"standard","meta":{"_acf_changed":false,"footnotes":""},"categories":[102,106,1116,3641,35,1,419],"tags":[403,907,1665],"class_list":["post-161634","post","type-post","status-publish","format-standard","has-post-thumbnail","hentry","category-allgemein","category-best-of","category-the-best-social","category-tiktok","category-twitter","category-uncategorized","category-youtube","tag-bibis-beautypalace","tag-julienco","tag-trennung"],"acf":[],"yoast_head":"<!-- This site is optimized with the Yoast SEO plugin v27.5 - https:\/\/yoast.com\/product\/yoast-seo-wordpress\/ -->\n<title>Bibi und Julian: Die (vorget\u00e4uschte?) Trennung des YouTuber-Ehepaars<\/title>\n<meta name=\"robots\" content=\"index, follow, max-snippet:-1, max-image-preview:large, max-video-preview:-1\" \/>\n<link rel=\"canonical\" href=\"https:\/\/www.thebestsocial.media\/de\/bibi-und-julian-die-vorgetaeuschte-trennung-des-youtuber-ehepaars\/\" \/>\n<meta property=\"og:locale\" content=\"de_DE\" \/>\n<meta property=\"og:type\" content=\"article\" \/>\n<meta property=\"og:title\" content=\"Bibi und Julian: Die (vorget\u00e4uschte?) Trennung des YouTuber-Ehepaars\" \/>\n<meta property=\"og:description\" content=\"Nach 13 Jahren Beziehung ist nun die Trennung der Influencer Julienco und BibisBeautyPalace bekannt geworden. Nachdem zuerst das Ger\u00fccht umherging, dass es sich m\u00f6glicherweise um...\" \/>\n<meta property=\"og:url\" content=\"https:\/\/www.thebestsocial.media\/de\/bibi-und-julian-die-vorgetaeuschte-trennung-des-youtuber-ehepaars\/\" \/>\n<meta property=\"og:site_name\" content=\"The Best Social Media DE\" \/>\n<meta property=\"article:author\" content=\"Anna Oeltges\" \/>\n<meta property=\"article:published_time\" content=\"2022-05-23T09:54:07+00:00\" \/>\n<meta property=\"article:modified_time\" content=\"2022-05-23T10:02:46+00:00\" \/>\n<meta property=\"og:image\" content=\"https:\/\/www.thebestsocial.media\/de\/wp-content\/uploads\/sites\/3\/2022\/05\/Header_Bild_Neu-8.png\" \/>\n\t<meta property=\"og:image:width\" content=\"1200\" \/>\n\t<meta property=\"og:image:height\" content=\"630\" \/>\n\t<meta property=\"og:image:type\" content=\"image\/png\" \/>\n<meta name=\"author\" content=\"Anna Oeltges\" \/>\n<meta name=\"twitter:card\" content=\"summary_large_image\" \/>\n<meta name=\"twitter:creator\" content=\"@oeltges\" \/>\n<meta name=\"twitter:label1\" content=\"Verfasst von\" \/>\n\t<meta name=\"twitter:data1\" content=\"Anna Oeltges\" \/>\n\t<meta name=\"twitter:label2\" content=\"Gesch\u00e4tzte Lesezeit\" \/>\n\t<meta name=\"twitter:data2\" content=\"2\u00a0Minuten\" \/>\n<script type=\"application\/ld+json\" class=\"yoast-schema-graph\">{\"@context\":\"https:\\\/\\\/schema.org\",\"@graph\":[{\"@type\":\"Article\",\"@id\":\"https:\\\/\\\/www.thebestsocial.media\\\/de\\\/bibi-und-julian-die-vorgetaeuschte-trennung-des-youtuber-ehepaars\\\/#article\",\"isPartOf\":{\"@id\":\"https:\\\/\\\/www.thebestsocial.media\\\/de\\\/bibi-und-julian-die-vorgetaeuschte-trennung-des-youtuber-ehepaars\\\/\"},\"author\":{\"name\":\"Anna Oeltges\",\"@id\":\"https:\\\/\\\/www.thebestsocial.media\\\/de\\\/#\\\/schema\\\/person\\\/73ef7d3bb298de832c8f1c79b4a41e81\"},\"headline\":\"Bibi und Julian: Die (vorget\u00e4uschte?) Trennung des YouTuber-Ehepaars\",\"datePublished\":\"2022-05-23T09:54:07+00:00\",\"dateModified\":\"2022-05-23T10:02:46+00:00\",\"mainEntityOfPage\":{\"@id\":\"https:\\\/\\\/www.thebestsocial.media\\\/de\\\/bibi-und-julian-die-vorgetaeuschte-trennung-des-youtuber-ehepaars\\\/\"},\"wordCount\":390,\"commentCount\":0,\"image\":{\"@id\":\"https:\\\/\\\/www.thebestsocial.media\\\/de\\\/bibi-und-julian-die-vorgetaeuschte-trennung-des-youtuber-ehepaars\\\/#primaryimage\"},\"thumbnailUrl\":\"https:\\\/\\\/www.thebestsocial.media\\\/de\\\/wp-content\\\/uploads\\\/sites\\\/3\\\/2022\\\/05\\\/bibi.jpeg\",\"keywords\":[\"Bibis BeautyPalace\",\"Julienco\",\"Trennung\"],\"articleSection\":{\"1\":\"Best of\",\"2\":\"The Best Social\",\"3\":\"TikTok\",\"4\":\"Twitter\",\"5\":\"Uncategorized\",\"6\":\"Youtube\"},\"inLanguage\":\"de\",\"potentialAction\":[{\"@type\":\"CommentAction\",\"name\":\"Comment\",\"target\":[\"https:\\\/\\\/www.thebestsocial.media\\\/de\\\/bibi-und-julian-die-vorgetaeuschte-trennung-des-youtuber-ehepaars\\\/#respond\"]}]},{\"@type\":\"WebPage\",\"@id\":\"https:\\\/\\\/www.thebestsocial.media\\\/de\\\/bibi-und-julian-die-vorgetaeuschte-trennung-des-youtuber-ehepaars\\\/\",\"url\":\"https:\\\/\\\/www.thebestsocial.media\\\/de\\\/bibi-und-julian-die-vorgetaeuschte-trennung-des-youtuber-ehepaars\\\/\",\"name\":\"Bibi und Julian: Die (vorget\u00e4uschte?) Trennung des YouTuber-Ehepaars\",\"isPartOf\":{\"@id\":\"https:\\\/\\\/www.thebestsocial.media\\\/de\\\/#website\"},\"primaryImageOfPage\":{\"@id\":\"https:\\\/\\\/www.thebestsocial.media\\\/de\\\/bibi-und-julian-die-vorgetaeuschte-trennung-des-youtuber-ehepaars\\\/#primaryimage\"},\"image\":{\"@id\":\"https:\\\/\\\/www.thebestsocial.media\\\/de\\\/bibi-und-julian-die-vorgetaeuschte-trennung-des-youtuber-ehepaars\\\/#primaryimage\"},\"thumbnailUrl\":\"https:\\\/\\\/www.thebestsocial.media\\\/de\\\/wp-content\\\/uploads\\\/sites\\\/3\\\/2022\\\/05\\\/bibi.jpeg\",\"datePublished\":\"2022-05-23T09:54:07+00:00\",\"dateModified\":\"2022-05-23T10:02:46+00:00\",\"author\":{\"@id\":\"https:\\\/\\\/www.thebestsocial.media\\\/de\\\/#\\\/schema\\\/person\\\/73ef7d3bb298de832c8f1c79b4a41e81\"},\"breadcrumb\":{\"@id\":\"https:\\\/\\\/www.thebestsocial.media\\\/de\\\/bibi-und-julian-die-vorgetaeuschte-trennung-des-youtuber-ehepaars\\\/#breadcrumb\"},\"inLanguage\":\"de\",\"potentialAction\":[{\"@type\":\"ReadAction\",\"target\":[\"https:\\\/\\\/www.thebestsocial.media\\\/de\\\/bibi-und-julian-die-vorgetaeuschte-trennung-des-youtuber-ehepaars\\\/\"]}]},{\"@type\":\"ImageObject\",\"inLanguage\":\"de\",\"@id\":\"https:\\\/\\\/www.thebestsocial.media\\\/de\\\/bibi-und-julian-die-vorgetaeuschte-trennung-des-youtuber-ehepaars\\\/#primaryimage\",\"url\":\"https:\\\/\\\/www.thebestsocial.media\\\/de\\\/wp-content\\\/uploads\\\/sites\\\/3\\\/2022\\\/05\\\/bibi.jpeg\",\"contentUrl\":\"https:\\\/\\\/www.thebestsocial.media\\\/de\\\/wp-content\\\/uploads\\\/sites\\\/3\\\/2022\\\/05\\\/bibi.jpeg\",\"width\":750,\"height\":482},{\"@type\":\"BreadcrumbList\",\"@id\":\"https:\\\/\\\/www.thebestsocial.media\\\/de\\\/bibi-und-julian-die-vorgetaeuschte-trennung-des-youtuber-ehepaars\\\/#breadcrumb\",\"itemListElement\":[{\"@type\":\"ListItem\",\"position\":1,\"name\":\"Home\",\"item\":\"https:\\\/\\\/www.thebestsocial.media\\\/de\\\/\"},{\"@type\":\"ListItem\",\"position\":2,\"name\":\"Bibi und Julian: Die (vorget\u00e4uschte?) Trennung des YouTuber-Ehepaars\"}]},{\"@type\":\"WebSite\",\"@id\":\"https:\\\/\\\/www.thebestsocial.media\\\/de\\\/#website\",\"url\":\"https:\\\/\\\/www.thebestsocial.media\\\/de\\\/\",\"name\":\"The Best Social Media DE\",\"description\":\"\",\"potentialAction\":[{\"@type\":\"SearchAction\",\"target\":{\"@type\":\"EntryPoint\",\"urlTemplate\":\"https:\\\/\\\/www.thebestsocial.media\\\/de\\\/?s={search_term_string}\"},\"query-input\":{\"@type\":\"PropertyValueSpecification\",\"valueRequired\":true,\"valueName\":\"search_term_string\"}}],\"inLanguage\":\"de\"},{\"@type\":\"Person\",\"@id\":\"https:\\\/\\\/www.thebestsocial.media\\\/de\\\/#\\\/schema\\\/person\\\/73ef7d3bb298de832c8f1c79b4a41e81\",\"name\":\"Anna Oeltges\",\"image\":{\"@type\":\"ImageObject\",\"inLanguage\":\"de\",\"@id\":\"https:\\\/\\\/secure.gravatar.com\\\/avatar\\\/5ce5a6c547e9e6c1f06970e7e00b7d65cb62536add335c1e887b5723d76d3fd6?s=96&d=mm&r=g\",\"url\":\"https:\\\/\\\/secure.gravatar.com\\\/avatar\\\/5ce5a6c547e9e6c1f06970e7e00b7d65cb62536add335c1e887b5723d76d3fd6?s=96&d=mm&r=g\",\"contentUrl\":\"https:\\\/\\\/secure.gravatar.com\\\/avatar\\\/5ce5a6c547e9e6c1f06970e7e00b7d65cb62536add335c1e887b5723d76d3fd6?s=96&d=mm&r=g\",\"caption\":\"Anna Oeltges\"},\"sameAs\":[\"Anna Oeltges\",\"annaoeltges\",\"https:\\\/\\\/x.com\\\/oeltges\"],\"url\":\"https:\\\/\\\/www.thebestsocial.media\\\/de\\\/author\\\/anna\\\/\"}]}<\/script>\n<!-- \/ Yoast SEO plugin. -->","yoast_head_json":{"title":"Bibi und Julian: Die (vorget\u00e4uschte?) Trennung des YouTuber-Ehepaars","robots":{"index":"index","follow":"follow","max-snippet":"max-snippet:-1","max-image-preview":"max-image-preview:large","max-video-preview":"max-video-preview:-1"},"canonical":"https:\/\/www.thebestsocial.media\/de\/bibi-und-julian-die-vorgetaeuschte-trennung-des-youtuber-ehepaars\/","og_locale":"de_DE","og_type":"article","og_title":"Bibi und Julian: Die (vorget\u00e4uschte?) Trennung des YouTuber-Ehepaars","og_description":"Nach 13 Jahren Beziehung ist nun die Trennung der Influencer Julienco und BibisBeautyPalace bekannt geworden. Nachdem zuerst das Ger\u00fccht umherging, dass es sich m\u00f6glicherweise um...","og_url":"https:\/\/www.thebestsocial.media\/de\/bibi-und-julian-die-vorgetaeuschte-trennung-des-youtuber-ehepaars\/","og_site_name":"The Best Social Media DE","article_author":"Anna Oeltges","article_published_time":"2022-05-23T09:54:07+00:00","article_modified_time":"2022-05-23T10:02:46+00:00","og_image":[{"width":1200,"height":630,"url":"https:\/\/www.thebestsocial.media\/de\/wp-content\/uploads\/sites\/3\/2022\/05\/Header_Bild_Neu-8.png","type":"image\/png"}],"author":"Anna Oeltges","twitter_card":"summary_large_image","twitter_creator":"@oeltges","twitter_misc":{"Verfasst von":"Anna Oeltges","Gesch\u00e4tzte Lesezeit":"2\u00a0Minuten"},"schema":{"@context":"https:\/\/schema.org","@graph":[{"@type":"Article","@id":"https:\/\/www.thebestsocial.media\/de\/bibi-und-julian-die-vorgetaeuschte-trennung-des-youtuber-ehepaars\/#article","isPartOf":{"@id":"https:\/\/www.thebestsocial.media\/de\/bibi-und-julian-die-vorgetaeuschte-trennung-des-youtuber-ehepaars\/"},"author":{"name":"Anna Oeltges","@id":"https:\/\/www.thebestsocial.media\/de\/#\/schema\/person\/73ef7d3bb298de832c8f1c79b4a41e81"},"headline":"Bibi und Julian: Die (vorget\u00e4uschte?) Trennung des YouTuber-Ehepaars","datePublished":"2022-05-23T09:54:07+00:00","dateModified":"2022-05-23T10:02:46+00:00","mainEntityOfPage":{"@id":"https:\/\/www.thebestsocial.media\/de\/bibi-und-julian-die-vorgetaeuschte-trennung-des-youtuber-ehepaars\/"},"wordCount":390,"commentCount":0,"image":{"@id":"https:\/\/www.thebestsocial.media\/de\/bibi-und-julian-die-vorgetaeuschte-trennung-des-youtuber-ehepaars\/#primaryimage"},"thumbnailUrl":"https:\/\/www.thebestsocial.media\/de\/wp-content\/uploads\/sites\/3\/2022\/05\/bibi.jpeg","keywords":["Bibis BeautyPalace","Julienco","Trennung"],"articleSection":{"1":"Best of","2":"The Best Social","3":"TikTok","4":"Twitter","5":"Uncategorized","6":"Youtube"},"inLanguage":"de","potentialAction":[{"@type":"CommentAction","name":"Comment","target":["https:\/\/www.thebestsocial.media\/de\/bibi-und-julian-die-vorgetaeuschte-trennung-des-youtuber-ehepaars\/#respond"]}]},{"@type":"WebPage","@id":"https:\/\/www.thebestsocial.media\/de\/bibi-und-julian-die-vorgetaeuschte-trennung-des-youtuber-ehepaars\/","url":"https:\/\/www.thebestsocial.media\/de\/bibi-und-julian-die-vorgetaeuschte-trennung-des-youtuber-ehepaars\/","name":"Bibi und Julian: Die (vorget\u00e4uschte?) Trennung des YouTuber-Ehepaars","isPartOf":{"@id":"https:\/\/www.thebestsocial.media\/de\/#website"},"primaryImageOfPage":{"@id":"https:\/\/www.thebestsocial.media\/de\/bibi-und-julian-die-vorgetaeuschte-trennung-des-youtuber-ehepaars\/#primaryimage"},"image":{"@id":"https:\/\/www.thebestsocial.media\/de\/bibi-und-julian-die-vorgetaeuschte-trennung-des-youtuber-ehepaars\/#primaryimage"},"thumbnailUrl":"https:\/\/www.thebestsocial.media\/de\/wp-content\/uploads\/sites\/3\/2022\/05\/bibi.jpeg","datePublished":"2022-05-23T09:54:07+00:00","dateModified":"2022-05-23T10:02:46+00:00","author":{"@id":"https:\/\/www.thebestsocial.media\/de\/#\/schema\/person\/73ef7d3bb298de832c8f1c79b4a41e81"},"breadcrumb":{"@id":"https:\/\/www.thebestsocial.media\/de\/bibi-und-julian-die-vorgetaeuschte-trennung-des-youtuber-ehepaars\/#breadcrumb"},"inLanguage":"de","potentialAction":[{"@type":"ReadAction","target":["https:\/\/www.thebestsocial.media\/de\/bibi-und-julian-die-vorgetaeuschte-trennung-des-youtuber-ehepaars\/"]}]},{"@type":"ImageObject","inLanguage":"de","@id":"https:\/\/www.thebestsocial.media\/de\/bibi-und-julian-die-vorgetaeuschte-trennung-des-youtuber-ehepaars\/#primaryimage","url":"https:\/\/www.thebestsocial.media\/de\/wp-content\/uploads\/sites\/3\/2022\/05\/bibi.jpeg","contentUrl":"https:\/\/www.thebestsocial.media\/de\/wp-content\/uploads\/sites\/3\/2022\/05\/bibi.jpeg","width":750,"height":482},{"@type":"BreadcrumbList","@id":"https:\/\/www.thebestsocial.media\/de\/bibi-und-julian-die-vorgetaeuschte-trennung-des-youtuber-ehepaars\/#breadcrumb","itemListElement":[{"@type":"ListItem","position":1,"name":"Home","item":"https:\/\/www.thebestsocial.media\/de\/"},{"@type":"ListItem","position":2,"name":"Bibi und Julian: Die (vorget\u00e4uschte?) Trennung des YouTuber-Ehepaars"}]},{"@type":"WebSite","@id":"https:\/\/www.thebestsocial.media\/de\/#website","url":"https:\/\/www.thebestsocial.media\/de\/","name":"The Best Social Media DE","description":"","potentialAction":[{"@type":"SearchAction","target":{"@type":"EntryPoint","urlTemplate":"https:\/\/www.thebestsocial.media\/de\/?s={search_term_string}"},"query-input":{"@type":"PropertyValueSpecification","valueRequired":true,"valueName":"search_term_string"}}],"inLanguage":"de"},{"@type":"Person","@id":"https:\/\/www.thebestsocial.media\/de\/#\/schema\/person\/73ef7d3bb298de832c8f1c79b4a41e81","name":"Anna Oeltges","image":{"@type":"ImageObject","inLanguage":"de","@id":"https:\/\/secure.gravatar.com\/avatar\/5ce5a6c547e9e6c1f06970e7e00b7d65cb62536add335c1e887b5723d76d3fd6?s=96&d=mm&r=g","url":"https:\/\/secure.gravatar.com\/avatar\/5ce5a6c547e9e6c1f06970e7e00b7d65cb62536add335c1e887b5723d76d3fd6?s=96&d=mm&r=g","contentUrl":"https:\/\/secure.gravatar.com\/avatar\/5ce5a6c547e9e6c1f06970e7e00b7d65cb62536add335c1e887b5723d76d3fd6?s=96&d=mm&r=g","caption":"Anna Oeltges"},"sameAs":["Anna Oeltges","annaoeltges","https:\/\/x.com\/oeltges"],"url":"https:\/\/www.thebestsocial.media\/de\/author\/anna\/"}]}},"amp_enabled":true,"_links":{"self":[{"href":"https:\/\/www.thebestsocial.media\/de\/wp-json\/wp\/v2\/posts\/161634","targetHints":{"allow":["GET"]}}],"collection":[{"href":"https:\/\/www.thebestsocial.media\/de\/wp-json\/wp\/v2\/posts"}],"about":[{"href":"https:\/\/www.thebestsocial.media\/de\/wp-json\/wp\/v2\/types\/post"}],"author":[{"embeddable":true,"href":"https:\/\/www.thebestsocial.media\/de\/wp-json\/wp\/v2\/users\/92"}],"replies":[{"embeddable":true,"href":"https:\/\/www.thebestsocial.media\/de\/wp-json\/wp\/v2\/comments?post=161634"}],"version-history":[{"count":6,"href":"https:\/\/www.thebestsocial.media\/de\/wp-json\/wp\/v2\/posts\/161634\/revisions"}],"predecessor-version":[{"id":161647,"href":"https:\/\/www.thebestsocial.media\/de\/wp-json\/wp\/v2\/posts\/161634\/revisions\/161647"}],"wp:featuredmedia":[{"embeddable":true,"href":"https:\/\/www.thebestsocial.media\/de\/wp-json\/wp\/v2\/media\/161642"}],"wp:attachment":[{"href":"https:\/\/www.thebestsocial.media\/de\/wp-json\/wp\/v2\/media?parent=161634"}],"wp:term":[{"taxonomy":"category","embeddable":true,"href":"https:\/\/www.thebestsocial.media\/de\/wp-json\/wp\/v2\/categories?post=161634"},{"taxonomy":"post_tag","embeddable":true,"href":"https:\/\/www.thebestsocial.media\/de\/wp-json\/wp\/v2\/tags?post=161634"}],"curies":[{"name":"wp","href":"https:\/\/api.w.org\/{rel}","templated":true}]}}