{"id":161525,"date":"2022-05-19T10:07:17","date_gmt":"2022-05-19T10:07:17","guid":{"rendered":"https:\/\/www.thebestsocial.media\/de\/?p=161525"},"modified":"2022-05-19T14:48:48","modified_gmt":"2022-05-19T14:48:48","slug":"ach-die-pubertaet-10-tweets-ueber-motzige-teenies-genervte-eltern","status":"publish","type":"post","link":"https:\/\/www.thebestsocial.media\/de\/ach-die-pubertaet-10-tweets-ueber-motzige-teenies-genervte-eltern\/","title":{"rendered":"Ach, die Pubert\u00e4t: 10 Beitr\u00e4ge \u00fcber motzige Teenies &#038; genervte Eltern"},"content":{"rendered":"<p>Die teilweise entspannten Jahre der Erziehung sind vor\u00fcber, wenn der Nachwuchs in der Pubert\u00e4t ankommt. Tennies finden die eigenen Eltern, die jetzt pl\u00f6tzlich Mum und Dad hei\u00dfen, streckenweise nur noch peinlich und beginnen ihren eigenen Weg zu gehen. Die Erziehungsberechtigten m\u00fcssen sich nicht nur an ihre neuen Namen gew\u00f6hnen, ihnen f\u00e4llt es oft auch nicht einfach beim sogenannten &#8222;Pubertier&#8220; den richtigen Ton zu treffen. Die Twittergemeinde kann davon ein Liedchen singen.<\/p>\n<p>&nbsp;<\/p>\n<h3 style=\"text-align: center;\">1. Nicht pers\u00f6nlich nehmen!<\/h3>\n<blockquote class=\"twitter-tweet\">\n<p dir=\"ltr\" lang=\"de\">Familienquiz: &#8222;Sag der Person die neben Dir sitzt, was Du an ihr sch\u00f6n findest!&#8220;<br \/>\nTeenager, mustert mich: &#8222;&#8230;&#8220;<br \/>\nich: &#8222;&#8230;wollen wir weiter spielen?&#8220;<br \/>\ner: &#8222;Warte, mir f\u00e4llt noch was ein!&#8220;<br \/>\nich: &#8222;Du machst es nicht besser, wei\u00dft du?&#8220;<br \/>\ner: &#8222;ich komm ja gleich drauf!&#8220;<\/p>\n<p>\u2014 Lady Sybils Sonnenscheinheim f\u00fcr kranke Drachen (@vonNordenher) <a href=\"https:\/\/twitter.com\/vonNordenher\/status\/1527195454873784320?ref_src=twsrc%5Etfw\">May 19, 2022<\/a><\/p><\/blockquote>\n<p><script async src=\"https:\/\/platform.twitter.com\/widgets.js\" charset=\"utf-8\"><\/script><\/p>\n<p>&nbsp;<\/p>\n<h3 style=\"text-align: center;\">2. Eine Phase, in der sich auch der Sinn f\u00fcr Humor entwickelt:<\/h3>\n<blockquote class=\"twitter-tweet\">\n<p dir=\"ltr\" lang=\"de\">Im Freibad<br \/>\nKleinkind schnappt sich das Handy der Teenie-Schwester und wirft es in das Kinderbecken.<br \/>\nMutter der beiden lacht sich kaputt. Der Teenie flippt aus.<br \/>\nMutter lacht noch mehr.<br \/>\nDer Teenie nimmt das Handy der Mutter und wirft es grad hinterher.<\/p>\n<p>Jetzt lach nur ich. Komisch<\/p>\n<p>\u2014 Miss Ma-die mit dem \ud83d\udc4d\ud83c\udffb (@MasMeinung) <a href=\"https:\/\/twitter.com\/MasMeinung\/status\/1526980390828777472?ref_src=twsrc%5Etfw\">May 18, 2022<\/a><\/p><\/blockquote>\n<p><script async src=\"https:\/\/platform.twitter.com\/widgets.js\" charset=\"utf-8\"><\/script><\/p>\n<p>&nbsp;<\/p>\n<h3 style=\"text-align: center;\">3. Fehler in der Matrix?<\/h3>\n<blockquote class=\"twitter-tweet\">\n<p dir=\"ltr\" lang=\"de\">Mein Teenie r\u00e4umt gerade sein Zimmer auf und h\u00f6rt dabei AC\/DC. Auf CD.<\/p>\n<p>Es gibt hier offenbar einen Fehler in der Matrix, sagt sp\u00e4ter nicht, ich h\u00e4tte euch nicht gewarnt!<\/p>\n<p>\u2014 Carrie Spooner (@CarrieSpooner4) <a href=\"https:\/\/twitter.com\/CarrieSpooner4\/status\/1525781736034115585?ref_src=twsrc%5Etfw\">May 15, 2022<\/a><\/p><\/blockquote>\n<p><script async src=\"https:\/\/platform.twitter.com\/widgets.js\" charset=\"utf-8\"><\/script><\/p>\n<p>&nbsp;<\/p>\n<h3 style=\"text-align: center;\">4. Bad vibes<\/h3>\n<blockquote class=\"twitter-tweet\">\n<p dir=\"ltr\" lang=\"de\">Tochter:&#8220; H\u00f6r auf damit, das kribbelt!&#8220;<br \/>\nIch:&#8220; Ich hab Dich nicht mal angefasst. Wir geben sicher Energie ab.&#8220;<br \/>\nTeenie:&#8220; Ja, negative&#8230;&#8220;<\/p>\n<p>Warum die Kinder st\u00e4ndig zu verschenken sind.<\/p>\n<p>\u2014 Fr\u00e4ulein Anders (@AndersFraulein) <a href=\"https:\/\/twitter.com\/AndersFraulein\/status\/1525449484939010048?ref_src=twsrc%5Etfw\">May 14, 2022<\/a><\/p><\/blockquote>\n<p><script async src=\"https:\/\/platform.twitter.com\/widgets.js\" charset=\"utf-8\"><\/script><\/p>\n<p>&nbsp;<\/p>\n<h3 style=\"text-align: center;\">5. Mama macht vor allem eins: alles falsch<\/h3>\n<blockquote class=\"twitter-tweet\">\n<p dir=\"ltr\" lang=\"de\">Neue Runde im Mutter &#8211; Teenie Alltag.<br \/>\nIch bin doof, weil ich immer fr\u00fch arbeiten bin und sie morgens alleine ist.<br \/>\nAusnahmsweise mal sp\u00e4ter anfangen und was bekomme ich zu h\u00f6ren?<br \/>\n&#8222;Mutter, fahr arbeiten, du bringst meine stillen Morgenroutine durcheinander.&#8220;<\/p>\n<p>Ja danke auch \ud83d\ude44<\/p>\n<p>\u2014 Mia \ud83c\udf40 (@mias_chaos) <a href=\"https:\/\/twitter.com\/mias_chaos\/status\/1526421337161572355?ref_src=twsrc%5Etfw\">May 17, 2022<\/a><\/p><\/blockquote>\n<p><script async src=\"https:\/\/platform.twitter.com\/widgets.js\" charset=\"utf-8\"><\/script><\/p>\n<p>&nbsp;<\/p>\n<h3 style=\"text-align: center;\">6. Woher kommt eigentlich dieser Name?<\/h3>\n<blockquote class=\"twitter-tweet\">\n<p dir=\"ltr\" lang=\"de\">stell dir vor du tr\u00e4gst neun monate lang einen kleinen menschen unter dem herzen bringst ihn unter h\u00f6llenschmerzen zur welt ziehst ihn mit all deiner liebe und f\u00fcrsorge gro\u00df und 15 jahre sp\u00e4ter bezeichnest du ihn im internet als &#8222;pubertier&#8220;<\/p>\n<p>\u2014 \u00f6zge \u015f\u0131m\u00f6zge (@oezgeschmoezge) <a href=\"https:\/\/twitter.com\/oezgeschmoezge\/status\/1441367314952196099?ref_src=twsrc%5Etfw\">September 24, 2021<\/a><\/p><\/blockquote>\n<p><script async src=\"https:\/\/platform.twitter.com\/widgets.js\" charset=\"utf-8\"><\/script><\/p>\n<p>&nbsp;<\/p>\n<h3 style=\"text-align: center;\">7. Umsichtiger Teenie: geht auch!<\/h3>\n<blockquote class=\"twitter-tweet\">\n<p dir=\"ltr\" lang=\"de\">Die Tochter stellte Kekse f\u00fcr den Weihnachtsmann raus und wollte gerade ein Glas Milch holen.<\/p>\n<p>Teenager:<br \/>\n\u201cStell mal dieses Jahr lieber nen Schnaps hin!\u201d<\/p>\n<p>Sehr umsichtig, der Junge!<\/p>\n<p>\u2014 Sumpfkuh (@Sumpfkuh) <a href=\"https:\/\/twitter.com\/Sumpfkuh\/status\/1474274667120803841?ref_src=twsrc%5Etfw\">December 24, 2021<\/a><\/p><\/blockquote>\n<p><script async src=\"https:\/\/platform.twitter.com\/widgets.js\" charset=\"utf-8\"><\/script><\/p>\n<p>&nbsp;<\/p>\n<h3 style=\"text-align: center;\">8. &#8222;Mama, du bist SO peinlich!&#8220;<\/h3>\n<blockquote class=\"twitter-tweet\">\n<p dir=\"ltr\" lang=\"de\">Wie reizt man einen genervten Teenager.<br \/>\nMan stellt sich auf den Einkaufswagen, schubst sich an und ruft Huiiii durch den Laden<\/p>\n<p>Der Blick meiner Tochter unbezahlbar \ud83d\ude06\ud83d\ude01\ud83d\ude04\ud83d\ude02\ud83d\ude05<\/p>\n<p>\u2014 Gin-ny\ud83e\udd43 (@Icandancemyname) <a href=\"https:\/\/twitter.com\/Icandancemyname\/status\/1278312879457013761?ref_src=twsrc%5Etfw\">July 1, 2020<\/a><\/p><\/blockquote>\n<p><script async src=\"https:\/\/platform.twitter.com\/widgets.js\" charset=\"utf-8\"><\/script><\/p>\n<p>&nbsp;<\/p>\n<h3 style=\"text-align: center;\">9. H\u00f6rt sich gar nicht so schlecht an, oder?<\/h3>\n<blockquote class=\"twitter-tweet\">\n<p dir=\"ltr\" lang=\"de\">Die Teenager-Tochter rebelliert mal wieder gegen den Lebensstil ihrer Eltern.<br \/>\nLaut und unumgehbar zwingt sie mich zum Nachgeben.<\/p>\n<p>Den K\u00fchlschrank haben wir schon klinisch rein.<br \/>\nJetzt will, dass wir den Backofen s\u00e4ubern.<\/p>\n<p>Sie findet mich, egal wo ich mich verstecke.<\/p>\n<p>Rettet mich!<\/p>\n<p>\u2014 MissTrelawny (sic!) (@fingurplaustert) <a href=\"https:\/\/twitter.com\/fingurplaustert\/status\/1489212155429797888?ref_src=twsrc%5Etfw\">February 3, 2022<\/a><\/p><\/blockquote>\n<p><script async src=\"https:\/\/platform.twitter.com\/widgets.js\" charset=\"utf-8\"><\/script><\/p>\n<h3 style=\"text-align: center;\">10. Und manchmal werden die Eltern wieder zum Teenie&#8230;<\/h3>\n<blockquote class=\"twitter-tweet\">\n<p dir=\"ltr\" lang=\"de\">Meine 10 j\u00e4hrige Tochter hat mich gerade angepflaumt:&#8220;Dass es so zu hell ist. Ich m\u00f6ge doch bitte das Licht dimmen am Handy.&#8220; Sie kann so nicht schlafen.<\/p>\n<p>Also hab ich mir jetzt mit 52 eine Decke \u00fcber den Kopf gezogen, wie so&#8217;n Teenager, um Twitter zu lesen.<\/p>\n<p>Nix darf man, ey.<\/p>\n<p>\u2014 Mr.Empty, der \u00be Bandit (@Mr_Empty_hier) <a href=\"https:\/\/twitter.com\/Mr_Empty_hier\/status\/1445868904065032195?ref_src=twsrc%5Etfw\">October 6, 2021<\/a><\/p><\/blockquote>\n<p><script async src=\"https:\/\/platform.twitter.com\/widgets.js\" charset=\"utf-8\"><\/script><\/p>\n<p><strong>Hey! Wir suchen neue Kolleg:innen! Du liebst die Internetkultur und verstehst, dass TikToks mehr als nur kurze, nervige Videos sind? Hast du bereits eine gesunde Social-Media-Sucht entwickelt? Du lebst online, wei\u00dft, was im Moment passiert ist und was morgen angesagt sein wird? <\/strong><strong><a href=\"https:\/\/www.thebestsocialjobs.com\/de\/\">Dann werde Teil unseres Teams!<\/a><\/strong><\/p>\n","protected":false},"excerpt":{"rendered":"<p>Die teilweise entspannten Jahre der Erziehung sind vor\u00fcber, wenn der Nachwuchs in der Pubert\u00e4t ankommt. Tennies finden die eigenen Eltern, die jetzt pl\u00f6tzlich Mum und&#8230;<\/p>\n","protected":false},"author":88,"featured_media":161534,"comment_status":"open","ping_status":"open","sticky":false,"template":"","format":"standard","meta":{"_acf_changed":false,"footnotes":""},"categories":[106,2031,1728,35],"tags":[1038,2346,2347,58],"class_list":["post-161525","post","type-post","status-publish","format-standard","has-post-thumbnail","hentry","category-best-of","category-feelgood","category-humor","category-twitter","tag-eltern","tag-pubertaet","tag-teenager","tag-twitter"],"acf":[],"yoast_head":"<!-- This site is optimized with the Yoast SEO plugin v27.5 - https:\/\/yoast.com\/product\/yoast-seo-wordpress\/ -->\n<title>Ach, die Pubert\u00e4t: 10 Tweets \u00fcber motzige Teenies&amp; genervte Eltern<\/title>\n<meta name=\"robots\" content=\"index, follow, max-snippet:-1, max-image-preview:large, max-video-preview:-1\" \/>\n<link rel=\"canonical\" href=\"https:\/\/www.thebestsocial.media\/de\/ach-die-pubertaet-10-tweets-ueber-motzige-teenies-genervte-eltern\/\" \/>\n<meta property=\"og:locale\" content=\"de_DE\" \/>\n<meta property=\"og:type\" content=\"article\" \/>\n<meta property=\"og:title\" content=\"Ach, die Pubert\u00e4t: 10 Tweets \u00fcber motzige Teenies&amp; genervte Eltern\" \/>\n<meta property=\"og:description\" content=\"Die teilweise entspannten Jahre der Erziehung sind vor\u00fcber, wenn der Nachwuchs in der Pubert\u00e4t ankommt. Tennies finden die eigenen Eltern, die jetzt pl\u00f6tzlich Mum und...\" \/>\n<meta property=\"og:url\" content=\"https:\/\/www.thebestsocial.media\/de\/ach-die-pubertaet-10-tweets-ueber-motzige-teenies-genervte-eltern\/\" \/>\n<meta property=\"og:site_name\" content=\"The Best Social Media DE\" \/>\n<meta property=\"article:published_time\" content=\"2022-05-19T10:07:17+00:00\" \/>\n<meta property=\"article:modified_time\" content=\"2022-05-19T14:48:48+00:00\" \/>\n<meta property=\"og:image\" content=\"https:\/\/www.thebestsocial.media\/de\/wp-content\/uploads\/sites\/3\/2022\/05\/header-teenie.png\" \/>\n\t<meta property=\"og:image:width\" content=\"1200\" \/>\n\t<meta property=\"og:image:height\" content=\"630\" \/>\n\t<meta property=\"og:image:type\" content=\"image\/png\" \/>\n<meta name=\"author\" content=\"Johanna Burghagen\" \/>\n<meta name=\"twitter:card\" content=\"summary_large_image\" \/>\n<meta name=\"twitter:label1\" content=\"Verfasst von\" \/>\n\t<meta name=\"twitter:data1\" content=\"Johanna Burghagen\" \/>\n\t<meta name=\"twitter:label2\" content=\"Gesch\u00e4tzte Lesezeit\" \/>\n\t<meta name=\"twitter:data2\" content=\"4\u00a0Minuten\" \/>\n<script type=\"application\/ld+json\" class=\"yoast-schema-graph\">{\"@context\":\"https:\\\/\\\/schema.org\",\"@graph\":[{\"@type\":\"Article\",\"@id\":\"https:\\\/\\\/www.thebestsocial.media\\\/de\\\/ach-die-pubertaet-10-tweets-ueber-motzige-teenies-genervte-eltern\\\/#article\",\"isPartOf\":{\"@id\":\"https:\\\/\\\/www.thebestsocial.media\\\/de\\\/ach-die-pubertaet-10-tweets-ueber-motzige-teenies-genervte-eltern\\\/\"},\"author\":{\"name\":\"Johanna Burghagen\",\"@id\":\"https:\\\/\\\/www.thebestsocial.media\\\/de\\\/#\\\/schema\\\/person\\\/5f13d9837bcff33cc8d453e30fa88553\"},\"headline\":\"Ach, die Pubert\u00e4t: 10 Beitr\u00e4ge \u00fcber motzige Teenies &#038; genervte Eltern\",\"datePublished\":\"2022-05-19T10:07:17+00:00\",\"dateModified\":\"2022-05-19T14:48:48+00:00\",\"mainEntityOfPage\":{\"@id\":\"https:\\\/\\\/www.thebestsocial.media\\\/de\\\/ach-die-pubertaet-10-tweets-ueber-motzige-teenies-genervte-eltern\\\/\"},\"wordCount\":655,\"commentCount\":0,\"image\":{\"@id\":\"https:\\\/\\\/www.thebestsocial.media\\\/de\\\/ach-die-pubertaet-10-tweets-ueber-motzige-teenies-genervte-eltern\\\/#primaryimage\"},\"thumbnailUrl\":\"https:\\\/\\\/www.thebestsocial.media\\\/de\\\/wp-content\\\/uploads\\\/sites\\\/3\\\/2022\\\/05\\\/hintergrund-teenie.jpg\",\"keywords\":[\"Eltern\",\"Pubert\u00e4t\",\"Teenager\",\"twitter\"],\"articleSection\":[\"Best of\",\"Feelgood\",\"Humor\",\"Twitter\"],\"inLanguage\":\"de\",\"potentialAction\":[{\"@type\":\"CommentAction\",\"name\":\"Comment\",\"target\":[\"https:\\\/\\\/www.thebestsocial.media\\\/de\\\/ach-die-pubertaet-10-tweets-ueber-motzige-teenies-genervte-eltern\\\/#respond\"]}]},{\"@type\":\"WebPage\",\"@id\":\"https:\\\/\\\/www.thebestsocial.media\\\/de\\\/ach-die-pubertaet-10-tweets-ueber-motzige-teenies-genervte-eltern\\\/\",\"url\":\"https:\\\/\\\/www.thebestsocial.media\\\/de\\\/ach-die-pubertaet-10-tweets-ueber-motzige-teenies-genervte-eltern\\\/\",\"name\":\"Ach, die Pubert\u00e4t: 10 Tweets \u00fcber motzige Teenies& genervte Eltern\",\"isPartOf\":{\"@id\":\"https:\\\/\\\/www.thebestsocial.media\\\/de\\\/#website\"},\"primaryImageOfPage\":{\"@id\":\"https:\\\/\\\/www.thebestsocial.media\\\/de\\\/ach-die-pubertaet-10-tweets-ueber-motzige-teenies-genervte-eltern\\\/#primaryimage\"},\"image\":{\"@id\":\"https:\\\/\\\/www.thebestsocial.media\\\/de\\\/ach-die-pubertaet-10-tweets-ueber-motzige-teenies-genervte-eltern\\\/#primaryimage\"},\"thumbnailUrl\":\"https:\\\/\\\/www.thebestsocial.media\\\/de\\\/wp-content\\\/uploads\\\/sites\\\/3\\\/2022\\\/05\\\/hintergrund-teenie.jpg\",\"datePublished\":\"2022-05-19T10:07:17+00:00\",\"dateModified\":\"2022-05-19T14:48:48+00:00\",\"author\":{\"@id\":\"https:\\\/\\\/www.thebestsocial.media\\\/de\\\/#\\\/schema\\\/person\\\/5f13d9837bcff33cc8d453e30fa88553\"},\"breadcrumb\":{\"@id\":\"https:\\\/\\\/www.thebestsocial.media\\\/de\\\/ach-die-pubertaet-10-tweets-ueber-motzige-teenies-genervte-eltern\\\/#breadcrumb\"},\"inLanguage\":\"de\",\"potentialAction\":[{\"@type\":\"ReadAction\",\"target\":[\"https:\\\/\\\/www.thebestsocial.media\\\/de\\\/ach-die-pubertaet-10-tweets-ueber-motzige-teenies-genervte-eltern\\\/\"]}]},{\"@type\":\"ImageObject\",\"inLanguage\":\"de\",\"@id\":\"https:\\\/\\\/www.thebestsocial.media\\\/de\\\/ach-die-pubertaet-10-tweets-ueber-motzige-teenies-genervte-eltern\\\/#primaryimage\",\"url\":\"https:\\\/\\\/www.thebestsocial.media\\\/de\\\/wp-content\\\/uploads\\\/sites\\\/3\\\/2022\\\/05\\\/hintergrund-teenie.jpg\",\"contentUrl\":\"https:\\\/\\\/www.thebestsocial.media\\\/de\\\/wp-content\\\/uploads\\\/sites\\\/3\\\/2022\\\/05\\\/hintergrund-teenie.jpg\",\"width\":1920,\"height\":1280},{\"@type\":\"BreadcrumbList\",\"@id\":\"https:\\\/\\\/www.thebestsocial.media\\\/de\\\/ach-die-pubertaet-10-tweets-ueber-motzige-teenies-genervte-eltern\\\/#breadcrumb\",\"itemListElement\":[{\"@type\":\"ListItem\",\"position\":1,\"name\":\"Home\",\"item\":\"https:\\\/\\\/www.thebestsocial.media\\\/de\\\/\"},{\"@type\":\"ListItem\",\"position\":2,\"name\":\"Ach, die Pubert\u00e4t: 10 Beitr\u00e4ge \u00fcber motzige Teenies &#038; genervte Eltern\"}]},{\"@type\":\"WebSite\",\"@id\":\"https:\\\/\\\/www.thebestsocial.media\\\/de\\\/#website\",\"url\":\"https:\\\/\\\/www.thebestsocial.media\\\/de\\\/\",\"name\":\"The Best Social Media DE\",\"description\":\"\",\"potentialAction\":[{\"@type\":\"SearchAction\",\"target\":{\"@type\":\"EntryPoint\",\"urlTemplate\":\"https:\\\/\\\/www.thebestsocial.media\\\/de\\\/?s={search_term_string}\"},\"query-input\":{\"@type\":\"PropertyValueSpecification\",\"valueRequired\":true,\"valueName\":\"search_term_string\"}}],\"inLanguage\":\"de\"},{\"@type\":\"Person\",\"@id\":\"https:\\\/\\\/www.thebestsocial.media\\\/de\\\/#\\\/schema\\\/person\\\/5f13d9837bcff33cc8d453e30fa88553\",\"name\":\"Johanna Burghagen\",\"image\":{\"@type\":\"ImageObject\",\"inLanguage\":\"de\",\"@id\":\"https:\\\/\\\/secure.gravatar.com\\\/avatar\\\/8dfe01b309e4d382459737f38d2b4a93e798f4a0954f87f9c620bc34440b8c7e?s=96&d=mm&r=g\",\"url\":\"https:\\\/\\\/secure.gravatar.com\\\/avatar\\\/8dfe01b309e4d382459737f38d2b4a93e798f4a0954f87f9c620bc34440b8c7e?s=96&d=mm&r=g\",\"contentUrl\":\"https:\\\/\\\/secure.gravatar.com\\\/avatar\\\/8dfe01b309e4d382459737f38d2b4a93e798f4a0954f87f9c620bc34440b8c7e?s=96&d=mm&r=g\",\"caption\":\"Johanna Burghagen\"},\"url\":\"https:\\\/\\\/www.thebestsocial.media\\\/de\\\/author\\\/johannaburghagen\\\/\"}]}<\/script>\n<!-- \/ Yoast SEO plugin. -->","yoast_head_json":{"title":"Ach, die Pubert\u00e4t: 10 Tweets \u00fcber motzige Teenies& genervte Eltern","robots":{"index":"index","follow":"follow","max-snippet":"max-snippet:-1","max-image-preview":"max-image-preview:large","max-video-preview":"max-video-preview:-1"},"canonical":"https:\/\/www.thebestsocial.media\/de\/ach-die-pubertaet-10-tweets-ueber-motzige-teenies-genervte-eltern\/","og_locale":"de_DE","og_type":"article","og_title":"Ach, die Pubert\u00e4t: 10 Tweets \u00fcber motzige Teenies& genervte Eltern","og_description":"Die teilweise entspannten Jahre der Erziehung sind vor\u00fcber, wenn der Nachwuchs in der Pubert\u00e4t ankommt. Tennies finden die eigenen Eltern, die jetzt pl\u00f6tzlich Mum und...","og_url":"https:\/\/www.thebestsocial.media\/de\/ach-die-pubertaet-10-tweets-ueber-motzige-teenies-genervte-eltern\/","og_site_name":"The Best Social Media DE","article_published_time":"2022-05-19T10:07:17+00:00","article_modified_time":"2022-05-19T14:48:48+00:00","og_image":[{"width":1200,"height":630,"url":"https:\/\/www.thebestsocial.media\/de\/wp-content\/uploads\/sites\/3\/2022\/05\/header-teenie.png","type":"image\/png"}],"author":"Johanna Burghagen","twitter_card":"summary_large_image","twitter_misc":{"Verfasst von":"Johanna Burghagen","Gesch\u00e4tzte Lesezeit":"4\u00a0Minuten"},"schema":{"@context":"https:\/\/schema.org","@graph":[{"@type":"Article","@id":"https:\/\/www.thebestsocial.media\/de\/ach-die-pubertaet-10-tweets-ueber-motzige-teenies-genervte-eltern\/#article","isPartOf":{"@id":"https:\/\/www.thebestsocial.media\/de\/ach-die-pubertaet-10-tweets-ueber-motzige-teenies-genervte-eltern\/"},"author":{"name":"Johanna Burghagen","@id":"https:\/\/www.thebestsocial.media\/de\/#\/schema\/person\/5f13d9837bcff33cc8d453e30fa88553"},"headline":"Ach, die Pubert\u00e4t: 10 Beitr\u00e4ge \u00fcber motzige Teenies &#038; genervte Eltern","datePublished":"2022-05-19T10:07:17+00:00","dateModified":"2022-05-19T14:48:48+00:00","mainEntityOfPage":{"@id":"https:\/\/www.thebestsocial.media\/de\/ach-die-pubertaet-10-tweets-ueber-motzige-teenies-genervte-eltern\/"},"wordCount":655,"commentCount":0,"image":{"@id":"https:\/\/www.thebestsocial.media\/de\/ach-die-pubertaet-10-tweets-ueber-motzige-teenies-genervte-eltern\/#primaryimage"},"thumbnailUrl":"https:\/\/www.thebestsocial.media\/de\/wp-content\/uploads\/sites\/3\/2022\/05\/hintergrund-teenie.jpg","keywords":["Eltern","Pubert\u00e4t","Teenager","twitter"],"articleSection":["Best of","Feelgood","Humor","Twitter"],"inLanguage":"de","potentialAction":[{"@type":"CommentAction","name":"Comment","target":["https:\/\/www.thebestsocial.media\/de\/ach-die-pubertaet-10-tweets-ueber-motzige-teenies-genervte-eltern\/#respond"]}]},{"@type":"WebPage","@id":"https:\/\/www.thebestsocial.media\/de\/ach-die-pubertaet-10-tweets-ueber-motzige-teenies-genervte-eltern\/","url":"https:\/\/www.thebestsocial.media\/de\/ach-die-pubertaet-10-tweets-ueber-motzige-teenies-genervte-eltern\/","name":"Ach, die Pubert\u00e4t: 10 Tweets \u00fcber motzige Teenies& genervte Eltern","isPartOf":{"@id":"https:\/\/www.thebestsocial.media\/de\/#website"},"primaryImageOfPage":{"@id":"https:\/\/www.thebestsocial.media\/de\/ach-die-pubertaet-10-tweets-ueber-motzige-teenies-genervte-eltern\/#primaryimage"},"image":{"@id":"https:\/\/www.thebestsocial.media\/de\/ach-die-pubertaet-10-tweets-ueber-motzige-teenies-genervte-eltern\/#primaryimage"},"thumbnailUrl":"https:\/\/www.thebestsocial.media\/de\/wp-content\/uploads\/sites\/3\/2022\/05\/hintergrund-teenie.jpg","datePublished":"2022-05-19T10:07:17+00:00","dateModified":"2022-05-19T14:48:48+00:00","author":{"@id":"https:\/\/www.thebestsocial.media\/de\/#\/schema\/person\/5f13d9837bcff33cc8d453e30fa88553"},"breadcrumb":{"@id":"https:\/\/www.thebestsocial.media\/de\/ach-die-pubertaet-10-tweets-ueber-motzige-teenies-genervte-eltern\/#breadcrumb"},"inLanguage":"de","potentialAction":[{"@type":"ReadAction","target":["https:\/\/www.thebestsocial.media\/de\/ach-die-pubertaet-10-tweets-ueber-motzige-teenies-genervte-eltern\/"]}]},{"@type":"ImageObject","inLanguage":"de","@id":"https:\/\/www.thebestsocial.media\/de\/ach-die-pubertaet-10-tweets-ueber-motzige-teenies-genervte-eltern\/#primaryimage","url":"https:\/\/www.thebestsocial.media\/de\/wp-content\/uploads\/sites\/3\/2022\/05\/hintergrund-teenie.jpg","contentUrl":"https:\/\/www.thebestsocial.media\/de\/wp-content\/uploads\/sites\/3\/2022\/05\/hintergrund-teenie.jpg","width":1920,"height":1280},{"@type":"BreadcrumbList","@id":"https:\/\/www.thebestsocial.media\/de\/ach-die-pubertaet-10-tweets-ueber-motzige-teenies-genervte-eltern\/#breadcrumb","itemListElement":[{"@type":"ListItem","position":1,"name":"Home","item":"https:\/\/www.thebestsocial.media\/de\/"},{"@type":"ListItem","position":2,"name":"Ach, die Pubert\u00e4t: 10 Beitr\u00e4ge \u00fcber motzige Teenies &#038; genervte Eltern"}]},{"@type":"WebSite","@id":"https:\/\/www.thebestsocial.media\/de\/#website","url":"https:\/\/www.thebestsocial.media\/de\/","name":"The Best Social Media DE","description":"","potentialAction":[{"@type":"SearchAction","target":{"@type":"EntryPoint","urlTemplate":"https:\/\/www.thebestsocial.media\/de\/?s={search_term_string}"},"query-input":{"@type":"PropertyValueSpecification","valueRequired":true,"valueName":"search_term_string"}}],"inLanguage":"de"},{"@type":"Person","@id":"https:\/\/www.thebestsocial.media\/de\/#\/schema\/person\/5f13d9837bcff33cc8d453e30fa88553","name":"Johanna Burghagen","image":{"@type":"ImageObject","inLanguage":"de","@id":"https:\/\/secure.gravatar.com\/avatar\/8dfe01b309e4d382459737f38d2b4a93e798f4a0954f87f9c620bc34440b8c7e?s=96&d=mm&r=g","url":"https:\/\/secure.gravatar.com\/avatar\/8dfe01b309e4d382459737f38d2b4a93e798f4a0954f87f9c620bc34440b8c7e?s=96&d=mm&r=g","contentUrl":"https:\/\/secure.gravatar.com\/avatar\/8dfe01b309e4d382459737f38d2b4a93e798f4a0954f87f9c620bc34440b8c7e?s=96&d=mm&r=g","caption":"Johanna Burghagen"},"url":"https:\/\/www.thebestsocial.media\/de\/author\/johannaburghagen\/"}]}},"amp_enabled":true,"_links":{"self":[{"href":"https:\/\/www.thebestsocial.media\/de\/wp-json\/wp\/v2\/posts\/161525","targetHints":{"allow":["GET"]}}],"collection":[{"href":"https:\/\/www.thebestsocial.media\/de\/wp-json\/wp\/v2\/posts"}],"about":[{"href":"https:\/\/www.thebestsocial.media\/de\/wp-json\/wp\/v2\/types\/post"}],"author":[{"embeddable":true,"href":"https:\/\/www.thebestsocial.media\/de\/wp-json\/wp\/v2\/users\/88"}],"replies":[{"embeddable":true,"href":"https:\/\/www.thebestsocial.media\/de\/wp-json\/wp\/v2\/comments?post=161525"}],"version-history":[{"count":11,"href":"https:\/\/www.thebestsocial.media\/de\/wp-json\/wp\/v2\/posts\/161525\/revisions"}],"predecessor-version":[{"id":161562,"href":"https:\/\/www.thebestsocial.media\/de\/wp-json\/wp\/v2\/posts\/161525\/revisions\/161562"}],"wp:featuredmedia":[{"embeddable":true,"href":"https:\/\/www.thebestsocial.media\/de\/wp-json\/wp\/v2\/media\/161534"}],"wp:attachment":[{"href":"https:\/\/www.thebestsocial.media\/de\/wp-json\/wp\/v2\/media?parent=161525"}],"wp:term":[{"taxonomy":"category","embeddable":true,"href":"https:\/\/www.thebestsocial.media\/de\/wp-json\/wp\/v2\/categories?post=161525"},{"taxonomy":"post_tag","embeddable":true,"href":"https:\/\/www.thebestsocial.media\/de\/wp-json\/wp\/v2\/tags?post=161525"}],"curies":[{"name":"wp","href":"https:\/\/api.w.org\/{rel}","templated":true}]}}