{"id":161512,"date":"2022-05-19T08:02:50","date_gmt":"2022-05-19T08:02:50","guid":{"rendered":"https:\/\/www.thebestsocial.media\/de\/?p=161512"},"modified":"2022-05-19T08:02:50","modified_gmt":"2022-05-19T08:02:50","slug":"europa-league-triumph-der-eintracht-frankfurt-die-reaktionen-auf-twitter","status":"publish","type":"post","link":"https:\/\/www.thebestsocial.media\/de\/europa-league-triumph-der-eintracht-frankfurt-die-reaktionen-auf-twitter\/","title":{"rendered":"Europa-League-Triumph der Eintracht Frankfurt&#038; die Reaktionen auf Twitter"},"content":{"rendered":"<p dir=\"ltr\" lang=\"de\">Nach dem 6:5 Sieg der Frankfurter gestern Abend in Sevilla ist die Stimmung ausgelassen: Fans, Spieler&amp; eigentlich ganz Deutschland feiern. Nat\u00fcrlich auch auf Twitter, wo sonst?<\/p>\n<h3 dir=\"ltr\" lang=\"de\" style=\"text-align: center;\">Hauptsache Fan:<\/h3>\n<blockquote class=\"twitter-tweet\">\n<p dir=\"ltr\" lang=\"de\">Der Gewinn der Europa League z\u00e4hlt sicher zu den H\u00f6hepunkten meiner Liebe zur Eintracht, seit ich vor 24 Stunden Fan geworden bin<\/p>\n<p>\u2014 Dax Werner (@DaxWerner) <a href=\"https:\/\/twitter.com\/DaxWerner\/status\/1527182489076236290?ref_src=twsrc%5Etfw\">May 19, 2022<\/a><\/p><\/blockquote>\n<p><script async src=\"https:\/\/platform.twitter.com\/widgets.js\" charset=\"utf-8\"><\/script><\/p>\n<h3 style=\"text-align: center;\">W\u00e4re eine \u00dcberlegung wert:<\/h3>\n<blockquote class=\"twitter-tweet\">\n<p dir=\"ltr\" lang=\"de\">19. Mai 2018: Die Eintracht bekommt den DFB-Pokal \u00fcberreicht.<\/p>\n<p>19. Mai 2022: Die Eintracht bekommt den UEFA-Pokal \u00fcberreicht.<\/p>\n<p>Der 19. Mai sollte umbenannt werden in \u201eTag der deutschen Eintracht\u201c.<a href=\"https:\/\/twitter.com\/hashtag\/SGEuropa?src=hash&amp;ref_src=twsrc%5Etfw\">#SGEuropa<\/a> <a href=\"https:\/\/twitter.com\/hashtag\/SEVILLJAAAAA?src=hash&amp;ref_src=twsrc%5Etfw\">#SEVILLJAAAAA<\/a> <a href=\"https:\/\/twitter.com\/hashtag\/UELfinal?src=hash&amp;ref_src=twsrc%5Etfw\">#UELfinal<\/a> <a href=\"https:\/\/twitter.com\/hashtag\/SGERFC?src=hash&amp;ref_src=twsrc%5Etfw\">#SGERFC<\/a><\/p>\n<p>\u2014 FUMS (@fums_magazin) <a href=\"https:\/\/twitter.com\/fums_magazin\/status\/1527050195707613186?ref_src=twsrc%5Etfw\">May 18, 2022<\/a><\/p><\/blockquote>\n<p><script async src=\"https:\/\/platform.twitter.com\/widgets.js\" charset=\"utf-8\"><\/script><\/p>\n<h3 style=\"text-align: center;\">Europas beste Mannschaft!<\/h3>\n<blockquote class=\"twitter-tweet\">\n<p dir=\"ltr\" lang=\"de\">\u25ac\u25ac\u25ac.\u25d9.\u25ac\u25ac\u25ac<br \/>\n\u2550\u2582\u2584\u2584\u2593\u2584\u2584\u2582<br \/>\n\u25e2\u25e4 \u2588\u2580\u2580\u2588\u2588\u2588\u2588\u2584\u2584\u2584\u2584\u25e2\u25e4<br \/>\n\u2588\u2584 \u2588 \u2588\u2584 \u2588\u2588\u2588\u2580\u2580\u2580\u2580\u2580\u2580\u2580\u256c<br \/>\n\u25e5\u2588\u2588\u2588\u2588\u2588\u25e4<br \/>\n\u2550\u2550\u2569\u2550\u2550\u2569\u2550<br \/>\n\u256c\u2550\u256c<br \/>\n\u256c\u2550\u256c<br \/>\n\u256c\u2550\u256c<br \/>\n\u256c\u2550\u256c<br \/>\n\u256c\u2550\u256c just dropping in to say<br \/>\n\u256c\u2550\u256c<br \/>\n\u256c\u2550\u256c Wir sind Europas beste Mannschaft!<br \/>\n\u256c\u2550\u256c\ud83d\ude0e\/<br \/>\n\u256c\u2550\u256c\/\u258c<br \/>\n\u256c\u2550\u256c\/ \\<\/p>\n<p>\u2014 Europa League Sieger 2022 (@Eintracht) <a href=\"https:\/\/twitter.com\/Eintracht\/status\/1527186915564441601?ref_src=twsrc%5Etfw\">May 19, 2022<\/a><\/p><\/blockquote>\n<p><script async src=\"https:\/\/platform.twitter.com\/widgets.js\" charset=\"utf-8\"><\/script><\/p>\n<h3 style=\"text-align: center;\">Partystimmung, nix Pressekonferenz<\/h3>\n<blockquote class=\"twitter-tweet\">\n<p dir=\"ltr\" lang=\"de\">Pressekonferenz? Keine Chance, OG! \ud83d\ude02\ud83e\udd73<a href=\"https:\/\/twitter.com\/hashtag\/SGEuropa?src=hash&amp;ref_src=twsrc%5Etfw\">#SGEuropa<\/a> <a href=\"https:\/\/t.co\/GOH4YLeYHD\">pic.twitter.com\/GOH4YLeYHD<\/a><\/p>\n<p>\u2014 Europa League Sieger 2022 (@Eintracht) <a href=\"https:\/\/twitter.com\/Eintracht\/status\/1527069189973979136?ref_src=twsrc%5Etfw\">May 18, 2022<\/a><\/p><\/blockquote>\n<p><script async src=\"https:\/\/platform.twitter.com\/widgets.js\" charset=\"utf-8\"><\/script><\/p>\n<h3 style=\"text-align: center;\">Da fehlten so manchen die Worte:<\/h3>\n<blockquote class=\"twitter-tweet\">\n<p dir=\"ltr\" lang=\"fi\">ksakgerhsiuhjpasjcougauisnclcaiosdgiufbnougfaiubcajamochbdsczuvfauzcnkljobhcuzvcjbkcbiuakm\u00f6lackouzrtweokmcbajfjl\u00f6jsdiohnaknbiadvbjmcklashcojhcidshiugzavbck\u00f6mapschousgciugsiucb<\/p>\n<p>\u2014 Europa League Sieger 2022 (@Eintracht) <a href=\"https:\/\/twitter.com\/Eintracht\/status\/1527045719911194626?ref_src=twsrc%5Etfw\">May 18, 2022<\/a><\/p><\/blockquote>\n<p><script async src=\"https:\/\/platform.twitter.com\/widgets.js\" charset=\"utf-8\"><\/script><\/p>\n<h3 style=\"text-align: center;\">Danke!<\/h3>\n<blockquote class=\"twitter-tweet\">\n<p dir=\"ltr\" lang=\"de\">Frankfurt ist Europameister und ich bin mir sicher, dass das diesen Kindern zu verdanken ist. <a href=\"https:\/\/t.co\/7UnyxO69Lj\">pic.twitter.com\/7UnyxO69Lj<\/a><\/p>\n<p>\u2014 Hazel Brugger (@hazelbrugger) <a href=\"https:\/\/twitter.com\/hazelbrugger\/status\/1527187600607518720?ref_src=twsrc%5Etfw\">May 19, 2022<\/a><\/p><\/blockquote>\n<p><script async src=\"https:\/\/platform.twitter.com\/widgets.js\" charset=\"utf-8\"><\/script><\/p>\n<h3 style=\"text-align: center;\">Ein Blick in die Zukunft:<\/h3>\n<blockquote class=\"twitter-tweet\">\n<p dir=\"ltr\" lang=\"de\">1. Schultag 2029 in Frankfurt:<br \/>\n&#8222;Und bei den Jungs begr\u00fc\u00dfen wir zum Start ins Schulleben die Kinder Ansgar, Daichi, Kevin, Almamy, Filip, Kevin, Ansgar, Ansgar, Evan, Jesper, Kevin, Rafael und &#8230; ah, noch ein Ansgar, sch\u00f6n!&#8220;<a href=\"https:\/\/twitter.com\/hashtag\/SGEuropa?src=hash&amp;ref_src=twsrc%5Etfw\">#SGEuropa<\/a> <a href=\"https:\/\/twitter.com\/hashtag\/SEVILLJAAAAA?src=hash&amp;ref_src=twsrc%5Etfw\">#SEVILLJAAAAA<\/a> <a href=\"https:\/\/twitter.com\/hashtag\/UELfinal?src=hash&amp;ref_src=twsrc%5Etfw\">#UELfinal<\/a> <a href=\"https:\/\/twitter.com\/hashtag\/SGERFC?src=hash&amp;ref_src=twsrc%5Etfw\">#SGERFC<\/a><\/p>\n<p>\u2014 FUMS (@fums_magazin) <a href=\"https:\/\/twitter.com\/fums_magazin\/status\/1526913082236313600?ref_src=twsrc%5Etfw\">May 18, 2022<\/a><\/p><\/blockquote>\n<p><script async src=\"https:\/\/platform.twitter.com\/widgets.js\" charset=\"utf-8\"><\/script><\/p>\n<h3 style=\"text-align: center;\">Sehr weise:<\/h3>\n<blockquote class=\"twitter-tweet\">\n<p dir=\"ltr\" lang=\"de\">&#8222;Mama, ich habe kein Trikot mehr im Schrank!&#8220; &#8222;Ja, kann ich nix machen, Du musst los zur Schule!&#8220; &#8222;Ich kann am Finaltag NICHT ohne Trikot vor die T\u00fcr gehen!!!&#8220; So jung und so schlau \ud83d\ude09 <a href=\"https:\/\/twitter.com\/hashtag\/SGERFC?src=hash&amp;ref_src=twsrc%5Etfw\">#SGERFC<\/a> <a href=\"https:\/\/twitter.com\/hashtag\/SGE?src=hash&amp;ref_src=twsrc%5Etfw\">#SGE<\/a> <a href=\"https:\/\/twitter.com\/hashtag\/Matchday?src=hash&amp;ref_src=twsrc%5Etfw\">#Matchday<\/a> <a href=\"https:\/\/twitter.com\/hashtag\/SGEuropa?src=hash&amp;ref_src=twsrc%5Etfw\">#SGEuropa<\/a><\/p>\n<p>\u2014 Steffi (@Steffili80) <a href=\"https:\/\/twitter.com\/Steffili80\/status\/1526799474701508608?ref_src=twsrc%5Etfw\">May 18, 2022<\/a><\/p><\/blockquote>\n<p><script async src=\"https:\/\/platform.twitter.com\/widgets.js\" charset=\"utf-8\"><\/script><\/p>\n<h3 style=\"text-align: center;\">Und falls sich irgendwer fragt, wie die Frankfurter Fans nach Sevilla kamen&#8230;<\/h3>\n<blockquote class=\"twitter-tweet\">\n<p dir=\"ltr\" lang=\"de\">Spotted: Anzeigetafel im <a href=\"https:\/\/twitter.com\/Airport_FRA?ref_src=twsrc%5Etfw\">@Airport_FRA<\/a>&#8230;ganz normaler Eintracht-Wahnsinn \u2708\ufe0f\ud83d\ude05<a href=\"https:\/\/twitter.com\/hashtag\/Sevilljaaaaa?src=hash&amp;ref_src=twsrc%5Etfw\">#Sevilljaaaaa<\/a> <a href=\"https:\/\/twitter.com\/hashtag\/SGEuropa?src=hash&amp;ref_src=twsrc%5Etfw\">#SGEuropa<\/a> <a href=\"https:\/\/twitter.com\/hashtag\/SGERFC?src=hash&amp;ref_src=twsrc%5Etfw\">#SGERFC<\/a> <a href=\"https:\/\/t.co\/NFSlv3cwyK\">pic.twitter.com\/NFSlv3cwyK<\/a><\/p>\n<p>\u2014 Europa League Sieger 2022 (@Eintracht) <a href=\"https:\/\/twitter.com\/Eintracht\/status\/1526532102107406336?ref_src=twsrc%5Etfw\">May 17, 2022<\/a><\/p><\/blockquote>\n<p><script async src=\"https:\/\/platform.twitter.com\/widgets.js\" charset=\"utf-8\"><\/script><\/p>\n<p style=\"text-align: center;\"><strong>Hey! Wir suchen neue Kolleg:innen! Du liebst die Internetkultur und verstehst, dass TikToks mehr als nur kurze, nervige Videos sind? Hast du bereits eine gesunde Social-Media-Sucht entwickelt? Du lebst online, wei\u00dft, was im Moment passiert ist und was morgen angesagt sein wird? <\/strong><strong><a href=\"https:\/\/www.thebestsocialjobs.com\/de\/\">Dann werde Teil unseres Teams!<\/a><\/strong><\/p>\n","protected":false},"excerpt":{"rendered":"<p>Nach dem 6:5 Sieg der Frankfurter gestern Abend in Sevilla ist die Stimmung ausgelassen: Fans, Spieler&amp; eigentlich ganz Deutschland feiern. Nat\u00fcrlich auch auf Twitter, wo&#8230;<\/p>\n","protected":false},"author":88,"featured_media":161514,"comment_status":"open","ping_status":"open","sticky":false,"template":"","format":"standard","meta":{"_acf_changed":false,"footnotes":""},"categories":[106,35],"tags":[123,5106,58],"class_list":["post-161512","post","type-post","status-publish","format-standard","has-post-thumbnail","hentry","category-best-of","category-twitter","tag-fussball","tag-sieg","tag-twitter"],"acf":[],"yoast_head":"<!-- This site is optimized with the Yoast SEO plugin v27.5 - https:\/\/yoast.com\/product\/yoast-seo-wordpress\/ -->\n<title>Europa-League-Triumph der Eintracht Frankfurt&amp; Reaktionen auf Twitter<\/title>\n<meta name=\"robots\" content=\"index, follow, max-snippet:-1, max-image-preview:large, max-video-preview:-1\" \/>\n<link rel=\"canonical\" href=\"https:\/\/www.thebestsocial.media\/de\/europa-league-triumph-der-eintracht-frankfurt-die-reaktionen-auf-twitter\/\" \/>\n<meta property=\"og:locale\" content=\"de_DE\" \/>\n<meta property=\"og:type\" content=\"article\" \/>\n<meta property=\"og:title\" content=\"Europa-League-Triumph der Eintracht Frankfurt&amp; Reaktionen auf Twitter\" \/>\n<meta property=\"og:description\" content=\"Nach dem 6:5 Sieg der Frankfurter gestern Abend in Sevilla ist die Stimmung ausgelassen: Fans, Spieler&amp; eigentlich ganz Deutschland feiern. Nat\u00fcrlich auch auf Twitter, wo...\" \/>\n<meta property=\"og:url\" content=\"https:\/\/www.thebestsocial.media\/de\/europa-league-triumph-der-eintracht-frankfurt-die-reaktionen-auf-twitter\/\" \/>\n<meta property=\"og:site_name\" content=\"The Best Social Media DE\" \/>\n<meta property=\"article:published_time\" content=\"2022-05-19T08:02:50+00:00\" \/>\n<meta property=\"og:image\" content=\"https:\/\/www.thebestsocial.media\/de\/wp-content\/uploads\/sites\/3\/2022\/05\/header-eintracht.png\" \/>\n\t<meta property=\"og:image:width\" content=\"1200\" \/>\n\t<meta property=\"og:image:height\" content=\"630\" \/>\n\t<meta property=\"og:image:type\" content=\"image\/png\" \/>\n<meta name=\"author\" content=\"Johanna Burghagen\" \/>\n<meta name=\"twitter:card\" content=\"summary_large_image\" \/>\n<meta name=\"twitter:label1\" content=\"Verfasst von\" \/>\n\t<meta name=\"twitter:data1\" content=\"Johanna Burghagen\" \/>\n\t<meta name=\"twitter:label2\" content=\"Gesch\u00e4tzte Lesezeit\" \/>\n\t<meta name=\"twitter:data2\" content=\"3\u00a0Minuten\" \/>\n<script type=\"application\/ld+json\" class=\"yoast-schema-graph\">{\"@context\":\"https:\\\/\\\/schema.org\",\"@graph\":[{\"@type\":\"Article\",\"@id\":\"https:\\\/\\\/www.thebestsocial.media\\\/de\\\/europa-league-triumph-der-eintracht-frankfurt-die-reaktionen-auf-twitter\\\/#article\",\"isPartOf\":{\"@id\":\"https:\\\/\\\/www.thebestsocial.media\\\/de\\\/europa-league-triumph-der-eintracht-frankfurt-die-reaktionen-auf-twitter\\\/\"},\"author\":{\"name\":\"Johanna Burghagen\",\"@id\":\"https:\\\/\\\/www.thebestsocial.media\\\/de\\\/#\\\/schema\\\/person\\\/5f13d9837bcff33cc8d453e30fa88553\"},\"headline\":\"Europa-League-Triumph der Eintracht Frankfurt&#038; die Reaktionen auf Twitter\",\"datePublished\":\"2022-05-19T08:02:50+00:00\",\"mainEntityOfPage\":{\"@id\":\"https:\\\/\\\/www.thebestsocial.media\\\/de\\\/europa-league-triumph-der-eintracht-frankfurt-die-reaktionen-auf-twitter\\\/\"},\"wordCount\":351,\"commentCount\":0,\"image\":{\"@id\":\"https:\\\/\\\/www.thebestsocial.media\\\/de\\\/europa-league-triumph-der-eintracht-frankfurt-die-reaktionen-auf-twitter\\\/#primaryimage\"},\"thumbnailUrl\":\"https:\\\/\\\/www.thebestsocial.media\\\/de\\\/wp-content\\\/uploads\\\/sites\\\/3\\\/2022\\\/05\\\/Bildschirmfoto-2022-05-19-um-09.58.12.png\",\"keywords\":[\"fu\u00dfball\",\"Sieg\",\"twitter\"],\"articleSection\":[\"Best of\",\"Twitter\"],\"inLanguage\":\"de\",\"potentialAction\":[{\"@type\":\"CommentAction\",\"name\":\"Comment\",\"target\":[\"https:\\\/\\\/www.thebestsocial.media\\\/de\\\/europa-league-triumph-der-eintracht-frankfurt-die-reaktionen-auf-twitter\\\/#respond\"]}]},{\"@type\":\"WebPage\",\"@id\":\"https:\\\/\\\/www.thebestsocial.media\\\/de\\\/europa-league-triumph-der-eintracht-frankfurt-die-reaktionen-auf-twitter\\\/\",\"url\":\"https:\\\/\\\/www.thebestsocial.media\\\/de\\\/europa-league-triumph-der-eintracht-frankfurt-die-reaktionen-auf-twitter\\\/\",\"name\":\"Europa-League-Triumph der Eintracht Frankfurt& Reaktionen auf Twitter\",\"isPartOf\":{\"@id\":\"https:\\\/\\\/www.thebestsocial.media\\\/de\\\/#website\"},\"primaryImageOfPage\":{\"@id\":\"https:\\\/\\\/www.thebestsocial.media\\\/de\\\/europa-league-triumph-der-eintracht-frankfurt-die-reaktionen-auf-twitter\\\/#primaryimage\"},\"image\":{\"@id\":\"https:\\\/\\\/www.thebestsocial.media\\\/de\\\/europa-league-triumph-der-eintracht-frankfurt-die-reaktionen-auf-twitter\\\/#primaryimage\"},\"thumbnailUrl\":\"https:\\\/\\\/www.thebestsocial.media\\\/de\\\/wp-content\\\/uploads\\\/sites\\\/3\\\/2022\\\/05\\\/Bildschirmfoto-2022-05-19-um-09.58.12.png\",\"datePublished\":\"2022-05-19T08:02:50+00:00\",\"author\":{\"@id\":\"https:\\\/\\\/www.thebestsocial.media\\\/de\\\/#\\\/schema\\\/person\\\/5f13d9837bcff33cc8d453e30fa88553\"},\"breadcrumb\":{\"@id\":\"https:\\\/\\\/www.thebestsocial.media\\\/de\\\/europa-league-triumph-der-eintracht-frankfurt-die-reaktionen-auf-twitter\\\/#breadcrumb\"},\"inLanguage\":\"de\",\"potentialAction\":[{\"@type\":\"ReadAction\",\"target\":[\"https:\\\/\\\/www.thebestsocial.media\\\/de\\\/europa-league-triumph-der-eintracht-frankfurt-die-reaktionen-auf-twitter\\\/\"]}]},{\"@type\":\"ImageObject\",\"inLanguage\":\"de\",\"@id\":\"https:\\\/\\\/www.thebestsocial.media\\\/de\\\/europa-league-triumph-der-eintracht-frankfurt-die-reaktionen-auf-twitter\\\/#primaryimage\",\"url\":\"https:\\\/\\\/www.thebestsocial.media\\\/de\\\/wp-content\\\/uploads\\\/sites\\\/3\\\/2022\\\/05\\\/Bildschirmfoto-2022-05-19-um-09.58.12.png\",\"contentUrl\":\"https:\\\/\\\/www.thebestsocial.media\\\/de\\\/wp-content\\\/uploads\\\/sites\\\/3\\\/2022\\\/05\\\/Bildschirmfoto-2022-05-19-um-09.58.12.png\",\"width\":996,\"height\":670},{\"@type\":\"BreadcrumbList\",\"@id\":\"https:\\\/\\\/www.thebestsocial.media\\\/de\\\/europa-league-triumph-der-eintracht-frankfurt-die-reaktionen-auf-twitter\\\/#breadcrumb\",\"itemListElement\":[{\"@type\":\"ListItem\",\"position\":1,\"name\":\"Home\",\"item\":\"https:\\\/\\\/www.thebestsocial.media\\\/de\\\/\"},{\"@type\":\"ListItem\",\"position\":2,\"name\":\"Europa-League-Triumph der Eintracht Frankfurt&#038; die Reaktionen auf Twitter\"}]},{\"@type\":\"WebSite\",\"@id\":\"https:\\\/\\\/www.thebestsocial.media\\\/de\\\/#website\",\"url\":\"https:\\\/\\\/www.thebestsocial.media\\\/de\\\/\",\"name\":\"The Best Social Media DE\",\"description\":\"\",\"potentialAction\":[{\"@type\":\"SearchAction\",\"target\":{\"@type\":\"EntryPoint\",\"urlTemplate\":\"https:\\\/\\\/www.thebestsocial.media\\\/de\\\/?s={search_term_string}\"},\"query-input\":{\"@type\":\"PropertyValueSpecification\",\"valueRequired\":true,\"valueName\":\"search_term_string\"}}],\"inLanguage\":\"de\"},{\"@type\":\"Person\",\"@id\":\"https:\\\/\\\/www.thebestsocial.media\\\/de\\\/#\\\/schema\\\/person\\\/5f13d9837bcff33cc8d453e30fa88553\",\"name\":\"Johanna Burghagen\",\"image\":{\"@type\":\"ImageObject\",\"inLanguage\":\"de\",\"@id\":\"https:\\\/\\\/secure.gravatar.com\\\/avatar\\\/8dfe01b309e4d382459737f38d2b4a93e798f4a0954f87f9c620bc34440b8c7e?s=96&d=mm&r=g\",\"url\":\"https:\\\/\\\/secure.gravatar.com\\\/avatar\\\/8dfe01b309e4d382459737f38d2b4a93e798f4a0954f87f9c620bc34440b8c7e?s=96&d=mm&r=g\",\"contentUrl\":\"https:\\\/\\\/secure.gravatar.com\\\/avatar\\\/8dfe01b309e4d382459737f38d2b4a93e798f4a0954f87f9c620bc34440b8c7e?s=96&d=mm&r=g\",\"caption\":\"Johanna Burghagen\"},\"url\":\"https:\\\/\\\/www.thebestsocial.media\\\/de\\\/author\\\/johannaburghagen\\\/\"}]}<\/script>\n<!-- \/ Yoast SEO plugin. -->","yoast_head_json":{"title":"Europa-League-Triumph der Eintracht Frankfurt& Reaktionen auf Twitter","robots":{"index":"index","follow":"follow","max-snippet":"max-snippet:-1","max-image-preview":"max-image-preview:large","max-video-preview":"max-video-preview:-1"},"canonical":"https:\/\/www.thebestsocial.media\/de\/europa-league-triumph-der-eintracht-frankfurt-die-reaktionen-auf-twitter\/","og_locale":"de_DE","og_type":"article","og_title":"Europa-League-Triumph der Eintracht Frankfurt& Reaktionen auf Twitter","og_description":"Nach dem 6:5 Sieg der Frankfurter gestern Abend in Sevilla ist die Stimmung ausgelassen: Fans, Spieler&amp; eigentlich ganz Deutschland feiern. Nat\u00fcrlich auch auf Twitter, wo...","og_url":"https:\/\/www.thebestsocial.media\/de\/europa-league-triumph-der-eintracht-frankfurt-die-reaktionen-auf-twitter\/","og_site_name":"The Best Social Media DE","article_published_time":"2022-05-19T08:02:50+00:00","og_image":[{"width":1200,"height":630,"url":"https:\/\/www.thebestsocial.media\/de\/wp-content\/uploads\/sites\/3\/2022\/05\/header-eintracht.png","type":"image\/png"}],"author":"Johanna Burghagen","twitter_card":"summary_large_image","twitter_misc":{"Verfasst von":"Johanna Burghagen","Gesch\u00e4tzte Lesezeit":"3\u00a0Minuten"},"schema":{"@context":"https:\/\/schema.org","@graph":[{"@type":"Article","@id":"https:\/\/www.thebestsocial.media\/de\/europa-league-triumph-der-eintracht-frankfurt-die-reaktionen-auf-twitter\/#article","isPartOf":{"@id":"https:\/\/www.thebestsocial.media\/de\/europa-league-triumph-der-eintracht-frankfurt-die-reaktionen-auf-twitter\/"},"author":{"name":"Johanna Burghagen","@id":"https:\/\/www.thebestsocial.media\/de\/#\/schema\/person\/5f13d9837bcff33cc8d453e30fa88553"},"headline":"Europa-League-Triumph der Eintracht Frankfurt&#038; die Reaktionen auf Twitter","datePublished":"2022-05-19T08:02:50+00:00","mainEntityOfPage":{"@id":"https:\/\/www.thebestsocial.media\/de\/europa-league-triumph-der-eintracht-frankfurt-die-reaktionen-auf-twitter\/"},"wordCount":351,"commentCount":0,"image":{"@id":"https:\/\/www.thebestsocial.media\/de\/europa-league-triumph-der-eintracht-frankfurt-die-reaktionen-auf-twitter\/#primaryimage"},"thumbnailUrl":"https:\/\/www.thebestsocial.media\/de\/wp-content\/uploads\/sites\/3\/2022\/05\/Bildschirmfoto-2022-05-19-um-09.58.12.png","keywords":["fu\u00dfball","Sieg","twitter"],"articleSection":["Best of","Twitter"],"inLanguage":"de","potentialAction":[{"@type":"CommentAction","name":"Comment","target":["https:\/\/www.thebestsocial.media\/de\/europa-league-triumph-der-eintracht-frankfurt-die-reaktionen-auf-twitter\/#respond"]}]},{"@type":"WebPage","@id":"https:\/\/www.thebestsocial.media\/de\/europa-league-triumph-der-eintracht-frankfurt-die-reaktionen-auf-twitter\/","url":"https:\/\/www.thebestsocial.media\/de\/europa-league-triumph-der-eintracht-frankfurt-die-reaktionen-auf-twitter\/","name":"Europa-League-Triumph der Eintracht Frankfurt& Reaktionen auf Twitter","isPartOf":{"@id":"https:\/\/www.thebestsocial.media\/de\/#website"},"primaryImageOfPage":{"@id":"https:\/\/www.thebestsocial.media\/de\/europa-league-triumph-der-eintracht-frankfurt-die-reaktionen-auf-twitter\/#primaryimage"},"image":{"@id":"https:\/\/www.thebestsocial.media\/de\/europa-league-triumph-der-eintracht-frankfurt-die-reaktionen-auf-twitter\/#primaryimage"},"thumbnailUrl":"https:\/\/www.thebestsocial.media\/de\/wp-content\/uploads\/sites\/3\/2022\/05\/Bildschirmfoto-2022-05-19-um-09.58.12.png","datePublished":"2022-05-19T08:02:50+00:00","author":{"@id":"https:\/\/www.thebestsocial.media\/de\/#\/schema\/person\/5f13d9837bcff33cc8d453e30fa88553"},"breadcrumb":{"@id":"https:\/\/www.thebestsocial.media\/de\/europa-league-triumph-der-eintracht-frankfurt-die-reaktionen-auf-twitter\/#breadcrumb"},"inLanguage":"de","potentialAction":[{"@type":"ReadAction","target":["https:\/\/www.thebestsocial.media\/de\/europa-league-triumph-der-eintracht-frankfurt-die-reaktionen-auf-twitter\/"]}]},{"@type":"ImageObject","inLanguage":"de","@id":"https:\/\/www.thebestsocial.media\/de\/europa-league-triumph-der-eintracht-frankfurt-die-reaktionen-auf-twitter\/#primaryimage","url":"https:\/\/www.thebestsocial.media\/de\/wp-content\/uploads\/sites\/3\/2022\/05\/Bildschirmfoto-2022-05-19-um-09.58.12.png","contentUrl":"https:\/\/www.thebestsocial.media\/de\/wp-content\/uploads\/sites\/3\/2022\/05\/Bildschirmfoto-2022-05-19-um-09.58.12.png","width":996,"height":670},{"@type":"BreadcrumbList","@id":"https:\/\/www.thebestsocial.media\/de\/europa-league-triumph-der-eintracht-frankfurt-die-reaktionen-auf-twitter\/#breadcrumb","itemListElement":[{"@type":"ListItem","position":1,"name":"Home","item":"https:\/\/www.thebestsocial.media\/de\/"},{"@type":"ListItem","position":2,"name":"Europa-League-Triumph der Eintracht Frankfurt&#038; die Reaktionen auf Twitter"}]},{"@type":"WebSite","@id":"https:\/\/www.thebestsocial.media\/de\/#website","url":"https:\/\/www.thebestsocial.media\/de\/","name":"The Best Social Media DE","description":"","potentialAction":[{"@type":"SearchAction","target":{"@type":"EntryPoint","urlTemplate":"https:\/\/www.thebestsocial.media\/de\/?s={search_term_string}"},"query-input":{"@type":"PropertyValueSpecification","valueRequired":true,"valueName":"search_term_string"}}],"inLanguage":"de"},{"@type":"Person","@id":"https:\/\/www.thebestsocial.media\/de\/#\/schema\/person\/5f13d9837bcff33cc8d453e30fa88553","name":"Johanna Burghagen","image":{"@type":"ImageObject","inLanguage":"de","@id":"https:\/\/secure.gravatar.com\/avatar\/8dfe01b309e4d382459737f38d2b4a93e798f4a0954f87f9c620bc34440b8c7e?s=96&d=mm&r=g","url":"https:\/\/secure.gravatar.com\/avatar\/8dfe01b309e4d382459737f38d2b4a93e798f4a0954f87f9c620bc34440b8c7e?s=96&d=mm&r=g","contentUrl":"https:\/\/secure.gravatar.com\/avatar\/8dfe01b309e4d382459737f38d2b4a93e798f4a0954f87f9c620bc34440b8c7e?s=96&d=mm&r=g","caption":"Johanna Burghagen"},"url":"https:\/\/www.thebestsocial.media\/de\/author\/johannaburghagen\/"}]}},"amp_enabled":true,"_links":{"self":[{"href":"https:\/\/www.thebestsocial.media\/de\/wp-json\/wp\/v2\/posts\/161512","targetHints":{"allow":["GET"]}}],"collection":[{"href":"https:\/\/www.thebestsocial.media\/de\/wp-json\/wp\/v2\/posts"}],"about":[{"href":"https:\/\/www.thebestsocial.media\/de\/wp-json\/wp\/v2\/types\/post"}],"author":[{"embeddable":true,"href":"https:\/\/www.thebestsocial.media\/de\/wp-json\/wp\/v2\/users\/88"}],"replies":[{"embeddable":true,"href":"https:\/\/www.thebestsocial.media\/de\/wp-json\/wp\/v2\/comments?post=161512"}],"version-history":[{"count":2,"href":"https:\/\/www.thebestsocial.media\/de\/wp-json\/wp\/v2\/posts\/161512\/revisions"}],"predecessor-version":[{"id":161516,"href":"https:\/\/www.thebestsocial.media\/de\/wp-json\/wp\/v2\/posts\/161512\/revisions\/161516"}],"wp:featuredmedia":[{"embeddable":true,"href":"https:\/\/www.thebestsocial.media\/de\/wp-json\/wp\/v2\/media\/161514"}],"wp:attachment":[{"href":"https:\/\/www.thebestsocial.media\/de\/wp-json\/wp\/v2\/media?parent=161512"}],"wp:term":[{"taxonomy":"category","embeddable":true,"href":"https:\/\/www.thebestsocial.media\/de\/wp-json\/wp\/v2\/categories?post=161512"},{"taxonomy":"post_tag","embeddable":true,"href":"https:\/\/www.thebestsocial.media\/de\/wp-json\/wp\/v2\/tags?post=161512"}],"curies":[{"name":"wp","href":"https:\/\/api.w.org\/{rel}","templated":true}]}}