{"id":161201,"date":"2022-05-13T13:11:01","date_gmt":"2022-05-13T13:11:01","guid":{"rendered":"https:\/\/www.thebestsocial.media\/de\/?p=161201"},"modified":"2022-05-13T13:11:01","modified_gmt":"2022-05-13T13:11:01","slug":"ich-bin-armutsbetroffen","status":"publish","type":"post","link":"https:\/\/www.thebestsocial.media\/de\/ich-bin-armutsbetroffen\/","title":{"rendered":"&#8222;Ich bin armutsbetroffen&#8220; &#8211; Auf Twitter teilen Menschen ihre Geschichte"},"content":{"rendered":"<p>\u00dcber Geld spricht man nicht. Vor allem, wenn man davon kaum genug zum Leben hat. Denn das Thema Armut ist von gro\u00dfer Scham besetzt. Auf Twitter brechen Menschen nun mit diesem Tabu. Unter dem <a href=\"https:\/\/twitter.com\/search?q=%23IchBinArmutsbetroffen%20&amp;src=typed_query&amp;f=top\" target=\"_blank\" rel=\"noopener\">#IchBinArmutsbetroffen<\/a> teilen sie ihre ganz pers\u00f6nliche Geschichte und die Umst\u00e4nde, die sie in diese Situation gebracht haben.<\/p>\n<h3><\/h3>\n<h3>Die Situation bringt nicht nur Schamgef\u00fchle mit sich, sondern auch \u00c4ngste.<\/h3>\n<blockquote class=\"twitter-tweet\">\n<p dir=\"ltr\" lang=\"de\"><a href=\"https:\/\/twitter.com\/hashtag\/IchBinArmutsbetroffen?src=hash&amp;ref_src=twsrc%5Etfw\">#IchBinArmutsbetroffen<\/a><br \/>\nAufgewachsen in Erwerbsarmut. In die Armut gerutscht durch die Krebserkrankung meines Papas. Als ich 9 war, wurde ich Halbwaise + kranke Mama.<br \/>\nIch habe Angst davor es nicht aus der Armut zu schaffen. Wer arm ist, bleibt arm. Statistisch gesehen.<\/p>\n<p>\u2014 Sandra (@SandraausHGW) <a href=\"https:\/\/twitter.com\/SandraausHGW\/status\/1524819237268766731?ref_src=twsrc%5Etfw\">May 12, 2022<\/a><\/p><\/blockquote>\n<p><script async src=\"https:\/\/platform.twitter.com\/widgets.js\" charset=\"utf-8\"><\/script><\/p>\n<p>&nbsp;<\/p>\n<h3>Oft wird von schweren Krankheiten erz\u00e4hlt.<\/h3>\n<blockquote class=\"twitter-tweet\">\n<p dir=\"ltr\" lang=\"de\"><a href=\"https:\/\/twitter.com\/hashtag\/IchBinArmutsbetroffen?src=hash&amp;ref_src=twsrc%5Etfw\">#IchBinArmutsbetroffen<\/a><\/p>\n<p>Ich bin 38 Jahre alt. Seitdem Tot meiner Eltern leide ich an Depressionen und einer Angstst\u00f6rung. Dazu kommen noch einige andere chronische Krankheiten. Erhalte Grusi. Habe Fachabitur. Und habe es mir leider nicht so ausgesucht wie alles gekommen ist .<\/p>\n<p>\u2014 Torsten (@link_torsten) <a href=\"https:\/\/twitter.com\/link_torsten\/status\/1524749970737303553?ref_src=twsrc%5Etfw\">May 12, 2022<\/a><\/p><\/blockquote>\n<p><script async src=\"https:\/\/platform.twitter.com\/widgets.js\" charset=\"utf-8\"><\/script><\/p>\n<p>&nbsp;<\/p>\n<h3>Auch viele Alleinerziehende melden sich.<\/h3>\n<blockquote class=\"twitter-tweet\">\n<p dir=\"ltr\" lang=\"de\"><a href=\"https:\/\/twitter.com\/hashtag\/IchBinArmutsbetroffen?src=hash&amp;ref_src=twsrc%5Etfw\">#IchBinArmutsbetroffen<\/a>, inzwischen seit \u00fcber 10 Jahren, denn als alleinerziehende und alleinpflegende Mutter eines schwerbehinderten Kindes bleibt nach 140 Stunden +- Pflege\/Woche weder Zeit noch Kraft f\u00fcr zus\u00e4tzliche Erwerbsarbeit.<\/p>\n<p>\u2014 friedliche Teeevolution (@trullateee) <a href=\"https:\/\/twitter.com\/trullateee\/status\/1524806748304973824?ref_src=twsrc%5Etfw\">May 12, 2022<\/a><\/p><\/blockquote>\n<p><script async src=\"https:\/\/platform.twitter.com\/widgets.js\" charset=\"utf-8\"><\/script><\/p>\n<blockquote class=\"twitter-tweet\" data-conversation=\"none\">\n<p dir=\"ltr\" lang=\"de\">Bevor jetzt x mal &#8222;warum nimmst du nicht dies\/das in Anspruch?&#8220; kommt: nur weil man Anspr\u00fcche auf bestimmte Leistungen hat, sind sie nicht auch realistisch umsetzbar. Das kann viele Gr\u00fcnde haben. Ein Mangel an Personal bei Pflegediensten beispielsweise.<\/p>\n<p>\u2014 friedliche Teeevolution (@trullateee) <a href=\"https:\/\/twitter.com\/trullateee\/status\/1524828700621033486?ref_src=twsrc%5Etfw\">May 12, 2022<\/a><\/p><\/blockquote>\n<p><script async src=\"https:\/\/platform.twitter.com\/widgets.js\" charset=\"utf-8\"><\/script><\/p>\n<p>&nbsp;<\/p>\n<h3>Ausgesucht hat sich die Schicksalsschl\u00e4ge nat\u00fcrlich niemand.<\/h3>\n<blockquote class=\"twitter-tweet\">\n<p dir=\"ltr\" lang=\"de\">Zusehen wie deine Mama irgendwie jeden Monat r\u00fcberbringt und auf alles verzichtet, nur damit deine Geschwister und du die Armut so wenig wie m\u00f6glich zu sp\u00fcren bekommen. Jahre sp\u00e4ter macht meine Mama jetzt Armutsbetroffenen Mut. <a href=\"https:\/\/twitter.com\/hashtag\/IchBinArmutsbetroffen?src=hash&amp;ref_src=twsrc%5Etfw\">#IchBinArmutsbetroffen<\/a><\/p>\n<p>\u2014 Dalila (@dalilafyi) <a href=\"https:\/\/twitter.com\/dalilafyi\/status\/1524827930781749250?ref_src=twsrc%5Etfw\">May 12, 2022<\/a><\/p><\/blockquote>\n<p><script async src=\"https:\/\/platform.twitter.com\/widgets.js\" charset=\"utf-8\"><\/script><\/p>\n<p>&nbsp;<\/p>\n<p>&nbsp;<\/p>\n<h3>Vor allem nicht mehrere auf einmal.<\/h3>\n<blockquote class=\"twitter-tweet\">\n<p dir=\"ltr\" lang=\"de\"><a href=\"https:\/\/twitter.com\/hashtag\/IchBinArmutsbetroffen?src=hash&amp;ref_src=twsrc%5Etfw\">#IchBinArmutsbetroffen<\/a><\/p>\n<p>Eine von Vielen. Mein Name ist Gabi, ich bin 62 Jahre alt. Ich k\u00f6nnte viel erz\u00e4hlen, aber das w\u00fcrde den Rahmen hier sprengen. Nur soviel: Trotz chronischer Erkrankung habe ich es geschafft, fast 30 Jahre Vollzeit zu arbeiten. Die letzten 18 Jahre sogar<\/p>\n<p>\u2014 Gabi F. (@freyga5) <a href=\"https:\/\/twitter.com\/freyga5\/status\/1524722569680723969?ref_src=twsrc%5Etfw\">May 12, 2022<\/a><\/p><\/blockquote>\n<p><script async src=\"https:\/\/platform.twitter.com\/widgets.js\" charset=\"utf-8\"><\/script><\/p>\n<blockquote class=\"twitter-tweet\" data-conversation=\"none\">\n<p dir=\"ltr\" lang=\"de\">im \u00d6D und eigentlich unk\u00fcndbar. Nun, f\u00fcr meinen Arbeitgeber fanden sich Wege, das auszuhebeln. Ich war damals naiv und glaubte an Gerechtigkeit. Das endete mit der Aussage des Richters am Arbeitsgericht &#8222;die ist doch sowieso ein Sozialfall&#8220;,als es um mein Alter ging.<\/p>\n<p>\u2014 Gabi F. (@freyga5) <a href=\"https:\/\/twitter.com\/freyga5\/status\/1524722572033761281?ref_src=twsrc%5Etfw\">May 12, 2022<\/a><\/p><\/blockquote>\n<p><script async src=\"https:\/\/platform.twitter.com\/widgets.js\" charset=\"utf-8\"><\/script><\/p>\n<blockquote class=\"twitter-tweet\" data-conversation=\"none\">\n<p dir=\"ltr\" lang=\"de\">Ich war 52 und im Jobcenter wurde ich empfangen mit: &#8222;F\u00fcr Sie k\u00f6nnen wir nur noch Hilfst\u00e4tigkeiten in der Altenpflege anbieten.&#8220;<br \/>\nSo endete ich schlie\u00dflich in der Erwerbsminderungsrente, die ich mit Grundsicherung aufstocken muss, also Regelsatz analog HartzIV.<\/p>\n<p>\u2014 Gabi F. (@freyga5) <a href=\"https:\/\/twitter.com\/freyga5\/status\/1524722573996666880?ref_src=twsrc%5Etfw\">May 12, 2022<\/a><\/p><\/blockquote>\n<p><script async src=\"https:\/\/platform.twitter.com\/widgets.js\" charset=\"utf-8\"><\/script><\/p>\n<blockquote class=\"twitter-tweet\" data-conversation=\"none\">\n<p dir=\"ltr\" lang=\"de\">Seitdem sehe ich meinem Leben beim Vor\u00fcberziehen zu. Freunde zogen sich zur\u00fcck, weil ich an vielem nicht mehr teilhaben konnte, ich zog mich zur\u00fcck, weil ich mich sch\u00e4mte und als Verliererin betrachtete.<br \/>\nWegen anf\u00e4nglicher Falschberechnung des Amtes war ich \u00fcber anderthalb<\/p>\n<p>\u2014 Gabi F. (@freyga5) <a href=\"https:\/\/twitter.com\/freyga5\/status\/1524722575833800704?ref_src=twsrc%5Etfw\">May 12, 2022<\/a><\/p><\/blockquote>\n<p><script async src=\"https:\/\/platform.twitter.com\/widgets.js\" charset=\"utf-8\"><\/script><\/p>\n<blockquote class=\"twitter-tweet\" data-conversation=\"none\">\n<p dir=\"ltr\" lang=\"de\">Jahre mit R\u00fcckzahlung belastet, lebte also unterhalb des Existenzminimums. Danach fingen Elektroger\u00e4te an, sich zu verabschieden, also wieder wegen Ratenzahlung unterhalb des Existenzminimums.<br \/>\nEs fing gerade an, sich einigerma\u00dfen aushalten zu lassen, da kam Corona. Also<\/p>\n<p>\u2014 Gabi F. (@freyga5) <a href=\"https:\/\/twitter.com\/freyga5\/status\/1524722577712766976?ref_src=twsrc%5Etfw\">May 12, 2022<\/a><\/p><\/blockquote>\n<p><script async src=\"https:\/\/platform.twitter.com\/widgets.js\" charset=\"utf-8\"><\/script><\/p>\n<blockquote class=\"twitter-tweet\" data-conversation=\"none\">\n<p dir=\"ltr\" lang=\"de\">Extrakosten und nur unzul\u00e4ngliche Hilfen f\u00fcr Bed\u00fcrftige.<br \/>\nJetzt Krieg und Energiekrise. Und wieder nur unzul\u00e4ngliche Unterst\u00fctzung absehbar.<\/p>\n<p>Das ist kein Leben, das Spa\u00df macht und schon gar keine soziale H\u00e4ngematte. Ich w\u00fcrde sofort und gerne wieder arbeiten, wie immer schon.<\/p>\n<p>\u2014 Gabi F. (@freyga5) <a href=\"https:\/\/twitter.com\/freyga5\/status\/1524722579692478466?ref_src=twsrc%5Etfw\">May 12, 2022<\/a><\/p><\/blockquote>\n<p><script async src=\"https:\/\/platform.twitter.com\/widgets.js\" charset=\"utf-8\"><\/script><\/p>\n<blockquote class=\"twitter-tweet\" data-conversation=\"none\">\n<p dir=\"ltr\" lang=\"de\">Leider haben mich die letzten 10 Jahre noch kranker gemacht, was arbeiten komplett ausschlie\u00dft. Das hei\u00dft, ich werde bis zu meinem Ableben in dieser unmenschlichen Situation feststecken. Ich kann absolut nichts daran \u00e4ndern. Das ist entw\u00fcrdigend. Und hoffnungslos.<\/p>\n<p>\u2014 Gabi F. (@freyga5) <a href=\"https:\/\/twitter.com\/freyga5\/status\/1524722581806493696?ref_src=twsrc%5Etfw\">May 12, 2022<\/a><\/p><\/blockquote>\n<p><script async src=\"https:\/\/platform.twitter.com\/widgets.js\" charset=\"utf-8\"><\/script><\/p>\n<blockquote class=\"twitter-tweet\" data-conversation=\"none\">\n<p dir=\"ltr\" lang=\"de\">Nun ist es doch etwas l\u00e4nger geworden. Danke f\u00fcr&#8217;s Lesen. Und vielleicht \u00fcberdenken Menschen, die leichtgl\u00e4ubig falschen Narrativen folgen ihr Bild \u00fcber Armutsbetroffene.<\/p>\n<p>Wir sind Menschen und wir geh\u00f6ren zur Gesellschaft.<\/p>\n<p>\u2014 Gabi F. (@freyga5) <a href=\"https:\/\/twitter.com\/freyga5\/status\/1524722583698120704?ref_src=twsrc%5Etfw\">May 12, 2022<\/a><\/p><\/blockquote>\n<p><script async src=\"https:\/\/platform.twitter.com\/widgets.js\" charset=\"utf-8\"><\/script><\/p>\n<p>&nbsp;<\/p>\n<h3>Die Mitlesenden zeigen sich best\u00fcrzt.<\/h3>\n<blockquote class=\"twitter-tweet\">\n<p dir=\"ltr\" lang=\"de\">Was auff\u00e4llt unter <a href=\"https:\/\/twitter.com\/hashtag\/IchBinArmutsbetroffen?src=hash&amp;ref_src=twsrc%5Etfw\">#IchBinArmutsbetroffen<\/a>, die meisten armen Menschen haben eine Krankheitsgeschichte. In einem Land mit einem eigentlich so guten Gesundheitssystem, sollte Krankheit kein Armutsgrund sein. Ist es aber. Systemfehler.<\/p>\n<p>\u2014 Thorsten W\u00fcstenhaus \ud83c\uddfa\ud83c\udde6\ud83c\uddf9\ud83c\uddfc\ud83c\udded\ud83c\uddf0\ud83c\udff4\udb40\udc67\udb40\udc62\udb40\udc73\udb40\udc63\udb40\udc74\udb40\udc7f (@TWustenhaus) <a href=\"https:\/\/twitter.com\/TWustenhaus\/status\/1524801364991397888?ref_src=twsrc%5Etfw\">May 12, 2022<\/a><\/p><\/blockquote>\n<p><script async src=\"https:\/\/platform.twitter.com\/widgets.js\" charset=\"utf-8\"><\/script><\/p>\n<p>&nbsp;<\/p>\n<h3>Und w\u00fctend.<\/h3>\n<blockquote class=\"twitter-tweet\">\n<p dir=\"ltr\" lang=\"de\">Ich war meine ganze Kindheit, Jugend und junges Erwachsenenleben <a href=\"https:\/\/twitter.com\/hashtag\/IchBinArmutsbetroffen?src=hash&amp;ref_src=twsrc%5Etfw\">#IchBinArmutsbetroffen<\/a> &#8211; es ist pures Gl\u00fcck, dass ich es nicht mehr bin. Und deshalb bilde ich mir auch nicht ein wie manche Schn\u00f6sel ich w\u00e4re irgendwie &#8222;flei\u00dfiger&#8220; als andere. Trottel.<\/p>\n<p>\u2014 Joanalistin (@Joanalistin) <a href=\"https:\/\/twitter.com\/Joanalistin\/status\/1524824272258097154?ref_src=twsrc%5Etfw\">May 12, 2022<\/a><\/p><\/blockquote>\n<p><script async src=\"https:\/\/platform.twitter.com\/widgets.js\" charset=\"utf-8\"><\/script><\/p>\n<p>&nbsp;<\/p>\n<h3>Sprechen aber auch Mut zu.<\/h3>\n<blockquote class=\"twitter-tweet\">\n<p dir=\"ltr\" lang=\"de\">Bei den Menschen, die unter <a href=\"https:\/\/twitter.com\/hashtag\/IchBinArmutsbetroffen?src=hash&amp;ref_src=twsrc%5Etfw\">#IchBinArmutsbetroffen<\/a> ihre Geschichte erz\u00e4hlen, f\u00e4llt auf, wie sehr sie es verinnerlicht haben, sich rechtfertigen zu m\u00fcssen.<br \/>\nEin: &#8222;dabei habe ich eine Ausbildung, bin nicht faul&#8220;, sollte nicht n\u00f6tig sein.<\/p>\n<p>Armut kann alle treffen. Ist keine Schande.<\/p>\n<p>\u2014 Kea (@Mister_Brokkoli) <a href=\"https:\/\/twitter.com\/Mister_Brokkoli\/status\/1524729191131930625?ref_src=twsrc%5Etfw\">May 12, 2022<\/a><\/p><\/blockquote>\n<p><script async src=\"https:\/\/platform.twitter.com\/widgets.js\" charset=\"utf-8\"><\/script><\/p>\n<p>&nbsp;<\/p>\n<h3>Eine wichtige Aktion!<\/h3>\n<blockquote class=\"twitter-tweet\">\n<p dir=\"ltr\" lang=\"de\">2017 hab ich begonnen \u00fcber meine Armut zu twittern. Zuerst anonym. Aus Scham. Heute trendet dank wundervoller, starker, k\u00e4mpfender Menschen, die sich diese Besch\u00e4mung nicht mehr gefallen lassen, <a href=\"https:\/\/twitter.com\/hashtag\/IchBinArmutsbetroffen?src=hash&amp;ref_src=twsrc%5Etfw\">#IchBinArmutsbetroffen<\/a>. Und vielleicht weine ich grad.<\/p>\n<p>\u2014 Frau Sonnenschein (@danibrodesser) <a href=\"https:\/\/twitter.com\/danibrodesser\/status\/1524804430511603712?ref_src=twsrc%5Etfw\">May 12, 2022<\/a><\/p><\/blockquote>\n<p><script async src=\"https:\/\/platform.twitter.com\/widgets.js\" charset=\"utf-8\"><\/script><\/p>\n<p>&nbsp;<\/p>\n<p><strong>Hey! Wir suchen neue Kolleg:innen! Du liebst die Internetkultur und verstehst, dass TikToks mehr als nur kurze, nervige Videos sind? Hast du bereits eine gesunde Social-Media-Sucht entwickelt? Du lebst online, wei\u00dft, was im Moment passiert ist und was morgen angesagt sein wird?\u00a0<a href=\"https:\/\/www.thebestsocialjobs.com\/de\/\">Dann werde Teil unseres Teams!<\/a><\/strong><\/p>\n","protected":false},"excerpt":{"rendered":"<p>\u00dcber Geld spricht man nicht. Vor allem, wenn man davon kaum genug zum Leben hat. Denn das Thema Armut ist von gro\u00dfer Scham besetzt. Auf&#8230;<\/p>\n","protected":false},"author":73,"featured_media":161231,"comment_status":"open","ping_status":"open","sticky":false,"template":"","format":"standard","meta":{"_acf_changed":false,"footnotes":""},"categories":[1717,4728,35],"tags":[4782,4080,1281,412,5078],"class_list":["post-161201","post","type-post","status-publish","format-standard","has-post-thumbnail","hentry","category-community","category-diskussion","category-twitter","tag-armutsgrenze","tag-geld","tag-hartz-iv","tag-politik","tag-rente"],"acf":[],"yoast_head":"<!-- This site is optimized with the Yoast SEO plugin v27.5 - https:\/\/yoast.com\/product\/yoast-seo-wordpress\/ -->\n<title>&quot;Ich bin armutsbetroffen&quot; - Auf Twitter teilen Menschen ihre Geschichte<\/title>\n<meta name=\"robots\" content=\"index, follow, max-snippet:-1, max-image-preview:large, max-video-preview:-1\" \/>\n<link rel=\"canonical\" href=\"https:\/\/www.thebestsocial.media\/de\/ich-bin-armutsbetroffen\/\" \/>\n<meta property=\"og:locale\" content=\"de_DE\" \/>\n<meta property=\"og:type\" content=\"article\" \/>\n<meta property=\"og:title\" content=\"&quot;Ich bin armutsbetroffen&quot; - Auf Twitter teilen Menschen ihre Geschichte\" \/>\n<meta property=\"og:description\" content=\"\u00dcber Geld spricht man nicht. Vor allem, wenn man davon kaum genug zum Leben hat. Denn das Thema Armut ist von gro\u00dfer Scham besetzt. Auf...\" \/>\n<meta property=\"og:url\" content=\"https:\/\/www.thebestsocial.media\/de\/ich-bin-armutsbetroffen\/\" \/>\n<meta property=\"og:site_name\" content=\"The Best Social Media DE\" \/>\n<meta property=\"article:published_time\" content=\"2022-05-13T13:11:01+00:00\" \/>\n<meta property=\"og:image\" content=\"https:\/\/www.thebestsocial.media\/de\/wp-content\/uploads\/sites\/3\/2022\/05\/header-armut.png\" \/>\n\t<meta property=\"og:image:width\" content=\"1200\" \/>\n\t<meta property=\"og:image:height\" content=\"630\" \/>\n\t<meta property=\"og:image:type\" content=\"image\/png\" \/>\n<meta name=\"author\" content=\"Helene Mei\u00dfner\" \/>\n<meta name=\"twitter:card\" content=\"summary_large_image\" \/>\n<meta name=\"twitter:label1\" content=\"Verfasst von\" \/>\n\t<meta name=\"twitter:data1\" content=\"Helene Mei\u00dfner\" \/>\n\t<meta name=\"twitter:label2\" content=\"Gesch\u00e4tzte Lesezeit\" \/>\n\t<meta name=\"twitter:data2\" content=\"5\u00a0Minuten\" \/>\n<script type=\"application\/ld+json\" class=\"yoast-schema-graph\">{\"@context\":\"https:\\\/\\\/schema.org\",\"@graph\":[{\"@type\":\"Article\",\"@id\":\"https:\\\/\\\/www.thebestsocial.media\\\/de\\\/ich-bin-armutsbetroffen\\\/#article\",\"isPartOf\":{\"@id\":\"https:\\\/\\\/www.thebestsocial.media\\\/de\\\/ich-bin-armutsbetroffen\\\/\"},\"author\":{\"name\":\"Helene Mei\u00dfner\",\"@id\":\"https:\\\/\\\/www.thebestsocial.media\\\/de\\\/#\\\/schema\\\/person\\\/6267acc046505b90b912687a039220df\"},\"headline\":\"&#8222;Ich bin armutsbetroffen&#8220; &#8211; Auf Twitter teilen Menschen ihre Geschichte\",\"datePublished\":\"2022-05-13T13:11:01+00:00\",\"mainEntityOfPage\":{\"@id\":\"https:\\\/\\\/www.thebestsocial.media\\\/de\\\/ich-bin-armutsbetroffen\\\/\"},\"wordCount\":924,\"commentCount\":0,\"image\":{\"@id\":\"https:\\\/\\\/www.thebestsocial.media\\\/de\\\/ich-bin-armutsbetroffen\\\/#primaryimage\"},\"thumbnailUrl\":\"https:\\\/\\\/www.thebestsocial.media\\\/de\\\/wp-content\\\/uploads\\\/sites\\\/3\\\/2022\\\/05\\\/poverty-ge7e8b50f7_1920.jpg\",\"keywords\":[\"Armutsgrenze\",\"Geld\",\"Hartz IV\",\"politik\",\"rente\"],\"articleSection\":[\"Community\",\"Diskussion\",\"Twitter\"],\"inLanguage\":\"de\",\"potentialAction\":[{\"@type\":\"CommentAction\",\"name\":\"Comment\",\"target\":[\"https:\\\/\\\/www.thebestsocial.media\\\/de\\\/ich-bin-armutsbetroffen\\\/#respond\"]}]},{\"@type\":\"WebPage\",\"@id\":\"https:\\\/\\\/www.thebestsocial.media\\\/de\\\/ich-bin-armutsbetroffen\\\/\",\"url\":\"https:\\\/\\\/www.thebestsocial.media\\\/de\\\/ich-bin-armutsbetroffen\\\/\",\"name\":\"\\\"Ich bin armutsbetroffen\\\" - Auf Twitter teilen Menschen ihre Geschichte\",\"isPartOf\":{\"@id\":\"https:\\\/\\\/www.thebestsocial.media\\\/de\\\/#website\"},\"primaryImageOfPage\":{\"@id\":\"https:\\\/\\\/www.thebestsocial.media\\\/de\\\/ich-bin-armutsbetroffen\\\/#primaryimage\"},\"image\":{\"@id\":\"https:\\\/\\\/www.thebestsocial.media\\\/de\\\/ich-bin-armutsbetroffen\\\/#primaryimage\"},\"thumbnailUrl\":\"https:\\\/\\\/www.thebestsocial.media\\\/de\\\/wp-content\\\/uploads\\\/sites\\\/3\\\/2022\\\/05\\\/poverty-ge7e8b50f7_1920.jpg\",\"datePublished\":\"2022-05-13T13:11:01+00:00\",\"author\":{\"@id\":\"https:\\\/\\\/www.thebestsocial.media\\\/de\\\/#\\\/schema\\\/person\\\/6267acc046505b90b912687a039220df\"},\"breadcrumb\":{\"@id\":\"https:\\\/\\\/www.thebestsocial.media\\\/de\\\/ich-bin-armutsbetroffen\\\/#breadcrumb\"},\"inLanguage\":\"de\",\"potentialAction\":[{\"@type\":\"ReadAction\",\"target\":[\"https:\\\/\\\/www.thebestsocial.media\\\/de\\\/ich-bin-armutsbetroffen\\\/\"]}]},{\"@type\":\"ImageObject\",\"inLanguage\":\"de\",\"@id\":\"https:\\\/\\\/www.thebestsocial.media\\\/de\\\/ich-bin-armutsbetroffen\\\/#primaryimage\",\"url\":\"https:\\\/\\\/www.thebestsocial.media\\\/de\\\/wp-content\\\/uploads\\\/sites\\\/3\\\/2022\\\/05\\\/poverty-ge7e8b50f7_1920.jpg\",\"contentUrl\":\"https:\\\/\\\/www.thebestsocial.media\\\/de\\\/wp-content\\\/uploads\\\/sites\\\/3\\\/2022\\\/05\\\/poverty-ge7e8b50f7_1920.jpg\",\"width\":1920,\"height\":1280},{\"@type\":\"BreadcrumbList\",\"@id\":\"https:\\\/\\\/www.thebestsocial.media\\\/de\\\/ich-bin-armutsbetroffen\\\/#breadcrumb\",\"itemListElement\":[{\"@type\":\"ListItem\",\"position\":1,\"name\":\"Home\",\"item\":\"https:\\\/\\\/www.thebestsocial.media\\\/de\\\/\"},{\"@type\":\"ListItem\",\"position\":2,\"name\":\"&#8222;Ich bin armutsbetroffen&#8220; &#8211; Auf Twitter teilen Menschen ihre Geschichte\"}]},{\"@type\":\"WebSite\",\"@id\":\"https:\\\/\\\/www.thebestsocial.media\\\/de\\\/#website\",\"url\":\"https:\\\/\\\/www.thebestsocial.media\\\/de\\\/\",\"name\":\"The Best Social Media DE\",\"description\":\"\",\"potentialAction\":[{\"@type\":\"SearchAction\",\"target\":{\"@type\":\"EntryPoint\",\"urlTemplate\":\"https:\\\/\\\/www.thebestsocial.media\\\/de\\\/?s={search_term_string}\"},\"query-input\":{\"@type\":\"PropertyValueSpecification\",\"valueRequired\":true,\"valueName\":\"search_term_string\"}}],\"inLanguage\":\"de\"},{\"@type\":\"Person\",\"@id\":\"https:\\\/\\\/www.thebestsocial.media\\\/de\\\/#\\\/schema\\\/person\\\/6267acc046505b90b912687a039220df\",\"name\":\"Helene Mei\u00dfner\",\"image\":{\"@type\":\"ImageObject\",\"inLanguage\":\"de\",\"@id\":\"https:\\\/\\\/secure.gravatar.com\\\/avatar\\\/6639fc0397860ac2c2e11b018c1f14be4a46c2378a91ac1b35730b724675daa8?s=96&d=mm&r=g\",\"url\":\"https:\\\/\\\/secure.gravatar.com\\\/avatar\\\/6639fc0397860ac2c2e11b018c1f14be4a46c2378a91ac1b35730b724675daa8?s=96&d=mm&r=g\",\"contentUrl\":\"https:\\\/\\\/secure.gravatar.com\\\/avatar\\\/6639fc0397860ac2c2e11b018c1f14be4a46c2378a91ac1b35730b724675daa8?s=96&d=mm&r=g\",\"caption\":\"Helene Mei\u00dfner\"},\"description\":\"Kommt aus Berlin und hat dementsprechend nat\u00fcrlich irgendwas mit Medien studiert. Verlegt oft Dinge, w\u00e4hrend sie sie in der Hand h\u00e4lt. Findet Kauger\u00e4usche unausstehlich. Hat eine Schw\u00e4che f\u00fcr Glitzer und immer mindestens 50 Tabs offen.\",\"sameAs\":[\"https:\\\/\\\/www.instagram.com\\\/he.leni\\\/\"],\"url\":\"https:\\\/\\\/www.thebestsocial.media\\\/de\\\/author\\\/helenemeissner\\\/\"}]}<\/script>\n<!-- \/ Yoast SEO plugin. -->","yoast_head_json":{"title":"\"Ich bin armutsbetroffen\" - Auf Twitter teilen Menschen ihre Geschichte","robots":{"index":"index","follow":"follow","max-snippet":"max-snippet:-1","max-image-preview":"max-image-preview:large","max-video-preview":"max-video-preview:-1"},"canonical":"https:\/\/www.thebestsocial.media\/de\/ich-bin-armutsbetroffen\/","og_locale":"de_DE","og_type":"article","og_title":"\"Ich bin armutsbetroffen\" - Auf Twitter teilen Menschen ihre Geschichte","og_description":"\u00dcber Geld spricht man nicht. Vor allem, wenn man davon kaum genug zum Leben hat. Denn das Thema Armut ist von gro\u00dfer Scham besetzt. Auf...","og_url":"https:\/\/www.thebestsocial.media\/de\/ich-bin-armutsbetroffen\/","og_site_name":"The Best Social Media DE","article_published_time":"2022-05-13T13:11:01+00:00","og_image":[{"width":1200,"height":630,"url":"https:\/\/www.thebestsocial.media\/de\/wp-content\/uploads\/sites\/3\/2022\/05\/header-armut.png","type":"image\/png"}],"author":"Helene Mei\u00dfner","twitter_card":"summary_large_image","twitter_misc":{"Verfasst von":"Helene Mei\u00dfner","Gesch\u00e4tzte Lesezeit":"5\u00a0Minuten"},"schema":{"@context":"https:\/\/schema.org","@graph":[{"@type":"Article","@id":"https:\/\/www.thebestsocial.media\/de\/ich-bin-armutsbetroffen\/#article","isPartOf":{"@id":"https:\/\/www.thebestsocial.media\/de\/ich-bin-armutsbetroffen\/"},"author":{"name":"Helene Mei\u00dfner","@id":"https:\/\/www.thebestsocial.media\/de\/#\/schema\/person\/6267acc046505b90b912687a039220df"},"headline":"&#8222;Ich bin armutsbetroffen&#8220; &#8211; Auf Twitter teilen Menschen ihre Geschichte","datePublished":"2022-05-13T13:11:01+00:00","mainEntityOfPage":{"@id":"https:\/\/www.thebestsocial.media\/de\/ich-bin-armutsbetroffen\/"},"wordCount":924,"commentCount":0,"image":{"@id":"https:\/\/www.thebestsocial.media\/de\/ich-bin-armutsbetroffen\/#primaryimage"},"thumbnailUrl":"https:\/\/www.thebestsocial.media\/de\/wp-content\/uploads\/sites\/3\/2022\/05\/poverty-ge7e8b50f7_1920.jpg","keywords":["Armutsgrenze","Geld","Hartz IV","politik","rente"],"articleSection":["Community","Diskussion","Twitter"],"inLanguage":"de","potentialAction":[{"@type":"CommentAction","name":"Comment","target":["https:\/\/www.thebestsocial.media\/de\/ich-bin-armutsbetroffen\/#respond"]}]},{"@type":"WebPage","@id":"https:\/\/www.thebestsocial.media\/de\/ich-bin-armutsbetroffen\/","url":"https:\/\/www.thebestsocial.media\/de\/ich-bin-armutsbetroffen\/","name":"\"Ich bin armutsbetroffen\" - Auf Twitter teilen Menschen ihre Geschichte","isPartOf":{"@id":"https:\/\/www.thebestsocial.media\/de\/#website"},"primaryImageOfPage":{"@id":"https:\/\/www.thebestsocial.media\/de\/ich-bin-armutsbetroffen\/#primaryimage"},"image":{"@id":"https:\/\/www.thebestsocial.media\/de\/ich-bin-armutsbetroffen\/#primaryimage"},"thumbnailUrl":"https:\/\/www.thebestsocial.media\/de\/wp-content\/uploads\/sites\/3\/2022\/05\/poverty-ge7e8b50f7_1920.jpg","datePublished":"2022-05-13T13:11:01+00:00","author":{"@id":"https:\/\/www.thebestsocial.media\/de\/#\/schema\/person\/6267acc046505b90b912687a039220df"},"breadcrumb":{"@id":"https:\/\/www.thebestsocial.media\/de\/ich-bin-armutsbetroffen\/#breadcrumb"},"inLanguage":"de","potentialAction":[{"@type":"ReadAction","target":["https:\/\/www.thebestsocial.media\/de\/ich-bin-armutsbetroffen\/"]}]},{"@type":"ImageObject","inLanguage":"de","@id":"https:\/\/www.thebestsocial.media\/de\/ich-bin-armutsbetroffen\/#primaryimage","url":"https:\/\/www.thebestsocial.media\/de\/wp-content\/uploads\/sites\/3\/2022\/05\/poverty-ge7e8b50f7_1920.jpg","contentUrl":"https:\/\/www.thebestsocial.media\/de\/wp-content\/uploads\/sites\/3\/2022\/05\/poverty-ge7e8b50f7_1920.jpg","width":1920,"height":1280},{"@type":"BreadcrumbList","@id":"https:\/\/www.thebestsocial.media\/de\/ich-bin-armutsbetroffen\/#breadcrumb","itemListElement":[{"@type":"ListItem","position":1,"name":"Home","item":"https:\/\/www.thebestsocial.media\/de\/"},{"@type":"ListItem","position":2,"name":"&#8222;Ich bin armutsbetroffen&#8220; &#8211; Auf Twitter teilen Menschen ihre Geschichte"}]},{"@type":"WebSite","@id":"https:\/\/www.thebestsocial.media\/de\/#website","url":"https:\/\/www.thebestsocial.media\/de\/","name":"The Best Social Media DE","description":"","potentialAction":[{"@type":"SearchAction","target":{"@type":"EntryPoint","urlTemplate":"https:\/\/www.thebestsocial.media\/de\/?s={search_term_string}"},"query-input":{"@type":"PropertyValueSpecification","valueRequired":true,"valueName":"search_term_string"}}],"inLanguage":"de"},{"@type":"Person","@id":"https:\/\/www.thebestsocial.media\/de\/#\/schema\/person\/6267acc046505b90b912687a039220df","name":"Helene Mei\u00dfner","image":{"@type":"ImageObject","inLanguage":"de","@id":"https:\/\/secure.gravatar.com\/avatar\/6639fc0397860ac2c2e11b018c1f14be4a46c2378a91ac1b35730b724675daa8?s=96&d=mm&r=g","url":"https:\/\/secure.gravatar.com\/avatar\/6639fc0397860ac2c2e11b018c1f14be4a46c2378a91ac1b35730b724675daa8?s=96&d=mm&r=g","contentUrl":"https:\/\/secure.gravatar.com\/avatar\/6639fc0397860ac2c2e11b018c1f14be4a46c2378a91ac1b35730b724675daa8?s=96&d=mm&r=g","caption":"Helene Mei\u00dfner"},"description":"Kommt aus Berlin und hat dementsprechend nat\u00fcrlich irgendwas mit Medien studiert. Verlegt oft Dinge, w\u00e4hrend sie sie in der Hand h\u00e4lt. Findet Kauger\u00e4usche unausstehlich. Hat eine Schw\u00e4che f\u00fcr Glitzer und immer mindestens 50 Tabs offen.","sameAs":["https:\/\/www.instagram.com\/he.leni\/"],"url":"https:\/\/www.thebestsocial.media\/de\/author\/helenemeissner\/"}]}},"amp_enabled":true,"_links":{"self":[{"href":"https:\/\/www.thebestsocial.media\/de\/wp-json\/wp\/v2\/posts\/161201","targetHints":{"allow":["GET"]}}],"collection":[{"href":"https:\/\/www.thebestsocial.media\/de\/wp-json\/wp\/v2\/posts"}],"about":[{"href":"https:\/\/www.thebestsocial.media\/de\/wp-json\/wp\/v2\/types\/post"}],"author":[{"embeddable":true,"href":"https:\/\/www.thebestsocial.media\/de\/wp-json\/wp\/v2\/users\/73"}],"replies":[{"embeddable":true,"href":"https:\/\/www.thebestsocial.media\/de\/wp-json\/wp\/v2\/comments?post=161201"}],"version-history":[{"count":25,"href":"https:\/\/www.thebestsocial.media\/de\/wp-json\/wp\/v2\/posts\/161201\/revisions"}],"predecessor-version":[{"id":161242,"href":"https:\/\/www.thebestsocial.media\/de\/wp-json\/wp\/v2\/posts\/161201\/revisions\/161242"}],"wp:featuredmedia":[{"embeddable":true,"href":"https:\/\/www.thebestsocial.media\/de\/wp-json\/wp\/v2\/media\/161231"}],"wp:attachment":[{"href":"https:\/\/www.thebestsocial.media\/de\/wp-json\/wp\/v2\/media?parent=161201"}],"wp:term":[{"taxonomy":"category","embeddable":true,"href":"https:\/\/www.thebestsocial.media\/de\/wp-json\/wp\/v2\/categories?post=161201"},{"taxonomy":"post_tag","embeddable":true,"href":"https:\/\/www.thebestsocial.media\/de\/wp-json\/wp\/v2\/tags?post=161201"}],"curies":[{"name":"wp","href":"https:\/\/api.w.org\/{rel}","templated":true}]}}