{"id":160164,"date":"2022-04-21T11:33:09","date_gmt":"2022-04-21T11:33:09","guid":{"rendered":"https:\/\/www.thebestsocial.media\/de\/?p=160164"},"modified":"2022-04-21T11:37:40","modified_gmt":"2022-04-21T11:37:40","slug":"heuschnupfen","status":"publish","type":"post","link":"https:\/\/www.thebestsocial.media\/de\/heuschnupfen\/","title":{"rendered":"Die Nase l\u00e4uft, die Augen tr\u00e4nen &#8211; 13 Tweets \u00fcber den l\u00e4stigen Heuschnupfen"},"content":{"rendered":"<p>Einige haben bereits seit Wochen damit zu tun, f\u00fcr viele geht es jetzt so langsam los &#8211; der Heuschnupfen ist back! Im eisigen Winter, wenn man sich nur einen angenehm warmen Sommerabend zur\u00fcckw\u00fcnscht, kann man ihn gerne mal verdr\u00e4ngen. Aber mit den ersten Sonnenstrahlen holt einen die Realit\u00e4t wieder ein. F\u00fcr alle Leidensgenossen gibt es hier ein paar mitf\u00fchlende Tweets, f\u00fcr alle anderen eine Erinnerung, wie gl\u00fccklich sie sich sch\u00e4tzen k\u00f6nnen, den nahenden Sommer ohne laufende Nase und tr\u00e4nende Augen genie\u00dfen zu k\u00f6nnen.<\/p>\n<p>&nbsp;<\/p>\n<h3>Jaja, endlich Fr\u00fchling!<\/h3>\n<blockquote class=\"twitter-tweet\">\n<p dir=\"ltr\" lang=\"de\">Drinnen beleuchtet der Sonnenschein unbarmherzig alle Stellen, die mal wieder geputzt werden sollten.<br \/>\nDrau\u00dfen hab ich Heuschnupfen.<\/p>\n<p>Das blaue Band, das Fr\u00fchling durch die L\u00fcfte schweben l\u00e4sst, ist in Wahrheit entweder ein Putzlappen oder ein Taschentuch.<\/p>\n<p>\u2014 Outatimer \ud83d\udd70 (@mstr0815) <a href=\"https:\/\/twitter.com\/mstr0815\/status\/1371056204475158529?ref_src=twsrc%5Etfw\">March 14, 2021<\/a><\/p><\/blockquote>\n<p><script async src=\"https:\/\/platform.twitter.com\/widgets.js\" charset=\"utf-8\"><\/script><\/p>\n<p>&nbsp;<\/p>\n<h3>Oder wie Menschen mit Allergie es nennen:<\/h3>\n<blockquote class=\"twitter-tweet\">\n<p dir=\"ltr\" lang=\"de\">Da ist sie wieder, diese Jahreszeit: Ist es Corona oder Heuschnupfen?<\/p>\n<p>\u2014 Frau Sommersprosse (@4Sprosse) <a href=\"https:\/\/twitter.com\/4Sprosse\/status\/1506659037852667906?ref_src=twsrc%5Etfw\">March 23, 2022<\/a><\/p><\/blockquote>\n<p><script async src=\"https:\/\/platform.twitter.com\/widgets.js\" charset=\"utf-8\"><\/script><\/p>\n<p>&nbsp;<\/p>\n<h3>Corona bringt da nochmal &#8217;ne ganz neue Spannung rein.<\/h3>\n<blockquote class=\"twitter-tweet\">\n<p dir=\"ltr\" lang=\"de\">Ich spiele das zweite Jahr in Folge das morgendliche Ratequiz &#8222;Pollen oder Pandemie?&#8220;.<\/p>\n<p>\u2014 Ralph Ruthe (@ralphruthe) <a href=\"https:\/\/twitter.com\/ralphruthe\/status\/1493156667839717376?ref_src=twsrc%5Etfw\">February 14, 2022<\/a><\/p><\/blockquote>\n<p><script async src=\"https:\/\/platform.twitter.com\/widgets.js\" charset=\"utf-8\"><\/script><\/p>\n<p>&nbsp;<\/p>\n<h3>Ach das w\u00e4re aber nicht n\u00f6tig gewesen.<\/h3>\n<blockquote class=\"twitter-tweet\">\n<p dir=\"ltr\" lang=\"de\">Fr\u00fchling: \u201eIch hab ein Geschenk f\u00fcr Dich \ud83e\udd70\ud83e\udd70\ud83c\udfb6.\u201c<\/p>\n<p>Ich: \u201eOh, alle Pollen der letzten Monate auf einmal, ja Dankesch\u00f6n!\u201c<\/p>\n<p>\u2014 Dada (@Dada_le_Grand) <a href=\"https:\/\/twitter.com\/Dada_le_Grand\/status\/1386218010474696704?ref_src=twsrc%5Etfw\">April 25, 2021<\/a><\/p><\/blockquote>\n<p><script async src=\"https:\/\/platform.twitter.com\/widgets.js\" charset=\"utf-8\"><\/script><\/p>\n<p>&nbsp;<\/p>\n<p>\ud83e\udd72<\/p>\n<blockquote class=\"twitter-tweet\">\n<p dir=\"ltr\" lang=\"de\">pollen&#8230; what pollen?? <a href=\"https:\/\/t.co\/bPRk0z8k2Z\">pic.twitter.com\/bPRk0z8k2Z<\/a><\/p>\n<p>\u2014 Chaos (@Chaosxsilencer) <a href=\"https:\/\/twitter.com\/Chaosxsilencer\/status\/1382788568104460289?ref_src=twsrc%5Etfw\">April 15, 2021<\/a><\/p><\/blockquote>\n<p><script async src=\"https:\/\/platform.twitter.com\/widgets.js\" charset=\"utf-8\"><\/script><\/p>\n<p>&nbsp;<\/p>\n<h3>Ein bisschen von beidem.<\/h3>\n<blockquote class=\"twitter-tweet\">\n<p dir=\"ltr\" lang=\"de\">sag mal weinst du etwa oder sind es die pollen<\/p>\n<p>\u2014 Lena blauer Haken (@leanindersprite) <a href=\"https:\/\/twitter.com\/leanindersprite\/status\/1386311306471432195?ref_src=twsrc%5Etfw\">April 25, 2021<\/a><\/p><\/blockquote>\n<p><script async src=\"https:\/\/platform.twitter.com\/widgets.js\" charset=\"utf-8\"><\/script><\/p>\n<p>&nbsp;<\/p>\n<h3>&#8230;oder doch was anderes?<\/h3>\n<blockquote class=\"twitter-tweet\">\n<p dir=\"ltr\" lang=\"de\">Ich: [hat rote Augen wegen Allergie]<\/p>\n<p>Meine Mutter: <a href=\"https:\/\/t.co\/rHEepQl0os\">pic.twitter.com\/rHEepQl0os<\/a><\/p>\n<p>\u2014 ZDF heute-show (@heuteshow) <a href=\"https:\/\/twitter.com\/heuteshow\/status\/1511950956677771266?ref_src=twsrc%5Etfw\">April 7, 2022<\/a><\/p><\/blockquote>\n<p><script async src=\"https:\/\/platform.twitter.com\/widgets.js\" charset=\"utf-8\"><\/script><\/p>\n<p>&nbsp;<\/p>\n<h3>Marktl\u00fccke!<\/h3>\n<blockquote class=\"twitter-tweet\">\n<p dir=\"ltr\" lang=\"de\">Ich m\u00f6chte eine App, die mich 2x t\u00e4glich fragt, ob ich Luft bekomme und mir dann nach 8 Wochen sagt, auf welche Pollen ich allergisch bin!<\/p>\n<p>Ja, ICH WEISS, Protokoll f\u00fchren und Pollenflugkalender vergleichen, ich will einen verdammten Algorithmus, der das f\u00fcr mich macht! \ud83d\ude44<\/p>\n<p>\u2014 PropofolPrinzessin (@Propofolium) <a href=\"https:\/\/twitter.com\/Propofolium\/status\/1509051370325827584?ref_src=twsrc%5Etfw\">March 30, 2022<\/a><\/p><\/blockquote>\n<p><script async src=\"https:\/\/platform.twitter.com\/widgets.js\" charset=\"utf-8\"><\/script><\/p>\n<p>&nbsp;<\/p>\n<h3>Immerhin wird man in der Apotheke gut beraten.<\/h3>\n<blockquote class=\"twitter-tweet\">\n<p dir=\"ltr\" lang=\"de\">Anruf. Junge Frau. <a href=\"https:\/\/twitter.com\/hashtag\/Kundin?src=hash&amp;ref_src=twsrc%5Etfw\">#Kundin<\/a>: Guten Tag, haben Sie Loredana gegen Heuschnupfen?<a href=\"https:\/\/twitter.com\/hashtag\/DerApotheker?src=hash&amp;ref_src=twsrc%5Etfw\">#DerApotheker<\/a>: Nein, Loredana ist eine schweizer Rapperin, aber ich h\u00e4tte Lorano da.<a href=\"https:\/\/twitter.com\/hashtag\/Kundin?src=hash&amp;ref_src=twsrc%5Etfw\">#Kundin<\/a>: Ja, das meinte ich auch! \ud83d\ude02<\/p>\n<p>\u2014 #DerApotheker \ud83e\udd77 (@ApothekerDer) <a href=\"https:\/\/twitter.com\/ApothekerDer\/status\/1515971872801841156?ref_src=twsrc%5Etfw\">April 18, 2022<\/a><\/p><\/blockquote>\n<p><script async src=\"https:\/\/platform.twitter.com\/widgets.js\" charset=\"utf-8\"><\/script><\/p>\n<p>&nbsp;<\/p>\n<h3>Zumindest meistens.<\/h3>\n<blockquote class=\"twitter-tweet\">\n<p dir=\"ltr\" lang=\"de\">In der Apotheke habe ich zu meinen Pollen-Medikamenten diesmal keine gratis Taschent\u00fccher bekommen, sondern eine Gr\u00e4ser-Samenmischung.<\/p>\n<p>Kundenbindung mal anders.<\/p>\n<p>\u2014 Lisa (@tubaauditiva) <a href=\"https:\/\/twitter.com\/tubaauditiva\/status\/1401433044884525060?ref_src=twsrc%5Etfw\">June 6, 2021<\/a><\/p><\/blockquote>\n<p><script async src=\"https:\/\/platform.twitter.com\/widgets.js\" charset=\"utf-8\"><\/script><\/p>\n<p>&nbsp;<\/p>\n<h3>Wie w\u00e4r&#8216; es mal mit Sommerschlaf?<\/h3>\n<blockquote class=\"twitter-tweet\">\n<p dir=\"ltr\" lang=\"de\">S\u00fc\u00df die Apothekerin:<br \/>\n\u201eDie k\u00f6nnen aber etwas m\u00fcde machen.\u201c<br \/>\nOb ich von den Tabletten oder vom Heuschnupfen m\u00fcde bin, ist mir bereits vollkommen egal.<br \/>\n\ud83d\ude2a\ud83e\udd27\ud83d\ude2e\u200d\ud83d\udca8\ud83e\udd71\ud83d\ude34<\/p>\n<p>\u2014 Miss T. (@Miss_Teached) <a href=\"https:\/\/twitter.com\/Miss_Teached\/status\/1403243961779695616?ref_src=twsrc%5Etfw\">June 11, 2021<\/a><\/p><\/blockquote>\n<p><script async src=\"https:\/\/platform.twitter.com\/widgets.js\" charset=\"utf-8\"><\/script><\/p>\n<p>&nbsp;<\/p>\n<h3>\u00dcbertreibung? Sch\u00f6n w\u00e4r&#8217;s!<\/h3>\n<blockquote class=\"twitter-tweet\">\n<p dir=\"ltr\" lang=\"de\">\u201eWie hei\u00dft das nochmal, was Papi hat? Hysterie, oder?\u201c<\/p>\n<p>Das auch, aber vor allem hat er eine Histamin-Allergie.<\/p>\n<p>\u2014 Tak (@Tik_Shower) <a href=\"https:\/\/twitter.com\/Tik_Shower\/status\/1445052524977864706?ref_src=twsrc%5Etfw\">October 4, 2021<\/a><\/p><\/blockquote>\n<p><script async src=\"https:\/\/platform.twitter.com\/widgets.js\" charset=\"utf-8\"><\/script><\/p>\n<p>&nbsp;<\/p>\n<h3>Komplett erledigt.<\/h3>\n<blockquote class=\"twitter-tweet\">\n<p dir=\"ltr\" lang=\"de\">190 gro\u00df. 92kg schwer. Pollen zwischen 16 bis 31 Mikrometer gro\u00df und mein Endgegner.<\/p>\n<p>\u2014 NPC (@NoNameCharakter) <a href=\"https:\/\/twitter.com\/NoNameCharakter\/status\/1423703550069284871?ref_src=twsrc%5Etfw\">August 6, 2021<\/a><\/p><\/blockquote>\n<p><script async src=\"https:\/\/platform.twitter.com\/widgets.js\" charset=\"utf-8\"><\/script><\/p>\n<p>&nbsp;<\/p>\n<p><strong>Hey! Wir suchen eine*n Redakteur*in f\u00fcr The Best Social Media. Bist du textstark, liebst die Internetkultur und verstehst, dass TikToks mehr als nur kurze, nervige Videos sind? Hast du bereits eine gesunde Social-Media-Sucht entwickelt? Du lebst online, wei\u00dft, was im Moment passiert ist und was morgen angesagt sein wird? <a href=\"https:\/\/www.thebestsocialjobs.com\/de\/\">Dann werde Teil unseres Teams!<\/a><br \/>\n<\/strong><\/p>\n","protected":false},"excerpt":{"rendered":"<p>Einige haben bereits seit Wochen damit zu tun, f\u00fcr viele geht es jetzt so langsam los &#8211; der Heuschnupfen ist back! Im eisigen Winter, wenn&#8230;<\/p>\n","protected":false},"author":73,"featured_media":160228,"comment_status":"open","ping_status":"open","sticky":false,"template":"","format":"standard","meta":{"_acf_changed":false,"footnotes":""},"categories":[35],"tags":[4108,4905,2712],"class_list":["post-160164","post","type-post","status-publish","format-standard","has-post-thumbnail","hentry","category-twitter","tag-allergie","tag-fruehling","tag-heuschnupfen"],"acf":[],"yoast_head":"<!-- This site is optimized with the Yoast SEO plugin v27.5 - https:\/\/yoast.com\/product\/yoast-seo-wordpress\/ -->\n<title>Die Nase l\u00e4uft, die Augen tr\u00e4nen - 13 Tweets \u00fcber den Heuschnupfen<\/title>\n<meta name=\"robots\" content=\"index, follow, max-snippet:-1, max-image-preview:large, max-video-preview:-1\" \/>\n<link rel=\"canonical\" href=\"https:\/\/www.thebestsocial.media\/de\/heuschnupfen\/\" \/>\n<meta property=\"og:locale\" content=\"de_DE\" \/>\n<meta property=\"og:type\" content=\"article\" \/>\n<meta property=\"og:title\" content=\"Die Nase l\u00e4uft, die Augen tr\u00e4nen - 13 Tweets \u00fcber den l\u00e4stigen Heuschnupfen\" \/>\n<meta property=\"og:description\" content=\"Einige haben bereits seit Wochen damit zu tun, f\u00fcr viele geht es jetzt so langsam los &#8211; der Heuschnupfen ist back! Im eisigen Winter, wenn...\" \/>\n<meta property=\"og:url\" content=\"https:\/\/www.thebestsocial.media\/de\/heuschnupfen\/\" \/>\n<meta property=\"og:site_name\" content=\"The Best Social Media DE\" \/>\n<meta property=\"article:published_time\" content=\"2022-04-21T11:33:09+00:00\" \/>\n<meta property=\"article:modified_time\" content=\"2022-04-21T11:37:40+00:00\" \/>\n<meta property=\"og:image\" content=\"https:\/\/www.thebestsocial.media\/de\/wp-content\/uploads\/sites\/3\/2022\/04\/header-pollen.png\" \/>\n\t<meta property=\"og:image:width\" content=\"1200\" \/>\n\t<meta property=\"og:image:height\" content=\"630\" \/>\n\t<meta property=\"og:image:type\" content=\"image\/png\" \/>\n<meta name=\"author\" content=\"Helene Mei\u00dfner\" \/>\n<meta name=\"twitter:card\" content=\"summary_large_image\" \/>\n<meta name=\"twitter:label1\" content=\"Verfasst von\" \/>\n\t<meta name=\"twitter:data1\" content=\"Helene Mei\u00dfner\" \/>\n\t<meta name=\"twitter:label2\" content=\"Gesch\u00e4tzte Lesezeit\" \/>\n\t<meta name=\"twitter:data2\" content=\"3\u00a0Minuten\" \/>\n<script type=\"application\/ld+json\" class=\"yoast-schema-graph\">{\"@context\":\"https:\\\/\\\/schema.org\",\"@graph\":[{\"@type\":\"Article\",\"@id\":\"https:\\\/\\\/www.thebestsocial.media\\\/de\\\/heuschnupfen\\\/#article\",\"isPartOf\":{\"@id\":\"https:\\\/\\\/www.thebestsocial.media\\\/de\\\/heuschnupfen\\\/\"},\"author\":{\"name\":\"Helene Mei\u00dfner\",\"@id\":\"https:\\\/\\\/www.thebestsocial.media\\\/de\\\/#\\\/schema\\\/person\\\/6267acc046505b90b912687a039220df\"},\"headline\":\"Die Nase l\u00e4uft, die Augen tr\u00e4nen &#8211; 13 Tweets \u00fcber den l\u00e4stigen Heuschnupfen\",\"datePublished\":\"2022-04-21T11:33:09+00:00\",\"dateModified\":\"2022-04-21T11:37:40+00:00\",\"mainEntityOfPage\":{\"@id\":\"https:\\\/\\\/www.thebestsocial.media\\\/de\\\/heuschnupfen\\\/\"},\"wordCount\":569,\"commentCount\":0,\"image\":{\"@id\":\"https:\\\/\\\/www.thebestsocial.media\\\/de\\\/heuschnupfen\\\/#primaryimage\"},\"thumbnailUrl\":\"https:\\\/\\\/www.thebestsocial.media\\\/de\\\/wp-content\\\/uploads\\\/sites\\\/3\\\/2022\\\/04\\\/beitrag-pollen.png\",\"keywords\":[\"Allergie\",\"Fr\u00fchling\",\"Heuschnupfen\"],\"articleSection\":[\"Twitter\"],\"inLanguage\":\"de\",\"potentialAction\":[{\"@type\":\"CommentAction\",\"name\":\"Comment\",\"target\":[\"https:\\\/\\\/www.thebestsocial.media\\\/de\\\/heuschnupfen\\\/#respond\"]}]},{\"@type\":\"WebPage\",\"@id\":\"https:\\\/\\\/www.thebestsocial.media\\\/de\\\/heuschnupfen\\\/\",\"url\":\"https:\\\/\\\/www.thebestsocial.media\\\/de\\\/heuschnupfen\\\/\",\"name\":\"Die Nase l\u00e4uft, die Augen tr\u00e4nen - 13 Tweets \u00fcber den Heuschnupfen\",\"isPartOf\":{\"@id\":\"https:\\\/\\\/www.thebestsocial.media\\\/de\\\/#website\"},\"primaryImageOfPage\":{\"@id\":\"https:\\\/\\\/www.thebestsocial.media\\\/de\\\/heuschnupfen\\\/#primaryimage\"},\"image\":{\"@id\":\"https:\\\/\\\/www.thebestsocial.media\\\/de\\\/heuschnupfen\\\/#primaryimage\"},\"thumbnailUrl\":\"https:\\\/\\\/www.thebestsocial.media\\\/de\\\/wp-content\\\/uploads\\\/sites\\\/3\\\/2022\\\/04\\\/beitrag-pollen.png\",\"datePublished\":\"2022-04-21T11:33:09+00:00\",\"dateModified\":\"2022-04-21T11:37:40+00:00\",\"author\":{\"@id\":\"https:\\\/\\\/www.thebestsocial.media\\\/de\\\/#\\\/schema\\\/person\\\/6267acc046505b90b912687a039220df\"},\"breadcrumb\":{\"@id\":\"https:\\\/\\\/www.thebestsocial.media\\\/de\\\/heuschnupfen\\\/#breadcrumb\"},\"inLanguage\":\"de\",\"potentialAction\":[{\"@type\":\"ReadAction\",\"target\":[\"https:\\\/\\\/www.thebestsocial.media\\\/de\\\/heuschnupfen\\\/\"]}]},{\"@type\":\"ImageObject\",\"inLanguage\":\"de\",\"@id\":\"https:\\\/\\\/www.thebestsocial.media\\\/de\\\/heuschnupfen\\\/#primaryimage\",\"url\":\"https:\\\/\\\/www.thebestsocial.media\\\/de\\\/wp-content\\\/uploads\\\/sites\\\/3\\\/2022\\\/04\\\/beitrag-pollen.png\",\"contentUrl\":\"https:\\\/\\\/www.thebestsocial.media\\\/de\\\/wp-content\\\/uploads\\\/sites\\\/3\\\/2022\\\/04\\\/beitrag-pollen.png\",\"width\":1200,\"height\":630},{\"@type\":\"BreadcrumbList\",\"@id\":\"https:\\\/\\\/www.thebestsocial.media\\\/de\\\/heuschnupfen\\\/#breadcrumb\",\"itemListElement\":[{\"@type\":\"ListItem\",\"position\":1,\"name\":\"Home\",\"item\":\"https:\\\/\\\/www.thebestsocial.media\\\/de\\\/\"},{\"@type\":\"ListItem\",\"position\":2,\"name\":\"Die Nase l\u00e4uft, die Augen tr\u00e4nen &#8211; 13 Tweets \u00fcber den l\u00e4stigen Heuschnupfen\"}]},{\"@type\":\"WebSite\",\"@id\":\"https:\\\/\\\/www.thebestsocial.media\\\/de\\\/#website\",\"url\":\"https:\\\/\\\/www.thebestsocial.media\\\/de\\\/\",\"name\":\"The Best Social Media DE\",\"description\":\"\",\"potentialAction\":[{\"@type\":\"SearchAction\",\"target\":{\"@type\":\"EntryPoint\",\"urlTemplate\":\"https:\\\/\\\/www.thebestsocial.media\\\/de\\\/?s={search_term_string}\"},\"query-input\":{\"@type\":\"PropertyValueSpecification\",\"valueRequired\":true,\"valueName\":\"search_term_string\"}}],\"inLanguage\":\"de\"},{\"@type\":\"Person\",\"@id\":\"https:\\\/\\\/www.thebestsocial.media\\\/de\\\/#\\\/schema\\\/person\\\/6267acc046505b90b912687a039220df\",\"name\":\"Helene Mei\u00dfner\",\"image\":{\"@type\":\"ImageObject\",\"inLanguage\":\"de\",\"@id\":\"https:\\\/\\\/secure.gravatar.com\\\/avatar\\\/6639fc0397860ac2c2e11b018c1f14be4a46c2378a91ac1b35730b724675daa8?s=96&d=mm&r=g\",\"url\":\"https:\\\/\\\/secure.gravatar.com\\\/avatar\\\/6639fc0397860ac2c2e11b018c1f14be4a46c2378a91ac1b35730b724675daa8?s=96&d=mm&r=g\",\"contentUrl\":\"https:\\\/\\\/secure.gravatar.com\\\/avatar\\\/6639fc0397860ac2c2e11b018c1f14be4a46c2378a91ac1b35730b724675daa8?s=96&d=mm&r=g\",\"caption\":\"Helene Mei\u00dfner\"},\"description\":\"Kommt aus Berlin und hat dementsprechend nat\u00fcrlich irgendwas mit Medien studiert. Verlegt oft Dinge, w\u00e4hrend sie sie in der Hand h\u00e4lt. Findet Kauger\u00e4usche unausstehlich. Hat eine Schw\u00e4che f\u00fcr Glitzer und immer mindestens 50 Tabs offen.\",\"sameAs\":[\"https:\\\/\\\/www.instagram.com\\\/he.leni\\\/\"],\"url\":\"https:\\\/\\\/www.thebestsocial.media\\\/de\\\/author\\\/helenemeissner\\\/\"}]}<\/script>\n<!-- \/ Yoast SEO plugin. -->","yoast_head_json":{"title":"Die Nase l\u00e4uft, die Augen tr\u00e4nen - 13 Tweets \u00fcber den Heuschnupfen","robots":{"index":"index","follow":"follow","max-snippet":"max-snippet:-1","max-image-preview":"max-image-preview:large","max-video-preview":"max-video-preview:-1"},"canonical":"https:\/\/www.thebestsocial.media\/de\/heuschnupfen\/","og_locale":"de_DE","og_type":"article","og_title":"Die Nase l\u00e4uft, die Augen tr\u00e4nen - 13 Tweets \u00fcber den l\u00e4stigen Heuschnupfen","og_description":"Einige haben bereits seit Wochen damit zu tun, f\u00fcr viele geht es jetzt so langsam los &#8211; der Heuschnupfen ist back! Im eisigen Winter, wenn...","og_url":"https:\/\/www.thebestsocial.media\/de\/heuschnupfen\/","og_site_name":"The Best Social Media DE","article_published_time":"2022-04-21T11:33:09+00:00","article_modified_time":"2022-04-21T11:37:40+00:00","og_image":[{"width":1200,"height":630,"url":"https:\/\/www.thebestsocial.media\/de\/wp-content\/uploads\/sites\/3\/2022\/04\/header-pollen.png","type":"image\/png"}],"author":"Helene Mei\u00dfner","twitter_card":"summary_large_image","twitter_misc":{"Verfasst von":"Helene Mei\u00dfner","Gesch\u00e4tzte Lesezeit":"3\u00a0Minuten"},"schema":{"@context":"https:\/\/schema.org","@graph":[{"@type":"Article","@id":"https:\/\/www.thebestsocial.media\/de\/heuschnupfen\/#article","isPartOf":{"@id":"https:\/\/www.thebestsocial.media\/de\/heuschnupfen\/"},"author":{"name":"Helene Mei\u00dfner","@id":"https:\/\/www.thebestsocial.media\/de\/#\/schema\/person\/6267acc046505b90b912687a039220df"},"headline":"Die Nase l\u00e4uft, die Augen tr\u00e4nen &#8211; 13 Tweets \u00fcber den l\u00e4stigen Heuschnupfen","datePublished":"2022-04-21T11:33:09+00:00","dateModified":"2022-04-21T11:37:40+00:00","mainEntityOfPage":{"@id":"https:\/\/www.thebestsocial.media\/de\/heuschnupfen\/"},"wordCount":569,"commentCount":0,"image":{"@id":"https:\/\/www.thebestsocial.media\/de\/heuschnupfen\/#primaryimage"},"thumbnailUrl":"https:\/\/www.thebestsocial.media\/de\/wp-content\/uploads\/sites\/3\/2022\/04\/beitrag-pollen.png","keywords":["Allergie","Fr\u00fchling","Heuschnupfen"],"articleSection":["Twitter"],"inLanguage":"de","potentialAction":[{"@type":"CommentAction","name":"Comment","target":["https:\/\/www.thebestsocial.media\/de\/heuschnupfen\/#respond"]}]},{"@type":"WebPage","@id":"https:\/\/www.thebestsocial.media\/de\/heuschnupfen\/","url":"https:\/\/www.thebestsocial.media\/de\/heuschnupfen\/","name":"Die Nase l\u00e4uft, die Augen tr\u00e4nen - 13 Tweets \u00fcber den Heuschnupfen","isPartOf":{"@id":"https:\/\/www.thebestsocial.media\/de\/#website"},"primaryImageOfPage":{"@id":"https:\/\/www.thebestsocial.media\/de\/heuschnupfen\/#primaryimage"},"image":{"@id":"https:\/\/www.thebestsocial.media\/de\/heuschnupfen\/#primaryimage"},"thumbnailUrl":"https:\/\/www.thebestsocial.media\/de\/wp-content\/uploads\/sites\/3\/2022\/04\/beitrag-pollen.png","datePublished":"2022-04-21T11:33:09+00:00","dateModified":"2022-04-21T11:37:40+00:00","author":{"@id":"https:\/\/www.thebestsocial.media\/de\/#\/schema\/person\/6267acc046505b90b912687a039220df"},"breadcrumb":{"@id":"https:\/\/www.thebestsocial.media\/de\/heuschnupfen\/#breadcrumb"},"inLanguage":"de","potentialAction":[{"@type":"ReadAction","target":["https:\/\/www.thebestsocial.media\/de\/heuschnupfen\/"]}]},{"@type":"ImageObject","inLanguage":"de","@id":"https:\/\/www.thebestsocial.media\/de\/heuschnupfen\/#primaryimage","url":"https:\/\/www.thebestsocial.media\/de\/wp-content\/uploads\/sites\/3\/2022\/04\/beitrag-pollen.png","contentUrl":"https:\/\/www.thebestsocial.media\/de\/wp-content\/uploads\/sites\/3\/2022\/04\/beitrag-pollen.png","width":1200,"height":630},{"@type":"BreadcrumbList","@id":"https:\/\/www.thebestsocial.media\/de\/heuschnupfen\/#breadcrumb","itemListElement":[{"@type":"ListItem","position":1,"name":"Home","item":"https:\/\/www.thebestsocial.media\/de\/"},{"@type":"ListItem","position":2,"name":"Die Nase l\u00e4uft, die Augen tr\u00e4nen &#8211; 13 Tweets \u00fcber den l\u00e4stigen Heuschnupfen"}]},{"@type":"WebSite","@id":"https:\/\/www.thebestsocial.media\/de\/#website","url":"https:\/\/www.thebestsocial.media\/de\/","name":"The Best Social Media DE","description":"","potentialAction":[{"@type":"SearchAction","target":{"@type":"EntryPoint","urlTemplate":"https:\/\/www.thebestsocial.media\/de\/?s={search_term_string}"},"query-input":{"@type":"PropertyValueSpecification","valueRequired":true,"valueName":"search_term_string"}}],"inLanguage":"de"},{"@type":"Person","@id":"https:\/\/www.thebestsocial.media\/de\/#\/schema\/person\/6267acc046505b90b912687a039220df","name":"Helene Mei\u00dfner","image":{"@type":"ImageObject","inLanguage":"de","@id":"https:\/\/secure.gravatar.com\/avatar\/6639fc0397860ac2c2e11b018c1f14be4a46c2378a91ac1b35730b724675daa8?s=96&d=mm&r=g","url":"https:\/\/secure.gravatar.com\/avatar\/6639fc0397860ac2c2e11b018c1f14be4a46c2378a91ac1b35730b724675daa8?s=96&d=mm&r=g","contentUrl":"https:\/\/secure.gravatar.com\/avatar\/6639fc0397860ac2c2e11b018c1f14be4a46c2378a91ac1b35730b724675daa8?s=96&d=mm&r=g","caption":"Helene Mei\u00dfner"},"description":"Kommt aus Berlin und hat dementsprechend nat\u00fcrlich irgendwas mit Medien studiert. Verlegt oft Dinge, w\u00e4hrend sie sie in der Hand h\u00e4lt. Findet Kauger\u00e4usche unausstehlich. Hat eine Schw\u00e4che f\u00fcr Glitzer und immer mindestens 50 Tabs offen.","sameAs":["https:\/\/www.instagram.com\/he.leni\/"],"url":"https:\/\/www.thebestsocial.media\/de\/author\/helenemeissner\/"}]}},"amp_enabled":true,"_links":{"self":[{"href":"https:\/\/www.thebestsocial.media\/de\/wp-json\/wp\/v2\/posts\/160164","targetHints":{"allow":["GET"]}}],"collection":[{"href":"https:\/\/www.thebestsocial.media\/de\/wp-json\/wp\/v2\/posts"}],"about":[{"href":"https:\/\/www.thebestsocial.media\/de\/wp-json\/wp\/v2\/types\/post"}],"author":[{"embeddable":true,"href":"https:\/\/www.thebestsocial.media\/de\/wp-json\/wp\/v2\/users\/73"}],"replies":[{"embeddable":true,"href":"https:\/\/www.thebestsocial.media\/de\/wp-json\/wp\/v2\/comments?post=160164"}],"version-history":[{"count":29,"href":"https:\/\/www.thebestsocial.media\/de\/wp-json\/wp\/v2\/posts\/160164\/revisions"}],"predecessor-version":[{"id":160233,"href":"https:\/\/www.thebestsocial.media\/de\/wp-json\/wp\/v2\/posts\/160164\/revisions\/160233"}],"wp:featuredmedia":[{"embeddable":true,"href":"https:\/\/www.thebestsocial.media\/de\/wp-json\/wp\/v2\/media\/160228"}],"wp:attachment":[{"href":"https:\/\/www.thebestsocial.media\/de\/wp-json\/wp\/v2\/media?parent=160164"}],"wp:term":[{"taxonomy":"category","embeddable":true,"href":"https:\/\/www.thebestsocial.media\/de\/wp-json\/wp\/v2\/categories?post=160164"},{"taxonomy":"post_tag","embeddable":true,"href":"https:\/\/www.thebestsocial.media\/de\/wp-json\/wp\/v2\/tags?post=160164"}],"curies":[{"name":"wp","href":"https:\/\/api.w.org\/{rel}","templated":true}]}}