{"id":160162,"date":"2022-04-20T09:39:19","date_gmt":"2022-04-20T09:39:19","guid":{"rendered":"https:\/\/www.thebestsocial.media\/de\/?p=160162"},"modified":"2022-04-20T09:39:19","modified_gmt":"2022-04-20T09:39:19","slug":"polizei-mittelfranken-schwerkriminell-dieb-led-licht-gestohlen-6-personen","status":"publish","type":"post","link":"https:\/\/www.thebestsocial.media\/de\/polizei-mittelfranken-schwerkriminell-dieb-led-licht-gestohlen-6-personen\/","title":{"rendered":"Die Polizei Mittelfranken sucht einen &#8222;Schwerkriminellen&#8220; und die Kommentare dazu sind gro\u00dfartig"},"content":{"rendered":"<p>Es wurde eine furchtbare Straftat begangen! Es war Abend, vermutlich dunkel, und der T\u00e4ter f\u00fchlte sich ganz offenbar unbeobachtet. Er schlug aus der Deckung einer Gruppe heraus zu. Fies, hinterh\u00e4ltig, gemein und gewissenlos! Doch die <a href=\"https:\/\/www.thebestsocial.media\/de\/polizei-sachsen-wallpaper\/\" rel=\"noopener\" target=\"_blank\">Polizei<\/a> Mittelfranken ermittelt bereits. Denn diese Straftat darf nicht unges\u00fchnt bleiben! Ihr fragt euch, was passiert ist? Wir bringen euch auf den aktuellen Stand!<br \/>\n&nbsp;<\/p>\n<h3>1. N\u00e4mlich DAS HIER:<\/h3>\n<blockquote class=\"twitter-tweet\">\n<p lang=\"de\" dir=\"ltr\">Samstagabend wurde in einer <a href=\"https:\/\/twitter.com\/hashtag\/Gastst%C3%A4tte?src=hash&amp;ref_src=twsrc%5Etfw\">#Gastst\u00e4tte<\/a> von einem Tisch ein Teil der Tischdekoration entwendet. Es handelte sich um ein Glas mit einer LED-Kerze. An dem Tisch befanden sich zum Essen 6 Personen. Wer von den G\u00e4sten f\u00fcr den <a href=\"https:\/\/twitter.com\/hashtag\/Diebstahl?src=hash&amp;ref_src=twsrc%5Etfw\">#Diebstahl<\/a> verantwortlich ist, muss nun ermittelt <br \/>werden.<\/p>\n<p>&mdash; Polizei Mittelfranken (@PolizeiMFR) <a href=\"https:\/\/twitter.com\/PolizeiMFR\/status\/1516412771541344263?ref_src=twsrc%5Etfw\">April 19, 2022<\/a><\/p><\/blockquote>\n<p> <script async src=\"https:\/\/platform.twitter.com\/widgets.js\" charset=\"utf-8\"><\/script><br \/>\n&nbsp;<\/p>\n<h3>2. Die Frage, die sich alle stellen: Handelt es sich hierbei um die selbe Person?<\/h3>\n<blockquote class=\"twitter-tweet\">\n<p lang=\"de\" dir=\"ltr\">Unbekannte(r) warf am Fr.\/Sa. mehrere <a href=\"https:\/\/twitter.com\/hashtag\/Pornohefte?src=hash&amp;ref_src=twsrc%5Etfw\">#Pornohefte<\/a> in den Stra\u00dfengraben der Verbindungsstra\u00dfe von der Munasiedlung kommend nach <a href=\"https:\/\/twitter.com\/hashtag\/Ermetzhof?src=hash&amp;ref_src=twsrc%5Etfw\">#Ermetzhof<\/a>. Die Magazine aus den 90zigern wurden sichergestellt. <br \/>Die PI Bad <a href=\"https:\/\/twitter.com\/hashtag\/Windsheim?src=hash&amp;ref_src=twsrc%5Etfw\">#Windsheim<\/a> ermittelt wg. Verbreitung porn. Schriften u. bittet um <a href=\"https:\/\/twitter.com\/hashtag\/Hinweise?src=hash&amp;ref_src=twsrc%5Etfw\">#Hinweise<\/a>.<\/p>\n<p>&mdash; Polizei Mittelfranken (@PolizeiMFR) <a href=\"https:\/\/twitter.com\/PolizeiMFR\/status\/1490635846139224064?ref_src=twsrc%5Etfw\">February 7, 2022<\/a><\/p><\/blockquote>\n<p> <script async src=\"https:\/\/platform.twitter.com\/widgets.js\" charset=\"utf-8\"><\/script><br \/>\n&nbsp;<\/p>\n<h3>3. Oder war es gar ein Berliner, der sich in Mittelfranken eingeschlichen hatte?<\/h3>\n<blockquote class=\"twitter-tweet\">\n<p lang=\"de\" dir=\"ltr\">Trotz der aktuell gestiegenen Preise seines Wurfguts, bewarf gestern ein 36-j\u00e4hriger Berliner eine Mitarbeiterin eines Sicherheitsunternehmens mit einem <a href=\"https:\/\/twitter.com\/hashtag\/D%C3%B6ner?src=hash&amp;ref_src=twsrc%5Etfw\">#D\u00f6ner<\/a> mit Kr\u00e4utersauce auf dem Bahnhof <a href=\"https:\/\/twitter.com\/hashtag\/Neuk%C3%B6lln?src=hash&amp;ref_src=twsrc%5Etfw\">#Neuk\u00f6lln<\/a>. <\/p>\n<p>Aufgrund weiterer Handgreiflichkeiten haben wir <a href=\"https:\/\/twitter.com\/hashtag\/Ermittlungen?src=hash&amp;ref_src=twsrc%5Etfw\">#Ermittlungen<\/a> eingeleitet. <a href=\"https:\/\/t.co\/CHRzXaZa1E\">pic.twitter.com\/CHRzXaZa1E<\/a><\/p>\n<p>&mdash; Bundespolizei Berlin (@bpol_b) <a href=\"https:\/\/twitter.com\/bpol_b\/status\/1516428505864626179?ref_src=twsrc%5Etfw\">April 19, 2022<\/a><\/p><\/blockquote>\n<p> <script async src=\"https:\/\/platform.twitter.com\/widgets.js\" charset=\"utf-8\"><\/script><br \/>\n&nbsp;<\/p>\n<h3>4. Wir sind da etwas ganz Gro\u00dfem auf der Spur!<\/h3>\n<blockquote class=\"twitter-tweet\" data-conversation=\"none\">\n<p lang=\"de\" dir=\"ltr\">Ist es zuf\u00e4llig die da? <a href=\"https:\/\/t.co\/CvkP12Lg1y\">pic.twitter.com\/CvkP12Lg1y<\/a><\/p>\n<p>&mdash; Oliver\ud83d\udfe2 (@FrankoniaOliver) <a href=\"https:\/\/twitter.com\/FrankoniaOliver\/status\/1516519927011811331?ref_src=twsrc%5Etfw\">April 19, 2022<\/a><\/p><\/blockquote>\n<p> <script async src=\"https:\/\/platform.twitter.com\/widgets.js\" charset=\"utf-8\"><\/script><br \/>\n&nbsp;<\/p>\n<h3>5. Fakt ist, der Fall ist brisant<\/h3>\n<blockquote class=\"twitter-tweet\" data-conversation=\"none\">\n<p lang=\"de\" dir=\"ltr\">Die Farbe der LED-Kerze kann hier auf Twitter leider nicht genannt werden, denn dabei handelt es sich um T\u00e4terwissen, das f\u00fcr den Ermittlungserfolg noch entscheidend sein k\u00f6nnte.<a href=\"https:\/\/t.co\/KJnRwfydZI\">https:\/\/t.co\/KJnRwfydZI<\/a><\/p>\n<p>&mdash; S\u200bi\u200bm\u200b\u043e\u200bn (@s_hesz) <a href=\"https:\/\/twitter.com\/s_hesz\/status\/1516527741537075203?ref_src=twsrc%5Etfw\">April 19, 2022<\/a><\/p><\/blockquote>\n<p> <script async src=\"https:\/\/platform.twitter.com\/widgets.js\" charset=\"utf-8\"><\/script><br \/>\n&nbsp;<\/p>\n<h3>6. AHA!<\/h3>\n<blockquote class=\"twitter-tweet\" data-conversation=\"none\">\n<p lang=\"de\" dir=\"ltr\">Ich sag&#39;s ja nur&#8230; <a href=\"https:\/\/t.co\/c19WZOx26L\">pic.twitter.com\/c19WZOx26L<\/a><\/p>\n<p>&mdash; Karl Kolumna (@kolumna_karl) <a href=\"https:\/\/twitter.com\/kolumna_karl\/status\/1516425732859256844?ref_src=twsrc%5Etfw\">April 19, 2022<\/a><\/p><\/blockquote>\n<p> <script async src=\"https:\/\/platform.twitter.com\/widgets.js\" charset=\"utf-8\"><\/script><br \/>\n&nbsp;<\/p>\n<h3>7. Und nun?<\/h3>\n<blockquote class=\"twitter-tweet\" data-conversation=\"none\">\n<p lang=\"de\" dir=\"ltr\">Entweder mir ist die feinsinnige Ironie entgangen oder wir werden hier von Leuten, deren Salair wir mit unser aller harter Arbeit bezahlen, offen verh\u00f6hnt.<br \/>Sorry, bin vielleicht etwas d\u00fcnnh\u00e4utig gerade. Kann ich mir auch nicht erkl\u00e4ren.<\/p>\n<p>&mdash; Daniela Seidel (@SiriaBlack_II) <a href=\"https:\/\/twitter.com\/SiriaBlack_II\/status\/1516516009343127552?ref_src=twsrc%5Etfw\">April 19, 2022<\/a><\/p><\/blockquote>\n<p> <script async src=\"https:\/\/platform.twitter.com\/widgets.js\" charset=\"utf-8\"><\/script><br \/>\n&nbsp;<\/p>\n<h3>8. Die Telefonleitungen sind ab sofort ge\u00f6ffnet! <\/h3>\n<blockquote class=\"twitter-tweet\" data-conversation=\"none\">\n<p lang=\"de\" dir=\"ltr\">Die Polizei bittet um Mithilfe: Wer hat, im Umfeld des Tatorts, Batterien mit der Kennzeichnung CR2032 gesehen? F\u00fcr sachdienliche Hinweise oder Beweismittel, die zur Ermittlung und \u00dcberf\u00fchrung an der Tat Beteiligter f\u00fchren wurde keine Belohnung in H\u00f6he von 170 Cent ausgesetzt. <a href=\"https:\/\/t.co\/z4koLVTpZQ\">pic.twitter.com\/z4koLVTpZQ<\/a><\/p>\n<p>&mdash; Mahatma Andi (@andi_mahatma) <a href=\"https:\/\/twitter.com\/andi_mahatma\/status\/1516499792804950022?ref_src=twsrc%5Etfw\">April 19, 2022<\/a><\/p><\/blockquote>\n<p> <script async src=\"https:\/\/platform.twitter.com\/widgets.js\" charset=\"utf-8\"><\/script><\/p>\n<blockquote class=\"twitter-tweet\" data-conversation=\"none\">\n<p lang=\"de\" dir=\"ltr\">&quot;Der Gastronom Werner M. verlie\u00df am fraglichen Samstag, wie \u00fcblich, das Haus, um sich auf den Weg zur Arbeit zu machen. Noch ahnte er nicht, welch grausamer, barbarischer Tat er an diesem Abend in seiner Gastst\u00e4tte zum Opfer fallen sollte\u2026&quot;<\/p>\n<p>&mdash; Reiner Zu(\ud83c\udfe0)fall (@fn0rd) <a href=\"https:\/\/twitter.com\/fn0rd\/status\/1516644589758787584?ref_src=twsrc%5Etfw\">April 20, 2022<\/a><\/p><\/blockquote>\n<p> <script async src=\"https:\/\/platform.twitter.com\/widgets.js\" charset=\"utf-8\"><\/script><br \/>\n&nbsp;<\/p>\n<h3>9. Vorschlag zur G\u00fcte:<\/h3>\n<blockquote class=\"twitter-tweet\" data-conversation=\"none\">\n<p lang=\"de\" dir=\"ltr\">Ich kann euch zwei Euro schicken f\u00fcr Ersatz<\/p>\n<p>&mdash; clyppersen fan account (@NilpferdNils) <a href=\"https:\/\/twitter.com\/NilpferdNils\/status\/1516496099212767234?ref_src=twsrc%5Etfw\">April 19, 2022<\/a><\/p><\/blockquote>\n<p> <script async src=\"https:\/\/platform.twitter.com\/widgets.js\" charset=\"utf-8\"><\/script><br \/>\n&nbsp;<\/p>\n<h3>10. Toll, wie jeder mithilft<\/h3>\n<blockquote class=\"twitter-tweet\" data-conversation=\"none\">\n<p lang=\"de\" dir=\"ltr\">Zur Hilfestellung \ud83d\udc47 <a href=\"https:\/\/t.co\/WiXw7cV0qJ\">pic.twitter.com\/WiXw7cV0qJ<\/a><\/p>\n<p>&mdash; Reichsflugscheiben Flugschule Neuschwabenland e.V. (@FlugschuleE) <a href=\"https:\/\/twitter.com\/FlugschuleE\/status\/1516414394086924299?ref_src=twsrc%5Etfw\">April 19, 2022<\/a><\/p><\/blockquote>\n<p> <script async src=\"https:\/\/platform.twitter.com\/widgets.js\" charset=\"utf-8\"><\/script><br \/>\n&nbsp;<\/p>\n<h3>11. Klingt logisch<\/h3>\n<blockquote class=\"twitter-tweet\" data-conversation=\"none\">\n<p lang=\"de\" dir=\"ltr\">Das ist ein Code: Ich dechiffriere mal eben.<br \/>Lauterbach (LED Licht) ist in einem Auto (Glas) von sechs Personen entf\u00fchrt worden. L\u00f6segeldforderung ist eingegangen, man ist in Verhandlung. <br \/>Jungs, ihr seid clever, aber f\u00fcr mich nicht clever genug. \ud83e\udd21<\/p>\n<p>&mdash; Lovis \ud83c\udf40 (@Lovis_Lex) <a href=\"https:\/\/twitter.com\/Lovis_Lex\/status\/1516526896321904643?ref_src=twsrc%5Etfw\">April 19, 2022<\/a><\/p><\/blockquote>\n<p> <script async src=\"https:\/\/platform.twitter.com\/widgets.js\" charset=\"utf-8\"><\/script><br \/>\n&nbsp;<\/p>\n<h3>12. Wer will \u00fcberhaupt nach Mittelfranken?<\/h3>\n<blockquote class=\"twitter-tweet\" data-conversation=\"none\">\n<p lang=\"de\" dir=\"ltr\">Ich w\u00fcrde das nicht \u00f6ffentlich machen. Erf\u00e4hrt die \u00d6ffentlichkeit davon, d\u00fcrfte das massive Einbu\u00dfen im Touristik-Sektor zur Folge haben. Ich meine, wer will noch in eine derart kriminelle Gegend reisen?<\/p>\n<p>&mdash; Marc Hanefeld (@Flying__Doc) <a href=\"https:\/\/twitter.com\/Flying__Doc\/status\/1516500479416676362?ref_src=twsrc%5Etfw\">April 19, 2022<\/a><\/p><\/blockquote>\n<p> <script async src=\"https:\/\/platform.twitter.com\/widgets.js\" charset=\"utf-8\"><\/script><br \/>\n&nbsp;<\/p>\n<h3>13. Gut m\u00f6glich<\/h3>\n<blockquote class=\"twitter-tweet\" data-conversation=\"none\">\n<p lang=\"de\" dir=\"ltr\">Ich dr\u00fccke dem 12-k\u00f6pfigen Ermittlerteam die Daumen. Dieser Fall sollte mit oberster Priorit\u00e4t behandelt werden. Anhand der Personenzahl tippe ich auf Clan Kriminalit\u00e4t.<\/p>\n<p>&mdash; MissLungen (@MissLungen3) <a href=\"https:\/\/twitter.com\/MissLungen3\/status\/1516507436445839369?ref_src=twsrc%5Etfw\">April 19, 2022<\/a><\/p><\/blockquote>\n<p> <script async src=\"https:\/\/platform.twitter.com\/widgets.js\" charset=\"utf-8\"><\/script><br \/>\n&nbsp;<\/p>\n<h3>14. Das ist ja furchtbar!<\/h3>\n<blockquote class=\"twitter-tweet\" data-conversation=\"none\">\n<p lang=\"de\" dir=\"ltr\">warum postet ihr so schreckliche ereignisse? k2 (4) kann jetzt nicht schlafen weil er denkt der led kerzen dieb k\u00f6nnte auch zu uns kommen<\/p>\n<p>&mdash; Taxiteller Fonzy (@TaxitellerFonzy) <a href=\"https:\/\/twitter.com\/TaxitellerFonzy\/status\/1516503384328740871?ref_src=twsrc%5Etfw\">April 19, 2022<\/a><\/p><\/blockquote>\n<p> <script async src=\"https:\/\/platform.twitter.com\/widgets.js\" charset=\"utf-8\"><\/script><br \/>\n&nbsp;<\/p>\n<h3>15. Wenn die es nicht schaffen, dann keiner! <\/h3>\n<blockquote class=\"twitter-tweet\" data-conversation=\"none\">\n<p lang=\"de\" dir=\"ltr\">Ich kenne da zwei Topermittler, die auf solche schweren Kapitalverbrechen spezialisiert sind. <a href=\"https:\/\/t.co\/EVXM1LMxAu\">pic.twitter.com\/EVXM1LMxAu<\/a><\/p>\n<p>&mdash; Dr. Nikolaus Kuno Freiherr von Knatter Triplepieks (@Knatters1896) <a href=\"https:\/\/twitter.com\/Knatters1896\/status\/1516501547777236998?ref_src=twsrc%5Etfw\">April 19, 2022<\/a><\/p><\/blockquote>\n<p> <script async src=\"https:\/\/platform.twitter.com\/widgets.js\" charset=\"utf-8\"><\/script><br \/>\n&nbsp;<br \/>\n___<br \/>\nVielen Dank an alle f\u00fcr die Posts.<br \/>\n___<br \/>\n<strong>Keine Influencer! Kein Foodporn! Nur ganz viel Spa\u00df \u2013 bei uns auf Instagram:<\/strong><\/p>\n<p style=\"text-align: center;\"><strong>\u2014<\/strong><\/p>\n<blockquote class=\"instagram-media\" style=\"background: #FFF; border: 0; border-radius: 3px; box-shadow: 0 0 1px 0 rgba(0,0,0,0.5),0 1px 10px 0 rgba(0,0,0,0.15); margin: 1px; max-width: 540px; min-width: 326px; padding: 0; width: calc(100% - 2px);\" data-instgrm-captioned=\"\" data-instgrm-permalink=\"https:\/\/www.instagram.com\/p\/CcfFs9XKVAr\/?utm_source=ig_embed&amp;utm_campaign=loading\" data-instgrm-version=\"14\">\n<div style=\"padding: 16px;\">\n<p>&nbsp;<\/p>\n<div style=\"display: flex; flex-direction: row; align-items: center;\">\n<div style=\"background-color: #f4f4f4; border-radius: 50%; flex-grow: 0; height: 40px; margin-right: 14px; width: 40px;\"><\/div>\n<div style=\"display: flex; flex-direction: column; flex-grow: 1; justify-content: center;\">\n<div style=\"background-color: #f4f4f4; border-radius: 4px; flex-grow: 0; height: 14px; margin-bottom: 6px; width: 100px;\"><\/div>\n<div style=\"background-color: #f4f4f4; border-radius: 4px; flex-grow: 0; height: 14px; width: 60px;\"><\/div>\n<\/div>\n<\/div>\n<div style=\"padding: 19% 0;\"><\/div>\n<div style=\"display: block; height: 50px; margin: 0 auto 12px; width: 50px;\"><\/div>\n<div style=\"padding-top: 8px;\">\n<div style=\"color: #3897f0; font-family: Arial,sans-serif; font-size: 14px; font-style: normal; font-weight: 550; line-height: 18px;\">View this post on Instagram<\/div>\n<\/div>\n<div style=\"padding: 12.5% 0;\"><\/div>\n<div style=\"display: flex; flex-direction: row; margin-bottom: 14px; align-items: center;\">\n<div>\n<div style=\"background-color: #f4f4f4; border-radius: 50%; height: 12.5px; width: 12.5px; transform: translateX(0px) translateY(7px);\"><\/div>\n<div style=\"background-color: #f4f4f4; height: 12.5px; transform: rotate(-45deg) translateX(3px) translateY(1px); width: 12.5px; flex-grow: 0; margin-right: 14px; margin-left: 2px;\"><\/div>\n<div style=\"background-color: #f4f4f4; border-radius: 50%; height: 12.5px; width: 12.5px; transform: translateX(9px) translateY(-18px);\"><\/div>\n<\/div>\n<div style=\"margin-left: 8px;\">\n<div style=\"background-color: #f4f4f4; border-radius: 50%; flex-grow: 0; height: 20px; width: 20px;\"><\/div>\n<div style=\"width: 0; height: 0; border-top: 2px solid transparent; border-left: 6px solid #f4f4f4; border-bottom: 2px solid transparent; transform: translateX(16px) translateY(-4px) rotate(30deg);\"><\/div>\n<\/div>\n<div style=\"margin-left: auto;\">\n<div style=\"width: 0px; border-top: 8px solid #F4F4F4; border-right: 8px solid transparent; transform: translateY(16px);\"><\/div>\n<div style=\"background-color: #f4f4f4; flex-grow: 0; height: 12px; width: 16px; transform: translateY(-4px);\"><\/div>\n<div style=\"width: 0; height: 0; border-top: 8px solid #F4F4F4; border-left: 8px solid transparent; transform: translateY(-4px) translateX(8px);\"><\/div>\n<\/div>\n<\/div>\n<div style=\"display: flex; flex-direction: column; flex-grow: 1; justify-content: center; margin-bottom: 24px;\">\n<div style=\"background-color: #f4f4f4; border-radius: 4px; flex-grow: 0; height: 14px; margin-bottom: 6px; width: 224px;\"><\/div>\n<div style=\"background-color: #f4f4f4; border-radius: 4px; flex-grow: 0; height: 14px; width: 144px;\"><\/div>\n<\/div>\n<p>&nbsp;<\/p>\n<p style=\"color: #c9c8cd; font-family: Arial,sans-serif; font-size: 14px; line-height: 17px; margin-bottom: 0; margin-top: 8px; overflow: hidden; padding: 8px 0 7px; text-align: center; text-overflow: ellipsis; white-space: nowrap;\"><a style=\"color: #c9c8cd; font-family: Arial,sans-serif; font-size: 14px; font-style: normal; font-weight: normal; line-height: 17px; text-decoration: none;\" href=\"https:\/\/www.instagram.com\/p\/CcfFs9XKVAr\/?utm_source=ig_embed&amp;utm_campaign=loading\" target=\"_blank\" rel=\"noopener\">A post shared by The Best Social Media &#8211; DE (@thebestsocialmediade)<\/a><\/p>\n<\/div>\n<\/blockquote>\n\n<script async defer src=\"\/instagram-embed.js\"><\/script>","protected":false},"excerpt":{"rendered":"<p>Es wurde eine furchtbare Straftat begangen! Es war Abend, vermutlich dunkel, und der T\u00e4ter f\u00fchlte sich ganz offenbar unbeobachtet. Er schlug aus der Deckung einer&#8230;<\/p>\n","protected":false},"author":65,"featured_media":160174,"comment_status":"open","ping_status":"open","sticky":false,"template":"","format":"standard","meta":{"_acf_changed":false,"footnotes":""},"categories":[1717,1728,35],"tags":[5022,5021,128],"class_list":["post-160162","post","type-post","status-publish","format-standard","has-post-thumbnail","hentry","category-community","category-humor","category-twitter","tag-led","tag-mittelfranken","tag-polizei"],"acf":[],"yoast_head":"<!-- This site is optimized with the Yoast SEO plugin v27.5 - https:\/\/yoast.com\/product\/yoast-seo-wordpress\/ -->\n<title>Die Polizei Mittelfranken sucht einen &quot;Schwerkriminellen&quot;<\/title>\n<meta name=\"description\" content=\"Es wurde eine furchtbare Straftat begangen! Aber die Polizei Mittelfranken ist nat\u00fcrlich bereits auf T\u00e4tersuche!\" \/>\n<meta name=\"robots\" content=\"index, follow, max-snippet:-1, max-image-preview:large, max-video-preview:-1\" \/>\n<link rel=\"canonical\" href=\"https:\/\/www.thebestsocial.media\/de\/polizei-mittelfranken-schwerkriminell-dieb-led-licht-gestohlen-6-personen\/\" \/>\n<meta property=\"og:locale\" content=\"de_DE\" \/>\n<meta property=\"og:type\" content=\"article\" \/>\n<meta property=\"og:title\" content=\"Die Polizei Mittelfranken sucht einen &quot;Schwerkriminellen&quot; und die Kommentare dazu sind gro\u00dfartig\" \/>\n<meta property=\"og:description\" content=\"Es wurde eine furchtbare Straftat begangen! Aber die Polizei Mittelfranken ist nat\u00fcrlich bereits auf T\u00e4tersuche!\" \/>\n<meta property=\"og:url\" content=\"https:\/\/www.thebestsocial.media\/de\/polizei-mittelfranken-schwerkriminell-dieb-led-licht-gestohlen-6-personen\/\" \/>\n<meta property=\"og:site_name\" content=\"The Best Social Media DE\" \/>\n<meta property=\"article:published_time\" content=\"2022-04-20T09:39:19+00:00\" \/>\n<meta property=\"og:image\" content=\"https:\/\/www.thebestsocial.media\/de\/wp-content\/uploads\/sites\/3\/2022\/04\/Mittel-fra-ar.png\" \/>\n\t<meta property=\"og:image:width\" content=\"1200\" \/>\n\t<meta property=\"og:image:height\" content=\"630\" \/>\n\t<meta property=\"og:image:type\" content=\"image\/png\" \/>\n<meta name=\"author\" content=\"Jan\" \/>\n<meta name=\"twitter:card\" content=\"summary_large_image\" \/>\n<meta name=\"twitter:label1\" content=\"Verfasst von\" \/>\n\t<meta name=\"twitter:data1\" content=\"Jan\" \/>\n\t<meta name=\"twitter:label2\" content=\"Gesch\u00e4tzte Lesezeit\" \/>\n\t<meta name=\"twitter:data2\" content=\"4\u00a0Minuten\" \/>\n<script type=\"application\/ld+json\" class=\"yoast-schema-graph\">{\"@context\":\"https:\\\/\\\/schema.org\",\"@graph\":[{\"@type\":\"Article\",\"@id\":\"https:\\\/\\\/www.thebestsocial.media\\\/de\\\/polizei-mittelfranken-schwerkriminell-dieb-led-licht-gestohlen-6-personen\\\/#article\",\"isPartOf\":{\"@id\":\"https:\\\/\\\/www.thebestsocial.media\\\/de\\\/polizei-mittelfranken-schwerkriminell-dieb-led-licht-gestohlen-6-personen\\\/\"},\"author\":{\"name\":\"Jan\",\"@id\":\"https:\\\/\\\/www.thebestsocial.media\\\/de\\\/#\\\/schema\\\/person\\\/03b8d8d2905b97b499c8e0808b724821\"},\"headline\":\"Die Polizei Mittelfranken sucht einen &#8222;Schwerkriminellen&#8220; und die Kommentare dazu sind gro\u00dfartig\",\"datePublished\":\"2022-04-20T09:39:19+00:00\",\"mainEntityOfPage\":{\"@id\":\"https:\\\/\\\/www.thebestsocial.media\\\/de\\\/polizei-mittelfranken-schwerkriminell-dieb-led-licht-gestohlen-6-personen\\\/\"},\"wordCount\":795,\"commentCount\":0,\"image\":{\"@id\":\"https:\\\/\\\/www.thebestsocial.media\\\/de\\\/polizei-mittelfranken-schwerkriminell-dieb-led-licht-gestohlen-6-personen\\\/#primaryimage\"},\"thumbnailUrl\":\"https:\\\/\\\/www.thebestsocial.media\\\/de\\\/wp-content\\\/uploads\\\/sites\\\/3\\\/2022\\\/04\\\/Poli-art-scaled.jpg\",\"keywords\":[\"LED\",\"Mittelfranken\",\"polizei\"],\"articleSection\":[\"Community\",\"Humor\",\"Twitter\"],\"inLanguage\":\"de\",\"potentialAction\":[{\"@type\":\"CommentAction\",\"name\":\"Comment\",\"target\":[\"https:\\\/\\\/www.thebestsocial.media\\\/de\\\/polizei-mittelfranken-schwerkriminell-dieb-led-licht-gestohlen-6-personen\\\/#respond\"]}]},{\"@type\":\"WebPage\",\"@id\":\"https:\\\/\\\/www.thebestsocial.media\\\/de\\\/polizei-mittelfranken-schwerkriminell-dieb-led-licht-gestohlen-6-personen\\\/\",\"url\":\"https:\\\/\\\/www.thebestsocial.media\\\/de\\\/polizei-mittelfranken-schwerkriminell-dieb-led-licht-gestohlen-6-personen\\\/\",\"name\":\"Die Polizei Mittelfranken sucht einen \\\"Schwerkriminellen\\\"\",\"isPartOf\":{\"@id\":\"https:\\\/\\\/www.thebestsocial.media\\\/de\\\/#website\"},\"primaryImageOfPage\":{\"@id\":\"https:\\\/\\\/www.thebestsocial.media\\\/de\\\/polizei-mittelfranken-schwerkriminell-dieb-led-licht-gestohlen-6-personen\\\/#primaryimage\"},\"image\":{\"@id\":\"https:\\\/\\\/www.thebestsocial.media\\\/de\\\/polizei-mittelfranken-schwerkriminell-dieb-led-licht-gestohlen-6-personen\\\/#primaryimage\"},\"thumbnailUrl\":\"https:\\\/\\\/www.thebestsocial.media\\\/de\\\/wp-content\\\/uploads\\\/sites\\\/3\\\/2022\\\/04\\\/Poli-art-scaled.jpg\",\"datePublished\":\"2022-04-20T09:39:19+00:00\",\"author\":{\"@id\":\"https:\\\/\\\/www.thebestsocial.media\\\/de\\\/#\\\/schema\\\/person\\\/03b8d8d2905b97b499c8e0808b724821\"},\"description\":\"Es wurde eine furchtbare Straftat begangen! Aber die Polizei Mittelfranken ist nat\u00fcrlich bereits auf T\u00e4tersuche!\",\"breadcrumb\":{\"@id\":\"https:\\\/\\\/www.thebestsocial.media\\\/de\\\/polizei-mittelfranken-schwerkriminell-dieb-led-licht-gestohlen-6-personen\\\/#breadcrumb\"},\"inLanguage\":\"de\",\"potentialAction\":[{\"@type\":\"ReadAction\",\"target\":[\"https:\\\/\\\/www.thebestsocial.media\\\/de\\\/polizei-mittelfranken-schwerkriminell-dieb-led-licht-gestohlen-6-personen\\\/\"]}]},{\"@type\":\"ImageObject\",\"inLanguage\":\"de\",\"@id\":\"https:\\\/\\\/www.thebestsocial.media\\\/de\\\/polizei-mittelfranken-schwerkriminell-dieb-led-licht-gestohlen-6-personen\\\/#primaryimage\",\"url\":\"https:\\\/\\\/www.thebestsocial.media\\\/de\\\/wp-content\\\/uploads\\\/sites\\\/3\\\/2022\\\/04\\\/Poli-art-scaled.jpg\",\"contentUrl\":\"https:\\\/\\\/www.thebestsocial.media\\\/de\\\/wp-content\\\/uploads\\\/sites\\\/3\\\/2022\\\/04\\\/Poli-art-scaled.jpg\",\"width\":2560,\"height\":1440},{\"@type\":\"BreadcrumbList\",\"@id\":\"https:\\\/\\\/www.thebestsocial.media\\\/de\\\/polizei-mittelfranken-schwerkriminell-dieb-led-licht-gestohlen-6-personen\\\/#breadcrumb\",\"itemListElement\":[{\"@type\":\"ListItem\",\"position\":1,\"name\":\"Home\",\"item\":\"https:\\\/\\\/www.thebestsocial.media\\\/de\\\/\"},{\"@type\":\"ListItem\",\"position\":2,\"name\":\"Die Polizei Mittelfranken sucht einen &#8222;Schwerkriminellen&#8220; und die Kommentare dazu sind gro\u00dfartig\"}]},{\"@type\":\"WebSite\",\"@id\":\"https:\\\/\\\/www.thebestsocial.media\\\/de\\\/#website\",\"url\":\"https:\\\/\\\/www.thebestsocial.media\\\/de\\\/\",\"name\":\"The Best Social Media DE\",\"description\":\"\",\"potentialAction\":[{\"@type\":\"SearchAction\",\"target\":{\"@type\":\"EntryPoint\",\"urlTemplate\":\"https:\\\/\\\/www.thebestsocial.media\\\/de\\\/?s={search_term_string}\"},\"query-input\":{\"@type\":\"PropertyValueSpecification\",\"valueRequired\":true,\"valueName\":\"search_term_string\"}}],\"inLanguage\":\"de\"},{\"@type\":\"Person\",\"@id\":\"https:\\\/\\\/www.thebestsocial.media\\\/de\\\/#\\\/schema\\\/person\\\/03b8d8d2905b97b499c8e0808b724821\",\"name\":\"Jan\",\"image\":{\"@type\":\"ImageObject\",\"inLanguage\":\"de\",\"@id\":\"https:\\\/\\\/secure.gravatar.com\\\/avatar\\\/6977c5e4d81f2a717dcf76e5e74d7a00b583f3f83a2b00830dedfc799d928343?s=96&d=mm&r=g\",\"url\":\"https:\\\/\\\/secure.gravatar.com\\\/avatar\\\/6977c5e4d81f2a717dcf76e5e74d7a00b583f3f83a2b00830dedfc799d928343?s=96&d=mm&r=g\",\"contentUrl\":\"https:\\\/\\\/secure.gravatar.com\\\/avatar\\\/6977c5e4d81f2a717dcf76e5e74d7a00b583f3f83a2b00830dedfc799d928343?s=96&d=mm&r=g\",\"caption\":\"Jan\"},\"description\":\"Wohnt in M\u00fcnchen, hat aber bis heute keine Ahnung, wie er dort gelandet ist. W\u00fcnscht sich manchmal eine dritte Stimme im Kopf, die ihn davon abh\u00e4lt, auszusprechen, was er gerade denkt. Mag Sport und jeden Kartoffelchip einzeln zu essen. Hasst es, sich auf neue Duschen einstellen zu m\u00fcssen. In einer Beziehung mit Social Media \u2013 aber es ist kompliziert.\",\"url\":\"https:\\\/\\\/www.thebestsocial.media\\\/de\\\/author\\\/janhorstkoetter\\\/\"}]}<\/script>\n<!-- \/ Yoast SEO plugin. -->","yoast_head_json":{"title":"Die Polizei Mittelfranken sucht einen \"Schwerkriminellen\"","description":"Es wurde eine furchtbare Straftat begangen! Aber die Polizei Mittelfranken ist nat\u00fcrlich bereits auf T\u00e4tersuche!","robots":{"index":"index","follow":"follow","max-snippet":"max-snippet:-1","max-image-preview":"max-image-preview:large","max-video-preview":"max-video-preview:-1"},"canonical":"https:\/\/www.thebestsocial.media\/de\/polizei-mittelfranken-schwerkriminell-dieb-led-licht-gestohlen-6-personen\/","og_locale":"de_DE","og_type":"article","og_title":"Die Polizei Mittelfranken sucht einen \"Schwerkriminellen\" und die Kommentare dazu sind gro\u00dfartig","og_description":"Es wurde eine furchtbare Straftat begangen! Aber die Polizei Mittelfranken ist nat\u00fcrlich bereits auf T\u00e4tersuche!","og_url":"https:\/\/www.thebestsocial.media\/de\/polizei-mittelfranken-schwerkriminell-dieb-led-licht-gestohlen-6-personen\/","og_site_name":"The Best Social Media DE","article_published_time":"2022-04-20T09:39:19+00:00","og_image":[{"width":1200,"height":630,"url":"https:\/\/www.thebestsocial.media\/de\/wp-content\/uploads\/sites\/3\/2022\/04\/Mittel-fra-ar.png","type":"image\/png"}],"author":"Jan","twitter_card":"summary_large_image","twitter_misc":{"Verfasst von":"Jan","Gesch\u00e4tzte Lesezeit":"4\u00a0Minuten"},"schema":{"@context":"https:\/\/schema.org","@graph":[{"@type":"Article","@id":"https:\/\/www.thebestsocial.media\/de\/polizei-mittelfranken-schwerkriminell-dieb-led-licht-gestohlen-6-personen\/#article","isPartOf":{"@id":"https:\/\/www.thebestsocial.media\/de\/polizei-mittelfranken-schwerkriminell-dieb-led-licht-gestohlen-6-personen\/"},"author":{"name":"Jan","@id":"https:\/\/www.thebestsocial.media\/de\/#\/schema\/person\/03b8d8d2905b97b499c8e0808b724821"},"headline":"Die Polizei Mittelfranken sucht einen &#8222;Schwerkriminellen&#8220; und die Kommentare dazu sind gro\u00dfartig","datePublished":"2022-04-20T09:39:19+00:00","mainEntityOfPage":{"@id":"https:\/\/www.thebestsocial.media\/de\/polizei-mittelfranken-schwerkriminell-dieb-led-licht-gestohlen-6-personen\/"},"wordCount":795,"commentCount":0,"image":{"@id":"https:\/\/www.thebestsocial.media\/de\/polizei-mittelfranken-schwerkriminell-dieb-led-licht-gestohlen-6-personen\/#primaryimage"},"thumbnailUrl":"https:\/\/www.thebestsocial.media\/de\/wp-content\/uploads\/sites\/3\/2022\/04\/Poli-art-scaled.jpg","keywords":["LED","Mittelfranken","polizei"],"articleSection":["Community","Humor","Twitter"],"inLanguage":"de","potentialAction":[{"@type":"CommentAction","name":"Comment","target":["https:\/\/www.thebestsocial.media\/de\/polizei-mittelfranken-schwerkriminell-dieb-led-licht-gestohlen-6-personen\/#respond"]}]},{"@type":"WebPage","@id":"https:\/\/www.thebestsocial.media\/de\/polizei-mittelfranken-schwerkriminell-dieb-led-licht-gestohlen-6-personen\/","url":"https:\/\/www.thebestsocial.media\/de\/polizei-mittelfranken-schwerkriminell-dieb-led-licht-gestohlen-6-personen\/","name":"Die Polizei Mittelfranken sucht einen \"Schwerkriminellen\"","isPartOf":{"@id":"https:\/\/www.thebestsocial.media\/de\/#website"},"primaryImageOfPage":{"@id":"https:\/\/www.thebestsocial.media\/de\/polizei-mittelfranken-schwerkriminell-dieb-led-licht-gestohlen-6-personen\/#primaryimage"},"image":{"@id":"https:\/\/www.thebestsocial.media\/de\/polizei-mittelfranken-schwerkriminell-dieb-led-licht-gestohlen-6-personen\/#primaryimage"},"thumbnailUrl":"https:\/\/www.thebestsocial.media\/de\/wp-content\/uploads\/sites\/3\/2022\/04\/Poli-art-scaled.jpg","datePublished":"2022-04-20T09:39:19+00:00","author":{"@id":"https:\/\/www.thebestsocial.media\/de\/#\/schema\/person\/03b8d8d2905b97b499c8e0808b724821"},"description":"Es wurde eine furchtbare Straftat begangen! Aber die Polizei Mittelfranken ist nat\u00fcrlich bereits auf T\u00e4tersuche!","breadcrumb":{"@id":"https:\/\/www.thebestsocial.media\/de\/polizei-mittelfranken-schwerkriminell-dieb-led-licht-gestohlen-6-personen\/#breadcrumb"},"inLanguage":"de","potentialAction":[{"@type":"ReadAction","target":["https:\/\/www.thebestsocial.media\/de\/polizei-mittelfranken-schwerkriminell-dieb-led-licht-gestohlen-6-personen\/"]}]},{"@type":"ImageObject","inLanguage":"de","@id":"https:\/\/www.thebestsocial.media\/de\/polizei-mittelfranken-schwerkriminell-dieb-led-licht-gestohlen-6-personen\/#primaryimage","url":"https:\/\/www.thebestsocial.media\/de\/wp-content\/uploads\/sites\/3\/2022\/04\/Poli-art-scaled.jpg","contentUrl":"https:\/\/www.thebestsocial.media\/de\/wp-content\/uploads\/sites\/3\/2022\/04\/Poli-art-scaled.jpg","width":2560,"height":1440},{"@type":"BreadcrumbList","@id":"https:\/\/www.thebestsocial.media\/de\/polizei-mittelfranken-schwerkriminell-dieb-led-licht-gestohlen-6-personen\/#breadcrumb","itemListElement":[{"@type":"ListItem","position":1,"name":"Home","item":"https:\/\/www.thebestsocial.media\/de\/"},{"@type":"ListItem","position":2,"name":"Die Polizei Mittelfranken sucht einen &#8222;Schwerkriminellen&#8220; und die Kommentare dazu sind gro\u00dfartig"}]},{"@type":"WebSite","@id":"https:\/\/www.thebestsocial.media\/de\/#website","url":"https:\/\/www.thebestsocial.media\/de\/","name":"The Best Social Media DE","description":"","potentialAction":[{"@type":"SearchAction","target":{"@type":"EntryPoint","urlTemplate":"https:\/\/www.thebestsocial.media\/de\/?s={search_term_string}"},"query-input":{"@type":"PropertyValueSpecification","valueRequired":true,"valueName":"search_term_string"}}],"inLanguage":"de"},{"@type":"Person","@id":"https:\/\/www.thebestsocial.media\/de\/#\/schema\/person\/03b8d8d2905b97b499c8e0808b724821","name":"Jan","image":{"@type":"ImageObject","inLanguage":"de","@id":"https:\/\/secure.gravatar.com\/avatar\/6977c5e4d81f2a717dcf76e5e74d7a00b583f3f83a2b00830dedfc799d928343?s=96&d=mm&r=g","url":"https:\/\/secure.gravatar.com\/avatar\/6977c5e4d81f2a717dcf76e5e74d7a00b583f3f83a2b00830dedfc799d928343?s=96&d=mm&r=g","contentUrl":"https:\/\/secure.gravatar.com\/avatar\/6977c5e4d81f2a717dcf76e5e74d7a00b583f3f83a2b00830dedfc799d928343?s=96&d=mm&r=g","caption":"Jan"},"description":"Wohnt in M\u00fcnchen, hat aber bis heute keine Ahnung, wie er dort gelandet ist. W\u00fcnscht sich manchmal eine dritte Stimme im Kopf, die ihn davon abh\u00e4lt, auszusprechen, was er gerade denkt. Mag Sport und jeden Kartoffelchip einzeln zu essen. Hasst es, sich auf neue Duschen einstellen zu m\u00fcssen. In einer Beziehung mit Social Media \u2013 aber es ist kompliziert.","url":"https:\/\/www.thebestsocial.media\/de\/author\/janhorstkoetter\/"}]}},"amp_enabled":true,"_links":{"self":[{"href":"https:\/\/www.thebestsocial.media\/de\/wp-json\/wp\/v2\/posts\/160162","targetHints":{"allow":["GET"]}}],"collection":[{"href":"https:\/\/www.thebestsocial.media\/de\/wp-json\/wp\/v2\/posts"}],"about":[{"href":"https:\/\/www.thebestsocial.media\/de\/wp-json\/wp\/v2\/types\/post"}],"author":[{"embeddable":true,"href":"https:\/\/www.thebestsocial.media\/de\/wp-json\/wp\/v2\/users\/65"}],"replies":[{"embeddable":true,"href":"https:\/\/www.thebestsocial.media\/de\/wp-json\/wp\/v2\/comments?post=160162"}],"version-history":[{"count":1,"href":"https:\/\/www.thebestsocial.media\/de\/wp-json\/wp\/v2\/posts\/160162\/revisions"}],"predecessor-version":[{"id":160172,"href":"https:\/\/www.thebestsocial.media\/de\/wp-json\/wp\/v2\/posts\/160162\/revisions\/160172"}],"wp:featuredmedia":[{"embeddable":true,"href":"https:\/\/www.thebestsocial.media\/de\/wp-json\/wp\/v2\/media\/160174"}],"wp:attachment":[{"href":"https:\/\/www.thebestsocial.media\/de\/wp-json\/wp\/v2\/media?parent=160162"}],"wp:term":[{"taxonomy":"category","embeddable":true,"href":"https:\/\/www.thebestsocial.media\/de\/wp-json\/wp\/v2\/categories?post=160162"},{"taxonomy":"post_tag","embeddable":true,"href":"https:\/\/www.thebestsocial.media\/de\/wp-json\/wp\/v2\/tags?post=160162"}],"curies":[{"name":"wp","href":"https:\/\/api.w.org\/{rel}","templated":true}]}}