{"id":160033,"date":"2022-04-15T07:24:04","date_gmt":"2022-04-15T07:24:04","guid":{"rendered":"https:\/\/www.thebestsocial.media\/de\/?p=160033"},"modified":"2022-04-15T07:24:04","modified_gmt":"2022-04-15T07:24:04","slug":"karfreitag-ein-feiertag-an-dem-so-wirklich-gar-nichts-passiert","status":"publish","type":"post","link":"https:\/\/www.thebestsocial.media\/de\/karfreitag-ein-feiertag-an-dem-so-wirklich-gar-nichts-passiert\/","title":{"rendered":"Karfreitag: ein Feiertag, an dem so wirklich GAR NICHTS passiert"},"content":{"rendered":"<p dir=\"ltr\" lang=\"de\">Es ist mal wieder so weit: heute ist Karfreitag. Ein sehr stiller Feiertag, an dem Nichtstun eine neue Bedeutung erlangt. F\u00fcr Christen ist dieser Tag besonders wichtig: es wird dem Leiden Jesu gedacht und das in Stille. Karfreitag ist es auch verboten Fleisch zu essen, weshalb heute bei vielen Fisch auf den Tisch kommt. Twitter hat so seine Meinung zu diesem besonders ruhigen Tag:<\/p>\n<h3 dir=\"ltr\" lang=\"de\" style=\"text-align: center;\">Hoffentlich habt ihr alle vorausgedacht&amp; wart schon einkaufen:<\/h3>\n<blockquote class=\"twitter-tweet\">\n<p dir=\"ltr\" lang=\"de\">Jeder Deutsche am Tag vorm Feiertag. <a href=\"https:\/\/t.co\/fIeysVEtIH\">pic.twitter.com\/fIeysVEtIH<\/a><\/p>\n<p>\u2014 Fabio (@FLietzke) <a href=\"https:\/\/twitter.com\/FLietzke\/status\/1514644720298995716?ref_src=twsrc%5Etfw\">April 14, 2022<\/a><\/p><\/blockquote>\n<p><script async src=\"https:\/\/platform.twitter.com\/widgets.js\" charset=\"utf-8\"><\/script><\/p>\n<h3 style=\"text-align: center;\">Wirklich schade, so eine vergeudete Chancen&#8230;<\/h3>\n<blockquote class=\"twitter-tweet\">\n<p dir=\"ltr\" lang=\"de\">Mitleid mit allen Autoh\u00e4usern, die heute leider geschlossen haben m\u00fcssen, obwohl ihnen dieser Feiertag wortspieltechnisch so viele M\u00f6glichkeiten geben w\u00fcrde.<\/p>\n<p>\u2014 Adrian Krug (@Hasscompilation) <a href=\"https:\/\/twitter.com\/Hasscompilation\/status\/1514825135320092674?ref_src=twsrc%5Etfw\">April 15, 2022<\/a><\/p><\/blockquote>\n<p><script async src=\"https:\/\/platform.twitter.com\/widgets.js\" charset=\"utf-8\"><\/script><\/p>\n<h3 style=\"text-align: center;\">Heute habt ihr Zeit, f\u00fcr Ostern zu dekorieren!<\/h3>\n<blockquote class=\"twitter-tweet\">\n<p dir=\"ltr\" lang=\"de\">Guten Morgen in die Runde, Ostern ist \u00fcberall.Ich w\u00fcnsche euch einen besinnlichen Feiertag. <a href=\"https:\/\/t.co\/pRZr83PIuB\">pic.twitter.com\/pRZr83PIuB<\/a><\/p>\n<p>\u2014 Resa (@petrasanussi17) <a href=\"https:\/\/twitter.com\/petrasanussi17\/status\/1514837533976313864?ref_src=twsrc%5Etfw\">April 15, 2022<\/a><\/p><\/blockquote>\n<p><script async src=\"https:\/\/platform.twitter.com\/widgets.js\" charset=\"utf-8\"><\/script><\/p>\n<h3 style=\"text-align: center;\">Never gets old! Dumm, d\u00fcmmer, Donald Trump auf Twitter.<\/h3>\n<blockquote class=\"twitter-tweet\">\n<p dir=\"ltr\" lang=\"de\">Wer kennt ihn nicht, den fr\u00f6hlichsten Tag im Kirchenjahr: Karfreitag. <a href=\"https:\/\/t.co\/Cw4NNMkwkB\">pic.twitter.com\/Cw4NNMkwkB<\/a><\/p>\n<p>\u2014 Johanna Sprondel (@jsprondel) <a href=\"https:\/\/twitter.com\/jsprondel\/status\/1248697968707940357?ref_src=twsrc%5Etfw\">April 10, 2020<\/a><\/p><\/blockquote>\n<p><script async src=\"https:\/\/platform.twitter.com\/widgets.js\" charset=\"utf-8\"><\/script><\/p>\n<h3 style=\"text-align: center;\">Na dann, viel Gl\u00fcck euch beiden!<\/h3>\n<blockquote class=\"twitter-tweet\">\n<p dir=\"ltr\" lang=\"de\">I: \u201eIch bekomme meine Tage, ich bin so mies drauf, das ist echt nicht witzig\u2026\u201c<\/p>\n<p>Mann: \u201eF\u00fcr mich ist das auch nicht witzig.\u201c<\/p>\n<p>Wie praktisch, dass morgen Karfreitag ist. Die Hauptrolle wurde so eben besetzt.<\/p>\n<p>\u2014 Frau \u15f0 (\u15f0 = manchmal mutig, meistens m\u00fcde) (@Frau_M_aus_BB) <a href=\"https:\/\/twitter.com\/Frau_M_aus_BB\/status\/1514525962762960899?ref_src=twsrc%5Etfw\">April 14, 2022<\/a><\/p><\/blockquote>\n<p><script async src=\"https:\/\/platform.twitter.com\/widgets.js\" charset=\"utf-8\"><\/script><\/p>\n<h3 style=\"text-align: center;\">Aber wohin fahren sie denn?<\/h3>\n<blockquote class=\"twitter-tweet\">\n<p dir=\"ltr\" lang=\"de\">Wenn ich sage &#8222;Wir fahren an Karfreitag Vormittags los&#8220;, gehen wir hier von folgenden Zeiten aus:<\/p>\n<p>Meine Mutter: 08:00 Uhr<\/p>\n<p>Ich: 10:00 Uhr<\/p>\n<p>Mein Freund: 11:59 Uhr<\/p>\n<p>\u2014 Geraldine \ud83c\uddfa\ud83c\udde6 (@socialgeraldine) <a href=\"https:\/\/twitter.com\/socialgeraldine\/status\/1513893829983850508?ref_src=twsrc%5Etfw\">April 12, 2022<\/a><\/p><\/blockquote>\n<p><script async src=\"https:\/\/platform.twitter.com\/widgets.js\" charset=\"utf-8\"><\/script><\/p>\n<h3 style=\"text-align: center;\">Nostalgie.<\/h3>\n<blockquote class=\"twitter-tweet\">\n<p dir=\"ltr\" lang=\"de\">Ach war die Welt noch sch\u00f6n als <a href=\"https:\/\/twitter.com\/hashtag\/tanzverbot?src=hash&amp;ref_src=twsrc%5Etfw\">#tanzverbot<\/a> am <a href=\"https:\/\/twitter.com\/hashtag\/karfreitag?src=hash&amp;ref_src=twsrc%5Etfw\">#karfreitag<\/a> auf Twitter der Aufreger des Jahres war.<\/p>\n<p>\u2014 Carlo &#8222;Realism, Gedankenfetzen, and Rants&#8220; Masala (@CarloMasala1) <a href=\"https:\/\/twitter.com\/CarloMasala1\/status\/1513831830419648513?ref_src=twsrc%5Etfw\">April 12, 2022<\/a><\/p><\/blockquote>\n<p><script async src=\"https:\/\/platform.twitter.com\/widgets.js\" charset=\"utf-8\"><\/script><\/p>\n<h3 style=\"text-align: center;\">Was ist da erschreckender? 5- j\u00e4hriger der &#8222;gell&#8220; sagt, oder&#8230;?<\/h3>\n<blockquote class=\"twitter-tweet\">\n<p dir=\"ltr\" lang=\"de\">Ich verstehe ihn. M\u00f6chte an dieser Stelle gerne meinen 5j\u00e4hrigen Sohn zitieren:<br \/>\n&#8222;Gell Mama, am Karfreitag wurde Jesus geschlachtet.&#8220;<br \/>\nDa ist mir auch erst mal alles aus dem Gesicht geflogen \ud83e\udd2d<\/p>\n<p>\u2014 GeographyMom (@BMadGeo) <a href=\"https:\/\/twitter.com\/BMadGeo\/status\/1513499583980228609?ref_src=twsrc%5Etfw\">April 11, 2022<\/a><\/p><\/blockquote>\n<p><script async src=\"https:\/\/platform.twitter.com\/widgets.js\" charset=\"utf-8\"><\/script><\/p>\n<h3 style=\"text-align: center;\">Hier ein kleiner Tipp f\u00fcr alle Eltern:<\/h3>\n<blockquote class=\"twitter-tweet\">\n<p dir=\"ltr\" lang=\"de\">Wenn den Kindern am Karfreitag nur langweilig genug ist, dann sitzen sie um kurz vor sechs alle drei friedlich in der K\u00fcche und sch\u00e4len eintr\u00e4chtig Kartoffeln.<br \/>\nIsso. \ud83d\ude09<\/p>\n<p>\u2014 Azul Celeste (@SophiaSchreibt) <a href=\"https:\/\/twitter.com\/SophiaSchreibt\/status\/1378014208789471234?ref_src=twsrc%5Etfw\">April 2, 2021<\/a><\/p><\/blockquote>\n<p><script async src=\"https:\/\/platform.twitter.com\/widgets.js\" charset=\"utf-8\"><\/script><\/p>\n<h3 style=\"text-align: center;\">Ach Dr. Oetker: die Fischst\u00e4bchen- Pizza h\u00e4tten wir heute gebraucht!<\/h3>\n<blockquote class=\"twitter-tweet\">\n<p dir=\"ltr\" lang=\"de\">Schade, dass das mit dem Product Placement gestern nicht geklappt hat.<br \/>\nUnsere erste Wahl f\u00fcr ein letztes Abendmahl bleibt die Fischst\u00e4bchenpizza. Passt \u00fcbrigens auch hervorragend zum morgigen Feiertag. <a href=\"https:\/\/twitter.com\/hashtag\/DiePassion?src=hash&amp;ref_src=twsrc%5Etfw\">#DiePassion<\/a><\/p>\n<p>\u2014 Dr. Oetker Pizza DE (@DrOetkerPizzaDE) <a href=\"https:\/\/twitter.com\/DrOetkerPizzaDE\/status\/1514512887418699776?ref_src=twsrc%5Etfw\">April 14, 2022<\/a><\/p><\/blockquote>\n<p><script async src=\"https:\/\/platform.twitter.com\/widgets.js\" charset=\"utf-8\"><\/script><\/p>\n<p style=\"text-align: center;\">\u2014<br \/>\nVielen Dank an alle f\u00fcr die Posts!<\/p>\n<p><strong>Keine Influencer! Kein Foodporn! Nur ganz viel Spa\u00df \u2013 bei uns auf Instagram:<\/strong><\/p>\n<p style=\"text-align: center;\"><strong>\u2014<\/strong><\/p>\n<blockquote class=\"instagram-media\" style=\"background: #FFF; border: 0; border-radius: 3px; box-shadow: 0 0 1px 0 rgba(0,0,0,0.5),0 1px 10px 0 rgba(0,0,0,0.15); margin: 1px; max-width: 540px; min-width: 326px; padding: 0; width: calc(100% - 2px);\" data-instgrm-captioned=\"\" data-instgrm-permalink=\"https:\/\/www.instagram.com\/p\/CcVwVYEKPBw\/?utm_source=ig_embed&amp;utm_campaign=loading\" data-instgrm-version=\"14\">\n<div style=\"padding: 16px;\">\n<p>&nbsp;<\/p>\n<div style=\"display: flex; flex-direction: row; align-items: center;\">\n<div style=\"background-color: #f4f4f4; border-radius: 50%; flex-grow: 0; height: 40px; margin-right: 14px; width: 40px;\"><\/div>\n<div style=\"display: flex; flex-direction: column; flex-grow: 1; justify-content: center;\">\n<div style=\"background-color: #f4f4f4; border-radius: 4px; flex-grow: 0; height: 14px; margin-bottom: 6px; width: 100px;\"><\/div>\n<div style=\"background-color: #f4f4f4; border-radius: 4px; flex-grow: 0; height: 14px; width: 60px;\"><\/div>\n<\/div>\n<\/div>\n<div style=\"padding: 19% 0;\"><\/div>\n<div style=\"display: block; height: 50px; margin: 0 auto 12px; width: 50px;\"><\/div>\n<div style=\"padding-top: 8px;\">\n<div style=\"color: #3897f0; font-family: Arial,sans-serif; font-size: 14px; font-style: normal; font-weight: 550; line-height: 18px;\">Sieh dir diesen Beitrag auf Instagram an<\/div>\n<\/div>\n<div style=\"padding: 12.5% 0;\"><\/div>\n<div style=\"display: flex; flex-direction: row; margin-bottom: 14px; align-items: center;\">\n<div>\n<div style=\"background-color: #f4f4f4; border-radius: 50%; height: 12.5px; width: 12.5px; transform: translateX(0px) translateY(7px);\"><\/div>\n<div style=\"background-color: #f4f4f4; height: 12.5px; transform: rotate(-45deg) translateX(3px) translateY(1px); width: 12.5px; flex-grow: 0; margin-right: 14px; margin-left: 2px;\"><\/div>\n<div style=\"background-color: #f4f4f4; border-radius: 50%; height: 12.5px; width: 12.5px; transform: translateX(9px) translateY(-18px);\"><\/div>\n<\/div>\n<div style=\"margin-left: 8px;\">\n<div style=\"background-color: #f4f4f4; border-radius: 50%; flex-grow: 0; height: 20px; width: 20px;\"><\/div>\n<div style=\"width: 0; height: 0; border-top: 2px solid transparent; border-left: 6px solid #f4f4f4; border-bottom: 2px solid transparent; transform: translateX(16px) translateY(-4px) rotate(30deg);\"><\/div>\n<\/div>\n<div style=\"margin-left: auto;\">\n<div style=\"width: 0px; border-top: 8px solid #F4F4F4; border-right: 8px solid transparent; transform: translateY(16px);\"><\/div>\n<div style=\"background-color: #f4f4f4; flex-grow: 0; height: 12px; width: 16px; transform: translateY(-4px);\"><\/div>\n<div style=\"width: 0; height: 0; border-top: 8px solid #F4F4F4; border-left: 8px solid transparent; transform: translateY(-4px) translateX(8px);\"><\/div>\n<\/div>\n<\/div>\n<div style=\"display: flex; flex-direction: column; flex-grow: 1; justify-content: center; margin-bottom: 24px;\">\n<div style=\"background-color: #f4f4f4; border-radius: 4px; flex-grow: 0; height: 14px; margin-bottom: 6px; width: 224px;\"><\/div>\n<div style=\"background-color: #f4f4f4; border-radius: 4px; flex-grow: 0; height: 14px; width: 144px;\"><\/div>\n<\/div>\n<p>&nbsp;<\/p>\n<p style=\"color: #c9c8cd; font-family: Arial,sans-serif; font-size: 14px; line-height: 17px; margin-bottom: 0; margin-top: 8px; overflow: hidden; padding: 8px 0 7px; text-align: center; text-overflow: ellipsis; white-space: nowrap;\"><a style=\"color: #c9c8cd; font-family: Arial,sans-serif; font-size: 14px; font-style: normal; font-weight: normal; line-height: 17px; text-decoration: none;\" href=\"https:\/\/www.instagram.com\/p\/CcVwVYEKPBw\/?utm_source=ig_embed&amp;utm_campaign=loading\" target=\"_blank\" rel=\"noopener\">Ein Beitrag geteilt von The Best Social Media &#8211; DE (@thebestsocialmediade)<\/a><\/p>\n<\/div>\n<\/blockquote>\n\n<script async defer src=\"\/instagram-embed.js\"><\/script>","protected":false},"excerpt":{"rendered":"<p>Es ist mal wieder so weit: heute ist Karfreitag. Ein sehr stiller Feiertag, an dem Nichtstun eine neue Bedeutung erlangt. F\u00fcr Christen ist dieser Tag&#8230;<\/p>\n","protected":false},"author":88,"featured_media":160037,"comment_status":"open","ping_status":"open","sticky":false,"template":"","format":"standard","meta":{"_acf_changed":false,"footnotes":""},"categories":[1728,35],"tags":[381,382,58],"class_list":["post-160033","post","type-post","status-publish","format-standard","has-post-thumbnail","hentry","category-humor","category-twitter","tag-karfreitag","tag-ostern","tag-twitter"],"acf":[],"yoast_head":"<!-- This site is optimized with the Yoast SEO plugin v27.5 - https:\/\/yoast.com\/product\/yoast-seo-wordpress\/ -->\n<title>Karfreitag: ein Feiertag, an dem so wirklich GAR NICHTS passiert<\/title>\n<meta name=\"robots\" content=\"index, follow, max-snippet:-1, max-image-preview:large, max-video-preview:-1\" \/>\n<link rel=\"canonical\" href=\"https:\/\/www.thebestsocial.media\/de\/karfreitag-ein-feiertag-an-dem-so-wirklich-gar-nichts-passiert\/\" \/>\n<meta property=\"og:locale\" content=\"de_DE\" \/>\n<meta property=\"og:type\" content=\"article\" \/>\n<meta property=\"og:title\" content=\"Karfreitag: ein Feiertag, an dem so wirklich GAR NICHTS passiert\" \/>\n<meta property=\"og:description\" content=\"Es ist mal wieder so weit: heute ist Karfreitag. Ein sehr stiller Feiertag, an dem Nichtstun eine neue Bedeutung erlangt. F\u00fcr Christen ist dieser Tag...\" \/>\n<meta property=\"og:url\" content=\"https:\/\/www.thebestsocial.media\/de\/karfreitag-ein-feiertag-an-dem-so-wirklich-gar-nichts-passiert\/\" \/>\n<meta property=\"og:site_name\" content=\"The Best Social Media DE\" \/>\n<meta property=\"article:published_time\" content=\"2022-04-15T07:24:04+00:00\" \/>\n<meta property=\"og:image\" content=\"https:\/\/www.thebestsocial.media\/de\/wp-content\/uploads\/sites\/3\/2022\/04\/header-karfreitag.png\" \/>\n\t<meta property=\"og:image:width\" content=\"1200\" \/>\n\t<meta property=\"og:image:height\" content=\"630\" \/>\n\t<meta property=\"og:image:type\" content=\"image\/png\" \/>\n<meta name=\"author\" content=\"Johanna Burghagen\" \/>\n<meta name=\"twitter:card\" content=\"summary_large_image\" \/>\n<meta name=\"twitter:label1\" content=\"Verfasst von\" \/>\n\t<meta name=\"twitter:data1\" content=\"Johanna Burghagen\" \/>\n\t<meta name=\"twitter:label2\" content=\"Gesch\u00e4tzte Lesezeit\" \/>\n\t<meta name=\"twitter:data2\" content=\"3\u00a0Minuten\" \/>\n<script type=\"application\/ld+json\" class=\"yoast-schema-graph\">{\"@context\":\"https:\\\/\\\/schema.org\",\"@graph\":[{\"@type\":\"Article\",\"@id\":\"https:\\\/\\\/www.thebestsocial.media\\\/de\\\/karfreitag-ein-feiertag-an-dem-so-wirklich-gar-nichts-passiert\\\/#article\",\"isPartOf\":{\"@id\":\"https:\\\/\\\/www.thebestsocial.media\\\/de\\\/karfreitag-ein-feiertag-an-dem-so-wirklich-gar-nichts-passiert\\\/\"},\"author\":{\"name\":\"Johanna Burghagen\",\"@id\":\"https:\\\/\\\/www.thebestsocial.media\\\/de\\\/#\\\/schema\\\/person\\\/5f13d9837bcff33cc8d453e30fa88553\"},\"headline\":\"Karfreitag: ein Feiertag, an dem so wirklich GAR NICHTS passiert\",\"datePublished\":\"2022-04-15T07:24:04+00:00\",\"mainEntityOfPage\":{\"@id\":\"https:\\\/\\\/www.thebestsocial.media\\\/de\\\/karfreitag-ein-feiertag-an-dem-so-wirklich-gar-nichts-passiert\\\/\"},\"wordCount\":484,\"commentCount\":0,\"image\":{\"@id\":\"https:\\\/\\\/www.thebestsocial.media\\\/de\\\/karfreitag-ein-feiertag-an-dem-so-wirklich-gar-nichts-passiert\\\/#primaryimage\"},\"thumbnailUrl\":\"https:\\\/\\\/www.thebestsocial.media\\\/de\\\/wp-content\\\/uploads\\\/sites\\\/3\\\/2022\\\/04\\\/hintergrund-karfreitag.jpg\",\"keywords\":[\"Karfreitag\",\"ostern\",\"twitter\"],\"articleSection\":[\"Humor\",\"Twitter\"],\"inLanguage\":\"de\",\"potentialAction\":[{\"@type\":\"CommentAction\",\"name\":\"Comment\",\"target\":[\"https:\\\/\\\/www.thebestsocial.media\\\/de\\\/karfreitag-ein-feiertag-an-dem-so-wirklich-gar-nichts-passiert\\\/#respond\"]}]},{\"@type\":\"WebPage\",\"@id\":\"https:\\\/\\\/www.thebestsocial.media\\\/de\\\/karfreitag-ein-feiertag-an-dem-so-wirklich-gar-nichts-passiert\\\/\",\"url\":\"https:\\\/\\\/www.thebestsocial.media\\\/de\\\/karfreitag-ein-feiertag-an-dem-so-wirklich-gar-nichts-passiert\\\/\",\"name\":\"Karfreitag: ein Feiertag, an dem so wirklich GAR NICHTS passiert\",\"isPartOf\":{\"@id\":\"https:\\\/\\\/www.thebestsocial.media\\\/de\\\/#website\"},\"primaryImageOfPage\":{\"@id\":\"https:\\\/\\\/www.thebestsocial.media\\\/de\\\/karfreitag-ein-feiertag-an-dem-so-wirklich-gar-nichts-passiert\\\/#primaryimage\"},\"image\":{\"@id\":\"https:\\\/\\\/www.thebestsocial.media\\\/de\\\/karfreitag-ein-feiertag-an-dem-so-wirklich-gar-nichts-passiert\\\/#primaryimage\"},\"thumbnailUrl\":\"https:\\\/\\\/www.thebestsocial.media\\\/de\\\/wp-content\\\/uploads\\\/sites\\\/3\\\/2022\\\/04\\\/hintergrund-karfreitag.jpg\",\"datePublished\":\"2022-04-15T07:24:04+00:00\",\"author\":{\"@id\":\"https:\\\/\\\/www.thebestsocial.media\\\/de\\\/#\\\/schema\\\/person\\\/5f13d9837bcff33cc8d453e30fa88553\"},\"breadcrumb\":{\"@id\":\"https:\\\/\\\/www.thebestsocial.media\\\/de\\\/karfreitag-ein-feiertag-an-dem-so-wirklich-gar-nichts-passiert\\\/#breadcrumb\"},\"inLanguage\":\"de\",\"potentialAction\":[{\"@type\":\"ReadAction\",\"target\":[\"https:\\\/\\\/www.thebestsocial.media\\\/de\\\/karfreitag-ein-feiertag-an-dem-so-wirklich-gar-nichts-passiert\\\/\"]}]},{\"@type\":\"ImageObject\",\"inLanguage\":\"de\",\"@id\":\"https:\\\/\\\/www.thebestsocial.media\\\/de\\\/karfreitag-ein-feiertag-an-dem-so-wirklich-gar-nichts-passiert\\\/#primaryimage\",\"url\":\"https:\\\/\\\/www.thebestsocial.media\\\/de\\\/wp-content\\\/uploads\\\/sites\\\/3\\\/2022\\\/04\\\/hintergrund-karfreitag.jpg\",\"contentUrl\":\"https:\\\/\\\/www.thebestsocial.media\\\/de\\\/wp-content\\\/uploads\\\/sites\\\/3\\\/2022\\\/04\\\/hintergrund-karfreitag.jpg\",\"width\":1920,\"height\":1280},{\"@type\":\"BreadcrumbList\",\"@id\":\"https:\\\/\\\/www.thebestsocial.media\\\/de\\\/karfreitag-ein-feiertag-an-dem-so-wirklich-gar-nichts-passiert\\\/#breadcrumb\",\"itemListElement\":[{\"@type\":\"ListItem\",\"position\":1,\"name\":\"Home\",\"item\":\"https:\\\/\\\/www.thebestsocial.media\\\/de\\\/\"},{\"@type\":\"ListItem\",\"position\":2,\"name\":\"Karfreitag: ein Feiertag, an dem so wirklich GAR NICHTS passiert\"}]},{\"@type\":\"WebSite\",\"@id\":\"https:\\\/\\\/www.thebestsocial.media\\\/de\\\/#website\",\"url\":\"https:\\\/\\\/www.thebestsocial.media\\\/de\\\/\",\"name\":\"The Best Social Media DE\",\"description\":\"\",\"potentialAction\":[{\"@type\":\"SearchAction\",\"target\":{\"@type\":\"EntryPoint\",\"urlTemplate\":\"https:\\\/\\\/www.thebestsocial.media\\\/de\\\/?s={search_term_string}\"},\"query-input\":{\"@type\":\"PropertyValueSpecification\",\"valueRequired\":true,\"valueName\":\"search_term_string\"}}],\"inLanguage\":\"de\"},{\"@type\":\"Person\",\"@id\":\"https:\\\/\\\/www.thebestsocial.media\\\/de\\\/#\\\/schema\\\/person\\\/5f13d9837bcff33cc8d453e30fa88553\",\"name\":\"Johanna Burghagen\",\"image\":{\"@type\":\"ImageObject\",\"inLanguage\":\"de\",\"@id\":\"https:\\\/\\\/secure.gravatar.com\\\/avatar\\\/8dfe01b309e4d382459737f38d2b4a93e798f4a0954f87f9c620bc34440b8c7e?s=96&d=mm&r=g\",\"url\":\"https:\\\/\\\/secure.gravatar.com\\\/avatar\\\/8dfe01b309e4d382459737f38d2b4a93e798f4a0954f87f9c620bc34440b8c7e?s=96&d=mm&r=g\",\"contentUrl\":\"https:\\\/\\\/secure.gravatar.com\\\/avatar\\\/8dfe01b309e4d382459737f38d2b4a93e798f4a0954f87f9c620bc34440b8c7e?s=96&d=mm&r=g\",\"caption\":\"Johanna Burghagen\"},\"url\":\"https:\\\/\\\/www.thebestsocial.media\\\/de\\\/author\\\/johannaburghagen\\\/\"}]}<\/script>\n<!-- \/ Yoast SEO plugin. -->","yoast_head_json":{"title":"Karfreitag: ein Feiertag, an dem so wirklich GAR NICHTS passiert","robots":{"index":"index","follow":"follow","max-snippet":"max-snippet:-1","max-image-preview":"max-image-preview:large","max-video-preview":"max-video-preview:-1"},"canonical":"https:\/\/www.thebestsocial.media\/de\/karfreitag-ein-feiertag-an-dem-so-wirklich-gar-nichts-passiert\/","og_locale":"de_DE","og_type":"article","og_title":"Karfreitag: ein Feiertag, an dem so wirklich GAR NICHTS passiert","og_description":"Es ist mal wieder so weit: heute ist Karfreitag. Ein sehr stiller Feiertag, an dem Nichtstun eine neue Bedeutung erlangt. F\u00fcr Christen ist dieser Tag...","og_url":"https:\/\/www.thebestsocial.media\/de\/karfreitag-ein-feiertag-an-dem-so-wirklich-gar-nichts-passiert\/","og_site_name":"The Best Social Media DE","article_published_time":"2022-04-15T07:24:04+00:00","og_image":[{"width":1200,"height":630,"url":"https:\/\/www.thebestsocial.media\/de\/wp-content\/uploads\/sites\/3\/2022\/04\/header-karfreitag.png","type":"image\/png"}],"author":"Johanna Burghagen","twitter_card":"summary_large_image","twitter_misc":{"Verfasst von":"Johanna Burghagen","Gesch\u00e4tzte Lesezeit":"3\u00a0Minuten"},"schema":{"@context":"https:\/\/schema.org","@graph":[{"@type":"Article","@id":"https:\/\/www.thebestsocial.media\/de\/karfreitag-ein-feiertag-an-dem-so-wirklich-gar-nichts-passiert\/#article","isPartOf":{"@id":"https:\/\/www.thebestsocial.media\/de\/karfreitag-ein-feiertag-an-dem-so-wirklich-gar-nichts-passiert\/"},"author":{"name":"Johanna Burghagen","@id":"https:\/\/www.thebestsocial.media\/de\/#\/schema\/person\/5f13d9837bcff33cc8d453e30fa88553"},"headline":"Karfreitag: ein Feiertag, an dem so wirklich GAR NICHTS passiert","datePublished":"2022-04-15T07:24:04+00:00","mainEntityOfPage":{"@id":"https:\/\/www.thebestsocial.media\/de\/karfreitag-ein-feiertag-an-dem-so-wirklich-gar-nichts-passiert\/"},"wordCount":484,"commentCount":0,"image":{"@id":"https:\/\/www.thebestsocial.media\/de\/karfreitag-ein-feiertag-an-dem-so-wirklich-gar-nichts-passiert\/#primaryimage"},"thumbnailUrl":"https:\/\/www.thebestsocial.media\/de\/wp-content\/uploads\/sites\/3\/2022\/04\/hintergrund-karfreitag.jpg","keywords":["Karfreitag","ostern","twitter"],"articleSection":["Humor","Twitter"],"inLanguage":"de","potentialAction":[{"@type":"CommentAction","name":"Comment","target":["https:\/\/www.thebestsocial.media\/de\/karfreitag-ein-feiertag-an-dem-so-wirklich-gar-nichts-passiert\/#respond"]}]},{"@type":"WebPage","@id":"https:\/\/www.thebestsocial.media\/de\/karfreitag-ein-feiertag-an-dem-so-wirklich-gar-nichts-passiert\/","url":"https:\/\/www.thebestsocial.media\/de\/karfreitag-ein-feiertag-an-dem-so-wirklich-gar-nichts-passiert\/","name":"Karfreitag: ein Feiertag, an dem so wirklich GAR NICHTS passiert","isPartOf":{"@id":"https:\/\/www.thebestsocial.media\/de\/#website"},"primaryImageOfPage":{"@id":"https:\/\/www.thebestsocial.media\/de\/karfreitag-ein-feiertag-an-dem-so-wirklich-gar-nichts-passiert\/#primaryimage"},"image":{"@id":"https:\/\/www.thebestsocial.media\/de\/karfreitag-ein-feiertag-an-dem-so-wirklich-gar-nichts-passiert\/#primaryimage"},"thumbnailUrl":"https:\/\/www.thebestsocial.media\/de\/wp-content\/uploads\/sites\/3\/2022\/04\/hintergrund-karfreitag.jpg","datePublished":"2022-04-15T07:24:04+00:00","author":{"@id":"https:\/\/www.thebestsocial.media\/de\/#\/schema\/person\/5f13d9837bcff33cc8d453e30fa88553"},"breadcrumb":{"@id":"https:\/\/www.thebestsocial.media\/de\/karfreitag-ein-feiertag-an-dem-so-wirklich-gar-nichts-passiert\/#breadcrumb"},"inLanguage":"de","potentialAction":[{"@type":"ReadAction","target":["https:\/\/www.thebestsocial.media\/de\/karfreitag-ein-feiertag-an-dem-so-wirklich-gar-nichts-passiert\/"]}]},{"@type":"ImageObject","inLanguage":"de","@id":"https:\/\/www.thebestsocial.media\/de\/karfreitag-ein-feiertag-an-dem-so-wirklich-gar-nichts-passiert\/#primaryimage","url":"https:\/\/www.thebestsocial.media\/de\/wp-content\/uploads\/sites\/3\/2022\/04\/hintergrund-karfreitag.jpg","contentUrl":"https:\/\/www.thebestsocial.media\/de\/wp-content\/uploads\/sites\/3\/2022\/04\/hintergrund-karfreitag.jpg","width":1920,"height":1280},{"@type":"BreadcrumbList","@id":"https:\/\/www.thebestsocial.media\/de\/karfreitag-ein-feiertag-an-dem-so-wirklich-gar-nichts-passiert\/#breadcrumb","itemListElement":[{"@type":"ListItem","position":1,"name":"Home","item":"https:\/\/www.thebestsocial.media\/de\/"},{"@type":"ListItem","position":2,"name":"Karfreitag: ein Feiertag, an dem so wirklich GAR NICHTS passiert"}]},{"@type":"WebSite","@id":"https:\/\/www.thebestsocial.media\/de\/#website","url":"https:\/\/www.thebestsocial.media\/de\/","name":"The Best Social Media DE","description":"","potentialAction":[{"@type":"SearchAction","target":{"@type":"EntryPoint","urlTemplate":"https:\/\/www.thebestsocial.media\/de\/?s={search_term_string}"},"query-input":{"@type":"PropertyValueSpecification","valueRequired":true,"valueName":"search_term_string"}}],"inLanguage":"de"},{"@type":"Person","@id":"https:\/\/www.thebestsocial.media\/de\/#\/schema\/person\/5f13d9837bcff33cc8d453e30fa88553","name":"Johanna Burghagen","image":{"@type":"ImageObject","inLanguage":"de","@id":"https:\/\/secure.gravatar.com\/avatar\/8dfe01b309e4d382459737f38d2b4a93e798f4a0954f87f9c620bc34440b8c7e?s=96&d=mm&r=g","url":"https:\/\/secure.gravatar.com\/avatar\/8dfe01b309e4d382459737f38d2b4a93e798f4a0954f87f9c620bc34440b8c7e?s=96&d=mm&r=g","contentUrl":"https:\/\/secure.gravatar.com\/avatar\/8dfe01b309e4d382459737f38d2b4a93e798f4a0954f87f9c620bc34440b8c7e?s=96&d=mm&r=g","caption":"Johanna Burghagen"},"url":"https:\/\/www.thebestsocial.media\/de\/author\/johannaburghagen\/"}]}},"amp_enabled":true,"_links":{"self":[{"href":"https:\/\/www.thebestsocial.media\/de\/wp-json\/wp\/v2\/posts\/160033","targetHints":{"allow":["GET"]}}],"collection":[{"href":"https:\/\/www.thebestsocial.media\/de\/wp-json\/wp\/v2\/posts"}],"about":[{"href":"https:\/\/www.thebestsocial.media\/de\/wp-json\/wp\/v2\/types\/post"}],"author":[{"embeddable":true,"href":"https:\/\/www.thebestsocial.media\/de\/wp-json\/wp\/v2\/users\/88"}],"replies":[{"embeddable":true,"href":"https:\/\/www.thebestsocial.media\/de\/wp-json\/wp\/v2\/comments?post=160033"}],"version-history":[{"count":3,"href":"https:\/\/www.thebestsocial.media\/de\/wp-json\/wp\/v2\/posts\/160033\/revisions"}],"predecessor-version":[{"id":160036,"href":"https:\/\/www.thebestsocial.media\/de\/wp-json\/wp\/v2\/posts\/160033\/revisions\/160036"}],"wp:featuredmedia":[{"embeddable":true,"href":"https:\/\/www.thebestsocial.media\/de\/wp-json\/wp\/v2\/media\/160037"}],"wp:attachment":[{"href":"https:\/\/www.thebestsocial.media\/de\/wp-json\/wp\/v2\/media?parent=160033"}],"wp:term":[{"taxonomy":"category","embeddable":true,"href":"https:\/\/www.thebestsocial.media\/de\/wp-json\/wp\/v2\/categories?post=160033"},{"taxonomy":"post_tag","embeddable":true,"href":"https:\/\/www.thebestsocial.media\/de\/wp-json\/wp\/v2\/tags?post=160033"}],"curies":[{"name":"wp","href":"https:\/\/api.w.org\/{rel}","templated":true}]}}