{"id":159916,"date":"2022-04-13T15:36:26","date_gmt":"2022-04-13T15:36:26","guid":{"rendered":"https:\/\/www.thebestsocial.media\/de\/?p=159916"},"modified":"2022-04-13T15:36:26","modified_gmt":"2022-04-13T15:36:26","slug":"ankerkraut-nestle","status":"publish","type":"post","link":"https:\/\/www.thebestsocial.media\/de\/ankerkraut-nestle\/","title":{"rendered":"Ankerkraut verkauft Anteile an Nestl\u00e9 und bekommt daf\u00fcr gepfefferte Kritik auf Twitter"},"content":{"rendered":"<p>Die H\u00f6hle der L\u00f6wen hat ja schon so einigen Produkten zu mehr Bekanntheit und Erfolg verholfen &#8211; besonders abger\u00e4umt hat dabei das Unternehmen Ankerkraut, das Gew\u00fcrzmischungen verkauft. Das Gr\u00fcnderpaar war zuletzt sogar selbst als Investoren bei der Show zu sehen und wurde bereits da als eher unsympathisch kritisiert. Nun sorgen sie erneut f\u00fcr Unmut. Heute verk\u00fcndeten sie auf Twitter, gro\u00dfe Teile des Unternehmens an Nestl\u00e9 verkauft zu haben. Da Nestl\u00e9 zum Beispiel aufgrund der Privatisierung von Trinkwasser nicht gerade f\u00fcr ethisches Verhalten und Menschlichkeit bekannt ist, kommt diese Neuigkeit \u00fcberhaupt nicht gut an.<\/p>\n<blockquote class=\"twitter-tweet\">\n<p dir=\"ltr\" lang=\"de\">Nestl\u00e9 ist neuer Mehrheitseigent\u00fcmer von Ankerkraut! Wir bleiben eigenst\u00e4ndig: als Unternehmen und Marke. Die Gr\u00fcnder Anne und Stefan, sowie die Gesch\u00e4ftsleitung, bleiben als relevant beteiligte Gesellschafter an Bord und am operativen Gesch\u00e4ft wird sich nichts \u00e4ndern.<\/p>\n<p>\u2014 Ankerkraut GmbH (@ankerkraut) <a href=\"https:\/\/twitter.com\/ankerkraut\/status\/1514193057092153344?ref_src=twsrc%5Etfw\">April 13, 2022<\/a><\/p><\/blockquote>\n<p><script async src=\"https:\/\/platform.twitter.com\/widgets.js\" charset=\"utf-8\"><\/script><\/p>\n<p>&nbsp;<\/p>\n<h3>Die Kommentare unter dem Post klingen alle mehr oder weniger so:<\/h3>\n<blockquote class=\"twitter-tweet\" data-conversation=\"none\">\n<p dir=\"ltr\" lang=\"de\">Sage, dass dir Geld wichtiger als dein Image ist ohne zu sagen, dass dir Geld wichtiger als dein Image ist.<\/p>\n<p>\u2014 Sandra (@DEadlykissED) <a href=\"https:\/\/twitter.com\/DEadlykissED\/status\/1514198273967501315?ref_src=twsrc%5Etfw\">April 13, 2022<\/a><\/p><\/blockquote>\n<p><script async src=\"https:\/\/platform.twitter.com\/widgets.js\" charset=\"utf-8\"><\/script><\/p>\n<p>&nbsp;<\/p>\n<h3>Man ist nicht erfreut.<\/h3>\n<blockquote class=\"twitter-tweet\" data-conversation=\"none\">\n<p dir=\"ltr\" lang=\"de\">Wie kann man SO tief sinken das auch noch als &#8222;wir bleiben eigenst\u00e4ndig&#8220; zu branden \ud83d\ude00<\/p>\n<p>Das ist der gr\u00f6\u00dfte Gag seit dem Salzgehalt in euren Fl\u00e4schchen sorry das geht einfach gar nicht<\/p>\n<p>Adios und gute Reise denkt dabei vlt an die Menschen die wegen Nestl\u00e9 verdursten.<\/p>\n<p>\u2014 Grindmaster Fesxh |hier k\u00f6nnte Ihre Werbung stehen (@GRINDMAST0R) <a href=\"https:\/\/twitter.com\/GRINDMAST0R\/status\/1514214482171645959?ref_src=twsrc%5Etfw\">April 13, 2022<\/a><\/p><\/blockquote>\n<p><script async src=\"https:\/\/platform.twitter.com\/widgets.js\" charset=\"utf-8\"><\/script><\/p>\n<p>&nbsp;<\/p>\n<h3>Wobei einige auch einwerfen, dass sie bei der richtigen Summe vielleicht \u00e4hnlich gehandelt h\u00e4tten.<\/h3>\n<blockquote class=\"twitter-tweet\" data-conversation=\"none\">\n<p dir=\"ltr\" lang=\"de\">Aus moralischer Sicht nicht vertretbar<br \/>\nAus Unternehmerischer Sicht absolut verst\u00e4ndlich<br \/>\nSchwieriges Thema<\/p>\n<p>\u2014 chef (@Chefstrobel) <a href=\"https:\/\/twitter.com\/Chefstrobel\/status\/1514211029986721801?ref_src=twsrc%5Etfw\">April 13, 2022<\/a><\/p><\/blockquote>\n<p><script async src=\"https:\/\/platform.twitter.com\/widgets.js\" charset=\"utf-8\"><\/script><\/p>\n<p>&nbsp;<\/p>\n<h3>Und Julia Kl\u00f6ckner gef\u00e4llt es vermutlich.<\/h3>\n<blockquote class=\"twitter-tweet\">\n<p dir=\"ltr\" lang=\"de\">Wenn du die Pfefferm\u00fchle bis oben hin mit Ankerkraut gef\u00fcllt hast <a href=\"https:\/\/t.co\/3K5gIanhOA\">pic.twitter.com\/3K5gIanhOA<\/a><\/p>\n<p>\u2014 Roman Wagner (@RealRomanWagner) <a href=\"https:\/\/twitter.com\/RealRomanWagner\/status\/1514222251884883969?ref_src=twsrc%5Etfw\">April 13, 2022<\/a><\/p><\/blockquote>\n<p><script async src=\"https:\/\/platform.twitter.com\/widgets.js\" charset=\"utf-8\"><\/script><\/p>\n<p>&nbsp;<\/p>\n<h3>Haupts\u00e4chlich aber: Unverst\u00e4ndnis.<\/h3>\n<blockquote class=\"twitter-tweet\">\n<p dir=\"ltr\" lang=\"de\">Ankerkraut:<br \/>\n&#8222;Hierbei setzen wir auch einen klaren Anspruch an unsere Verantwortung gegen\u00fcber den Menschen, die unsere Gew\u00fcrze so lieben, und gegen\u00fcber unserer Welt und den Lebewesen, die sie bewohnen.&#8220;<\/p>\n<p>Auch Ankerkraut:<br \/>\n*verkauft an Nestle*<\/p>\n<p>\u2014 \ud835\ude67\ud835\ude64\ud835\ude69\ud835\ude5a\ud835\ude67 \ud835\ude65\ud835\ude56\ud835\ude63\ud835\ude59\ud835\ude5a\ud835\ude67 (@roter_pander) <a href=\"https:\/\/twitter.com\/roter_pander\/status\/1514215479895863296?ref_src=twsrc%5Etfw\">April 13, 2022<\/a><\/p><\/blockquote>\n<p><script async src=\"https:\/\/platform.twitter.com\/widgets.js\" charset=\"utf-8\"><\/script><\/p>\n<h3><\/h3>\n<p>&nbsp;<\/p>\n<h3>Es hagelt Boykott-Erkl\u00e4rungen.<\/h3>\n<blockquote class=\"twitter-tweet\">\n<p dir=\"ltr\" lang=\"de\">Ankerkraut hat verk\u00fcndet, dass es von Nestl\u00e9 geschluckt wurde.<\/p>\n<p>Ich verk\u00fcnde daher, dass ich ab sofort nichts mehr von Ankerkraut schlucken werde.<\/p>\n<p>\u2014 Anwaltsgefaxe \ud83c\uddfa\ud83c\udde6 (@anwaltsgelaber) <a href=\"https:\/\/twitter.com\/anwaltsgelaber\/status\/1514221482402095113?ref_src=twsrc%5Etfw\">April 13, 2022<\/a><\/p><\/blockquote>\n<p><script async src=\"https:\/\/platform.twitter.com\/widgets.js\" charset=\"utf-8\"><\/script><\/p>\n<p>&nbsp;<\/p>\n<h3>Da wird ganz drastisch vorgegangen.<\/h3>\n<blockquote class=\"twitter-tweet\">\n<p dir=\"ltr\" lang=\"de\">Um mich weiterhin klar gegen Ankerkraut und Nestl\u00e9 zu positionieren verspreche ich auch in Zukunft nicht selbst zu kochen.<\/p>\n<p>\u2014 Broeki (@Broeki2) <a href=\"https:\/\/twitter.com\/Broeki2\/status\/1514214152016965637?ref_src=twsrc%5Etfw\">April 13, 2022<\/a><\/p><\/blockquote>\n<p><script async src=\"https:\/\/platform.twitter.com\/widgets.js\" charset=\"utf-8\"><\/script><\/p>\n<h3><\/h3>\n<p>&nbsp;<\/p>\n<h3>Reihenweise ziehen auch Influencer Konsequenzen.<\/h3>\n<blockquote class=\"twitter-tweet\">\n<p dir=\"ltr\" lang=\"de\">Ich distanziere mich ab sofort (leider) von Ankerkraut, da ich Nestl\u00e9 absolut unvertretbar als Werbepartner finde und werde, sobald ich am PC bin, alle Werbung von meinem Kanal entfernen. <a href=\"https:\/\/t.co\/eIz0zjy4ly\">https:\/\/t.co\/eIz0zjy4ly<\/a><\/p>\n<p>\u2014 Inzaynia \ud83c\udff3\ufe0f\u200d\ud83c\udf08 (@Inzaynia_Reii) <a href=\"https:\/\/twitter.com\/Inzaynia_Reii\/status\/1514220435600293892?ref_src=twsrc%5Etfw\">April 13, 2022<\/a><\/p><\/blockquote>\n<p><script async src=\"https:\/\/platform.twitter.com\/widgets.js\" charset=\"utf-8\"><\/script><\/p>\n<p>&nbsp;<\/p>\n<h3>Und verk\u00fcnden das Ende ihrer Partnerschaft mit Ankerkraut.<\/h3>\n<blockquote class=\"twitter-tweet\">\n<p dir=\"ltr\" lang=\"de\">Ich hatte noch nie solch ein Produkt, was 1000% zu mir gepasst hat wie Ankerkraut. Ich find es sehr schade, dass ich die Partnerschaft beenden muss.. <a href=\"https:\/\/t.co\/TdcbKOYhgi\">https:\/\/t.co\/TdcbKOYhgi<\/a><\/p>\n<p>\u2014 shushu \ud83c\udff3\ufe0f\u200d\ud83c\udf08 (@shushu) <a href=\"https:\/\/twitter.com\/shushu\/status\/1514212529748291590?ref_src=twsrc%5Etfw\">April 13, 2022<\/a><\/p><\/blockquote>\n<p><script async src=\"https:\/\/platform.twitter.com\/widgets.js\" charset=\"utf-8\"><\/script><\/p>\n<p>&nbsp;<\/p>\n<h3>Oder anders gesagt:<\/h3>\n<blockquote class=\"twitter-tweet\">\n<p dir=\"ltr\" lang=\"de\">egal wie schei\u00dfe euer tag bisher war, immerhin arbeitet ihr nicht im influencer marketing bei ankerkraut<\/p>\n<p>\u2014 Vlesk (@Vlesk) <a href=\"https:\/\/twitter.com\/Vlesk\/status\/1514210008061423616?ref_src=twsrc%5Etfw\">April 13, 2022<\/a><\/p><\/blockquote>\n<p><script async src=\"https:\/\/platform.twitter.com\/widgets.js\" charset=\"utf-8\"><\/script><\/p>\n<p>&nbsp;<\/p>\n<h3>Insgesamt nicht so optimal gelaufen.<\/h3>\n<blockquote class=\"twitter-tweet\">\n<p dir=\"ltr\" lang=\"de\">Ankerkraut bekommt mehr Salz heute, als jemals in ihrem Gew\u00fcrzregal drin gewesen ist<\/p>\n<p>\u2014 rewinside (@rewinside) <a href=\"https:\/\/twitter.com\/rewinside\/status\/1514220818431156226?ref_src=twsrc%5Etfw\">April 13, 2022<\/a><\/p><\/blockquote>\n<p><script async src=\"https:\/\/platform.twitter.com\/widgets.js\" charset=\"utf-8\"><\/script><\/p>\n<p>&nbsp;<\/p>\n<h3>Nun ja.<\/h3>\n<blockquote class=\"twitter-tweet\">\n<p dir=\"ltr\" lang=\"de\">Ich habe schon darauf verzichtet, Gew\u00fcrze im Wert von 20 Cent f\u00fcr 6 Euro zu kaufen, als es noch nicht so hip war wie heute. <a href=\"https:\/\/twitter.com\/hashtag\/ankerkraut?src=hash&amp;ref_src=twsrc%5Etfw\">#ankerkraut<\/a><\/p>\n<p>\u2014 Peter Wittkamp \ud83c\uddfa\ud83c\udde6 (@diktator) <a href=\"https:\/\/twitter.com\/diktator\/status\/1514260176580362248?ref_src=twsrc%5Etfw\">April 13, 2022<\/a><\/p><\/blockquote>\n<p><script async src=\"https:\/\/platform.twitter.com\/widgets.js\" charset=\"utf-8\"><\/script><\/p>\n<p>&nbsp;<\/p>\n<h3>Kurz zusammengefasst:<\/h3>\n<blockquote class=\"twitter-tweet\">\n<p dir=\"ltr\" lang=\"de\">Da hat sich Ankerkraut aber mal sch\u00f6n in die Nestlen gesetzt.<\/p>\n<p>\u2014 Thomas Poppe (@DerPoppe) <a href=\"https:\/\/twitter.com\/DerPoppe\/status\/1514237156960702465?ref_src=twsrc%5Etfw\">April 13, 2022<\/a><\/p><\/blockquote>\n<p><script async src=\"https:\/\/platform.twitter.com\/widgets.js\" charset=\"utf-8\"><\/script><\/p>\n<p>&nbsp;<\/p>\n<p><strong>Hey! Wir suchen eine*n Redakteur*in f\u00fcr The Best Social Media. Bist du textstark, liebst die Internetkultur und verstehst, dass TikToks mehr als nur kurze, nervige Videos sind? Hast du bereits eine gesunde Social-Media-Sucht entwickelt? Du lebst online, wei\u00dft, was im Moment passiert ist und was morgen angesagt sein wird? <a href=\"https:\/\/www.thebestsocialjobs.com\/de\/\">Dann werde Teil unseres Teams!<\/a><br \/>\n<\/strong><\/p>\n","protected":false},"excerpt":{"rendered":"<p>Die H\u00f6hle der L\u00f6wen hat ja schon so einigen Produkten zu mehr Bekanntheit und Erfolg verholfen &#8211; besonders abger\u00e4umt hat dabei das Unternehmen Ankerkraut, das&#8230;<\/p>\n","protected":false},"author":73,"featured_media":159952,"comment_status":"open","ping_status":"open","sticky":false,"template":"","format":"standard","meta":{"_acf_changed":false,"footnotes":""},"categories":[460,35],"tags":[4593,306,680],"class_list":["post-159916","post","type-post","status-publish","format-standard","has-post-thumbnail","hentry","category-fail","category-twitter","tag-dhdl","tag-nestle","tag-shitstorm"],"acf":[],"yoast_head":"<!-- This site is optimized with the Yoast SEO plugin v27.5 - https:\/\/yoast.com\/product\/yoast-seo-wordpress\/ -->\n<title>Ankerkraut verkauft Anteile an Nestl\u00e9 und bekommt daf\u00fcr gepfefferte Kritik<\/title>\n<meta name=\"robots\" content=\"index, follow, max-snippet:-1, max-image-preview:large, max-video-preview:-1\" \/>\n<link rel=\"canonical\" href=\"https:\/\/www.thebestsocial.media\/de\/ankerkraut-nestle\/\" \/>\n<meta property=\"og:locale\" content=\"de_DE\" \/>\n<meta property=\"og:type\" content=\"article\" \/>\n<meta property=\"og:title\" content=\"Ankerkraut verkauft Anteile an Nestl\u00e9 und bekommt daf\u00fcr gepfefferte Kritik auf Twitter\" \/>\n<meta property=\"og:description\" content=\"Die H\u00f6hle der L\u00f6wen hat ja schon so einigen Produkten zu mehr Bekanntheit und Erfolg verholfen &#8211; besonders abger\u00e4umt hat dabei das Unternehmen Ankerkraut, das...\" \/>\n<meta property=\"og:url\" content=\"https:\/\/www.thebestsocial.media\/de\/ankerkraut-nestle\/\" \/>\n<meta property=\"og:site_name\" content=\"The Best Social Media DE\" \/>\n<meta property=\"article:published_time\" content=\"2022-04-13T15:36:26+00:00\" \/>\n<meta property=\"og:image\" content=\"https:\/\/www.thebestsocial.media\/de\/wp-content\/uploads\/sites\/3\/2022\/04\/header-ankerkraut.png\" \/>\n\t<meta property=\"og:image:width\" content=\"1200\" \/>\n\t<meta property=\"og:image:height\" content=\"630\" \/>\n\t<meta property=\"og:image:type\" content=\"image\/png\" \/>\n<meta name=\"author\" content=\"Helene Mei\u00dfner\" \/>\n<meta name=\"twitter:card\" content=\"summary_large_image\" \/>\n<meta name=\"twitter:label1\" content=\"Verfasst von\" \/>\n\t<meta name=\"twitter:data1\" content=\"Helene Mei\u00dfner\" \/>\n\t<meta name=\"twitter:label2\" content=\"Gesch\u00e4tzte Lesezeit\" \/>\n\t<meta name=\"twitter:data2\" content=\"3\u00a0Minuten\" \/>\n<script type=\"application\/ld+json\" class=\"yoast-schema-graph\">{\"@context\":\"https:\\\/\\\/schema.org\",\"@graph\":[{\"@type\":\"Article\",\"@id\":\"https:\\\/\\\/www.thebestsocial.media\\\/de\\\/ankerkraut-nestle\\\/#article\",\"isPartOf\":{\"@id\":\"https:\\\/\\\/www.thebestsocial.media\\\/de\\\/ankerkraut-nestle\\\/\"},\"author\":{\"name\":\"Helene Mei\u00dfner\",\"@id\":\"https:\\\/\\\/www.thebestsocial.media\\\/de\\\/#\\\/schema\\\/person\\\/6267acc046505b90b912687a039220df\"},\"headline\":\"Ankerkraut verkauft Anteile an Nestl\u00e9 und bekommt daf\u00fcr gepfefferte Kritik auf Twitter\",\"datePublished\":\"2022-04-13T15:36:26+00:00\",\"mainEntityOfPage\":{\"@id\":\"https:\\\/\\\/www.thebestsocial.media\\\/de\\\/ankerkraut-nestle\\\/\"},\"wordCount\":675,\"commentCount\":0,\"image\":{\"@id\":\"https:\\\/\\\/www.thebestsocial.media\\\/de\\\/ankerkraut-nestle\\\/#primaryimage\"},\"thumbnailUrl\":\"https:\\\/\\\/www.thebestsocial.media\\\/de\\\/wp-content\\\/uploads\\\/sites\\\/3\\\/2022\\\/04\\\/pexels-pixabay-531446.jpg\",\"keywords\":[\"DHDL\",\"Nestle\",\"shitstorm\"],\"articleSection\":[\"Fail\",\"Twitter\"],\"inLanguage\":\"de\",\"potentialAction\":[{\"@type\":\"CommentAction\",\"name\":\"Comment\",\"target\":[\"https:\\\/\\\/www.thebestsocial.media\\\/de\\\/ankerkraut-nestle\\\/#respond\"]}]},{\"@type\":\"WebPage\",\"@id\":\"https:\\\/\\\/www.thebestsocial.media\\\/de\\\/ankerkraut-nestle\\\/\",\"url\":\"https:\\\/\\\/www.thebestsocial.media\\\/de\\\/ankerkraut-nestle\\\/\",\"name\":\"Ankerkraut verkauft Anteile an Nestl\u00e9 und bekommt daf\u00fcr gepfefferte Kritik\",\"isPartOf\":{\"@id\":\"https:\\\/\\\/www.thebestsocial.media\\\/de\\\/#website\"},\"primaryImageOfPage\":{\"@id\":\"https:\\\/\\\/www.thebestsocial.media\\\/de\\\/ankerkraut-nestle\\\/#primaryimage\"},\"image\":{\"@id\":\"https:\\\/\\\/www.thebestsocial.media\\\/de\\\/ankerkraut-nestle\\\/#primaryimage\"},\"thumbnailUrl\":\"https:\\\/\\\/www.thebestsocial.media\\\/de\\\/wp-content\\\/uploads\\\/sites\\\/3\\\/2022\\\/04\\\/pexels-pixabay-531446.jpg\",\"datePublished\":\"2022-04-13T15:36:26+00:00\",\"author\":{\"@id\":\"https:\\\/\\\/www.thebestsocial.media\\\/de\\\/#\\\/schema\\\/person\\\/6267acc046505b90b912687a039220df\"},\"breadcrumb\":{\"@id\":\"https:\\\/\\\/www.thebestsocial.media\\\/de\\\/ankerkraut-nestle\\\/#breadcrumb\"},\"inLanguage\":\"de\",\"potentialAction\":[{\"@type\":\"ReadAction\",\"target\":[\"https:\\\/\\\/www.thebestsocial.media\\\/de\\\/ankerkraut-nestle\\\/\"]}]},{\"@type\":\"ImageObject\",\"inLanguage\":\"de\",\"@id\":\"https:\\\/\\\/www.thebestsocial.media\\\/de\\\/ankerkraut-nestle\\\/#primaryimage\",\"url\":\"https:\\\/\\\/www.thebestsocial.media\\\/de\\\/wp-content\\\/uploads\\\/sites\\\/3\\\/2022\\\/04\\\/pexels-pixabay-531446.jpg\",\"contentUrl\":\"https:\\\/\\\/www.thebestsocial.media\\\/de\\\/wp-content\\\/uploads\\\/sites\\\/3\\\/2022\\\/04\\\/pexels-pixabay-531446.jpg\",\"width\":2496,\"height\":1481},{\"@type\":\"BreadcrumbList\",\"@id\":\"https:\\\/\\\/www.thebestsocial.media\\\/de\\\/ankerkraut-nestle\\\/#breadcrumb\",\"itemListElement\":[{\"@type\":\"ListItem\",\"position\":1,\"name\":\"Home\",\"item\":\"https:\\\/\\\/www.thebestsocial.media\\\/de\\\/\"},{\"@type\":\"ListItem\",\"position\":2,\"name\":\"Ankerkraut verkauft Anteile an Nestl\u00e9 und bekommt daf\u00fcr gepfefferte Kritik auf Twitter\"}]},{\"@type\":\"WebSite\",\"@id\":\"https:\\\/\\\/www.thebestsocial.media\\\/de\\\/#website\",\"url\":\"https:\\\/\\\/www.thebestsocial.media\\\/de\\\/\",\"name\":\"The Best Social Media DE\",\"description\":\"\",\"potentialAction\":[{\"@type\":\"SearchAction\",\"target\":{\"@type\":\"EntryPoint\",\"urlTemplate\":\"https:\\\/\\\/www.thebestsocial.media\\\/de\\\/?s={search_term_string}\"},\"query-input\":{\"@type\":\"PropertyValueSpecification\",\"valueRequired\":true,\"valueName\":\"search_term_string\"}}],\"inLanguage\":\"de\"},{\"@type\":\"Person\",\"@id\":\"https:\\\/\\\/www.thebestsocial.media\\\/de\\\/#\\\/schema\\\/person\\\/6267acc046505b90b912687a039220df\",\"name\":\"Helene Mei\u00dfner\",\"image\":{\"@type\":\"ImageObject\",\"inLanguage\":\"de\",\"@id\":\"https:\\\/\\\/secure.gravatar.com\\\/avatar\\\/6639fc0397860ac2c2e11b018c1f14be4a46c2378a91ac1b35730b724675daa8?s=96&d=mm&r=g\",\"url\":\"https:\\\/\\\/secure.gravatar.com\\\/avatar\\\/6639fc0397860ac2c2e11b018c1f14be4a46c2378a91ac1b35730b724675daa8?s=96&d=mm&r=g\",\"contentUrl\":\"https:\\\/\\\/secure.gravatar.com\\\/avatar\\\/6639fc0397860ac2c2e11b018c1f14be4a46c2378a91ac1b35730b724675daa8?s=96&d=mm&r=g\",\"caption\":\"Helene Mei\u00dfner\"},\"description\":\"Kommt aus Berlin und hat dementsprechend nat\u00fcrlich irgendwas mit Medien studiert. Verlegt oft Dinge, w\u00e4hrend sie sie in der Hand h\u00e4lt. Findet Kauger\u00e4usche unausstehlich. Hat eine Schw\u00e4che f\u00fcr Glitzer und immer mindestens 50 Tabs offen.\",\"sameAs\":[\"https:\\\/\\\/www.instagram.com\\\/he.leni\\\/\"],\"url\":\"https:\\\/\\\/www.thebestsocial.media\\\/de\\\/author\\\/helenemeissner\\\/\"}]}<\/script>\n<!-- \/ Yoast SEO plugin. -->","yoast_head_json":{"title":"Ankerkraut verkauft Anteile an Nestl\u00e9 und bekommt daf\u00fcr gepfefferte Kritik","robots":{"index":"index","follow":"follow","max-snippet":"max-snippet:-1","max-image-preview":"max-image-preview:large","max-video-preview":"max-video-preview:-1"},"canonical":"https:\/\/www.thebestsocial.media\/de\/ankerkraut-nestle\/","og_locale":"de_DE","og_type":"article","og_title":"Ankerkraut verkauft Anteile an Nestl\u00e9 und bekommt daf\u00fcr gepfefferte Kritik auf Twitter","og_description":"Die H\u00f6hle der L\u00f6wen hat ja schon so einigen Produkten zu mehr Bekanntheit und Erfolg verholfen &#8211; besonders abger\u00e4umt hat dabei das Unternehmen Ankerkraut, das...","og_url":"https:\/\/www.thebestsocial.media\/de\/ankerkraut-nestle\/","og_site_name":"The Best Social Media DE","article_published_time":"2022-04-13T15:36:26+00:00","og_image":[{"width":1200,"height":630,"url":"https:\/\/www.thebestsocial.media\/de\/wp-content\/uploads\/sites\/3\/2022\/04\/header-ankerkraut.png","type":"image\/png"}],"author":"Helene Mei\u00dfner","twitter_card":"summary_large_image","twitter_misc":{"Verfasst von":"Helene Mei\u00dfner","Gesch\u00e4tzte Lesezeit":"3\u00a0Minuten"},"schema":{"@context":"https:\/\/schema.org","@graph":[{"@type":"Article","@id":"https:\/\/www.thebestsocial.media\/de\/ankerkraut-nestle\/#article","isPartOf":{"@id":"https:\/\/www.thebestsocial.media\/de\/ankerkraut-nestle\/"},"author":{"name":"Helene Mei\u00dfner","@id":"https:\/\/www.thebestsocial.media\/de\/#\/schema\/person\/6267acc046505b90b912687a039220df"},"headline":"Ankerkraut verkauft Anteile an Nestl\u00e9 und bekommt daf\u00fcr gepfefferte Kritik auf Twitter","datePublished":"2022-04-13T15:36:26+00:00","mainEntityOfPage":{"@id":"https:\/\/www.thebestsocial.media\/de\/ankerkraut-nestle\/"},"wordCount":675,"commentCount":0,"image":{"@id":"https:\/\/www.thebestsocial.media\/de\/ankerkraut-nestle\/#primaryimage"},"thumbnailUrl":"https:\/\/www.thebestsocial.media\/de\/wp-content\/uploads\/sites\/3\/2022\/04\/pexels-pixabay-531446.jpg","keywords":["DHDL","Nestle","shitstorm"],"articleSection":["Fail","Twitter"],"inLanguage":"de","potentialAction":[{"@type":"CommentAction","name":"Comment","target":["https:\/\/www.thebestsocial.media\/de\/ankerkraut-nestle\/#respond"]}]},{"@type":"WebPage","@id":"https:\/\/www.thebestsocial.media\/de\/ankerkraut-nestle\/","url":"https:\/\/www.thebestsocial.media\/de\/ankerkraut-nestle\/","name":"Ankerkraut verkauft Anteile an Nestl\u00e9 und bekommt daf\u00fcr gepfefferte Kritik","isPartOf":{"@id":"https:\/\/www.thebestsocial.media\/de\/#website"},"primaryImageOfPage":{"@id":"https:\/\/www.thebestsocial.media\/de\/ankerkraut-nestle\/#primaryimage"},"image":{"@id":"https:\/\/www.thebestsocial.media\/de\/ankerkraut-nestle\/#primaryimage"},"thumbnailUrl":"https:\/\/www.thebestsocial.media\/de\/wp-content\/uploads\/sites\/3\/2022\/04\/pexels-pixabay-531446.jpg","datePublished":"2022-04-13T15:36:26+00:00","author":{"@id":"https:\/\/www.thebestsocial.media\/de\/#\/schema\/person\/6267acc046505b90b912687a039220df"},"breadcrumb":{"@id":"https:\/\/www.thebestsocial.media\/de\/ankerkraut-nestle\/#breadcrumb"},"inLanguage":"de","potentialAction":[{"@type":"ReadAction","target":["https:\/\/www.thebestsocial.media\/de\/ankerkraut-nestle\/"]}]},{"@type":"ImageObject","inLanguage":"de","@id":"https:\/\/www.thebestsocial.media\/de\/ankerkraut-nestle\/#primaryimage","url":"https:\/\/www.thebestsocial.media\/de\/wp-content\/uploads\/sites\/3\/2022\/04\/pexels-pixabay-531446.jpg","contentUrl":"https:\/\/www.thebestsocial.media\/de\/wp-content\/uploads\/sites\/3\/2022\/04\/pexels-pixabay-531446.jpg","width":2496,"height":1481},{"@type":"BreadcrumbList","@id":"https:\/\/www.thebestsocial.media\/de\/ankerkraut-nestle\/#breadcrumb","itemListElement":[{"@type":"ListItem","position":1,"name":"Home","item":"https:\/\/www.thebestsocial.media\/de\/"},{"@type":"ListItem","position":2,"name":"Ankerkraut verkauft Anteile an Nestl\u00e9 und bekommt daf\u00fcr gepfefferte Kritik auf Twitter"}]},{"@type":"WebSite","@id":"https:\/\/www.thebestsocial.media\/de\/#website","url":"https:\/\/www.thebestsocial.media\/de\/","name":"The Best Social Media DE","description":"","potentialAction":[{"@type":"SearchAction","target":{"@type":"EntryPoint","urlTemplate":"https:\/\/www.thebestsocial.media\/de\/?s={search_term_string}"},"query-input":{"@type":"PropertyValueSpecification","valueRequired":true,"valueName":"search_term_string"}}],"inLanguage":"de"},{"@type":"Person","@id":"https:\/\/www.thebestsocial.media\/de\/#\/schema\/person\/6267acc046505b90b912687a039220df","name":"Helene Mei\u00dfner","image":{"@type":"ImageObject","inLanguage":"de","@id":"https:\/\/secure.gravatar.com\/avatar\/6639fc0397860ac2c2e11b018c1f14be4a46c2378a91ac1b35730b724675daa8?s=96&d=mm&r=g","url":"https:\/\/secure.gravatar.com\/avatar\/6639fc0397860ac2c2e11b018c1f14be4a46c2378a91ac1b35730b724675daa8?s=96&d=mm&r=g","contentUrl":"https:\/\/secure.gravatar.com\/avatar\/6639fc0397860ac2c2e11b018c1f14be4a46c2378a91ac1b35730b724675daa8?s=96&d=mm&r=g","caption":"Helene Mei\u00dfner"},"description":"Kommt aus Berlin und hat dementsprechend nat\u00fcrlich irgendwas mit Medien studiert. Verlegt oft Dinge, w\u00e4hrend sie sie in der Hand h\u00e4lt. Findet Kauger\u00e4usche unausstehlich. Hat eine Schw\u00e4che f\u00fcr Glitzer und immer mindestens 50 Tabs offen.","sameAs":["https:\/\/www.instagram.com\/he.leni\/"],"url":"https:\/\/www.thebestsocial.media\/de\/author\/helenemeissner\/"}]}},"amp_enabled":true,"_links":{"self":[{"href":"https:\/\/www.thebestsocial.media\/de\/wp-json\/wp\/v2\/posts\/159916","targetHints":{"allow":["GET"]}}],"collection":[{"href":"https:\/\/www.thebestsocial.media\/de\/wp-json\/wp\/v2\/posts"}],"about":[{"href":"https:\/\/www.thebestsocial.media\/de\/wp-json\/wp\/v2\/types\/post"}],"author":[{"embeddable":true,"href":"https:\/\/www.thebestsocial.media\/de\/wp-json\/wp\/v2\/users\/73"}],"replies":[{"embeddable":true,"href":"https:\/\/www.thebestsocial.media\/de\/wp-json\/wp\/v2\/comments?post=159916"}],"version-history":[{"count":24,"href":"https:\/\/www.thebestsocial.media\/de\/wp-json\/wp\/v2\/posts\/159916\/revisions"}],"predecessor-version":[{"id":159947,"href":"https:\/\/www.thebestsocial.media\/de\/wp-json\/wp\/v2\/posts\/159916\/revisions\/159947"}],"wp:featuredmedia":[{"embeddable":true,"href":"https:\/\/www.thebestsocial.media\/de\/wp-json\/wp\/v2\/media\/159952"}],"wp:attachment":[{"href":"https:\/\/www.thebestsocial.media\/de\/wp-json\/wp\/v2\/media?parent=159916"}],"wp:term":[{"taxonomy":"category","embeddable":true,"href":"https:\/\/www.thebestsocial.media\/de\/wp-json\/wp\/v2\/categories?post=159916"},{"taxonomy":"post_tag","embeddable":true,"href":"https:\/\/www.thebestsocial.media\/de\/wp-json\/wp\/v2\/tags?post=159916"}],"curies":[{"name":"wp","href":"https:\/\/api.w.org\/{rel}","templated":true}]}}