{"id":159806,"date":"2022-04-11T09:07:55","date_gmt":"2022-04-11T09:07:55","guid":{"rendered":"https:\/\/www.thebestsocial.media\/de\/?p=159806"},"modified":"2022-04-11T09:07:55","modified_gmt":"2022-04-11T09:07:55","slug":"mario-barth-zug-maske-deutsche-bahn-db-verwiesen-corona","status":"publish","type":"post","link":"https:\/\/www.thebestsocial.media\/de\/mario-barth-zug-maske-deutsche-bahn-db-verwiesen-corona\/","title":{"rendered":"Die Bahn wirft Mario Barth raus, weil er seine Maske nicht richtig getragen hat"},"content":{"rendered":"<p>Ihr erinnert euch noch an neulich? Da hatten wir einen Blog f\u00fcr euch <a href=\"https:\/\/www.thebestsocial.media\/de\/15-menschen-die-mario-barth-jetzt-nicht-soooo-lustig-finden\/\" rel=\"noopener\" target=\"_blank\">\u00fcber Menschen, die Mario Barth jetzt nicht soooooo lustig finden<\/a>. Fast alle haben sich hier wieder zusammengefunden. Dieses Mal aus einem bestimmten Grund. Denn &#8222;Comedian&#8220; (ist das eigentlich ein gesch\u00fctzter Begriff?) Mario Barth hat mal wieder f\u00fcr Aufsehen gesorgt. In einem knapp 45-min\u00fctigen Live-Video schildert er, wie er von der Deutschen Bahn des Zuges verwiesen wurde, weil er seine Maske nicht richtig trug. NAT\u00dcRLICH ist das ein Thema, auf das sich das Netz st\u00fcrzt. Wir haben die besten Reaktionen f\u00fcr euch zusammengefasst.<br \/>\n&nbsp;<\/p>\n<h3>1. Sogar der FAZ war das Thema Mario Barth eine Meldung wert<\/h3>\n<blockquote class=\"twitter-tweet\">\n<p lang=\"de\" dir=\"ltr\">Mit Verweis auf das Hausrecht der Deutschen Bahn musste der Comedian <a href=\"https:\/\/twitter.com\/hashtag\/MarioBarth?src=hash&amp;ref_src=twsrc%5Etfw\">#MarioBarth<\/a> vorzeitig aussteigen, nachdem ein Zugbegleiter die Polizei verst\u00e4ndigt hatte. Barth k\u00fcndigt an, juristische Mittel ergreifen zu wollen. <a href=\"https:\/\/twitter.com\/hashtag\/deutschebahn?src=hash&amp;ref_src=twsrc%5Etfw\">#deutschebahn<\/a> <a href=\"https:\/\/twitter.com\/hashtag\/Maske?src=hash&amp;ref_src=twsrc%5Etfw\">#Maske<\/a> <a href=\"https:\/\/t.co\/U9q87Lqdb1\">https:\/\/t.co\/U9q87Lqdb1<\/a> <a href=\"https:\/\/t.co\/Mpc5TnskiB\">pic.twitter.com\/Mpc5TnskiB<\/a><\/p>\n<p>&mdash; Frankfurter Allgemeine (@faznet) <a href=\"https:\/\/twitter.com\/faznet\/status\/1513153121886822402?ref_src=twsrc%5Etfw\">April 10, 2022<\/a><\/p><\/blockquote>\n<p> <script async src=\"https:\/\/platform.twitter.com\/widgets.js\" charset=\"utf-8\"><\/script><br \/>\n&nbsp;<\/p>\n<h3>2. F\u00fcr die Sadomasochisten unter euch:<\/h3>\n<blockquote class=\"instagram-media\" data-instgrm-captioned data-instgrm-permalink=\"https:\/\/www.instagram.com\/tv\/CcIvDdnIFGd\/?utm_source=ig_embed&amp;utm_campaign=loading\" data-instgrm-version=\"14\" style=\" background:#FFF; border:0; border-radius:3px; box-shadow:0 0 1px 0 rgba(0,0,0,0.5),0 1px 10px 0 rgba(0,0,0,0.15); margin: 1px; max-width:540px; min-width:326px; padding:0; width:99.375%; width:-webkit-calc(100% - 2px); width:calc(100% - 2px);\">\n<div style=\"padding:16px;\"> <a href=\"https:\/\/www.instagram.com\/tv\/CcIvDdnIFGd\/?utm_source=ig_embed&amp;utm_campaign=loading\" style=\" background:#FFFFFF; line-height:0; padding:0 0; text-align:center; text-decoration:none; width:100%;\" target=\"_blank\" rel=\"noopener\"> <\/p>\n<div style=\" display: flex; flex-direction: row; align-items: center;\">\n<div style=\"background-color: #F4F4F4; border-radius: 50%; flex-grow: 0; height: 40px; margin-right: 14px; width: 40px;\"><\/div>\n<div style=\"display: flex; flex-direction: column; flex-grow: 1; justify-content: center;\">\n<div style=\" background-color: #F4F4F4; border-radius: 4px; flex-grow: 0; height: 14px; margin-bottom: 6px; width: 100px;\"><\/div>\n<div style=\" background-color: #F4F4F4; border-radius: 4px; flex-grow: 0; height: 14px; width: 60px;\"><\/div>\n<\/div>\n<\/div>\n<div style=\"padding: 19% 0;\"><\/div>\n<div style=\"display:block; height:50px; margin:0 auto 12px; width:50px;\"><svg width=\"50px\" height=\"50px\" viewBox=\"0 0 60 60\" version=\"1.1\" xmlns=\"https:\/\/www.w3.org\/2000\/svg\" xmlns:xlink=\"https:\/\/www.w3.org\/1999\/xlink\"><g stroke=\"none\" stroke-width=\"1\" fill=\"none\" fill-rule=\"evenodd\"><g transform=\"translate(-511.000000, -20.000000)\" fill=\"#000000\"><g><path d=\"M556.869,30.41 C554.814,30.41 553.148,32.076 553.148,34.131 C553.148,36.186 554.814,37.852 556.869,37.852 C558.924,37.852 560.59,36.186 560.59,34.131 C560.59,32.076 558.924,30.41 556.869,30.41 M541,60.657 C535.114,60.657 530.342,55.887 530.342,50 C530.342,44.114 535.114,39.342 541,39.342 C546.887,39.342 551.658,44.114 551.658,50 C551.658,55.887 546.887,60.657 541,60.657 M541,33.886 C532.1,33.886 524.886,41.1 524.886,50 C524.886,58.899 532.1,66.113 541,66.113 C549.9,66.113 557.115,58.899 557.115,50 C557.115,41.1 549.9,33.886 541,33.886 M565.378,62.101 C565.244,65.022 564.756,66.606 564.346,67.663 C563.803,69.06 563.154,70.057 562.106,71.106 C561.058,72.155 560.06,72.803 558.662,73.347 C557.607,73.757 556.021,74.244 553.102,74.378 C549.944,74.521 548.997,74.552 541,74.552 C533.003,74.552 532.056,74.521 528.898,74.378 C525.979,74.244 524.393,73.757 523.338,73.347 C521.94,72.803 520.942,72.155 519.894,71.106 C518.846,70.057 518.197,69.06 517.654,67.663 C517.244,66.606 516.755,65.022 516.623,62.101 C516.479,58.943 516.448,57.996 516.448,50 C516.448,42.003 516.479,41.056 516.623,37.899 C516.755,34.978 517.244,33.391 517.654,32.338 C518.197,30.938 518.846,29.942 519.894,28.894 C520.942,27.846 521.94,27.196 523.338,26.654 C524.393,26.244 525.979,25.756 528.898,25.623 C532.057,25.479 533.004,25.448 541,25.448 C548.997,25.448 549.943,25.479 553.102,25.623 C556.021,25.756 557.607,26.244 558.662,26.654 C560.06,27.196 561.058,27.846 562.106,28.894 C563.154,29.942 563.803,30.938 564.346,32.338 C564.756,33.391 565.244,34.978 565.378,37.899 C565.522,41.056 565.552,42.003 565.552,50 C565.552,57.996 565.522,58.943 565.378,62.101 M570.82,37.631 C570.674,34.438 570.167,32.258 569.425,30.349 C568.659,28.377 567.633,26.702 565.965,25.035 C564.297,23.368 562.623,22.342 560.652,21.575 C558.743,20.834 556.562,20.326 553.369,20.18 C550.169,20.033 549.148,20 541,20 C532.853,20 531.831,20.033 528.631,20.18 C525.438,20.326 523.257,20.834 521.349,21.575 C519.376,22.342 517.703,23.368 516.035,25.035 C514.368,26.702 513.342,28.377 512.574,30.349 C511.834,32.258 511.326,34.438 511.181,37.631 C511.035,40.831 511,41.851 511,50 C511,58.147 511.035,59.17 511.181,62.369 C511.326,65.562 511.834,67.743 512.574,69.651 C513.342,71.625 514.368,73.296 516.035,74.965 C517.703,76.634 519.376,77.658 521.349,78.425 C523.257,79.167 525.438,79.673 528.631,79.82 C531.831,79.965 532.853,80.001 541,80.001 C549.148,80.001 550.169,79.965 553.369,79.82 C556.562,79.673 558.743,79.167 560.652,78.425 C562.623,77.658 564.297,76.634 565.965,74.965 C567.633,73.296 568.659,71.625 569.425,69.651 C570.167,67.743 570.674,65.562 570.82,62.369 C570.966,59.17 571,58.147 571,50 C571,41.851 570.966,40.831 570.82,37.631\"><\/path><\/g><\/g><\/g><\/svg><\/div>\n<div style=\"padding-top: 8px;\">\n<div style=\" color:#3897f0; font-family:Arial,sans-serif; font-size:14px; font-style:normal; font-weight:550; line-height:18px;\">Sieh dir diesen Beitrag auf Instagram an<\/div>\n<\/div>\n<div style=\"padding: 12.5% 0;\"><\/div>\n<div style=\"display: flex; flex-direction: row; margin-bottom: 14px; align-items: center;\">\n<div>\n<div style=\"background-color: #F4F4F4; border-radius: 50%; height: 12.5px; width: 12.5px; transform: translateX(0px) translateY(7px);\"><\/div>\n<div style=\"background-color: #F4F4F4; height: 12.5px; transform: rotate(-45deg) translateX(3px) translateY(1px); width: 12.5px; flex-grow: 0; margin-right: 14px; margin-left: 2px;\"><\/div>\n<div style=\"background-color: #F4F4F4; border-radius: 50%; height: 12.5px; width: 12.5px; transform: translateX(9px) translateY(-18px);\"><\/div>\n<\/div>\n<div style=\"margin-left: 8px;\">\n<div style=\" background-color: #F4F4F4; border-radius: 50%; flex-grow: 0; height: 20px; width: 20px;\"><\/div>\n<div style=\" width: 0; height: 0; border-top: 2px solid transparent; border-left: 6px solid #f4f4f4; border-bottom: 2px solid transparent; transform: translateX(16px) translateY(-4px) rotate(30deg)\"><\/div>\n<\/div>\n<div style=\"margin-left: auto;\">\n<div style=\" width: 0px; border-top: 8px solid #F4F4F4; border-right: 8px solid transparent; transform: translateY(16px);\"><\/div>\n<div style=\" background-color: #F4F4F4; flex-grow: 0; height: 12px; width: 16px; transform: translateY(-4px);\"><\/div>\n<div style=\" width: 0; height: 0; border-top: 8px solid #F4F4F4; border-left: 8px solid transparent; transform: translateY(-4px) translateX(8px);\"><\/div>\n<\/div>\n<\/div>\n<div style=\"display: flex; flex-direction: column; flex-grow: 1; justify-content: center; margin-bottom: 24px;\">\n<div style=\" background-color: #F4F4F4; border-radius: 4px; flex-grow: 0; height: 14px; margin-bottom: 6px; width: 224px;\"><\/div>\n<div style=\" background-color: #F4F4F4; border-radius: 4px; flex-grow: 0; height: 14px; width: 144px;\"><\/div>\n<\/div>\n<p><\/a><\/p>\n<p style=\" color:#c9c8cd; font-family:Arial,sans-serif; font-size:14px; line-height:17px; margin-bottom:0; margin-top:8px; overflow:hidden; padding:8px 0 7px; text-align:center; text-overflow:ellipsis; white-space:nowrap;\"><a href=\"https:\/\/www.instagram.com\/tv\/CcIvDdnIFGd\/?utm_source=ig_embed&amp;utm_campaign=loading\" style=\" color:#c9c8cd; font-family:Arial,sans-serif; font-size:14px; font-style:normal; font-weight:normal; line-height:17px; text-decoration:none;\" target=\"_blank\" rel=\"noopener\">Ein Beitrag geteilt von Mario Barth (@mariobarth)<\/a><\/p>\n<\/div>\n<\/blockquote>\n<p> <script async src=\"\/instagram-embed.js\"><\/script><br \/>\n&nbsp;<\/p>\n<h3>3. Ja okay, sorry<\/h3>\n<blockquote class=\"twitter-tweet\">\n<p lang=\"de\" dir=\"ltr\">Lol nein, ich werdet mich nicht dazu bringen, mir 44min Mario Barth reinzuziehen, das k\u00f6nnt ihr vergessen.<\/p>\n<p>&mdash; \ud83d\udc0c\ud83d\udc51Frea\ud83d\udc51\ud83d\udc0c (@Freavonwegen) <a href=\"https:\/\/twitter.com\/Freavonwegen\/status\/1513094979429806081?ref_src=twsrc%5Etfw\">April 10, 2022<\/a><\/p><\/blockquote>\n<p> <script async src=\"https:\/\/platform.twitter.com\/widgets.js\" charset=\"utf-8\"><\/script><br \/>\n&nbsp;<\/p>\n<h3>4. Das Wichtigste hier zusammengefasst:<\/h3>\n<blockquote class=\"twitter-tweet\">\n<p lang=\"de\" dir=\"ltr\">Der Mic-drop des Tages geht an die <a href=\"https:\/\/twitter.com\/DB_Bahn?ref_src=twsrc%5Etfw\">@DB_Bahn<\/a><a href=\"https:\/\/twitter.com\/hashtag\/MarioBarth?src=hash&amp;ref_src=twsrc%5Etfw\">#MarioBarth<\/a> <a href=\"https:\/\/t.co\/SE8dY5Mcy1\">pic.twitter.com\/SE8dY5Mcy1<\/a><\/p>\n<p>&mdash; Robert Boni \ud83c\uddfa\ud83c\udde6#climateActionNow \ud83c\uddfa\ud83c\udde6 (@RobertBoni6) <a href=\"https:\/\/twitter.com\/RobertBoni6\/status\/1513099161255690242?ref_src=twsrc%5Etfw\">April 10, 2022<\/a><\/p><\/blockquote>\n<p> <script async src=\"https:\/\/platform.twitter.com\/widgets.js\" charset=\"utf-8\"><\/script><br \/>\n&nbsp;<\/p>\n<h3>5. Das ist (bestimmt auch f\u00fcr Mario Barth) neu!<\/h3>\n<blockquote class=\"twitter-tweet\">\n<p lang=\"de\" dir=\"ltr\">aber eine erfrischende wendung auch mal \u00fcber mario barth lachen zu k\u00f6nnen<\/p>\n<p>&mdash; papa flemmse (@flerninger) <a href=\"https:\/\/twitter.com\/flerninger\/status\/1513172565853970434?ref_src=twsrc%5Etfw\">April 10, 2022<\/a><\/p><\/blockquote>\n<p> <script async src=\"https:\/\/platform.twitter.com\/widgets.js\" charset=\"utf-8\"><\/script><br \/>\n&nbsp;<\/p>\n<h3>6. Wie bitter w\u00e4r&#8216; das denn?<\/h3>\n<blockquote class=\"twitter-tweet\">\n<p lang=\"de\" dir=\"ltr\">OMG stell dir vor, Dein ICE hat Versp\u00e4tung wegen Mario Barth. Ich w\u00fcrde glaube ich eine Woche lang alles hassen.<\/p>\n<p>&mdash; MALONDA (@fraumalonda) <a href=\"https:\/\/twitter.com\/fraumalonda\/status\/1513156640740102148?ref_src=twsrc%5Etfw\">April 10, 2022<\/a><\/p><\/blockquote>\n<p> <script async src=\"https:\/\/platform.twitter.com\/widgets.js\" charset=\"utf-8\"><\/script><br \/>\n&nbsp;<\/p>\n<h3>7. Aber es geht noch schlimmer:<\/h3>\n<blockquote class=\"twitter-tweet\">\n<p lang=\"de\" dir=\"ltr\">Egal ob mit Maske oder ohne: Jetzt muss ich mit der st\u00e4ndigen Angst leben, Mario Barth in der Bahn zu treffen \ud83d\ude31<\/p>\n<p>&mdash; Julia G\u00e1mez Mart\u00edn (@JuliaGamezMusic) <a href=\"https:\/\/twitter.com\/JuliaGamezMusic\/status\/1513115804031664130?ref_src=twsrc%5Etfw\">April 10, 2022<\/a><\/p><\/blockquote>\n<p> <script async src=\"https:\/\/platform.twitter.com\/widgets.js\" charset=\"utf-8\"><\/script><br \/>\n&nbsp;<\/p>\n<h3>8. Nein? Doch! Oh!<\/h3>\n<blockquote class=\"twitter-tweet\">\n<p lang=\"de\" dir=\"ltr\">Mario Barth ist tats\u00e4chlich \u00fcberrascht, dass er wegen Nichteinhaltung der Maskenpflicht aus einem ICE geflogen ist.<\/p>\n<p>Ich bin \u00fcberrascht, dass sie damit bis zum n\u00e4chsten Halt gewartet haben.<\/p>\n<p>&mdash; Sebastian 23 (@mondschaf23) <a href=\"https:\/\/twitter.com\/mondschaf23\/status\/1513195469790404608?ref_src=twsrc%5Etfw\">April 10, 2022<\/a><\/p><\/blockquote>\n<p> <script async src=\"https:\/\/platform.twitter.com\/widgets.js\" charset=\"utf-8\"><\/script><br \/>\n&nbsp;<\/p>\n<h3>9. Aber nat\u00fcrlich nicht ausschlie\u00dflich!<\/h3>\n<blockquote class=\"twitter-tweet\">\n<p lang=\"de\" dir=\"ltr\">Wer \u00fcber den &quot;Humor&quot; von Mario Barth lacht, ist eben auch der Meinung, dass eine Maske w\u00e4hrend des f\u00fcnfmin\u00fctigen Einkaufs im Supermarkt Freiheit und Grundrechte einschr\u00e4nkt und f\u00fcr Diktatur steht.<\/p>\n<p>&mdash; Kaffeecup (@kaffeecup) <a href=\"https:\/\/twitter.com\/kaffeecup\/status\/1513179944687394817?ref_src=twsrc%5Etfw\">April 10, 2022<\/a><\/p><\/blockquote>\n<p> <script async src=\"https:\/\/platform.twitter.com\/widgets.js\" charset=\"utf-8\"><\/script><br \/>\n&nbsp;<\/p>\n<h3>10. Und so beginnt es also &#8230;<\/h3>\n<blockquote class=\"twitter-tweet\">\n<p lang=\"de\" dir=\"ltr\">Und soeben wurde die neue Tour von <a href=\"https:\/\/twitter.com\/hashtag\/MarioBarth?src=hash&amp;ref_src=twsrc%5Etfw\">#MarioBarth<\/a> angek\u00fcndigt!<br \/>Special Guests:<\/p>\n<p>Nena<br \/>Xavier Naidoo<br \/>Michael Wendler<br \/>Attila Hildmann<br \/>Stefan Homburg<\/p>\n<p>Der Typ war noch nie witzig, wird nie witzig sein und spielt sich trotzdem wie ein K\u00f6nig auf<\/p>\n<p>Peinlich Mario, einfach nur peinlich<\/p>\n<p>&mdash; Maximales Drehmoment (@MaximalesD) <a href=\"https:\/\/twitter.com\/MaximalesD\/status\/1513098030479822852?ref_src=twsrc%5Etfw\">April 10, 2022<\/a><\/p><\/blockquote>\n<p> <script async src=\"https:\/\/platform.twitter.com\/widgets.js\" charset=\"utf-8\"><\/script><br \/>\n&nbsp;<\/p>\n<h3>11. Siehste, siehste, siehste?<\/h3>\n<blockquote class=\"twitter-tweet\">\n<p lang=\"cy\" dir=\"ltr\">Mario Barth hat neue Fans \u263a\ufe0f <a href=\"https:\/\/t.co\/cXYWMWg5gp\">pic.twitter.com\/cXYWMWg5gp<\/a><\/p>\n<p>&mdash; Mareile (@Hoellenaufsicht) <a href=\"https:\/\/twitter.com\/Hoellenaufsicht\/status\/1513187537203912705?ref_src=twsrc%5Etfw\">April 10, 2022<\/a><\/p><\/blockquote>\n<p> <script async src=\"https:\/\/platform.twitter.com\/widgets.js\" charset=\"utf-8\"><\/script><br \/>\n&nbsp;<\/p>\n<h3>12. Es kam aus dem Nichts!<\/h3>\n<blockquote class=\"twitter-tweet\">\n<p lang=\"de\" dir=\"ltr\">Im Sommer 2020 konnte selbstverst\u00e4ndlich noch niemand ahnen, in welche Richtung der beliebte TV-Comedian Mario Barth abdriften w\u00fcrde. <a href=\"https:\/\/twitter.com\/hashtag\/MarioBarth?src=hash&amp;ref_src=twsrc%5Etfw\">#MarioBarth<\/a> <a href=\"https:\/\/t.co\/xXvVD8JzGk\">pic.twitter.com\/xXvVD8JzGk<\/a><\/p>\n<p>&mdash; Wurzelspitze\ud83d\udc68\u200d\u2695\ufe0f\ud83d\udd0e\ud83e\uddb7 (@Wurzelspitze) <a href=\"https:\/\/twitter.com\/Wurzelspitze\/status\/1513113828644511748?ref_src=twsrc%5Etfw\">April 10, 2022<\/a><\/p><\/blockquote>\n<p> <script async src=\"https:\/\/platform.twitter.com\/widgets.js\" charset=\"utf-8\"><\/script><br \/>\n&nbsp;<\/p>\n<h3>13. Und die Dinger in seiner Tasche waren auch keine Pilze, sondern Toads &#8230;<\/h3>\n<blockquote class=\"twitter-tweet\">\n<p lang=\"de\" dir=\"ltr\">WTF Mario Barth behauptet jetzt der Typ ohne Maske im Zug war nicht er sondern sein Antagonist Wario Barth<\/p>\n<p>&mdash; schmonni (@Schmonnilein) <a href=\"https:\/\/twitter.com\/Schmonnilein\/status\/1513244519432695809?ref_src=twsrc%5Etfw\">April 10, 2022<\/a><\/p><\/blockquote>\n<p> <script async src=\"https:\/\/platform.twitter.com\/widgets.js\" charset=\"utf-8\"><\/script><br \/>\n&nbsp;<\/p>\n<h3>14. Wir mussten kichern<\/h3>\n<blockquote class=\"twitter-tweet\">\n<p lang=\"de\" dir=\"ltr\">\u201eBist Du nicht dieser Mario Bar?\u201c<\/p>\n<p>\u201eNe, nicht ganz. Mario Barth ist mein Name !, \u2026Barth\u201c<\/p>\n<p>\u201eDa siehste mal wie schnell ich umschalte, wenn ich Deine Fresse im TV sehe?<a href=\"https:\/\/twitter.com\/hashtag\/MarioBarth?src=hash&amp;ref_src=twsrc%5Etfw\">#MarioBarth<\/a><\/p>\n<p>&mdash; Meet (@earl_cringe) <a href=\"https:\/\/twitter.com\/earl_cringe\/status\/1513080584624615425?ref_src=twsrc%5Etfw\">April 10, 2022<\/a><\/p><\/blockquote>\n<p> <script async src=\"https:\/\/platform.twitter.com\/widgets.js\" charset=\"utf-8\"><\/script><br \/>\n&nbsp;<\/p>\n<h3>15. Wortgewaltig!<\/h3>\n<blockquote class=\"twitter-tweet\">\n<p lang=\"de\" dir=\"ltr\">Ohne Sie und Ihre Legionen von Tweets w\u00fcsste ich auch am Ende des heutigen Tages kein Deut mehr \u00fcber Mario Barth, als mir schon vor zehn Jahren zu wissen gereicht hat und w\u00e4re sehr gl\u00fccklich damit gewesen, aber das haben Sie ja nicht zulassen k\u00f6nnen, nicht wahr?<\/p>\n<p>&mdash; Herr Balsam (@HerrBalsam) <a href=\"https:\/\/twitter.com\/HerrBalsam\/status\/1513248602805739525?ref_src=twsrc%5Etfw\">April 10, 2022<\/a><\/p><\/blockquote>\n<p> <script async src=\"https:\/\/platform.twitter.com\/widgets.js\" charset=\"utf-8\"><\/script><br \/>\n&nbsp;<\/p>\n<h3>16. Der arme M. Barth. Also der hier:<\/h3>\n<blockquote class=\"twitter-tweet\">\n<p lang=\"de\" dir=\"ltr\">Nachnamen g\u00fcnstig abzugeben. \ud83e\udd26\u200d\u2642\ufe0f<\/p>\n<p>&mdash; Markus Barth (@tweetbarth) <a href=\"https:\/\/twitter.com\/tweetbarth\/status\/1513129714189275136?ref_src=twsrc%5Etfw\">April 10, 2022<\/a><\/p><\/blockquote>\n<p> <script async src=\"https:\/\/platform.twitter.com\/widgets.js\" charset=\"utf-8\"><\/script><br \/>\n&nbsp;<\/p>\n<h3>17. Ah, okay &#8230; ja dann wissen wir hier ja auch Bescheid.<\/h3>\n<blockquote class=\"twitter-tweet\">\n<p lang=\"de\" dir=\"ltr\">Das ist witzig, weil sein Namensvetter Mario Barth ein Vollidiot ist. <a href=\"https:\/\/t.co\/58dwiKKgh9\">https:\/\/t.co\/58dwiKKgh9<\/a><\/p>\n<p>&mdash; Das ist witzig, weil&#8230; (@WitzigWeil) <a href=\"https:\/\/twitter.com\/WitzigWeil\/status\/1513239608653406213?ref_src=twsrc%5Etfw\">April 10, 2022<\/a><\/p><\/blockquote>\n<p> <script async src=\"https:\/\/platform.twitter.com\/widgets.js\" charset=\"utf-8\"><\/script><br \/>\n&nbsp;<br \/>\n___<br \/>\nVielen Dank an alle f\u00fcr die Posts!<br \/>\n___<br \/>\n<strong>Hey! Wir suchen eine*n Redakteur*in f\u00fcr The Best Social Media. Bist du textstark, liebst die Internetkultur und verstehst, dass TikToks mehr als nur kurze, nervige Videos sind? Hast du bereits eine gesunde Social-Media-Sucht entwickelt? Du lebst online, wei\u00dft, was im Moment passiert ist und was morgen angesagt sein wird? <a href=\"https:\/\/www.thebestsocialjobs.com\/de\/\">Dann werde Teil unseres Teams!<\/a><br \/>\n<\/strong><\/p>\n","protected":false},"excerpt":{"rendered":"<p>Ihr erinnert euch noch an neulich? Da hatten wir einen Blog f\u00fcr euch \u00fcber Menschen, die Mario Barth jetzt nicht soooooo lustig finden. Fast alle&#8230;<\/p>\n","protected":false},"author":65,"featured_media":159817,"comment_status":"open","ping_status":"open","sticky":false,"template":"","format":"standard","meta":{"_acf_changed":false,"footnotes":""},"categories":[460],"tags":[2654,4289],"class_list":["post-159806","post","type-post","status-publish","format-standard","has-post-thumbnail","hentry","category-fail","tag-comedian","tag-mario-barth"],"acf":[],"yoast_head":"<!-- This site is optimized with the Yoast SEO plugin v27.5 - https:\/\/yoast.com\/product\/yoast-seo-wordpress\/ -->\n<title>Bahn wirft Mario Barth raus, weil er seine Maske nicht richtig getragen hat<\/title>\n<meta name=\"description\" content=\"Mario Barth wurde von der Deutschen Bahn des Zuges verwiesen, weil er seine Maske nicht richtig getragen hat. Das Netz reagiert sp\u00f6ttisch.\" \/>\n<meta name=\"robots\" content=\"index, follow, max-snippet:-1, max-image-preview:large, max-video-preview:-1\" \/>\n<link rel=\"canonical\" href=\"https:\/\/www.thebestsocial.media\/de\/mario-barth-zug-maske-deutsche-bahn-db-verwiesen-corona\/\" \/>\n<meta property=\"og:locale\" content=\"de_DE\" \/>\n<meta property=\"og:type\" content=\"article\" \/>\n<meta property=\"og:title\" content=\"Die Bahn wirft Mario Barth raus, weil er seine Maske nicht richtig getragen hat\" \/>\n<meta property=\"og:description\" content=\"Mario Barth wurde von der Deutschen Bahn des Zuges verwiesen, weil er seine Maske nicht richtig getragen hat. Das Netz reagiert sp\u00f6ttisch.\" \/>\n<meta property=\"og:url\" content=\"https:\/\/www.thebestsocial.media\/de\/mario-barth-zug-maske-deutsche-bahn-db-verwiesen-corona\/\" \/>\n<meta property=\"og:site_name\" content=\"The Best Social Media DE\" \/>\n<meta property=\"article:published_time\" content=\"2022-04-11T09:07:55+00:00\" \/>\n<meta property=\"og:image\" content=\"https:\/\/www.thebestsocial.media\/de\/wp-content\/uploads\/sites\/3\/2022\/04\/MaBa.png\" \/>\n\t<meta property=\"og:image:width\" content=\"1200\" \/>\n\t<meta property=\"og:image:height\" content=\"630\" \/>\n\t<meta property=\"og:image:type\" content=\"image\/png\" \/>\n<meta name=\"author\" content=\"Jan\" \/>\n<meta name=\"twitter:card\" content=\"summary_large_image\" \/>\n<meta name=\"twitter:label1\" content=\"Verfasst von\" \/>\n\t<meta name=\"twitter:data1\" content=\"Jan\" \/>\n\t<meta name=\"twitter:label2\" content=\"Gesch\u00e4tzte Lesezeit\" \/>\n\t<meta name=\"twitter:data2\" content=\"4\u00a0Minuten\" \/>\n<script type=\"application\/ld+json\" class=\"yoast-schema-graph\">{\"@context\":\"https:\\\/\\\/schema.org\",\"@graph\":[{\"@type\":\"Article\",\"@id\":\"https:\\\/\\\/www.thebestsocial.media\\\/de\\\/mario-barth-zug-maske-deutsche-bahn-db-verwiesen-corona\\\/#article\",\"isPartOf\":{\"@id\":\"https:\\\/\\\/www.thebestsocial.media\\\/de\\\/mario-barth-zug-maske-deutsche-bahn-db-verwiesen-corona\\\/\"},\"author\":{\"name\":\"Jan\",\"@id\":\"https:\\\/\\\/www.thebestsocial.media\\\/de\\\/#\\\/schema\\\/person\\\/03b8d8d2905b97b499c8e0808b724821\"},\"headline\":\"Die Bahn wirft Mario Barth raus, weil er seine Maske nicht richtig getragen hat\",\"datePublished\":\"2022-04-11T09:07:55+00:00\",\"mainEntityOfPage\":{\"@id\":\"https:\\\/\\\/www.thebestsocial.media\\\/de\\\/mario-barth-zug-maske-deutsche-bahn-db-verwiesen-corona\\\/\"},\"wordCount\":789,\"commentCount\":0,\"image\":{\"@id\":\"https:\\\/\\\/www.thebestsocial.media\\\/de\\\/mario-barth-zug-maske-deutsche-bahn-db-verwiesen-corona\\\/#primaryimage\"},\"thumbnailUrl\":\"https:\\\/\\\/www.thebestsocial.media\\\/de\\\/wp-content\\\/uploads\\\/sites\\\/3\\\/2022\\\/04\\\/Bahn-Hed.jpg\",\"keywords\":[\"Comedian\",\"Mario Barth\"],\"articleSection\":[\"Fail\"],\"inLanguage\":\"de\",\"potentialAction\":[{\"@type\":\"CommentAction\",\"name\":\"Comment\",\"target\":[\"https:\\\/\\\/www.thebestsocial.media\\\/de\\\/mario-barth-zug-maske-deutsche-bahn-db-verwiesen-corona\\\/#respond\"]}]},{\"@type\":\"WebPage\",\"@id\":\"https:\\\/\\\/www.thebestsocial.media\\\/de\\\/mario-barth-zug-maske-deutsche-bahn-db-verwiesen-corona\\\/\",\"url\":\"https:\\\/\\\/www.thebestsocial.media\\\/de\\\/mario-barth-zug-maske-deutsche-bahn-db-verwiesen-corona\\\/\",\"name\":\"Bahn wirft Mario Barth raus, weil er seine Maske nicht richtig getragen hat\",\"isPartOf\":{\"@id\":\"https:\\\/\\\/www.thebestsocial.media\\\/de\\\/#website\"},\"primaryImageOfPage\":{\"@id\":\"https:\\\/\\\/www.thebestsocial.media\\\/de\\\/mario-barth-zug-maske-deutsche-bahn-db-verwiesen-corona\\\/#primaryimage\"},\"image\":{\"@id\":\"https:\\\/\\\/www.thebestsocial.media\\\/de\\\/mario-barth-zug-maske-deutsche-bahn-db-verwiesen-corona\\\/#primaryimage\"},\"thumbnailUrl\":\"https:\\\/\\\/www.thebestsocial.media\\\/de\\\/wp-content\\\/uploads\\\/sites\\\/3\\\/2022\\\/04\\\/Bahn-Hed.jpg\",\"datePublished\":\"2022-04-11T09:07:55+00:00\",\"author\":{\"@id\":\"https:\\\/\\\/www.thebestsocial.media\\\/de\\\/#\\\/schema\\\/person\\\/03b8d8d2905b97b499c8e0808b724821\"},\"description\":\"Mario Barth wurde von der Deutschen Bahn des Zuges verwiesen, weil er seine Maske nicht richtig getragen hat. Das Netz reagiert sp\u00f6ttisch.\",\"breadcrumb\":{\"@id\":\"https:\\\/\\\/www.thebestsocial.media\\\/de\\\/mario-barth-zug-maske-deutsche-bahn-db-verwiesen-corona\\\/#breadcrumb\"},\"inLanguage\":\"de\",\"potentialAction\":[{\"@type\":\"ReadAction\",\"target\":[\"https:\\\/\\\/www.thebestsocial.media\\\/de\\\/mario-barth-zug-maske-deutsche-bahn-db-verwiesen-corona\\\/\"]}]},{\"@type\":\"ImageObject\",\"inLanguage\":\"de\",\"@id\":\"https:\\\/\\\/www.thebestsocial.media\\\/de\\\/mario-barth-zug-maske-deutsche-bahn-db-verwiesen-corona\\\/#primaryimage\",\"url\":\"https:\\\/\\\/www.thebestsocial.media\\\/de\\\/wp-content\\\/uploads\\\/sites\\\/3\\\/2022\\\/04\\\/Bahn-Hed.jpg\",\"contentUrl\":\"https:\\\/\\\/www.thebestsocial.media\\\/de\\\/wp-content\\\/uploads\\\/sites\\\/3\\\/2022\\\/04\\\/Bahn-Hed.jpg\",\"width\":1920,\"height\":1080,\"caption\":\"Mario Barth wurde von der Deutschen Bahn des Zuges verwiesen, weil er seine Maske nicht richtig getragen hat. Das Netz reagiert sp\u00f6ttisch.\"},{\"@type\":\"BreadcrumbList\",\"@id\":\"https:\\\/\\\/www.thebestsocial.media\\\/de\\\/mario-barth-zug-maske-deutsche-bahn-db-verwiesen-corona\\\/#breadcrumb\",\"itemListElement\":[{\"@type\":\"ListItem\",\"position\":1,\"name\":\"Home\",\"item\":\"https:\\\/\\\/www.thebestsocial.media\\\/de\\\/\"},{\"@type\":\"ListItem\",\"position\":2,\"name\":\"Die Bahn wirft Mario Barth raus, weil er seine Maske nicht richtig getragen hat\"}]},{\"@type\":\"WebSite\",\"@id\":\"https:\\\/\\\/www.thebestsocial.media\\\/de\\\/#website\",\"url\":\"https:\\\/\\\/www.thebestsocial.media\\\/de\\\/\",\"name\":\"The Best Social Media DE\",\"description\":\"\",\"potentialAction\":[{\"@type\":\"SearchAction\",\"target\":{\"@type\":\"EntryPoint\",\"urlTemplate\":\"https:\\\/\\\/www.thebestsocial.media\\\/de\\\/?s={search_term_string}\"},\"query-input\":{\"@type\":\"PropertyValueSpecification\",\"valueRequired\":true,\"valueName\":\"search_term_string\"}}],\"inLanguage\":\"de\"},{\"@type\":\"Person\",\"@id\":\"https:\\\/\\\/www.thebestsocial.media\\\/de\\\/#\\\/schema\\\/person\\\/03b8d8d2905b97b499c8e0808b724821\",\"name\":\"Jan\",\"image\":{\"@type\":\"ImageObject\",\"inLanguage\":\"de\",\"@id\":\"https:\\\/\\\/secure.gravatar.com\\\/avatar\\\/6977c5e4d81f2a717dcf76e5e74d7a00b583f3f83a2b00830dedfc799d928343?s=96&d=mm&r=g\",\"url\":\"https:\\\/\\\/secure.gravatar.com\\\/avatar\\\/6977c5e4d81f2a717dcf76e5e74d7a00b583f3f83a2b00830dedfc799d928343?s=96&d=mm&r=g\",\"contentUrl\":\"https:\\\/\\\/secure.gravatar.com\\\/avatar\\\/6977c5e4d81f2a717dcf76e5e74d7a00b583f3f83a2b00830dedfc799d928343?s=96&d=mm&r=g\",\"caption\":\"Jan\"},\"description\":\"Wohnt in M\u00fcnchen, hat aber bis heute keine Ahnung, wie er dort gelandet ist. W\u00fcnscht sich manchmal eine dritte Stimme im Kopf, die ihn davon abh\u00e4lt, auszusprechen, was er gerade denkt. Mag Sport und jeden Kartoffelchip einzeln zu essen. Hasst es, sich auf neue Duschen einstellen zu m\u00fcssen. In einer Beziehung mit Social Media \u2013 aber es ist kompliziert.\",\"url\":\"https:\\\/\\\/www.thebestsocial.media\\\/de\\\/author\\\/janhorstkoetter\\\/\"}]}<\/script>\n<!-- \/ Yoast SEO plugin. -->","yoast_head_json":{"title":"Bahn wirft Mario Barth raus, weil er seine Maske nicht richtig getragen hat","description":"Mario Barth wurde von der Deutschen Bahn des Zuges verwiesen, weil er seine Maske nicht richtig getragen hat. Das Netz reagiert sp\u00f6ttisch.","robots":{"index":"index","follow":"follow","max-snippet":"max-snippet:-1","max-image-preview":"max-image-preview:large","max-video-preview":"max-video-preview:-1"},"canonical":"https:\/\/www.thebestsocial.media\/de\/mario-barth-zug-maske-deutsche-bahn-db-verwiesen-corona\/","og_locale":"de_DE","og_type":"article","og_title":"Die Bahn wirft Mario Barth raus, weil er seine Maske nicht richtig getragen hat","og_description":"Mario Barth wurde von der Deutschen Bahn des Zuges verwiesen, weil er seine Maske nicht richtig getragen hat. Das Netz reagiert sp\u00f6ttisch.","og_url":"https:\/\/www.thebestsocial.media\/de\/mario-barth-zug-maske-deutsche-bahn-db-verwiesen-corona\/","og_site_name":"The Best Social Media DE","article_published_time":"2022-04-11T09:07:55+00:00","og_image":[{"width":1200,"height":630,"url":"https:\/\/www.thebestsocial.media\/de\/wp-content\/uploads\/sites\/3\/2022\/04\/MaBa.png","type":"image\/png"}],"author":"Jan","twitter_card":"summary_large_image","twitter_misc":{"Verfasst von":"Jan","Gesch\u00e4tzte Lesezeit":"4\u00a0Minuten"},"schema":{"@context":"https:\/\/schema.org","@graph":[{"@type":"Article","@id":"https:\/\/www.thebestsocial.media\/de\/mario-barth-zug-maske-deutsche-bahn-db-verwiesen-corona\/#article","isPartOf":{"@id":"https:\/\/www.thebestsocial.media\/de\/mario-barth-zug-maske-deutsche-bahn-db-verwiesen-corona\/"},"author":{"name":"Jan","@id":"https:\/\/www.thebestsocial.media\/de\/#\/schema\/person\/03b8d8d2905b97b499c8e0808b724821"},"headline":"Die Bahn wirft Mario Barth raus, weil er seine Maske nicht richtig getragen hat","datePublished":"2022-04-11T09:07:55+00:00","mainEntityOfPage":{"@id":"https:\/\/www.thebestsocial.media\/de\/mario-barth-zug-maske-deutsche-bahn-db-verwiesen-corona\/"},"wordCount":789,"commentCount":0,"image":{"@id":"https:\/\/www.thebestsocial.media\/de\/mario-barth-zug-maske-deutsche-bahn-db-verwiesen-corona\/#primaryimage"},"thumbnailUrl":"https:\/\/www.thebestsocial.media\/de\/wp-content\/uploads\/sites\/3\/2022\/04\/Bahn-Hed.jpg","keywords":["Comedian","Mario Barth"],"articleSection":["Fail"],"inLanguage":"de","potentialAction":[{"@type":"CommentAction","name":"Comment","target":["https:\/\/www.thebestsocial.media\/de\/mario-barth-zug-maske-deutsche-bahn-db-verwiesen-corona\/#respond"]}]},{"@type":"WebPage","@id":"https:\/\/www.thebestsocial.media\/de\/mario-barth-zug-maske-deutsche-bahn-db-verwiesen-corona\/","url":"https:\/\/www.thebestsocial.media\/de\/mario-barth-zug-maske-deutsche-bahn-db-verwiesen-corona\/","name":"Bahn wirft Mario Barth raus, weil er seine Maske nicht richtig getragen hat","isPartOf":{"@id":"https:\/\/www.thebestsocial.media\/de\/#website"},"primaryImageOfPage":{"@id":"https:\/\/www.thebestsocial.media\/de\/mario-barth-zug-maske-deutsche-bahn-db-verwiesen-corona\/#primaryimage"},"image":{"@id":"https:\/\/www.thebestsocial.media\/de\/mario-barth-zug-maske-deutsche-bahn-db-verwiesen-corona\/#primaryimage"},"thumbnailUrl":"https:\/\/www.thebestsocial.media\/de\/wp-content\/uploads\/sites\/3\/2022\/04\/Bahn-Hed.jpg","datePublished":"2022-04-11T09:07:55+00:00","author":{"@id":"https:\/\/www.thebestsocial.media\/de\/#\/schema\/person\/03b8d8d2905b97b499c8e0808b724821"},"description":"Mario Barth wurde von der Deutschen Bahn des Zuges verwiesen, weil er seine Maske nicht richtig getragen hat. Das Netz reagiert sp\u00f6ttisch.","breadcrumb":{"@id":"https:\/\/www.thebestsocial.media\/de\/mario-barth-zug-maske-deutsche-bahn-db-verwiesen-corona\/#breadcrumb"},"inLanguage":"de","potentialAction":[{"@type":"ReadAction","target":["https:\/\/www.thebestsocial.media\/de\/mario-barth-zug-maske-deutsche-bahn-db-verwiesen-corona\/"]}]},{"@type":"ImageObject","inLanguage":"de","@id":"https:\/\/www.thebestsocial.media\/de\/mario-barth-zug-maske-deutsche-bahn-db-verwiesen-corona\/#primaryimage","url":"https:\/\/www.thebestsocial.media\/de\/wp-content\/uploads\/sites\/3\/2022\/04\/Bahn-Hed.jpg","contentUrl":"https:\/\/www.thebestsocial.media\/de\/wp-content\/uploads\/sites\/3\/2022\/04\/Bahn-Hed.jpg","width":1920,"height":1080,"caption":"Mario Barth wurde von der Deutschen Bahn des Zuges verwiesen, weil er seine Maske nicht richtig getragen hat. Das Netz reagiert sp\u00f6ttisch."},{"@type":"BreadcrumbList","@id":"https:\/\/www.thebestsocial.media\/de\/mario-barth-zug-maske-deutsche-bahn-db-verwiesen-corona\/#breadcrumb","itemListElement":[{"@type":"ListItem","position":1,"name":"Home","item":"https:\/\/www.thebestsocial.media\/de\/"},{"@type":"ListItem","position":2,"name":"Die Bahn wirft Mario Barth raus, weil er seine Maske nicht richtig getragen hat"}]},{"@type":"WebSite","@id":"https:\/\/www.thebestsocial.media\/de\/#website","url":"https:\/\/www.thebestsocial.media\/de\/","name":"The Best Social Media DE","description":"","potentialAction":[{"@type":"SearchAction","target":{"@type":"EntryPoint","urlTemplate":"https:\/\/www.thebestsocial.media\/de\/?s={search_term_string}"},"query-input":{"@type":"PropertyValueSpecification","valueRequired":true,"valueName":"search_term_string"}}],"inLanguage":"de"},{"@type":"Person","@id":"https:\/\/www.thebestsocial.media\/de\/#\/schema\/person\/03b8d8d2905b97b499c8e0808b724821","name":"Jan","image":{"@type":"ImageObject","inLanguage":"de","@id":"https:\/\/secure.gravatar.com\/avatar\/6977c5e4d81f2a717dcf76e5e74d7a00b583f3f83a2b00830dedfc799d928343?s=96&d=mm&r=g","url":"https:\/\/secure.gravatar.com\/avatar\/6977c5e4d81f2a717dcf76e5e74d7a00b583f3f83a2b00830dedfc799d928343?s=96&d=mm&r=g","contentUrl":"https:\/\/secure.gravatar.com\/avatar\/6977c5e4d81f2a717dcf76e5e74d7a00b583f3f83a2b00830dedfc799d928343?s=96&d=mm&r=g","caption":"Jan"},"description":"Wohnt in M\u00fcnchen, hat aber bis heute keine Ahnung, wie er dort gelandet ist. W\u00fcnscht sich manchmal eine dritte Stimme im Kopf, die ihn davon abh\u00e4lt, auszusprechen, was er gerade denkt. Mag Sport und jeden Kartoffelchip einzeln zu essen. Hasst es, sich auf neue Duschen einstellen zu m\u00fcssen. In einer Beziehung mit Social Media \u2013 aber es ist kompliziert.","url":"https:\/\/www.thebestsocial.media\/de\/author\/janhorstkoetter\/"}]}},"amp_enabled":true,"_links":{"self":[{"href":"https:\/\/www.thebestsocial.media\/de\/wp-json\/wp\/v2\/posts\/159806","targetHints":{"allow":["GET"]}}],"collection":[{"href":"https:\/\/www.thebestsocial.media\/de\/wp-json\/wp\/v2\/posts"}],"about":[{"href":"https:\/\/www.thebestsocial.media\/de\/wp-json\/wp\/v2\/types\/post"}],"author":[{"embeddable":true,"href":"https:\/\/www.thebestsocial.media\/de\/wp-json\/wp\/v2\/users\/65"}],"replies":[{"embeddable":true,"href":"https:\/\/www.thebestsocial.media\/de\/wp-json\/wp\/v2\/comments?post=159806"}],"version-history":[{"count":4,"href":"https:\/\/www.thebestsocial.media\/de\/wp-json\/wp\/v2\/posts\/159806\/revisions"}],"predecessor-version":[{"id":159818,"href":"https:\/\/www.thebestsocial.media\/de\/wp-json\/wp\/v2\/posts\/159806\/revisions\/159818"}],"wp:featuredmedia":[{"embeddable":true,"href":"https:\/\/www.thebestsocial.media\/de\/wp-json\/wp\/v2\/media\/159817"}],"wp:attachment":[{"href":"https:\/\/www.thebestsocial.media\/de\/wp-json\/wp\/v2\/media?parent=159806"}],"wp:term":[{"taxonomy":"category","embeddable":true,"href":"https:\/\/www.thebestsocial.media\/de\/wp-json\/wp\/v2\/categories?post=159806"},{"taxonomy":"post_tag","embeddable":true,"href":"https:\/\/www.thebestsocial.media\/de\/wp-json\/wp\/v2\/tags?post=159806"}],"curies":[{"name":"wp","href":"https:\/\/api.w.org\/{rel}","templated":true}]}}