{"id":159641,"date":"2022-04-06T13:26:48","date_gmt":"2022-04-06T13:26:48","guid":{"rendered":"https:\/\/www.thebestsocial.media\/de\/?p=159641"},"modified":"2022-04-06T13:26:48","modified_gmt":"2022-04-06T13:26:48","slug":"sommerresidenz-balkonien-eine-wohnung-mit-aussenbereich-gilt-als-absolutes-privileg","status":"publish","type":"post","link":"https:\/\/www.thebestsocial.media\/de\/sommerresidenz-balkonien-eine-wohnung-mit-aussenbereich-gilt-als-absolutes-privileg\/","title":{"rendered":"Sommerresidenz Balkonien: Eine Wohnung mit Au\u00dfenbereich gilt als absolutes Privileg"},"content":{"rendered":"<p>Einen Balkon bei der Wohnung dabeizuhaben, w\u00fcnschen sich die Meisten. Der Balkon kann noch so klein sein, das Privileg sich in die frische Luft begeben zu k\u00f6nnen von zu Hause aus, wird sehr wertgesch\u00e4tzt.<\/p>\n<p>&nbsp;<\/p>\n<h3><strong>1. In Quarant\u00e4ne-Zeiten lohnt sich ein Balkon besonders. <\/strong><\/h3>\n<blockquote class=\"twitter-tweet\">\n<p dir=\"ltr\" lang=\"de\">Wenn man dieses italienische Quarant\u00e4ne-Singen von Balkon zu Balkon in Deutschland machen w\u00fcrde:<\/p>\n<p>\u201eWEINE NICHT WENN DER REGEN F\u00c4&#8230;\u201c<\/p>\n<p>\u201e&#8230;FRESSE DA OBEN! Und mach mal deine Kartons klein, du Pisser!\u201c<\/p>\n<p>\u201eDam, Dam, Dam&#8230;naja&#8230;\u201c [Balkont\u00fcrger\u00e4usch]<\/p>\n<p>\u2014 Tommi Schmitt (@TommiSchmitt) <a href=\"https:\/\/twitter.com\/TommiSchmitt\/status\/1238751386017452034?ref_src=twsrc%5Etfw\">March 14, 2020<\/a><\/p><\/blockquote>\n<p><script async src=\"https:\/\/platform.twitter.com\/widgets.js\" charset=\"utf-8\"><\/script><\/p>\n<p>&nbsp;<\/p>\n<h3><strong>2. Auch in schwindelerregenden H\u00f6hen gibt es Balkone. <\/strong><\/h3>\n<p><video src=\"https:\/\/www.thebestsocial.media\/de\/wp-content\/uploads\/tiktok\/7002256169117027585.mp4\" controls width=\"623\" height=\"1108\" style=\"border:0; height:90vh; width:50.625000vh;\"><\/video><\/p>\n<p>&nbsp;<\/p>\n<h3><strong>3. Dann musste man den Balkon verlassen. <\/strong><\/h3>\n<blockquote class=\"twitter-tweet\">\n<p dir=\"ltr\" lang=\"de\">Gewitter:<br \/>\n*zieht auf*<\/p>\n<p>Meine Eltern damals in den 80ern und 90ern:<br \/>\n&#8222;Fernseher aus! Computer aus! Stecker raus! Antennenkabel raus! Hast du die Fenster richtig zugemacht? Sofort runter vom Balkon!!!&#8220;<\/p>\n<p>\u2014 Nicht Chevy Chase (@DrWaumiau) <a href=\"https:\/\/twitter.com\/DrWaumiau\/status\/1392005053364461569?ref_src=twsrc%5Etfw\">May 11, 2021<\/a><\/p><\/blockquote>\n<p><script async src=\"https:\/\/platform.twitter.com\/widgets.js\" charset=\"utf-8\"><\/script><\/p>\n<p>&nbsp;<\/p>\n<h3><strong>4. Das m\u00fcsste dann auch genug gewesen sein&#8230;<\/strong><\/h3>\n<blockquote class=\"twitter-tweet\">\n<p dir=\"ltr\" lang=\"de\">Sorry Pflegepersonal, ihr hattet eure 5 Minuten als wir drei Tage abends auf dem Balkon geklatscht haben<\/p>\n<p>\u2014 Dax Werner (@DaxWerner) <a href=\"https:\/\/twitter.com\/DaxWerner\/status\/1268479356961206273?ref_src=twsrc%5Etfw\">June 4, 2020<\/a><\/p><\/blockquote>\n<p><script async src=\"https:\/\/platform.twitter.com\/widgets.js\" charset=\"utf-8\"><\/script><\/p>\n<p>&nbsp;<\/p>\n<h3><strong>5. Auch Katzen k\u00f6nnen vom Balkon profitieren. <\/strong><\/h3>\n<p><video src=\"https:\/\/www.thebestsocial.media\/de\/wp-content\/uploads\/tiktok\/7038278928535964933.mp4\" controls width=\"623\" height=\"1108\" style=\"border:0; height:90vh; width:50.625000vh;\"><\/video><\/p>\n<p>&nbsp;<\/p>\n<h3><strong>6. Auf Partys wird der Balkon besonders gerne blockiert. <\/strong><\/h3>\n<blockquote class=\"twitter-tweet\">\n<p dir=\"ltr\" lang=\"de\">Prototyp Philosophiestudenten die uneingeladen auf deiner Party den Balkon blockieren <a href=\"https:\/\/t.co\/S0bBsgmUWF\">pic.twitter.com\/S0bBsgmUWF<\/a><\/p>\n<p>\u2014 \ud83c\udd7f\ufe0fatrick Wira (@patrickwiral) <a href=\"https:\/\/twitter.com\/patrickwiral\/status\/1301236191287803904?ref_src=twsrc%5Etfw\">September 2, 2020<\/a><\/p><\/blockquote>\n<p><script async src=\"https:\/\/platform.twitter.com\/widgets.js\" charset=\"utf-8\"><\/script><\/p>\n<p>&nbsp;<\/p>\n<h3><strong>7. Manche Dinge m\u00fcssen au jeden Fall vermieden werden.<\/strong><\/h3>\n<blockquote class=\"twitter-tweet\">\n<p dir=\"ltr\" lang=\"de\">Wir m\u00fcssen uns eines versprechen:<br \/>\nEgal was passiert. Niemand singt HULAPALU vom Balkon!!<\/p>\n<p>\u2014 Julier. (@giuliere) <a href=\"https:\/\/twitter.com\/giuliere\/status\/1238779396477071361?ref_src=twsrc%5Etfw\">March 14, 2020<\/a><\/p><\/blockquote>\n<p><script async src=\"https:\/\/platform.twitter.com\/widgets.js\" charset=\"utf-8\"><\/script><\/p>\n<p>&nbsp;<\/p>\n<h3><strong>8. Auch Freundschaften k\u00f6nnen \u00fcber Balkone entstehen. <\/strong><\/h3>\n<p><video src=\"https:\/\/www.thebestsocial.media\/de\/wp-content\/uploads\/tiktok\/7030556412921105670.mp4\" controls width=\"623\" height=\"1108\" style=\"border:0; height:90vh; width:50.625000vh;\"><\/video><\/p>\n<p>&nbsp;<\/p>\n<h3><strong>9. So macht man den Job richtig. <\/strong><\/h3>\n<blockquote class=\"twitter-tweet\">\n<p dir=\"ltr\" lang=\"de\">&#8222;Diese Wohnung hat aber auch schon bessere Tage gesehen. Und der Balkon&#8230;eine Schande.&#8220;<\/p>\n<p>Jens, 37, Immobilienm\u00e4kler.<\/p>\n<p>\u2014 timmi mit r\u00fcbe auf dem arm (@GalacticTimmy) <a href=\"https:\/\/twitter.com\/GalacticTimmy\/status\/973675983407583232?ref_src=twsrc%5Etfw\">March 13, 2018<\/a><\/p><\/blockquote>\n<p><script async src=\"https:\/\/platform.twitter.com\/widgets.js\" charset=\"utf-8\"><\/script><\/p>\n<p>&nbsp;<\/p>\n<h3><strong>10. Dann ist niemand mehr sicher. <\/strong><\/h3>\n<p><video src=\"https:\/\/www.thebestsocial.media\/de\/wp-content\/uploads\/tiktok\/7038357764879518981.mp4\" controls width=\"623\" height=\"1108\" style=\"border:0; height:90vh; width:50.625000vh;\"><\/video><\/p>\n<p><strong>Hey! Wir suchen eine*n Redakteur*in f\u00fcr The Best Social Media. Bist du textstark, liebst die Internetkultur und verstehst, dass TikToks mehr als nur kurze, nervige Videos sind? Hast du bereits eine gesunde Social-Media-Sucht entwickelt? Du lebst online, wei\u00dft, was im Moment passiert ist und was morgen angesagt sein wird? <a href=\"https:\/\/www.thebestsocialjobs.com\/de\/\">Dann werde Teil unseres Teams!<\/a><br \/>\n<\/strong><\/p>\n","protected":false},"excerpt":{"rendered":"<p>Einen Balkon bei der Wohnung dabeizuhaben, w\u00fcnschen sich die Meisten. Der Balkon kann noch so klein sein, das Privileg sich in die frische Luft begeben&#8230;<\/p>\n","protected":false},"author":92,"featured_media":159655,"comment_status":"open","ping_status":"open","sticky":false,"template":"","format":"standard","meta":{"_acf_changed":false,"footnotes":""},"categories":[102,3641,35,1],"tags":[4991,3333,58],"class_list":["post-159641","post","type-post","status-publish","format-standard","has-post-thumbnail","hentry","category-allgemein","category-tiktok","category-twitter","category-uncategorized","tag-balkon","tag-tiktok","tag-twitter"],"acf":[],"yoast_head":"<!-- This site is optimized with the Yoast SEO plugin v27.5 - https:\/\/yoast.com\/product\/yoast-seo-wordpress\/ -->\n<title>Sommerresidenz Balkonien: Eine Wohnung mit Au\u00dfenbereich gilt als absolutes Privileg<\/title>\n<meta name=\"robots\" content=\"index, follow, max-snippet:-1, max-image-preview:large, max-video-preview:-1\" \/>\n<link rel=\"canonical\" href=\"https:\/\/www.thebestsocial.media\/de\/sommerresidenz-balkonien-eine-wohnung-mit-aussenbereich-gilt-als-absolutes-privileg\/\" \/>\n<meta property=\"og:locale\" content=\"de_DE\" \/>\n<meta property=\"og:type\" content=\"article\" \/>\n<meta property=\"og:title\" content=\"Sommerresidenz Balkonien: Eine Wohnung mit Au\u00dfenbereich gilt als absolutes Privileg\" \/>\n<meta property=\"og:description\" content=\"Einen Balkon bei der Wohnung dabeizuhaben, w\u00fcnschen sich die Meisten. Der Balkon kann noch so klein sein, das Privileg sich in die frische Luft begeben...\" \/>\n<meta property=\"og:url\" content=\"https:\/\/www.thebestsocial.media\/de\/sommerresidenz-balkonien-eine-wohnung-mit-aussenbereich-gilt-als-absolutes-privileg\/\" \/>\n<meta property=\"og:site_name\" content=\"The Best Social Media DE\" \/>\n<meta property=\"article:author\" content=\"Anna Oeltges\" \/>\n<meta property=\"article:published_time\" content=\"2022-04-06T13:26:48+00:00\" \/>\n<meta property=\"og:image\" content=\"https:\/\/www.thebestsocial.media\/de\/wp-content\/uploads\/sites\/3\/2022\/04\/Header_Bild_Neu-5.png\" \/>\n\t<meta property=\"og:image:width\" content=\"1200\" \/>\n\t<meta property=\"og:image:height\" content=\"630\" \/>\n\t<meta property=\"og:image:type\" content=\"image\/png\" \/>\n<meta name=\"author\" content=\"Anna Oeltges\" \/>\n<meta name=\"twitter:card\" content=\"summary_large_image\" \/>\n<meta name=\"twitter:creator\" content=\"@oeltges\" \/>\n<meta name=\"twitter:label1\" content=\"Verfasst von\" \/>\n\t<meta name=\"twitter:data1\" content=\"Anna Oeltges\" \/>\n\t<meta name=\"twitter:label2\" content=\"Gesch\u00e4tzte Lesezeit\" \/>\n\t<meta name=\"twitter:data2\" content=\"2\u00a0Minuten\" \/>\n<script type=\"application\/ld+json\" class=\"yoast-schema-graph\">{\"@context\":\"https:\\\/\\\/schema.org\",\"@graph\":[{\"@type\":\"Article\",\"@id\":\"https:\\\/\\\/www.thebestsocial.media\\\/de\\\/sommerresidenz-balkonien-eine-wohnung-mit-aussenbereich-gilt-als-absolutes-privileg\\\/#article\",\"isPartOf\":{\"@id\":\"https:\\\/\\\/www.thebestsocial.media\\\/de\\\/sommerresidenz-balkonien-eine-wohnung-mit-aussenbereich-gilt-als-absolutes-privileg\\\/\"},\"author\":{\"name\":\"Anna Oeltges\",\"@id\":\"https:\\\/\\\/www.thebestsocial.media\\\/de\\\/#\\\/schema\\\/person\\\/73ef7d3bb298de832c8f1c79b4a41e81\"},\"headline\":\"Sommerresidenz Balkonien: Eine Wohnung mit Au\u00dfenbereich gilt als absolutes Privileg\",\"datePublished\":\"2022-04-06T13:26:48+00:00\",\"mainEntityOfPage\":{\"@id\":\"https:\\\/\\\/www.thebestsocial.media\\\/de\\\/sommerresidenz-balkonien-eine-wohnung-mit-aussenbereich-gilt-als-absolutes-privileg\\\/\"},\"wordCount\":418,\"commentCount\":0,\"image\":{\"@id\":\"https:\\\/\\\/www.thebestsocial.media\\\/de\\\/sommerresidenz-balkonien-eine-wohnung-mit-aussenbereich-gilt-als-absolutes-privileg\\\/#primaryimage\"},\"thumbnailUrl\":\"https:\\\/\\\/www.thebestsocial.media\\\/de\\\/wp-content\\\/uploads\\\/sites\\\/3\\\/2022\\\/04\\\/Screenshot-2022-04-06-at-14.46.38.png\",\"keywords\":[\"Balkon\",\"TikTok\",\"twitter\"],\"articleSection\":{\"1\":\"TikTok\",\"2\":\"Twitter\",\"3\":\"Uncategorized\"},\"inLanguage\":\"de\",\"potentialAction\":[{\"@type\":\"CommentAction\",\"name\":\"Comment\",\"target\":[\"https:\\\/\\\/www.thebestsocial.media\\\/de\\\/sommerresidenz-balkonien-eine-wohnung-mit-aussenbereich-gilt-als-absolutes-privileg\\\/#respond\"]}]},{\"@type\":\"WebPage\",\"@id\":\"https:\\\/\\\/www.thebestsocial.media\\\/de\\\/sommerresidenz-balkonien-eine-wohnung-mit-aussenbereich-gilt-als-absolutes-privileg\\\/\",\"url\":\"https:\\\/\\\/www.thebestsocial.media\\\/de\\\/sommerresidenz-balkonien-eine-wohnung-mit-aussenbereich-gilt-als-absolutes-privileg\\\/\",\"name\":\"Sommerresidenz Balkonien: Eine Wohnung mit Au\u00dfenbereich gilt als absolutes Privileg\",\"isPartOf\":{\"@id\":\"https:\\\/\\\/www.thebestsocial.media\\\/de\\\/#website\"},\"primaryImageOfPage\":{\"@id\":\"https:\\\/\\\/www.thebestsocial.media\\\/de\\\/sommerresidenz-balkonien-eine-wohnung-mit-aussenbereich-gilt-als-absolutes-privileg\\\/#primaryimage\"},\"image\":{\"@id\":\"https:\\\/\\\/www.thebestsocial.media\\\/de\\\/sommerresidenz-balkonien-eine-wohnung-mit-aussenbereich-gilt-als-absolutes-privileg\\\/#primaryimage\"},\"thumbnailUrl\":\"https:\\\/\\\/www.thebestsocial.media\\\/de\\\/wp-content\\\/uploads\\\/sites\\\/3\\\/2022\\\/04\\\/Screenshot-2022-04-06-at-14.46.38.png\",\"datePublished\":\"2022-04-06T13:26:48+00:00\",\"author\":{\"@id\":\"https:\\\/\\\/www.thebestsocial.media\\\/de\\\/#\\\/schema\\\/person\\\/73ef7d3bb298de832c8f1c79b4a41e81\"},\"breadcrumb\":{\"@id\":\"https:\\\/\\\/www.thebestsocial.media\\\/de\\\/sommerresidenz-balkonien-eine-wohnung-mit-aussenbereich-gilt-als-absolutes-privileg\\\/#breadcrumb\"},\"inLanguage\":\"de\",\"potentialAction\":[{\"@type\":\"ReadAction\",\"target\":[\"https:\\\/\\\/www.thebestsocial.media\\\/de\\\/sommerresidenz-balkonien-eine-wohnung-mit-aussenbereich-gilt-als-absolutes-privileg\\\/\"]}]},{\"@type\":\"ImageObject\",\"inLanguage\":\"de\",\"@id\":\"https:\\\/\\\/www.thebestsocial.media\\\/de\\\/sommerresidenz-balkonien-eine-wohnung-mit-aussenbereich-gilt-als-absolutes-privileg\\\/#primaryimage\",\"url\":\"https:\\\/\\\/www.thebestsocial.media\\\/de\\\/wp-content\\\/uploads\\\/sites\\\/3\\\/2022\\\/04\\\/Screenshot-2022-04-06-at-14.46.38.png\",\"contentUrl\":\"https:\\\/\\\/www.thebestsocial.media\\\/de\\\/wp-content\\\/uploads\\\/sites\\\/3\\\/2022\\\/04\\\/Screenshot-2022-04-06-at-14.46.38.png\",\"width\":2334,\"height\":1546},{\"@type\":\"BreadcrumbList\",\"@id\":\"https:\\\/\\\/www.thebestsocial.media\\\/de\\\/sommerresidenz-balkonien-eine-wohnung-mit-aussenbereich-gilt-als-absolutes-privileg\\\/#breadcrumb\",\"itemListElement\":[{\"@type\":\"ListItem\",\"position\":1,\"name\":\"Home\",\"item\":\"https:\\\/\\\/www.thebestsocial.media\\\/de\\\/\"},{\"@type\":\"ListItem\",\"position\":2,\"name\":\"Sommerresidenz Balkonien: Eine Wohnung mit Au\u00dfenbereich gilt als absolutes Privileg\"}]},{\"@type\":\"WebSite\",\"@id\":\"https:\\\/\\\/www.thebestsocial.media\\\/de\\\/#website\",\"url\":\"https:\\\/\\\/www.thebestsocial.media\\\/de\\\/\",\"name\":\"The Best Social Media DE\",\"description\":\"\",\"potentialAction\":[{\"@type\":\"SearchAction\",\"target\":{\"@type\":\"EntryPoint\",\"urlTemplate\":\"https:\\\/\\\/www.thebestsocial.media\\\/de\\\/?s={search_term_string}\"},\"query-input\":{\"@type\":\"PropertyValueSpecification\",\"valueRequired\":true,\"valueName\":\"search_term_string\"}}],\"inLanguage\":\"de\"},{\"@type\":\"Person\",\"@id\":\"https:\\\/\\\/www.thebestsocial.media\\\/de\\\/#\\\/schema\\\/person\\\/73ef7d3bb298de832c8f1c79b4a41e81\",\"name\":\"Anna Oeltges\",\"image\":{\"@type\":\"ImageObject\",\"inLanguage\":\"de\",\"@id\":\"https:\\\/\\\/secure.gravatar.com\\\/avatar\\\/5ce5a6c547e9e6c1f06970e7e00b7d65cb62536add335c1e887b5723d76d3fd6?s=96&d=mm&r=g\",\"url\":\"https:\\\/\\\/secure.gravatar.com\\\/avatar\\\/5ce5a6c547e9e6c1f06970e7e00b7d65cb62536add335c1e887b5723d76d3fd6?s=96&d=mm&r=g\",\"contentUrl\":\"https:\\\/\\\/secure.gravatar.com\\\/avatar\\\/5ce5a6c547e9e6c1f06970e7e00b7d65cb62536add335c1e887b5723d76d3fd6?s=96&d=mm&r=g\",\"caption\":\"Anna Oeltges\"},\"sameAs\":[\"Anna Oeltges\",\"annaoeltges\",\"https:\\\/\\\/x.com\\\/oeltges\"],\"url\":\"https:\\\/\\\/www.thebestsocial.media\\\/de\\\/author\\\/anna\\\/\"}]}<\/script>\n<!-- \/ Yoast SEO plugin. -->","yoast_head_json":{"title":"Sommerresidenz Balkonien: Eine Wohnung mit Au\u00dfenbereich gilt als absolutes Privileg","robots":{"index":"index","follow":"follow","max-snippet":"max-snippet:-1","max-image-preview":"max-image-preview:large","max-video-preview":"max-video-preview:-1"},"canonical":"https:\/\/www.thebestsocial.media\/de\/sommerresidenz-balkonien-eine-wohnung-mit-aussenbereich-gilt-als-absolutes-privileg\/","og_locale":"de_DE","og_type":"article","og_title":"Sommerresidenz Balkonien: Eine Wohnung mit Au\u00dfenbereich gilt als absolutes Privileg","og_description":"Einen Balkon bei der Wohnung dabeizuhaben, w\u00fcnschen sich die Meisten. Der Balkon kann noch so klein sein, das Privileg sich in die frische Luft begeben...","og_url":"https:\/\/www.thebestsocial.media\/de\/sommerresidenz-balkonien-eine-wohnung-mit-aussenbereich-gilt-als-absolutes-privileg\/","og_site_name":"The Best Social Media DE","article_author":"Anna Oeltges","article_published_time":"2022-04-06T13:26:48+00:00","og_image":[{"width":1200,"height":630,"url":"https:\/\/www.thebestsocial.media\/de\/wp-content\/uploads\/sites\/3\/2022\/04\/Header_Bild_Neu-5.png","type":"image\/png"}],"author":"Anna Oeltges","twitter_card":"summary_large_image","twitter_creator":"@oeltges","twitter_misc":{"Verfasst von":"Anna Oeltges","Gesch\u00e4tzte Lesezeit":"2\u00a0Minuten"},"schema":{"@context":"https:\/\/schema.org","@graph":[{"@type":"Article","@id":"https:\/\/www.thebestsocial.media\/de\/sommerresidenz-balkonien-eine-wohnung-mit-aussenbereich-gilt-als-absolutes-privileg\/#article","isPartOf":{"@id":"https:\/\/www.thebestsocial.media\/de\/sommerresidenz-balkonien-eine-wohnung-mit-aussenbereich-gilt-als-absolutes-privileg\/"},"author":{"name":"Anna Oeltges","@id":"https:\/\/www.thebestsocial.media\/de\/#\/schema\/person\/73ef7d3bb298de832c8f1c79b4a41e81"},"headline":"Sommerresidenz Balkonien: Eine Wohnung mit Au\u00dfenbereich gilt als absolutes Privileg","datePublished":"2022-04-06T13:26:48+00:00","mainEntityOfPage":{"@id":"https:\/\/www.thebestsocial.media\/de\/sommerresidenz-balkonien-eine-wohnung-mit-aussenbereich-gilt-als-absolutes-privileg\/"},"wordCount":418,"commentCount":0,"image":{"@id":"https:\/\/www.thebestsocial.media\/de\/sommerresidenz-balkonien-eine-wohnung-mit-aussenbereich-gilt-als-absolutes-privileg\/#primaryimage"},"thumbnailUrl":"https:\/\/www.thebestsocial.media\/de\/wp-content\/uploads\/sites\/3\/2022\/04\/Screenshot-2022-04-06-at-14.46.38.png","keywords":["Balkon","TikTok","twitter"],"articleSection":{"1":"TikTok","2":"Twitter","3":"Uncategorized"},"inLanguage":"de","potentialAction":[{"@type":"CommentAction","name":"Comment","target":["https:\/\/www.thebestsocial.media\/de\/sommerresidenz-balkonien-eine-wohnung-mit-aussenbereich-gilt-als-absolutes-privileg\/#respond"]}]},{"@type":"WebPage","@id":"https:\/\/www.thebestsocial.media\/de\/sommerresidenz-balkonien-eine-wohnung-mit-aussenbereich-gilt-als-absolutes-privileg\/","url":"https:\/\/www.thebestsocial.media\/de\/sommerresidenz-balkonien-eine-wohnung-mit-aussenbereich-gilt-als-absolutes-privileg\/","name":"Sommerresidenz Balkonien: Eine Wohnung mit Au\u00dfenbereich gilt als absolutes Privileg","isPartOf":{"@id":"https:\/\/www.thebestsocial.media\/de\/#website"},"primaryImageOfPage":{"@id":"https:\/\/www.thebestsocial.media\/de\/sommerresidenz-balkonien-eine-wohnung-mit-aussenbereich-gilt-als-absolutes-privileg\/#primaryimage"},"image":{"@id":"https:\/\/www.thebestsocial.media\/de\/sommerresidenz-balkonien-eine-wohnung-mit-aussenbereich-gilt-als-absolutes-privileg\/#primaryimage"},"thumbnailUrl":"https:\/\/www.thebestsocial.media\/de\/wp-content\/uploads\/sites\/3\/2022\/04\/Screenshot-2022-04-06-at-14.46.38.png","datePublished":"2022-04-06T13:26:48+00:00","author":{"@id":"https:\/\/www.thebestsocial.media\/de\/#\/schema\/person\/73ef7d3bb298de832c8f1c79b4a41e81"},"breadcrumb":{"@id":"https:\/\/www.thebestsocial.media\/de\/sommerresidenz-balkonien-eine-wohnung-mit-aussenbereich-gilt-als-absolutes-privileg\/#breadcrumb"},"inLanguage":"de","potentialAction":[{"@type":"ReadAction","target":["https:\/\/www.thebestsocial.media\/de\/sommerresidenz-balkonien-eine-wohnung-mit-aussenbereich-gilt-als-absolutes-privileg\/"]}]},{"@type":"ImageObject","inLanguage":"de","@id":"https:\/\/www.thebestsocial.media\/de\/sommerresidenz-balkonien-eine-wohnung-mit-aussenbereich-gilt-als-absolutes-privileg\/#primaryimage","url":"https:\/\/www.thebestsocial.media\/de\/wp-content\/uploads\/sites\/3\/2022\/04\/Screenshot-2022-04-06-at-14.46.38.png","contentUrl":"https:\/\/www.thebestsocial.media\/de\/wp-content\/uploads\/sites\/3\/2022\/04\/Screenshot-2022-04-06-at-14.46.38.png","width":2334,"height":1546},{"@type":"BreadcrumbList","@id":"https:\/\/www.thebestsocial.media\/de\/sommerresidenz-balkonien-eine-wohnung-mit-aussenbereich-gilt-als-absolutes-privileg\/#breadcrumb","itemListElement":[{"@type":"ListItem","position":1,"name":"Home","item":"https:\/\/www.thebestsocial.media\/de\/"},{"@type":"ListItem","position":2,"name":"Sommerresidenz Balkonien: Eine Wohnung mit Au\u00dfenbereich gilt als absolutes Privileg"}]},{"@type":"WebSite","@id":"https:\/\/www.thebestsocial.media\/de\/#website","url":"https:\/\/www.thebestsocial.media\/de\/","name":"The Best Social Media DE","description":"","potentialAction":[{"@type":"SearchAction","target":{"@type":"EntryPoint","urlTemplate":"https:\/\/www.thebestsocial.media\/de\/?s={search_term_string}"},"query-input":{"@type":"PropertyValueSpecification","valueRequired":true,"valueName":"search_term_string"}}],"inLanguage":"de"},{"@type":"Person","@id":"https:\/\/www.thebestsocial.media\/de\/#\/schema\/person\/73ef7d3bb298de832c8f1c79b4a41e81","name":"Anna Oeltges","image":{"@type":"ImageObject","inLanguage":"de","@id":"https:\/\/secure.gravatar.com\/avatar\/5ce5a6c547e9e6c1f06970e7e00b7d65cb62536add335c1e887b5723d76d3fd6?s=96&d=mm&r=g","url":"https:\/\/secure.gravatar.com\/avatar\/5ce5a6c547e9e6c1f06970e7e00b7d65cb62536add335c1e887b5723d76d3fd6?s=96&d=mm&r=g","contentUrl":"https:\/\/secure.gravatar.com\/avatar\/5ce5a6c547e9e6c1f06970e7e00b7d65cb62536add335c1e887b5723d76d3fd6?s=96&d=mm&r=g","caption":"Anna Oeltges"},"sameAs":["Anna Oeltges","annaoeltges","https:\/\/x.com\/oeltges"],"url":"https:\/\/www.thebestsocial.media\/de\/author\/anna\/"}]}},"amp_enabled":true,"_links":{"self":[{"href":"https:\/\/www.thebestsocial.media\/de\/wp-json\/wp\/v2\/posts\/159641","targetHints":{"allow":["GET"]}}],"collection":[{"href":"https:\/\/www.thebestsocial.media\/de\/wp-json\/wp\/v2\/posts"}],"about":[{"href":"https:\/\/www.thebestsocial.media\/de\/wp-json\/wp\/v2\/types\/post"}],"author":[{"embeddable":true,"href":"https:\/\/www.thebestsocial.media\/de\/wp-json\/wp\/v2\/users\/92"}],"replies":[{"embeddable":true,"href":"https:\/\/www.thebestsocial.media\/de\/wp-json\/wp\/v2\/comments?post=159641"}],"version-history":[{"count":8,"href":"https:\/\/www.thebestsocial.media\/de\/wp-json\/wp\/v2\/posts\/159641\/revisions"}],"predecessor-version":[{"id":159658,"href":"https:\/\/www.thebestsocial.media\/de\/wp-json\/wp\/v2\/posts\/159641\/revisions\/159658"}],"wp:featuredmedia":[{"embeddable":true,"href":"https:\/\/www.thebestsocial.media\/de\/wp-json\/wp\/v2\/media\/159655"}],"wp:attachment":[{"href":"https:\/\/www.thebestsocial.media\/de\/wp-json\/wp\/v2\/media?parent=159641"}],"wp:term":[{"taxonomy":"category","embeddable":true,"href":"https:\/\/www.thebestsocial.media\/de\/wp-json\/wp\/v2\/categories?post=159641"},{"taxonomy":"post_tag","embeddable":true,"href":"https:\/\/www.thebestsocial.media\/de\/wp-json\/wp\/v2\/tags?post=159641"}],"curies":[{"name":"wp","href":"https:\/\/api.w.org\/{rel}","templated":true}]}}