{"id":159006,"date":"2023-03-28T18:49:23","date_gmt":"2023-03-28T18:49:23","guid":{"rendered":"https:\/\/www.thebestsocial.media\/de\/?p=159006"},"modified":"2023-03-29T11:20:52","modified_gmt":"2023-03-29T11:20:52","slug":"eissaison-2023","status":"publish","type":"post","link":"https:\/\/www.thebestsocial.media\/de\/eissaison-2023\/","title":{"rendered":"Es ist angeleckt: Mit den besten Tweets in die Eissaison 2023"},"content":{"rendered":"<p style=\"text-align: center;\">Eine Waffel mit 2 Kugeln Eis machen zwar noch keinen <a href=\"https:\/\/www.thebestsocial.media\/de\/maerz-sonne-sonnenschein-der-fruehling-ist-da-wie-diese-posts-zeigen\/\" target=\"_blank\" rel=\"noopener\">Fr\u00fchling<\/a>, daf\u00fcr aber gl\u00fccklich. Auch wenn der Preis f\u00fcr Eis schneller steigt als die <a href=\"https:\/\/www.thebestsocial.media\/de\/sonnenblumenoel\/\" target=\"_blank\" rel=\"noopener\">Benzinkosten<\/a> &#8211; ein Besuch bei der Eisdiele ist die Investition wert. Zur Einstimmung auf die Eissaison die besten Tweets zur kalten K\u00f6stlichkeit:<\/p>\n<p><em>&#8211; Das ist ein Repost aus M\u00e4rz 2022 &#8211;<\/em><\/p>\n<h3 style=\"text-align: center;\">1. Eis, Eis, Crazy.<\/h3>\n<blockquote class=\"twitter-tweet\">\n<p dir=\"ltr\" lang=\"de\">&#8222;Zwei Kugeln Vanille und eine Kugel Schoko.&#8220;<\/p>\n<p>Eisdiele fr\u00fcher:<br \/>\n&#8222;Hier bittesch\u00f6n.&#8220;<\/p>\n<p>Eisdiele heute:<br \/>\n&#8222;Haben wir nicht. Wir haben Seetang-K\u00fcrbiscreme, Cordon bleu, B\u00e4rlauchpesto Stroganoff, Chili-Uran, Pikachu 3000&#8230;&#8220;<\/p>\n<p>\u2014 StanBuyMe (@LeChral) <a href=\"https:\/\/twitter.com\/LeChral\/status\/1026833774540144640?ref_src=twsrc%5Etfw\">August 7, 2018<\/a><\/p><\/blockquote>\n<p><script async src=\"https:\/\/platform.twitter.com\/widgets.js\" charset=\"utf-8\"><\/script><\/p>\n<p>&nbsp;<\/p>\n<h3 style=\"text-align: center;\">2. Auf die Gr\u00f6\u00dfe kommt es an.<\/h3>\n<blockquote class=\"twitter-tweet\">\n<p dir=\"ltr\" lang=\"de\">&#8222;Wollen wir ein Eis essen?&#8220;<\/p>\n<p>Der 2-J\u00e4hrige: &#8222;Ja!&#8220;<\/p>\n<p>&#8222;Was f\u00fcr eine Sorte m\u00f6chtest du?&#8220;<\/p>\n<p>Der 2-J\u00e4hrige: &#8222;Ein Gro\u00dfes!&#8220;<\/p>\n<p>\u2014 Der Gasser (@magdasWasser) <a href=\"https:\/\/twitter.com\/magdasWasser\/status\/1292436730679832577?ref_src=twsrc%5Etfw\">August 9, 2020<\/a><\/p><\/blockquote>\n<p><script src=\"https:\/\/platform.twitter.com\/widgets.js\" async=\"\" charset=\"utf-8\"><\/script><\/p>\n<p>&nbsp;<\/p>\n<h3 style=\"text-align: center;\">3. Eis hat wenige Vitamine. Deswegen muss man viel davon essen.<\/h3>\n<blockquote class=\"twitter-tweet\">\n<p dir=\"ltr\" lang=\"de\">[Eisdiele]<br \/>\n&#8222;Ich h\u00e4tte gerne jede Sorte 8 mal, bitte. Eine Waffel habe ich selbst mitgebracht.<\/p>\n<p>-&#8222;Ist das eine Verkehrspylone?&#8220;<\/p>\n<p>&#8222;n-nein.&#8220;<\/p>\n<p>\u2014 Annzo_ (@AnniiZdevine) <a href=\"https:\/\/twitter.com\/AnniiZdevine\/status\/771324348938543104?ref_src=twsrc%5Etfw\">September 1, 2016<\/a><\/p><\/blockquote>\n<p><script src=\"https:\/\/platform.twitter.com\/widgets.js\" async=\"\" charset=\"utf-8\"><\/script><\/p>\n<p>&nbsp;<\/p>\n<h3 style=\"text-align: center;\">4. Erstes Date.<\/h3>\n<blockquote class=\"twitter-tweet\">\n<p dir=\"ltr\" lang=\"de\">Wollte erst &#8222;Eis essen&#8220; durch &#8222;Gl\u00fchwein trinken&#8220; ersetzen, aber dann fiel mir ein, dass Eis zu jeder Jahreszeit geht. <a href=\"https:\/\/t.co\/F2OPjt9WmX\">pic.twitter.com\/F2OPjt9WmX<\/a><\/p>\n<p>\u2014 Krieg und Freitag (@kriegundfreitag) <a href=\"https:\/\/twitter.com\/kriegundfreitag\/status\/1475375907615526914?ref_src=twsrc%5Etfw\">December 27, 2021<\/a><\/p><\/blockquote>\n<p><script src=\"https:\/\/platform.twitter.com\/widgets.js\" async=\"\" charset=\"utf-8\"><\/script><\/p>\n<p>&nbsp;<\/p>\n<h3 style=\"text-align: center;\">5. Ganz d\u00fcnnes Eis.<\/h3>\n<blockquote class=\"twitter-tweet\">\n<p dir=\"ltr\" lang=\"de\">&#8222;Das ist ja cool! Frittiertes Eis! Au\u00dfen hei\u00df und innen gefroren!&#8220;<br \/>\n&#8222;Wie die Fischst\u00e4bchen, die du immer machst, Papa&#8220;<\/p>\n<p>Junge zu verschenken!<\/p>\n<p>\u2014 Nicht mal Dave (@guycalleddad) <a href=\"https:\/\/twitter.com\/guycalleddad\/status\/855347476710264832?ref_src=twsrc%5Etfw\">April 21, 2017<\/a><\/p><\/blockquote>\n<p><script src=\"https:\/\/platform.twitter.com\/widgets.js\" async=\"\" charset=\"utf-8\"><\/script><\/p>\n<p>&nbsp;<\/p>\n<h3 style=\"text-align: center;\">6. Der kommt flach.<\/h3>\n<blockquote class=\"twitter-tweet\">\n<p dir=\"ltr\" lang=\"de\">VORSICHT<\/p>\n<p>GANZ D\u00dcNNES EIS <a href=\"https:\/\/t.co\/GB7AlFZsLb\">pic.twitter.com\/GB7AlFZsLb<\/a><\/p>\n<p>\u2014 Grindmaster Fesxh | Oligarch auf 2. Bildungsweg (@GRINDMAST0R) <a href=\"https:\/\/twitter.com\/GRINDMAST0R\/status\/1453310485902790666?ref_src=twsrc%5Etfw\">October 27, 2021<\/a><\/p><\/blockquote>\n<p><script src=\"https:\/\/platform.twitter.com\/widgets.js\" async=\"\" charset=\"utf-8\"><\/script><\/p>\n<p>&nbsp;<\/p>\n<h3 style=\"text-align: center;\">7. Germanistikstudent, 1. Semester<\/h3>\n<blockquote class=\"twitter-tweet\">\n<p dir=\"ltr\" lang=\"de\">Wenn du Eismanufaktur statt Eisdiele sagst <a href=\"https:\/\/t.co\/WELo4Yei5S\">pic.twitter.com\/WELo4Yei5S<\/a><\/p>\n<p>\u2014 Anna Dushime (@AnnaDushime) <a href=\"https:\/\/twitter.com\/AnnaDushime\/status\/1380070476052041730?ref_src=twsrc%5Etfw\">April 8, 2021<\/a><\/p><\/blockquote>\n<p><script src=\"https:\/\/platform.twitter.com\/widgets.js\" async=\"\" charset=\"utf-8\"><\/script><\/p>\n<p>&nbsp;<\/p>\n<h3 style=\"text-align: center;\">8. Dann doch lieber zur Eismanufaktur meines Vertrauens.<\/h3>\n<blockquote class=\"twitter-tweet\">\n<p dir=\"ltr\" lang=\"de\">Wie das Eis aussehen soll: ein farbenfroher Wirbelsturm. \ud83d\ude0d<\/p>\n<p>Wie es tats\u00e4chlich aussieht: ein Darm. \ud83d\ude14 <a href=\"https:\/\/t.co\/2tb7Yna0J1\">pic.twitter.com\/2tb7Yna0J1<\/a><\/p>\n<p>\u2014 Krieg und Freitag (@kriegundfreitag) <a href=\"https:\/\/twitter.com\/kriegundfreitag\/status\/1291801189131137026?ref_src=twsrc%5Etfw\">August 7, 2020<\/a><\/p><\/blockquote>\n<p><script src=\"https:\/\/platform.twitter.com\/widgets.js\" async=\"\" charset=\"utf-8\"><\/script><\/p>\n<p>&nbsp;<\/p>\n<h3 style=\"text-align: center;\">9. Schlingel.<\/h3>\n<blockquote class=\"twitter-tweet\">\n<p dir=\"ltr\" lang=\"de\">&#8222;Oma, kann ich zwei Kugeln Eis haben?&#8220;<br \/>\n&#8222;Eine reicht.&#8220;<br \/>\n&#8222;Aber ich kann mich nicht entscheiden, was ich nehmen soll. Bitte, bitte!&#8220;<br \/>\n&#8222;Na gut.&#8220;<br \/>\n&#8222;Super! Ich nehme zwei Kugeln Himbeere!&#8220;<\/p>\n<p>Harte Liebe f\u00fcr den kleinen Jungen vor mir in der Eisdiele!<\/p>\n<p>\u2014 Mutter_im_Einsatz (@FlavorZQueen) <a href=\"https:\/\/twitter.com\/FlavorZQueen\/status\/1032290429507710977?ref_src=twsrc%5Etfw\">August 22, 2018<\/a><\/p><\/blockquote>\n<p><script async src=\"https:\/\/platform.twitter.com\/widgets.js\" charset=\"utf-8\"><\/script><\/p>\n<p>&nbsp;<\/p>\n<h3 style=\"text-align: center;\">10. Eiskalt ausgetrickst.<\/h3>\n<blockquote class=\"twitter-tweet\">\n<p dir=\"ltr\" lang=\"de\">Kind2: \u201ePapa? Bekomme ich ein Eis, wenn ich es schaffe, mit den Bausteinen einen Turm zu bauen, der so gro\u00df ist wie du?\u201c<\/p>\n<p>\u201eHAHAHA! Klar! Sogar zwei!\u201c<\/p>\n<p>Kind2: \u201eGut. Leg Dich hin!\u201c<\/p>\n<p>Okay, f\u00fcr diese Falle hat er die zwei Eis verdient.<\/p>\n<p>\u2014 Der Doppeldaumenmann (@doppeldaumen) <a href=\"https:\/\/twitter.com\/doppeldaumen\/status\/1216419546611027969?ref_src=twsrc%5Etfw\">January 12, 2020<\/a><\/p><\/blockquote>\n<p><script src=\"https:\/\/platform.twitter.com\/widgets.js\" async=\"\" charset=\"utf-8\"><\/script><\/p>\n<p>&nbsp;<\/p>\n<h3 style=\"text-align: center;\">11. F\u00fcr die hauchd\u00fcnnen Eis-Servietten.<\/h3>\n<blockquote class=\"twitter-tweet\">\n<p dir=\"ltr\" lang=\"de\">Die Besitzer der ital. Eisdiele im Dorf haben den M\u00fclleimer gepimpt.<\/p>\n<p>Man muss sie einfach m\u00f6gen. <a href=\"https:\/\/t.co\/BRgl1a2QWq\">pic.twitter.com\/BRgl1a2QWq<\/a><\/p>\n<p>\u2014 Revieraufsicht (@revieraufsicht) <a href=\"https:\/\/twitter.com\/revieraufsicht\/status\/1424366801148911620?ref_src=twsrc%5Etfw\">August 8, 2021<\/a><\/p><\/blockquote>\n<p><script async src=\"https:\/\/platform.twitter.com\/widgets.js\" charset=\"utf-8\"><\/script><\/p>\n<p>&nbsp;<\/p>\n<h3 style=\"text-align: center;\">12. Deutschland braucht die Eispreisbremse.<\/h3>\n<p>&nbsp;<\/p>\n<blockquote class=\"twitter-tweet\">\n<p dir=\"ltr\" lang=\"de\">Eine Kugel Eis kostet mehr als ein Liter Diesel.<br \/>\nSchmeckt aber auch besser.<\/p>\n<p>\u2014 Regina Phalange (@MoxFulderFBI) <a href=\"https:\/\/twitter.com\/MoxFulderFBI\/status\/1264822712318464002?ref_src=twsrc%5Etfw\">May 25, 2020<\/a><\/p><\/blockquote>\n<p><script src=\"https:\/\/platform.twitter.com\/widgets.js\" async=\"\" charset=\"utf-8\"><\/script><\/p>\n<p>&nbsp;<\/p>\n<h3 style=\"text-align: center;\">13. Kauft man Eis oder schon die ganze Eisdiele?<\/h3>\n<blockquote class=\"twitter-tweet\">\n<p dir=\"ltr\" lang=\"de\">Wollte drei Kugeln Eis im Zoo kaufen und hatte nur einen 50\u20ac-Schein. Peinlich. Aber der Verk\u00e4ufer hat mir den fehlenden Euro geschenkt.<\/p>\n<p>\u2014 Gebbi Gibson (@GebbiGibson) <a href=\"https:\/\/twitter.com\/GebbiGibson\/status\/998867339654332417?ref_src=twsrc%5Etfw\">May 22, 2018<\/a><\/p><\/blockquote>\n<p><script src=\"https:\/\/platform.twitter.com\/widgets.js\" async=\"\" charset=\"utf-8\"><\/script><\/p>\n<p>&nbsp;<\/p>\n<h3 style=\"text-align: center;\">14. Einmal Schoko, Vanille, Erdbeere.<\/h3>\n<blockquote class=\"twitter-tweet\">\n<p dir=\"ltr\" lang=\"de\">Wartet seit 1812 auf sein Eis: F\u00fcrst P\u00fcckler <a href=\"https:\/\/t.co\/zRHqQSwgbC\">pic.twitter.com\/zRHqQSwgbC<\/a><\/p>\n<p>\u2014 Hirschers \u2202\u0454\u044f \u03c9\u0454\u03b9\u0455\u0455\u0454 \ud83c\udf33\ud83e\udd8c\ud83c\udfad (@HerrHilfreich) <a href=\"https:\/\/twitter.com\/HerrHilfreich\/status\/1503662445033893890?ref_src=twsrc%5Etfw\">March 15, 2022<\/a><\/p><\/blockquote>\n<p><script async src=\"https:\/\/platform.twitter.com\/widgets.js\" charset=\"utf-8\"><\/script><\/p>\n<p>&nbsp;<\/p>\n<h3 style=\"text-align: center;\">15. Wir h\u00e4tten noch Ziegenmilch-Rosmarin-Honig.<\/h3>\n<blockquote class=\"twitter-tweet\">\n<p dir=\"ltr\" lang=\"de\">Ich: Guten Tag, ich h\u00e4tte gern eine Kugel Eis. Was k\u00f6nnen Sie denn empfehlen?<br \/>\nTochter: Mango.<br \/>\nIch: Dann ein Mangoeis, bitte.<br \/>\nTochter: Ich habe leider kein Mangoeis.<\/p>\n<p>Servicew\u00fcste Deutschland<\/p>\n<p>\u2014 Fork You Much\u00edsimo (@fumuchisimo) <a href=\"https:\/\/twitter.com\/fumuchisimo\/status\/1498319863932231687?ref_src=twsrc%5Etfw\">February 28, 2022<\/a><\/p><\/blockquote>\n<p><script async src=\"https:\/\/platform.twitter.com\/widgets.js\" charset=\"utf-8\"><\/script><\/p>\n<p style=\"text-align: center;\">\u2014<\/p>\n<p style=\"text-align: center;\">Vielen Dank an alle f\u00fcr die Posts.<\/p>\n<p style=\"text-align: center;\">\u2014<\/p>\n<p style=\"text-align: center;\"><b data-stringify-type=\"bold\">1 Klick = 1 Unterst\u00fctzung<\/b><\/p>\n<p style=\"text-align: center;\">Dir gef\u00e4llt unsere Arbeit? Dann unterst\u00fctze sie doch! Das geht ganz einfach mit einem Klick auf die Werbeanzeigen auf unserer Seite. Kostet nix, aber hilft uns sehr. Dickes Dankesch\u00f6n!<br \/>\nDu hast Feedback? Schick es uns, zum Beispiel\u00a0<a class=\"c-link\" href=\"https:\/\/www.thebestsocial.media\/de\/einsendungen\/\" target=\"_blank\" rel=\"noopener noreferrer\" data-stringify-link=\"https:\/\/www.thebestsocial.media\/de\/einsendungen\/\" data-sk=\"tooltip_parent\">hier<\/a>\u00a0oder per Direktnachricht auf\u00a0<a class=\"c-link\" href=\"https:\/\/www.instagram.com\/thebestsocialmediade\/\" target=\"_blank\" rel=\"noopener noreferrer\" data-stringify-link=\"https:\/\/www.instagram.com\/thebestsocialmediade\/\" data-sk=\"tooltip_parent\">Instagram<\/a>,\u00a0<a class=\"c-link\" href=\"https:\/\/www.facebook.com\/thebestsocialmediaDE\/\" target=\"_blank\" rel=\"noopener noreferrer\" data-stringify-link=\"https:\/\/www.facebook.com\/thebestsocialmediaDE\/\" data-sk=\"tooltip_parent\">Facebook<\/a>\u00a0oder\u00a0<a class=\"c-link\" href=\"https:\/\/twitter.com\/thebestsocialDE\" target=\"_blank\" rel=\"noopener noreferrer\" data-stringify-link=\"https:\/\/twitter.com\/thebestsocialDE\" data-sk=\"tooltip_parent\">Twitter<\/a>.<\/p>\n<p style=\"text-align: center;\"><strong>Keine Influencer! Kein Foodporn! Nur ganz viel Spa\u00df \u2013 bei uns auf Instagram:<\/strong><\/p>\n<blockquote class=\"instagram-media\" style=\"background: #FFF; border: 0; border-radius: 3px; box-shadow: 0 0 1px 0 rgba(0,0,0,0.5),0 1px 10px 0 rgba(0,0,0,0.15); margin: 1px; max-width: 540px; min-width: 326px; padding: 0; width: calc(100% - 2px);\" data-instgrm-captioned=\"\" data-instgrm-permalink=\"https:\/\/www.instagram.com\/p\/CbUrzU6KqEz\/?utm_source=ig_embed&amp;utm_campaign=loading\" data-instgrm-version=\"14\">\n<div style=\"padding: 16px;\">\n<p>&nbsp;<\/p>\n<div style=\"display: flex; flex-direction: row; align-items: center;\">\n<div style=\"background-color: #f4f4f4; border-radius: 50%; flex-grow: 0; height: 40px; margin-right: 14px; width: 40px;\"><\/div>\n<div style=\"display: flex; flex-direction: column; flex-grow: 1; justify-content: center;\">\n<div style=\"background-color: #f4f4f4; border-radius: 4px; flex-grow: 0; height: 14px; margin-bottom: 6px; width: 100px;\"><\/div>\n<div style=\"background-color: #f4f4f4; border-radius: 4px; flex-grow: 0; height: 14px; width: 60px;\"><\/div>\n<\/div>\n<\/div>\n<div style=\"padding: 19% 0;\"><\/div>\n<div style=\"display: block; height: 50px; margin: 0 auto 12px; width: 50px;\"><\/div>\n<div style=\"padding-top: 8px;\">\n<div style=\"color: #3897f0; font-family: Arial,sans-serif; font-size: 14px; font-style: normal; font-weight: 550; line-height: 18px;\">Sieh dir diesen Beitrag auf Instagram an<\/div>\n<\/div>\n<div style=\"padding: 12.5% 0;\"><\/div>\n<div style=\"display: flex; flex-direction: row; margin-bottom: 14px; align-items: center;\">\n<div>\n<div style=\"background-color: #f4f4f4; border-radius: 50%; height: 12.5px; width: 12.5px; transform: translateX(0px) translateY(7px);\"><\/div>\n<div style=\"background-color: #f4f4f4; height: 12.5px; transform: rotate(-45deg) translateX(3px) translateY(1px); width: 12.5px; flex-grow: 0; margin-right: 14px; margin-left: 2px;\"><\/div>\n<div style=\"background-color: #f4f4f4; border-radius: 50%; height: 12.5px; width: 12.5px; transform: translateX(9px) translateY(-18px);\"><\/div>\n<\/div>\n<div style=\"margin-left: 8px;\">\n<div style=\"background-color: #f4f4f4; border-radius: 50%; flex-grow: 0; height: 20px; width: 20px;\"><\/div>\n<div style=\"width: 0; height: 0; border-top: 2px solid transparent; border-left: 6px solid #f4f4f4; border-bottom: 2px solid transparent; transform: translateX(16px) translateY(-4px) rotate(30deg);\"><\/div>\n<\/div>\n<div style=\"margin-left: auto;\">\n<div style=\"width: 0px; border-top: 8px solid #F4F4F4; border-right: 8px solid transparent; transform: translateY(16px);\"><\/div>\n<div style=\"background-color: #f4f4f4; flex-grow: 0; height: 12px; width: 16px; transform: translateY(-4px);\"><\/div>\n<div style=\"width: 0; height: 0; border-top: 8px solid #F4F4F4; border-left: 8px solid transparent; transform: translateY(-4px) translateX(8px);\"><\/div>\n<\/div>\n<\/div>\n<div style=\"display: flex; flex-direction: column; flex-grow: 1; justify-content: center; margin-bottom: 24px;\">\n<div style=\"background-color: #f4f4f4; border-radius: 4px; flex-grow: 0; height: 14px; margin-bottom: 6px; width: 224px;\"><\/div>\n<div style=\"background-color: #f4f4f4; border-radius: 4px; flex-grow: 0; height: 14px; width: 144px;\"><\/div>\n<\/div>\n<p>&nbsp;<\/p>\n<p style=\"color: #c9c8cd; font-family: Arial,sans-serif; font-size: 14px; line-height: 17px; margin-bottom: 0; margin-top: 8px; overflow: hidden; padding: 8px 0 7px; text-align: center; text-overflow: ellipsis; white-space: nowrap;\"><a style=\"color: #c9c8cd; font-family: Arial,sans-serif; font-size: 14px; font-style: normal; font-weight: normal; line-height: 17px; text-decoration: none;\" href=\"https:\/\/www.instagram.com\/p\/CbUrzU6KqEz\/?utm_source=ig_embed&amp;utm_campaign=loading\" target=\"_blank\" rel=\"noopener\">Ein Beitrag geteilt von The Best Social Media &#8211; DE (@thebestsocialmediade)<\/a><\/p>\n<\/div>\n<\/blockquote>\n\n<script async defer src=\"\/instagram-embed.js\"><\/script>","protected":false},"excerpt":{"rendered":"<p>Eine Waffel mit 2 Kugeln Eis machen zwar noch keinen Fr\u00fchling, daf\u00fcr aber gl\u00fccklich. Auch wenn der Preis f\u00fcr Eis schneller steigt als die Benzinkosten&#8230;<\/p>\n","protected":false},"author":90,"featured_media":179655,"comment_status":"open","ping_status":"open","sticky":false,"template":"","format":"standard","meta":{"_acf_changed":false,"footnotes":""},"categories":[1728,35],"tags":[397,4905,4964],"class_list":["post-159006","post","type-post","status-publish","format-standard","has-post-thumbnail","hentry","category-humor","category-twitter","tag-eis","tag-fruehling","tag-suesses"],"acf":[],"yoast_head":"<!-- This site is optimized with the Yoast SEO plugin v27.5 - https:\/\/yoast.com\/product\/yoast-seo-wordpress\/ -->\n<title>Es ist angeleckt: Mit den besten Tweets in die Eissaison 2023<\/title>\n<meta name=\"description\" content=\"Besuch bei der Eisdiele kommt jetzt wieder h\u00e4ufiger vor. Zur Einstimmung auf die Eissaison die besten Tweets zur kalten K\u00f6stlichkeit\" \/>\n<meta name=\"robots\" content=\"index, follow, max-snippet:-1, max-image-preview:large, max-video-preview:-1\" \/>\n<link rel=\"canonical\" href=\"https:\/\/www.thebestsocial.media\/de\/eissaison-2023\/\" \/>\n<meta property=\"og:locale\" content=\"de_DE\" \/>\n<meta property=\"og:type\" content=\"article\" \/>\n<meta property=\"og:title\" content=\"Es ist angeleckt: Mit den besten Tweets in die Eissaison 2023\" \/>\n<meta property=\"og:description\" content=\"Besuch bei der Eisdiele kommt jetzt wieder h\u00e4ufiger vor. Zur Einstimmung auf die Eissaison die besten Tweets zur kalten K\u00f6stlichkeit\" \/>\n<meta property=\"og:url\" content=\"https:\/\/www.thebestsocial.media\/de\/eissaison-2023\/\" \/>\n<meta property=\"og:site_name\" content=\"The Best Social Media DE\" \/>\n<meta property=\"article:published_time\" content=\"2023-03-28T18:49:23+00:00\" \/>\n<meta property=\"article:modified_time\" content=\"2023-03-29T11:20:52+00:00\" \/>\n<meta property=\"og:image\" content=\"https:\/\/www.thebestsocial.media\/de\/wp-content\/uploads\/sites\/3\/2023\/03\/00a-1.png\" \/>\n\t<meta property=\"og:image:width\" content=\"1200\" \/>\n\t<meta property=\"og:image:height\" content=\"630\" \/>\n\t<meta property=\"og:image:type\" content=\"image\/png\" \/>\n<meta name=\"author\" content=\"Johanna\" \/>\n<meta name=\"twitter:card\" content=\"summary_large_image\" \/>\n<meta name=\"twitter:label1\" content=\"Verfasst von\" \/>\n\t<meta name=\"twitter:data1\" content=\"Johanna\" \/>\n\t<meta name=\"twitter:label2\" content=\"Gesch\u00e4tzte Lesezeit\" \/>\n\t<meta name=\"twitter:data2\" content=\"4\u00a0Minuten\" \/>\n<script type=\"application\/ld+json\" class=\"yoast-schema-graph\">{\"@context\":\"https:\\\/\\\/schema.org\",\"@graph\":[{\"@type\":\"Article\",\"@id\":\"https:\\\/\\\/www.thebestsocial.media\\\/de\\\/eissaison-2023\\\/#article\",\"isPartOf\":{\"@id\":\"https:\\\/\\\/www.thebestsocial.media\\\/de\\\/eissaison-2023\\\/\"},\"author\":{\"name\":\"Johanna\",\"@id\":\"https:\\\/\\\/www.thebestsocial.media\\\/de\\\/#\\\/schema\\\/person\\\/7e4e6d79bd9a1bd4abfc2c44bdca4ae5\"},\"headline\":\"Es ist angeleckt: Mit den besten Tweets in die Eissaison 2023\",\"datePublished\":\"2023-03-28T18:49:23+00:00\",\"dateModified\":\"2023-03-29T11:20:52+00:00\",\"mainEntityOfPage\":{\"@id\":\"https:\\\/\\\/www.thebestsocial.media\\\/de\\\/eissaison-2023\\\/\"},\"wordCount\":673,\"commentCount\":0,\"image\":{\"@id\":\"https:\\\/\\\/www.thebestsocial.media\\\/de\\\/eissaison-2023\\\/#primaryimage\"},\"thumbnailUrl\":\"https:\\\/\\\/www.thebestsocial.media\\\/de\\\/wp-content\\\/uploads\\\/sites\\\/3\\\/2023\\\/03\\\/01.-Header-split-screen-17.png\",\"keywords\":[\"EIS\",\"Fr\u00fchling\",\"S\u00fc\u00dfes\"],\"articleSection\":[\"Humor\",\"Twitter\"],\"inLanguage\":\"de\",\"potentialAction\":[{\"@type\":\"CommentAction\",\"name\":\"Comment\",\"target\":[\"https:\\\/\\\/www.thebestsocial.media\\\/de\\\/eissaison-2023\\\/#respond\"]}]},{\"@type\":\"WebPage\",\"@id\":\"https:\\\/\\\/www.thebestsocial.media\\\/de\\\/eissaison-2023\\\/\",\"url\":\"https:\\\/\\\/www.thebestsocial.media\\\/de\\\/eissaison-2023\\\/\",\"name\":\"Es ist angeleckt: Mit den besten Tweets in die Eissaison 2023\",\"isPartOf\":{\"@id\":\"https:\\\/\\\/www.thebestsocial.media\\\/de\\\/#website\"},\"primaryImageOfPage\":{\"@id\":\"https:\\\/\\\/www.thebestsocial.media\\\/de\\\/eissaison-2023\\\/#primaryimage\"},\"image\":{\"@id\":\"https:\\\/\\\/www.thebestsocial.media\\\/de\\\/eissaison-2023\\\/#primaryimage\"},\"thumbnailUrl\":\"https:\\\/\\\/www.thebestsocial.media\\\/de\\\/wp-content\\\/uploads\\\/sites\\\/3\\\/2023\\\/03\\\/01.-Header-split-screen-17.png\",\"datePublished\":\"2023-03-28T18:49:23+00:00\",\"dateModified\":\"2023-03-29T11:20:52+00:00\",\"author\":{\"@id\":\"https:\\\/\\\/www.thebestsocial.media\\\/de\\\/#\\\/schema\\\/person\\\/7e4e6d79bd9a1bd4abfc2c44bdca4ae5\"},\"description\":\"Besuch bei der Eisdiele kommt jetzt wieder h\u00e4ufiger vor. Zur Einstimmung auf die Eissaison die besten Tweets zur kalten K\u00f6stlichkeit\",\"breadcrumb\":{\"@id\":\"https:\\\/\\\/www.thebestsocial.media\\\/de\\\/eissaison-2023\\\/#breadcrumb\"},\"inLanguage\":\"de\",\"potentialAction\":[{\"@type\":\"ReadAction\",\"target\":[\"https:\\\/\\\/www.thebestsocial.media\\\/de\\\/eissaison-2023\\\/\"]}]},{\"@type\":\"ImageObject\",\"inLanguage\":\"de\",\"@id\":\"https:\\\/\\\/www.thebestsocial.media\\\/de\\\/eissaison-2023\\\/#primaryimage\",\"url\":\"https:\\\/\\\/www.thebestsocial.media\\\/de\\\/wp-content\\\/uploads\\\/sites\\\/3\\\/2023\\\/03\\\/01.-Header-split-screen-17.png\",\"contentUrl\":\"https:\\\/\\\/www.thebestsocial.media\\\/de\\\/wp-content\\\/uploads\\\/sites\\\/3\\\/2023\\\/03\\\/01.-Header-split-screen-17.png\",\"width\":1200,\"height\":630,\"caption\":\"Eissaison\"},{\"@type\":\"BreadcrumbList\",\"@id\":\"https:\\\/\\\/www.thebestsocial.media\\\/de\\\/eissaison-2023\\\/#breadcrumb\",\"itemListElement\":[{\"@type\":\"ListItem\",\"position\":1,\"name\":\"Home\",\"item\":\"https:\\\/\\\/www.thebestsocial.media\\\/de\\\/\"},{\"@type\":\"ListItem\",\"position\":2,\"name\":\"Es ist angeleckt: Mit den besten Tweets in die Eissaison 2023\"}]},{\"@type\":\"WebSite\",\"@id\":\"https:\\\/\\\/www.thebestsocial.media\\\/de\\\/#website\",\"url\":\"https:\\\/\\\/www.thebestsocial.media\\\/de\\\/\",\"name\":\"The Best Social Media DE\",\"description\":\"\",\"potentialAction\":[{\"@type\":\"SearchAction\",\"target\":{\"@type\":\"EntryPoint\",\"urlTemplate\":\"https:\\\/\\\/www.thebestsocial.media\\\/de\\\/?s={search_term_string}\"},\"query-input\":{\"@type\":\"PropertyValueSpecification\",\"valueRequired\":true,\"valueName\":\"search_term_string\"}}],\"inLanguage\":\"de\"},{\"@type\":\"Person\",\"@id\":\"https:\\\/\\\/www.thebestsocial.media\\\/de\\\/#\\\/schema\\\/person\\\/7e4e6d79bd9a1bd4abfc2c44bdca4ae5\",\"name\":\"Johanna\",\"image\":{\"@type\":\"ImageObject\",\"inLanguage\":\"de\",\"@id\":\"https:\\\/\\\/secure.gravatar.com\\\/avatar\\\/75ce1fe18a6340c6127d32732e3615cd7010e7ce8c30f9e6460ebb4736008f68?s=96&d=mm&r=g\",\"url\":\"https:\\\/\\\/secure.gravatar.com\\\/avatar\\\/75ce1fe18a6340c6127d32732e3615cd7010e7ce8c30f9e6460ebb4736008f68?s=96&d=mm&r=g\",\"contentUrl\":\"https:\\\/\\\/secure.gravatar.com\\\/avatar\\\/75ce1fe18a6340c6127d32732e3615cd7010e7ce8c30f9e6460ebb4736008f68?s=96&d=mm&r=g\",\"caption\":\"Johanna\"},\"url\":\"https:\\\/\\\/www.thebestsocial.media\\\/de\\\/author\\\/johannamichaels\\\/\"}]}<\/script>\n<!-- \/ Yoast SEO plugin. -->","yoast_head_json":{"title":"Es ist angeleckt: Mit den besten Tweets in die Eissaison 2023","description":"Besuch bei der Eisdiele kommt jetzt wieder h\u00e4ufiger vor. Zur Einstimmung auf die Eissaison die besten Tweets zur kalten K\u00f6stlichkeit","robots":{"index":"index","follow":"follow","max-snippet":"max-snippet:-1","max-image-preview":"max-image-preview:large","max-video-preview":"max-video-preview:-1"},"canonical":"https:\/\/www.thebestsocial.media\/de\/eissaison-2023\/","og_locale":"de_DE","og_type":"article","og_title":"Es ist angeleckt: Mit den besten Tweets in die Eissaison 2023","og_description":"Besuch bei der Eisdiele kommt jetzt wieder h\u00e4ufiger vor. Zur Einstimmung auf die Eissaison die besten Tweets zur kalten K\u00f6stlichkeit","og_url":"https:\/\/www.thebestsocial.media\/de\/eissaison-2023\/","og_site_name":"The Best Social Media DE","article_published_time":"2023-03-28T18:49:23+00:00","article_modified_time":"2023-03-29T11:20:52+00:00","og_image":[{"width":1200,"height":630,"url":"https:\/\/www.thebestsocial.media\/de\/wp-content\/uploads\/sites\/3\/2023\/03\/00a-1.png","type":"image\/png"}],"author":"Johanna","twitter_card":"summary_large_image","twitter_misc":{"Verfasst von":"Johanna","Gesch\u00e4tzte Lesezeit":"4\u00a0Minuten"},"schema":{"@context":"https:\/\/schema.org","@graph":[{"@type":"Article","@id":"https:\/\/www.thebestsocial.media\/de\/eissaison-2023\/#article","isPartOf":{"@id":"https:\/\/www.thebestsocial.media\/de\/eissaison-2023\/"},"author":{"name":"Johanna","@id":"https:\/\/www.thebestsocial.media\/de\/#\/schema\/person\/7e4e6d79bd9a1bd4abfc2c44bdca4ae5"},"headline":"Es ist angeleckt: Mit den besten Tweets in die Eissaison 2023","datePublished":"2023-03-28T18:49:23+00:00","dateModified":"2023-03-29T11:20:52+00:00","mainEntityOfPage":{"@id":"https:\/\/www.thebestsocial.media\/de\/eissaison-2023\/"},"wordCount":673,"commentCount":0,"image":{"@id":"https:\/\/www.thebestsocial.media\/de\/eissaison-2023\/#primaryimage"},"thumbnailUrl":"https:\/\/www.thebestsocial.media\/de\/wp-content\/uploads\/sites\/3\/2023\/03\/01.-Header-split-screen-17.png","keywords":["EIS","Fr\u00fchling","S\u00fc\u00dfes"],"articleSection":["Humor","Twitter"],"inLanguage":"de","potentialAction":[{"@type":"CommentAction","name":"Comment","target":["https:\/\/www.thebestsocial.media\/de\/eissaison-2023\/#respond"]}]},{"@type":"WebPage","@id":"https:\/\/www.thebestsocial.media\/de\/eissaison-2023\/","url":"https:\/\/www.thebestsocial.media\/de\/eissaison-2023\/","name":"Es ist angeleckt: Mit den besten Tweets in die Eissaison 2023","isPartOf":{"@id":"https:\/\/www.thebestsocial.media\/de\/#website"},"primaryImageOfPage":{"@id":"https:\/\/www.thebestsocial.media\/de\/eissaison-2023\/#primaryimage"},"image":{"@id":"https:\/\/www.thebestsocial.media\/de\/eissaison-2023\/#primaryimage"},"thumbnailUrl":"https:\/\/www.thebestsocial.media\/de\/wp-content\/uploads\/sites\/3\/2023\/03\/01.-Header-split-screen-17.png","datePublished":"2023-03-28T18:49:23+00:00","dateModified":"2023-03-29T11:20:52+00:00","author":{"@id":"https:\/\/www.thebestsocial.media\/de\/#\/schema\/person\/7e4e6d79bd9a1bd4abfc2c44bdca4ae5"},"description":"Besuch bei der Eisdiele kommt jetzt wieder h\u00e4ufiger vor. Zur Einstimmung auf die Eissaison die besten Tweets zur kalten K\u00f6stlichkeit","breadcrumb":{"@id":"https:\/\/www.thebestsocial.media\/de\/eissaison-2023\/#breadcrumb"},"inLanguage":"de","potentialAction":[{"@type":"ReadAction","target":["https:\/\/www.thebestsocial.media\/de\/eissaison-2023\/"]}]},{"@type":"ImageObject","inLanguage":"de","@id":"https:\/\/www.thebestsocial.media\/de\/eissaison-2023\/#primaryimage","url":"https:\/\/www.thebestsocial.media\/de\/wp-content\/uploads\/sites\/3\/2023\/03\/01.-Header-split-screen-17.png","contentUrl":"https:\/\/www.thebestsocial.media\/de\/wp-content\/uploads\/sites\/3\/2023\/03\/01.-Header-split-screen-17.png","width":1200,"height":630,"caption":"Eissaison"},{"@type":"BreadcrumbList","@id":"https:\/\/www.thebestsocial.media\/de\/eissaison-2023\/#breadcrumb","itemListElement":[{"@type":"ListItem","position":1,"name":"Home","item":"https:\/\/www.thebestsocial.media\/de\/"},{"@type":"ListItem","position":2,"name":"Es ist angeleckt: Mit den besten Tweets in die Eissaison 2023"}]},{"@type":"WebSite","@id":"https:\/\/www.thebestsocial.media\/de\/#website","url":"https:\/\/www.thebestsocial.media\/de\/","name":"The Best Social Media DE","description":"","potentialAction":[{"@type":"SearchAction","target":{"@type":"EntryPoint","urlTemplate":"https:\/\/www.thebestsocial.media\/de\/?s={search_term_string}"},"query-input":{"@type":"PropertyValueSpecification","valueRequired":true,"valueName":"search_term_string"}}],"inLanguage":"de"},{"@type":"Person","@id":"https:\/\/www.thebestsocial.media\/de\/#\/schema\/person\/7e4e6d79bd9a1bd4abfc2c44bdca4ae5","name":"Johanna","image":{"@type":"ImageObject","inLanguage":"de","@id":"https:\/\/secure.gravatar.com\/avatar\/75ce1fe18a6340c6127d32732e3615cd7010e7ce8c30f9e6460ebb4736008f68?s=96&d=mm&r=g","url":"https:\/\/secure.gravatar.com\/avatar\/75ce1fe18a6340c6127d32732e3615cd7010e7ce8c30f9e6460ebb4736008f68?s=96&d=mm&r=g","contentUrl":"https:\/\/secure.gravatar.com\/avatar\/75ce1fe18a6340c6127d32732e3615cd7010e7ce8c30f9e6460ebb4736008f68?s=96&d=mm&r=g","caption":"Johanna"},"url":"https:\/\/www.thebestsocial.media\/de\/author\/johannamichaels\/"}]}},"amp_enabled":true,"_links":{"self":[{"href":"https:\/\/www.thebestsocial.media\/de\/wp-json\/wp\/v2\/posts\/159006","targetHints":{"allow":["GET"]}}],"collection":[{"href":"https:\/\/www.thebestsocial.media\/de\/wp-json\/wp\/v2\/posts"}],"about":[{"href":"https:\/\/www.thebestsocial.media\/de\/wp-json\/wp\/v2\/types\/post"}],"author":[{"embeddable":true,"href":"https:\/\/www.thebestsocial.media\/de\/wp-json\/wp\/v2\/users\/90"}],"replies":[{"embeddable":true,"href":"https:\/\/www.thebestsocial.media\/de\/wp-json\/wp\/v2\/comments?post=159006"}],"version-history":[{"count":14,"href":"https:\/\/www.thebestsocial.media\/de\/wp-json\/wp\/v2\/posts\/159006\/revisions"}],"predecessor-version":[{"id":179652,"href":"https:\/\/www.thebestsocial.media\/de\/wp-json\/wp\/v2\/posts\/159006\/revisions\/179652"}],"wp:featuredmedia":[{"embeddable":true,"href":"https:\/\/www.thebestsocial.media\/de\/wp-json\/wp\/v2\/media\/179655"}],"wp:attachment":[{"href":"https:\/\/www.thebestsocial.media\/de\/wp-json\/wp\/v2\/media?parent=159006"}],"wp:term":[{"taxonomy":"category","embeddable":true,"href":"https:\/\/www.thebestsocial.media\/de\/wp-json\/wp\/v2\/categories?post=159006"},{"taxonomy":"post_tag","embeddable":true,"href":"https:\/\/www.thebestsocial.media\/de\/wp-json\/wp\/v2\/tags?post=159006"}],"curies":[{"name":"wp","href":"https:\/\/api.w.org\/{rel}","templated":true}]}}