{"id":158946,"date":"2022-03-18T10:18:11","date_gmt":"2022-03-18T10:18:11","guid":{"rendered":"https:\/\/www.thebestsocial.media\/de\/?p=158946"},"modified":"2022-03-18T10:21:02","modified_gmt":"2022-03-18T10:21:02","slug":"die-sonnenbrille-schuetzt-meine-identitaet-15-posts","status":"publish","type":"post","link":"https:\/\/www.thebestsocial.media\/de\/die-sonnenbrille-schuetzt-meine-identitaet-15-posts\/","title":{"rendered":"&#8222;Die Sonnenbrille sch\u00fctzt meine Identit\u00e4t&#8220;- 15 Posts"},"content":{"rendered":"<p>&#8222;Die Sonnenbrille sch\u00fctzt meine Identit\u00e4t&#8220;, singt Loredana. Sonnenschein ist super sch\u00f6n! Aber: sehen kann man irgendwie nicht so gut&#8230; Zum Gl\u00fcck wurde im 18. Jahrhundert etwas erfunden, das sich Sonnenbrille nennt. Nicht nur stylisch, sondern auch ziemlich praktisch ist diese Erfindung! Das finden auch folgende Twitter und TikTok User:<\/p>\n<h3 style=\"text-align: center;\">Dojacat gibt ein Tutorial:<\/h3>\n<p>https:\/\/www.tiktok.com\/@dojacat\/video\/7075030395246611758?is_from_webapp=1&#038;sender_device=pc&#038;web_id=7063424471193421317<\/p>\n<h3 style=\"text-align: center;\">Kinder&amp; Sonnenbrillen sind einfach nur witzig:<\/h3>\n<blockquote class=\"twitter-tweet\">\n<p dir=\"ltr\" lang=\"de\">Wenn ich 6 Jahre alt bin und mir meine erste eigene Sonnenbrille bei Rossmann aussuchen darf <a href=\"https:\/\/t.co\/KOJ24ia8UP\">pic.twitter.com\/KOJ24ia8UP<\/a><\/p>\n<p>\u2014 Roman Wagner (@RealRomanWagner) <a href=\"https:\/\/twitter.com\/RealRomanWagner\/status\/1220053194350432258?ref_src=twsrc%5Etfw\">January 22, 2020<\/a><\/p><\/blockquote>\n<p><script async src=\"https:\/\/platform.twitter.com\/widgets.js\" charset=\"utf-8\"><\/script><\/p>\n<h3 style=\"text-align: center;\">Verwechslungsgefahr!<\/h3>\n<blockquote class=\"twitter-tweet\">\n<p dir=\"ltr\" lang=\"de\">&#8222;Im B\u00fcro k\u00f6nnen Sie die Sonnenbrille abnehmen.&#8220;<\/p>\n<p>&#8222;Das sind Augenringe.&#8220;<\/p>\n<p>\u2014 Verwirrte Prinzessin (@Krusiii) <a href=\"https:\/\/twitter.com\/Krusiii\/status\/618315097505689600?ref_src=twsrc%5Etfw\">July 7, 2015<\/a><\/p><\/blockquote>\n<p><script async src=\"https:\/\/platform.twitter.com\/widgets.js\" charset=\"utf-8\"><\/script><\/p>\n<h3 style=\"text-align: center;\">Die Sonnenbrille= ein Allesk\u00f6nner.<\/h3>\n<blockquote class=\"twitter-tweet\">\n<p dir=\"ltr\" lang=\"de\">Naja, wenigstens die Sonnenbrille passt nach dem Winter noch ohne zu kneifen.<\/p>\n<p>\u2014 Muermel \ud83c\udfda (@Muermel) <a href=\"https:\/\/twitter.com\/Muermel\/status\/845958898863484929?ref_src=twsrc%5Etfw\">March 26, 2017<\/a><\/p><\/blockquote>\n<p><script async src=\"https:\/\/platform.twitter.com\/widgets.js\" charset=\"utf-8\"><\/script><\/p>\n<h3 style=\"text-align: center;\">VIP- Feeling:<\/h3>\n<blockquote class=\"twitter-tweet\">\n<p dir=\"ltr\" lang=\"de\">Indem Sie beim Rausgehen Maske und Sonnenbrille gleichzeitig aufsetzen, erhalten Sie auf ganz einfache Weise einen anonymen Account im Alltag.<\/p>\n<p>\u2014 S\u00fcdstadt (@Etjittkeenwood) <a href=\"https:\/\/twitter.com\/Etjittkeenwood\/status\/1307210633046355968?ref_src=twsrc%5Etfw\">September 19, 2020<\/a><\/p><\/blockquote>\n<p><script async src=\"https:\/\/platform.twitter.com\/widgets.js\" charset=\"utf-8\"><\/script><\/p>\n<h3 style=\"text-align: center;\">Oder doch eher Detektiv- Feeling?<\/h3>\n<blockquote class=\"twitter-tweet\">\n<p dir=\"ltr\" lang=\"de\">Drama in der B\u00fcrok\u00fcche. Jemand hat den Geburtstagskuchen vom Tisch gerissen. Meine gro\u00dfe Stunde hat geschlagen.<\/p>\n<p>Ich setze meine Sonnenbrille auf, knie mich in bester CSI-Manier mit meinem Kaffeebecher auf den Boden und spreche die magischen Worte: &#8222;So, was haben wir denn hier?&#8220;<\/p>\n<p>\u2014 Nicht Chevy Chase (@DrWaumiau) <a href=\"https:\/\/twitter.com\/DrWaumiau\/status\/1278205835781517312?ref_src=twsrc%5Etfw\">July 1, 2020<\/a><\/p><\/blockquote>\n<p><script async src=\"https:\/\/platform.twitter.com\/widgets.js\" charset=\"utf-8\"><\/script><\/p>\n<h3 style=\"text-align: center;\">Oder Hauptdarsteller*in in einer Romantik- Kom\u00f6die?<\/h3>\n<blockquote class=\"twitter-tweet\">\n<p dir=\"ltr\" lang=\"de\">Mit Sonnenbrille, Handy am Ohr und Coffee-to-go Becher in der Hand ein Taxi ranwinken.<br \/>\nIch sehe aus wie der Anfang einer Romantik-Kom\u00f6die.<\/p>\n<p>\u2014 Christian Huber (@Christian_Huber) <a href=\"https:\/\/twitter.com\/Christian_Huber\/status\/501637694225936384?ref_src=twsrc%5Etfw\">August 19, 2014<\/a><\/p><\/blockquote>\n<p><script async src=\"https:\/\/platform.twitter.com\/widgets.js\" charset=\"utf-8\"><\/script><\/p>\n<h3 style=\"text-align: center;\">Kindersonnenbrillen haben ganz besonders viel SWAG:<\/h3>\n<blockquote class=\"twitter-tweet\">\n<p dir=\"ltr\" lang=\"de\">In der Kinderbibliothek ist eine Sonnenbrille liegen geblieben. Sie kann nie wieder abgeholt werden, weil einfach zu schick. (sa) <a href=\"https:\/\/t.co\/rEGkuSHlBb\">pic.twitter.com\/rEGkuSHlBb<\/a><\/p>\n<p>\u2014 Stadtbibliothek K\u00f6ln (@stbibkoeln) <a href=\"https:\/\/twitter.com\/stbibkoeln\/status\/1129020002542211072?ref_src=twsrc%5Etfw\">May 16, 2019<\/a><\/p><\/blockquote>\n<p><script async src=\"https:\/\/platform.twitter.com\/widgets.js\" charset=\"utf-8\"><\/script><\/p>\n<h3 style=\"text-align: center;\">Diva- Verhalten, unterst\u00fctzt von Sonnenbrille:<\/h3>\n<blockquote class=\"twitter-tweet\">\n<p dir=\"ltr\" lang=\"de\">Die 4-j\u00e4hrige fr\u00fchst\u00fcckt mit Sonnenbrille, weil ihr das Licht noch zu hell ist.<\/p>\n<p>Ich richte ihr derweil schon mal einen Twitter-Account ein.<\/p>\n<p>\u2014 FamilienLabor \u2622 (@FamilienLabor) <a href=\"https:\/\/twitter.com\/FamilienLabor\/status\/926351897564471296?ref_src=twsrc%5Etfw\">November 3, 2017<\/a><\/p><\/blockquote>\n<p><script async src=\"https:\/\/platform.twitter.com\/widgets.js\" charset=\"utf-8\"><\/script><\/p>\n<h3 style=\"text-align: center;\">Verwechslungsgefahr 2.0:<\/h3>\n<blockquote class=\"twitter-tweet\">\n<p dir=\"ltr\" lang=\"de\">Wenn ich nicht w\u00fcsste, dass es eine Libelle ist, w\u00fcrde ich wahrscheinlich denken, es w\u00e4re ein Lama mit cooler Sonnenbrille. <a href=\"https:\/\/t.co\/BZVgqnI9Nw\">pic.twitter.com\/BZVgqnI9Nw<\/a><\/p>\n<p>\u2014 Lo\u0161a Karma (@_Mea_Culpa) <a href=\"https:\/\/twitter.com\/_Mea_Culpa\/status\/1015672311150727168?ref_src=twsrc%5Etfw\">July 7, 2018<\/a><\/p><\/blockquote>\n<p><script async src=\"https:\/\/platform.twitter.com\/widgets.js\" charset=\"utf-8\"><\/script><\/p>\n<h3 style=\"text-align: center;\">Und Verwechslungsgefahr 3.0:<\/h3>\n<blockquote class=\"twitter-tweet\">\n<p dir=\"ltr\" lang=\"de\">Bruder ich dachte sie tr\u00e4gt eine Sonnenbrille\u2620\ufe0f <a href=\"https:\/\/t.co\/AudSw2FYgQ\">pic.twitter.com\/AudSw2FYgQ<\/a><\/p>\n<p>\u2014 \ud835\udc2d\ud835\udc22\ud835\udc33 \u2730 (@officialtiz) <a href=\"https:\/\/twitter.com\/officialtiz\/status\/1289202646562136073?ref_src=twsrc%5Etfw\">July 31, 2020<\/a><\/p><\/blockquote>\n<p><script async src=\"https:\/\/platform.twitter.com\/widgets.js\" charset=\"utf-8\"><\/script><\/p>\n<h3 style=\"text-align: center;\">Sonnenbrille als Katermittel?<\/h3>\n<blockquote class=\"twitter-tweet\">\n<p dir=\"ltr\" lang=\"de\">Sohn (17) h\u00e4ngt total durch. Exzessives Feierwochenende. Zwei 18. Geburtstage.<br \/>\nIch:&#8220;Wenn du so \u00fcbertreibst, verbiete ich dir Leons Party n\u00e4chste Woche!&#8220;<br \/>\nSohn (mit Sonnenbrille, Kaffee, nassem Tuch aufm Kopp) jammert:&#8220;Ja. Bitte. Verbiete es. Was bist du \u00fcberhaupt f\u00fcr eine Mutter!&#8220;<\/p>\n<p>\u2014 MissTrelawny (sic!) (@fingurplaustert) <a href=\"https:\/\/twitter.com\/fingurplaustert\/status\/1467551913059229706?ref_src=twsrc%5Etfw\">December 5, 2021<\/a><\/p><\/blockquote>\n<p><script async src=\"https:\/\/platform.twitter.com\/widgets.js\" charset=\"utf-8\"><\/script><\/p>\n<h3 style=\"text-align: center;\">Die Suche nach der richtigen Brille&#8230;<\/h3>\n<blockquote class=\"twitter-tweet\">\n<p dir=\"ltr\" lang=\"de\">Es gibt Menschen, die greifen im Laden willk\u00fcrlich nach einer Sonnenbrille und sehen einfach perfekt damit aus.<br \/>\nTja und dann gibt es mich. Ich muss 187 Brillen anprobieren und brauche das komplette Fashion-Team von Heidi Klum, um eine zu finden, die mir einigerma\u00dfen steht.<\/p>\n<p>\u2014 Shiny (@Shiny1jux) <a href=\"https:\/\/twitter.com\/Shiny1jux\/status\/1124673380643422209?ref_src=twsrc%5Etfw\">May 4, 2019<\/a><\/p><\/blockquote>\n<p><script async src=\"https:\/\/platform.twitter.com\/widgets.js\" charset=\"utf-8\"><\/script><\/p>\n<h3 style=\"text-align: center;\">Wer braucht schon ein Brillenetui?<\/h3>\n<blockquote class=\"twitter-tweet\">\n<p dir=\"ltr\" lang=\"de\">&#8222;Sohn, ich habe gestern ein paar alte Schuhe von dir angezogen. In einem war deine Sonnenbrille, im andern fand ich ein Ladekabel?&#8220;<br \/>\nSohn (18):&#8220;Ja. Es st\u00f6rt mich, wenn die Dinge einfach so rumliegen. Dann steck ich sie halt irgendwohin, wo sie mich nicht st\u00f6ren.&#8220;<\/p>\n<p>Alles klar.<\/p>\n<p>\u2014 MissTrelawny (sic!) (@fingurplaustert) <a href=\"https:\/\/twitter.com\/fingurplaustert\/status\/1502163588282155012?ref_src=twsrc%5Etfw\">March 11, 2022<\/a><\/p><\/blockquote>\n<p><script async src=\"https:\/\/platform.twitter.com\/widgets.js\" charset=\"utf-8\"><\/script><\/p>\n<p style=\"text-align: center;\">\u2014<br \/>\nVielen Dank an alle f\u00fcr die Posts.<br \/>\n\u2014<br \/>\n<strong>Keine Influencer! Kein Foodporn! Nur ganz viel Spa\u00df \u2013 bei uns auf Instagram:<\/strong><\/p>\n<blockquote class=\"instagram-media\" style=\"background: #FFF; border: 0; border-radius: 3px; box-shadow: 0 0 1px 0 rgba(0,0,0,0.5),0 1px 10px 0 rgba(0,0,0,0.15); margin: 1px; max-width: 540px; min-width: 326px; padding: 0; width: calc(100% - 2px);\" data-instgrm-captioned=\"\" data-instgrm-permalink=\"https:\/\/www.instagram.com\/p\/CbM5J7UKFA5\/?utm_source=ig_embed&amp;utm_campaign=loading\" data-instgrm-version=\"14\">\n<div style=\"padding: 16px;\">\n<p>&nbsp;<\/p>\n<div style=\"display: flex; flex-direction: row; align-items: center;\">\n<div style=\"background-color: #f4f4f4; border-radius: 50%; flex-grow: 0; height: 40px; margin-right: 14px; width: 40px;\"><\/div>\n<div style=\"display: flex; flex-direction: column; flex-grow: 1; justify-content: center;\">\n<div style=\"background-color: #f4f4f4; border-radius: 4px; flex-grow: 0; height: 14px; margin-bottom: 6px; width: 100px;\"><\/div>\n<div style=\"background-color: #f4f4f4; border-radius: 4px; flex-grow: 0; height: 14px; width: 60px;\"><\/div>\n<\/div>\n<\/div>\n<div style=\"padding: 19% 0;\"><\/div>\n<div style=\"display: block; height: 50px; margin: 0 auto 12px; width: 50px;\"><\/div>\n<div style=\"padding-top: 8px;\">\n<div style=\"color: #3897f0; font-family: Arial,sans-serif; font-size: 14px; font-style: normal; font-weight: 550; line-height: 18px;\">Sieh dir diesen Beitrag auf Instagram an<\/div>\n<\/div>\n<div style=\"padding: 12.5% 0;\"><\/div>\n<div style=\"display: flex; flex-direction: row; margin-bottom: 14px; align-items: center;\">\n<div>\n<div style=\"background-color: #f4f4f4; border-radius: 50%; height: 12.5px; width: 12.5px; transform: translateX(0px) translateY(7px);\"><\/div>\n<div style=\"background-color: #f4f4f4; height: 12.5px; transform: rotate(-45deg) translateX(3px) translateY(1px); width: 12.5px; flex-grow: 0; margin-right: 14px; margin-left: 2px;\"><\/div>\n<div style=\"background-color: #f4f4f4; border-radius: 50%; height: 12.5px; width: 12.5px; transform: translateX(9px) translateY(-18px);\"><\/div>\n<\/div>\n<div style=\"margin-left: 8px;\">\n<div style=\"background-color: #f4f4f4; border-radius: 50%; flex-grow: 0; height: 20px; width: 20px;\"><\/div>\n<div style=\"width: 0; height: 0; border-top: 2px solid transparent; border-left: 6px solid #f4f4f4; border-bottom: 2px solid transparent; transform: translateX(16px) translateY(-4px) rotate(30deg);\"><\/div>\n<\/div>\n<div style=\"margin-left: auto;\">\n<div style=\"width: 0px; border-top: 8px solid #F4F4F4; border-right: 8px solid transparent; transform: translateY(16px);\"><\/div>\n<div style=\"background-color: #f4f4f4; flex-grow: 0; height: 12px; width: 16px; transform: translateY(-4px);\"><\/div>\n<div style=\"width: 0; height: 0; border-top: 8px solid #F4F4F4; border-left: 8px solid transparent; transform: translateY(-4px) translateX(8px);\"><\/div>\n<\/div>\n<\/div>\n<div style=\"display: flex; flex-direction: column; flex-grow: 1; justify-content: center; margin-bottom: 24px;\">\n<div style=\"background-color: #f4f4f4; border-radius: 4px; flex-grow: 0; height: 14px; margin-bottom: 6px; width: 224px;\"><\/div>\n<div style=\"background-color: #f4f4f4; border-radius: 4px; flex-grow: 0; height: 14px; width: 144px;\"><\/div>\n<\/div>\n<p>&nbsp;<\/p>\n<p style=\"color: #c9c8cd; font-family: Arial,sans-serif; font-size: 14px; line-height: 17px; margin-bottom: 0; margin-top: 8px; overflow: hidden; padding: 8px 0 7px; text-align: center; text-overflow: ellipsis; white-space: nowrap;\"><a style=\"color: #c9c8cd; font-family: Arial,sans-serif; font-size: 14px; font-style: normal; font-weight: normal; line-height: 17px; text-decoration: none;\" href=\"https:\/\/www.instagram.com\/p\/CbM5J7UKFA5\/?utm_source=ig_embed&amp;utm_campaign=loading\" target=\"_blank\" rel=\"noopener\">Ein Beitrag geteilt von The Best Social Media &#8211; DE (@thebestsocialmediade)<\/a><\/p>\n<\/div>\n<\/blockquote>\n\n<script async defer src=\"\/instagram-embed.js\"><\/script>","protected":false},"excerpt":{"rendered":"<p>&#8222;Die Sonnenbrille sch\u00fctzt meine Identit\u00e4t&#8220;, singt Loredana. Sonnenschein ist super sch\u00f6n! Aber: sehen kann man irgendwie nicht so gut&#8230; Zum Gl\u00fcck wurde im 18. Jahrhundert&#8230;<\/p>\n","protected":false},"author":88,"featured_media":158951,"comment_status":"open","ping_status":"open","sticky":false,"template":"","format":"standard","meta":{"_acf_changed":false,"footnotes":""},"categories":[1728,35],"tags":[4962,58],"class_list":["post-158946","post","type-post","status-publish","format-standard","has-post-thumbnail","hentry","category-humor","category-twitter","tag-sonnenbrille","tag-twitter"],"acf":[],"yoast_head":"<!-- This site is optimized with the Yoast SEO plugin v27.4 - https:\/\/yoast.com\/product\/yoast-seo-wordpress\/ -->\n<title>&quot;Die Sonnenbrille sch\u00fctzt meine Identit\u00e4t&quot;- 15 Posts<\/title>\n<meta name=\"robots\" content=\"index, follow, max-snippet:-1, max-image-preview:large, max-video-preview:-1\" \/>\n<link rel=\"canonical\" href=\"https:\/\/www.thebestsocial.media\/de\/die-sonnenbrille-schuetzt-meine-identitaet-15-posts\/\" \/>\n<meta property=\"og:locale\" content=\"de_DE\" \/>\n<meta property=\"og:type\" content=\"article\" \/>\n<meta property=\"og:title\" content=\"&quot;Die Sonnenbrille sch\u00fctzt meine Identit\u00e4t&quot;- 15 Posts\" \/>\n<meta property=\"og:description\" content=\"&#8222;Die Sonnenbrille sch\u00fctzt meine Identit\u00e4t&#8220;, singt Loredana. Sonnenschein ist super sch\u00f6n! Aber: sehen kann man irgendwie nicht so gut&#8230; Zum Gl\u00fcck wurde im 18. Jahrhundert...\" \/>\n<meta property=\"og:url\" content=\"https:\/\/www.thebestsocial.media\/de\/die-sonnenbrille-schuetzt-meine-identitaet-15-posts\/\" \/>\n<meta property=\"og:site_name\" content=\"The Best Social Media DE\" \/>\n<meta property=\"article:published_time\" content=\"2022-03-18T10:18:11+00:00\" \/>\n<meta property=\"article:modified_time\" content=\"2022-03-18T10:21:02+00:00\" \/>\n<meta property=\"og:image\" content=\"https:\/\/www.thebestsocial.media\/de\/wp-content\/uploads\/sites\/3\/2022\/03\/header-sonnenbrille.png\" \/>\n\t<meta property=\"og:image:width\" content=\"1200\" \/>\n\t<meta property=\"og:image:height\" content=\"630\" \/>\n\t<meta property=\"og:image:type\" content=\"image\/png\" \/>\n<meta name=\"author\" content=\"Johanna Burghagen\" \/>\n<meta name=\"twitter:card\" content=\"summary_large_image\" \/>\n<meta name=\"twitter:label1\" content=\"Verfasst von\" \/>\n\t<meta name=\"twitter:data1\" content=\"Johanna Burghagen\" \/>\n\t<meta name=\"twitter:label2\" content=\"Gesch\u00e4tzte Lesezeit\" \/>\n\t<meta name=\"twitter:data2\" content=\"4\u00a0Minuten\" \/>\n<script type=\"application\/ld+json\" class=\"yoast-schema-graph\">{\"@context\":\"https:\\\/\\\/schema.org\",\"@graph\":[{\"@type\":\"Article\",\"@id\":\"https:\\\/\\\/www.thebestsocial.media\\\/de\\\/die-sonnenbrille-schuetzt-meine-identitaet-15-posts\\\/#article\",\"isPartOf\":{\"@id\":\"https:\\\/\\\/www.thebestsocial.media\\\/de\\\/die-sonnenbrille-schuetzt-meine-identitaet-15-posts\\\/\"},\"author\":{\"name\":\"Johanna Burghagen\",\"@id\":\"https:\\\/\\\/www.thebestsocial.media\\\/de\\\/#\\\/schema\\\/person\\\/5f13d9837bcff33cc8d453e30fa88553\"},\"headline\":\"&#8222;Die Sonnenbrille sch\u00fctzt meine Identit\u00e4t&#8220;- 15 Posts\",\"datePublished\":\"2022-03-18T10:18:11+00:00\",\"dateModified\":\"2022-03-18T10:21:02+00:00\",\"mainEntityOfPage\":{\"@id\":\"https:\\\/\\\/www.thebestsocial.media\\\/de\\\/die-sonnenbrille-schuetzt-meine-identitaet-15-posts\\\/\"},\"wordCount\":590,\"commentCount\":0,\"image\":{\"@id\":\"https:\\\/\\\/www.thebestsocial.media\\\/de\\\/die-sonnenbrille-schuetzt-meine-identitaet-15-posts\\\/#primaryimage\"},\"thumbnailUrl\":\"https:\\\/\\\/www.thebestsocial.media\\\/de\\\/wp-content\\\/uploads\\\/sites\\\/3\\\/2022\\\/03\\\/hintergrund-sonnenbrille.jpg\",\"keywords\":[\"Sonnenbrille\",\"twitter\"],\"articleSection\":[\"Humor\",\"Twitter\"],\"inLanguage\":\"de\",\"potentialAction\":[{\"@type\":\"CommentAction\",\"name\":\"Comment\",\"target\":[\"https:\\\/\\\/www.thebestsocial.media\\\/de\\\/die-sonnenbrille-schuetzt-meine-identitaet-15-posts\\\/#respond\"]}]},{\"@type\":\"WebPage\",\"@id\":\"https:\\\/\\\/www.thebestsocial.media\\\/de\\\/die-sonnenbrille-schuetzt-meine-identitaet-15-posts\\\/\",\"url\":\"https:\\\/\\\/www.thebestsocial.media\\\/de\\\/die-sonnenbrille-schuetzt-meine-identitaet-15-posts\\\/\",\"name\":\"\\\"Die Sonnenbrille sch\u00fctzt meine Identit\u00e4t\\\"- 15 Posts\",\"isPartOf\":{\"@id\":\"https:\\\/\\\/www.thebestsocial.media\\\/de\\\/#website\"},\"primaryImageOfPage\":{\"@id\":\"https:\\\/\\\/www.thebestsocial.media\\\/de\\\/die-sonnenbrille-schuetzt-meine-identitaet-15-posts\\\/#primaryimage\"},\"image\":{\"@id\":\"https:\\\/\\\/www.thebestsocial.media\\\/de\\\/die-sonnenbrille-schuetzt-meine-identitaet-15-posts\\\/#primaryimage\"},\"thumbnailUrl\":\"https:\\\/\\\/www.thebestsocial.media\\\/de\\\/wp-content\\\/uploads\\\/sites\\\/3\\\/2022\\\/03\\\/hintergrund-sonnenbrille.jpg\",\"datePublished\":\"2022-03-18T10:18:11+00:00\",\"dateModified\":\"2022-03-18T10:21:02+00:00\",\"author\":{\"@id\":\"https:\\\/\\\/www.thebestsocial.media\\\/de\\\/#\\\/schema\\\/person\\\/5f13d9837bcff33cc8d453e30fa88553\"},\"breadcrumb\":{\"@id\":\"https:\\\/\\\/www.thebestsocial.media\\\/de\\\/die-sonnenbrille-schuetzt-meine-identitaet-15-posts\\\/#breadcrumb\"},\"inLanguage\":\"de\",\"potentialAction\":[{\"@type\":\"ReadAction\",\"target\":[\"https:\\\/\\\/www.thebestsocial.media\\\/de\\\/die-sonnenbrille-schuetzt-meine-identitaet-15-posts\\\/\"]}]},{\"@type\":\"ImageObject\",\"inLanguage\":\"de\",\"@id\":\"https:\\\/\\\/www.thebestsocial.media\\\/de\\\/die-sonnenbrille-schuetzt-meine-identitaet-15-posts\\\/#primaryimage\",\"url\":\"https:\\\/\\\/www.thebestsocial.media\\\/de\\\/wp-content\\\/uploads\\\/sites\\\/3\\\/2022\\\/03\\\/hintergrund-sonnenbrille.jpg\",\"contentUrl\":\"https:\\\/\\\/www.thebestsocial.media\\\/de\\\/wp-content\\\/uploads\\\/sites\\\/3\\\/2022\\\/03\\\/hintergrund-sonnenbrille.jpg\",\"width\":1920,\"height\":1280},{\"@type\":\"BreadcrumbList\",\"@id\":\"https:\\\/\\\/www.thebestsocial.media\\\/de\\\/die-sonnenbrille-schuetzt-meine-identitaet-15-posts\\\/#breadcrumb\",\"itemListElement\":[{\"@type\":\"ListItem\",\"position\":1,\"name\":\"Home\",\"item\":\"https:\\\/\\\/www.thebestsocial.media\\\/de\\\/\"},{\"@type\":\"ListItem\",\"position\":2,\"name\":\"&#8222;Die Sonnenbrille sch\u00fctzt meine Identit\u00e4t&#8220;- 15 Posts\"}]},{\"@type\":\"WebSite\",\"@id\":\"https:\\\/\\\/www.thebestsocial.media\\\/de\\\/#website\",\"url\":\"https:\\\/\\\/www.thebestsocial.media\\\/de\\\/\",\"name\":\"The Best Social Media DE\",\"description\":\"\",\"potentialAction\":[{\"@type\":\"SearchAction\",\"target\":{\"@type\":\"EntryPoint\",\"urlTemplate\":\"https:\\\/\\\/www.thebestsocial.media\\\/de\\\/?s={search_term_string}\"},\"query-input\":{\"@type\":\"PropertyValueSpecification\",\"valueRequired\":true,\"valueName\":\"search_term_string\"}}],\"inLanguage\":\"de\"},{\"@type\":\"Person\",\"@id\":\"https:\\\/\\\/www.thebestsocial.media\\\/de\\\/#\\\/schema\\\/person\\\/5f13d9837bcff33cc8d453e30fa88553\",\"name\":\"Johanna Burghagen\",\"image\":{\"@type\":\"ImageObject\",\"inLanguage\":\"de\",\"@id\":\"https:\\\/\\\/secure.gravatar.com\\\/avatar\\\/8dfe01b309e4d382459737f38d2b4a93e798f4a0954f87f9c620bc34440b8c7e?s=96&d=mm&r=g\",\"url\":\"https:\\\/\\\/secure.gravatar.com\\\/avatar\\\/8dfe01b309e4d382459737f38d2b4a93e798f4a0954f87f9c620bc34440b8c7e?s=96&d=mm&r=g\",\"contentUrl\":\"https:\\\/\\\/secure.gravatar.com\\\/avatar\\\/8dfe01b309e4d382459737f38d2b4a93e798f4a0954f87f9c620bc34440b8c7e?s=96&d=mm&r=g\",\"caption\":\"Johanna Burghagen\"},\"url\":\"https:\\\/\\\/www.thebestsocial.media\\\/de\\\/author\\\/johannaburghagen\\\/\"}]}<\/script>\n<!-- \/ Yoast SEO plugin. -->","yoast_head_json":{"title":"\"Die Sonnenbrille sch\u00fctzt meine Identit\u00e4t\"- 15 Posts","robots":{"index":"index","follow":"follow","max-snippet":"max-snippet:-1","max-image-preview":"max-image-preview:large","max-video-preview":"max-video-preview:-1"},"canonical":"https:\/\/www.thebestsocial.media\/de\/die-sonnenbrille-schuetzt-meine-identitaet-15-posts\/","og_locale":"de_DE","og_type":"article","og_title":"\"Die Sonnenbrille sch\u00fctzt meine Identit\u00e4t\"- 15 Posts","og_description":"&#8222;Die Sonnenbrille sch\u00fctzt meine Identit\u00e4t&#8220;, singt Loredana. Sonnenschein ist super sch\u00f6n! Aber: sehen kann man irgendwie nicht so gut&#8230; Zum Gl\u00fcck wurde im 18. Jahrhundert...","og_url":"https:\/\/www.thebestsocial.media\/de\/die-sonnenbrille-schuetzt-meine-identitaet-15-posts\/","og_site_name":"The Best Social Media DE","article_published_time":"2022-03-18T10:18:11+00:00","article_modified_time":"2022-03-18T10:21:02+00:00","og_image":[{"width":1200,"height":630,"url":"https:\/\/www.thebestsocial.media\/de\/wp-content\/uploads\/sites\/3\/2022\/03\/header-sonnenbrille.png","type":"image\/png"}],"author":"Johanna Burghagen","twitter_card":"summary_large_image","twitter_misc":{"Verfasst von":"Johanna Burghagen","Gesch\u00e4tzte Lesezeit":"4\u00a0Minuten"},"schema":{"@context":"https:\/\/schema.org","@graph":[{"@type":"Article","@id":"https:\/\/www.thebestsocial.media\/de\/die-sonnenbrille-schuetzt-meine-identitaet-15-posts\/#article","isPartOf":{"@id":"https:\/\/www.thebestsocial.media\/de\/die-sonnenbrille-schuetzt-meine-identitaet-15-posts\/"},"author":{"name":"Johanna Burghagen","@id":"https:\/\/www.thebestsocial.media\/de\/#\/schema\/person\/5f13d9837bcff33cc8d453e30fa88553"},"headline":"&#8222;Die Sonnenbrille sch\u00fctzt meine Identit\u00e4t&#8220;- 15 Posts","datePublished":"2022-03-18T10:18:11+00:00","dateModified":"2022-03-18T10:21:02+00:00","mainEntityOfPage":{"@id":"https:\/\/www.thebestsocial.media\/de\/die-sonnenbrille-schuetzt-meine-identitaet-15-posts\/"},"wordCount":590,"commentCount":0,"image":{"@id":"https:\/\/www.thebestsocial.media\/de\/die-sonnenbrille-schuetzt-meine-identitaet-15-posts\/#primaryimage"},"thumbnailUrl":"https:\/\/www.thebestsocial.media\/de\/wp-content\/uploads\/sites\/3\/2022\/03\/hintergrund-sonnenbrille.jpg","keywords":["Sonnenbrille","twitter"],"articleSection":["Humor","Twitter"],"inLanguage":"de","potentialAction":[{"@type":"CommentAction","name":"Comment","target":["https:\/\/www.thebestsocial.media\/de\/die-sonnenbrille-schuetzt-meine-identitaet-15-posts\/#respond"]}]},{"@type":"WebPage","@id":"https:\/\/www.thebestsocial.media\/de\/die-sonnenbrille-schuetzt-meine-identitaet-15-posts\/","url":"https:\/\/www.thebestsocial.media\/de\/die-sonnenbrille-schuetzt-meine-identitaet-15-posts\/","name":"\"Die Sonnenbrille sch\u00fctzt meine Identit\u00e4t\"- 15 Posts","isPartOf":{"@id":"https:\/\/www.thebestsocial.media\/de\/#website"},"primaryImageOfPage":{"@id":"https:\/\/www.thebestsocial.media\/de\/die-sonnenbrille-schuetzt-meine-identitaet-15-posts\/#primaryimage"},"image":{"@id":"https:\/\/www.thebestsocial.media\/de\/die-sonnenbrille-schuetzt-meine-identitaet-15-posts\/#primaryimage"},"thumbnailUrl":"https:\/\/www.thebestsocial.media\/de\/wp-content\/uploads\/sites\/3\/2022\/03\/hintergrund-sonnenbrille.jpg","datePublished":"2022-03-18T10:18:11+00:00","dateModified":"2022-03-18T10:21:02+00:00","author":{"@id":"https:\/\/www.thebestsocial.media\/de\/#\/schema\/person\/5f13d9837bcff33cc8d453e30fa88553"},"breadcrumb":{"@id":"https:\/\/www.thebestsocial.media\/de\/die-sonnenbrille-schuetzt-meine-identitaet-15-posts\/#breadcrumb"},"inLanguage":"de","potentialAction":[{"@type":"ReadAction","target":["https:\/\/www.thebestsocial.media\/de\/die-sonnenbrille-schuetzt-meine-identitaet-15-posts\/"]}]},{"@type":"ImageObject","inLanguage":"de","@id":"https:\/\/www.thebestsocial.media\/de\/die-sonnenbrille-schuetzt-meine-identitaet-15-posts\/#primaryimage","url":"https:\/\/www.thebestsocial.media\/de\/wp-content\/uploads\/sites\/3\/2022\/03\/hintergrund-sonnenbrille.jpg","contentUrl":"https:\/\/www.thebestsocial.media\/de\/wp-content\/uploads\/sites\/3\/2022\/03\/hintergrund-sonnenbrille.jpg","width":1920,"height":1280},{"@type":"BreadcrumbList","@id":"https:\/\/www.thebestsocial.media\/de\/die-sonnenbrille-schuetzt-meine-identitaet-15-posts\/#breadcrumb","itemListElement":[{"@type":"ListItem","position":1,"name":"Home","item":"https:\/\/www.thebestsocial.media\/de\/"},{"@type":"ListItem","position":2,"name":"&#8222;Die Sonnenbrille sch\u00fctzt meine Identit\u00e4t&#8220;- 15 Posts"}]},{"@type":"WebSite","@id":"https:\/\/www.thebestsocial.media\/de\/#website","url":"https:\/\/www.thebestsocial.media\/de\/","name":"The Best Social Media DE","description":"","potentialAction":[{"@type":"SearchAction","target":{"@type":"EntryPoint","urlTemplate":"https:\/\/www.thebestsocial.media\/de\/?s={search_term_string}"},"query-input":{"@type":"PropertyValueSpecification","valueRequired":true,"valueName":"search_term_string"}}],"inLanguage":"de"},{"@type":"Person","@id":"https:\/\/www.thebestsocial.media\/de\/#\/schema\/person\/5f13d9837bcff33cc8d453e30fa88553","name":"Johanna Burghagen","image":{"@type":"ImageObject","inLanguage":"de","@id":"https:\/\/secure.gravatar.com\/avatar\/8dfe01b309e4d382459737f38d2b4a93e798f4a0954f87f9c620bc34440b8c7e?s=96&d=mm&r=g","url":"https:\/\/secure.gravatar.com\/avatar\/8dfe01b309e4d382459737f38d2b4a93e798f4a0954f87f9c620bc34440b8c7e?s=96&d=mm&r=g","contentUrl":"https:\/\/secure.gravatar.com\/avatar\/8dfe01b309e4d382459737f38d2b4a93e798f4a0954f87f9c620bc34440b8c7e?s=96&d=mm&r=g","caption":"Johanna Burghagen"},"url":"https:\/\/www.thebestsocial.media\/de\/author\/johannaburghagen\/"}]}},"amp_enabled":true,"_links":{"self":[{"href":"https:\/\/www.thebestsocial.media\/de\/wp-json\/wp\/v2\/posts\/158946","targetHints":{"allow":["GET"]}}],"collection":[{"href":"https:\/\/www.thebestsocial.media\/de\/wp-json\/wp\/v2\/posts"}],"about":[{"href":"https:\/\/www.thebestsocial.media\/de\/wp-json\/wp\/v2\/types\/post"}],"author":[{"embeddable":true,"href":"https:\/\/www.thebestsocial.media\/de\/wp-json\/wp\/v2\/users\/88"}],"replies":[{"embeddable":true,"href":"https:\/\/www.thebestsocial.media\/de\/wp-json\/wp\/v2\/comments?post=158946"}],"version-history":[{"count":11,"href":"https:\/\/www.thebestsocial.media\/de\/wp-json\/wp\/v2\/posts\/158946\/revisions"}],"predecessor-version":[{"id":158959,"href":"https:\/\/www.thebestsocial.media\/de\/wp-json\/wp\/v2\/posts\/158946\/revisions\/158959"}],"wp:featuredmedia":[{"embeddable":true,"href":"https:\/\/www.thebestsocial.media\/de\/wp-json\/wp\/v2\/media\/158951"}],"wp:attachment":[{"href":"https:\/\/www.thebestsocial.media\/de\/wp-json\/wp\/v2\/media?parent=158946"}],"wp:term":[{"taxonomy":"category","embeddable":true,"href":"https:\/\/www.thebestsocial.media\/de\/wp-json\/wp\/v2\/categories?post=158946"},{"taxonomy":"post_tag","embeddable":true,"href":"https:\/\/www.thebestsocial.media\/de\/wp-json\/wp\/v2\/tags?post=158946"}],"curies":[{"name":"wp","href":"https:\/\/api.w.org\/{rel}","templated":true}]}}