{"id":158868,"date":"2022-03-17T12:13:25","date_gmt":"2022-03-17T12:13:25","guid":{"rendered":"https:\/\/www.thebestsocial.media\/de\/?p=158868"},"modified":"2022-03-17T12:13:25","modified_gmt":"2022-03-17T12:13:25","slug":"selenskyj-selenskij-bundestag-tagesordnung-schaemen-deutschland-ukraine-praesident","status":"publish","type":"post","link":"https:\/\/www.thebestsocial.media\/de\/selenskyj-selenskij-bundestag-tagesordnung-schaemen-deutschland-ukraine-praesident\/","title":{"rendered":"Ukraine-Pr\u00e4sident Selenskyj h\u00e4lt emotionale Rede im Bundestag &#8211; und der geht danach einfach zur Tagesordnung \u00fcber"},"content":{"rendered":"<p>Der ukrainische Pr\u00e4sident Wolodymyr Selenskyj war am Donnerstagmorgen im Bundestag zugeschaltet und hat vor den anwesenden deutschen Top-Politikern eine emotionale Rede gehalten. F\u00fcr seine Rhetorik im Bezug auf <a href=\"https:\/\/www.thebestsocial.media\/de\/ukraine-krieg-hashtag-istandwithputin-wird-fuer-die-putin-trolle-zum-bumerang\/\">Putins Krieg<\/a> wird er auf Twitter gefeiert. Die Reaktion des Bundestags sorgte im Netz allerdings <a href=\"https:\/\/www.thebestsocial.media\/de\/vermittlungsmission-schroeder-putin-und-das-netz-hat-fragen\/\" rel=\"noopener\" target=\"_blank\">f\u00fcr viel Scham<\/a>. Denn das anwesende Gremium ging im Anschluss nahezu nahtlos zur Tagesordnung \u00fcber. Ein Blick auf die Reaktionen.<br \/>\n&nbsp;<br \/>\n<strong>1. Ein G\u00e4nsehaut-Moment!<\/strong><\/p>\n<blockquote class=\"twitter-tweet\">\n<p lang=\"de\" dir=\"ltr\">Pr\u00e4sident Selenskij faltet gerade den Deutschen Bundestag zusammen und bedankt sich gleichzeitig bei den Deutschen, die Moral \u00fcber \u201eWirtschaft, Wirtschaft, Wirtschaft\u201c stellen. <\/p>\n<p>All eyes on him! <a href=\"https:\/\/twitter.com\/hashtag\/Ukraine?src=hash&amp;ref_src=twsrc%5Etfw\">#Ukraine<\/a> \ud83c\uddfa\ud83c\udde6<\/p>\n<p>&mdash; Alex Urban \ud83c\uddfa\ud83c\udde6 (@aurban) <a href=\"https:\/\/twitter.com\/aurban\/status\/1504372547424563200?ref_src=twsrc%5Etfw\">March 17, 2022<\/a><\/p><\/blockquote>\n<p> <script async src=\"https:\/\/platform.twitter.com\/widgets.js\" charset=\"utf-8\"><\/script><br \/>\n&nbsp;<br \/>\n<strong>2. Die komplette Rede zum Nachschauen:<\/strong><br \/>\n<iframe loading=\"lazy\" width=\"560\" height=\"315\" src=\"https:\/\/www.youtube.com\/embed\/HF-kTa3CBto?start=1294\" title=\"YouTube video player\" frameborder=\"0\" allow=\"accelerometer; autoplay; clipboard-write; encrypted-media; gyroscope; picture-in-picture\" allowfullscreen><\/iframe><br \/>\n&nbsp;<br \/>\n<strong>3. !!!<\/strong><\/p>\n<blockquote class=\"twitter-tweet\">\n<p lang=\"de\" dir=\"ltr\">Selenskyj Rede vor dem <a href=\"https:\/\/twitter.com\/hashtag\/Bundestag?src=hash&amp;ref_src=twsrc%5Etfw\">#Bundestag<\/a>: hier spricht ein echter Demokrat, ein echter Europ\u00e4er<\/p>\n<p>&mdash; Katrin Eigendorf (@KEigendorf) <a href=\"https:\/\/twitter.com\/KEigendorf\/status\/1504372979731476484?ref_src=twsrc%5Etfw\">March 17, 2022<\/a><\/p><\/blockquote>\n<p> <script async src=\"https:\/\/platform.twitter.com\/widgets.js\" charset=\"utf-8\"><\/script><br \/>\n&nbsp;<br \/>\n<strong>4. Emotional!<\/strong><\/p>\n<blockquote class=\"twitter-tweet\">\n<p lang=\"de\" dir=\"ltr\">\u2066<a href=\"https:\/\/twitter.com\/ZelenskyyUa?ref_src=twsrc%5Etfw\">@ZelenskyyUa<\/a>\u2069: Warum seht ihr nicht \u00fcber die Mauer?Warum gebt ihr uns nicht,was wir brauchen?<br \/>Warum gilt \u201cnie wieder\u201d nicht?Was ist die historische Verantwortung Deutschlands heute gegen\u00fcber der Ukraine? <br \/>Herr Bundeskanzler,zerst\u00f6ren sie die Mauer. Helfen sie uns. <a href=\"https:\/\/t.co\/frzERUcGhc\">pic.twitter.com\/frzERUcGhc<\/a><\/p>\n<p>&mdash; Rebecca Harms (@RebHarms) <a href=\"https:\/\/twitter.com\/RebHarms\/status\/1504373574697684993?ref_src=twsrc%5Etfw\">March 17, 2022<\/a><\/p><\/blockquote>\n<p> <script async src=\"https:\/\/platform.twitter.com\/widgets.js\" charset=\"utf-8\"><\/script><br \/>\n&nbsp;<br \/>\n<strong>5. Und rhetorisch unfassbar stark<\/strong><\/p>\n<blockquote class=\"twitter-tweet\">\n<p lang=\"de\" dir=\"ltr\">Rhetorisch ist <a href=\"https:\/\/twitter.com\/hashtag\/Selenskyj?src=hash&amp;ref_src=twsrc%5Etfw\">#Selenskyj<\/a> eine Gro\u00dfmacht. Das hat er mit seiner Rede im <a href=\"https:\/\/twitter.com\/hashtag\/Bundestag?src=hash&amp;ref_src=twsrc%5Etfw\">#Bundestag<\/a> erneut gezeigt. Mauer-Metapher, &quot;Nie wieder&quot;, Kritik an Nord Stream 2. Selenskyj hat der deutschen Politik einen Spiegel vorgehalten und was sie darin sieht, sieht nicht gut aus.<\/p>\n<p>&mdash; Johannes Hillje (@JHillje) <a href=\"https:\/\/twitter.com\/JHillje\/status\/1504382806327181319?ref_src=twsrc%5Etfw\">March 17, 2022<\/a><\/p><\/blockquote>\n<p> <script async src=\"https:\/\/platform.twitter.com\/widgets.js\" charset=\"utf-8\"><\/script><br \/>\n&nbsp;<br \/>\n<strong>6. WOW!<\/strong><\/p>\n<blockquote class=\"twitter-tweet\">\n<p lang=\"de\" dir=\"ltr\">Was f\u00fcr ein krasser Unterschied, die Reden von <a href=\"https:\/\/twitter.com\/hashtag\/Selenskyj?src=hash&amp;ref_src=twsrc%5Etfw\">#Selenskyj<\/a> vor dem US-Kongress und vor dem <a href=\"https:\/\/twitter.com\/hashtag\/Bundestag?src=hash&amp;ref_src=twsrc%5Etfw\">#Bundestag<\/a>: Dieser Pr\u00e4sident ist entt\u00e4uscht von uns. Und wie zum Beweis deutscher Alles-Egal-Haltung gratulieren wir im Bundestag danach erstmal zu Geburtstagen. <a href=\"https:\/\/twitter.com\/hashtag\/Ukraine?src=hash&amp;ref_src=twsrc%5Etfw\">#Ukraine<\/a><\/p>\n<p>&mdash; Martin Machowecz (@mmachowecz) <a href=\"https:\/\/twitter.com\/mmachowecz\/status\/1504375232844423176?ref_src=twsrc%5Etfw\">March 17, 2022<\/a><\/p><\/blockquote>\n<p> <script async src=\"https:\/\/platform.twitter.com\/widgets.js\" charset=\"utf-8\"><\/script><br \/>\n&nbsp;<br \/>\n<strong>7. Aber was macht der Bundestag &#8230;?<\/strong><\/p>\n<blockquote class=\"twitter-tweet\">\n<p lang=\"de\" dir=\"ltr\"><a href=\"https:\/\/twitter.com\/hashtag\/Selenskyj?src=hash&amp;ref_src=twsrc%5Etfw\">#Selenskyj<\/a> wirft den Abgeordneten im <a href=\"https:\/\/twitter.com\/hashtag\/Bundestag?src=hash&amp;ref_src=twsrc%5Etfw\">#Bundestag<\/a> vor, zu sp\u00e4t gehandelt zu haben.<br \/>Dabei handelt man doch schon die ganze Zeit&#8230; mit russischem Gas.<\/p>\n<p>&mdash; ZDF heute-show (@heuteshow) <a href=\"https:\/\/twitter.com\/heuteshow\/status\/1504409263111905289?ref_src=twsrc%5Etfw\">March 17, 2022<\/a><\/p><\/blockquote>\n<p> <script async src=\"https:\/\/platform.twitter.com\/widgets.js\" charset=\"utf-8\"><\/script><br \/>\n&nbsp;<br \/>\n<strong>8. &#8230; der geht flie\u00dfend zur Tagesordnung \u00fcber!<\/strong><\/p>\n<blockquote class=\"twitter-tweet\">\n<p lang=\"de\" dir=\"ltr\">Der ukrainische Pr\u00e4sident spricht zu den Deutschen und der Bundestag geht einfach zur Tagesordnung \u00fcber. Das ist eine unfassbar besch\u00e4mende Ohrfeige an die Menschen hier, f\u00fcr die Selenskyi spricht. Menschen, die Antworten wollen &#8211; auch von den Deutschen.<\/p>\n<p>&mdash; Georg Restle (@georgrestle) <a href=\"https:\/\/twitter.com\/georgrestle\/status\/1504391287298043905?ref_src=twsrc%5Etfw\">March 17, 2022<\/a><\/p><\/blockquote>\n<p> <script async src=\"https:\/\/platform.twitter.com\/widgets.js\" charset=\"utf-8\"><\/script><br \/>\n&nbsp;<br \/>\n<strong>9. Und danach wird es nicht besser<\/strong><\/p>\n<blockquote class=\"twitter-tweet\">\n<p lang=\"de\" dir=\"ltr\">Dass sich die Fraktionen jetzt streiten nach dieser Rede vom ukrainischen Pr\u00e4sidenten ist ein unw\u00fcrdiges und besch\u00e4mendes Schauspiel. Wie sehr kann man bitte mit sich selbst besch\u00e4ftigt sein. Mir ist ein bisschen schlecht<\/p>\n<p>&mdash; Mareile (@Hoellenaufsicht) <a href=\"https:\/\/twitter.com\/Hoellenaufsicht\/status\/1504378074481180673?ref_src=twsrc%5Etfw\">March 17, 2022<\/a><\/p><\/blockquote>\n<p> <script async src=\"https:\/\/platform.twitter.com\/widgets.js\" charset=\"utf-8\"><\/script><br \/>\n&nbsp;<br \/>\n<strong>10. Die Twitter-User sind w\u00fctend<\/strong><\/p>\n<blockquote class=\"twitter-tweet\">\n<p lang=\"de\" dir=\"ltr\">Das war heute der w\u00fcrdeloseste Moment im Bundestag, den ich je erlebt habe!<\/p>\n<p>&mdash; Norbert R\u00f6ttgen (@n_roettgen) <a href=\"https:\/\/twitter.com\/n_roettgen\/status\/1504379804656803841?ref_src=twsrc%5Etfw\">March 17, 2022<\/a><\/p><\/blockquote>\n<p> <script async src=\"https:\/\/platform.twitter.com\/widgets.js\" charset=\"utf-8\"><\/script><br \/>\n&nbsp;<br \/>\n<strong>11. Und reagieren mit zynischem Spott<\/strong><\/p>\n<blockquote class=\"twitter-tweet\">\n<p lang=\"de\" dir=\"ltr\">Die R\u00fcckkehr zur Tagesordnung. <br \/>Eine deutsche Superkraft.<a href=\"https:\/\/twitter.com\/hashtag\/Selenskyj?src=hash&amp;ref_src=twsrc%5Etfw\">#Selenskyj<\/a> <a href=\"https:\/\/twitter.com\/hashtag\/Bundestag?src=hash&amp;ref_src=twsrc%5Etfw\">#Bundestag<\/a><\/p>\n<p>&mdash; Micky Beisenherz (@MickyBeisenherz) <a href=\"https:\/\/twitter.com\/MickyBeisenherz\/status\/1504378046480064516?ref_src=twsrc%5Etfw\">March 17, 2022<\/a><\/p><\/blockquote>\n<p> <script async src=\"https:\/\/platform.twitter.com\/widgets.js\" charset=\"utf-8\"><\/script><br \/>\n&nbsp;<br \/>\n<strong>12. Ein trauriger Moment<\/strong><\/p>\n<blockquote class=\"twitter-tweet\">\n<p lang=\"de\" dir=\"ltr\">*Selenskyj h\u00e4lt bewegende Rede vor dem Plenum des Deutschen Bundestages* <a href=\"https:\/\/t.co\/klyPABrSko\">pic.twitter.com\/klyPABrSko<\/a><\/p>\n<p>&mdash; \ud835\ude67\ud835\ude64\ud835\ude69\ud835\ude5a\ud835\ude67 \ud835\ude65\ud835\ude56\ud835\ude63\ud835\ude59\ud835\ude5a\ud835\ude67 (@roter_pander) <a href=\"https:\/\/twitter.com\/roter_pander\/status\/1504390948360536073?ref_src=twsrc%5Etfw\">March 17, 2022<\/a><\/p><\/blockquote>\n<p> <script async src=\"https:\/\/platform.twitter.com\/widgets.js\" charset=\"utf-8\"><\/script><br \/>\n&nbsp;<br \/>\n___<br \/>\nDanke an alle f\u00fcr die Posts!<\/p>\n","protected":false},"excerpt":{"rendered":"<p>Der ukrainische Pr\u00e4sident Wolodymyr Selenskyj war am Donnerstagmorgen im Bundestag zugeschaltet und hat vor den anwesenden deutschen Top-Politikern eine emotionale Rede gehalten. F\u00fcr seine Rhetorik&#8230;<\/p>\n","protected":false},"author":65,"featured_media":158879,"comment_status":"open","ping_status":"open","sticky":false,"template":"","format":"standard","meta":{"_acf_changed":false,"footnotes":""},"categories":[35],"tags":[825,2496,4956,4955,4957,4909],"class_list":["post-158868","post","type-post","status-publish","format-standard","has-post-thumbnail","hentry","category-twitter","tag-bundestag","tag-praesident","tag-selenskij","tag-selenskyj","tag-tagesordnung","tag-ukraine"],"acf":[],"yoast_head":"<!-- This site is optimized with the Yoast SEO plugin v27.5 - https:\/\/yoast.com\/product\/yoast-seo-wordpress\/ -->\n<title>Ukraine-Pr\u00e4sident Selenskyj h\u00e4lt emotionale Rede im Bundestag<\/title>\n<meta name=\"description\" content=\"Ukraine-Pr\u00e4sident Wolodymyr Selenskyj h\u00e4lt eine emotionale Rede im Bundestag, der danach direkt zur Tagesordnung \u00fcbergeht. Twitter ist emp\u00f6rt\" \/>\n<meta name=\"robots\" content=\"index, follow, max-snippet:-1, max-image-preview:large, max-video-preview:-1\" \/>\n<link rel=\"canonical\" href=\"https:\/\/www.thebestsocial.media\/de\/selenskyj-selenskij-bundestag-tagesordnung-schaemen-deutschland-ukraine-praesident\/\" \/>\n<meta property=\"og:locale\" content=\"de_DE\" \/>\n<meta property=\"og:type\" content=\"article\" \/>\n<meta property=\"og:title\" content=\"Ukraine-Pr\u00e4sident Selenskyj h\u00e4lt emotionale Rede im Bundestag - der geht danach zur Tagesordnung \u00fcber\" \/>\n<meta property=\"og:description\" content=\"Ukraine-Pr\u00e4sident Wolodymyr Selenskyj h\u00e4lt eine emotionale Rede im Bundestag, der danach direkt zur Tagesordnung \u00fcbergeht. Twitter ist emp\u00f6rt\" \/>\n<meta property=\"og:url\" content=\"https:\/\/www.thebestsocial.media\/de\/selenskyj-selenskij-bundestag-tagesordnung-schaemen-deutschland-ukraine-praesident\/\" \/>\n<meta property=\"og:site_name\" content=\"The Best Social Media DE\" \/>\n<meta property=\"article:published_time\" content=\"2022-03-17T12:13:25+00:00\" \/>\n<meta property=\"og:image\" content=\"https:\/\/www.thebestsocial.media\/de\/wp-content\/uploads\/sites\/3\/2022\/03\/Selen-Head.png\" \/>\n\t<meta property=\"og:image:width\" content=\"1200\" \/>\n\t<meta property=\"og:image:height\" content=\"630\" \/>\n\t<meta property=\"og:image:type\" content=\"image\/png\" \/>\n<meta name=\"author\" content=\"Jan\" \/>\n<meta name=\"twitter:card\" content=\"summary_large_image\" \/>\n<meta name=\"twitter:label1\" content=\"Verfasst von\" \/>\n\t<meta name=\"twitter:data1\" content=\"Jan\" \/>\n\t<meta name=\"twitter:label2\" content=\"Gesch\u00e4tzte Lesezeit\" \/>\n\t<meta name=\"twitter:data2\" content=\"2\u00a0Minuten\" \/>\n<script type=\"application\/ld+json\" class=\"yoast-schema-graph\">{\"@context\":\"https:\\\/\\\/schema.org\",\"@graph\":[{\"@type\":\"Article\",\"@id\":\"https:\\\/\\\/www.thebestsocial.media\\\/de\\\/selenskyj-selenskij-bundestag-tagesordnung-schaemen-deutschland-ukraine-praesident\\\/#article\",\"isPartOf\":{\"@id\":\"https:\\\/\\\/www.thebestsocial.media\\\/de\\\/selenskyj-selenskij-bundestag-tagesordnung-schaemen-deutschland-ukraine-praesident\\\/\"},\"author\":{\"name\":\"Jan\",\"@id\":\"https:\\\/\\\/www.thebestsocial.media\\\/de\\\/#\\\/schema\\\/person\\\/03b8d8d2905b97b499c8e0808b724821\"},\"headline\":\"Ukraine-Pr\u00e4sident Selenskyj h\u00e4lt emotionale Rede im Bundestag &#8211; und der geht danach einfach zur Tagesordnung \u00fcber\",\"datePublished\":\"2022-03-17T12:13:25+00:00\",\"mainEntityOfPage\":{\"@id\":\"https:\\\/\\\/www.thebestsocial.media\\\/de\\\/selenskyj-selenskij-bundestag-tagesordnung-schaemen-deutschland-ukraine-praesident\\\/\"},\"wordCount\":515,\"commentCount\":0,\"image\":{\"@id\":\"https:\\\/\\\/www.thebestsocial.media\\\/de\\\/selenskyj-selenskij-bundestag-tagesordnung-schaemen-deutschland-ukraine-praesident\\\/#primaryimage\"},\"thumbnailUrl\":\"https:\\\/\\\/www.thebestsocial.media\\\/de\\\/wp-content\\\/uploads\\\/sites\\\/3\\\/2022\\\/03\\\/Teaser-Selensky.jpg\",\"keywords\":[\"bundestag\",\"Pr\u00e4sident\",\"Selenskij\",\"Selenskyj\",\"Tagesordnung\",\"Ukraine\"],\"articleSection\":[\"Twitter\"],\"inLanguage\":\"de\",\"potentialAction\":[{\"@type\":\"CommentAction\",\"name\":\"Comment\",\"target\":[\"https:\\\/\\\/www.thebestsocial.media\\\/de\\\/selenskyj-selenskij-bundestag-tagesordnung-schaemen-deutschland-ukraine-praesident\\\/#respond\"]}]},{\"@type\":\"WebPage\",\"@id\":\"https:\\\/\\\/www.thebestsocial.media\\\/de\\\/selenskyj-selenskij-bundestag-tagesordnung-schaemen-deutschland-ukraine-praesident\\\/\",\"url\":\"https:\\\/\\\/www.thebestsocial.media\\\/de\\\/selenskyj-selenskij-bundestag-tagesordnung-schaemen-deutschland-ukraine-praesident\\\/\",\"name\":\"Ukraine-Pr\u00e4sident Selenskyj h\u00e4lt emotionale Rede im Bundestag\",\"isPartOf\":{\"@id\":\"https:\\\/\\\/www.thebestsocial.media\\\/de\\\/#website\"},\"primaryImageOfPage\":{\"@id\":\"https:\\\/\\\/www.thebestsocial.media\\\/de\\\/selenskyj-selenskij-bundestag-tagesordnung-schaemen-deutschland-ukraine-praesident\\\/#primaryimage\"},\"image\":{\"@id\":\"https:\\\/\\\/www.thebestsocial.media\\\/de\\\/selenskyj-selenskij-bundestag-tagesordnung-schaemen-deutschland-ukraine-praesident\\\/#primaryimage\"},\"thumbnailUrl\":\"https:\\\/\\\/www.thebestsocial.media\\\/de\\\/wp-content\\\/uploads\\\/sites\\\/3\\\/2022\\\/03\\\/Teaser-Selensky.jpg\",\"datePublished\":\"2022-03-17T12:13:25+00:00\",\"author\":{\"@id\":\"https:\\\/\\\/www.thebestsocial.media\\\/de\\\/#\\\/schema\\\/person\\\/03b8d8d2905b97b499c8e0808b724821\"},\"description\":\"Ukraine-Pr\u00e4sident Wolodymyr Selenskyj h\u00e4lt eine emotionale Rede im Bundestag, der danach direkt zur Tagesordnung \u00fcbergeht. Twitter ist emp\u00f6rt\",\"breadcrumb\":{\"@id\":\"https:\\\/\\\/www.thebestsocial.media\\\/de\\\/selenskyj-selenskij-bundestag-tagesordnung-schaemen-deutschland-ukraine-praesident\\\/#breadcrumb\"},\"inLanguage\":\"de\",\"potentialAction\":[{\"@type\":\"ReadAction\",\"target\":[\"https:\\\/\\\/www.thebestsocial.media\\\/de\\\/selenskyj-selenskij-bundestag-tagesordnung-schaemen-deutschland-ukraine-praesident\\\/\"]}]},{\"@type\":\"ImageObject\",\"inLanguage\":\"de\",\"@id\":\"https:\\\/\\\/www.thebestsocial.media\\\/de\\\/selenskyj-selenskij-bundestag-tagesordnung-schaemen-deutschland-ukraine-praesident\\\/#primaryimage\",\"url\":\"https:\\\/\\\/www.thebestsocial.media\\\/de\\\/wp-content\\\/uploads\\\/sites\\\/3\\\/2022\\\/03\\\/Teaser-Selensky.jpg\",\"contentUrl\":\"https:\\\/\\\/www.thebestsocial.media\\\/de\\\/wp-content\\\/uploads\\\/sites\\\/3\\\/2022\\\/03\\\/Teaser-Selensky.jpg\",\"width\":2333,\"height\":1312,\"caption\":\"Der ukrainische Pr\u00e4sident Wolodymyr Selenskyj war am Donnerstagmorgen im Bundestag zugeschaltet und hat vor den anwesenden deutschen Top-Politikern eine emotionale Rede gehalten. F\u00fcr seine Rhetorik im Bezug auf Putins Krieg wird er auf Twitter gefeiert. Die Reaktion des Bundestags sorgte im Netz allerdings f\u00fcr viel Scham. Denn das anwesende Gremium ging im Anschluss nahezu nahtlos zur Tagesordnung \u00fcber. Ein Blick auf die Reaktionen.\"},{\"@type\":\"BreadcrumbList\",\"@id\":\"https:\\\/\\\/www.thebestsocial.media\\\/de\\\/selenskyj-selenskij-bundestag-tagesordnung-schaemen-deutschland-ukraine-praesident\\\/#breadcrumb\",\"itemListElement\":[{\"@type\":\"ListItem\",\"position\":1,\"name\":\"Home\",\"item\":\"https:\\\/\\\/www.thebestsocial.media\\\/de\\\/\"},{\"@type\":\"ListItem\",\"position\":2,\"name\":\"Ukraine-Pr\u00e4sident Selenskyj h\u00e4lt emotionale Rede im Bundestag &#8211; und der geht danach einfach zur Tagesordnung \u00fcber\"}]},{\"@type\":\"WebSite\",\"@id\":\"https:\\\/\\\/www.thebestsocial.media\\\/de\\\/#website\",\"url\":\"https:\\\/\\\/www.thebestsocial.media\\\/de\\\/\",\"name\":\"The Best Social Media DE\",\"description\":\"\",\"potentialAction\":[{\"@type\":\"SearchAction\",\"target\":{\"@type\":\"EntryPoint\",\"urlTemplate\":\"https:\\\/\\\/www.thebestsocial.media\\\/de\\\/?s={search_term_string}\"},\"query-input\":{\"@type\":\"PropertyValueSpecification\",\"valueRequired\":true,\"valueName\":\"search_term_string\"}}],\"inLanguage\":\"de\"},{\"@type\":\"Person\",\"@id\":\"https:\\\/\\\/www.thebestsocial.media\\\/de\\\/#\\\/schema\\\/person\\\/03b8d8d2905b97b499c8e0808b724821\",\"name\":\"Jan\",\"image\":{\"@type\":\"ImageObject\",\"inLanguage\":\"de\",\"@id\":\"https:\\\/\\\/secure.gravatar.com\\\/avatar\\\/6977c5e4d81f2a717dcf76e5e74d7a00b583f3f83a2b00830dedfc799d928343?s=96&d=mm&r=g\",\"url\":\"https:\\\/\\\/secure.gravatar.com\\\/avatar\\\/6977c5e4d81f2a717dcf76e5e74d7a00b583f3f83a2b00830dedfc799d928343?s=96&d=mm&r=g\",\"contentUrl\":\"https:\\\/\\\/secure.gravatar.com\\\/avatar\\\/6977c5e4d81f2a717dcf76e5e74d7a00b583f3f83a2b00830dedfc799d928343?s=96&d=mm&r=g\",\"caption\":\"Jan\"},\"description\":\"Wohnt in M\u00fcnchen, hat aber bis heute keine Ahnung, wie er dort gelandet ist. W\u00fcnscht sich manchmal eine dritte Stimme im Kopf, die ihn davon abh\u00e4lt, auszusprechen, was er gerade denkt. Mag Sport und jeden Kartoffelchip einzeln zu essen. Hasst es, sich auf neue Duschen einstellen zu m\u00fcssen. In einer Beziehung mit Social Media \u2013 aber es ist kompliziert.\",\"url\":\"https:\\\/\\\/www.thebestsocial.media\\\/de\\\/author\\\/janhorstkoetter\\\/\"}]}<\/script>\n<!-- \/ Yoast SEO plugin. -->","yoast_head_json":{"title":"Ukraine-Pr\u00e4sident Selenskyj h\u00e4lt emotionale Rede im Bundestag","description":"Ukraine-Pr\u00e4sident Wolodymyr Selenskyj h\u00e4lt eine emotionale Rede im Bundestag, der danach direkt zur Tagesordnung \u00fcbergeht. Twitter ist emp\u00f6rt","robots":{"index":"index","follow":"follow","max-snippet":"max-snippet:-1","max-image-preview":"max-image-preview:large","max-video-preview":"max-video-preview:-1"},"canonical":"https:\/\/www.thebestsocial.media\/de\/selenskyj-selenskij-bundestag-tagesordnung-schaemen-deutschland-ukraine-praesident\/","og_locale":"de_DE","og_type":"article","og_title":"Ukraine-Pr\u00e4sident Selenskyj h\u00e4lt emotionale Rede im Bundestag - der geht danach zur Tagesordnung \u00fcber","og_description":"Ukraine-Pr\u00e4sident Wolodymyr Selenskyj h\u00e4lt eine emotionale Rede im Bundestag, der danach direkt zur Tagesordnung \u00fcbergeht. Twitter ist emp\u00f6rt","og_url":"https:\/\/www.thebestsocial.media\/de\/selenskyj-selenskij-bundestag-tagesordnung-schaemen-deutschland-ukraine-praesident\/","og_site_name":"The Best Social Media DE","article_published_time":"2022-03-17T12:13:25+00:00","og_image":[{"width":1200,"height":630,"url":"https:\/\/www.thebestsocial.media\/de\/wp-content\/uploads\/sites\/3\/2022\/03\/Selen-Head.png","type":"image\/png"}],"author":"Jan","twitter_card":"summary_large_image","twitter_misc":{"Verfasst von":"Jan","Gesch\u00e4tzte Lesezeit":"2\u00a0Minuten"},"schema":{"@context":"https:\/\/schema.org","@graph":[{"@type":"Article","@id":"https:\/\/www.thebestsocial.media\/de\/selenskyj-selenskij-bundestag-tagesordnung-schaemen-deutschland-ukraine-praesident\/#article","isPartOf":{"@id":"https:\/\/www.thebestsocial.media\/de\/selenskyj-selenskij-bundestag-tagesordnung-schaemen-deutschland-ukraine-praesident\/"},"author":{"name":"Jan","@id":"https:\/\/www.thebestsocial.media\/de\/#\/schema\/person\/03b8d8d2905b97b499c8e0808b724821"},"headline":"Ukraine-Pr\u00e4sident Selenskyj h\u00e4lt emotionale Rede im Bundestag &#8211; und der geht danach einfach zur Tagesordnung \u00fcber","datePublished":"2022-03-17T12:13:25+00:00","mainEntityOfPage":{"@id":"https:\/\/www.thebestsocial.media\/de\/selenskyj-selenskij-bundestag-tagesordnung-schaemen-deutschland-ukraine-praesident\/"},"wordCount":515,"commentCount":0,"image":{"@id":"https:\/\/www.thebestsocial.media\/de\/selenskyj-selenskij-bundestag-tagesordnung-schaemen-deutschland-ukraine-praesident\/#primaryimage"},"thumbnailUrl":"https:\/\/www.thebestsocial.media\/de\/wp-content\/uploads\/sites\/3\/2022\/03\/Teaser-Selensky.jpg","keywords":["bundestag","Pr\u00e4sident","Selenskij","Selenskyj","Tagesordnung","Ukraine"],"articleSection":["Twitter"],"inLanguage":"de","potentialAction":[{"@type":"CommentAction","name":"Comment","target":["https:\/\/www.thebestsocial.media\/de\/selenskyj-selenskij-bundestag-tagesordnung-schaemen-deutschland-ukraine-praesident\/#respond"]}]},{"@type":"WebPage","@id":"https:\/\/www.thebestsocial.media\/de\/selenskyj-selenskij-bundestag-tagesordnung-schaemen-deutschland-ukraine-praesident\/","url":"https:\/\/www.thebestsocial.media\/de\/selenskyj-selenskij-bundestag-tagesordnung-schaemen-deutschland-ukraine-praesident\/","name":"Ukraine-Pr\u00e4sident Selenskyj h\u00e4lt emotionale Rede im Bundestag","isPartOf":{"@id":"https:\/\/www.thebestsocial.media\/de\/#website"},"primaryImageOfPage":{"@id":"https:\/\/www.thebestsocial.media\/de\/selenskyj-selenskij-bundestag-tagesordnung-schaemen-deutschland-ukraine-praesident\/#primaryimage"},"image":{"@id":"https:\/\/www.thebestsocial.media\/de\/selenskyj-selenskij-bundestag-tagesordnung-schaemen-deutschland-ukraine-praesident\/#primaryimage"},"thumbnailUrl":"https:\/\/www.thebestsocial.media\/de\/wp-content\/uploads\/sites\/3\/2022\/03\/Teaser-Selensky.jpg","datePublished":"2022-03-17T12:13:25+00:00","author":{"@id":"https:\/\/www.thebestsocial.media\/de\/#\/schema\/person\/03b8d8d2905b97b499c8e0808b724821"},"description":"Ukraine-Pr\u00e4sident Wolodymyr Selenskyj h\u00e4lt eine emotionale Rede im Bundestag, der danach direkt zur Tagesordnung \u00fcbergeht. Twitter ist emp\u00f6rt","breadcrumb":{"@id":"https:\/\/www.thebestsocial.media\/de\/selenskyj-selenskij-bundestag-tagesordnung-schaemen-deutschland-ukraine-praesident\/#breadcrumb"},"inLanguage":"de","potentialAction":[{"@type":"ReadAction","target":["https:\/\/www.thebestsocial.media\/de\/selenskyj-selenskij-bundestag-tagesordnung-schaemen-deutschland-ukraine-praesident\/"]}]},{"@type":"ImageObject","inLanguage":"de","@id":"https:\/\/www.thebestsocial.media\/de\/selenskyj-selenskij-bundestag-tagesordnung-schaemen-deutschland-ukraine-praesident\/#primaryimage","url":"https:\/\/www.thebestsocial.media\/de\/wp-content\/uploads\/sites\/3\/2022\/03\/Teaser-Selensky.jpg","contentUrl":"https:\/\/www.thebestsocial.media\/de\/wp-content\/uploads\/sites\/3\/2022\/03\/Teaser-Selensky.jpg","width":2333,"height":1312,"caption":"Der ukrainische Pr\u00e4sident Wolodymyr Selenskyj war am Donnerstagmorgen im Bundestag zugeschaltet und hat vor den anwesenden deutschen Top-Politikern eine emotionale Rede gehalten. F\u00fcr seine Rhetorik im Bezug auf Putins Krieg wird er auf Twitter gefeiert. Die Reaktion des Bundestags sorgte im Netz allerdings f\u00fcr viel Scham. Denn das anwesende Gremium ging im Anschluss nahezu nahtlos zur Tagesordnung \u00fcber. Ein Blick auf die Reaktionen."},{"@type":"BreadcrumbList","@id":"https:\/\/www.thebestsocial.media\/de\/selenskyj-selenskij-bundestag-tagesordnung-schaemen-deutschland-ukraine-praesident\/#breadcrumb","itemListElement":[{"@type":"ListItem","position":1,"name":"Home","item":"https:\/\/www.thebestsocial.media\/de\/"},{"@type":"ListItem","position":2,"name":"Ukraine-Pr\u00e4sident Selenskyj h\u00e4lt emotionale Rede im Bundestag &#8211; und der geht danach einfach zur Tagesordnung \u00fcber"}]},{"@type":"WebSite","@id":"https:\/\/www.thebestsocial.media\/de\/#website","url":"https:\/\/www.thebestsocial.media\/de\/","name":"The Best Social Media DE","description":"","potentialAction":[{"@type":"SearchAction","target":{"@type":"EntryPoint","urlTemplate":"https:\/\/www.thebestsocial.media\/de\/?s={search_term_string}"},"query-input":{"@type":"PropertyValueSpecification","valueRequired":true,"valueName":"search_term_string"}}],"inLanguage":"de"},{"@type":"Person","@id":"https:\/\/www.thebestsocial.media\/de\/#\/schema\/person\/03b8d8d2905b97b499c8e0808b724821","name":"Jan","image":{"@type":"ImageObject","inLanguage":"de","@id":"https:\/\/secure.gravatar.com\/avatar\/6977c5e4d81f2a717dcf76e5e74d7a00b583f3f83a2b00830dedfc799d928343?s=96&d=mm&r=g","url":"https:\/\/secure.gravatar.com\/avatar\/6977c5e4d81f2a717dcf76e5e74d7a00b583f3f83a2b00830dedfc799d928343?s=96&d=mm&r=g","contentUrl":"https:\/\/secure.gravatar.com\/avatar\/6977c5e4d81f2a717dcf76e5e74d7a00b583f3f83a2b00830dedfc799d928343?s=96&d=mm&r=g","caption":"Jan"},"description":"Wohnt in M\u00fcnchen, hat aber bis heute keine Ahnung, wie er dort gelandet ist. W\u00fcnscht sich manchmal eine dritte Stimme im Kopf, die ihn davon abh\u00e4lt, auszusprechen, was er gerade denkt. Mag Sport und jeden Kartoffelchip einzeln zu essen. Hasst es, sich auf neue Duschen einstellen zu m\u00fcssen. In einer Beziehung mit Social Media \u2013 aber es ist kompliziert.","url":"https:\/\/www.thebestsocial.media\/de\/author\/janhorstkoetter\/"}]}},"amp_enabled":true,"_links":{"self":[{"href":"https:\/\/www.thebestsocial.media\/de\/wp-json\/wp\/v2\/posts\/158868","targetHints":{"allow":["GET"]}}],"collection":[{"href":"https:\/\/www.thebestsocial.media\/de\/wp-json\/wp\/v2\/posts"}],"about":[{"href":"https:\/\/www.thebestsocial.media\/de\/wp-json\/wp\/v2\/types\/post"}],"author":[{"embeddable":true,"href":"https:\/\/www.thebestsocial.media\/de\/wp-json\/wp\/v2\/users\/65"}],"replies":[{"embeddable":true,"href":"https:\/\/www.thebestsocial.media\/de\/wp-json\/wp\/v2\/comments?post=158868"}],"version-history":[{"count":3,"href":"https:\/\/www.thebestsocial.media\/de\/wp-json\/wp\/v2\/posts\/158868\/revisions"}],"predecessor-version":[{"id":158881,"href":"https:\/\/www.thebestsocial.media\/de\/wp-json\/wp\/v2\/posts\/158868\/revisions\/158881"}],"wp:featuredmedia":[{"embeddable":true,"href":"https:\/\/www.thebestsocial.media\/de\/wp-json\/wp\/v2\/media\/158879"}],"wp:attachment":[{"href":"https:\/\/www.thebestsocial.media\/de\/wp-json\/wp\/v2\/media?parent=158868"}],"wp:term":[{"taxonomy":"category","embeddable":true,"href":"https:\/\/www.thebestsocial.media\/de\/wp-json\/wp\/v2\/categories?post=158868"},{"taxonomy":"post_tag","embeddable":true,"href":"https:\/\/www.thebestsocial.media\/de\/wp-json\/wp\/v2\/tags?post=158868"}],"curies":[{"name":"wp","href":"https:\/\/api.w.org\/{rel}","templated":true}]}}