{"id":158783,"date":"2022-03-16T11:04:28","date_gmt":"2022-03-16T11:04:28","guid":{"rendered":"https:\/\/www.thebestsocial.media\/de\/?p=158783"},"modified":"2022-03-16T11:04:28","modified_gmt":"2022-03-16T11:04:28","slug":"optimales-oben-ohne-wetter-die-cabrio-saison-ist-wieder-eroeffnet","status":"publish","type":"post","link":"https:\/\/www.thebestsocial.media\/de\/optimales-oben-ohne-wetter-die-cabrio-saison-ist-wieder-eroeffnet\/","title":{"rendered":"Optimales Oben-Ohne-Wetter: Die Cabrio-Saison ist wieder er\u00f6ffnet"},"content":{"rendered":"<p>Sobald die Sonne rauskommt und die Temperaturen steigen, werden die Auto-D\u00e4cher runtergelassen und sch\u00f6ne Strecken abgefahren. Die Cabrio-Saison ist wieder er\u00f6ffnet und man findet so manchen lustigen Tweet dar\u00fcber. <\/p>\n<p>&nbsp;<\/p>\n<h3><strong>1. So schnell kann Chaos entstehen. <\/strong><\/h3>\n<blockquote class=\"twitter-tweet\">\n<p dir=\"ltr\" lang=\"de\">Aufm Dorf schneit&#8217;s: Karl-Heinz macht das Dach vom Cabrio zu, das Leben geht weiter.<br \/>\n2 Schneeflocken in Stuttgart: Verkehrschaos, der Notstand wird ausgerufen, Hamsterk\u00e4ufe, einer singt &#8218;Survivor&#8216; von Destiny&#8217;s Child.<\/p>\n<p>\u2014 Krystle von der Post (@TimCattrall) <a href=\"https:\/\/twitter.com\/TimCattrall\/status\/929745534813958144?ref_src=twsrc%5Etfw\">November 12, 2017<\/a><\/p><\/blockquote>\n<p><script async src=\"https:\/\/platform.twitter.com\/widgets.js\" charset=\"utf-8\"><\/script><\/p>\n<p>&nbsp;<\/p>\n<h3><strong>2. Da muss man sich ganz stark zusammen rei\u00dfen. <\/strong><\/h3>\n<blockquote class=\"twitter-tweet\">\n<p dir=\"ltr\" lang=\"de\">Ein offenes Cabrio blockiert unsere Einfahrt und ich hab hier grad eine volle Hundekackt\u00fcte.<br \/>\nIch muss nachdenken.<\/p>\n<p>\u2014 7_gscheid (@7_gscheid) <a href=\"https:\/\/twitter.com\/7_gscheid\/status\/902417083551686656?ref_src=twsrc%5Etfw\">August 29, 2017<\/a><\/p><\/blockquote>\n<p><script async src=\"https:\/\/platform.twitter.com\/widgets.js\" charset=\"utf-8\"><\/script><\/p>\n<p>&nbsp;<\/p>\n<h3><strong>3. Ab einem gewissen Alter wird es einem einfach egal. <\/strong><\/h3>\n<blockquote class=\"twitter-tweet\">\n<p dir=\"ltr\" lang=\"de\">An der Kreuzung br\u00fcllt eine \u00e4ltere Dame im Cabrio:<\/p>\n<p>&#8218;Ich bin zu alt f\u00fcr diese beschissene Ampelschaltung! So lange lebe ich nicht mehr!&#8216;<\/p>\n<p>\u2014 \ud83e\udd0d\u2665\ufe0fMeg (@meg_gyver) <a href=\"https:\/\/twitter.com\/meg_gyver\/status\/603214458626904065?ref_src=twsrc%5Etfw\">May 26, 2015<\/a><\/p><\/blockquote>\n<p><script async src=\"https:\/\/platform.twitter.com\/widgets.js\" charset=\"utf-8\"><\/script><\/p>\n<p>&nbsp;<\/p>\n<h3><strong>4. Ein Auto ohne Dach kann aber auch f\u00fcr Verwirrung sorgen. <\/strong><\/h3>\n<blockquote class=\"twitter-tweet\">\n<p dir=\"ltr\" lang=\"de\">Das Kind zeigt auf ein Auto und ruft emp\u00f6rt:<br \/>\n&#8222;PUTT!&#8220; (kaputt)<\/p>\n<p>War ein Cabrio.<\/p>\n<p>\u2014 Schebacca\u00ae (@Schebacca) <a href=\"https:\/\/twitter.com\/Schebacca\/status\/1400030037244616706?ref_src=twsrc%5Etfw\">June 2, 2021<\/a><\/p><\/blockquote>\n<p><script async src=\"https:\/\/platform.twitter.com\/widgets.js\" charset=\"utf-8\"><\/script><\/p>\n<p>&nbsp;<\/p>\n<h3><strong>5. Auch in Videospielen ist gutes Wetter von Vorteil.<\/strong><\/h3>\n<blockquote class=\"twitter-tweet\">\n<p dir=\"ltr\" lang=\"de\">Das Wetter ist heute so sch\u00f6n, ich hab mir bei GTA direkt ein Cabrio geklaut.<\/p>\n<p>\u2014 Frank Opitz (@frank_opitz) <a href=\"https:\/\/twitter.com\/frank_opitz\/status\/716575046785957888?ref_src=twsrc%5Etfw\">April 3, 2016<\/a><\/p><\/blockquote>\n<p><script async src=\"https:\/\/platform.twitter.com\/widgets.js\" charset=\"utf-8\"><\/script><\/p>\n<p>&nbsp;<\/p>\n<h3><strong>6. Der Name w\u00e4re noch passender. <\/strong><\/h3>\n<blockquote class=\"twitter-tweet\">\n<p dir=\"ltr\" lang=\"de\">Warum nennt man das Dach vom Cabrio eigentlich &#8222;Verdeck&#8220; und nicht &#8222;Carpuze&#8220;?<\/p>\n<p>\u2014 Plautzi (@Der_Fumpinator) <a href=\"https:\/\/twitter.com\/Der_Fumpinator\/status\/1313944127529246720?ref_src=twsrc%5Etfw\">October 7, 2020<\/a><\/p><\/blockquote>\n<p><script async src=\"https:\/\/platform.twitter.com\/widgets.js\" charset=\"utf-8\"><\/script><\/p>\n<p>&nbsp;<\/p>\n<h3><strong>7. Es gibt wohl nur die drei M\u00f6glichkeiten. <\/strong><\/h3>\n<blockquote class=\"twitter-tweet\">\n<p dir=\"ltr\" lang=\"de\">&#8222;Hallo, dies ist die Midlife Crisis Hotline.<br \/>\nDr\u00fccken Sie #1 f\u00fcr Cabrio, #2 f\u00fcr Longboard und #3 f\u00fcr die 18j\u00e4hrige Tochter von Ihrem Kumpel.&#8220;<\/p>\n<p>\u2014 Cosmo \u00ae (@scottballz) <a href=\"https:\/\/twitter.com\/scottballz\/status\/1234177240151183361?ref_src=twsrc%5Etfw\">March 1, 2020<\/a><\/p><\/blockquote>\n<p><script async src=\"https:\/\/platform.twitter.com\/widgets.js\" charset=\"utf-8\"><\/script><\/p>\n<p>&nbsp;<\/p>\n<h3><strong>8. Auch im \u00f6ffentlichen Transport, kommt die Cabrio Funktion gelegen. <\/strong><\/h3>\n<blockquote class=\"twitter-tweet\">\n<p dir=\"ltr\" lang=\"de\">Bereit f\u00fcr den Sommer: Deutsche Bahn f\u00fchrt Cabrio-Z\u00fcge ein <a href=\"https:\/\/t.co\/0u3GmJXchG\">https:\/\/t.co\/0u3GmJXchG<\/a><\/p>\n<p>\u2014 Der Postillon (@Der_Postillon) <a href=\"https:\/\/twitter.com\/Der_Postillon\/status\/1271717695008931841?ref_src=twsrc%5Etfw\">June 13, 2020<\/a><\/p><\/blockquote>\n<p><script async src=\"https:\/\/platform.twitter.com\/widgets.js\" charset=\"utf-8\"><\/script><\/p>\n<p>&nbsp;<\/p>\n<h3><strong>9. Kein so guter Tipp. <\/strong><\/h3>\n<blockquote class=\"twitter-tweet\">\n<p dir=\"ltr\" lang=\"de\">&#8222;Folgen Sie den beiden blonden Frauen in dem Cabrio!&#8220;<\/p>\n<p>R\u00fcckblickend muss ich sagen, dass der Busfahrer leider ein schlechter Wingman war.<\/p>\n<p>\u2014 Nicht Chevy Chase (@DrWaumiau) <a href=\"https:\/\/twitter.com\/DrWaumiau\/status\/900978839345664000?ref_src=twsrc%5Etfw\">August 25, 2017<\/a><\/p><\/blockquote>\n<p><script async src=\"https:\/\/platform.twitter.com\/widgets.js\" charset=\"utf-8\"><\/script><\/p>\n<p>&nbsp;<\/p>\n<h3><strong>10. Deshalb sollte man nicht so schnell Ja sagen. <\/strong><\/h3>\n<blockquote class=\"twitter-tweet\">\n<p dir=\"ltr\" lang=\"de\">Mail von der s\u00fc\u00dfen Kollegin: &#8222;Will heute Mittag mal kurz schwimmen gehen&#8230; Hast du schon was vor?&#8220;<\/p>\n<p>Muss jetzt in sengender Hitze ihr Paket zur Post schleppen, w\u00e4hrend sie im Cabrio des Kollegen zum Baggersee f\u00e4hrt.<\/p>\n<p>\u2014 Ringo Trutschke (@Nacktmagazin) <a href=\"https:\/\/twitter.com\/Nacktmagazin\/status\/1024599626589110272?ref_src=twsrc%5Etfw\">August 1, 2018<\/a><\/p><\/blockquote>\n<p><script async src=\"https:\/\/platform.twitter.com\/widgets.js\" charset=\"utf-8\"><\/script><\/p>\n<p>Vielen Dank an alle f\u00fcr die Posts.<br \/>\n\u2014<br \/>\n<strong>Keine Influencer! Kein Foodporn! Nur ganz viel Spa\u00df \u2013 bei uns auf Instagram:<\/strong><\/p>\n<blockquote class=\"instagram-media\" style=\"background: #FFF; border: 0; border-radius: 3px; box-shadow: 0 0 1px 0 rgba(0,0,0,0.5),0 1px 10px 0 rgba(0,0,0,0.15); margin: 1px; max-width: 540px; min-width: 326px; padding: 0; width: calc(100% - 2px);\" data-instgrm-captioned=\"\" data-instgrm-permalink=\"https:\/\/www.instagram.com\/p\/Ca2RN9mgCXJ\/?utm_source=ig_embed&amp;utm_campaign=loading\" data-instgrm-version=\"14\">\n<div style=\"padding: 16px;\">\n<p>&nbsp;<\/p>\n<div style=\"display: flex; flex-direction: row; align-items: center;\">\n<div style=\"background-color: #f4f4f4; border-radius: 50%; flex-grow: 0; height: 40px; margin-right: 14px; width: 40px;\"><\/div>\n<div style=\"display: flex; flex-direction: column; flex-grow: 1; justify-content: center;\">\n<div style=\"background-color: #f4f4f4; border-radius: 4px; flex-grow: 0; height: 14px; margin-bottom: 6px; width: 100px;\"><\/div>\n<div style=\"background-color: #f4f4f4; border-radius: 4px; flex-grow: 0; height: 14px; width: 60px;\"><\/div>\n<\/div>\n<\/div>\n<div style=\"padding: 19% 0;\"><\/div>\n<div style=\"display: block; height: 50px; margin: 0 auto 12px; width: 50px;\"><\/div>\n<div style=\"padding-top: 8px;\">\n<div style=\"color: #3897f0; font-family: Arial,sans-serif; font-size: 14px; font-style: normal; font-weight: 550; line-height: 18px;\">Sieh dir diesen Beitrag auf Instagram an<\/div>\n<\/div>\n<div style=\"padding: 12.5% 0;\"><\/div>\n<div style=\"display: flex; flex-direction: row; margin-bottom: 14px; align-items: center;\">\n<div>\n<div style=\"background-color: #f4f4f4; border-radius: 50%; height: 12.5px; width: 12.5px; transform: translateX(0px) translateY(7px);\"><\/div>\n<div style=\"background-color: #f4f4f4; height: 12.5px; transform: rotate(-45deg) translateX(3px) translateY(1px); width: 12.5px; flex-grow: 0; margin-right: 14px; margin-left: 2px;\"><\/div>\n<div style=\"background-color: #f4f4f4; border-radius: 50%; height: 12.5px; width: 12.5px; transform: translateX(9px) translateY(-18px);\"><\/div>\n<\/div>\n<div style=\"margin-left: 8px;\">\n<div style=\"background-color: #f4f4f4; border-radius: 50%; flex-grow: 0; height: 20px; width: 20px;\"><\/div>\n<div style=\"width: 0; height: 0; border-top: 2px solid transparent; border-left: 6px solid #f4f4f4; border-bottom: 2px solid transparent; transform: translateX(16px) translateY(-4px) rotate(30deg);\"><\/div>\n<\/div>\n<div style=\"margin-left: auto;\">\n<div style=\"width: 0px; border-top: 8px solid #F4F4F4; border-right: 8px solid transparent; transform: translateY(16px);\"><\/div>\n<div style=\"background-color: #f4f4f4; flex-grow: 0; height: 12px; width: 16px; transform: translateY(-4px);\"><\/div>\n<div style=\"width: 0; height: 0; border-top: 8px solid #F4F4F4; border-left: 8px solid transparent; transform: translateY(-4px) translateX(8px);\"><\/div>\n<\/div>\n<\/div>\n<div style=\"display: flex; flex-direction: column; flex-grow: 1; justify-content: center; margin-bottom: 24px;\">\n<div style=\"background-color: #f4f4f4; border-radius: 4px; flex-grow: 0; height: 14px; margin-bottom: 6px; width: 224px;\"><\/div>\n<div style=\"background-color: #f4f4f4; border-radius: 4px; flex-grow: 0; height: 14px; width: 144px;\"><\/div>\n<\/div>\n<p>&nbsp;<\/p>\n<p style=\"color: #c9c8cd; font-family: Arial,sans-serif; font-size: 14px; line-height: 17px; margin-bottom: 0; margin-top: 8px; overflow: hidden; padding: 8px 0 7px; text-align: center; text-overflow: ellipsis; white-space: nowrap;\"><a style=\"color: #c9c8cd; font-family: Arial,sans-serif; font-size: 14px; font-style: normal; font-weight: normal; line-height: 17px; text-decoration: none;\" href=\"https:\/\/www.instagram.com\/p\/Ca2RN9mgCXJ\/?utm_source=ig_embed&amp;utm_campaign=loading\" target=\"_blank\" rel=\"noopener\">Ein Beitrag geteilt von The Best Social Media &#8211; DE (@thebestsocialmediade)<\/a><\/p>\n<\/div>\n<\/blockquote>\n\n<script async defer src=\"\/instagram-embed.js\"><\/script>","protected":false},"excerpt":{"rendered":"<p>Sobald die Sonne rauskommt und die Temperaturen steigen, werden die Auto-D\u00e4cher runtergelassen und sch\u00f6ne Strecken abgefahren. Die Cabrio-Saison ist wieder er\u00f6ffnet und man findet so&#8230;<\/p>\n","protected":false},"author":92,"featured_media":158799,"comment_status":"open","ping_status":"open","sticky":false,"template":"","format":"standard","meta":{"_acf_changed":false,"footnotes":""},"categories":[102,1116,35,1],"tags":[4950,58],"class_list":["post-158783","post","type-post","status-publish","format-standard","has-post-thumbnail","hentry","category-allgemein","category-the-best-social","category-twitter","category-uncategorized","tag-cabrio","tag-twitter"],"acf":[],"yoast_head":"<!-- This site is optimized with the Yoast SEO plugin v27.5 - https:\/\/yoast.com\/product\/yoast-seo-wordpress\/ -->\n<title>Optimales Oben-Ohne-Wetter: Die Cabrio-Saison ist wieder er\u00f6ffnet<\/title>\n<meta name=\"robots\" content=\"index, follow, max-snippet:-1, max-image-preview:large, max-video-preview:-1\" \/>\n<link rel=\"canonical\" href=\"https:\/\/www.thebestsocial.media\/de\/optimales-oben-ohne-wetter-die-cabrio-saison-ist-wieder-eroeffnet\/\" \/>\n<meta property=\"og:locale\" content=\"de_DE\" \/>\n<meta property=\"og:type\" content=\"article\" \/>\n<meta property=\"og:title\" content=\"Optimales Oben-Ohne-Wetter: Die Cabrio-Saison ist wieder er\u00f6ffnet\" \/>\n<meta property=\"og:description\" content=\"Sobald die Sonne rauskommt und die Temperaturen steigen, werden die Auto-D\u00e4cher runtergelassen und sch\u00f6ne Strecken abgefahren. Die Cabrio-Saison ist wieder er\u00f6ffnet und man findet so...\" \/>\n<meta property=\"og:url\" content=\"https:\/\/www.thebestsocial.media\/de\/optimales-oben-ohne-wetter-die-cabrio-saison-ist-wieder-eroeffnet\/\" \/>\n<meta property=\"og:site_name\" content=\"The Best Social Media DE\" \/>\n<meta property=\"article:author\" content=\"Anna Oeltges\" \/>\n<meta property=\"article:published_time\" content=\"2022-03-16T11:04:28+00:00\" \/>\n<meta property=\"og:image\" content=\"https:\/\/www.thebestsocial.media\/de\/wp-content\/uploads\/sites\/3\/2022\/03\/Header_Bild_Neu-13.png\" \/>\n\t<meta property=\"og:image:width\" content=\"1200\" \/>\n\t<meta property=\"og:image:height\" content=\"630\" \/>\n\t<meta property=\"og:image:type\" content=\"image\/png\" \/>\n<meta name=\"author\" content=\"Anna Oeltges\" \/>\n<meta name=\"twitter:card\" content=\"summary_large_image\" \/>\n<meta name=\"twitter:creator\" content=\"@oeltges\" \/>\n<meta name=\"twitter:label1\" content=\"Verfasst von\" \/>\n\t<meta name=\"twitter:data1\" content=\"Anna Oeltges\" \/>\n\t<meta name=\"twitter:label2\" content=\"Gesch\u00e4tzte Lesezeit\" \/>\n\t<meta name=\"twitter:data2\" content=\"3\u00a0Minuten\" \/>\n<script type=\"application\/ld+json\" class=\"yoast-schema-graph\">{\"@context\":\"https:\\\/\\\/schema.org\",\"@graph\":[{\"@type\":\"Article\",\"@id\":\"https:\\\/\\\/www.thebestsocial.media\\\/de\\\/optimales-oben-ohne-wetter-die-cabrio-saison-ist-wieder-eroeffnet\\\/#article\",\"isPartOf\":{\"@id\":\"https:\\\/\\\/www.thebestsocial.media\\\/de\\\/optimales-oben-ohne-wetter-die-cabrio-saison-ist-wieder-eroeffnet\\\/\"},\"author\":{\"name\":\"Anna Oeltges\",\"@id\":\"https:\\\/\\\/www.thebestsocial.media\\\/de\\\/#\\\/schema\\\/person\\\/73ef7d3bb298de832c8f1c79b4a41e81\"},\"headline\":\"Optimales Oben-Ohne-Wetter: Die Cabrio-Saison ist wieder er\u00f6ffnet\",\"datePublished\":\"2022-03-16T11:04:28+00:00\",\"mainEntityOfPage\":{\"@id\":\"https:\\\/\\\/www.thebestsocial.media\\\/de\\\/optimales-oben-ohne-wetter-die-cabrio-saison-ist-wieder-eroeffnet\\\/\"},\"wordCount\":431,\"commentCount\":0,\"image\":{\"@id\":\"https:\\\/\\\/www.thebestsocial.media\\\/de\\\/optimales-oben-ohne-wetter-die-cabrio-saison-ist-wieder-eroeffnet\\\/#primaryimage\"},\"thumbnailUrl\":\"https:\\\/\\\/www.thebestsocial.media\\\/de\\\/wp-content\\\/uploads\\\/sites\\\/3\\\/2022\\\/03\\\/pexels-frank-leuderalbert-9511691-scaled.jpg\",\"keywords\":[\"Cabrio\",\"twitter\"],\"articleSection\":{\"1\":\"The Best Social\",\"2\":\"Twitter\",\"3\":\"Uncategorized\"},\"inLanguage\":\"de\",\"potentialAction\":[{\"@type\":\"CommentAction\",\"name\":\"Comment\",\"target\":[\"https:\\\/\\\/www.thebestsocial.media\\\/de\\\/optimales-oben-ohne-wetter-die-cabrio-saison-ist-wieder-eroeffnet\\\/#respond\"]}]},{\"@type\":\"WebPage\",\"@id\":\"https:\\\/\\\/www.thebestsocial.media\\\/de\\\/optimales-oben-ohne-wetter-die-cabrio-saison-ist-wieder-eroeffnet\\\/\",\"url\":\"https:\\\/\\\/www.thebestsocial.media\\\/de\\\/optimales-oben-ohne-wetter-die-cabrio-saison-ist-wieder-eroeffnet\\\/\",\"name\":\"Optimales Oben-Ohne-Wetter: Die Cabrio-Saison ist wieder er\u00f6ffnet\",\"isPartOf\":{\"@id\":\"https:\\\/\\\/www.thebestsocial.media\\\/de\\\/#website\"},\"primaryImageOfPage\":{\"@id\":\"https:\\\/\\\/www.thebestsocial.media\\\/de\\\/optimales-oben-ohne-wetter-die-cabrio-saison-ist-wieder-eroeffnet\\\/#primaryimage\"},\"image\":{\"@id\":\"https:\\\/\\\/www.thebestsocial.media\\\/de\\\/optimales-oben-ohne-wetter-die-cabrio-saison-ist-wieder-eroeffnet\\\/#primaryimage\"},\"thumbnailUrl\":\"https:\\\/\\\/www.thebestsocial.media\\\/de\\\/wp-content\\\/uploads\\\/sites\\\/3\\\/2022\\\/03\\\/pexels-frank-leuderalbert-9511691-scaled.jpg\",\"datePublished\":\"2022-03-16T11:04:28+00:00\",\"author\":{\"@id\":\"https:\\\/\\\/www.thebestsocial.media\\\/de\\\/#\\\/schema\\\/person\\\/73ef7d3bb298de832c8f1c79b4a41e81\"},\"breadcrumb\":{\"@id\":\"https:\\\/\\\/www.thebestsocial.media\\\/de\\\/optimales-oben-ohne-wetter-die-cabrio-saison-ist-wieder-eroeffnet\\\/#breadcrumb\"},\"inLanguage\":\"de\",\"potentialAction\":[{\"@type\":\"ReadAction\",\"target\":[\"https:\\\/\\\/www.thebestsocial.media\\\/de\\\/optimales-oben-ohne-wetter-die-cabrio-saison-ist-wieder-eroeffnet\\\/\"]}]},{\"@type\":\"ImageObject\",\"inLanguage\":\"de\",\"@id\":\"https:\\\/\\\/www.thebestsocial.media\\\/de\\\/optimales-oben-ohne-wetter-die-cabrio-saison-ist-wieder-eroeffnet\\\/#primaryimage\",\"url\":\"https:\\\/\\\/www.thebestsocial.media\\\/de\\\/wp-content\\\/uploads\\\/sites\\\/3\\\/2022\\\/03\\\/pexels-frank-leuderalbert-9511691-scaled.jpg\",\"contentUrl\":\"https:\\\/\\\/www.thebestsocial.media\\\/de\\\/wp-content\\\/uploads\\\/sites\\\/3\\\/2022\\\/03\\\/pexels-frank-leuderalbert-9511691-scaled.jpg\",\"width\":2560,\"height\":1440},{\"@type\":\"BreadcrumbList\",\"@id\":\"https:\\\/\\\/www.thebestsocial.media\\\/de\\\/optimales-oben-ohne-wetter-die-cabrio-saison-ist-wieder-eroeffnet\\\/#breadcrumb\",\"itemListElement\":[{\"@type\":\"ListItem\",\"position\":1,\"name\":\"Home\",\"item\":\"https:\\\/\\\/www.thebestsocial.media\\\/de\\\/\"},{\"@type\":\"ListItem\",\"position\":2,\"name\":\"Optimales Oben-Ohne-Wetter: Die Cabrio-Saison ist wieder er\u00f6ffnet\"}]},{\"@type\":\"WebSite\",\"@id\":\"https:\\\/\\\/www.thebestsocial.media\\\/de\\\/#website\",\"url\":\"https:\\\/\\\/www.thebestsocial.media\\\/de\\\/\",\"name\":\"The Best Social Media DE\",\"description\":\"\",\"potentialAction\":[{\"@type\":\"SearchAction\",\"target\":{\"@type\":\"EntryPoint\",\"urlTemplate\":\"https:\\\/\\\/www.thebestsocial.media\\\/de\\\/?s={search_term_string}\"},\"query-input\":{\"@type\":\"PropertyValueSpecification\",\"valueRequired\":true,\"valueName\":\"search_term_string\"}}],\"inLanguage\":\"de\"},{\"@type\":\"Person\",\"@id\":\"https:\\\/\\\/www.thebestsocial.media\\\/de\\\/#\\\/schema\\\/person\\\/73ef7d3bb298de832c8f1c79b4a41e81\",\"name\":\"Anna Oeltges\",\"image\":{\"@type\":\"ImageObject\",\"inLanguage\":\"de\",\"@id\":\"https:\\\/\\\/secure.gravatar.com\\\/avatar\\\/5ce5a6c547e9e6c1f06970e7e00b7d65cb62536add335c1e887b5723d76d3fd6?s=96&d=mm&r=g\",\"url\":\"https:\\\/\\\/secure.gravatar.com\\\/avatar\\\/5ce5a6c547e9e6c1f06970e7e00b7d65cb62536add335c1e887b5723d76d3fd6?s=96&d=mm&r=g\",\"contentUrl\":\"https:\\\/\\\/secure.gravatar.com\\\/avatar\\\/5ce5a6c547e9e6c1f06970e7e00b7d65cb62536add335c1e887b5723d76d3fd6?s=96&d=mm&r=g\",\"caption\":\"Anna Oeltges\"},\"sameAs\":[\"Anna Oeltges\",\"annaoeltges\",\"https:\\\/\\\/x.com\\\/oeltges\"],\"url\":\"https:\\\/\\\/www.thebestsocial.media\\\/de\\\/author\\\/anna\\\/\"}]}<\/script>\n<!-- \/ Yoast SEO plugin. -->","yoast_head_json":{"title":"Optimales Oben-Ohne-Wetter: Die Cabrio-Saison ist wieder er\u00f6ffnet","robots":{"index":"index","follow":"follow","max-snippet":"max-snippet:-1","max-image-preview":"max-image-preview:large","max-video-preview":"max-video-preview:-1"},"canonical":"https:\/\/www.thebestsocial.media\/de\/optimales-oben-ohne-wetter-die-cabrio-saison-ist-wieder-eroeffnet\/","og_locale":"de_DE","og_type":"article","og_title":"Optimales Oben-Ohne-Wetter: Die Cabrio-Saison ist wieder er\u00f6ffnet","og_description":"Sobald die Sonne rauskommt und die Temperaturen steigen, werden die Auto-D\u00e4cher runtergelassen und sch\u00f6ne Strecken abgefahren. Die Cabrio-Saison ist wieder er\u00f6ffnet und man findet so...","og_url":"https:\/\/www.thebestsocial.media\/de\/optimales-oben-ohne-wetter-die-cabrio-saison-ist-wieder-eroeffnet\/","og_site_name":"The Best Social Media DE","article_author":"Anna Oeltges","article_published_time":"2022-03-16T11:04:28+00:00","og_image":[{"width":1200,"height":630,"url":"https:\/\/www.thebestsocial.media\/de\/wp-content\/uploads\/sites\/3\/2022\/03\/Header_Bild_Neu-13.png","type":"image\/png"}],"author":"Anna Oeltges","twitter_card":"summary_large_image","twitter_creator":"@oeltges","twitter_misc":{"Verfasst von":"Anna Oeltges","Gesch\u00e4tzte Lesezeit":"3\u00a0Minuten"},"schema":{"@context":"https:\/\/schema.org","@graph":[{"@type":"Article","@id":"https:\/\/www.thebestsocial.media\/de\/optimales-oben-ohne-wetter-die-cabrio-saison-ist-wieder-eroeffnet\/#article","isPartOf":{"@id":"https:\/\/www.thebestsocial.media\/de\/optimales-oben-ohne-wetter-die-cabrio-saison-ist-wieder-eroeffnet\/"},"author":{"name":"Anna Oeltges","@id":"https:\/\/www.thebestsocial.media\/de\/#\/schema\/person\/73ef7d3bb298de832c8f1c79b4a41e81"},"headline":"Optimales Oben-Ohne-Wetter: Die Cabrio-Saison ist wieder er\u00f6ffnet","datePublished":"2022-03-16T11:04:28+00:00","mainEntityOfPage":{"@id":"https:\/\/www.thebestsocial.media\/de\/optimales-oben-ohne-wetter-die-cabrio-saison-ist-wieder-eroeffnet\/"},"wordCount":431,"commentCount":0,"image":{"@id":"https:\/\/www.thebestsocial.media\/de\/optimales-oben-ohne-wetter-die-cabrio-saison-ist-wieder-eroeffnet\/#primaryimage"},"thumbnailUrl":"https:\/\/www.thebestsocial.media\/de\/wp-content\/uploads\/sites\/3\/2022\/03\/pexels-frank-leuderalbert-9511691-scaled.jpg","keywords":["Cabrio","twitter"],"articleSection":{"1":"The Best Social","2":"Twitter","3":"Uncategorized"},"inLanguage":"de","potentialAction":[{"@type":"CommentAction","name":"Comment","target":["https:\/\/www.thebestsocial.media\/de\/optimales-oben-ohne-wetter-die-cabrio-saison-ist-wieder-eroeffnet\/#respond"]}]},{"@type":"WebPage","@id":"https:\/\/www.thebestsocial.media\/de\/optimales-oben-ohne-wetter-die-cabrio-saison-ist-wieder-eroeffnet\/","url":"https:\/\/www.thebestsocial.media\/de\/optimales-oben-ohne-wetter-die-cabrio-saison-ist-wieder-eroeffnet\/","name":"Optimales Oben-Ohne-Wetter: Die Cabrio-Saison ist wieder er\u00f6ffnet","isPartOf":{"@id":"https:\/\/www.thebestsocial.media\/de\/#website"},"primaryImageOfPage":{"@id":"https:\/\/www.thebestsocial.media\/de\/optimales-oben-ohne-wetter-die-cabrio-saison-ist-wieder-eroeffnet\/#primaryimage"},"image":{"@id":"https:\/\/www.thebestsocial.media\/de\/optimales-oben-ohne-wetter-die-cabrio-saison-ist-wieder-eroeffnet\/#primaryimage"},"thumbnailUrl":"https:\/\/www.thebestsocial.media\/de\/wp-content\/uploads\/sites\/3\/2022\/03\/pexels-frank-leuderalbert-9511691-scaled.jpg","datePublished":"2022-03-16T11:04:28+00:00","author":{"@id":"https:\/\/www.thebestsocial.media\/de\/#\/schema\/person\/73ef7d3bb298de832c8f1c79b4a41e81"},"breadcrumb":{"@id":"https:\/\/www.thebestsocial.media\/de\/optimales-oben-ohne-wetter-die-cabrio-saison-ist-wieder-eroeffnet\/#breadcrumb"},"inLanguage":"de","potentialAction":[{"@type":"ReadAction","target":["https:\/\/www.thebestsocial.media\/de\/optimales-oben-ohne-wetter-die-cabrio-saison-ist-wieder-eroeffnet\/"]}]},{"@type":"ImageObject","inLanguage":"de","@id":"https:\/\/www.thebestsocial.media\/de\/optimales-oben-ohne-wetter-die-cabrio-saison-ist-wieder-eroeffnet\/#primaryimage","url":"https:\/\/www.thebestsocial.media\/de\/wp-content\/uploads\/sites\/3\/2022\/03\/pexels-frank-leuderalbert-9511691-scaled.jpg","contentUrl":"https:\/\/www.thebestsocial.media\/de\/wp-content\/uploads\/sites\/3\/2022\/03\/pexels-frank-leuderalbert-9511691-scaled.jpg","width":2560,"height":1440},{"@type":"BreadcrumbList","@id":"https:\/\/www.thebestsocial.media\/de\/optimales-oben-ohne-wetter-die-cabrio-saison-ist-wieder-eroeffnet\/#breadcrumb","itemListElement":[{"@type":"ListItem","position":1,"name":"Home","item":"https:\/\/www.thebestsocial.media\/de\/"},{"@type":"ListItem","position":2,"name":"Optimales Oben-Ohne-Wetter: Die Cabrio-Saison ist wieder er\u00f6ffnet"}]},{"@type":"WebSite","@id":"https:\/\/www.thebestsocial.media\/de\/#website","url":"https:\/\/www.thebestsocial.media\/de\/","name":"The Best Social Media DE","description":"","potentialAction":[{"@type":"SearchAction","target":{"@type":"EntryPoint","urlTemplate":"https:\/\/www.thebestsocial.media\/de\/?s={search_term_string}"},"query-input":{"@type":"PropertyValueSpecification","valueRequired":true,"valueName":"search_term_string"}}],"inLanguage":"de"},{"@type":"Person","@id":"https:\/\/www.thebestsocial.media\/de\/#\/schema\/person\/73ef7d3bb298de832c8f1c79b4a41e81","name":"Anna Oeltges","image":{"@type":"ImageObject","inLanguage":"de","@id":"https:\/\/secure.gravatar.com\/avatar\/5ce5a6c547e9e6c1f06970e7e00b7d65cb62536add335c1e887b5723d76d3fd6?s=96&d=mm&r=g","url":"https:\/\/secure.gravatar.com\/avatar\/5ce5a6c547e9e6c1f06970e7e00b7d65cb62536add335c1e887b5723d76d3fd6?s=96&d=mm&r=g","contentUrl":"https:\/\/secure.gravatar.com\/avatar\/5ce5a6c547e9e6c1f06970e7e00b7d65cb62536add335c1e887b5723d76d3fd6?s=96&d=mm&r=g","caption":"Anna Oeltges"},"sameAs":["Anna Oeltges","annaoeltges","https:\/\/x.com\/oeltges"],"url":"https:\/\/www.thebestsocial.media\/de\/author\/anna\/"}]}},"amp_enabled":true,"_links":{"self":[{"href":"https:\/\/www.thebestsocial.media\/de\/wp-json\/wp\/v2\/posts\/158783","targetHints":{"allow":["GET"]}}],"collection":[{"href":"https:\/\/www.thebestsocial.media\/de\/wp-json\/wp\/v2\/posts"}],"about":[{"href":"https:\/\/www.thebestsocial.media\/de\/wp-json\/wp\/v2\/types\/post"}],"author":[{"embeddable":true,"href":"https:\/\/www.thebestsocial.media\/de\/wp-json\/wp\/v2\/users\/92"}],"replies":[{"embeddable":true,"href":"https:\/\/www.thebestsocial.media\/de\/wp-json\/wp\/v2\/comments?post=158783"}],"version-history":[{"count":7,"href":"https:\/\/www.thebestsocial.media\/de\/wp-json\/wp\/v2\/posts\/158783\/revisions"}],"predecessor-version":[{"id":158801,"href":"https:\/\/www.thebestsocial.media\/de\/wp-json\/wp\/v2\/posts\/158783\/revisions\/158801"}],"wp:featuredmedia":[{"embeddable":true,"href":"https:\/\/www.thebestsocial.media\/de\/wp-json\/wp\/v2\/media\/158799"}],"wp:attachment":[{"href":"https:\/\/www.thebestsocial.media\/de\/wp-json\/wp\/v2\/media?parent=158783"}],"wp:term":[{"taxonomy":"category","embeddable":true,"href":"https:\/\/www.thebestsocial.media\/de\/wp-json\/wp\/v2\/categories?post=158783"},{"taxonomy":"post_tag","embeddable":true,"href":"https:\/\/www.thebestsocial.media\/de\/wp-json\/wp\/v2\/tags?post=158783"}],"curies":[{"name":"wp","href":"https:\/\/api.w.org\/{rel}","templated":true}]}}