{"id":158686,"date":"2022-03-14T14:27:41","date_gmt":"2022-03-14T14:27:41","guid":{"rendered":"https:\/\/www.thebestsocial.media\/de\/?p=158686"},"modified":"2022-03-15T11:44:32","modified_gmt":"2022-03-15T11:44:32","slug":"airgods-oder-airflops-10-tweets-ueber-apples-kabellose-kopfhoerer","status":"publish","type":"post","link":"https:\/\/www.thebestsocial.media\/de\/airgods-oder-airflops-10-tweets-ueber-apples-kabellose-kopfhoerer\/","title":{"rendered":"AirGods oder AirFlops? 10 Tweets \u00fcber Apples kabellose Kopfh\u00f6rer"},"content":{"rendered":"<p>Apples kabellose Bluetooth Kopfh\u00f6rer sind in den letzten Jahren zu einem festen Bestandteil der \u00d6ffentlichkeit geworden. F\u00fcr viele Prestige, f\u00fcr andere einfach nur praktisch, kommt man einfach nicht mehr um sie herum. Die Netzgemeinde jedenfalls schwankt in ihrer Meinung zu den wei\u00dfen Ohrst\u00f6pseln.<\/p>\n<p>&nbsp;<\/p>\n<h3><strong>1. Solange Ice Watches kein Comeback haben. <\/strong><\/h3>\n<blockquote class=\"twitter-tweet\">\n<p dir=\"ltr\" lang=\"de\">Ice Watch waren die AirPods von fr\u00fcher <a href=\"https:\/\/t.co\/HDNJGcmI9k\">pic.twitter.com\/HDNJGcmI9k<\/a><\/p>\n<p>\u2014 mok (@mokoffiziell) <a href=\"https:\/\/twitter.com\/mokoffiziell\/status\/1331668373139316737?ref_src=twsrc%5Etfw\">November 25, 2020<\/a><\/p><\/blockquote>\n<p><script async src=\"https:\/\/platform.twitter.com\/widgets.js\" charset=\"utf-8\"><\/script><\/p>\n<p>&nbsp;<\/p>\n<h3><strong>2. Viele halten AirPods nicht f\u00fcr ein besonders\u00a0\u00e4sthetisches\u00a0Accessoire. <\/strong><\/h3>\n<blockquote class=\"twitter-tweet\">\n<p dir=\"ltr\" lang=\"de\">Mal im Ernst:<\/p>\n<p>Diese Airpods sehen einfach ultra kacke aus.<\/p>\n<p>\u2014 \u0166\u042f\u039bUV\u039b\u041bS\u039bSS (@FrauVanSass) <a href=\"https:\/\/twitter.com\/FrauVanSass\/status\/1127195582634835974?ref_src=twsrc%5Etfw\">May 11, 2019<\/a><\/p><\/blockquote>\n<p><script async src=\"https:\/\/platform.twitter.com\/widgets.js\" charset=\"utf-8\"><\/script><\/p>\n<p>&nbsp;<\/p>\n<h3><strong>3. Sie k\u00f6nnen alternativ auch als Wecker genutzt werden. <\/strong><\/h3>\n<blockquote class=\"twitter-tweet\">\n<p dir=\"ltr\" lang=\"de\">Meine Frau ist mit den AirPods eingeschlafen. Ich glaub, ich streame ihr einen Rammstein-Song ins Ohr.<\/p>\n<p>\u2014 gallenbitter (@gallenbitter) <a href=\"https:\/\/twitter.com\/gallenbitter\/status\/1373391205875191808?ref_src=twsrc%5Etfw\">March 20, 2021<\/a><\/p><\/blockquote>\n<p><script async src=\"https:\/\/platform.twitter.com\/widgets.js\" charset=\"utf-8\"><\/script><\/p>\n<p>&nbsp;<\/p>\n<h3><strong>4. Au\u00dfer Kopfh\u00f6rern braucht man eigentlich auch nichts. <\/strong><\/h3>\n<blockquote class=\"twitter-tweet\">\n<p dir=\"ltr\" lang=\"de\">So! Airpods Max sind bestellt. Hoffentlich vertr\u00e4gt der Kleine zwei Jahre ohne Nahrungsmittel.<\/p>\n<p>\u2014 Peter Wittkamp \ud83c\uddfa\ud83c\udde6 (@diktator) <a href=\"https:\/\/twitter.com\/diktator\/status\/1336366928189853697?ref_src=twsrc%5Etfw\">December 8, 2020<\/a><\/p><\/blockquote>\n<p><script async src=\"https:\/\/platform.twitter.com\/widgets.js\" charset=\"utf-8\"><\/script><\/p>\n<p>&nbsp;<\/p>\n<h3><strong>5. Die AirPods zu Hause sehen anders aus, als geplant. <\/strong><\/h3>\n<blockquote class=\"twitter-tweet\">\n<p dir=\"ltr\" lang=\"de\">\u201eMama, k\u00f6nnen wir auch AirPods haben?\u201c &#8211; \u201eWir haben AirPods Zuhause.\u201c<\/p>\n<p>Die AirPods Zuhause: <a href=\"https:\/\/t.co\/TTMyKVRsYD\">pic.twitter.com\/TTMyKVRsYD<\/a><\/p>\n<p>\u2014 Vulpers (@vulpinator) <a href=\"https:\/\/twitter.com\/vulpinator\/status\/1409838802475094016?ref_src=twsrc%5Etfw\">June 29, 2021<\/a><\/p><\/blockquote>\n<p><script async src=\"https:\/\/platform.twitter.com\/widgets.js\" charset=\"utf-8\"><\/script><\/p>\n<p>&nbsp;<\/p>\n<h3><strong>6. Die wichtigen Dinge vergisst man gerne mal. <\/strong><\/h3>\n<blockquote class=\"twitter-tweet\">\n<p dir=\"ltr\" lang=\"de\">Wei\u00df nicht mehr wo ich vor zwei Minuten meine Airpods hingelegt hab, aber Zott Sahnejoghurt sahnig fruchtig frisch und dann hinein ins weekend feeling vergess ich nie. Schei\u00df Gehirn!<\/p>\n<p>\u2014 Ananastisch (@popupanna) <a href=\"https:\/\/twitter.com\/popupanna\/status\/1175686866592550914?ref_src=twsrc%5Etfw\">September 22, 2019<\/a><\/p><\/blockquote>\n<p><script async src=\"https:\/\/platform.twitter.com\/widgets.js\" charset=\"utf-8\"><\/script><\/p>\n<p>&nbsp;<\/p>\n<h3><strong>7. Man will ja nicht einen falschen Eindruck hinterlassen&#8230;<\/strong><\/h3>\n<blockquote class=\"twitter-tweet\">\n<p dir=\"ltr\" lang=\"de\">Ist ja ok, alle haben verstanden, dass du keinen Sex willst und jetzt h\u00f6r bitte auf AirPods in der \u00d6ffentlichkeit zu tragen!<\/p>\n<p>\u2014 Kraftbiber (@Akira_86) <a href=\"https:\/\/twitter.com\/Akira_86\/status\/1116607702896009218?ref_src=twsrc%5Etfw\">April 12, 2019<\/a><\/p><\/blockquote>\n<p><script async src=\"https:\/\/platform.twitter.com\/widgets.js\" charset=\"utf-8\"><\/script><\/p>\n<p>&nbsp;<\/p>\n<h3><strong>8. Nicht jeder kann so viel wie ein Parkplatz verdienen. <\/strong><\/h3>\n<blockquote class=\"twitter-tweet\">\n<p dir=\"ltr\" lang=\"de\">user flexxen mit airpods aber verdienen weniger pro stunde als ein parkplatz in m\u00fcnchen<\/p>\n<p>\u2014 mok (@mokoffiziell) <a href=\"https:\/\/twitter.com\/mokoffiziell\/status\/1140334548921868288?ref_src=twsrc%5Etfw\">June 16, 2019<\/a><\/p><\/blockquote>\n<p><script async src=\"https:\/\/platform.twitter.com\/widgets.js\" charset=\"utf-8\"><\/script><\/p>\n<p>&nbsp;<\/p>\n<h3><strong>9. Wenn man selbst im Glashaus sitzt&#8230;<\/strong><\/h3>\n<blockquote class=\"twitter-tweet\">\n<p dir=\"ltr\" lang=\"de\">Niemand:<\/p>\n<p>Ich in Charlottenburg mit Airpods und Haferkaffee nachdem ich \u201eKapitalismus verblendet\u201c getwittert habe <a href=\"https:\/\/t.co\/O2XYe1VDgV\">pic.twitter.com\/O2XYe1VDgV<\/a><\/p>\n<p>\u2014 Yasmine C. M&#8217;Barek (@yasminecmbarek) <a href=\"https:\/\/twitter.com\/yasminecmbarek\/status\/1271046231393996801?ref_src=twsrc%5Etfw\">June 11, 2020<\/a><\/p><\/blockquote>\n<p><script async src=\"https:\/\/platform.twitter.com\/widgets.js\" charset=\"utf-8\"><\/script><\/p>\n<p>&nbsp;<\/p>\n<h3><strong>10. So schnell kann man seine AirPods wiederbekommen. <\/strong><\/h3>\n<blockquote class=\"twitter-tweet\">\n<p dir=\"ltr\" lang=\"de\">tipp falls ihr eure airpods verliert <a href=\"https:\/\/t.co\/vQfLp72TFj\">pic.twitter.com\/vQfLp72TFj<\/a><\/p>\n<p>\u2014 binybaby (@binybabyy) <a href=\"https:\/\/twitter.com\/binybabyy\/status\/1475815034953605125?ref_src=twsrc%5Etfw\">December 28, 2021<\/a><\/p><\/blockquote>\n<p><script async src=\"https:\/\/platform.twitter.com\/widgets.js\" charset=\"utf-8\"><\/script><\/p>\n<p>Vielen Dank an alle f\u00fcr die Posts.<br \/>\n\u2014<br \/>\n<strong>Keine Influencer! Kein Foodporn! Nur ganz viel Spa\u00df \u2013 bei uns auf Instagram:<\/strong><\/p>\n<blockquote class=\"instagram-media\" style=\"background: #FFF; border: 0; border-radius: 3px; box-shadow: 0 0 1px 0 rgba(0,0,0,0.5),0 1px 10px 0 rgba(0,0,0,0.15); margin: 1px; max-width: 540px; min-width: 326px; padding: 0; width: calc(100% - 2px);\" data-instgrm-captioned=\"\" data-instgrm-permalink=\"https:\/\/www.instagram.com\/p\/Ca2RN9mgCXJ\/?utm_source=ig_embed&amp;utm_campaign=loading\" data-instgrm-version=\"14\">\n<div style=\"padding: 16px;\">\n<p>&nbsp;<\/p>\n<div style=\"display: flex; flex-direction: row; align-items: center;\">\n<div style=\"background-color: #f4f4f4; border-radius: 50%; flex-grow: 0; height: 40px; margin-right: 14px; width: 40px;\"><\/div>\n<div style=\"display: flex; flex-direction: column; flex-grow: 1; justify-content: center;\">\n<div style=\"background-color: #f4f4f4; border-radius: 4px; flex-grow: 0; height: 14px; margin-bottom: 6px; width: 100px;\"><\/div>\n<div style=\"background-color: #f4f4f4; border-radius: 4px; flex-grow: 0; height: 14px; width: 60px;\"><\/div>\n<\/div>\n<\/div>\n<div style=\"padding: 19% 0;\"><\/div>\n<div style=\"display: block; height: 50px; margin: 0 auto 12px; width: 50px;\"><\/div>\n<div style=\"padding-top: 8px;\">\n<div style=\"color: #3897f0; font-family: Arial,sans-serif; font-size: 14px; font-style: normal; font-weight: 550; line-height: 18px;\">Sieh dir diesen Beitrag auf Instagram an<\/div>\n<\/div>\n<div style=\"padding: 12.5% 0;\"><\/div>\n<div style=\"display: flex; flex-direction: row; margin-bottom: 14px; align-items: center;\">\n<div>\n<div style=\"background-color: #f4f4f4; border-radius: 50%; height: 12.5px; width: 12.5px; transform: translateX(0px) translateY(7px);\"><\/div>\n<div style=\"background-color: #f4f4f4; height: 12.5px; transform: rotate(-45deg) translateX(3px) translateY(1px); width: 12.5px; flex-grow: 0; margin-right: 14px; margin-left: 2px;\"><\/div>\n<div style=\"background-color: #f4f4f4; border-radius: 50%; height: 12.5px; width: 12.5px; transform: translateX(9px) translateY(-18px);\"><\/div>\n<\/div>\n<div style=\"margin-left: 8px;\">\n<div style=\"background-color: #f4f4f4; border-radius: 50%; flex-grow: 0; height: 20px; width: 20px;\"><\/div>\n<div style=\"width: 0; height: 0; border-top: 2px solid transparent; border-left: 6px solid #f4f4f4; border-bottom: 2px solid transparent; transform: translateX(16px) translateY(-4px) rotate(30deg);\"><\/div>\n<\/div>\n<div style=\"margin-left: auto;\">\n<div style=\"width: 0px; border-top: 8px solid #F4F4F4; border-right: 8px solid transparent; transform: translateY(16px);\"><\/div>\n<div style=\"background-color: #f4f4f4; flex-grow: 0; height: 12px; width: 16px; transform: translateY(-4px);\"><\/div>\n<div style=\"width: 0; height: 0; border-top: 8px solid #F4F4F4; border-left: 8px solid transparent; transform: translateY(-4px) translateX(8px);\"><\/div>\n<\/div>\n<\/div>\n<div style=\"display: flex; flex-direction: column; flex-grow: 1; justify-content: center; margin-bottom: 24px;\">\n<div style=\"background-color: #f4f4f4; border-radius: 4px; flex-grow: 0; height: 14px; margin-bottom: 6px; width: 224px;\"><\/div>\n<div style=\"background-color: #f4f4f4; border-radius: 4px; flex-grow: 0; height: 14px; width: 144px;\"><\/div>\n<\/div>\n<p>&nbsp;<\/p>\n<p style=\"color: #c9c8cd; font-family: Arial,sans-serif; font-size: 14px; line-height: 17px; margin-bottom: 0; margin-top: 8px; overflow: hidden; padding: 8px 0 7px; text-align: center; text-overflow: ellipsis; white-space: nowrap;\"><a style=\"color: #c9c8cd; font-family: Arial,sans-serif; font-size: 14px; font-style: normal; font-weight: normal; line-height: 17px; text-decoration: none;\" href=\"https:\/\/www.instagram.com\/p\/Ca2RN9mgCXJ\/?utm_source=ig_embed&amp;utm_campaign=loading\" target=\"_blank\" rel=\"noopener\">Ein Beitrag geteilt von The Best Social Media &#8211; DE (@thebestsocialmediade)<\/a><\/p>\n<\/div>\n<\/blockquote>\n\n<script async defer src=\"\/instagram-embed.js\"><\/script>","protected":false},"excerpt":{"rendered":"<p>Apples kabellose Bluetooth Kopfh\u00f6rer sind in den letzten Jahren zu einem festen Bestandteil der \u00d6ffentlichkeit geworden. F\u00fcr viele Prestige, f\u00fcr andere einfach nur praktisch, kommt&#8230;<\/p>\n","protected":false},"author":92,"featured_media":158703,"comment_status":"open","ping_status":"open","sticky":false,"template":"","format":"standard","meta":{"_acf_changed":false,"footnotes":""},"categories":[102,1116,35,1],"tags":[3321,201,58],"class_list":["post-158686","post","type-post","status-publish","format-standard","has-post-thumbnail","hentry","category-allgemein","category-the-best-social","category-twitter","category-uncategorized","tag-airpods","tag-apple","tag-twitter"],"acf":[],"yoast_head":"<!-- This site is optimized with the Yoast SEO plugin v27.5 - https:\/\/yoast.com\/product\/yoast-seo-wordpress\/ -->\n<title>AirGods oder AirFlops? 10 Tweets \u00fcber Apples kabellose Kopfh\u00f6rer<\/title>\n<meta name=\"robots\" content=\"index, follow, max-snippet:-1, max-image-preview:large, max-video-preview:-1\" \/>\n<link rel=\"canonical\" href=\"https:\/\/www.thebestsocial.media\/de\/airgods-oder-airflops-10-tweets-ueber-apples-kabellose-kopfhoerer\/\" \/>\n<meta property=\"og:locale\" content=\"de_DE\" \/>\n<meta property=\"og:type\" content=\"article\" \/>\n<meta property=\"og:title\" content=\"AirGods oder AirFlops? 10 Tweets \u00fcber Apples kabellose Kopfh\u00f6rer\" \/>\n<meta property=\"og:description\" content=\"Apples kabellose Bluetooth Kopfh\u00f6rer sind in den letzten Jahren zu einem festen Bestandteil der \u00d6ffentlichkeit geworden. F\u00fcr viele Prestige, f\u00fcr andere einfach nur praktisch, kommt...\" \/>\n<meta property=\"og:url\" content=\"https:\/\/www.thebestsocial.media\/de\/airgods-oder-airflops-10-tweets-ueber-apples-kabellose-kopfhoerer\/\" \/>\n<meta property=\"og:site_name\" content=\"The Best Social Media DE\" \/>\n<meta property=\"article:author\" content=\"Anna Oeltges\" \/>\n<meta property=\"article:published_time\" content=\"2022-03-14T14:27:41+00:00\" \/>\n<meta property=\"article:modified_time\" content=\"2022-03-15T11:44:32+00:00\" \/>\n<meta property=\"og:image\" content=\"https:\/\/www.thebestsocial.media\/de\/wp-content\/uploads\/sites\/3\/2022\/03\/Header_Bild_Neu-11.png\" \/>\n\t<meta property=\"og:image:width\" content=\"1200\" \/>\n\t<meta property=\"og:image:height\" content=\"630\" \/>\n\t<meta property=\"og:image:type\" content=\"image\/png\" \/>\n<meta name=\"author\" content=\"Anna Oeltges\" \/>\n<meta name=\"twitter:card\" content=\"summary_large_image\" \/>\n<meta name=\"twitter:creator\" content=\"@oeltges\" \/>\n<meta name=\"twitter:label1\" content=\"Verfasst von\" \/>\n\t<meta name=\"twitter:data1\" content=\"Anna Oeltges\" \/>\n\t<meta name=\"twitter:label2\" content=\"Gesch\u00e4tzte Lesezeit\" \/>\n\t<meta name=\"twitter:data2\" content=\"3\u00a0Minuten\" \/>\n<script type=\"application\/ld+json\" class=\"yoast-schema-graph\">{\"@context\":\"https:\\\/\\\/schema.org\",\"@graph\":[{\"@type\":\"Article\",\"@id\":\"https:\\\/\\\/www.thebestsocial.media\\\/de\\\/airgods-oder-airflops-10-tweets-ueber-apples-kabellose-kopfhoerer\\\/#article\",\"isPartOf\":{\"@id\":\"https:\\\/\\\/www.thebestsocial.media\\\/de\\\/airgods-oder-airflops-10-tweets-ueber-apples-kabellose-kopfhoerer\\\/\"},\"author\":{\"name\":\"Anna Oeltges\",\"@id\":\"https:\\\/\\\/www.thebestsocial.media\\\/de\\\/#\\\/schema\\\/person\\\/73ef7d3bb298de832c8f1c79b4a41e81\"},\"headline\":\"AirGods oder AirFlops? 10 Tweets \u00fcber Apples kabellose Kopfh\u00f6rer\",\"datePublished\":\"2022-03-14T14:27:41+00:00\",\"dateModified\":\"2022-03-15T11:44:32+00:00\",\"mainEntityOfPage\":{\"@id\":\"https:\\\/\\\/www.thebestsocial.media\\\/de\\\/airgods-oder-airflops-10-tweets-ueber-apples-kabellose-kopfhoerer\\\/\"},\"wordCount\":395,\"commentCount\":0,\"image\":{\"@id\":\"https:\\\/\\\/www.thebestsocial.media\\\/de\\\/airgods-oder-airflops-10-tweets-ueber-apples-kabellose-kopfhoerer\\\/#primaryimage\"},\"thumbnailUrl\":\"https:\\\/\\\/www.thebestsocial.media\\\/de\\\/wp-content\\\/uploads\\\/sites\\\/3\\\/2022\\\/03\\\/earphone-g7aa88cce8_1920.jpg\",\"keywords\":[\"AirPods\",\"apple\",\"twitter\"],\"articleSection\":{\"1\":\"The Best Social\",\"2\":\"Twitter\",\"3\":\"Uncategorized\"},\"inLanguage\":\"de\",\"potentialAction\":[{\"@type\":\"CommentAction\",\"name\":\"Comment\",\"target\":[\"https:\\\/\\\/www.thebestsocial.media\\\/de\\\/airgods-oder-airflops-10-tweets-ueber-apples-kabellose-kopfhoerer\\\/#respond\"]}]},{\"@type\":\"WebPage\",\"@id\":\"https:\\\/\\\/www.thebestsocial.media\\\/de\\\/airgods-oder-airflops-10-tweets-ueber-apples-kabellose-kopfhoerer\\\/\",\"url\":\"https:\\\/\\\/www.thebestsocial.media\\\/de\\\/airgods-oder-airflops-10-tweets-ueber-apples-kabellose-kopfhoerer\\\/\",\"name\":\"AirGods oder AirFlops? 10 Tweets \u00fcber Apples kabellose Kopfh\u00f6rer\",\"isPartOf\":{\"@id\":\"https:\\\/\\\/www.thebestsocial.media\\\/de\\\/#website\"},\"primaryImageOfPage\":{\"@id\":\"https:\\\/\\\/www.thebestsocial.media\\\/de\\\/airgods-oder-airflops-10-tweets-ueber-apples-kabellose-kopfhoerer\\\/#primaryimage\"},\"image\":{\"@id\":\"https:\\\/\\\/www.thebestsocial.media\\\/de\\\/airgods-oder-airflops-10-tweets-ueber-apples-kabellose-kopfhoerer\\\/#primaryimage\"},\"thumbnailUrl\":\"https:\\\/\\\/www.thebestsocial.media\\\/de\\\/wp-content\\\/uploads\\\/sites\\\/3\\\/2022\\\/03\\\/earphone-g7aa88cce8_1920.jpg\",\"datePublished\":\"2022-03-14T14:27:41+00:00\",\"dateModified\":\"2022-03-15T11:44:32+00:00\",\"author\":{\"@id\":\"https:\\\/\\\/www.thebestsocial.media\\\/de\\\/#\\\/schema\\\/person\\\/73ef7d3bb298de832c8f1c79b4a41e81\"},\"breadcrumb\":{\"@id\":\"https:\\\/\\\/www.thebestsocial.media\\\/de\\\/airgods-oder-airflops-10-tweets-ueber-apples-kabellose-kopfhoerer\\\/#breadcrumb\"},\"inLanguage\":\"de\",\"potentialAction\":[{\"@type\":\"ReadAction\",\"target\":[\"https:\\\/\\\/www.thebestsocial.media\\\/de\\\/airgods-oder-airflops-10-tweets-ueber-apples-kabellose-kopfhoerer\\\/\"]}]},{\"@type\":\"ImageObject\",\"inLanguage\":\"de\",\"@id\":\"https:\\\/\\\/www.thebestsocial.media\\\/de\\\/airgods-oder-airflops-10-tweets-ueber-apples-kabellose-kopfhoerer\\\/#primaryimage\",\"url\":\"https:\\\/\\\/www.thebestsocial.media\\\/de\\\/wp-content\\\/uploads\\\/sites\\\/3\\\/2022\\\/03\\\/earphone-g7aa88cce8_1920.jpg\",\"contentUrl\":\"https:\\\/\\\/www.thebestsocial.media\\\/de\\\/wp-content\\\/uploads\\\/sites\\\/3\\\/2022\\\/03\\\/earphone-g7aa88cce8_1920.jpg\",\"width\":1920,\"height\":1282},{\"@type\":\"BreadcrumbList\",\"@id\":\"https:\\\/\\\/www.thebestsocial.media\\\/de\\\/airgods-oder-airflops-10-tweets-ueber-apples-kabellose-kopfhoerer\\\/#breadcrumb\",\"itemListElement\":[{\"@type\":\"ListItem\",\"position\":1,\"name\":\"Home\",\"item\":\"https:\\\/\\\/www.thebestsocial.media\\\/de\\\/\"},{\"@type\":\"ListItem\",\"position\":2,\"name\":\"AirGods oder AirFlops? 10 Tweets \u00fcber Apples kabellose Kopfh\u00f6rer\"}]},{\"@type\":\"WebSite\",\"@id\":\"https:\\\/\\\/www.thebestsocial.media\\\/de\\\/#website\",\"url\":\"https:\\\/\\\/www.thebestsocial.media\\\/de\\\/\",\"name\":\"The Best Social Media DE\",\"description\":\"\",\"potentialAction\":[{\"@type\":\"SearchAction\",\"target\":{\"@type\":\"EntryPoint\",\"urlTemplate\":\"https:\\\/\\\/www.thebestsocial.media\\\/de\\\/?s={search_term_string}\"},\"query-input\":{\"@type\":\"PropertyValueSpecification\",\"valueRequired\":true,\"valueName\":\"search_term_string\"}}],\"inLanguage\":\"de\"},{\"@type\":\"Person\",\"@id\":\"https:\\\/\\\/www.thebestsocial.media\\\/de\\\/#\\\/schema\\\/person\\\/73ef7d3bb298de832c8f1c79b4a41e81\",\"name\":\"Anna Oeltges\",\"image\":{\"@type\":\"ImageObject\",\"inLanguage\":\"de\",\"@id\":\"https:\\\/\\\/secure.gravatar.com\\\/avatar\\\/5ce5a6c547e9e6c1f06970e7e00b7d65cb62536add335c1e887b5723d76d3fd6?s=96&d=mm&r=g\",\"url\":\"https:\\\/\\\/secure.gravatar.com\\\/avatar\\\/5ce5a6c547e9e6c1f06970e7e00b7d65cb62536add335c1e887b5723d76d3fd6?s=96&d=mm&r=g\",\"contentUrl\":\"https:\\\/\\\/secure.gravatar.com\\\/avatar\\\/5ce5a6c547e9e6c1f06970e7e00b7d65cb62536add335c1e887b5723d76d3fd6?s=96&d=mm&r=g\",\"caption\":\"Anna Oeltges\"},\"sameAs\":[\"Anna Oeltges\",\"annaoeltges\",\"https:\\\/\\\/x.com\\\/oeltges\"],\"url\":\"https:\\\/\\\/www.thebestsocial.media\\\/de\\\/author\\\/anna\\\/\"}]}<\/script>\n<!-- \/ Yoast SEO plugin. -->","yoast_head_json":{"title":"AirGods oder AirFlops? 10 Tweets \u00fcber Apples kabellose Kopfh\u00f6rer","robots":{"index":"index","follow":"follow","max-snippet":"max-snippet:-1","max-image-preview":"max-image-preview:large","max-video-preview":"max-video-preview:-1"},"canonical":"https:\/\/www.thebestsocial.media\/de\/airgods-oder-airflops-10-tweets-ueber-apples-kabellose-kopfhoerer\/","og_locale":"de_DE","og_type":"article","og_title":"AirGods oder AirFlops? 10 Tweets \u00fcber Apples kabellose Kopfh\u00f6rer","og_description":"Apples kabellose Bluetooth Kopfh\u00f6rer sind in den letzten Jahren zu einem festen Bestandteil der \u00d6ffentlichkeit geworden. F\u00fcr viele Prestige, f\u00fcr andere einfach nur praktisch, kommt...","og_url":"https:\/\/www.thebestsocial.media\/de\/airgods-oder-airflops-10-tweets-ueber-apples-kabellose-kopfhoerer\/","og_site_name":"The Best Social Media DE","article_author":"Anna Oeltges","article_published_time":"2022-03-14T14:27:41+00:00","article_modified_time":"2022-03-15T11:44:32+00:00","og_image":[{"width":1200,"height":630,"url":"https:\/\/www.thebestsocial.media\/de\/wp-content\/uploads\/sites\/3\/2022\/03\/Header_Bild_Neu-11.png","type":"image\/png"}],"author":"Anna Oeltges","twitter_card":"summary_large_image","twitter_creator":"@oeltges","twitter_misc":{"Verfasst von":"Anna Oeltges","Gesch\u00e4tzte Lesezeit":"3\u00a0Minuten"},"schema":{"@context":"https:\/\/schema.org","@graph":[{"@type":"Article","@id":"https:\/\/www.thebestsocial.media\/de\/airgods-oder-airflops-10-tweets-ueber-apples-kabellose-kopfhoerer\/#article","isPartOf":{"@id":"https:\/\/www.thebestsocial.media\/de\/airgods-oder-airflops-10-tweets-ueber-apples-kabellose-kopfhoerer\/"},"author":{"name":"Anna Oeltges","@id":"https:\/\/www.thebestsocial.media\/de\/#\/schema\/person\/73ef7d3bb298de832c8f1c79b4a41e81"},"headline":"AirGods oder AirFlops? 10 Tweets \u00fcber Apples kabellose Kopfh\u00f6rer","datePublished":"2022-03-14T14:27:41+00:00","dateModified":"2022-03-15T11:44:32+00:00","mainEntityOfPage":{"@id":"https:\/\/www.thebestsocial.media\/de\/airgods-oder-airflops-10-tweets-ueber-apples-kabellose-kopfhoerer\/"},"wordCount":395,"commentCount":0,"image":{"@id":"https:\/\/www.thebestsocial.media\/de\/airgods-oder-airflops-10-tweets-ueber-apples-kabellose-kopfhoerer\/#primaryimage"},"thumbnailUrl":"https:\/\/www.thebestsocial.media\/de\/wp-content\/uploads\/sites\/3\/2022\/03\/earphone-g7aa88cce8_1920.jpg","keywords":["AirPods","apple","twitter"],"articleSection":{"1":"The Best Social","2":"Twitter","3":"Uncategorized"},"inLanguage":"de","potentialAction":[{"@type":"CommentAction","name":"Comment","target":["https:\/\/www.thebestsocial.media\/de\/airgods-oder-airflops-10-tweets-ueber-apples-kabellose-kopfhoerer\/#respond"]}]},{"@type":"WebPage","@id":"https:\/\/www.thebestsocial.media\/de\/airgods-oder-airflops-10-tweets-ueber-apples-kabellose-kopfhoerer\/","url":"https:\/\/www.thebestsocial.media\/de\/airgods-oder-airflops-10-tweets-ueber-apples-kabellose-kopfhoerer\/","name":"AirGods oder AirFlops? 10 Tweets \u00fcber Apples kabellose Kopfh\u00f6rer","isPartOf":{"@id":"https:\/\/www.thebestsocial.media\/de\/#website"},"primaryImageOfPage":{"@id":"https:\/\/www.thebestsocial.media\/de\/airgods-oder-airflops-10-tweets-ueber-apples-kabellose-kopfhoerer\/#primaryimage"},"image":{"@id":"https:\/\/www.thebestsocial.media\/de\/airgods-oder-airflops-10-tweets-ueber-apples-kabellose-kopfhoerer\/#primaryimage"},"thumbnailUrl":"https:\/\/www.thebestsocial.media\/de\/wp-content\/uploads\/sites\/3\/2022\/03\/earphone-g7aa88cce8_1920.jpg","datePublished":"2022-03-14T14:27:41+00:00","dateModified":"2022-03-15T11:44:32+00:00","author":{"@id":"https:\/\/www.thebestsocial.media\/de\/#\/schema\/person\/73ef7d3bb298de832c8f1c79b4a41e81"},"breadcrumb":{"@id":"https:\/\/www.thebestsocial.media\/de\/airgods-oder-airflops-10-tweets-ueber-apples-kabellose-kopfhoerer\/#breadcrumb"},"inLanguage":"de","potentialAction":[{"@type":"ReadAction","target":["https:\/\/www.thebestsocial.media\/de\/airgods-oder-airflops-10-tweets-ueber-apples-kabellose-kopfhoerer\/"]}]},{"@type":"ImageObject","inLanguage":"de","@id":"https:\/\/www.thebestsocial.media\/de\/airgods-oder-airflops-10-tweets-ueber-apples-kabellose-kopfhoerer\/#primaryimage","url":"https:\/\/www.thebestsocial.media\/de\/wp-content\/uploads\/sites\/3\/2022\/03\/earphone-g7aa88cce8_1920.jpg","contentUrl":"https:\/\/www.thebestsocial.media\/de\/wp-content\/uploads\/sites\/3\/2022\/03\/earphone-g7aa88cce8_1920.jpg","width":1920,"height":1282},{"@type":"BreadcrumbList","@id":"https:\/\/www.thebestsocial.media\/de\/airgods-oder-airflops-10-tweets-ueber-apples-kabellose-kopfhoerer\/#breadcrumb","itemListElement":[{"@type":"ListItem","position":1,"name":"Home","item":"https:\/\/www.thebestsocial.media\/de\/"},{"@type":"ListItem","position":2,"name":"AirGods oder AirFlops? 10 Tweets \u00fcber Apples kabellose Kopfh\u00f6rer"}]},{"@type":"WebSite","@id":"https:\/\/www.thebestsocial.media\/de\/#website","url":"https:\/\/www.thebestsocial.media\/de\/","name":"The Best Social Media DE","description":"","potentialAction":[{"@type":"SearchAction","target":{"@type":"EntryPoint","urlTemplate":"https:\/\/www.thebestsocial.media\/de\/?s={search_term_string}"},"query-input":{"@type":"PropertyValueSpecification","valueRequired":true,"valueName":"search_term_string"}}],"inLanguage":"de"},{"@type":"Person","@id":"https:\/\/www.thebestsocial.media\/de\/#\/schema\/person\/73ef7d3bb298de832c8f1c79b4a41e81","name":"Anna Oeltges","image":{"@type":"ImageObject","inLanguage":"de","@id":"https:\/\/secure.gravatar.com\/avatar\/5ce5a6c547e9e6c1f06970e7e00b7d65cb62536add335c1e887b5723d76d3fd6?s=96&d=mm&r=g","url":"https:\/\/secure.gravatar.com\/avatar\/5ce5a6c547e9e6c1f06970e7e00b7d65cb62536add335c1e887b5723d76d3fd6?s=96&d=mm&r=g","contentUrl":"https:\/\/secure.gravatar.com\/avatar\/5ce5a6c547e9e6c1f06970e7e00b7d65cb62536add335c1e887b5723d76d3fd6?s=96&d=mm&r=g","caption":"Anna Oeltges"},"sameAs":["Anna Oeltges","annaoeltges","https:\/\/x.com\/oeltges"],"url":"https:\/\/www.thebestsocial.media\/de\/author\/anna\/"}]}},"amp_enabled":true,"_links":{"self":[{"href":"https:\/\/www.thebestsocial.media\/de\/wp-json\/wp\/v2\/posts\/158686","targetHints":{"allow":["GET"]}}],"collection":[{"href":"https:\/\/www.thebestsocial.media\/de\/wp-json\/wp\/v2\/posts"}],"about":[{"href":"https:\/\/www.thebestsocial.media\/de\/wp-json\/wp\/v2\/types\/post"}],"author":[{"embeddable":true,"href":"https:\/\/www.thebestsocial.media\/de\/wp-json\/wp\/v2\/users\/92"}],"replies":[{"embeddable":true,"href":"https:\/\/www.thebestsocial.media\/de\/wp-json\/wp\/v2\/comments?post=158686"}],"version-history":[{"count":7,"href":"https:\/\/www.thebestsocial.media\/de\/wp-json\/wp\/v2\/posts\/158686\/revisions"}],"predecessor-version":[{"id":158745,"href":"https:\/\/www.thebestsocial.media\/de\/wp-json\/wp\/v2\/posts\/158686\/revisions\/158745"}],"wp:featuredmedia":[{"embeddable":true,"href":"https:\/\/www.thebestsocial.media\/de\/wp-json\/wp\/v2\/media\/158703"}],"wp:attachment":[{"href":"https:\/\/www.thebestsocial.media\/de\/wp-json\/wp\/v2\/media?parent=158686"}],"wp:term":[{"taxonomy":"category","embeddable":true,"href":"https:\/\/www.thebestsocial.media\/de\/wp-json\/wp\/v2\/categories?post=158686"},{"taxonomy":"post_tag","embeddable":true,"href":"https:\/\/www.thebestsocial.media\/de\/wp-json\/wp\/v2\/tags?post=158686"}],"curies":[{"name":"wp","href":"https:\/\/api.w.org\/{rel}","templated":true}]}}