{"id":158526,"date":"2022-03-10T13:24:26","date_gmt":"2022-03-10T13:24:26","guid":{"rendered":"https:\/\/www.thebestsocial.media\/de\/?p=158526"},"modified":"2022-04-11T11:23:26","modified_gmt":"2022-04-11T11:23:26","slug":"eine-harry-potter-verfilmung-mit-deutschen-promis-ein-thread","status":"publish","type":"post","link":"https:\/\/www.thebestsocial.media\/de\/eine-harry-potter-verfilmung-mit-deutschen-promis-ein-thread\/","title":{"rendered":"Eine Harry-Potter-Verfilmung mit deutschen Promis &#8211; ein Thread"},"content":{"rendered":"<p>Habt ihr euch schon mal \u00fcberlegt, wie es w\u00e4re, wenn sich eine deutsche Produktionsfirma die Rechte an den Harry-Potter-Filmen gesichert h\u00e4tte? Und <a href=\"https:\/\/www.thebestsocial.media\/de\/harry-potter-impfstatus-impfung-hermine-ron-luna-lovegood-hagrid-dumbledore\/\" rel=\"noopener\" target=\"_blank\">alle Rollen<\/a> nur mit deutschen Schauspielern und Promis besetzt worden w\u00e4ren? Von Harry Potter \u00fcber Cornelius Fudge oder Lucius Malfoy bis hin zur <a href=\"https:\/\/www.thebestsocial.media\/de\/gryffindor-slytherin-ravenclaw-hufflepuff-harry-potter-haeuser-hogwarts\/\" rel=\"noopener\" target=\"_blank\">Hufflepuff-Legende<\/a> Cedric Diggory. Die gute Nachricht: Ihr m\u00fcsst euch keine Gedanken mehr machen, welcher deutsche <a href=\"https:\/\/www.thebestsocial.media\/de\/wir-haben-heute-leider-keinen-brief-aus-hogwarts-fuer-euch-zwoelf-menschen-die-eindeutig-muggels-sind\/\" rel=\"noopener\" target=\"_blank\">Muggel-Star<\/a> welche Rolle \u00fcbernommen h\u00e4tte! Denn Twitter-User <a href=\"https:\/\/twitter.com\/Spielenator\" rel=\"noopener\" target=\"_blank\">Spielenator<\/a> hat in einem sehr lustigen Thread die passenden Promis rausgesucht. Ein Thema, auf das auch die Twitter-Community anspringt und weitere Vorschl\u00e4ge nennt.<br \/>\n<a href=\"https:\/\/www.thebestsocial.media\/de\/harry-potter-impfstatus-impfung-hermine-ron-luna-lovegood-hagrid-dumbledore\/\">Dieser Harry-Potter-Thread<\/a> w\u00e4re \u00fcbrigens sicher auch was f\u00fcr euch!<br \/>\n&nbsp;<\/p>\n<h2>1. Los geht der Spa\u00df! Und wir versprechen: Nicht nur Harry-Potter-Fans kommen hier auf ihre Kosten!<\/h2>\n<blockquote class=\"twitter-tweet\">\n<p lang=\"de\" dir=\"ltr\">Deutscher Harry Potter Cast &#8211; Ein Thread <\/p>\n<p>Tech Nick als Hagrid <a href=\"https:\/\/t.co\/KZTzxMTzGy\">pic.twitter.com\/KZTzxMTzGy<\/a><\/p>\n<p>&mdash; Spielenator (@Spielenator) <a href=\"https:\/\/twitter.com\/Spielenator\/status\/1499443759125254157?ref_src=twsrc%5Etfw\">March 3, 2022<\/a><\/p><\/blockquote>\n<p> <script async src=\"https:\/\/platform.twitter.com\/widgets.js\" charset=\"utf-8\"><\/script><br \/>\n&nbsp;<br \/>\n<strong>2. <\/strong><\/p>\n<blockquote class=\"twitter-tweet\" data-conversation=\"none\">\n<p lang=\"de\" dir=\"ltr\">Erika Steinbach als Dolores Umbridge <a href=\"https:\/\/t.co\/SKHYoRS0ah\">pic.twitter.com\/SKHYoRS0ah<\/a><\/p>\n<p>&mdash; Spielenator (@Spielenator) <a href=\"https:\/\/twitter.com\/Spielenator\/status\/1499443764913397764?ref_src=twsrc%5Etfw\">March 3, 2022<\/a><\/p><\/blockquote>\n<p> <script async src=\"https:\/\/platform.twitter.com\/widgets.js\" charset=\"utf-8\"><\/script><br \/>\n&nbsp;<br \/>\n<strong>3. <\/strong><\/p>\n<blockquote class=\"twitter-tweet\" data-conversation=\"none\">\n<p lang=\"de\" dir=\"ltr\">Diddie Hallervorden als Dumbledore <a href=\"https:\/\/t.co\/THeLrasCQM\">pic.twitter.com\/THeLrasCQM<\/a><\/p>\n<p>&mdash; Spielenator (@Spielenator) <a href=\"https:\/\/twitter.com\/Spielenator\/status\/1499443770458353669?ref_src=twsrc%5Etfw\">March 3, 2022<\/a><\/p><\/blockquote>\n<p> <script async src=\"https:\/\/platform.twitter.com\/widgets.js\" charset=\"utf-8\"><\/script><br \/>\n&nbsp;<br \/>\n<strong>4. <\/strong><\/p>\n<blockquote class=\"twitter-tweet\" data-conversation=\"none\">\n<p lang=\"de\" dir=\"ltr\">Dieter Bohlen als Gilderoy Lockhart <a href=\"https:\/\/t.co\/VkusaWZWZ7\">pic.twitter.com\/VkusaWZWZ7<\/a><\/p>\n<p>&mdash; Spielenator (@Spielenator) <a href=\"https:\/\/twitter.com\/Spielenator\/status\/1499443777571803138?ref_src=twsrc%5Etfw\">March 3, 2022<\/a><\/p><\/blockquote>\n<p> <script async src=\"https:\/\/platform.twitter.com\/widgets.js\" charset=\"utf-8\"><\/script><br \/>\n&nbsp;<br \/>\n<strong>5. <\/strong><\/p>\n<blockquote class=\"twitter-tweet\" data-conversation=\"none\">\n<p lang=\"de\" dir=\"ltr\">Till Schweiger als Severus Snape <a href=\"https:\/\/t.co\/n0ceQrLBox\">pic.twitter.com\/n0ceQrLBox<\/a><\/p>\n<p>&mdash; Spielenator (@Spielenator) <a href=\"https:\/\/twitter.com\/Spielenator\/status\/1499443783875936264?ref_src=twsrc%5Etfw\">March 3, 2022<\/a><\/p><\/blockquote>\n<p> <script async src=\"https:\/\/platform.twitter.com\/widgets.js\" charset=\"utf-8\"><\/script><br \/>\n&nbsp;<br \/>\n<strong>6. <\/strong><\/p>\n<blockquote class=\"twitter-tweet\" data-conversation=\"none\">\n<p lang=\"de\" dir=\"ltr\">Christoph Maria Herbst als Voldemort <a href=\"https:\/\/t.co\/i1nLBQY45y\">pic.twitter.com\/i1nLBQY45y<\/a><\/p>\n<p>&mdash; Spielenator (@Spielenator) <a href=\"https:\/\/twitter.com\/Spielenator\/status\/1499443790305800195?ref_src=twsrc%5Etfw\">March 3, 2022<\/a><\/p><\/blockquote>\n<p> <script async src=\"https:\/\/platform.twitter.com\/widgets.js\" charset=\"utf-8\"><\/script><br \/>\n&nbsp;<br \/>\n<strong>7. <\/strong><\/p>\n<blockquote class=\"twitter-tweet\" data-conversation=\"none\">\n<p lang=\"in\" dir=\"ltr\">Alligatoah als Remus Lupin <a href=\"https:\/\/t.co\/DCt8cGpazF\">pic.twitter.com\/DCt8cGpazF<\/a><\/p>\n<p>&mdash; Spielenator (@Spielenator) <a href=\"https:\/\/twitter.com\/Spielenator\/status\/1499443797469675530?ref_src=twsrc%5Etfw\">March 3, 2022<\/a><\/p><\/blockquote>\n<p> <script async src=\"https:\/\/platform.twitter.com\/widgets.js\" charset=\"utf-8\"><\/script><br \/>\n&nbsp;<br \/>\n<strong>8. <\/strong><\/p>\n<blockquote class=\"twitter-tweet\" data-conversation=\"none\">\n<p lang=\"en\" dir=\"ltr\">Rufus Beck als Mr. Olivander <a href=\"https:\/\/t.co\/7hcSWXyZWS\">pic.twitter.com\/7hcSWXyZWS<\/a><\/p>\n<p>&mdash; Spielenator (@Spielenator) <a href=\"https:\/\/twitter.com\/Spielenator\/status\/1499443802574135299?ref_src=twsrc%5Etfw\">March 3, 2022<\/a><\/p><\/blockquote>\n<p> <script async src=\"https:\/\/platform.twitter.com\/widgets.js\" charset=\"utf-8\"><\/script><br \/>\n&nbsp;<br \/>\n<strong>9. <\/strong><\/p>\n<blockquote class=\"twitter-tweet\" data-conversation=\"none\">\n<p lang=\"en\" dir=\"ltr\">Armin Laschet als Cornelius Fudge <a href=\"https:\/\/t.co\/G7vw5bqziU\">pic.twitter.com\/G7vw5bqziU<\/a><\/p>\n<p>&mdash; Spielenator (@Spielenator) <a href=\"https:\/\/twitter.com\/Spielenator\/status\/1499443808685240324?ref_src=twsrc%5Etfw\">March 3, 2022<\/a><\/p><\/blockquote>\n<p> <script async src=\"https:\/\/platform.twitter.com\/widgets.js\" charset=\"utf-8\"><\/script><br \/>\n&nbsp;<br \/>\n<strong>10. <\/strong><\/p>\n<blockquote class=\"twitter-tweet\" data-conversation=\"none\">\n<p lang=\"de\" dir=\"ltr\">Matthias Schweigh\u00f6fer als Fred UND George <a href=\"https:\/\/t.co\/SUeC1Gu6ht\">pic.twitter.com\/SUeC1Gu6ht<\/a><\/p>\n<p>&mdash; Spielenator (@Spielenator) <a href=\"https:\/\/twitter.com\/Spielenator\/status\/1499443817027624961?ref_src=twsrc%5Etfw\">March 3, 2022<\/a><\/p><\/blockquote>\n<p> <script async src=\"https:\/\/platform.twitter.com\/widgets.js\" charset=\"utf-8\"><\/script><br \/>\n&nbsp;<br \/>\n<strong>11. <\/strong><\/p>\n<blockquote class=\"twitter-tweet\" data-conversation=\"none\">\n<p lang=\"en\" dir=\"ltr\">Otto Waalkes als Dobby <a href=\"https:\/\/t.co\/W1emI41KCu\">pic.twitter.com\/W1emI41KCu<\/a><\/p>\n<p>&mdash; Spielenator (@Spielenator) <a href=\"https:\/\/twitter.com\/Spielenator\/status\/1499443823709143044?ref_src=twsrc%5Etfw\">March 3, 2022<\/a><\/p><\/blockquote>\n<p> <script async src=\"https:\/\/platform.twitter.com\/widgets.js\" charset=\"utf-8\"><\/script><br \/>\n&nbsp;<br \/>\n<strong>12. <\/strong><\/p>\n<blockquote class=\"twitter-tweet\" data-conversation=\"none\">\n<p lang=\"en\" dir=\"ltr\">Lugatti &amp; 9ine als Crabbe und Goyle <a href=\"https:\/\/t.co\/pOpzfOe6GO\">pic.twitter.com\/pOpzfOe6GO<\/a><\/p>\n<p>&mdash; Spielenator (@Spielenator) <a href=\"https:\/\/twitter.com\/Spielenator\/status\/1499443829438619654?ref_src=twsrc%5Etfw\">March 3, 2022<\/a><\/p><\/blockquote>\n<p> <script async src=\"https:\/\/platform.twitter.com\/widgets.js\" charset=\"utf-8\"><\/script><br \/>\n&nbsp;<br \/>\n<strong>13. <\/strong><\/p>\n<blockquote class=\"twitter-tweet\" data-conversation=\"none\">\n<p lang=\"en\" dir=\"ltr\">Thomas Gottschalk als Sirius Black <a href=\"https:\/\/t.co\/UfwPxbjmuf\">pic.twitter.com\/UfwPxbjmuf<\/a><\/p>\n<p>&mdash; Spielenator (@Spielenator) <a href=\"https:\/\/twitter.com\/Spielenator\/status\/1499443836640280587?ref_src=twsrc%5Etfw\">March 3, 2022<\/a><\/p><\/blockquote>\n<p> <script async src=\"https:\/\/platform.twitter.com\/widgets.js\" charset=\"utf-8\"><\/script><br \/>\n&nbsp;<br \/>\n<strong>14. <\/strong><\/p>\n<blockquote class=\"twitter-tweet\" data-conversation=\"none\">\n<p lang=\"de\" dir=\"ltr\">Tim M\u00e4lzer als Arthur Weasley <a href=\"https:\/\/t.co\/Qx394cbJsl\">pic.twitter.com\/Qx394cbJsl<\/a><\/p>\n<p>&mdash; Spielenator (@Spielenator) <a href=\"https:\/\/twitter.com\/Spielenator\/status\/1499443843619598339?ref_src=twsrc%5Etfw\">March 3, 2022<\/a><\/p><\/blockquote>\n<p> <script async src=\"https:\/\/platform.twitter.com\/widgets.js\" charset=\"utf-8\"><\/script><br \/>\n&nbsp;<br \/>\n<strong>15. <\/strong><\/p>\n<blockquote class=\"twitter-tweet\" data-conversation=\"none\">\n<p lang=\"en\" dir=\"ltr\">Monk als Draco Malfoy <a href=\"https:\/\/t.co\/hE7imxjfnc\">pic.twitter.com\/hE7imxjfnc<\/a><\/p>\n<p>&mdash; Spielenator (@Spielenator) <a href=\"https:\/\/twitter.com\/Spielenator\/status\/1499443849130921992?ref_src=twsrc%5Etfw\">March 3, 2022<\/a><\/p><\/blockquote>\n<p> <script async src=\"https:\/\/platform.twitter.com\/widgets.js\" charset=\"utf-8\"><\/script><br \/>\n&nbsp;<br \/>\n<strong>16. <\/strong><\/p>\n<blockquote class=\"twitter-tweet\" data-conversation=\"none\">\n<p lang=\"de\" dir=\"ltr\">Oliver Kalkhofe als Slughorn <a href=\"https:\/\/t.co\/ajaYzaF5DK\">pic.twitter.com\/ajaYzaF5DK<\/a><\/p>\n<p>&mdash; Spielenator (@Spielenator) <a href=\"https:\/\/twitter.com\/Spielenator\/status\/1499443854281519111?ref_src=twsrc%5Etfw\">March 3, 2022<\/a><\/p><\/blockquote>\n<p> <script async src=\"https:\/\/platform.twitter.com\/widgets.js\" charset=\"utf-8\"><\/script><br \/>\n&nbsp;<br \/>\n<strong>17. <\/strong><\/p>\n<blockquote class=\"twitter-tweet\" data-conversation=\"none\">\n<p lang=\"de\" dir=\"ltr\">Anke Engelke als Maulende Myrte (wird per CGI verj\u00fcngert) <a href=\"https:\/\/t.co\/UbCS4vQMUL\">pic.twitter.com\/UbCS4vQMUL<\/a><\/p>\n<p>&mdash; Spielenator (@Spielenator) <a href=\"https:\/\/twitter.com\/Spielenator\/status\/1499443861994840065?ref_src=twsrc%5Etfw\">March 3, 2022<\/a><\/p><\/blockquote>\n<p> <script async src=\"https:\/\/platform.twitter.com\/widgets.js\" charset=\"utf-8\"><\/script><br \/>\n&nbsp;<br \/>\n<strong>18. <\/strong><\/p>\n<blockquote class=\"twitter-tweet\" data-conversation=\"none\">\n<p lang=\"en\" dir=\"ltr\">Vincent Weiss als Cedric Diggory <a href=\"https:\/\/t.co\/eYFyohcU2U\">pic.twitter.com\/eYFyohcU2U<\/a><\/p>\n<p>&mdash; Spielenator (@Spielenator) <a href=\"https:\/\/twitter.com\/Spielenator\/status\/1499443869720662016?ref_src=twsrc%5Etfw\">March 3, 2022<\/a><\/p><\/blockquote>\n<p> <script async src=\"https:\/\/platform.twitter.com\/widgets.js\" charset=\"utf-8\"><\/script><br \/>\n&nbsp;<br \/>\n<strong>19. <\/strong><\/p>\n<blockquote class=\"twitter-tweet\" data-conversation=\"none\">\n<p lang=\"en\" dir=\"ltr\">Knossi als Mad eye moody <a href=\"https:\/\/t.co\/h8h5Xh6FF3\">pic.twitter.com\/h8h5Xh6FF3<\/a><\/p>\n<p>&mdash; Spielenator (@Spielenator) <a href=\"https:\/\/twitter.com\/Spielenator\/status\/1499443878339956739?ref_src=twsrc%5Etfw\">March 3, 2022<\/a><\/p><\/blockquote>\n<p> <script async src=\"https:\/\/platform.twitter.com\/widgets.js\" charset=\"utf-8\"><\/script><br \/>\n&nbsp;<br \/>\n<strong>20. <\/strong><\/p>\n<blockquote class=\"twitter-tweet\" data-conversation=\"none\">\n<p lang=\"de\" dir=\"ltr\">Friedrich Merz als Filch <a href=\"https:\/\/t.co\/uAxRisyVYG\">pic.twitter.com\/uAxRisyVYG<\/a><\/p>\n<p>&mdash; Spielenator (@Spielenator) <a href=\"https:\/\/twitter.com\/Spielenator\/status\/1499443884837027841?ref_src=twsrc%5Etfw\">March 3, 2022<\/a><\/p><\/blockquote>\n<p> <script async src=\"https:\/\/platform.twitter.com\/widgets.js\" charset=\"utf-8\"><\/script><br \/>\n&nbsp;<\/p>\n<h2>21. Und auch die User haben noch ein paar Harry-Potter-Ideen<\/h2>\n<blockquote class=\"twitter-tweet\" data-conversation=\"none\">\n<p lang=\"de\" dir=\"ltr\">HP Baxxter als Grindelwald <a href=\"https:\/\/t.co\/KXRrIG3R4s\">pic.twitter.com\/KXRrIG3R4s<\/a><\/p>\n<p>&mdash; julian \ud83d\udc7b (@kugelfoermiger) <a href=\"https:\/\/twitter.com\/kugelfoermiger\/status\/1499720963801423875?ref_src=twsrc%5Etfw\">March 4, 2022<\/a><\/p><\/blockquote>\n<p> <script async src=\"https:\/\/platform.twitter.com\/widgets.js\" charset=\"utf-8\"><\/script><\/p>\n<blockquote class=\"twitter-tweet\" data-conversation=\"none\">\n<p lang=\"de\" dir=\"ltr\">Olli Schulz als Peter Pettigrew (sorry) <a href=\"https:\/\/t.co\/B7Ek7VfL6y\">pic.twitter.com\/B7Ek7VfL6y<\/a><\/p>\n<p>&mdash; Sarah (@SarahNapkind) <a href=\"https:\/\/twitter.com\/SarahNapkind\/status\/1499730879295463436?ref_src=twsrc%5Etfw\">March 4, 2022<\/a><\/p><\/blockquote>\n<p> <script async src=\"https:\/\/platform.twitter.com\/widgets.js\" charset=\"utf-8\"><\/script><\/p>\n<blockquote class=\"twitter-tweet\" data-conversation=\"none\">\n<p lang=\"nl\" dir=\"ltr\">Herbert Reul als Hedwig <a href=\"https:\/\/t.co\/pn8w8139VI\">pic.twitter.com\/pn8w8139VI<\/a><\/p>\n<p>&mdash; St\u00e4rkenausspieler (@Strkenausspiel1) <a href=\"https:\/\/twitter.com\/Strkenausspiel1\/status\/1499514962628300807?ref_src=twsrc%5Etfw\">March 3, 2022<\/a><\/p><\/blockquote>\n<p> <script async src=\"https:\/\/platform.twitter.com\/widgets.js\" charset=\"utf-8\"><\/script><\/p>\n<blockquote class=\"twitter-tweet\" data-conversation=\"none\">\n<p lang=\"de\" dir=\"ltr\">G\u00fcnther Jauch als James Potter <a href=\"https:\/\/t.co\/S8Uddj8hzi\">pic.twitter.com\/S8Uddj8hzi<\/a><\/p>\n<p>&mdash; Sarah (@SarahNapkind) <a href=\"https:\/\/twitter.com\/SarahNapkind\/status\/1499709049838964738?ref_src=twsrc%5Etfw\">March 4, 2022<\/a><\/p><\/blockquote>\n<p> <script async src=\"https:\/\/platform.twitter.com\/widgets.js\" charset=\"utf-8\"><\/script><\/p>\n<blockquote class=\"twitter-tweet\" data-conversation=\"none\">\n<p lang=\"de\" dir=\"ltr\">Birgit Schrowange als Rolanda Hooch <a href=\"https:\/\/t.co\/Z5qsi7nszC\">pic.twitter.com\/Z5qsi7nszC<\/a><\/p>\n<p>&mdash; St\u00e4rkenausspieler (@Strkenausspiel1) <a href=\"https:\/\/twitter.com\/Strkenausspiel1\/status\/1499507203014905860?ref_src=twsrc%5Etfw\">March 3, 2022<\/a><\/p><\/blockquote>\n<p> <script async src=\"https:\/\/platform.twitter.com\/widgets.js\" charset=\"utf-8\"><\/script><\/p>\n<blockquote class=\"twitter-tweet\" data-conversation=\"none\">\n<p lang=\"en\" dir=\"ltr\">Plz add <a href=\"https:\/\/t.co\/8v0mXXROl0\">pic.twitter.com\/8v0mXXROl0<\/a><\/p>\n<p>&mdash; TomKurUmtrunk (@kuruknai) <a href=\"https:\/\/twitter.com\/kuruknai\/status\/1499742303447093255?ref_src=twsrc%5Etfw\">March 4, 2022<\/a><\/p><\/blockquote>\n<p> <script async src=\"https:\/\/platform.twitter.com\/widgets.js\" charset=\"utf-8\"><\/script><br \/>\n&nbsp;<br \/>\n<strong>22. Es nimmt gar kein Ende mehr &#8230;<\/strong><\/p>\n<blockquote class=\"twitter-tweet\" data-conversation=\"none\">\n<p lang=\"sv\" dir=\"ltr\">Junger KC Rebell als Viktor Krum <a href=\"https:\/\/t.co\/IMcPnsKyTJ\">pic.twitter.com\/IMcPnsKyTJ<\/a><\/p>\n<p>&mdash; St\u00e4rkenausspieler (@Strkenausspiel1) <a href=\"https:\/\/twitter.com\/Strkenausspiel1\/status\/1499503781742063627?ref_src=twsrc%5Etfw\">March 3, 2022<\/a><\/p><\/blockquote>\n<p> <script async src=\"https:\/\/platform.twitter.com\/widgets.js\" charset=\"utf-8\"><\/script><\/p>\n<blockquote class=\"twitter-tweet\" data-conversation=\"none\">\n<p lang=\"ca\" dir=\"ltr\">Doc Caro als Narcissa Malfoy <a href=\"https:\/\/t.co\/sKpXiZspJp\">pic.twitter.com\/sKpXiZspJp<\/a><\/p>\n<p>&mdash; Wurzelspitze\ud83d\udc68\u200d\u2695\ufe0f\ud83d\udd0e\ud83e\uddb7 (@Wurzelspitze) <a href=\"https:\/\/twitter.com\/Wurzelspitze\/status\/1499852690045681666?ref_src=twsrc%5Etfw\">March 4, 2022<\/a><\/p><\/blockquote>\n<p> <script async src=\"https:\/\/platform.twitter.com\/widgets.js\" charset=\"utf-8\"><\/script><\/p>\n<blockquote class=\"twitter-tweet\" data-conversation=\"none\">\n<p lang=\"de\" dir=\"ltr\">Meister eder als Vernon dursley <a href=\"https:\/\/t.co\/E8rdBMELoo\">pic.twitter.com\/E8rdBMELoo<\/a><\/p>\n<p>&mdash; Stuberto im \u00f6ff. Dienst (@goldenerroberto) <a href=\"https:\/\/twitter.com\/goldenerroberto\/status\/1499770125469245441?ref_src=twsrc%5Etfw\">March 4, 2022<\/a><\/p><\/blockquote>\n<p> <script async src=\"https:\/\/platform.twitter.com\/widgets.js\" charset=\"utf-8\"><\/script><\/p>\n<blockquote class=\"twitter-tweet\" data-conversation=\"none\">\n<p lang=\"de\" dir=\"ltr\">18 karat als schnatz <a href=\"https:\/\/t.co\/4OmYxhUg5B\">pic.twitter.com\/4OmYxhUg5B<\/a><\/p>\n<p>&mdash; Albert (@Albertausjapan) <a href=\"https:\/\/twitter.com\/Albertausjapan\/status\/1499766090334883847?ref_src=twsrc%5Etfw\">March 4, 2022<\/a><\/p><\/blockquote>\n<p> <script async src=\"https:\/\/platform.twitter.com\/widgets.js\" charset=\"utf-8\"><\/script><\/p>\n<blockquote class=\"twitter-tweet\" data-conversation=\"none\">\n<p lang=\"de\" dir=\"ltr\">B\u00fclent Ceylan als Pius Thicknesse <a href=\"https:\/\/t.co\/PB2yxIuRC6\">pic.twitter.com\/PB2yxIuRC6<\/a><\/p>\n<p>&mdash; Jon Montehobbit (@gleiballerts) <a href=\"https:\/\/twitter.com\/gleiballerts\/status\/1500072072705421314?ref_src=twsrc%5Etfw\">March 5, 2022<\/a><\/p><\/blockquote>\n<p> <script async src=\"https:\/\/platform.twitter.com\/widgets.js\" charset=\"utf-8\"><\/script><\/p>\n<blockquote class=\"twitter-tweet\" data-conversation=\"none\">\n<p lang=\"en\" dir=\"ltr\">Karoline Herfurth als Ginny Weasley <a href=\"https:\/\/t.co\/2Y2mEbfNdJ\">pic.twitter.com\/2Y2mEbfNdJ<\/a><\/p>\n<p>&mdash; Jana \ud83c\udfe1\ud83c\udf53 (@lichtkonfetti) <a href=\"https:\/\/twitter.com\/lichtkonfetti\/status\/1499747785301708804?ref_src=twsrc%5Etfw\">March 4, 2022<\/a><\/p><\/blockquote>\n<p> <script async src=\"https:\/\/platform.twitter.com\/widgets.js\" charset=\"utf-8\"><\/script><\/p>\n<blockquote class=\"twitter-tweet\" data-conversation=\"none\">\n<p lang=\"de\" dir=\"ltr\">Dirk Nowitzki als peitschende Weide\ud83c\udfc0 <a href=\"https:\/\/t.co\/RZOS9cn3H5\">pic.twitter.com\/RZOS9cn3H5<\/a><\/p>\n<p>&mdash; Jan-Hendrik Hildebrandt (@janhendrik_hil) <a href=\"https:\/\/twitter.com\/janhendrik_hil\/status\/1500042520453160960?ref_src=twsrc%5Etfw\">March 5, 2022<\/a><\/p><\/blockquote>\n<p> <script async src=\"https:\/\/platform.twitter.com\/widgets.js\" charset=\"utf-8\"><\/script><br \/>\n&nbsp;<br \/>\n<strong>23. Okay, eine Runde User-Vorschl\u00e4ge haben wir noch!<\/strong><\/p>\n<blockquote class=\"twitter-tweet\" data-conversation=\"none\">\n<p lang=\"fr\" dir=\"ltr\">bela b als bellatrix lestrange <a href=\"https:\/\/t.co\/zjcbOEm6eJ\">pic.twitter.com\/zjcbOEm6eJ<\/a><\/p>\n<p>&mdash; Albert (@Albertausjapan) <a href=\"https:\/\/twitter.com\/Albertausjapan\/status\/1499847363627819009?ref_src=twsrc%5Etfw\">March 4, 2022<\/a><\/p><\/blockquote>\n<p> <script async src=\"https:\/\/platform.twitter.com\/widgets.js\" charset=\"utf-8\"><\/script><\/p>\n<blockquote class=\"twitter-tweet\" data-conversation=\"none\">\n<p lang=\"de\" dir=\"ltr\">Bernhard Hoecker als Frank Longbottom wer ist wer ich wei\u00df es nicht <a href=\"https:\/\/t.co\/REu4K70fIb\">pic.twitter.com\/REu4K70fIb<\/a><\/p>\n<p>&mdash; Jon Montehobbit (@gleiballerts) <a href=\"https:\/\/twitter.com\/gleiballerts\/status\/1500071732056580101?ref_src=twsrc%5Etfw\">March 5, 2022<\/a><\/p><\/blockquote>\n<p> <script async src=\"https:\/\/platform.twitter.com\/widgets.js\" charset=\"utf-8\"><\/script><\/p>\n<blockquote class=\"twitter-tweet\" data-conversation=\"none\">\n<p lang=\"de\" dir=\"ltr\">Robert Geiss -Lucius Malfoy<\/p>\n<p>Der bekommt sogar sp\u00e4ter den gleichen Bart wie er <a href=\"https:\/\/t.co\/cD6zgjeYge\">pic.twitter.com\/cD6zgjeYge<\/a><\/p>\n<p>&mdash; Yannick (@yannickowitsch) <a href=\"https:\/\/twitter.com\/yannickowitsch\/status\/1499734573718159363?ref_src=twsrc%5Etfw\">March 4, 2022<\/a><\/p><\/blockquote>\n<p> <script async \nsrc=\"https:\/\/platform.twitter.com\/widgets.js\" charset=\"utf-8\"><\/script><\/p>\n<blockquote class=\"twitter-tweet\" data-conversation=\"none\">\n<p lang=\"ca\" dir=\"ltr\">amthor als malfoy <a href=\"https:\/\/t.co\/1RbcXThI05\">pic.twitter.com\/1RbcXThI05<\/a><\/p>\n<p>&mdash; Albert (@Albertausjapan) <a href=\"https:\/\/twitter.com\/Albertausjapan\/status\/1499848044594008068?ref_src=twsrc%5Etfw\">March 4, 2022<\/a><\/p><\/blockquote>\n<p> <script async src=\"https:\/\/platform.twitter.com\/widgets.js\" charset=\"utf-8\"><\/script><\/p>\n<blockquote class=\"twitter-tweet\" data-conversation=\"none\">\n<p lang=\"nl\" dir=\"ltr\">Uwe Ochsenknecht als Auror Alastor Moody <a href=\"https:\/\/t.co\/O5vOSvJok5\">pic.twitter.com\/O5vOSvJok5<\/a><\/p>\n<p>&mdash; St\u00e4rkenausspieler (@Strkenausspiel1) <a href=\"https:\/\/twitter.com\/Strkenausspiel1\/status\/1499521330458378243?ref_src=twsrc%5Etfw\">March 3, 2022<\/a><\/p><\/blockquote>\n<p> <script async src=\"https:\/\/platform.twitter.com\/widgets.js\" charset=\"utf-8\"><\/script><\/p>\n<blockquote class=\"twitter-tweet\" data-conversation=\"none\">\n<p lang=\"de\" dir=\"ltr\">Der junge Klaas Heufer-Umlauf als seamus finnigan <a href=\"https:\/\/t.co\/zn4jz722i1\">pic.twitter.com\/zn4jz722i1<\/a><\/p>\n<p>&mdash; Sarah (@SarahNapkind) <a href=\"https:\/\/twitter.com\/SarahNapkind\/status\/1499711927462903815?ref_src=twsrc%5Etfw\">March 4, 2022<\/a><\/p><\/blockquote>\n<p> <script async src=\"https:\/\/platform.twitter.com\/widgets.js\" charset=\"utf-8\"><\/script><\/p>\n<blockquote class=\"twitter-tweet\" data-conversation=\"none\">\n<p lang=\"cy\" dir=\"ltr\">Iris Berben als Petunia Dursley <a href=\"https:\/\/t.co\/Gzp0fCwx3z\">pic.twitter.com\/Gzp0fCwx3z<\/a><\/p>\n<p>&mdash; Jana \ud83c\udfe1\ud83c\udf53 (@lichtkonfetti) <a href=\"https:\/\/twitter.com\/lichtkonfetti\/status\/1499749204104724481?ref_src=twsrc%5Etfw\">March 4, 2022<\/a><\/p><\/blockquote>\n<p> <script async src=\"https:\/\/platform.twitter.com\/widgets.js\" charset=\"utf-8\"><\/script><\/p>\n<blockquote class=\"twitter-tweet\" data-conversation=\"none\">\n<p lang=\"de\" dir=\"ltr\">Katja Riemann als Rita Kimmkorn <a href=\"https:\/\/t.co\/hlJtTAulmw\">pic.twitter.com\/hlJtTAulmw<\/a><\/p>\n<p>&mdash; Jana \ud83c\udfe1\ud83c\udf53 (@lichtkonfetti) <a href=\"https:\/\/twitter.com\/lichtkonfetti\/status\/1499746945274982407?ref_src=twsrc%5Etfw\">March 4, 2022<\/a><\/p><\/blockquote>\n<p> <script async src=\"https:\/\/platform.twitter.com\/widgets.js\" charset=\"utf-8\"><\/script><br \/>\n&nbsp;<br \/>\n<em>Und wie s\u00e4he ein deutscher Herr der Ringe Cast aus? Das erfahrt ihr <a href=\"https:\/\/www.thebestsocial.media\/de\/thread-ein-deutscher-herr-der-ringe-cast\/\" rel=\"noopener\" target=\"_blank\">HIER!<\/a><\/em><br \/>\n___<br \/>\nVielen Dank an <a href=\"https:\/\/twitter.com\/Spielenator\" rel=\"noopener\" target=\"_blank\">Spielenator<\/a> f\u00fcr diesen magishen Harry-Potter-Thread! Folgt ihm doch am Besten auf Twitter!<br \/>\n___<br \/>\n<strong>Keine Influencer! Kein Foodporn! Ein bisschen Harry Potter und ganz viel Spa\u00df \u2013 bei uns auf Instagram:<\/strong><\/p>\n<blockquote class=\"instagram-media\" style=\"background: #FFF; border: 0; border-radius: 3px; box-shadow: 0 0 1px 0 rgba(0,0,0,0.5),0 1px 10px 0 rgba(0,0,0,0.15); margin: 1px; max-width: 540px; min-width: 326px; padding: 0; width: calc(100% - 2px);\" data-instgrm-captioned=\"\" data-instgrm-permalink=\"https:\/\/www.instagram.com\/p\/CawuRakgWzU\/?utm_source=ig_embed&amp;utm_campaign=loading\" data-instgrm-version=\"14\">\n<div style=\"padding: 16px;\">\n<p>&nbsp;<\/p>\n<div style=\"display: flex; flex-direction: row; align-items: center;\">\n<div style=\"background-color: #f4f4f4; border-radius: 50%; flex-grow: 0; height: 40px; margin-right: 14px; width: 40px;\"><\/div>\n<div style=\"display: flex; flex-direction: column; flex-grow: 1; justify-content: center;\">\n<div style=\"background-color: #f4f4f4; border-radius: 4px; flex-grow: 0; height: 14px; margin-bottom: 6px; width: 100px;\"><\/div>\n<div style=\"background-color: #f4f4f4; border-radius: 4px; flex-grow: 0; height: 14px; width: 60px;\"><\/div>\n<\/div>\n<\/div>\n<div style=\"padding: 19% 0;\"><\/div>\n<div style=\"display: block; height: 50px; margin: 0 auto 12px; width: 50px;\"><\/div>\n<div style=\"padding-top: 8px;\">\n<div style=\"color: #3897f0; font-family: Arial,sans-serif; font-size: 14px; font-style: normal; font-weight: 550; line-height: 18px;\">View this post on Instagram<\/div>\n<\/div>\n<div style=\"padding: 12.5% 0;\"><\/div>\n<div style=\"display: flex; flex-direction: row; margin-bottom: 14px; align-items: center;\">\n<div>\n<div style=\"background-color: #f4f4f4; border-radius: 50%; height: 12.5px; width: 12.5px; transform: translateX(0px) translateY(7px);\"><\/div>\n<div style=\"background-color: #f4f4f4; height: 12.5px; transform: rotate(-45deg) translateX(3px) translateY(1px); width: 12.5px; flex-grow: 0; margin-right: 14px; margin-left: 2px;\"><\/div>\n<div style=\"background-color: #f4f4f4; border-radius: 50%; height: 12.5px; width: 12.5px; transform: translateX(9px) translateY(-18px);\"><\/div>\n<\/div>\n<div style=\"margin-left: 8px;\">\n<div style=\"background-color: #f4f4f4; border-radius: 50%; flex-grow: 0; height: 20px; width: 20px;\"><\/div>\n<div style=\"width: 0; height: 0; border-top: 2px solid transparent; border-left: 6px solid #f4f4f4; border-bottom: 2px solid transparent; transform: translateX(16px) translateY(-4px) rotate(30deg);\"><\/div>\n<\/div>\n<div style=\"margin-left: auto;\">\n<div style=\"width: 0px; border-top: 8px solid #F4F4F4; border-right: 8px solid transparent; transform: translateY(16px);\"><\/div>\n<div style=\"background-color: #f4f4f4; flex-grow: 0; height: 12px; width: 16px; transform: translateY(-4px);\"><\/div>\n<div style=\"width: 0; height: 0; border-top: 8px solid #F4F4F4; border-left: 8px solid transparent; transform: translateY(-4px) translateX(8px);\"><\/div>\n<\/div>\n<\/div>\n<div style=\"display: flex; flex-direction: column; flex-grow: 1; justify-content: center; margin-bottom: 24px;\">\n<div style=\"background-color: #f4f4f4; border-radius: 4px; flex-grow: 0; height: 14px; margin-bottom: 6px; width: 224px;\"><\/div>\n<div style=\"background-color: #f4f4f4; border-radius: 4px; flex-grow: 0; height: 14px; width: 144px;\"><\/div>\n<\/div>\n<p>&nbsp;<\/p>\n<p style=\"color: #c9c8cd; font-family: Arial,sans-serif; font-size: 14px; line-height: 17px; margin-bottom: 0; margin-top: 8px; overflow: hidden; padding: 8px 0 7px; text-align: center; text-overflow: ellipsis; white-space: nowrap;\"><a style=\"color: #c9c8cd; font-family: Arial,sans-serif; font-size: 14px; font-style: normal; font-weight: normal; line-height: 17px; text-decoration: none;\" href=\"https:\/\/www.instagram.com\/p\/CawuRakgWzU\/?utm_source=ig_embed&amp;utm_campaign=loading\" target=\"_blank\" rel=\"noopener\">A post shared by The Best Social Media &#8211; DE (@thebestsocialmediade)<\/a><\/p>\n<\/div>\n<\/blockquote>\n\n<script async defer src=\"\/instagram-embed.js\"><\/script>","protected":false},"excerpt":{"rendered":"<p>Habt ihr euch schon mal \u00fcberlegt, wie es w\u00e4re, wenn sich eine deutsche Produktionsfirma die Rechte an den Harry-Potter-Filmen gesichert h\u00e4tte? Und alle Rollen nur&#8230;<\/p>\n","protected":false},"author":65,"featured_media":158531,"comment_status":"open","ping_status":"open","sticky":false,"template":"","format":"standard","meta":{"_acf_changed":false,"footnotes":""},"categories":[11,1728,35],"tags":[4935,4936,2882,496,1803,4065],"class_list":["post-158526","post","type-post","status-publish","format-standard","has-post-thumbnail","hentry","category-creative-content","category-humor","category-twitter","tag-cast","tag-darsteller","tag-deutsche","tag-harry-potter","tag-promis","tag-schauspieler"],"acf":[],"yoast_head":"<!-- This site is optimized with the Yoast SEO plugin v27.5 - https:\/\/yoast.com\/product\/yoast-seo-wordpress\/ -->\n<title>Eine Harry-Potter-Verfilmung mit deutschen Promis - ein Thread<\/title>\n<meta name=\"description\" content=\"Was w\u00e4re, wenn alle Rollen in den Harry-Potter-Filmen nur mit deutschen Promis besetzt worden w\u00e4ren? Ein Twitter-Thread sorgt f\u00fcr viel Spa\u00df.\" \/>\n<meta name=\"robots\" content=\"index, follow, max-snippet:-1, max-image-preview:large, max-video-preview:-1\" \/>\n<link rel=\"canonical\" href=\"https:\/\/www.thebestsocial.media\/de\/eine-harry-potter-verfilmung-mit-deutschen-promis-ein-thread\/\" \/>\n<meta property=\"og:locale\" content=\"de_DE\" \/>\n<meta property=\"og:type\" content=\"article\" \/>\n<meta property=\"og:title\" content=\"Eine Harry-Potter-Verfilmung mit deutschen Promis - ein Thread\" \/>\n<meta property=\"og:description\" content=\"Was w\u00e4re, wenn alle Rollen in den Harry-Potter-Filmen nur mit deutschen Promis besetzt worden w\u00e4ren? Ein Twitter-Thread sorgt f\u00fcr viel Spa\u00df.\" \/>\n<meta property=\"og:url\" content=\"https:\/\/www.thebestsocial.media\/de\/eine-harry-potter-verfilmung-mit-deutschen-promis-ein-thread\/\" \/>\n<meta property=\"og:site_name\" content=\"The Best Social Media DE\" \/>\n<meta property=\"article:published_time\" content=\"2022-03-10T13:24:26+00:00\" \/>\n<meta property=\"article:modified_time\" content=\"2022-04-11T11:23:26+00:00\" \/>\n<meta property=\"og:image\" content=\"https:\/\/www.thebestsocial.media\/de\/wp-content\/uploads\/sites\/3\/2022\/03\/Harry-Cast.png\" \/>\n\t<meta property=\"og:image:width\" content=\"1200\" \/>\n\t<meta property=\"og:image:height\" content=\"630\" \/>\n\t<meta property=\"og:image:type\" content=\"image\/png\" \/>\n<meta name=\"author\" content=\"Jan\" \/>\n<meta name=\"twitter:card\" content=\"summary_large_image\" \/>\n<meta name=\"twitter:label1\" content=\"Verfasst von\" \/>\n\t<meta name=\"twitter:data1\" content=\"Jan\" \/>\n\t<meta name=\"twitter:label2\" content=\"Gesch\u00e4tzte Lesezeit\" \/>\n\t<meta name=\"twitter:data2\" content=\"4\u00a0Minuten\" \/>\n<script type=\"application\/ld+json\" class=\"yoast-schema-graph\">{\"@context\":\"https:\\\/\\\/schema.org\",\"@graph\":[{\"@type\":\"Article\",\"@id\":\"https:\\\/\\\/www.thebestsocial.media\\\/de\\\/eine-harry-potter-verfilmung-mit-deutschen-promis-ein-thread\\\/#article\",\"isPartOf\":{\"@id\":\"https:\\\/\\\/www.thebestsocial.media\\\/de\\\/eine-harry-potter-verfilmung-mit-deutschen-promis-ein-thread\\\/\"},\"author\":{\"name\":\"Jan\",\"@id\":\"https:\\\/\\\/www.thebestsocial.media\\\/de\\\/#\\\/schema\\\/person\\\/03b8d8d2905b97b499c8e0808b724821\"},\"headline\":\"Eine Harry-Potter-Verfilmung mit deutschen Promis &#8211; ein Thread\",\"datePublished\":\"2022-03-10T13:24:26+00:00\",\"dateModified\":\"2022-04-11T11:23:26+00:00\",\"mainEntityOfPage\":{\"@id\":\"https:\\\/\\\/www.thebestsocial.media\\\/de\\\/eine-harry-potter-verfilmung-mit-deutschen-promis-ein-thread\\\/\"},\"wordCount\":857,\"commentCount\":0,\"image\":{\"@id\":\"https:\\\/\\\/www.thebestsocial.media\\\/de\\\/eine-harry-potter-verfilmung-mit-deutschen-promis-ein-thread\\\/#primaryimage\"},\"thumbnailUrl\":\"https:\\\/\\\/www.thebestsocial.media\\\/de\\\/wp-content\\\/uploads\\\/sites\\\/3\\\/2022\\\/03\\\/Harry-P-Charaktere-scaled.jpg\",\"keywords\":[\"Cast\",\"Darsteller\",\"Deutsche\",\"Harry Potter\",\"promis\",\"Schauspieler\"],\"articleSection\":[\"Creative Content\",\"Humor\",\"Twitter\"],\"inLanguage\":\"de\",\"potentialAction\":[{\"@type\":\"CommentAction\",\"name\":\"Comment\",\"target\":[\"https:\\\/\\\/www.thebestsocial.media\\\/de\\\/eine-harry-potter-verfilmung-mit-deutschen-promis-ein-thread\\\/#respond\"]}]},{\"@type\":\"WebPage\",\"@id\":\"https:\\\/\\\/www.thebestsocial.media\\\/de\\\/eine-harry-potter-verfilmung-mit-deutschen-promis-ein-thread\\\/\",\"url\":\"https:\\\/\\\/www.thebestsocial.media\\\/de\\\/eine-harry-potter-verfilmung-mit-deutschen-promis-ein-thread\\\/\",\"name\":\"Eine Harry-Potter-Verfilmung mit deutschen Promis - ein Thread\",\"isPartOf\":{\"@id\":\"https:\\\/\\\/www.thebestsocial.media\\\/de\\\/#website\"},\"primaryImageOfPage\":{\"@id\":\"https:\\\/\\\/www.thebestsocial.media\\\/de\\\/eine-harry-potter-verfilmung-mit-deutschen-promis-ein-thread\\\/#primaryimage\"},\"image\":{\"@id\":\"https:\\\/\\\/www.thebestsocial.media\\\/de\\\/eine-harry-potter-verfilmung-mit-deutschen-promis-ein-thread\\\/#primaryimage\"},\"thumbnailUrl\":\"https:\\\/\\\/www.thebestsocial.media\\\/de\\\/wp-content\\\/uploads\\\/sites\\\/3\\\/2022\\\/03\\\/Harry-P-Charaktere-scaled.jpg\",\"datePublished\":\"2022-03-10T13:24:26+00:00\",\"dateModified\":\"2022-04-11T11:23:26+00:00\",\"author\":{\"@id\":\"https:\\\/\\\/www.thebestsocial.media\\\/de\\\/#\\\/schema\\\/person\\\/03b8d8d2905b97b499c8e0808b724821\"},\"description\":\"Was w\u00e4re, wenn alle Rollen in den Harry-Potter-Filmen nur mit deutschen Promis besetzt worden w\u00e4ren? Ein Twitter-Thread sorgt f\u00fcr viel Spa\u00df.\",\"breadcrumb\":{\"@id\":\"https:\\\/\\\/www.thebestsocial.media\\\/de\\\/eine-harry-potter-verfilmung-mit-deutschen-promis-ein-thread\\\/#breadcrumb\"},\"inLanguage\":\"de\",\"potentialAction\":[{\"@type\":\"ReadAction\",\"target\":[\"https:\\\/\\\/www.thebestsocial.media\\\/de\\\/eine-harry-potter-verfilmung-mit-deutschen-promis-ein-thread\\\/\"]}]},{\"@type\":\"ImageObject\",\"inLanguage\":\"de\",\"@id\":\"https:\\\/\\\/www.thebestsocial.media\\\/de\\\/eine-harry-potter-verfilmung-mit-deutschen-promis-ein-thread\\\/#primaryimage\",\"url\":\"https:\\\/\\\/www.thebestsocial.media\\\/de\\\/wp-content\\\/uploads\\\/sites\\\/3\\\/2022\\\/03\\\/Harry-P-Charaktere-scaled.jpg\",\"contentUrl\":\"https:\\\/\\\/www.thebestsocial.media\\\/de\\\/wp-content\\\/uploads\\\/sites\\\/3\\\/2022\\\/03\\\/Harry-P-Charaktere-scaled.jpg\",\"width\":2560,\"height\":1440,\"caption\":\"Was w\u00e4re, wenn alle Rollen in den Harry-Potter-Filmen nur mit deutschen Promis besetzt worden w\u00e4ren? Ein Twitter-Thread sorgt f\u00fcr viel Spa\u00df.\"},{\"@type\":\"BreadcrumbList\",\"@id\":\"https:\\\/\\\/www.thebestsocial.media\\\/de\\\/eine-harry-potter-verfilmung-mit-deutschen-promis-ein-thread\\\/#breadcrumb\",\"itemListElement\":[{\"@type\":\"ListItem\",\"position\":1,\"name\":\"Home\",\"item\":\"https:\\\/\\\/www.thebestsocial.media\\\/de\\\/\"},{\"@type\":\"ListItem\",\"position\":2,\"name\":\"Eine Harry-Potter-Verfilmung mit deutschen Promis &#8211; ein Thread\"}]},{\"@type\":\"WebSite\",\"@id\":\"https:\\\/\\\/www.thebestsocial.media\\\/de\\\/#website\",\"url\":\"https:\\\/\\\/www.thebestsocial.media\\\/de\\\/\",\"name\":\"The Best Social Media DE\",\"description\":\"\",\"potentialAction\":[{\"@type\":\"SearchAction\",\"target\":{\"@type\":\"EntryPoint\",\"urlTemplate\":\"https:\\\/\\\/www.thebestsocial.media\\\/de\\\/?s={search_term_string}\"},\"query-input\":{\"@type\":\"PropertyValueSpecification\",\"valueRequired\":true,\"valueName\":\"search_term_string\"}}],\"inLanguage\":\"de\"},{\"@type\":\"Person\",\"@id\":\"https:\\\/\\\/www.thebestsocial.media\\\/de\\\/#\\\/schema\\\/person\\\/03b8d8d2905b97b499c8e0808b724821\",\"name\":\"Jan\",\"image\":{\"@type\":\"ImageObject\",\"inLanguage\":\"de\",\"@id\":\"https:\\\/\\\/secure.gravatar.com\\\/avatar\\\/6977c5e4d81f2a717dcf76e5e74d7a00b583f3f83a2b00830dedfc799d928343?s=96&d=mm&r=g\",\"url\":\"https:\\\/\\\/secure.gravatar.com\\\/avatar\\\/6977c5e4d81f2a717dcf76e5e74d7a00b583f3f83a2b00830dedfc799d928343?s=96&d=mm&r=g\",\"contentUrl\":\"https:\\\/\\\/secure.gravatar.com\\\/avatar\\\/6977c5e4d81f2a717dcf76e5e74d7a00b583f3f83a2b00830dedfc799d928343?s=96&d=mm&r=g\",\"caption\":\"Jan\"},\"description\":\"Wohnt in M\u00fcnchen, hat aber bis heute keine Ahnung, wie er dort gelandet ist. W\u00fcnscht sich manchmal eine dritte Stimme im Kopf, die ihn davon abh\u00e4lt, auszusprechen, was er gerade denkt. Mag Sport und jeden Kartoffelchip einzeln zu essen. Hasst es, sich auf neue Duschen einstellen zu m\u00fcssen. In einer Beziehung mit Social Media \u2013 aber es ist kompliziert.\",\"url\":\"https:\\\/\\\/www.thebestsocial.media\\\/de\\\/author\\\/janhorstkoetter\\\/\"}]}<\/script>\n<!-- \/ Yoast SEO plugin. -->","yoast_head_json":{"title":"Eine Harry-Potter-Verfilmung mit deutschen Promis - ein Thread","description":"Was w\u00e4re, wenn alle Rollen in den Harry-Potter-Filmen nur mit deutschen Promis besetzt worden w\u00e4ren? Ein Twitter-Thread sorgt f\u00fcr viel Spa\u00df.","robots":{"index":"index","follow":"follow","max-snippet":"max-snippet:-1","max-image-preview":"max-image-preview:large","max-video-preview":"max-video-preview:-1"},"canonical":"https:\/\/www.thebestsocial.media\/de\/eine-harry-potter-verfilmung-mit-deutschen-promis-ein-thread\/","og_locale":"de_DE","og_type":"article","og_title":"Eine Harry-Potter-Verfilmung mit deutschen Promis - ein Thread","og_description":"Was w\u00e4re, wenn alle Rollen in den Harry-Potter-Filmen nur mit deutschen Promis besetzt worden w\u00e4ren? Ein Twitter-Thread sorgt f\u00fcr viel Spa\u00df.","og_url":"https:\/\/www.thebestsocial.media\/de\/eine-harry-potter-verfilmung-mit-deutschen-promis-ein-thread\/","og_site_name":"The Best Social Media DE","article_published_time":"2022-03-10T13:24:26+00:00","article_modified_time":"2022-04-11T11:23:26+00:00","og_image":[{"width":1200,"height":630,"url":"https:\/\/www.thebestsocial.media\/de\/wp-content\/uploads\/sites\/3\/2022\/03\/Harry-Cast.png","type":"image\/png"}],"author":"Jan","twitter_card":"summary_large_image","twitter_misc":{"Verfasst von":"Jan","Gesch\u00e4tzte Lesezeit":"4\u00a0Minuten"},"schema":{"@context":"https:\/\/schema.org","@graph":[{"@type":"Article","@id":"https:\/\/www.thebestsocial.media\/de\/eine-harry-potter-verfilmung-mit-deutschen-promis-ein-thread\/#article","isPartOf":{"@id":"https:\/\/www.thebestsocial.media\/de\/eine-harry-potter-verfilmung-mit-deutschen-promis-ein-thread\/"},"author":{"name":"Jan","@id":"https:\/\/www.thebestsocial.media\/de\/#\/schema\/person\/03b8d8d2905b97b499c8e0808b724821"},"headline":"Eine Harry-Potter-Verfilmung mit deutschen Promis &#8211; ein Thread","datePublished":"2022-03-10T13:24:26+00:00","dateModified":"2022-04-11T11:23:26+00:00","mainEntityOfPage":{"@id":"https:\/\/www.thebestsocial.media\/de\/eine-harry-potter-verfilmung-mit-deutschen-promis-ein-thread\/"},"wordCount":857,"commentCount":0,"image":{"@id":"https:\/\/www.thebestsocial.media\/de\/eine-harry-potter-verfilmung-mit-deutschen-promis-ein-thread\/#primaryimage"},"thumbnailUrl":"https:\/\/www.thebestsocial.media\/de\/wp-content\/uploads\/sites\/3\/2022\/03\/Harry-P-Charaktere-scaled.jpg","keywords":["Cast","Darsteller","Deutsche","Harry Potter","promis","Schauspieler"],"articleSection":["Creative Content","Humor","Twitter"],"inLanguage":"de","potentialAction":[{"@type":"CommentAction","name":"Comment","target":["https:\/\/www.thebestsocial.media\/de\/eine-harry-potter-verfilmung-mit-deutschen-promis-ein-thread\/#respond"]}]},{"@type":"WebPage","@id":"https:\/\/www.thebestsocial.media\/de\/eine-harry-potter-verfilmung-mit-deutschen-promis-ein-thread\/","url":"https:\/\/www.thebestsocial.media\/de\/eine-harry-potter-verfilmung-mit-deutschen-promis-ein-thread\/","name":"Eine Harry-Potter-Verfilmung mit deutschen Promis - ein Thread","isPartOf":{"@id":"https:\/\/www.thebestsocial.media\/de\/#website"},"primaryImageOfPage":{"@id":"https:\/\/www.thebestsocial.media\/de\/eine-harry-potter-verfilmung-mit-deutschen-promis-ein-thread\/#primaryimage"},"image":{"@id":"https:\/\/www.thebestsocial.media\/de\/eine-harry-potter-verfilmung-mit-deutschen-promis-ein-thread\/#primaryimage"},"thumbnailUrl":"https:\/\/www.thebestsocial.media\/de\/wp-content\/uploads\/sites\/3\/2022\/03\/Harry-P-Charaktere-scaled.jpg","datePublished":"2022-03-10T13:24:26+00:00","dateModified":"2022-04-11T11:23:26+00:00","author":{"@id":"https:\/\/www.thebestsocial.media\/de\/#\/schema\/person\/03b8d8d2905b97b499c8e0808b724821"},"description":"Was w\u00e4re, wenn alle Rollen in den Harry-Potter-Filmen nur mit deutschen Promis besetzt worden w\u00e4ren? Ein Twitter-Thread sorgt f\u00fcr viel Spa\u00df.","breadcrumb":{"@id":"https:\/\/www.thebestsocial.media\/de\/eine-harry-potter-verfilmung-mit-deutschen-promis-ein-thread\/#breadcrumb"},"inLanguage":"de","potentialAction":[{"@type":"ReadAction","target":["https:\/\/www.thebestsocial.media\/de\/eine-harry-potter-verfilmung-mit-deutschen-promis-ein-thread\/"]}]},{"@type":"ImageObject","inLanguage":"de","@id":"https:\/\/www.thebestsocial.media\/de\/eine-harry-potter-verfilmung-mit-deutschen-promis-ein-thread\/#primaryimage","url":"https:\/\/www.thebestsocial.media\/de\/wp-content\/uploads\/sites\/3\/2022\/03\/Harry-P-Charaktere-scaled.jpg","contentUrl":"https:\/\/www.thebestsocial.media\/de\/wp-content\/uploads\/sites\/3\/2022\/03\/Harry-P-Charaktere-scaled.jpg","width":2560,"height":1440,"caption":"Was w\u00e4re, wenn alle Rollen in den Harry-Potter-Filmen nur mit deutschen Promis besetzt worden w\u00e4ren? Ein Twitter-Thread sorgt f\u00fcr viel Spa\u00df."},{"@type":"BreadcrumbList","@id":"https:\/\/www.thebestsocial.media\/de\/eine-harry-potter-verfilmung-mit-deutschen-promis-ein-thread\/#breadcrumb","itemListElement":[{"@type":"ListItem","position":1,"name":"Home","item":"https:\/\/www.thebestsocial.media\/de\/"},{"@type":"ListItem","position":2,"name":"Eine Harry-Potter-Verfilmung mit deutschen Promis &#8211; ein Thread"}]},{"@type":"WebSite","@id":"https:\/\/www.thebestsocial.media\/de\/#website","url":"https:\/\/www.thebestsocial.media\/de\/","name":"The Best Social Media DE","description":"","potentialAction":[{"@type":"SearchAction","target":{"@type":"EntryPoint","urlTemplate":"https:\/\/www.thebestsocial.media\/de\/?s={search_term_string}"},"query-input":{"@type":"PropertyValueSpecification","valueRequired":true,"valueName":"search_term_string"}}],"inLanguage":"de"},{"@type":"Person","@id":"https:\/\/www.thebestsocial.media\/de\/#\/schema\/person\/03b8d8d2905b97b499c8e0808b724821","name":"Jan","image":{"@type":"ImageObject","inLanguage":"de","@id":"https:\/\/secure.gravatar.com\/avatar\/6977c5e4d81f2a717dcf76e5e74d7a00b583f3f83a2b00830dedfc799d928343?s=96&d=mm&r=g","url":"https:\/\/secure.gravatar.com\/avatar\/6977c5e4d81f2a717dcf76e5e74d7a00b583f3f83a2b00830dedfc799d928343?s=96&d=mm&r=g","contentUrl":"https:\/\/secure.gravatar.com\/avatar\/6977c5e4d81f2a717dcf76e5e74d7a00b583f3f83a2b00830dedfc799d928343?s=96&d=mm&r=g","caption":"Jan"},"description":"Wohnt in M\u00fcnchen, hat aber bis heute keine Ahnung, wie er dort gelandet ist. W\u00fcnscht sich manchmal eine dritte Stimme im Kopf, die ihn davon abh\u00e4lt, auszusprechen, was er gerade denkt. Mag Sport und jeden Kartoffelchip einzeln zu essen. Hasst es, sich auf neue Duschen einstellen zu m\u00fcssen. In einer Beziehung mit Social Media \u2013 aber es ist kompliziert.","url":"https:\/\/www.thebestsocial.media\/de\/author\/janhorstkoetter\/"}]}},"amp_enabled":true,"_links":{"self":[{"href":"https:\/\/www.thebestsocial.media\/de\/wp-json\/wp\/v2\/posts\/158526","targetHints":{"allow":["GET"]}}],"collection":[{"href":"https:\/\/www.thebestsocial.media\/de\/wp-json\/wp\/v2\/posts"}],"about":[{"href":"https:\/\/www.thebestsocial.media\/de\/wp-json\/wp\/v2\/types\/post"}],"author":[{"embeddable":true,"href":"https:\/\/www.thebestsocial.media\/de\/wp-json\/wp\/v2\/users\/65"}],"replies":[{"embeddable":true,"href":"https:\/\/www.thebestsocial.media\/de\/wp-json\/wp\/v2\/comments?post=158526"}],"version-history":[{"count":5,"href":"https:\/\/www.thebestsocial.media\/de\/wp-json\/wp\/v2\/posts\/158526\/revisions"}],"predecessor-version":[{"id":159839,"href":"https:\/\/www.thebestsocial.media\/de\/wp-json\/wp\/v2\/posts\/158526\/revisions\/159839"}],"wp:featuredmedia":[{"embeddable":true,"href":"https:\/\/www.thebestsocial.media\/de\/wp-json\/wp\/v2\/media\/158531"}],"wp:attachment":[{"href":"https:\/\/www.thebestsocial.media\/de\/wp-json\/wp\/v2\/media?parent=158526"}],"wp:term":[{"taxonomy":"category","embeddable":true,"href":"https:\/\/www.thebestsocial.media\/de\/wp-json\/wp\/v2\/categories?post=158526"},{"taxonomy":"post_tag","embeddable":true,"href":"https:\/\/www.thebestsocial.media\/de\/wp-json\/wp\/v2\/tags?post=158526"}],"curies":[{"name":"wp","href":"https:\/\/api.w.org\/{rel}","templated":true}]}}