{"id":157739,"date":"2022-02-24T18:40:41","date_gmt":"2022-02-24T18:40:41","guid":{"rendered":"https:\/\/www.thebestsocial.media\/de\/?p=157739"},"modified":"2022-02-25T04:24:26","modified_gmt":"2022-02-25T04:24:26","slug":"kennenlernshow-lets-dance-2022","status":"publish","type":"post","link":"https:\/\/www.thebestsocial.media\/de\/kennenlernshow-lets-dance-2022\/","title":{"rendered":"Wer ist bei Let&#8217;s Dance dabei: Die besten Tweets zu den 14 Stars"},"content":{"rendered":"<p style=\"text-align: center;\">Wer tanzt ab morgen um den Let&#8217;s Dance Pokal? Die Kennenlernshow war bereits letzten Freitag, in der die Teilnehmer zum ersten Mal auf ihre strengen Tanzprofis getroffen sind.<\/p>\n<blockquote class=\"twitter-tweet\">\n<p dir=\"ltr\" lang=\"de\">15. Staffel <a href=\"https:\/\/twitter.com\/hashtag\/LetsDance?src=hash&amp;ref_src=twsrc%5Etfw\">#LetsDance<\/a> ist, wenn man mittlerweile fast alle T\u00e4nzer kennt, daf\u00fcr aber kaum einen der Promis.<\/p>\n<p>\u2014 Michi (@le_maen) <a href=\"https:\/\/twitter.com\/le_maen\/status\/1494785928719740930?ref_src=twsrc%5Etfw\">February 18, 2022<\/a><\/p><\/blockquote>\n<p style=\"text-align: center;\"><script async src=\"https:\/\/platform.twitter.com\/widgets.js\" charset=\"utf-8\"><\/script><\/p>\n<p style=\"text-align: center;\">Deswegen hier die Vorstellung der zuk\u00fcnftigen Dancing Stars 2022 mit den besten Tweets der Kennenlernshow:<\/p>\n<p>&nbsp;<\/p>\n<h3 style=\"text-align: center;\">1. Mathias Mester (35), Para-Athlet, tanzt mit Renata<\/h3>\n<blockquote class=\"twitter-tweet\">\n<p dir=\"ltr\" lang=\"de\">Mathias\u2026 ich liebs \ud83d\ude02\u2764\ufe0fder Typ ist so klasse <a href=\"https:\/\/twitter.com\/hashtag\/LetsDance?src=hash&amp;ref_src=twsrc%5Etfw\">#LetsDance<\/a><\/p>\n<p>\u2014 Hasenmuddi (@HasenmuddiBe) <a href=\"https:\/\/twitter.com\/HasenmuddiBe\/status\/1494795321997770756?ref_src=twsrc%5Etfw\">February 18, 2022<\/a><\/p><\/blockquote>\n<p style=\"text-align: center;\"><script src=\"https:\/\/platform.twitter.com\/widgets.js\" async=\"\" charset=\"utf-8\"><\/script><\/p>\n<blockquote class=\"twitter-tweet\">\n<p dir=\"ltr\" lang=\"de\">&#8222;Ich dachte du willst gewinnen, warum w\u00e4hlst du mich&#8220; &#8211; Mathias so sympathisch \ud83e\udd7a\ud83d\ude02<a href=\"https:\/\/twitter.com\/hashtag\/LetsDance?src=hash&amp;ref_src=twsrc%5Etfw\">#LetsDance<\/a><\/p>\n<p>\u2014 F.\ud83d\udcab (@Fannx_21) <a href=\"https:\/\/twitter.com\/Fannx_21\/status\/1494797945698406401?ref_src=twsrc%5Etfw\">February 18, 2022<\/a><\/p><\/blockquote>\n<p style=\"text-align: center;\"><script src=\"https:\/\/platform.twitter.com\/widgets.js\" async=\"\" charset=\"utf-8\"><\/script><\/p>\n<p>&nbsp;<\/p>\n<h3 style=\"text-align: center;\">2. Cheyenne Ochsenknecht (21), Model, tanzt mit Evgeny<\/h3>\n<blockquote class=\"twitter-tweet\">\n<p dir=\"ltr\" lang=\"de\">Cheyenne: \u201eIch will weiter kommen als Jimi.\u201c<\/p>\n<p>Auch Cheyenne: *bringt die schlechteste Leistung des ganzen Abends* <a href=\"https:\/\/twitter.com\/hashtag\/LetsDance?src=hash&amp;ref_src=twsrc%5Etfw\">#LetsDance<\/a><\/p>\n<p>\u2014 \ud835\udd40 \ud835\udd63 \ud835\udd5a (@recklessiri) <a href=\"https:\/\/twitter.com\/recklessiri\/status\/1494781204356345857?ref_src=twsrc%5Etfw\">February 18, 2022<\/a><\/p><\/blockquote>\n<p style=\"text-align: center;\"><script src=\"https:\/\/platform.twitter.com\/widgets.js\" async=\"\" charset=\"utf-8\"><\/script><\/p>\n<blockquote class=\"twitter-tweet\">\n<p dir=\"ltr\" lang=\"de\">&#8222;Das wird harte Arbeit&#8220; Evgeny hat anscheinend das Talent von Cheyenne schon durchschaut <a href=\"https:\/\/twitter.com\/hashtag\/LetsDance?src=hash&amp;ref_src=twsrc%5Etfw\">#LetsDance<\/a><\/p>\n<p>\u2014 Trixelinchen (@Trixe19) <a href=\"https:\/\/twitter.com\/Trixe19\/status\/1494784623712391168?ref_src=twsrc%5Etfw\">February 18, 2022<\/a><\/p><\/blockquote>\n<p style=\"text-align: center;\"><script src=\"https:\/\/platform.twitter.com\/widgets.js\" async=\"\" charset=\"utf-8\"><\/script><\/p>\n<p>&nbsp;<\/p>\n<h3 style=\"text-align: center;\">3. Hardy Kr\u00fcger Jr. (53), Schauspieler, tanzt mit Patricija<\/h3>\n<blockquote class=\"twitter-tweet\">\n<p dir=\"ltr\" lang=\"de\">Ich bin wieder genauso verliebt in Hardy Kr\u00fcger, wie alt kleines M\u00e4dchen beim \u201eGegen den Wind\u201c gucken. Tanzt wie ein 200 Jahre alter Tanzb\u00e4r und sagt dann wie ein kleiner Schuljunge: \u201eIch bin ganz kaputt jetzt. Puh.\u201c Sweet. <a href=\"https:\/\/twitter.com\/hashtag\/LetsDance?src=hash&amp;ref_src=twsrc%5Etfw\">#LetsDance<\/a><\/p>\n<p>\u2014 lej (@lejtothej) <a href=\"https:\/\/twitter.com\/lejtothej\/status\/1494791657212063744?ref_src=twsrc%5Etfw\">February 18, 2022<\/a><\/p><\/blockquote>\n<p style=\"text-align: center;\"><script src=\"https:\/\/platform.twitter.com\/widgets.js\" async=\"\" charset=\"utf-8\"><\/script><\/p>\n<blockquote class=\"twitter-tweet\">\n<p dir=\"ltr\" lang=\"de\">\u201eWie sehr freust du dich \u00fcber Hardy?\u201c<br \/>\nPatricija:<a href=\"https:\/\/twitter.com\/hashtag\/LetsDance?src=hash&amp;ref_src=twsrc%5Etfw\">#LetsDance<\/a> <a href=\"https:\/\/t.co\/TsEqOvTY7L\">pic.twitter.com\/TsEqOvTY7L<\/a><\/p>\n<p>\u2014 \u1d3a\u1d2c\u1d30\u1d35\u1d2c (@NadiaxWe) <a href=\"https:\/\/twitter.com\/NadiaxWe\/status\/1494799789128568835?ref_src=twsrc%5Etfw\">February 18, 2022<\/a><\/p><\/blockquote>\n<p style=\"text-align: center;\"><script src=\"https:\/\/platform.twitter.com\/widgets.js\" async=\"\" charset=\"utf-8\"><\/script><\/p>\n<p>&nbsp;<\/p>\n<h3 style=\"text-align: center;\">4. Bastian Bielendorfer (37), Comedian, tanzt mit Ekaterina<\/h3>\n<blockquote class=\"twitter-tweet\">\n<p dir=\"ltr\" lang=\"de\">&#8222;Bastian Bielendorfer, du bist sehr sexy, aber ich nehme meine 10 und werfe sie ganz weit weg.&#8220; <a href=\"https:\/\/twitter.com\/hashtag\/LetsDance?src=hash&amp;ref_src=twsrc%5Etfw\">#LetsDance<\/a> <a href=\"https:\/\/t.co\/FpLqOUqZ40\">pic.twitter.com\/FpLqOUqZ40<\/a><\/p>\n<p>\u2014 Ashie (@dasashie) <a href=\"https:\/\/twitter.com\/dasashie\/status\/1494795843764998151?ref_src=twsrc%5Etfw\">February 18, 2022<\/a><\/p><\/blockquote>\n<p style=\"text-align: center;\"><script src=\"https:\/\/platform.twitter.com\/widgets.js\" async=\"\" charset=\"utf-8\"><\/script><\/p>\n<blockquote class=\"twitter-tweet\">\n<p dir=\"ltr\" lang=\"de\"><a href=\"https:\/\/twitter.com\/hashtag\/LetsDance?src=hash&amp;ref_src=twsrc%5Etfw\">#LetsDance<\/a><br \/>\nKurzer Nachtrag, bevor ich den Abend beende: Liebs, wie Bastian sich selbst nicht all zu ernst nimmt.\ud83d\ude02Freue mich sehr zu sehen, inwiefern Ekat da was Formen wird.<\/p>\n<p>\u2014 Bl\u00fcmchen\ud83c\udf38 (@Merlia_Blume) <a href=\"https:\/\/twitter.com\/Merlia_Blume\/status\/1494807267497156610?ref_src=twsrc%5Etfw\">February 18, 2022<\/a><\/p><\/blockquote>\n<p style=\"text-align: center;\"><script src=\"https:\/\/platform.twitter.com\/widgets.js\" async=\"\" charset=\"utf-8\"><\/script><\/p>\n<p>&nbsp;<\/p>\n<h3 style=\"text-align: center;\">5. Amira Pocher (29), Moderatorin, tanzt mit Massimo<\/h3>\n<blockquote class=\"twitter-tweet\">\n<p dir=\"ltr\" lang=\"de\"><a href=\"https:\/\/twitter.com\/hashtag\/LetsDance?src=hash&amp;ref_src=twsrc%5Etfw\">#LetsDance<\/a><\/p>\n<p>Amira Pocher hat das goldene Ticket bekommen.<\/p>\n<p>Olli Pocher seit 20:15 Uhr: <a href=\"https:\/\/t.co\/CntXI0fqE0\">pic.twitter.com\/CntXI0fqE0<\/a><\/p>\n<p>\u2014 unalternativ (@unalternativ) <a href=\"https:\/\/twitter.com\/unalternativ\/status\/1494804153218244609?ref_src=twsrc%5Etfw\">February 18, 2022<\/a><\/p><\/blockquote>\n<p style=\"text-align: center;\"><script src=\"https:\/\/platform.twitter.com\/widgets.js\" async=\"\" charset=\"utf-8\"><\/script><\/p>\n<blockquote class=\"twitter-tweet\">\n<p dir=\"ltr\" lang=\"de\">Bei Amira und Massimo sieht es schon nach ganz viel Harmonie und Teamgeist aus \ud83d\ude48 <a href=\"https:\/\/twitter.com\/hashtag\/letsdance?src=hash&amp;ref_src=twsrc%5Etfw\">#letsdance<\/a> <a href=\"https:\/\/t.co\/RzgZCTsGQg\">pic.twitter.com\/RzgZCTsGQg<\/a><\/p>\n<p>\u2014 Steffi (@steffi2105) <a href=\"https:\/\/twitter.com\/steffi2105\/status\/1494803368728055813?ref_src=twsrc%5Etfw\">February 18, 2022<\/a><\/p><\/blockquote>\n<p style=\"text-align: center;\"><script src=\"https:\/\/platform.twitter.com\/widgets.js\" async=\"\" charset=\"utf-8\"><\/script><\/p>\n<p>&nbsp;<\/p>\n<h3 style=\"text-align: center;\">6. Caroline Bosbach (32), Politikerin, tanzt mit Valentin<\/h3>\n<blockquote class=\"twitter-tweet\">\n<p dir=\"ltr\" lang=\"de\">Caroline h\u00e4lt erstmal ne nichtsaussagende 5 Minuten Rede. Ja okay, wie alle CDU-Mitglieder eigentlich <a href=\"https:\/\/twitter.com\/hashtag\/LetsDance?src=hash&amp;ref_src=twsrc%5Etfw\">#LetsDance<\/a><\/p>\n<p>\u2014 anni (@Annikadabra_) <a href=\"https:\/\/twitter.com\/Annikadabra_\/status\/1494764385956507648?ref_src=twsrc%5Etfw\">February 18, 2022<\/a><\/p><\/blockquote>\n<p style=\"text-align: center;\"><script src=\"https:\/\/platform.twitter.com\/widgets.js\" async=\"\" charset=\"utf-8\"><\/script><\/p>\n<blockquote class=\"twitter-tweet\">\n<p dir=\"ltr\" lang=\"de\">Ich finde die Caroline echt sympathisch. Politikerin passt zu ihr. Alles, was man auch in K\u00fcrze sagen k\u00f6nnte, wei\u00df sie auszuschm\u00fccken \ud83d\ude01.<a href=\"https:\/\/twitter.com\/hashtag\/letsdance?src=hash&amp;ref_src=twsrc%5Etfw\">#letsdance<\/a><\/p>\n<p>\u2014 The George (@joerg1806) <a href=\"https:\/\/twitter.com\/joerg1806\/status\/1494765489658150920?ref_src=twsrc%5Etfw\">February 18, 2022<\/a><\/p><\/blockquote>\n<p style=\"text-align: center;\"><script src=\"https:\/\/platform.twitter.com\/widgets.js\" async=\"\" charset=\"utf-8\"><\/script><\/p>\n<p>&nbsp;<\/p>\n<h3 style=\"text-align: center;\">7. Ren\u00e9 Casselly (25), Artist und Ninja Warrior, tanzt mit Kathrin<\/h3>\n<blockquote class=\"twitter-tweet\">\n<p dir=\"ltr\" lang=\"de\">Ren\u00e9 und Kathrin sind beide so ehrgeizig und haben so viel Energie, ich glaube die k\u00f6nnen f\u00fcr die n\u00e4chsten Wochen gleich im Tanzstudio einziehen <a href=\"https:\/\/twitter.com\/hashtag\/LetsDance?src=hash&amp;ref_src=twsrc%5Etfw\">#LetsDance<\/a><\/p>\n<p>\u2014 alyssa \ud83d\udc21 (@alyssaash1ey) <a href=\"https:\/\/twitter.com\/alyssaash1ey\/status\/1494799906317508610?ref_src=twsrc%5Etfw\">February 18, 2022<\/a><\/p><\/blockquote>\n<p style=\"text-align: center;\"><script src=\"https:\/\/platform.twitter.com\/widgets.js\" async=\"\" charset=\"utf-8\"><\/script><\/p>\n<p>&nbsp;<\/p>\n<blockquote class=\"twitter-tweet\">\n<p dir=\"ltr\" lang=\"de\">Jaaaaaa Team Ehrgeizig: Kathrin und Rene, das gibt Mord und Totschlag. Ich freu mir. <a href=\"https:\/\/twitter.com\/hashtag\/LetsDance?src=hash&amp;ref_src=twsrc%5Etfw\">#LetsDance<\/a><\/p>\n<p>\u2014 Kurpf\u00e4lzerle Karone \ud83c\udf08\ud83d\udd4a\ufe0f (@Kar0ne) <a href=\"https:\/\/twitter.com\/Kar0ne\/status\/1494799854714953734?ref_src=twsrc%5Etfw\">February 18, 2022<\/a><\/p><\/blockquote>\n<p style=\"text-align: center;\"><script src=\"https:\/\/platform.twitter.com\/widgets.js\" async=\"\" charset=\"utf-8\"><\/script><\/p>\n<p>&nbsp;<\/p>\n<h3 style=\"text-align: center;\">8. Michelle (50), Schlagers\u00e4ngerin, tanzt mit Christian<\/h3>\n<blockquote class=\"twitter-tweet\">\n<p dir=\"ltr\" lang=\"de\">&#8222;Michelle du hast gesagt, du wirst als Favoritin gehandelt. Von wem denn?&#8220;<\/p>\n<p>DANIEL EINFACH KING<a href=\"https:\/\/twitter.com\/hashtag\/LetsDance?src=hash&amp;ref_src=twsrc%5Etfw\">#LetsDance<\/a><\/p>\n<p>\u2014 Fabian (@fabi_5640) <a href=\"https:\/\/twitter.com\/fabi_5640\/status\/1494775069616316417?ref_src=twsrc%5Etfw\">February 18, 2022<\/a><\/p><\/blockquote>\n<p style=\"text-align: center;\"><script src=\"https:\/\/platform.twitter.com\/widgets.js\" async=\"\" charset=\"utf-8\"><\/script><\/p>\n<blockquote class=\"twitter-tweet\">\n<p dir=\"ltr\" lang=\"de\">Wie Michele sich bei <a href=\"https:\/\/twitter.com\/hashtag\/LetsDance?src=hash&amp;ref_src=twsrc%5Etfw\">#LetsDance<\/a> sieht \u2026 <a href=\"https:\/\/t.co\/QZyoczmFah\">pic.twitter.com\/QZyoczmFah<\/a><\/p>\n<p>\u2014 Sunny (@Solysolsunny) <a href=\"https:\/\/twitter.com\/Solysolsunny\/status\/1494778192535736329?ref_src=twsrc%5Etfw\">February 18, 2022<\/a><\/p><\/blockquote>\n<p style=\"text-align: center;\"><script src=\"https:\/\/platform.twitter.com\/widgets.js\" async=\"\" charset=\"utf-8\"><\/script><\/p>\n<p>&nbsp;<\/p>\n<h3 style=\"text-align: center;\">9. Riccardo Basile (30), Sportmoderator, tanzt mit Isabel<\/h3>\n<blockquote class=\"twitter-tweet\">\n<p dir=\"ltr\" lang=\"de\">Riccardo Basile bei <a href=\"https:\/\/twitter.com\/hashtag\/LetsDance?src=hash&amp;ref_src=twsrc%5Etfw\">#LetsDance<\/a>.<br \/>\nFu\u00dfball Deutschland vermisst den Investigativ-Journalisten schon jetzt. <a href=\"https:\/\/t.co\/BUgQfejaEa\">pic.twitter.com\/BUgQfejaEa<\/a><\/p>\n<p>\u2014 Willi Sauerlich (@freewilli272) <a href=\"https:\/\/twitter.com\/freewilli272\/status\/1494801684924612610?ref_src=twsrc%5Etfw\">February 18, 2022<\/a><\/p><\/blockquote>\n<p style=\"text-align: center;\"><script src=\"https:\/\/platform.twitter.com\/widgets.js\" async=\"\" charset=\"utf-8\"><\/script><\/p>\n<blockquote class=\"twitter-tweet\">\n<p dir=\"ltr\" lang=\"de\">Verkehrte Welt bei <a href=\"https:\/\/twitter.com\/hashtag\/LetsDance?src=hash&amp;ref_src=twsrc%5Etfw\">#LetsDance<\/a> : Wenn der Fu\u00dfballer (Rurik) dem Fu\u00dfball-Moderator (Riccardo) erkl\u00e4rt, was er auf dem Platz (Parkett) alles falsch gemacht hat \ud83d\ude02<\/p>\n<p>\u2014 Marinus Brandl (@draxltd) <a href=\"https:\/\/twitter.com\/draxltd\/status\/1494790335670759426?ref_src=twsrc%5Etfw\">February 18, 2022<\/a><\/p><\/blockquote>\n<p style=\"text-align: center;\"><script src=\"https:\/\/platform.twitter.com\/widgets.js\" async=\"\" charset=\"utf-8\"><\/script><\/p>\n<p>&nbsp;<\/p>\n<h3 style=\"text-align: center;\">10. Lilly zu Sayn-Wittgenstein-Berleburg (49), Prinzessin, tanzt mit Andrzej<\/h3>\n<blockquote class=\"twitter-tweet\">\n<p dir=\"ltr\" lang=\"de\">Wie viele von Lillys Namen habe ich mir neben Lilly gemerkt? <a href=\"https:\/\/twitter.com\/hashtag\/LetsDance?src=hash&amp;ref_src=twsrc%5Etfw\">#LetsDance<\/a> <a href=\"https:\/\/t.co\/A7ULToRdyT\">pic.twitter.com\/A7ULToRdyT<\/a><\/p>\n<p>\u2014 Fabiola \ud83d\udc83\ud83c\udffb (@_fabiola_1) <a href=\"https:\/\/twitter.com\/_fabiola_1\/status\/1494762691629563905?ref_src=twsrc%5Etfw\">February 18, 2022<\/a><\/p><\/blockquote>\n<p style=\"text-align: center;\"><script src=\"https:\/\/platform.twitter.com\/widgets.js\" async=\"\" charset=\"utf-8\"><\/script><\/p>\n<blockquote class=\"twitter-tweet\">\n<p dir=\"ltr\" lang=\"de\">Lilly ist irgendwie s\u00fc\u00df&#8230; ich wei\u00df, ich rede von einer gestandenen Frau kurz vor den 50&#8230; trotzdem s\u00fc\u00df<a href=\"https:\/\/twitter.com\/hashtag\/letsdance?src=hash&amp;ref_src=twsrc%5Etfw\">#letsdance<\/a><\/p>\n<p>\u2014 Jule (@datJulsche) <a href=\"https:\/\/twitter.com\/datJulsche\/status\/1494764227340427264?ref_src=twsrc%5Etfw\">February 18, 2022<\/a><\/p><\/blockquote>\n<p style=\"text-align: center;\"><script src=\"https:\/\/platform.twitter.com\/widgets.js\" async=\"\" charset=\"utf-8\"><\/script><\/p>\n<p>&nbsp;<\/p>\n<h3 style=\"text-align: center;\">11. Timur \u00dclker (32), GZSZ-Schauspieler, tanzt mit Malika<\/h3>\n<blockquote class=\"twitter-tweet\">\n<p dir=\"ltr\" lang=\"de\">Timur ist mir jetzt schon sympathisch. Stalkt die Profit\u00e4nzerinnen und findet alle hei\u00df \ud83e\udd1d<a href=\"https:\/\/twitter.com\/hashtag\/LetsDance?src=hash&amp;ref_src=twsrc%5Etfw\">#LetsDance<\/a><\/p>\n<p>\u2014 alyssa \ud83d\udc21 (@alyssaash1ey) <a href=\"https:\/\/twitter.com\/alyssaash1ey\/status\/1494756116793905161?ref_src=twsrc%5Etfw\">February 18, 2022<\/a><\/p><\/blockquote>\n<p style=\"text-align: center;\"><script async src=\"https:\/\/platform.twitter.com\/widgets.js\" charset=\"utf-8\"><\/script><\/p>\n<blockquote class=\"twitter-tweet\">\n<p dir=\"ltr\" lang=\"de\">Timur ist auf Twitter jetzt schon Rurik 2.0.<a href=\"https:\/\/twitter.com\/hashtag\/LetsDance?src=hash&amp;ref_src=twsrc%5Etfw\">#LetsDance<\/a><\/p>\n<p>\u2014 Fabian (@fabi_5640) <a href=\"https:\/\/twitter.com\/fabi_5640\/status\/1494756177326100483?ref_src=twsrc%5Etfw\">February 18, 2022<\/a><\/p><\/blockquote>\n<p style=\"text-align: center;\"><script async src=\"https:\/\/platform.twitter.com\/widgets.js\" charset=\"utf-8\"><\/script><\/p>\n<p>&nbsp;<\/p>\n<h3 style=\"text-align: center;\">12. Janin Ullmann (40), Journalistin, tanzt mit Zsolt<\/h3>\n<blockquote class=\"twitter-tweet\">\n<p dir=\"ltr\" lang=\"de\">\u201eIch bin Lets Dance Fan. Ist wirklich so\u201c<\/p>\n<p>Janin ist mir jetzt schon sympathisch <a href=\"https:\/\/twitter.com\/hashtag\/LetsDance?src=hash&amp;ref_src=twsrc%5Etfw\">#LetsDance<\/a><\/p>\n<p>\u2014 Fabiola \ud83d\udc83\ud83c\udffb (@_fabiola_1) <a href=\"https:\/\/twitter.com\/_fabiola_1\/status\/1494765772631121923?ref_src=twsrc%5Etfw\">February 18, 2022<\/a><\/p><\/blockquote>\n<p style=\"text-align: center;\"><script async src=\"https:\/\/platform.twitter.com\/widgets.js\" charset=\"utf-8\"><\/script><\/p>\n<blockquote class=\"twitter-tweet\">\n<p dir=\"ltr\" lang=\"de\">Kann Janin dann ab n\u00e4chster staffel mit Daniel moderieren? <a href=\"https:\/\/twitter.com\/hashtag\/LetsDance?src=hash&amp;ref_src=twsrc%5Etfw\">#LetsDance<\/a><\/p>\n<p>\u2014 d. (@sevenohfivee) <a href=\"https:\/\/twitter.com\/sevenohfivee\/status\/1494767410657824775?ref_src=twsrc%5Etfw\">February 18, 2022<\/a><\/p><\/blockquote>\n<p style=\"text-align: center;\"><script async src=\"https:\/\/platform.twitter.com\/widgets.js\" charset=\"utf-8\"><\/script><\/p>\n<p>&nbsp;<\/p>\n<h3 style=\"text-align: center;\">13. Mike Singer (22), Musiker, tanzt mit Christina<\/h3>\n<blockquote class=\"twitter-tweet\">\n<p dir=\"ltr\" lang=\"de\">Die meisten Fans von Mike schlafen schon \ud83d\ude44 <a href=\"https:\/\/twitter.com\/hashtag\/LetsDance?src=hash&amp;ref_src=twsrc%5Etfw\">#LetsDance<\/a><\/p>\n<p>\u2014 \u0422homas (@thomas__2290) <a href=\"https:\/\/twitter.com\/thomas__2290\/status\/1494800885439991811?ref_src=twsrc%5Etfw\">February 18, 2022<\/a><\/p><\/blockquote>\n<p style=\"text-align: center;\"><script async src=\"https:\/\/platform.twitter.com\/widgets.js\" charset=\"utf-8\"><\/script><\/p>\n<blockquote class=\"twitter-tweet\">\n<p dir=\"ltr\" lang=\"de\">Super fand ich ja gerade wie Christina Luft mit Mike Singer abklatschen wollte und der das direkt ignoriert hat. Das wird ein Super-Team&#8230; <a href=\"https:\/\/twitter.com\/hashtag\/LetsDance?src=hash&amp;ref_src=twsrc%5Etfw\">#LetsDance<\/a> \ud83e\udd23\ud83e\udd2a<\/p>\n<p>\u2014 Diamantencop (Stand with Ukraine) (@diamantencop77) <a href=\"https:\/\/twitter.com\/diamantencop77\/status\/1494799313775570946?ref_src=twsrc%5Etfw\">February 18, 2022<\/a><\/p><\/blockquote>\n<p style=\"text-align: center;\"><script async src=\"https:\/\/platform.twitter.com\/widgets.js\" charset=\"utf-8\"><\/script><\/p>\n<p>&nbsp;<\/p>\n<h3 style=\"text-align: center;\">14. Sarah Mangione (31), Schauspielerin, tanzt mit Vadim<\/h3>\n<blockquote class=\"twitter-tweet\">\n<p dir=\"ltr\" lang=\"de\">Sarah ist derbe sympathisch. Find die jetzt schon gut. <a href=\"https:\/\/twitter.com\/hashtag\/LetsDance?src=hash&amp;ref_src=twsrc%5Etfw\">#LetsDance<\/a><\/p>\n<p>\u2014 QueenToto (@QueenToto87) <a href=\"https:\/\/twitter.com\/QueenToto87\/status\/1494783545444868097?ref_src=twsrc%5Etfw\">February 18, 2022<\/a><\/p><\/blockquote>\n<p style=\"text-align: center;\"><script async src=\"https:\/\/platform.twitter.com\/widgets.js\" charset=\"utf-8\"><\/script><\/p>\n<blockquote class=\"twitter-tweet\">\n<p dir=\"ltr\" lang=\"de\">Sarah mag ich, die hat so richtig einen an der Waffel. <a href=\"https:\/\/twitter.com\/hashtag\/letsdance?src=hash&amp;ref_src=twsrc%5Etfw\">#letsdance<\/a><\/p>\n<p>\u2014 Juli (@Fuchshoernchen) <a href=\"https:\/\/twitter.com\/Fuchshoernchen\/status\/1494779816104632320?ref_src=twsrc%5Etfw\">February 18, 2022<\/a><\/p><\/blockquote>\n<p style=\"text-align: center;\"><script async src=\"https:\/\/platform.twitter.com\/widgets.js\" charset=\"utf-8\"><\/script><\/p>\n<p>&nbsp;<\/p>\n<h3 style=\"text-align: center;\">Au\u00dferdem: R\u00farik G\u00edslason hat den erkrankten Joachim Llambi in der Kennenlernshow vertreten.<\/h3>\n<blockquote class=\"twitter-tweet\">\n<p dir=\"ltr\" lang=\"de\">Herr Llambi im Home Office, w\u00e4hrend R\u00farik st\u00e4ndig seine hohen Punktekellen z\u00fcckt. <a href=\"https:\/\/twitter.com\/hashtag\/LetsDance?src=hash&amp;ref_src=twsrc%5Etfw\">#LetsDance<\/a> <a href=\"https:\/\/t.co\/0PICMHnCTj\">pic.twitter.com\/0PICMHnCTj<\/a><\/p>\n<p>\u2014 RTL (@RTL_com) <a href=\"https:\/\/twitter.com\/RTL_com\/status\/1494790581519884290?ref_src=twsrc%5Etfw\">February 18, 2022<\/a><\/p><\/blockquote>\n<p style=\"text-align: center;\"><script src=\"https:\/\/platform.twitter.com\/widgets.js\" async=\"\" charset=\"utf-8\"><\/script><\/p>\n<p style=\"text-align: center;\">\u2014<br \/>\nVielen Dank an alle f\u00fcr die Posts.<br \/>\n\u2014<br \/>\n<strong>Keine Influencer! Kein Foodporn! Nur ganz viel Spa\u00df \u2013 bei uns auf Instagram:<\/strong><\/p>\n<blockquote class=\"instagram-media\" style=\"background: #FFF; border: 0; border-radius: 3px; box-shadow: 0 0 1px 0 rgba(0,0,0,0.5),0 1px 10px 0 rgba(0,0,0,0.15); margin: 1px; max-width: 540px; min-width: 326px; padding: 0; width: calc(100% - 2px);\" data-instgrm-captioned=\"\" data-instgrm-permalink=\"https:\/\/www.instagram.com\/p\/CaUGOqqIPYA\/?utm_source=ig_embed&amp;utm_campaign=loading\" data-instgrm-version=\"14\">\n<div style=\"padding: 16px;\">\n<p>&nbsp;<\/p>\n<div style=\"display: flex; flex-direction: row; align-items: center;\">\n<div style=\"background-color: #f4f4f4; border-radius: 50%; flex-grow: 0; height: 40px; margin-right: 14px; width: 40px;\"><\/div>\n<div style=\"display: flex; flex-direction: column; flex-grow: 1; justify-content: center;\">\n<div style=\"background-color: #f4f4f4; border-radius: 4px; flex-grow: 0; height: 14px; margin-bottom: 6px; width: 100px;\"><\/div>\n<div style=\"background-color: #f4f4f4; border-radius: 4px; flex-grow: 0; height: 14px; width: 60px;\"><\/div>\n<\/div>\n<\/div>\n<div style=\"padding: 19% 0;\"><\/div>\n<div style=\"display: block; height: 50px; margin: 0 auto 12px; width: 50px;\"><\/div>\n<div style=\"padding-top: 8px;\">\n<div style=\"color: #3897f0; font-family: Arial,sans-serif; font-size: 14px; font-style: normal; font-weight: 550; line-height: 18px;\">View this post on Instagram<\/div>\n<\/div>\n<div style=\"padding: 12.5% 0;\"><\/div>\n<div style=\"display: flex; flex-direction: row; margin-bottom: 14px; align-items: center;\">\n<div>\n<div style=\"background-color: #f4f4f4; border-radius: 50%; height: 12.5px; width: 12.5px; transform: translateX(0px) translateY(7px);\"><\/div>\n<div style=\"background-color: #f4f4f4; height: 12.5px; transform: rotate(-45deg) translateX(3px) translateY(1px); width: 12.5px; flex-grow: 0; margin-right: 14px; margin-left: 2px;\"><\/div>\n<div style=\"background-color: #f4f4f4; border-radius: 50%; height: 12.5px; width: 12.5px; transform: translateX(9px) translateY(-18px);\"><\/div>\n<\/div>\n<div style=\"margin-left: 8px;\">\n<div style=\"background-color: #f4f4f4; border-radius: 50%; flex-grow: 0; height: 20px; width: 20px;\"><\/div>\n<div style=\"width: 0; height: 0; border-top: 2px solid transparent; border-left: 6px solid #f4f4f4; border-bottom: 2px solid transparent; transform: translateX(16px) translateY(-4px) rotate(30deg);\"><\/div>\n<\/div>\n<div style=\"margin-left: auto;\">\n<div style=\"width: 0px; border-top: 8px solid #F4F4F4; border-right: 8px solid transparent; transform: translateY(16px);\"><\/div>\n<div style=\"background-color: #f4f4f4; flex-grow: 0; height: 12px; width: 16px; transform: translateY(-4px);\"><\/div>\n<div style=\"width: 0; height: 0; border-top: 8px solid #F4F4F4; border-left: 8px solid transparent; transform: translateY(-4px) translateX(8px);\"><\/div>\n<\/div>\n<\/div>\n<div style=\"display: flex; flex-direction: column; flex-grow: 1; justify-content: center; margin-bottom: 24px;\">\n<div style=\"background-color: #f4f4f4; border-radius: 4px; flex-grow: 0; height: 14px; margin-bottom: 6px; width: 224px;\"><\/div>\n<div style=\"background-color: #f4f4f4; border-radius: 4px; flex-grow: 0; height: 14px; width: 144px;\"><\/div>\n<\/div>\n<p>&nbsp;<\/p>\n<p style=\"color: #c9c8cd; font-family: Arial,sans-serif; font-size: 14px; line-height: 17px; margin-bottom: 0; margin-top: 8px; overflow: hidden; padding: 8px 0 7px; text-align: center; text-overflow: ellipsis; white-space: nowrap;\"><a style=\"color: #c9c8cd; font-family: Arial,sans-serif; font-size: 14px; font-style: normal; font-weight: normal; line-height: 17px; text-decoration: none;\" href=\"https:\/\/www.instagram.com\/p\/CaUGOqqIPYA\/?utm_source=ig_embed&amp;utm_campaign=loading\" target=\"_blank\" rel=\"noopener\">A post shared by The Best Social Media &#8211; DE (@thebestsocialmediade)<\/a><\/p>\n<\/div>\n<\/blockquote>\n\n<script async defer src=\"\/instagram-embed.js\"><\/script>","protected":false},"excerpt":{"rendered":"<p>Wer tanzt ab morgen um den Let&#8217;s Dance Pokal? Die Kennenlernshow war bereits letzten Freitag, in der die Teilnehmer zum ersten Mal auf ihre strengen&#8230;<\/p>\n","protected":false},"author":90,"featured_media":157789,"comment_status":"open","ping_status":"open","sticky":false,"template":"","format":"standard","meta":{"_acf_changed":false,"footnotes":""},"categories":[106,1839,35],"tags":[4888,4887,147],"class_list":["post-157739","post","type-post","status-publish","format-standard","has-post-thumbnail","hentry","category-best-of","category-television","category-twitter","tag-fernsehshow","tag-lets-dance","tag-rtl"],"acf":[],"yoast_head":"<!-- This site is optimized with the Yoast SEO plugin v27.5 - https:\/\/yoast.com\/product\/yoast-seo-wordpress\/ -->\n<title>Wer ist bei Let&#039;s Dance dabei: Die besten Tweets zu den 14 Stars<\/title>\n<meta name=\"robots\" content=\"index, follow, max-snippet:-1, max-image-preview:large, max-video-preview:-1\" \/>\n<link rel=\"canonical\" href=\"https:\/\/www.thebestsocial.media\/de\/kennenlernshow-lets-dance-2022\/\" \/>\n<meta property=\"og:locale\" content=\"de_DE\" \/>\n<meta property=\"og:type\" content=\"article\" \/>\n<meta property=\"og:title\" content=\"Wer ist bei Let&#039;s Dance dabei: Die besten Tweets zu den 14 Stars\" \/>\n<meta property=\"og:description\" content=\"Wer tanzt ab morgen um den Let&#8217;s Dance Pokal? Die Kennenlernshow war bereits letzten Freitag, in der die Teilnehmer zum ersten Mal auf ihre strengen...\" \/>\n<meta property=\"og:url\" content=\"https:\/\/www.thebestsocial.media\/de\/kennenlernshow-lets-dance-2022\/\" \/>\n<meta property=\"og:site_name\" content=\"The Best Social Media DE\" \/>\n<meta property=\"article:published_time\" content=\"2022-02-24T18:40:41+00:00\" \/>\n<meta property=\"article:modified_time\" content=\"2022-02-25T04:24:26+00:00\" \/>\n<meta property=\"og:image\" content=\"https:\/\/www.thebestsocial.media\/de\/wp-content\/uploads\/sites\/3\/2022\/02\/Facebook_Post_Final-1024x538.png\" \/>\n\t<meta property=\"og:image:width\" content=\"1024\" \/>\n\t<meta property=\"og:image:height\" content=\"538\" \/>\n\t<meta property=\"og:image:type\" content=\"image\/png\" \/>\n<meta name=\"author\" content=\"Johanna\" \/>\n<meta name=\"twitter:card\" content=\"summary_large_image\" \/>\n<meta name=\"twitter:label1\" content=\"Verfasst von\" \/>\n\t<meta name=\"twitter:data1\" content=\"Johanna\" \/>\n\t<meta name=\"twitter:label2\" content=\"Gesch\u00e4tzte Lesezeit\" \/>\n\t<meta name=\"twitter:data2\" content=\"5\u00a0Minuten\" \/>\n<script type=\"application\/ld+json\" class=\"yoast-schema-graph\">{\"@context\":\"https:\\\/\\\/schema.org\",\"@graph\":[{\"@type\":\"Article\",\"@id\":\"https:\\\/\\\/www.thebestsocial.media\\\/de\\\/kennenlernshow-lets-dance-2022\\\/#article\",\"isPartOf\":{\"@id\":\"https:\\\/\\\/www.thebestsocial.media\\\/de\\\/kennenlernshow-lets-dance-2022\\\/\"},\"author\":{\"name\":\"Johanna\",\"@id\":\"https:\\\/\\\/www.thebestsocial.media\\\/de\\\/#\\\/schema\\\/person\\\/7e4e6d79bd9a1bd4abfc2c44bdca4ae5\"},\"headline\":\"Wer ist bei Let&#8217;s Dance dabei: Die besten Tweets zu den 14 Stars\",\"datePublished\":\"2022-02-24T18:40:41+00:00\",\"dateModified\":\"2022-02-25T04:24:26+00:00\",\"mainEntityOfPage\":{\"@id\":\"https:\\\/\\\/www.thebestsocial.media\\\/de\\\/kennenlernshow-lets-dance-2022\\\/\"},\"wordCount\":870,\"commentCount\":0,\"image\":{\"@id\":\"https:\\\/\\\/www.thebestsocial.media\\\/de\\\/kennenlernshow-lets-dance-2022\\\/#primaryimage\"},\"thumbnailUrl\":\"https:\\\/\\\/www.thebestsocial.media\\\/de\\\/wp-content\\\/uploads\\\/sites\\\/3\\\/2022\\\/02\\\/LetsDance-2.jpg\",\"keywords\":[\"Fernsehshow\",\"Let's Dance\",\"rtl\"],\"articleSection\":[\"Best of\",\"Television\",\"Twitter\"],\"inLanguage\":\"de\",\"potentialAction\":[{\"@type\":\"CommentAction\",\"name\":\"Comment\",\"target\":[\"https:\\\/\\\/www.thebestsocial.media\\\/de\\\/kennenlernshow-lets-dance-2022\\\/#respond\"]}]},{\"@type\":\"WebPage\",\"@id\":\"https:\\\/\\\/www.thebestsocial.media\\\/de\\\/kennenlernshow-lets-dance-2022\\\/\",\"url\":\"https:\\\/\\\/www.thebestsocial.media\\\/de\\\/kennenlernshow-lets-dance-2022\\\/\",\"name\":\"Wer ist bei Let's Dance dabei: Die besten Tweets zu den 14 Stars\",\"isPartOf\":{\"@id\":\"https:\\\/\\\/www.thebestsocial.media\\\/de\\\/#website\"},\"primaryImageOfPage\":{\"@id\":\"https:\\\/\\\/www.thebestsocial.media\\\/de\\\/kennenlernshow-lets-dance-2022\\\/#primaryimage\"},\"image\":{\"@id\":\"https:\\\/\\\/www.thebestsocial.media\\\/de\\\/kennenlernshow-lets-dance-2022\\\/#primaryimage\"},\"thumbnailUrl\":\"https:\\\/\\\/www.thebestsocial.media\\\/de\\\/wp-content\\\/uploads\\\/sites\\\/3\\\/2022\\\/02\\\/LetsDance-2.jpg\",\"datePublished\":\"2022-02-24T18:40:41+00:00\",\"dateModified\":\"2022-02-25T04:24:26+00:00\",\"author\":{\"@id\":\"https:\\\/\\\/www.thebestsocial.media\\\/de\\\/#\\\/schema\\\/person\\\/7e4e6d79bd9a1bd4abfc2c44bdca4ae5\"},\"breadcrumb\":{\"@id\":\"https:\\\/\\\/www.thebestsocial.media\\\/de\\\/kennenlernshow-lets-dance-2022\\\/#breadcrumb\"},\"inLanguage\":\"de\",\"potentialAction\":[{\"@type\":\"ReadAction\",\"target\":[\"https:\\\/\\\/www.thebestsocial.media\\\/de\\\/kennenlernshow-lets-dance-2022\\\/\"]}]},{\"@type\":\"ImageObject\",\"inLanguage\":\"de\",\"@id\":\"https:\\\/\\\/www.thebestsocial.media\\\/de\\\/kennenlernshow-lets-dance-2022\\\/#primaryimage\",\"url\":\"https:\\\/\\\/www.thebestsocial.media\\\/de\\\/wp-content\\\/uploads\\\/sites\\\/3\\\/2022\\\/02\\\/LetsDance-2.jpg\",\"contentUrl\":\"https:\\\/\\\/www.thebestsocial.media\\\/de\\\/wp-content\\\/uploads\\\/sites\\\/3\\\/2022\\\/02\\\/LetsDance-2.jpg\",\"width\":1920,\"height\":1080,\"caption\":\"T\u00e4nzer und T\u00e4nzerinnen\"},{\"@type\":\"BreadcrumbList\",\"@id\":\"https:\\\/\\\/www.thebestsocial.media\\\/de\\\/kennenlernshow-lets-dance-2022\\\/#breadcrumb\",\"itemListElement\":[{\"@type\":\"ListItem\",\"position\":1,\"name\":\"Home\",\"item\":\"https:\\\/\\\/www.thebestsocial.media\\\/de\\\/\"},{\"@type\":\"ListItem\",\"position\":2,\"name\":\"Wer ist bei Let&#8217;s Dance dabei: Die besten Tweets zu den 14 Stars\"}]},{\"@type\":\"WebSite\",\"@id\":\"https:\\\/\\\/www.thebestsocial.media\\\/de\\\/#website\",\"url\":\"https:\\\/\\\/www.thebestsocial.media\\\/de\\\/\",\"name\":\"The Best Social Media DE\",\"description\":\"\",\"potentialAction\":[{\"@type\":\"SearchAction\",\"target\":{\"@type\":\"EntryPoint\",\"urlTemplate\":\"https:\\\/\\\/www.thebestsocial.media\\\/de\\\/?s={search_term_string}\"},\"query-input\":{\"@type\":\"PropertyValueSpecification\",\"valueRequired\":true,\"valueName\":\"search_term_string\"}}],\"inLanguage\":\"de\"},{\"@type\":\"Person\",\"@id\":\"https:\\\/\\\/www.thebestsocial.media\\\/de\\\/#\\\/schema\\\/person\\\/7e4e6d79bd9a1bd4abfc2c44bdca4ae5\",\"name\":\"Johanna\",\"image\":{\"@type\":\"ImageObject\",\"inLanguage\":\"de\",\"@id\":\"https:\\\/\\\/secure.gravatar.com\\\/avatar\\\/75ce1fe18a6340c6127d32732e3615cd7010e7ce8c30f9e6460ebb4736008f68?s=96&d=mm&r=g\",\"url\":\"https:\\\/\\\/secure.gravatar.com\\\/avatar\\\/75ce1fe18a6340c6127d32732e3615cd7010e7ce8c30f9e6460ebb4736008f68?s=96&d=mm&r=g\",\"contentUrl\":\"https:\\\/\\\/secure.gravatar.com\\\/avatar\\\/75ce1fe18a6340c6127d32732e3615cd7010e7ce8c30f9e6460ebb4736008f68?s=96&d=mm&r=g\",\"caption\":\"Johanna\"},\"url\":\"https:\\\/\\\/www.thebestsocial.media\\\/de\\\/author\\\/johannamichaels\\\/\"}]}<\/script>\n<!-- \/ Yoast SEO plugin. -->","yoast_head_json":{"title":"Wer ist bei Let's Dance dabei: Die besten Tweets zu den 14 Stars","robots":{"index":"index","follow":"follow","max-snippet":"max-snippet:-1","max-image-preview":"max-image-preview:large","max-video-preview":"max-video-preview:-1"},"canonical":"https:\/\/www.thebestsocial.media\/de\/kennenlernshow-lets-dance-2022\/","og_locale":"de_DE","og_type":"article","og_title":"Wer ist bei Let's Dance dabei: Die besten Tweets zu den 14 Stars","og_description":"Wer tanzt ab morgen um den Let&#8217;s Dance Pokal? Die Kennenlernshow war bereits letzten Freitag, in der die Teilnehmer zum ersten Mal auf ihre strengen...","og_url":"https:\/\/www.thebestsocial.media\/de\/kennenlernshow-lets-dance-2022\/","og_site_name":"The Best Social Media DE","article_published_time":"2022-02-24T18:40:41+00:00","article_modified_time":"2022-02-25T04:24:26+00:00","og_image":[{"width":1024,"height":538,"url":"https:\/\/www.thebestsocial.media\/de\/wp-content\/uploads\/sites\/3\/2022\/02\/Facebook_Post_Final-1024x538.png","type":"image\/png"}],"author":"Johanna","twitter_card":"summary_large_image","twitter_misc":{"Verfasst von":"Johanna","Gesch\u00e4tzte Lesezeit":"5\u00a0Minuten"},"schema":{"@context":"https:\/\/schema.org","@graph":[{"@type":"Article","@id":"https:\/\/www.thebestsocial.media\/de\/kennenlernshow-lets-dance-2022\/#article","isPartOf":{"@id":"https:\/\/www.thebestsocial.media\/de\/kennenlernshow-lets-dance-2022\/"},"author":{"name":"Johanna","@id":"https:\/\/www.thebestsocial.media\/de\/#\/schema\/person\/7e4e6d79bd9a1bd4abfc2c44bdca4ae5"},"headline":"Wer ist bei Let&#8217;s Dance dabei: Die besten Tweets zu den 14 Stars","datePublished":"2022-02-24T18:40:41+00:00","dateModified":"2022-02-25T04:24:26+00:00","mainEntityOfPage":{"@id":"https:\/\/www.thebestsocial.media\/de\/kennenlernshow-lets-dance-2022\/"},"wordCount":870,"commentCount":0,"image":{"@id":"https:\/\/www.thebestsocial.media\/de\/kennenlernshow-lets-dance-2022\/#primaryimage"},"thumbnailUrl":"https:\/\/www.thebestsocial.media\/de\/wp-content\/uploads\/sites\/3\/2022\/02\/LetsDance-2.jpg","keywords":["Fernsehshow","Let's Dance","rtl"],"articleSection":["Best of","Television","Twitter"],"inLanguage":"de","potentialAction":[{"@type":"CommentAction","name":"Comment","target":["https:\/\/www.thebestsocial.media\/de\/kennenlernshow-lets-dance-2022\/#respond"]}]},{"@type":"WebPage","@id":"https:\/\/www.thebestsocial.media\/de\/kennenlernshow-lets-dance-2022\/","url":"https:\/\/www.thebestsocial.media\/de\/kennenlernshow-lets-dance-2022\/","name":"Wer ist bei Let's Dance dabei: Die besten Tweets zu den 14 Stars","isPartOf":{"@id":"https:\/\/www.thebestsocial.media\/de\/#website"},"primaryImageOfPage":{"@id":"https:\/\/www.thebestsocial.media\/de\/kennenlernshow-lets-dance-2022\/#primaryimage"},"image":{"@id":"https:\/\/www.thebestsocial.media\/de\/kennenlernshow-lets-dance-2022\/#primaryimage"},"thumbnailUrl":"https:\/\/www.thebestsocial.media\/de\/wp-content\/uploads\/sites\/3\/2022\/02\/LetsDance-2.jpg","datePublished":"2022-02-24T18:40:41+00:00","dateModified":"2022-02-25T04:24:26+00:00","author":{"@id":"https:\/\/www.thebestsocial.media\/de\/#\/schema\/person\/7e4e6d79bd9a1bd4abfc2c44bdca4ae5"},"breadcrumb":{"@id":"https:\/\/www.thebestsocial.media\/de\/kennenlernshow-lets-dance-2022\/#breadcrumb"},"inLanguage":"de","potentialAction":[{"@type":"ReadAction","target":["https:\/\/www.thebestsocial.media\/de\/kennenlernshow-lets-dance-2022\/"]}]},{"@type":"ImageObject","inLanguage":"de","@id":"https:\/\/www.thebestsocial.media\/de\/kennenlernshow-lets-dance-2022\/#primaryimage","url":"https:\/\/www.thebestsocial.media\/de\/wp-content\/uploads\/sites\/3\/2022\/02\/LetsDance-2.jpg","contentUrl":"https:\/\/www.thebestsocial.media\/de\/wp-content\/uploads\/sites\/3\/2022\/02\/LetsDance-2.jpg","width":1920,"height":1080,"caption":"T\u00e4nzer und T\u00e4nzerinnen"},{"@type":"BreadcrumbList","@id":"https:\/\/www.thebestsocial.media\/de\/kennenlernshow-lets-dance-2022\/#breadcrumb","itemListElement":[{"@type":"ListItem","position":1,"name":"Home","item":"https:\/\/www.thebestsocial.media\/de\/"},{"@type":"ListItem","position":2,"name":"Wer ist bei Let&#8217;s Dance dabei: Die besten Tweets zu den 14 Stars"}]},{"@type":"WebSite","@id":"https:\/\/www.thebestsocial.media\/de\/#website","url":"https:\/\/www.thebestsocial.media\/de\/","name":"The Best Social Media DE","description":"","potentialAction":[{"@type":"SearchAction","target":{"@type":"EntryPoint","urlTemplate":"https:\/\/www.thebestsocial.media\/de\/?s={search_term_string}"},"query-input":{"@type":"PropertyValueSpecification","valueRequired":true,"valueName":"search_term_string"}}],"inLanguage":"de"},{"@type":"Person","@id":"https:\/\/www.thebestsocial.media\/de\/#\/schema\/person\/7e4e6d79bd9a1bd4abfc2c44bdca4ae5","name":"Johanna","image":{"@type":"ImageObject","inLanguage":"de","@id":"https:\/\/secure.gravatar.com\/avatar\/75ce1fe18a6340c6127d32732e3615cd7010e7ce8c30f9e6460ebb4736008f68?s=96&d=mm&r=g","url":"https:\/\/secure.gravatar.com\/avatar\/75ce1fe18a6340c6127d32732e3615cd7010e7ce8c30f9e6460ebb4736008f68?s=96&d=mm&r=g","contentUrl":"https:\/\/secure.gravatar.com\/avatar\/75ce1fe18a6340c6127d32732e3615cd7010e7ce8c30f9e6460ebb4736008f68?s=96&d=mm&r=g","caption":"Johanna"},"url":"https:\/\/www.thebestsocial.media\/de\/author\/johannamichaels\/"}]}},"amp_enabled":true,"_links":{"self":[{"href":"https:\/\/www.thebestsocial.media\/de\/wp-json\/wp\/v2\/posts\/157739","targetHints":{"allow":["GET"]}}],"collection":[{"href":"https:\/\/www.thebestsocial.media\/de\/wp-json\/wp\/v2\/posts"}],"about":[{"href":"https:\/\/www.thebestsocial.media\/de\/wp-json\/wp\/v2\/types\/post"}],"author":[{"embeddable":true,"href":"https:\/\/www.thebestsocial.media\/de\/wp-json\/wp\/v2\/users\/90"}],"replies":[{"embeddable":true,"href":"https:\/\/www.thebestsocial.media\/de\/wp-json\/wp\/v2\/comments?post=157739"}],"version-history":[{"count":17,"href":"https:\/\/www.thebestsocial.media\/de\/wp-json\/wp\/v2\/posts\/157739\/revisions"}],"predecessor-version":[{"id":157795,"href":"https:\/\/www.thebestsocial.media\/de\/wp-json\/wp\/v2\/posts\/157739\/revisions\/157795"}],"wp:featuredmedia":[{"embeddable":true,"href":"https:\/\/www.thebestsocial.media\/de\/wp-json\/wp\/v2\/media\/157789"}],"wp:attachment":[{"href":"https:\/\/www.thebestsocial.media\/de\/wp-json\/wp\/v2\/media?parent=157739"}],"wp:term":[{"taxonomy":"category","embeddable":true,"href":"https:\/\/www.thebestsocial.media\/de\/wp-json\/wp\/v2\/categories?post=157739"},{"taxonomy":"post_tag","embeddable":true,"href":"https:\/\/www.thebestsocial.media\/de\/wp-json\/wp\/v2\/tags?post=157739"}],"curies":[{"name":"wp","href":"https:\/\/api.w.org\/{rel}","templated":true}]}}