{"id":157558,"date":"2022-02-21T11:03:30","date_gmt":"2022-02-21T11:03:30","guid":{"rendered":"https:\/\/www.thebestsocial.media\/de\/?p=157558"},"modified":"2022-02-21T12:16:12","modified_gmt":"2022-02-21T12:16:12","slug":"ein-sturm-zieht-uebers-land-selten-wurde-sich-gutes-wetter-so-ersehnt","status":"publish","type":"post","link":"https:\/\/www.thebestsocial.media\/de\/ein-sturm-zieht-uebers-land-selten-wurde-sich-gutes-wetter-so-ersehnt\/","title":{"rendered":"Ein Sturm zieht \u00fcbers Land: Selten wurde sich gutes Wetter so ersehnt"},"content":{"rendered":"<p>Gro\u00dfe Teile Europas sind in den letzten Tagen von starken St\u00fcrmen betroffen. Hohe Sch\u00e4den sind entstanden und trotzdem k\u00f6nnen relativ viele Menschen die Situation noch mit Humor sehen. Auch die Vorfreude auf Fr\u00fchling und gutes Wetter steigt drastisch an.<\/p>\n<p>&nbsp;<\/p>\n<h3><strong>1. Falls wer Lust auf Trampolin hat. <\/strong><\/h3>\n<blockquote class=\"twitter-tweet\">\n<p dir=\"ltr\" lang=\"de\">Wer hat sich von <a href=\"https:\/\/twitter.com\/hashtag\/Zeynep?src=hash&amp;ref_src=twsrc%5Etfw\">#Zeynep<\/a> ein Trampolin gew\u00fcnscht? Ist unterwegs, steht aber noch an der roten Ampel <a href=\"https:\/\/t.co\/GyDcL8f45W\">pic.twitter.com\/GyDcL8f45W<\/a><\/p>\n<p>\u2014 Apfokat (@Apfokat) <a href=\"https:\/\/twitter.com\/Apfokat\/status\/1494771299486515200?ref_src=twsrc%5Etfw\">February 18, 2022<\/a><\/p><\/blockquote>\n<p><script async src=\"https:\/\/platform.twitter.com\/widgets.js\" charset=\"utf-8\"><\/script><\/p>\n<p>&nbsp;<\/p>\n<h3><strong>2. Neue Transportmittel k\u00f6nnen entstehen. <\/strong><\/h3>\n<blockquote class=\"twitter-tweet\">\n<p dir=\"ltr\" lang=\"de\">Bin mir nicht wirklich sicher ob es sich durchsetzen wird&#8230; aber es geht! <a href=\"https:\/\/twitter.com\/hashtag\/Verkehrswende?src=hash&amp;ref_src=twsrc%5Etfw\">#Verkehrswende<\/a> <a href=\"https:\/\/twitter.com\/hashtag\/Sturm?src=hash&amp;ref_src=twsrc%5Etfw\">#Sturm<\/a> <a href=\"https:\/\/twitter.com\/hashtag\/Zeynep?src=hash&amp;ref_src=twsrc%5Etfw\">#Zeynep<\/a> <a href=\"https:\/\/t.co\/fQworDCKTb\">pic.twitter.com\/fQworDCKTb<\/a><\/p>\n<p>\u2014 Sascha (\u6f58\u8cde\u4e16) Pallenberg (@sascha_p) <a href=\"https:\/\/twitter.com\/sascha_p\/status\/1494944977130074112?ref_src=twsrc%5Etfw\">February 19, 2022<\/a><\/p><\/blockquote>\n<p><script async src=\"https:\/\/platform.twitter.com\/widgets.js\" charset=\"utf-8\"><\/script><\/p>\n<p>&nbsp;<\/p>\n<h3><strong>3. Nicht jeder ist gleich betroffen. <\/strong><\/h3>\n<blockquote class=\"twitter-tweet\">\n<p dir=\"ltr\" lang=\"de\">Sturmerprobt <a href=\"https:\/\/twitter.com\/hashtag\/Zeynep?src=hash&amp;ref_src=twsrc%5Etfw\">#Zeynep<\/a> <a href=\"https:\/\/t.co\/6Swx8TYGY7\">pic.twitter.com\/6Swx8TYGY7<\/a><\/p>\n<p>\u2014 Roland (@rolanddor) <a href=\"https:\/\/twitter.com\/rolanddor\/status\/1494737673826803713?ref_src=twsrc%5Etfw\">February 18, 2022<\/a><\/p><\/blockquote>\n<p><script async src=\"https:\/\/platform.twitter.com\/widgets.js\" charset=\"utf-8\"><\/script><\/p>\n<p>&nbsp;<\/p>\n<h3><strong>4. Bei der Namenswahl ist auch gewisse Kreativit\u00e4t gefragt. <\/strong><\/h3>\n<blockquote class=\"twitter-tweet\">\n<p dir=\"ltr\" lang=\"de\">Sabine, Ylenia und Zeynep, was kommt als N\u00e4chstes, Sturm Dilara?<\/p>\n<p>\u2014 SHAX \ud83d\udd25 (@Shaxreym) <a href=\"https:\/\/twitter.com\/Shaxreym\/status\/1494657368667348995?ref_src=twsrc%5Etfw\">February 18, 2022<\/a><\/p><\/blockquote>\n<p><script async src=\"https:\/\/platform.twitter.com\/widgets.js\" charset=\"utf-8\"><\/script><\/p>\n<p>&nbsp;<\/p>\n<h3><strong>5. Jeder brauch seinen Sch\u00f6nheitsschlaf.<\/strong><\/h3>\n<blockquote class=\"twitter-tweet\">\n<p dir=\"ltr\" lang=\"de\">orkan zeynep halt mal die fresse jetzt ich will schlafen gleich<\/p>\n<p>\u2014 Marius \u30c4 (@drecksuser) <a href=\"https:\/\/twitter.com\/drecksuser\/status\/1494824526051516428?ref_src=twsrc%5Etfw\">February 19, 2022<\/a><\/p><\/blockquote>\n<p><script async src=\"https:\/\/platform.twitter.com\/widgets.js\" charset=\"utf-8\"><\/script><\/p>\n<p>&nbsp;<\/p>\n<h3><strong>6. Mit wenig zufrieden sein. <\/strong><\/h3>\n<blockquote class=\"twitter-tweet\">\n<p dir=\"ltr\" lang=\"de\">N\u00e4chsten Sonntag 14\u00b0C und Regen.<\/p>\n<p>Endlich wieder gutes Wetter.<\/p>\n<p>\u2014 extrakaese (@extrakaese) <a href=\"https:\/\/twitter.com\/extrakaese\/status\/919956632884400128?ref_src=twsrc%5Etfw\">October 16, 2017<\/a><\/p><\/blockquote>\n<p><script async src=\"https:\/\/platform.twitter.com\/widgets.js\" charset=\"utf-8\"><\/script><\/p>\n<p>&nbsp;<\/p>\n<h3><strong>7. Auch am Wochenende kann man nur auf gutes Wetter hoffen. <\/strong><\/h3>\n<blockquote class=\"twitter-tweet\">\n<p dir=\"ltr\" lang=\"de\">Samstag ist \u00fcbrigens lateinisch und bedeutet<br \/>\n&#8222;Gutes Wetter kannst Du vergessen&#8220;.<\/p>\n<p>\u2014 BND (@BND_Deutschland) <a href=\"https:\/\/twitter.com\/BND_Deutschland\/status\/711076167420354560?ref_src=twsrc%5Etfw\">March 19, 2016<\/a><\/p><\/blockquote>\n<p><script async src=\"https:\/\/platform.twitter.com\/widgets.js\" charset=\"utf-8\"><\/script><\/p>\n<p>&nbsp;<\/p>\n<h3><strong>8. Alles, was man zum vollkommenen Gl\u00fcck braucht. <\/strong><\/h3>\n<blockquote class=\"twitter-tweet\">\n<p dir=\"ltr\" lang=\"de\">Wie kann etwas so simples wie gutes Wetter, einen so gl\u00fccklich machen<\/p>\n<p>\u2014 Ischtar Isik (@IschtarIsik) <a href=\"https:\/\/twitter.com\/IschtarIsik\/status\/729620458425987072?ref_src=twsrc%5Etfw\">May 9, 2016<\/a><\/p><\/blockquote>\n<p><script async src=\"https:\/\/platform.twitter.com\/widgets.js\" charset=\"utf-8\"><\/script><\/p>\n<p>&nbsp;<\/p>\n<h3><strong>9. Wer hat sich den Namen einfallen lassen? <\/strong><\/h3>\n<p><video src=\"https:\/\/www.thebestsocial.media\/de\/wp-content\/uploads\/tiktok\/7066108679984024838.mp4\" controls width=\"623\" height=\"1108\" style=\"border:0; height:90vh; width:50.625000vh;\"><\/video><\/p>\n<p>&nbsp;<\/p>\n<h3><strong>10. Nicht jeder hat was gegen die Ausgangsbeschr\u00e4nkungen. <\/strong><\/h3>\n<p><video src=\"https:\/\/www.thebestsocial.media\/de\/wp-content\/uploads\/tiktok\/7066170340346563846.mp4\" controls width=\"623\" height=\"1108\" style=\"border:0; height:90vh; width:50.625000vh;\"><\/video><\/p>\n<p>___<br \/>\nVielen Dank an alle f\u00fcr die Posts.<br \/>\n___<\/p>\n<blockquote class=\"instagram-media\" style=\"background: #FFF; border: 0; border-radius: 3px; box-shadow: 0 0 1px 0 rgba(0,0,0,0.5),0 1px 10px 0 rgba(0,0,0,0.15); margin: 1px; max-width: 540px; min-width: 326px; padding: 0; width: calc(100% - 2px);\" data-instgrm-captioned=\"\" data-instgrm-permalink=\"https:\/\/www.instagram.com\/p\/CZKM1cOocYG\/?utm_source=ig_embed&amp;utm_campaign=loading\" data-instgrm-version=\"14\">\n<div style=\"padding: 16px;\">\n<p>&nbsp;<\/p>\n<div style=\"display: flex; flex-direction: row; align-items: center;\">\n<div style=\"background-color: #f4f4f4; border-radius: 50%; flex-grow: 0; height: 40px; margin-right: 14px; width: 40px;\"><\/div>\n<div style=\"display: flex; flex-direction: column; flex-grow: 1; justify-content: center;\">\n<div style=\"background-color: #f4f4f4; border-radius: 4px; flex-grow: 0; height: 14px; margin-bottom: 6px; width: 100px;\"><\/div>\n<div style=\"background-color: #f4f4f4; border-radius: 4px; flex-grow: 0; height: 14px; width: 60px;\"><\/div>\n<\/div>\n<\/div>\n<div style=\"padding: 19% 0;\"><\/div>\n<div style=\"display: block; height: 50px; margin: 0 auto 12px; width: 50px;\"><\/div>\n<div style=\"padding-top: 8px;\">\n<div style=\"color: #3897f0; font-family: Arial,sans-serif; font-size: 14px; font-style: normal; font-weight: 550; line-height: 18px;\">View this post on Instagram<\/div>\n<\/div>\n<div style=\"padding: 12.5% 0;\"><\/div>\n<div style=\"display: flex; flex-direction: row; margin-bottom: 14px; align-items: center;\">\n<div>\n<div style=\"background-color: #f4f4f4; border-radius: 50%; height: 12.5px; width: 12.5px; transform: translateX(0px) translateY(7px);\"><\/div>\n<div style=\"background-color: #f4f4f4; height: 12.5px; transform: rotate(-45deg) translateX(3px) translateY(1px); width: 12.5px; flex-grow: 0; margin-right: 14px; margin-left: 2px;\"><\/div>\n<div style=\"background-color: #f4f4f4; border-radius: 50%; height: 12.5px; width: 12.5px; transform: translateX(9px) translateY(-18px);\"><\/div>\n<\/div>\n<div style=\"margin-left: 8px;\">\n<div style=\"background-color: #f4f4f4; border-radius: 50%; flex-grow: 0; height: 20px; width: 20px;\"><\/div>\n<div style=\"width: 0; height: 0; border-top: 2px solid transparent; border-left: 6px solid #f4f4f4; border-bottom: 2px solid transparent; transform: translateX(16px) translateY(-4px) rotate(30deg);\"><\/div>\n<\/div>\n<div style=\"margin-left: auto;\">\n<div style=\"width: 0px; border-top: 8px solid #F4F4F4; border-right: 8px solid transparent; transform: translateY(16px);\"><\/div>\n<div style=\"background-color: #f4f4f4; flex-grow: 0; height: 12px; width: 16px; transform: translateY(-4px);\"><\/div>\n<div style=\"width: 0; height: 0; border-top: 8px solid #F4F4F4; border-left: 8px solid transparent; transform: translateY(-4px) translateX(8px);\"><\/div>\n<\/div>\n<\/div>\n<div style=\"display: flex; flex-direction: column; flex-grow: 1; justify-content: center; margin-bottom: 24px;\">\n<div style=\"background-color: #f4f4f4; border-radius: 4px; flex-grow: 0; height: 14px; margin-bottom: 6px; width: 224px;\"><\/div>\n<div style=\"background-color: #f4f4f4; border-radius: 4px; flex-grow: 0; height: 14px; width: 144px;\"><\/div>\n<\/div>\n<p>&nbsp;<\/p>\n<p style=\"color: #c9c8cd; font-family: Arial,sans-serif; font-size: 14px; line-height: 17px; margin-bottom: 0; margin-top: 8px; overflow: hidden; padding: 8px 0 7px; text-align: center; text-overflow: ellipsis; white-space: nowrap;\"><a style=\"color: #c9c8cd; font-family: Arial,sans-serif; font-size: 14px; font-style: normal; font-weight: normal; line-height: 17px; text-decoration: none;\" href=\"https:\/\/www.instagram.com\/p\/CZKM1cOocYG\/?utm_source=ig_embed&amp;utm_campaign=loading\" target=\"_blank\" rel=\"noopener\">A post shared by The Best Social Media &#8211; DE (@thebestsocialmediade)<\/a><\/p>\n<\/div>\n<\/blockquote>\n\n<script async defer src=\"\/instagram-embed.js\"><\/script>","protected":false},"excerpt":{"rendered":"<p>Gro\u00dfe Teile Europas sind in den letzten Tagen von starken St\u00fcrmen betroffen. Hohe Sch\u00e4den sind entstanden und trotzdem k\u00f6nnen relativ viele Menschen die Situation noch&#8230;<\/p>\n","protected":false},"author":92,"featured_media":157565,"comment_status":"open","ping_status":"open","sticky":false,"template":"","format":"standard","meta":{"_acf_changed":false,"footnotes":""},"categories":[102,3641,35,1],"tags":[1020,3333,58,4872],"class_list":["post-157558","post","type-post","status-publish","format-standard","has-post-thumbnail","hentry","category-allgemein","category-tiktok","category-twitter","category-uncategorized","tag-sturm","tag-tiktok","tag-twitter","tag-zeynep"],"acf":[],"yoast_head":"<!-- This site is optimized with the Yoast SEO plugin v27.5 - https:\/\/yoast.com\/product\/yoast-seo-wordpress\/ -->\n<title>Ein Sturm zieht \u00fcbers Land: Selten wurde sich gutes Wetter so ersehnt<\/title>\n<meta name=\"robots\" content=\"index, follow, max-snippet:-1, max-image-preview:large, max-video-preview:-1\" \/>\n<link rel=\"canonical\" href=\"https:\/\/www.thebestsocial.media\/de\/ein-sturm-zieht-uebers-land-selten-wurde-sich-gutes-wetter-so-ersehnt\/\" \/>\n<meta property=\"og:locale\" content=\"de_DE\" \/>\n<meta property=\"og:type\" content=\"article\" \/>\n<meta property=\"og:title\" content=\"Ein Sturm zieht \u00fcbers Land: Selten wurde sich gutes Wetter so ersehnt\" \/>\n<meta property=\"og:description\" content=\"Gro\u00dfe Teile Europas sind in den letzten Tagen von starken St\u00fcrmen betroffen. Hohe Sch\u00e4den sind entstanden und trotzdem k\u00f6nnen relativ viele Menschen die Situation noch...\" \/>\n<meta property=\"og:url\" content=\"https:\/\/www.thebestsocial.media\/de\/ein-sturm-zieht-uebers-land-selten-wurde-sich-gutes-wetter-so-ersehnt\/\" \/>\n<meta property=\"og:site_name\" content=\"The Best Social Media DE\" \/>\n<meta property=\"article:author\" content=\"Anna Oeltges\" \/>\n<meta property=\"article:published_time\" content=\"2022-02-21T11:03:30+00:00\" \/>\n<meta property=\"article:modified_time\" content=\"2022-02-21T12:16:12+00:00\" \/>\n<meta property=\"og:image\" content=\"https:\/\/www.thebestsocial.media\/de\/wp-content\/uploads\/sites\/3\/2022\/02\/Header_Bild_Neu-20.png\" \/>\n\t<meta property=\"og:image:width\" content=\"1200\" \/>\n\t<meta property=\"og:image:height\" content=\"630\" \/>\n\t<meta property=\"og:image:type\" content=\"image\/png\" \/>\n<meta name=\"author\" content=\"Anna Oeltges\" \/>\n<meta name=\"twitter:card\" content=\"summary_large_image\" \/>\n<meta name=\"twitter:creator\" content=\"@oeltges\" \/>\n<meta name=\"twitter:label1\" content=\"Verfasst von\" \/>\n\t<meta name=\"twitter:data1\" content=\"Anna Oeltges\" \/>\n\t<meta name=\"twitter:label2\" content=\"Gesch\u00e4tzte Lesezeit\" \/>\n\t<meta name=\"twitter:data2\" content=\"2\u00a0Minuten\" \/>\n<script type=\"application\/ld+json\" class=\"yoast-schema-graph\">{\"@context\":\"https:\\\/\\\/schema.org\",\"@graph\":[{\"@type\":\"Article\",\"@id\":\"https:\\\/\\\/www.thebestsocial.media\\\/de\\\/ein-sturm-zieht-uebers-land-selten-wurde-sich-gutes-wetter-so-ersehnt\\\/#article\",\"isPartOf\":{\"@id\":\"https:\\\/\\\/www.thebestsocial.media\\\/de\\\/ein-sturm-zieht-uebers-land-selten-wurde-sich-gutes-wetter-so-ersehnt\\\/\"},\"author\":{\"name\":\"Anna Oeltges\",\"@id\":\"https:\\\/\\\/www.thebestsocial.media\\\/de\\\/#\\\/schema\\\/person\\\/73ef7d3bb298de832c8f1c79b4a41e81\"},\"headline\":\"Ein Sturm zieht \u00fcbers Land: Selten wurde sich gutes Wetter so ersehnt\",\"datePublished\":\"2022-02-21T11:03:30+00:00\",\"dateModified\":\"2022-02-21T12:16:12+00:00\",\"mainEntityOfPage\":{\"@id\":\"https:\\\/\\\/www.thebestsocial.media\\\/de\\\/ein-sturm-zieht-uebers-land-selten-wurde-sich-gutes-wetter-so-ersehnt\\\/\"},\"wordCount\":318,\"commentCount\":0,\"image\":{\"@id\":\"https:\\\/\\\/www.thebestsocial.media\\\/de\\\/ein-sturm-zieht-uebers-land-selten-wurde-sich-gutes-wetter-so-ersehnt\\\/#primaryimage\"},\"thumbnailUrl\":\"https:\\\/\\\/www.thebestsocial.media\\\/de\\\/wp-content\\\/uploads\\\/sites\\\/3\\\/2022\\\/02\\\/pexels-dziana-hasanbekava-5480712-scaled.jpg\",\"keywords\":[\"Sturm\",\"TikTok\",\"twitter\",\"Zeynep\"],\"articleSection\":{\"1\":\"TikTok\",\"2\":\"Twitter\",\"3\":\"Uncategorized\"},\"inLanguage\":\"de\",\"potentialAction\":[{\"@type\":\"CommentAction\",\"name\":\"Comment\",\"target\":[\"https:\\\/\\\/www.thebestsocial.media\\\/de\\\/ein-sturm-zieht-uebers-land-selten-wurde-sich-gutes-wetter-so-ersehnt\\\/#respond\"]}]},{\"@type\":\"WebPage\",\"@id\":\"https:\\\/\\\/www.thebestsocial.media\\\/de\\\/ein-sturm-zieht-uebers-land-selten-wurde-sich-gutes-wetter-so-ersehnt\\\/\",\"url\":\"https:\\\/\\\/www.thebestsocial.media\\\/de\\\/ein-sturm-zieht-uebers-land-selten-wurde-sich-gutes-wetter-so-ersehnt\\\/\",\"name\":\"Ein Sturm zieht \u00fcbers Land: Selten wurde sich gutes Wetter so ersehnt\",\"isPartOf\":{\"@id\":\"https:\\\/\\\/www.thebestsocial.media\\\/de\\\/#website\"},\"primaryImageOfPage\":{\"@id\":\"https:\\\/\\\/www.thebestsocial.media\\\/de\\\/ein-sturm-zieht-uebers-land-selten-wurde-sich-gutes-wetter-so-ersehnt\\\/#primaryimage\"},\"image\":{\"@id\":\"https:\\\/\\\/www.thebestsocial.media\\\/de\\\/ein-sturm-zieht-uebers-land-selten-wurde-sich-gutes-wetter-so-ersehnt\\\/#primaryimage\"},\"thumbnailUrl\":\"https:\\\/\\\/www.thebestsocial.media\\\/de\\\/wp-content\\\/uploads\\\/sites\\\/3\\\/2022\\\/02\\\/pexels-dziana-hasanbekava-5480712-scaled.jpg\",\"datePublished\":\"2022-02-21T11:03:30+00:00\",\"dateModified\":\"2022-02-21T12:16:12+00:00\",\"author\":{\"@id\":\"https:\\\/\\\/www.thebestsocial.media\\\/de\\\/#\\\/schema\\\/person\\\/73ef7d3bb298de832c8f1c79b4a41e81\"},\"breadcrumb\":{\"@id\":\"https:\\\/\\\/www.thebestsocial.media\\\/de\\\/ein-sturm-zieht-uebers-land-selten-wurde-sich-gutes-wetter-so-ersehnt\\\/#breadcrumb\"},\"inLanguage\":\"de\",\"potentialAction\":[{\"@type\":\"ReadAction\",\"target\":[\"https:\\\/\\\/www.thebestsocial.media\\\/de\\\/ein-sturm-zieht-uebers-land-selten-wurde-sich-gutes-wetter-so-ersehnt\\\/\"]}]},{\"@type\":\"ImageObject\",\"inLanguage\":\"de\",\"@id\":\"https:\\\/\\\/www.thebestsocial.media\\\/de\\\/ein-sturm-zieht-uebers-land-selten-wurde-sich-gutes-wetter-so-ersehnt\\\/#primaryimage\",\"url\":\"https:\\\/\\\/www.thebestsocial.media\\\/de\\\/wp-content\\\/uploads\\\/sites\\\/3\\\/2022\\\/02\\\/pexels-dziana-hasanbekava-5480712-scaled.jpg\",\"contentUrl\":\"https:\\\/\\\/www.thebestsocial.media\\\/de\\\/wp-content\\\/uploads\\\/sites\\\/3\\\/2022\\\/02\\\/pexels-dziana-hasanbekava-5480712-scaled.jpg\",\"width\":2560,\"height\":1710},{\"@type\":\"BreadcrumbList\",\"@id\":\"https:\\\/\\\/www.thebestsocial.media\\\/de\\\/ein-sturm-zieht-uebers-land-selten-wurde-sich-gutes-wetter-so-ersehnt\\\/#breadcrumb\",\"itemListElement\":[{\"@type\":\"ListItem\",\"position\":1,\"name\":\"Home\",\"item\":\"https:\\\/\\\/www.thebestsocial.media\\\/de\\\/\"},{\"@type\":\"ListItem\",\"position\":2,\"name\":\"Ein Sturm zieht \u00fcbers Land: Selten wurde sich gutes Wetter so ersehnt\"}]},{\"@type\":\"WebSite\",\"@id\":\"https:\\\/\\\/www.thebestsocial.media\\\/de\\\/#website\",\"url\":\"https:\\\/\\\/www.thebestsocial.media\\\/de\\\/\",\"name\":\"The Best Social Media DE\",\"description\":\"\",\"potentialAction\":[{\"@type\":\"SearchAction\",\"target\":{\"@type\":\"EntryPoint\",\"urlTemplate\":\"https:\\\/\\\/www.thebestsocial.media\\\/de\\\/?s={search_term_string}\"},\"query-input\":{\"@type\":\"PropertyValueSpecification\",\"valueRequired\":true,\"valueName\":\"search_term_string\"}}],\"inLanguage\":\"de\"},{\"@type\":\"Person\",\"@id\":\"https:\\\/\\\/www.thebestsocial.media\\\/de\\\/#\\\/schema\\\/person\\\/73ef7d3bb298de832c8f1c79b4a41e81\",\"name\":\"Anna Oeltges\",\"image\":{\"@type\":\"ImageObject\",\"inLanguage\":\"de\",\"@id\":\"https:\\\/\\\/secure.gravatar.com\\\/avatar\\\/5ce5a6c547e9e6c1f06970e7e00b7d65cb62536add335c1e887b5723d76d3fd6?s=96&d=mm&r=g\",\"url\":\"https:\\\/\\\/secure.gravatar.com\\\/avatar\\\/5ce5a6c547e9e6c1f06970e7e00b7d65cb62536add335c1e887b5723d76d3fd6?s=96&d=mm&r=g\",\"contentUrl\":\"https:\\\/\\\/secure.gravatar.com\\\/avatar\\\/5ce5a6c547e9e6c1f06970e7e00b7d65cb62536add335c1e887b5723d76d3fd6?s=96&d=mm&r=g\",\"caption\":\"Anna Oeltges\"},\"sameAs\":[\"Anna Oeltges\",\"annaoeltges\",\"https:\\\/\\\/x.com\\\/oeltges\"],\"url\":\"https:\\\/\\\/www.thebestsocial.media\\\/de\\\/author\\\/anna\\\/\"}]}<\/script>\n<!-- \/ Yoast SEO plugin. -->","yoast_head_json":{"title":"Ein Sturm zieht \u00fcbers Land: Selten wurde sich gutes Wetter so ersehnt","robots":{"index":"index","follow":"follow","max-snippet":"max-snippet:-1","max-image-preview":"max-image-preview:large","max-video-preview":"max-video-preview:-1"},"canonical":"https:\/\/www.thebestsocial.media\/de\/ein-sturm-zieht-uebers-land-selten-wurde-sich-gutes-wetter-so-ersehnt\/","og_locale":"de_DE","og_type":"article","og_title":"Ein Sturm zieht \u00fcbers Land: Selten wurde sich gutes Wetter so ersehnt","og_description":"Gro\u00dfe Teile Europas sind in den letzten Tagen von starken St\u00fcrmen betroffen. Hohe Sch\u00e4den sind entstanden und trotzdem k\u00f6nnen relativ viele Menschen die Situation noch...","og_url":"https:\/\/www.thebestsocial.media\/de\/ein-sturm-zieht-uebers-land-selten-wurde-sich-gutes-wetter-so-ersehnt\/","og_site_name":"The Best Social Media DE","article_author":"Anna Oeltges","article_published_time":"2022-02-21T11:03:30+00:00","article_modified_time":"2022-02-21T12:16:12+00:00","og_image":[{"width":1200,"height":630,"url":"https:\/\/www.thebestsocial.media\/de\/wp-content\/uploads\/sites\/3\/2022\/02\/Header_Bild_Neu-20.png","type":"image\/png"}],"author":"Anna Oeltges","twitter_card":"summary_large_image","twitter_creator":"@oeltges","twitter_misc":{"Verfasst von":"Anna Oeltges","Gesch\u00e4tzte Lesezeit":"2\u00a0Minuten"},"schema":{"@context":"https:\/\/schema.org","@graph":[{"@type":"Article","@id":"https:\/\/www.thebestsocial.media\/de\/ein-sturm-zieht-uebers-land-selten-wurde-sich-gutes-wetter-so-ersehnt\/#article","isPartOf":{"@id":"https:\/\/www.thebestsocial.media\/de\/ein-sturm-zieht-uebers-land-selten-wurde-sich-gutes-wetter-so-ersehnt\/"},"author":{"name":"Anna Oeltges","@id":"https:\/\/www.thebestsocial.media\/de\/#\/schema\/person\/73ef7d3bb298de832c8f1c79b4a41e81"},"headline":"Ein Sturm zieht \u00fcbers Land: Selten wurde sich gutes Wetter so ersehnt","datePublished":"2022-02-21T11:03:30+00:00","dateModified":"2022-02-21T12:16:12+00:00","mainEntityOfPage":{"@id":"https:\/\/www.thebestsocial.media\/de\/ein-sturm-zieht-uebers-land-selten-wurde-sich-gutes-wetter-so-ersehnt\/"},"wordCount":318,"commentCount":0,"image":{"@id":"https:\/\/www.thebestsocial.media\/de\/ein-sturm-zieht-uebers-land-selten-wurde-sich-gutes-wetter-so-ersehnt\/#primaryimage"},"thumbnailUrl":"https:\/\/www.thebestsocial.media\/de\/wp-content\/uploads\/sites\/3\/2022\/02\/pexels-dziana-hasanbekava-5480712-scaled.jpg","keywords":["Sturm","TikTok","twitter","Zeynep"],"articleSection":{"1":"TikTok","2":"Twitter","3":"Uncategorized"},"inLanguage":"de","potentialAction":[{"@type":"CommentAction","name":"Comment","target":["https:\/\/www.thebestsocial.media\/de\/ein-sturm-zieht-uebers-land-selten-wurde-sich-gutes-wetter-so-ersehnt\/#respond"]}]},{"@type":"WebPage","@id":"https:\/\/www.thebestsocial.media\/de\/ein-sturm-zieht-uebers-land-selten-wurde-sich-gutes-wetter-so-ersehnt\/","url":"https:\/\/www.thebestsocial.media\/de\/ein-sturm-zieht-uebers-land-selten-wurde-sich-gutes-wetter-so-ersehnt\/","name":"Ein Sturm zieht \u00fcbers Land: Selten wurde sich gutes Wetter so ersehnt","isPartOf":{"@id":"https:\/\/www.thebestsocial.media\/de\/#website"},"primaryImageOfPage":{"@id":"https:\/\/www.thebestsocial.media\/de\/ein-sturm-zieht-uebers-land-selten-wurde-sich-gutes-wetter-so-ersehnt\/#primaryimage"},"image":{"@id":"https:\/\/www.thebestsocial.media\/de\/ein-sturm-zieht-uebers-land-selten-wurde-sich-gutes-wetter-so-ersehnt\/#primaryimage"},"thumbnailUrl":"https:\/\/www.thebestsocial.media\/de\/wp-content\/uploads\/sites\/3\/2022\/02\/pexels-dziana-hasanbekava-5480712-scaled.jpg","datePublished":"2022-02-21T11:03:30+00:00","dateModified":"2022-02-21T12:16:12+00:00","author":{"@id":"https:\/\/www.thebestsocial.media\/de\/#\/schema\/person\/73ef7d3bb298de832c8f1c79b4a41e81"},"breadcrumb":{"@id":"https:\/\/www.thebestsocial.media\/de\/ein-sturm-zieht-uebers-land-selten-wurde-sich-gutes-wetter-so-ersehnt\/#breadcrumb"},"inLanguage":"de","potentialAction":[{"@type":"ReadAction","target":["https:\/\/www.thebestsocial.media\/de\/ein-sturm-zieht-uebers-land-selten-wurde-sich-gutes-wetter-so-ersehnt\/"]}]},{"@type":"ImageObject","inLanguage":"de","@id":"https:\/\/www.thebestsocial.media\/de\/ein-sturm-zieht-uebers-land-selten-wurde-sich-gutes-wetter-so-ersehnt\/#primaryimage","url":"https:\/\/www.thebestsocial.media\/de\/wp-content\/uploads\/sites\/3\/2022\/02\/pexels-dziana-hasanbekava-5480712-scaled.jpg","contentUrl":"https:\/\/www.thebestsocial.media\/de\/wp-content\/uploads\/sites\/3\/2022\/02\/pexels-dziana-hasanbekava-5480712-scaled.jpg","width":2560,"height":1710},{"@type":"BreadcrumbList","@id":"https:\/\/www.thebestsocial.media\/de\/ein-sturm-zieht-uebers-land-selten-wurde-sich-gutes-wetter-so-ersehnt\/#breadcrumb","itemListElement":[{"@type":"ListItem","position":1,"name":"Home","item":"https:\/\/www.thebestsocial.media\/de\/"},{"@type":"ListItem","position":2,"name":"Ein Sturm zieht \u00fcbers Land: Selten wurde sich gutes Wetter so ersehnt"}]},{"@type":"WebSite","@id":"https:\/\/www.thebestsocial.media\/de\/#website","url":"https:\/\/www.thebestsocial.media\/de\/","name":"The Best Social Media DE","description":"","potentialAction":[{"@type":"SearchAction","target":{"@type":"EntryPoint","urlTemplate":"https:\/\/www.thebestsocial.media\/de\/?s={search_term_string}"},"query-input":{"@type":"PropertyValueSpecification","valueRequired":true,"valueName":"search_term_string"}}],"inLanguage":"de"},{"@type":"Person","@id":"https:\/\/www.thebestsocial.media\/de\/#\/schema\/person\/73ef7d3bb298de832c8f1c79b4a41e81","name":"Anna Oeltges","image":{"@type":"ImageObject","inLanguage":"de","@id":"https:\/\/secure.gravatar.com\/avatar\/5ce5a6c547e9e6c1f06970e7e00b7d65cb62536add335c1e887b5723d76d3fd6?s=96&d=mm&r=g","url":"https:\/\/secure.gravatar.com\/avatar\/5ce5a6c547e9e6c1f06970e7e00b7d65cb62536add335c1e887b5723d76d3fd6?s=96&d=mm&r=g","contentUrl":"https:\/\/secure.gravatar.com\/avatar\/5ce5a6c547e9e6c1f06970e7e00b7d65cb62536add335c1e887b5723d76d3fd6?s=96&d=mm&r=g","caption":"Anna Oeltges"},"sameAs":["Anna Oeltges","annaoeltges","https:\/\/x.com\/oeltges"],"url":"https:\/\/www.thebestsocial.media\/de\/author\/anna\/"}]}},"amp_enabled":true,"_links":{"self":[{"href":"https:\/\/www.thebestsocial.media\/de\/wp-json\/wp\/v2\/posts\/157558","targetHints":{"allow":["GET"]}}],"collection":[{"href":"https:\/\/www.thebestsocial.media\/de\/wp-json\/wp\/v2\/posts"}],"about":[{"href":"https:\/\/www.thebestsocial.media\/de\/wp-json\/wp\/v2\/types\/post"}],"author":[{"embeddable":true,"href":"https:\/\/www.thebestsocial.media\/de\/wp-json\/wp\/v2\/users\/92"}],"replies":[{"embeddable":true,"href":"https:\/\/www.thebestsocial.media\/de\/wp-json\/wp\/v2\/comments?post=157558"}],"version-history":[{"count":7,"href":"https:\/\/www.thebestsocial.media\/de\/wp-json\/wp\/v2\/posts\/157558\/revisions"}],"predecessor-version":[{"id":157567,"href":"https:\/\/www.thebestsocial.media\/de\/wp-json\/wp\/v2\/posts\/157558\/revisions\/157567"}],"wp:featuredmedia":[{"embeddable":true,"href":"https:\/\/www.thebestsocial.media\/de\/wp-json\/wp\/v2\/media\/157565"}],"wp:attachment":[{"href":"https:\/\/www.thebestsocial.media\/de\/wp-json\/wp\/v2\/media?parent=157558"}],"wp:term":[{"taxonomy":"category","embeddable":true,"href":"https:\/\/www.thebestsocial.media\/de\/wp-json\/wp\/v2\/categories?post=157558"},{"taxonomy":"post_tag","embeddable":true,"href":"https:\/\/www.thebestsocial.media\/de\/wp-json\/wp\/v2\/tags?post=157558"}],"curies":[{"name":"wp","href":"https:\/\/api.w.org\/{rel}","templated":true}]}}