{"id":157293,"date":"2022-02-16T10:45:29","date_gmt":"2022-02-16T10:45:29","guid":{"rendered":"https:\/\/www.thebestsocial.media\/de\/?p=157293"},"modified":"2022-02-16T10:45:29","modified_gmt":"2022-02-16T10:45:29","slug":"headphones-off-world-on-wenn-man-die-welt-ohne-kopfhoerer-ertragen-muss","status":"publish","type":"post","link":"https:\/\/www.thebestsocial.media\/de\/headphones-off-world-on-wenn-man-die-welt-ohne-kopfhoerer-ertragen-muss\/","title":{"rendered":"Headphones Off World On: Wenn man die Welt ohne Kopfh\u00f6rer ertragen muss"},"content":{"rendered":"<p>In \u00f6ffentlichen Transportmitteln, im Fitnessstudio oder beim Einkaufen. Kopfh\u00f6rer dabeizuhaben, wenn man das Haus verl\u00e4sst, ist essenziell. Wird man gezwungen diese auszuziehen oder hat man sie zu Hause vergessen, kann dies durchaus dramatische Folgen haben&#8230;<\/p>\n<p>&nbsp;<\/p>\n<h3><strong>1. Auf einmal ist die Welt sehr still um einen herum. <\/strong><\/h3>\n<blockquote class=\"twitter-tweet\">\n<p dir=\"ltr\" lang=\"de\">Wenn du deine Kopfh\u00f6rer zuhause vergessen hast: <a href=\"https:\/\/t.co\/STuwCRnejO\">pic.twitter.com\/STuwCRnejO<\/a><\/p>\n<p>\u2014 netflixde (@NetflixDE) <a href=\"https:\/\/twitter.com\/NetflixDE\/status\/970620073999306752?ref_src=twsrc%5Etfw\">March 5, 2018<\/a><\/p><\/blockquote>\n<p><script async src=\"https:\/\/platform.twitter.com\/widgets.js\" charset=\"utf-8\"><\/script><\/p>\n<p>&nbsp;<\/p>\n<h3><strong>2. Kopfh\u00f6rer k\u00f6nnen multifunktional eingesetzt werden. <\/strong><\/h3>\n<blockquote class=\"twitter-tweet\">\n<p dir=\"ltr\" lang=\"de\">ProTipp:<\/p>\n<p>Wenn man sich In-Ear Kopfh\u00f6rer in die Nase steckt und dabei den Mund weit \u00f6ffnet, sieht man aus wie ein Idiot aus dem Musik kommt.<\/p>\n<p>\u2014 Nicht Chevy Chase (@DrWaumiau) <a href=\"https:\/\/twitter.com\/DrWaumiau\/status\/828847453289881600?ref_src=twsrc%5Etfw\">February 7, 2017<\/a><\/p><\/blockquote>\n<p><script async src=\"https:\/\/platform.twitter.com\/widgets.js\" charset=\"utf-8\"><\/script><\/p>\n<p>&nbsp;<\/p>\n<h3><strong>3. Sie auszuziehen, ist harte Arbeit. <\/strong><\/h3>\n<blockquote class=\"twitter-tweet\">\n<p dir=\"ltr\" lang=\"de\">Weil ich einen Kollegen auf dem Weg getroffen habe, musste ich vorzeitig die Kopfh\u00f6rer absetzen. Das schreibe ich mir als Arbeitszeit auf!<\/p>\n<p>\u2014 Gebbi Gibson (@GebbiGibson) <a href=\"https:\/\/twitter.com\/GebbiGibson\/status\/866542213257474048?ref_src=twsrc%5Etfw\">May 22, 2017<\/a><\/p><\/blockquote>\n<p><script async src=\"https:\/\/platform.twitter.com\/widgets.js\" charset=\"utf-8\"><\/script><\/p>\n<p>&nbsp;<\/p>\n<h3><strong>4. Mittlerweile fester Bestandteil des Jobs. <\/strong><\/h3>\n<blockquote class=\"twitter-tweet\">\n<p dir=\"ltr\" lang=\"de\">Wer h\u00e4tte gedacht, dass &#8222;Hallo&#8220; als Beginn eines Telefonates irgendwann vollst\u00e4ndig von &#8222;Warte, ich verbinde mal eben meine Kopfh\u00f6rer&#8220; abgel\u00f6st wird?<\/p>\n<p>\u2014 Gavin Karlmeier (@gavinkarlmeier) <a href=\"https:\/\/twitter.com\/gavinkarlmeier\/status\/1493196501924954113?ref_src=twsrc%5Etfw\">February 14, 2022<\/a><\/p><\/blockquote>\n<p><script async src=\"https:\/\/platform.twitter.com\/widgets.js\" charset=\"utf-8\"><\/script><\/p>\n<p>&nbsp;<\/p>\n<h3><strong>5. Manchmal helfen selbst die Kopfh\u00f6rer nicht mehr&#8230;<\/strong><\/h3>\n<blockquote class=\"twitter-tweet\">\n<p dir=\"ltr\" lang=\"de\">Warum ich beim Joggen kein Handy, GPS Pulsuhr, Runtastic und Bluetooth Kopfh\u00f6rer benutze?<\/p>\n<p>ICH BIN VIEL ZU SEHR MIT \u00dcBERLEBEN BESCH\u00c4FTIGT!<\/p>\n<p>\u2014 Schnabulinski (@schnabulinski) <a href=\"https:\/\/twitter.com\/schnabulinski\/status\/912755096173338625?ref_src=twsrc%5Etfw\">September 26, 2017<\/a><\/p><\/blockquote>\n<p><script async src=\"https:\/\/platform.twitter.com\/widgets.js\" charset=\"utf-8\"><\/script><\/p>\n<p>&nbsp;<\/p>\n<h3><strong>6. Auch bei Telefonaten k\u00f6nnen sie nicht schaden. <\/strong><\/h3>\n<blockquote class=\"twitter-tweet\">\n<p dir=\"ltr\" lang=\"de\">&#8222;K\u00fcsst du mich heute Abend da, wo es lustig riecht?&#8220;<br \/>\n&#8222;AUF DEM FISCHMARKT?&#8220;<\/p>\n<p>Ich darf nicht ohne Kopfh\u00f6rer Bus fahren.<br \/>\nIch darf nicht ohne&#8230;<\/p>\n<p>\u2014 Nicht Chevy Chase (@DrWaumiau) <a href=\"https:\/\/twitter.com\/DrWaumiau\/status\/903617324468641793?ref_src=twsrc%5Etfw\">September 1, 2017<\/a><\/p><\/blockquote>\n<p><script async src=\"https:\/\/platform.twitter.com\/widgets.js\" charset=\"utf-8\"><\/script><\/p>\n<p>&nbsp;<\/p>\n<h3><strong>7. Nur mit Vorwarnung gebrauchen. <\/strong><\/h3>\n<blockquote class=\"twitter-tweet\">\n<p dir=\"ltr\" lang=\"de\">\u201ePapa, was passiert, wenn ich hier an dem Verst\u00e4rker dreh?\u201c<\/p>\n<p>*dreht<\/p>\n<p>Nun, ich hatte Kopfh\u00f6rer auf und mir h\u00e4ngt nun etwas Hirn aus der Nase.<\/p>\n<p>\u2014 Dada (@Dada_le_Grand) <a href=\"https:\/\/twitter.com\/Dada_le_Grand\/status\/1417191409031987213?ref_src=twsrc%5Etfw\">July 19, 2021<\/a><\/p><\/blockquote>\n<p><script async src=\"https:\/\/platform.twitter.com\/widgets.js\" charset=\"utf-8\"><\/script><\/p>\n<p>&nbsp;<\/p>\n<h3><strong>8. Eine sinnvolle Alternative.<\/strong><\/h3>\n<blockquote class=\"twitter-tweet\">\n<p dir=\"ltr\" lang=\"de\">Ich hasse es, wenn ich meine Kopfh\u00f6rer vergessen habe und dann in der Bahn laut singen muss, um die Menschen nicht h\u00f6ren zu m\u00fcssen.<\/p>\n<p>\u2014 Tom Kraftwerk (@TomKraftwerk) <a href=\"https:\/\/twitter.com\/TomKraftwerk\/status\/924959639103508486?ref_src=twsrc%5Etfw\">October 30, 2017<\/a><\/p><\/blockquote>\n<p><script async src=\"https:\/\/platform.twitter.com\/widgets.js\" charset=\"utf-8\"><\/script><\/p>\n<p>&nbsp;<\/p>\n<h3><strong>9. Doppel-checken kann nicht schaden. <\/strong><\/h3>\n<blockquote class=\"twitter-tweet\">\n<p dir=\"ltr\" lang=\"de\">Kopfh\u00f6rer mit Noise-Cancelling-Funktion sind ja sch\u00f6n und gut, aber ich habe gerade fast einen Song lang die Bude gesaugt w\u00e4hrend der Staubsauger aus war.<\/p>\n<p>\u2014 StanBuyMe (@LeChral) <a href=\"https:\/\/twitter.com\/LeChral\/status\/1393910302446657536?ref_src=twsrc%5Etfw\">May 16, 2021<\/a><\/p><\/blockquote>\n<p><script async src=\"https:\/\/platform.twitter.com\/widgets.js\" charset=\"utf-8\"><\/script><\/p>\n<p>&nbsp;<\/p>\n<h3><strong>10. Unwissenheit sch\u00fctzt vor Strafe nicht. <\/strong><\/h3>\n<blockquote class=\"twitter-tweet\">\n<p dir=\"ltr\" lang=\"de\">(Mandantengespr\u00e4ch)<\/p>\n<p>\u201eH\u00e4? Wie kommen die Bullen an die ganzen Daten?\u201c<\/p>\n<p>\u201eIhr Handy wurde \u00fcberwacht. Alle Telefonate und SMS sind in den Akten dokumentiert.\u201c<\/p>\n<p>\u201eAber das geht gar nicht! Ich hatte doch beim Telefonieren meine Noise-Cancelling-Kopfh\u00f6rer auf.\u201c<\/p>\n<p>Wer erkl\u00e4rt\u2018s ihm?<\/p>\n<p>\u2014 Ann W\u00e4ltin (@Ann_Waeltin) <a href=\"https:\/\/twitter.com\/Ann_Waeltin\/status\/1199312910281068544?ref_src=twsrc%5Etfw\">November 26, 2019<\/a><\/p><\/blockquote>\n<p><script async src=\"https:\/\/platform.twitter.com\/widgets.js\" charset=\"utf-8\"><\/script><\/p>\n<p>&nbsp;<\/p>\n<h3><strong>11. Bluetooth Kopfh\u00f6rer haben auch Nachteile. <\/strong><\/h3>\n<blockquote class=\"twitter-tweet\">\n<p dir=\"ltr\" lang=\"de\">Ich hab ja nur noch solche Oldschool-Kopfh\u00f6rer, weil ich mir die Option, mich morgens aufm Weg zur Arbeit damit strangulieren zu k\u00f6nnen, offen halten m\u00f6chte.<\/p>\n<p>\u2014 Baci Perugina (@WieDenise) <a href=\"https:\/\/twitter.com\/WieDenise\/status\/1197403425962708997?ref_src=twsrc%5Etfw\">November 21, 2019<\/a><\/p><\/blockquote>\n<p><script async src=\"https:\/\/platform.twitter.com\/widgets.js\" charset=\"utf-8\"><\/script><\/p>\n<p>&nbsp;<\/p>\n<h3><strong>12. Keine Option!<\/strong><\/h3>\n<blockquote class=\"twitter-tweet\">\n<p dir=\"ltr\" lang=\"de\">&#8222;Schei\u00dfe!<br \/>\nIch habe meine Kopfh\u00f6rer vergessen.&#8220;<\/p>\n<p>&#8222;Du kannst dich in der Bahn ja mal mit anderen unterhalten.&#8220;<\/p>\n<p>Leute!<br \/>\nPasst auf mit wem ihr euch einlasst.<br \/>\nEs gibt echt kranke Typen da drau\u00dfen.<\/p>\n<p>\u2014 T und W (@tundw) <a href=\"https:\/\/twitter.com\/tundw\/status\/1001344163789574144?ref_src=twsrc%5Etfw\">May 29, 2018<\/a><\/p><\/blockquote>\n<p><script async src=\"https:\/\/platform.twitter.com\/widgets.js\" charset=\"utf-8\"><\/script><\/p>\n<p>&nbsp;<\/p>\n<h3><strong>13. Es gibt auch Ausnahmen.<\/strong><\/h3>\n<blockquote class=\"twitter-tweet\">\n<p dir=\"ltr\" lang=\"de\">Bin beim Fr\u00fchst\u00fccken.<br \/>\nAm Tisch neben mir sitzt ein Typ alleine. Er hat kein Smartphone in der Hand. Auch keine Kopfh\u00f6rer drin. Er guckt einfach nur.<br \/>\nHab mich jetzt weggesetzt. Krankes Schwein.<\/p>\n<p>\u2014 Christian Huber (@Christian_Huber) <a href=\"https:\/\/twitter.com\/Christian_Huber\/status\/1120597805255491585?ref_src=twsrc%5Etfw\">April 23, 2019<\/a><\/p><\/blockquote>\n<p><script async src=\"https:\/\/platform.twitter.com\/widgets.js\" charset=\"utf-8\"><\/script><\/p>\n<p>___<br \/>\nVielen Dank an alle f\u00fcr die Posts.<br \/>\n___<\/p>\n<blockquote class=\"instagram-media\" style=\"background: #FFF; border: 0; border-radius: 3px; box-shadow: 0 0 1px 0 rgba(0,0,0,0.5),0 1px 10px 0 rgba(0,0,0,0.15); margin: 1px; max-width: 540px; min-width: 326px; padding: 0; width: calc(100% - 2px);\" data-instgrm-captioned=\"\" data-instgrm-permalink=\"https:\/\/www.instagram.com\/p\/CZKM1cOocYG\/?utm_source=ig_embed&amp;utm_campaign=loading\" data-instgrm-version=\"14\">\n<div style=\"padding: 16px;\">\n<p>&nbsp;<\/p>\n<div style=\"display: flex; flex-direction: row; align-items: center;\">\n<div style=\"background-color: #f4f4f4; border-radius: 50%; flex-grow: 0; height: 40px; margin-right: 14px; width: 40px;\"><\/div>\n<div style=\"display: flex; flex-direction: column; flex-grow: 1; justify-content: center;\">\n<div style=\"background-color: #f4f4f4; border-radius: 4px; flex-grow: 0; height: 14px; margin-bottom: 6px; width: 100px;\"><\/div>\n<div style=\"background-color: #f4f4f4; border-radius: 4px; flex-grow: 0; height: 14px; width: 60px;\"><\/div>\n<\/div>\n<\/div>\n<div style=\"padding: 19% 0;\"><\/div>\n<div style=\"display: block; height: 50px; margin: 0 auto 12px; width: 50px;\"><\/div>\n<div style=\"padding-top: 8px;\">\n<div style=\"color: #3897f0; font-family: Arial,sans-serif; font-size: 14px; font-style: normal; font-weight: 550; line-height: 18px;\">View this post on Instagram<\/div>\n<\/div>\n<div style=\"padding: 12.5% 0;\"><\/div>\n<div style=\"display: flex; flex-direction: row; margin-bottom: 14px; align-items: center;\">\n<div>\n<div style=\"background-color: #f4f4f4; border-radius: 50%; height: 12.5px; width: 12.5px; transform: translateX(0px) translateY(7px);\"><\/div>\n<div style=\"background-color: #f4f4f4; height: 12.5px; transform: rotate(-45deg) translateX(3px) translateY(1px); width: 12.5px; flex-grow: 0; margin-right: 14px; margin-left: 2px;\"><\/div>\n<div style=\"background-color: #f4f4f4; border-radius: 50%; height: 12.5px; width: 12.5px; transform: translateX(9px) translateY(-18px);\"><\/div>\n<\/div>\n<div style=\"margin-left: 8px;\">\n<div style=\"background-color: #f4f4f4; border-radius: 50%; flex-grow: 0; height: 20px; width: 20px;\"><\/div>\n<div style=\"width: 0; height: 0; border-top: 2px solid transparent; border-left: 6px solid #f4f4f4; border-bottom: 2px solid transparent; transform: translateX(16px) translateY(-4px) rotate(30deg);\"><\/div>\n<\/div>\n<div style=\"margin-left: auto;\">\n<div style=\"width: 0px; border-top: 8px solid #F4F4F4; border-right: 8px solid transparent; transform: translateY(16px);\"><\/div>\n<div style=\"background-color: #f4f4f4; flex-grow: 0; height: 12px; width: 16px; transform: translateY(-4px);\"><\/div>\n<div style=\"width: 0; height: 0; border-top: 8px solid #F4F4F4; border-left: 8px solid transparent; transform: translateY(-4px) translateX(8px);\"><\/div>\n<\/div>\n<\/div>\n<div style=\"display: flex; flex-direction: column; flex-grow: 1; justify-content: center; margin-bottom: 24px;\">\n<div style=\"background-color: #f4f4f4; border-radius: 4px; flex-grow: 0; height: 14px; margin-bottom: 6px; width: 224px;\"><\/div>\n<div style=\"background-color: #f4f4f4; border-radius: 4px; flex-grow: 0; height: 14px; width: 144px;\"><\/div>\n<\/div>\n<p>&nbsp;<\/p>\n<p style=\"color: #c9c8cd; font-family: Arial,sans-serif; font-size: 14px; line-height: 17px; margin-bottom: 0; margin-top: 8px; overflow: hidden; padding: 8px 0 7px; text-align: center; text-overflow: ellipsis; white-space: nowrap;\"><a style=\"color: #c9c8cd; font-family: Arial,sans-serif; font-size: 14px; font-style: normal; font-weight: normal; line-height: 17px; text-decoration: none;\" href=\"https:\/\/www.instagram.com\/p\/CZKM1cOocYG\/?utm_source=ig_embed&amp;utm_campaign=loading\" target=\"_blank\" rel=\"noopener\">A post shared by The Best Social Media &#8211; DE (@thebestsocialmediade)<\/a><\/p>\n<\/div>\n<\/blockquote>\n\n<script async defer src=\"\/instagram-embed.js\"><\/script>","protected":false},"excerpt":{"rendered":"<p>In \u00f6ffentlichen Transportmitteln, im Fitnessstudio oder beim Einkaufen. Kopfh\u00f6rer dabeizuhaben, wenn man das Haus verl\u00e4sst, ist essenziell. Wird man gezwungen diese auszuziehen oder hat man&#8230;<\/p>\n","protected":false},"author":92,"featured_media":157303,"comment_status":"open","ping_status":"open","sticky":false,"template":"","format":"standard","meta":{"_acf_changed":false,"footnotes":""},"categories":[102,106,35,1],"tags":[2364,58],"class_list":["post-157293","post","type-post","status-publish","format-standard","has-post-thumbnail","hentry","category-allgemein","category-best-of","category-twitter","category-uncategorized","tag-kopfhoerer","tag-twitter"],"acf":[],"yoast_head":"<!-- This site is optimized with the Yoast SEO plugin v27.5 - https:\/\/yoast.com\/product\/yoast-seo-wordpress\/ -->\n<title>Headphones Off World On: Wenn man die Welt ohne Kopfh\u00f6rer ertragen muss<\/title>\n<meta name=\"robots\" content=\"index, follow, max-snippet:-1, max-image-preview:large, max-video-preview:-1\" \/>\n<link rel=\"canonical\" href=\"https:\/\/www.thebestsocial.media\/de\/headphones-off-world-on-wenn-man-die-welt-ohne-kopfhoerer-ertragen-muss\/\" \/>\n<meta property=\"og:locale\" content=\"de_DE\" \/>\n<meta property=\"og:type\" content=\"article\" \/>\n<meta property=\"og:title\" content=\"Headphones Off World On: Wenn man die Welt ohne Kopfh\u00f6rer ertragen muss\" \/>\n<meta property=\"og:description\" content=\"In \u00f6ffentlichen Transportmitteln, im Fitnessstudio oder beim Einkaufen. Kopfh\u00f6rer dabeizuhaben, wenn man das Haus verl\u00e4sst, ist essenziell. Wird man gezwungen diese auszuziehen oder hat man...\" \/>\n<meta property=\"og:url\" content=\"https:\/\/www.thebestsocial.media\/de\/headphones-off-world-on-wenn-man-die-welt-ohne-kopfhoerer-ertragen-muss\/\" \/>\n<meta property=\"og:site_name\" content=\"The Best Social Media DE\" \/>\n<meta property=\"article:author\" content=\"Anna Oeltges\" \/>\n<meta property=\"article:published_time\" content=\"2022-02-16T10:45:29+00:00\" \/>\n<meta property=\"og:image\" content=\"https:\/\/www.thebestsocial.media\/de\/wp-content\/uploads\/sites\/3\/2022\/02\/Header_Bild_Neu-16.png\" \/>\n\t<meta property=\"og:image:width\" content=\"1200\" \/>\n\t<meta property=\"og:image:height\" content=\"630\" \/>\n\t<meta property=\"og:image:type\" content=\"image\/png\" \/>\n<meta name=\"author\" content=\"Anna Oeltges\" \/>\n<meta name=\"twitter:card\" content=\"summary_large_image\" \/>\n<meta name=\"twitter:creator\" content=\"@oeltges\" \/>\n<meta name=\"twitter:label1\" content=\"Verfasst von\" \/>\n\t<meta name=\"twitter:data1\" content=\"Anna Oeltges\" \/>\n\t<meta name=\"twitter:label2\" content=\"Gesch\u00e4tzte Lesezeit\" \/>\n\t<meta name=\"twitter:data2\" content=\"3\u00a0Minuten\" \/>\n<script type=\"application\/ld+json\" class=\"yoast-schema-graph\">{\"@context\":\"https:\\\/\\\/schema.org\",\"@graph\":[{\"@type\":\"Article\",\"@id\":\"https:\\\/\\\/www.thebestsocial.media\\\/de\\\/headphones-off-world-on-wenn-man-die-welt-ohne-kopfhoerer-ertragen-muss\\\/#article\",\"isPartOf\":{\"@id\":\"https:\\\/\\\/www.thebestsocial.media\\\/de\\\/headphones-off-world-on-wenn-man-die-welt-ohne-kopfhoerer-ertragen-muss\\\/\"},\"author\":{\"name\":\"Anna Oeltges\",\"@id\":\"https:\\\/\\\/www.thebestsocial.media\\\/de\\\/#\\\/schema\\\/person\\\/73ef7d3bb298de832c8f1c79b4a41e81\"},\"headline\":\"Headphones Off World On: Wenn man die Welt ohne Kopfh\u00f6rer ertragen muss\",\"datePublished\":\"2022-02-16T10:45:29+00:00\",\"mainEntityOfPage\":{\"@id\":\"https:\\\/\\\/www.thebestsocial.media\\\/de\\\/headphones-off-world-on-wenn-man-die-welt-ohne-kopfhoerer-ertragen-muss\\\/\"},\"wordCount\":576,\"commentCount\":0,\"image\":{\"@id\":\"https:\\\/\\\/www.thebestsocial.media\\\/de\\\/headphones-off-world-on-wenn-man-die-welt-ohne-kopfhoerer-ertragen-muss\\\/#primaryimage\"},\"thumbnailUrl\":\"https:\\\/\\\/www.thebestsocial.media\\\/de\\\/wp-content\\\/uploads\\\/sites\\\/3\\\/2022\\\/02\\\/pexels-andrea-piacquadio-3765147-scaled.jpg\",\"keywords\":[\"Kopfh\u00f6rer\",\"twitter\"],\"articleSection\":{\"1\":\"Best of\",\"2\":\"Twitter\",\"3\":\"Uncategorized\"},\"inLanguage\":\"de\",\"potentialAction\":[{\"@type\":\"CommentAction\",\"name\":\"Comment\",\"target\":[\"https:\\\/\\\/www.thebestsocial.media\\\/de\\\/headphones-off-world-on-wenn-man-die-welt-ohne-kopfhoerer-ertragen-muss\\\/#respond\"]}]},{\"@type\":\"WebPage\",\"@id\":\"https:\\\/\\\/www.thebestsocial.media\\\/de\\\/headphones-off-world-on-wenn-man-die-welt-ohne-kopfhoerer-ertragen-muss\\\/\",\"url\":\"https:\\\/\\\/www.thebestsocial.media\\\/de\\\/headphones-off-world-on-wenn-man-die-welt-ohne-kopfhoerer-ertragen-muss\\\/\",\"name\":\"Headphones Off World On: Wenn man die Welt ohne Kopfh\u00f6rer ertragen muss\",\"isPartOf\":{\"@id\":\"https:\\\/\\\/www.thebestsocial.media\\\/de\\\/#website\"},\"primaryImageOfPage\":{\"@id\":\"https:\\\/\\\/www.thebestsocial.media\\\/de\\\/headphones-off-world-on-wenn-man-die-welt-ohne-kopfhoerer-ertragen-muss\\\/#primaryimage\"},\"image\":{\"@id\":\"https:\\\/\\\/www.thebestsocial.media\\\/de\\\/headphones-off-world-on-wenn-man-die-welt-ohne-kopfhoerer-ertragen-muss\\\/#primaryimage\"},\"thumbnailUrl\":\"https:\\\/\\\/www.thebestsocial.media\\\/de\\\/wp-content\\\/uploads\\\/sites\\\/3\\\/2022\\\/02\\\/pexels-andrea-piacquadio-3765147-scaled.jpg\",\"datePublished\":\"2022-02-16T10:45:29+00:00\",\"author\":{\"@id\":\"https:\\\/\\\/www.thebestsocial.media\\\/de\\\/#\\\/schema\\\/person\\\/73ef7d3bb298de832c8f1c79b4a41e81\"},\"breadcrumb\":{\"@id\":\"https:\\\/\\\/www.thebestsocial.media\\\/de\\\/headphones-off-world-on-wenn-man-die-welt-ohne-kopfhoerer-ertragen-muss\\\/#breadcrumb\"},\"inLanguage\":\"de\",\"potentialAction\":[{\"@type\":\"ReadAction\",\"target\":[\"https:\\\/\\\/www.thebestsocial.media\\\/de\\\/headphones-off-world-on-wenn-man-die-welt-ohne-kopfhoerer-ertragen-muss\\\/\"]}]},{\"@type\":\"ImageObject\",\"inLanguage\":\"de\",\"@id\":\"https:\\\/\\\/www.thebestsocial.media\\\/de\\\/headphones-off-world-on-wenn-man-die-welt-ohne-kopfhoerer-ertragen-muss\\\/#primaryimage\",\"url\":\"https:\\\/\\\/www.thebestsocial.media\\\/de\\\/wp-content\\\/uploads\\\/sites\\\/3\\\/2022\\\/02\\\/pexels-andrea-piacquadio-3765147-scaled.jpg\",\"contentUrl\":\"https:\\\/\\\/www.thebestsocial.media\\\/de\\\/wp-content\\\/uploads\\\/sites\\\/3\\\/2022\\\/02\\\/pexels-andrea-piacquadio-3765147-scaled.jpg\",\"width\":2560,\"height\":1707},{\"@type\":\"BreadcrumbList\",\"@id\":\"https:\\\/\\\/www.thebestsocial.media\\\/de\\\/headphones-off-world-on-wenn-man-die-welt-ohne-kopfhoerer-ertragen-muss\\\/#breadcrumb\",\"itemListElement\":[{\"@type\":\"ListItem\",\"position\":1,\"name\":\"Home\",\"item\":\"https:\\\/\\\/www.thebestsocial.media\\\/de\\\/\"},{\"@type\":\"ListItem\",\"position\":2,\"name\":\"Headphones Off World On: Wenn man die Welt ohne Kopfh\u00f6rer ertragen muss\"}]},{\"@type\":\"WebSite\",\"@id\":\"https:\\\/\\\/www.thebestsocial.media\\\/de\\\/#website\",\"url\":\"https:\\\/\\\/www.thebestsocial.media\\\/de\\\/\",\"name\":\"The Best Social Media DE\",\"description\":\"\",\"potentialAction\":[{\"@type\":\"SearchAction\",\"target\":{\"@type\":\"EntryPoint\",\"urlTemplate\":\"https:\\\/\\\/www.thebestsocial.media\\\/de\\\/?s={search_term_string}\"},\"query-input\":{\"@type\":\"PropertyValueSpecification\",\"valueRequired\":true,\"valueName\":\"search_term_string\"}}],\"inLanguage\":\"de\"},{\"@type\":\"Person\",\"@id\":\"https:\\\/\\\/www.thebestsocial.media\\\/de\\\/#\\\/schema\\\/person\\\/73ef7d3bb298de832c8f1c79b4a41e81\",\"name\":\"Anna Oeltges\",\"image\":{\"@type\":\"ImageObject\",\"inLanguage\":\"de\",\"@id\":\"https:\\\/\\\/secure.gravatar.com\\\/avatar\\\/5ce5a6c547e9e6c1f06970e7e00b7d65cb62536add335c1e887b5723d76d3fd6?s=96&d=mm&r=g\",\"url\":\"https:\\\/\\\/secure.gravatar.com\\\/avatar\\\/5ce5a6c547e9e6c1f06970e7e00b7d65cb62536add335c1e887b5723d76d3fd6?s=96&d=mm&r=g\",\"contentUrl\":\"https:\\\/\\\/secure.gravatar.com\\\/avatar\\\/5ce5a6c547e9e6c1f06970e7e00b7d65cb62536add335c1e887b5723d76d3fd6?s=96&d=mm&r=g\",\"caption\":\"Anna Oeltges\"},\"sameAs\":[\"Anna Oeltges\",\"annaoeltges\",\"https:\\\/\\\/x.com\\\/oeltges\"],\"url\":\"https:\\\/\\\/www.thebestsocial.media\\\/de\\\/author\\\/anna\\\/\"}]}<\/script>\n<!-- \/ Yoast SEO plugin. -->","yoast_head_json":{"title":"Headphones Off World On: Wenn man die Welt ohne Kopfh\u00f6rer ertragen muss","robots":{"index":"index","follow":"follow","max-snippet":"max-snippet:-1","max-image-preview":"max-image-preview:large","max-video-preview":"max-video-preview:-1"},"canonical":"https:\/\/www.thebestsocial.media\/de\/headphones-off-world-on-wenn-man-die-welt-ohne-kopfhoerer-ertragen-muss\/","og_locale":"de_DE","og_type":"article","og_title":"Headphones Off World On: Wenn man die Welt ohne Kopfh\u00f6rer ertragen muss","og_description":"In \u00f6ffentlichen Transportmitteln, im Fitnessstudio oder beim Einkaufen. Kopfh\u00f6rer dabeizuhaben, wenn man das Haus verl\u00e4sst, ist essenziell. Wird man gezwungen diese auszuziehen oder hat man...","og_url":"https:\/\/www.thebestsocial.media\/de\/headphones-off-world-on-wenn-man-die-welt-ohne-kopfhoerer-ertragen-muss\/","og_site_name":"The Best Social Media DE","article_author":"Anna Oeltges","article_published_time":"2022-02-16T10:45:29+00:00","og_image":[{"width":1200,"height":630,"url":"https:\/\/www.thebestsocial.media\/de\/wp-content\/uploads\/sites\/3\/2022\/02\/Header_Bild_Neu-16.png","type":"image\/png"}],"author":"Anna Oeltges","twitter_card":"summary_large_image","twitter_creator":"@oeltges","twitter_misc":{"Verfasst von":"Anna Oeltges","Gesch\u00e4tzte Lesezeit":"3\u00a0Minuten"},"schema":{"@context":"https:\/\/schema.org","@graph":[{"@type":"Article","@id":"https:\/\/www.thebestsocial.media\/de\/headphones-off-world-on-wenn-man-die-welt-ohne-kopfhoerer-ertragen-muss\/#article","isPartOf":{"@id":"https:\/\/www.thebestsocial.media\/de\/headphones-off-world-on-wenn-man-die-welt-ohne-kopfhoerer-ertragen-muss\/"},"author":{"name":"Anna Oeltges","@id":"https:\/\/www.thebestsocial.media\/de\/#\/schema\/person\/73ef7d3bb298de832c8f1c79b4a41e81"},"headline":"Headphones Off World On: Wenn man die Welt ohne Kopfh\u00f6rer ertragen muss","datePublished":"2022-02-16T10:45:29+00:00","mainEntityOfPage":{"@id":"https:\/\/www.thebestsocial.media\/de\/headphones-off-world-on-wenn-man-die-welt-ohne-kopfhoerer-ertragen-muss\/"},"wordCount":576,"commentCount":0,"image":{"@id":"https:\/\/www.thebestsocial.media\/de\/headphones-off-world-on-wenn-man-die-welt-ohne-kopfhoerer-ertragen-muss\/#primaryimage"},"thumbnailUrl":"https:\/\/www.thebestsocial.media\/de\/wp-content\/uploads\/sites\/3\/2022\/02\/pexels-andrea-piacquadio-3765147-scaled.jpg","keywords":["Kopfh\u00f6rer","twitter"],"articleSection":{"1":"Best of","2":"Twitter","3":"Uncategorized"},"inLanguage":"de","potentialAction":[{"@type":"CommentAction","name":"Comment","target":["https:\/\/www.thebestsocial.media\/de\/headphones-off-world-on-wenn-man-die-welt-ohne-kopfhoerer-ertragen-muss\/#respond"]}]},{"@type":"WebPage","@id":"https:\/\/www.thebestsocial.media\/de\/headphones-off-world-on-wenn-man-die-welt-ohne-kopfhoerer-ertragen-muss\/","url":"https:\/\/www.thebestsocial.media\/de\/headphones-off-world-on-wenn-man-die-welt-ohne-kopfhoerer-ertragen-muss\/","name":"Headphones Off World On: Wenn man die Welt ohne Kopfh\u00f6rer ertragen muss","isPartOf":{"@id":"https:\/\/www.thebestsocial.media\/de\/#website"},"primaryImageOfPage":{"@id":"https:\/\/www.thebestsocial.media\/de\/headphones-off-world-on-wenn-man-die-welt-ohne-kopfhoerer-ertragen-muss\/#primaryimage"},"image":{"@id":"https:\/\/www.thebestsocial.media\/de\/headphones-off-world-on-wenn-man-die-welt-ohne-kopfhoerer-ertragen-muss\/#primaryimage"},"thumbnailUrl":"https:\/\/www.thebestsocial.media\/de\/wp-content\/uploads\/sites\/3\/2022\/02\/pexels-andrea-piacquadio-3765147-scaled.jpg","datePublished":"2022-02-16T10:45:29+00:00","author":{"@id":"https:\/\/www.thebestsocial.media\/de\/#\/schema\/person\/73ef7d3bb298de832c8f1c79b4a41e81"},"breadcrumb":{"@id":"https:\/\/www.thebestsocial.media\/de\/headphones-off-world-on-wenn-man-die-welt-ohne-kopfhoerer-ertragen-muss\/#breadcrumb"},"inLanguage":"de","potentialAction":[{"@type":"ReadAction","target":["https:\/\/www.thebestsocial.media\/de\/headphones-off-world-on-wenn-man-die-welt-ohne-kopfhoerer-ertragen-muss\/"]}]},{"@type":"ImageObject","inLanguage":"de","@id":"https:\/\/www.thebestsocial.media\/de\/headphones-off-world-on-wenn-man-die-welt-ohne-kopfhoerer-ertragen-muss\/#primaryimage","url":"https:\/\/www.thebestsocial.media\/de\/wp-content\/uploads\/sites\/3\/2022\/02\/pexels-andrea-piacquadio-3765147-scaled.jpg","contentUrl":"https:\/\/www.thebestsocial.media\/de\/wp-content\/uploads\/sites\/3\/2022\/02\/pexels-andrea-piacquadio-3765147-scaled.jpg","width":2560,"height":1707},{"@type":"BreadcrumbList","@id":"https:\/\/www.thebestsocial.media\/de\/headphones-off-world-on-wenn-man-die-welt-ohne-kopfhoerer-ertragen-muss\/#breadcrumb","itemListElement":[{"@type":"ListItem","position":1,"name":"Home","item":"https:\/\/www.thebestsocial.media\/de\/"},{"@type":"ListItem","position":2,"name":"Headphones Off World On: Wenn man die Welt ohne Kopfh\u00f6rer ertragen muss"}]},{"@type":"WebSite","@id":"https:\/\/www.thebestsocial.media\/de\/#website","url":"https:\/\/www.thebestsocial.media\/de\/","name":"The Best Social Media DE","description":"","potentialAction":[{"@type":"SearchAction","target":{"@type":"EntryPoint","urlTemplate":"https:\/\/www.thebestsocial.media\/de\/?s={search_term_string}"},"query-input":{"@type":"PropertyValueSpecification","valueRequired":true,"valueName":"search_term_string"}}],"inLanguage":"de"},{"@type":"Person","@id":"https:\/\/www.thebestsocial.media\/de\/#\/schema\/person\/73ef7d3bb298de832c8f1c79b4a41e81","name":"Anna Oeltges","image":{"@type":"ImageObject","inLanguage":"de","@id":"https:\/\/secure.gravatar.com\/avatar\/5ce5a6c547e9e6c1f06970e7e00b7d65cb62536add335c1e887b5723d76d3fd6?s=96&d=mm&r=g","url":"https:\/\/secure.gravatar.com\/avatar\/5ce5a6c547e9e6c1f06970e7e00b7d65cb62536add335c1e887b5723d76d3fd6?s=96&d=mm&r=g","contentUrl":"https:\/\/secure.gravatar.com\/avatar\/5ce5a6c547e9e6c1f06970e7e00b7d65cb62536add335c1e887b5723d76d3fd6?s=96&d=mm&r=g","caption":"Anna Oeltges"},"sameAs":["Anna Oeltges","annaoeltges","https:\/\/x.com\/oeltges"],"url":"https:\/\/www.thebestsocial.media\/de\/author\/anna\/"}]}},"amp_enabled":true,"_links":{"self":[{"href":"https:\/\/www.thebestsocial.media\/de\/wp-json\/wp\/v2\/posts\/157293","targetHints":{"allow":["GET"]}}],"collection":[{"href":"https:\/\/www.thebestsocial.media\/de\/wp-json\/wp\/v2\/posts"}],"about":[{"href":"https:\/\/www.thebestsocial.media\/de\/wp-json\/wp\/v2\/types\/post"}],"author":[{"embeddable":true,"href":"https:\/\/www.thebestsocial.media\/de\/wp-json\/wp\/v2\/users\/92"}],"replies":[{"embeddable":true,"href":"https:\/\/www.thebestsocial.media\/de\/wp-json\/wp\/v2\/comments?post=157293"}],"version-history":[{"count":9,"href":"https:\/\/www.thebestsocial.media\/de\/wp-json\/wp\/v2\/posts\/157293\/revisions"}],"predecessor-version":[{"id":157304,"href":"https:\/\/www.thebestsocial.media\/de\/wp-json\/wp\/v2\/posts\/157293\/revisions\/157304"}],"wp:featuredmedia":[{"embeddable":true,"href":"https:\/\/www.thebestsocial.media\/de\/wp-json\/wp\/v2\/media\/157303"}],"wp:attachment":[{"href":"https:\/\/www.thebestsocial.media\/de\/wp-json\/wp\/v2\/media?parent=157293"}],"wp:term":[{"taxonomy":"category","embeddable":true,"href":"https:\/\/www.thebestsocial.media\/de\/wp-json\/wp\/v2\/categories?post=157293"},{"taxonomy":"post_tag","embeddable":true,"href":"https:\/\/www.thebestsocial.media\/de\/wp-json\/wp\/v2\/tags?post=157293"}],"curies":[{"name":"wp","href":"https:\/\/api.w.org\/{rel}","templated":true}]}}