{"id":157243,"date":"2022-02-15T13:35:12","date_gmt":"2022-02-15T13:35:12","guid":{"rendered":"https:\/\/www.thebestsocial.media\/de\/?p=157243"},"modified":"2022-02-15T13:35:12","modified_gmt":"2022-02-15T13:35:12","slug":"regenwurm","status":"publish","type":"post","link":"https:\/\/www.thebestsocial.media\/de\/regenwurm\/","title":{"rendered":"Zum Tag des Regenwurms: 13 Tweets \u00fcber das abenteuerliche Leben der kleinsten Haustiere"},"content":{"rendered":"<p>V\u00f6gel haben sie zum Fressen gern, Kinder versorgen sie hingebungsvoll als Ersatzhaustiere, sie haben gleich f\u00fcnf Herzen und zwar alle am rechten Fleck &#8211; die Rede ist nat\u00fcrlich von Regenw\u00fcrmern. Und die erleben so einiges! Von mutigen Rettungsaktionen und Kopf-Lokalisierungs-Tricks erz\u00e4hlen die folgenden Tweets.<\/p>\n<p>&nbsp;<\/p>\n<h3>1. Wenn man einem Regenwurm begegnet, ist das nat\u00fcrlich sehr aufregend.<\/h3>\n<blockquote class=\"twitter-tweet\">\n<p dir=\"ltr\" lang=\"de\">\u201eMama, wo bist du?\u201c \u201eAufm Klo.\u201c \u201eich will dir was zeigen!\u201c \u201eGleich.\u201c \u201eKann ich reinkommen?\u201c \u201eNein.\u201c \u201eOhnein, ich krieg ihn nicht mehr raus!\u201c \u201eWen?\u201c \u201eDen Regenwurm!\u201c \u201eWo raus?\u201c \u201eAus dem Schl\u00fcsselloch!\u201c<\/p>\n<p>\u2014 wortfindungsdings. (@kleinesscheusal) <a href=\"https:\/\/twitter.com\/kleinesscheusal\/status\/1114863349852975105?ref_src=twsrc%5Etfw\">April 7, 2019<\/a><\/p><\/blockquote>\n<p><script async src=\"https:\/\/platform.twitter.com\/widgets.js\" charset=\"utf-8\"><\/script><\/p>\n<p>&nbsp;<\/p>\n<h3>2. Haben die USB?<\/h3>\n<blockquote class=\"twitter-tweet\">\n<p dir=\"ltr\" lang=\"de\">Merke: Du lebst in der Gro\u00dfstadt, wenn ein Kind im Garten nebenan einen Regenwurm aufhebt und ruft: \u201ePapa, zu was geh\u00f6rt das Kabel?\u201c<\/p>\n<p>\u2014 Kerstin Brune (@BruneKerstin) <a href=\"https:\/\/twitter.com\/BruneKerstin\/status\/1239944038054313985?ref_src=twsrc%5Etfw\">March 17, 2020<\/a><\/p><\/blockquote>\n<p><script async src=\"https:\/\/platform.twitter.com\/widgets.js\" charset=\"utf-8\"><\/script><\/p>\n<p>&nbsp;<\/p>\n<h3>3. Wer einen Regenwurm in Not sieht, hilft ihm &#8211; koste es, was es wolle!<\/h3>\n<blockquote class=\"twitter-tweet\">\n<p dir=\"ltr\" lang=\"de\">Tochter und ein Schulkumpel haben versucht einen Regenwurm zwischen zwei Steinen zu befreien. Mit den B\u00fcgeln ihrer Brille! Nat\u00fcrlich sind die B\u00fcgel abgebrochen aber hey&#8230;.wir haben jetzt daf\u00fcr einen freien Regenwurm.\ud83d\ude29\ud83d\ude4c Free Regenwurm.<\/p>\n<p>\u2014 Plumpsjen (geimpft und zertifiziert) (@Mudditanzt01) <a href=\"https:\/\/twitter.com\/Mudditanzt01\/status\/1098609217978712065?ref_src=twsrc%5Etfw\">February 21, 2019<\/a><\/p><\/blockquote>\n<p><script async src=\"https:\/\/platform.twitter.com\/widgets.js\" charset=\"utf-8\"><\/script><\/p>\n<p>&nbsp;<\/p>\n<h3>4. Aber vorsichtig, bitte.<\/h3>\n<blockquote class=\"twitter-tweet\">\n<p dir=\"ltr\" lang=\"de\">&#8222;Oh nein du bist ja ganz nass,- warte ich rubbel dich trocken!&#8220;<\/p>\n<p>Die Pr\u00e4zision kindlicher F\u00fcrsorge hat der Regenwurm nicht kommen sehen!<\/p>\n<p>\u2014 \u0166\u042f\u039bUV\u039b\u041bS\u039bSS (@FrauVanSass) <a href=\"https:\/\/twitter.com\/FrauVanSass\/status\/1364476163410849792?ref_src=twsrc%5Etfw\">February 24, 2021<\/a><\/p><\/blockquote>\n<p><script async src=\"https:\/\/platform.twitter.com\/widgets.js\" charset=\"utf-8\"><\/script><\/p>\n<p>&nbsp;<\/p>\n<h3>5. Der zweitbeste Freund des Menschen?<\/h3>\n<blockquote class=\"twitter-tweet\">\n<p dir=\"ltr\" lang=\"de\">Kinder w\u00fcnschen sich so sehr ein Haustier, dass sie sich jetzt um den Regenwurm im Garten k\u00fcmmern. Er bekommt klein geschnittene Trauben.<\/p>\n<p>\u2014 Sabine (@sabinekraft) <a href=\"https:\/\/twitter.com\/sabinekraft\/status\/1384485482986450945?ref_src=twsrc%5Etfw\">April 20, 2021<\/a><\/p><\/blockquote>\n<p><script async src=\"https:\/\/platform.twitter.com\/widgets.js\" charset=\"utf-8\"><\/script><\/p>\n<p>&nbsp;<\/p>\n<h3>6. Auf jeden Fall ein gesch\u00e4tztes Mitglied der Familie&#8230;<\/h3>\n<blockquote class=\"twitter-tweet\">\n<p dir=\"ltr\" lang=\"de\">Ich bin jetzt in einer Phase der Elternschaft, in der die Kinder manchmal in irgendeinem Geb\u00fcsch verschwinden, irgendwann sp\u00e4ter dreckverkrustet wieder auftauchen und mir einen &#8222;tollw\u00fctigen Regenwurm&#8220; als neues Haustier vorstellen. Und das ist so insgesamt sehr sch\u00f6n.<\/p>\n<p>\u2014 Foffy (@FoffyMcFoff) <a href=\"https:\/\/twitter.com\/FoffyMcFoff\/status\/1280212589558063104?ref_src=twsrc%5Etfw\">July 6, 2020<\/a><\/p><\/blockquote>\n<p><script async src=\"https:\/\/platform.twitter.com\/widgets.js\" charset=\"utf-8\"><\/script><\/p>\n<p>&nbsp;<\/p>\n<h3>7. Und die allerh\u00f6chste Priorit\u00e4t!<\/h3>\n<blockquote class=\"twitter-tweet\">\n<p dir=\"ltr\" lang=\"de\">Ein kompletter Spielplatz nur f\u00fcr uns. Platz ohne Ende. Ein gro\u00dfer Sandkasten. Schaukeln. Wir haben eine Tonne Spielzeug dabei.<br \/>\n&#8222;Mama, ein Regenwurm im Sandkasten! Den m\u00fcssen wir retten!!!&#8220; &#8211; &#8222;Regnwuam retten!!!&#8220;<br \/>\nZwei Kinder spielen stundenlang Regenwurmkrankenpfleger. War klar.<\/p>\n<p>\u2014 Frau Sommersprosse (@4Sprosse) <a href=\"https:\/\/twitter.com\/4Sprosse\/status\/1384488503615102976?ref_src=twsrc%5Etfw\">April 20, 2021<\/a><\/p><\/blockquote>\n<p><script async src=\"https:\/\/platform.twitter.com\/widgets.js\" charset=\"utf-8\"><\/script><\/p>\n<p>&nbsp;<\/p>\n<h3>8. Daf\u00fcr geben sie dann auch so viel zur\u00fcck. Beispielsweise wertvolle Lebenslektionen.<\/h3>\n<blockquote class=\"twitter-tweet\">\n<p dir=\"ltr\" lang=\"de\">&#8222;Ich h\u00e4tte meinen Regenwurm so gern behalten! Ich hab Angst, dass er im Garten gefressen wird. Aber -&#8222;, tiefes Seufzen, &#8222;das geh\u00f6rt eben dazu zum Leben und der Freiheit.&#8220;<br \/>\nDie 5j\u00e4hrige sorgt mal wieder f\u00fcr tiefsinnige Konversation am Fr\u00fchst\u00fcckstisch. Ich brauch mehr Kaffee.<\/p>\n<p>\u2014 Foffy (@FoffyMcFoff) <a href=\"https:\/\/twitter.com\/FoffyMcFoff\/status\/1299242903076835328?ref_src=twsrc%5Etfw\">August 28, 2020<\/a><\/p><\/blockquote>\n<p><script async src=\"https:\/\/platform.twitter.com\/widgets.js\" charset=\"utf-8\"><\/script><\/p>\n<p>&nbsp;<\/p>\n<h3>9. Regenw\u00fcrmer k\u00f6nnen in der Natur \u00fcbrigens so ca. 2 Jahre alt werden.<\/h3>\n<blockquote class=\"twitter-tweet\">\n<p dir=\"ltr\" lang=\"de\">\u201ePapa, kann ich mal den Schlauch haben, dann muss der Regenwurm nicht trocken sterben?\u201c<\/p>\n<p>Sch\u00f6ner Wohnen war gestern, besuchen Sie jetzt \u201aSch\u00f6ner Sterben\u2018-Seminare bei der Siebenj\u00e4hrigen.<\/p>\n<p>\u2014 Han Twerker (@mitWorte) <a href=\"https:\/\/twitter.com\/mitWorte\/status\/1271528074924916742?ref_src=twsrc%5Etfw\">June 12, 2020<\/a><\/p><\/blockquote>\n<p><script async src=\"https:\/\/platform.twitter.com\/widgets.js\" charset=\"utf-8\"><\/script><\/p>\n<p>&nbsp;<\/p>\n<h3>10. Also theoretisch.<\/h3>\n<blockquote class=\"twitter-tweet\">\n<p dir=\"ltr\" lang=\"de\">Ich m\u00f6chte einen Regenwurm retten, der sich vom Regen in Richtung Trockenheit bewegt und werfe ihn statt ins Geb\u00fcsch an die Hauswand.<\/p>\n<p>Falls ihr euch fragen solltet, weshalb ich nicht zur Rettungssanit\u00e4terin tauge&#8230;<\/p>\n<p>\u2014 \u0166\u042f\u039bUV\u039b\u041bS\u039bSS (@FrauVanSass) <a href=\"https:\/\/twitter.com\/FrauVanSass\/status\/1259925527806251009?ref_src=twsrc%5Etfw\">May 11, 2020<\/a><\/p><\/blockquote>\n<p><script async src=\"https:\/\/platform.twitter.com\/widgets.js\" charset=\"utf-8\"><\/script><\/p>\n<p>&nbsp;<\/p>\n<h3>11. Mit der richtigen Pflege.<\/h3>\n<blockquote class=\"twitter-tweet\">\n<p dir=\"ltr\" lang=\"de\">Was soziale Isolation wirklich mit mir macht?<\/p>\n<p>Auf der Terrasse lag ein gefrorener Regenwurm, den ich jetzt liebevoll aufgetaut habe.<\/p>\n<p>Auf jeden Fall wohnt Rudi jetzt hier.<\/p>\n<p>Er benutzt aber das G\u00e4stebad und wir lassen es langsam angehen.<br \/>\nIch bin n\u00e4mlich nicht so eine. \ud83e\udd28<\/p>\n<p>\u2014 Halbblutlehrerin (@MelsGedanken) <a href=\"https:\/\/twitter.com\/MelsGedanken\/status\/1244871053664493568?ref_src=twsrc%5Etfw\">March 31, 2020<\/a><\/p><\/blockquote>\n<p><script async src=\"https:\/\/platform.twitter.com\/widgets.js\" charset=\"utf-8\"><\/script><\/p>\n<p>&nbsp;<\/p>\n<h3>12. Vielleicht revanchiert er sich&#8230;<\/h3>\n<blockquote class=\"twitter-tweet\">\n<p dir=\"ltr\" lang=\"de\">\u00dcberlege gerade, einen Regenwurm zu dressieren, der dann f\u00fcr mich zur Arbeit geht.<\/p>\n<p>\u2014 Frau Vogelbein (@FrauVogelbein) <a href=\"https:\/\/twitter.com\/FrauVogelbein\/status\/1197170597693939712?ref_src=twsrc%5Etfw\">November 20, 2019<\/a><\/p><\/blockquote>\n<p><script async src=\"https:\/\/platform.twitter.com\/widgets.js\" charset=\"utf-8\"><\/script><\/p>\n<p>&nbsp;<\/p>\n<h3>13. So, und wo ist nun der Kopf?<\/h3>\n<blockquote class=\"twitter-tweet\">\n<p dir=\"ltr\" lang=\"de\">Achtung, Witz vom Junior:<\/p>\n<p>Woran erkennt man, wo beim Regenwurm vorne ist?<br \/>\n.<br \/>\n.<br \/>\n.<br \/>\n.<br \/>\n.<br \/>\n.<br \/>\n.<br \/>\n.<br \/>\n.<br \/>\n.<br \/>\n.<br \/>\nEinfach in der Mitte kitzeln und gucken, wo er lacht. \ud83e\udd37\ud83c\udffb\u200d\u2640\ufe0f<\/p>\n<p>\u2014 Viscountess Pepsworth (@AgentKittyPryde) <a href=\"https:\/\/twitter.com\/AgentKittyPryde\/status\/1210624735207415810?ref_src=twsrc%5Etfw\">December 27, 2019<\/a><\/p><\/blockquote>\n<p><script async src=\"https:\/\/platform.twitter.com\/widgets.js\" charset=\"utf-8\"><\/script><\/p>\n<p>&nbsp;<\/p>\n<p>___<br \/>\nVielen Dank an alle f\u00fcr die Posts.<br \/>\n___<\/p>\n<blockquote class=\"instagram-media\" style=\"background: #FFF; border: 0; border-radius: 3px; box-shadow: 0 0 1px 0 rgba(0,0,0,0.5),0 1px 10px 0 rgba(0,0,0,0.15); margin: 1px; max-width: 540px; min-width: 326px; padding: 0; width: calc(100% - 2px);\" data-instgrm-captioned=\"\" data-instgrm-permalink=\"https:\/\/www.instagram.com\/p\/CZw1Rc4qmcf\/?utm_source=ig_embed&amp;utm_campaign=loading\" data-instgrm-version=\"14\">\n<div style=\"padding: 16px;\">\n<p>&nbsp;<\/p>\n<div style=\"display: flex; flex-direction: row; align-items: center;\">\n<div style=\"background-color: #f4f4f4; border-radius: 50%; flex-grow: 0; height: 40px; margin-right: 14px; width: 40px;\"><\/div>\n<div style=\"display: flex; flex-direction: column; flex-grow: 1; justify-content: center;\">\n<div style=\"background-color: #f4f4f4; border-radius: 4px; flex-grow: 0; height: 14px; margin-bottom: 6px; width: 100px;\"><\/div>\n<div style=\"background-color: #f4f4f4; border-radius: 4px; flex-grow: 0; height: 14px; width: 60px;\"><\/div>\n<\/div>\n<\/div>\n<div style=\"padding: 19% 0;\"><\/div>\n<div style=\"display: block; height: 50px; margin: 0 auto 12px; width: 50px;\"><\/div>\n<div style=\"padding-top: 8px;\">\n<div style=\"color: #3897f0; font-family: Arial,sans-serif; font-size: 14px; font-style: normal; font-weight: 550; line-height: 18px;\">Sieh dir diesen Beitrag auf Instagram an<\/div>\n<\/div>\n<div style=\"padding: 12.5% 0;\"><\/div>\n<div style=\"display: flex; flex-direction: row; margin-bottom: 14px; align-items: center;\">\n<div>\n<div style=\"background-color: #f4f4f4; border-radius: 50%; height: 12.5px; width: 12.5px; transform: translateX(0px) translateY(7px);\"><\/div>\n<div style=\"background-color: #f4f4f4; height: 12.5px; transform: rotate(-45deg) translateX(3px) translateY(1px); width: 12.5px; flex-grow: 0; margin-right: 14px; margin-left: 2px;\"><\/div>\n<div style=\"background-color: #f4f4f4; border-radius: 50%; height: 12.5px; width: 12.5px; transform: translateX(9px) translateY(-18px);\"><\/div>\n<\/div>\n<div style=\"margin-left: 8px;\">\n<div style=\"background-color: #f4f4f4; border-radius: 50%; flex-grow: 0; height: 20px; width: 20px;\"><\/div>\n<div style=\"width: 0; height: 0; border-top: 2px solid transparent; border-left: 6px solid #f4f4f4; border-bottom: 2px solid transparent; transform: translateX(16px) translateY(-4px) rotate(30deg);\"><\/div>\n<\/div>\n<div style=\"margin-left: auto;\">\n<div style=\"width: 0px; border-top: 8px solid #F4F4F4; border-right: 8px solid transparent; transform: translateY(16px);\"><\/div>\n<div style=\"background-color: #f4f4f4; flex-grow: 0; height: 12px; width: 16px; transform: translateY(-4px);\"><\/div>\n<div style=\"width: 0; height: 0; border-top: 8px solid #F4F4F4; border-left: 8px solid transparent; transform: translateY(-4px) translateX(8px);\"><\/div>\n<\/div>\n<\/div>\n<div style=\"display: flex; flex-direction: column; flex-grow: 1; justify-content: center; margin-bottom: 24px;\">\n<div style=\"background-color: #f4f4f4; border-radius: 4px; flex-grow: 0; height: 14px; margin-bottom: 6px; width: 224px;\"><\/div>\n<div style=\"background-color: #f4f4f4; border-radius: 4px; flex-grow: 0; height: 14px; width: 144px;\"><\/div>\n<\/div>\n<p>&nbsp;<\/p>\n<p style=\"color: #c9c8cd; font-family: Arial,sans-serif; font-size: 14px; line-height: 17px; margin-bottom: 0; margin-top: 8px; overflow: hidden; padding: 8px 0 7px; text-align: center; text-overflow: ellipsis; white-space: nowrap;\"><a style=\"color: #c9c8cd; font-family: Arial,sans-serif; font-size: 14px; font-style: normal; font-weight: normal; line-height: 17px; text-decoration: none;\" href=\"https:\/\/www.instagram.com\/p\/CZw1Rc4qmcf\/?utm_source=ig_embed&amp;utm_campaign=loading\" target=\"_blank\" rel=\"noopener\">Ein Beitrag geteilt von The Best Social Media &#8211; DE (@thebestsocialmediade)<\/a><\/p>\n<\/div>\n<\/blockquote>\n\n<script async defer src=\"\/instagram-embed.js\"><\/script>","protected":false},"excerpt":{"rendered":"<p>V\u00f6gel haben sie zum Fressen gern, Kinder versorgen sie hingebungsvoll als Ersatzhaustiere, sie haben gleich f\u00fcnf Herzen und zwar alle am rechten Fleck &#8211; die&#8230;<\/p>\n","protected":false},"author":73,"featured_media":157268,"comment_status":"open","ping_status":"open","sticky":false,"template":"","format":"standard","meta":{"_acf_changed":false,"footnotes":""},"categories":[1728,35],"tags":[2108,4865],"class_list":["post-157243","post","type-post","status-publish","format-standard","has-post-thumbnail","hentry","category-humor","category-twitter","tag-haustiere","tag-regenwurm"],"acf":[],"yoast_head":"<!-- This site is optimized with the Yoast SEO plugin v27.5 - https:\/\/yoast.com\/product\/yoast-seo-wordpress\/ -->\n<title>13 Tweets \u00fcber das abenteuerliche Leben der Regenw\u00fcrmer<\/title>\n<meta name=\"robots\" content=\"index, follow, max-snippet:-1, max-image-preview:large, max-video-preview:-1\" \/>\n<link rel=\"canonical\" href=\"https:\/\/www.thebestsocial.media\/de\/regenwurm\/\" \/>\n<meta property=\"og:locale\" content=\"de_DE\" \/>\n<meta property=\"og:type\" content=\"article\" \/>\n<meta property=\"og:title\" content=\"Zum Tag des Regenwurms: 13 Tweets \u00fcber das abenteuerliche Leben der kleinsten Haustiere\" \/>\n<meta property=\"og:description\" content=\"V\u00f6gel haben sie zum Fressen gern, Kinder versorgen sie hingebungsvoll als Ersatzhaustiere, sie haben gleich f\u00fcnf Herzen und zwar alle am rechten Fleck &#8211; die...\" \/>\n<meta property=\"og:url\" content=\"https:\/\/www.thebestsocial.media\/de\/regenwurm\/\" \/>\n<meta property=\"og:site_name\" content=\"The Best Social Media DE\" \/>\n<meta property=\"article:published_time\" content=\"2022-02-15T13:35:12+00:00\" \/>\n<meta property=\"og:image\" content=\"https:\/\/www.thebestsocial.media\/de\/wp-content\/uploads\/sites\/3\/2022\/02\/header-regenwurm.png\" \/>\n\t<meta property=\"og:image:width\" content=\"1200\" \/>\n\t<meta property=\"og:image:height\" content=\"630\" \/>\n\t<meta property=\"og:image:type\" content=\"image\/png\" \/>\n<meta name=\"author\" content=\"Helene Mei\u00dfner\" \/>\n<meta name=\"twitter:card\" content=\"summary_large_image\" \/>\n<meta name=\"twitter:label1\" content=\"Verfasst von\" \/>\n\t<meta name=\"twitter:data1\" content=\"Helene Mei\u00dfner\" \/>\n\t<meta name=\"twitter:label2\" content=\"Gesch\u00e4tzte Lesezeit\" \/>\n\t<meta name=\"twitter:data2\" content=\"3\u00a0Minuten\" \/>\n<script type=\"application\/ld+json\" class=\"yoast-schema-graph\">{\"@context\":\"https:\\\/\\\/schema.org\",\"@graph\":[{\"@type\":\"Article\",\"@id\":\"https:\\\/\\\/www.thebestsocial.media\\\/de\\\/regenwurm\\\/#article\",\"isPartOf\":{\"@id\":\"https:\\\/\\\/www.thebestsocial.media\\\/de\\\/regenwurm\\\/\"},\"author\":{\"name\":\"Helene Mei\u00dfner\",\"@id\":\"https:\\\/\\\/www.thebestsocial.media\\\/de\\\/#\\\/schema\\\/person\\\/6267acc046505b90b912687a039220df\"},\"headline\":\"Zum Tag des Regenwurms: 13 Tweets \u00fcber das abenteuerliche Leben der kleinsten Haustiere\",\"datePublished\":\"2022-02-15T13:35:12+00:00\",\"mainEntityOfPage\":{\"@id\":\"https:\\\/\\\/www.thebestsocial.media\\\/de\\\/regenwurm\\\/\"},\"wordCount\":681,\"commentCount\":0,\"image\":{\"@id\":\"https:\\\/\\\/www.thebestsocial.media\\\/de\\\/regenwurm\\\/#primaryimage\"},\"thumbnailUrl\":\"https:\\\/\\\/www.thebestsocial.media\\\/de\\\/wp-content\\\/uploads\\\/sites\\\/3\\\/2022\\\/02\\\/beitrag-regenwurm.png\",\"keywords\":[\"Haustiere\",\"Regenwurm\"],\"articleSection\":[\"Humor\",\"Twitter\"],\"inLanguage\":\"de\",\"potentialAction\":[{\"@type\":\"CommentAction\",\"name\":\"Comment\",\"target\":[\"https:\\\/\\\/www.thebestsocial.media\\\/de\\\/regenwurm\\\/#respond\"]}]},{\"@type\":\"WebPage\",\"@id\":\"https:\\\/\\\/www.thebestsocial.media\\\/de\\\/regenwurm\\\/\",\"url\":\"https:\\\/\\\/www.thebestsocial.media\\\/de\\\/regenwurm\\\/\",\"name\":\"13 Tweets \u00fcber das abenteuerliche Leben der Regenw\u00fcrmer\",\"isPartOf\":{\"@id\":\"https:\\\/\\\/www.thebestsocial.media\\\/de\\\/#website\"},\"primaryImageOfPage\":{\"@id\":\"https:\\\/\\\/www.thebestsocial.media\\\/de\\\/regenwurm\\\/#primaryimage\"},\"image\":{\"@id\":\"https:\\\/\\\/www.thebestsocial.media\\\/de\\\/regenwurm\\\/#primaryimage\"},\"thumbnailUrl\":\"https:\\\/\\\/www.thebestsocial.media\\\/de\\\/wp-content\\\/uploads\\\/sites\\\/3\\\/2022\\\/02\\\/beitrag-regenwurm.png\",\"datePublished\":\"2022-02-15T13:35:12+00:00\",\"author\":{\"@id\":\"https:\\\/\\\/www.thebestsocial.media\\\/de\\\/#\\\/schema\\\/person\\\/6267acc046505b90b912687a039220df\"},\"breadcrumb\":{\"@id\":\"https:\\\/\\\/www.thebestsocial.media\\\/de\\\/regenwurm\\\/#breadcrumb\"},\"inLanguage\":\"de\",\"potentialAction\":[{\"@type\":\"ReadAction\",\"target\":[\"https:\\\/\\\/www.thebestsocial.media\\\/de\\\/regenwurm\\\/\"]}]},{\"@type\":\"ImageObject\",\"inLanguage\":\"de\",\"@id\":\"https:\\\/\\\/www.thebestsocial.media\\\/de\\\/regenwurm\\\/#primaryimage\",\"url\":\"https:\\\/\\\/www.thebestsocial.media\\\/de\\\/wp-content\\\/uploads\\\/sites\\\/3\\\/2022\\\/02\\\/beitrag-regenwurm.png\",\"contentUrl\":\"https:\\\/\\\/www.thebestsocial.media\\\/de\\\/wp-content\\\/uploads\\\/sites\\\/3\\\/2022\\\/02\\\/beitrag-regenwurm.png\",\"width\":1200,\"height\":630},{\"@type\":\"BreadcrumbList\",\"@id\":\"https:\\\/\\\/www.thebestsocial.media\\\/de\\\/regenwurm\\\/#breadcrumb\",\"itemListElement\":[{\"@type\":\"ListItem\",\"position\":1,\"name\":\"Home\",\"item\":\"https:\\\/\\\/www.thebestsocial.media\\\/de\\\/\"},{\"@type\":\"ListItem\",\"position\":2,\"name\":\"Zum Tag des Regenwurms: 13 Tweets \u00fcber das abenteuerliche Leben der kleinsten Haustiere\"}]},{\"@type\":\"WebSite\",\"@id\":\"https:\\\/\\\/www.thebestsocial.media\\\/de\\\/#website\",\"url\":\"https:\\\/\\\/www.thebestsocial.media\\\/de\\\/\",\"name\":\"The Best Social Media DE\",\"description\":\"\",\"potentialAction\":[{\"@type\":\"SearchAction\",\"target\":{\"@type\":\"EntryPoint\",\"urlTemplate\":\"https:\\\/\\\/www.thebestsocial.media\\\/de\\\/?s={search_term_string}\"},\"query-input\":{\"@type\":\"PropertyValueSpecification\",\"valueRequired\":true,\"valueName\":\"search_term_string\"}}],\"inLanguage\":\"de\"},{\"@type\":\"Person\",\"@id\":\"https:\\\/\\\/www.thebestsocial.media\\\/de\\\/#\\\/schema\\\/person\\\/6267acc046505b90b912687a039220df\",\"name\":\"Helene Mei\u00dfner\",\"image\":{\"@type\":\"ImageObject\",\"inLanguage\":\"de\",\"@id\":\"https:\\\/\\\/secure.gravatar.com\\\/avatar\\\/6639fc0397860ac2c2e11b018c1f14be4a46c2378a91ac1b35730b724675daa8?s=96&d=mm&r=g\",\"url\":\"https:\\\/\\\/secure.gravatar.com\\\/avatar\\\/6639fc0397860ac2c2e11b018c1f14be4a46c2378a91ac1b35730b724675daa8?s=96&d=mm&r=g\",\"contentUrl\":\"https:\\\/\\\/secure.gravatar.com\\\/avatar\\\/6639fc0397860ac2c2e11b018c1f14be4a46c2378a91ac1b35730b724675daa8?s=96&d=mm&r=g\",\"caption\":\"Helene Mei\u00dfner\"},\"description\":\"Kommt aus Berlin und hat dementsprechend nat\u00fcrlich irgendwas mit Medien studiert. Verlegt oft Dinge, w\u00e4hrend sie sie in der Hand h\u00e4lt. Findet Kauger\u00e4usche unausstehlich. Hat eine Schw\u00e4che f\u00fcr Glitzer und immer mindestens 50 Tabs offen.\",\"sameAs\":[\"https:\\\/\\\/www.instagram.com\\\/he.leni\\\/\"],\"url\":\"https:\\\/\\\/www.thebestsocial.media\\\/de\\\/author\\\/helenemeissner\\\/\"}]}<\/script>\n<!-- \/ Yoast SEO plugin. -->","yoast_head_json":{"title":"13 Tweets \u00fcber das abenteuerliche Leben der Regenw\u00fcrmer","robots":{"index":"index","follow":"follow","max-snippet":"max-snippet:-1","max-image-preview":"max-image-preview:large","max-video-preview":"max-video-preview:-1"},"canonical":"https:\/\/www.thebestsocial.media\/de\/regenwurm\/","og_locale":"de_DE","og_type":"article","og_title":"Zum Tag des Regenwurms: 13 Tweets \u00fcber das abenteuerliche Leben der kleinsten Haustiere","og_description":"V\u00f6gel haben sie zum Fressen gern, Kinder versorgen sie hingebungsvoll als Ersatzhaustiere, sie haben gleich f\u00fcnf Herzen und zwar alle am rechten Fleck &#8211; die...","og_url":"https:\/\/www.thebestsocial.media\/de\/regenwurm\/","og_site_name":"The Best Social Media DE","article_published_time":"2022-02-15T13:35:12+00:00","og_image":[{"width":1200,"height":630,"url":"https:\/\/www.thebestsocial.media\/de\/wp-content\/uploads\/sites\/3\/2022\/02\/header-regenwurm.png","type":"image\/png"}],"author":"Helene Mei\u00dfner","twitter_card":"summary_large_image","twitter_misc":{"Verfasst von":"Helene Mei\u00dfner","Gesch\u00e4tzte Lesezeit":"3\u00a0Minuten"},"schema":{"@context":"https:\/\/schema.org","@graph":[{"@type":"Article","@id":"https:\/\/www.thebestsocial.media\/de\/regenwurm\/#article","isPartOf":{"@id":"https:\/\/www.thebestsocial.media\/de\/regenwurm\/"},"author":{"name":"Helene Mei\u00dfner","@id":"https:\/\/www.thebestsocial.media\/de\/#\/schema\/person\/6267acc046505b90b912687a039220df"},"headline":"Zum Tag des Regenwurms: 13 Tweets \u00fcber das abenteuerliche Leben der kleinsten Haustiere","datePublished":"2022-02-15T13:35:12+00:00","mainEntityOfPage":{"@id":"https:\/\/www.thebestsocial.media\/de\/regenwurm\/"},"wordCount":681,"commentCount":0,"image":{"@id":"https:\/\/www.thebestsocial.media\/de\/regenwurm\/#primaryimage"},"thumbnailUrl":"https:\/\/www.thebestsocial.media\/de\/wp-content\/uploads\/sites\/3\/2022\/02\/beitrag-regenwurm.png","keywords":["Haustiere","Regenwurm"],"articleSection":["Humor","Twitter"],"inLanguage":"de","potentialAction":[{"@type":"CommentAction","name":"Comment","target":["https:\/\/www.thebestsocial.media\/de\/regenwurm\/#respond"]}]},{"@type":"WebPage","@id":"https:\/\/www.thebestsocial.media\/de\/regenwurm\/","url":"https:\/\/www.thebestsocial.media\/de\/regenwurm\/","name":"13 Tweets \u00fcber das abenteuerliche Leben der Regenw\u00fcrmer","isPartOf":{"@id":"https:\/\/www.thebestsocial.media\/de\/#website"},"primaryImageOfPage":{"@id":"https:\/\/www.thebestsocial.media\/de\/regenwurm\/#primaryimage"},"image":{"@id":"https:\/\/www.thebestsocial.media\/de\/regenwurm\/#primaryimage"},"thumbnailUrl":"https:\/\/www.thebestsocial.media\/de\/wp-content\/uploads\/sites\/3\/2022\/02\/beitrag-regenwurm.png","datePublished":"2022-02-15T13:35:12+00:00","author":{"@id":"https:\/\/www.thebestsocial.media\/de\/#\/schema\/person\/6267acc046505b90b912687a039220df"},"breadcrumb":{"@id":"https:\/\/www.thebestsocial.media\/de\/regenwurm\/#breadcrumb"},"inLanguage":"de","potentialAction":[{"@type":"ReadAction","target":["https:\/\/www.thebestsocial.media\/de\/regenwurm\/"]}]},{"@type":"ImageObject","inLanguage":"de","@id":"https:\/\/www.thebestsocial.media\/de\/regenwurm\/#primaryimage","url":"https:\/\/www.thebestsocial.media\/de\/wp-content\/uploads\/sites\/3\/2022\/02\/beitrag-regenwurm.png","contentUrl":"https:\/\/www.thebestsocial.media\/de\/wp-content\/uploads\/sites\/3\/2022\/02\/beitrag-regenwurm.png","width":1200,"height":630},{"@type":"BreadcrumbList","@id":"https:\/\/www.thebestsocial.media\/de\/regenwurm\/#breadcrumb","itemListElement":[{"@type":"ListItem","position":1,"name":"Home","item":"https:\/\/www.thebestsocial.media\/de\/"},{"@type":"ListItem","position":2,"name":"Zum Tag des Regenwurms: 13 Tweets \u00fcber das abenteuerliche Leben der kleinsten Haustiere"}]},{"@type":"WebSite","@id":"https:\/\/www.thebestsocial.media\/de\/#website","url":"https:\/\/www.thebestsocial.media\/de\/","name":"The Best Social Media DE","description":"","potentialAction":[{"@type":"SearchAction","target":{"@type":"EntryPoint","urlTemplate":"https:\/\/www.thebestsocial.media\/de\/?s={search_term_string}"},"query-input":{"@type":"PropertyValueSpecification","valueRequired":true,"valueName":"search_term_string"}}],"inLanguage":"de"},{"@type":"Person","@id":"https:\/\/www.thebestsocial.media\/de\/#\/schema\/person\/6267acc046505b90b912687a039220df","name":"Helene Mei\u00dfner","image":{"@type":"ImageObject","inLanguage":"de","@id":"https:\/\/secure.gravatar.com\/avatar\/6639fc0397860ac2c2e11b018c1f14be4a46c2378a91ac1b35730b724675daa8?s=96&d=mm&r=g","url":"https:\/\/secure.gravatar.com\/avatar\/6639fc0397860ac2c2e11b018c1f14be4a46c2378a91ac1b35730b724675daa8?s=96&d=mm&r=g","contentUrl":"https:\/\/secure.gravatar.com\/avatar\/6639fc0397860ac2c2e11b018c1f14be4a46c2378a91ac1b35730b724675daa8?s=96&d=mm&r=g","caption":"Helene Mei\u00dfner"},"description":"Kommt aus Berlin und hat dementsprechend nat\u00fcrlich irgendwas mit Medien studiert. Verlegt oft Dinge, w\u00e4hrend sie sie in der Hand h\u00e4lt. Findet Kauger\u00e4usche unausstehlich. Hat eine Schw\u00e4che f\u00fcr Glitzer und immer mindestens 50 Tabs offen.","sameAs":["https:\/\/www.instagram.com\/he.leni\/"],"url":"https:\/\/www.thebestsocial.media\/de\/author\/helenemeissner\/"}]}},"amp_enabled":true,"_links":{"self":[{"href":"https:\/\/www.thebestsocial.media\/de\/wp-json\/wp\/v2\/posts\/157243","targetHints":{"allow":["GET"]}}],"collection":[{"href":"https:\/\/www.thebestsocial.media\/de\/wp-json\/wp\/v2\/posts"}],"about":[{"href":"https:\/\/www.thebestsocial.media\/de\/wp-json\/wp\/v2\/types\/post"}],"author":[{"embeddable":true,"href":"https:\/\/www.thebestsocial.media\/de\/wp-json\/wp\/v2\/users\/73"}],"replies":[{"embeddable":true,"href":"https:\/\/www.thebestsocial.media\/de\/wp-json\/wp\/v2\/comments?post=157243"}],"version-history":[{"count":21,"href":"https:\/\/www.thebestsocial.media\/de\/wp-json\/wp\/v2\/posts\/157243\/revisions"}],"predecessor-version":[{"id":157271,"href":"https:\/\/www.thebestsocial.media\/de\/wp-json\/wp\/v2\/posts\/157243\/revisions\/157271"}],"wp:featuredmedia":[{"embeddable":true,"href":"https:\/\/www.thebestsocial.media\/de\/wp-json\/wp\/v2\/media\/157268"}],"wp:attachment":[{"href":"https:\/\/www.thebestsocial.media\/de\/wp-json\/wp\/v2\/media?parent=157243"}],"wp:term":[{"taxonomy":"category","embeddable":true,"href":"https:\/\/www.thebestsocial.media\/de\/wp-json\/wp\/v2\/categories?post=157243"},{"taxonomy":"post_tag","embeddable":true,"href":"https:\/\/www.thebestsocial.media\/de\/wp-json\/wp\/v2\/tags?post=157243"}],"curies":[{"name":"wp","href":"https:\/\/api.w.org\/{rel}","templated":true}]}}