{"id":156865,"date":"2022-02-07T11:21:19","date_gmt":"2022-02-07T11:21:19","guid":{"rendered":"https:\/\/www.thebestsocial.media\/de\/?p=156865"},"modified":"2022-02-07T13:34:42","modified_gmt":"2022-02-07T13:34:42","slug":"neues-vom-kardashian-klan-kylie-jenners-2-kind-is-da","status":"publish","type":"post","link":"https:\/\/www.thebestsocial.media\/de\/neues-vom-kardashian-klan-kylie-jenners-2-kind-is-da\/","title":{"rendered":"Neues vom Kardashian Klan: Kylie Jenners 2. Kind is da!"},"content":{"rendered":"<p>Die Kardashian-Jenner Familie ist seit Jahrzehnten eine der popul\u00e4rsten und erfolgreichtsten Familien \u00fcberhaupt. Der Kardashian-Klan ist ununterbrochen in den Medien und eine Schlagzeile folgt der n\u00e4chsten. So auch, die Bekanntmachung des Nachwuchs von Multi-Milliard\u00e4rin Kylie Jenner.<\/p>\n<p>&nbsp;<\/p>\n<h3><strong>1. Klare Vorteile. <\/strong><\/h3>\n<blockquote class=\"twitter-tweet\">\n<p dir=\"ltr\" lang=\"en\">kylie gave birth on 2\/2\/22 and that baby is born rich ?!?!? life isn\u2019t fair <a href=\"https:\/\/t.co\/R5Mgf6Q60f\">pic.twitter.com\/R5Mgf6Q60f<\/a><\/p>\n<p>\u2014 leeann \ud83d\udc3b\u200d\u2744\ufe0f rt pinned pls! (@Iapidus) <a href=\"https:\/\/twitter.com\/Iapidus\/status\/1490479081854488577?ref_src=twsrc%5Etfw\">February 7, 2022<\/a><\/p><\/blockquote>\n<p><script async src=\"https:\/\/platform.twitter.com\/widgets.js\" charset=\"utf-8\"><\/script><\/p>\n<p>&nbsp;<\/p>\n<h3><strong>2. Nur noch auf das Wesentliche konzentrieren.<\/strong><\/h3>\n<blockquote class=\"twitter-tweet\">\n<p dir=\"ltr\" lang=\"en\">kris jenner uploading kylies baby announcement so that everyone forgets about the kimye drama <a href=\"https:\/\/t.co\/jyyU9XaiCd\">pic.twitter.com\/jyyU9XaiCd<\/a><\/p>\n<p>\u2014 sophie (@sophassiii) <a href=\"https:\/\/twitter.com\/sophassiii\/status\/1490484566305480706?ref_src=twsrc%5Etfw\">February 7, 2022<\/a><\/p><\/blockquote>\n<p><script async src=\"https:\/\/platform.twitter.com\/widgets.js\" charset=\"utf-8\"><\/script><\/p>\n<p>&nbsp;<\/p>\n<h3><strong>3. Herrausgez\u00f6gert. <\/strong><\/h3>\n<blockquote class=\"twitter-tweet\">\n<p dir=\"ltr\" lang=\"en\">kylie at 11:58 on 2\/1\/22 <a href=\"https:\/\/t.co\/ptjKSIbIYq\">pic.twitter.com\/ptjKSIbIYq<\/a><\/p>\n<p>\u2014 m (@shortyshustla) <a href=\"https:\/\/twitter.com\/shortyshustla\/status\/1490483198178086914?ref_src=twsrc%5Etfw\">February 7, 2022<\/a><\/p><\/blockquote>\n<p><script async src=\"https:\/\/platform.twitter.com\/widgets.js\" charset=\"utf-8\"><\/script><\/p>\n<p>&nbsp;<\/p>\n<h3><strong>4. Nicht die einzige Prominente die ein Kind erwartet. <\/strong><\/h3>\n<blockquote class=\"twitter-tweet\">\n<p dir=\"ltr\" lang=\"en\">Damn, I was rlly pregnant at the same time as Rihanna and Kylie Jenner. I aborted it, but like, it still counts.<\/p>\n<p>\u2014 \u034f\ud835\uddbc\ud835\uddc8\ud835\uddc5\ud835\uddc5 (@collard_greens) <a href=\"https:\/\/twitter.com\/collard_greens\/status\/1488302875897995267?ref_src=twsrc%5Etfw\">February 1, 2022<\/a><\/p><\/blockquote>\n<p><script async src=\"https:\/\/platform.twitter.com\/widgets.js\" charset=\"utf-8\"><\/script><\/p>\n<p>&nbsp;<\/p>\n<h3><strong>5. Reiner Zufall?<\/strong><\/h3>\n<blockquote class=\"twitter-tweet\">\n<p dir=\"ltr\" lang=\"en\">Kylie Jenner gonna have 2 Aquarius children. I stan<\/p>\n<p>\u2014 AQUARIUS TRAPHOUSE\u00ae (@aquarina) <a href=\"https:\/\/twitter.com\/aquarina\/status\/1488249499210469383?ref_src=twsrc%5Etfw\">January 31, 2022<\/a><\/p><\/blockquote>\n<p><script async src=\"https:\/\/platform.twitter.com\/widgets.js\" charset=\"utf-8\"><\/script><\/p>\n<p>&nbsp;<\/p>\n<h3><strong>6. Entt\u00e4uschung f\u00fcr die Star Mama. <\/strong><\/h3>\n<blockquote class=\"twitter-tweet\">\n<p dir=\"ltr\" lang=\"en\">Kylie Jenner after finding out Rihanna is pregnant at the same time as her : <a href=\"https:\/\/t.co\/xsnxRck3HL\">pic.twitter.com\/xsnxRck3HL<\/a><\/p>\n<p>\u2014 jack (@jackwyattss) <a href=\"https:\/\/twitter.com\/jackwyattss\/status\/1488180099795111944?ref_src=twsrc%5Etfw\">January 31, 2022<\/a><\/p><\/blockquote>\n<p><script async src=\"https:\/\/platform.twitter.com\/widgets.js\" charset=\"utf-8\"><\/script><\/p>\n<p>&nbsp;<\/p>\n<h3><strong>7. Der Gesch\u00e4ftssinn ist immer pr\u00e4sent.<\/strong><\/h3>\n<blockquote class=\"twitter-tweet\">\n<p dir=\"ltr\" lang=\"en\">kylie jenner has for sure had her baby and named it valentine and is going to reveal it as promo for her valentines day makeup collection and if that&#8217;s not a reason to have a baby i don&#8217;t know what is<\/p>\n<p>\u2014 guy fieri fanclub (@sxc_sassy) <a href=\"https:\/\/twitter.com\/sxc_sassy\/status\/1489807862436331522?ref_src=twsrc%5Etfw\">February 5, 2022<\/a><\/p><\/blockquote>\n<p><script async src=\"https:\/\/platform.twitter.com\/widgets.js\" charset=\"utf-8\"><\/script><\/p>\n<p>&nbsp;<\/p>\n<h3><strong>8. Die Met Gala: optimaler Ort f\u00fcr Baby Announcement.<\/strong><\/h3>\n<blockquote class=\"twitter-tweet\">\n<p dir=\"ltr\" lang=\"en\">I bet Kylie Jenner wanted to make her pregnancy announcement at the Met Gala but TMZ ruined <a href=\"https:\/\/t.co\/DprBYZD5KM\">pic.twitter.com\/DprBYZD5KM<\/a><\/p>\n<p>\u2014 BabyJasmin\ud83c\udf52 (@godbritbrit) <a href=\"https:\/\/twitter.com\/godbritbrit\/status\/1428770734286024710?ref_src=twsrc%5Etfw\">August 20, 2021<\/a><\/p><\/blockquote>\n<p><script async src=\"https:\/\/platform.twitter.com\/widgets.js\" charset=\"utf-8\"><\/script><\/p>\n<p>&nbsp;<\/p>\n<h3><strong>9. Nicht f\u00fcr alle eine absolute \u00dcberraschung. <\/strong><\/h3>\n<blockquote class=\"twitter-tweet\">\n<p dir=\"ltr\" lang=\"en\">me pretending to be shocked that Kylie Jenner is pregnant even though a bunch of TikTok videos already confirmed it <a href=\"https:\/\/t.co\/0rrmGQh2UZ\">pic.twitter.com\/0rrmGQh2UZ<\/a><\/p>\n<p>\u2014 unique. \ud83d\udda4 (@blkslut) <a href=\"https:\/\/twitter.com\/blkslut\/status\/1435392417184759808?ref_src=twsrc%5Etfw\">September 7, 2021<\/a><\/p><\/blockquote>\n<p><script async src=\"https:\/\/platform.twitter.com\/widgets.js\" charset=\"utf-8\"><\/script><\/p>\n<p>&nbsp;<\/p>\n<h3><strong>10. Wird nicht gerne geteilt im Hause Jenner?<\/strong><\/h3>\n<blockquote class=\"twitter-tweet\">\n<p dir=\"ltr\" lang=\"en\">stormi when kylie jenner tells her she\u2019ll have to share her backyard playhouse <a href=\"https:\/\/t.co\/ZlmoavlVax\">pic.twitter.com\/ZlmoavlVax<\/a><\/p>\n<p>\u2014 Hope (she\/her) (@xoxoakimax) <a href=\"https:\/\/twitter.com\/xoxoakimax\/status\/1428785960049860612?ref_src=twsrc%5Etfw\">August 20, 2021<\/a><\/p><\/blockquote>\n<p><script async src=\"https:\/\/platform.twitter.com\/widgets.js\" charset=\"utf-8\"><\/script><\/p>\n<p>&nbsp;<\/p>\n<h3><strong>11. An Inspiration soll es nicht fehlen. <\/strong><\/h3>\n<blockquote class=\"twitter-tweet\">\n<p dir=\"ltr\" lang=\"en\">Petition for Kylie Jenner to name her new baby Global Warmi <a href=\"https:\/\/t.co\/jHvV8qcD0T\">pic.twitter.com\/jHvV8qcD0T<\/a><\/p>\n<p>\u2014 arianators wildin (@arianatorswildt) <a href=\"https:\/\/twitter.com\/arianatorswildt\/status\/1435393871639289858?ref_src=twsrc%5Etfw\">September 8, 2021<\/a><\/p><\/blockquote>\n<p><script async src=\"https:\/\/platform.twitter.com\/widgets.js\" charset=\"utf-8\"><\/script><br \/>\n&nbsp;<\/p>\n<div style=\"display: flex; flex-direction: row; align-items: center;\">\n<div style=\"background-color: #f4f4f4; border-radius: 50%; flex-grow: 0; height: 40px; margin-right: 14px; width: 40px;\"><\/div>\n<div style=\"display: flex; flex-direction: column; flex-grow: 1; justify-content: center;\">\n<div style=\"background-color: #f4f4f4; border-radius: 4px; flex-grow: 0; height: 14px; margin-bottom: 6px; width: 100px;\"><\/div>\n<div style=\"background-color: #f4f4f4; border-radius: 4px; flex-grow: 0; height: 14px; width: 60px;\"><\/div>\n<\/div>\n<\/div>\n<div style=\"padding: 19% 0;\"><\/div>\n<div style=\"display: block; height: 50px; margin: 0 auto 12px; width: 50px;\"><\/div>\n<div style=\"padding-top: 8px;\">\n<div style=\"color: #3897f0; font-family: Arial,sans-serif; font-size: 14px; font-style: normal; font-weight: 550; line-height: 18px;\">View this post on Instagram<\/div>\n<\/div>\n<div style=\"padding: 12.5% 0;\"><\/div>\n<div style=\"display: flex; flex-direction: row; margin-bottom: 14px; align-items: center;\">\n<div>\n<div style=\"background-color: #f4f4f4; border-radius: 50%; height: 12.5px; width: 12.5px; transform: translateX(0px) translateY(7px);\"><\/div>\n<div style=\"background-color: #f4f4f4; height: 12.5px; transform: rotate(-45deg) translateX(3px) translateY(1px); width: 12.5px; flex-grow: 0; margin-right: 14px; margin-left: 2px;\"><\/div>\n<div style=\"background-color: #f4f4f4; border-radius: 50%; height: 12.5px; width: 12.5px; transform: translateX(9px) translateY(-18px);\"><\/div>\n<\/div>\n<div style=\"margin-left: 8px;\">\n<div style=\"background-color: #f4f4f4; border-radius: 50%; flex-grow: 0; height: 20px; width: 20px;\"><\/div>\n<div style=\"width: 0; height: 0; border-top: 2px solid transparent; border-left: 6px solid #f4f4f4; border-bottom: 2px solid transparent; transform: translateX(16px) translateY(-4px) rotate(30deg);\"><\/div>\n<\/div>\n<div style=\"margin-left: auto;\">\n<div style=\"width: 0px; border-top: 8px solid #F4F4F4; border-right: 8px solid transparent; transform: translateY(16px);\"><\/div>\n<div style=\"background-color: #f4f4f4; flex-grow: 0; height: 12px; width: 16px; transform: translateY(-4px);\"><\/div>\n<div style=\"width: 0; height: 0; border-top: 8px solid #F4F4F4; border-left: 8px solid transparent; transform: translateY(-4px) translateX(8px);\"><\/div>\n<\/div>\n<\/div>\n<div style=\"display: flex; flex-direction: column; flex-grow: 1; justify-content: center; margin-bottom: 24px;\">\n<div style=\"background-color: #f4f4f4; border-radius: 4px; flex-grow: 0; height: 14px; margin-bottom: 6px; width: 224px;\"><\/div>\n<div style=\"background-color: #f4f4f4; border-radius: 4px; flex-grow: 0; height: 14px; width: 144px;\"><\/div>\n<\/div>\n<p>&nbsp;<\/p>\n<p style=\"color: #c9c8cd; font-family: Arial,sans-serif; font-size: 14px; line-height: 17px; margin-bottom: 0; margin-top: 8px; overflow: hidden; padding: 8px 0 7px; text-align: center; text-overflow: ellipsis; white-space: nowrap;\"><a style=\"color: #c9c8cd; font-family: Arial,sans-serif; font-size: 14px; font-style: normal; font-weight: normal; line-height: 17px; text-decoration: none;\" href=\"https:\/\/www.instagram.com\/p\/CZmisvcgTQw\/?utm_source=ig_embed&amp;utm_campaign=loading\" target=\"_blank\" rel=\"noopener\">A post shared by The Best Social Media &#8211; DE (@thebestsocialmediade)<\/a><\/p>\n<\/div>\n<\/blockquote>\n\n<script async defer src=\"\/instagram-embed.js\"><\/script>","protected":false},"excerpt":{"rendered":"<p>Die Kardashian-Jenner Familie ist seit Jahrzehnten eine der popul\u00e4rsten und erfolgreichtsten Familien \u00fcberhaupt. Der Kardashian-Klan ist ununterbrochen in den Medien und eine Schlagzeile folgt der&#8230;<\/p>\n","protected":false},"author":92,"featured_media":156868,"comment_status":"open","ping_status":"open","sticky":false,"template":"","format":"standard","meta":{"_acf_changed":false,"footnotes":""},"categories":[102,1728,1116,35,1],"tags":[2033,1212,58],"class_list":["post-156865","post","type-post","status-publish","format-standard","has-post-thumbnail","hentry","category-allgemein","category-humor","category-the-best-social","category-twitter","category-uncategorized","tag-geburt","tag-kylie-jenner","tag-twitter"],"acf":[],"yoast_head":"<!-- This site is optimized with the Yoast SEO plugin v27.5 - https:\/\/yoast.com\/product\/yoast-seo-wordpress\/ -->\n<title>Neues vom Kardashian Klan: Kylie Jenners 2. Kind is da!<\/title>\n<meta name=\"robots\" content=\"index, follow, max-snippet:-1, max-image-preview:large, max-video-preview:-1\" \/>\n<link rel=\"canonical\" href=\"https:\/\/www.thebestsocial.media\/de\/neues-vom-kardashian-klan-kylie-jenners-2-kind-is-da\/\" \/>\n<meta property=\"og:locale\" content=\"de_DE\" \/>\n<meta property=\"og:type\" content=\"article\" \/>\n<meta property=\"og:title\" content=\"Neues vom Kardashian Klan: Kylie Jenners 2. Kind is da!\" \/>\n<meta property=\"og:description\" content=\"Die Kardashian-Jenner Familie ist seit Jahrzehnten eine der popul\u00e4rsten und erfolgreichtsten Familien \u00fcberhaupt. Der Kardashian-Klan ist ununterbrochen in den Medien und eine Schlagzeile folgt der...\" \/>\n<meta property=\"og:url\" content=\"https:\/\/www.thebestsocial.media\/de\/neues-vom-kardashian-klan-kylie-jenners-2-kind-is-da\/\" \/>\n<meta property=\"og:site_name\" content=\"The Best Social Media DE\" \/>\n<meta property=\"article:author\" content=\"Anna Oeltges\" \/>\n<meta property=\"article:published_time\" content=\"2022-02-07T11:21:19+00:00\" \/>\n<meta property=\"article:modified_time\" content=\"2022-02-07T13:34:42+00:00\" \/>\n<meta property=\"og:image\" content=\"https:\/\/www.thebestsocial.media\/de\/wp-content\/uploads\/sites\/3\/2022\/02\/Header_Bild_Neu-5.png\" \/>\n\t<meta property=\"og:image:width\" content=\"1200\" \/>\n\t<meta property=\"og:image:height\" content=\"630\" \/>\n\t<meta property=\"og:image:type\" content=\"image\/png\" \/>\n<meta name=\"author\" content=\"Anna Oeltges\" \/>\n<meta name=\"twitter:card\" content=\"summary_large_image\" \/>\n<meta name=\"twitter:creator\" content=\"@oeltges\" \/>\n<meta name=\"twitter:label1\" content=\"Verfasst von\" \/>\n\t<meta name=\"twitter:data1\" content=\"Anna Oeltges\" \/>\n\t<meta name=\"twitter:label2\" content=\"Gesch\u00e4tzte Lesezeit\" \/>\n\t<meta name=\"twitter:data2\" content=\"2\u00a0Minuten\" \/>\n<script type=\"application\/ld+json\" class=\"yoast-schema-graph\">{\"@context\":\"https:\\\/\\\/schema.org\",\"@graph\":[{\"@type\":\"Article\",\"@id\":\"https:\\\/\\\/www.thebestsocial.media\\\/de\\\/neues-vom-kardashian-klan-kylie-jenners-2-kind-is-da\\\/#article\",\"isPartOf\":{\"@id\":\"https:\\\/\\\/www.thebestsocial.media\\\/de\\\/neues-vom-kardashian-klan-kylie-jenners-2-kind-is-da\\\/\"},\"author\":{\"name\":\"Anna Oeltges\",\"@id\":\"https:\\\/\\\/www.thebestsocial.media\\\/de\\\/#\\\/schema\\\/person\\\/73ef7d3bb298de832c8f1c79b4a41e81\"},\"headline\":\"Neues vom Kardashian Klan: Kylie Jenners 2. Kind is da!\",\"datePublished\":\"2022-02-07T11:21:19+00:00\",\"dateModified\":\"2022-02-07T13:34:42+00:00\",\"mainEntityOfPage\":{\"@id\":\"https:\\\/\\\/www.thebestsocial.media\\\/de\\\/neues-vom-kardashian-klan-kylie-jenners-2-kind-is-da\\\/\"},\"wordCount\":402,\"commentCount\":0,\"image\":{\"@id\":\"https:\\\/\\\/www.thebestsocial.media\\\/de\\\/neues-vom-kardashian-klan-kylie-jenners-2-kind-is-da\\\/#primaryimage\"},\"thumbnailUrl\":\"https:\\\/\\\/www.thebestsocial.media\\\/de\\\/wp-content\\\/uploads\\\/sites\\\/3\\\/2022\\\/02\\\/infant-gfe6084ef8_1920.jpg\",\"keywords\":[\"geburt\",\"Kylie Jenner\",\"twitter\"],\"articleSection\":{\"1\":\"Humor\",\"2\":\"The Best Social\",\"3\":\"Twitter\",\"4\":\"Uncategorized\"},\"inLanguage\":\"de\",\"potentialAction\":[{\"@type\":\"CommentAction\",\"name\":\"Comment\",\"target\":[\"https:\\\/\\\/www.thebestsocial.media\\\/de\\\/neues-vom-kardashian-klan-kylie-jenners-2-kind-is-da\\\/#respond\"]}]},{\"@type\":\"WebPage\",\"@id\":\"https:\\\/\\\/www.thebestsocial.media\\\/de\\\/neues-vom-kardashian-klan-kylie-jenners-2-kind-is-da\\\/\",\"url\":\"https:\\\/\\\/www.thebestsocial.media\\\/de\\\/neues-vom-kardashian-klan-kylie-jenners-2-kind-is-da\\\/\",\"name\":\"Neues vom Kardashian Klan: Kylie Jenners 2. Kind is da!\",\"isPartOf\":{\"@id\":\"https:\\\/\\\/www.thebestsocial.media\\\/de\\\/#website\"},\"primaryImageOfPage\":{\"@id\":\"https:\\\/\\\/www.thebestsocial.media\\\/de\\\/neues-vom-kardashian-klan-kylie-jenners-2-kind-is-da\\\/#primaryimage\"},\"image\":{\"@id\":\"https:\\\/\\\/www.thebestsocial.media\\\/de\\\/neues-vom-kardashian-klan-kylie-jenners-2-kind-is-da\\\/#primaryimage\"},\"thumbnailUrl\":\"https:\\\/\\\/www.thebestsocial.media\\\/de\\\/wp-content\\\/uploads\\\/sites\\\/3\\\/2022\\\/02\\\/infant-gfe6084ef8_1920.jpg\",\"datePublished\":\"2022-02-07T11:21:19+00:00\",\"dateModified\":\"2022-02-07T13:34:42+00:00\",\"author\":{\"@id\":\"https:\\\/\\\/www.thebestsocial.media\\\/de\\\/#\\\/schema\\\/person\\\/73ef7d3bb298de832c8f1c79b4a41e81\"},\"breadcrumb\":{\"@id\":\"https:\\\/\\\/www.thebestsocial.media\\\/de\\\/neues-vom-kardashian-klan-kylie-jenners-2-kind-is-da\\\/#breadcrumb\"},\"inLanguage\":\"de\",\"potentialAction\":[{\"@type\":\"ReadAction\",\"target\":[\"https:\\\/\\\/www.thebestsocial.media\\\/de\\\/neues-vom-kardashian-klan-kylie-jenners-2-kind-is-da\\\/\"]}]},{\"@type\":\"ImageObject\",\"inLanguage\":\"de\",\"@id\":\"https:\\\/\\\/www.thebestsocial.media\\\/de\\\/neues-vom-kardashian-klan-kylie-jenners-2-kind-is-da\\\/#primaryimage\",\"url\":\"https:\\\/\\\/www.thebestsocial.media\\\/de\\\/wp-content\\\/uploads\\\/sites\\\/3\\\/2022\\\/02\\\/infant-gfe6084ef8_1920.jpg\",\"contentUrl\":\"https:\\\/\\\/www.thebestsocial.media\\\/de\\\/wp-content\\\/uploads\\\/sites\\\/3\\\/2022\\\/02\\\/infant-gfe6084ef8_1920.jpg\",\"width\":1920,\"height\":1080},{\"@type\":\"BreadcrumbList\",\"@id\":\"https:\\\/\\\/www.thebestsocial.media\\\/de\\\/neues-vom-kardashian-klan-kylie-jenners-2-kind-is-da\\\/#breadcrumb\",\"itemListElement\":[{\"@type\":\"ListItem\",\"position\":1,\"name\":\"Home\",\"item\":\"https:\\\/\\\/www.thebestsocial.media\\\/de\\\/\"},{\"@type\":\"ListItem\",\"position\":2,\"name\":\"Neues vom Kardashian Klan: Kylie Jenners 2. Kind is da!\"}]},{\"@type\":\"WebSite\",\"@id\":\"https:\\\/\\\/www.thebestsocial.media\\\/de\\\/#website\",\"url\":\"https:\\\/\\\/www.thebestsocial.media\\\/de\\\/\",\"name\":\"The Best Social Media DE\",\"description\":\"\",\"potentialAction\":[{\"@type\":\"SearchAction\",\"target\":{\"@type\":\"EntryPoint\",\"urlTemplate\":\"https:\\\/\\\/www.thebestsocial.media\\\/de\\\/?s={search_term_string}\"},\"query-input\":{\"@type\":\"PropertyValueSpecification\",\"valueRequired\":true,\"valueName\":\"search_term_string\"}}],\"inLanguage\":\"de\"},{\"@type\":\"Person\",\"@id\":\"https:\\\/\\\/www.thebestsocial.media\\\/de\\\/#\\\/schema\\\/person\\\/73ef7d3bb298de832c8f1c79b4a41e81\",\"name\":\"Anna Oeltges\",\"image\":{\"@type\":\"ImageObject\",\"inLanguage\":\"de\",\"@id\":\"https:\\\/\\\/secure.gravatar.com\\\/avatar\\\/5ce5a6c547e9e6c1f06970e7e00b7d65cb62536add335c1e887b5723d76d3fd6?s=96&d=mm&r=g\",\"url\":\"https:\\\/\\\/secure.gravatar.com\\\/avatar\\\/5ce5a6c547e9e6c1f06970e7e00b7d65cb62536add335c1e887b5723d76d3fd6?s=96&d=mm&r=g\",\"contentUrl\":\"https:\\\/\\\/secure.gravatar.com\\\/avatar\\\/5ce5a6c547e9e6c1f06970e7e00b7d65cb62536add335c1e887b5723d76d3fd6?s=96&d=mm&r=g\",\"caption\":\"Anna Oeltges\"},\"sameAs\":[\"Anna Oeltges\",\"annaoeltges\",\"https:\\\/\\\/x.com\\\/oeltges\"],\"url\":\"https:\\\/\\\/www.thebestsocial.media\\\/de\\\/author\\\/anna\\\/\"}]}<\/script>\n<!-- \/ Yoast SEO plugin. -->","yoast_head_json":{"title":"Neues vom Kardashian Klan: Kylie Jenners 2. Kind is da!","robots":{"index":"index","follow":"follow","max-snippet":"max-snippet:-1","max-image-preview":"max-image-preview:large","max-video-preview":"max-video-preview:-1"},"canonical":"https:\/\/www.thebestsocial.media\/de\/neues-vom-kardashian-klan-kylie-jenners-2-kind-is-da\/","og_locale":"de_DE","og_type":"article","og_title":"Neues vom Kardashian Klan: Kylie Jenners 2. Kind is da!","og_description":"Die Kardashian-Jenner Familie ist seit Jahrzehnten eine der popul\u00e4rsten und erfolgreichtsten Familien \u00fcberhaupt. Der Kardashian-Klan ist ununterbrochen in den Medien und eine Schlagzeile folgt der...","og_url":"https:\/\/www.thebestsocial.media\/de\/neues-vom-kardashian-klan-kylie-jenners-2-kind-is-da\/","og_site_name":"The Best Social Media DE","article_author":"Anna Oeltges","article_published_time":"2022-02-07T11:21:19+00:00","article_modified_time":"2022-02-07T13:34:42+00:00","og_image":[{"width":1200,"height":630,"url":"https:\/\/www.thebestsocial.media\/de\/wp-content\/uploads\/sites\/3\/2022\/02\/Header_Bild_Neu-5.png","type":"image\/png"}],"author":"Anna Oeltges","twitter_card":"summary_large_image","twitter_creator":"@oeltges","twitter_misc":{"Verfasst von":"Anna Oeltges","Gesch\u00e4tzte Lesezeit":"2\u00a0Minuten"},"schema":{"@context":"https:\/\/schema.org","@graph":[{"@type":"Article","@id":"https:\/\/www.thebestsocial.media\/de\/neues-vom-kardashian-klan-kylie-jenners-2-kind-is-da\/#article","isPartOf":{"@id":"https:\/\/www.thebestsocial.media\/de\/neues-vom-kardashian-klan-kylie-jenners-2-kind-is-da\/"},"author":{"name":"Anna Oeltges","@id":"https:\/\/www.thebestsocial.media\/de\/#\/schema\/person\/73ef7d3bb298de832c8f1c79b4a41e81"},"headline":"Neues vom Kardashian Klan: Kylie Jenners 2. Kind is da!","datePublished":"2022-02-07T11:21:19+00:00","dateModified":"2022-02-07T13:34:42+00:00","mainEntityOfPage":{"@id":"https:\/\/www.thebestsocial.media\/de\/neues-vom-kardashian-klan-kylie-jenners-2-kind-is-da\/"},"wordCount":402,"commentCount":0,"image":{"@id":"https:\/\/www.thebestsocial.media\/de\/neues-vom-kardashian-klan-kylie-jenners-2-kind-is-da\/#primaryimage"},"thumbnailUrl":"https:\/\/www.thebestsocial.media\/de\/wp-content\/uploads\/sites\/3\/2022\/02\/infant-gfe6084ef8_1920.jpg","keywords":["geburt","Kylie Jenner","twitter"],"articleSection":{"1":"Humor","2":"The Best Social","3":"Twitter","4":"Uncategorized"},"inLanguage":"de","potentialAction":[{"@type":"CommentAction","name":"Comment","target":["https:\/\/www.thebestsocial.media\/de\/neues-vom-kardashian-klan-kylie-jenners-2-kind-is-da\/#respond"]}]},{"@type":"WebPage","@id":"https:\/\/www.thebestsocial.media\/de\/neues-vom-kardashian-klan-kylie-jenners-2-kind-is-da\/","url":"https:\/\/www.thebestsocial.media\/de\/neues-vom-kardashian-klan-kylie-jenners-2-kind-is-da\/","name":"Neues vom Kardashian Klan: Kylie Jenners 2. Kind is da!","isPartOf":{"@id":"https:\/\/www.thebestsocial.media\/de\/#website"},"primaryImageOfPage":{"@id":"https:\/\/www.thebestsocial.media\/de\/neues-vom-kardashian-klan-kylie-jenners-2-kind-is-da\/#primaryimage"},"image":{"@id":"https:\/\/www.thebestsocial.media\/de\/neues-vom-kardashian-klan-kylie-jenners-2-kind-is-da\/#primaryimage"},"thumbnailUrl":"https:\/\/www.thebestsocial.media\/de\/wp-content\/uploads\/sites\/3\/2022\/02\/infant-gfe6084ef8_1920.jpg","datePublished":"2022-02-07T11:21:19+00:00","dateModified":"2022-02-07T13:34:42+00:00","author":{"@id":"https:\/\/www.thebestsocial.media\/de\/#\/schema\/person\/73ef7d3bb298de832c8f1c79b4a41e81"},"breadcrumb":{"@id":"https:\/\/www.thebestsocial.media\/de\/neues-vom-kardashian-klan-kylie-jenners-2-kind-is-da\/#breadcrumb"},"inLanguage":"de","potentialAction":[{"@type":"ReadAction","target":["https:\/\/www.thebestsocial.media\/de\/neues-vom-kardashian-klan-kylie-jenners-2-kind-is-da\/"]}]},{"@type":"ImageObject","inLanguage":"de","@id":"https:\/\/www.thebestsocial.media\/de\/neues-vom-kardashian-klan-kylie-jenners-2-kind-is-da\/#primaryimage","url":"https:\/\/www.thebestsocial.media\/de\/wp-content\/uploads\/sites\/3\/2022\/02\/infant-gfe6084ef8_1920.jpg","contentUrl":"https:\/\/www.thebestsocial.media\/de\/wp-content\/uploads\/sites\/3\/2022\/02\/infant-gfe6084ef8_1920.jpg","width":1920,"height":1080},{"@type":"BreadcrumbList","@id":"https:\/\/www.thebestsocial.media\/de\/neues-vom-kardashian-klan-kylie-jenners-2-kind-is-da\/#breadcrumb","itemListElement":[{"@type":"ListItem","position":1,"name":"Home","item":"https:\/\/www.thebestsocial.media\/de\/"},{"@type":"ListItem","position":2,"name":"Neues vom Kardashian Klan: Kylie Jenners 2. Kind is da!"}]},{"@type":"WebSite","@id":"https:\/\/www.thebestsocial.media\/de\/#website","url":"https:\/\/www.thebestsocial.media\/de\/","name":"The Best Social Media DE","description":"","potentialAction":[{"@type":"SearchAction","target":{"@type":"EntryPoint","urlTemplate":"https:\/\/www.thebestsocial.media\/de\/?s={search_term_string}"},"query-input":{"@type":"PropertyValueSpecification","valueRequired":true,"valueName":"search_term_string"}}],"inLanguage":"de"},{"@type":"Person","@id":"https:\/\/www.thebestsocial.media\/de\/#\/schema\/person\/73ef7d3bb298de832c8f1c79b4a41e81","name":"Anna Oeltges","image":{"@type":"ImageObject","inLanguage":"de","@id":"https:\/\/secure.gravatar.com\/avatar\/5ce5a6c547e9e6c1f06970e7e00b7d65cb62536add335c1e887b5723d76d3fd6?s=96&d=mm&r=g","url":"https:\/\/secure.gravatar.com\/avatar\/5ce5a6c547e9e6c1f06970e7e00b7d65cb62536add335c1e887b5723d76d3fd6?s=96&d=mm&r=g","contentUrl":"https:\/\/secure.gravatar.com\/avatar\/5ce5a6c547e9e6c1f06970e7e00b7d65cb62536add335c1e887b5723d76d3fd6?s=96&d=mm&r=g","caption":"Anna Oeltges"},"sameAs":["Anna Oeltges","annaoeltges","https:\/\/x.com\/oeltges"],"url":"https:\/\/www.thebestsocial.media\/de\/author\/anna\/"}]}},"amp_enabled":true,"_links":{"self":[{"href":"https:\/\/www.thebestsocial.media\/de\/wp-json\/wp\/v2\/posts\/156865","targetHints":{"allow":["GET"]}}],"collection":[{"href":"https:\/\/www.thebestsocial.media\/de\/wp-json\/wp\/v2\/posts"}],"about":[{"href":"https:\/\/www.thebestsocial.media\/de\/wp-json\/wp\/v2\/types\/post"}],"author":[{"embeddable":true,"href":"https:\/\/www.thebestsocial.media\/de\/wp-json\/wp\/v2\/users\/92"}],"replies":[{"embeddable":true,"href":"https:\/\/www.thebestsocial.media\/de\/wp-json\/wp\/v2\/comments?post=156865"}],"version-history":[{"count":4,"href":"https:\/\/www.thebestsocial.media\/de\/wp-json\/wp\/v2\/posts\/156865\/revisions"}],"predecessor-version":[{"id":156878,"href":"https:\/\/www.thebestsocial.media\/de\/wp-json\/wp\/v2\/posts\/156865\/revisions\/156878"}],"wp:featuredmedia":[{"embeddable":true,"href":"https:\/\/www.thebestsocial.media\/de\/wp-json\/wp\/v2\/media\/156868"}],"wp:attachment":[{"href":"https:\/\/www.thebestsocial.media\/de\/wp-json\/wp\/v2\/media?parent=156865"}],"wp:term":[{"taxonomy":"category","embeddable":true,"href":"https:\/\/www.thebestsocial.media\/de\/wp-json\/wp\/v2\/categories?post=156865"},{"taxonomy":"post_tag","embeddable":true,"href":"https:\/\/www.thebestsocial.media\/de\/wp-json\/wp\/v2\/tags?post=156865"}],"curies":[{"name":"wp","href":"https:\/\/api.w.org\/{rel}","templated":true}]}}