{"id":156638,"date":"2022-02-03T13:20:39","date_gmt":"2022-02-03T13:20:39","guid":{"rendered":"https:\/\/www.thebestsocial.media\/de\/?p=156638"},"modified":"2022-02-03T13:20:39","modified_gmt":"2022-02-03T13:20:39","slug":"das-grosse-fernweh-11-posts-ueber-urlaub-die-dich-durch-das-fruehjahrstief-bringen","status":"publish","type":"post","link":"https:\/\/www.thebestsocial.media\/de\/das-grosse-fernweh-11-posts-ueber-urlaub-die-dich-durch-das-fruehjahrstief-bringen\/","title":{"rendered":"Das gro\u00dfe Fernweh: 11 Posts \u00fcber Urlaub, die dich durch das Fr\u00fchjahrstief bringen"},"content":{"rendered":"<p>Wir befinden uns in der Zeit des Jahres, in der unser Sommerurlaub in schier unerreichbarer Ferne liegt und das Wetter schwer auf die Laune dr\u00fcckt. Das Fernweh setzt ein und l\u00e4sst uns von wei\u00dfen Str\u00e4nden und azurblauen Wasser tr\u00e4umen. Um zumindest ein wenig Abhilfe zu schaffen, haben wir f\u00fcr euch die interessantesten Tweets rund um das Thema Urlaub gesammelt:<\/p>\n<p>&nbsp;<\/p>\n<h3>1. Sie h\u00e4lt auf jeden Fall l\u00e4nger durch.<\/h3>\n<blockquote class=\"twitter-tweet\">\n<p lang=\"de\" dir=\"ltr\">Chef will meinen Urlaub nur bewilligen, wenn ich f\u00fcr eine gleichwertige Vertretung sorge.<\/p>\n<p>Hab jetzt so eine chinesische Winkekatze gekauft.<\/p>\n<p>&mdash; Ringo Trutschke (@Nacktmagazin) <a href=\"https:\/\/twitter.com\/Nacktmagazin\/status\/910142959617757185?ref_src=twsrc%5Etfw\">September 19, 2017<\/a><\/p><\/blockquote>\n<p> <script async src=\"https:\/\/platform.twitter.com\/widgets.js\" charset=\"utf-8\"><\/script><\/p>\n<p>&nbsp;<\/p>\n<h3>2. GaliGr\u00fc aus Tirol.<\/h3>\n<blockquote class=\"twitter-tweet\">\n<p dir=\"ltr\" lang=\"de\">\u201eKaum gelandet, sendet der Mars-Rover bereits die ersten Bilder&#8230;\u201c<br \/>\nDer Mars-Rover ist wie meine Eltern im Urlaub.<\/p>\n<p>\u2014 Gebbi Gibson (@GebbiGibson) <a href=\"https:\/\/twitter.com\/GebbiGibson\/status\/1362644484161474560?ref_src=twsrc%5Etfw\">February 19, 2021<\/a><\/p><\/blockquote>\n<p><script async src=\"https:\/\/platform.twitter.com\/widgets.js\" charset=\"utf-8\"><\/script><\/p>\n<p>&nbsp;<\/p>\n<h3>3. Die Zeit der Entbehrungen ist vor\u00fcber.<\/h3>\n<blockquote class=\"twitter-tweet\">\n<p lang=\"de\" dir=\"ltr\">MEIN D\u00d6NERMANN IST WIEDER DA!<\/p>\n<p>Sein Urlaub ist endlich zu Ende.<\/p>\n<p>Als wir uns gesehen haben, lief im Hintergrund &#39;One Moment in Time von Whitney Houston&#39; und wir sind in Zeitlupe aufeinander zugelaufen.<\/p>\n<p>&mdash; extrakaese (@extrakaese) <a href=\"https:\/\/twitter.com\/extrakaese\/status\/1028615068605456384?ref_src=twsrc%5Etfw\">August 12, 2018<\/a><\/p><\/blockquote>\n<p> <script async src=\"https:\/\/platform.twitter.com\/widgets.js\" charset=\"utf-8\"><\/script><\/p>\n<p>&nbsp;<\/p>\n<h3>4. So oder so \u00e4hnlich.<\/h3>\n<blockquote class=\"twitter-tweet\">\n<p dir=\"ltr\" lang=\"de\">Urlaub in Deutschland <a href=\"https:\/\/t.co\/nKPmoKRz55\">pic.twitter.com\/nKPmoKRz55<\/a><\/p>\n<p>\u2014 Lord of Sendringham (@TheMadnessHH) <a href=\"https:\/\/twitter.com\/TheMadnessHH\/status\/1281873025768587264?ref_src=twsrc%5Etfw\">July 11, 2020<\/a><\/p><\/blockquote>\n<p><script async src=\"https:\/\/platform.twitter.com\/widgets.js\" charset=\"utf-8\"><\/script><\/p>\n<p>&nbsp;<\/p>\n<h3>5. Sogenannte unplanbare Vorkommnisse.<\/h3>\n<blockquote class=\"twitter-tweet\">\n<p lang=\"de\" dir=\"ltr\">Beim Packen des Koffers vorm Urlaub z\u00e4hlt ihr doch auch die \u00dcbernachtungen mit den Fingern ab, um die Anzahl der Unterw\u00e4sche zu bestimmen und packt dann noch ein Teil mehr ein, weil ja irgendwas passieren k\u00f6nnte, oder?<\/p>\n<p>&mdash; StanBuyMe (@LeChral) <a href=\"https:\/\/twitter.com\/LeChral\/status\/1445069143179464719?ref_src=twsrc%5Etfw\">October 4, 2021<\/a><\/p><\/blockquote>\n<p> <script async src=\"https:\/\/platform.twitter.com\/widgets.js\" charset=\"utf-8\"><\/script><\/p>\n<p>&nbsp;<\/p>\n<h3>6. Uns geht es doch allen gleich.<\/h3>\n<blockquote class=\"twitter-tweet\">\n<p lang=\"de\" dir=\"ltr\">Anruf beim Finanzamt. Ich frage die Dame am Telefon, was sie braucht (ich meinte eigentlich, ob Steuernummer oder Kennzeichen). Ihre Antwort lautete: &quot;WAS ICH BRAUCHE? URLAUB BRAUCH ICH!&quot;<br \/>Ich habe dann gelacht.<br \/>Sie nicht.<\/p>\n<p>&mdash; Frau Vogelbein (@FrauVogelbein) <a href=\"https:\/\/twitter.com\/FrauVogelbein\/status\/1098591094185644035?ref_src=twsrc%5Etfw\">February 21, 2019<\/a><\/p><\/blockquote>\n<p> <script async src=\"https:\/\/platform.twitter.com\/widgets.js\" charset=\"utf-8\"><\/script><\/p>\n<p>&nbsp;<\/p>\n<h3>7. So unterscheiden sich die Pr\u00e4ferenzen in deutschen Mittagspausen.<\/h3>\n<blockquote class=\"twitter-tweet\">\n<p lang=\"de\" dir=\"ltr\">Azubine braucht Urlaub. Will mit dem Freund ein Haus kaufen. Ich bin zwanzig Jahre \u00e4lter und \u00fcberlege seit 11 Uhr, ob ich ein Calippo kaufe.<\/p>\n<p>&mdash; Supersonic (@HerrSupersonic) <a href=\"https:\/\/twitter.com\/HerrSupersonic\/status\/874245249396297728?ref_src=twsrc%5Etfw\">June 12, 2017<\/a><\/p><\/blockquote>\n<p> <script async src=\"https:\/\/platform.twitter.com\/widgets.js\" charset=\"utf-8\"><\/script><\/p>\n<p>&nbsp;<\/p>\n<h3>8. Wer macht denn sowas?<\/h3>\n<blockquote class=\"twitter-tweet\">\n<p lang=\"de\" dir=\"ltr\">Fazit nach einer Woche Urlaub mit meinen Eltern:<\/p>\n<p>Es hat einen Grund, warum Kinder irgendwann ausziehen.<\/p>\n<p>&mdash; Albenkind (@Bluetenfee1981) <a href=\"https:\/\/twitter.com\/Bluetenfee1981\/status\/1486784069698564104?ref_src=twsrc%5Etfw\">January 27, 2022<\/a><\/p><\/blockquote>\n<p> <script async src=\"https:\/\/platform.twitter.com\/widgets.js\" charset=\"utf-8\"><\/script><\/p>\n<p>&nbsp;<\/p>\n<h3>9. Wir trainieren auch schon das ganze Jahr darauf hin.<\/h3>\n<blockquote class=\"twitter-tweet\">\n<p lang=\"de\" dir=\"ltr\">Urlaub in Deutschland ist toll. Eine Regenjackenfigur krieg ich hin!<\/p>\n<p>&mdash; Simi (@simi_schalke) <a href=\"https:\/\/twitter.com\/simi_schalke\/status\/1268918821127151617?ref_src=twsrc%5Etfw\">June 5, 2020<\/a><\/p><\/blockquote>\n<p> <script async src=\"https:\/\/platform.twitter.com\/widgets.js\" charset=\"utf-8\"><\/script><\/p>\n<p>&nbsp;<\/p>\n<h3>10. Lasst ihn doch noch ein wenig in dem Glauben.<\/h3>\n<blockquote class=\"twitter-tweet\">\n<p lang=\"de\" dir=\"ltr\">\u201eWenn ich aus der Schule raus bin, wird alles viel gechillter. Ausschlafen, Geld kriegen, Urlaub, keiner sagt mehr, was ich tun muss! Dann lebe ich endlich!\u201c<\/p>\n<p>Okay, wer sagts ihm? \ud83d\ude02<\/p>\n<p>&mdash; Halbblutlehrerin (@MelsGedanken) <a href=\"https:\/\/twitter.com\/MelsGedanken\/status\/1191323961348542466?ref_src=twsrc%5Etfw\">November 4, 2019<\/a><\/p><\/blockquote>\n<p> <script async src=\"https:\/\/platform.twitter.com\/widgets.js\" charset=\"utf-8\"><\/script><\/p>\n<p>&nbsp;<\/p>\n<h3>11. Wollen Sie wirklich alle 354 Mail in den Spamordner bewegen?<\/h3>\n<blockquote class=\"twitter-tweet\">\n<p lang=\"de\" dir=\"ltr\">Mein Email Postfach am ersten Arbeitstag nach dem Urlaub&#8230; <a href=\"https:\/\/t.co\/r6UvLLOFpG\">pic.twitter.com\/r6UvLLOFpG<\/a><\/p>\n<p>&mdash; Nicht mal Dave (@guycalleddad) <a href=\"https:\/\/twitter.com\/guycalleddad\/status\/1080348554810572801?ref_src=twsrc%5Etfw\">January 2, 2019<\/a><\/p><\/blockquote>\n<p> <script async src=\"https:\/\/platform.twitter.com\/widgets.js\" charset=\"utf-8\"><\/script><\/p>\n<p>___<br \/>\nVielen Dank an alle f\u00fcr die Posts.<br \/>\n___<\/p>\n<blockquote class=\"instagram-media\" style=\"background: #FFF; border: 0; border-radius: 3px; box-shadow: 0 0 1px 0 rgba(0,0,0,0.5),0 1px 10px 0 rgba(0,0,0,0.15); margin: 1px; max-width: 540px; min-width: 326px; padding: 0; width: calc(100% - 2px);\" data-instgrm-captioned=\"\" data-instgrm-permalink=\"https:\/\/www.instagram.com\/p\/CZKM1cOocYG\/?utm_source=ig_embed&amp;utm_campaign=loading\" data-instgrm-version=\"14\">\n<div style=\"padding: 16px;\">\n<p>&nbsp;<\/p>\n<div style=\"display: flex; flex-direction: row; align-items: center;\">\n<div style=\"background-color: #f4f4f4; border-radius: 50%; flex-grow: 0; height: 40px; margin-right: 14px; width: 40px;\"><\/div>\n<div style=\"display: flex; flex-direction: column; flex-grow: 1; justify-content: center;\">\n<div style=\"background-color: #f4f4f4; border-radius: 4px; flex-grow: 0; height: 14px; margin-bottom: 6px; width: 100px;\"><\/div>\n<div style=\"background-color: #f4f4f4; border-radius: 4px; flex-grow: 0; height: 14px; width: 60px;\"><\/div>\n<\/div>\n<\/div>\n<div style=\"padding: 19% 0;\"><\/div>\n<div style=\"display: block; height: 50px; margin: 0 auto 12px; width: 50px;\"><\/div>\n<div style=\"padding-top: 8px;\">\n<div style=\"color: #3897f0; font-family: Arial,sans-serif; font-size: 14px; font-style: normal; font-weight: 550; line-height: 18px;\">View this post on Instagram<\/div>\n<\/div>\n<div style=\"padding: 12.5% 0;\"><\/div>\n<div style=\"display: flex; flex-direction: row; margin-bottom: 14px; align-items: center;\">\n<div>\n<div style=\"background-color: #f4f4f4; border-radius: 50%; height: 12.5px; width: 12.5px; transform: translateX(0px) translateY(7px);\"><\/div>\n<div style=\"background-color: #f4f4f4; height: 12.5px; transform: rotate(-45deg) translateX(3px) translateY(1px); width: 12.5px; flex-grow: 0; margin-right: 14px; margin-left: 2px;\"><\/div>\n<div style=\"background-color: #f4f4f4; border-radius: 50%; height: 12.5px; width: 12.5px; transform: translateX(9px) translateY(-18px);\"><\/div>\n<\/div>\n<div style=\"margin-left: 8px;\">\n<div style=\"background-color: #f4f4f4; border-radius: 50%; flex-grow: 0; height: 20px; width: 20px;\"><\/div>\n<div style=\"width: 0; height: 0; border-top: 2px solid transparent; border-left: 6px solid #f4f4f4; border-bottom: 2px solid transparent; transform: translateX(16px) translateY(-4px) rotate(30deg);\"><\/div>\n<\/div>\n<div style=\"margin-left: auto;\">\n<div style=\"width: 0px; border-top: 8px solid #F4F4F4; border-right: 8px solid transparent; transform: translateY(16px);\"><\/div>\n<div style=\"background-color: #f4f4f4; flex-grow: 0; height: 12px; width: 16px; transform: translateY(-4px);\"><\/div>\n<div style=\"width: 0; height: 0; border-top: 8px solid #F4F4F4; border-left: 8px solid transparent; transform: translateY(-4px) translateX(8px);\"><\/div>\n<\/div>\n<\/div>\n<div style=\"display: flex; flex-direction: column; flex-grow: 1; justify-content: center; margin-bottom: 24px;\">\n<div style=\"background-color: #f4f4f4; border-radius: 4px; flex-grow: 0; height: 14px; margin-bottom: 6px; width: 224px;\"><\/div>\n<div style=\"background-color: #f4f4f4; border-radius: 4px; flex-grow: 0; height: 14px; width: 144px;\"><\/div>\n<\/div>\n<p>&nbsp;<\/p>\n<p style=\"color: #c9c8cd; font-family: Arial,sans-serif; font-size: 14px; line-height: 17px; margin-bottom: 0; margin-top: 8px; overflow: hidden; padding: 8px 0 7px; text-align: center; text-overflow: ellipsis; white-space: nowrap;\"><a style=\"color: #c9c8cd; font-family: Arial,sans-serif; font-size: 14px; font-style: normal; font-weight: normal; line-height: 17px; text-decoration: none;\" href=\"https:\/\/www.instagram.com\/p\/CZKM1cOocYG\/?utm_source=ig_embed&amp;utm_campaign=loading\" target=\"_blank\" rel=\"noopener\">A post shared by The Best Social Media &#8211; DE (@thebestsocialmediade)<\/a><\/p>\n<\/div>\n<\/blockquote>\n\n<script async defer src=\"\/instagram-embed.js\"><\/script>","protected":false},"excerpt":{"rendered":"<p>Wir befinden uns in der Zeit des Jahres, in der unser Sommerurlaub in schier unerreichbarer Ferne liegt und das Wetter schwer auf die Laune dr\u00fcckt&#8230;.<\/p>\n","protected":false},"author":77,"featured_media":156656,"comment_status":"open","ping_status":"open","sticky":false,"template":"","format":"standard","meta":{"_acf_changed":false,"footnotes":""},"categories":[106,35],"tags":[681],"class_list":["post-156638","post","type-post","status-publish","format-standard","has-post-thumbnail","hentry","category-best-of","category-twitter","tag-urlaub"],"acf":[],"yoast_head":"<!-- This site is optimized with the Yoast SEO plugin v27.5 - https:\/\/yoast.com\/product\/yoast-seo-wordpress\/ -->\n<title>Fernweh: 11 Posts \u00fcber Urlaub, die dich durch das Fr\u00fchjahrstief bringen<\/title>\n<meta name=\"robots\" content=\"index, follow, max-snippet:-1, max-image-preview:large, max-video-preview:-1\" \/>\n<link rel=\"canonical\" href=\"https:\/\/www.thebestsocial.media\/de\/das-grosse-fernweh-11-posts-ueber-urlaub-die-dich-durch-das-fruehjahrstief-bringen\/\" \/>\n<meta property=\"og:locale\" content=\"de_DE\" \/>\n<meta property=\"og:type\" content=\"article\" \/>\n<meta property=\"og:title\" content=\"Das gro\u00dfe Fernweh: 11 Posts \u00fcber Urlaub, die dich durch das Fr\u00fchjahrstief bringen\" \/>\n<meta property=\"og:description\" content=\"Wir befinden uns in der Zeit des Jahres, in der unser Sommerurlaub in schier unerreichbarer Ferne liegt und das Wetter schwer auf die Laune dr\u00fcckt....\" \/>\n<meta property=\"og:url\" content=\"https:\/\/www.thebestsocial.media\/de\/das-grosse-fernweh-11-posts-ueber-urlaub-die-dich-durch-das-fruehjahrstief-bringen\/\" \/>\n<meta property=\"og:site_name\" content=\"The Best Social Media DE\" \/>\n<meta property=\"article:author\" content=\"https:\/\/www.facebook.com\/adrian.krug.5\" \/>\n<meta property=\"article:published_time\" content=\"2022-02-03T13:20:39+00:00\" \/>\n<meta property=\"og:image\" content=\"https:\/\/www.thebestsocial.media\/de\/wp-content\/uploads\/sites\/3\/2022\/02\/Header_Bild_Neu.urlaub.png\" \/>\n\t<meta property=\"og:image:width\" content=\"1200\" \/>\n\t<meta property=\"og:image:height\" content=\"630\" \/>\n\t<meta property=\"og:image:type\" content=\"image\/png\" \/>\n<meta name=\"author\" content=\"Adrian Krug\" \/>\n<meta name=\"twitter:card\" content=\"summary_large_image\" \/>\n<meta name=\"twitter:creator\" content=\"@https:\/\/twitter.com\/Hasscompilation\" \/>\n<meta name=\"twitter:label1\" content=\"Verfasst von\" \/>\n\t<meta name=\"twitter:data1\" content=\"Adrian Krug\" \/>\n\t<meta name=\"twitter:label2\" content=\"Gesch\u00e4tzte Lesezeit\" \/>\n\t<meta name=\"twitter:data2\" content=\"2\u00a0Minuten\" \/>\n<script type=\"application\/ld+json\" class=\"yoast-schema-graph\">{\"@context\":\"https:\\\/\\\/schema.org\",\"@graph\":[{\"@type\":\"Article\",\"@id\":\"https:\\\/\\\/www.thebestsocial.media\\\/de\\\/das-grosse-fernweh-11-posts-ueber-urlaub-die-dich-durch-das-fruehjahrstief-bringen\\\/#article\",\"isPartOf\":{\"@id\":\"https:\\\/\\\/www.thebestsocial.media\\\/de\\\/das-grosse-fernweh-11-posts-ueber-urlaub-die-dich-durch-das-fruehjahrstief-bringen\\\/\"},\"author\":{\"name\":\"Adrian Krug\",\"@id\":\"https:\\\/\\\/www.thebestsocial.media\\\/de\\\/#\\\/schema\\\/person\\\/f6571568c8f173869acb99d089b1223b\"},\"headline\":\"Das gro\u00dfe Fernweh: 11 Posts \u00fcber Urlaub, die dich durch das Fr\u00fchjahrstief bringen\",\"datePublished\":\"2022-02-03T13:20:39+00:00\",\"mainEntityOfPage\":{\"@id\":\"https:\\\/\\\/www.thebestsocial.media\\\/de\\\/das-grosse-fernweh-11-posts-ueber-urlaub-die-dich-durch-das-fruehjahrstief-bringen\\\/\"},\"wordCount\":487,\"commentCount\":0,\"image\":{\"@id\":\"https:\\\/\\\/www.thebestsocial.media\\\/de\\\/das-grosse-fernweh-11-posts-ueber-urlaub-die-dich-durch-das-fruehjahrstief-bringen\\\/#primaryimage\"},\"thumbnailUrl\":\"https:\\\/\\\/www.thebestsocial.media\\\/de\\\/wp-content\\\/uploads\\\/sites\\\/3\\\/2022\\\/02\\\/beach-gc5e6623d0_1920.jpg\",\"keywords\":[\"urlaub\"],\"articleSection\":[\"Best of\",\"Twitter\"],\"inLanguage\":\"de\",\"potentialAction\":[{\"@type\":\"CommentAction\",\"name\":\"Comment\",\"target\":[\"https:\\\/\\\/www.thebestsocial.media\\\/de\\\/das-grosse-fernweh-11-posts-ueber-urlaub-die-dich-durch-das-fruehjahrstief-bringen\\\/#respond\"]}]},{\"@type\":\"WebPage\",\"@id\":\"https:\\\/\\\/www.thebestsocial.media\\\/de\\\/das-grosse-fernweh-11-posts-ueber-urlaub-die-dich-durch-das-fruehjahrstief-bringen\\\/\",\"url\":\"https:\\\/\\\/www.thebestsocial.media\\\/de\\\/das-grosse-fernweh-11-posts-ueber-urlaub-die-dich-durch-das-fruehjahrstief-bringen\\\/\",\"name\":\"Fernweh: 11 Posts \u00fcber Urlaub, die dich durch das Fr\u00fchjahrstief bringen\",\"isPartOf\":{\"@id\":\"https:\\\/\\\/www.thebestsocial.media\\\/de\\\/#website\"},\"primaryImageOfPage\":{\"@id\":\"https:\\\/\\\/www.thebestsocial.media\\\/de\\\/das-grosse-fernweh-11-posts-ueber-urlaub-die-dich-durch-das-fruehjahrstief-bringen\\\/#primaryimage\"},\"image\":{\"@id\":\"https:\\\/\\\/www.thebestsocial.media\\\/de\\\/das-grosse-fernweh-11-posts-ueber-urlaub-die-dich-durch-das-fruehjahrstief-bringen\\\/#primaryimage\"},\"thumbnailUrl\":\"https:\\\/\\\/www.thebestsocial.media\\\/de\\\/wp-content\\\/uploads\\\/sites\\\/3\\\/2022\\\/02\\\/beach-gc5e6623d0_1920.jpg\",\"datePublished\":\"2022-02-03T13:20:39+00:00\",\"author\":{\"@id\":\"https:\\\/\\\/www.thebestsocial.media\\\/de\\\/#\\\/schema\\\/person\\\/f6571568c8f173869acb99d089b1223b\"},\"breadcrumb\":{\"@id\":\"https:\\\/\\\/www.thebestsocial.media\\\/de\\\/das-grosse-fernweh-11-posts-ueber-urlaub-die-dich-durch-das-fruehjahrstief-bringen\\\/#breadcrumb\"},\"inLanguage\":\"de\",\"potentialAction\":[{\"@type\":\"ReadAction\",\"target\":[\"https:\\\/\\\/www.thebestsocial.media\\\/de\\\/das-grosse-fernweh-11-posts-ueber-urlaub-die-dich-durch-das-fruehjahrstief-bringen\\\/\"]}]},{\"@type\":\"ImageObject\",\"inLanguage\":\"de\",\"@id\":\"https:\\\/\\\/www.thebestsocial.media\\\/de\\\/das-grosse-fernweh-11-posts-ueber-urlaub-die-dich-durch-das-fruehjahrstief-bringen\\\/#primaryimage\",\"url\":\"https:\\\/\\\/www.thebestsocial.media\\\/de\\\/wp-content\\\/uploads\\\/sites\\\/3\\\/2022\\\/02\\\/beach-gc5e6623d0_1920.jpg\",\"contentUrl\":\"https:\\\/\\\/www.thebestsocial.media\\\/de\\\/wp-content\\\/uploads\\\/sites\\\/3\\\/2022\\\/02\\\/beach-gc5e6623d0_1920.jpg\",\"width\":1920,\"height\":1075},{\"@type\":\"BreadcrumbList\",\"@id\":\"https:\\\/\\\/www.thebestsocial.media\\\/de\\\/das-grosse-fernweh-11-posts-ueber-urlaub-die-dich-durch-das-fruehjahrstief-bringen\\\/#breadcrumb\",\"itemListElement\":[{\"@type\":\"ListItem\",\"position\":1,\"name\":\"Home\",\"item\":\"https:\\\/\\\/www.thebestsocial.media\\\/de\\\/\"},{\"@type\":\"ListItem\",\"position\":2,\"name\":\"Das gro\u00dfe Fernweh: 11 Posts \u00fcber Urlaub, die dich durch das Fr\u00fchjahrstief bringen\"}]},{\"@type\":\"WebSite\",\"@id\":\"https:\\\/\\\/www.thebestsocial.media\\\/de\\\/#website\",\"url\":\"https:\\\/\\\/www.thebestsocial.media\\\/de\\\/\",\"name\":\"The Best Social Media DE\",\"description\":\"\",\"potentialAction\":[{\"@type\":\"SearchAction\",\"target\":{\"@type\":\"EntryPoint\",\"urlTemplate\":\"https:\\\/\\\/www.thebestsocial.media\\\/de\\\/?s={search_term_string}\"},\"query-input\":{\"@type\":\"PropertyValueSpecification\",\"valueRequired\":true,\"valueName\":\"search_term_string\"}}],\"inLanguage\":\"de\"},{\"@type\":\"Person\",\"@id\":\"https:\\\/\\\/www.thebestsocial.media\\\/de\\\/#\\\/schema\\\/person\\\/f6571568c8f173869acb99d089b1223b\",\"name\":\"Adrian Krug\",\"image\":{\"@type\":\"ImageObject\",\"inLanguage\":\"de\",\"@id\":\"https:\\\/\\\/secure.gravatar.com\\\/avatar\\\/c03aa48839ac1555ec73dfc0827342b090445264901990679cd3f8c6ef4ac2d7?s=96&d=mm&r=g\",\"url\":\"https:\\\/\\\/secure.gravatar.com\\\/avatar\\\/c03aa48839ac1555ec73dfc0827342b090445264901990679cd3f8c6ef4ac2d7?s=96&d=mm&r=g\",\"contentUrl\":\"https:\\\/\\\/secure.gravatar.com\\\/avatar\\\/c03aa48839ac1555ec73dfc0827342b090445264901990679cd3f8c6ef4ac2d7?s=96&d=mm&r=g\",\"caption\":\"Adrian Krug\"},\"description\":\"Ich bin Endeditor f\u00fcr TBSM DE und Creative Lead f\u00fcr Projekte auf Agenturseite.\",\"sameAs\":[\"https:\\\/\\\/www.facebook.com\\\/adrian.krug.5\",\"https:\\\/\\\/www.linkedin.com\\\/in\\\/adrian-krug-27536221a\\\/\",\"https:\\\/\\\/x.com\\\/https:\\\/\\\/twitter.com\\\/Hasscompilation\"],\"url\":\"https:\\\/\\\/www.thebestsocial.media\\\/de\\\/author\\\/adriankrug\\\/\"}]}<\/script>\n<!-- \/ Yoast SEO plugin. -->","yoast_head_json":{"title":"Fernweh: 11 Posts \u00fcber Urlaub, die dich durch das Fr\u00fchjahrstief bringen","robots":{"index":"index","follow":"follow","max-snippet":"max-snippet:-1","max-image-preview":"max-image-preview:large","max-video-preview":"max-video-preview:-1"},"canonical":"https:\/\/www.thebestsocial.media\/de\/das-grosse-fernweh-11-posts-ueber-urlaub-die-dich-durch-das-fruehjahrstief-bringen\/","og_locale":"de_DE","og_type":"article","og_title":"Das gro\u00dfe Fernweh: 11 Posts \u00fcber Urlaub, die dich durch das Fr\u00fchjahrstief bringen","og_description":"Wir befinden uns in der Zeit des Jahres, in der unser Sommerurlaub in schier unerreichbarer Ferne liegt und das Wetter schwer auf die Laune dr\u00fcckt....","og_url":"https:\/\/www.thebestsocial.media\/de\/das-grosse-fernweh-11-posts-ueber-urlaub-die-dich-durch-das-fruehjahrstief-bringen\/","og_site_name":"The Best Social Media DE","article_author":"https:\/\/www.facebook.com\/adrian.krug.5","article_published_time":"2022-02-03T13:20:39+00:00","og_image":[{"width":1200,"height":630,"url":"https:\/\/www.thebestsocial.media\/de\/wp-content\/uploads\/sites\/3\/2022\/02\/Header_Bild_Neu.urlaub.png","type":"image\/png"}],"author":"Adrian Krug","twitter_card":"summary_large_image","twitter_creator":"@https:\/\/twitter.com\/Hasscompilation","twitter_misc":{"Verfasst von":"Adrian Krug","Gesch\u00e4tzte Lesezeit":"2\u00a0Minuten"},"schema":{"@context":"https:\/\/schema.org","@graph":[{"@type":"Article","@id":"https:\/\/www.thebestsocial.media\/de\/das-grosse-fernweh-11-posts-ueber-urlaub-die-dich-durch-das-fruehjahrstief-bringen\/#article","isPartOf":{"@id":"https:\/\/www.thebestsocial.media\/de\/das-grosse-fernweh-11-posts-ueber-urlaub-die-dich-durch-das-fruehjahrstief-bringen\/"},"author":{"name":"Adrian Krug","@id":"https:\/\/www.thebestsocial.media\/de\/#\/schema\/person\/f6571568c8f173869acb99d089b1223b"},"headline":"Das gro\u00dfe Fernweh: 11 Posts \u00fcber Urlaub, die dich durch das Fr\u00fchjahrstief bringen","datePublished":"2022-02-03T13:20:39+00:00","mainEntityOfPage":{"@id":"https:\/\/www.thebestsocial.media\/de\/das-grosse-fernweh-11-posts-ueber-urlaub-die-dich-durch-das-fruehjahrstief-bringen\/"},"wordCount":487,"commentCount":0,"image":{"@id":"https:\/\/www.thebestsocial.media\/de\/das-grosse-fernweh-11-posts-ueber-urlaub-die-dich-durch-das-fruehjahrstief-bringen\/#primaryimage"},"thumbnailUrl":"https:\/\/www.thebestsocial.media\/de\/wp-content\/uploads\/sites\/3\/2022\/02\/beach-gc5e6623d0_1920.jpg","keywords":["urlaub"],"articleSection":["Best of","Twitter"],"inLanguage":"de","potentialAction":[{"@type":"CommentAction","name":"Comment","target":["https:\/\/www.thebestsocial.media\/de\/das-grosse-fernweh-11-posts-ueber-urlaub-die-dich-durch-das-fruehjahrstief-bringen\/#respond"]}]},{"@type":"WebPage","@id":"https:\/\/www.thebestsocial.media\/de\/das-grosse-fernweh-11-posts-ueber-urlaub-die-dich-durch-das-fruehjahrstief-bringen\/","url":"https:\/\/www.thebestsocial.media\/de\/das-grosse-fernweh-11-posts-ueber-urlaub-die-dich-durch-das-fruehjahrstief-bringen\/","name":"Fernweh: 11 Posts \u00fcber Urlaub, die dich durch das Fr\u00fchjahrstief bringen","isPartOf":{"@id":"https:\/\/www.thebestsocial.media\/de\/#website"},"primaryImageOfPage":{"@id":"https:\/\/www.thebestsocial.media\/de\/das-grosse-fernweh-11-posts-ueber-urlaub-die-dich-durch-das-fruehjahrstief-bringen\/#primaryimage"},"image":{"@id":"https:\/\/www.thebestsocial.media\/de\/das-grosse-fernweh-11-posts-ueber-urlaub-die-dich-durch-das-fruehjahrstief-bringen\/#primaryimage"},"thumbnailUrl":"https:\/\/www.thebestsocial.media\/de\/wp-content\/uploads\/sites\/3\/2022\/02\/beach-gc5e6623d0_1920.jpg","datePublished":"2022-02-03T13:20:39+00:00","author":{"@id":"https:\/\/www.thebestsocial.media\/de\/#\/schema\/person\/f6571568c8f173869acb99d089b1223b"},"breadcrumb":{"@id":"https:\/\/www.thebestsocial.media\/de\/das-grosse-fernweh-11-posts-ueber-urlaub-die-dich-durch-das-fruehjahrstief-bringen\/#breadcrumb"},"inLanguage":"de","potentialAction":[{"@type":"ReadAction","target":["https:\/\/www.thebestsocial.media\/de\/das-grosse-fernweh-11-posts-ueber-urlaub-die-dich-durch-das-fruehjahrstief-bringen\/"]}]},{"@type":"ImageObject","inLanguage":"de","@id":"https:\/\/www.thebestsocial.media\/de\/das-grosse-fernweh-11-posts-ueber-urlaub-die-dich-durch-das-fruehjahrstief-bringen\/#primaryimage","url":"https:\/\/www.thebestsocial.media\/de\/wp-content\/uploads\/sites\/3\/2022\/02\/beach-gc5e6623d0_1920.jpg","contentUrl":"https:\/\/www.thebestsocial.media\/de\/wp-content\/uploads\/sites\/3\/2022\/02\/beach-gc5e6623d0_1920.jpg","width":1920,"height":1075},{"@type":"BreadcrumbList","@id":"https:\/\/www.thebestsocial.media\/de\/das-grosse-fernweh-11-posts-ueber-urlaub-die-dich-durch-das-fruehjahrstief-bringen\/#breadcrumb","itemListElement":[{"@type":"ListItem","position":1,"name":"Home","item":"https:\/\/www.thebestsocial.media\/de\/"},{"@type":"ListItem","position":2,"name":"Das gro\u00dfe Fernweh: 11 Posts \u00fcber Urlaub, die dich durch das Fr\u00fchjahrstief bringen"}]},{"@type":"WebSite","@id":"https:\/\/www.thebestsocial.media\/de\/#website","url":"https:\/\/www.thebestsocial.media\/de\/","name":"The Best Social Media DE","description":"","potentialAction":[{"@type":"SearchAction","target":{"@type":"EntryPoint","urlTemplate":"https:\/\/www.thebestsocial.media\/de\/?s={search_term_string}"},"query-input":{"@type":"PropertyValueSpecification","valueRequired":true,"valueName":"search_term_string"}}],"inLanguage":"de"},{"@type":"Person","@id":"https:\/\/www.thebestsocial.media\/de\/#\/schema\/person\/f6571568c8f173869acb99d089b1223b","name":"Adrian Krug","image":{"@type":"ImageObject","inLanguage":"de","@id":"https:\/\/secure.gravatar.com\/avatar\/c03aa48839ac1555ec73dfc0827342b090445264901990679cd3f8c6ef4ac2d7?s=96&d=mm&r=g","url":"https:\/\/secure.gravatar.com\/avatar\/c03aa48839ac1555ec73dfc0827342b090445264901990679cd3f8c6ef4ac2d7?s=96&d=mm&r=g","contentUrl":"https:\/\/secure.gravatar.com\/avatar\/c03aa48839ac1555ec73dfc0827342b090445264901990679cd3f8c6ef4ac2d7?s=96&d=mm&r=g","caption":"Adrian Krug"},"description":"Ich bin Endeditor f\u00fcr TBSM DE und Creative Lead f\u00fcr Projekte auf Agenturseite.","sameAs":["https:\/\/www.facebook.com\/adrian.krug.5","https:\/\/www.linkedin.com\/in\/adrian-krug-27536221a\/","https:\/\/x.com\/https:\/\/twitter.com\/Hasscompilation"],"url":"https:\/\/www.thebestsocial.media\/de\/author\/adriankrug\/"}]}},"amp_enabled":true,"_links":{"self":[{"href":"https:\/\/www.thebestsocial.media\/de\/wp-json\/wp\/v2\/posts\/156638","targetHints":{"allow":["GET"]}}],"collection":[{"href":"https:\/\/www.thebestsocial.media\/de\/wp-json\/wp\/v2\/posts"}],"about":[{"href":"https:\/\/www.thebestsocial.media\/de\/wp-json\/wp\/v2\/types\/post"}],"author":[{"embeddable":true,"href":"https:\/\/www.thebestsocial.media\/de\/wp-json\/wp\/v2\/users\/77"}],"replies":[{"embeddable":true,"href":"https:\/\/www.thebestsocial.media\/de\/wp-json\/wp\/v2\/comments?post=156638"}],"version-history":[{"count":14,"href":"https:\/\/www.thebestsocial.media\/de\/wp-json\/wp\/v2\/posts\/156638\/revisions"}],"predecessor-version":[{"id":156661,"href":"https:\/\/www.thebestsocial.media\/de\/wp-json\/wp\/v2\/posts\/156638\/revisions\/156661"}],"wp:featuredmedia":[{"embeddable":true,"href":"https:\/\/www.thebestsocial.media\/de\/wp-json\/wp\/v2\/media\/156656"}],"wp:attachment":[{"href":"https:\/\/www.thebestsocial.media\/de\/wp-json\/wp\/v2\/media?parent=156638"}],"wp:term":[{"taxonomy":"category","embeddable":true,"href":"https:\/\/www.thebestsocial.media\/de\/wp-json\/wp\/v2\/categories?post=156638"},{"taxonomy":"post_tag","embeddable":true,"href":"https:\/\/www.thebestsocial.media\/de\/wp-json\/wp\/v2\/tags?post=156638"}],"curies":[{"name":"wp","href":"https:\/\/api.w.org\/{rel}","templated":true}]}}