{"id":156506,"date":"2022-01-31T23:16:51","date_gmt":"2022-01-31T23:16:51","guid":{"rendered":"https:\/\/www.thebestsocial.media\/de\/?p=156506"},"modified":"2022-01-31T23:22:11","modified_gmt":"2022-01-31T23:22:11","slug":"kontrovers-despektierlich-dschungelcamp","status":"publish","type":"post","link":"https:\/\/www.thebestsocial.media\/de\/kontrovers-despektierlich-dschungelcamp\/","title":{"rendered":"Kontrovers und despektierlich: Mit 19 Tweets durch die Dschungeltage 8-11"},"content":{"rendered":"<p style=\"text-align: center;\">40 % der Deutschen begeistern sich f\u00fcr das Dschungelcamp? Zumindest laut RTL! Man kann es nat\u00fcrlich auch anders formulieren: 60 % der Bev\u00f6lkerung hat jeden Abend besseres zu tun, als 11 &#8222;Stars&#8220; beim Zoffen und Ziegenblut trinken zuzuschauen. Egal zu welcher Gruppe du geh\u00f6rst: Die Tweets zu den Ereignissen in S\u00fcdafrika sind unterhaltsam, bissig und treffend. Hier eine Zusammenfassung der letzten vier Tage anhand der besten Twitterbeitr\u00e4ge:<\/p>\n<p>&nbsp;<\/p>\n<p style=\"text-align: center;\"><strong>1. Laut Anouschka ist dank ihr wenigstens 1 Star im Camp.<\/strong><\/p>\n<blockquote class=\"twitter-tweet\">\n<p dir=\"ltr\" lang=\"de\">ICH BIN WENIGSTENS EIN STAR. <a href=\"https:\/\/twitter.com\/hashtag\/IBES?src=hash&amp;ref_src=twsrc%5Etfw\">#IBES<\/a> <a href=\"https:\/\/t.co\/h9c7IiVfsS\">pic.twitter.com\/h9c7IiVfsS<\/a><\/p>\n<p>\u2014 niggo. \ud83e\ude90 (@nytralon) <a href=\"https:\/\/twitter.com\/nytralon\/status\/1487162872979460096?ref_src=twsrc%5Etfw\">January 28, 2022<\/a><\/p><\/blockquote>\n<p style=\"text-align: center;\"><script async src=\"https:\/\/platform.twitter.com\/widgets.js\" charset=\"utf-8\"><\/script><\/p>\n<p>&nbsp;<\/p>\n<p style=\"text-align: center;\"><strong>2. RTL greift das neues Format schneller auf als Netflix eine neue True Crime Dokuserie.<\/strong><\/p>\n<blockquote class=\"twitter-tweet\">\n<p dir=\"ltr\" lang=\"de\">Auf der Moderationskarte steht tats\u00e4chlich \u201eIch bin wenigstens ein Star\u201c \ud83e\udd23\ud83e\udd23\ud83e\udd23<\/p>\n<p>Ganz viel Liebe f\u00fcr dieses Detail \ud83d\ude0d <a href=\"https:\/\/twitter.com\/RTL_com?ref_src=twsrc%5Etfw\">@RTL_com<\/a> <a href=\"https:\/\/twitter.com\/hashtag\/ibes?src=hash&amp;ref_src=twsrc%5Etfw\">#ibes<\/a> <a href=\"https:\/\/t.co\/lGvB58zp9N\">pic.twitter.com\/lGvB58zp9N<\/a><\/p>\n<p>\u2014 Oh Jonny\u2122 (@JMarkMueller) <a href=\"https:\/\/twitter.com\/JMarkMueller\/status\/1487165563604549634?ref_src=twsrc%5Etfw\">January 28, 2022<\/a><\/p><\/blockquote>\n<p style=\"text-align: center;\"><script async src=\"https:\/\/platform.twitter.com\/widgets.js\" charset=\"utf-8\"><\/script><\/p>\n<p>&nbsp;<\/p>\n<p style=\"text-align: center;\"><strong>3. Um Star sein zu wollen, muss man schon einen Vogel haben.<\/strong><\/p>\n<blockquote class=\"twitter-tweet\">\n<p dir=\"ltr\" lang=\"de\">Wenn Anouschka ein Vogel w\u00e4re. <a href=\"https:\/\/twitter.com\/hashtag\/IBES?src=hash&amp;ref_src=twsrc%5Etfw\">#IBES<\/a> <a href=\"https:\/\/t.co\/U4HohRrvN1\">pic.twitter.com\/U4HohRrvN1<\/a><\/p>\n<p>\u2014 Kaneelche (@konichiwy) <a href=\"https:\/\/twitter.com\/konichiwy\/status\/1487174307637833732?ref_src=twsrc%5Etfw\">January 28, 2022<\/a><\/p><\/blockquote>\n<p style=\"text-align: center;\"><script src=\"https:\/\/platform.twitter.com\/widgets.js\" async=\"\" charset=\"utf-8\"><\/script><\/p>\n<p>&nbsp;<\/p>\n<p style=\"text-align: center;\"><strong>4. Jasmin und Harald gehen auf Schnitzeljagd, oder:<\/strong><\/p>\n<blockquote class=\"twitter-tweet\">\n<p dir=\"ltr\" lang=\"de\">Jedes alte Ehepaar, das im Urlaub baden geht <a href=\"https:\/\/twitter.com\/hashtag\/ibes?src=hash&amp;ref_src=twsrc%5Etfw\">#ibes<\/a> <a href=\"https:\/\/t.co\/FsoDJOCBrp\">pic.twitter.com\/FsoDJOCBrp<\/a><\/p>\n<p>\u2014 Jule (@Die_Coole_Jule) <a href=\"https:\/\/twitter.com\/Die_Coole_Jule\/status\/1487178467343011844?ref_src=twsrc%5Etfw\">January 28, 2022<\/a><\/p><\/blockquote>\n<p style=\"text-align: center;\"><script async src=\"https:\/\/platform.twitter.com\/widgets.js\" charset=\"utf-8\"><\/script><\/p>\n<p>&nbsp;<\/p>\n<p style=\"text-align: center;\"><strong>5. Laut Manuel wird es im Telefonvoting schwer f\u00fcr Eric, da er zu still sei. Auch Manuel: Aktuell noch weniger zu sehen als Olaf Scholz.<\/strong><\/p>\n<blockquote class=\"twitter-tweet\">\n<p dir=\"ltr\" lang=\"de\">Manuel: &#8222;Man versucht ja auch aufzufallen und zu schillern&#8220;<\/p>\n<p>Auch Manuel seit einer Woche: <a href=\"https:\/\/twitter.com\/hashtag\/ibes?src=hash&amp;ref_src=twsrc%5Etfw\">#ibes<\/a> <a href=\"https:\/\/t.co\/2HbIn0Twfy\">pic.twitter.com\/2HbIn0Twfy<\/a><\/p>\n<p>\u2014 \ud83c\udf37 Spring Queen \ud83c\udf37 (@dumandami) <a href=\"https:\/\/twitter.com\/dumandami\/status\/1487176380009926664?ref_src=twsrc%5Etfw\">January 28, 2022<\/a><\/p><\/blockquote>\n<p style=\"text-align: center;\"><script src=\"https:\/\/platform.twitter.com\/widgets.js\" async=\"\" charset=\"utf-8\"><\/script><\/p>\n<p>&nbsp;<\/p>\n<p style=\"text-align: center;\"><strong>6. Wenn \u00d6sterreich noch weniger Anrufe bekommt als beim ESC: Tara fliegt als Erste aus der Show.<\/strong><\/p>\n<blockquote class=\"twitter-tweet\">\n<p dir=\"ltr\" lang=\"de\">Sie wird morgen mit gro\u00dfem Tara aus dem Dschungelcamp ausziehen. <a href=\"https:\/\/twitter.com\/hashtag\/IBES?src=hash&amp;ref_src=twsrc%5Etfw\">#IBES<\/a> <a href=\"https:\/\/t.co\/fjoNhpesnz\">pic.twitter.com\/fjoNhpesnz<\/a><\/p>\n<p>\u2014 Rob (@_rob_the_bob_) <a href=\"https:\/\/twitter.com\/_rob_the_bob_\/status\/1487198371668537347?ref_src=twsrc%5Etfw\">January 28, 2022<\/a><\/p><\/blockquote>\n<p style=\"text-align: center;\"><script async src=\"https:\/\/platform.twitter.com\/widgets.js\" charset=\"utf-8\"><\/script><\/p>\n<p>&nbsp;<\/p>\n<p style=\"text-align: center;\"><strong>7. Das tragischste Ende einer Lovestory seit Romeo und Julia.<\/strong><\/p>\n<blockquote class=\"twitter-tweet\">\n<p dir=\"ltr\" lang=\"de\"><a href=\"https:\/\/twitter.com\/hashtag\/ibes?src=hash&amp;ref_src=twsrc%5Etfw\">#ibes<\/a><br \/>\nIch mit 12 Jahren als mein Schwarm der Woche mich ignoriert hat <a href=\"https:\/\/t.co\/RdaiLWdziR\">pic.twitter.com\/RdaiLWdziR<\/a><\/p>\n<p>\u2014 \ud83c\udf37 Spring Queen \ud83c\udf37 (@dumandami) <a href=\"https:\/\/twitter.com\/dumandami\/status\/1487547975329009668?ref_src=twsrc%5Etfw\">January 29, 2022<\/a><\/p><\/blockquote>\n<p style=\"text-align: center;\"><script async src=\"https:\/\/platform.twitter.com\/widgets.js\" charset=\"utf-8\"><\/script><\/p>\n<p>&nbsp;<\/p>\n<p style=\"text-align: center;\"><strong>8. Prince Pomp\u00f6\u00f6s z\u00e4hlt sich nicht zum gemeinen Volke:<\/strong><\/p>\n<blockquote class=\"twitter-tweet\">\n<p dir=\"ltr\" lang=\"de\">\u201eWir sitzen alle in einem Boot.\u201c<\/p>\n<p>-\u201eIch sitze in ner Yacht.\u201c<\/p>\n<p>Ich liebe Harald. <a href=\"https:\/\/twitter.com\/hashtag\/IBES?src=hash&amp;ref_src=twsrc%5Etfw\">#IBES<\/a><\/p>\n<p>\u2014 Sarah \ud83c\udf0c (@expectocoffee) <a href=\"https:\/\/twitter.com\/expectocoffee\/status\/1487550150105088005?ref_src=twsrc%5Etfw\">January 29, 2022<\/a><\/p><\/blockquote>\n<p style=\"text-align: center;\"><script src=\"https:\/\/platform.twitter.com\/widgets.js\" async=\"\" charset=\"utf-8\"><\/script><\/p>\n<p>&nbsp;<\/p>\n<p>&nbsp;<\/p>\n<p style=\"text-align: center;\"><strong>9. Manuel bei\u00dft sich in der Essenspr\u00fcfung zum Fanliebling durch.<\/strong><\/p>\n<blockquote class=\"twitter-tweet\">\n<p dir=\"ltr\" lang=\"de\">Jeder von uns braucht einen Manuel, der uns in schwierigen Momenten alle 3 Sekunden DAS zuruft. <a href=\"https:\/\/twitter.com\/hashtag\/IBES?src=hash&amp;ref_src=twsrc%5Etfw\">#IBES<\/a> <a href=\"https:\/\/t.co\/K85z6KwbsD\">pic.twitter.com\/K85z6KwbsD<\/a><\/p>\n<p>\u2014 anredo (@anredo) <a href=\"https:\/\/twitter.com\/anredo\/status\/1487556993992830976?ref_src=twsrc%5Etfw\">January 29, 2022<\/a><\/p><\/blockquote>\n<p style=\"text-align: center;\"><script async src=\"https:\/\/platform.twitter.com\/widgets.js\" charset=\"utf-8\"><\/script><\/p>\n<p>&nbsp;<\/p>\n<p style=\"text-align: center;\"><strong>10. Die Frau von Willi Her-, \u00e4h Jasmin muss sich verabschieden.<\/strong><\/p>\n<blockquote class=\"twitter-tweet\">\n<p dir=\"ltr\" lang=\"de\">Jasmin Herren: &#8222;Ich will unter die ersten vier. Ich hab so eine gro\u00dfe Community, die f\u00fcr mich anruft.&#8220;<br \/>\nJasmin Herren fliegt als zweite raus: &#8222;Ich hab alles erreicht, was ich wollte!&#8220;. \ud83d\ude02<a href=\"https:\/\/twitter.com\/hashtag\/ibes?src=hash&amp;ref_src=twsrc%5Etfw\">#ibes<\/a><\/p>\n<p>\u2014 BesteButter (@BesteButter) <a href=\"https:\/\/twitter.com\/BesteButter\/status\/1487564294116065280?ref_src=twsrc%5Etfw\">January 29, 2022<\/a><\/p><\/blockquote>\n<p style=\"text-align: center;\"><script async src=\"https:\/\/platform.twitter.com\/widgets.js\" charset=\"utf-8\"><\/script><\/p>\n<p>&nbsp;<\/p>\n<p style=\"text-align: center;\"><strong>11. 2020, Ra\u00fal Richter:&#8220;Ich spiele Klavier. Schon l\u00e4nger.&#8220; 2022, Eric Stehfest:<\/strong><\/p>\n<blockquote class=\"twitter-tweet\">\n<p dir=\"ltr\" lang=\"de\">Manuel: &#8222;Ich w\u00fcrde gerne mal mit dir einen Trinken gehen.&#8220;<\/p>\n<p>Eric: &#8222;Meine Frau ist ja bisexuell.&#8220;<\/p>\n<p>Dialog kann Eric.<a href=\"https:\/\/twitter.com\/hashtag\/ibes?src=hash&amp;ref_src=twsrc%5Etfw\">#ibes<\/a><\/p>\n<p>\u2014 Ralf Podszus (@RalfPodszus) <a href=\"https:\/\/twitter.com\/RalfPodszus\/status\/1487901262569947148?ref_src=twsrc%5Etfw\">January 30, 2022<\/a><\/p><\/blockquote>\n<p style=\"text-align: center;\"><script async src=\"https:\/\/platform.twitter.com\/widgets.js\" charset=\"utf-8\"><\/script><\/p>\n<p>&nbsp;<\/p>\n<p style=\"text-align: center;\"><strong>12: Bitte nicht schubsen, ich habe einen Joghurt aus dem Jahre 1311 im Rucksack.<\/strong><\/p>\n<blockquote class=\"twitter-tweet\">\n<p dir=\"ltr\" lang=\"de\">Warum l\u00e4uft Eric mit seinem Rucksack im Camp rum, sind da seine Energien drin? <a href=\"https:\/\/twitter.com\/hashtag\/ibes?src=hash&amp;ref_src=twsrc%5Etfw\">#ibes<\/a> <a href=\"https:\/\/t.co\/yc7ZiTn35f\">pic.twitter.com\/yc7ZiTn35f<\/a><\/p>\n<p>\u2014 W\u00fctender Leslie Mandoki (@teilzeitfancy) <a href=\"https:\/\/twitter.com\/teilzeitfancy\/status\/1487904346620768256?ref_src=twsrc%5Etfw\">January 30, 2022<\/a><\/p><\/blockquote>\n<p style=\"text-align: center;\"><script async src=\"https:\/\/platform.twitter.com\/widgets.js\" charset=\"utf-8\"><\/script><\/p>\n<p>&nbsp;<\/p>\n<p style=\"text-align: center;\"><strong>13. Eric m\u00f6chte unbedingt zur Pr\u00fcfung. Plot Twist: Eric verweigert die Pr\u00fcfung h\u00f6chst theatralisch.<\/strong><\/p>\n<blockquote class=\"twitter-tweet\">\n<p dir=\"ltr\" lang=\"de\"><a href=\"https:\/\/twitter.com\/hashtag\/IBES?src=hash&amp;ref_src=twsrc%5Etfw\">#IBES<\/a><br \/>\nEric tritt die Pr\u00fcfung nicht an. Unverst\u00e4ndlich. Er kennt sie doch schon aus dem Jahr 1311. <a href=\"https:\/\/t.co\/EUHEBLh8Py\">pic.twitter.com\/EUHEBLh8Py<\/a><\/p>\n<p>\u2014 janflo (@janflo10) <a href=\"https:\/\/twitter.com\/janflo10\/status\/1487914544399884299?ref_src=twsrc%5Etfw\">January 30, 2022<\/a><\/p><\/blockquote>\n<p style=\"text-align: center;\"><script async src=\"https:\/\/platform.twitter.com\/widgets.js\" charset=\"utf-8\"><\/script><\/p>\n<p>&nbsp;<\/p>\n<p style=\"text-align: center;\"><strong>14. Eric will kein Essen f\u00fcr Mitcamper erspielen, die seiner Meinung nach fake sind.<\/strong><br \/>\n<strong>Twitter explodiert mit mehr als 120k Tweets zu &#8222;Eric&#8220;.<\/strong><\/p>\n<blockquote class=\"twitter-tweet\">\n<p dir=\"ltr\" lang=\"de\">Wenn du auf einmal dank Eric nicht mehr der unbeliebteste Campbewohner bist <a href=\"https:\/\/twitter.com\/hashtag\/ibes?src=hash&amp;ref_src=twsrc%5Etfw\">#ibes<\/a> <a href=\"https:\/\/t.co\/LFjjAyuJW9\">pic.twitter.com\/LFjjAyuJW9<\/a><\/p>\n<p>\u2014 Schwer und falsch (@BonSchlonzoo) <a href=\"https:\/\/twitter.com\/BonSchlonzoo\/status\/1487918313615282180?ref_src=twsrc%5Etfw\">January 30, 2022<\/a><\/p><\/blockquote>\n<p style=\"text-align: center;\"><script async src=\"https:\/\/platform.twitter.com\/widgets.js\" charset=\"utf-8\"><\/script><\/p>\n<p>&nbsp;<\/p>\n<p style=\"text-align: center;\"><strong>15. So sieht trotziges, passiv-aggresives Schaukeln aus.<\/strong><\/p>\n<blockquote class=\"twitter-tweet\">\n<p dir=\"ltr\" lang=\"de\">Wenn ich mein Zimmer nicht aufr\u00e4umen will <a href=\"https:\/\/twitter.com\/hashtag\/ibes?src=hash&amp;ref_src=twsrc%5Etfw\">#ibes<\/a> <a href=\"https:\/\/t.co\/sWVkXvynRu\">pic.twitter.com\/sWVkXvynRu<\/a><\/p>\n<p>\u2014 twittstorm (@tasteslikecyan) <a href=\"https:\/\/twitter.com\/tasteslikecyan\/status\/1488262350146789383?ref_src=twsrc%5Etfw\">January 31, 2022<\/a><\/p><\/blockquote>\n<p style=\"text-align: center;\"><script async src=\"https:\/\/platform.twitter.com\/widgets.js\" charset=\"utf-8\"><\/script><\/p>\n<p>&nbsp;<\/p>\n<p style=\"text-align: center;\"><strong>16. Eric entschuldigt sich und macht auf Friede, Freude, Eierkuchen.<br \/>\nTwitter: FAKE!<\/strong><\/p>\n<blockquote class=\"twitter-tweet\">\n<p dir=\"ltr\" lang=\"de\">Wenn im Camp pl\u00f6tzlich vers\u00f6hnliche T\u00f6ne angeschlagen werden <a href=\"https:\/\/twitter.com\/hashtag\/IBES?src=hash&amp;ref_src=twsrc%5Etfw\">#IBES<\/a> <a href=\"https:\/\/t.co\/RwQb7ej7kF\">pic.twitter.com\/RwQb7ej7kF<\/a><\/p>\n<p>\u2014 Till (@tillg22) <a href=\"https:\/\/twitter.com\/tillg22\/status\/1488266353718878210?ref_src=twsrc%5Etfw\">January 31, 2022<\/a><\/p><\/blockquote>\n<p style=\"text-align: center;\"><script async src=\"https:\/\/platform.twitter.com\/widgets.js\" charset=\"utf-8\"><\/script><\/p>\n<p>&nbsp;<\/p>\n<p style=\"text-align: center;\"><strong>17. Linda haut Anouschka ordentlich in die Pfanne, weil diese das Kochutensil verkratzt hat.<\/strong><\/p>\n<blockquote class=\"twitter-tweet\">\n<p dir=\"ltr\" lang=\"de\"><a href=\"https:\/\/twitter.com\/hashtag\/ibes?src=hash&amp;ref_src=twsrc%5Etfw\">#ibes<\/a> <a href=\"https:\/\/twitter.com\/hashtag\/Dschungelcamp?src=hash&amp;ref_src=twsrc%5Etfw\">#Dschungelcamp<\/a><br \/>\nAnouschka: Nutzt einen Metallschwamm um eine beschichtete Pfanne zu putzen.<\/p>\n<p>Jede Mutter in diesem Moment: <a href=\"https:\/\/t.co\/eM5HgWhTqR\">pic.twitter.com\/eM5HgWhTqR<\/a><\/p>\n<p>\u2014 Pascal #BLM \ud83c\udff3\ufe0f\u200d\ud83c\udf08 (@Antilopenmann) <a href=\"https:\/\/twitter.com\/Antilopenmann\/status\/1488272687029833732?ref_src=twsrc%5Etfw\">January 31, 2022<\/a><\/p><\/blockquote>\n<p style=\"text-align: center;\"><script async src=\"https:\/\/platform.twitter.com\/widgets.js\" charset=\"utf-8\"><\/script><\/p>\n<p>&nbsp;<\/p>\n<p style=\"text-align: center;\"><strong>18. Filip O-Ton: &#8222;Acht Sterne auf mein Nacken!&#8220;<\/strong><\/p>\n<blockquote class=\"twitter-tweet\">\n<p dir=\"ltr\" lang=\"de\">\u201aHaben Sie das noch auf Lager?\u2018<\/p>\n<p>\u201aIch gehe f\u00fcr Sie nachsehen!\u2018<\/p>\n<p>Im Lager:<a href=\"https:\/\/twitter.com\/hashtag\/IBES?src=hash&amp;ref_src=twsrc%5Etfw\">#IBES<\/a> <a href=\"https:\/\/t.co\/VESBWsE4TE\">pic.twitter.com\/VESBWsE4TE<\/a><\/p>\n<p>\u2014 Vosta (@025Cent) <a href=\"https:\/\/twitter.com\/025Cent\/status\/1488279685297491976?ref_src=twsrc%5Etfw\">January 31, 2022<\/a><\/p><\/blockquote>\n<p style=\"text-align: center;\"><script async src=\"https:\/\/platform.twitter.com\/widgets.js\" charset=\"utf-8\"><\/script><\/p>\n<p>&nbsp;<\/p>\n<p style=\"text-align: center;\"><strong>19. Hochmut kommt vor dem Fall: Tina verl\u00e4sst als n\u00e4chste das Camp, dabei hatte sie sich schon als Dschungelk\u00f6nigin gesehen.<\/strong><\/p>\n<blockquote class=\"twitter-tweet\">\n<p dir=\"ltr\" lang=\"de\">Wie sehr bist eingebildet ? <a href=\"https:\/\/twitter.com\/hashtag\/IBES?src=hash&amp;ref_src=twsrc%5Etfw\">#IBES<\/a><\/p>\n<p>Tina: Ich habe ein Kronengesicht <a href=\"https:\/\/t.co\/ZiIcjYvhEW\">pic.twitter.com\/ZiIcjYvhEW<\/a><\/p>\n<p>\u2014 \u0422homas (@thomas__2290) <a href=\"https:\/\/twitter.com\/thomas__2290\/status\/1487562817637167108?ref_src=twsrc%5Etfw\">January 29, 2022<\/a><\/p><\/blockquote>\n<p style=\"text-align: center;\"><script src=\"https:\/\/platform.twitter.com\/widgets.js\" async=\"\" charset=\"utf-8\"><\/script><\/p>\n<p style=\"text-align: center;\">\u2014<br \/>\nVielen Dank an alle f\u00fcr die Posts.<br \/>\n\u2014<br \/>\n<strong>Keine Influencer! Kein Foodporn! Nur ganz viel Spa\u00df \u2013 bei uns auf Instagram:<\/strong><\/p>\n<blockquote class=\"instagram-media\" style=\"background: #FFF; border: 0; border-radius: 3px; box-shadow: 0 0 1px 0 rgba(0,0,0,0.5),0 1px 10px 0 rgba(0,0,0,0.15); margin: 1px; max-width: 540px; min-width: 326px; padding: 0; width: calc(100% - 2px);\" data-instgrm-captioned=\"\" data-instgrm-permalink=\"https:\/\/www.instagram.com\/p\/CZXEkpkgRww\/?utm_source=ig_embed&amp;utm_campaign=loading\" data-instgrm-version=\"14\">\n<div style=\"padding: 16px;\">\n<p>&nbsp;<\/p>\n<div style=\"display: flex; flex-direction: row; align-items: center;\">\n<div style=\"background-color: #f4f4f4; border-radius: 50%; flex-grow: 0; height: 40px; margin-right: 14px; width: 40px;\"><\/div>\n<div style=\"display: flex; flex-direction: column; flex-grow: 1; justify-content: center;\">\n<div style=\"background-color: #f4f4f4; border-radius: 4px; flex-grow: 0; height: 14px; margin-bottom: 6px; width: 100px;\"><\/div>\n<div style=\"background-color: #f4f4f4; border-radius: 4px; flex-grow: 0; height: 14px; width: 60px;\"><\/div>\n<\/div>\n<\/div>\n<div style=\"padding: 19% 0;\"><\/div>\n<div style=\"display: block; height: 50px; margin: 0 auto 12px; width: 50px;\"><\/div>\n<div style=\"padding-top: 8px;\">\n<div style=\"color: #3897f0; font-family: Arial,sans-serif; font-size: 14px; font-style: normal; font-weight: 550; line-height: 18px;\">View this post on Instagram<\/div>\n<\/div>\n<div style=\"padding: 12.5% 0;\"><\/div>\n<div style=\"display: flex; flex-direction: row; margin-bottom: 14px; align-items: center;\">\n<div>\n<div style=\"background-color: #f4f4f4; border-radius: 50%; height: 12.5px; width: 12.5px; transform: translateX(0px) translateY(7px);\"><\/div>\n<div style=\"background-color: #f4f4f4; height: 12.5px; transform: rotate(-45deg) translateX(3px) translateY(1px); width: 12.5px; flex-grow: 0; margin-right: 14px; margin-left: 2px;\"><\/div>\n<div style=\"background-color: #f4f4f4; border-radius: 50%; height: 12.5px; width: 12.5px; transform: translateX(9px) translateY(-18px);\"><\/div>\n<\/div>\n<div style=\"margin-left: 8px;\">\n<div style=\"background-color: #f4f4f4; border-radius: 50%; flex-grow: 0; height: 20px; width: 20px;\"><\/div>\n<div style=\"width: 0; height: 0; border-top: 2px solid transparent; border-left: 6px solid #f4f4f4; border-bottom: 2px solid transparent; transform: translateX(16px) translateY(-4px) rotate(30deg);\"><\/div>\n<\/div>\n<div style=\"margin-left: auto;\">\n<div style=\"width: 0px; border-top: 8px solid #F4F4F4; border-right: 8px solid transparent; transform: translateY(16px);\"><\/div>\n<div style=\"background-color: #f4f4f4; flex-grow: 0; height: 12px; width: 16px; transform: translateY(-4px);\"><\/div>\n<div style=\"width: 0; height: 0; border-top: 8px solid #F4F4F4; border-left: 8px solid transparent; transform: translateY(-4px) translateX(8px);\"><\/div>\n<\/div>\n<\/div>\n<div style=\"display: flex; flex-direction: column; flex-grow: 1; justify-content: center; margin-bottom: 24px;\">\n<div style=\"background-color: #f4f4f4; border-radius: 4px; flex-grow: 0; height: 14px; margin-bottom: 6px; width: 224px;\"><\/div>\n<div style=\"background-color: #f4f4f4; border-radius: 4px; flex-grow: 0; height: 14px; width: 144px;\"><\/div>\n<\/div>\n<p>&nbsp;<\/p>\n<p style=\"color: #c9c8cd; font-family: Arial,sans-serif; font-size: 14px; line-height: 17px; margin-bottom: 0; margin-top: 8px; overflow: hidden; padding: 8px 0 7px; text-align: center; text-overflow: ellipsis; white-space: nowrap;\"><a style=\"color: #c9c8cd; font-family: Arial,sans-serif; font-size: 14px; font-style: normal; font-weight: normal; line-height: 17px; text-decoration: none;\" href=\"https:\/\/www.instagram.com\/p\/CZXEkpkgRww\/?utm_source=ig_embed&amp;utm_campaign=loading\" target=\"_blank\" rel=\"noopener\">A post shared by The Best Social Media &#8211; DE (@thebestsocialmediade)<\/a><\/p>\n<\/div>\n<\/blockquote>\n\n<script async defer src=\"\/instagram-embed.js\"><\/script>","protected":false},"excerpt":{"rendered":"<p>40 % der Deutschen begeistern sich f\u00fcr das Dschungelcamp? Zumindest laut RTL! Man kann es nat\u00fcrlich auch anders formulieren: 60 % der Bev\u00f6lkerung hat jeden&#8230;<\/p>\n","protected":false},"author":90,"featured_media":156531,"comment_status":"open","ping_status":"open","sticky":false,"template":"","format":"standard","meta":{"_acf_changed":false,"footnotes":""},"categories":[106,1839,35],"tags":[19,226,4830],"class_list":["post-156506","post","type-post","status-publish","format-standard","has-post-thumbnail","hentry","category-best-of","category-television","category-twitter","tag-dschungelcamp","tag-ibes","tag-realityshow"],"acf":[],"yoast_head":"<!-- This site is optimized with the Yoast SEO plugin v27.5 - https:\/\/yoast.com\/product\/yoast-seo-wordpress\/ -->\n<title>Kontrovers und despektierlich: Mit 19 Tweets durch Dschungeltag 8-11<\/title>\n<meta name=\"robots\" content=\"index, follow, max-snippet:-1, max-image-preview:large, max-video-preview:-1\" \/>\n<link rel=\"canonical\" href=\"https:\/\/www.thebestsocial.media\/de\/kontrovers-despektierlich-dschungelcamp\/\" \/>\n<meta property=\"og:locale\" content=\"de_DE\" \/>\n<meta property=\"og:type\" content=\"article\" \/>\n<meta property=\"og:title\" content=\"Kontrovers und despektierlich: Mit 19 Tweets durch die Dschungeltage 8-11\" \/>\n<meta property=\"og:description\" content=\"40 % der Deutschen begeistern sich f\u00fcr das Dschungelcamp? Zumindest laut RTL! Man kann es nat\u00fcrlich auch anders formulieren: 60 % der Bev\u00f6lkerung hat jeden...\" \/>\n<meta property=\"og:url\" content=\"https:\/\/www.thebestsocial.media\/de\/kontrovers-despektierlich-dschungelcamp\/\" \/>\n<meta property=\"og:site_name\" content=\"The Best Social Media DE\" \/>\n<meta property=\"article:published_time\" content=\"2022-01-31T23:16:51+00:00\" \/>\n<meta property=\"article:modified_time\" content=\"2022-01-31T23:22:11+00:00\" \/>\n<meta property=\"og:image\" content=\"https:\/\/www.thebestsocial.media\/de\/wp-content\/uploads\/sites\/3\/2022\/01\/Facebook_Post-4-1024x538.png\" \/>\n\t<meta property=\"og:image:width\" content=\"1024\" \/>\n\t<meta property=\"og:image:height\" content=\"538\" \/>\n\t<meta property=\"og:image:type\" content=\"image\/png\" \/>\n<meta name=\"author\" content=\"Johanna\" \/>\n<meta name=\"twitter:card\" content=\"summary_large_image\" \/>\n<meta name=\"twitter:label1\" content=\"Verfasst von\" \/>\n\t<meta name=\"twitter:data1\" content=\"Johanna\" \/>\n\t<meta name=\"twitter:label2\" content=\"Gesch\u00e4tzte Lesezeit\" \/>\n\t<meta name=\"twitter:data2\" content=\"5\u00a0Minuten\" \/>\n<script type=\"application\/ld+json\" class=\"yoast-schema-graph\">{\"@context\":\"https:\\\/\\\/schema.org\",\"@graph\":[{\"@type\":\"Article\",\"@id\":\"https:\\\/\\\/www.thebestsocial.media\\\/de\\\/kontrovers-despektierlich-dschungelcamp\\\/#article\",\"isPartOf\":{\"@id\":\"https:\\\/\\\/www.thebestsocial.media\\\/de\\\/kontrovers-despektierlich-dschungelcamp\\\/\"},\"author\":{\"name\":\"Johanna\",\"@id\":\"https:\\\/\\\/www.thebestsocial.media\\\/de\\\/#\\\/schema\\\/person\\\/7e4e6d79bd9a1bd4abfc2c44bdca4ae5\"},\"headline\":\"Kontrovers und despektierlich: Mit 19 Tweets durch die Dschungeltage 8-11\",\"datePublished\":\"2022-01-31T23:16:51+00:00\",\"dateModified\":\"2022-01-31T23:22:11+00:00\",\"mainEntityOfPage\":{\"@id\":\"https:\\\/\\\/www.thebestsocial.media\\\/de\\\/kontrovers-despektierlich-dschungelcamp\\\/\"},\"wordCount\":822,\"commentCount\":0,\"image\":{\"@id\":\"https:\\\/\\\/www.thebestsocial.media\\\/de\\\/kontrovers-despektierlich-dschungelcamp\\\/#primaryimage\"},\"thumbnailUrl\":\"https:\\\/\\\/www.thebestsocial.media\\\/de\\\/wp-content\\\/uploads\\\/sites\\\/3\\\/2022\\\/01\\\/Dschungelcamp.png\",\"keywords\":[\"dschungelcamp\",\"ibes\",\"Realityshow\"],\"articleSection\":[\"Best of\",\"Television\",\"Twitter\"],\"inLanguage\":\"de\",\"potentialAction\":[{\"@type\":\"CommentAction\",\"name\":\"Comment\",\"target\":[\"https:\\\/\\\/www.thebestsocial.media\\\/de\\\/kontrovers-despektierlich-dschungelcamp\\\/#respond\"]}]},{\"@type\":\"WebPage\",\"@id\":\"https:\\\/\\\/www.thebestsocial.media\\\/de\\\/kontrovers-despektierlich-dschungelcamp\\\/\",\"url\":\"https:\\\/\\\/www.thebestsocial.media\\\/de\\\/kontrovers-despektierlich-dschungelcamp\\\/\",\"name\":\"Kontrovers und despektierlich: Mit 19 Tweets durch Dschungeltag 8-11\",\"isPartOf\":{\"@id\":\"https:\\\/\\\/www.thebestsocial.media\\\/de\\\/#website\"},\"primaryImageOfPage\":{\"@id\":\"https:\\\/\\\/www.thebestsocial.media\\\/de\\\/kontrovers-despektierlich-dschungelcamp\\\/#primaryimage\"},\"image\":{\"@id\":\"https:\\\/\\\/www.thebestsocial.media\\\/de\\\/kontrovers-despektierlich-dschungelcamp\\\/#primaryimage\"},\"thumbnailUrl\":\"https:\\\/\\\/www.thebestsocial.media\\\/de\\\/wp-content\\\/uploads\\\/sites\\\/3\\\/2022\\\/01\\\/Dschungelcamp.png\",\"datePublished\":\"2022-01-31T23:16:51+00:00\",\"dateModified\":\"2022-01-31T23:22:11+00:00\",\"author\":{\"@id\":\"https:\\\/\\\/www.thebestsocial.media\\\/de\\\/#\\\/schema\\\/person\\\/7e4e6d79bd9a1bd4abfc2c44bdca4ae5\"},\"breadcrumb\":{\"@id\":\"https:\\\/\\\/www.thebestsocial.media\\\/de\\\/kontrovers-despektierlich-dschungelcamp\\\/#breadcrumb\"},\"inLanguage\":\"de\",\"potentialAction\":[{\"@type\":\"ReadAction\",\"target\":[\"https:\\\/\\\/www.thebestsocial.media\\\/de\\\/kontrovers-despektierlich-dschungelcamp\\\/\"]}]},{\"@type\":\"ImageObject\",\"inLanguage\":\"de\",\"@id\":\"https:\\\/\\\/www.thebestsocial.media\\\/de\\\/kontrovers-despektierlich-dschungelcamp\\\/#primaryimage\",\"url\":\"https:\\\/\\\/www.thebestsocial.media\\\/de\\\/wp-content\\\/uploads\\\/sites\\\/3\\\/2022\\\/01\\\/Dschungelcamp.png\",\"contentUrl\":\"https:\\\/\\\/www.thebestsocial.media\\\/de\\\/wp-content\\\/uploads\\\/sites\\\/3\\\/2022\\\/01\\\/Dschungelcamp.png\",\"width\":1920,\"height\":1080},{\"@type\":\"BreadcrumbList\",\"@id\":\"https:\\\/\\\/www.thebestsocial.media\\\/de\\\/kontrovers-despektierlich-dschungelcamp\\\/#breadcrumb\",\"itemListElement\":[{\"@type\":\"ListItem\",\"position\":1,\"name\":\"Home\",\"item\":\"https:\\\/\\\/www.thebestsocial.media\\\/de\\\/\"},{\"@type\":\"ListItem\",\"position\":2,\"name\":\"Kontrovers und despektierlich: Mit 19 Tweets durch die Dschungeltage 8-11\"}]},{\"@type\":\"WebSite\",\"@id\":\"https:\\\/\\\/www.thebestsocial.media\\\/de\\\/#website\",\"url\":\"https:\\\/\\\/www.thebestsocial.media\\\/de\\\/\",\"name\":\"The Best Social Media DE\",\"description\":\"\",\"potentialAction\":[{\"@type\":\"SearchAction\",\"target\":{\"@type\":\"EntryPoint\",\"urlTemplate\":\"https:\\\/\\\/www.thebestsocial.media\\\/de\\\/?s={search_term_string}\"},\"query-input\":{\"@type\":\"PropertyValueSpecification\",\"valueRequired\":true,\"valueName\":\"search_term_string\"}}],\"inLanguage\":\"de\"},{\"@type\":\"Person\",\"@id\":\"https:\\\/\\\/www.thebestsocial.media\\\/de\\\/#\\\/schema\\\/person\\\/7e4e6d79bd9a1bd4abfc2c44bdca4ae5\",\"name\":\"Johanna\",\"image\":{\"@type\":\"ImageObject\",\"inLanguage\":\"de\",\"@id\":\"https:\\\/\\\/secure.gravatar.com\\\/avatar\\\/75ce1fe18a6340c6127d32732e3615cd7010e7ce8c30f9e6460ebb4736008f68?s=96&d=mm&r=g\",\"url\":\"https:\\\/\\\/secure.gravatar.com\\\/avatar\\\/75ce1fe18a6340c6127d32732e3615cd7010e7ce8c30f9e6460ebb4736008f68?s=96&d=mm&r=g\",\"contentUrl\":\"https:\\\/\\\/secure.gravatar.com\\\/avatar\\\/75ce1fe18a6340c6127d32732e3615cd7010e7ce8c30f9e6460ebb4736008f68?s=96&d=mm&r=g\",\"caption\":\"Johanna\"},\"url\":\"https:\\\/\\\/www.thebestsocial.media\\\/de\\\/author\\\/johannamichaels\\\/\"}]}<\/script>\n<!-- \/ Yoast SEO plugin. -->","yoast_head_json":{"title":"Kontrovers und despektierlich: Mit 19 Tweets durch Dschungeltag 8-11","robots":{"index":"index","follow":"follow","max-snippet":"max-snippet:-1","max-image-preview":"max-image-preview:large","max-video-preview":"max-video-preview:-1"},"canonical":"https:\/\/www.thebestsocial.media\/de\/kontrovers-despektierlich-dschungelcamp\/","og_locale":"de_DE","og_type":"article","og_title":"Kontrovers und despektierlich: Mit 19 Tweets durch die Dschungeltage 8-11","og_description":"40 % der Deutschen begeistern sich f\u00fcr das Dschungelcamp? Zumindest laut RTL! Man kann es nat\u00fcrlich auch anders formulieren: 60 % der Bev\u00f6lkerung hat jeden...","og_url":"https:\/\/www.thebestsocial.media\/de\/kontrovers-despektierlich-dschungelcamp\/","og_site_name":"The Best Social Media DE","article_published_time":"2022-01-31T23:16:51+00:00","article_modified_time":"2022-01-31T23:22:11+00:00","og_image":[{"width":1024,"height":538,"url":"https:\/\/www.thebestsocial.media\/de\/wp-content\/uploads\/sites\/3\/2022\/01\/Facebook_Post-4-1024x538.png","type":"image\/png"}],"author":"Johanna","twitter_card":"summary_large_image","twitter_misc":{"Verfasst von":"Johanna","Gesch\u00e4tzte Lesezeit":"5\u00a0Minuten"},"schema":{"@context":"https:\/\/schema.org","@graph":[{"@type":"Article","@id":"https:\/\/www.thebestsocial.media\/de\/kontrovers-despektierlich-dschungelcamp\/#article","isPartOf":{"@id":"https:\/\/www.thebestsocial.media\/de\/kontrovers-despektierlich-dschungelcamp\/"},"author":{"name":"Johanna","@id":"https:\/\/www.thebestsocial.media\/de\/#\/schema\/person\/7e4e6d79bd9a1bd4abfc2c44bdca4ae5"},"headline":"Kontrovers und despektierlich: Mit 19 Tweets durch die Dschungeltage 8-11","datePublished":"2022-01-31T23:16:51+00:00","dateModified":"2022-01-31T23:22:11+00:00","mainEntityOfPage":{"@id":"https:\/\/www.thebestsocial.media\/de\/kontrovers-despektierlich-dschungelcamp\/"},"wordCount":822,"commentCount":0,"image":{"@id":"https:\/\/www.thebestsocial.media\/de\/kontrovers-despektierlich-dschungelcamp\/#primaryimage"},"thumbnailUrl":"https:\/\/www.thebestsocial.media\/de\/wp-content\/uploads\/sites\/3\/2022\/01\/Dschungelcamp.png","keywords":["dschungelcamp","ibes","Realityshow"],"articleSection":["Best of","Television","Twitter"],"inLanguage":"de","potentialAction":[{"@type":"CommentAction","name":"Comment","target":["https:\/\/www.thebestsocial.media\/de\/kontrovers-despektierlich-dschungelcamp\/#respond"]}]},{"@type":"WebPage","@id":"https:\/\/www.thebestsocial.media\/de\/kontrovers-despektierlich-dschungelcamp\/","url":"https:\/\/www.thebestsocial.media\/de\/kontrovers-despektierlich-dschungelcamp\/","name":"Kontrovers und despektierlich: Mit 19 Tweets durch Dschungeltag 8-11","isPartOf":{"@id":"https:\/\/www.thebestsocial.media\/de\/#website"},"primaryImageOfPage":{"@id":"https:\/\/www.thebestsocial.media\/de\/kontrovers-despektierlich-dschungelcamp\/#primaryimage"},"image":{"@id":"https:\/\/www.thebestsocial.media\/de\/kontrovers-despektierlich-dschungelcamp\/#primaryimage"},"thumbnailUrl":"https:\/\/www.thebestsocial.media\/de\/wp-content\/uploads\/sites\/3\/2022\/01\/Dschungelcamp.png","datePublished":"2022-01-31T23:16:51+00:00","dateModified":"2022-01-31T23:22:11+00:00","author":{"@id":"https:\/\/www.thebestsocial.media\/de\/#\/schema\/person\/7e4e6d79bd9a1bd4abfc2c44bdca4ae5"},"breadcrumb":{"@id":"https:\/\/www.thebestsocial.media\/de\/kontrovers-despektierlich-dschungelcamp\/#breadcrumb"},"inLanguage":"de","potentialAction":[{"@type":"ReadAction","target":["https:\/\/www.thebestsocial.media\/de\/kontrovers-despektierlich-dschungelcamp\/"]}]},{"@type":"ImageObject","inLanguage":"de","@id":"https:\/\/www.thebestsocial.media\/de\/kontrovers-despektierlich-dschungelcamp\/#primaryimage","url":"https:\/\/www.thebestsocial.media\/de\/wp-content\/uploads\/sites\/3\/2022\/01\/Dschungelcamp.png","contentUrl":"https:\/\/www.thebestsocial.media\/de\/wp-content\/uploads\/sites\/3\/2022\/01\/Dschungelcamp.png","width":1920,"height":1080},{"@type":"BreadcrumbList","@id":"https:\/\/www.thebestsocial.media\/de\/kontrovers-despektierlich-dschungelcamp\/#breadcrumb","itemListElement":[{"@type":"ListItem","position":1,"name":"Home","item":"https:\/\/www.thebestsocial.media\/de\/"},{"@type":"ListItem","position":2,"name":"Kontrovers und despektierlich: Mit 19 Tweets durch die Dschungeltage 8-11"}]},{"@type":"WebSite","@id":"https:\/\/www.thebestsocial.media\/de\/#website","url":"https:\/\/www.thebestsocial.media\/de\/","name":"The Best Social Media DE","description":"","potentialAction":[{"@type":"SearchAction","target":{"@type":"EntryPoint","urlTemplate":"https:\/\/www.thebestsocial.media\/de\/?s={search_term_string}"},"query-input":{"@type":"PropertyValueSpecification","valueRequired":true,"valueName":"search_term_string"}}],"inLanguage":"de"},{"@type":"Person","@id":"https:\/\/www.thebestsocial.media\/de\/#\/schema\/person\/7e4e6d79bd9a1bd4abfc2c44bdca4ae5","name":"Johanna","image":{"@type":"ImageObject","inLanguage":"de","@id":"https:\/\/secure.gravatar.com\/avatar\/75ce1fe18a6340c6127d32732e3615cd7010e7ce8c30f9e6460ebb4736008f68?s=96&d=mm&r=g","url":"https:\/\/secure.gravatar.com\/avatar\/75ce1fe18a6340c6127d32732e3615cd7010e7ce8c30f9e6460ebb4736008f68?s=96&d=mm&r=g","contentUrl":"https:\/\/secure.gravatar.com\/avatar\/75ce1fe18a6340c6127d32732e3615cd7010e7ce8c30f9e6460ebb4736008f68?s=96&d=mm&r=g","caption":"Johanna"},"url":"https:\/\/www.thebestsocial.media\/de\/author\/johannamichaels\/"}]}},"amp_enabled":true,"_links":{"self":[{"href":"https:\/\/www.thebestsocial.media\/de\/wp-json\/wp\/v2\/posts\/156506","targetHints":{"allow":["GET"]}}],"collection":[{"href":"https:\/\/www.thebestsocial.media\/de\/wp-json\/wp\/v2\/posts"}],"about":[{"href":"https:\/\/www.thebestsocial.media\/de\/wp-json\/wp\/v2\/types\/post"}],"author":[{"embeddable":true,"href":"https:\/\/www.thebestsocial.media\/de\/wp-json\/wp\/v2\/users\/90"}],"replies":[{"embeddable":true,"href":"https:\/\/www.thebestsocial.media\/de\/wp-json\/wp\/v2\/comments?post=156506"}],"version-history":[{"count":33,"href":"https:\/\/www.thebestsocial.media\/de\/wp-json\/wp\/v2\/posts\/156506\/revisions"}],"predecessor-version":[{"id":156543,"href":"https:\/\/www.thebestsocial.media\/de\/wp-json\/wp\/v2\/posts\/156506\/revisions\/156543"}],"wp:featuredmedia":[{"embeddable":true,"href":"https:\/\/www.thebestsocial.media\/de\/wp-json\/wp\/v2\/media\/156531"}],"wp:attachment":[{"href":"https:\/\/www.thebestsocial.media\/de\/wp-json\/wp\/v2\/media?parent=156506"}],"wp:term":[{"taxonomy":"category","embeddable":true,"href":"https:\/\/www.thebestsocial.media\/de\/wp-json\/wp\/v2\/categories?post=156506"},{"taxonomy":"post_tag","embeddable":true,"href":"https:\/\/www.thebestsocial.media\/de\/wp-json\/wp\/v2\/tags?post=156506"}],"curies":[{"name":"wp","href":"https:\/\/api.w.org\/{rel}","templated":true}]}}