{"id":156419,"date":"2022-01-28T15:10:05","date_gmt":"2022-01-28T15:10:05","guid":{"rendered":"https:\/\/www.thebestsocial.media\/de\/?p=156419"},"modified":"2022-01-28T15:14:43","modified_gmt":"2022-01-28T15:14:43","slug":"joerg-meuthen-tritt-aus-der-afd-aus-und-das-netz-reagiert-auf-die-einzig-angemessene-weise","status":"publish","type":"post","link":"https:\/\/www.thebestsocial.media\/de\/joerg-meuthen-tritt-aus-der-afd-aus-und-das-netz-reagiert-auf-die-einzig-angemessene-weise\/","title":{"rendered":"J\u00f6rg Meuthen tritt aus der AfD aus und das Netz reagiert auf die einzig angemessene Weise"},"content":{"rendered":"<p>Seit 2013 war J\u00f6rg Meuthen Mitglied der AfD. 2015 stieg er zum Parteivorsitzenden auf, wurde 2017 Mitglied des EU-Parlaments. Nun tritt er mit sofortiger Wirkung aus der Partei aus. Vorausgegangen war ein interner Machtkampf gegen den (formal aufgel\u00f6sten) rechtsextremen Fl\u00fcgel der AfD. &#8222;Das Herz der Partei schl\u00e4gt heute sehr weit rechts und es schl\u00e4gt eigentlich permanent hoch,&#8220; zitiert die ARD Meuthen. Teile der Partei st\u00fcnden &#8222;nicht auf dem Boden der freiheitlich demokratischen Grundordnung&#8220;, so Meuthen weiter. Sein Abgeordnetenmandat im Europaparlament beh\u00e4lt Meuthen.<br \/>\nGegen Meuthen wird seit Donnerstag unter dem Hintergrund einer Spendenaff\u00e4re ermittelt. Ihm droht die Aufhebung der Immunit\u00e4t und damit eine strafrechtliche Ermittlung.<br \/>\nAuf Twitter sorgt das Meuthen-Aus SELBSTVERST\u00c4NDLICH f\u00fcr zahlreiche Reaktionen. Wir fassen die besten Tweets f\u00fcr euch zusammen!<br \/>\n&nbsp;<br \/>\n<strong>1. <\/strong><\/p>\n<blockquote class=\"twitter-tweet\">\n<p lang=\"de\" dir=\"ltr\">Exklusiv: Meuthen verl\u00e4sst die AfD <a href=\"https:\/\/t.co\/8X8IfZD0GW\">https:\/\/t.co\/8X8IfZD0GW<\/a><\/p>\n<p>&mdash; tagesschau Eil (@tagesschau_eil) <a href=\"https:\/\/twitter.com\/tagesschau_eil\/status\/1487044109466578946?ref_src=twsrc%5Etfw\">January 28, 2022<\/a><\/p><\/blockquote>\n<p> <script async src=\"https:\/\/platform.twitter.com\/widgets.js\" charset=\"utf-8\"><\/script><br \/>\n&nbsp;<br \/>\n<strong>2. <\/strong><\/p>\n<blockquote class=\"twitter-tweet\">\n<p lang=\"de\" dir=\"ltr\">meuthen verl\u00e4sst die afd und meint sie w\u00e4re &quot;sehr weit rechts&quot; <\/p>\n<p>scharfe analyse bro<\/p>\n<p>&mdash; Jakob \ud83c\udf0d\ud83c\udf31\u262d\ud83c\udf08 (@jakob4justice) <a href=\"https:\/\/twitter.com\/jakob4justice\/status\/1487047784570232835?ref_src=twsrc%5Etfw\">January 28, 2022<\/a><\/p><\/blockquote>\n<p> <script async src=\"https:\/\/platform.twitter.com\/widgets.js\" charset=\"utf-8\"><\/script><br \/>\n&nbsp;<br \/>\n<strong>3. <\/strong><\/p>\n<blockquote class=\"twitter-tweet\">\n<p lang=\"de\" dir=\"ltr\"><a href=\"https:\/\/twitter.com\/hashtag\/Meuthen?src=hash&amp;ref_src=twsrc%5Etfw\">#Meuthen<\/a> sagt, Teile der AfD st\u00fcnden &quot;nicht auf dem Boden der freiheitlich demokratischen Grundordnung&quot;. Sowas, sowas, sowas\u2026 <a href=\"https:\/\/t.co\/vyv4tSk92P\">pic.twitter.com\/vyv4tSk92P<\/a><\/p>\n<p>&mdash; Nicht Chevy Chase (@DrWaumiau) <a href=\"https:\/\/twitter.com\/DrWaumiau\/status\/1487063046505873413?ref_src=twsrc%5Etfw\">January 28, 2022<\/a><\/p><\/blockquote>\n<p> <script async src=\"https:\/\/platform.twitter.com\/widgets.js\" charset=\"utf-8\"><\/script><br \/>\n&nbsp;<br \/>\n<strong>4. <\/strong><\/p>\n<blockquote class=\"twitter-tweet\">\n<p lang=\"de\" dir=\"ltr\">Wer wie <a href=\"https:\/\/twitter.com\/hashtag\/Meuthen?src=hash&amp;ref_src=twsrc%5Etfw\">#Meuthen<\/a> im Jahr 2022 aus der <a href=\"https:\/\/twitter.com\/hashtag\/AfD?src=hash&amp;ref_src=twsrc%5Etfw\">#AfD<\/a> austritt, der verdient keine Schulterklopfer, sondern dem m\u00fcssen zwei Fragen gestellt werden:<br \/>1. Was hatten Sie da zu suchen?<br \/>2. Warum erst jetzt?<\/p>\n<p>&mdash; Kevin K\u00fchnert (@KuehniKev) <a href=\"https:\/\/twitter.com\/KuehniKev\/status\/1487062242176778242?ref_src=twsrc%5Etfw\">January 28, 2022<\/a><\/p><\/blockquote>\n<p> <script async src=\"https:\/\/platform.twitter.com\/widgets.js\" charset=\"utf-8\"><\/script><br \/>\n&nbsp;<br \/>\n<strong>5. <\/strong><\/p>\n<blockquote class=\"twitter-tweet\">\n<p lang=\"de\" dir=\"ltr\">Bitte wieder das Narrativ, dass mit dem Austritt von <a href=\"https:\/\/twitter.com\/hashtag\/Meuthen?src=hash&amp;ref_src=twsrc%5Etfw\">#Meuthen<\/a>, die AfD nun endg\u00fcltig rechtsextrem sei. Das war sie schon vorher und Meuthen gern gesehener Gast bei dem Fl\u00fcgeltreffen.<\/p>\n<p>Die AfD ist eine in Teilen verfassungsfeindliche Partei von Chauvinisten und Rassisten<\/p>\n<p>&mdash; J\u00fcrgen Kasek (@JKasek) <a href=\"https:\/\/twitter.com\/JKasek\/status\/1487047507737784320?ref_src=twsrc%5Etfw\">January 28, 2022<\/a><\/p><\/blockquote>\n<p> <script async src=\"https:\/\/platform.twitter.com\/widgets.js\" charset=\"utf-8\"><\/script><br \/>\n&nbsp;<br \/>\n<strong>6. <\/strong><\/p>\n<blockquote class=\"twitter-tweet\">\n<p lang=\"de\" dir=\"ltr\"><a href=\"https:\/\/twitter.com\/hashtag\/Meuthen?src=hash&amp;ref_src=twsrc%5Etfw\">#Meuthen<\/a> sagt, Teile der <a href=\"https:\/\/twitter.com\/hashtag\/AfD?src=hash&amp;ref_src=twsrc%5Etfw\">#AfD<\/a> st\u00fcnden \u201enicht auf dem Boden der freiheitlich demokratischen Grundordnung\u201c.<br \/>Guuut\u2026 das ist jetzt nicht sooo neu.<\/p>\n<p>&mdash; ZDF heute-show (@heuteshow) <a href=\"https:\/\/twitter.com\/heuteshow\/status\/1487060644490846213?ref_src=twsrc%5Etfw\">January 28, 2022<\/a><\/p><\/blockquote>\n<p> <script async src=\"https:\/\/platform.twitter.com\/widgets.js\" charset=\"utf-8\"><\/script><br \/>\n&nbsp;<br \/>\n<strong>7. <\/strong><\/p>\n<blockquote class=\"twitter-tweet\">\n<p lang=\"de\" dir=\"ltr\">Meuthen ist jetzt der dritte Parteichef der <a href=\"https:\/\/twitter.com\/hashtag\/noafd?src=hash&amp;ref_src=twsrc%5Etfw\">#noafd<\/a>, der nach internem Machtverlust zur\u00fcckgetreten und dann aus der Partei ausgetreten ist, weil er pl\u00f6tzlich merkte, dass diese rechtsau\u00dfen steht. Reichlich unfair, die so zu \u00fcberraschen, kann keiner vorher mal nen Hinweis geben?<\/p>\n<p>&mdash; JasminLiebtDich \ud83c\uddea\ud83c\uddfa\ud83c\udf3b (@DichJasmin) <a href=\"https:\/\/twitter.com\/DichJasmin\/status\/1487050189948993544?ref_src=twsrc%5Etfw\">January 28, 2022<\/a><\/p><\/blockquote>\n<p> <script async src=\"https:\/\/platform.twitter.com\/widgets.js\" charset=\"utf-8\"><\/script><br \/>\n&nbsp;<br \/>\n<strong>8. <\/strong><\/p>\n<blockquote class=\"twitter-tweet\">\n<p lang=\"de\" dir=\"ltr\">2015: &quot;Mit Bernd Lucke verl\u00e4sst der letzte B\u00fcrgerlich-Konservative die AfD, die ab jetzt fest in rechter Hand ist.&quot;<\/p>\n<p>2017: &quot;Mit Frauke Petry verl\u00e4sst die letzte B\u00fcrgerlich-Konservative die AfD, die ab jetzt fest in rechter Hand ist.&quot; <\/p>\n<p>2022: &quot;Mit J\u00f6rg Meuthen verl\u00e4sst der le&#8230;<\/p>\n<p>&mdash; Sebastian 23 (@mondschaf23) <a href=\"https:\/\/twitter.com\/mondschaf23\/status\/1487052499240599553?ref_src=twsrc%5Etfw\">January 28, 2022<\/a><\/p><\/blockquote>\n<p> <script async src=\"https:\/\/platform.twitter.com\/widgets.js\" charset=\"utf-8\"><\/script><br \/>\n&nbsp;<br \/>\n<strong>9. <\/strong><\/p>\n<blockquote class=\"twitter-tweet\">\n<p lang=\"de\" dir=\"ltr\">Die AfD hat jetzt ein rechtsradikales Mitglied weniger. Bitte macht aus Meuthen jetzt nicht den b\u00fcrgerlich konservativen Widerstandsk\u00e4mpfer, der er nie war.<\/p>\n<p>&mdash; Jakob \ud83c\udf0d\ud83c\udf31\u262d\ud83c\udf08 (@jakob4justice) <a href=\"https:\/\/twitter.com\/jakob4justice\/status\/1487052663715991555?ref_src=twsrc%5Etfw\">January 28, 2022<\/a><\/p><\/blockquote>\n<p> <script async src=\"https:\/\/platform.twitter.com\/widgets.js\" charset=\"utf-8\"><\/script><br \/>\n&nbsp;<br \/>\n<strong>10. <\/strong><\/p>\n<blockquote class=\"twitter-tweet\">\n<p lang=\"de\" dir=\"ltr\">Wenn dir vollkommen \u00fcberraschend der Gedanke kommt, dass deine Partei ganz sch\u00f6n rechts ist <a href=\"https:\/\/t.co\/qwni3bjdbz\">pic.twitter.com\/qwni3bjdbz<\/a><\/p>\n<p>&mdash; Fabian K\u00f6ster (@koesterfabian) <a href=\"https:\/\/twitter.com\/koesterfabian\/status\/1487061718018756613?ref_src=twsrc%5Etfw\">January 28, 2022<\/a><\/p><\/blockquote>\n<p> <script async src=\"https:\/\/platform.twitter.com\/widgets.js\" charset=\"utf-8\"><\/script><br \/>\n&nbsp;<br \/>\n<strong>11. <\/strong><\/p>\n<blockquote class=\"twitter-tweet\">\n<p lang=\"de\" dir=\"ltr\">Danke, <a href=\"https:\/\/twitter.com\/Kreiszeitung?ref_src=twsrc%5Etfw\">@Kreiszeitung<\/a> f\u00fcr diese zutreffende Eilmeldung. !B <a href=\"https:\/\/twitter.com\/hashtag\/Meuthen?src=hash&amp;ref_src=twsrc%5Etfw\">#Meuthen<\/a> <a href=\"https:\/\/t.co\/F5YI8qpwNS\">pic.twitter.com\/F5YI8qpwNS<\/a><\/p>\n<p>&mdash; Lennart Quiring \ud83c\udf3b (@LennartQuiring) <a href=\"https:\/\/twitter.com\/LennartQuiring\/status\/1487050780255432711?ref_src=twsrc%5Etfw\">January 28, 2022<\/a><\/p><\/blockquote>\n<p> <script async src=\"https:\/\/platform.twitter.com\/widgets.js\" charset=\"utf-8\"><\/script><br \/>\n&nbsp;<\/p>\n","protected":false},"excerpt":{"rendered":"<p>Seit 2013 war J\u00f6rg Meuthen Mitglied der AfD. 2015 stieg er zum Parteivorsitzenden auf, wurde 2017 Mitglied des EU-Parlaments. Nun tritt er mit sofortiger Wirkung&#8230;<\/p>\n","protected":false},"author":65,"featured_media":156432,"comment_status":"open","ping_status":"open","sticky":false,"template":"","format":"standard","meta":{"_acf_changed":false,"footnotes":""},"categories":[1717,35],"tags":[144,2155],"class_list":["post-156419","post","type-post","status-publish","format-standard","has-post-thumbnail","hentry","category-community","category-twitter","tag-afd","tag-meuthen"],"acf":[],"yoast_head":"<!-- This site is optimized with the Yoast SEO plugin v27.5 - https:\/\/yoast.com\/product\/yoast-seo-wordpress\/ -->\n<title>J\u00f6rg Meuthen tritt aus der AfD aus und das Netz reagiert angemessen<\/title>\n<meta name=\"robots\" content=\"index, follow, max-snippet:-1, max-image-preview:large, max-video-preview:-1\" \/>\n<link rel=\"canonical\" href=\"https:\/\/www.thebestsocial.media\/de\/joerg-meuthen-tritt-aus-der-afd-aus-und-das-netz-reagiert-auf-die-einzig-angemessene-weise\/\" \/>\n<meta property=\"og:locale\" content=\"de_DE\" \/>\n<meta property=\"og:type\" content=\"article\" \/>\n<meta property=\"og:title\" content=\"J\u00f6rg Meuthen tritt aus der AfD aus und das Netz reagiert auf die einzig angemessene Weise\" \/>\n<meta property=\"og:description\" content=\"Seit 2013 war J\u00f6rg Meuthen Mitglied der AfD. 2015 stieg er zum Parteivorsitzenden auf, wurde 2017 Mitglied des EU-Parlaments. Nun tritt er mit sofortiger Wirkung...\" \/>\n<meta property=\"og:url\" content=\"https:\/\/www.thebestsocial.media\/de\/joerg-meuthen-tritt-aus-der-afd-aus-und-das-netz-reagiert-auf-die-einzig-angemessene-weise\/\" \/>\n<meta property=\"og:site_name\" content=\"The Best Social Media DE\" \/>\n<meta property=\"article:published_time\" content=\"2022-01-28T15:10:05+00:00\" \/>\n<meta property=\"article:modified_time\" content=\"2022-01-28T15:14:43+00:00\" \/>\n<meta property=\"og:image\" content=\"https:\/\/www.thebestsocial.media\/de\/wp-content\/uploads\/sites\/3\/2022\/01\/Meutheen-da.png\" \/>\n\t<meta property=\"og:image:width\" content=\"1200\" \/>\n\t<meta property=\"og:image:height\" content=\"630\" \/>\n\t<meta property=\"og:image:type\" content=\"image\/png\" \/>\n<meta name=\"author\" content=\"Jan\" \/>\n<meta name=\"twitter:card\" content=\"summary_large_image\" \/>\n<meta name=\"twitter:title\" content=\"J\u00f6rg Meuthen tritt aus der AfD aus und das Netz reagiert auf die einzig angemessene Weise\" \/>\n<meta name=\"twitter:image\" content=\"https:\/\/www.thebestsocial.media\/de\/wp-content\/uploads\/sites\/3\/2022\/01\/Meutheen-da.png\" \/>\n<meta name=\"twitter:label1\" content=\"Verfasst von\" \/>\n\t<meta name=\"twitter:data1\" content=\"Jan\" \/>\n\t<meta name=\"twitter:label2\" content=\"Gesch\u00e4tzte Lesezeit\" \/>\n\t<meta name=\"twitter:data2\" content=\"3\u00a0Minuten\" \/>\n<script type=\"application\/ld+json\" class=\"yoast-schema-graph\">{\"@context\":\"https:\\\/\\\/schema.org\",\"@graph\":[{\"@type\":\"Article\",\"@id\":\"https:\\\/\\\/www.thebestsocial.media\\\/de\\\/joerg-meuthen-tritt-aus-der-afd-aus-und-das-netz-reagiert-auf-die-einzig-angemessene-weise\\\/#article\",\"isPartOf\":{\"@id\":\"https:\\\/\\\/www.thebestsocial.media\\\/de\\\/joerg-meuthen-tritt-aus-der-afd-aus-und-das-netz-reagiert-auf-die-einzig-angemessene-weise\\\/\"},\"author\":{\"name\":\"Jan\",\"@id\":\"https:\\\/\\\/www.thebestsocial.media\\\/de\\\/#\\\/schema\\\/person\\\/03b8d8d2905b97b499c8e0808b724821\"},\"headline\":\"J\u00f6rg Meuthen tritt aus der AfD aus und das Netz reagiert auf die einzig angemessene Weise\",\"datePublished\":\"2022-01-28T15:10:05+00:00\",\"dateModified\":\"2022-01-28T15:14:43+00:00\",\"mainEntityOfPage\":{\"@id\":\"https:\\\/\\\/www.thebestsocial.media\\\/de\\\/joerg-meuthen-tritt-aus-der-afd-aus-und-das-netz-reagiert-auf-die-einzig-angemessene-weise\\\/\"},\"wordCount\":522,\"commentCount\":0,\"image\":{\"@id\":\"https:\\\/\\\/www.thebestsocial.media\\\/de\\\/joerg-meuthen-tritt-aus-der-afd-aus-und-das-netz-reagiert-auf-die-einzig-angemessene-weise\\\/#primaryimage\"},\"thumbnailUrl\":\"https:\\\/\\\/www.thebestsocial.media\\\/de\\\/wp-content\\\/uploads\\\/sites\\\/3\\\/2022\\\/01\\\/Header-Meuth.jpg\",\"keywords\":[\"AfD\",\"Meuthen\"],\"articleSection\":[\"Community\",\"Twitter\"],\"inLanguage\":\"de\",\"potentialAction\":[{\"@type\":\"CommentAction\",\"name\":\"Comment\",\"target\":[\"https:\\\/\\\/www.thebestsocial.media\\\/de\\\/joerg-meuthen-tritt-aus-der-afd-aus-und-das-netz-reagiert-auf-die-einzig-angemessene-weise\\\/#respond\"]}]},{\"@type\":\"WebPage\",\"@id\":\"https:\\\/\\\/www.thebestsocial.media\\\/de\\\/joerg-meuthen-tritt-aus-der-afd-aus-und-das-netz-reagiert-auf-die-einzig-angemessene-weise\\\/\",\"url\":\"https:\\\/\\\/www.thebestsocial.media\\\/de\\\/joerg-meuthen-tritt-aus-der-afd-aus-und-das-netz-reagiert-auf-die-einzig-angemessene-weise\\\/\",\"name\":\"J\u00f6rg Meuthen tritt aus der AfD aus und das Netz reagiert angemessen\",\"isPartOf\":{\"@id\":\"https:\\\/\\\/www.thebestsocial.media\\\/de\\\/#website\"},\"primaryImageOfPage\":{\"@id\":\"https:\\\/\\\/www.thebestsocial.media\\\/de\\\/joerg-meuthen-tritt-aus-der-afd-aus-und-das-netz-reagiert-auf-die-einzig-angemessene-weise\\\/#primaryimage\"},\"image\":{\"@id\":\"https:\\\/\\\/www.thebestsocial.media\\\/de\\\/joerg-meuthen-tritt-aus-der-afd-aus-und-das-netz-reagiert-auf-die-einzig-angemessene-weise\\\/#primaryimage\"},\"thumbnailUrl\":\"https:\\\/\\\/www.thebestsocial.media\\\/de\\\/wp-content\\\/uploads\\\/sites\\\/3\\\/2022\\\/01\\\/Header-Meuth.jpg\",\"datePublished\":\"2022-01-28T15:10:05+00:00\",\"dateModified\":\"2022-01-28T15:14:43+00:00\",\"author\":{\"@id\":\"https:\\\/\\\/www.thebestsocial.media\\\/de\\\/#\\\/schema\\\/person\\\/03b8d8d2905b97b499c8e0808b724821\"},\"breadcrumb\":{\"@id\":\"https:\\\/\\\/www.thebestsocial.media\\\/de\\\/joerg-meuthen-tritt-aus-der-afd-aus-und-das-netz-reagiert-auf-die-einzig-angemessene-weise\\\/#breadcrumb\"},\"inLanguage\":\"de\",\"potentialAction\":[{\"@type\":\"ReadAction\",\"target\":[\"https:\\\/\\\/www.thebestsocial.media\\\/de\\\/joerg-meuthen-tritt-aus-der-afd-aus-und-das-netz-reagiert-auf-die-einzig-angemessene-weise\\\/\"]}]},{\"@type\":\"ImageObject\",\"inLanguage\":\"de\",\"@id\":\"https:\\\/\\\/www.thebestsocial.media\\\/de\\\/joerg-meuthen-tritt-aus-der-afd-aus-und-das-netz-reagiert-auf-die-einzig-angemessene-weise\\\/#primaryimage\",\"url\":\"https:\\\/\\\/www.thebestsocial.media\\\/de\\\/wp-content\\\/uploads\\\/sites\\\/3\\\/2022\\\/01\\\/Header-Meuth.jpg\",\"contentUrl\":\"https:\\\/\\\/www.thebestsocial.media\\\/de\\\/wp-content\\\/uploads\\\/sites\\\/3\\\/2022\\\/01\\\/Header-Meuth.jpg\",\"width\":2048,\"height\":1152},{\"@type\":\"BreadcrumbList\",\"@id\":\"https:\\\/\\\/www.thebestsocial.media\\\/de\\\/joerg-meuthen-tritt-aus-der-afd-aus-und-das-netz-reagiert-auf-die-einzig-angemessene-weise\\\/#breadcrumb\",\"itemListElement\":[{\"@type\":\"ListItem\",\"position\":1,\"name\":\"Home\",\"item\":\"https:\\\/\\\/www.thebestsocial.media\\\/de\\\/\"},{\"@type\":\"ListItem\",\"position\":2,\"name\":\"J\u00f6rg Meuthen tritt aus der AfD aus und das Netz reagiert auf die einzig angemessene Weise\"}]},{\"@type\":\"WebSite\",\"@id\":\"https:\\\/\\\/www.thebestsocial.media\\\/de\\\/#website\",\"url\":\"https:\\\/\\\/www.thebestsocial.media\\\/de\\\/\",\"name\":\"The Best Social Media DE\",\"description\":\"\",\"potentialAction\":[{\"@type\":\"SearchAction\",\"target\":{\"@type\":\"EntryPoint\",\"urlTemplate\":\"https:\\\/\\\/www.thebestsocial.media\\\/de\\\/?s={search_term_string}\"},\"query-input\":{\"@type\":\"PropertyValueSpecification\",\"valueRequired\":true,\"valueName\":\"search_term_string\"}}],\"inLanguage\":\"de\"},{\"@type\":\"Person\",\"@id\":\"https:\\\/\\\/www.thebestsocial.media\\\/de\\\/#\\\/schema\\\/person\\\/03b8d8d2905b97b499c8e0808b724821\",\"name\":\"Jan\",\"image\":{\"@type\":\"ImageObject\",\"inLanguage\":\"de\",\"@id\":\"https:\\\/\\\/secure.gravatar.com\\\/avatar\\\/6977c5e4d81f2a717dcf76e5e74d7a00b583f3f83a2b00830dedfc799d928343?s=96&d=mm&r=g\",\"url\":\"https:\\\/\\\/secure.gravatar.com\\\/avatar\\\/6977c5e4d81f2a717dcf76e5e74d7a00b583f3f83a2b00830dedfc799d928343?s=96&d=mm&r=g\",\"contentUrl\":\"https:\\\/\\\/secure.gravatar.com\\\/avatar\\\/6977c5e4d81f2a717dcf76e5e74d7a00b583f3f83a2b00830dedfc799d928343?s=96&d=mm&r=g\",\"caption\":\"Jan\"},\"description\":\"Wohnt in M\u00fcnchen, hat aber bis heute keine Ahnung, wie er dort gelandet ist. W\u00fcnscht sich manchmal eine dritte Stimme im Kopf, die ihn davon abh\u00e4lt, auszusprechen, was er gerade denkt. Mag Sport und jeden Kartoffelchip einzeln zu essen. Hasst es, sich auf neue Duschen einstellen zu m\u00fcssen. In einer Beziehung mit Social Media \u2013 aber es ist kompliziert.\",\"url\":\"https:\\\/\\\/www.thebestsocial.media\\\/de\\\/author\\\/janhorstkoetter\\\/\"}]}<\/script>\n<!-- \/ Yoast SEO plugin. -->","yoast_head_json":{"title":"J\u00f6rg Meuthen tritt aus der AfD aus und das Netz reagiert angemessen","robots":{"index":"index","follow":"follow","max-snippet":"max-snippet:-1","max-image-preview":"max-image-preview:large","max-video-preview":"max-video-preview:-1"},"canonical":"https:\/\/www.thebestsocial.media\/de\/joerg-meuthen-tritt-aus-der-afd-aus-und-das-netz-reagiert-auf-die-einzig-angemessene-weise\/","og_locale":"de_DE","og_type":"article","og_title":"J\u00f6rg Meuthen tritt aus der AfD aus und das Netz reagiert auf die einzig angemessene Weise","og_description":"Seit 2013 war J\u00f6rg Meuthen Mitglied der AfD. 2015 stieg er zum Parteivorsitzenden auf, wurde 2017 Mitglied des EU-Parlaments. Nun tritt er mit sofortiger Wirkung...","og_url":"https:\/\/www.thebestsocial.media\/de\/joerg-meuthen-tritt-aus-der-afd-aus-und-das-netz-reagiert-auf-die-einzig-angemessene-weise\/","og_site_name":"The Best Social Media DE","article_published_time":"2022-01-28T15:10:05+00:00","article_modified_time":"2022-01-28T15:14:43+00:00","og_image":[{"width":1200,"height":630,"url":"https:\/\/www.thebestsocial.media\/de\/wp-content\/uploads\/sites\/3\/2022\/01\/Meutheen-da.png","type":"image\/png"}],"author":"Jan","twitter_card":"summary_large_image","twitter_title":"J\u00f6rg Meuthen tritt aus der AfD aus und das Netz reagiert auf die einzig angemessene Weise","twitter_image":"https:\/\/www.thebestsocial.media\/de\/wp-content\/uploads\/sites\/3\/2022\/01\/Meutheen-da.png","twitter_misc":{"Verfasst von":"Jan","Gesch\u00e4tzte Lesezeit":"3\u00a0Minuten"},"schema":{"@context":"https:\/\/schema.org","@graph":[{"@type":"Article","@id":"https:\/\/www.thebestsocial.media\/de\/joerg-meuthen-tritt-aus-der-afd-aus-und-das-netz-reagiert-auf-die-einzig-angemessene-weise\/#article","isPartOf":{"@id":"https:\/\/www.thebestsocial.media\/de\/joerg-meuthen-tritt-aus-der-afd-aus-und-das-netz-reagiert-auf-die-einzig-angemessene-weise\/"},"author":{"name":"Jan","@id":"https:\/\/www.thebestsocial.media\/de\/#\/schema\/person\/03b8d8d2905b97b499c8e0808b724821"},"headline":"J\u00f6rg Meuthen tritt aus der AfD aus und das Netz reagiert auf die einzig angemessene Weise","datePublished":"2022-01-28T15:10:05+00:00","dateModified":"2022-01-28T15:14:43+00:00","mainEntityOfPage":{"@id":"https:\/\/www.thebestsocial.media\/de\/joerg-meuthen-tritt-aus-der-afd-aus-und-das-netz-reagiert-auf-die-einzig-angemessene-weise\/"},"wordCount":522,"commentCount":0,"image":{"@id":"https:\/\/www.thebestsocial.media\/de\/joerg-meuthen-tritt-aus-der-afd-aus-und-das-netz-reagiert-auf-die-einzig-angemessene-weise\/#primaryimage"},"thumbnailUrl":"https:\/\/www.thebestsocial.media\/de\/wp-content\/uploads\/sites\/3\/2022\/01\/Header-Meuth.jpg","keywords":["AfD","Meuthen"],"articleSection":["Community","Twitter"],"inLanguage":"de","potentialAction":[{"@type":"CommentAction","name":"Comment","target":["https:\/\/www.thebestsocial.media\/de\/joerg-meuthen-tritt-aus-der-afd-aus-und-das-netz-reagiert-auf-die-einzig-angemessene-weise\/#respond"]}]},{"@type":"WebPage","@id":"https:\/\/www.thebestsocial.media\/de\/joerg-meuthen-tritt-aus-der-afd-aus-und-das-netz-reagiert-auf-die-einzig-angemessene-weise\/","url":"https:\/\/www.thebestsocial.media\/de\/joerg-meuthen-tritt-aus-der-afd-aus-und-das-netz-reagiert-auf-die-einzig-angemessene-weise\/","name":"J\u00f6rg Meuthen tritt aus der AfD aus und das Netz reagiert angemessen","isPartOf":{"@id":"https:\/\/www.thebestsocial.media\/de\/#website"},"primaryImageOfPage":{"@id":"https:\/\/www.thebestsocial.media\/de\/joerg-meuthen-tritt-aus-der-afd-aus-und-das-netz-reagiert-auf-die-einzig-angemessene-weise\/#primaryimage"},"image":{"@id":"https:\/\/www.thebestsocial.media\/de\/joerg-meuthen-tritt-aus-der-afd-aus-und-das-netz-reagiert-auf-die-einzig-angemessene-weise\/#primaryimage"},"thumbnailUrl":"https:\/\/www.thebestsocial.media\/de\/wp-content\/uploads\/sites\/3\/2022\/01\/Header-Meuth.jpg","datePublished":"2022-01-28T15:10:05+00:00","dateModified":"2022-01-28T15:14:43+00:00","author":{"@id":"https:\/\/www.thebestsocial.media\/de\/#\/schema\/person\/03b8d8d2905b97b499c8e0808b724821"},"breadcrumb":{"@id":"https:\/\/www.thebestsocial.media\/de\/joerg-meuthen-tritt-aus-der-afd-aus-und-das-netz-reagiert-auf-die-einzig-angemessene-weise\/#breadcrumb"},"inLanguage":"de","potentialAction":[{"@type":"ReadAction","target":["https:\/\/www.thebestsocial.media\/de\/joerg-meuthen-tritt-aus-der-afd-aus-und-das-netz-reagiert-auf-die-einzig-angemessene-weise\/"]}]},{"@type":"ImageObject","inLanguage":"de","@id":"https:\/\/www.thebestsocial.media\/de\/joerg-meuthen-tritt-aus-der-afd-aus-und-das-netz-reagiert-auf-die-einzig-angemessene-weise\/#primaryimage","url":"https:\/\/www.thebestsocial.media\/de\/wp-content\/uploads\/sites\/3\/2022\/01\/Header-Meuth.jpg","contentUrl":"https:\/\/www.thebestsocial.media\/de\/wp-content\/uploads\/sites\/3\/2022\/01\/Header-Meuth.jpg","width":2048,"height":1152},{"@type":"BreadcrumbList","@id":"https:\/\/www.thebestsocial.media\/de\/joerg-meuthen-tritt-aus-der-afd-aus-und-das-netz-reagiert-auf-die-einzig-angemessene-weise\/#breadcrumb","itemListElement":[{"@type":"ListItem","position":1,"name":"Home","item":"https:\/\/www.thebestsocial.media\/de\/"},{"@type":"ListItem","position":2,"name":"J\u00f6rg Meuthen tritt aus der AfD aus und das Netz reagiert auf die einzig angemessene Weise"}]},{"@type":"WebSite","@id":"https:\/\/www.thebestsocial.media\/de\/#website","url":"https:\/\/www.thebestsocial.media\/de\/","name":"The Best Social Media DE","description":"","potentialAction":[{"@type":"SearchAction","target":{"@type":"EntryPoint","urlTemplate":"https:\/\/www.thebestsocial.media\/de\/?s={search_term_string}"},"query-input":{"@type":"PropertyValueSpecification","valueRequired":true,"valueName":"search_term_string"}}],"inLanguage":"de"},{"@type":"Person","@id":"https:\/\/www.thebestsocial.media\/de\/#\/schema\/person\/03b8d8d2905b97b499c8e0808b724821","name":"Jan","image":{"@type":"ImageObject","inLanguage":"de","@id":"https:\/\/secure.gravatar.com\/avatar\/6977c5e4d81f2a717dcf76e5e74d7a00b583f3f83a2b00830dedfc799d928343?s=96&d=mm&r=g","url":"https:\/\/secure.gravatar.com\/avatar\/6977c5e4d81f2a717dcf76e5e74d7a00b583f3f83a2b00830dedfc799d928343?s=96&d=mm&r=g","contentUrl":"https:\/\/secure.gravatar.com\/avatar\/6977c5e4d81f2a717dcf76e5e74d7a00b583f3f83a2b00830dedfc799d928343?s=96&d=mm&r=g","caption":"Jan"},"description":"Wohnt in M\u00fcnchen, hat aber bis heute keine Ahnung, wie er dort gelandet ist. W\u00fcnscht sich manchmal eine dritte Stimme im Kopf, die ihn davon abh\u00e4lt, auszusprechen, was er gerade denkt. Mag Sport und jeden Kartoffelchip einzeln zu essen. Hasst es, sich auf neue Duschen einstellen zu m\u00fcssen. In einer Beziehung mit Social Media \u2013 aber es ist kompliziert.","url":"https:\/\/www.thebestsocial.media\/de\/author\/janhorstkoetter\/"}]}},"amp_enabled":true,"_links":{"self":[{"href":"https:\/\/www.thebestsocial.media\/de\/wp-json\/wp\/v2\/posts\/156419","targetHints":{"allow":["GET"]}}],"collection":[{"href":"https:\/\/www.thebestsocial.media\/de\/wp-json\/wp\/v2\/posts"}],"about":[{"href":"https:\/\/www.thebestsocial.media\/de\/wp-json\/wp\/v2\/types\/post"}],"author":[{"embeddable":true,"href":"https:\/\/www.thebestsocial.media\/de\/wp-json\/wp\/v2\/users\/65"}],"replies":[{"embeddable":true,"href":"https:\/\/www.thebestsocial.media\/de\/wp-json\/wp\/v2\/comments?post=156419"}],"version-history":[{"count":7,"href":"https:\/\/www.thebestsocial.media\/de\/wp-json\/wp\/v2\/posts\/156419\/revisions"}],"predecessor-version":[{"id":156441,"href":"https:\/\/www.thebestsocial.media\/de\/wp-json\/wp\/v2\/posts\/156419\/revisions\/156441"}],"wp:featuredmedia":[{"embeddable":true,"href":"https:\/\/www.thebestsocial.media\/de\/wp-json\/wp\/v2\/media\/156432"}],"wp:attachment":[{"href":"https:\/\/www.thebestsocial.media\/de\/wp-json\/wp\/v2\/media?parent=156419"}],"wp:term":[{"taxonomy":"category","embeddable":true,"href":"https:\/\/www.thebestsocial.media\/de\/wp-json\/wp\/v2\/categories?post=156419"},{"taxonomy":"post_tag","embeddable":true,"href":"https:\/\/www.thebestsocial.media\/de\/wp-json\/wp\/v2\/tags?post=156419"}],"curies":[{"name":"wp","href":"https:\/\/api.w.org\/{rel}","templated":true}]}}