{"id":156327,"date":"2022-01-28T11:18:14","date_gmt":"2022-01-28T11:18:14","guid":{"rendered":"https:\/\/www.thebestsocial.media\/de\/?p=156327"},"modified":"2022-08-01T15:24:03","modified_gmt":"2022-08-01T15:24:03","slug":"mario-bart-comedian-nicht-lustig-mariobarth-lachen-humor-standup","status":"publish","type":"post","link":"https:\/\/www.thebestsocial.media\/de\/mario-bart-comedian-nicht-lustig-mariobarth-lachen-humor-standup\/","title":{"rendered":"Einige Menschen k\u00f6nnen \u00fcber Mario Barth einfach nicht lachen: 15 Personen, bei denen das der Fall ist"},"content":{"rendered":"<p>Wollen wir die Einleitung wirklich mit einem &#8222;Kennte? Kennste?&#8220;-Witz beginnen? Mario Barth kennt <a href=\"https:\/\/www.thebestsocial.media\/de\/sag-mir-dass-du-in-deutschland-lebst-ohne-mir-zu-sagen-dass-du-in-deutschland-lebst\/\" rel=\"noopener\" target=\"_blank\">in Deutschland<\/a> vermutlich jeder. Aber das hei\u00dft nicht unbedingt, dass ihn auch jeder witzig findet. Vermutlich ist die Anzahl der Menschen, die Mario Barth witzig finden, deutlich in der Unterzahl. Wir haben mal 15 Beispiele herausgesucht, die eher weniger \u00fcber den &#8222;Comedian&#8220; lachen k\u00f6nnen.<br \/>\n&nbsp;<br \/>\n<em>Kennste, kennste schon die Geschichte, <a href=\"https:\/\/www.thebestsocial.media\/de\/mario-barth-zug-maske-deutsche-bahn-db-verwiesen-corona\/\" rel=\"noopener\" target=\"_blank\">wie Mario Barth aus einem Zug geworfen wurde?<\/a><\/em><br \/>\n&nbsp;<br \/>\n<strong>1. Treffer, versenkt!<\/strong><\/p>\n<blockquote class=\"twitter-tweet\">\n<p lang=\"de\" dir=\"ltr\">Gerade meinte der Headautor von Mario Barth auf Facebook zu mir ich w\u00fcrde ein erb\u00e4rmliches Leben f\u00fchren.<\/p>\n<p>Dude, ich wei\u00df nicht wie ich es dir schonend beibringen soll, aber DU SCHREIBST F\u00dcR MARIO BARTH!<\/p>\n<p>&mdash; Quattromilf (@ebonyplusirony) <a href=\"https:\/\/twitter.com\/ebonyplusirony\/status\/1486776706878816262?ref_src=twsrc%5Etfw\">January 27, 2022<\/a><\/p><\/blockquote>\n<p> <script async src=\"https:\/\/platform.twitter.com\/widgets.js\" charset=\"utf-8\"><\/script><br \/>\n&nbsp;<br \/>\n<strong>2. Und vielleicht auch bei seiner Freundin?<\/strong><\/p>\n<blockquote class=\"twitter-tweet\">\n<p lang=\"de\" dir=\"ltr\">&quot;Mario Barth muss sich f\u00fcr einen geschmacklosen Witz entschuldigen&quot;<\/p>\n<p>Einen? Hunderte! HUNDERTE!<\/p>\n<p>&mdash; Nicht Chevy Chase (@DrWaumiau) <a href=\"https:\/\/twitter.com\/DrWaumiau\/status\/976325980183842816?ref_src=twsrc%5Etfw\">March 21, 2018<\/a><\/p><\/blockquote>\n<p> <script async src=\"https:\/\/platform.twitter.com\/widgets.js\" charset=\"utf-8\"><\/script><br \/>\n&nbsp;<br \/>\n<strong>3. Bitter!<\/strong><\/p>\n<blockquote class=\"twitter-tweet\">\n<p lang=\"de\" dir=\"ltr\">Stell dir vor, dein &quot;Humor&quot; ist so daneben, dass sogar Mario Barth dich kritisiert. <a href=\"https:\/\/t.co\/18MZGSLI5s\">pic.twitter.com\/18MZGSLI5s<\/a><\/p>\n<p>&mdash; Schmiddi-Cringe-Junior (@HerrVanBohm) <a href=\"https:\/\/twitter.com\/HerrVanBohm\/status\/1199643299855949826?ref_src=twsrc%5Etfw\">November 27, 2019<\/a><\/p><\/blockquote>\n<p> <script async src=\"https:\/\/platform.twitter.com\/widgets.js\" charset=\"utf-8\"><\/script><br \/>\n&nbsp;<br \/>\n<strong>4. Donald Trump gef\u00e4llt das<\/strong><\/p>\n<blockquote class=\"twitter-tweet\">\n<p lang=\"de\" dir=\"ltr\">Bei manchen gro\u00dfen Accounts denke ich mir: <br \/>WTF, warum hast du mit dem Schei\u00df, den du so von dir gibst so viele Follower? <br \/>Aber dann f\u00e4llt mir ein, dass Mario Barth das Olympistadion gef\u00fchlt hat, Chris Tall extrem erfolgreich ist und Menschen wohl einfach auf Vollhonks stehen.<\/p>\n<p>&mdash; Mariella aka GMTK (@giannamariella) <a href=\"https:\/\/twitter.com\/giannamariella\/status\/1194535748999012352?ref_src=twsrc%5Etfw\">November 13, 2019<\/a><\/p><\/blockquote>\n<p> <script async src=\"https:\/\/platform.twitter.com\/widgets.js\" charset=\"utf-8\"><\/script><br \/>\n&nbsp;<br \/>\n<strong>5. Oh bitte nicht nochmal &#8230;<\/strong><\/p>\n<blockquote class=\"twitter-tweet\">\n<p lang=\"de\" dir=\"ltr\">Immer besonders G\u00e4nsehaut wenn hier son Schniedel mit Genderjokes kommt. \u201eWarum hei\u00dft es Tisch und nicht Tischinnen?\u201c okee Jason wir hams verstanden du willst Mario Barth endlich wieder im Olympia Stadion sehen.<\/p>\n<p>&mdash; Aurel \u2604\ufe0f (@aurelmertz) <a href=\"https:\/\/twitter.com\/aurelmertz\/status\/1370111519606894593?ref_src=twsrc%5Etfw\">March 11, 2021<\/a><\/p><\/blockquote>\n<p> <script async src=\"https:\/\/platform.twitter.com\/widgets.js\" charset=\"utf-8\"><\/script><br \/>\n&nbsp;<br \/>\n<strong>6. \u00dcberraschung!<\/strong><\/p>\n<blockquote class=\"twitter-tweet\">\n<p lang=\"de\" dir=\"ltr\">Mario Barth deckt auf.<\/p>\n<p>Heute: Wie man in 21 Minuten einen Vollidioten erkennen kann. <a href=\"https:\/\/t.co\/zKImf1kD3Y\">pic.twitter.com\/zKImf1kD3Y<\/a><\/p>\n<p>&mdash; Thomas Poppe (@DerPoppe) <a href=\"https:\/\/twitter.com\/DerPoppe\/status\/1293598409606213634?ref_src=twsrc%5Etfw\">August 12, 2020<\/a><\/p><\/blockquote>\n<p> <script async src=\"https:\/\/platform.twitter.com\/widgets.js\" charset=\"utf-8\"><\/script><br \/>\n&nbsp;<br \/>\n<strong>7. Kennste die? Kennste? Kennste?<\/strong><\/p>\n<blockquote class=\"twitter-tweet\">\n<p lang=\"de\" dir=\"ltr\">Leute, die &quot;Ich trinke meinen Kaffee schwarz &#8211; wie meine Seele&quot; sagen, sagen auch:<\/p>\n<p>&#8211; Schatz, ich habe uns 2 Karten f\u00fcr Mario Barth besorgt<br \/>&#8211; Wieso? Der ist doch lustig<br \/>&#8211; Kennste? Kennste??<br \/>&#8211; Schatz, jetzt lach doch mal<br \/>&#8211; Schatz, wohin gehst du<br \/>&#8211; Schatz, was willst du mit der Axt<\/p>\n<p>&mdash; ppprs (@Ueberschwall) <a href=\"https:\/\/twitter.com\/Ueberschwall\/status\/1009484610672177152?ref_src=twsrc%5Etfw\">June 20, 2018<\/a><\/p><\/blockquote>\n<p> <script async src=\"https:\/\/platform.twitter.com\/widgets.js\" charset=\"utf-8\"><\/script><br \/>\n&nbsp;<br \/>\n<strong>8. Da hat er mal wieder aufgedeckt &#8230;<\/strong><\/p>\n<blockquote class=\"twitter-tweet\">\n<p lang=\"de\" dir=\"ltr\">L\u00fcgenpresse!!!!!! Die <a href=\"https:\/\/twitter.com\/hashtag\/Lufthansa?src=hash&amp;ref_src=twsrc%5Etfw\">#Lufthansa<\/a>-Piloten streiken doch gar nicht!!!!! Mario Barth hat gerade ein Flugzeug am Himmel gesehen.<\/p>\n<p>&mdash; extra3 (@extra3) <a href=\"https:\/\/twitter.com\/extra3\/status\/803601443336974336?ref_src=twsrc%5Etfw\">November 29, 2016<\/a><\/p><\/blockquote>\n<p> <script async src=\"https:\/\/platform.twitter.com\/widgets.js\" charset=\"utf-8\"><\/script><br \/>\n&nbsp;<br \/>\n<strong>9. Das k\u00f6nnte TATS\u00c4CHLICH funktionieren<\/strong><\/p>\n<blockquote class=\"twitter-tweet\">\n<p lang=\"de\" dir=\"ltr\">Ich bin mir ziemlich sicher, dass man schnell reich werden w\u00fcrde, wenn man bestimmte Leute entf\u00fchrt und Geld daf\u00fcr verlangt, sie NICHT wieder freizulassen.<br \/>Zum Beispiel:<br \/>&#8211; den Seitenbacher-Mann<br \/>&#8211; die Frau von der Fluege-Werbung<br \/>&#8211; die Check24-Familie<br \/>&#8211; Mario Barth<\/p>\n<p>&mdash; Shiny (@Shiny1jux) <a href=\"https:\/\/twitter.com\/Shiny1jux\/status\/981198068241588224?ref_src=twsrc%5Etfw\">April 3, 2018<\/a><\/p><\/blockquote>\n<p> <script async src=\"https:\/\/platform.twitter.com\/widgets.js\" charset=\"utf-8\"><\/script><br \/>\n&nbsp;<br \/>\n<strong>10. Damit k\u00f6nnte er doch glatt im Olympiastadion auftreten<\/strong><\/p>\n<blockquote class=\"twitter-tweet\">\n<p lang=\"de\" dir=\"ltr\">abschlussfeier, ich muss rede halten<\/p>\n<p>schulleiter: \u201evergiss nicht die danksagungen\u201c<\/p>\n<p>ich: \u201ealso als erstes m\u00f6chte ich dem boden danken ohne den ich nie hier stehen w\u00fcrde \ud83d\ude02\ud83d\ude02\ud83d\ude02\ud83d\ude02\ud83e\udd23\ud83e\udd23\ud83d\udc4c\ud83d\udc4c\u201c<\/p>\n<p>mario barth kommt rein und gibt mir den titel als gr\u00f6\u00dfte comedy legende<\/p>\n<p>&mdash; mok \u2744 (@mokoffiziell) <a href=\"https:\/\/twitter.com\/mokoffiziell\/status\/1019669224237752326?ref_src=twsrc%5Etfw\">July 18, 2018<\/a><\/p><\/blockquote>\n<p> <script async src=\"https:\/\/platform.twitter.com\/widgets.js\" charset=\"utf-8\"><\/script><br \/>\n&nbsp;<br \/>\n<strong>11. Frage f\u00fcr einen Freund<\/strong><\/p>\n<blockquote class=\"twitter-tweet\">\n<p lang=\"de\" dir=\"ltr\">&quot;Laut einer Umfrage ist Oliver Pocher der unlustigste Comedian.&quot;<\/p>\n<p>Ist Mario Barth was zugesto\u00dfen?<\/p>\n<p>&mdash; Rebel (@rebel_berlin) <a href=\"https:\/\/twitter.com\/rebel_berlin\/status\/670230649316515840?ref_src=twsrc%5Etfw\">November 27, 2015<\/a><\/p><\/blockquote>\n<p> <script async src=\"https:\/\/platform.twitter.com\/widgets.js\" charset=\"utf-8\"><\/script><br \/>\n&nbsp;<br \/>\n<strong>12. Das ist doch mal ein passendes Tattoo-Motiv!<\/strong><\/p>\n<blockquote class=\"twitter-tweet\">\n<p lang=\"de\" dir=\"ltr\">Es gibt wahrlich nicht viel, dass ich im Leben erreicht habe oder auf das ich stolz zur\u00fcckblicken k\u00f6nnte. Umso gl\u00fccklicher macht mich die Feststellung, dass Mario Barth mich auf Facebook blockiert hat. Und das anscheinend schon seit L\u00e4ngerem!<\/p>\n<p>&mdash; Lorenz Meyer (@shengfui) <a href=\"https:\/\/twitter.com\/shengfui\/status\/1425730613504528386?ref_src=twsrc%5Etfw\">August 12, 2021<\/a><\/p><\/blockquote>\n<p> <script async src=\"https:\/\/platform.twitter.com\/widgets.js\" charset=\"utf-8\"><\/script><br \/>\n&nbsp;<br \/>\n<strong>13. Und? UND? Machen sie es? <\/strong><\/p>\n<blockquote class=\"twitter-tweet\">\n<p lang=\"de\" dir=\"ltr\">Mail von RTL bekommen. Die w\u00fcrden mich gerne dauerhaft einstellen.<\/p>\n<p>Habe geantwortet, daf\u00fcr m\u00fcssten sie erstmal dauerhaft die Mario Barth Shows einstellen.<\/p>\n<p>&mdash; Marie von den Benken (@Regendelfin) <a href=\"https:\/\/twitter.com\/Regendelfin\/status\/1328690410965901314?ref_src=twsrc%5Etfw\">November 17, 2020<\/a><\/p><\/blockquote>\n<p> <script async src=\"https:\/\/platform.twitter.com\/widgets.js\" charset=\"utf-8\"><\/script><br \/>\n&nbsp;<br \/>\n<strong>14. Muss einfach auch mal gesagt werden<\/strong><\/p>\n<blockquote class=\"twitter-tweet\">\n<p lang=\"de\" dir=\"ltr\">Ich wei\u00df, es gibt gr\u00f6\u00dfere Probleme. Trotzdem:<br \/>&quot;nen&quot; ist akzeptabel als Kurzform f\u00fcr &quot;einen&quot;, nicht f\u00fcr &quot;ein&quot;. <br \/>&quot;Ich hab &#39;nen Hund&quot; ist ok. &quot;Ein Hund kam in die K\u00fcche&quot; auch. &quot;Nen Hund kam in die K\u00fcche&quot; sollte bestraft werden, im Wiederholungsfall mit bis zu 2h Mario Barth.<\/p>\n<p>&mdash; Florian Aigner (@florianaigner) <a href=\"https:\/\/twitter.com\/florianaigner\/status\/1376960007997157377?ref_src=twsrc%5Etfw\">March 30, 2021<\/a><\/p><\/blockquote>\n<p> <script async src=\"https:\/\/platform.twitter.com\/widgets.js\" charset=\"utf-8\"><\/script><br \/>\n&nbsp;<br \/>\n<strong>15. This!<\/strong><\/p>\n<blockquote class=\"twitter-tweet\">\n<p lang=\"de\" dir=\"ltr\">Seit Mario Barth Werbung f\u00fcr Verivox macht, kann ich mir die Check24-Familie fast als Nachbarn vorstellen.<\/p>\n<p>&mdash; Herr Brause (@herrbrause) <a href=\"https:\/\/twitter.com\/herrbrause\/status\/924752253633867777?ref_src=twsrc%5Etfw\">October 29, 2017<\/a><\/p><\/blockquote>\n<p> <script async src=\"https:\/\/platform.twitter.com\/widgets.js\" charset=\"utf-8\"><\/script><br \/>\n&nbsp;<br \/>\n___<br \/>\nVielen Dank an alle f\u00fcr die Posts.<br \/>\n___<br \/>\nKeine Influencer! Kein Foodporn! Nur ganz viel Spa\u00df \u2013 bei uns auf Instagram:<\/p>\n<blockquote class=\"instagram-media\" style=\"background: #FFF; border: 0; border-radius: 3px; box-shadow: 0 0 1px 0 rgba(0,0,0,0.5),0 1px 10px 0 rgba(0,0,0,0.15); margin: 1px; max-width: 540px; min-width: 326px; padding: 0; width: calc(100% - 2px);\" data-instgrm-captioned=\"\" data-instgrm-permalink=\"https:\/\/www.instagram.com\/p\/Cgj-P8TqdzA\/?utm_source=ig_embed&amp;utm_campaign=loading\" data-instgrm-version=\"14\">\n<div style=\"padding: 16px;\">\n<p>&nbsp;<\/p>\n<div style=\"display: flex; flex-direction: row; align-items: center;\">\n<div style=\"background-color: #f4f4f4; border-radius: 50%; flex-grow: 0; height: 40px; margin-right: 14px; width: 40px;\"><\/div>\n<div style=\"display: flex; flex-direction: column; flex-grow: 1; justify-content: center;\">\n<div style=\"background-color: #f4f4f4; border-radius: 4px; flex-grow: 0; height: 14px; margin-bottom: 6px; width: 100px;\"><\/div>\n<div style=\"background-color: #f4f4f4; border-radius: 4px; flex-grow: 0; height: 14px; width: 60px;\"><\/div>\n<\/div>\n<\/div>\n<div style=\"padding: 19% 0;\"><\/div>\n<div style=\"display: block; height: 50px; margin: 0 auto 12px; width: 50px;\"><\/div>\n<div style=\"padding-top: 8px;\">\n<div style=\"color: #3897f0; font-family: Arial,sans-serif; font-size: 14px; font-style: normal; font-weight: 550; line-height: 18px;\">View this post on Instagram<\/div>\n<\/div>\n<div style=\"padding: 12.5% 0;\"><\/div>\n<div style=\"display: flex; flex-direction: row; margin-bottom: 14px; align-items: center;\">\n<div>\n<div style=\"background-color: #f4f4f4; border-radius: 50%; height: 12.5px; width: 12.5px; transform: translateX(0px) translateY(7px);\"><\/div>\n<div style=\"background-color: #f4f4f4; height: 12.5px; transform: rotate(-45deg) translateX(3px) translateY(1px); width: 12.5px; flex-grow: 0; margin-right: 14px; margin-left: 2px;\"><\/div>\n<div style=\"background-color: #f4f4f4; border-radius: 50%; height: 12.5px; width: 12.5px; transform: translateX(9px) translateY(-18px);\"><\/div>\n<\/div>\n<div style=\"margin-left: 8px;\">\n<div style=\"background-color: #f4f4f4; border-radius: 50%; flex-grow: 0; height: 20px; width: 20px;\"><\/div>\n<div style=\"width: 0; height: 0; border-top: 2px solid transparent; border-left: 6px solid #f4f4f4; border-bottom: 2px solid transparent; transform: translateX(16px) translateY(-4px) rotate(30deg);\"><\/div>\n<\/div>\n<div style=\"margin-left: auto;\">\n<div style=\"width: 0px; border-top: 8px solid #F4F4F4; border-right: 8px solid transparent; transform: translateY(16px);\"><\/div>\n<div style=\"background-color: #f4f4f4; flex-grow: 0; height: 12px; width: 16px; transform: translateY(-4px);\"><\/div>\n<div style=\"width: 0; height: 0; border-top: 8px solid #F4F4F4; border-left: 8px solid transparent; transform: translateY(-4px) translateX(8px);\"><\/div>\n<\/div>\n<\/div>\n<div style=\"display: flex; flex-direction: column; flex-grow: 1; justify-content: center; margin-bottom: 24px;\">\n<div style=\"background-color: #f4f4f4; border-radius: 4px; flex-grow: 0; height: 14px; margin-bottom: 6px; width: 224px;\"><\/div>\n<div style=\"background-color: #f4f4f4; border-radius: 4px; flex-grow: 0; height: 14px; width: 144px;\"><\/div>\n<\/div>\n<p>&nbsp;<\/p>\n<p style=\"color: #c9c8cd; font-family: Arial,sans-serif; font-size: 14px; line-height: 17px; margin-bottom: 0; margin-top: 8px; overflow: hidden; padding: 8px 0 7px; text-align: center; text-overflow: ellipsis; white-space: nowrap;\"><a style=\"color: #c9c8cd; font-family: Arial,sans-serif; font-size: 14px; font-style: normal; font-weight: normal; line-height: 17px; text-decoration: none;\" href=\"https:\/\/www.instagram.com\/p\/Cgj-P8TqdzA\/?utm_source=ig_embed&amp;utm_campaign=loading\" target=\"_blank\" rel=\"noopener\">A post shared by The Best Social Media &#8211; DE (@thebestsocialmediade)<\/a><\/p>\n<\/div>\n<\/blockquote>\n\n<script async defer src=\"\/instagram-embed.js\"><\/script>","protected":false},"excerpt":{"rendered":"<p>Wollen wir die Einleitung wirklich mit einem &#8222;Kennte? Kennste?&#8220;-Witz beginnen? Mario Barth kennt in Deutschland vermutlich jeder. Aber das hei\u00dft nicht unbedingt, dass ihn auch&#8230;<\/p>\n","protected":false},"author":65,"featured_media":164042,"comment_status":"open","ping_status":"open","sticky":false,"template":"","format":"standard","meta":{"_acf_changed":false,"footnotes":""},"categories":[1717,1728,35],"tags":[2654,1374,4289],"class_list":["post-156327","post","type-post","status-publish","format-standard","has-post-thumbnail","hentry","category-community","category-humor","category-twitter","tag-comedian","tag-humor","tag-mario-barth"],"acf":[],"yoast_head":"<!-- This site is optimized with the Yoast SEO plugin v27.5 - https:\/\/yoast.com\/product\/yoast-seo-wordpress\/ -->\n<title>15 Menschen, die \u00fcber Mario Barth einfach nicht lachen k\u00f6nnen<\/title>\n<meta name=\"description\" content=\"Mario Barth polarisiert. Einige k\u00f6nnen \u00fcber ihn so gar nicht lachen und andere k\u00f6nnen \u00fcber ihn auch kaum lachen.\" \/>\n<meta name=\"robots\" content=\"index, follow, max-snippet:-1, max-image-preview:large, max-video-preview:-1\" \/>\n<link rel=\"canonical\" href=\"https:\/\/www.thebestsocial.media\/de\/mario-bart-comedian-nicht-lustig-mariobarth-lachen-humor-standup\/\" \/>\n<meta property=\"og:locale\" content=\"de_DE\" \/>\n<meta property=\"og:type\" content=\"article\" \/>\n<meta property=\"og:title\" content=\"15 Menschen, die \u00fcber Mario Barth einfach nicht lachen k\u00f6nnen\" \/>\n<meta property=\"og:description\" content=\"Mario Barth polarisiert. Einige k\u00f6nnen \u00fcber ihn so gar nicht lachen und andere k\u00f6nnen \u00fcber ihn auch kaum lachen.\" \/>\n<meta property=\"og:url\" content=\"https:\/\/www.thebestsocial.media\/de\/mario-bart-comedian-nicht-lustig-mariobarth-lachen-humor-standup\/\" \/>\n<meta property=\"og:site_name\" content=\"The Best Social Media DE\" \/>\n<meta property=\"article:published_time\" content=\"2022-01-28T11:18:14+00:00\" \/>\n<meta property=\"article:modified_time\" content=\"2022-08-01T15:24:03+00:00\" \/>\n<meta property=\"og:image\" content=\"https:\/\/www.thebestsocial.media\/de\/wp-content\/uploads\/sites\/3\/2022\/01\/MArio-FB.png\" \/>\n\t<meta property=\"og:image:width\" content=\"1200\" \/>\n\t<meta property=\"og:image:height\" content=\"630\" \/>\n\t<meta property=\"og:image:type\" content=\"image\/png\" \/>\n<meta name=\"author\" content=\"Jan\" \/>\n<meta name=\"twitter:card\" content=\"summary_large_image\" \/>\n<meta name=\"twitter:title\" content=\"15 Menschen, die Mario Barth jetzt nicht soooo lustig finden\" \/>\n<meta name=\"twitter:image\" content=\"https:\/\/www.thebestsocial.media\/de\/wp-content\/uploads\/sites\/3\/2022\/01\/mario-b.png\" \/>\n<meta name=\"twitter:label1\" content=\"Verfasst von\" \/>\n\t<meta name=\"twitter:data1\" content=\"Jan\" \/>\n\t<meta name=\"twitter:label2\" content=\"Gesch\u00e4tzte Lesezeit\" \/>\n\t<meta name=\"twitter:data2\" content=\"4\u00a0Minuten\" \/>\n<script type=\"application\/ld+json\" class=\"yoast-schema-graph\">{\"@context\":\"https:\\\/\\\/schema.org\",\"@graph\":[{\"@type\":\"Article\",\"@id\":\"https:\\\/\\\/www.thebestsocial.media\\\/de\\\/mario-bart-comedian-nicht-lustig-mariobarth-lachen-humor-standup\\\/#article\",\"isPartOf\":{\"@id\":\"https:\\\/\\\/www.thebestsocial.media\\\/de\\\/mario-bart-comedian-nicht-lustig-mariobarth-lachen-humor-standup\\\/\"},\"author\":{\"name\":\"Jan\",\"@id\":\"https:\\\/\\\/www.thebestsocial.media\\\/de\\\/#\\\/schema\\\/person\\\/03b8d8d2905b97b499c8e0808b724821\"},\"headline\":\"Einige Menschen k\u00f6nnen \u00fcber Mario Barth einfach nicht lachen: 15 Personen, bei denen das der Fall ist\",\"datePublished\":\"2022-01-28T11:18:14+00:00\",\"dateModified\":\"2022-08-01T15:24:03+00:00\",\"mainEntityOfPage\":{\"@id\":\"https:\\\/\\\/www.thebestsocial.media\\\/de\\\/mario-bart-comedian-nicht-lustig-mariobarth-lachen-humor-standup\\\/\"},\"wordCount\":780,\"commentCount\":0,\"image\":{\"@id\":\"https:\\\/\\\/www.thebestsocial.media\\\/de\\\/mario-bart-comedian-nicht-lustig-mariobarth-lachen-humor-standup\\\/#primaryimage\"},\"thumbnailUrl\":\"https:\\\/\\\/www.thebestsocial.media\\\/de\\\/wp-content\\\/uploads\\\/sites\\\/3\\\/2022\\\/01\\\/COmed.jpg\",\"keywords\":[\"Comedian\",\"humor\",\"Mario Barth\"],\"articleSection\":[\"Community\",\"Humor\",\"Twitter\"],\"inLanguage\":\"de\",\"potentialAction\":[{\"@type\":\"CommentAction\",\"name\":\"Comment\",\"target\":[\"https:\\\/\\\/www.thebestsocial.media\\\/de\\\/mario-bart-comedian-nicht-lustig-mariobarth-lachen-humor-standup\\\/#respond\"]}]},{\"@type\":\"WebPage\",\"@id\":\"https:\\\/\\\/www.thebestsocial.media\\\/de\\\/mario-bart-comedian-nicht-lustig-mariobarth-lachen-humor-standup\\\/\",\"url\":\"https:\\\/\\\/www.thebestsocial.media\\\/de\\\/mario-bart-comedian-nicht-lustig-mariobarth-lachen-humor-standup\\\/\",\"name\":\"15 Menschen, die \u00fcber Mario Barth einfach nicht lachen k\u00f6nnen\",\"isPartOf\":{\"@id\":\"https:\\\/\\\/www.thebestsocial.media\\\/de\\\/#website\"},\"primaryImageOfPage\":{\"@id\":\"https:\\\/\\\/www.thebestsocial.media\\\/de\\\/mario-bart-comedian-nicht-lustig-mariobarth-lachen-humor-standup\\\/#primaryimage\"},\"image\":{\"@id\":\"https:\\\/\\\/www.thebestsocial.media\\\/de\\\/mario-bart-comedian-nicht-lustig-mariobarth-lachen-humor-standup\\\/#primaryimage\"},\"thumbnailUrl\":\"https:\\\/\\\/www.thebestsocial.media\\\/de\\\/wp-content\\\/uploads\\\/sites\\\/3\\\/2022\\\/01\\\/COmed.jpg\",\"datePublished\":\"2022-01-28T11:18:14+00:00\",\"dateModified\":\"2022-08-01T15:24:03+00:00\",\"author\":{\"@id\":\"https:\\\/\\\/www.thebestsocial.media\\\/de\\\/#\\\/schema\\\/person\\\/03b8d8d2905b97b499c8e0808b724821\"},\"description\":\"Mario Barth polarisiert. Einige k\u00f6nnen \u00fcber ihn so gar nicht lachen und andere k\u00f6nnen \u00fcber ihn auch kaum lachen.\",\"breadcrumb\":{\"@id\":\"https:\\\/\\\/www.thebestsocial.media\\\/de\\\/mario-bart-comedian-nicht-lustig-mariobarth-lachen-humor-standup\\\/#breadcrumb\"},\"inLanguage\":\"de\",\"potentialAction\":[{\"@type\":\"ReadAction\",\"target\":[\"https:\\\/\\\/www.thebestsocial.media\\\/de\\\/mario-bart-comedian-nicht-lustig-mariobarth-lachen-humor-standup\\\/\"]}]},{\"@type\":\"ImageObject\",\"inLanguage\":\"de\",\"@id\":\"https:\\\/\\\/www.thebestsocial.media\\\/de\\\/mario-bart-comedian-nicht-lustig-mariobarth-lachen-humor-standup\\\/#primaryimage\",\"url\":\"https:\\\/\\\/www.thebestsocial.media\\\/de\\\/wp-content\\\/uploads\\\/sites\\\/3\\\/2022\\\/01\\\/COmed.jpg\",\"contentUrl\":\"https:\\\/\\\/www.thebestsocial.media\\\/de\\\/wp-content\\\/uploads\\\/sites\\\/3\\\/2022\\\/01\\\/COmed.jpg\",\"width\":1920,\"height\":1080,\"caption\":\"Mario Barth polarisiert. Einige k\u00f6nnen \u00fcber ihn so gar nicht lachen und andere k\u00f6nnen \u00fcber ihn auch kaum lachen.\"},{\"@type\":\"BreadcrumbList\",\"@id\":\"https:\\\/\\\/www.thebestsocial.media\\\/de\\\/mario-bart-comedian-nicht-lustig-mariobarth-lachen-humor-standup\\\/#breadcrumb\",\"itemListElement\":[{\"@type\":\"ListItem\",\"position\":1,\"name\":\"Home\",\"item\":\"https:\\\/\\\/www.thebestsocial.media\\\/de\\\/\"},{\"@type\":\"ListItem\",\"position\":2,\"name\":\"Einige Menschen k\u00f6nnen \u00fcber Mario Barth einfach nicht lachen: 15 Personen, bei denen das der Fall ist\"}]},{\"@type\":\"WebSite\",\"@id\":\"https:\\\/\\\/www.thebestsocial.media\\\/de\\\/#website\",\"url\":\"https:\\\/\\\/www.thebestsocial.media\\\/de\\\/\",\"name\":\"The Best Social Media DE\",\"description\":\"\",\"potentialAction\":[{\"@type\":\"SearchAction\",\"target\":{\"@type\":\"EntryPoint\",\"urlTemplate\":\"https:\\\/\\\/www.thebestsocial.media\\\/de\\\/?s={search_term_string}\"},\"query-input\":{\"@type\":\"PropertyValueSpecification\",\"valueRequired\":true,\"valueName\":\"search_term_string\"}}],\"inLanguage\":\"de\"},{\"@type\":\"Person\",\"@id\":\"https:\\\/\\\/www.thebestsocial.media\\\/de\\\/#\\\/schema\\\/person\\\/03b8d8d2905b97b499c8e0808b724821\",\"name\":\"Jan\",\"image\":{\"@type\":\"ImageObject\",\"inLanguage\":\"de\",\"@id\":\"https:\\\/\\\/secure.gravatar.com\\\/avatar\\\/6977c5e4d81f2a717dcf76e5e74d7a00b583f3f83a2b00830dedfc799d928343?s=96&d=mm&r=g\",\"url\":\"https:\\\/\\\/secure.gravatar.com\\\/avatar\\\/6977c5e4d81f2a717dcf76e5e74d7a00b583f3f83a2b00830dedfc799d928343?s=96&d=mm&r=g\",\"contentUrl\":\"https:\\\/\\\/secure.gravatar.com\\\/avatar\\\/6977c5e4d81f2a717dcf76e5e74d7a00b583f3f83a2b00830dedfc799d928343?s=96&d=mm&r=g\",\"caption\":\"Jan\"},\"description\":\"Wohnt in M\u00fcnchen, hat aber bis heute keine Ahnung, wie er dort gelandet ist. W\u00fcnscht sich manchmal eine dritte Stimme im Kopf, die ihn davon abh\u00e4lt, auszusprechen, was er gerade denkt. Mag Sport und jeden Kartoffelchip einzeln zu essen. Hasst es, sich auf neue Duschen einstellen zu m\u00fcssen. In einer Beziehung mit Social Media \u2013 aber es ist kompliziert.\",\"url\":\"https:\\\/\\\/www.thebestsocial.media\\\/de\\\/author\\\/janhorstkoetter\\\/\"}]}<\/script>\n<!-- \/ Yoast SEO plugin. -->","yoast_head_json":{"title":"15 Menschen, die \u00fcber Mario Barth einfach nicht lachen k\u00f6nnen","description":"Mario Barth polarisiert. Einige k\u00f6nnen \u00fcber ihn so gar nicht lachen und andere k\u00f6nnen \u00fcber ihn auch kaum lachen.","robots":{"index":"index","follow":"follow","max-snippet":"max-snippet:-1","max-image-preview":"max-image-preview:large","max-video-preview":"max-video-preview:-1"},"canonical":"https:\/\/www.thebestsocial.media\/de\/mario-bart-comedian-nicht-lustig-mariobarth-lachen-humor-standup\/","og_locale":"de_DE","og_type":"article","og_title":"15 Menschen, die \u00fcber Mario Barth einfach nicht lachen k\u00f6nnen","og_description":"Mario Barth polarisiert. Einige k\u00f6nnen \u00fcber ihn so gar nicht lachen und andere k\u00f6nnen \u00fcber ihn auch kaum lachen.","og_url":"https:\/\/www.thebestsocial.media\/de\/mario-bart-comedian-nicht-lustig-mariobarth-lachen-humor-standup\/","og_site_name":"The Best Social Media DE","article_published_time":"2022-01-28T11:18:14+00:00","article_modified_time":"2022-08-01T15:24:03+00:00","og_image":[{"width":1200,"height":630,"url":"https:\/\/www.thebestsocial.media\/de\/wp-content\/uploads\/sites\/3\/2022\/01\/MArio-FB.png","type":"image\/png"}],"author":"Jan","twitter_card":"summary_large_image","twitter_title":"15 Menschen, die Mario Barth jetzt nicht soooo lustig finden","twitter_image":"https:\/\/www.thebestsocial.media\/de\/wp-content\/uploads\/sites\/3\/2022\/01\/mario-b.png","twitter_misc":{"Verfasst von":"Jan","Gesch\u00e4tzte Lesezeit":"4\u00a0Minuten"},"schema":{"@context":"https:\/\/schema.org","@graph":[{"@type":"Article","@id":"https:\/\/www.thebestsocial.media\/de\/mario-bart-comedian-nicht-lustig-mariobarth-lachen-humor-standup\/#article","isPartOf":{"@id":"https:\/\/www.thebestsocial.media\/de\/mario-bart-comedian-nicht-lustig-mariobarth-lachen-humor-standup\/"},"author":{"name":"Jan","@id":"https:\/\/www.thebestsocial.media\/de\/#\/schema\/person\/03b8d8d2905b97b499c8e0808b724821"},"headline":"Einige Menschen k\u00f6nnen \u00fcber Mario Barth einfach nicht lachen: 15 Personen, bei denen das der Fall ist","datePublished":"2022-01-28T11:18:14+00:00","dateModified":"2022-08-01T15:24:03+00:00","mainEntityOfPage":{"@id":"https:\/\/www.thebestsocial.media\/de\/mario-bart-comedian-nicht-lustig-mariobarth-lachen-humor-standup\/"},"wordCount":780,"commentCount":0,"image":{"@id":"https:\/\/www.thebestsocial.media\/de\/mario-bart-comedian-nicht-lustig-mariobarth-lachen-humor-standup\/#primaryimage"},"thumbnailUrl":"https:\/\/www.thebestsocial.media\/de\/wp-content\/uploads\/sites\/3\/2022\/01\/COmed.jpg","keywords":["Comedian","humor","Mario Barth"],"articleSection":["Community","Humor","Twitter"],"inLanguage":"de","potentialAction":[{"@type":"CommentAction","name":"Comment","target":["https:\/\/www.thebestsocial.media\/de\/mario-bart-comedian-nicht-lustig-mariobarth-lachen-humor-standup\/#respond"]}]},{"@type":"WebPage","@id":"https:\/\/www.thebestsocial.media\/de\/mario-bart-comedian-nicht-lustig-mariobarth-lachen-humor-standup\/","url":"https:\/\/www.thebestsocial.media\/de\/mario-bart-comedian-nicht-lustig-mariobarth-lachen-humor-standup\/","name":"15 Menschen, die \u00fcber Mario Barth einfach nicht lachen k\u00f6nnen","isPartOf":{"@id":"https:\/\/www.thebestsocial.media\/de\/#website"},"primaryImageOfPage":{"@id":"https:\/\/www.thebestsocial.media\/de\/mario-bart-comedian-nicht-lustig-mariobarth-lachen-humor-standup\/#primaryimage"},"image":{"@id":"https:\/\/www.thebestsocial.media\/de\/mario-bart-comedian-nicht-lustig-mariobarth-lachen-humor-standup\/#primaryimage"},"thumbnailUrl":"https:\/\/www.thebestsocial.media\/de\/wp-content\/uploads\/sites\/3\/2022\/01\/COmed.jpg","datePublished":"2022-01-28T11:18:14+00:00","dateModified":"2022-08-01T15:24:03+00:00","author":{"@id":"https:\/\/www.thebestsocial.media\/de\/#\/schema\/person\/03b8d8d2905b97b499c8e0808b724821"},"description":"Mario Barth polarisiert. Einige k\u00f6nnen \u00fcber ihn so gar nicht lachen und andere k\u00f6nnen \u00fcber ihn auch kaum lachen.","breadcrumb":{"@id":"https:\/\/www.thebestsocial.media\/de\/mario-bart-comedian-nicht-lustig-mariobarth-lachen-humor-standup\/#breadcrumb"},"inLanguage":"de","potentialAction":[{"@type":"ReadAction","target":["https:\/\/www.thebestsocial.media\/de\/mario-bart-comedian-nicht-lustig-mariobarth-lachen-humor-standup\/"]}]},{"@type":"ImageObject","inLanguage":"de","@id":"https:\/\/www.thebestsocial.media\/de\/mario-bart-comedian-nicht-lustig-mariobarth-lachen-humor-standup\/#primaryimage","url":"https:\/\/www.thebestsocial.media\/de\/wp-content\/uploads\/sites\/3\/2022\/01\/COmed.jpg","contentUrl":"https:\/\/www.thebestsocial.media\/de\/wp-content\/uploads\/sites\/3\/2022\/01\/COmed.jpg","width":1920,"height":1080,"caption":"Mario Barth polarisiert. Einige k\u00f6nnen \u00fcber ihn so gar nicht lachen und andere k\u00f6nnen \u00fcber ihn auch kaum lachen."},{"@type":"BreadcrumbList","@id":"https:\/\/www.thebestsocial.media\/de\/mario-bart-comedian-nicht-lustig-mariobarth-lachen-humor-standup\/#breadcrumb","itemListElement":[{"@type":"ListItem","position":1,"name":"Home","item":"https:\/\/www.thebestsocial.media\/de\/"},{"@type":"ListItem","position":2,"name":"Einige Menschen k\u00f6nnen \u00fcber Mario Barth einfach nicht lachen: 15 Personen, bei denen das der Fall ist"}]},{"@type":"WebSite","@id":"https:\/\/www.thebestsocial.media\/de\/#website","url":"https:\/\/www.thebestsocial.media\/de\/","name":"The Best Social Media DE","description":"","potentialAction":[{"@type":"SearchAction","target":{"@type":"EntryPoint","urlTemplate":"https:\/\/www.thebestsocial.media\/de\/?s={search_term_string}"},"query-input":{"@type":"PropertyValueSpecification","valueRequired":true,"valueName":"search_term_string"}}],"inLanguage":"de"},{"@type":"Person","@id":"https:\/\/www.thebestsocial.media\/de\/#\/schema\/person\/03b8d8d2905b97b499c8e0808b724821","name":"Jan","image":{"@type":"ImageObject","inLanguage":"de","@id":"https:\/\/secure.gravatar.com\/avatar\/6977c5e4d81f2a717dcf76e5e74d7a00b583f3f83a2b00830dedfc799d928343?s=96&d=mm&r=g","url":"https:\/\/secure.gravatar.com\/avatar\/6977c5e4d81f2a717dcf76e5e74d7a00b583f3f83a2b00830dedfc799d928343?s=96&d=mm&r=g","contentUrl":"https:\/\/secure.gravatar.com\/avatar\/6977c5e4d81f2a717dcf76e5e74d7a00b583f3f83a2b00830dedfc799d928343?s=96&d=mm&r=g","caption":"Jan"},"description":"Wohnt in M\u00fcnchen, hat aber bis heute keine Ahnung, wie er dort gelandet ist. W\u00fcnscht sich manchmal eine dritte Stimme im Kopf, die ihn davon abh\u00e4lt, auszusprechen, was er gerade denkt. Mag Sport und jeden Kartoffelchip einzeln zu essen. Hasst es, sich auf neue Duschen einstellen zu m\u00fcssen. In einer Beziehung mit Social Media \u2013 aber es ist kompliziert.","url":"https:\/\/www.thebestsocial.media\/de\/author\/janhorstkoetter\/"}]}},"amp_enabled":true,"_links":{"self":[{"href":"https:\/\/www.thebestsocial.media\/de\/wp-json\/wp\/v2\/posts\/156327","targetHints":{"allow":["GET"]}}],"collection":[{"href":"https:\/\/www.thebestsocial.media\/de\/wp-json\/wp\/v2\/posts"}],"about":[{"href":"https:\/\/www.thebestsocial.media\/de\/wp-json\/wp\/v2\/types\/post"}],"author":[{"embeddable":true,"href":"https:\/\/www.thebestsocial.media\/de\/wp-json\/wp\/v2\/users\/65"}],"replies":[{"embeddable":true,"href":"https:\/\/www.thebestsocial.media\/de\/wp-json\/wp\/v2\/comments?post=156327"}],"version-history":[{"count":7,"href":"https:\/\/www.thebestsocial.media\/de\/wp-json\/wp\/v2\/posts\/156327\/revisions"}],"predecessor-version":[{"id":164044,"href":"https:\/\/www.thebestsocial.media\/de\/wp-json\/wp\/v2\/posts\/156327\/revisions\/164044"}],"wp:featuredmedia":[{"embeddable":true,"href":"https:\/\/www.thebestsocial.media\/de\/wp-json\/wp\/v2\/media\/164042"}],"wp:attachment":[{"href":"https:\/\/www.thebestsocial.media\/de\/wp-json\/wp\/v2\/media?parent=156327"}],"wp:term":[{"taxonomy":"category","embeddable":true,"href":"https:\/\/www.thebestsocial.media\/de\/wp-json\/wp\/v2\/categories?post=156327"},{"taxonomy":"post_tag","embeddable":true,"href":"https:\/\/www.thebestsocial.media\/de\/wp-json\/wp\/v2\/tags?post=156327"}],"curies":[{"name":"wp","href":"https:\/\/api.w.org\/{rel}","templated":true}]}}