{"id":156236,"date":"2022-01-27T11:46:07","date_gmt":"2022-01-27T11:46:07","guid":{"rendered":"https:\/\/www.thebestsocial.media\/de\/?p=156236"},"modified":"2022-01-27T11:51:37","modified_gmt":"2022-01-27T11:51:37","slug":"twitter-sucht-scholz","status":"publish","type":"post","link":"https:\/\/www.thebestsocial.media\/de\/twitter-sucht-scholz\/","title":{"rendered":"Einfach verscholl(z)en: Der Bundeskanzler ist absent und Twitter macht sich auf die Suche"},"content":{"rendered":"<p>Seit fast zwei Monaten ist Olaf Scholz nun Bundeskanzler und nat\u00fcrlich wird er nach 16 Jahren Merkel besonders genau unter die Lupe genommen. Das fiel zuletzt allerdings schwer, denn irgendwie scheint er abhanden gekommen zu sein. Auf Twitter r\u00e4tselt man: Wo ist er hin?<\/p>\n<p>&nbsp;<\/p>\n<p><strong>Ain&#8217;t no sunshine when he&#8217;s gone.<\/strong><\/p>\n<blockquote class=\"twitter-tweet\">\n<p dir=\"ltr\" lang=\"de\">Scholz Sonne<br \/>\n\ud83d\udc40<\/p>\n<p>verschwunden<\/p>\n<p>\u2014 Heinmax \u00a9 \u2122 (@heinmax50) <a href=\"https:\/\/twitter.com\/heinmax50\/status\/1486270706077900804?ref_src=twsrc%5Etfw\">January 26, 2022<\/a><\/p><\/blockquote>\n<p><script async src=\"https:\/\/platform.twitter.com\/widgets.js\" charset=\"utf-8\"><\/script><\/p>\n<p>&nbsp;<\/p>\n<p><strong>Hat er sich doch umorientiert?<\/strong><\/p>\n<blockquote class=\"twitter-tweet\">\n<p dir=\"ltr\" lang=\"de\">Wei\u00df jemand was Olaf Scholz eigentlich beruflich macht?<\/p>\n<p>\u2014 \u24c8\u24e3\u24e4\u24db\u24db\u24d4\u24dd-\u24b6\u24dd\u24d3\u24e1\u24d4\u24d0\u24e2 (@an_dy_wand) <a href=\"https:\/\/twitter.com\/an_dy_wand\/status\/1486364446742269952?ref_src=twsrc%5Etfw\">January 26, 2022<\/a><\/p><\/blockquote>\n<p><script async src=\"https:\/\/platform.twitter.com\/widgets.js\" charset=\"utf-8\"><\/script><\/p>\n<p>&nbsp;<\/p>\n<p><strong>War er \u00fcberfordert?<\/strong><\/p>\n<blockquote class=\"twitter-tweet\">\n<p dir=\"ltr\" lang=\"de\">Ich habe so den Eindruck Kanzlerin is gar nicht der richtige Beruf f\u00fcr Olaf.<\/p>\n<p>\u2014 Johann van de Bron (@Johann_v_d_Bron) <a href=\"https:\/\/twitter.com\/Johann_v_d_Bron\/status\/1484673793746472962?ref_src=twsrc%5Etfw\">January 21, 2022<\/a><\/p><\/blockquote>\n<p><script async src=\"https:\/\/platform.twitter.com\/widgets.js\" charset=\"utf-8\"><\/script><\/p>\n<p>&nbsp;<\/p>\n<p><strong>Oder erstmal nur ne kleine Auszeit geg\u00f6nnt?<\/strong><\/p>\n<blockquote class=\"twitter-tweet\">\n<p dir=\"ltr\" lang=\"de\">Ich brech weg.<\/p>\n<p>Gerade die Kinder gefragt, wer den die Nachfolge von Fr. Dr. Merkel angetreten hat.<\/p>\n<p>Antwort ohne Z\u00f6gern, vom 8 j\u00e4hrigen:<\/p>\n<p>&#8222;Urlaub Scholz&#8220; \ud83d\ude02\ud83d\ude02\ud83d\ude02<\/p>\n<p>\u2014 Martin B\u00fcnge (@MartinBnge1) <a href=\"https:\/\/twitter.com\/MartinBnge1\/status\/1483704733235916800?ref_src=twsrc%5Etfw\">January 19, 2022<\/a><\/p><\/blockquote>\n<p><script async src=\"https:\/\/platform.twitter.com\/widgets.js\" charset=\"utf-8\"><\/script><\/p>\n<p>&nbsp;<\/p>\n<p><strong>Vielleicht lindnert er auch einfach.<\/strong><\/p>\n<blockquote class=\"twitter-tweet\">\n<p dir=\"ltr\" lang=\"de\">Also ich bin ja raus aus dem Alter, aber ich hab geh\u00f6rt Jugendliche sagen nicht mehr &#8222;chillen&#8220; sondern &#8222;abscholzen&#8220; oder &#8222;Netflix &amp; Scholz&#8220;.<\/p>\n<p>\u2014 Blake (@BlakesWort) <a href=\"https:\/\/twitter.com\/BlakesWort\/status\/1486102861360549889?ref_src=twsrc%5Etfw\">January 25, 2022<\/a><\/p><\/blockquote>\n<p><script async src=\"https:\/\/platform.twitter.com\/widgets.js\" charset=\"utf-8\"><\/script><\/p>\n<p>&nbsp;<\/p>\n<p><strong>Okay, nicer Flex!<\/strong><\/p>\n<blockquote class=\"twitter-tweet\">\n<p dir=\"ltr\" lang=\"de\"><a href=\"https:\/\/twitter.com\/hashtag\/WettenDass?src=hash&amp;ref_src=twsrc%5Etfw\">#WettenDass<\/a> geht weiter.<br \/>\nOlaf S. aus Berlin wettet, dass er sich monatelang komplett unsichtbar machen kann.<\/p>\n<p>\u2014 ZDF heute-show (@heuteshow) <a href=\"https:\/\/twitter.com\/heuteshow\/status\/1483061919581978630?ref_src=twsrc%5Etfw\">January 17, 2022<\/a><\/p><\/blockquote>\n<p><script async src=\"https:\/\/platform.twitter.com\/widgets.js\" charset=\"utf-8\"><\/script><\/p>\n<p>&nbsp;<\/p>\n<p><strong>Was machen wir da jetzt?<\/strong><\/p>\n<blockquote class=\"twitter-tweet\">\n<p dir=\"ltr\" lang=\"de\">Sollen wir eine Vermisstenanzeige f\u00fcr Scholz aufgeben, oder ist es noch zu fr\u00fch?<\/p>\n<p>\u2014 Fr\u00e4ulein Apfelbl\u00fcte (@FApfelblute) <a href=\"https:\/\/twitter.com\/FApfelblute\/status\/1485529831903223812?ref_src=twsrc%5Etfw\">January 24, 2022<\/a><\/p><\/blockquote>\n<p><script async src=\"https:\/\/platform.twitter.com\/widgets.js\" charset=\"utf-8\"><\/script><\/p>\n<p>&nbsp;<\/p>\n<p><strong>Beschreibung des Gesuchten:<\/strong><\/p>\n<blockquote class=\"twitter-tweet\">\n<p dir=\"ltr\" lang=\"de\">Olaf Scholz ist das Ergebnis eines Experiments, bei dem ein Faultier, ein St\u00fcck Raufasertapete und ein Duden von 1986 gekreuzt wurden.<\/p>\n<p>\u2014 \ud835\ude4e\ud835\ude58\ud835\ude5d\ud835\ude63\ud835\ude5e\ud835\ude69\ud835\ude6f\ud835\ude5a\ud835\ude61\ud835\ude57\ud835\ude56\ud835\ude67\ud835\ude69 (@Schnitzelbart) <a href=\"https:\/\/twitter.com\/Schnitzelbart\/status\/1485659648246046730?ref_src=twsrc%5Etfw\">January 24, 2022<\/a><\/p><\/blockquote>\n<p><script async src=\"https:\/\/platform.twitter.com\/widgets.js\" charset=\"utf-8\"><\/script><\/p>\n<p>&nbsp;<\/p>\n<p><strong>Kann man ihn irgendwie aus der Reserve locken?<\/strong><\/p>\n<blockquote class=\"twitter-tweet\">\n<p dir=\"ltr\" lang=\"de\">Ja es war witzig aber ich finde, dass es langsam an der Zeit ist, Olaf Scholz zu sagen, dass er doch nicht Bundespr\u00e4sident ist.<\/p>\n<p>\u2014 Anwaltsgelaber (@anwaltsgelaber) <a href=\"https:\/\/twitter.com\/anwaltsgelaber\/status\/1485155036598763521?ref_src=twsrc%5Etfw\">January 23, 2022<\/a><\/p><\/blockquote>\n<p><script async src=\"https:\/\/platform.twitter.com\/widgets.js\" charset=\"utf-8\"><\/script><\/p>\n<p>&nbsp;<\/p>\n<p><strong>Tut schon bisschen weh!<\/strong><\/p>\n<blockquote class=\"twitter-tweet\">\n<p dir=\"ltr\" lang=\"de\">Deutschland wird von Scholz geghostet.<\/p>\n<p>Das ist next Level<\/p>\n<p>\u2014 W\u00fcstenblume (@DesertBlooom) <a href=\"https:\/\/twitter.com\/DesertBlooom\/status\/1486337035430469634?ref_src=twsrc%5Etfw\">January 26, 2022<\/a><\/p><\/blockquote>\n<p><script async src=\"https:\/\/platform.twitter.com\/widgets.js\" charset=\"utf-8\"><\/script><\/p>\n<p>&nbsp;<\/p>\n<p><strong>Naja, haltet mal alle die Augen offen.<\/strong><\/p>\n<blockquote class=\"twitter-tweet\">\n<p dir=\"ltr\" lang=\"de\">Ich fordere eine Pr\u00e4senzpflicht f\u00fcr Olaf Scholz.<\/p>\n<p>\u2014 Marco Fechner (@PankowerPflanze) <a href=\"https:\/\/twitter.com\/PankowerPflanze\/status\/1485637003198746624?ref_src=twsrc%5Etfw\">January 24, 2022<\/a><\/p><\/blockquote>\n<p><script async src=\"https:\/\/platform.twitter.com\/widgets.js\" charset=\"utf-8\"><\/script><\/p>\n<p>&nbsp;<\/p>\n<p><strong>Aber auch vorbildlich auf ne Art.<\/strong><\/p>\n<blockquote class=\"twitter-tweet\">\n<p dir=\"ltr\" lang=\"de\">Was Kontaktvermeidung betrifft, ist Olaf Scholz inzwischen mein Vorbild. Oder hat den in letzter Zeit mal irgendwer gesehen?<\/p>\n<p>\u2014 TishBein (@diva4464) <a href=\"https:\/\/twitter.com\/diva4464\/status\/1484607212169347088?ref_src=twsrc%5Etfw\">January 21, 2022<\/a><\/p><\/blockquote>\n<p><script async src=\"https:\/\/platform.twitter.com\/widgets.js\" charset=\"utf-8\"><\/script><\/p>\n<p>\u2014<br \/>\nVielen Dank an alle f\u00fcr die Posts.<br \/>\n\u2014<br \/>\n<strong>Keine Influencer! Kein Foodporn! Nur ganz viel Spa\u00df \u2013 bei uns auf Instagram:<\/strong><\/p>\n<blockquote class=\"instagram-media\" style=\"background: #FFF; border: 0; border-radius: 3px; box-shadow: 0 0 1px 0 rgba(0,0,0,0.5),0 1px 10px 0 rgba(0,0,0,0.15); margin: 1px; max-width: 540px; min-width: 326px; padding: 0; width: calc(100% - 2px);\" data-instgrm-captioned=\"\" data-instgrm-permalink=\"https:\/\/www.instagram.com\/p\/CZHmrPBI8ri\/?utm_source=ig_embed&amp;utm_campaign=loading\" data-instgrm-version=\"14\">\n<div style=\"padding: 16px;\">\n<p>&nbsp;<\/p>\n<div style=\"display: flex; flex-direction: row; align-items: center;\">\n<div style=\"background-color: #f4f4f4; border-radius: 50%; flex-grow: 0; height: 40px; margin-right: 14px; width: 40px;\"><\/div>\n<div style=\"display: flex; flex-direction: column; flex-grow: 1; justify-content: center;\">\n<div style=\"background-color: #f4f4f4; border-radius: 4px; flex-grow: 0; height: 14px; margin-bottom: 6px; width: 100px;\"><\/div>\n<div style=\"background-color: #f4f4f4; border-radius: 4px; flex-grow: 0; height: 14px; width: 60px;\"><\/div>\n<\/div>\n<\/div>\n<div style=\"padding: 19% 0;\"><\/div>\n<div style=\"display: block; height: 50px; margin: 0 auto 12px; width: 50px;\"><\/div>\n<div style=\"padding-top: 8px;\">\n<div style=\"color: #3897f0; font-family: Arial,sans-serif; font-size: 14px; font-style: normal; font-weight: 550; line-height: 18px;\">Sieh dir diesen Beitrag auf Instagram an<\/div>\n<\/div>\n<div style=\"padding: 12.5% 0;\"><\/div>\n<div style=\"display: flex; flex-direction: row; margin-bottom: 14px; align-items: center;\">\n<div>\n<div style=\"background-color: #f4f4f4; border-radius: 50%; height: 12.5px; width: 12.5px; transform: translateX(0px) translateY(7px);\"><\/div>\n<div style=\"background-color: #f4f4f4; height: 12.5px; transform: rotate(-45deg) translateX(3px) translateY(1px); width: 12.5px; flex-grow: 0; margin-right: 14px; margin-left: 2px;\"><\/div>\n<div style=\"background-color: #f4f4f4; border-radius: 50%; height: 12.5px; width: 12.5px; transform: translateX(9px) translateY(-18px);\"><\/div>\n<\/div>\n<div style=\"margin-left: 8px;\">\n<div style=\"background-color: #f4f4f4; border-radius: 50%; flex-grow: 0; height: 20px; width: 20px;\"><\/div>\n<div style=\"width: 0; height: 0; border-top: 2px solid transparent; border-left: 6px solid #f4f4f4; border-bottom: 2px solid transparent; transform: translateX(16px) translateY(-4px) rotate(30deg);\"><\/div>\n<\/div>\n<div style=\"margin-left: auto;\">\n<div style=\"width: 0px; border-top: 8px solid #F4F4F4; border-right: 8px solid transparent; transform: translateY(16px);\"><\/div>\n<div style=\"background-color: #f4f4f4; flex-grow: 0; height: 12px; width: 16px; transform: translateY(-4px);\"><\/div>\n<div style=\"width: 0; height: 0; border-top: 8px solid #F4F4F4; border-left: 8px solid transparent; transform: translateY(-4px) translateX(8px);\"><\/div>\n<\/div>\n<\/div>\n<div style=\"display: flex; flex-direction: column; flex-grow: 1; justify-content: center; margin-bottom: 24px;\">\n<div style=\"background-color: #f4f4f4; border-radius: 4px; flex-grow: 0; height: 14px; margin-bottom: 6px; width: 224px;\"><\/div>\n<div style=\"background-color: #f4f4f4; border-radius: 4px; flex-grow: 0; height: 14px; width: 144px;\"><\/div>\n<\/div>\n<p>&nbsp;<\/p>\n<p style=\"color: #c9c8cd; font-family: Arial,sans-serif; font-size: 14px; line-height: 17px; margin-bottom: 0; margin-top: 8px; overflow: hidden; padding: 8px 0 7px; text-align: center; text-overflow: ellipsis; white-space: nowrap;\"><a style=\"color: #c9c8cd; font-family: Arial,sans-serif; font-size: 14px; font-style: normal; font-weight: normal; line-height: 17px; text-decoration: none;\" href=\"https:\/\/www.instagram.com\/p\/CZHmrPBI8ri\/?utm_source=ig_embed&amp;utm_campaign=loading\" target=\"_blank\" rel=\"noopener\">Ein Beitrag geteilt von The Best Social Media &#8211; DE (@thebestsocialmediade)<\/a><\/p>\n<\/div>\n<\/blockquote>\n\n<script async defer src=\"\/instagram-embed.js\"><\/script>","protected":false},"excerpt":{"rendered":"<p>Seit fast zwei Monaten ist Olaf Scholz nun Bundeskanzler und nat\u00fcrlich wird er nach 16 Jahren Merkel besonders genau unter die Lupe genommen. Das fiel&#8230;<\/p>\n","protected":false},"author":73,"featured_media":156267,"comment_status":"open","ping_status":"open","sticky":false,"template":"","format":"standard","meta":{"_acf_changed":false,"footnotes":""},"categories":[35],"tags":[4757,412],"class_list":["post-156236","post","type-post","status-publish","format-standard","has-post-thumbnail","hentry","category-twitter","tag-kanzler-scholz","tag-politik"],"acf":[],"yoast_head":"<!-- This site is optimized with the Yoast SEO plugin v27.5 - https:\/\/yoast.com\/product\/yoast-seo-wordpress\/ -->\n<title>Einfach verscholl(z)en: Twitter auf der Suche nach dem Bundeskanzler<\/title>\n<meta name=\"robots\" content=\"index, follow, max-snippet:-1, max-image-preview:large, max-video-preview:-1\" \/>\n<link rel=\"canonical\" href=\"https:\/\/www.thebestsocial.media\/de\/twitter-sucht-scholz\/\" \/>\n<meta property=\"og:locale\" content=\"de_DE\" \/>\n<meta property=\"og:type\" content=\"article\" \/>\n<meta property=\"og:title\" content=\"Einfach verscholl(z)en: Twitter auf der Suche nach dem Bundeskanzler\" \/>\n<meta property=\"og:description\" content=\"Seit fast zwei Monaten ist Olaf Scholz nun Bundeskanzler und nat\u00fcrlich wird er nach 16 Jahren Merkel besonders genau unter die Lupe genommen. Das fiel...\" \/>\n<meta property=\"og:url\" content=\"https:\/\/www.thebestsocial.media\/de\/twitter-sucht-scholz\/\" \/>\n<meta property=\"og:site_name\" content=\"The Best Social Media DE\" \/>\n<meta property=\"article:published_time\" content=\"2022-01-27T11:46:07+00:00\" \/>\n<meta property=\"article:modified_time\" content=\"2022-01-27T11:51:37+00:00\" \/>\n<meta property=\"og:image\" content=\"https:\/\/www.thebestsocial.media\/de\/wp-content\/uploads\/sites\/3\/2022\/01\/header-scholz.png\" \/>\n\t<meta property=\"og:image:width\" content=\"1200\" \/>\n\t<meta property=\"og:image:height\" content=\"630\" \/>\n\t<meta property=\"og:image:type\" content=\"image\/png\" \/>\n<meta name=\"author\" content=\"Helene Mei\u00dfner\" \/>\n<meta name=\"twitter:card\" content=\"summary_large_image\" \/>\n<meta name=\"twitter:label1\" content=\"Verfasst von\" \/>\n\t<meta name=\"twitter:data1\" content=\"Helene Mei\u00dfner\" \/>\n\t<meta name=\"twitter:label2\" content=\"Gesch\u00e4tzte Lesezeit\" \/>\n\t<meta name=\"twitter:data2\" content=\"2\u00a0Minuten\" \/>\n<script type=\"application\/ld+json\" class=\"yoast-schema-graph\">{\"@context\":\"https:\\\/\\\/schema.org\",\"@graph\":[{\"@type\":\"Article\",\"@id\":\"https:\\\/\\\/www.thebestsocial.media\\\/de\\\/twitter-sucht-scholz\\\/#article\",\"isPartOf\":{\"@id\":\"https:\\\/\\\/www.thebestsocial.media\\\/de\\\/twitter-sucht-scholz\\\/\"},\"author\":{\"name\":\"Helene Mei\u00dfner\",\"@id\":\"https:\\\/\\\/www.thebestsocial.media\\\/de\\\/#\\\/schema\\\/person\\\/6267acc046505b90b912687a039220df\"},\"headline\":\"Einfach verscholl(z)en: Der Bundeskanzler ist absent und Twitter macht sich auf die Suche\",\"datePublished\":\"2022-01-27T11:46:07+00:00\",\"dateModified\":\"2022-01-27T11:51:37+00:00\",\"mainEntityOfPage\":{\"@id\":\"https:\\\/\\\/www.thebestsocial.media\\\/de\\\/twitter-sucht-scholz\\\/\"},\"wordCount\":415,\"commentCount\":0,\"image\":{\"@id\":\"https:\\\/\\\/www.thebestsocial.media\\\/de\\\/twitter-sucht-scholz\\\/#primaryimage\"},\"thumbnailUrl\":\"https:\\\/\\\/www.thebestsocial.media\\\/de\\\/wp-content\\\/uploads\\\/sites\\\/3\\\/2022\\\/01\\\/beitrag-scholz.png\",\"keywords\":[\"Kanzler Scholz\",\"politik\"],\"articleSection\":[\"Twitter\"],\"inLanguage\":\"de\",\"potentialAction\":[{\"@type\":\"CommentAction\",\"name\":\"Comment\",\"target\":[\"https:\\\/\\\/www.thebestsocial.media\\\/de\\\/twitter-sucht-scholz\\\/#respond\"]}]},{\"@type\":\"WebPage\",\"@id\":\"https:\\\/\\\/www.thebestsocial.media\\\/de\\\/twitter-sucht-scholz\\\/\",\"url\":\"https:\\\/\\\/www.thebestsocial.media\\\/de\\\/twitter-sucht-scholz\\\/\",\"name\":\"Einfach verscholl(z)en: Twitter auf der Suche nach dem Bundeskanzler\",\"isPartOf\":{\"@id\":\"https:\\\/\\\/www.thebestsocial.media\\\/de\\\/#website\"},\"primaryImageOfPage\":{\"@id\":\"https:\\\/\\\/www.thebestsocial.media\\\/de\\\/twitter-sucht-scholz\\\/#primaryimage\"},\"image\":{\"@id\":\"https:\\\/\\\/www.thebestsocial.media\\\/de\\\/twitter-sucht-scholz\\\/#primaryimage\"},\"thumbnailUrl\":\"https:\\\/\\\/www.thebestsocial.media\\\/de\\\/wp-content\\\/uploads\\\/sites\\\/3\\\/2022\\\/01\\\/beitrag-scholz.png\",\"datePublished\":\"2022-01-27T11:46:07+00:00\",\"dateModified\":\"2022-01-27T11:51:37+00:00\",\"author\":{\"@id\":\"https:\\\/\\\/www.thebestsocial.media\\\/de\\\/#\\\/schema\\\/person\\\/6267acc046505b90b912687a039220df\"},\"breadcrumb\":{\"@id\":\"https:\\\/\\\/www.thebestsocial.media\\\/de\\\/twitter-sucht-scholz\\\/#breadcrumb\"},\"inLanguage\":\"de\",\"potentialAction\":[{\"@type\":\"ReadAction\",\"target\":[\"https:\\\/\\\/www.thebestsocial.media\\\/de\\\/twitter-sucht-scholz\\\/\"]}]},{\"@type\":\"ImageObject\",\"inLanguage\":\"de\",\"@id\":\"https:\\\/\\\/www.thebestsocial.media\\\/de\\\/twitter-sucht-scholz\\\/#primaryimage\",\"url\":\"https:\\\/\\\/www.thebestsocial.media\\\/de\\\/wp-content\\\/uploads\\\/sites\\\/3\\\/2022\\\/01\\\/beitrag-scholz.png\",\"contentUrl\":\"https:\\\/\\\/www.thebestsocial.media\\\/de\\\/wp-content\\\/uploads\\\/sites\\\/3\\\/2022\\\/01\\\/beitrag-scholz.png\",\"width\":1200,\"height\":630},{\"@type\":\"BreadcrumbList\",\"@id\":\"https:\\\/\\\/www.thebestsocial.media\\\/de\\\/twitter-sucht-scholz\\\/#breadcrumb\",\"itemListElement\":[{\"@type\":\"ListItem\",\"position\":1,\"name\":\"Home\",\"item\":\"https:\\\/\\\/www.thebestsocial.media\\\/de\\\/\"},{\"@type\":\"ListItem\",\"position\":2,\"name\":\"Einfach verscholl(z)en: Der Bundeskanzler ist absent und Twitter macht sich auf die Suche\"}]},{\"@type\":\"WebSite\",\"@id\":\"https:\\\/\\\/www.thebestsocial.media\\\/de\\\/#website\",\"url\":\"https:\\\/\\\/www.thebestsocial.media\\\/de\\\/\",\"name\":\"The Best Social Media DE\",\"description\":\"\",\"potentialAction\":[{\"@type\":\"SearchAction\",\"target\":{\"@type\":\"EntryPoint\",\"urlTemplate\":\"https:\\\/\\\/www.thebestsocial.media\\\/de\\\/?s={search_term_string}\"},\"query-input\":{\"@type\":\"PropertyValueSpecification\",\"valueRequired\":true,\"valueName\":\"search_term_string\"}}],\"inLanguage\":\"de\"},{\"@type\":\"Person\",\"@id\":\"https:\\\/\\\/www.thebestsocial.media\\\/de\\\/#\\\/schema\\\/person\\\/6267acc046505b90b912687a039220df\",\"name\":\"Helene Mei\u00dfner\",\"image\":{\"@type\":\"ImageObject\",\"inLanguage\":\"de\",\"@id\":\"https:\\\/\\\/secure.gravatar.com\\\/avatar\\\/6639fc0397860ac2c2e11b018c1f14be4a46c2378a91ac1b35730b724675daa8?s=96&d=mm&r=g\",\"url\":\"https:\\\/\\\/secure.gravatar.com\\\/avatar\\\/6639fc0397860ac2c2e11b018c1f14be4a46c2378a91ac1b35730b724675daa8?s=96&d=mm&r=g\",\"contentUrl\":\"https:\\\/\\\/secure.gravatar.com\\\/avatar\\\/6639fc0397860ac2c2e11b018c1f14be4a46c2378a91ac1b35730b724675daa8?s=96&d=mm&r=g\",\"caption\":\"Helene Mei\u00dfner\"},\"description\":\"Kommt aus Berlin und hat dementsprechend nat\u00fcrlich irgendwas mit Medien studiert. Verlegt oft Dinge, w\u00e4hrend sie sie in der Hand h\u00e4lt. Findet Kauger\u00e4usche unausstehlich. Hat eine Schw\u00e4che f\u00fcr Glitzer und immer mindestens 50 Tabs offen.\",\"sameAs\":[\"https:\\\/\\\/www.instagram.com\\\/he.leni\\\/\"],\"url\":\"https:\\\/\\\/www.thebestsocial.media\\\/de\\\/author\\\/helenemeissner\\\/\"}]}<\/script>\n<!-- \/ Yoast SEO plugin. -->","yoast_head_json":{"title":"Einfach verscholl(z)en: Twitter auf der Suche nach dem Bundeskanzler","robots":{"index":"index","follow":"follow","max-snippet":"max-snippet:-1","max-image-preview":"max-image-preview:large","max-video-preview":"max-video-preview:-1"},"canonical":"https:\/\/www.thebestsocial.media\/de\/twitter-sucht-scholz\/","og_locale":"de_DE","og_type":"article","og_title":"Einfach verscholl(z)en: Twitter auf der Suche nach dem Bundeskanzler","og_description":"Seit fast zwei Monaten ist Olaf Scholz nun Bundeskanzler und nat\u00fcrlich wird er nach 16 Jahren Merkel besonders genau unter die Lupe genommen. Das fiel...","og_url":"https:\/\/www.thebestsocial.media\/de\/twitter-sucht-scholz\/","og_site_name":"The Best Social Media DE","article_published_time":"2022-01-27T11:46:07+00:00","article_modified_time":"2022-01-27T11:51:37+00:00","og_image":[{"width":1200,"height":630,"url":"https:\/\/www.thebestsocial.media\/de\/wp-content\/uploads\/sites\/3\/2022\/01\/header-scholz.png","type":"image\/png"}],"author":"Helene Mei\u00dfner","twitter_card":"summary_large_image","twitter_misc":{"Verfasst von":"Helene Mei\u00dfner","Gesch\u00e4tzte Lesezeit":"2\u00a0Minuten"},"schema":{"@context":"https:\/\/schema.org","@graph":[{"@type":"Article","@id":"https:\/\/www.thebestsocial.media\/de\/twitter-sucht-scholz\/#article","isPartOf":{"@id":"https:\/\/www.thebestsocial.media\/de\/twitter-sucht-scholz\/"},"author":{"name":"Helene Mei\u00dfner","@id":"https:\/\/www.thebestsocial.media\/de\/#\/schema\/person\/6267acc046505b90b912687a039220df"},"headline":"Einfach verscholl(z)en: Der Bundeskanzler ist absent und Twitter macht sich auf die Suche","datePublished":"2022-01-27T11:46:07+00:00","dateModified":"2022-01-27T11:51:37+00:00","mainEntityOfPage":{"@id":"https:\/\/www.thebestsocial.media\/de\/twitter-sucht-scholz\/"},"wordCount":415,"commentCount":0,"image":{"@id":"https:\/\/www.thebestsocial.media\/de\/twitter-sucht-scholz\/#primaryimage"},"thumbnailUrl":"https:\/\/www.thebestsocial.media\/de\/wp-content\/uploads\/sites\/3\/2022\/01\/beitrag-scholz.png","keywords":["Kanzler Scholz","politik"],"articleSection":["Twitter"],"inLanguage":"de","potentialAction":[{"@type":"CommentAction","name":"Comment","target":["https:\/\/www.thebestsocial.media\/de\/twitter-sucht-scholz\/#respond"]}]},{"@type":"WebPage","@id":"https:\/\/www.thebestsocial.media\/de\/twitter-sucht-scholz\/","url":"https:\/\/www.thebestsocial.media\/de\/twitter-sucht-scholz\/","name":"Einfach verscholl(z)en: Twitter auf der Suche nach dem Bundeskanzler","isPartOf":{"@id":"https:\/\/www.thebestsocial.media\/de\/#website"},"primaryImageOfPage":{"@id":"https:\/\/www.thebestsocial.media\/de\/twitter-sucht-scholz\/#primaryimage"},"image":{"@id":"https:\/\/www.thebestsocial.media\/de\/twitter-sucht-scholz\/#primaryimage"},"thumbnailUrl":"https:\/\/www.thebestsocial.media\/de\/wp-content\/uploads\/sites\/3\/2022\/01\/beitrag-scholz.png","datePublished":"2022-01-27T11:46:07+00:00","dateModified":"2022-01-27T11:51:37+00:00","author":{"@id":"https:\/\/www.thebestsocial.media\/de\/#\/schema\/person\/6267acc046505b90b912687a039220df"},"breadcrumb":{"@id":"https:\/\/www.thebestsocial.media\/de\/twitter-sucht-scholz\/#breadcrumb"},"inLanguage":"de","potentialAction":[{"@type":"ReadAction","target":["https:\/\/www.thebestsocial.media\/de\/twitter-sucht-scholz\/"]}]},{"@type":"ImageObject","inLanguage":"de","@id":"https:\/\/www.thebestsocial.media\/de\/twitter-sucht-scholz\/#primaryimage","url":"https:\/\/www.thebestsocial.media\/de\/wp-content\/uploads\/sites\/3\/2022\/01\/beitrag-scholz.png","contentUrl":"https:\/\/www.thebestsocial.media\/de\/wp-content\/uploads\/sites\/3\/2022\/01\/beitrag-scholz.png","width":1200,"height":630},{"@type":"BreadcrumbList","@id":"https:\/\/www.thebestsocial.media\/de\/twitter-sucht-scholz\/#breadcrumb","itemListElement":[{"@type":"ListItem","position":1,"name":"Home","item":"https:\/\/www.thebestsocial.media\/de\/"},{"@type":"ListItem","position":2,"name":"Einfach verscholl(z)en: Der Bundeskanzler ist absent und Twitter macht sich auf die Suche"}]},{"@type":"WebSite","@id":"https:\/\/www.thebestsocial.media\/de\/#website","url":"https:\/\/www.thebestsocial.media\/de\/","name":"The Best Social Media DE","description":"","potentialAction":[{"@type":"SearchAction","target":{"@type":"EntryPoint","urlTemplate":"https:\/\/www.thebestsocial.media\/de\/?s={search_term_string}"},"query-input":{"@type":"PropertyValueSpecification","valueRequired":true,"valueName":"search_term_string"}}],"inLanguage":"de"},{"@type":"Person","@id":"https:\/\/www.thebestsocial.media\/de\/#\/schema\/person\/6267acc046505b90b912687a039220df","name":"Helene Mei\u00dfner","image":{"@type":"ImageObject","inLanguage":"de","@id":"https:\/\/secure.gravatar.com\/avatar\/6639fc0397860ac2c2e11b018c1f14be4a46c2378a91ac1b35730b724675daa8?s=96&d=mm&r=g","url":"https:\/\/secure.gravatar.com\/avatar\/6639fc0397860ac2c2e11b018c1f14be4a46c2378a91ac1b35730b724675daa8?s=96&d=mm&r=g","contentUrl":"https:\/\/secure.gravatar.com\/avatar\/6639fc0397860ac2c2e11b018c1f14be4a46c2378a91ac1b35730b724675daa8?s=96&d=mm&r=g","caption":"Helene Mei\u00dfner"},"description":"Kommt aus Berlin und hat dementsprechend nat\u00fcrlich irgendwas mit Medien studiert. Verlegt oft Dinge, w\u00e4hrend sie sie in der Hand h\u00e4lt. Findet Kauger\u00e4usche unausstehlich. Hat eine Schw\u00e4che f\u00fcr Glitzer und immer mindestens 50 Tabs offen.","sameAs":["https:\/\/www.instagram.com\/he.leni\/"],"url":"https:\/\/www.thebestsocial.media\/de\/author\/helenemeissner\/"}]}},"amp_enabled":true,"_links":{"self":[{"href":"https:\/\/www.thebestsocial.media\/de\/wp-json\/wp\/v2\/posts\/156236","targetHints":{"allow":["GET"]}}],"collection":[{"href":"https:\/\/www.thebestsocial.media\/de\/wp-json\/wp\/v2\/posts"}],"about":[{"href":"https:\/\/www.thebestsocial.media\/de\/wp-json\/wp\/v2\/types\/post"}],"author":[{"embeddable":true,"href":"https:\/\/www.thebestsocial.media\/de\/wp-json\/wp\/v2\/users\/73"}],"replies":[{"embeddable":true,"href":"https:\/\/www.thebestsocial.media\/de\/wp-json\/wp\/v2\/comments?post=156236"}],"version-history":[{"count":21,"href":"https:\/\/www.thebestsocial.media\/de\/wp-json\/wp\/v2\/posts\/156236\/revisions"}],"predecessor-version":[{"id":156272,"href":"https:\/\/www.thebestsocial.media\/de\/wp-json\/wp\/v2\/posts\/156236\/revisions\/156272"}],"wp:featuredmedia":[{"embeddable":true,"href":"https:\/\/www.thebestsocial.media\/de\/wp-json\/wp\/v2\/media\/156267"}],"wp:attachment":[{"href":"https:\/\/www.thebestsocial.media\/de\/wp-json\/wp\/v2\/media?parent=156236"}],"wp:term":[{"taxonomy":"category","embeddable":true,"href":"https:\/\/www.thebestsocial.media\/de\/wp-json\/wp\/v2\/categories?post=156236"},{"taxonomy":"post_tag","embeddable":true,"href":"https:\/\/www.thebestsocial.media\/de\/wp-json\/wp\/v2\/tags?post=156236"}],"curies":[{"name":"wp","href":"https:\/\/api.w.org\/{rel}","templated":true}]}}