{"id":155193,"date":"2022-01-07T12:42:09","date_gmt":"2022-01-07T12:42:09","guid":{"rendered":"https:\/\/www.thebestsocial.media\/de\/?p=155193"},"modified":"2022-01-07T12:42:09","modified_gmt":"2022-01-07T12:42:09","slug":"ueber-menschen-die-total-allergisch-reagieren-und-das-wortwoertlich","status":"publish","type":"post","link":"https:\/\/www.thebestsocial.media\/de\/ueber-menschen-die-total-allergisch-reagieren-und-das-wortwoertlich\/","title":{"rendered":"\u00dcber Menschen, die total allergisch reagieren. Und das wortw\u00f6rtlich:"},"content":{"rendered":"<p>Gl\u00fccklich kann man sich sch\u00e4tzen, hat man sie nicht: Allergien. Sie sind oft nervig, seltsam und manchmal sogar lebensgef\u00e4hrlich. Wogegen diese Twitter-User so allergisch sind?<\/p>\n<p style=\"text-align: center;\"><strong>Eine Katzenlady mit Katzenhaarallergie?<\/strong><\/p>\n<div class=\"dbsm-oembed\">\n<blockquote class=\"twitter-tweet\" data-width=\"500\" data-dnt=\"true\">\n<p lang=\"de\" dir=\"ltr\">wenn ich alt bin und immernoch ne Katzen Allergie hab sterb ich lieber an nem allergischen Anfall als ohne Katze zu leben<\/p>\n<p>&mdash; gina \u200e\u029a\u025e (@littlelitgina) <a href=\"https:\/\/twitter.com\/littlelitgina\/status\/1477931838278615042?ref_src=twsrc%5Etfw\">January 3, 2022<\/a><\/p><\/blockquote>\n<p><script async src=\"https:\/\/platform.twitter.com\/widgets.js\" charset=\"utf-8\"><\/script><\/div>\n<p style=\"text-align: center;\"><strong>Allergie? Wohl eher Alter&#8230;<\/strong><\/p>\n<div class=\"dbsm-oembed\">\n<blockquote class=\"twitter-tweet\" data-width=\"500\" data-dnt=\"true\">\n<p lang=\"de\" dir=\"ltr\">Beim Hautarzt.<\/p>\n<p>\u201eWoher kommt denn dieses Ekzem? Ist das eine Allergie?\u201c<\/p>\n<p>\u201eNein. Das sind sogenannte Winterh\u00e4nde. Ihre Haut ist nicht mehr wie fr\u00fcher und hat sich entz\u00fcndet.\u201c<\/p>\n<p>\u201eICH BIN NICHT ALT!\u201c<\/p>\n<p>&mdash; Paula (@Vikiilina) <a href=\"https:\/\/twitter.com\/Vikiilina\/status\/1479168092148273160?ref_src=twsrc%5Etfw\">January 6, 2022<\/a><\/p><\/blockquote>\n<p><script async src=\"https:\/\/platform.twitter.com\/widgets.js\" charset=\"utf-8\"><\/script><\/div>\n<p style=\"text-align: center;\"><strong>Das w\u00fcnscht man seinem schlimmsten Feind?<\/strong><\/p>\n<div class=\"dbsm-oembed\">\n<blockquote class=\"twitter-tweet\" data-width=\"500\" data-dnt=\"true\">\n<p lang=\"de\" dir=\"ltr\">Allen die sich nicht an die Coronaregeln halten, w\u00fcnsche ich eine Allergie gegen Klopapier.<\/p>\n<p>&mdash; Ursel aus Mais (@Ursel_aus_Mais) <a href=\"https:\/\/twitter.com\/Ursel_aus_Mais\/status\/1352232729023287296?ref_src=twsrc%5Etfw\">January 21, 2021<\/a><\/p><\/blockquote>\n<p><script async src=\"https:\/\/platform.twitter.com\/widgets.js\" charset=\"utf-8\"><\/script><\/div>\n<p style=\"text-align: center;\"><strong>Allergien als Nebenwirkung<\/strong><\/p>\n<div class=\"dbsm-oembed\">\n<blockquote class=\"twitter-tweet\" data-width=\"500\" data-dnt=\"true\">\n<p lang=\"de\" dir=\"ltr\">Die mittlerweile h\u00e4ufigste Nebenwirkung der Impfung ist eine Allergie gegen die Ausreden der Quarkdenker.<\/p>\n<p>&mdash; Grantscherm (@Grantscheam) <a href=\"https:\/\/twitter.com\/Grantscheam\/status\/1460511465505542145?ref_src=twsrc%5Etfw\">November 16, 2021<\/a><\/p><\/blockquote>\n<p><script async src=\"https:\/\/platform.twitter.com\/widgets.js\" charset=\"utf-8\"><\/script><\/div>\n<p style=\"text-align: center;\"><strong>Na klar: Fr\u00fchling=\u00a0<\/strong><b>Heuschnupfen\u00a0<\/b><\/p>\n<div class=\"dbsm-oembed\">\n<blockquote class=\"twitter-tweet\" data-width=\"500\" data-dnt=\"true\">\n<p lang=\"de\" dir=\"ltr\">Die Natur: HALLO, ALLES LEBT, DER FR\u00dcHLING IST DA!!<\/p>\n<p>Meine Allergie: JA, ICH MERKE ES. REICHT DANN AUCH WIEDER.<\/p>\n<p>&mdash; extrakaese (@extrakaese) <a href=\"https:\/\/twitter.com\/extrakaese\/status\/1365003936067956739?ref_src=twsrc%5Etfw\">February 25, 2021<\/a><\/p><\/blockquote>\n<p><script async src=\"https:\/\/platform.twitter.com\/widgets.js\" charset=\"utf-8\"><\/script><\/div>\n<p style=\"text-align: center;\"><strong>Eigentlich sind Allergien gar keine schlechte Ausrede:<\/strong><\/p>\n<div class=\"dbsm-oembed\">\n<blockquote class=\"twitter-tweet\" data-width=\"500\" data-dnt=\"true\">\n<p lang=\"de\" dir=\"ltr\">Hab zwar keine Erdnuss-Allergie, aber trotzdem nie welche im Haus, wegen meiner panischen Angst vor Elefanten.<\/p>\n<p>&mdash; Alex Upatov (Taylor\u2019s Version) (@AlexUpatov) <a href=\"https:\/\/twitter.com\/AlexUpatov\/status\/1307584215547097091?ref_src=twsrc%5Etfw\">September 20, 2020<\/a><\/p><\/blockquote>\n<p><script async src=\"https:\/\/platform.twitter.com\/widgets.js\" charset=\"utf-8\"><\/script><\/div>\n<p style=\"text-align: center;\"><strong>Da kann man sich ja schon mal vertun:<\/strong><\/p>\n<div class=\"dbsm-oembed\">\n<blockquote class=\"twitter-tweet\" data-width=\"500\" data-dnt=\"true\">\n<p lang=\"de\" dir=\"ltr\">\u201eWie hei\u00dft das nochmal, was Papi hat? Hysterie, oder?\u201c<\/p>\n<p>Das auch, aber vor allem hat er eine Histamin-Allergie.<\/p>\n<p>&mdash; Tak (@Tik_Shower) <a href=\"https:\/\/twitter.com\/Tik_Shower\/status\/1445052524977864706?ref_src=twsrc%5Etfw\">October 4, 2021<\/a><\/p><\/blockquote>\n<p><script async src=\"https:\/\/platform.twitter.com\/widgets.js\" charset=\"utf-8\"><\/script><\/div>\n<p style=\"text-align: center;\"><strong>Das Leben kann wirklich hart sein:<\/strong><\/p>\n<div class=\"dbsm-oembed\">\n<blockquote class=\"twitter-tweet\" data-width=\"500\" data-dnt=\"true\">\n<p lang=\"de\" dir=\"ltr\">Ich habe hier einen Italiener mit Tomaten Allergie. Und ihr dachtet, ihr h\u00e4ttet Probleme.<\/p>\n<p>&mdash; \u1d0d\u026a\u1d1b\u1d04\u029c \uea00 (@SonsOfGandalf) <a href=\"https:\/\/twitter.com\/SonsOfGandalf\/status\/1281836746062336005?ref_src=twsrc%5Etfw\">July 11, 2020<\/a><\/p><\/blockquote>\n<p><script async src=\"https:\/\/platform.twitter.com\/widgets.js\" charset=\"utf-8\"><\/script><\/div>\n<p style=\"text-align: center;\"><strong>F\u00fcr andere ist eine Allergie die H\u00f6lle:<\/strong><\/p>\n<div class=\"dbsm-oembed\">\n<blockquote class=\"twitter-tweet\" data-width=\"500\" data-dnt=\"true\">\n<p lang=\"de\" dir=\"ltr\">In der H\u00f6lle hast du eine Martini-Allergie und bist Kandidat bei der Bachelorette.<\/p>\n<p>&mdash; Kraftbiber (@Akira_86) <a href=\"https:\/\/twitter.com\/Akira_86\/status\/1164622918309109761?ref_src=twsrc%5Etfw\">August 22, 2019<\/a><\/p><\/blockquote>\n<p><script async src=\"https:\/\/platform.twitter.com\/widgets.js\" charset=\"utf-8\"><\/script><\/div>\n<p style=\"text-align: center;\"><strong>Zwei der bekanntesten Allergien:<\/strong><\/p>\n<p>https:\/\/twitter.com\/Arzttusnelda\/status\/1349308085416943616?s=20<\/p>\n<div class=\"dbsm-oembed\">\n<blockquote class=\"twitter-tweet\" data-width=\"500\" data-dnt=\"true\">\n<p lang=\"de\" dir=\"ltr\">Ich habe gegen irgendetwas eine heftige Allergie entwickelt und ich m\u00f6chte ehrlich sein, ich glaube es ist das Leben.<\/p>\n<p>&mdash; Frau van de Couch (@Couchionista_) <a href=\"https:\/\/twitter.com\/Couchionista_\/status\/1429063303700127757?ref_src=twsrc%5Etfw\">August 21, 2021<\/a><\/p><\/blockquote>\n<p><script async src=\"https:\/\/platform.twitter.com\/widgets.js\" charset=\"utf-8\"><\/script><\/div>\n<p style=\"text-align: center;\"><strong>Kleiner Fun-Fact, ob der stimmt?:<\/strong><\/p>\n<div class=\"dbsm-oembed\">\n<blockquote class=\"twitter-tweet\" data-width=\"500\" data-dnt=\"true\">\n<p lang=\"de\" dir=\"ltr\">Manche Menschen haben leider eine Katzenallergie, aber es geht auch umgekehrt:<br \/>Forscher der Uni Edinburgh fanden heraus, dass 1 von 200 Katzen eine Allergie gegen Menschen hat.<\/p>\n<p>Und mit diesem poetischen Fakt entlasse ich Sie in die Nacht. <br \/>Schlafen Sie wohl.<\/p>\n<p>&mdash; Outatimer \ud83d\udd70 (@mstr0815) <a href=\"https:\/\/twitter.com\/mstr0815\/status\/1199403612692262912?ref_src=twsrc%5Etfw\">November 26, 2019<\/a><\/p><\/blockquote>\n<p><script async src=\"https:\/\/platform.twitter.com\/widgets.js\" charset=\"utf-8\"><\/script><\/div>\n<p style=\"text-align: center;\"><strong>Achtung: Wortwitz!<\/strong><\/p>\n<div class=\"dbsm-oembed\">\n<blockquote class=\"twitter-tweet\" data-width=\"500\" data-dnt=\"true\">\n<p lang=\"de\" dir=\"ltr\">&quot;Ich er\u00f6ffne ein Sanatorium f\u00fcr Leute mit starker Hirschfell-Allergie!&quot;<\/p>\n<p>&quot;Du er\u00f6ffnest was?&quot;<\/p>\n<p>&quot;Eine Reh-Haar-Klinik!&quot;<\/p>\n<p>*Handgemenge*<\/p>\n<p>&mdash; Possi (@Possencurator) <a href=\"https:\/\/twitter.com\/Possencurator\/status\/1330227883835609088?ref_src=twsrc%5Etfw\">November 21, 2020<\/a><\/p><\/blockquote>\n<p><script async src=\"https:\/\/platform.twitter.com\/widgets.js\" charset=\"utf-8\"><\/script><\/div>\n<p style=\"text-align: center;\">\u2014<br \/>\nVielen Dank an alle f\u00fcr die Posts.<br \/>\n\u2014<br \/>\n<strong>Keine Influencer! Kein Foodporn! Nur ganz viel Spa\u00df \u2013 bei uns auf Instagram:<\/strong><\/p>\n<blockquote class=\"instagram-media\" style=\"background: #FFF; border: 0; border-radius: 3px; box-shadow: 0 0 1px 0 rgba(0,0,0,0.5),0 1px 10px 0 rgba(0,0,0,0.15); margin: 1px; max-width: 540px; min-width: 326px; padding: 0; width: calc(100% - 2px);\" data-instgrm-captioned=\"\" data-instgrm-permalink=\"https:\/\/www.instagram.com\/p\/CYbJ7-DqZtR\/?utm_source=ig_embed&amp;utm_campaign=loading\" data-instgrm-version=\"14\">\n<div style=\"padding: 16px;\">\n<p>&nbsp;<\/p>\n<div style=\"display: flex; flex-direction: row; align-items: center;\">\n<div style=\"background-color: #f4f4f4; border-radius: 50%; flex-grow: 0; height: 40px; margin-right: 14px; width: 40px;\"><\/div>\n<div style=\"display: flex; flex-direction: column; flex-grow: 1; justify-content: center;\">\n<div style=\"background-color: #f4f4f4; border-radius: 4px; flex-grow: 0; height: 14px; margin-bottom: 6px; width: 100px;\"><\/div>\n<div style=\"background-color: #f4f4f4; border-radius: 4px; flex-grow: 0; height: 14px; width: 60px;\"><\/div>\n<\/div>\n<\/div>\n<div style=\"padding: 19% 0;\"><\/div>\n<div style=\"display: block; height: 50px; margin: 0 auto 12px; width: 50px;\"><\/div>\n<div style=\"padding-top: 8px;\">\n<div style=\"color: #3897f0; font-family: Arial,sans-serif; font-size: 14px; font-style: normal; font-weight: 550; line-height: 18px;\">Sieh dir diesen Beitrag auf Instagram an<\/div>\n<\/div>\n<div style=\"padding: 12.5% 0;\"><\/div>\n<div style=\"display: flex; flex-direction: row; margin-bottom: 14px; align-items: center;\">\n<div>\n<div style=\"background-color: #f4f4f4; border-radius: 50%; height: 12.5px; width: 12.5px; transform: translateX(0px) translateY(7px);\"><\/div>\n<div style=\"background-color: #f4f4f4; height: 12.5px; transform: rotate(-45deg) translateX(3px) translateY(1px); width: 12.5px; flex-grow: 0; margin-right: 14px; margin-left: 2px;\"><\/div>\n<div style=\"background-color: #f4f4f4; border-radius: 50%; height: 12.5px; width: 12.5px; transform: translateX(9px) translateY(-18px);\"><\/div>\n<\/div>\n<div style=\"margin-left: 8px;\">\n<div style=\"background-color: #f4f4f4; border-radius: 50%; flex-grow: 0; height: 20px; width: 20px;\"><\/div>\n<div style=\"width: 0; height: 0; border-top: 2px solid transparent; border-left: 6px solid #f4f4f4; border-bottom: 2px solid transparent; transform: translateX(16px) translateY(-4px) rotate(30deg);\"><\/div>\n<\/div>\n<div style=\"margin-left: auto;\">\n<div style=\"width: 0px; border-top: 8px solid #F4F4F4; border-right: 8px solid transparent; transform: translateY(16px);\"><\/div>\n<div style=\"background-color: #f4f4f4; flex-grow: 0; height: 12px; width: 16px; transform: translateY(-4px);\"><\/div>\n<div style=\"width: 0; height: 0; border-top: 8px solid #F4F4F4; border-left: 8px solid transparent; transform: translateY(-4px) translateX(8px);\"><\/div>\n<\/div>\n<\/div>\n<div style=\"display: flex; flex-direction: column; flex-grow: 1; justify-content: center; margin-bottom: 24px;\">\n<div style=\"background-color: #f4f4f4; border-radius: 4px; flex-grow: 0; height: 14px; margin-bottom: 6px; width: 224px;\"><\/div>\n<div style=\"background-color: #f4f4f4; border-radius: 4px; flex-grow: 0; height: 14px; width: 144px;\"><\/div>\n<\/div>\n<p>&nbsp;<\/p>\n<p style=\"color: #c9c8cd; font-family: Arial,sans-serif; font-size: 14px; line-height: 17px; margin-bottom: 0; margin-top: 8px; overflow: hidden; padding: 8px 0 7px; text-align: center; text-overflow: ellipsis; white-space: nowrap;\"><a style=\"color: #c9c8cd; font-family: Arial,sans-serif; font-size: 14px; font-style: normal; font-weight: normal; line-height: 17px; text-decoration: none;\" href=\"https:\/\/www.instagram.com\/p\/CYbJ7-DqZtR\/?utm_source=ig_embed&amp;utm_campaign=loading\" target=\"_blank\" rel=\"noopener\">Ein Beitrag geteilt von The Best Social Media &#8211; DE (@thebestsocialmediade)<\/a><\/p>\n<\/div>\n<\/blockquote>\n\n<script async defer src=\"\/instagram-embed.js\"><\/script>","protected":false},"excerpt":{"rendered":"<p>Gl\u00fccklich kann man sich sch\u00e4tzen, hat man sie nicht: Allergien. Sie sind oft nervig, seltsam und manchmal sogar lebensgef\u00e4hrlich. Wogegen diese Twitter-User so allergisch sind?&#8230;<\/p>\n","protected":false},"author":88,"featured_media":155197,"comment_status":"open","ping_status":"open","sticky":false,"template":"","format":"standard","meta":{"_acf_changed":false,"footnotes":""},"categories":[35],"tags":[4796,58],"class_list":["post-155193","post","type-post","status-publish","format-standard","has-post-thumbnail","hentry","category-twitter","tag-allergien","tag-twitter"],"acf":[],"yoast_head":"<!-- This site is optimized with the Yoast SEO plugin v27.4 - https:\/\/yoast.com\/product\/yoast-seo-wordpress\/ -->\n<title>\u00dcber Menschen, die total allergisch reagieren. Und das wortw\u00f6rtlich:<\/title>\n<meta name=\"robots\" content=\"index, follow, max-snippet:-1, max-image-preview:large, max-video-preview:-1\" \/>\n<link rel=\"canonical\" href=\"https:\/\/www.thebestsocial.media\/de\/ueber-menschen-die-total-allergisch-reagieren-und-das-wortwoertlich\/\" \/>\n<meta property=\"og:locale\" content=\"de_DE\" \/>\n<meta property=\"og:type\" content=\"article\" \/>\n<meta property=\"og:title\" content=\"\u00dcber Menschen, die total allergisch reagieren. Und das wortw\u00f6rtlich:\" \/>\n<meta property=\"og:description\" content=\"Gl\u00fccklich kann man sich sch\u00e4tzen, hat man sie nicht: Allergien. Sie sind oft nervig, seltsam und manchmal sogar lebensgef\u00e4hrlich. Wogegen diese Twitter-User so allergisch sind?...\" \/>\n<meta property=\"og:url\" content=\"https:\/\/www.thebestsocial.media\/de\/ueber-menschen-die-total-allergisch-reagieren-und-das-wortwoertlich\/\" \/>\n<meta property=\"og:site_name\" content=\"The Best Social Media DE\" \/>\n<meta property=\"article:published_time\" content=\"2022-01-07T12:42:09+00:00\" \/>\n<meta property=\"og:image\" content=\"https:\/\/www.thebestsocial.media\/de\/wp-content\/uploads\/sites\/3\/2022\/01\/header-allergie.png\" \/>\n\t<meta property=\"og:image:width\" content=\"1200\" \/>\n\t<meta property=\"og:image:height\" content=\"630\" \/>\n\t<meta property=\"og:image:type\" content=\"image\/png\" \/>\n<meta name=\"author\" content=\"Johanna Burghagen\" \/>\n<meta name=\"twitter:card\" content=\"summary_large_image\" \/>\n<meta name=\"twitter:label1\" content=\"Verfasst von\" \/>\n\t<meta name=\"twitter:data1\" content=\"Johanna Burghagen\" \/>\n\t<meta name=\"twitter:label2\" content=\"Gesch\u00e4tzte Lesezeit\" \/>\n\t<meta name=\"twitter:data2\" content=\"1\u00a0Minute\" \/>\n<script type=\"application\/ld+json\" class=\"yoast-schema-graph\">{\"@context\":\"https:\\\/\\\/schema.org\",\"@graph\":[{\"@type\":\"Article\",\"@id\":\"https:\\\/\\\/www.thebestsocial.media\\\/de\\\/ueber-menschen-die-total-allergisch-reagieren-und-das-wortwoertlich\\\/#article\",\"isPartOf\":{\"@id\":\"https:\\\/\\\/www.thebestsocial.media\\\/de\\\/ueber-menschen-die-total-allergisch-reagieren-und-das-wortwoertlich\\\/\"},\"author\":{\"name\":\"Johanna Burghagen\",\"@id\":\"https:\\\/\\\/www.thebestsocial.media\\\/de\\\/#\\\/schema\\\/person\\\/5f13d9837bcff33cc8d453e30fa88553\"},\"headline\":\"\u00dcber Menschen, die total allergisch reagieren. Und das wortw\u00f6rtlich:\",\"datePublished\":\"2022-01-07T12:42:09+00:00\",\"mainEntityOfPage\":{\"@id\":\"https:\\\/\\\/www.thebestsocial.media\\\/de\\\/ueber-menschen-die-total-allergisch-reagieren-und-das-wortwoertlich\\\/\"},\"wordCount\":225,\"commentCount\":0,\"image\":{\"@id\":\"https:\\\/\\\/www.thebestsocial.media\\\/de\\\/ueber-menschen-die-total-allergisch-reagieren-und-das-wortwoertlich\\\/#primaryimage\"},\"thumbnailUrl\":\"https:\\\/\\\/www.thebestsocial.media\\\/de\\\/wp-content\\\/uploads\\\/sites\\\/3\\\/2022\\\/01\\\/woman-g5f1eded36_1920.jpg\",\"keywords\":[\"Allergien\",\"twitter\"],\"articleSection\":[\"Twitter\"],\"inLanguage\":\"de\",\"potentialAction\":[{\"@type\":\"CommentAction\",\"name\":\"Comment\",\"target\":[\"https:\\\/\\\/www.thebestsocial.media\\\/de\\\/ueber-menschen-die-total-allergisch-reagieren-und-das-wortwoertlich\\\/#respond\"]}]},{\"@type\":\"WebPage\",\"@id\":\"https:\\\/\\\/www.thebestsocial.media\\\/de\\\/ueber-menschen-die-total-allergisch-reagieren-und-das-wortwoertlich\\\/\",\"url\":\"https:\\\/\\\/www.thebestsocial.media\\\/de\\\/ueber-menschen-die-total-allergisch-reagieren-und-das-wortwoertlich\\\/\",\"name\":\"\u00dcber Menschen, die total allergisch reagieren. Und das wortw\u00f6rtlich:\",\"isPartOf\":{\"@id\":\"https:\\\/\\\/www.thebestsocial.media\\\/de\\\/#website\"},\"primaryImageOfPage\":{\"@id\":\"https:\\\/\\\/www.thebestsocial.media\\\/de\\\/ueber-menschen-die-total-allergisch-reagieren-und-das-wortwoertlich\\\/#primaryimage\"},\"image\":{\"@id\":\"https:\\\/\\\/www.thebestsocial.media\\\/de\\\/ueber-menschen-die-total-allergisch-reagieren-und-das-wortwoertlich\\\/#primaryimage\"},\"thumbnailUrl\":\"https:\\\/\\\/www.thebestsocial.media\\\/de\\\/wp-content\\\/uploads\\\/sites\\\/3\\\/2022\\\/01\\\/woman-g5f1eded36_1920.jpg\",\"datePublished\":\"2022-01-07T12:42:09+00:00\",\"author\":{\"@id\":\"https:\\\/\\\/www.thebestsocial.media\\\/de\\\/#\\\/schema\\\/person\\\/5f13d9837bcff33cc8d453e30fa88553\"},\"breadcrumb\":{\"@id\":\"https:\\\/\\\/www.thebestsocial.media\\\/de\\\/ueber-menschen-die-total-allergisch-reagieren-und-das-wortwoertlich\\\/#breadcrumb\"},\"inLanguage\":\"de\",\"potentialAction\":[{\"@type\":\"ReadAction\",\"target\":[\"https:\\\/\\\/www.thebestsocial.media\\\/de\\\/ueber-menschen-die-total-allergisch-reagieren-und-das-wortwoertlich\\\/\"]}]},{\"@type\":\"ImageObject\",\"inLanguage\":\"de\",\"@id\":\"https:\\\/\\\/www.thebestsocial.media\\\/de\\\/ueber-menschen-die-total-allergisch-reagieren-und-das-wortwoertlich\\\/#primaryimage\",\"url\":\"https:\\\/\\\/www.thebestsocial.media\\\/de\\\/wp-content\\\/uploads\\\/sites\\\/3\\\/2022\\\/01\\\/woman-g5f1eded36_1920.jpg\",\"contentUrl\":\"https:\\\/\\\/www.thebestsocial.media\\\/de\\\/wp-content\\\/uploads\\\/sites\\\/3\\\/2022\\\/01\\\/woman-g5f1eded36_1920.jpg\",\"width\":1285,\"height\":1920},{\"@type\":\"BreadcrumbList\",\"@id\":\"https:\\\/\\\/www.thebestsocial.media\\\/de\\\/ueber-menschen-die-total-allergisch-reagieren-und-das-wortwoertlich\\\/#breadcrumb\",\"itemListElement\":[{\"@type\":\"ListItem\",\"position\":1,\"name\":\"Home\",\"item\":\"https:\\\/\\\/www.thebestsocial.media\\\/de\\\/\"},{\"@type\":\"ListItem\",\"position\":2,\"name\":\"\u00dcber Menschen, die total allergisch reagieren. Und das wortw\u00f6rtlich:\"}]},{\"@type\":\"WebSite\",\"@id\":\"https:\\\/\\\/www.thebestsocial.media\\\/de\\\/#website\",\"url\":\"https:\\\/\\\/www.thebestsocial.media\\\/de\\\/\",\"name\":\"The Best Social Media DE\",\"description\":\"\",\"potentialAction\":[{\"@type\":\"SearchAction\",\"target\":{\"@type\":\"EntryPoint\",\"urlTemplate\":\"https:\\\/\\\/www.thebestsocial.media\\\/de\\\/?s={search_term_string}\"},\"query-input\":{\"@type\":\"PropertyValueSpecification\",\"valueRequired\":true,\"valueName\":\"search_term_string\"}}],\"inLanguage\":\"de\"},{\"@type\":\"Person\",\"@id\":\"https:\\\/\\\/www.thebestsocial.media\\\/de\\\/#\\\/schema\\\/person\\\/5f13d9837bcff33cc8d453e30fa88553\",\"name\":\"Johanna Burghagen\",\"image\":{\"@type\":\"ImageObject\",\"inLanguage\":\"de\",\"@id\":\"https:\\\/\\\/secure.gravatar.com\\\/avatar\\\/8dfe01b309e4d382459737f38d2b4a93e798f4a0954f87f9c620bc34440b8c7e?s=96&d=mm&r=g\",\"url\":\"https:\\\/\\\/secure.gravatar.com\\\/avatar\\\/8dfe01b309e4d382459737f38d2b4a93e798f4a0954f87f9c620bc34440b8c7e?s=96&d=mm&r=g\",\"contentUrl\":\"https:\\\/\\\/secure.gravatar.com\\\/avatar\\\/8dfe01b309e4d382459737f38d2b4a93e798f4a0954f87f9c620bc34440b8c7e?s=96&d=mm&r=g\",\"caption\":\"Johanna Burghagen\"},\"url\":\"https:\\\/\\\/www.thebestsocial.media\\\/de\\\/author\\\/johannaburghagen\\\/\"}]}<\/script>\n<!-- \/ Yoast SEO plugin. -->","yoast_head_json":{"title":"\u00dcber Menschen, die total allergisch reagieren. Und das wortw\u00f6rtlich:","robots":{"index":"index","follow":"follow","max-snippet":"max-snippet:-1","max-image-preview":"max-image-preview:large","max-video-preview":"max-video-preview:-1"},"canonical":"https:\/\/www.thebestsocial.media\/de\/ueber-menschen-die-total-allergisch-reagieren-und-das-wortwoertlich\/","og_locale":"de_DE","og_type":"article","og_title":"\u00dcber Menschen, die total allergisch reagieren. Und das wortw\u00f6rtlich:","og_description":"Gl\u00fccklich kann man sich sch\u00e4tzen, hat man sie nicht: Allergien. Sie sind oft nervig, seltsam und manchmal sogar lebensgef\u00e4hrlich. Wogegen diese Twitter-User so allergisch sind?...","og_url":"https:\/\/www.thebestsocial.media\/de\/ueber-menschen-die-total-allergisch-reagieren-und-das-wortwoertlich\/","og_site_name":"The Best Social Media DE","article_published_time":"2022-01-07T12:42:09+00:00","og_image":[{"width":1200,"height":630,"url":"https:\/\/www.thebestsocial.media\/de\/wp-content\/uploads\/sites\/3\/2022\/01\/header-allergie.png","type":"image\/png"}],"author":"Johanna Burghagen","twitter_card":"summary_large_image","twitter_misc":{"Verfasst von":"Johanna Burghagen","Gesch\u00e4tzte Lesezeit":"1\u00a0Minute"},"schema":{"@context":"https:\/\/schema.org","@graph":[{"@type":"Article","@id":"https:\/\/www.thebestsocial.media\/de\/ueber-menschen-die-total-allergisch-reagieren-und-das-wortwoertlich\/#article","isPartOf":{"@id":"https:\/\/www.thebestsocial.media\/de\/ueber-menschen-die-total-allergisch-reagieren-und-das-wortwoertlich\/"},"author":{"name":"Johanna Burghagen","@id":"https:\/\/www.thebestsocial.media\/de\/#\/schema\/person\/5f13d9837bcff33cc8d453e30fa88553"},"headline":"\u00dcber Menschen, die total allergisch reagieren. Und das wortw\u00f6rtlich:","datePublished":"2022-01-07T12:42:09+00:00","mainEntityOfPage":{"@id":"https:\/\/www.thebestsocial.media\/de\/ueber-menschen-die-total-allergisch-reagieren-und-das-wortwoertlich\/"},"wordCount":225,"commentCount":0,"image":{"@id":"https:\/\/www.thebestsocial.media\/de\/ueber-menschen-die-total-allergisch-reagieren-und-das-wortwoertlich\/#primaryimage"},"thumbnailUrl":"https:\/\/www.thebestsocial.media\/de\/wp-content\/uploads\/sites\/3\/2022\/01\/woman-g5f1eded36_1920.jpg","keywords":["Allergien","twitter"],"articleSection":["Twitter"],"inLanguage":"de","potentialAction":[{"@type":"CommentAction","name":"Comment","target":["https:\/\/www.thebestsocial.media\/de\/ueber-menschen-die-total-allergisch-reagieren-und-das-wortwoertlich\/#respond"]}]},{"@type":"WebPage","@id":"https:\/\/www.thebestsocial.media\/de\/ueber-menschen-die-total-allergisch-reagieren-und-das-wortwoertlich\/","url":"https:\/\/www.thebestsocial.media\/de\/ueber-menschen-die-total-allergisch-reagieren-und-das-wortwoertlich\/","name":"\u00dcber Menschen, die total allergisch reagieren. Und das wortw\u00f6rtlich:","isPartOf":{"@id":"https:\/\/www.thebestsocial.media\/de\/#website"},"primaryImageOfPage":{"@id":"https:\/\/www.thebestsocial.media\/de\/ueber-menschen-die-total-allergisch-reagieren-und-das-wortwoertlich\/#primaryimage"},"image":{"@id":"https:\/\/www.thebestsocial.media\/de\/ueber-menschen-die-total-allergisch-reagieren-und-das-wortwoertlich\/#primaryimage"},"thumbnailUrl":"https:\/\/www.thebestsocial.media\/de\/wp-content\/uploads\/sites\/3\/2022\/01\/woman-g5f1eded36_1920.jpg","datePublished":"2022-01-07T12:42:09+00:00","author":{"@id":"https:\/\/www.thebestsocial.media\/de\/#\/schema\/person\/5f13d9837bcff33cc8d453e30fa88553"},"breadcrumb":{"@id":"https:\/\/www.thebestsocial.media\/de\/ueber-menschen-die-total-allergisch-reagieren-und-das-wortwoertlich\/#breadcrumb"},"inLanguage":"de","potentialAction":[{"@type":"ReadAction","target":["https:\/\/www.thebestsocial.media\/de\/ueber-menschen-die-total-allergisch-reagieren-und-das-wortwoertlich\/"]}]},{"@type":"ImageObject","inLanguage":"de","@id":"https:\/\/www.thebestsocial.media\/de\/ueber-menschen-die-total-allergisch-reagieren-und-das-wortwoertlich\/#primaryimage","url":"https:\/\/www.thebestsocial.media\/de\/wp-content\/uploads\/sites\/3\/2022\/01\/woman-g5f1eded36_1920.jpg","contentUrl":"https:\/\/www.thebestsocial.media\/de\/wp-content\/uploads\/sites\/3\/2022\/01\/woman-g5f1eded36_1920.jpg","width":1285,"height":1920},{"@type":"BreadcrumbList","@id":"https:\/\/www.thebestsocial.media\/de\/ueber-menschen-die-total-allergisch-reagieren-und-das-wortwoertlich\/#breadcrumb","itemListElement":[{"@type":"ListItem","position":1,"name":"Home","item":"https:\/\/www.thebestsocial.media\/de\/"},{"@type":"ListItem","position":2,"name":"\u00dcber Menschen, die total allergisch reagieren. Und das wortw\u00f6rtlich:"}]},{"@type":"WebSite","@id":"https:\/\/www.thebestsocial.media\/de\/#website","url":"https:\/\/www.thebestsocial.media\/de\/","name":"The Best Social Media DE","description":"","potentialAction":[{"@type":"SearchAction","target":{"@type":"EntryPoint","urlTemplate":"https:\/\/www.thebestsocial.media\/de\/?s={search_term_string}"},"query-input":{"@type":"PropertyValueSpecification","valueRequired":true,"valueName":"search_term_string"}}],"inLanguage":"de"},{"@type":"Person","@id":"https:\/\/www.thebestsocial.media\/de\/#\/schema\/person\/5f13d9837bcff33cc8d453e30fa88553","name":"Johanna Burghagen","image":{"@type":"ImageObject","inLanguage":"de","@id":"https:\/\/secure.gravatar.com\/avatar\/8dfe01b309e4d382459737f38d2b4a93e798f4a0954f87f9c620bc34440b8c7e?s=96&d=mm&r=g","url":"https:\/\/secure.gravatar.com\/avatar\/8dfe01b309e4d382459737f38d2b4a93e798f4a0954f87f9c620bc34440b8c7e?s=96&d=mm&r=g","contentUrl":"https:\/\/secure.gravatar.com\/avatar\/8dfe01b309e4d382459737f38d2b4a93e798f4a0954f87f9c620bc34440b8c7e?s=96&d=mm&r=g","caption":"Johanna Burghagen"},"url":"https:\/\/www.thebestsocial.media\/de\/author\/johannaburghagen\/"}]}},"amp_enabled":true,"_links":{"self":[{"href":"https:\/\/www.thebestsocial.media\/de\/wp-json\/wp\/v2\/posts\/155193","targetHints":{"allow":["GET"]}}],"collection":[{"href":"https:\/\/www.thebestsocial.media\/de\/wp-json\/wp\/v2\/posts"}],"about":[{"href":"https:\/\/www.thebestsocial.media\/de\/wp-json\/wp\/v2\/types\/post"}],"author":[{"embeddable":true,"href":"https:\/\/www.thebestsocial.media\/de\/wp-json\/wp\/v2\/users\/88"}],"replies":[{"embeddable":true,"href":"https:\/\/www.thebestsocial.media\/de\/wp-json\/wp\/v2\/comments?post=155193"}],"version-history":[{"count":3,"href":"https:\/\/www.thebestsocial.media\/de\/wp-json\/wp\/v2\/posts\/155193\/revisions"}],"predecessor-version":[{"id":155196,"href":"https:\/\/www.thebestsocial.media\/de\/wp-json\/wp\/v2\/posts\/155193\/revisions\/155196"}],"wp:featuredmedia":[{"embeddable":true,"href":"https:\/\/www.thebestsocial.media\/de\/wp-json\/wp\/v2\/media\/155197"}],"wp:attachment":[{"href":"https:\/\/www.thebestsocial.media\/de\/wp-json\/wp\/v2\/media?parent=155193"}],"wp:term":[{"taxonomy":"category","embeddable":true,"href":"https:\/\/www.thebestsocial.media\/de\/wp-json\/wp\/v2\/categories?post=155193"},{"taxonomy":"post_tag","embeddable":true,"href":"https:\/\/www.thebestsocial.media\/de\/wp-json\/wp\/v2\/tags?post=155193"}],"curies":[{"name":"wp","href":"https:\/\/api.w.org\/{rel}","templated":true}]}}