{"id":154594,"date":"2021-12-22T11:05:16","date_gmt":"2021-12-22T11:05:16","guid":{"rendered":"https:\/\/www.thebestsocial.media\/de\/?p=154594"},"modified":"2021-12-22T11:05:16","modified_gmt":"2021-12-22T11:05:16","slug":"weniger-als-1074e-im-monat-user-reagieren-auf-neue-deutsche-armutsgrenze","status":"publish","type":"post","link":"https:\/\/www.thebestsocial.media\/de\/weniger-als-1074e-im-monat-user-reagieren-auf-neue-deutsche-armutsgrenze\/","title":{"rendered":"Weniger als 1074\u20ac im Monat? User reagieren auf neue deutsche Armutsgrenze"},"content":{"rendered":"<p>Wer in Deutschland im Monat weniger als 1074\u20ac zur Verf\u00fcgung hat gilt als arm. Das sich ein Gro\u00dfteil der Gesellschaft mittlerweile unter dieser Grenze befindet und viele das bis jetzt auch gar nicht wussten, zeigt sich in den Kommentaren der User unter diesem Tweet:<br \/>\n&nbsp;<br \/>\n<strong>Die harten Fakten.<\/strong><\/p>\n<blockquote class=\"twitter-tweet\">\n<p lang=\"de\" dir=\"ltr\">In Deutschland gilt man aktuell als arm, wenn man als Einzelperson weniger als 1074 \u20ac pro Monat zur Verf\u00fcgung hat. <\/p>\n<p>Ist euch bewusst wie viele Menschen in Deutschland arm sind?<\/p>\n<p>&mdash; Sandra (@SandraausHGW) <a href=\"https:\/\/twitter.com\/SandraausHGW\/status\/1472981105515053059?ref_src=twsrc%5Etfw\">December 20, 2021<\/a><\/p><\/blockquote>\n<p> <script async src=\"https:\/\/platform.twitter.com\/widgets.js\" charset=\"utf-8\"><\/script><\/p>\n<blockquote class=\"twitter-tweet\" data-conversation=\"none\">\n<p lang=\"de\" dir=\"ltr\">Gemeint ist das monatliche Einkommen.<\/p>\n<p>&mdash; Sandra (@SandraausHGW) <a href=\"https:\/\/twitter.com\/SandraausHGW\/status\/1472991600028569609?ref_src=twsrc%5Etfw\">December 20, 2021<\/a><\/p><\/blockquote>\n<p> <script async src=\"https:\/\/platform.twitter.com\/widgets.js\" charset=\"utf-8\"><\/script><br \/>\n&nbsp;<br \/>\n<strong>Das geht wohl vielen so.<\/strong><\/p>\n<blockquote class=\"twitter-tweet\" data-conversation=\"none\">\n<p lang=\"de\" dir=\"ltr\">Mir war gar nicht bewusst, dass ich arm bin \ud83e\udd7a<\/p>\n<p>&mdash; Sumpfkuh (@Sumpfkuh) <a href=\"https:\/\/twitter.com\/Sumpfkuh\/status\/1473237519135293441?ref_src=twsrc%5Etfw\">December 21, 2021<\/a><\/p><\/blockquote>\n<p> <script async src=\"https:\/\/platform.twitter.com\/widgets.js\" charset=\"utf-8\"><\/script><\/p>\n<blockquote class=\"twitter-tweet\" data-conversation=\"none\">\n<p lang=\"de\" dir=\"ltr\">Dann bin ich jetzt wohl arm<\/p>\n<p>&mdash; Ole Waschkau (@OleWaschkau) <a href=\"https:\/\/twitter.com\/OleWaschkau\/status\/1473273301648744452?ref_src=twsrc%5Etfw\">December 21, 2021<\/a><\/p><\/blockquote>\n<p> <script async src=\"https:\/\/platform.twitter.com\/widgets.js\" charset=\"utf-8\"><\/script><br \/>\n&nbsp;<br \/>\n<strong>Selbstst\u00e4ndigkeit und Corona haben sich in vielen F\u00e4llen nicht gut vertragen.<\/strong><\/p>\n<blockquote class=\"twitter-tweet\" data-conversation=\"none\">\n<p lang=\"de\" dir=\"ltr\">Als ich mich selbstst\u00e4ndig machte, kam ich im ersten Jahr etwa auf diesen Betrag monatlich. Das Finanzamt reagierte auf meine Steuererkl\u00e4rung ungl\u00e4ubig mit der Frage: \u201eWomit bestreiten Sie Ihren Lebensunterhalt?\u201c<\/p>\n<p>Verr\u00fcckt, dass man diese Frage nie Menschen in HartzIV stellt\u2026 <a href=\"https:\/\/t.co\/kPfbC7rngv\">pic.twitter.com\/kPfbC7rngv<\/a><\/p>\n<p>&mdash; Martin Kleiner \ud83e\uddfb (@kleinergag) <a href=\"https:\/\/twitter.com\/kleinergag\/status\/1473421562678292486?ref_src=twsrc%5Etfw\">December 21, 2021<\/a><\/p><\/blockquote>\n<p> <script async src=\"https:\/\/platform.twitter.com\/widgets.js\" charset=\"utf-8\"><\/script><br \/>\n&nbsp;<br \/>\n<strong>Der Teufel&#8230;immer auf den gr\u00f6\u00dften Haufen.<\/strong><\/p>\n<blockquote class=\"twitter-tweet\" data-conversation=\"none\">\n<p lang=\"de\" dir=\"ltr\">Beispiel Elon Musk: 2020 gelistet mit 180 Mrd. &#8211; 2021 300 Mrd. Halt das N\u00f6tigste, das man so zum Leben braucht.<\/p>\n<p>&mdash; Barbara Altmueller (@BAltmueller) <a href=\"https:\/\/twitter.com\/BAltmueller\/status\/1473485769692037124?ref_src=twsrc%5Etfw\">December 22, 2021<\/a><\/p><\/blockquote>\n<p> <script async src=\"https:\/\/platform.twitter.com\/widgets.js\" charset=\"utf-8\"><\/script><br \/>\n&nbsp;<br \/>\n<strong>Studenten finden sich h\u00e4ufig weit unter dieser Grenze.<\/strong><\/p>\n<blockquote class=\"twitter-tweet\" data-conversation=\"none\">\n<p lang=\"de\" dir=\"ltr\">1074\u20ac im Monat ist &quot;Arm&quot;? \ud83d\ude03<br \/>Dann z\u00e4hlen schon mal meine vier studierenden Kinder zu den Armen dieser Welt. <br \/>Arm bin ich doch wohl eher, wenn ich nicht ausreichend zu essen habe und kein Dach \u00fcber dem Kopf. Studenten geh\u00f6ren gew\u00f6hnlich nicht dazu.<\/p>\n<p>&mdash; Tschingis (@BSLiberal) <a href=\"https:\/\/twitter.com\/BSLiberal\/status\/1473234523907399681?ref_src=twsrc%5Etfw\">December 21, 2021<\/a><\/p><\/blockquote>\n<p> <script async src=\"https:\/\/platform.twitter.com\/widgets.js\" charset=\"utf-8\"><\/script><\/p>\n<blockquote class=\"twitter-tweet\" data-conversation=\"none\">\n<p lang=\"de\" dir=\"ltr\">Das haben Wissenschaftler*innen ermittelt. Armut f\u00e4ngt nicht erst mit Hunger an. Und ja, Studierende geh\u00f6ren \u00fcberwiegend zu der armen Bev\u00f6lkerung.<\/p>\n<p>&mdash; Sandra (@SandraausHGW) <a href=\"https:\/\/twitter.com\/SandraausHGW\/status\/1473235349778411523?ref_src=twsrc%5Etfw\">December 21, 2021<\/a><\/p><\/blockquote>\n<p> <script async src=\"https:\/\/platform.twitter.com\/widgets.js\" charset=\"utf-8\"><\/script><br \/>\n&nbsp;<br \/>\n<strong>Das Singledasein ist teuer.<\/strong><\/p>\n<blockquote class=\"twitter-tweet\" data-conversation=\"none\">\n<p lang=\"de\" dir=\"ltr\">\ud83d\ude4b\u200d\u2640\ufe0f lol ich hab gerade mal 500\u20ac und nicht genug, um zu essen. W\u00e4re ich Single, w\u00e4re ich tot hahaha<\/p>\n<p>&mdash; Nini (@Shigeako) <a href=\"https:\/\/twitter.com\/Shigeako\/status\/1472999356391374848?ref_src=twsrc%5Etfw\">December 20, 2021<\/a><\/p><\/blockquote>\n<p> <script async src=\"https:\/\/platform.twitter.com\/widgets.js\" charset=\"utf-8\"><\/script><\/p>\n<blockquote class=\"twitter-tweet\" data-conversation=\"none\">\n<p lang=\"de\" dir=\"ltr\">Same gleiches Spiel. Habe 442 Euro in der aktuellen Ausbildung. Allein unsere Miete kostet mit Strom und Internet schon 1000 Euro. Mit anderen Worten mein Geld ist weg, bevor es da ist.<\/p>\n<p>&mdash; Rettungsschickse\ud83c\uddec\ud83c\udde7 (@Rettungsschicks) <a href=\"https:\/\/twitter.com\/Rettungsschicks\/status\/1473204818185445378?ref_src=twsrc%5Etfw\">December 21, 2021<\/a><\/p><\/blockquote>\n<p> <script async src=\"https:\/\/platform.twitter.com\/widgets.js\" charset=\"utf-8\"><\/script><br \/>\n&nbsp;<br \/>\n<strong>Traurig aber wahr.<\/strong><\/p>\n<blockquote class=\"twitter-tweet\" data-conversation=\"none\">\n<p lang=\"de\" dir=\"ltr\">12\u20ac Mindestlohn sind bei 40.Stunden 1400.Netto.<\/p>\n<p>Wohnung unter 400\u20ac findet man kaum.<\/p>\n<p>Somit sind auch 12\u20ac Armutslohn!<\/p>\n<p>&mdash; Yannic \ud83c\udff3\ufe0f\u200d\ud83c\udf08 \ud83c\uddea\ud83c\uddfa (@Dendoxx1995) <a href=\"https:\/\/twitter.com\/Dendoxx1995\/status\/1472985745044484108?ref_src=twsrc%5Etfw\">December 20, 2021<\/a><\/p><\/blockquote>\n<p> <script async src=\"https:\/\/platform.twitter.com\/widgets.js\" charset=\"utf-8\"><\/script><br \/>\n&nbsp;<br \/>\n\u2014<br \/>\nVielen Dank an alle f\u00fcr die Posts.<br \/>\n\u2014<br \/>\n<strong>Keine Influencer! Kein Foodporn! Nur ganz viel Spa\u00df \u2013 bei uns auf Instagram:<\/strong><\/p>\n<blockquote class=\"instagram-media\" style=\"background: #FFF; border: 0; border-radius: 3px; box-shadow: 0 0 1px 0 rgba(0,0,0,0.5),0 1px 10px 0 rgba(0,0,0,0.15); margin: 1px; max-width: 540px; min-width: 326px; padding: 0; width: calc(100% - 2px);\" data-instgrm-captioned=\"\" data-instgrm-permalink=\"https:\/\/www.instagram.com\/p\/CXf-hnUqP1t\/?utm_source=ig_embed&amp;utm_campaign=loading\" data-instgrm-version=\"14\">\n<div style=\"padding: 16px;\">\n<p>&nbsp;<\/p>\n<div style=\"display: flex; flex-direction: row; align-items: center;\">\n<div style=\"background-color: #f4f4f4; border-radius: 50%; flex-grow: 0; height: 40px; margin-right: 14px; width: 40px;\"><\/div>\n<div style=\"display: flex; flex-direction: column; flex-grow: 1; justify-content: center;\">\n<div style=\"background-color: #f4f4f4; border-radius: 4px; flex-grow: 0; height: 14px; margin-bottom: 6px; width: 100px;\"><\/div>\n<div style=\"background-color: #f4f4f4; border-radius: 4px; flex-grow: 0; height: 14px; width: 60px;\"><\/div>\n<\/div>\n<\/div>\n<div style=\"padding: 19% 0;\"><\/div>\n<div style=\"display: block; height: 50px; margin: 0 auto 12px; width: 50px;\"><\/div>\n<div style=\"padding-top: 8px;\">\n<div style=\"color: #3897f0; font-family: Arial,sans-serif; font-size: 14px; font-style: normal; font-weight: 550; line-height: 18px;\">Sieh dir diesen Beitrag auf Instagram an<\/div>\n<\/div>\n<div style=\"padding: 12.5% 0;\"><\/div>\n<div style=\"display: flex; flex-direction: row; margin-bottom: 14px; align-items: center;\">\n<div>\n<div style=\"background-color: #f4f4f4; border-radius: 50%; height: 12.5px; width: 12.5px; transform: translateX(0px) translateY(7px);\"><\/div>\n<div style=\"background-color: #f4f4f4; height: 12.5px; transform: rotate(-45deg) translateX(3px) translateY(1px); width: 12.5px; flex-grow: 0; margin-right: 14px; margin-left: 2px;\"><\/div>\n<div style=\"background-color: #f4f4f4; border-radius: 50%; height: 12.5px; width: 12.5px; transform: translateX(9px) translateY(-18px);\"><\/div>\n<\/div>\n<div style=\"margin-left: 8px;\">\n<div style=\"background-color: #f4f4f4; border-radius: 50%; flex-grow: 0; height: 20px; width: 20px;\"><\/div>\n<div style=\"width: 0; height: 0; border-top: 2px solid transparent; border-left: 6px solid #f4f4f4; border-bottom: 2px solid transparent; transform: translateX(16px) translateY(-4px) rotate(30deg);\"><\/div>\n<\/div>\n<div style=\"margin-left: auto;\">\n<div style=\"width: 0px; border-top: 8px solid #F4F4F4; border-right: 8px solid transparent; transform: translateY(16px);\"><\/div>\n<div style=\"background-color: #f4f4f4; flex-grow: 0; height: 12px; width: 16px; transform: translateY(-4px);\"><\/div>\n<div style=\"width: 0; height: 0; border-top: 8px solid #F4F4F4; border-left: 8px solid transparent; transform: translateY(-4px) translateX(8px);\"><\/div>\n<\/div>\n<\/div>\n<div style=\"display: flex; flex-direction: column; flex-grow: 1; justify-content: center; margin-bottom: 24px;\">\n<div style=\"background-color: #f4f4f4; border-radius: 4px; flex-grow: 0; height: 14px; margin-bottom: 6px; width: 224px;\"><\/div>\n<div style=\"background-color: #f4f4f4; border-radius: 4px; flex-grow: 0; height: 14px; width: 144px;\"><\/div>\n<\/div>\n<p>&nbsp;<\/p>\n<p style=\"color: #c9c8cd; font-family: Arial,sans-serif; font-size: 14px; line-height: 17px; margin-bottom: 0; margin-top: 8px; overflow: hidden; padding: 8px 0 7px; text-align: center; text-overflow: ellipsis; white-space: nowrap;\"><a style=\"color: #c9c8cd; font-family: Arial,sans-serif; font-size: 14px; font-style: normal; font-weight: normal; line-height: 17px; text-decoration: none;\" href=\"https:\/\/www.instagram.com\/p\/CXf-hnUqP1t\/?utm_source=ig_embed&amp;utm_campaign=loading\" target=\"_blank\" rel=\"noopener\">Ein Beitrag geteilt von The Best Social Media &#8211; DE (@thebestsocialmediade)<\/a><\/p>\n<\/div>\n<\/blockquote>\n\n<script async defer src=\"\/instagram-embed.js\"><\/script>","protected":false},"excerpt":{"rendered":"<p>Wer in Deutschland im Monat weniger als 1074\u20ac zur Verf\u00fcgung hat gilt als arm. Das sich ein Gro\u00dfteil der Gesellschaft mittlerweile unter dieser Grenze befindet&#8230;<\/p>\n","protected":false},"author":77,"featured_media":154643,"comment_status":"open","ping_status":"open","sticky":false,"template":"","format":"standard","meta":{"_acf_changed":false,"footnotes":""},"categories":[35],"tags":[4782],"class_list":["post-154594","post","type-post","status-publish","format-standard","has-post-thumbnail","hentry","category-twitter","tag-armutsgrenze"],"acf":[],"yoast_head":"<!-- This site is optimized with the Yoast SEO plugin v27.5 - https:\/\/yoast.com\/product\/yoast-seo-wordpress\/ -->\n<title>Weniger als 1074\u20ac im Monat? User reagieren auf neue Armutsgrenze<\/title>\n<meta name=\"robots\" content=\"index, follow, max-snippet:-1, max-image-preview:large, max-video-preview:-1\" \/>\n<link rel=\"canonical\" href=\"https:\/\/www.thebestsocial.media\/de\/weniger-als-1074e-im-monat-user-reagieren-auf-neue-deutsche-armutsgrenze\/\" \/>\n<meta property=\"og:locale\" content=\"de_DE\" \/>\n<meta property=\"og:type\" content=\"article\" \/>\n<meta property=\"og:title\" content=\"Weniger als 1074\u20ac im Monat? User reagieren auf neue deutsche Armutsgrenze\" \/>\n<meta property=\"og:description\" content=\"Wer in Deutschland im Monat weniger als 1074\u20ac zur Verf\u00fcgung hat gilt als arm. Das sich ein Gro\u00dfteil der Gesellschaft mittlerweile unter dieser Grenze befindet...\" \/>\n<meta property=\"og:url\" content=\"https:\/\/www.thebestsocial.media\/de\/weniger-als-1074e-im-monat-user-reagieren-auf-neue-deutsche-armutsgrenze\/\" \/>\n<meta property=\"og:site_name\" content=\"The Best Social Media DE\" \/>\n<meta property=\"article:author\" content=\"https:\/\/www.facebook.com\/adrian.krug.5\" \/>\n<meta property=\"article:published_time\" content=\"2021-12-22T11:05:16+00:00\" \/>\n<meta property=\"og:image\" content=\"https:\/\/www.thebestsocial.media\/de\/wp-content\/uploads\/sites\/3\/2021\/12\/Header_Bild_Neu.arm_.png\" \/>\n\t<meta property=\"og:image:width\" content=\"1200\" \/>\n\t<meta property=\"og:image:height\" content=\"630\" \/>\n\t<meta property=\"og:image:type\" content=\"image\/png\" \/>\n<meta name=\"author\" content=\"Adrian Krug\" \/>\n<meta name=\"twitter:card\" content=\"summary_large_image\" \/>\n<meta name=\"twitter:creator\" content=\"@https:\/\/twitter.com\/Hasscompilation\" \/>\n<meta name=\"twitter:label1\" content=\"Verfasst von\" \/>\n\t<meta name=\"twitter:data1\" content=\"Adrian Krug\" \/>\n\t<meta name=\"twitter:label2\" content=\"Gesch\u00e4tzte Lesezeit\" \/>\n\t<meta name=\"twitter:data2\" content=\"2\u00a0Minuten\" \/>\n<script type=\"application\/ld+json\" class=\"yoast-schema-graph\">{\"@context\":\"https:\\\/\\\/schema.org\",\"@graph\":[{\"@type\":\"Article\",\"@id\":\"https:\\\/\\\/www.thebestsocial.media\\\/de\\\/weniger-als-1074e-im-monat-user-reagieren-auf-neue-deutsche-armutsgrenze\\\/#article\",\"isPartOf\":{\"@id\":\"https:\\\/\\\/www.thebestsocial.media\\\/de\\\/weniger-als-1074e-im-monat-user-reagieren-auf-neue-deutsche-armutsgrenze\\\/\"},\"author\":{\"name\":\"Adrian Krug\",\"@id\":\"https:\\\/\\\/www.thebestsocial.media\\\/de\\\/#\\\/schema\\\/person\\\/f6571568c8f173869acb99d089b1223b\"},\"headline\":\"Weniger als 1074\u20ac im Monat? User reagieren auf neue deutsche Armutsgrenze\",\"datePublished\":\"2021-12-22T11:05:16+00:00\",\"mainEntityOfPage\":{\"@id\":\"https:\\\/\\\/www.thebestsocial.media\\\/de\\\/weniger-als-1074e-im-monat-user-reagieren-auf-neue-deutsche-armutsgrenze\\\/\"},\"wordCount\":445,\"commentCount\":0,\"image\":{\"@id\":\"https:\\\/\\\/www.thebestsocial.media\\\/de\\\/weniger-als-1074e-im-monat-user-reagieren-auf-neue-deutsche-armutsgrenze\\\/#primaryimage\"},\"thumbnailUrl\":\"https:\\\/\\\/www.thebestsocial.media\\\/de\\\/wp-content\\\/uploads\\\/sites\\\/3\\\/2021\\\/12\\\/poverty-g6866c0465_1920.jpg\",\"keywords\":[\"Armutsgrenze\"],\"articleSection\":[\"Twitter\"],\"inLanguage\":\"de\",\"potentialAction\":[{\"@type\":\"CommentAction\",\"name\":\"Comment\",\"target\":[\"https:\\\/\\\/www.thebestsocial.media\\\/de\\\/weniger-als-1074e-im-monat-user-reagieren-auf-neue-deutsche-armutsgrenze\\\/#respond\"]}]},{\"@type\":\"WebPage\",\"@id\":\"https:\\\/\\\/www.thebestsocial.media\\\/de\\\/weniger-als-1074e-im-monat-user-reagieren-auf-neue-deutsche-armutsgrenze\\\/\",\"url\":\"https:\\\/\\\/www.thebestsocial.media\\\/de\\\/weniger-als-1074e-im-monat-user-reagieren-auf-neue-deutsche-armutsgrenze\\\/\",\"name\":\"Weniger als 1074\u20ac im Monat? User reagieren auf neue Armutsgrenze\",\"isPartOf\":{\"@id\":\"https:\\\/\\\/www.thebestsocial.media\\\/de\\\/#website\"},\"primaryImageOfPage\":{\"@id\":\"https:\\\/\\\/www.thebestsocial.media\\\/de\\\/weniger-als-1074e-im-monat-user-reagieren-auf-neue-deutsche-armutsgrenze\\\/#primaryimage\"},\"image\":{\"@id\":\"https:\\\/\\\/www.thebestsocial.media\\\/de\\\/weniger-als-1074e-im-monat-user-reagieren-auf-neue-deutsche-armutsgrenze\\\/#primaryimage\"},\"thumbnailUrl\":\"https:\\\/\\\/www.thebestsocial.media\\\/de\\\/wp-content\\\/uploads\\\/sites\\\/3\\\/2021\\\/12\\\/poverty-g6866c0465_1920.jpg\",\"datePublished\":\"2021-12-22T11:05:16+00:00\",\"author\":{\"@id\":\"https:\\\/\\\/www.thebestsocial.media\\\/de\\\/#\\\/schema\\\/person\\\/f6571568c8f173869acb99d089b1223b\"},\"breadcrumb\":{\"@id\":\"https:\\\/\\\/www.thebestsocial.media\\\/de\\\/weniger-als-1074e-im-monat-user-reagieren-auf-neue-deutsche-armutsgrenze\\\/#breadcrumb\"},\"inLanguage\":\"de\",\"potentialAction\":[{\"@type\":\"ReadAction\",\"target\":[\"https:\\\/\\\/www.thebestsocial.media\\\/de\\\/weniger-als-1074e-im-monat-user-reagieren-auf-neue-deutsche-armutsgrenze\\\/\"]}]},{\"@type\":\"ImageObject\",\"inLanguage\":\"de\",\"@id\":\"https:\\\/\\\/www.thebestsocial.media\\\/de\\\/weniger-als-1074e-im-monat-user-reagieren-auf-neue-deutsche-armutsgrenze\\\/#primaryimage\",\"url\":\"https:\\\/\\\/www.thebestsocial.media\\\/de\\\/wp-content\\\/uploads\\\/sites\\\/3\\\/2021\\\/12\\\/poverty-g6866c0465_1920.jpg\",\"contentUrl\":\"https:\\\/\\\/www.thebestsocial.media\\\/de\\\/wp-content\\\/uploads\\\/sites\\\/3\\\/2021\\\/12\\\/poverty-g6866c0465_1920.jpg\",\"width\":1920,\"height\":1280},{\"@type\":\"BreadcrumbList\",\"@id\":\"https:\\\/\\\/www.thebestsocial.media\\\/de\\\/weniger-als-1074e-im-monat-user-reagieren-auf-neue-deutsche-armutsgrenze\\\/#breadcrumb\",\"itemListElement\":[{\"@type\":\"ListItem\",\"position\":1,\"name\":\"Home\",\"item\":\"https:\\\/\\\/www.thebestsocial.media\\\/de\\\/\"},{\"@type\":\"ListItem\",\"position\":2,\"name\":\"Weniger als 1074\u20ac im Monat? User reagieren auf neue deutsche Armutsgrenze\"}]},{\"@type\":\"WebSite\",\"@id\":\"https:\\\/\\\/www.thebestsocial.media\\\/de\\\/#website\",\"url\":\"https:\\\/\\\/www.thebestsocial.media\\\/de\\\/\",\"name\":\"The Best Social Media DE\",\"description\":\"\",\"potentialAction\":[{\"@type\":\"SearchAction\",\"target\":{\"@type\":\"EntryPoint\",\"urlTemplate\":\"https:\\\/\\\/www.thebestsocial.media\\\/de\\\/?s={search_term_string}\"},\"query-input\":{\"@type\":\"PropertyValueSpecification\",\"valueRequired\":true,\"valueName\":\"search_term_string\"}}],\"inLanguage\":\"de\"},{\"@type\":\"Person\",\"@id\":\"https:\\\/\\\/www.thebestsocial.media\\\/de\\\/#\\\/schema\\\/person\\\/f6571568c8f173869acb99d089b1223b\",\"name\":\"Adrian Krug\",\"image\":{\"@type\":\"ImageObject\",\"inLanguage\":\"de\",\"@id\":\"https:\\\/\\\/secure.gravatar.com\\\/avatar\\\/c03aa48839ac1555ec73dfc0827342b090445264901990679cd3f8c6ef4ac2d7?s=96&d=mm&r=g\",\"url\":\"https:\\\/\\\/secure.gravatar.com\\\/avatar\\\/c03aa48839ac1555ec73dfc0827342b090445264901990679cd3f8c6ef4ac2d7?s=96&d=mm&r=g\",\"contentUrl\":\"https:\\\/\\\/secure.gravatar.com\\\/avatar\\\/c03aa48839ac1555ec73dfc0827342b090445264901990679cd3f8c6ef4ac2d7?s=96&d=mm&r=g\",\"caption\":\"Adrian Krug\"},\"description\":\"Ich bin Endeditor f\u00fcr TBSM DE und Creative Lead f\u00fcr Projekte auf Agenturseite.\",\"sameAs\":[\"https:\\\/\\\/www.facebook.com\\\/adrian.krug.5\",\"https:\\\/\\\/www.linkedin.com\\\/in\\\/adrian-krug-27536221a\\\/\",\"https:\\\/\\\/x.com\\\/https:\\\/\\\/twitter.com\\\/Hasscompilation\"],\"url\":\"https:\\\/\\\/www.thebestsocial.media\\\/de\\\/author\\\/adriankrug\\\/\"}]}<\/script>\n<!-- \/ Yoast SEO plugin. -->","yoast_head_json":{"title":"Weniger als 1074\u20ac im Monat? User reagieren auf neue Armutsgrenze","robots":{"index":"index","follow":"follow","max-snippet":"max-snippet:-1","max-image-preview":"max-image-preview:large","max-video-preview":"max-video-preview:-1"},"canonical":"https:\/\/www.thebestsocial.media\/de\/weniger-als-1074e-im-monat-user-reagieren-auf-neue-deutsche-armutsgrenze\/","og_locale":"de_DE","og_type":"article","og_title":"Weniger als 1074\u20ac im Monat? User reagieren auf neue deutsche Armutsgrenze","og_description":"Wer in Deutschland im Monat weniger als 1074\u20ac zur Verf\u00fcgung hat gilt als arm. Das sich ein Gro\u00dfteil der Gesellschaft mittlerweile unter dieser Grenze befindet...","og_url":"https:\/\/www.thebestsocial.media\/de\/weniger-als-1074e-im-monat-user-reagieren-auf-neue-deutsche-armutsgrenze\/","og_site_name":"The Best Social Media DE","article_author":"https:\/\/www.facebook.com\/adrian.krug.5","article_published_time":"2021-12-22T11:05:16+00:00","og_image":[{"width":1200,"height":630,"url":"https:\/\/www.thebestsocial.media\/de\/wp-content\/uploads\/sites\/3\/2021\/12\/Header_Bild_Neu.arm_.png","type":"image\/png"}],"author":"Adrian Krug","twitter_card":"summary_large_image","twitter_creator":"@https:\/\/twitter.com\/Hasscompilation","twitter_misc":{"Verfasst von":"Adrian Krug","Gesch\u00e4tzte Lesezeit":"2\u00a0Minuten"},"schema":{"@context":"https:\/\/schema.org","@graph":[{"@type":"Article","@id":"https:\/\/www.thebestsocial.media\/de\/weniger-als-1074e-im-monat-user-reagieren-auf-neue-deutsche-armutsgrenze\/#article","isPartOf":{"@id":"https:\/\/www.thebestsocial.media\/de\/weniger-als-1074e-im-monat-user-reagieren-auf-neue-deutsche-armutsgrenze\/"},"author":{"name":"Adrian Krug","@id":"https:\/\/www.thebestsocial.media\/de\/#\/schema\/person\/f6571568c8f173869acb99d089b1223b"},"headline":"Weniger als 1074\u20ac im Monat? User reagieren auf neue deutsche Armutsgrenze","datePublished":"2021-12-22T11:05:16+00:00","mainEntityOfPage":{"@id":"https:\/\/www.thebestsocial.media\/de\/weniger-als-1074e-im-monat-user-reagieren-auf-neue-deutsche-armutsgrenze\/"},"wordCount":445,"commentCount":0,"image":{"@id":"https:\/\/www.thebestsocial.media\/de\/weniger-als-1074e-im-monat-user-reagieren-auf-neue-deutsche-armutsgrenze\/#primaryimage"},"thumbnailUrl":"https:\/\/www.thebestsocial.media\/de\/wp-content\/uploads\/sites\/3\/2021\/12\/poverty-g6866c0465_1920.jpg","keywords":["Armutsgrenze"],"articleSection":["Twitter"],"inLanguage":"de","potentialAction":[{"@type":"CommentAction","name":"Comment","target":["https:\/\/www.thebestsocial.media\/de\/weniger-als-1074e-im-monat-user-reagieren-auf-neue-deutsche-armutsgrenze\/#respond"]}]},{"@type":"WebPage","@id":"https:\/\/www.thebestsocial.media\/de\/weniger-als-1074e-im-monat-user-reagieren-auf-neue-deutsche-armutsgrenze\/","url":"https:\/\/www.thebestsocial.media\/de\/weniger-als-1074e-im-monat-user-reagieren-auf-neue-deutsche-armutsgrenze\/","name":"Weniger als 1074\u20ac im Monat? User reagieren auf neue Armutsgrenze","isPartOf":{"@id":"https:\/\/www.thebestsocial.media\/de\/#website"},"primaryImageOfPage":{"@id":"https:\/\/www.thebestsocial.media\/de\/weniger-als-1074e-im-monat-user-reagieren-auf-neue-deutsche-armutsgrenze\/#primaryimage"},"image":{"@id":"https:\/\/www.thebestsocial.media\/de\/weniger-als-1074e-im-monat-user-reagieren-auf-neue-deutsche-armutsgrenze\/#primaryimage"},"thumbnailUrl":"https:\/\/www.thebestsocial.media\/de\/wp-content\/uploads\/sites\/3\/2021\/12\/poverty-g6866c0465_1920.jpg","datePublished":"2021-12-22T11:05:16+00:00","author":{"@id":"https:\/\/www.thebestsocial.media\/de\/#\/schema\/person\/f6571568c8f173869acb99d089b1223b"},"breadcrumb":{"@id":"https:\/\/www.thebestsocial.media\/de\/weniger-als-1074e-im-monat-user-reagieren-auf-neue-deutsche-armutsgrenze\/#breadcrumb"},"inLanguage":"de","potentialAction":[{"@type":"ReadAction","target":["https:\/\/www.thebestsocial.media\/de\/weniger-als-1074e-im-monat-user-reagieren-auf-neue-deutsche-armutsgrenze\/"]}]},{"@type":"ImageObject","inLanguage":"de","@id":"https:\/\/www.thebestsocial.media\/de\/weniger-als-1074e-im-monat-user-reagieren-auf-neue-deutsche-armutsgrenze\/#primaryimage","url":"https:\/\/www.thebestsocial.media\/de\/wp-content\/uploads\/sites\/3\/2021\/12\/poverty-g6866c0465_1920.jpg","contentUrl":"https:\/\/www.thebestsocial.media\/de\/wp-content\/uploads\/sites\/3\/2021\/12\/poverty-g6866c0465_1920.jpg","width":1920,"height":1280},{"@type":"BreadcrumbList","@id":"https:\/\/www.thebestsocial.media\/de\/weniger-als-1074e-im-monat-user-reagieren-auf-neue-deutsche-armutsgrenze\/#breadcrumb","itemListElement":[{"@type":"ListItem","position":1,"name":"Home","item":"https:\/\/www.thebestsocial.media\/de\/"},{"@type":"ListItem","position":2,"name":"Weniger als 1074\u20ac im Monat? User reagieren auf neue deutsche Armutsgrenze"}]},{"@type":"WebSite","@id":"https:\/\/www.thebestsocial.media\/de\/#website","url":"https:\/\/www.thebestsocial.media\/de\/","name":"The Best Social Media DE","description":"","potentialAction":[{"@type":"SearchAction","target":{"@type":"EntryPoint","urlTemplate":"https:\/\/www.thebestsocial.media\/de\/?s={search_term_string}"},"query-input":{"@type":"PropertyValueSpecification","valueRequired":true,"valueName":"search_term_string"}}],"inLanguage":"de"},{"@type":"Person","@id":"https:\/\/www.thebestsocial.media\/de\/#\/schema\/person\/f6571568c8f173869acb99d089b1223b","name":"Adrian Krug","image":{"@type":"ImageObject","inLanguage":"de","@id":"https:\/\/secure.gravatar.com\/avatar\/c03aa48839ac1555ec73dfc0827342b090445264901990679cd3f8c6ef4ac2d7?s=96&d=mm&r=g","url":"https:\/\/secure.gravatar.com\/avatar\/c03aa48839ac1555ec73dfc0827342b090445264901990679cd3f8c6ef4ac2d7?s=96&d=mm&r=g","contentUrl":"https:\/\/secure.gravatar.com\/avatar\/c03aa48839ac1555ec73dfc0827342b090445264901990679cd3f8c6ef4ac2d7?s=96&d=mm&r=g","caption":"Adrian Krug"},"description":"Ich bin Endeditor f\u00fcr TBSM DE und Creative Lead f\u00fcr Projekte auf Agenturseite.","sameAs":["https:\/\/www.facebook.com\/adrian.krug.5","https:\/\/www.linkedin.com\/in\/adrian-krug-27536221a\/","https:\/\/x.com\/https:\/\/twitter.com\/Hasscompilation"],"url":"https:\/\/www.thebestsocial.media\/de\/author\/adriankrug\/"}]}},"amp_enabled":true,"_links":{"self":[{"href":"https:\/\/www.thebestsocial.media\/de\/wp-json\/wp\/v2\/posts\/154594","targetHints":{"allow":["GET"]}}],"collection":[{"href":"https:\/\/www.thebestsocial.media\/de\/wp-json\/wp\/v2\/posts"}],"about":[{"href":"https:\/\/www.thebestsocial.media\/de\/wp-json\/wp\/v2\/types\/post"}],"author":[{"embeddable":true,"href":"https:\/\/www.thebestsocial.media\/de\/wp-json\/wp\/v2\/users\/77"}],"replies":[{"embeddable":true,"href":"https:\/\/www.thebestsocial.media\/de\/wp-json\/wp\/v2\/comments?post=154594"}],"version-history":[{"count":6,"href":"https:\/\/www.thebestsocial.media\/de\/wp-json\/wp\/v2\/posts\/154594\/revisions"}],"predecessor-version":[{"id":154642,"href":"https:\/\/www.thebestsocial.media\/de\/wp-json\/wp\/v2\/posts\/154594\/revisions\/154642"}],"wp:featuredmedia":[{"embeddable":true,"href":"https:\/\/www.thebestsocial.media\/de\/wp-json\/wp\/v2\/media\/154643"}],"wp:attachment":[{"href":"https:\/\/www.thebestsocial.media\/de\/wp-json\/wp\/v2\/media?parent=154594"}],"wp:term":[{"taxonomy":"category","embeddable":true,"href":"https:\/\/www.thebestsocial.media\/de\/wp-json\/wp\/v2\/categories?post=154594"},{"taxonomy":"post_tag","embeddable":true,"href":"https:\/\/www.thebestsocial.media\/de\/wp-json\/wp\/v2\/tags?post=154594"}],"curies":[{"name":"wp","href":"https:\/\/api.w.org\/{rel}","templated":true}]}}