{"id":154552,"date":"2021-12-20T10:33:36","date_gmt":"2021-12-20T10:33:36","guid":{"rendered":"https:\/\/www.thebestsocial.media\/de\/?p=154552"},"modified":"2021-12-20T10:33:53","modified_gmt":"2021-12-20T10:33:53","slug":"lockdown-reloaded-die-netzreaktionen-zu-moeglichen-neuen-corona-massnahmen","status":"publish","type":"post","link":"https:\/\/www.thebestsocial.media\/de\/lockdown-reloaded-die-netzreaktionen-zu-moeglichen-neuen-corona-massnahmen\/","title":{"rendered":"Lockdown reloaded: Die Netzreaktionen zu m\u00f6glichen neuen Corona Ma\u00dfnahmen"},"content":{"rendered":"<p>Die Omnikron Variante verbreitet sich in Europa schneller als gedacht. L\u00e4nder wie die Niederlande versch\u00e4rfen bereits jetzt ihre Ma\u00dfnahmen drastisch und rufen einen strikten Lockdown bis Mitte Januar 2022 aus. In den sozialen Netzwerken wird wild diskutiert. Soll Deutschland nicht auch bereits jetzt h\u00e4rteren Regelungen \u00fcbergehen? Kann nur so eine f\u00fcnfte Welle abgeschmettert werden? Eine Sammlung der Reaktionen aus dem Netz:<br \/>\n&nbsp;<br \/>\n<strong>Es werden bereits erste Wetten abgeschlossen.<\/strong><\/p>\n<blockquote class=\"twitter-tweet\">\n<p lang=\"de\" dir=\"ltr\">5Euro auf <a href=\"https:\/\/twitter.com\/hashtag\/Lockdown?src=hash&amp;ref_src=twsrc%5Etfw\">#Lockdown<\/a> ab 27.12. \ud83e\udd0c\ud83c\udffb<\/p>\n<p>&mdash; Ingmar\ud83c\udf46\ud83d\udc3cStadelmann (@IngmarStadelman) <a href=\"https:\/\/twitter.com\/IngmarStadelman\/status\/1472686072517771275?ref_src=twsrc%5Etfw\">December 19, 2021<\/a><\/p><\/blockquote>\n<p> <script async src=\"https:\/\/platform.twitter.com\/widgets.js\" charset=\"utf-8\"><\/script><br \/>\n&nbsp;<br \/>\n<strong>Der Virus kennt (keine) Grenzen.<\/strong><\/p>\n<blockquote class=\"twitter-tweet\">\n<p lang=\"de\" dir=\"ltr\">Holland: heute 5:00 Uhr <a href=\"https:\/\/twitter.com\/hashtag\/Lockdown?src=hash&amp;ref_src=twsrc%5Etfw\">#Lockdown<\/a><\/p>\n<p>K\u00f6ln: heute 13:00 Uhr verkaufsoffener Sonntag<\/p>\n<p>Dazwischen liegen 1 Stunde im Auto und 2 Wochen <a href=\"https:\/\/twitter.com\/hashtag\/Omikron?src=hash&amp;ref_src=twsrc%5Etfw\">#Omikron<\/a><\/p>\n<p>&mdash; wenig Worte (@wenig_worte) <a href=\"https:\/\/twitter.com\/wenig_worte\/status\/1472483127255871488?ref_src=twsrc%5Etfw\">December 19, 2021<\/a><\/p><\/blockquote>\n<p> <script async src=\"https:\/\/platform.twitter.com\/widgets.js\" charset=\"utf-8\"><\/script><\/p>\n<blockquote class=\"twitter-tweet\">\n<p lang=\"de\" dir=\"ltr\">Sehe ich das richtig, dass morgen in NRW viele St\u00e4dte verkaufsoffenen Sonntag haben? Und Weihnachtsm\u00e4rkte auch offen? Und in Holland Lockdown; die kommen vielleicht zum Einkaufen dann her.<\/p>\n<p>Und Montag wieder Schule. \ud83d\ude48<\/p>\n<p>Dann Weihnachten.<\/p>\n<p>&mdash; Danijel Vi\u0161evi\u0107 (@visevic) <a href=\"https:\/\/twitter.com\/visevic\/status\/1472349184325992456?ref_src=twsrc%5Etfw\">December 18, 2021<\/a><\/p><\/blockquote>\n<p> <script async src=\"https:\/\/platform.twitter.com\/widgets.js\" charset=\"utf-8\"><\/script><br \/>\n&nbsp;<br \/>\n<strong>In vielen Posts spiegelt sich die pure Verzweiflung wieder.<\/strong><\/p>\n<blockquote class=\"twitter-tweet\">\n<p lang=\"de\" dir=\"ltr\">Also ich sehe sehr viel psychische Belastungen bei Menschen, die die Pandemie verstehen und das nicht konsequente Vorgehen der Regierung zum verzweifeln bringt! Das f\u00fchr zur Hilflosigkeit, Angst und Wut! Ein kurzer konsequenter Lockdown w\u00e4re wahrscheinlich besser zu ertragen!<\/p>\n<p>&mdash; Sophie (@Sophie111078) <a href=\"https:\/\/twitter.com\/Sophie111078\/status\/1472512914426892289?ref_src=twsrc%5Etfw\">December 19, 2021<\/a><\/p><\/blockquote>\n<p> <script async src=\"https:\/\/platform.twitter.com\/widgets.js\" charset=\"utf-8\"><\/script><br \/>\n&nbsp;<br \/>\n<strong>Es stehen wohl erneuet harte Zeiten bevor.<\/strong><\/p>\n<blockquote class=\"twitter-tweet\">\n<p lang=\"en\" dir=\"ltr\">if we lockdown again i am skipping right past the learning new hobbies phase and going straight into the alcohol and drugs phase<\/p>\n<p>&mdash; tony ferraro (@tony_ferraro7) <a href=\"https:\/\/twitter.com\/tony_ferraro7\/status\/1471915129931452423?ref_src=twsrc%5Etfw\">December 17, 2021<\/a><\/p><\/blockquote>\n<p> <script async src=\"https:\/\/platform.twitter.com\/widgets.js\" charset=\"utf-8\"><\/script><br \/>\n&nbsp;<br \/>\n<strong>Die bittere Wahrheit.<\/strong><\/p>\n<blockquote class=\"twitter-tweet\">\n<p lang=\"de\" dir=\"ltr\">UK: Katastrophenfall in London ausgerufen <br \/>Niederlande: Strenger Lockdown und Kontaktbeschr\u00e4nkungen<br \/>Deutschland: Hold my Gl\u00fchwein am verkaufsoffenen Sonntag<\/p>\n<p>&mdash; Pia Lamberty (@pia_lamberty) <a href=\"https:\/\/twitter.com\/pia_lamberty\/status\/1472580052109910022?ref_src=twsrc%5Etfw\">December 19, 2021<\/a><\/p><\/blockquote>\n<p> <script async src=\"https:\/\/platform.twitter.com\/widgets.js\" charset=\"utf-8\"><\/script><br \/>\n&nbsp;<br \/>\n<strong>Man scheint sich uneins.<\/strong><\/p>\n<blockquote class=\"twitter-tweet\">\n<p lang=\"de\" dir=\"ltr\">Gerade in Pandemiezeiten gilt: es geht nichts \u00fcber eine einheitliche und klare Kommunikation. <a href=\"https:\/\/twitter.com\/hashtag\/Expertenrat?src=hash&amp;ref_src=twsrc%5Etfw\">#Expertenrat<\/a> <a href=\"https:\/\/twitter.com\/hashtag\/Lauterbach?src=hash&amp;ref_src=twsrc%5Etfw\">#Lauterbach<\/a> <a href=\"https:\/\/t.co\/ollSz6cdnK\">pic.twitter.com\/ollSz6cdnK<\/a><\/p>\n<p>&mdash; extra3 (@extra3) <a href=\"https:\/\/twitter.com\/extra3\/status\/1472612254952660999?ref_src=twsrc%5Etfw\">December 19, 2021<\/a><\/p><\/blockquote>\n<p> <script async src=\"https:\/\/platform.twitter.com\/widgets.js\" charset=\"utf-8\"><\/script><br \/>\n&nbsp;<br \/>\n<strong>Wir waren noch nie die Schnellsten.<\/strong><\/p>\n<blockquote class=\"twitter-tweet\">\n<p lang=\"de\" dir=\"ltr\">Nachbarl\u00e4nder machen das \u00f6ffentliche Leben dicht, weil sie MESSEN k\u00f6nnen, dass sich <a href=\"https:\/\/twitter.com\/hashtag\/Omikron?src=hash&amp;ref_src=twsrc%5Etfw\">#Omikron<\/a> massiv ausbreitet und der <a href=\"https:\/\/twitter.com\/hashtag\/Zusammenbruch?src=hash&amp;ref_src=twsrc%5Etfw\">#Zusammenbruch<\/a> droht.<\/p>\n<p>Deutschland beginnt heute mit der Typisierung von Positiv-Tests, ob die &quot;neue&quot; Variante vorliegt. Keine Pointe.<\/p>\n<p>&mdash; Thomas H. Kaspar (@Bibliothomas) <a href=\"https:\/\/twitter.com\/Bibliothomas\/status\/1472806394910982148?ref_src=twsrc%5Etfw\">December 20, 2021<\/a><\/p><\/blockquote>\n<p> <script async src=\"https:\/\/platform.twitter.com\/widgets.js\" charset=\"utf-8\"><\/script><br \/>\n&nbsp;<br \/>\n<strong>Scheinbar kein Fan der FDP.<\/strong><\/p>\n<blockquote class=\"twitter-tweet\">\n<p lang=\"de\" dir=\"ltr\">FDP: einen Lockdown darf es nicht geben<\/p>\n<p>DIVI: es droht Zusammenbruch der Gesundheitsversorgung <\/p>\n<p>FDP: einen Lockdown darf es nicht geben<a href=\"https:\/\/twitter.com\/hashtag\/Expertenrat?src=hash&amp;ref_src=twsrc%5Etfw\">#Expertenrat<\/a>: es droht Zusammenbruch der kritischen Infrastruktur von Polizei bis Wasserversorgung <\/p>\n<p>FDP: einen Lockdown darf es nicht geben<\/p>\n<p>&mdash; wenig Worte (@wenig_worte) <a href=\"https:\/\/twitter.com\/wenig_worte\/status\/1472835828229496835?ref_src=twsrc%5Etfw\">December 20, 2021<\/a><\/p><\/blockquote>\n<p> <script async src=\"https:\/\/platform.twitter.com\/widgets.js\" charset=\"utf-8\"><\/script><\/p>\n<blockquote class=\"twitter-tweet\">\n<p lang=\"de\" dir=\"ltr\">Der n\u00e4chste Lockdown wird dann so aussehen dass alle zu Hause bleiben m\u00fcssen au\u00dfer den ungeimpften Querdenkern die in jeder Stadt t\u00e4glich unter Polizeischutz Fackelz\u00fcge machen<\/p>\n<p>&mdash; Dr. Dr. Dilara \ud83c\udf4b (@_arnocao) <a href=\"https:\/\/twitter.com\/_arnocao\/status\/1472810568151097347?ref_src=twsrc%5Etfw\">December 20, 2021<\/a><\/p><\/blockquote>\n<p> <script async src=\"https:\/\/platform.twitter.com\/widgets.js\" charset=\"utf-8\"><\/script><\/p>\n<p>&nbsp;<br \/>\n___<br \/>\nVielen Dank an alle f\u00fcr die Posts!<br \/>\n___<br \/>\n<strong>Keine Influencer! Kein Foodporn! Nur ganz viel Spa\u00df \u2013 bei uns auf Instagram:<\/strong><\/p>\n<blockquote class=\"instagram-media\" style=\"background: #FFF; border: 0; border-radius: 3px; box-shadow: 0 0 1px 0 rgba(0,0,0,0.5),0 1px 10px 0 rgba(0,0,0,0.15); margin: 1px; max-width: 540px; min-width: 326px; padding: 0; width: calc(100% - 2px);\" data-instgrm-captioned=\"\" data-instgrm-permalink=\"https:\/\/www.instagram.com\/p\/CXazacYM1-q\/?utm_source=ig_embed&amp;utm_campaign=loading\" data-instgrm-version=\"14\">\n<div style=\"padding: 16px;\">\n<p>&nbsp;<\/p>\n<div style=\"display: flex; flex-direction: row; align-items: center;\">\n<div style=\"background-color: #f4f4f4; border-radius: 50%; flex-grow: 0; height: 40px; margin-right: 14px; width: 40px;\"><\/div>\n<div style=\"display: flex; flex-direction: column; flex-grow: 1; justify-content: center;\">\n<div style=\"background-color: #f4f4f4; border-radius: 4px; flex-grow: 0; height: 14px; margin-bottom: 6px; width: 100px;\"><\/div>\n<div style=\"background-color: #f4f4f4; border-radius: 4px; flex-grow: 0; height: 14px; width: 60px;\"><\/div>\n<\/div>\n<\/div>\n<div style=\"padding: 19% 0;\"><\/div>\n<div style=\"display: block; height: 50px; margin: 0 auto 12px; width: 50px;\"><\/div>\n<div style=\"padding-top: 8px;\">\n<div style=\"color: #3897f0; font-family: Arial,sans-serif; font-size: 14px; font-style: normal; font-weight: 550; line-height: 18px;\">Sieh dir diesen Beitrag auf Instagram an<\/div>\n<\/div>\n<div style=\"padding: 12.5% 0;\"><\/div>\n<div style=\"display: flex; flex-direction: row; margin-bottom: 14px; align-items: center;\">\n<div>\n<div style=\"background-color: #f4f4f4; border-radius: 50%; height: 12.5px; width: 12.5px; transform: translateX(0px) translateY(7px);\"><\/div>\n<div style=\"background-color: #f4f4f4; height: 12.5px; transform: rotate(-45deg) translateX(3px) translateY(1px); width: 12.5px; flex-grow: 0; margin-right: 14px; margin-left: 2px;\"><\/div>\n<div style=\"background-color: #f4f4f4; border-radius: 50%; height: 12.5px; width: 12.5px; transform: translateX(9px) translateY(-18px);\"><\/div>\n<\/div>\n<div style=\"margin-left: 8px;\">\n<div style=\"background-color: #f4f4f4; border-radius: 50%; flex-grow: 0; height: 20px; width: 20px;\"><\/div>\n<div style=\"width: 0; height: 0; border-top: 2px solid transparent; border-left: 6px solid #f4f4f4; border-bottom: 2px solid transparent; transform: translateX(16px) translateY(-4px) rotate(30deg);\"><\/div>\n<\/div>\n<div style=\"margin-left: auto;\">\n<div style=\"width: 0px; border-top: 8px solid #F4F4F4; border-right: 8px solid transparent; transform: translateY(16px);\"><\/div>\n<div style=\"background-color: #f4f4f4; flex-grow: 0; height: 12px; width: 16px; transform: translateY(-4px);\"><\/div>\n<div style=\"width: 0; height: 0; border-top: 8px solid #F4F4F4; border-left: 8px solid transparent; transform: translateY(-4px) translateX(8px);\"><\/div>\n<\/div>\n<\/div>\n<div style=\"display: flex; flex-direction: column; flex-grow: 1; justify-content: center; margin-bottom: 24px;\">\n<div style=\"background-color: #f4f4f4; border-radius: 4px; flex-grow: 0; height: 14px; margin-bottom: 6px; width: 224px;\"><\/div>\n<div style=\"background-color: #f4f4f4; border-radius: 4px; flex-grow: 0; height: 14px; width: 144px;\"><\/div>\n<\/div>\n<p>&nbsp;<\/p>\n<p style=\"color: #c9c8cd; font-family: Arial,sans-serif; font-size: 14px; line-height: 17px; margin-bottom: 0; margin-top: 8px; overflow: hidden; padding: 8px 0 7px; text-align: center; text-overflow: ellipsis; white-space: nowrap;\"><a style=\"color: #c9c8cd; font-family: Arial,sans-serif; font-size: 14px; font-style: normal; font-weight: normal; line-height: 17px; text-decoration: none;\" href=\"https:\/\/www.instagram.com\/p\/CXazacYM1-q\/?utm_source=ig_embed&amp;utm_campaign=loading\" target=\"_blank\" rel=\"noopener\">Ein Beitrag geteilt von The Best Social Media &#8211; DE (@thebestsocialmediade)<\/a><\/p>\n","protected":false},"excerpt":{"rendered":"<p>Die Omnikron Variante verbreitet sich in Europa schneller als gedacht. L\u00e4nder wie die Niederlande versch\u00e4rfen bereits jetzt ihre Ma\u00dfnahmen drastisch und rufen einen strikten Lockdown&#8230;<\/p>\n","protected":false},"author":77,"featured_media":154557,"comment_status":"open","ping_status":"open","sticky":false,"template":"","format":"standard","meta":{"_acf_changed":false,"footnotes":""},"categories":[35],"tags":[3986,4775],"class_list":["post-154552","post","type-post","status-publish","format-standard","has-post-thumbnail","hentry","category-twitter","tag-lockdown","tag-omikron"],"acf":[],"yoast_head":"<!-- This site is optimized with the Yoast SEO plugin v27.5 - https:\/\/yoast.com\/product\/yoast-seo-wordpress\/ -->\n<title>Lockdown reloaded: Die Netzreaktionen zu m\u00f6glichen neuen Ma\u00dfnahmen<\/title>\n<meta name=\"robots\" content=\"index, follow, max-snippet:-1, max-image-preview:large, max-video-preview:-1\" \/>\n<link rel=\"canonical\" href=\"https:\/\/www.thebestsocial.media\/de\/lockdown-reloaded-die-netzreaktionen-zu-moeglichen-neuen-corona-massnahmen\/\" \/>\n<meta property=\"og:locale\" content=\"de_DE\" \/>\n<meta property=\"og:type\" content=\"article\" \/>\n<meta property=\"og:title\" content=\"Lockdown reloaded: Die Netzreaktionen zu m\u00f6glichen neuen Corona Ma\u00dfnahmen\" \/>\n<meta property=\"og:description\" content=\"Die Omnikron Variante verbreitet sich in Europa schneller als gedacht. L\u00e4nder wie die Niederlande versch\u00e4rfen bereits jetzt ihre Ma\u00dfnahmen drastisch und rufen einen strikten Lockdown...\" \/>\n<meta property=\"og:url\" content=\"https:\/\/www.thebestsocial.media\/de\/lockdown-reloaded-die-netzreaktionen-zu-moeglichen-neuen-corona-massnahmen\/\" \/>\n<meta property=\"og:site_name\" content=\"The Best Social Media DE\" \/>\n<meta property=\"article:author\" content=\"https:\/\/www.facebook.com\/adrian.krug.5\" \/>\n<meta property=\"article:published_time\" content=\"2021-12-20T10:33:36+00:00\" \/>\n<meta property=\"article:modified_time\" content=\"2021-12-20T10:33:53+00:00\" \/>\n<meta property=\"og:image\" content=\"https:\/\/www.thebestsocial.media\/de\/wp-content\/uploads\/sites\/3\/2021\/12\/Header_Bild_Neu.Lockdownpng.png\" \/>\n\t<meta property=\"og:image:width\" content=\"1200\" \/>\n\t<meta property=\"og:image:height\" content=\"630\" \/>\n\t<meta property=\"og:image:type\" content=\"image\/png\" \/>\n<meta name=\"author\" content=\"Adrian Krug\" \/>\n<meta name=\"twitter:card\" content=\"summary_large_image\" \/>\n<meta name=\"twitter:creator\" content=\"@https:\/\/twitter.com\/Hasscompilation\" \/>\n<meta name=\"twitter:label1\" content=\"Verfasst von\" \/>\n\t<meta name=\"twitter:data1\" content=\"Adrian Krug\" \/>\n\t<meta name=\"twitter:label2\" content=\"Gesch\u00e4tzte Lesezeit\" \/>\n\t<meta name=\"twitter:data2\" content=\"2\u00a0Minuten\" \/>\n<script type=\"application\/ld+json\" class=\"yoast-schema-graph\">{\"@context\":\"https:\\\/\\\/schema.org\",\"@graph\":[{\"@type\":\"Article\",\"@id\":\"https:\\\/\\\/www.thebestsocial.media\\\/de\\\/lockdown-reloaded-die-netzreaktionen-zu-moeglichen-neuen-corona-massnahmen\\\/#article\",\"isPartOf\":{\"@id\":\"https:\\\/\\\/www.thebestsocial.media\\\/de\\\/lockdown-reloaded-die-netzreaktionen-zu-moeglichen-neuen-corona-massnahmen\\\/\"},\"author\":{\"name\":\"Adrian Krug\",\"@id\":\"https:\\\/\\\/www.thebestsocial.media\\\/de\\\/#\\\/schema\\\/person\\\/f6571568c8f173869acb99d089b1223b\"},\"headline\":\"Lockdown reloaded: Die Netzreaktionen zu m\u00f6glichen neuen Corona Ma\u00dfnahmen\",\"datePublished\":\"2021-12-20T10:33:36+00:00\",\"dateModified\":\"2021-12-20T10:33:53+00:00\",\"mainEntityOfPage\":{\"@id\":\"https:\\\/\\\/www.thebestsocial.media\\\/de\\\/lockdown-reloaded-die-netzreaktionen-zu-moeglichen-neuen-corona-massnahmen\\\/\"},\"wordCount\":492,\"commentCount\":0,\"image\":{\"@id\":\"https:\\\/\\\/www.thebestsocial.media\\\/de\\\/lockdown-reloaded-die-netzreaktionen-zu-moeglichen-neuen-corona-massnahmen\\\/#primaryimage\"},\"thumbnailUrl\":\"https:\\\/\\\/www.thebestsocial.media\\\/de\\\/wp-content\\\/uploads\\\/sites\\\/3\\\/2021\\\/12\\\/hand-disinfection-gb574c2445_1920.jpg\",\"keywords\":[\"Lockdown\",\"omikron\"],\"articleSection\":[\"Twitter\"],\"inLanguage\":\"de\",\"potentialAction\":[{\"@type\":\"CommentAction\",\"name\":\"Comment\",\"target\":[\"https:\\\/\\\/www.thebestsocial.media\\\/de\\\/lockdown-reloaded-die-netzreaktionen-zu-moeglichen-neuen-corona-massnahmen\\\/#respond\"]}]},{\"@type\":\"WebPage\",\"@id\":\"https:\\\/\\\/www.thebestsocial.media\\\/de\\\/lockdown-reloaded-die-netzreaktionen-zu-moeglichen-neuen-corona-massnahmen\\\/\",\"url\":\"https:\\\/\\\/www.thebestsocial.media\\\/de\\\/lockdown-reloaded-die-netzreaktionen-zu-moeglichen-neuen-corona-massnahmen\\\/\",\"name\":\"Lockdown reloaded: Die Netzreaktionen zu m\u00f6glichen neuen Ma\u00dfnahmen\",\"isPartOf\":{\"@id\":\"https:\\\/\\\/www.thebestsocial.media\\\/de\\\/#website\"},\"primaryImageOfPage\":{\"@id\":\"https:\\\/\\\/www.thebestsocial.media\\\/de\\\/lockdown-reloaded-die-netzreaktionen-zu-moeglichen-neuen-corona-massnahmen\\\/#primaryimage\"},\"image\":{\"@id\":\"https:\\\/\\\/www.thebestsocial.media\\\/de\\\/lockdown-reloaded-die-netzreaktionen-zu-moeglichen-neuen-corona-massnahmen\\\/#primaryimage\"},\"thumbnailUrl\":\"https:\\\/\\\/www.thebestsocial.media\\\/de\\\/wp-content\\\/uploads\\\/sites\\\/3\\\/2021\\\/12\\\/hand-disinfection-gb574c2445_1920.jpg\",\"datePublished\":\"2021-12-20T10:33:36+00:00\",\"dateModified\":\"2021-12-20T10:33:53+00:00\",\"author\":{\"@id\":\"https:\\\/\\\/www.thebestsocial.media\\\/de\\\/#\\\/schema\\\/person\\\/f6571568c8f173869acb99d089b1223b\"},\"breadcrumb\":{\"@id\":\"https:\\\/\\\/www.thebestsocial.media\\\/de\\\/lockdown-reloaded-die-netzreaktionen-zu-moeglichen-neuen-corona-massnahmen\\\/#breadcrumb\"},\"inLanguage\":\"de\",\"potentialAction\":[{\"@type\":\"ReadAction\",\"target\":[\"https:\\\/\\\/www.thebestsocial.media\\\/de\\\/lockdown-reloaded-die-netzreaktionen-zu-moeglichen-neuen-corona-massnahmen\\\/\"]}]},{\"@type\":\"ImageObject\",\"inLanguage\":\"de\",\"@id\":\"https:\\\/\\\/www.thebestsocial.media\\\/de\\\/lockdown-reloaded-die-netzreaktionen-zu-moeglichen-neuen-corona-massnahmen\\\/#primaryimage\",\"url\":\"https:\\\/\\\/www.thebestsocial.media\\\/de\\\/wp-content\\\/uploads\\\/sites\\\/3\\\/2021\\\/12\\\/hand-disinfection-gb574c2445_1920.jpg\",\"contentUrl\":\"https:\\\/\\\/www.thebestsocial.media\\\/de\\\/wp-content\\\/uploads\\\/sites\\\/3\\\/2021\\\/12\\\/hand-disinfection-gb574c2445_1920.jpg\",\"width\":1920,\"height\":1280},{\"@type\":\"BreadcrumbList\",\"@id\":\"https:\\\/\\\/www.thebestsocial.media\\\/de\\\/lockdown-reloaded-die-netzreaktionen-zu-moeglichen-neuen-corona-massnahmen\\\/#breadcrumb\",\"itemListElement\":[{\"@type\":\"ListItem\",\"position\":1,\"name\":\"Home\",\"item\":\"https:\\\/\\\/www.thebestsocial.media\\\/de\\\/\"},{\"@type\":\"ListItem\",\"position\":2,\"name\":\"Lockdown reloaded: Die Netzreaktionen zu m\u00f6glichen neuen Corona Ma\u00dfnahmen\"}]},{\"@type\":\"WebSite\",\"@id\":\"https:\\\/\\\/www.thebestsocial.media\\\/de\\\/#website\",\"url\":\"https:\\\/\\\/www.thebestsocial.media\\\/de\\\/\",\"name\":\"The Best Social Media DE\",\"description\":\"\",\"potentialAction\":[{\"@type\":\"SearchAction\",\"target\":{\"@type\":\"EntryPoint\",\"urlTemplate\":\"https:\\\/\\\/www.thebestsocial.media\\\/de\\\/?s={search_term_string}\"},\"query-input\":{\"@type\":\"PropertyValueSpecification\",\"valueRequired\":true,\"valueName\":\"search_term_string\"}}],\"inLanguage\":\"de\"},{\"@type\":\"Person\",\"@id\":\"https:\\\/\\\/www.thebestsocial.media\\\/de\\\/#\\\/schema\\\/person\\\/f6571568c8f173869acb99d089b1223b\",\"name\":\"Adrian Krug\",\"image\":{\"@type\":\"ImageObject\",\"inLanguage\":\"de\",\"@id\":\"https:\\\/\\\/secure.gravatar.com\\\/avatar\\\/c03aa48839ac1555ec73dfc0827342b090445264901990679cd3f8c6ef4ac2d7?s=96&d=mm&r=g\",\"url\":\"https:\\\/\\\/secure.gravatar.com\\\/avatar\\\/c03aa48839ac1555ec73dfc0827342b090445264901990679cd3f8c6ef4ac2d7?s=96&d=mm&r=g\",\"contentUrl\":\"https:\\\/\\\/secure.gravatar.com\\\/avatar\\\/c03aa48839ac1555ec73dfc0827342b090445264901990679cd3f8c6ef4ac2d7?s=96&d=mm&r=g\",\"caption\":\"Adrian Krug\"},\"description\":\"Ich bin Endeditor f\u00fcr TBSM DE und Creative Lead f\u00fcr Projekte auf Agenturseite.\",\"sameAs\":[\"https:\\\/\\\/www.facebook.com\\\/adrian.krug.5\",\"https:\\\/\\\/www.linkedin.com\\\/in\\\/adrian-krug-27536221a\\\/\",\"https:\\\/\\\/x.com\\\/https:\\\/\\\/twitter.com\\\/Hasscompilation\"],\"url\":\"https:\\\/\\\/www.thebestsocial.media\\\/de\\\/author\\\/adriankrug\\\/\"}]}<\/script>\n<!-- \/ Yoast SEO plugin. -->","yoast_head_json":{"title":"Lockdown reloaded: Die Netzreaktionen zu m\u00f6glichen neuen Ma\u00dfnahmen","robots":{"index":"index","follow":"follow","max-snippet":"max-snippet:-1","max-image-preview":"max-image-preview:large","max-video-preview":"max-video-preview:-1"},"canonical":"https:\/\/www.thebestsocial.media\/de\/lockdown-reloaded-die-netzreaktionen-zu-moeglichen-neuen-corona-massnahmen\/","og_locale":"de_DE","og_type":"article","og_title":"Lockdown reloaded: Die Netzreaktionen zu m\u00f6glichen neuen Corona Ma\u00dfnahmen","og_description":"Die Omnikron Variante verbreitet sich in Europa schneller als gedacht. L\u00e4nder wie die Niederlande versch\u00e4rfen bereits jetzt ihre Ma\u00dfnahmen drastisch und rufen einen strikten Lockdown...","og_url":"https:\/\/www.thebestsocial.media\/de\/lockdown-reloaded-die-netzreaktionen-zu-moeglichen-neuen-corona-massnahmen\/","og_site_name":"The Best Social Media DE","article_author":"https:\/\/www.facebook.com\/adrian.krug.5","article_published_time":"2021-12-20T10:33:36+00:00","article_modified_time":"2021-12-20T10:33:53+00:00","og_image":[{"width":1200,"height":630,"url":"https:\/\/www.thebestsocial.media\/de\/wp-content\/uploads\/sites\/3\/2021\/12\/Header_Bild_Neu.Lockdownpng.png","type":"image\/png"}],"author":"Adrian Krug","twitter_card":"summary_large_image","twitter_creator":"@https:\/\/twitter.com\/Hasscompilation","twitter_misc":{"Verfasst von":"Adrian Krug","Gesch\u00e4tzte Lesezeit":"2\u00a0Minuten"},"schema":{"@context":"https:\/\/schema.org","@graph":[{"@type":"Article","@id":"https:\/\/www.thebestsocial.media\/de\/lockdown-reloaded-die-netzreaktionen-zu-moeglichen-neuen-corona-massnahmen\/#article","isPartOf":{"@id":"https:\/\/www.thebestsocial.media\/de\/lockdown-reloaded-die-netzreaktionen-zu-moeglichen-neuen-corona-massnahmen\/"},"author":{"name":"Adrian Krug","@id":"https:\/\/www.thebestsocial.media\/de\/#\/schema\/person\/f6571568c8f173869acb99d089b1223b"},"headline":"Lockdown reloaded: Die Netzreaktionen zu m\u00f6glichen neuen Corona Ma\u00dfnahmen","datePublished":"2021-12-20T10:33:36+00:00","dateModified":"2021-12-20T10:33:53+00:00","mainEntityOfPage":{"@id":"https:\/\/www.thebestsocial.media\/de\/lockdown-reloaded-die-netzreaktionen-zu-moeglichen-neuen-corona-massnahmen\/"},"wordCount":492,"commentCount":0,"image":{"@id":"https:\/\/www.thebestsocial.media\/de\/lockdown-reloaded-die-netzreaktionen-zu-moeglichen-neuen-corona-massnahmen\/#primaryimage"},"thumbnailUrl":"https:\/\/www.thebestsocial.media\/de\/wp-content\/uploads\/sites\/3\/2021\/12\/hand-disinfection-gb574c2445_1920.jpg","keywords":["Lockdown","omikron"],"articleSection":["Twitter"],"inLanguage":"de","potentialAction":[{"@type":"CommentAction","name":"Comment","target":["https:\/\/www.thebestsocial.media\/de\/lockdown-reloaded-die-netzreaktionen-zu-moeglichen-neuen-corona-massnahmen\/#respond"]}]},{"@type":"WebPage","@id":"https:\/\/www.thebestsocial.media\/de\/lockdown-reloaded-die-netzreaktionen-zu-moeglichen-neuen-corona-massnahmen\/","url":"https:\/\/www.thebestsocial.media\/de\/lockdown-reloaded-die-netzreaktionen-zu-moeglichen-neuen-corona-massnahmen\/","name":"Lockdown reloaded: Die Netzreaktionen zu m\u00f6glichen neuen Ma\u00dfnahmen","isPartOf":{"@id":"https:\/\/www.thebestsocial.media\/de\/#website"},"primaryImageOfPage":{"@id":"https:\/\/www.thebestsocial.media\/de\/lockdown-reloaded-die-netzreaktionen-zu-moeglichen-neuen-corona-massnahmen\/#primaryimage"},"image":{"@id":"https:\/\/www.thebestsocial.media\/de\/lockdown-reloaded-die-netzreaktionen-zu-moeglichen-neuen-corona-massnahmen\/#primaryimage"},"thumbnailUrl":"https:\/\/www.thebestsocial.media\/de\/wp-content\/uploads\/sites\/3\/2021\/12\/hand-disinfection-gb574c2445_1920.jpg","datePublished":"2021-12-20T10:33:36+00:00","dateModified":"2021-12-20T10:33:53+00:00","author":{"@id":"https:\/\/www.thebestsocial.media\/de\/#\/schema\/person\/f6571568c8f173869acb99d089b1223b"},"breadcrumb":{"@id":"https:\/\/www.thebestsocial.media\/de\/lockdown-reloaded-die-netzreaktionen-zu-moeglichen-neuen-corona-massnahmen\/#breadcrumb"},"inLanguage":"de","potentialAction":[{"@type":"ReadAction","target":["https:\/\/www.thebestsocial.media\/de\/lockdown-reloaded-die-netzreaktionen-zu-moeglichen-neuen-corona-massnahmen\/"]}]},{"@type":"ImageObject","inLanguage":"de","@id":"https:\/\/www.thebestsocial.media\/de\/lockdown-reloaded-die-netzreaktionen-zu-moeglichen-neuen-corona-massnahmen\/#primaryimage","url":"https:\/\/www.thebestsocial.media\/de\/wp-content\/uploads\/sites\/3\/2021\/12\/hand-disinfection-gb574c2445_1920.jpg","contentUrl":"https:\/\/www.thebestsocial.media\/de\/wp-content\/uploads\/sites\/3\/2021\/12\/hand-disinfection-gb574c2445_1920.jpg","width":1920,"height":1280},{"@type":"BreadcrumbList","@id":"https:\/\/www.thebestsocial.media\/de\/lockdown-reloaded-die-netzreaktionen-zu-moeglichen-neuen-corona-massnahmen\/#breadcrumb","itemListElement":[{"@type":"ListItem","position":1,"name":"Home","item":"https:\/\/www.thebestsocial.media\/de\/"},{"@type":"ListItem","position":2,"name":"Lockdown reloaded: Die Netzreaktionen zu m\u00f6glichen neuen Corona Ma\u00dfnahmen"}]},{"@type":"WebSite","@id":"https:\/\/www.thebestsocial.media\/de\/#website","url":"https:\/\/www.thebestsocial.media\/de\/","name":"The Best Social Media DE","description":"","potentialAction":[{"@type":"SearchAction","target":{"@type":"EntryPoint","urlTemplate":"https:\/\/www.thebestsocial.media\/de\/?s={search_term_string}"},"query-input":{"@type":"PropertyValueSpecification","valueRequired":true,"valueName":"search_term_string"}}],"inLanguage":"de"},{"@type":"Person","@id":"https:\/\/www.thebestsocial.media\/de\/#\/schema\/person\/f6571568c8f173869acb99d089b1223b","name":"Adrian Krug","image":{"@type":"ImageObject","inLanguage":"de","@id":"https:\/\/secure.gravatar.com\/avatar\/c03aa48839ac1555ec73dfc0827342b090445264901990679cd3f8c6ef4ac2d7?s=96&d=mm&r=g","url":"https:\/\/secure.gravatar.com\/avatar\/c03aa48839ac1555ec73dfc0827342b090445264901990679cd3f8c6ef4ac2d7?s=96&d=mm&r=g","contentUrl":"https:\/\/secure.gravatar.com\/avatar\/c03aa48839ac1555ec73dfc0827342b090445264901990679cd3f8c6ef4ac2d7?s=96&d=mm&r=g","caption":"Adrian Krug"},"description":"Ich bin Endeditor f\u00fcr TBSM DE und Creative Lead f\u00fcr Projekte auf Agenturseite.","sameAs":["https:\/\/www.facebook.com\/adrian.krug.5","https:\/\/www.linkedin.com\/in\/adrian-krug-27536221a\/","https:\/\/x.com\/https:\/\/twitter.com\/Hasscompilation"],"url":"https:\/\/www.thebestsocial.media\/de\/author\/adriankrug\/"}]}},"amp_enabled":true,"_links":{"self":[{"href":"https:\/\/www.thebestsocial.media\/de\/wp-json\/wp\/v2\/posts\/154552","targetHints":{"allow":["GET"]}}],"collection":[{"href":"https:\/\/www.thebestsocial.media\/de\/wp-json\/wp\/v2\/posts"}],"about":[{"href":"https:\/\/www.thebestsocial.media\/de\/wp-json\/wp\/v2\/types\/post"}],"author":[{"embeddable":true,"href":"https:\/\/www.thebestsocial.media\/de\/wp-json\/wp\/v2\/users\/77"}],"replies":[{"embeddable":true,"href":"https:\/\/www.thebestsocial.media\/de\/wp-json\/wp\/v2\/comments?post=154552"}],"version-history":[{"count":4,"href":"https:\/\/www.thebestsocial.media\/de\/wp-json\/wp\/v2\/posts\/154552\/revisions"}],"predecessor-version":[{"id":154556,"href":"https:\/\/www.thebestsocial.media\/de\/wp-json\/wp\/v2\/posts\/154552\/revisions\/154556"}],"wp:featuredmedia":[{"embeddable":true,"href":"https:\/\/www.thebestsocial.media\/de\/wp-json\/wp\/v2\/media\/154557"}],"wp:attachment":[{"href":"https:\/\/www.thebestsocial.media\/de\/wp-json\/wp\/v2\/media?parent=154552"}],"wp:term":[{"taxonomy":"category","embeddable":true,"href":"https:\/\/www.thebestsocial.media\/de\/wp-json\/wp\/v2\/categories?post=154552"},{"taxonomy":"post_tag","embeddable":true,"href":"https:\/\/www.thebestsocial.media\/de\/wp-json\/wp\/v2\/tags?post=154552"}],"curies":[{"name":"wp","href":"https:\/\/api.w.org\/{rel}","templated":true}]}}