{"id":154476,"date":"2021-12-21T15:38:52","date_gmt":"2021-12-21T15:38:52","guid":{"rendered":"https:\/\/www.thebestsocial.media\/de\/?p=154476"},"modified":"2021-12-21T15:38:52","modified_gmt":"2021-12-21T15:38:52","slug":"auch-dieses-jahr-gab-es-keine-weihnachtsfeiern-diese-tweets-zeigen-warum-das-gar-nicht-so-schlimm-ist","status":"publish","type":"post","link":"https:\/\/www.thebestsocial.media\/de\/auch-dieses-jahr-gab-es-keine-weihnachtsfeiern-diese-tweets-zeigen-warum-das-gar-nicht-so-schlimm-ist\/","title":{"rendered":"Auch dieses Jahr gab es keine Weihnachtsfeiern &#8211; diese Tweets zeigen, warum das gar nicht so schlimm ist"},"content":{"rendered":"<p>Weihnachten ist auch dieses Jahr wieder anders, als man es sonst eigentlich kennt. Wie schon 2020 musste coronabedingt vieles ausfallen, was sonst dazugeh\u00f6rt. Weihnachtsm\u00e4rkte beispielsweise. Und auch die obligatorische Weihnachtsfeier wurde bei vielen, wenn \u00fcberhaupt, nur wieder online veranstaltet. Hat nat\u00fcrlich alles so seine Vor- und Nachteile. Einerseits muss man am Ende nicht noch betrunken nach Hause wanken, andererseits ist es nat\u00fcrlich weniger gesellig und einfach nicht das Gleiche. Die folgenden Tweets dienen als kleiner Ersatz und vielleicht auch Erinnerung daran, dass die offline-Weihnachtsfeiern auch gar nicht immer sooo toll waren.<\/p>\n<p>&nbsp;<\/p>\n<p style=\"text-align: center;\"><strong>1.<\/strong><\/p>\n<div class=\"dbsm-oembed\">\n<blockquote class=\"twitter-tweet\" data-width=\"500\" data-dnt=\"true\">\n<p lang=\"de\" dir=\"ltr\">Ich hasse die Situation. Aber das zweite Jahr keine Weihnachtsfeier mit der Arbeit ist ein bisschen geil.<\/p>\n<p>&mdash; Frau van de Couch (@Couchionista_) <a href=\"https:\/\/twitter.com\/Couchionista_\/status\/1468646345938546699?ref_src=twsrc%5Etfw\">December 8, 2021<\/a><\/p><\/blockquote>\n<p><script async src=\"https:\/\/platform.twitter.com\/widgets.js\" charset=\"utf-8\"><\/script><\/div>\n<p>&nbsp;<\/p>\n<p style=\"text-align: center;\"><strong>2.<\/strong><\/p>\n<div class=\"dbsm-oembed\">\n<blockquote class=\"twitter-tweet\" data-width=\"500\" data-dnt=\"true\">\n<p lang=\"de\" dir=\"ltr\">Ganz besonders freut mich, keine firmeninterne Weihnachtsfeier besuchen zu m\u00fcssen.<\/p>\n<p>&mdash; changierend (@changierend) <a href=\"https:\/\/twitter.com\/changierend\/status\/1469008070592405510?ref_src=twsrc%5Etfw\">December 9, 2021<\/a><\/p><\/blockquote>\n<p><script async src=\"https:\/\/platform.twitter.com\/widgets.js\" charset=\"utf-8\"><\/script><\/div>\n<p>&nbsp;<\/p>\n<p style=\"text-align: center;\"><strong>3.<\/strong><\/p>\n<div class=\"dbsm-oembed\">\n<blockquote class=\"twitter-tweet\" data-width=\"500\" data-dnt=\"true\">\n<p lang=\"de\" dir=\"ltr\">Zumindest muss jetzt niemand Weihnachtsfeier in der Arbeit  planen.<\/p>\n<p>&mdash; Melisa Erkurt (@MelisaErkurt) <a href=\"https:\/\/twitter.com\/MelisaErkurt\/status\/1458738673479000072?ref_src=twsrc%5Etfw\">November 11, 2021<\/a><\/p><\/blockquote>\n<p><script async src=\"https:\/\/platform.twitter.com\/widgets.js\" charset=\"utf-8\"><\/script><\/div>\n<p>&nbsp;<\/p>\n<p style=\"text-align: center;\"><strong>4.<\/strong><\/p>\n<div class=\"dbsm-oembed\">\n<blockquote class=\"twitter-tweet\" data-width=\"500\" data-dnt=\"true\">\n<p lang=\"de\" dir=\"ltr\">\u201eKommst du zur Weihnachtsfeier?\u201c<\/p>\n<p>\u201eIch kann nicht.\u201c<\/p>\n<p>\u201eDas Datum steht noch gar nicht fest.\u201c<\/p>\n<p>\u201eIch kann trotzdem nicht.\u201c<\/p>\n<p>&mdash; Buettscher (@Buettscher) <a href=\"https:\/\/twitter.com\/Buettscher\/status\/1071340585636765697?ref_src=twsrc%5Etfw\">December 8, 2018<\/a><\/p><\/blockquote>\n<p><script async src=\"https:\/\/platform.twitter.com\/widgets.js\" charset=\"utf-8\"><\/script><\/div>\n<p>&nbsp;<\/p>\n<p style=\"text-align: center;\"><strong>5.<\/strong><\/p>\n<div class=\"dbsm-oembed\">\n<blockquote class=\"twitter-tweet\" data-width=\"500\" data-dnt=\"true\">\n<p lang=\"de\" dir=\"ltr\">Die Weihnachtsfeier ist toll dieses Jahr. Ich duze jetzt den Vorstand &amp; habe eine Gehaltserh\u00f6hung rausgeschlagen. <\/p>\n<p>Jetzt muss ich nur noch rausfinden welche Firma hier feiert.<\/p>\n<p>&mdash; Diana (@_Mrs_Heart) <a href=\"https:\/\/twitter.com\/_Mrs_Heart\/status\/1073646374120509446?ref_src=twsrc%5Etfw\">December 14, 2018<\/a><\/p><\/blockquote>\n<p><script async src=\"https:\/\/platform.twitter.com\/widgets.js\" charset=\"utf-8\"><\/script><\/div>\n<p>&nbsp;<\/p>\n<p style=\"text-align: center;\"><strong>6.<\/strong><\/p>\n<div class=\"dbsm-oembed\">\n<blockquote class=\"twitter-tweet\" data-width=\"500\" data-dnt=\"true\">\n<p lang=\"de\" dir=\"ltr\">Hab gerade eine Kalender-Erinnerung bekommen, dass gleich die Weihnachtsfeier losgeht auf die ich mich seit Monaten gefreut hab und die schon vor Wochen abgesagt wurde.<\/p>\n<p>Deprimiert mich mehr als gedacht \ud83d\ude22<\/p>\n<p>&mdash; Flow \ud83c\uddfa\ud83c\udde6 \uea00 (@Caethan13) <a href=\"https:\/\/twitter.com\/Caethan13\/status\/1469361664592125963?ref_src=twsrc%5Etfw\">December 10, 2021<\/a><\/p><\/blockquote>\n<p><script async src=\"https:\/\/platform.twitter.com\/widgets.js\" charset=\"utf-8\"><\/script><\/div>\n<p>&nbsp;<\/p>\n<p style=\"text-align: center;\"><strong>7.<\/strong><\/p>\n<div class=\"dbsm-oembed\">\n<blockquote class=\"twitter-tweet\" data-width=\"500\" data-dnt=\"true\">\n<p lang=\"de\" dir=\"ltr\">Chefchen k\u00fcndigt an, dass es in diesem Jahr wohl wieder eine Weihnachtsfeier geben wird.<\/p>\n<p>Menschen, die nicht unmittelbar \u201eich\u201c sind, \u00e4u\u00dfern sich erfreut.<\/p>\n<p>Menschen, die sehr wohl unmittelbar \u201eich\u201c sind, rollen mit den Augen und sagen etwas zu laut \u201each, das ist doch schei\u00dfe!\u201c<\/p>\n<p>&mdash; Kaffeemann (@43ermilch) <a href=\"https:\/\/twitter.com\/43ermilch\/status\/1452933565050675206?ref_src=twsrc%5Etfw\">October 26, 2021<\/a><\/p><\/blockquote>\n<p><script async src=\"https:\/\/platform.twitter.com\/widgets.js\" charset=\"utf-8\"><\/script><\/div>\n<p>&nbsp;<\/p>\n<p style=\"text-align: center;\"><strong>8.<\/strong><\/p>\n<div class=\"dbsm-oembed\">\n<blockquote class=\"twitter-tweet\" data-width=\"500\" data-dnt=\"true\">\n<p lang=\"de\" dir=\"ltr\">Keine Weihnachtsfeier, kein Weihnachtsmarkt, keine Silvesterparty. F\u00fcr \u00dc40-M\u00e4nner gibt es dieses Jahr kaum Gelegenheit einzusehen, dass der Zug bei zwanzigj\u00e4hrigen Praktikantinnen endg\u00fcltig abgefahren ist.<\/p>\n<p>&mdash; Ringo Trutschke (@Nacktmagazin) <a href=\"https:\/\/twitter.com\/Nacktmagazin\/status\/1332742515271806977?ref_src=twsrc%5Etfw\">November 28, 2020<\/a><\/p><\/blockquote>\n<p><script async src=\"https:\/\/platform.twitter.com\/widgets.js\" charset=\"utf-8\"><\/script><\/div>\n<p>&nbsp;<\/p>\n<p style=\"text-align: center;\"><strong>9.<\/strong><\/p>\n<p>https:\/\/twitter.com\/moana67\/status\/1336709379324850178?s=20<\/p>\n<p>&nbsp;<\/p>\n<p style=\"text-align: center;\"><strong>10.<\/strong><\/p>\n<div class=\"dbsm-oembed\">\n<blockquote class=\"twitter-tweet\" data-width=\"500\" data-dnt=\"true\">\n<p lang=\"de\" dir=\"ltr\">Weihnachtsfeier fr\u00fcher:<br \/>&quot;Kommt um 16 Uhr vorbei!&quot;<\/p>\n<p>Heute:<br \/>&quot;Bitte mit Doodle \u00fcber Essen abstimmen, 20 Euro per PayPal \u00fcberweisen, AGB am Eingang unterschreiben, DSGVO beachten, f\u00fcr Geschenke siehe Amazon Wishlist, Parken vor dem Haus nur mit Park-App!<\/p>\n<p>Euer Stanislaus R\u00fcbenhirn&quot;<\/p>\n<p>&mdash; Das Netzteil (@Grolmori) <a href=\"https:\/\/twitter.com\/Grolmori\/status\/1470657587154669572?ref_src=twsrc%5Etfw\">December 14, 2021<\/a><\/p><\/blockquote>\n<p><script async src=\"https:\/\/platform.twitter.com\/widgets.js\" charset=\"utf-8\"><\/script><\/div>\n<p>&nbsp;<\/p>\n<p style=\"text-align: center;\"><strong>11.<\/strong><\/p>\n<div class=\"dbsm-oembed\">\n<blockquote class=\"twitter-tweet\" data-width=\"500\" data-dnt=\"true\">\n<p lang=\"de\" dir=\"ltr\">Schade dass unsere Weihnachtsfeier dieses Jahr ausf\u00e4llt, nie kann man seinen Kollegenhass deutlicher unter Beweis stellen als mit einem entschlossenen Kreuz bei &quot;NEIN&quot; in der Anmeldeliste.<\/p>\n<p>&mdash; Ringo Trutschke (@Nacktmagazin) <a href=\"https:\/\/twitter.com\/Nacktmagazin\/status\/1324607748076642304?ref_src=twsrc%5Etfw\">November 6, 2020<\/a><\/p><\/blockquote>\n<p><script async src=\"https:\/\/platform.twitter.com\/widgets.js\" charset=\"utf-8\"><\/script><\/div>\n<p>&nbsp;<\/p>\n<p>___<br \/>\nVielen Dank an alle f\u00fcr die Posts!<br \/>\n___<br \/>\n<strong>Keine Influencer! Kein Foodporn! Nur ganz viel Spa\u00df \u2013 bei uns auf Instagram:<\/strong><\/p>\n<blockquote class=\"instagram-media\" style=\"background: #FFF; border: 0; border-radius: 3px; box-shadow: 0 0 1px 0 rgba(0,0,0,0.5),0 1px 10px 0 rgba(0,0,0,0.15); margin: 1px; max-width: 540px; min-width: 326px; padding: 0; width: calc(100% - 2px);\" data-instgrm-captioned=\"\" data-instgrm-permalink=\"https:\/\/www.instagram.com\/p\/CXvXALFKS6Y\/?utm_source=ig_embed&amp;utm_campaign=loading\" data-instgrm-version=\"14\">\n<div style=\"padding: 16px;\">\n<p>&nbsp;<\/p>\n<div style=\"display: flex; flex-direction: row; align-items: center;\">\n<div style=\"background-color: #f4f4f4; border-radius: 50%; flex-grow: 0; height: 40px; margin-right: 14px; width: 40px;\"><\/div>\n<div style=\"display: flex; flex-direction: column; flex-grow: 1; justify-content: center;\">\n<div style=\"background-color: #f4f4f4; border-radius: 4px; flex-grow: 0; height: 14px; margin-bottom: 6px; width: 100px;\"><\/div>\n<div style=\"background-color: #f4f4f4; border-radius: 4px; flex-grow: 0; height: 14px; width: 60px;\"><\/div>\n<\/div>\n<\/div>\n<div style=\"padding: 19% 0;\"><\/div>\n<div style=\"display: block; height: 50px; margin: 0 auto 12px; width: 50px;\"><\/div>\n<div style=\"padding-top: 8px;\">\n<div style=\"color: #3897f0; font-family: Arial,sans-serif; font-size: 14px; font-style: normal; font-weight: 550; line-height: 18px;\">Sieh dir diesen Beitrag auf Instagram an<\/div>\n<\/div>\n<div style=\"padding: 12.5% 0;\"><\/div>\n<div style=\"display: flex; flex-direction: row; margin-bottom: 14px; align-items: center;\">\n<div>\n<div style=\"background-color: #f4f4f4; border-radius: 50%; height: 12.5px; width: 12.5px; transform: translateX(0px) translateY(7px);\"><\/div>\n<div style=\"background-color: #f4f4f4; height: 12.5px; transform: rotate(-45deg) translateX(3px) translateY(1px); width: 12.5px; flex-grow: 0; margin-right: 14px; margin-left: 2px;\"><\/div>\n<div style=\"background-color: #f4f4f4; border-radius: 50%; height: 12.5px; width: 12.5px; transform: translateX(9px) translateY(-18px);\"><\/div>\n<\/div>\n<div style=\"margin-left: 8px;\">\n<div style=\"background-color: #f4f4f4; border-radius: 50%; flex-grow: 0; height: 20px; width: 20px;\"><\/div>\n<div style=\"width: 0; height: 0; border-top: 2px solid transparent; border-left: 6px solid #f4f4f4; border-bottom: 2px solid transparent; transform: translateX(16px) translateY(-4px) rotate(30deg);\"><\/div>\n<\/div>\n<div style=\"margin-left: auto;\">\n<div style=\"width: 0px; border-top: 8px solid #F4F4F4; border-right: 8px solid transparent; transform: translateY(16px);\"><\/div>\n<div style=\"background-color: #f4f4f4; flex-grow: 0; height: 12px; width: 16px; transform: translateY(-4px);\"><\/div>\n<div style=\"width: 0; height: 0; border-top: 8px solid #F4F4F4; border-left: 8px solid transparent; transform: translateY(-4px) translateX(8px);\"><\/div>\n<\/div>\n<\/div>\n<div style=\"display: flex; flex-direction: column; flex-grow: 1; justify-content: center; margin-bottom: 24px;\">\n<div style=\"background-color: #f4f4f4; border-radius: 4px; flex-grow: 0; height: 14px; margin-bottom: 6px; width: 224px;\"><\/div>\n<div style=\"background-color: #f4f4f4; border-radius: 4px; flex-grow: 0; height: 14px; width: 144px;\"><\/div>\n<\/div>\n<p>&nbsp;<\/p>\n<p style=\"color: #c9c8cd; font-family: Arial,sans-serif; font-size: 14px; line-height: 17px; margin-bottom: 0; margin-top: 8px; overflow: hidden; padding: 8px 0 7px; text-align: center; text-overflow: ellipsis; white-space: nowrap;\"><a style=\"color: #c9c8cd; font-family: Arial,sans-serif; font-size: 14px; font-style: normal; font-weight: normal; line-height: 17px; text-decoration: none;\" href=\"https:\/\/www.instagram.com\/p\/CXvXALFKS6Y\/?utm_source=ig_embed&amp;utm_campaign=loading\" target=\"_blank\" rel=\"noopener\">Ein Beitrag geteilt von The Best Social Media &#8211; DE (@thebestsocialmediade)<\/a><\/p>\n<\/div>\n<\/blockquote>\n\n<script async defer src=\"\/instagram-embed.js\"><\/script>","protected":false},"excerpt":{"rendered":"<p>Weihnachten ist auch dieses Jahr wieder anders, als man es sonst eigentlich kennt. Wie schon 2020 musste coronabedingt vieles ausfallen, was sonst dazugeh\u00f6rt. Weihnachtsm\u00e4rkte beispielsweise&#8230;.<\/p>\n","protected":false},"author":73,"featured_media":154571,"comment_status":"open","ping_status":"open","sticky":false,"template":"","format":"standard","meta":{"_acf_changed":false,"footnotes":""},"categories":[1728,35],"tags":[1409,195,974],"class_list":["post-154476","post","type-post","status-publish","format-standard","has-post-thumbnail","hentry","category-humor","category-twitter","tag-arbeit","tag-weihnachten","tag-weihnachtsfeier"],"acf":[],"yoast_head":"<!-- This site is optimized with the Yoast SEO plugin v27.4 - https:\/\/yoast.com\/product\/yoast-seo-wordpress\/ -->\n<title>Wieder keine Weihnachtsfeiern - Tweets, warum das gar nicht schlimm ist<\/title>\n<meta name=\"robots\" content=\"index, follow, max-snippet:-1, max-image-preview:large, max-video-preview:-1\" \/>\n<link rel=\"canonical\" href=\"https:\/\/www.thebestsocial.media\/de\/auch-dieses-jahr-gab-es-keine-weihnachtsfeiern-diese-tweets-zeigen-warum-das-gar-nicht-so-schlimm-ist\/\" \/>\n<meta property=\"og:locale\" content=\"de_DE\" \/>\n<meta property=\"og:type\" content=\"article\" \/>\n<meta property=\"og:title\" content=\"Auch dieses Jahr gab es keine Weihnachtsfeiern - diese Tweets zeigen, warum das gar nicht so schlimm ist\" \/>\n<meta property=\"og:description\" content=\"Weihnachten ist auch dieses Jahr wieder anders, als man es sonst eigentlich kennt. Wie schon 2020 musste coronabedingt vieles ausfallen, was sonst dazugeh\u00f6rt. Weihnachtsm\u00e4rkte beispielsweise....\" \/>\n<meta property=\"og:url\" content=\"https:\/\/www.thebestsocial.media\/de\/auch-dieses-jahr-gab-es-keine-weihnachtsfeiern-diese-tweets-zeigen-warum-das-gar-nicht-so-schlimm-ist\/\" \/>\n<meta property=\"og:site_name\" content=\"The Best Social Media DE\" \/>\n<meta property=\"article:published_time\" content=\"2021-12-21T15:38:52+00:00\" \/>\n<meta property=\"og:image\" content=\"https:\/\/www.thebestsocial.media\/de\/wp-content\/uploads\/sites\/3\/2021\/12\/header-weihanchtsfeier.png\" \/>\n\t<meta property=\"og:image:width\" content=\"1200\" \/>\n\t<meta property=\"og:image:height\" content=\"630\" \/>\n\t<meta property=\"og:image:type\" content=\"image\/png\" \/>\n<meta name=\"author\" content=\"Helene Mei\u00dfner\" \/>\n<meta name=\"twitter:card\" content=\"summary_large_image\" \/>\n<meta name=\"twitter:label1\" content=\"Verfasst von\" \/>\n\t<meta name=\"twitter:data1\" content=\"Helene Mei\u00dfner\" \/>\n\t<meta name=\"twitter:label2\" content=\"Gesch\u00e4tzte Lesezeit\" \/>\n\t<meta name=\"twitter:data2\" content=\"1\u00a0Minute\" \/>\n<script type=\"application\/ld+json\" class=\"yoast-schema-graph\">{\"@context\":\"https:\\\/\\\/schema.org\",\"@graph\":[{\"@type\":\"Article\",\"@id\":\"https:\\\/\\\/www.thebestsocial.media\\\/de\\\/auch-dieses-jahr-gab-es-keine-weihnachtsfeiern-diese-tweets-zeigen-warum-das-gar-nicht-so-schlimm-ist\\\/#article\",\"isPartOf\":{\"@id\":\"https:\\\/\\\/www.thebestsocial.media\\\/de\\\/auch-dieses-jahr-gab-es-keine-weihnachtsfeiern-diese-tweets-zeigen-warum-das-gar-nicht-so-schlimm-ist\\\/\"},\"author\":{\"name\":\"Helene Mei\u00dfner\",\"@id\":\"https:\\\/\\\/www.thebestsocial.media\\\/de\\\/#\\\/schema\\\/person\\\/6267acc046505b90b912687a039220df\"},\"headline\":\"Auch dieses Jahr gab es keine Weihnachtsfeiern &#8211; diese Tweets zeigen, warum das gar nicht so schlimm ist\",\"datePublished\":\"2021-12-21T15:38:52+00:00\",\"mainEntityOfPage\":{\"@id\":\"https:\\\/\\\/www.thebestsocial.media\\\/de\\\/auch-dieses-jahr-gab-es-keine-weihnachtsfeiern-diese-tweets-zeigen-warum-das-gar-nicht-so-schlimm-ist\\\/\"},\"wordCount\":232,\"commentCount\":0,\"image\":{\"@id\":\"https:\\\/\\\/www.thebestsocial.media\\\/de\\\/auch-dieses-jahr-gab-es-keine-weihnachtsfeiern-diese-tweets-zeigen-warum-das-gar-nicht-so-schlimm-ist\\\/#primaryimage\"},\"thumbnailUrl\":\"https:\\\/\\\/www.thebestsocial.media\\\/de\\\/wp-content\\\/uploads\\\/sites\\\/3\\\/2021\\\/12\\\/drinks-1283608_1920.jpg\",\"keywords\":[\"Arbeit\",\"weihnachten\",\"Weihnachtsfeier\"],\"articleSection\":[\"Humor\",\"Twitter\"],\"inLanguage\":\"de\",\"potentialAction\":[{\"@type\":\"CommentAction\",\"name\":\"Comment\",\"target\":[\"https:\\\/\\\/www.thebestsocial.media\\\/de\\\/auch-dieses-jahr-gab-es-keine-weihnachtsfeiern-diese-tweets-zeigen-warum-das-gar-nicht-so-schlimm-ist\\\/#respond\"]}]},{\"@type\":\"WebPage\",\"@id\":\"https:\\\/\\\/www.thebestsocial.media\\\/de\\\/auch-dieses-jahr-gab-es-keine-weihnachtsfeiern-diese-tweets-zeigen-warum-das-gar-nicht-so-schlimm-ist\\\/\",\"url\":\"https:\\\/\\\/www.thebestsocial.media\\\/de\\\/auch-dieses-jahr-gab-es-keine-weihnachtsfeiern-diese-tweets-zeigen-warum-das-gar-nicht-so-schlimm-ist\\\/\",\"name\":\"Wieder keine Weihnachtsfeiern - Tweets, warum das gar nicht schlimm ist\",\"isPartOf\":{\"@id\":\"https:\\\/\\\/www.thebestsocial.media\\\/de\\\/#website\"},\"primaryImageOfPage\":{\"@id\":\"https:\\\/\\\/www.thebestsocial.media\\\/de\\\/auch-dieses-jahr-gab-es-keine-weihnachtsfeiern-diese-tweets-zeigen-warum-das-gar-nicht-so-schlimm-ist\\\/#primaryimage\"},\"image\":{\"@id\":\"https:\\\/\\\/www.thebestsocial.media\\\/de\\\/auch-dieses-jahr-gab-es-keine-weihnachtsfeiern-diese-tweets-zeigen-warum-das-gar-nicht-so-schlimm-ist\\\/#primaryimage\"},\"thumbnailUrl\":\"https:\\\/\\\/www.thebestsocial.media\\\/de\\\/wp-content\\\/uploads\\\/sites\\\/3\\\/2021\\\/12\\\/drinks-1283608_1920.jpg\",\"datePublished\":\"2021-12-21T15:38:52+00:00\",\"author\":{\"@id\":\"https:\\\/\\\/www.thebestsocial.media\\\/de\\\/#\\\/schema\\\/person\\\/6267acc046505b90b912687a039220df\"},\"breadcrumb\":{\"@id\":\"https:\\\/\\\/www.thebestsocial.media\\\/de\\\/auch-dieses-jahr-gab-es-keine-weihnachtsfeiern-diese-tweets-zeigen-warum-das-gar-nicht-so-schlimm-ist\\\/#breadcrumb\"},\"inLanguage\":\"de\",\"potentialAction\":[{\"@type\":\"ReadAction\",\"target\":[\"https:\\\/\\\/www.thebestsocial.media\\\/de\\\/auch-dieses-jahr-gab-es-keine-weihnachtsfeiern-diese-tweets-zeigen-warum-das-gar-nicht-so-schlimm-ist\\\/\"]}]},{\"@type\":\"ImageObject\",\"inLanguage\":\"de\",\"@id\":\"https:\\\/\\\/www.thebestsocial.media\\\/de\\\/auch-dieses-jahr-gab-es-keine-weihnachtsfeiern-diese-tweets-zeigen-warum-das-gar-nicht-so-schlimm-ist\\\/#primaryimage\",\"url\":\"https:\\\/\\\/www.thebestsocial.media\\\/de\\\/wp-content\\\/uploads\\\/sites\\\/3\\\/2021\\\/12\\\/drinks-1283608_1920.jpg\",\"contentUrl\":\"https:\\\/\\\/www.thebestsocial.media\\\/de\\\/wp-content\\\/uploads\\\/sites\\\/3\\\/2021\\\/12\\\/drinks-1283608_1920.jpg\",\"width\":1920,\"height\":1280},{\"@type\":\"BreadcrumbList\",\"@id\":\"https:\\\/\\\/www.thebestsocial.media\\\/de\\\/auch-dieses-jahr-gab-es-keine-weihnachtsfeiern-diese-tweets-zeigen-warum-das-gar-nicht-so-schlimm-ist\\\/#breadcrumb\",\"itemListElement\":[{\"@type\":\"ListItem\",\"position\":1,\"name\":\"Home\",\"item\":\"https:\\\/\\\/www.thebestsocial.media\\\/de\\\/\"},{\"@type\":\"ListItem\",\"position\":2,\"name\":\"Auch dieses Jahr gab es keine Weihnachtsfeiern &#8211; diese Tweets zeigen, warum das gar nicht so schlimm ist\"}]},{\"@type\":\"WebSite\",\"@id\":\"https:\\\/\\\/www.thebestsocial.media\\\/de\\\/#website\",\"url\":\"https:\\\/\\\/www.thebestsocial.media\\\/de\\\/\",\"name\":\"The Best Social Media DE\",\"description\":\"\",\"potentialAction\":[{\"@type\":\"SearchAction\",\"target\":{\"@type\":\"EntryPoint\",\"urlTemplate\":\"https:\\\/\\\/www.thebestsocial.media\\\/de\\\/?s={search_term_string}\"},\"query-input\":{\"@type\":\"PropertyValueSpecification\",\"valueRequired\":true,\"valueName\":\"search_term_string\"}}],\"inLanguage\":\"de\"},{\"@type\":\"Person\",\"@id\":\"https:\\\/\\\/www.thebestsocial.media\\\/de\\\/#\\\/schema\\\/person\\\/6267acc046505b90b912687a039220df\",\"name\":\"Helene Mei\u00dfner\",\"image\":{\"@type\":\"ImageObject\",\"inLanguage\":\"de\",\"@id\":\"https:\\\/\\\/secure.gravatar.com\\\/avatar\\\/6639fc0397860ac2c2e11b018c1f14be4a46c2378a91ac1b35730b724675daa8?s=96&d=mm&r=g\",\"url\":\"https:\\\/\\\/secure.gravatar.com\\\/avatar\\\/6639fc0397860ac2c2e11b018c1f14be4a46c2378a91ac1b35730b724675daa8?s=96&d=mm&r=g\",\"contentUrl\":\"https:\\\/\\\/secure.gravatar.com\\\/avatar\\\/6639fc0397860ac2c2e11b018c1f14be4a46c2378a91ac1b35730b724675daa8?s=96&d=mm&r=g\",\"caption\":\"Helene Mei\u00dfner\"},\"description\":\"Kommt aus Berlin und hat dementsprechend nat\u00fcrlich irgendwas mit Medien studiert. Verlegt oft Dinge, w\u00e4hrend sie sie in der Hand h\u00e4lt. Findet Kauger\u00e4usche unausstehlich. Hat eine Schw\u00e4che f\u00fcr Glitzer und immer mindestens 50 Tabs offen.\",\"sameAs\":[\"https:\\\/\\\/www.instagram.com\\\/he.leni\\\/\"],\"url\":\"https:\\\/\\\/www.thebestsocial.media\\\/de\\\/author\\\/helenemeissner\\\/\"}]}<\/script>\n<!-- \/ Yoast SEO plugin. -->","yoast_head_json":{"title":"Wieder keine Weihnachtsfeiern - Tweets, warum das gar nicht schlimm ist","robots":{"index":"index","follow":"follow","max-snippet":"max-snippet:-1","max-image-preview":"max-image-preview:large","max-video-preview":"max-video-preview:-1"},"canonical":"https:\/\/www.thebestsocial.media\/de\/auch-dieses-jahr-gab-es-keine-weihnachtsfeiern-diese-tweets-zeigen-warum-das-gar-nicht-so-schlimm-ist\/","og_locale":"de_DE","og_type":"article","og_title":"Auch dieses Jahr gab es keine Weihnachtsfeiern - diese Tweets zeigen, warum das gar nicht so schlimm ist","og_description":"Weihnachten ist auch dieses Jahr wieder anders, als man es sonst eigentlich kennt. Wie schon 2020 musste coronabedingt vieles ausfallen, was sonst dazugeh\u00f6rt. Weihnachtsm\u00e4rkte beispielsweise....","og_url":"https:\/\/www.thebestsocial.media\/de\/auch-dieses-jahr-gab-es-keine-weihnachtsfeiern-diese-tweets-zeigen-warum-das-gar-nicht-so-schlimm-ist\/","og_site_name":"The Best Social Media DE","article_published_time":"2021-12-21T15:38:52+00:00","og_image":[{"width":1200,"height":630,"url":"https:\/\/www.thebestsocial.media\/de\/wp-content\/uploads\/sites\/3\/2021\/12\/header-weihanchtsfeier.png","type":"image\/png"}],"author":"Helene Mei\u00dfner","twitter_card":"summary_large_image","twitter_misc":{"Verfasst von":"Helene Mei\u00dfner","Gesch\u00e4tzte Lesezeit":"1\u00a0Minute"},"schema":{"@context":"https:\/\/schema.org","@graph":[{"@type":"Article","@id":"https:\/\/www.thebestsocial.media\/de\/auch-dieses-jahr-gab-es-keine-weihnachtsfeiern-diese-tweets-zeigen-warum-das-gar-nicht-so-schlimm-ist\/#article","isPartOf":{"@id":"https:\/\/www.thebestsocial.media\/de\/auch-dieses-jahr-gab-es-keine-weihnachtsfeiern-diese-tweets-zeigen-warum-das-gar-nicht-so-schlimm-ist\/"},"author":{"name":"Helene Mei\u00dfner","@id":"https:\/\/www.thebestsocial.media\/de\/#\/schema\/person\/6267acc046505b90b912687a039220df"},"headline":"Auch dieses Jahr gab es keine Weihnachtsfeiern &#8211; diese Tweets zeigen, warum das gar nicht so schlimm ist","datePublished":"2021-12-21T15:38:52+00:00","mainEntityOfPage":{"@id":"https:\/\/www.thebestsocial.media\/de\/auch-dieses-jahr-gab-es-keine-weihnachtsfeiern-diese-tweets-zeigen-warum-das-gar-nicht-so-schlimm-ist\/"},"wordCount":232,"commentCount":0,"image":{"@id":"https:\/\/www.thebestsocial.media\/de\/auch-dieses-jahr-gab-es-keine-weihnachtsfeiern-diese-tweets-zeigen-warum-das-gar-nicht-so-schlimm-ist\/#primaryimage"},"thumbnailUrl":"https:\/\/www.thebestsocial.media\/de\/wp-content\/uploads\/sites\/3\/2021\/12\/drinks-1283608_1920.jpg","keywords":["Arbeit","weihnachten","Weihnachtsfeier"],"articleSection":["Humor","Twitter"],"inLanguage":"de","potentialAction":[{"@type":"CommentAction","name":"Comment","target":["https:\/\/www.thebestsocial.media\/de\/auch-dieses-jahr-gab-es-keine-weihnachtsfeiern-diese-tweets-zeigen-warum-das-gar-nicht-so-schlimm-ist\/#respond"]}]},{"@type":"WebPage","@id":"https:\/\/www.thebestsocial.media\/de\/auch-dieses-jahr-gab-es-keine-weihnachtsfeiern-diese-tweets-zeigen-warum-das-gar-nicht-so-schlimm-ist\/","url":"https:\/\/www.thebestsocial.media\/de\/auch-dieses-jahr-gab-es-keine-weihnachtsfeiern-diese-tweets-zeigen-warum-das-gar-nicht-so-schlimm-ist\/","name":"Wieder keine Weihnachtsfeiern - Tweets, warum das gar nicht schlimm ist","isPartOf":{"@id":"https:\/\/www.thebestsocial.media\/de\/#website"},"primaryImageOfPage":{"@id":"https:\/\/www.thebestsocial.media\/de\/auch-dieses-jahr-gab-es-keine-weihnachtsfeiern-diese-tweets-zeigen-warum-das-gar-nicht-so-schlimm-ist\/#primaryimage"},"image":{"@id":"https:\/\/www.thebestsocial.media\/de\/auch-dieses-jahr-gab-es-keine-weihnachtsfeiern-diese-tweets-zeigen-warum-das-gar-nicht-so-schlimm-ist\/#primaryimage"},"thumbnailUrl":"https:\/\/www.thebestsocial.media\/de\/wp-content\/uploads\/sites\/3\/2021\/12\/drinks-1283608_1920.jpg","datePublished":"2021-12-21T15:38:52+00:00","author":{"@id":"https:\/\/www.thebestsocial.media\/de\/#\/schema\/person\/6267acc046505b90b912687a039220df"},"breadcrumb":{"@id":"https:\/\/www.thebestsocial.media\/de\/auch-dieses-jahr-gab-es-keine-weihnachtsfeiern-diese-tweets-zeigen-warum-das-gar-nicht-so-schlimm-ist\/#breadcrumb"},"inLanguage":"de","potentialAction":[{"@type":"ReadAction","target":["https:\/\/www.thebestsocial.media\/de\/auch-dieses-jahr-gab-es-keine-weihnachtsfeiern-diese-tweets-zeigen-warum-das-gar-nicht-so-schlimm-ist\/"]}]},{"@type":"ImageObject","inLanguage":"de","@id":"https:\/\/www.thebestsocial.media\/de\/auch-dieses-jahr-gab-es-keine-weihnachtsfeiern-diese-tweets-zeigen-warum-das-gar-nicht-so-schlimm-ist\/#primaryimage","url":"https:\/\/www.thebestsocial.media\/de\/wp-content\/uploads\/sites\/3\/2021\/12\/drinks-1283608_1920.jpg","contentUrl":"https:\/\/www.thebestsocial.media\/de\/wp-content\/uploads\/sites\/3\/2021\/12\/drinks-1283608_1920.jpg","width":1920,"height":1280},{"@type":"BreadcrumbList","@id":"https:\/\/www.thebestsocial.media\/de\/auch-dieses-jahr-gab-es-keine-weihnachtsfeiern-diese-tweets-zeigen-warum-das-gar-nicht-so-schlimm-ist\/#breadcrumb","itemListElement":[{"@type":"ListItem","position":1,"name":"Home","item":"https:\/\/www.thebestsocial.media\/de\/"},{"@type":"ListItem","position":2,"name":"Auch dieses Jahr gab es keine Weihnachtsfeiern &#8211; diese Tweets zeigen, warum das gar nicht so schlimm ist"}]},{"@type":"WebSite","@id":"https:\/\/www.thebestsocial.media\/de\/#website","url":"https:\/\/www.thebestsocial.media\/de\/","name":"The Best Social Media DE","description":"","potentialAction":[{"@type":"SearchAction","target":{"@type":"EntryPoint","urlTemplate":"https:\/\/www.thebestsocial.media\/de\/?s={search_term_string}"},"query-input":{"@type":"PropertyValueSpecification","valueRequired":true,"valueName":"search_term_string"}}],"inLanguage":"de"},{"@type":"Person","@id":"https:\/\/www.thebestsocial.media\/de\/#\/schema\/person\/6267acc046505b90b912687a039220df","name":"Helene Mei\u00dfner","image":{"@type":"ImageObject","inLanguage":"de","@id":"https:\/\/secure.gravatar.com\/avatar\/6639fc0397860ac2c2e11b018c1f14be4a46c2378a91ac1b35730b724675daa8?s=96&d=mm&r=g","url":"https:\/\/secure.gravatar.com\/avatar\/6639fc0397860ac2c2e11b018c1f14be4a46c2378a91ac1b35730b724675daa8?s=96&d=mm&r=g","contentUrl":"https:\/\/secure.gravatar.com\/avatar\/6639fc0397860ac2c2e11b018c1f14be4a46c2378a91ac1b35730b724675daa8?s=96&d=mm&r=g","caption":"Helene Mei\u00dfner"},"description":"Kommt aus Berlin und hat dementsprechend nat\u00fcrlich irgendwas mit Medien studiert. Verlegt oft Dinge, w\u00e4hrend sie sie in der Hand h\u00e4lt. Findet Kauger\u00e4usche unausstehlich. Hat eine Schw\u00e4che f\u00fcr Glitzer und immer mindestens 50 Tabs offen.","sameAs":["https:\/\/www.instagram.com\/he.leni\/"],"url":"https:\/\/www.thebestsocial.media\/de\/author\/helenemeissner\/"}]}},"amp_enabled":true,"_links":{"self":[{"href":"https:\/\/www.thebestsocial.media\/de\/wp-json\/wp\/v2\/posts\/154476","targetHints":{"allow":["GET"]}}],"collection":[{"href":"https:\/\/www.thebestsocial.media\/de\/wp-json\/wp\/v2\/posts"}],"about":[{"href":"https:\/\/www.thebestsocial.media\/de\/wp-json\/wp\/v2\/types\/post"}],"author":[{"embeddable":true,"href":"https:\/\/www.thebestsocial.media\/de\/wp-json\/wp\/v2\/users\/73"}],"replies":[{"embeddable":true,"href":"https:\/\/www.thebestsocial.media\/de\/wp-json\/wp\/v2\/comments?post=154476"}],"version-history":[{"count":12,"href":"https:\/\/www.thebestsocial.media\/de\/wp-json\/wp\/v2\/posts\/154476\/revisions"}],"predecessor-version":[{"id":154575,"href":"https:\/\/www.thebestsocial.media\/de\/wp-json\/wp\/v2\/posts\/154476\/revisions\/154575"}],"wp:featuredmedia":[{"embeddable":true,"href":"https:\/\/www.thebestsocial.media\/de\/wp-json\/wp\/v2\/media\/154571"}],"wp:attachment":[{"href":"https:\/\/www.thebestsocial.media\/de\/wp-json\/wp\/v2\/media?parent=154476"}],"wp:term":[{"taxonomy":"category","embeddable":true,"href":"https:\/\/www.thebestsocial.media\/de\/wp-json\/wp\/v2\/categories?post=154476"},{"taxonomy":"post_tag","embeddable":true,"href":"https:\/\/www.thebestsocial.media\/de\/wp-json\/wp\/v2\/tags?post=154476"}],"curies":[{"name":"wp","href":"https:\/\/api.w.org\/{rel}","templated":true}]}}