{"id":154235,"date":"2021-12-14T12:05:10","date_gmt":"2021-12-14T12:05:10","guid":{"rendered":"https:\/\/www.thebestsocial.media\/de\/?p=154235"},"modified":"2021-12-14T12:05:10","modified_gmt":"2021-12-14T12:05:10","slug":"solidaritaet-mit-ricarda-lang-reaktionen-auf-erneuten-hate-der-gruene-politikerin","status":"publish","type":"post","link":"https:\/\/www.thebestsocial.media\/de\/solidaritaet-mit-ricarda-lang-reaktionen-auf-erneuten-hate-der-gruene-politikerin\/","title":{"rendered":"Solidarit\u00e4t mit Ricarda Lang- Reaktionen auf erneuten Hate der Gr\u00fcne-Politikerin"},"content":{"rendered":"<p>Stellvertretende Bundesvorsitzende und frauenpolitische Sprecherin der Gr\u00fcnen, Ricarda Lang, gab gestern ihre Bewerbung als Parteivorsitzende bekannt. Die junge Politikerin erlebte schon viel Kritik, Hate und sogar Hetze. Besonders auf Twitter wird unter dem immer wieder trendenden Hashtag &#8222;#ricardalang&#8220; nicht etwa \u00fcber Politik, sondern ganz pers\u00f6nliche Dinge, wie Ricarda Langs Aussehen diskutiert. Auch heute, einen Tag nachdem sie ihre Bewerbung bekannt gab, trendet der Hashtag wieder. Und wieder sind respektlose Tweets darunter. Es gibt aber auch viele Menschen, die sich f\u00fcr die Gr\u00fcne-Politikerin stark machen und Solidarit\u00e4t zeigen.<\/p>\n<p style=\"text-align: center;\"><strong>Das grundlegende Problem liegt, manchen Twitter-Usern zufolge, viel tiefer.<\/strong><\/p>\n<div class=\"dbsm-oembed\">\n<blockquote class=\"twitter-tweet\" data-width=\"500\" data-dnt=\"true\">\n<p lang=\"de\" dir=\"ltr\">Google News-Suche<\/p>\n<p>&quot;Tilman Kuban \u00dcbergewicht&quot; 8 Treffer.<br \/>Kein einziger davon auf ihn pers\u00f6nlich gem\u00fcnzt.<\/p>\n<p>&quot;Ricarda Lang \u00dcbergewicht&quot; 138 Treffer.<br \/>Fast alle pers\u00f6nlich gem\u00fcnzt.<br \/>Top: Axel-Springer-Verlag.<\/p>\n<p>Es geht um das Geschlecht*, nicht um Kilogramm. <a href=\"https:\/\/twitter.com\/hashtag\/RicardaLang?src=hash&amp;ref_src=twsrc%5Etfw\">#RicardaLang<\/a><\/p>\n<p>&mdash; Matthias Oomen \ud83c\udff3\ufe0f\u200d\ud83c\udf08\ud83d\udc9a\ud83c\uddea\ud83c\uddfa (@OomenBerlin) <a href=\"https:\/\/twitter.com\/OomenBerlin\/status\/1470417848065576978?ref_src=twsrc%5Etfw\">December 13, 2021<\/a><\/p><\/blockquote>\n<p><script async src=\"https:\/\/platform.twitter.com\/widgets.js\" charset=\"utf-8\"><\/script><\/div>\n<p style=\"text-align: center;\"><strong>Unter vielen Politiker*innen spricht auch SPD- Politikerin Katja\u00a0<\/strong><b>Mast ihre Solidarit\u00e4t mit Ricarda Lang aus.<\/b><\/p>\n<div class=\"dbsm-oembed\">\n<blockquote class=\"twitter-tweet\" data-width=\"500\" data-dnt=\"true\">\n<p lang=\"de\" dir=\"ltr\">Es ist besch\u00e4mend, welchen Attacken Frauen, die Spitzen\u00e4mter aus\u00fcben oder daf\u00fcr kandidieren ausgesetzt sind. Dass dieser widerliche Hass (mal wieder) aus der AfD kommt \u00fcberrascht nicht. Volle Solidarit\u00e4t mit <a href=\"https:\/\/twitter.com\/Ricarda_Lang?ref_src=twsrc%5Etfw\">@Ricarda_Lang<\/a>!<a href=\"https:\/\/twitter.com\/hashtag\/RicardaLang?src=hash&amp;ref_src=twsrc%5Etfw\">#RicardaLang<\/a><\/p>\n<p>&mdash; Katja Mast (@KatjaMast) <a href=\"https:\/\/twitter.com\/KatjaMast\/status\/1470434182245531650?ref_src=twsrc%5Etfw\">December 13, 2021<\/a><\/p><\/blockquote>\n<p><script async src=\"https:\/\/platform.twitter.com\/widgets.js\" charset=\"utf-8\"><\/script><\/div>\n<p style=\"text-align: center;\"><strong>Auch Volt-Politikerin Eileen O&#8217;Sullivan ist sauer.<\/strong><\/p>\n<div class=\"dbsm-oembed\">\n<blockquote class=\"twitter-tweet\" data-width=\"500\" data-dnt=\"true\">\n<p lang=\"de\" dir=\"ltr\">Immer &amp; immer wieder wird gefragt, warum (junge) Frauen keine Lust haben sich in die Politik zu begeben \u2014 wenn man sich ansieht was f\u00fcr absto\u00dfende, sexistische \u00c4u\u00dferungen \u00fcber <a href=\"https:\/\/twitter.com\/hashtag\/RicardaLang?src=hash&amp;ref_src=twsrc%5Etfw\">#RicardaLang<\/a> alleine hier kursieren muss man sich nicht wundern. Einfach besch\u00e4mend<\/p>\n<p>&mdash; Eileen O&#39;Sullivan (@Eileenxos) <a href=\"https:\/\/twitter.com\/Eileenxos\/status\/1470417053416935433?ref_src=twsrc%5Etfw\">December 13, 2021<\/a><\/p><\/blockquote>\n<p><script async src=\"https:\/\/platform.twitter.com\/widgets.js\" charset=\"utf-8\"><\/script><\/div>\n<p style=\"text-align: center;\"><strong>Journalist und Moderator J\u00f6rg Kachelmann bringt es gut auf den Punkt.<\/strong><\/p>\n<div class=\"dbsm-oembed\">\n<blockquote class=\"twitter-tweet\" data-width=\"500\" data-dnt=\"true\">\n<p lang=\"de\" dir=\"ltr\"><a href=\"https:\/\/twitter.com\/hashtag\/RicardaLang?src=hash&amp;ref_src=twsrc%5Etfw\">#RicardaLang<\/a> ist sicher stark genug, um selbstbewusst den Dreck der widerlichen rechten Schmierlappen auszuhalten.<\/p>\n<p>All das hat 1 tr\u00f6stliche Komponente: Die <a href=\"https:\/\/twitter.com\/hashtag\/FCKNZS?src=hash&amp;ref_src=twsrc%5Etfw\">#FCKNZS<\/a> <a href=\"https:\/\/twitter.com\/hashtag\/FCKAFD?src=hash&amp;ref_src=twsrc%5Etfw\">#FCKAFD<\/a> sind wirklich bei jedem Thema ekelhaft. Es gibt nicht eines, bei dem man falschen Applaus f\u00fcrchten muss.<\/p>\n<p>&mdash; J\u00f6rg @kachelmann anderswo: @realkachelmann (@Kachelmann) <a href=\"https:\/\/twitter.com\/Kachelmann\/status\/1470446840957050882?ref_src=twsrc%5Etfw\">December 13, 2021<\/a><\/p><\/blockquote>\n<p><script async src=\"https:\/\/platform.twitter.com\/widgets.js\" charset=\"utf-8\"><\/script><\/div>\n<p style=\"text-align: center;\"><strong>Aber auch Nicht-Politiker*innen machen sich stark f\u00fcr Ricarda Lang.<\/strong><\/p>\n<div class=\"dbsm-oembed\">\n<blockquote class=\"twitter-tweet\" data-width=\"500\" data-dnt=\"true\">\n<p lang=\"de\" dir=\"ltr\">Krass, wie Siff-Twitter nichts anderes einf\u00e4llt, als eine erfolgreiche Frau, die einige nicht m\u00f6gen, auf ihre Figur zu reduzieren &amp; \u00fcbelst zu beleidigen.<\/p>\n<p>F\u00fchlt ihr euch so bedroht? Habt ihr keine Argumente, au\u00dfer dass sie nicht eurem Sch\u00f6nheitsideal entspricht?<a href=\"https:\/\/twitter.com\/hashtag\/RicardaLang?src=hash&amp;ref_src=twsrc%5Etfw\">#RicardaLang<\/a><\/p>\n<p>&mdash; Diva auf\u2018m Divan (@Snake_Kaa) <a href=\"https:\/\/twitter.com\/Snake_Kaa\/status\/1470322721322119169?ref_src=twsrc%5Etfw\">December 13, 2021<\/a><\/p><\/blockquote>\n<p><script async src=\"https:\/\/platform.twitter.com\/widgets.js\" charset=\"utf-8\"><\/script><\/div>\n<div class=\"dbsm-oembed\">\n<blockquote class=\"twitter-tweet\" data-width=\"500\" data-dnt=\"true\">\n<p lang=\"de\" dir=\"ltr\">F\u00fcr viele bei Twitter eine offenbar unl\u00f6sbare Aufgabe: Politiker*innen ausschlie\u00dflich auf Basis ihrer Politik kritisieren.<a href=\"https:\/\/twitter.com\/hashtag\/RicardaLang?src=hash&amp;ref_src=twsrc%5Etfw\">#RicardaLang<\/a><\/p>\n<p>&mdash; Pauline Schmidt (@pln_schmidt) <a href=\"https:\/\/twitter.com\/pln_schmidt\/status\/1470419669693743112?ref_src=twsrc%5Etfw\">December 13, 2021<\/a><\/p><\/blockquote>\n<p><script async src=\"https:\/\/platform.twitter.com\/widgets.js\" charset=\"utf-8\"><\/script><\/div>\n<p>https:\/\/twitter.com\/JConstantine80\/status\/1470651284294447109?s=20<\/p>\n<p style=\"text-align: center;\"><strong>Und\u00a0<\/strong><b>sogar aus einer so ernsten und wirklich wenig komischen Situation schaffen es manche User uns kurz zum grinsen zu bringen.<\/b><\/p>\n<p>https:\/\/twitter.com\/FoxAmandil\/status\/1470669561578106881?s=20<\/p>\n<p style=\"text-align: center;\">___<br \/>\nVielen Dank an alle f\u00fcr die Posts!<br \/>\n___<br \/>\n<strong>Keine Influencer! Kein Foodporn! Nur ganz viel Spa\u00df \u2013 bei uns auf Instagram:<\/strong><\/p>\n<blockquote class=\"instagram-media\" style=\"background: #FFF; border: 0; border-radius: 3px; box-shadow: 0 0 1px 0 rgba(0,0,0,0.5),0 1px 10px 0 rgba(0,0,0,0.15); margin: 1px; max-width: 540px; min-width: 326px; padding: 0; width: calc(100% - 2px);\" data-instgrm-captioned=\"\" data-instgrm-permalink=\"https:\/\/www.instagram.com\/p\/CXazacYM1-q\/?utm_source=ig_embed&amp;utm_campaign=loading\" data-instgrm-version=\"14\">\n<div style=\"padding: 16px;\">\n<p>&nbsp;<\/p>\n<div style=\"display: flex; flex-direction: row; align-items: center;\">\n<div style=\"background-color: #f4f4f4; border-radius: 50%; flex-grow: 0; height: 40px; margin-right: 14px; width: 40px;\"><\/div>\n<div style=\"display: flex; flex-direction: column; flex-grow: 1; justify-content: center;\">\n<div style=\"background-color: #f4f4f4; border-radius: 4px; flex-grow: 0; height: 14px; margin-bottom: 6px; width: 100px;\"><\/div>\n<div style=\"background-color: #f4f4f4; border-radius: 4px; flex-grow: 0; height: 14px; width: 60px;\"><\/div>\n<\/div>\n<\/div>\n<div style=\"padding: 19% 0;\"><\/div>\n<div style=\"display: block; height: 50px; margin: 0 auto 12px; width: 50px;\"><\/div>\n<div style=\"padding-top: 8px;\">\n<div style=\"color: #3897f0; font-family: Arial,sans-serif; font-size: 14px; font-style: normal; font-weight: 550; line-height: 18px;\">Sieh dir diesen Beitrag auf Instagram an<\/div>\n<\/div>\n<div style=\"padding: 12.5% 0;\"><\/div>\n<div style=\"display: flex; flex-direction: row; margin-bottom: 14px; align-items: center;\">\n<div>\n<div style=\"background-color: #f4f4f4; border-radius: 50%; height: 12.5px; width: 12.5px; transform: translateX(0px) translateY(7px);\"><\/div>\n<div style=\"background-color: #f4f4f4; height: 12.5px; transform: rotate(-45deg) translateX(3px) translateY(1px); width: 12.5px; flex-grow: 0; margin-right: 14px; margin-left: 2px;\"><\/div>\n<div style=\"background-color: #f4f4f4; border-radius: 50%; height: 12.5px; width: 12.5px; transform: translateX(9px) translateY(-18px);\"><\/div>\n<\/div>\n<div style=\"margin-left: 8px;\">\n<div style=\"background-color: #f4f4f4; border-radius: 50%; flex-grow: 0; height: 20px; width: 20px;\"><\/div>\n<div style=\"width: 0; height: 0; border-top: 2px solid transparent; border-left: 6px solid #f4f4f4; border-bottom: 2px solid transparent; transform: translateX(16px) translateY(-4px) rotate(30deg);\"><\/div>\n<\/div>\n<div style=\"margin-left: auto;\">\n<div style=\"width: 0px; border-top: 8px solid #F4F4F4; border-right: 8px solid transparent; transform: translateY(16px);\"><\/div>\n<div style=\"background-color: #f4f4f4; flex-grow: 0; height: 12px; width: 16px; transform: translateY(-4px);\"><\/div>\n<div style=\"width: 0; height: 0; border-top: 8px solid #F4F4F4; border-left: 8px solid transparent; transform: translateY(-4px) translateX(8px);\"><\/div>\n<\/div>\n<\/div>\n<div style=\"display: flex; flex-direction: column; flex-grow: 1; justify-content: center; margin-bottom: 24px;\">\n<div style=\"background-color: #f4f4f4; border-radius: 4px; flex-grow: 0; height: 14px; margin-bottom: 6px; width: 224px;\"><\/div>\n<div style=\"background-color: #f4f4f4; border-radius: 4px; flex-grow: 0; height: 14px; width: 144px;\"><\/div>\n<\/div>\n<p>&nbsp;<\/p>\n<p style=\"color: #c9c8cd; font-family: Arial,sans-serif; font-size: 14px; line-height: 17px; margin-bottom: 0; margin-top: 8px; overflow: hidden; padding: 8px 0 7px; text-align: center; text-overflow: ellipsis; white-space: nowrap;\"><a style=\"color: #c9c8cd; font-family: Arial,sans-serif; font-size: 14px; font-style: normal; font-weight: normal; line-height: 17px; text-decoration: none;\" href=\"https:\/\/www.instagram.com\/p\/CXazacYM1-q\/?utm_source=ig_embed&amp;utm_campaign=loading\" target=\"_blank\" rel=\"noopener\">Ein Beitrag geteilt von The Best Social Media &#8211; DE (@thebestsocialmediade)<\/a><\/p>\n<\/div>\n<\/blockquote>\n\n<script async defer src=\"\/instagram-embed.js\"><\/script>","protected":false},"excerpt":{"rendered":"<p>Stellvertretende Bundesvorsitzende und frauenpolitische Sprecherin der Gr\u00fcnen, Ricarda Lang, gab gestern ihre Bewerbung als Parteivorsitzende bekannt. Die junge Politikerin erlebte schon viel Kritik, Hate und&#8230;<\/p>\n","protected":false},"author":88,"featured_media":154241,"comment_status":"open","ping_status":"open","sticky":false,"template":"","format":"standard","meta":{"_acf_changed":false,"footnotes":""},"categories":[4728,35],"tags":[1638,412,58],"class_list":["post-154235","post","type-post","status-publish","format-standard","has-post-thumbnail","hentry","category-diskussion","category-twitter","tag-hate","tag-politik","tag-twitter"],"acf":[],"yoast_head":"<!-- This site is optimized with the Yoast SEO plugin v27.5 - https:\/\/yoast.com\/product\/yoast-seo-wordpress\/ -->\n<title>Solidarit\u00e4t mit Ricarda Lang! Reaktionen auf erneuten Hate der Politikerin<\/title>\n<meta name=\"robots\" content=\"index, follow, max-snippet:-1, max-image-preview:large, max-video-preview:-1\" \/>\n<link rel=\"canonical\" href=\"https:\/\/www.thebestsocial.media\/de\/solidaritaet-mit-ricarda-lang-reaktionen-auf-erneuten-hate-der-gruene-politikerin\/\" \/>\n<meta property=\"og:locale\" content=\"de_DE\" \/>\n<meta property=\"og:type\" content=\"article\" \/>\n<meta property=\"og:title\" content=\"Solidarit\u00e4t mit Ricarda Lang- Reaktionen auf erneuten Hate der Gr\u00fcne-Politikerin\" \/>\n<meta property=\"og:description\" content=\"Stellvertretende Bundesvorsitzende und frauenpolitische Sprecherin der Gr\u00fcnen, Ricarda Lang, gab gestern ihre Bewerbung als Parteivorsitzende bekannt. Die junge Politikerin erlebte schon viel Kritik, Hate und...\" \/>\n<meta property=\"og:url\" content=\"https:\/\/www.thebestsocial.media\/de\/solidaritaet-mit-ricarda-lang-reaktionen-auf-erneuten-hate-der-gruene-politikerin\/\" \/>\n<meta property=\"og:site_name\" content=\"The Best Social Media DE\" \/>\n<meta property=\"article:published_time\" content=\"2021-12-14T12:05:10+00:00\" \/>\n<meta property=\"og:image\" content=\"https:\/\/www.thebestsocial.media\/de\/wp-content\/uploads\/sites\/3\/2021\/12\/header-ricarda-lang.png\" \/>\n\t<meta property=\"og:image:width\" content=\"1200\" \/>\n\t<meta property=\"og:image:height\" content=\"630\" \/>\n\t<meta property=\"og:image:type\" content=\"image\/png\" \/>\n<meta name=\"author\" content=\"Johanna Burghagen\" \/>\n<meta name=\"twitter:card\" content=\"summary_large_image\" \/>\n<meta name=\"twitter:label1\" content=\"Verfasst von\" \/>\n\t<meta name=\"twitter:data1\" content=\"Johanna Burghagen\" \/>\n\t<meta name=\"twitter:label2\" content=\"Gesch\u00e4tzte Lesezeit\" \/>\n\t<meta name=\"twitter:data2\" content=\"1\u00a0Minute\" \/>\n<script type=\"application\/ld+json\" class=\"yoast-schema-graph\">{\"@context\":\"https:\\\/\\\/schema.org\",\"@graph\":[{\"@type\":\"Article\",\"@id\":\"https:\\\/\\\/www.thebestsocial.media\\\/de\\\/solidaritaet-mit-ricarda-lang-reaktionen-auf-erneuten-hate-der-gruene-politikerin\\\/#article\",\"isPartOf\":{\"@id\":\"https:\\\/\\\/www.thebestsocial.media\\\/de\\\/solidaritaet-mit-ricarda-lang-reaktionen-auf-erneuten-hate-der-gruene-politikerin\\\/\"},\"author\":{\"name\":\"Johanna Burghagen\",\"@id\":\"https:\\\/\\\/www.thebestsocial.media\\\/de\\\/#\\\/schema\\\/person\\\/5f13d9837bcff33cc8d453e30fa88553\"},\"headline\":\"Solidarit\u00e4t mit Ricarda Lang- Reaktionen auf erneuten Hate der Gr\u00fcne-Politikerin\",\"datePublished\":\"2021-12-14T12:05:10+00:00\",\"mainEntityOfPage\":{\"@id\":\"https:\\\/\\\/www.thebestsocial.media\\\/de\\\/solidaritaet-mit-ricarda-lang-reaktionen-auf-erneuten-hate-der-gruene-politikerin\\\/\"},\"wordCount\":270,\"commentCount\":0,\"image\":{\"@id\":\"https:\\\/\\\/www.thebestsocial.media\\\/de\\\/solidaritaet-mit-ricarda-lang-reaktionen-auf-erneuten-hate-der-gruene-politikerin\\\/#primaryimage\"},\"thumbnailUrl\":\"https:\\\/\\\/www.thebestsocial.media\\\/de\\\/wp-content\\\/uploads\\\/sites\\\/3\\\/2021\\\/12\\\/Bildschirmfoto-2021-12-14-um-11.38.41.png\",\"keywords\":[\"hate\",\"politik\",\"twitter\"],\"articleSection\":[\"Diskussion\",\"Twitter\"],\"inLanguage\":\"de\",\"potentialAction\":[{\"@type\":\"CommentAction\",\"name\":\"Comment\",\"target\":[\"https:\\\/\\\/www.thebestsocial.media\\\/de\\\/solidaritaet-mit-ricarda-lang-reaktionen-auf-erneuten-hate-der-gruene-politikerin\\\/#respond\"]}]},{\"@type\":\"WebPage\",\"@id\":\"https:\\\/\\\/www.thebestsocial.media\\\/de\\\/solidaritaet-mit-ricarda-lang-reaktionen-auf-erneuten-hate-der-gruene-politikerin\\\/\",\"url\":\"https:\\\/\\\/www.thebestsocial.media\\\/de\\\/solidaritaet-mit-ricarda-lang-reaktionen-auf-erneuten-hate-der-gruene-politikerin\\\/\",\"name\":\"Solidarit\u00e4t mit Ricarda Lang! Reaktionen auf erneuten Hate der Politikerin\",\"isPartOf\":{\"@id\":\"https:\\\/\\\/www.thebestsocial.media\\\/de\\\/#website\"},\"primaryImageOfPage\":{\"@id\":\"https:\\\/\\\/www.thebestsocial.media\\\/de\\\/solidaritaet-mit-ricarda-lang-reaktionen-auf-erneuten-hate-der-gruene-politikerin\\\/#primaryimage\"},\"image\":{\"@id\":\"https:\\\/\\\/www.thebestsocial.media\\\/de\\\/solidaritaet-mit-ricarda-lang-reaktionen-auf-erneuten-hate-der-gruene-politikerin\\\/#primaryimage\"},\"thumbnailUrl\":\"https:\\\/\\\/www.thebestsocial.media\\\/de\\\/wp-content\\\/uploads\\\/sites\\\/3\\\/2021\\\/12\\\/Bildschirmfoto-2021-12-14-um-11.38.41.png\",\"datePublished\":\"2021-12-14T12:05:10+00:00\",\"author\":{\"@id\":\"https:\\\/\\\/www.thebestsocial.media\\\/de\\\/#\\\/schema\\\/person\\\/5f13d9837bcff33cc8d453e30fa88553\"},\"breadcrumb\":{\"@id\":\"https:\\\/\\\/www.thebestsocial.media\\\/de\\\/solidaritaet-mit-ricarda-lang-reaktionen-auf-erneuten-hate-der-gruene-politikerin\\\/#breadcrumb\"},\"inLanguage\":\"de\",\"potentialAction\":[{\"@type\":\"ReadAction\",\"target\":[\"https:\\\/\\\/www.thebestsocial.media\\\/de\\\/solidaritaet-mit-ricarda-lang-reaktionen-auf-erneuten-hate-der-gruene-politikerin\\\/\"]}]},{\"@type\":\"ImageObject\",\"inLanguage\":\"de\",\"@id\":\"https:\\\/\\\/www.thebestsocial.media\\\/de\\\/solidaritaet-mit-ricarda-lang-reaktionen-auf-erneuten-hate-der-gruene-politikerin\\\/#primaryimage\",\"url\":\"https:\\\/\\\/www.thebestsocial.media\\\/de\\\/wp-content\\\/uploads\\\/sites\\\/3\\\/2021\\\/12\\\/Bildschirmfoto-2021-12-14-um-11.38.41.png\",\"contentUrl\":\"https:\\\/\\\/www.thebestsocial.media\\\/de\\\/wp-content\\\/uploads\\\/sites\\\/3\\\/2021\\\/12\\\/Bildschirmfoto-2021-12-14-um-11.38.41.png\",\"width\":1250,\"height\":942},{\"@type\":\"BreadcrumbList\",\"@id\":\"https:\\\/\\\/www.thebestsocial.media\\\/de\\\/solidaritaet-mit-ricarda-lang-reaktionen-auf-erneuten-hate-der-gruene-politikerin\\\/#breadcrumb\",\"itemListElement\":[{\"@type\":\"ListItem\",\"position\":1,\"name\":\"Home\",\"item\":\"https:\\\/\\\/www.thebestsocial.media\\\/de\\\/\"},{\"@type\":\"ListItem\",\"position\":2,\"name\":\"Solidarit\u00e4t mit Ricarda Lang- Reaktionen auf erneuten Hate der Gr\u00fcne-Politikerin\"}]},{\"@type\":\"WebSite\",\"@id\":\"https:\\\/\\\/www.thebestsocial.media\\\/de\\\/#website\",\"url\":\"https:\\\/\\\/www.thebestsocial.media\\\/de\\\/\",\"name\":\"The Best Social Media DE\",\"description\":\"\",\"potentialAction\":[{\"@type\":\"SearchAction\",\"target\":{\"@type\":\"EntryPoint\",\"urlTemplate\":\"https:\\\/\\\/www.thebestsocial.media\\\/de\\\/?s={search_term_string}\"},\"query-input\":{\"@type\":\"PropertyValueSpecification\",\"valueRequired\":true,\"valueName\":\"search_term_string\"}}],\"inLanguage\":\"de\"},{\"@type\":\"Person\",\"@id\":\"https:\\\/\\\/www.thebestsocial.media\\\/de\\\/#\\\/schema\\\/person\\\/5f13d9837bcff33cc8d453e30fa88553\",\"name\":\"Johanna Burghagen\",\"image\":{\"@type\":\"ImageObject\",\"inLanguage\":\"de\",\"@id\":\"https:\\\/\\\/secure.gravatar.com\\\/avatar\\\/8dfe01b309e4d382459737f38d2b4a93e798f4a0954f87f9c620bc34440b8c7e?s=96&d=mm&r=g\",\"url\":\"https:\\\/\\\/secure.gravatar.com\\\/avatar\\\/8dfe01b309e4d382459737f38d2b4a93e798f4a0954f87f9c620bc34440b8c7e?s=96&d=mm&r=g\",\"contentUrl\":\"https:\\\/\\\/secure.gravatar.com\\\/avatar\\\/8dfe01b309e4d382459737f38d2b4a93e798f4a0954f87f9c620bc34440b8c7e?s=96&d=mm&r=g\",\"caption\":\"Johanna Burghagen\"},\"url\":\"https:\\\/\\\/www.thebestsocial.media\\\/de\\\/author\\\/johannaburghagen\\\/\"}]}<\/script>\n<!-- \/ Yoast SEO plugin. -->","yoast_head_json":{"title":"Solidarit\u00e4t mit Ricarda Lang! Reaktionen auf erneuten Hate der Politikerin","robots":{"index":"index","follow":"follow","max-snippet":"max-snippet:-1","max-image-preview":"max-image-preview:large","max-video-preview":"max-video-preview:-1"},"canonical":"https:\/\/www.thebestsocial.media\/de\/solidaritaet-mit-ricarda-lang-reaktionen-auf-erneuten-hate-der-gruene-politikerin\/","og_locale":"de_DE","og_type":"article","og_title":"Solidarit\u00e4t mit Ricarda Lang- Reaktionen auf erneuten Hate der Gr\u00fcne-Politikerin","og_description":"Stellvertretende Bundesvorsitzende und frauenpolitische Sprecherin der Gr\u00fcnen, Ricarda Lang, gab gestern ihre Bewerbung als Parteivorsitzende bekannt. Die junge Politikerin erlebte schon viel Kritik, Hate und...","og_url":"https:\/\/www.thebestsocial.media\/de\/solidaritaet-mit-ricarda-lang-reaktionen-auf-erneuten-hate-der-gruene-politikerin\/","og_site_name":"The Best Social Media DE","article_published_time":"2021-12-14T12:05:10+00:00","og_image":[{"width":1200,"height":630,"url":"https:\/\/www.thebestsocial.media\/de\/wp-content\/uploads\/sites\/3\/2021\/12\/header-ricarda-lang.png","type":"image\/png"}],"author":"Johanna Burghagen","twitter_card":"summary_large_image","twitter_misc":{"Verfasst von":"Johanna Burghagen","Gesch\u00e4tzte Lesezeit":"1\u00a0Minute"},"schema":{"@context":"https:\/\/schema.org","@graph":[{"@type":"Article","@id":"https:\/\/www.thebestsocial.media\/de\/solidaritaet-mit-ricarda-lang-reaktionen-auf-erneuten-hate-der-gruene-politikerin\/#article","isPartOf":{"@id":"https:\/\/www.thebestsocial.media\/de\/solidaritaet-mit-ricarda-lang-reaktionen-auf-erneuten-hate-der-gruene-politikerin\/"},"author":{"name":"Johanna Burghagen","@id":"https:\/\/www.thebestsocial.media\/de\/#\/schema\/person\/5f13d9837bcff33cc8d453e30fa88553"},"headline":"Solidarit\u00e4t mit Ricarda Lang- Reaktionen auf erneuten Hate der Gr\u00fcne-Politikerin","datePublished":"2021-12-14T12:05:10+00:00","mainEntityOfPage":{"@id":"https:\/\/www.thebestsocial.media\/de\/solidaritaet-mit-ricarda-lang-reaktionen-auf-erneuten-hate-der-gruene-politikerin\/"},"wordCount":270,"commentCount":0,"image":{"@id":"https:\/\/www.thebestsocial.media\/de\/solidaritaet-mit-ricarda-lang-reaktionen-auf-erneuten-hate-der-gruene-politikerin\/#primaryimage"},"thumbnailUrl":"https:\/\/www.thebestsocial.media\/de\/wp-content\/uploads\/sites\/3\/2021\/12\/Bildschirmfoto-2021-12-14-um-11.38.41.png","keywords":["hate","politik","twitter"],"articleSection":["Diskussion","Twitter"],"inLanguage":"de","potentialAction":[{"@type":"CommentAction","name":"Comment","target":["https:\/\/www.thebestsocial.media\/de\/solidaritaet-mit-ricarda-lang-reaktionen-auf-erneuten-hate-der-gruene-politikerin\/#respond"]}]},{"@type":"WebPage","@id":"https:\/\/www.thebestsocial.media\/de\/solidaritaet-mit-ricarda-lang-reaktionen-auf-erneuten-hate-der-gruene-politikerin\/","url":"https:\/\/www.thebestsocial.media\/de\/solidaritaet-mit-ricarda-lang-reaktionen-auf-erneuten-hate-der-gruene-politikerin\/","name":"Solidarit\u00e4t mit Ricarda Lang! Reaktionen auf erneuten Hate der Politikerin","isPartOf":{"@id":"https:\/\/www.thebestsocial.media\/de\/#website"},"primaryImageOfPage":{"@id":"https:\/\/www.thebestsocial.media\/de\/solidaritaet-mit-ricarda-lang-reaktionen-auf-erneuten-hate-der-gruene-politikerin\/#primaryimage"},"image":{"@id":"https:\/\/www.thebestsocial.media\/de\/solidaritaet-mit-ricarda-lang-reaktionen-auf-erneuten-hate-der-gruene-politikerin\/#primaryimage"},"thumbnailUrl":"https:\/\/www.thebestsocial.media\/de\/wp-content\/uploads\/sites\/3\/2021\/12\/Bildschirmfoto-2021-12-14-um-11.38.41.png","datePublished":"2021-12-14T12:05:10+00:00","author":{"@id":"https:\/\/www.thebestsocial.media\/de\/#\/schema\/person\/5f13d9837bcff33cc8d453e30fa88553"},"breadcrumb":{"@id":"https:\/\/www.thebestsocial.media\/de\/solidaritaet-mit-ricarda-lang-reaktionen-auf-erneuten-hate-der-gruene-politikerin\/#breadcrumb"},"inLanguage":"de","potentialAction":[{"@type":"ReadAction","target":["https:\/\/www.thebestsocial.media\/de\/solidaritaet-mit-ricarda-lang-reaktionen-auf-erneuten-hate-der-gruene-politikerin\/"]}]},{"@type":"ImageObject","inLanguage":"de","@id":"https:\/\/www.thebestsocial.media\/de\/solidaritaet-mit-ricarda-lang-reaktionen-auf-erneuten-hate-der-gruene-politikerin\/#primaryimage","url":"https:\/\/www.thebestsocial.media\/de\/wp-content\/uploads\/sites\/3\/2021\/12\/Bildschirmfoto-2021-12-14-um-11.38.41.png","contentUrl":"https:\/\/www.thebestsocial.media\/de\/wp-content\/uploads\/sites\/3\/2021\/12\/Bildschirmfoto-2021-12-14-um-11.38.41.png","width":1250,"height":942},{"@type":"BreadcrumbList","@id":"https:\/\/www.thebestsocial.media\/de\/solidaritaet-mit-ricarda-lang-reaktionen-auf-erneuten-hate-der-gruene-politikerin\/#breadcrumb","itemListElement":[{"@type":"ListItem","position":1,"name":"Home","item":"https:\/\/www.thebestsocial.media\/de\/"},{"@type":"ListItem","position":2,"name":"Solidarit\u00e4t mit Ricarda Lang- Reaktionen auf erneuten Hate der Gr\u00fcne-Politikerin"}]},{"@type":"WebSite","@id":"https:\/\/www.thebestsocial.media\/de\/#website","url":"https:\/\/www.thebestsocial.media\/de\/","name":"The Best Social Media DE","description":"","potentialAction":[{"@type":"SearchAction","target":{"@type":"EntryPoint","urlTemplate":"https:\/\/www.thebestsocial.media\/de\/?s={search_term_string}"},"query-input":{"@type":"PropertyValueSpecification","valueRequired":true,"valueName":"search_term_string"}}],"inLanguage":"de"},{"@type":"Person","@id":"https:\/\/www.thebestsocial.media\/de\/#\/schema\/person\/5f13d9837bcff33cc8d453e30fa88553","name":"Johanna Burghagen","image":{"@type":"ImageObject","inLanguage":"de","@id":"https:\/\/secure.gravatar.com\/avatar\/8dfe01b309e4d382459737f38d2b4a93e798f4a0954f87f9c620bc34440b8c7e?s=96&d=mm&r=g","url":"https:\/\/secure.gravatar.com\/avatar\/8dfe01b309e4d382459737f38d2b4a93e798f4a0954f87f9c620bc34440b8c7e?s=96&d=mm&r=g","contentUrl":"https:\/\/secure.gravatar.com\/avatar\/8dfe01b309e4d382459737f38d2b4a93e798f4a0954f87f9c620bc34440b8c7e?s=96&d=mm&r=g","caption":"Johanna Burghagen"},"url":"https:\/\/www.thebestsocial.media\/de\/author\/johannaburghagen\/"}]}},"amp_enabled":true,"_links":{"self":[{"href":"https:\/\/www.thebestsocial.media\/de\/wp-json\/wp\/v2\/posts\/154235","targetHints":{"allow":["GET"]}}],"collection":[{"href":"https:\/\/www.thebestsocial.media\/de\/wp-json\/wp\/v2\/posts"}],"about":[{"href":"https:\/\/www.thebestsocial.media\/de\/wp-json\/wp\/v2\/types\/post"}],"author":[{"embeddable":true,"href":"https:\/\/www.thebestsocial.media\/de\/wp-json\/wp\/v2\/users\/88"}],"replies":[{"embeddable":true,"href":"https:\/\/www.thebestsocial.media\/de\/wp-json\/wp\/v2\/comments?post=154235"}],"version-history":[{"count":10,"href":"https:\/\/www.thebestsocial.media\/de\/wp-json\/wp\/v2\/posts\/154235\/revisions"}],"predecessor-version":[{"id":154270,"href":"https:\/\/www.thebestsocial.media\/de\/wp-json\/wp\/v2\/posts\/154235\/revisions\/154270"}],"wp:featuredmedia":[{"embeddable":true,"href":"https:\/\/www.thebestsocial.media\/de\/wp-json\/wp\/v2\/media\/154241"}],"wp:attachment":[{"href":"https:\/\/www.thebestsocial.media\/de\/wp-json\/wp\/v2\/media?parent=154235"}],"wp:term":[{"taxonomy":"category","embeddable":true,"href":"https:\/\/www.thebestsocial.media\/de\/wp-json\/wp\/v2\/categories?post=154235"},{"taxonomy":"post_tag","embeddable":true,"href":"https:\/\/www.thebestsocial.media\/de\/wp-json\/wp\/v2\/tags?post=154235"}],"curies":[{"name":"wp","href":"https:\/\/api.w.org\/{rel}","templated":true}]}}