{"id":154057,"date":"2021-12-09T16:05:40","date_gmt":"2021-12-09T16:05:40","guid":{"rendered":"https:\/\/www.thebestsocial.media\/de\/?p=154057"},"modified":"2021-12-09T16:05:40","modified_gmt":"2021-12-09T16:05:40","slug":"joshua-kimmich-faellt-wegen-lungen-problemen-aus-das-netz-wuenscht-gute-besserung-mahnt-aber-auch","status":"publish","type":"post","link":"https:\/\/www.thebestsocial.media\/de\/joshua-kimmich-faellt-wegen-lungen-problemen-aus-das-netz-wuenscht-gute-besserung-mahnt-aber-auch\/","title":{"rendered":"Joshua Kimmich f\u00e4llt wegen Lungen-Problemen aus: Das Netz w\u00fcnscht gute Besserung, mahnt aber auch"},"content":{"rendered":"<p>Profifu\u00dfballer Joshua Kimmich wird in diesem Jahr kein Spiel mehr f\u00fcr den FC Bayern M\u00fcnchen bestreiten. Der 26-J\u00e4hrige f\u00e4llt vorerst mit Lungen-Problemen aus. Der FC Bayern und Kimmich sprechen von einer &#8222;leichten Infiltrationen in der Lunge&#8220;, also einer Fl\u00fc\u00dfigkeitsansammlung in der Lunge. Kimmich war vor wenigen Wochen an Corona erkrankt. Zuvor sorgte der Bayern-Akteur f\u00fcr Aufsehen, weil er sich aufgrund fehlender Langzeitstudien \u00f6ffentlich gegen eine Impfung aussprach.<br \/>\n&nbsp;<br \/>\n<strong>1. Vorneweg nat\u00fcrlich erst einmal gute Besserung!<\/strong><\/p>\n<blockquote class=\"twitter-tweet\">\n<p lang=\"de\" dir=\"ltr\">Bayern best\u00e4tigt: Joshua <a href=\"https:\/\/twitter.com\/hashtag\/Kimmich?src=hash&amp;ref_src=twsrc%5Etfw\">#Kimmich<\/a> f\u00e4llt bis Jahresende aus. Nach seiner <a href=\"https:\/\/twitter.com\/hashtag\/Corona?src=hash&amp;ref_src=twsrc%5Etfw\">#Corona<\/a>-Infektion hat er nun Lungenbeschwerden, die ihn au\u00dfer Gefecht setzen. Dass er ungeimpft war, wurde zur Diskussion, weil er unbegr\u00fcndete Sorgen vor &quot;Sp\u00e4tfolgen&quot; als Grund genannt hatte. Gute Besserung!<\/p>\n<p>&mdash; Volksverpetzer (@Volksverpetzer) <a href=\"https:\/\/twitter.com\/Volksverpetzer\/status\/1468912605750349825?ref_src=twsrc%5Etfw\">December 9, 2021<\/a><\/p><\/blockquote>\n<p> <script async src=\"https:\/\/platform.twitter.com\/widgets.js\" charset=\"utf-8\"><\/script><br \/>\n&nbsp;<br \/>\n<strong>2. Kimmichs Erkrankung sollte aber auch eine Mahnung sein. <\/strong><\/p>\n<blockquote class=\"twitter-tweet\">\n<p lang=\"de\" dir=\"ltr\">Eric Maxim Choupo-Moting hat gro\u00dfe Probleme nach seiner Covid-Erkrankung, Joshua Kimmich f\u00e4llt mit Wassereinlagerungen in der Lunge f\u00fcr den Rest der Vorrunde aus. <\/p>\n<p>Liebe Gr\u00fc\u00dfe an alle ungeimpften &quot;Ich bin fit, ich geh ja oft spazieren, mir kann das Virus nix anhaben&quot;-Menschen.<\/p>\n<p>&mdash; Thomas Poppe (@DerPoppe) <a href=\"https:\/\/twitter.com\/DerPoppe\/status\/1468909971043762178?ref_src=twsrc%5Etfw\">December 9, 2021<\/a><\/p><\/blockquote>\n<p> <script async src=\"https:\/\/platform.twitter.com\/widgets.js\" charset=\"utf-8\"><\/script><br \/>\n&nbsp;<br \/>\n<strong>3. Auch die ges\u00fcndesten Menschen kann Corona hart treffen<\/strong><\/p>\n<blockquote class=\"twitter-tweet\">\n<p lang=\"de\" dir=\"ltr\">Selbst Kimmich, ein top durchtrainierter, fitter Mensch hat nun laut Berichten coronabedingt Probleme mit Wassereinlagerungen in der Lunge und ist daher nicht arbeitsf\u00e4hig.<\/p>\n<p>An dieser Stelle gute Besserung aber nochmals der Hinweis:<\/p>\n<p>EGAL OB JUNG ODER ALT: BITTE LASST EUCH IMPFEN<\/p>\n<p>&mdash; Anwaltsgelaber (@anwaltsgelaber) <a href=\"https:\/\/twitter.com\/anwaltsgelaber\/status\/1468911988747255812?ref_src=twsrc%5Etfw\">December 9, 2021<\/a><\/p><\/blockquote>\n<p> <script async src=\"https:\/\/platform.twitter.com\/widgets.js\" charset=\"utf-8\"><\/script><br \/>\n&nbsp;<br \/>\n<strong>4. F\u00fcr das Netzt nat\u00fcrlich ein Top-Aktuelles Thema &#8230;<\/strong><\/p>\n<blockquote class=\"twitter-tweet\">\n<p lang=\"de\" dir=\"ltr\">Joshua Kimmich hat sich aus Sorge vor angeblichen &quot;Langzeitfolgen&quot; nicht impfen lassen.<\/p>\n<p>Jetzt f\u00e4llt er als Langzeitfolge seiner \u00fcberstandenen Corona-Erkrankung mindestens bis Jahresende aus.<\/p>\n<p>Gute Besserung. In allen Bereichen.<\/p>\n<p>&mdash; Sebastian 23 (@mondschaf23) <a href=\"https:\/\/twitter.com\/mondschaf23\/status\/1468931071949647883?ref_src=twsrc%5Etfw\">December 9, 2021<\/a><\/p><\/blockquote>\n<p> <script async src=\"https:\/\/platform.twitter.com\/widgets.js\" charset=\"utf-8\"><\/script><br \/>\n&nbsp;<br \/>\n<strong>5. &#8230; wobei in erster Linie die Gesundheit von Joshua Kimmich im Vordergrund stehen sollte!<\/strong><\/p>\n<blockquote class=\"twitter-tweet\">\n<p lang=\"de\" dir=\"ltr\">Die Schadenfreude ist unangebracht.<\/p>\n<p>Der Mann hat sich mit seiner Fehlentscheidung seine Karriere gesch\u00e4digt. Die Sch\u00e4den werden bleiben. <a href=\"https:\/\/twitter.com\/hashtag\/Kimmich?src=hash&amp;ref_src=twsrc%5Etfw\">#Kimmich<\/a><\/p>\n<p>Das tat er nicht, weil er ein Leerdenker war, sondern weil er Fakenews aufgesessen ist. <a href=\"https:\/\/twitter.com\/hashtag\/querdenkentoetet?src=hash&amp;ref_src=twsrc%5Etfw\">#querdenkentoetet<\/a><\/p>\n<p>&mdash; Dr. Catlicious (@DrCatlicious) <a href=\"https:\/\/twitter.com\/DrCatlicious\/status\/1468922730372341772?ref_src=twsrc%5Etfw\">December 9, 2021<\/a><\/p><\/blockquote>\n<p> <script async src=\"https:\/\/platform.twitter.com\/widgets.js\" charset=\"utf-8\"><\/script><br \/>\n&nbsp;<br \/>\n<strong>6. Aber Kimmich ist nicht der einzige Bundesliga-Spieler, &#8230;<\/strong><\/p>\n<blockquote class=\"twitter-tweet\">\n<p lang=\"de\" dir=\"ltr\">Rune Jarstein, Jonathan Schmid, Joshua Kimmich oder Eric Maxim Choupo-Moting. Alles Beispiele daf\u00fcr, dass die M\u00e4r vom gesunden Menschen, dem Corona nichts anhaben kann, Bl\u00f6dsinn ist.<\/p>\n<p>&mdash; Bastian Hahne (@torhamster04) <a href=\"https:\/\/twitter.com\/torhamster04\/status\/1468924636796760070?ref_src=twsrc%5Etfw\">December 9, 2021<\/a><\/p><\/blockquote>\n<p> <script async src=\"https:\/\/platform.twitter.com\/widgets.js\" charset=\"utf-8\"><\/script><br \/>\n&nbsp;<br \/>\n<strong>7. &#8230; der mit Corona-Folgen zu k\u00e4mpfen hat.<\/strong><\/p>\n<blockquote class=\"twitter-tweet\">\n<p lang=\"de\" dir=\"ltr\">Jarstein sa\u00df nach Corona zeitweise mit einer Herzmuskelentz\u00fcndung im Rollstuhl<br \/>Beim VFL Wolfsburg gab es mehrere F\u00e4lle die mittelfristig Probleme hatten<br \/>Kimmich f\u00e4llt nun auch mit Lungenproblemen l\u00e4nger aus und es gibt immer noch Leute die denken das ihr Immunsystem reicht&#8230;<\/p>\n<p>&mdash; Hannes (@HannesSchwabe) <a href=\"https:\/\/twitter.com\/HannesSchwabe\/status\/1468911154302963718?ref_src=twsrc%5Etfw\">December 9, 2021<\/a><\/p><\/blockquote>\n<p> <script async src=\"https:\/\/platform.twitter.com\/widgets.js\" charset=\"utf-8\"><\/script><br \/>\n&nbsp;<br \/>\n<strong>8. Und deswegen: Wenn es geht, impft euch bitte!<\/strong><\/p>\n<blockquote class=\"twitter-tweet\">\n<p lang=\"de\" dir=\"ltr\">Welcher Bundesliga-Spieler ist eigentlich wegen einer Impfreaktion wochenlang ausgefallen ..?<a href=\"https:\/\/twitter.com\/hashtag\/Kimmich?src=hash&amp;ref_src=twsrc%5Etfw\">#Kimmich<\/a> <a href=\"https:\/\/t.co\/B3mLLus10z\">https:\/\/t.co\/B3mLLus10z<\/a><\/p>\n<p>&mdash; Lars Wienand (@LarsWienand) <a href=\"https:\/\/twitter.com\/LarsWienand\/status\/1468915372787130372?ref_src=twsrc%5Etfw\">December 9, 2021<\/a><\/p><\/blockquote>\n<p> <script async src=\"https:\/\/platform.twitter.com\/widgets.js\" charset=\"utf-8\"><\/script><br \/>\n&nbsp;<br \/>\n<strong>9. Die weiteren Reaktionen:<\/strong><\/p>\n<blockquote class=\"twitter-tweet\">\n<p lang=\"de\" dir=\"ltr\">Er tut mir menschlich wirklich leid. Ich habe seine Entscheidung ja auch \u00f6ffentlich und in der SZ kritisiert und halte sie nat\u00fcrlich auch f\u00fcr falsch, aber gerade muss er echt zu viel Symbolik f\u00fcr eine Person aushalten. <a href=\"https:\/\/twitter.com\/hashtag\/Kimmich?src=hash&amp;ref_src=twsrc%5Etfw\">#Kimmich<\/a><\/p>\n<p>&mdash; Martin Schneider (@MSneijder) <a href=\"https:\/\/twitter.com\/MSneijder\/status\/1468916465487204355?ref_src=twsrc%5Etfw\">December 9, 2021<\/a><\/p><\/blockquote>\n<p> <script async src=\"https:\/\/platform.twitter.com\/widgets.js\" charset=\"utf-8\"><\/script><br \/>\n&nbsp;<\/p>\n<blockquote class=\"twitter-tweet\">\n<p lang=\"de\" dir=\"ltr\">Vielleicht setzt bei einigen Profisportlern endlich ein Umdenken ein. War wohl doch nicht so richtig, was einige ihnen ins Ohr geschwurbelt haben. <a href=\"https:\/\/twitter.com\/hashtag\/Kimmich?src=hash&amp;ref_src=twsrc%5Etfw\">#Kimmich<\/a><\/p>\n<p>&mdash; G\u00fcnter Klein (@guek62) <a href=\"https:\/\/twitter.com\/guek62\/status\/1468921681888653312?ref_src=twsrc%5Etfw\">December 9, 2021<\/a><\/p><\/blockquote>\n<p> <script async src=\"https:\/\/platform.twitter.com\/widgets.js\" charset=\"utf-8\"><\/script><br \/>\n&nbsp;<\/p>\n<blockquote class=\"twitter-tweet\">\n<p lang=\"de\" dir=\"ltr\">Au\u00dfer Gute Besserung kein Wort zu Kimmich. Alles Weitere kann man sich eh selbst denken.<\/p>\n<p>&mdash; Peter Ahrens (@Peter_Ahrens) <a href=\"https:\/\/twitter.com\/Peter_Ahrens\/status\/1468923866961563648?ref_src=twsrc%5Etfw\">December 9, 2021<\/a><\/p><\/blockquote>\n<p> <script async src=\"https:\/\/platform.twitter.com\/widgets.js\" charset=\"utf-8\"><\/script><br \/>\n&nbsp;<\/p>\n<blockquote class=\"twitter-tweet\">\n<p lang=\"de\" dir=\"ltr\">Joshua Kimmich geht es also sehr gut, aber er kann noch nicht voll trainieren. Er versucht es positiv zu verkaufen, aber das funktioniert nicht so ganz.<\/p>\n<p>&mdash; Mastermind (@Mastermind_09) <a href=\"https:\/\/twitter.com\/Mastermind_09\/status\/1468913421106257932?ref_src=twsrc%5Etfw\">December 9, 2021<\/a><\/p><\/blockquote>\n<p> <script async src=\"https:\/\/platform.twitter.com\/widgets.js\" charset=\"utf-8\"><\/script><br \/>\n&nbsp;<\/p>\n<blockquote class=\"twitter-tweet\">\n<p lang=\"de\" dir=\"ltr\">die geschichte mit kimmich muss man eigentlich verfilmen lassen. er hat angst vor langzeitfolgen wegen einer impfung, infiziert sich dann mit corona und schl\u00e4gt sich jetzt mit lungenproblemen herum. dann mal toi toi toi, dass er sportlich wieder der alte wird&#8230;<\/p>\n<p>&mdash; steve\u270c (@stevii1900) <a href=\"https:\/\/twitter.com\/stevii1900\/status\/1468910795794829316?ref_src=twsrc%5Etfw\">December 9, 2021<\/a><\/p><\/blockquote>\n<p> <script async src=\"https:\/\/platform.twitter.com\/widgets.js\" charset=\"utf-8\"><\/script><br \/>\n&nbsp;<br \/>\n___<br \/>\nVielen Dank an alle f\u00fcr die Posts!<br \/>\n___<br \/>\n<strong>Keine Influencer! Kein Foodporn! Nur ganz viel Spa\u00df \u2013 bei uns auf Instagram:<\/strong><\/p>\n<p>&nbsp;<\/p>\n<blockquote class=\"instagram-media\" style=\"background: #FFF; border: 0; border-radius: 3px; box-shadow: 0 0 1px 0 rgba(0,0,0,0.5),0 1px 10px 0 rgba(0,0,0,0.15); margin: 1px; max-width: 540px; min-width: 326px; padding: 0; width: calc(100% - 2px);\" data-instgrm-captioned=\"\" data-instgrm-permalink=\"https:\/\/www.instagram.com\/p\/CWn8SQEMEcb\/?utm_source=ig_embed&amp;utm_campaign=loading\" data-instgrm-version=\"14\">\n<div style=\"padding: 16px;\">\n<p>&nbsp;<\/p>\n<div style=\"display: flex; flex-direction: row; align-items: center;\">\n<div style=\"background-color: #f4f4f4; border-radius: 50%; flex-grow: 0; height: 40px; margin-right: 14px; width: 40px;\"><\/div>\n<div style=\"display: flex; flex-direction: column; flex-grow: 1; justify-content: center;\">\n<div style=\"background-color: #f4f4f4; border-radius: 4px; flex-grow: 0; height: 14px; margin-bottom: 6px; width: 100px;\"><\/div>\n<div style=\"background-color: #f4f4f4; border-radius: 4px; flex-grow: 0; height: 14px; width: 60px;\"><\/div>\n<\/div>\n<\/div>\n<div style=\"padding: 19% 0;\"><\/div>\n<div style=\"display: block; height: 50px; margin: 0 auto 12px; width: 50px;\"><\/div>\n<div style=\"padding-top: 8px;\">\n<div style=\"color: #3897f0; font-family: Arial,sans-serif; font-size: 14px; font-style: normal; font-weight: 550; line-height: 18px;\">Sieh dir diesen Beitrag auf Instagram an<\/div>\n<\/div>\n<div style=\"padding: 12.5% 0;\"><\/div>\n<div style=\"display: flex; flex-direction: row; margin-bottom: 14px; align-items: center;\">\n<div>\n<div style=\"background-color: #f4f4f4; border-radius: 50%; height: 12.5px; width: 12.5px; transform: translateX(0px) translateY(7px);\"><\/div>\n<div style=\"background-color: #f4f4f4; height: 12.5px; transform: rotate(-45deg) translateX(3px) translateY(1px); width: 12.5px; flex-grow: 0; margin-right: 14px; margin-left: 2px;\"><\/div>\n<div style=\"background-color: #f4f4f4; border-radius: 50%; height: 12.5px; width: 12.5px; transform: translateX(9px) translateY(-18px);\"><\/div>\n<\/div>\n<div style=\"margin-left: 8px;\">\n<div style=\"background-color: #f4f4f4; border-radius: 50%; flex-grow: 0; height: 20px; width: 20px;\"><\/div>\n<div style=\"width: 0; height: 0; border-top: 2px solid transparent; border-left: 6px solid #f4f4f4; border-bottom: 2px solid transparent; transform: translateX(16px) translateY(-4px) rotate(30deg);\"><\/div>\n<\/div>\n<div style=\"margin-left: auto;\">\n<div style=\"width: 0px; border-top: 8px solid #F4F4F4; border-right: 8px solid transparent; transform: translateY(16px);\"><\/div>\n<div style=\"background-color: #f4f4f4; flex-grow: 0; height: 12px; width: 16px; transform: translateY(-4px);\"><\/div>\n<div style=\"width: 0; height: 0; border-top: 8px solid #F4F4F4; border-left: 8px solid transparent; transform: translateY(-4px) translateX(8px);\"><\/div>\n<\/div>\n<\/div>\n<div style=\"display: flex; flex-direction: column; flex-grow: 1; justify-content: center; margin-bottom: 24px;\">\n<div style=\"background-color: #f4f4f4; border-radius: 4px; flex-grow: 0; height: 14px; margin-bottom: 6px; width: 224px;\"><\/div>\n<div style=\"background-color: #f4f4f4; border-radius: 4px; flex-grow: 0; height: 14px; width: 144px;\"><\/div>\n<\/div>\n<p>&nbsp;<\/p>\n<p style=\"color: #c9c8cd; font-family: Arial,sans-serif; font-size: 14px; line-height: 17px; margin-bottom: 0; margin-top: 8px; overflow: hidden; padding: 8px 0 7px; text-align: center; text-overflow: ellipsis; white-space: nowrap;\"><a style=\"color: #c9c8cd; font-family: Arial,sans-serif; font-size: 14px; font-style: normal; font-weight: normal; line-height: 17px; text-decoration: none;\" href=\"https:\/\/www.instagram.com\/p\/CWn8SQEMEcb\/?utm_source=ig_embed&amp;utm_campaign=loading\" target=\"_blank\" rel=\"noopener\">Ein Beitrag geteilt von The Best Social Media &#8211; DE (@thebestsocialmediade)<\/a><\/p>\n<\/div>\n<\/blockquote>\n\n<script async defer src=\"\/instagram-embed.js\"><\/script>","protected":false},"excerpt":{"rendered":"<p>Profifu\u00dfballer Joshua Kimmich wird in diesem Jahr kein Spiel mehr f\u00fcr den FC Bayern M\u00fcnchen bestreiten. Der 26-J\u00e4hrige f\u00e4llt vorerst mit Lungen-Problemen aus. Der FC&#8230;<\/p>\n","protected":false},"author":65,"featured_media":154060,"comment_status":"open","ping_status":"open","sticky":false,"template":"","format":"standard","meta":{"_acf_changed":false,"footnotes":""},"categories":[35],"tags":[3800,4766,4767],"class_list":["post-154057","post","type-post","status-publish","format-standard","has-post-thumbnail","hentry","category-twitter","tag-corona","tag-kimmich","tag-lunge"],"acf":[],"yoast_head":"<!-- This site is optimized with the Yoast SEO plugin v27.4 - https:\/\/yoast.com\/product\/yoast-seo-wordpress\/ -->\n<title>Kimmich f\u00e4llt mit Lungen-Problemen aus: Das Netz w\u00fcnscht gute Besserung, mahnt aber auch<\/title>\n<meta name=\"robots\" content=\"index, follow, max-snippet:-1, max-image-preview:large, max-video-preview:-1\" \/>\n<link rel=\"canonical\" href=\"https:\/\/www.thebestsocial.media\/de\/joshua-kimmich-faellt-wegen-lungen-problemen-aus-das-netz-wuenscht-gute-besserung-mahnt-aber-auch\/\" \/>\n<meta property=\"og:locale\" content=\"de_DE\" \/>\n<meta property=\"og:type\" content=\"article\" \/>\n<meta property=\"og:title\" content=\"Kimmich f\u00e4llt wegen Lungen-Problemem aus: Das Netz w\u00fcnscht gute Besserung, mahnt aber auch\" \/>\n<meta property=\"og:description\" content=\"Profifu\u00dfballer Joshua Kimmich wird in diesem Jahr kein Spiel mehr f\u00fcr den FC Bayern M\u00fcnchen bestreiten. Der 26-J\u00e4hrige f\u00e4llt vorerst mit Lungen-Problemen aus. Der FC...\" \/>\n<meta property=\"og:url\" content=\"https:\/\/www.thebestsocial.media\/de\/joshua-kimmich-faellt-wegen-lungen-problemen-aus-das-netz-wuenscht-gute-besserung-mahnt-aber-auch\/\" \/>\n<meta property=\"og:site_name\" content=\"The Best Social Media DE\" \/>\n<meta property=\"article:published_time\" content=\"2021-12-09T16:05:40+00:00\" \/>\n<meta property=\"og:image\" content=\"https:\/\/www.thebestsocial.media\/de\/wp-content\/uploads\/sites\/3\/2021\/12\/Kimmi.png\" \/>\n\t<meta property=\"og:image:width\" content=\"1200\" \/>\n\t<meta property=\"og:image:height\" content=\"630\" \/>\n\t<meta property=\"og:image:type\" content=\"image\/png\" \/>\n<meta name=\"author\" content=\"Jan\" \/>\n<meta name=\"twitter:card\" content=\"summary_large_image\" \/>\n<meta name=\"twitter:label1\" content=\"Verfasst von\" \/>\n\t<meta name=\"twitter:data1\" content=\"Jan\" \/>\n\t<meta name=\"twitter:label2\" content=\"Gesch\u00e4tzte Lesezeit\" \/>\n\t<meta name=\"twitter:data2\" content=\"4\u00a0Minuten\" \/>\n<script type=\"application\/ld+json\" class=\"yoast-schema-graph\">{\"@context\":\"https:\\\/\\\/schema.org\",\"@graph\":[{\"@type\":\"Article\",\"@id\":\"https:\\\/\\\/www.thebestsocial.media\\\/de\\\/joshua-kimmich-faellt-wegen-lungen-problemen-aus-das-netz-wuenscht-gute-besserung-mahnt-aber-auch\\\/#article\",\"isPartOf\":{\"@id\":\"https:\\\/\\\/www.thebestsocial.media\\\/de\\\/joshua-kimmich-faellt-wegen-lungen-problemen-aus-das-netz-wuenscht-gute-besserung-mahnt-aber-auch\\\/\"},\"author\":{\"name\":\"Jan\",\"@id\":\"https:\\\/\\\/www.thebestsocial.media\\\/de\\\/#\\\/schema\\\/person\\\/03b8d8d2905b97b499c8e0808b724821\"},\"headline\":\"Joshua Kimmich f\u00e4llt wegen Lungen-Problemen aus: Das Netz w\u00fcnscht gute Besserung, mahnt aber auch\",\"datePublished\":\"2021-12-09T16:05:40+00:00\",\"mainEntityOfPage\":{\"@id\":\"https:\\\/\\\/www.thebestsocial.media\\\/de\\\/joshua-kimmich-faellt-wegen-lungen-problemen-aus-das-netz-wuenscht-gute-besserung-mahnt-aber-auch\\\/\"},\"wordCount\":719,\"commentCount\":0,\"image\":{\"@id\":\"https:\\\/\\\/www.thebestsocial.media\\\/de\\\/joshua-kimmich-faellt-wegen-lungen-problemen-aus-das-netz-wuenscht-gute-besserung-mahnt-aber-auch\\\/#primaryimage\"},\"thumbnailUrl\":\"https:\\\/\\\/www.thebestsocial.media\\\/de\\\/wp-content\\\/uploads\\\/sites\\\/3\\\/2021\\\/12\\\/bayern-munich.png\",\"keywords\":[\"Corona\",\"Kimmich\",\"Lunge\"],\"articleSection\":[\"Twitter\"],\"inLanguage\":\"de\",\"potentialAction\":[{\"@type\":\"CommentAction\",\"name\":\"Comment\",\"target\":[\"https:\\\/\\\/www.thebestsocial.media\\\/de\\\/joshua-kimmich-faellt-wegen-lungen-problemen-aus-das-netz-wuenscht-gute-besserung-mahnt-aber-auch\\\/#respond\"]}]},{\"@type\":\"WebPage\",\"@id\":\"https:\\\/\\\/www.thebestsocial.media\\\/de\\\/joshua-kimmich-faellt-wegen-lungen-problemen-aus-das-netz-wuenscht-gute-besserung-mahnt-aber-auch\\\/\",\"url\":\"https:\\\/\\\/www.thebestsocial.media\\\/de\\\/joshua-kimmich-faellt-wegen-lungen-problemen-aus-das-netz-wuenscht-gute-besserung-mahnt-aber-auch\\\/\",\"name\":\"Kimmich f\u00e4llt mit Lungen-Problemen aus: Das Netz w\u00fcnscht gute Besserung, mahnt aber auch\",\"isPartOf\":{\"@id\":\"https:\\\/\\\/www.thebestsocial.media\\\/de\\\/#website\"},\"primaryImageOfPage\":{\"@id\":\"https:\\\/\\\/www.thebestsocial.media\\\/de\\\/joshua-kimmich-faellt-wegen-lungen-problemen-aus-das-netz-wuenscht-gute-besserung-mahnt-aber-auch\\\/#primaryimage\"},\"image\":{\"@id\":\"https:\\\/\\\/www.thebestsocial.media\\\/de\\\/joshua-kimmich-faellt-wegen-lungen-problemen-aus-das-netz-wuenscht-gute-besserung-mahnt-aber-auch\\\/#primaryimage\"},\"thumbnailUrl\":\"https:\\\/\\\/www.thebestsocial.media\\\/de\\\/wp-content\\\/uploads\\\/sites\\\/3\\\/2021\\\/12\\\/bayern-munich.png\",\"datePublished\":\"2021-12-09T16:05:40+00:00\",\"author\":{\"@id\":\"https:\\\/\\\/www.thebestsocial.media\\\/de\\\/#\\\/schema\\\/person\\\/03b8d8d2905b97b499c8e0808b724821\"},\"breadcrumb\":{\"@id\":\"https:\\\/\\\/www.thebestsocial.media\\\/de\\\/joshua-kimmich-faellt-wegen-lungen-problemen-aus-das-netz-wuenscht-gute-besserung-mahnt-aber-auch\\\/#breadcrumb\"},\"inLanguage\":\"de\",\"potentialAction\":[{\"@type\":\"ReadAction\",\"target\":[\"https:\\\/\\\/www.thebestsocial.media\\\/de\\\/joshua-kimmich-faellt-wegen-lungen-problemen-aus-das-netz-wuenscht-gute-besserung-mahnt-aber-auch\\\/\"]}]},{\"@type\":\"ImageObject\",\"inLanguage\":\"de\",\"@id\":\"https:\\\/\\\/www.thebestsocial.media\\\/de\\\/joshua-kimmich-faellt-wegen-lungen-problemen-aus-das-netz-wuenscht-gute-besserung-mahnt-aber-auch\\\/#primaryimage\",\"url\":\"https:\\\/\\\/www.thebestsocial.media\\\/de\\\/wp-content\\\/uploads\\\/sites\\\/3\\\/2021\\\/12\\\/bayern-munich.png\",\"contentUrl\":\"https:\\\/\\\/www.thebestsocial.media\\\/de\\\/wp-content\\\/uploads\\\/sites\\\/3\\\/2021\\\/12\\\/bayern-munich.png\",\"width\":1920,\"height\":1080},{\"@type\":\"BreadcrumbList\",\"@id\":\"https:\\\/\\\/www.thebestsocial.media\\\/de\\\/joshua-kimmich-faellt-wegen-lungen-problemen-aus-das-netz-wuenscht-gute-besserung-mahnt-aber-auch\\\/#breadcrumb\",\"itemListElement\":[{\"@type\":\"ListItem\",\"position\":1,\"name\":\"Home\",\"item\":\"https:\\\/\\\/www.thebestsocial.media\\\/de\\\/\"},{\"@type\":\"ListItem\",\"position\":2,\"name\":\"Joshua Kimmich f\u00e4llt wegen Lungen-Problemen aus: Das Netz w\u00fcnscht gute Besserung, mahnt aber auch\"}]},{\"@type\":\"WebSite\",\"@id\":\"https:\\\/\\\/www.thebestsocial.media\\\/de\\\/#website\",\"url\":\"https:\\\/\\\/www.thebestsocial.media\\\/de\\\/\",\"name\":\"The Best Social Media DE\",\"description\":\"\",\"potentialAction\":[{\"@type\":\"SearchAction\",\"target\":{\"@type\":\"EntryPoint\",\"urlTemplate\":\"https:\\\/\\\/www.thebestsocial.media\\\/de\\\/?s={search_term_string}\"},\"query-input\":{\"@type\":\"PropertyValueSpecification\",\"valueRequired\":true,\"valueName\":\"search_term_string\"}}],\"inLanguage\":\"de\"},{\"@type\":\"Person\",\"@id\":\"https:\\\/\\\/www.thebestsocial.media\\\/de\\\/#\\\/schema\\\/person\\\/03b8d8d2905b97b499c8e0808b724821\",\"name\":\"Jan\",\"image\":{\"@type\":\"ImageObject\",\"inLanguage\":\"de\",\"@id\":\"https:\\\/\\\/secure.gravatar.com\\\/avatar\\\/6977c5e4d81f2a717dcf76e5e74d7a00b583f3f83a2b00830dedfc799d928343?s=96&d=mm&r=g\",\"url\":\"https:\\\/\\\/secure.gravatar.com\\\/avatar\\\/6977c5e4d81f2a717dcf76e5e74d7a00b583f3f83a2b00830dedfc799d928343?s=96&d=mm&r=g\",\"contentUrl\":\"https:\\\/\\\/secure.gravatar.com\\\/avatar\\\/6977c5e4d81f2a717dcf76e5e74d7a00b583f3f83a2b00830dedfc799d928343?s=96&d=mm&r=g\",\"caption\":\"Jan\"},\"description\":\"Wohnt in M\u00fcnchen, hat aber bis heute keine Ahnung, wie er dort gelandet ist. W\u00fcnscht sich manchmal eine dritte Stimme im Kopf, die ihn davon abh\u00e4lt, auszusprechen, was er gerade denkt. Mag Sport und jeden Kartoffelchip einzeln zu essen. Hasst es, sich auf neue Duschen einstellen zu m\u00fcssen. In einer Beziehung mit Social Media \u2013 aber es ist kompliziert.\",\"url\":\"https:\\\/\\\/www.thebestsocial.media\\\/de\\\/author\\\/janhorstkoetter\\\/\"}]}<\/script>\n<!-- \/ Yoast SEO plugin. -->","yoast_head_json":{"title":"Kimmich f\u00e4llt mit Lungen-Problemen aus: Das Netz w\u00fcnscht gute Besserung, mahnt aber auch","robots":{"index":"index","follow":"follow","max-snippet":"max-snippet:-1","max-image-preview":"max-image-preview:large","max-video-preview":"max-video-preview:-1"},"canonical":"https:\/\/www.thebestsocial.media\/de\/joshua-kimmich-faellt-wegen-lungen-problemen-aus-das-netz-wuenscht-gute-besserung-mahnt-aber-auch\/","og_locale":"de_DE","og_type":"article","og_title":"Kimmich f\u00e4llt wegen Lungen-Problemem aus: Das Netz w\u00fcnscht gute Besserung, mahnt aber auch","og_description":"Profifu\u00dfballer Joshua Kimmich wird in diesem Jahr kein Spiel mehr f\u00fcr den FC Bayern M\u00fcnchen bestreiten. Der 26-J\u00e4hrige f\u00e4llt vorerst mit Lungen-Problemen aus. Der FC...","og_url":"https:\/\/www.thebestsocial.media\/de\/joshua-kimmich-faellt-wegen-lungen-problemen-aus-das-netz-wuenscht-gute-besserung-mahnt-aber-auch\/","og_site_name":"The Best Social Media DE","article_published_time":"2021-12-09T16:05:40+00:00","og_image":[{"width":1200,"height":630,"url":"https:\/\/www.thebestsocial.media\/de\/wp-content\/uploads\/sites\/3\/2021\/12\/Kimmi.png","type":"image\/png"}],"author":"Jan","twitter_card":"summary_large_image","twitter_misc":{"Verfasst von":"Jan","Gesch\u00e4tzte Lesezeit":"4\u00a0Minuten"},"schema":{"@context":"https:\/\/schema.org","@graph":[{"@type":"Article","@id":"https:\/\/www.thebestsocial.media\/de\/joshua-kimmich-faellt-wegen-lungen-problemen-aus-das-netz-wuenscht-gute-besserung-mahnt-aber-auch\/#article","isPartOf":{"@id":"https:\/\/www.thebestsocial.media\/de\/joshua-kimmich-faellt-wegen-lungen-problemen-aus-das-netz-wuenscht-gute-besserung-mahnt-aber-auch\/"},"author":{"name":"Jan","@id":"https:\/\/www.thebestsocial.media\/de\/#\/schema\/person\/03b8d8d2905b97b499c8e0808b724821"},"headline":"Joshua Kimmich f\u00e4llt wegen Lungen-Problemen aus: Das Netz w\u00fcnscht gute Besserung, mahnt aber auch","datePublished":"2021-12-09T16:05:40+00:00","mainEntityOfPage":{"@id":"https:\/\/www.thebestsocial.media\/de\/joshua-kimmich-faellt-wegen-lungen-problemen-aus-das-netz-wuenscht-gute-besserung-mahnt-aber-auch\/"},"wordCount":719,"commentCount":0,"image":{"@id":"https:\/\/www.thebestsocial.media\/de\/joshua-kimmich-faellt-wegen-lungen-problemen-aus-das-netz-wuenscht-gute-besserung-mahnt-aber-auch\/#primaryimage"},"thumbnailUrl":"https:\/\/www.thebestsocial.media\/de\/wp-content\/uploads\/sites\/3\/2021\/12\/bayern-munich.png","keywords":["Corona","Kimmich","Lunge"],"articleSection":["Twitter"],"inLanguage":"de","potentialAction":[{"@type":"CommentAction","name":"Comment","target":["https:\/\/www.thebestsocial.media\/de\/joshua-kimmich-faellt-wegen-lungen-problemen-aus-das-netz-wuenscht-gute-besserung-mahnt-aber-auch\/#respond"]}]},{"@type":"WebPage","@id":"https:\/\/www.thebestsocial.media\/de\/joshua-kimmich-faellt-wegen-lungen-problemen-aus-das-netz-wuenscht-gute-besserung-mahnt-aber-auch\/","url":"https:\/\/www.thebestsocial.media\/de\/joshua-kimmich-faellt-wegen-lungen-problemen-aus-das-netz-wuenscht-gute-besserung-mahnt-aber-auch\/","name":"Kimmich f\u00e4llt mit Lungen-Problemen aus: Das Netz w\u00fcnscht gute Besserung, mahnt aber auch","isPartOf":{"@id":"https:\/\/www.thebestsocial.media\/de\/#website"},"primaryImageOfPage":{"@id":"https:\/\/www.thebestsocial.media\/de\/joshua-kimmich-faellt-wegen-lungen-problemen-aus-das-netz-wuenscht-gute-besserung-mahnt-aber-auch\/#primaryimage"},"image":{"@id":"https:\/\/www.thebestsocial.media\/de\/joshua-kimmich-faellt-wegen-lungen-problemen-aus-das-netz-wuenscht-gute-besserung-mahnt-aber-auch\/#primaryimage"},"thumbnailUrl":"https:\/\/www.thebestsocial.media\/de\/wp-content\/uploads\/sites\/3\/2021\/12\/bayern-munich.png","datePublished":"2021-12-09T16:05:40+00:00","author":{"@id":"https:\/\/www.thebestsocial.media\/de\/#\/schema\/person\/03b8d8d2905b97b499c8e0808b724821"},"breadcrumb":{"@id":"https:\/\/www.thebestsocial.media\/de\/joshua-kimmich-faellt-wegen-lungen-problemen-aus-das-netz-wuenscht-gute-besserung-mahnt-aber-auch\/#breadcrumb"},"inLanguage":"de","potentialAction":[{"@type":"ReadAction","target":["https:\/\/www.thebestsocial.media\/de\/joshua-kimmich-faellt-wegen-lungen-problemen-aus-das-netz-wuenscht-gute-besserung-mahnt-aber-auch\/"]}]},{"@type":"ImageObject","inLanguage":"de","@id":"https:\/\/www.thebestsocial.media\/de\/joshua-kimmich-faellt-wegen-lungen-problemen-aus-das-netz-wuenscht-gute-besserung-mahnt-aber-auch\/#primaryimage","url":"https:\/\/www.thebestsocial.media\/de\/wp-content\/uploads\/sites\/3\/2021\/12\/bayern-munich.png","contentUrl":"https:\/\/www.thebestsocial.media\/de\/wp-content\/uploads\/sites\/3\/2021\/12\/bayern-munich.png","width":1920,"height":1080},{"@type":"BreadcrumbList","@id":"https:\/\/www.thebestsocial.media\/de\/joshua-kimmich-faellt-wegen-lungen-problemen-aus-das-netz-wuenscht-gute-besserung-mahnt-aber-auch\/#breadcrumb","itemListElement":[{"@type":"ListItem","position":1,"name":"Home","item":"https:\/\/www.thebestsocial.media\/de\/"},{"@type":"ListItem","position":2,"name":"Joshua Kimmich f\u00e4llt wegen Lungen-Problemen aus: Das Netz w\u00fcnscht gute Besserung, mahnt aber auch"}]},{"@type":"WebSite","@id":"https:\/\/www.thebestsocial.media\/de\/#website","url":"https:\/\/www.thebestsocial.media\/de\/","name":"The Best Social Media DE","description":"","potentialAction":[{"@type":"SearchAction","target":{"@type":"EntryPoint","urlTemplate":"https:\/\/www.thebestsocial.media\/de\/?s={search_term_string}"},"query-input":{"@type":"PropertyValueSpecification","valueRequired":true,"valueName":"search_term_string"}}],"inLanguage":"de"},{"@type":"Person","@id":"https:\/\/www.thebestsocial.media\/de\/#\/schema\/person\/03b8d8d2905b97b499c8e0808b724821","name":"Jan","image":{"@type":"ImageObject","inLanguage":"de","@id":"https:\/\/secure.gravatar.com\/avatar\/6977c5e4d81f2a717dcf76e5e74d7a00b583f3f83a2b00830dedfc799d928343?s=96&d=mm&r=g","url":"https:\/\/secure.gravatar.com\/avatar\/6977c5e4d81f2a717dcf76e5e74d7a00b583f3f83a2b00830dedfc799d928343?s=96&d=mm&r=g","contentUrl":"https:\/\/secure.gravatar.com\/avatar\/6977c5e4d81f2a717dcf76e5e74d7a00b583f3f83a2b00830dedfc799d928343?s=96&d=mm&r=g","caption":"Jan"},"description":"Wohnt in M\u00fcnchen, hat aber bis heute keine Ahnung, wie er dort gelandet ist. W\u00fcnscht sich manchmal eine dritte Stimme im Kopf, die ihn davon abh\u00e4lt, auszusprechen, was er gerade denkt. Mag Sport und jeden Kartoffelchip einzeln zu essen. Hasst es, sich auf neue Duschen einstellen zu m\u00fcssen. In einer Beziehung mit Social Media \u2013 aber es ist kompliziert.","url":"https:\/\/www.thebestsocial.media\/de\/author\/janhorstkoetter\/"}]}},"amp_enabled":true,"_links":{"self":[{"href":"https:\/\/www.thebestsocial.media\/de\/wp-json\/wp\/v2\/posts\/154057","targetHints":{"allow":["GET"]}}],"collection":[{"href":"https:\/\/www.thebestsocial.media\/de\/wp-json\/wp\/v2\/posts"}],"about":[{"href":"https:\/\/www.thebestsocial.media\/de\/wp-json\/wp\/v2\/types\/post"}],"author":[{"embeddable":true,"href":"https:\/\/www.thebestsocial.media\/de\/wp-json\/wp\/v2\/users\/65"}],"replies":[{"embeddable":true,"href":"https:\/\/www.thebestsocial.media\/de\/wp-json\/wp\/v2\/comments?post=154057"}],"version-history":[{"count":3,"href":"https:\/\/www.thebestsocial.media\/de\/wp-json\/wp\/v2\/posts\/154057\/revisions"}],"predecessor-version":[{"id":154062,"href":"https:\/\/www.thebestsocial.media\/de\/wp-json\/wp\/v2\/posts\/154057\/revisions\/154062"}],"wp:featuredmedia":[{"embeddable":true,"href":"https:\/\/www.thebestsocial.media\/de\/wp-json\/wp\/v2\/media\/154060"}],"wp:attachment":[{"href":"https:\/\/www.thebestsocial.media\/de\/wp-json\/wp\/v2\/media?parent=154057"}],"wp:term":[{"taxonomy":"category","embeddable":true,"href":"https:\/\/www.thebestsocial.media\/de\/wp-json\/wp\/v2\/categories?post=154057"},{"taxonomy":"post_tag","embeddable":true,"href":"https:\/\/www.thebestsocial.media\/de\/wp-json\/wp\/v2\/tags?post=154057"}],"curies":[{"name":"wp","href":"https:\/\/api.w.org\/{rel}","templated":true}]}}