{"id":154004,"date":"2021-12-09T12:03:25","date_gmt":"2021-12-09T12:03:25","guid":{"rendered":"https:\/\/www.thebestsocial.media\/de\/?p=154004"},"modified":"2021-12-09T12:03:25","modified_gmt":"2021-12-09T12:03:25","slug":"merkel-ist-weg-und-das-internet-spekuliert-was-sie-an-ihrem-ersten-freien-tag-wohl-macht","status":"publish","type":"post","link":"https:\/\/www.thebestsocial.media\/de\/merkel-ist-weg-und-das-internet-spekuliert-was-sie-an-ihrem-ersten-freien-tag-wohl-macht\/","title":{"rendered":"Merkel ist weg &#8211; Und das Internet spekuliert, was sie an ihrem ersten freien Tag wohl macht"},"content":{"rendered":"<p>16 Jahre war sie Bundeskanzlerin, gestern hat dann Olaf Scholz \u00fcbernommen. Neben Wehmut, Kritik und Bilanzierungen stellt man sich auf Twitter vor allem eine Frage: Was macht sie jetzt mit ihrer neugewonnenen freien Zeit?<\/p>\n<p><strong>Ein steht schonmal fest: Gibt viel Comedy-Potenzial bei der ganzen Angelegenheit.<\/strong><\/p>\n<p>https:\/\/twitter.com\/oezgeschmoezge\/status\/1468834921858936837?s=20<\/p>\n<p>&nbsp;<\/p>\n<p><strong>Und ein neues Wort! Juhu!<\/strong><\/p>\n<div class=\"dbsm-oembed\">\n<blockquote class=\"twitter-tweet\" data-width=\"500\" data-dnt=\"true\">\n<p lang=\"de\" dir=\"ltr\">Das Wort \u201eAltkanzlerin\u201c ist geboren.<\/p>\n<p>&mdash; Roman Wagner (@RealRomanWagner) <a href=\"https:\/\/twitter.com\/RealRomanWagner\/status\/1468530086513152002?ref_src=twsrc%5Etfw\">December 8, 2021<\/a><\/p><\/blockquote>\n<p><script async src=\"https:\/\/platform.twitter.com\/widgets.js\" charset=\"utf-8\"><\/script><\/div>\n<p>&nbsp;<\/p>\n<p><strong>Aber zur Sache: Wie sieht denn jetzt der Merkel&#8217;sche Ruhestand aus?<\/strong><\/p>\n<div class=\"dbsm-oembed\">\n<blockquote class=\"twitter-tweet\" data-width=\"500\" data-dnt=\"true\">\n<p lang=\"de\" dir=\"ltr\">ist merkel jetzt arbeitslos<\/p>\n<p>&mdash; david (@ghettoj3sus) <a href=\"https:\/\/twitter.com\/ghettoj3sus\/status\/1468697821700362246?ref_src=twsrc%5Etfw\">December 8, 2021<\/a><\/p><\/blockquote>\n<p><script async src=\"https:\/\/platform.twitter.com\/widgets.js\" charset=\"utf-8\"><\/script><\/div>\n<p>&nbsp;<\/p>\n<p><strong>Kann sie einfach so aufh\u00f6ren?<\/strong><\/p>\n<div class=\"dbsm-oembed\">\n<blockquote class=\"twitter-tweet\" data-width=\"500\" data-dnt=\"true\">\n<p lang=\"de\" dir=\"ltr\">W\u00e4re ich Angela, w\u00fcrde ich morgen erstmal mit Sonnenbrille am Kanzleramt vorbei schleichen und gucken, ob die das da ohne sie \u00fcberhaupt k\u00f6nnen. Bin n\u00e4mlich schlecht im Loslassen<\/p>\n<p>&mdash; Mareile \ud83c\udf1a (@Hoellenaufsicht) <a href=\"https:\/\/twitter.com\/Hoellenaufsicht\/status\/1468643901124792327?ref_src=twsrc%5Etfw\">December 8, 2021<\/a><\/p><\/blockquote>\n<p><script async src=\"https:\/\/platform.twitter.com\/widgets.js\" charset=\"utf-8\"><\/script><\/div>\n<p>&nbsp;<\/p>\n<p><strong>Erz\u00e4hlt sie uns jetzt vielleicht auf instagram was \u00fcber <a href=\"https:\/\/www.thebestsocial.media\/de\/instagram-video-seiner-frau-altkanzler-schroeder-fachsimpelt-ueber-hagebutten-und-gibt-pikantes-preis\/\" target=\"_blank\" rel=\"noopener\">Hagebutten<\/a>?<\/strong><\/p>\n<div class=\"dbsm-oembed\">\n<blockquote class=\"twitter-tweet\" data-width=\"500\" data-dnt=\"true\">\n<p lang=\"de\" dir=\"ltr\"><a href=\"https:\/\/twitter.com\/hashtag\/Merkel?src=hash&amp;ref_src=twsrc%5Etfw\">#Merkel<\/a> f\u00fchrt Schr\u00f6ders Tradition fort <a href=\"https:\/\/t.co\/4ZapgOX6mq\">pic.twitter.com\/4ZapgOX6mq<\/a><\/p>\n<p>&mdash; ZDF heute-show (@heuteshow) <a href=\"https:\/\/twitter.com\/heuteshow\/status\/1468842485912854532?ref_src=twsrc%5Etfw\">December 9, 2021<\/a><\/p><\/blockquote>\n<p><script async src=\"https:\/\/platform.twitter.com\/widgets.js\" charset=\"utf-8\"><\/script><\/div>\n<p>&nbsp;<\/p>\n<p><strong>Ist sie heute \u00fcberhaupt schon aufgestanden??<\/strong><\/p>\n<div class=\"dbsm-oembed\">\n<blockquote class=\"twitter-tweet\" data-width=\"500\" data-dnt=\"true\">\n<p lang=\"de\" dir=\"ltr\">Ob Frau Merkel morgen einfach erstmal ausschl\u00e4ft?<\/p>\n<p>&mdash; Mrs_Mary (@MrsMarryPoppins) <a href=\"https:\/\/twitter.com\/MrsMarryPoppins\/status\/1468635070093303814?ref_src=twsrc%5Etfw\">December 8, 2021<\/a><\/p><\/blockquote>\n<p><script async src=\"https:\/\/platform.twitter.com\/widgets.js\" charset=\"utf-8\"><\/script><\/div>\n<p>&nbsp;<\/p>\n<p><strong>Schwer vorstellbar alles.<\/strong><\/p>\n<div class=\"dbsm-oembed\">\n<blockquote class=\"twitter-tweet\" data-width=\"500\" data-dnt=\"true\">\n<p lang=\"de\" dir=\"ltr\">Die Vorstellung, dass Angela Merkel jetzt in einem ganz normalen Haus wohnt, ist irritierend. <a href=\"https:\/\/twitter.com\/hashtag\/AngelaMerkel?src=hash&amp;ref_src=twsrc%5Etfw\">#AngelaMerkel<\/a><\/p>\n<p>&mdash; Marcus Mittermeier\ud83d\ude18 (@MMittermeier) <a href=\"https:\/\/twitter.com\/MMittermeier\/status\/1468649681349758996?ref_src=twsrc%5Etfw\">December 8, 2021<\/a><\/p><\/blockquote>\n<p><script async src=\"https:\/\/platform.twitter.com\/widgets.js\" charset=\"utf-8\"><\/script><\/div>\n<p>&nbsp;<\/p>\n<p><strong>IKEA hat da so eine Ahnung&#8230;<\/strong><\/p>\n<p>https:\/\/twitter.com\/IKEA_Presse\/status\/1468546146419236870?s=20<\/p>\n<p>&nbsp;<\/p>\n<p><strong>Erstmal Tiger King reinziehen.<\/strong><\/p>\n<div class=\"dbsm-oembed\">\n<blockquote class=\"twitter-tweet\" data-width=\"500\" data-dnt=\"true\">\n<p lang=\"de\" dir=\"ltr\">Denke, Merkel wird morgen erst mal sch\u00f6n lange ratzen und danach durchbingen, was sie die letzten Jahre auf Netflix verpasst hat.<\/p>\n<p>&mdash; Peter Wittkamp \ud83c\uddfa\ud83c\udde6 (@diktator) <a href=\"https:\/\/twitter.com\/diktator\/status\/1468523508359643139?ref_src=twsrc%5Etfw\">December 8, 2021<\/a><\/p><\/blockquote>\n<p><script async src=\"https:\/\/platform.twitter.com\/widgets.js\" charset=\"utf-8\"><\/script><\/div>\n<p>&nbsp;<\/p>\n<p><strong>&#8222;Ich bin raus!&#8220;<\/strong><\/p>\n<div class=\"dbsm-oembed\">\n<blockquote class=\"twitter-tweet\" data-width=\"500\" data-dnt=\"true\">\n<p lang=\"de\" dir=\"ltr\">W\u00e4re ich Merkel, ich w\u00fcrd mir heut so ehrenlos Einen hinter die Binde kippen. <\/p>\n<p>DIE KACKE MACHTA ALLEENE!<\/p>\n<p>&mdash; Der Schr\u00f6di. (@schr0edi) <a href=\"https:\/\/twitter.com\/schr0edi\/status\/1468597663595704327?ref_src=twsrc%5Etfw\">December 8, 2021<\/a><\/p><\/blockquote>\n<p><script async src=\"https:\/\/platform.twitter.com\/widgets.js\" charset=\"utf-8\"><\/script><\/div>\n<p>&nbsp;<\/p>\n<p><b>Und an die Hater denkt nat\u00fcrlich wieder keiner.<\/b><\/p>\n<div class=\"dbsm-oembed\">\n<blockquote class=\"twitter-tweet\" data-width=\"500\" data-dnt=\"true\">\n<p lang=\"de\" dir=\"ltr\">Unser Mitgef\u00fchl an alle Merkel-muss-weg-Br\u00fcller! Es ist so schwer, ein erf\u00fcllendes Hobby zu finden. <a href=\"https:\/\/twitter.com\/hashtag\/Kanzlerwahl?src=hash&amp;ref_src=twsrc%5Etfw\">#Kanzlerwahl<\/a><\/p>\n<p>&mdash; extra3 (@extra3) <a href=\"https:\/\/twitter.com\/extra3\/status\/1468497288612007936?ref_src=twsrc%5Etfw\">December 8, 2021<\/a><\/p><\/blockquote>\n<p><script async src=\"https:\/\/platform.twitter.com\/widgets.js\" charset=\"utf-8\"><\/script><\/div>\n<p>&nbsp;<\/p>\n<p><strong>Wird auf jeden Fall &#8217;ne ganz sch\u00f6ne Umstellung f\u00fcr alle.<\/strong><\/p>\n<div class=\"dbsm-oembed\">\n<blockquote class=\"twitter-tweet\" data-width=\"500\" data-dnt=\"true\">\n<p lang=\"de\" dir=\"ltr\">Ich sch\u00e4tze, Querdenker und andere Logik-Spezialisten werden noch mindestens ein halbes Jahr lang &quot;Merkel muss weg&quot; rufen, bis auch sie es verstanden haben.<\/p>\n<p>&mdash; Peter Wittkamp \ud83c\uddfa\ud83c\udde6 (@diktator) <a href=\"https:\/\/twitter.com\/diktator\/status\/1468488270090838018?ref_src=twsrc%5Etfw\">December 8, 2021<\/a><\/p><\/blockquote>\n<p><script async src=\"https:\/\/platform.twitter.com\/widgets.js\" charset=\"utf-8\"><\/script><\/div>\n<p>&nbsp;<\/p>\n<p><strong>Aber naja, ich sag mal &#8211; wir schaffen das schon.<\/strong><\/p>\n<div class=\"dbsm-oembed\">\n<blockquote class=\"twitter-tweet\" data-width=\"500\" data-dnt=\"true\">\n<p lang=\"de\" dir=\"ltr\">15.15 Uhr Kanzleramt: Merkel has left the building. Das war\u2019s <a href=\"https:\/\/t.co\/W89g0ZoBGL\">pic.twitter.com\/W89g0ZoBGL<\/a><\/p>\n<p>&mdash; Florian Gathmann (@FlorianGathmann) <a href=\"https:\/\/twitter.com\/FlorianGathmann\/status\/1468587048546275329?ref_src=twsrc%5Etfw\">December 8, 2021<\/a><\/p><\/blockquote>\n<p><script async src=\"https:\/\/platform.twitter.com\/widgets.js\" charset=\"utf-8\"><\/script><\/div>\n<p>&nbsp;<\/p>\n<p>___<br \/>\nVielen Dank an alle f\u00fcr die Posts!<br \/>\n___<br \/>\n<strong>Keine Influencer! Kein Foodporn! Nur ganz viel Spa\u00df \u2013 bei uns auf Instagram:<\/strong><\/p>\n<blockquote class=\"instagram-media\" style=\"background: #FFF; border: 0; border-radius: 3px; box-shadow: 0 0 1px 0 rgba(0,0,0,0.5),0 1px 10px 0 rgba(0,0,0,0.15); margin: 1px; max-width: 540px; min-width: 326px; padding: 0; width: calc(100% - 2px);\" data-instgrm-captioned=\"\" data-instgrm-permalink=\"https:\/\/www.instagram.com\/p\/CXN2UgpKBFY\/?utm_source=ig_embed&amp;utm_campaign=loading\" data-instgrm-version=\"14\">\n<div style=\"padding: 16px;\">\n<p>&nbsp;<\/p>\n<div style=\"display: flex; flex-direction: row; align-items: center;\">\n<div style=\"background-color: #f4f4f4; border-radius: 50%; flex-grow: 0; height: 40px; margin-right: 14px; width: 40px;\"><\/div>\n<div style=\"display: flex; flex-direction: column; flex-grow: 1; justify-content: center;\">\n<div style=\"background-color: #f4f4f4; border-radius: 4px; flex-grow: 0; height: 14px; margin-bottom: 6px; width: 100px;\"><\/div>\n<div style=\"background-color: #f4f4f4; border-radius: 4px; flex-grow: 0; height: 14px; width: 60px;\"><\/div>\n<\/div>\n<\/div>\n<div style=\"padding: 19% 0;\"><\/div>\n<div style=\"display: block; height: 50px; margin: 0 auto 12px; width: 50px;\"><\/div>\n<div style=\"padding-top: 8px;\">\n<div style=\"color: #3897f0; font-family: Arial,sans-serif; font-size: 14px; font-style: normal; font-weight: 550; line-height: 18px;\">Sieh dir diesen Beitrag auf Instagram an<\/div>\n<\/div>\n<div style=\"padding: 12.5% 0;\"><\/div>\n<div style=\"display: flex; flex-direction: row; margin-bottom: 14px; align-items: center;\">\n<div>\n<div style=\"background-color: #f4f4f4; border-radius: 50%; height: 12.5px; width: 12.5px; transform: translateX(0px) translateY(7px);\"><\/div>\n<div style=\"background-color: #f4f4f4; height: 12.5px; transform: rotate(-45deg) translateX(3px) translateY(1px); width: 12.5px; flex-grow: 0; margin-right: 14px; margin-left: 2px;\"><\/div>\n<div style=\"background-color: #f4f4f4; border-radius: 50%; height: 12.5px; width: 12.5px; transform: translateX(9px) translateY(-18px);\"><\/div>\n<\/div>\n<div style=\"margin-left: 8px;\">\n<div style=\"background-color: #f4f4f4; border-radius: 50%; flex-grow: 0; height: 20px; width: 20px;\"><\/div>\n<div style=\"width: 0; height: 0; border-top: 2px solid transparent; border-left: 6px solid #f4f4f4; border-bottom: 2px solid transparent; transform: translateX(16px) translateY(-4px) rotate(30deg);\"><\/div>\n<\/div>\n<div style=\"margin-left: auto;\">\n<div style=\"width: 0px; border-top: 8px solid #F4F4F4; border-right: 8px solid transparent; transform: translateY(16px);\"><\/div>\n<div style=\"background-color: #f4f4f4; flex-grow: 0; height: 12px; width: 16px; transform: translateY(-4px);\"><\/div>\n<div style=\"width: 0; height: 0; border-top: 8px solid #F4F4F4; border-left: 8px solid transparent; transform: translateY(-4px) translateX(8px);\"><\/div>\n<\/div>\n<\/div>\n<div style=\"display: flex; flex-direction: column; flex-grow: 1; justify-content: center; margin-bottom: 24px;\">\n<div style=\"background-color: #f4f4f4; border-radius: 4px; flex-grow: 0; height: 14px; margin-bottom: 6px; width: 224px;\"><\/div>\n<div style=\"background-color: #f4f4f4; border-radius: 4px; flex-grow: 0; height: 14px; width: 144px;\"><\/div>\n<\/div>\n<p>&nbsp;<\/p>\n<p style=\"color: #c9c8cd; font-family: Arial,sans-serif; font-size: 14px; line-height: 17px; margin-bottom: 0; margin-top: 8px; overflow: hidden; padding: 8px 0 7px; text-align: center; text-overflow: ellipsis; white-space: nowrap;\"><a style=\"color: #c9c8cd; font-family: Arial,sans-serif; font-size: 14px; font-style: normal; font-weight: normal; line-height: 17px; text-decoration: none;\" href=\"https:\/\/www.instagram.com\/p\/CXN2UgpKBFY\/?utm_source=ig_embed&amp;utm_campaign=loading\" target=\"_blank\" rel=\"noopener\">Ein Beitrag geteilt von The Best Social Media &#8211; DE (@thebestsocialmediade)<\/a><\/p>\n<\/div>\n<\/blockquote>\n\n<script async defer src=\"\/instagram-embed.js\"><\/script>","protected":false},"excerpt":{"rendered":"<p>16 Jahre war sie Bundeskanzlerin, gestern hat dann Olaf Scholz \u00fcbernommen. Neben Wehmut, Kritik und Bilanzierungen stellt man sich auf Twitter vor allem eine Frage:&#8230;<\/p>\n","protected":false},"author":73,"featured_media":154022,"comment_status":"open","ping_status":"open","sticky":false,"template":"","format":"standard","meta":{"_acf_changed":false,"footnotes":""},"categories":[35],"tags":[187,4757,412],"class_list":["post-154004","post","type-post","status-publish","format-standard","has-post-thumbnail","hentry","category-twitter","tag-angela-merkel","tag-kanzler-scholz","tag-politik"],"acf":[],"yoast_head":"<!-- This site is optimized with the Yoast SEO plugin v27.5 - https:\/\/yoast.com\/product\/yoast-seo-wordpress\/ -->\n<title>Merkel ist weg - Was sie an ihrem ersten freien wohl Tag macht?<\/title>\n<meta name=\"robots\" content=\"index, follow, max-snippet:-1, max-image-preview:large, max-video-preview:-1\" \/>\n<link rel=\"canonical\" href=\"https:\/\/www.thebestsocial.media\/de\/merkel-ist-weg-und-das-internet-spekuliert-was-sie-an-ihrem-ersten-freien-tag-wohl-macht\/\" \/>\n<meta property=\"og:locale\" content=\"de_DE\" \/>\n<meta property=\"og:type\" content=\"article\" \/>\n<meta property=\"og:title\" content=\"Merkel ist weg - Und das Internet spekuliert, was sie an ihrem ersten freien Tag wohl macht\" \/>\n<meta property=\"og:description\" content=\"16 Jahre war sie Bundeskanzlerin, gestern hat dann Olaf Scholz \u00fcbernommen. Neben Wehmut, Kritik und Bilanzierungen stellt man sich auf Twitter vor allem eine Frage:...\" \/>\n<meta property=\"og:url\" content=\"https:\/\/www.thebestsocial.media\/de\/merkel-ist-weg-und-das-internet-spekuliert-was-sie-an-ihrem-ersten-freien-tag-wohl-macht\/\" \/>\n<meta property=\"og:site_name\" content=\"The Best Social Media DE\" \/>\n<meta property=\"article:published_time\" content=\"2021-12-09T12:03:25+00:00\" \/>\n<meta property=\"og:image\" content=\"https:\/\/www.thebestsocial.media\/de\/wp-content\/uploads\/sites\/3\/2021\/12\/header-angelomerten.png\" \/>\n\t<meta property=\"og:image:width\" content=\"1200\" \/>\n\t<meta property=\"og:image:height\" content=\"630\" \/>\n\t<meta property=\"og:image:type\" content=\"image\/png\" \/>\n<meta name=\"author\" content=\"Helene Mei\u00dfner\" \/>\n<meta name=\"twitter:card\" content=\"summary_large_image\" \/>\n<meta name=\"twitter:label1\" content=\"Verfasst von\" \/>\n\t<meta name=\"twitter:data1\" content=\"Helene Mei\u00dfner\" \/>\n\t<meta name=\"twitter:label2\" content=\"Gesch\u00e4tzte Lesezeit\" \/>\n\t<meta name=\"twitter:data2\" content=\"1\u00a0Minute\" \/>\n<script type=\"application\/ld+json\" class=\"yoast-schema-graph\">{\"@context\":\"https:\\\/\\\/schema.org\",\"@graph\":[{\"@type\":\"Article\",\"@id\":\"https:\\\/\\\/www.thebestsocial.media\\\/de\\\/merkel-ist-weg-und-das-internet-spekuliert-was-sie-an-ihrem-ersten-freien-tag-wohl-macht\\\/#article\",\"isPartOf\":{\"@id\":\"https:\\\/\\\/www.thebestsocial.media\\\/de\\\/merkel-ist-weg-und-das-internet-spekuliert-was-sie-an-ihrem-ersten-freien-tag-wohl-macht\\\/\"},\"author\":{\"name\":\"Helene Mei\u00dfner\",\"@id\":\"https:\\\/\\\/www.thebestsocial.media\\\/de\\\/#\\\/schema\\\/person\\\/6267acc046505b90b912687a039220df\"},\"headline\":\"Merkel ist weg &#8211; Und das Internet spekuliert, was sie an ihrem ersten freien Tag wohl macht\",\"datePublished\":\"2021-12-09T12:03:25+00:00\",\"mainEntityOfPage\":{\"@id\":\"https:\\\/\\\/www.thebestsocial.media\\\/de\\\/merkel-ist-weg-und-das-internet-spekuliert-was-sie-an-ihrem-ersten-freien-tag-wohl-macht\\\/\"},\"wordCount\":281,\"commentCount\":0,\"image\":{\"@id\":\"https:\\\/\\\/www.thebestsocial.media\\\/de\\\/merkel-ist-weg-und-das-internet-spekuliert-was-sie-an-ihrem-ersten-freien-tag-wohl-macht\\\/#primaryimage\"},\"thumbnailUrl\":\"https:\\\/\\\/www.thebestsocial.media\\\/de\\\/wp-content\\\/uploads\\\/sites\\\/3\\\/2021\\\/12\\\/merkel-g58e888d43_1920-1.jpg\",\"keywords\":[\"Angela Merkel\",\"Kanzler Scholz\",\"politik\"],\"articleSection\":[\"Twitter\"],\"inLanguage\":\"de\",\"potentialAction\":[{\"@type\":\"CommentAction\",\"name\":\"Comment\",\"target\":[\"https:\\\/\\\/www.thebestsocial.media\\\/de\\\/merkel-ist-weg-und-das-internet-spekuliert-was-sie-an-ihrem-ersten-freien-tag-wohl-macht\\\/#respond\"]}]},{\"@type\":\"WebPage\",\"@id\":\"https:\\\/\\\/www.thebestsocial.media\\\/de\\\/merkel-ist-weg-und-das-internet-spekuliert-was-sie-an-ihrem-ersten-freien-tag-wohl-macht\\\/\",\"url\":\"https:\\\/\\\/www.thebestsocial.media\\\/de\\\/merkel-ist-weg-und-das-internet-spekuliert-was-sie-an-ihrem-ersten-freien-tag-wohl-macht\\\/\",\"name\":\"Merkel ist weg - Was sie an ihrem ersten freien wohl Tag macht?\",\"isPartOf\":{\"@id\":\"https:\\\/\\\/www.thebestsocial.media\\\/de\\\/#website\"},\"primaryImageOfPage\":{\"@id\":\"https:\\\/\\\/www.thebestsocial.media\\\/de\\\/merkel-ist-weg-und-das-internet-spekuliert-was-sie-an-ihrem-ersten-freien-tag-wohl-macht\\\/#primaryimage\"},\"image\":{\"@id\":\"https:\\\/\\\/www.thebestsocial.media\\\/de\\\/merkel-ist-weg-und-das-internet-spekuliert-was-sie-an-ihrem-ersten-freien-tag-wohl-macht\\\/#primaryimage\"},\"thumbnailUrl\":\"https:\\\/\\\/www.thebestsocial.media\\\/de\\\/wp-content\\\/uploads\\\/sites\\\/3\\\/2021\\\/12\\\/merkel-g58e888d43_1920-1.jpg\",\"datePublished\":\"2021-12-09T12:03:25+00:00\",\"author\":{\"@id\":\"https:\\\/\\\/www.thebestsocial.media\\\/de\\\/#\\\/schema\\\/person\\\/6267acc046505b90b912687a039220df\"},\"breadcrumb\":{\"@id\":\"https:\\\/\\\/www.thebestsocial.media\\\/de\\\/merkel-ist-weg-und-das-internet-spekuliert-was-sie-an-ihrem-ersten-freien-tag-wohl-macht\\\/#breadcrumb\"},\"inLanguage\":\"de\",\"potentialAction\":[{\"@type\":\"ReadAction\",\"target\":[\"https:\\\/\\\/www.thebestsocial.media\\\/de\\\/merkel-ist-weg-und-das-internet-spekuliert-was-sie-an-ihrem-ersten-freien-tag-wohl-macht\\\/\"]}]},{\"@type\":\"ImageObject\",\"inLanguage\":\"de\",\"@id\":\"https:\\\/\\\/www.thebestsocial.media\\\/de\\\/merkel-ist-weg-und-das-internet-spekuliert-was-sie-an-ihrem-ersten-freien-tag-wohl-macht\\\/#primaryimage\",\"url\":\"https:\\\/\\\/www.thebestsocial.media\\\/de\\\/wp-content\\\/uploads\\\/sites\\\/3\\\/2021\\\/12\\\/merkel-g58e888d43_1920-1.jpg\",\"contentUrl\":\"https:\\\/\\\/www.thebestsocial.media\\\/de\\\/wp-content\\\/uploads\\\/sites\\\/3\\\/2021\\\/12\\\/merkel-g58e888d43_1920-1.jpg\",\"width\":1920,\"height\":1358},{\"@type\":\"BreadcrumbList\",\"@id\":\"https:\\\/\\\/www.thebestsocial.media\\\/de\\\/merkel-ist-weg-und-das-internet-spekuliert-was-sie-an-ihrem-ersten-freien-tag-wohl-macht\\\/#breadcrumb\",\"itemListElement\":[{\"@type\":\"ListItem\",\"position\":1,\"name\":\"Home\",\"item\":\"https:\\\/\\\/www.thebestsocial.media\\\/de\\\/\"},{\"@type\":\"ListItem\",\"position\":2,\"name\":\"Merkel ist weg &#8211; Und das Internet spekuliert, was sie an ihrem ersten freien Tag wohl macht\"}]},{\"@type\":\"WebSite\",\"@id\":\"https:\\\/\\\/www.thebestsocial.media\\\/de\\\/#website\",\"url\":\"https:\\\/\\\/www.thebestsocial.media\\\/de\\\/\",\"name\":\"The Best Social Media DE\",\"description\":\"\",\"potentialAction\":[{\"@type\":\"SearchAction\",\"target\":{\"@type\":\"EntryPoint\",\"urlTemplate\":\"https:\\\/\\\/www.thebestsocial.media\\\/de\\\/?s={search_term_string}\"},\"query-input\":{\"@type\":\"PropertyValueSpecification\",\"valueRequired\":true,\"valueName\":\"search_term_string\"}}],\"inLanguage\":\"de\"},{\"@type\":\"Person\",\"@id\":\"https:\\\/\\\/www.thebestsocial.media\\\/de\\\/#\\\/schema\\\/person\\\/6267acc046505b90b912687a039220df\",\"name\":\"Helene Mei\u00dfner\",\"image\":{\"@type\":\"ImageObject\",\"inLanguage\":\"de\",\"@id\":\"https:\\\/\\\/secure.gravatar.com\\\/avatar\\\/6639fc0397860ac2c2e11b018c1f14be4a46c2378a91ac1b35730b724675daa8?s=96&d=mm&r=g\",\"url\":\"https:\\\/\\\/secure.gravatar.com\\\/avatar\\\/6639fc0397860ac2c2e11b018c1f14be4a46c2378a91ac1b35730b724675daa8?s=96&d=mm&r=g\",\"contentUrl\":\"https:\\\/\\\/secure.gravatar.com\\\/avatar\\\/6639fc0397860ac2c2e11b018c1f14be4a46c2378a91ac1b35730b724675daa8?s=96&d=mm&r=g\",\"caption\":\"Helene Mei\u00dfner\"},\"description\":\"Kommt aus Berlin und hat dementsprechend nat\u00fcrlich irgendwas mit Medien studiert. Verlegt oft Dinge, w\u00e4hrend sie sie in der Hand h\u00e4lt. Findet Kauger\u00e4usche unausstehlich. Hat eine Schw\u00e4che f\u00fcr Glitzer und immer mindestens 50 Tabs offen.\",\"sameAs\":[\"https:\\\/\\\/www.instagram.com\\\/he.leni\\\/\"],\"url\":\"https:\\\/\\\/www.thebestsocial.media\\\/de\\\/author\\\/helenemeissner\\\/\"}]}<\/script>\n<!-- \/ Yoast SEO plugin. -->","yoast_head_json":{"title":"Merkel ist weg - Was sie an ihrem ersten freien wohl Tag macht?","robots":{"index":"index","follow":"follow","max-snippet":"max-snippet:-1","max-image-preview":"max-image-preview:large","max-video-preview":"max-video-preview:-1"},"canonical":"https:\/\/www.thebestsocial.media\/de\/merkel-ist-weg-und-das-internet-spekuliert-was-sie-an-ihrem-ersten-freien-tag-wohl-macht\/","og_locale":"de_DE","og_type":"article","og_title":"Merkel ist weg - Und das Internet spekuliert, was sie an ihrem ersten freien Tag wohl macht","og_description":"16 Jahre war sie Bundeskanzlerin, gestern hat dann Olaf Scholz \u00fcbernommen. Neben Wehmut, Kritik und Bilanzierungen stellt man sich auf Twitter vor allem eine Frage:...","og_url":"https:\/\/www.thebestsocial.media\/de\/merkel-ist-weg-und-das-internet-spekuliert-was-sie-an-ihrem-ersten-freien-tag-wohl-macht\/","og_site_name":"The Best Social Media DE","article_published_time":"2021-12-09T12:03:25+00:00","og_image":[{"width":1200,"height":630,"url":"https:\/\/www.thebestsocial.media\/de\/wp-content\/uploads\/sites\/3\/2021\/12\/header-angelomerten.png","type":"image\/png"}],"author":"Helene Mei\u00dfner","twitter_card":"summary_large_image","twitter_misc":{"Verfasst von":"Helene Mei\u00dfner","Gesch\u00e4tzte Lesezeit":"1\u00a0Minute"},"schema":{"@context":"https:\/\/schema.org","@graph":[{"@type":"Article","@id":"https:\/\/www.thebestsocial.media\/de\/merkel-ist-weg-und-das-internet-spekuliert-was-sie-an-ihrem-ersten-freien-tag-wohl-macht\/#article","isPartOf":{"@id":"https:\/\/www.thebestsocial.media\/de\/merkel-ist-weg-und-das-internet-spekuliert-was-sie-an-ihrem-ersten-freien-tag-wohl-macht\/"},"author":{"name":"Helene Mei\u00dfner","@id":"https:\/\/www.thebestsocial.media\/de\/#\/schema\/person\/6267acc046505b90b912687a039220df"},"headline":"Merkel ist weg &#8211; Und das Internet spekuliert, was sie an ihrem ersten freien Tag wohl macht","datePublished":"2021-12-09T12:03:25+00:00","mainEntityOfPage":{"@id":"https:\/\/www.thebestsocial.media\/de\/merkel-ist-weg-und-das-internet-spekuliert-was-sie-an-ihrem-ersten-freien-tag-wohl-macht\/"},"wordCount":281,"commentCount":0,"image":{"@id":"https:\/\/www.thebestsocial.media\/de\/merkel-ist-weg-und-das-internet-spekuliert-was-sie-an-ihrem-ersten-freien-tag-wohl-macht\/#primaryimage"},"thumbnailUrl":"https:\/\/www.thebestsocial.media\/de\/wp-content\/uploads\/sites\/3\/2021\/12\/merkel-g58e888d43_1920-1.jpg","keywords":["Angela Merkel","Kanzler Scholz","politik"],"articleSection":["Twitter"],"inLanguage":"de","potentialAction":[{"@type":"CommentAction","name":"Comment","target":["https:\/\/www.thebestsocial.media\/de\/merkel-ist-weg-und-das-internet-spekuliert-was-sie-an-ihrem-ersten-freien-tag-wohl-macht\/#respond"]}]},{"@type":"WebPage","@id":"https:\/\/www.thebestsocial.media\/de\/merkel-ist-weg-und-das-internet-spekuliert-was-sie-an-ihrem-ersten-freien-tag-wohl-macht\/","url":"https:\/\/www.thebestsocial.media\/de\/merkel-ist-weg-und-das-internet-spekuliert-was-sie-an-ihrem-ersten-freien-tag-wohl-macht\/","name":"Merkel ist weg - Was sie an ihrem ersten freien wohl Tag macht?","isPartOf":{"@id":"https:\/\/www.thebestsocial.media\/de\/#website"},"primaryImageOfPage":{"@id":"https:\/\/www.thebestsocial.media\/de\/merkel-ist-weg-und-das-internet-spekuliert-was-sie-an-ihrem-ersten-freien-tag-wohl-macht\/#primaryimage"},"image":{"@id":"https:\/\/www.thebestsocial.media\/de\/merkel-ist-weg-und-das-internet-spekuliert-was-sie-an-ihrem-ersten-freien-tag-wohl-macht\/#primaryimage"},"thumbnailUrl":"https:\/\/www.thebestsocial.media\/de\/wp-content\/uploads\/sites\/3\/2021\/12\/merkel-g58e888d43_1920-1.jpg","datePublished":"2021-12-09T12:03:25+00:00","author":{"@id":"https:\/\/www.thebestsocial.media\/de\/#\/schema\/person\/6267acc046505b90b912687a039220df"},"breadcrumb":{"@id":"https:\/\/www.thebestsocial.media\/de\/merkel-ist-weg-und-das-internet-spekuliert-was-sie-an-ihrem-ersten-freien-tag-wohl-macht\/#breadcrumb"},"inLanguage":"de","potentialAction":[{"@type":"ReadAction","target":["https:\/\/www.thebestsocial.media\/de\/merkel-ist-weg-und-das-internet-spekuliert-was-sie-an-ihrem-ersten-freien-tag-wohl-macht\/"]}]},{"@type":"ImageObject","inLanguage":"de","@id":"https:\/\/www.thebestsocial.media\/de\/merkel-ist-weg-und-das-internet-spekuliert-was-sie-an-ihrem-ersten-freien-tag-wohl-macht\/#primaryimage","url":"https:\/\/www.thebestsocial.media\/de\/wp-content\/uploads\/sites\/3\/2021\/12\/merkel-g58e888d43_1920-1.jpg","contentUrl":"https:\/\/www.thebestsocial.media\/de\/wp-content\/uploads\/sites\/3\/2021\/12\/merkel-g58e888d43_1920-1.jpg","width":1920,"height":1358},{"@type":"BreadcrumbList","@id":"https:\/\/www.thebestsocial.media\/de\/merkel-ist-weg-und-das-internet-spekuliert-was-sie-an-ihrem-ersten-freien-tag-wohl-macht\/#breadcrumb","itemListElement":[{"@type":"ListItem","position":1,"name":"Home","item":"https:\/\/www.thebestsocial.media\/de\/"},{"@type":"ListItem","position":2,"name":"Merkel ist weg &#8211; Und das Internet spekuliert, was sie an ihrem ersten freien Tag wohl macht"}]},{"@type":"WebSite","@id":"https:\/\/www.thebestsocial.media\/de\/#website","url":"https:\/\/www.thebestsocial.media\/de\/","name":"The Best Social Media DE","description":"","potentialAction":[{"@type":"SearchAction","target":{"@type":"EntryPoint","urlTemplate":"https:\/\/www.thebestsocial.media\/de\/?s={search_term_string}"},"query-input":{"@type":"PropertyValueSpecification","valueRequired":true,"valueName":"search_term_string"}}],"inLanguage":"de"},{"@type":"Person","@id":"https:\/\/www.thebestsocial.media\/de\/#\/schema\/person\/6267acc046505b90b912687a039220df","name":"Helene Mei\u00dfner","image":{"@type":"ImageObject","inLanguage":"de","@id":"https:\/\/secure.gravatar.com\/avatar\/6639fc0397860ac2c2e11b018c1f14be4a46c2378a91ac1b35730b724675daa8?s=96&d=mm&r=g","url":"https:\/\/secure.gravatar.com\/avatar\/6639fc0397860ac2c2e11b018c1f14be4a46c2378a91ac1b35730b724675daa8?s=96&d=mm&r=g","contentUrl":"https:\/\/secure.gravatar.com\/avatar\/6639fc0397860ac2c2e11b018c1f14be4a46c2378a91ac1b35730b724675daa8?s=96&d=mm&r=g","caption":"Helene Mei\u00dfner"},"description":"Kommt aus Berlin und hat dementsprechend nat\u00fcrlich irgendwas mit Medien studiert. Verlegt oft Dinge, w\u00e4hrend sie sie in der Hand h\u00e4lt. Findet Kauger\u00e4usche unausstehlich. Hat eine Schw\u00e4che f\u00fcr Glitzer und immer mindestens 50 Tabs offen.","sameAs":["https:\/\/www.instagram.com\/he.leni\/"],"url":"https:\/\/www.thebestsocial.media\/de\/author\/helenemeissner\/"}]}},"amp_enabled":true,"_links":{"self":[{"href":"https:\/\/www.thebestsocial.media\/de\/wp-json\/wp\/v2\/posts\/154004","targetHints":{"allow":["GET"]}}],"collection":[{"href":"https:\/\/www.thebestsocial.media\/de\/wp-json\/wp\/v2\/posts"}],"about":[{"href":"https:\/\/www.thebestsocial.media\/de\/wp-json\/wp\/v2\/types\/post"}],"author":[{"embeddable":true,"href":"https:\/\/www.thebestsocial.media\/de\/wp-json\/wp\/v2\/users\/73"}],"replies":[{"embeddable":true,"href":"https:\/\/www.thebestsocial.media\/de\/wp-json\/wp\/v2\/comments?post=154004"}],"version-history":[{"count":9,"href":"https:\/\/www.thebestsocial.media\/de\/wp-json\/wp\/v2\/posts\/154004\/revisions"}],"predecessor-version":[{"id":154017,"href":"https:\/\/www.thebestsocial.media\/de\/wp-json\/wp\/v2\/posts\/154004\/revisions\/154017"}],"wp:featuredmedia":[{"embeddable":true,"href":"https:\/\/www.thebestsocial.media\/de\/wp-json\/wp\/v2\/media\/154022"}],"wp:attachment":[{"href":"https:\/\/www.thebestsocial.media\/de\/wp-json\/wp\/v2\/media?parent=154004"}],"wp:term":[{"taxonomy":"category","embeddable":true,"href":"https:\/\/www.thebestsocial.media\/de\/wp-json\/wp\/v2\/categories?post=154004"},{"taxonomy":"post_tag","embeddable":true,"href":"https:\/\/www.thebestsocial.media\/de\/wp-json\/wp\/v2\/tags?post=154004"}],"curies":[{"name":"wp","href":"https:\/\/api.w.org\/{rel}","templated":true}]}}