{"id":153918,"date":"2021-12-08T10:55:29","date_gmt":"2021-12-08T10:55:29","guid":{"rendered":"https:\/\/www.thebestsocial.media\/de\/?p=153918"},"modified":"2021-12-08T10:55:29","modified_gmt":"2021-12-08T10:55:29","slug":"welcome-olaf-die-besten-reaktionen-zum-neuen-bundeskanzler","status":"publish","type":"post","link":"https:\/\/www.thebestsocial.media\/de\/welcome-olaf-die-besten-reaktionen-zum-neuen-bundeskanzler\/","title":{"rendered":"Welcome Olaf! Die besten Reaktionen zum neuen Bundeskanzler"},"content":{"rendered":"<p>Deutschland hat einen neuen Bundeskanzler! Nach 16 Jahren Merkel hei\u00dft es ab heute:&#8220;It&#8217;s Scholz time!&#8220;. Die besten Reaktionen rund um die neue Personalie findet ihr hier:  <\/p>\n<p>&nbsp;<br \/>\n<strong>Wenn du den stressigsten Job der Welt annimmst aber noch lachen kannst.<\/strong><\/p>\n<blockquote class=\"instagram-media\" data-instgrm-captioned data-instgrm-permalink=\"https:\/\/www.instagram.com\/p\/CXN47CgtSLo\/?utm_source=ig_embed&amp;utm_campaign=loading\" data-instgrm-version=\"14\" style=\" background:#FFF; border:0; border-radius:3px; box-shadow:0 0 1px 0 rgba(0,0,0,0.5),0 1px 10px 0 rgba(0,0,0,0.15); margin: 1px; max-width:540px; min-width:326px; padding:0; width:99.375%; width:-webkit-calc(100% - 2px); width:calc(100% - 2px);\">\n<div style=\"padding:16px;\"> <a href=\"https:\/\/www.instagram.com\/p\/CXN47CgtSLo\/?utm_source=ig_embed&amp;utm_campaign=loading\" style=\" background:#FFFFFF; line-height:0; padding:0 0; text-align:center; text-decoration:none; width:100%;\" target=\"_blank\" rel=\"noopener\"> <\/p>\n<div style=\" display: flex; flex-direction: row; align-items: center;\">\n<div style=\"background-color: #F4F4F4; border-radius: 50%; flex-grow: 0; height: 40px; margin-right: 14px; width: 40px;\"><\/div>\n<div style=\"display: flex; flex-direction: column; flex-grow: 1; justify-content: center;\">\n<div style=\" background-color: #F4F4F4; border-radius: 4px; flex-grow: 0; height: 14px; margin-bottom: 6px; width: 100px;\"><\/div>\n<div style=\" background-color: #F4F4F4; border-radius: 4px; flex-grow: 0; height: 14px; width: 60px;\"><\/div>\n<\/div>\n<\/div>\n<div style=\"padding: 19% 0;\"><\/div>\n<div style=\"display:block; height:50px; margin:0 auto 12px; width:50px;\"><svg width=\"50px\" height=\"50px\" viewBox=\"0 0 60 60\" version=\"1.1\" xmlns=\"https:\/\/www.w3.org\/2000\/svg\" xmlns:xlink=\"https:\/\/www.w3.org\/1999\/xlink\"><g stroke=\"none\" stroke-width=\"1\" fill=\"none\" fill-rule=\"evenodd\"><g transform=\"translate(-511.000000, -20.000000)\" fill=\"#000000\"><g><path d=\"M556.869,30.41 C554.814,30.41 553.148,32.076 553.148,34.131 C553.148,36.186 554.814,37.852 556.869,37.852 C558.924,37.852 560.59,36.186 560.59,34.131 C560.59,32.076 558.924,30.41 556.869,30.41 M541,60.657 C535.114,60.657 530.342,55.887 530.342,50 C530.342,44.114 535.114,39.342 541,39.342 C546.887,39.342 551.658,44.114 551.658,50 C551.658,55.887 546.887,60.657 541,60.657 M541,33.886 C532.1,33.886 524.886,41.1 524.886,50 C524.886,58.899 532.1,66.113 541,66.113 C549.9,66.113 557.115,58.899 557.115,50 C557.115,41.1 549.9,33.886 541,33.886 M565.378,62.101 C565.244,65.022 564.756,66.606 564.346,67.663 C563.803,69.06 563.154,70.057 562.106,71.106 C561.058,72.155 560.06,72.803 558.662,73.347 C557.607,73.757 556.021,74.244 553.102,74.378 C549.944,74.521 548.997,74.552 541,74.552 C533.003,74.552 532.056,74.521 528.898,74.378 C525.979,74.244 524.393,73.757 523.338,73.347 C521.94,72.803 520.942,72.155 519.894,71.106 C518.846,70.057 518.197,69.06 517.654,67.663 C517.244,66.606 516.755,65.022 516.623,62.101 C516.479,58.943 516.448,57.996 516.448,50 C516.448,42.003 516.479,41.056 516.623,37.899 C516.755,34.978 517.244,33.391 517.654,32.338 C518.197,30.938 518.846,29.942 519.894,28.894 C520.942,27.846 521.94,27.196 523.338,26.654 C524.393,26.244 525.979,25.756 528.898,25.623 C532.057,25.479 533.004,25.448 541,25.448 C548.997,25.448 549.943,25.479 553.102,25.623 C556.021,25.756 557.607,26.244 558.662,26.654 C560.06,27.196 561.058,27.846 562.106,28.894 C563.154,29.942 563.803,30.938 564.346,32.338 C564.756,33.391 565.244,34.978 565.378,37.899 C565.522,41.056 565.552,42.003 565.552,50 C565.552,57.996 565.522,58.943 565.378,62.101 M570.82,37.631 C570.674,34.438 570.167,32.258 569.425,30.349 C568.659,28.377 567.633,26.702 565.965,25.035 C564.297,23.368 562.623,22.342 560.652,21.575 C558.743,20.834 556.562,20.326 553.369,20.18 C550.169,20.033 549.148,20 541,20 C532.853,20 531.831,20.033 528.631,20.18 C525.438,20.326 523.257,20.834 521.349,21.575 C519.376,22.342 517.703,23.368 516.035,25.035 C514.368,26.702 513.342,28.377 512.574,30.349 C511.834,32.258 511.326,34.438 511.181,37.631 C511.035,40.831 511,41.851 511,50 C511,58.147 511.035,59.17 511.181,62.369 C511.326,65.562 511.834,67.743 512.574,69.651 C513.342,71.625 514.368,73.296 516.035,74.965 C517.703,76.634 519.376,77.658 521.349,78.425 C523.257,79.167 525.438,79.673 528.631,79.82 C531.831,79.965 532.853,80.001 541,80.001 C549.148,80.001 550.169,79.965 553.369,79.82 C556.562,79.673 558.743,79.167 560.652,78.425 C562.623,77.658 564.297,76.634 565.965,74.965 C567.633,73.296 568.659,71.625 569.425,69.651 C570.167,67.743 570.674,65.562 570.82,62.369 C570.966,59.17 571,58.147 571,50 C571,41.851 570.966,40.831 570.82,37.631\"><\/path><\/g><\/g><\/g><\/svg><\/div>\n<div style=\"padding-top: 8px;\">\n<div style=\" color:#3897f0; font-family:Arial,sans-serif; font-size:14px; font-style:normal; font-weight:550; line-height:18px;\">Sieh dir diesen Beitrag auf Instagram an<\/div>\n<\/div>\n<div style=\"padding: 12.5% 0;\"><\/div>\n<div style=\"display: flex; flex-direction: row; margin-bottom: 14px; align-items: center;\">\n<div>\n<div style=\"background-color: #F4F4F4; border-radius: 50%; height: 12.5px; width: 12.5px; transform: translateX(0px) translateY(7px);\"><\/div>\n<div style=\"background-color: #F4F4F4; height: 12.5px; transform: rotate(-45deg) translateX(3px) translateY(1px); width: 12.5px; flex-grow: 0; margin-right: 14px; margin-left: 2px;\"><\/div>\n<div style=\"background-color: #F4F4F4; border-radius: 50%; height: 12.5px; width: 12.5px; transform: translateX(9px) translateY(-18px);\"><\/div>\n<\/div>\n<div style=\"margin-left: 8px;\">\n<div style=\" background-color: #F4F4F4; border-radius: 50%; flex-grow: 0; height: 20px; width: 20px;\"><\/div>\n<div style=\" width: 0; height: 0; border-top: 2px solid transparent; border-left: 6px solid #f4f4f4; border-bottom: 2px solid transparent; transform: translateX(16px) translateY(-4px) rotate(30deg)\"><\/div>\n<\/div>\n<div style=\"margin-left: auto;\">\n<div style=\" width: 0px; border-top: 8px solid #F4F4F4; border-right: 8px solid transparent; transform: translateY(16px);\"><\/div>\n<div style=\" background-color: #F4F4F4; flex-grow: 0; height: 12px; width: 16px; transform: translateY(-4px);\"><\/div>\n<div style=\" width: 0; height: 0; border-top: 8px solid #F4F4F4; border-left: 8px solid transparent; transform: translateY(-4px) translateX(8px);\"><\/div>\n<\/div>\n<\/div>\n<div style=\"display: flex; flex-direction: column; flex-grow: 1; justify-content: center; margin-bottom: 24px;\">\n<div style=\" background-color: #F4F4F4; border-radius: 4px; flex-grow: 0; height: 14px; margin-bottom: 6px; width: 224px;\"><\/div>\n<div style=\" background-color: #F4F4F4; border-radius: 4px; flex-grow: 0; height: 14px; width: 144px;\"><\/div>\n<\/div>\n<p><\/a><\/p>\n<p style=\" color:#c9c8cd; font-family:Arial,sans-serif; font-size:14px; line-height:17px; margin-bottom:0; margin-top:8px; overflow:hidden; padding:8px 0 7px; text-align:center; text-overflow:ellipsis; white-space:nowrap;\"><a href=\"https:\/\/www.instagram.com\/p\/CXN47CgtSLo\/?utm_source=ig_embed&amp;utm_campaign=loading\" style=\" color:#c9c8cd; font-family:Arial,sans-serif; font-size:14px; font-style:normal; font-weight:normal; line-height:17px; text-decoration:none;\" target=\"_blank\" rel=\"noopener\">Ein Beitrag geteilt von tagesschau (@tagesschau)<\/a><\/p>\n<\/div>\n<\/blockquote>\n\n<p>&nbsp;<br \/>\n<strong>Mit der zeitlichen Organisation des Events waren nicht alle einverstanden.<\/strong><\/p>\n<p>https:\/\/twitter.com\/JordanGriz95\/status\/1468211174676254723?s=20<\/p>\n<p>&nbsp;<br \/>\n<strong>Mit FDP Filter.<\/strong><\/p>\n<div class=\"dbsm-oembed\">\n<blockquote class=\"twitter-tweet\" data-width=\"500\" data-dnt=\"true\">\n<p lang=\"de\" dir=\"ltr\">Zur Wahl des Bundeskanzlers ist es den Abgeordneten ausnahmsweise erlaubt, Fotos im <a href=\"https:\/\/twitter.com\/hashtag\/Bundestag?src=hash&amp;ref_src=twsrc%5Etfw\">#Bundestag<\/a> zu machen.<br \/>Christian Lindner: \u201eBESTER TAG EVER!!!\u201c<a href=\"https:\/\/twitter.com\/hashtag\/Kanzlerwahl?src=hash&amp;ref_src=twsrc%5Etfw\">#Kanzlerwahl<\/a><\/p>\n<p>&mdash; ZDF heute-show (@heuteshow) <a href=\"https:\/\/twitter.com\/heuteshow\/status\/1468516842213941255?ref_src=twsrc%5Etfw\">December 8, 2021<\/a><\/p><\/blockquote>\n<p><script async src=\"https:\/\/platform.twitter.com\/widgets.js\" charset=\"utf-8\"><\/script><\/div>\n<p>&nbsp;<br \/>\n<strong>Olaf Scholz heute morgen so.<\/strong><\/p>\n<div class=\"dbsm-oembed\">\n<blockquote class=\"twitter-tweet\" data-width=\"500\" data-dnt=\"true\">\n<p lang=\"de\" dir=\"ltr\">Kanzler f\u00fcr Deutschland. \u2066<a href=\"https:\/\/twitter.com\/OlafScholz?ref_src=twsrc%5Etfw\">@OlafScholz<\/a>\u2069 \u2066<a href=\"https:\/\/twitter.com\/spdde?ref_src=twsrc%5Etfw\">@spdde<\/a>\u2069 <a href=\"https:\/\/twitter.com\/hashtag\/Kanzlerwahl?src=hash&amp;ref_src=twsrc%5Etfw\">#Kanzlerwahl<\/a> <a href=\"https:\/\/t.co\/Rbh78z13Iu\">pic.twitter.com\/Rbh78z13Iu<\/a><\/p>\n<p>&mdash; Rapha (@RaphaelBrinkert) <a href=\"https:\/\/twitter.com\/RaphaelBrinkert\/status\/1468511125205565445?ref_src=twsrc%5Etfw\">December 8, 2021<\/a><\/p><\/blockquote>\n<p><script async src=\"https:\/\/platform.twitter.com\/widgets.js\" charset=\"utf-8\"><\/script><\/div>\n<p>&nbsp;<br \/>\n<strong>Eine Geste des Respekts.<\/strong><\/p>\n<div class=\"dbsm-oembed\">\n<blockquote class=\"twitter-tweet\" data-width=\"500\" data-dnt=\"true\">\n<p lang=\"de\" dir=\"ltr\">Sch\u00f6ne Geste eines beispielhaften demokratischen \u00dcbergangs: SPD-Fraktionschef Rolf M\u00fctzenich kommt extra hoch auf die Zuschauertrib\u00fcne, um Angela <a href=\"https:\/\/twitter.com\/hashtag\/Merkel?src=hash&amp;ref_src=twsrc%5Etfw\">#Merkel<\/a> f\u00fcr 16 Jahre Kanzlerschaft im Namen der \u2066<a href=\"https:\/\/twitter.com\/spdbt?ref_src=twsrc%5Etfw\">@spdbt<\/a>\u2069 zu danken. <a href=\"https:\/\/twitter.com\/hashtag\/Bundestag?src=hash&amp;ref_src=twsrc%5Etfw\">#Bundestag<\/a> <a href=\"https:\/\/twitter.com\/hashtag\/Kanzlerwahl?src=hash&amp;ref_src=twsrc%5Etfw\">#Kanzlerwahl<\/a> <a href=\"https:\/\/t.co\/oCLAz9ZAV9\">pic.twitter.com\/oCLAz9ZAV9<\/a><\/p>\n<p>&mdash; Georg Ismar (@georg_ismar) <a href=\"https:\/\/twitter.com\/georg_ismar\/status\/1468495800267427841?ref_src=twsrc%5Etfw\">December 8, 2021<\/a><\/p><\/blockquote>\n<p><script async src=\"https:\/\/platform.twitter.com\/widgets.js\" charset=\"utf-8\"><\/script><\/div>\n<p>&nbsp;<br \/>\n<strong>Die kommenden Aufgaben r\u00fccken dabei nicht in den Hintergrund. Es gibt viel zu tun!<\/strong><\/p>\n<div class=\"dbsm-oembed\">\n<blockquote class=\"twitter-tweet\" data-width=\"500\" data-dnt=\"true\">\n<p lang=\"de\" dir=\"ltr\">Kleine Erinnerung f\u00fcr <a href=\"https:\/\/twitter.com\/OlafScholz?ref_src=twsrc%5Etfw\">@olafscholz<\/a>, <a href=\"https:\/\/twitter.com\/ABaerbock?ref_src=twsrc%5Etfw\">@ABaerbock<\/a> &amp; <a href=\"https:\/\/twitter.com\/c_lindner?ref_src=twsrc%5Etfw\">@c_lindner<\/a>: Eure Klimaziele reichen nicht aus f\u00fcr 1,5\u00b0C \u2013 in den n\u00e4chsten 100 Tagen muss nachgesch\u00e4rft werden! <a href=\"https:\/\/twitter.com\/hashtag\/Kanzlerwahl?src=hash&amp;ref_src=twsrc%5Etfw\">#Kanzlerwahl<\/a> <a href=\"https:\/\/t.co\/CvPHmVMTDZ\">pic.twitter.com\/CvPHmVMTDZ<\/a><\/p>\n<p>&mdash; Fridays for Future Germany (@FridayForFuture) <a href=\"https:\/\/twitter.com\/FridayForFuture\/status\/1468510779917967368?ref_src=twsrc%5Etfw\">December 8, 2021<\/a><\/p><\/blockquote>\n<p><script async src=\"https:\/\/platform.twitter.com\/widgets.js\" charset=\"utf-8\"><\/script><\/div>\n<div class=\"dbsm-oembed\">\n<blockquote class=\"twitter-tweet\" data-width=\"500\" data-dnt=\"true\">\n<p lang=\"de\" dir=\"ltr\"><a href=\"https:\/\/twitter.com\/hashtag\/420laf?src=hash&amp;ref_src=twsrc%5Etfw\">#420laf<\/a> Scholz hat ab heute die historische Chance, Hunderttausende in diesem Land zu entkriminalisieren <a href=\"https:\/\/t.co\/UEYvClxoXq\">pic.twitter.com\/UEYvClxoXq<\/a><\/p>\n<p>&mdash; red vibes \u262e\ufe0f\ud83c\udf1e\ud83c\udf0a\ud83c\udf0f\ud83d\udd25 (@redvibes999) <a href=\"https:\/\/twitter.com\/redvibes999\/status\/1468478798253510657?ref_src=twsrc%5Etfw\">December 8, 2021<\/a><\/p><\/blockquote>\n<p><script async src=\"https:\/\/platform.twitter.com\/widgets.js\" charset=\"utf-8\"><\/script><\/div>\n<p>&nbsp;<br \/>\n<strong>Harte Zeiten!<\/strong><\/p>\n<div class=\"dbsm-oembed\">\n<blockquote class=\"twitter-tweet\" data-width=\"500\" data-dnt=\"true\">\n<p lang=\"de\" dir=\"ltr\">Unser Mitgef\u00fchl an alle Merkel-muss-weg-Br\u00fcller! Es ist so schwer, ein erf\u00fcllendes Hobby zu finden. <a href=\"https:\/\/twitter.com\/hashtag\/Kanzlerwahl?src=hash&amp;ref_src=twsrc%5Etfw\">#Kanzlerwahl<\/a><\/p>\n<p>&mdash; extra3 (@extra3) <a href=\"https:\/\/twitter.com\/extra3\/status\/1468497288612007936?ref_src=twsrc%5Etfw\">December 8, 2021<\/a><\/p><\/blockquote>\n<p><script async src=\"https:\/\/platform.twitter.com\/widgets.js\" charset=\"utf-8\"><\/script><\/div>\n<p>&nbsp;<br \/>\n<strong>1500\u20ac warm.<\/strong><\/p>\n<div class=\"dbsm-oembed\">\n<blockquote class=\"twitter-tweet\" data-width=\"500\" data-dnt=\"true\">\n<p lang=\"de\" dir=\"ltr\">Olaf Scholz ist zum Kanzler gew\u00e4hlt und zieht heute ins Bundeskanzleramt ein.<br \/>Die <a href=\"https:\/\/twitter.com\/hashtag\/Kanzlerwahl?src=hash&amp;ref_src=twsrc%5Etfw\">#Kanzlerwahl<\/a> war tats\u00e4chlich die einzige M\u00f6glichkeit, in Berlin eine freie Immobilie zu bekommen.<a href=\"https:\/\/twitter.com\/hashtag\/Bundestag?src=hash&amp;ref_src=twsrc%5Etfw\">#Bundestag<\/a><\/p>\n<p>&mdash; ZDF heute-show (@heuteshow) <a href=\"https:\/\/twitter.com\/heuteshow\/status\/1468512155926511616?ref_src=twsrc%5Etfw\">December 8, 2021<\/a><\/p><\/blockquote>\n<p><script async src=\"https:\/\/platform.twitter.com\/widgets.js\" charset=\"utf-8\"><\/script><\/div>\n<p>&nbsp;<br \/>\n<strong>Wir erinnern uns an die USA.<\/strong><\/p>\n<div class=\"dbsm-oembed\">\n<blockquote class=\"twitter-tweet\" data-width=\"500\" data-dnt=\"true\">\n<p lang=\"de\" dir=\"ltr\">Wie gro\u00dfartig ist eigentlich eine friedliche, demokratische und respektvolle Macht\u00fcbergabe? Wir k\u00f6nnen so dankbar sein. <\/p>\n<p>Lasst uns das nie f\u00fcr selbstverst\u00e4ndlich nehmen und unsere Demokratie jeden Tag besch\u00fctzen! <a href=\"https:\/\/twitter.com\/hashtag\/Kanzlerwahl?src=hash&amp;ref_src=twsrc%5Etfw\">#Kanzlerwahl<\/a><\/p>\n<p>&mdash; Johannes Vogel (@johannesvogel) <a href=\"https:\/\/twitter.com\/johannesvogel\/status\/1468495400483135490?ref_src=twsrc%5Etfw\">December 8, 2021<\/a><\/p><\/blockquote>\n<p><script async src=\"https:\/\/platform.twitter.com\/widgets.js\" charset=\"utf-8\"><\/script><\/div>\n<p>&nbsp;<br \/>\n<strong>Derweil lernen es manche einfach nie.<\/strong><\/p>\n<div class=\"dbsm-oembed\">\n<blockquote class=\"twitter-tweet\" data-width=\"500\" data-dnt=\"true\">\n<p lang=\"de\" dir=\"ltr\">Isses so schwer, eine Mund-Nasen-Schutz \u00fcber Mund UND Nase zu tragen?! <a href=\"https:\/\/twitter.com\/hashtag\/Merz?src=hash&amp;ref_src=twsrc%5Etfw\">#Merz<\/a> <a href=\"https:\/\/twitter.com\/hashtag\/Kanzlerwahl?src=hash&amp;ref_src=twsrc%5Etfw\">#Kanzlerwahl<\/a> <a href=\"https:\/\/t.co\/jCzsWpELOh\">pic.twitter.com\/jCzsWpELOh<\/a><\/p>\n<p>&mdash; Johanna Sprondel (@jsprondel) <a href=\"https:\/\/twitter.com\/jsprondel\/status\/1468500495799042058?ref_src=twsrc%5Etfw\">December 8, 2021<\/a><\/p><\/blockquote>\n<p><script async src=\"https:\/\/platform.twitter.com\/widgets.js\" charset=\"utf-8\"><\/script><\/div>\n<p>https:\/\/twitter.com\/gemuellert\/status\/1468175132770320387?s=20<\/p>\n<div class=\"dbsm-oembed\">\n<blockquote class=\"twitter-tweet\" data-width=\"500\" data-dnt=\"true\">\n<p lang=\"de\" dir=\"ltr\">An etlichen Orten gilt 2G. Im Bundestag bleibt es bei 3G, damit die <a href=\"https:\/\/twitter.com\/hashtag\/AfD?src=hash&amp;ref_src=twsrc%5Etfw\">#AfD<\/a> ihre demokratischen Rechte aus\u00fcben kann &#8211; ohne sich selbst an Regeln zu halten. Das sind die Abgeordneten, die nicht einmal bereit sind, einen  tagesaktuellen Test vorzuweisen. <a href=\"https:\/\/twitter.com\/hashtag\/kanzlerwahl?src=hash&amp;ref_src=twsrc%5Etfw\">#kanzlerwahl<\/a> \u2066<a href=\"https:\/\/twitter.com\/RND_de?ref_src=twsrc%5Etfw\">@RND_de<\/a>\u2069 <a href=\"https:\/\/t.co\/DJYUHfECwP\">pic.twitter.com\/DJYUHfECwP<\/a><\/p>\n<p>&mdash; Eva Quadbeck (@EvaQuadbeck) <a href=\"https:\/\/twitter.com\/EvaQuadbeck\/status\/1468498994238304256?ref_src=twsrc%5Etfw\">December 8, 2021<\/a><\/p><\/blockquote>\n<p><script async src=\"https:\/\/platform.twitter.com\/widgets.js\" charset=\"utf-8\"><\/script><\/div>\n<p>&nbsp;<br \/>\n___<br \/>\nVielen Dank an alle f\u00fcr die Posts!<br \/>\n___<br \/>\n<strong>Keine Influencer! Kein Foodporn! Nur ganz viel Spa\u00df \u2013 bei uns auf Instagram:<\/strong><\/p>\n<p>&nbsp;<\/p>\n<blockquote class=\"instagram-media\" style=\"background: #FFF; border: 0; border-radius: 3px; box-shadow: 0 0 1px 0 rgba(0,0,0,0.5),0 1px 10px 0 rgba(0,0,0,0.15); margin: 1px; max-width: 540px; min-width: 326px; padding: 0; width: calc(100% - 2px);\" data-instgrm-captioned=\"\" data-instgrm-permalink=\"https:\/\/www.instagram.com\/p\/CWn8SQEMEcb\/?utm_source=ig_embed&amp;utm_campaign=loading\" data-instgrm-version=\"14\">\n<div style=\"padding: 16px;\">\n<p>&nbsp;<\/p>\n<div style=\"display: flex; flex-direction: row; align-items: center;\">\n<div style=\"background-color: #f4f4f4; border-radius: 50%; flex-grow: 0; height: 40px; margin-right: 14px; width: 40px;\"><\/div>\n<div style=\"display: flex; flex-direction: column; flex-grow: 1; justify-content: center;\">\n<div style=\"background-color: #f4f4f4; border-radius: 4px; flex-grow: 0; height: 14px; margin-bottom: 6px; width: 100px;\"><\/div>\n<div style=\"background-color: #f4f4f4; border-radius: 4px; flex-grow: 0; height: 14px; width: 60px;\"><\/div>\n<\/div>\n<\/div>\n<div style=\"padding: 19% 0;\"><\/div>\n<div style=\"display: block; height: 50px; margin: 0 auto 12px; width: 50px;\"><\/div>\n<div style=\"padding-top: 8px;\">\n<div style=\"color: #3897f0; font-family: Arial,sans-serif; font-size: 14px; font-style: normal; font-weight: 550; line-height: 18px;\">Sieh dir diesen Beitrag auf Instagram an<\/div>\n<\/div>\n<div style=\"padding: 12.5% 0;\"><\/div>\n<div style=\"display: flex; flex-direction: row; margin-bottom: 14px; align-items: center;\">\n<div>\n<div style=\"background-color: #f4f4f4; border-radius: 50%; height: 12.5px; width: 12.5px; transform: translateX(0px) translateY(7px);\"><\/div>\n<div style=\"background-color: #f4f4f4; height: 12.5px; transform: rotate(-45deg) translateX(3px) translateY(1px); width: 12.5px; flex-grow: 0; margin-right: 14px; margin-left: 2px;\"><\/div>\n<div style=\"background-color: #f4f4f4; border-radius: 50%; height: 12.5px; width: 12.5px; transform: translateX(9px) translateY(-18px);\"><\/div>\n<\/div>\n<div style=\"margin-left: 8px;\">\n<div style=\"background-color: #f4f4f4; border-radius: 50%; flex-grow: 0; height: 20px; width: 20px;\"><\/div>\n<div style=\"width: 0; height: 0; border-top: 2px solid transparent; border-left: 6px solid #f4f4f4; border-bottom: 2px solid transparent; transform: translateX(16px) translateY(-4px) rotate(30deg);\"><\/div>\n<\/div>\n<div style=\"margin-left: auto;\">\n<div style=\"width: 0px; border-top: 8px solid #F4F4F4; border-right: 8px solid transparent; transform: translateY(16px);\"><\/div>\n<div style=\"background-color: #f4f4f4; flex-grow: 0; height: 12px; width: 16px; transform: translateY(-4px);\"><\/div>\n<div style=\"width: 0; height: 0; border-top: 8px solid #F4F4F4; border-left: 8px solid transparent; transform: translateY(-4px) translateX(8px);\"><\/div>\n<\/div>\n<\/div>\n<div style=\"display: flex; flex-direction: column; flex-grow: 1; justify-content: center; margin-bottom: 24px;\">\n<div style=\"background-color: #f4f4f4; border-radius: 4px; flex-grow: 0; height: 14px; margin-bottom: 6px; width: 224px;\"><\/div>\n<div style=\"background-color: #f4f4f4; border-radius: 4px; flex-grow: 0; height: 14px; width: 144px;\"><\/div>\n<\/div>\n<p>&nbsp;<\/p>\n<p style=\"color: #c9c8cd; font-family: Arial,sans-serif; font-size: 14px; line-height: 17px; margin-bottom: 0; margin-top: 8px; overflow: hidden; padding: 8px 0 7px; text-align: center; text-overflow: ellipsis; white-space: nowrap;\"><a style=\"color: #c9c8cd; font-family: Arial,sans-serif; font-size: 14px; font-style: normal; font-weight: normal; line-height: 17px; text-decoration: none;\" href=\"https:\/\/www.instagram.com\/p\/CWn8SQEMEcb\/?utm_source=ig_embed&amp;utm_campaign=loading\" target=\"_blank\" rel=\"noopener\">Ein Beitrag geteilt von The Best Social Media &#8211; DE (@thebestsocialmediade)<\/a><\/p>\n<\/div>\n<\/blockquote>\n\n<script async defer src=\"\/instagram-embed.js\"><\/script>","protected":false},"excerpt":{"rendered":"<p>Deutschland hat einen neuen Bundeskanzler! Nach 16 Jahren Merkel hei\u00dft es ab heute:&#8220;It&#8217;s Scholz time!&#8220;. Die besten Reaktionen rund um die neue Personalie findet ihr&#8230;<\/p>\n","protected":false},"author":77,"featured_media":153931,"comment_status":"open","ping_status":"open","sticky":false,"template":"","format":"standard","meta":{"_acf_changed":false,"footnotes":""},"categories":[14,35],"tags":[4757],"class_list":["post-153918","post","type-post","status-publish","format-standard","has-post-thumbnail","hentry","category-instagram","category-twitter","tag-kanzler-scholz"],"acf":[],"yoast_head":"<!-- This site is optimized with the Yoast SEO plugin v27.5 - https:\/\/yoast.com\/product\/yoast-seo-wordpress\/ -->\n<title>Welcome Olaf! Die besten Reaktionen zu unserem neuen Bundeskanzler<\/title>\n<meta name=\"robots\" content=\"index, follow, max-snippet:-1, max-image-preview:large, max-video-preview:-1\" \/>\n<link rel=\"canonical\" href=\"https:\/\/www.thebestsocial.media\/de\/welcome-olaf-die-besten-reaktionen-zum-neuen-bundeskanzler\/\" \/>\n<meta property=\"og:locale\" content=\"de_DE\" \/>\n<meta property=\"og:type\" content=\"article\" \/>\n<meta property=\"og:title\" content=\"Welcome Olaf! Die besten Reaktionen zum neuen Bundeskanzler\" \/>\n<meta property=\"og:description\" content=\"Deutschland hat einen neuen Bundeskanzler! Nach 16 Jahren Merkel hei\u00dft es ab heute:&#8220;It&#8217;s Scholz time!&#8220;. Die besten Reaktionen rund um die neue Personalie findet ihr...\" \/>\n<meta property=\"og:url\" content=\"https:\/\/www.thebestsocial.media\/de\/welcome-olaf-die-besten-reaktionen-zum-neuen-bundeskanzler\/\" \/>\n<meta property=\"og:site_name\" content=\"The Best Social Media DE\" \/>\n<meta property=\"article:author\" content=\"https:\/\/www.facebook.com\/adrian.krug.5\" \/>\n<meta property=\"article:published_time\" content=\"2021-12-08T10:55:29+00:00\" \/>\n<meta property=\"og:image\" content=\"https:\/\/www.thebestsocial.media\/de\/wp-content\/uploads\/sites\/3\/2021\/12\/Header_Bild_Neu.scholz.png\" \/>\n\t<meta property=\"og:image:width\" content=\"1200\" \/>\n\t<meta property=\"og:image:height\" content=\"630\" \/>\n\t<meta property=\"og:image:type\" content=\"image\/png\" \/>\n<meta name=\"author\" content=\"Adrian Krug\" \/>\n<meta name=\"twitter:card\" content=\"summary_large_image\" \/>\n<meta name=\"twitter:creator\" content=\"@https:\/\/twitter.com\/Hasscompilation\" \/>\n<meta name=\"twitter:label1\" content=\"Verfasst von\" \/>\n\t<meta name=\"twitter:data1\" content=\"Adrian Krug\" \/>\n\t<meta name=\"twitter:label2\" content=\"Gesch\u00e4tzte Lesezeit\" \/>\n\t<meta name=\"twitter:data2\" content=\"1\u00a0Minute\" \/>\n<script type=\"application\/ld+json\" class=\"yoast-schema-graph\">{\"@context\":\"https:\\\/\\\/schema.org\",\"@graph\":[{\"@type\":\"Article\",\"@id\":\"https:\\\/\\\/www.thebestsocial.media\\\/de\\\/welcome-olaf-die-besten-reaktionen-zum-neuen-bundeskanzler\\\/#article\",\"isPartOf\":{\"@id\":\"https:\\\/\\\/www.thebestsocial.media\\\/de\\\/welcome-olaf-die-besten-reaktionen-zum-neuen-bundeskanzler\\\/\"},\"author\":{\"name\":\"Adrian Krug\",\"@id\":\"https:\\\/\\\/www.thebestsocial.media\\\/de\\\/#\\\/schema\\\/person\\\/f6571568c8f173869acb99d089b1223b\"},\"headline\":\"Welcome Olaf! Die besten Reaktionen zum neuen Bundeskanzler\",\"datePublished\":\"2021-12-08T10:55:29+00:00\",\"mainEntityOfPage\":{\"@id\":\"https:\\\/\\\/www.thebestsocial.media\\\/de\\\/welcome-olaf-die-besten-reaktionen-zum-neuen-bundeskanzler\\\/\"},\"wordCount\":237,\"commentCount\":0,\"image\":{\"@id\":\"https:\\\/\\\/www.thebestsocial.media\\\/de\\\/welcome-olaf-die-besten-reaktionen-zum-neuen-bundeskanzler\\\/#primaryimage\"},\"thumbnailUrl\":\"https:\\\/\\\/www.thebestsocial.media\\\/de\\\/wp-content\\\/uploads\\\/sites\\\/3\\\/2021\\\/12\\\/Bildschirmfoto-2021-12-08-um-11.44.06.png\",\"keywords\":[\"Kanzler Scholz\"],\"articleSection\":[\"Instagram\",\"Twitter\"],\"inLanguage\":\"de\",\"potentialAction\":[{\"@type\":\"CommentAction\",\"name\":\"Comment\",\"target\":[\"https:\\\/\\\/www.thebestsocial.media\\\/de\\\/welcome-olaf-die-besten-reaktionen-zum-neuen-bundeskanzler\\\/#respond\"]}]},{\"@type\":\"WebPage\",\"@id\":\"https:\\\/\\\/www.thebestsocial.media\\\/de\\\/welcome-olaf-die-besten-reaktionen-zum-neuen-bundeskanzler\\\/\",\"url\":\"https:\\\/\\\/www.thebestsocial.media\\\/de\\\/welcome-olaf-die-besten-reaktionen-zum-neuen-bundeskanzler\\\/\",\"name\":\"Welcome Olaf! Die besten Reaktionen zu unserem neuen Bundeskanzler\",\"isPartOf\":{\"@id\":\"https:\\\/\\\/www.thebestsocial.media\\\/de\\\/#website\"},\"primaryImageOfPage\":{\"@id\":\"https:\\\/\\\/www.thebestsocial.media\\\/de\\\/welcome-olaf-die-besten-reaktionen-zum-neuen-bundeskanzler\\\/#primaryimage\"},\"image\":{\"@id\":\"https:\\\/\\\/www.thebestsocial.media\\\/de\\\/welcome-olaf-die-besten-reaktionen-zum-neuen-bundeskanzler\\\/#primaryimage\"},\"thumbnailUrl\":\"https:\\\/\\\/www.thebestsocial.media\\\/de\\\/wp-content\\\/uploads\\\/sites\\\/3\\\/2021\\\/12\\\/Bildschirmfoto-2021-12-08-um-11.44.06.png\",\"datePublished\":\"2021-12-08T10:55:29+00:00\",\"author\":{\"@id\":\"https:\\\/\\\/www.thebestsocial.media\\\/de\\\/#\\\/schema\\\/person\\\/f6571568c8f173869acb99d089b1223b\"},\"breadcrumb\":{\"@id\":\"https:\\\/\\\/www.thebestsocial.media\\\/de\\\/welcome-olaf-die-besten-reaktionen-zum-neuen-bundeskanzler\\\/#breadcrumb\"},\"inLanguage\":\"de\",\"potentialAction\":[{\"@type\":\"ReadAction\",\"target\":[\"https:\\\/\\\/www.thebestsocial.media\\\/de\\\/welcome-olaf-die-besten-reaktionen-zum-neuen-bundeskanzler\\\/\"]}]},{\"@type\":\"ImageObject\",\"inLanguage\":\"de\",\"@id\":\"https:\\\/\\\/www.thebestsocial.media\\\/de\\\/welcome-olaf-die-besten-reaktionen-zum-neuen-bundeskanzler\\\/#primaryimage\",\"url\":\"https:\\\/\\\/www.thebestsocial.media\\\/de\\\/wp-content\\\/uploads\\\/sites\\\/3\\\/2021\\\/12\\\/Bildschirmfoto-2021-12-08-um-11.44.06.png\",\"contentUrl\":\"https:\\\/\\\/www.thebestsocial.media\\\/de\\\/wp-content\\\/uploads\\\/sites\\\/3\\\/2021\\\/12\\\/Bildschirmfoto-2021-12-08-um-11.44.06.png\",\"width\":2366,\"height\":1160},{\"@type\":\"BreadcrumbList\",\"@id\":\"https:\\\/\\\/www.thebestsocial.media\\\/de\\\/welcome-olaf-die-besten-reaktionen-zum-neuen-bundeskanzler\\\/#breadcrumb\",\"itemListElement\":[{\"@type\":\"ListItem\",\"position\":1,\"name\":\"Home\",\"item\":\"https:\\\/\\\/www.thebestsocial.media\\\/de\\\/\"},{\"@type\":\"ListItem\",\"position\":2,\"name\":\"Welcome Olaf! Die besten Reaktionen zum neuen Bundeskanzler\"}]},{\"@type\":\"WebSite\",\"@id\":\"https:\\\/\\\/www.thebestsocial.media\\\/de\\\/#website\",\"url\":\"https:\\\/\\\/www.thebestsocial.media\\\/de\\\/\",\"name\":\"The Best Social Media DE\",\"description\":\"\",\"potentialAction\":[{\"@type\":\"SearchAction\",\"target\":{\"@type\":\"EntryPoint\",\"urlTemplate\":\"https:\\\/\\\/www.thebestsocial.media\\\/de\\\/?s={search_term_string}\"},\"query-input\":{\"@type\":\"PropertyValueSpecification\",\"valueRequired\":true,\"valueName\":\"search_term_string\"}}],\"inLanguage\":\"de\"},{\"@type\":\"Person\",\"@id\":\"https:\\\/\\\/www.thebestsocial.media\\\/de\\\/#\\\/schema\\\/person\\\/f6571568c8f173869acb99d089b1223b\",\"name\":\"Adrian Krug\",\"image\":{\"@type\":\"ImageObject\",\"inLanguage\":\"de\",\"@id\":\"https:\\\/\\\/secure.gravatar.com\\\/avatar\\\/c03aa48839ac1555ec73dfc0827342b090445264901990679cd3f8c6ef4ac2d7?s=96&d=mm&r=g\",\"url\":\"https:\\\/\\\/secure.gravatar.com\\\/avatar\\\/c03aa48839ac1555ec73dfc0827342b090445264901990679cd3f8c6ef4ac2d7?s=96&d=mm&r=g\",\"contentUrl\":\"https:\\\/\\\/secure.gravatar.com\\\/avatar\\\/c03aa48839ac1555ec73dfc0827342b090445264901990679cd3f8c6ef4ac2d7?s=96&d=mm&r=g\",\"caption\":\"Adrian Krug\"},\"description\":\"Ich bin Endeditor f\u00fcr TBSM DE und Creative Lead f\u00fcr Projekte auf Agenturseite.\",\"sameAs\":[\"https:\\\/\\\/www.facebook.com\\\/adrian.krug.5\",\"https:\\\/\\\/www.linkedin.com\\\/in\\\/adrian-krug-27536221a\\\/\",\"https:\\\/\\\/x.com\\\/https:\\\/\\\/twitter.com\\\/Hasscompilation\"],\"url\":\"https:\\\/\\\/www.thebestsocial.media\\\/de\\\/author\\\/adriankrug\\\/\"}]}<\/script>\n<!-- \/ Yoast SEO plugin. -->","yoast_head_json":{"title":"Welcome Olaf! Die besten Reaktionen zu unserem neuen Bundeskanzler","robots":{"index":"index","follow":"follow","max-snippet":"max-snippet:-1","max-image-preview":"max-image-preview:large","max-video-preview":"max-video-preview:-1"},"canonical":"https:\/\/www.thebestsocial.media\/de\/welcome-olaf-die-besten-reaktionen-zum-neuen-bundeskanzler\/","og_locale":"de_DE","og_type":"article","og_title":"Welcome Olaf! Die besten Reaktionen zum neuen Bundeskanzler","og_description":"Deutschland hat einen neuen Bundeskanzler! Nach 16 Jahren Merkel hei\u00dft es ab heute:&#8220;It&#8217;s Scholz time!&#8220;. Die besten Reaktionen rund um die neue Personalie findet ihr...","og_url":"https:\/\/www.thebestsocial.media\/de\/welcome-olaf-die-besten-reaktionen-zum-neuen-bundeskanzler\/","og_site_name":"The Best Social Media DE","article_author":"https:\/\/www.facebook.com\/adrian.krug.5","article_published_time":"2021-12-08T10:55:29+00:00","og_image":[{"width":1200,"height":630,"url":"https:\/\/www.thebestsocial.media\/de\/wp-content\/uploads\/sites\/3\/2021\/12\/Header_Bild_Neu.scholz.png","type":"image\/png"}],"author":"Adrian Krug","twitter_card":"summary_large_image","twitter_creator":"@https:\/\/twitter.com\/Hasscompilation","twitter_misc":{"Verfasst von":"Adrian Krug","Gesch\u00e4tzte Lesezeit":"1\u00a0Minute"},"schema":{"@context":"https:\/\/schema.org","@graph":[{"@type":"Article","@id":"https:\/\/www.thebestsocial.media\/de\/welcome-olaf-die-besten-reaktionen-zum-neuen-bundeskanzler\/#article","isPartOf":{"@id":"https:\/\/www.thebestsocial.media\/de\/welcome-olaf-die-besten-reaktionen-zum-neuen-bundeskanzler\/"},"author":{"name":"Adrian Krug","@id":"https:\/\/www.thebestsocial.media\/de\/#\/schema\/person\/f6571568c8f173869acb99d089b1223b"},"headline":"Welcome Olaf! Die besten Reaktionen zum neuen Bundeskanzler","datePublished":"2021-12-08T10:55:29+00:00","mainEntityOfPage":{"@id":"https:\/\/www.thebestsocial.media\/de\/welcome-olaf-die-besten-reaktionen-zum-neuen-bundeskanzler\/"},"wordCount":237,"commentCount":0,"image":{"@id":"https:\/\/www.thebestsocial.media\/de\/welcome-olaf-die-besten-reaktionen-zum-neuen-bundeskanzler\/#primaryimage"},"thumbnailUrl":"https:\/\/www.thebestsocial.media\/de\/wp-content\/uploads\/sites\/3\/2021\/12\/Bildschirmfoto-2021-12-08-um-11.44.06.png","keywords":["Kanzler Scholz"],"articleSection":["Instagram","Twitter"],"inLanguage":"de","potentialAction":[{"@type":"CommentAction","name":"Comment","target":["https:\/\/www.thebestsocial.media\/de\/welcome-olaf-die-besten-reaktionen-zum-neuen-bundeskanzler\/#respond"]}]},{"@type":"WebPage","@id":"https:\/\/www.thebestsocial.media\/de\/welcome-olaf-die-besten-reaktionen-zum-neuen-bundeskanzler\/","url":"https:\/\/www.thebestsocial.media\/de\/welcome-olaf-die-besten-reaktionen-zum-neuen-bundeskanzler\/","name":"Welcome Olaf! Die besten Reaktionen zu unserem neuen Bundeskanzler","isPartOf":{"@id":"https:\/\/www.thebestsocial.media\/de\/#website"},"primaryImageOfPage":{"@id":"https:\/\/www.thebestsocial.media\/de\/welcome-olaf-die-besten-reaktionen-zum-neuen-bundeskanzler\/#primaryimage"},"image":{"@id":"https:\/\/www.thebestsocial.media\/de\/welcome-olaf-die-besten-reaktionen-zum-neuen-bundeskanzler\/#primaryimage"},"thumbnailUrl":"https:\/\/www.thebestsocial.media\/de\/wp-content\/uploads\/sites\/3\/2021\/12\/Bildschirmfoto-2021-12-08-um-11.44.06.png","datePublished":"2021-12-08T10:55:29+00:00","author":{"@id":"https:\/\/www.thebestsocial.media\/de\/#\/schema\/person\/f6571568c8f173869acb99d089b1223b"},"breadcrumb":{"@id":"https:\/\/www.thebestsocial.media\/de\/welcome-olaf-die-besten-reaktionen-zum-neuen-bundeskanzler\/#breadcrumb"},"inLanguage":"de","potentialAction":[{"@type":"ReadAction","target":["https:\/\/www.thebestsocial.media\/de\/welcome-olaf-die-besten-reaktionen-zum-neuen-bundeskanzler\/"]}]},{"@type":"ImageObject","inLanguage":"de","@id":"https:\/\/www.thebestsocial.media\/de\/welcome-olaf-die-besten-reaktionen-zum-neuen-bundeskanzler\/#primaryimage","url":"https:\/\/www.thebestsocial.media\/de\/wp-content\/uploads\/sites\/3\/2021\/12\/Bildschirmfoto-2021-12-08-um-11.44.06.png","contentUrl":"https:\/\/www.thebestsocial.media\/de\/wp-content\/uploads\/sites\/3\/2021\/12\/Bildschirmfoto-2021-12-08-um-11.44.06.png","width":2366,"height":1160},{"@type":"BreadcrumbList","@id":"https:\/\/www.thebestsocial.media\/de\/welcome-olaf-die-besten-reaktionen-zum-neuen-bundeskanzler\/#breadcrumb","itemListElement":[{"@type":"ListItem","position":1,"name":"Home","item":"https:\/\/www.thebestsocial.media\/de\/"},{"@type":"ListItem","position":2,"name":"Welcome Olaf! Die besten Reaktionen zum neuen Bundeskanzler"}]},{"@type":"WebSite","@id":"https:\/\/www.thebestsocial.media\/de\/#website","url":"https:\/\/www.thebestsocial.media\/de\/","name":"The Best Social Media DE","description":"","potentialAction":[{"@type":"SearchAction","target":{"@type":"EntryPoint","urlTemplate":"https:\/\/www.thebestsocial.media\/de\/?s={search_term_string}"},"query-input":{"@type":"PropertyValueSpecification","valueRequired":true,"valueName":"search_term_string"}}],"inLanguage":"de"},{"@type":"Person","@id":"https:\/\/www.thebestsocial.media\/de\/#\/schema\/person\/f6571568c8f173869acb99d089b1223b","name":"Adrian Krug","image":{"@type":"ImageObject","inLanguage":"de","@id":"https:\/\/secure.gravatar.com\/avatar\/c03aa48839ac1555ec73dfc0827342b090445264901990679cd3f8c6ef4ac2d7?s=96&d=mm&r=g","url":"https:\/\/secure.gravatar.com\/avatar\/c03aa48839ac1555ec73dfc0827342b090445264901990679cd3f8c6ef4ac2d7?s=96&d=mm&r=g","contentUrl":"https:\/\/secure.gravatar.com\/avatar\/c03aa48839ac1555ec73dfc0827342b090445264901990679cd3f8c6ef4ac2d7?s=96&d=mm&r=g","caption":"Adrian Krug"},"description":"Ich bin Endeditor f\u00fcr TBSM DE und Creative Lead f\u00fcr Projekte auf Agenturseite.","sameAs":["https:\/\/www.facebook.com\/adrian.krug.5","https:\/\/www.linkedin.com\/in\/adrian-krug-27536221a\/","https:\/\/x.com\/https:\/\/twitter.com\/Hasscompilation"],"url":"https:\/\/www.thebestsocial.media\/de\/author\/adriankrug\/"}]}},"amp_enabled":true,"_links":{"self":[{"href":"https:\/\/www.thebestsocial.media\/de\/wp-json\/wp\/v2\/posts\/153918","targetHints":{"allow":["GET"]}}],"collection":[{"href":"https:\/\/www.thebestsocial.media\/de\/wp-json\/wp\/v2\/posts"}],"about":[{"href":"https:\/\/www.thebestsocial.media\/de\/wp-json\/wp\/v2\/types\/post"}],"author":[{"embeddable":true,"href":"https:\/\/www.thebestsocial.media\/de\/wp-json\/wp\/v2\/users\/77"}],"replies":[{"embeddable":true,"href":"https:\/\/www.thebestsocial.media\/de\/wp-json\/wp\/v2\/comments?post=153918"}],"version-history":[{"count":4,"href":"https:\/\/www.thebestsocial.media\/de\/wp-json\/wp\/v2\/posts\/153918\/revisions"}],"predecessor-version":[{"id":153934,"href":"https:\/\/www.thebestsocial.media\/de\/wp-json\/wp\/v2\/posts\/153918\/revisions\/153934"}],"wp:featuredmedia":[{"embeddable":true,"href":"https:\/\/www.thebestsocial.media\/de\/wp-json\/wp\/v2\/media\/153931"}],"wp:attachment":[{"href":"https:\/\/www.thebestsocial.media\/de\/wp-json\/wp\/v2\/media?parent=153918"}],"wp:term":[{"taxonomy":"category","embeddable":true,"href":"https:\/\/www.thebestsocial.media\/de\/wp-json\/wp\/v2\/categories?post=153918"},{"taxonomy":"post_tag","embeddable":true,"href":"https:\/\/www.thebestsocial.media\/de\/wp-json\/wp\/v2\/tags?post=153918"}],"curies":[{"name":"wp","href":"https:\/\/api.w.org\/{rel}","templated":true}]}}