{"id":153571,"date":"2021-12-01T10:32:27","date_gmt":"2021-12-01T10:32:27","guid":{"rendered":"https:\/\/www.thebestsocial.media\/de\/?p=153571"},"modified":"2021-12-01T11:37:03","modified_gmt":"2021-12-01T11:37:03","slug":"skiurlaub-und-warum-es-vielleicht-gar-nicht-so-schlimm-ist-dass-er-dieses-jahr-ausfaellt","status":"publish","type":"post","link":"https:\/\/www.thebestsocial.media\/de\/skiurlaub-und-warum-es-vielleicht-gar-nicht-so-schlimm-ist-dass-er-dieses-jahr-ausfaellt\/","title":{"rendered":"Skiurlaub und warum es vielleicht gar nicht so schlimm ist, dass er dieses Jahr ausf\u00e4llt"},"content":{"rendered":"<p>F\u00fcr viele Menschen bedeuten Winterferien: Skifahren! Aber dieses Jahr sieht es mit den Urlaubspl\u00e4nen leider gar nicht gut aus. Schaut man sich diese Posts an, erkennt man vielleicht, dass Skiurlaube gar nicht so toll sind, wie wir glauben. M\u00f6glicherweise macht es den Verlust ja etwas leichter?<\/p>\n<p style=\"text-align: center;\"><strong>Warum f\u00e4llt der Urlaub denn eigentlich aus?<\/strong><\/p>\n<div class=\"dbsm-oembed\">\n<blockquote class=\"twitter-tweet\" data-width=\"500\" data-dnt=\"true\">\n<p lang=\"de\" dir=\"ltr\">Ich will nicht sagen, dass du d\u00fcmmer bist als meine Zimmerpflanze, aber meine Zimmerpflanze geht w\u00e4hrend einer Pandemie bspw. nicht Skifahren.<\/p>\n<p>&mdash; paypal.me\/boxenlude (@BoxenIude) <a href=\"https:\/\/twitter.com\/BoxenIude\/status\/1343972739066060805?ref_src=twsrc%5Etfw\">December 29, 2020<\/a><\/p><\/blockquote>\n<p><script async src=\"https:\/\/platform.twitter.com\/widgets.js\" charset=\"utf-8\"><\/script><\/div>\n<p>https:\/\/twitter.com\/raulde\/status\/1345465186761764864?s=20<\/p>\n<p>https:\/\/twitter.com\/sjungnikl\/status\/1352955239230537728?s=20<\/p>\n<p style=\"text-align: center;\"><strong>Von wegen Urlaub- Skifahren ist ziemlich\u00a0<\/strong><b>gef\u00e4hrlich!<\/b><\/p>\n<div class=\"dbsm-oembed\">\n<blockquote class=\"twitter-tweet\" data-width=\"500\" data-dnt=\"true\">\n<p lang=\"de\" dir=\"ltr\">Was ist Ihnen wichtig im Skiurlaub?<br \/>[    ]    Pulverschnee<br \/>[    ]    Apr\u00e9s-Ski<br \/>[\u2714\ufe0f]  Unfallklinik mit WLAN<\/p>\n<p>&mdash; 7_gscheid (@7_gscheid) <a href=\"https:\/\/twitter.com\/7_gscheid\/status\/551086240163180544?ref_src=twsrc%5Etfw\">January 2, 2015<\/a><\/p><\/blockquote>\n<p><script async src=\"https:\/\/platform.twitter.com\/widgets.js\" charset=\"utf-8\"><\/script><\/div>\n<div class=\"dbsm-oembed\">\n<blockquote class=\"twitter-tweet\" data-width=\"500\" data-dnt=\"true\">\n<p lang=\"de\" dir=\"ltr\">Dieser Moment wenn du Sonnenbrand im Ski Urlaub bekommst \ud83d\ude02\ud83c\udfc3\u200d\u2642\ufe0f<\/p>\n<p>&mdash; GamerBrother (@GamerBr0ski) <a href=\"https:\/\/twitter.com\/GamerBr0ski\/status\/1108453586650963969?ref_src=twsrc%5Etfw\">March 20, 2019<\/a><\/p><\/blockquote>\n<p><script async src=\"https:\/\/platform.twitter.com\/widgets.js\" charset=\"utf-8\"><\/script><\/div>\n<div class=\"dbsm-oembed\">\n<blockquote class=\"twitter-tweet\" data-width=\"500\" data-dnt=\"true\">\n<p lang=\"de\" dir=\"ltr\">\u201eWie lange geht Euer Skiurlaub?<br \/>\u201eBis einer \u00fcbern Haufen gefahren wird.\u201c<\/p>\n<p>*mit aus- und wieder eingekugelter Schulter gesendet \/o<\/p>\n<p>&mdash; 7_gscheid (@7_gscheid) <a href=\"https:\/\/twitter.com\/7_gscheid\/status\/1082699125248966663?ref_src=twsrc%5Etfw\">January 8, 2019<\/a><\/p><\/blockquote>\n<p><script async src=\"https:\/\/platform.twitter.com\/widgets.js\" charset=\"utf-8\"><\/script><\/div>\n<p style=\"text-align: center;\"><strong>Keine Sorge! Skiurlaub kann man auch zu Hause erleben!<\/strong><\/p>\n<div class=\"dbsm-oembed\">\n<blockquote class=\"twitter-tweet\" data-width=\"500\" data-dnt=\"true\">\n<p lang=\"de\" dir=\"ltr\">Wer sich keinen Skiurlaub leisten kann, sollte einfach den Kopf f\u00fcnf Minuten in den K\u00fchlschrank stecken, rutschende Socken anziehen und sich mit zwei Salatgurken in der Hand eine Treppe hinunterst\u00fcrzen.<\/p>\n<p>&mdash; Grantscherm (@Grantscheam) <a href=\"https:\/\/twitter.com\/Grantscheam\/status\/960883340634132480?ref_src=twsrc%5Etfw\">February 6, 2018<\/a><\/p><\/blockquote>\n<p><script async src=\"https:\/\/platform.twitter.com\/widgets.js\" charset=\"utf-8\"><\/script><\/div>\n<p style=\"text-align: center;\"><strong>Wer mit Kindern in den Skiurlaub f\u00e4hrt&#8230;<\/strong><\/p>\n<p>https:\/\/twitter.com\/JakobKreu3fe1d\/status\/1210157318333247488?s=20<\/p>\n<p style=\"text-align: center;\"><strong>&#8230;oder diese irgendwann alleine fahren.<\/strong><\/p>\n<div class=\"dbsm-oembed\">\n<blockquote class=\"twitter-tweet\" data-width=\"500\" data-dnt=\"true\">\n<p lang=\"de\" dir=\"ltr\">Die Kinder sind Skifahren.<br \/>Mit meinem Auto.<br \/>Ich durfte nicht mit.<br \/>Aber ich durfte das Auto volltanken.<br \/>Dabei sein ist alles. Irgendwie.<\/p>\n<p>&mdash; Tam Honks (@tamhonks) <a href=\"https:\/\/twitter.com\/tamhonks\/status\/584962174067597313?ref_src=twsrc%5Etfw\">April 6, 2015<\/a><\/p><\/blockquote>\n<p><script async src=\"https:\/\/platform.twitter.com\/widgets.js\" charset=\"utf-8\"><\/script><\/div>\n<p style=\"text-align: center;\"><strong>Und was man da immer alles einpacken muss&#8230;<\/strong><\/p>\n<div class=\"dbsm-oembed\">\n<blockquote class=\"twitter-tweet\" data-width=\"500\" data-dnt=\"true\">\n<p lang=\"de\" dir=\"ltr\">&quot;Ihr zieht aus?!?&quot;<br \/>&quot;Nein, nur Skiurlaub.&quot;<\/p>\n<p>&mdash; 7_gscheid (@7_gscheid) <a href=\"https:\/\/twitter.com\/7_gscheid\/status\/952099884823433216?ref_src=twsrc%5Etfw\">January 13, 2018<\/a><\/p><\/blockquote>\n<p><script async src=\"https:\/\/platform.twitter.com\/widgets.js\" charset=\"utf-8\"><\/script><\/div>\n<p style=\"text-align: center;\"><strong>Ach ja- diese lustigen Wortspiele.<\/strong><\/p>\n<div class=\"dbsm-oembed\">\n<blockquote class=\"twitter-tweet\" data-width=\"500\" data-dnt=\"true\">\n<p lang=\"de\" dir=\"ltr\">Sie: &quot;Er denkt sicher gerade an andere Frauen.&quot;<\/p>\n<p>Er (denkt): &quot;Wenn ein Mathe-Lehrer zum Skifahren geht, rechnet er dann eigentlich mit Br\u00fcchen?&quot;<\/p>\n<p>&mdash; Das Netzteil (@Grolmori) <a href=\"https:\/\/twitter.com\/Grolmori\/status\/1089835301483237381?ref_src=twsrc%5Etfw\">January 28, 2019<\/a><\/p><\/blockquote>\n<p><script async src=\"https:\/\/platform.twitter.com\/widgets.js\" charset=\"utf-8\"><\/script><\/div>\n<div class=\"dbsm-oembed\">\n<blockquote class=\"twitter-tweet\" data-width=\"500\" data-dnt=\"true\">\n<p lang=\"de\" dir=\"ltr\">&quot;Wo waren Sie zum Skifahren?&quot;<br \/>&quot;Ischgl.&quot;<br \/>&quot;Gesundheit. Und? Wo waren Sie?&quot;<\/p>\n<p>&mdash; Tam Honks (@tamhonks) <a href=\"https:\/\/twitter.com\/tamhonks\/status\/573059286873583616?ref_src=twsrc%5Etfw\">March 4, 2015<\/a><\/p><\/blockquote>\n<p><script async src=\"https:\/\/platform.twitter.com\/widgets.js\" charset=\"utf-8\"><\/script><\/div>\n<p style=\"text-align: center;\"><strong>Und f\u00fcrs n\u00e4chste Mal\u00a0Skifahren noch ein toller Trick:<\/strong><\/p>\n<div class=\"dbsm-oembed\">\n<blockquote class=\"twitter-tweet\" data-width=\"500\" data-dnt=\"true\">\n<p lang=\"de\" dir=\"ltr\">Wenn ich jetzt bald wieder Skifahren gehe, stecke ich mir immer ein paar W\u00fcrste ein.<\/p>\n<p>Dann finden mich die Lawinenhunde als ersten.<\/p>\n<p>&mdash; Grantscherm (@Grantscheam) <a href=\"https:\/\/twitter.com\/Grantscheam\/status\/911871263789998081?ref_src=twsrc%5Etfw\">September 24, 2017<\/a><\/p><\/blockquote>\n<p><script async src=\"https:\/\/platform.twitter.com\/widgets.js\" charset=\"utf-8\"><\/script><\/div>\n<p style=\"text-align: center;\">\u2014<br \/>\nVielen Dank an alle f\u00fcr die Posts.<br \/>\n\u2014<br \/>\n<strong>Keine Influencer! Kein Foodporn! Nur ganz viel Spa\u00df \u2013 bei uns auf Instagram:<\/strong><\/p>\n<blockquote class=\"instagram-media\" style=\"background: #FFF; border: 0; border-radius: 3px; box-shadow: 0 0 1px 0 rgba(0,0,0,0.5),0 1px 10px 0 rgba(0,0,0,0.15); margin: 1px; max-width: 540px; min-width: 326px; padding: 0; width: calc(100% - 2px);\" data-instgrm-captioned=\"\" data-instgrm-permalink=\"https:\/\/www.instagram.com\/p\/CW71yGrMuFZ\/?utm_source=ig_embed&amp;utm_campaign=loading\" data-instgrm-version=\"14\">\n<div style=\"padding: 16px;\">\n<p>&nbsp;<\/p>\n<div style=\"display: flex; flex-direction: row; align-items: center;\">\n<div style=\"background-color: #f4f4f4; border-radius: 50%; flex-grow: 0; height: 40px; margin-right: 14px; width: 40px;\"><\/div>\n<div style=\"display: flex; flex-direction: column; flex-grow: 1; justify-content: center;\">\n<div style=\"background-color: #f4f4f4; border-radius: 4px; flex-grow: 0; height: 14px; margin-bottom: 6px; width: 100px;\"><\/div>\n<div style=\"background-color: #f4f4f4; border-radius: 4px; flex-grow: 0; height: 14px; width: 60px;\"><\/div>\n<\/div>\n<\/div>\n<div style=\"padding: 19% 0;\"><\/div>\n<div style=\"display: block; height: 50px; margin: 0 auto 12px; width: 50px;\"><\/div>\n<div style=\"padding-top: 8px;\">\n<div style=\"color: #3897f0; font-family: Arial,sans-serif; font-size: 14px; font-style: normal; font-weight: 550; line-height: 18px;\">Sieh dir diesen Beitrag auf Instagram an<\/div>\n<\/div>\n<div style=\"padding: 12.5% 0;\"><\/div>\n<div style=\"display: flex; flex-direction: row; margin-bottom: 14px; align-items: center;\">\n<div>\n<div style=\"background-color: #f4f4f4; border-radius: 50%; height: 12.5px; width: 12.5px; transform: translateX(0px) translateY(7px);\"><\/div>\n<div style=\"background-color: #f4f4f4; height: 12.5px; transform: rotate(-45deg) translateX(3px) translateY(1px); width: 12.5px; flex-grow: 0; margin-right: 14px; margin-left: 2px;\"><\/div>\n<div style=\"background-color: #f4f4f4; border-radius: 50%; height: 12.5px; width: 12.5px; transform: translateX(9px) translateY(-18px);\"><\/div>\n<\/div>\n<div style=\"margin-left: 8px;\">\n<div style=\"background-color: #f4f4f4; border-radius: 50%; flex-grow: 0; height: 20px; width: 20px;\"><\/div>\n<div style=\"width: 0; height: 0; border-top: 2px solid transparent; border-left: 6px solid #f4f4f4; border-bottom: 2px solid transparent; transform: translateX(16px) translateY(-4px) rotate(30deg);\"><\/div>\n<\/div>\n<div style=\"margin-left: auto;\">\n<div style=\"width: 0px; border-top: 8px solid #F4F4F4; border-right: 8px solid transparent; transform: translateY(16px);\"><\/div>\n<div style=\"background-color: #f4f4f4; flex-grow: 0; height: 12px; width: 16px; transform: translateY(-4px);\"><\/div>\n<div style=\"width: 0; height: 0; border-top: 8px solid #F4F4F4; border-left: 8px solid transparent; transform: translateY(-4px) translateX(8px);\"><\/div>\n<\/div>\n<\/div>\n<div style=\"display: flex; flex-direction: column; flex-grow: 1; justify-content: center; margin-bottom: 24px;\">\n<div style=\"background-color: #f4f4f4; border-radius: 4px; flex-grow: 0; height: 14px; margin-bottom: 6px; width: 224px;\"><\/div>\n<div style=\"background-color: #f4f4f4; border-radius: 4px; flex-grow: 0; height: 14px; width: 144px;\"><\/div>\n<\/div>\n<p>&nbsp;<\/p>\n<p style=\"color: #c9c8cd; font-family: Arial,sans-serif; font-size: 14px; line-height: 17px; margin-bottom: 0; margin-top: 8px; overflow: hidden; padding: 8px 0 7px; text-align: center; text-overflow: ellipsis; white-space: nowrap;\"><a style=\"color: #c9c8cd; font-family: Arial,sans-serif; font-size: 14px; font-style: normal; font-weight: normal; line-height: 17px; text-decoration: none;\" href=\"https:\/\/www.instagram.com\/p\/CW71yGrMuFZ\/?utm_source=ig_embed&amp;utm_campaign=loading\" target=\"_blank\" rel=\"noopener\">Ein Beitrag geteilt von The Best Social Media &#8211; DE (@thebestsocialmediade)<\/a><\/p>\n<\/div>\n<\/blockquote>\n\n<script async defer src=\"\/instagram-embed.js\"><\/script>","protected":false},"excerpt":{"rendered":"<p>F\u00fcr viele Menschen bedeuten Winterferien: Skifahren! Aber dieses Jahr sieht es mit den Urlaubspl\u00e4nen leider gar nicht gut aus. Schaut man sich diese Posts an,&#8230;<\/p>\n","protected":false},"author":88,"featured_media":153576,"comment_status":"open","ping_status":"open","sticky":false,"template":"","format":"standard","meta":{"_acf_changed":false,"footnotes":""},"categories":[1728,35],"tags":[3800,3414,1338],"class_list":["post-153571","post","type-post","status-publish","format-standard","has-post-thumbnail","hentry","category-humor","category-twitter","tag-corona","tag-skifahren","tag-winter"],"acf":[],"yoast_head":"<!-- This site is optimized with the Yoast SEO plugin v27.5 - https:\/\/yoast.com\/product\/yoast-seo-wordpress\/ -->\n<title>Skiurlaub&amp; warum es gar nicht so schlimm ist, dass er dieses Jahr ausf\u00e4llt<\/title>\n<meta name=\"robots\" content=\"index, follow, max-snippet:-1, max-image-preview:large, max-video-preview:-1\" \/>\n<link rel=\"canonical\" href=\"https:\/\/www.thebestsocial.media\/de\/skiurlaub-und-warum-es-vielleicht-gar-nicht-so-schlimm-ist-dass-er-dieses-jahr-ausfaellt\/\" \/>\n<meta property=\"og:locale\" content=\"de_DE\" \/>\n<meta property=\"og:type\" content=\"article\" \/>\n<meta property=\"og:title\" content=\"Skiurlaub und warum es vielleicht gar nicht so schlimm ist, dass er dieses Jahr ausf\u00e4llt\" \/>\n<meta property=\"og:description\" content=\"F\u00fcr viele Menschen bedeuten Winterferien: Skifahren! Aber dieses Jahr sieht es mit den Urlaubspl\u00e4nen leider gar nicht gut aus. Schaut man sich diese Posts an,...\" \/>\n<meta property=\"og:url\" content=\"https:\/\/www.thebestsocial.media\/de\/skiurlaub-und-warum-es-vielleicht-gar-nicht-so-schlimm-ist-dass-er-dieses-jahr-ausfaellt\/\" \/>\n<meta property=\"og:site_name\" content=\"The Best Social Media DE\" \/>\n<meta property=\"article:published_time\" content=\"2021-12-01T10:32:27+00:00\" \/>\n<meta property=\"article:modified_time\" content=\"2021-12-01T11:37:03+00:00\" \/>\n<meta property=\"og:image\" content=\"https:\/\/www.thebestsocial.media\/de\/wp-content\/uploads\/sites\/3\/2021\/12\/header-skifahren.png\" \/>\n\t<meta property=\"og:image:width\" content=\"1200\" \/>\n\t<meta property=\"og:image:height\" content=\"630\" \/>\n\t<meta property=\"og:image:type\" content=\"image\/png\" \/>\n<meta name=\"author\" content=\"Johanna Burghagen\" \/>\n<meta name=\"twitter:card\" content=\"summary_large_image\" \/>\n<meta name=\"twitter:label1\" content=\"Verfasst von\" \/>\n\t<meta name=\"twitter:data1\" content=\"Johanna Burghagen\" \/>\n\t<meta name=\"twitter:label2\" content=\"Gesch\u00e4tzte Lesezeit\" \/>\n\t<meta name=\"twitter:data2\" content=\"1\u00a0Minute\" \/>\n<script type=\"application\/ld+json\" class=\"yoast-schema-graph\">{\"@context\":\"https:\\\/\\\/schema.org\",\"@graph\":[{\"@type\":\"Article\",\"@id\":\"https:\\\/\\\/www.thebestsocial.media\\\/de\\\/skiurlaub-und-warum-es-vielleicht-gar-nicht-so-schlimm-ist-dass-er-dieses-jahr-ausfaellt\\\/#article\",\"isPartOf\":{\"@id\":\"https:\\\/\\\/www.thebestsocial.media\\\/de\\\/skiurlaub-und-warum-es-vielleicht-gar-nicht-so-schlimm-ist-dass-er-dieses-jahr-ausfaellt\\\/\"},\"author\":{\"name\":\"Johanna Burghagen\",\"@id\":\"https:\\\/\\\/www.thebestsocial.media\\\/de\\\/#\\\/schema\\\/person\\\/5f13d9837bcff33cc8d453e30fa88553\"},\"headline\":\"Skiurlaub und warum es vielleicht gar nicht so schlimm ist, dass er dieses Jahr ausf\u00e4llt\",\"datePublished\":\"2021-12-01T10:32:27+00:00\",\"dateModified\":\"2021-12-01T11:37:03+00:00\",\"mainEntityOfPage\":{\"@id\":\"https:\\\/\\\/www.thebestsocial.media\\\/de\\\/skiurlaub-und-warum-es-vielleicht-gar-nicht-so-schlimm-ist-dass-er-dieses-jahr-ausfaellt\\\/\"},\"wordCount\":248,\"commentCount\":0,\"image\":{\"@id\":\"https:\\\/\\\/www.thebestsocial.media\\\/de\\\/skiurlaub-und-warum-es-vielleicht-gar-nicht-so-schlimm-ist-dass-er-dieses-jahr-ausfaellt\\\/#primaryimage\"},\"thumbnailUrl\":\"https:\\\/\\\/www.thebestsocial.media\\\/de\\\/wp-content\\\/uploads\\\/sites\\\/3\\\/2021\\\/12\\\/winter-gb84a5caa7_1920.jpg\",\"keywords\":[\"Corona\",\"Skifahren\",\"winter\"],\"articleSection\":[\"Humor\",\"Twitter\"],\"inLanguage\":\"de\",\"potentialAction\":[{\"@type\":\"CommentAction\",\"name\":\"Comment\",\"target\":[\"https:\\\/\\\/www.thebestsocial.media\\\/de\\\/skiurlaub-und-warum-es-vielleicht-gar-nicht-so-schlimm-ist-dass-er-dieses-jahr-ausfaellt\\\/#respond\"]}]},{\"@type\":\"WebPage\",\"@id\":\"https:\\\/\\\/www.thebestsocial.media\\\/de\\\/skiurlaub-und-warum-es-vielleicht-gar-nicht-so-schlimm-ist-dass-er-dieses-jahr-ausfaellt\\\/\",\"url\":\"https:\\\/\\\/www.thebestsocial.media\\\/de\\\/skiurlaub-und-warum-es-vielleicht-gar-nicht-so-schlimm-ist-dass-er-dieses-jahr-ausfaellt\\\/\",\"name\":\"Skiurlaub& warum es gar nicht so schlimm ist, dass er dieses Jahr ausf\u00e4llt\",\"isPartOf\":{\"@id\":\"https:\\\/\\\/www.thebestsocial.media\\\/de\\\/#website\"},\"primaryImageOfPage\":{\"@id\":\"https:\\\/\\\/www.thebestsocial.media\\\/de\\\/skiurlaub-und-warum-es-vielleicht-gar-nicht-so-schlimm-ist-dass-er-dieses-jahr-ausfaellt\\\/#primaryimage\"},\"image\":{\"@id\":\"https:\\\/\\\/www.thebestsocial.media\\\/de\\\/skiurlaub-und-warum-es-vielleicht-gar-nicht-so-schlimm-ist-dass-er-dieses-jahr-ausfaellt\\\/#primaryimage\"},\"thumbnailUrl\":\"https:\\\/\\\/www.thebestsocial.media\\\/de\\\/wp-content\\\/uploads\\\/sites\\\/3\\\/2021\\\/12\\\/winter-gb84a5caa7_1920.jpg\",\"datePublished\":\"2021-12-01T10:32:27+00:00\",\"dateModified\":\"2021-12-01T11:37:03+00:00\",\"author\":{\"@id\":\"https:\\\/\\\/www.thebestsocial.media\\\/de\\\/#\\\/schema\\\/person\\\/5f13d9837bcff33cc8d453e30fa88553\"},\"breadcrumb\":{\"@id\":\"https:\\\/\\\/www.thebestsocial.media\\\/de\\\/skiurlaub-und-warum-es-vielleicht-gar-nicht-so-schlimm-ist-dass-er-dieses-jahr-ausfaellt\\\/#breadcrumb\"},\"inLanguage\":\"de\",\"potentialAction\":[{\"@type\":\"ReadAction\",\"target\":[\"https:\\\/\\\/www.thebestsocial.media\\\/de\\\/skiurlaub-und-warum-es-vielleicht-gar-nicht-so-schlimm-ist-dass-er-dieses-jahr-ausfaellt\\\/\"]}]},{\"@type\":\"ImageObject\",\"inLanguage\":\"de\",\"@id\":\"https:\\\/\\\/www.thebestsocial.media\\\/de\\\/skiurlaub-und-warum-es-vielleicht-gar-nicht-so-schlimm-ist-dass-er-dieses-jahr-ausfaellt\\\/#primaryimage\",\"url\":\"https:\\\/\\\/www.thebestsocial.media\\\/de\\\/wp-content\\\/uploads\\\/sites\\\/3\\\/2021\\\/12\\\/winter-gb84a5caa7_1920.jpg\",\"contentUrl\":\"https:\\\/\\\/www.thebestsocial.media\\\/de\\\/wp-content\\\/uploads\\\/sites\\\/3\\\/2021\\\/12\\\/winter-gb84a5caa7_1920.jpg\",\"width\":1920,\"height\":1280},{\"@type\":\"BreadcrumbList\",\"@id\":\"https:\\\/\\\/www.thebestsocial.media\\\/de\\\/skiurlaub-und-warum-es-vielleicht-gar-nicht-so-schlimm-ist-dass-er-dieses-jahr-ausfaellt\\\/#breadcrumb\",\"itemListElement\":[{\"@type\":\"ListItem\",\"position\":1,\"name\":\"Home\",\"item\":\"https:\\\/\\\/www.thebestsocial.media\\\/de\\\/\"},{\"@type\":\"ListItem\",\"position\":2,\"name\":\"Skiurlaub und warum es vielleicht gar nicht so schlimm ist, dass er dieses Jahr ausf\u00e4llt\"}]},{\"@type\":\"WebSite\",\"@id\":\"https:\\\/\\\/www.thebestsocial.media\\\/de\\\/#website\",\"url\":\"https:\\\/\\\/www.thebestsocial.media\\\/de\\\/\",\"name\":\"The Best Social Media DE\",\"description\":\"\",\"potentialAction\":[{\"@type\":\"SearchAction\",\"target\":{\"@type\":\"EntryPoint\",\"urlTemplate\":\"https:\\\/\\\/www.thebestsocial.media\\\/de\\\/?s={search_term_string}\"},\"query-input\":{\"@type\":\"PropertyValueSpecification\",\"valueRequired\":true,\"valueName\":\"search_term_string\"}}],\"inLanguage\":\"de\"},{\"@type\":\"Person\",\"@id\":\"https:\\\/\\\/www.thebestsocial.media\\\/de\\\/#\\\/schema\\\/person\\\/5f13d9837bcff33cc8d453e30fa88553\",\"name\":\"Johanna Burghagen\",\"image\":{\"@type\":\"ImageObject\",\"inLanguage\":\"de\",\"@id\":\"https:\\\/\\\/secure.gravatar.com\\\/avatar\\\/8dfe01b309e4d382459737f38d2b4a93e798f4a0954f87f9c620bc34440b8c7e?s=96&d=mm&r=g\",\"url\":\"https:\\\/\\\/secure.gravatar.com\\\/avatar\\\/8dfe01b309e4d382459737f38d2b4a93e798f4a0954f87f9c620bc34440b8c7e?s=96&d=mm&r=g\",\"contentUrl\":\"https:\\\/\\\/secure.gravatar.com\\\/avatar\\\/8dfe01b309e4d382459737f38d2b4a93e798f4a0954f87f9c620bc34440b8c7e?s=96&d=mm&r=g\",\"caption\":\"Johanna Burghagen\"},\"url\":\"https:\\\/\\\/www.thebestsocial.media\\\/de\\\/author\\\/johannaburghagen\\\/\"}]}<\/script>\n<!-- \/ Yoast SEO plugin. -->","yoast_head_json":{"title":"Skiurlaub& warum es gar nicht so schlimm ist, dass er dieses Jahr ausf\u00e4llt","robots":{"index":"index","follow":"follow","max-snippet":"max-snippet:-1","max-image-preview":"max-image-preview:large","max-video-preview":"max-video-preview:-1"},"canonical":"https:\/\/www.thebestsocial.media\/de\/skiurlaub-und-warum-es-vielleicht-gar-nicht-so-schlimm-ist-dass-er-dieses-jahr-ausfaellt\/","og_locale":"de_DE","og_type":"article","og_title":"Skiurlaub und warum es vielleicht gar nicht so schlimm ist, dass er dieses Jahr ausf\u00e4llt","og_description":"F\u00fcr viele Menschen bedeuten Winterferien: Skifahren! Aber dieses Jahr sieht es mit den Urlaubspl\u00e4nen leider gar nicht gut aus. Schaut man sich diese Posts an,...","og_url":"https:\/\/www.thebestsocial.media\/de\/skiurlaub-und-warum-es-vielleicht-gar-nicht-so-schlimm-ist-dass-er-dieses-jahr-ausfaellt\/","og_site_name":"The Best Social Media DE","article_published_time":"2021-12-01T10:32:27+00:00","article_modified_time":"2021-12-01T11:37:03+00:00","og_image":[{"width":1200,"height":630,"url":"https:\/\/www.thebestsocial.media\/de\/wp-content\/uploads\/sites\/3\/2021\/12\/header-skifahren.png","type":"image\/png"}],"author":"Johanna Burghagen","twitter_card":"summary_large_image","twitter_misc":{"Verfasst von":"Johanna Burghagen","Gesch\u00e4tzte Lesezeit":"1\u00a0Minute"},"schema":{"@context":"https:\/\/schema.org","@graph":[{"@type":"Article","@id":"https:\/\/www.thebestsocial.media\/de\/skiurlaub-und-warum-es-vielleicht-gar-nicht-so-schlimm-ist-dass-er-dieses-jahr-ausfaellt\/#article","isPartOf":{"@id":"https:\/\/www.thebestsocial.media\/de\/skiurlaub-und-warum-es-vielleicht-gar-nicht-so-schlimm-ist-dass-er-dieses-jahr-ausfaellt\/"},"author":{"name":"Johanna Burghagen","@id":"https:\/\/www.thebestsocial.media\/de\/#\/schema\/person\/5f13d9837bcff33cc8d453e30fa88553"},"headline":"Skiurlaub und warum es vielleicht gar nicht so schlimm ist, dass er dieses Jahr ausf\u00e4llt","datePublished":"2021-12-01T10:32:27+00:00","dateModified":"2021-12-01T11:37:03+00:00","mainEntityOfPage":{"@id":"https:\/\/www.thebestsocial.media\/de\/skiurlaub-und-warum-es-vielleicht-gar-nicht-so-schlimm-ist-dass-er-dieses-jahr-ausfaellt\/"},"wordCount":248,"commentCount":0,"image":{"@id":"https:\/\/www.thebestsocial.media\/de\/skiurlaub-und-warum-es-vielleicht-gar-nicht-so-schlimm-ist-dass-er-dieses-jahr-ausfaellt\/#primaryimage"},"thumbnailUrl":"https:\/\/www.thebestsocial.media\/de\/wp-content\/uploads\/sites\/3\/2021\/12\/winter-gb84a5caa7_1920.jpg","keywords":["Corona","Skifahren","winter"],"articleSection":["Humor","Twitter"],"inLanguage":"de","potentialAction":[{"@type":"CommentAction","name":"Comment","target":["https:\/\/www.thebestsocial.media\/de\/skiurlaub-und-warum-es-vielleicht-gar-nicht-so-schlimm-ist-dass-er-dieses-jahr-ausfaellt\/#respond"]}]},{"@type":"WebPage","@id":"https:\/\/www.thebestsocial.media\/de\/skiurlaub-und-warum-es-vielleicht-gar-nicht-so-schlimm-ist-dass-er-dieses-jahr-ausfaellt\/","url":"https:\/\/www.thebestsocial.media\/de\/skiurlaub-und-warum-es-vielleicht-gar-nicht-so-schlimm-ist-dass-er-dieses-jahr-ausfaellt\/","name":"Skiurlaub& warum es gar nicht so schlimm ist, dass er dieses Jahr ausf\u00e4llt","isPartOf":{"@id":"https:\/\/www.thebestsocial.media\/de\/#website"},"primaryImageOfPage":{"@id":"https:\/\/www.thebestsocial.media\/de\/skiurlaub-und-warum-es-vielleicht-gar-nicht-so-schlimm-ist-dass-er-dieses-jahr-ausfaellt\/#primaryimage"},"image":{"@id":"https:\/\/www.thebestsocial.media\/de\/skiurlaub-und-warum-es-vielleicht-gar-nicht-so-schlimm-ist-dass-er-dieses-jahr-ausfaellt\/#primaryimage"},"thumbnailUrl":"https:\/\/www.thebestsocial.media\/de\/wp-content\/uploads\/sites\/3\/2021\/12\/winter-gb84a5caa7_1920.jpg","datePublished":"2021-12-01T10:32:27+00:00","dateModified":"2021-12-01T11:37:03+00:00","author":{"@id":"https:\/\/www.thebestsocial.media\/de\/#\/schema\/person\/5f13d9837bcff33cc8d453e30fa88553"},"breadcrumb":{"@id":"https:\/\/www.thebestsocial.media\/de\/skiurlaub-und-warum-es-vielleicht-gar-nicht-so-schlimm-ist-dass-er-dieses-jahr-ausfaellt\/#breadcrumb"},"inLanguage":"de","potentialAction":[{"@type":"ReadAction","target":["https:\/\/www.thebestsocial.media\/de\/skiurlaub-und-warum-es-vielleicht-gar-nicht-so-schlimm-ist-dass-er-dieses-jahr-ausfaellt\/"]}]},{"@type":"ImageObject","inLanguage":"de","@id":"https:\/\/www.thebestsocial.media\/de\/skiurlaub-und-warum-es-vielleicht-gar-nicht-so-schlimm-ist-dass-er-dieses-jahr-ausfaellt\/#primaryimage","url":"https:\/\/www.thebestsocial.media\/de\/wp-content\/uploads\/sites\/3\/2021\/12\/winter-gb84a5caa7_1920.jpg","contentUrl":"https:\/\/www.thebestsocial.media\/de\/wp-content\/uploads\/sites\/3\/2021\/12\/winter-gb84a5caa7_1920.jpg","width":1920,"height":1280},{"@type":"BreadcrumbList","@id":"https:\/\/www.thebestsocial.media\/de\/skiurlaub-und-warum-es-vielleicht-gar-nicht-so-schlimm-ist-dass-er-dieses-jahr-ausfaellt\/#breadcrumb","itemListElement":[{"@type":"ListItem","position":1,"name":"Home","item":"https:\/\/www.thebestsocial.media\/de\/"},{"@type":"ListItem","position":2,"name":"Skiurlaub und warum es vielleicht gar nicht so schlimm ist, dass er dieses Jahr ausf\u00e4llt"}]},{"@type":"WebSite","@id":"https:\/\/www.thebestsocial.media\/de\/#website","url":"https:\/\/www.thebestsocial.media\/de\/","name":"The Best Social Media DE","description":"","potentialAction":[{"@type":"SearchAction","target":{"@type":"EntryPoint","urlTemplate":"https:\/\/www.thebestsocial.media\/de\/?s={search_term_string}"},"query-input":{"@type":"PropertyValueSpecification","valueRequired":true,"valueName":"search_term_string"}}],"inLanguage":"de"},{"@type":"Person","@id":"https:\/\/www.thebestsocial.media\/de\/#\/schema\/person\/5f13d9837bcff33cc8d453e30fa88553","name":"Johanna Burghagen","image":{"@type":"ImageObject","inLanguage":"de","@id":"https:\/\/secure.gravatar.com\/avatar\/8dfe01b309e4d382459737f38d2b4a93e798f4a0954f87f9c620bc34440b8c7e?s=96&d=mm&r=g","url":"https:\/\/secure.gravatar.com\/avatar\/8dfe01b309e4d382459737f38d2b4a93e798f4a0954f87f9c620bc34440b8c7e?s=96&d=mm&r=g","contentUrl":"https:\/\/secure.gravatar.com\/avatar\/8dfe01b309e4d382459737f38d2b4a93e798f4a0954f87f9c620bc34440b8c7e?s=96&d=mm&r=g","caption":"Johanna Burghagen"},"url":"https:\/\/www.thebestsocial.media\/de\/author\/johannaburghagen\/"}]}},"amp_enabled":true,"_links":{"self":[{"href":"https:\/\/www.thebestsocial.media\/de\/wp-json\/wp\/v2\/posts\/153571","targetHints":{"allow":["GET"]}}],"collection":[{"href":"https:\/\/www.thebestsocial.media\/de\/wp-json\/wp\/v2\/posts"}],"about":[{"href":"https:\/\/www.thebestsocial.media\/de\/wp-json\/wp\/v2\/types\/post"}],"author":[{"embeddable":true,"href":"https:\/\/www.thebestsocial.media\/de\/wp-json\/wp\/v2\/users\/88"}],"replies":[{"embeddable":true,"href":"https:\/\/www.thebestsocial.media\/de\/wp-json\/wp\/v2\/comments?post=153571"}],"version-history":[{"count":4,"href":"https:\/\/www.thebestsocial.media\/de\/wp-json\/wp\/v2\/posts\/153571\/revisions"}],"predecessor-version":[{"id":153575,"href":"https:\/\/www.thebestsocial.media\/de\/wp-json\/wp\/v2\/posts\/153571\/revisions\/153575"}],"wp:featuredmedia":[{"embeddable":true,"href":"https:\/\/www.thebestsocial.media\/de\/wp-json\/wp\/v2\/media\/153576"}],"wp:attachment":[{"href":"https:\/\/www.thebestsocial.media\/de\/wp-json\/wp\/v2\/media?parent=153571"}],"wp:term":[{"taxonomy":"category","embeddable":true,"href":"https:\/\/www.thebestsocial.media\/de\/wp-json\/wp\/v2\/categories?post=153571"},{"taxonomy":"post_tag","embeddable":true,"href":"https:\/\/www.thebestsocial.media\/de\/wp-json\/wp\/v2\/tags?post=153571"}],"curies":[{"name":"wp","href":"https:\/\/api.w.org\/{rel}","templated":true}]}}