{"id":152701,"date":"2021-11-17T12:37:41","date_gmt":"2021-11-17T12:37:41","guid":{"rendered":"https:\/\/www.thebestsocial.media\/de\/?p=152701"},"modified":"2021-11-17T14:21:59","modified_gmt":"2021-11-17T14:21:59","slug":"50km-h-zu-schnell-philipp-amthor-sammelt-privat-mehr-punkte-als-die-cdu","status":"publish","type":"post","link":"https:\/\/www.thebestsocial.media\/de\/50km-h-zu-schnell-philipp-amthor-sammelt-privat-mehr-punkte-als-die-cdu\/","title":{"rendered":"50km\/h zu schnell: Philipp Amthor sammelt privat mehr Punkte als die CDU"},"content":{"rendered":"<p>CDU- Bundestagsabgeordneter Philipp Amthor soll 450 Euro Strafe zahlen und zus\u00e4tzlich seinen F\u00fchrerschein abgeben- f\u00fcr einen Monat. Grund daf\u00fcr: er soll wohl etwas (50km\/h) zu schnell unterwegs gewesen sein. Das Tragische hier ist aber nicht die Situation an sich, sondern dass Amthor offenbar seinen Anwalt l\u00fcgen lassen hat&#8230; Das ganze Thema: gefundenes Fressen f\u00fcr Twitter!<\/p>\n<p style=\"text-align: center;\"><strong>Autsch- das hat gesessen.<\/strong><\/p>\n<div class=\"dbsm-oembed\">\n<blockquote class=\"twitter-tweet\" data-width=\"500\" data-dnt=\"true\">\n<p lang=\"de\" dir=\"ltr\">An der Meldung, dass <a href=\"https:\/\/twitter.com\/hashtag\/Amthor?src=hash&amp;ref_src=twsrc%5Etfw\">#Amthor<\/a> seinen F\u00fchrerschein abgeben muss, irritiert mich am meisten, dass er einen F\u00fchrerschein hat.<\/p>\n<p>&mdash; Ralle (@Tombolamusikant) <a href=\"https:\/\/twitter.com\/Tombolamusikant\/status\/1460694675019419651?ref_src=twsrc%5Etfw\">November 16, 2021<\/a><\/p><\/blockquote>\n<p><script async src=\"https:\/\/platform.twitter.com\/widgets.js\" charset=\"utf-8\"><\/script><\/div>\n<p style=\"text-align: center;\"><strong>Auf Twitter wird Amthor auf jeden Fall nicht mehr so richtig ernst genommen.<\/strong><\/p>\n<div class=\"dbsm-oembed\">\n<blockquote class=\"twitter-tweet\" data-width=\"500\" data-dnt=\"true\">\n<p lang=\"de\" dir=\"ltr\">Wieviel Schei\u00dfe und Regelverletzungen kann man eigentlich bauen, bis einem der Waffenschein abgenommen wird?<\/p>\n<p>Frage f\u00fcr einen Forensischen Psychologen<a href=\"https:\/\/twitter.com\/hashtag\/Amthor?src=hash&amp;ref_src=twsrc%5Etfw\">#Amthor<\/a> <a href=\"https:\/\/t.co\/NequNkR07B\">pic.twitter.com\/NequNkR07B<\/a><\/p>\n<p>&mdash; \ud83e\uddadRobbenklopperklopper-Manni\ud83c\udf3f (@bazookadiebombe) <a href=\"https:\/\/twitter.com\/bazookadiebombe\/status\/1460724808493195265?ref_src=twsrc%5Etfw\">November 16, 2021<\/a><\/p><\/blockquote>\n<p><script async src=\"https:\/\/platform.twitter.com\/widgets.js\" charset=\"utf-8\"><\/script><\/div>\n<p style=\"text-align: center;\"><strong>Vielleicht hat das ganze auch was Gutes- f\u00fcrs Klima?<\/strong><\/p>\n<div class=\"dbsm-oembed\">\n<blockquote class=\"twitter-tweet\" data-width=\"500\" data-dnt=\"true\">\n<p lang=\"de\" dir=\"ltr\">Amthor darf einen Monat nicht Auto fahren? So viel Klimaschutz hat die CDU in den letzten zehn Jahren nicht gemacht!<\/p>\n<p>&mdash; 451, Lasse (@rainerschund) <a href=\"https:\/\/twitter.com\/rainerschund\/status\/1460721645400772613?ref_src=twsrc%5Etfw\">November 16, 2021<\/a><\/p><\/blockquote>\n<p><script async src=\"https:\/\/platform.twitter.com\/widgets.js\" charset=\"utf-8\"><\/script><\/div>\n<p style=\"text-align: center;\"><strong>Und vielleicht hatte Amthor ja auch seine Gr\u00fcnde?\u00a0<\/strong><\/p>\n<p style=\"text-align: center;\"><strong>Part 1:<\/strong><\/p>\n<div class=\"dbsm-oembed\">\n<blockquote class=\"twitter-tweet\" data-width=\"500\" data-dnt=\"true\">\n<p lang=\"de\" dir=\"ltr\">Philipp Amthor muss seinen F\u00fchrerschein abgeben, weil er 50 km\/h zu schnell gefahren ist.<\/p>\n<p>Hast du wieder versucht, in die Vergangenheit zu springen, Philipp?<\/p>\n<p>Dein Fiat Punto ist kein DeLorean und du nicht Marty McFly.<\/p>\n<p>&mdash; Sebastian 23 (@mondschaf23) <a href=\"https:\/\/twitter.com\/mondschaf23\/status\/1460744552088801285?ref_src=twsrc%5Etfw\">November 16, 2021<\/a><\/p><\/blockquote>\n<p><script async src=\"https:\/\/platform.twitter.com\/widgets.js\" charset=\"utf-8\"><\/script><\/div>\n<p style=\"text-align: center;\"><strong>Part 2- jetzt wissen wir wenigstens wohin es ging&#8230;<\/strong><\/p>\n<p>https:\/\/twitter.com\/VanQuine\/status\/1459612493563715587?s=20<\/p>\n<p style=\"text-align: center;\"><strong>Es scheint f\u00fcr viele keine \u00dcberraschung<\/strong><\/p>\n<div class=\"dbsm-oembed\">\n<blockquote class=\"twitter-tweet\" data-width=\"500\" data-dnt=\"true\">\n<p lang=\"de\" dir=\"ltr\">Philipp Amthor hat seinen F\u00fchrerschein verloren, weil er mit 120 km\/h in einer 70er Zone unterwegs war. Warum wundert mich daran nichts?<\/p>\n<p>&mdash; Maurice Conrad (@Maurice_Conrad) <a href=\"https:\/\/twitter.com\/Maurice_Conrad\/status\/1460871896111669249?ref_src=twsrc%5Etfw\">November 17, 2021<\/a><\/p><\/blockquote>\n<p><script async src=\"https:\/\/platform.twitter.com\/widgets.js\" charset=\"utf-8\"><\/script><\/div>\n<p style=\"text-align: center;\"><strong>Eigentlich kann er einem doch auch ein bisschen leidtun, stimmt&#8217;s?<\/strong><\/p>\n<p>https:\/\/twitter.com\/danielreitzig\/status\/1460670999653982209?s=20<\/p>\n<p style=\"text-align: center;\">\u2014<br \/>\nVielen Dank an alle f\u00fcr die Posts.<br \/>\n\u2014<br \/>\n<strong>Keine Influencer! Kein Foodporn! Nur ganz viel Spa\u00df \u2013 bei uns auf Instagram:<\/strong><\/p>\n<p>&nbsp;<\/p>\n<blockquote class=\"instagram-media\" style=\"background: #FFF; border: 0; border-radius: 3px; box-shadow: 0 0 1px 0 rgba(0,0,0,0.5),0 1px 10px 0 rgba(0,0,0,0.15); margin: 1px; max-width: 540px; min-width: 326px; padding: 0; width: calc(100% - 2px);\" data-instgrm-captioned=\"\" data-instgrm-permalink=\"https:\/\/www.instagram.com\/p\/CWV7pyoNGbV\/?utm_source=ig_embed&amp;utm_campaign=loading\" data-instgrm-version=\"14\">\n<div style=\"padding: 16px;\">\n<p>&nbsp;<\/p>\n<div style=\"display: flex; flex-direction: row; align-items: center;\">\n<div style=\"background-color: #f4f4f4; border-radius: 50%; flex-grow: 0; height: 40px; margin-right: 14px; width: 40px;\"><\/div>\n<div style=\"display: flex; flex-direction: column; flex-grow: 1; justify-content: center;\">\n<div style=\"background-color: #f4f4f4; border-radius: 4px; flex-grow: 0; height: 14px; margin-bottom: 6px; width: 100px;\"><\/div>\n<div style=\"background-color: #f4f4f4; border-radius: 4px; flex-grow: 0; height: 14px; width: 60px;\"><\/div>\n<\/div>\n<\/div>\n<div style=\"padding: 19% 0;\"><\/div>\n<div style=\"display: block; height: 50px; margin: 0 auto 12px; width: 50px;\"><\/div>\n<div style=\"padding-top: 8px;\">\n<div style=\"color: #3897f0; font-family: Arial,sans-serif; font-size: 14px; font-style: normal; font-weight: 550; line-height: 18px;\">Sieh dir diesen Beitrag auf Instagram an<\/div>\n<\/div>\n<div style=\"padding: 12.5% 0;\"><\/div>\n<div style=\"display: flex; flex-direction: row; margin-bottom: 14px; align-items: center;\">\n<div>\n<div style=\"background-color: #f4f4f4; border-radius: 50%; height: 12.5px; width: 12.5px; transform: translateX(0px) translateY(7px);\"><\/div>\n<div style=\"background-color: #f4f4f4; height: 12.5px; transform: rotate(-45deg) translateX(3px) translateY(1px); width: 12.5px; flex-grow: 0; margin-right: 14px; margin-left: 2px;\"><\/div>\n<div style=\"background-color: #f4f4f4; border-radius: 50%; height: 12.5px; width: 12.5px; transform: translateX(9px) translateY(-18px);\"><\/div>\n<\/div>\n<div style=\"margin-left: 8px;\">\n<div style=\"background-color: #f4f4f4; border-radius: 50%; flex-grow: 0; height: 20px; width: 20px;\"><\/div>\n<div style=\"width: 0; height: 0; border-top: 2px solid transparent; border-left: 6px solid #f4f4f4; border-bottom: 2px solid transparent; transform: translateX(16px) translateY(-4px) rotate(30deg);\"><\/div>\n<\/div>\n<div style=\"margin-left: auto;\">\n<div style=\"width: 0px; border-top: 8px solid #F4F4F4; border-right: 8px solid transparent; transform: translateY(16px);\"><\/div>\n<div style=\"background-color: #f4f4f4; flex-grow: 0; height: 12px; width: 16px; transform: translateY(-4px);\"><\/div>\n<div style=\"width: 0; height: 0; border-top: 8px solid #F4F4F4; border-left: 8px solid transparent; transform: translateY(-4px) translateX(8px);\"><\/div>\n<\/div>\n<\/div>\n<div style=\"display: flex; flex-direction: column; flex-grow: 1; justify-content: center; margin-bottom: 24px;\">\n<div style=\"background-color: #f4f4f4; border-radius: 4px; flex-grow: 0; height: 14px; margin-bottom: 6px; width: 224px;\"><\/div>\n<div style=\"background-color: #f4f4f4; border-radius: 4px; flex-grow: 0; height: 14px; width: 144px;\"><\/div>\n<\/div>\n<p>&nbsp;<\/p>\n<p style=\"color: #c9c8cd; font-family: Arial,sans-serif; font-size: 14px; line-height: 17px; margin-bottom: 0; margin-top: 8px; overflow: hidden; padding: 8px 0 7px; text-align: center; text-overflow: ellipsis; white-space: nowrap;\"><a style=\"color: #c9c8cd; font-family: Arial,sans-serif; font-size: 14px; font-style: normal; font-weight: normal; line-height: 17px; text-decoration: none;\" href=\"https:\/\/www.instagram.com\/p\/CWV7pyoNGbV\/?utm_source=ig_embed&amp;utm_campaign=loading\" target=\"_blank\" rel=\"noopener\">Ein Beitrag geteilt von The Best Social Media &#8211; DE (@thebestsocialmediade)<\/a><\/p>\n<\/div>\n<\/blockquote>\n\n<script async defer src=\"\/instagram-embed.js\"><\/script>","protected":false},"excerpt":{"rendered":"<p>CDU- Bundestagsabgeordneter Philipp Amthor soll 450 Euro Strafe zahlen und zus\u00e4tzlich seinen F\u00fchrerschein abgeben- f\u00fcr einen Monat. Grund daf\u00fcr: er soll wohl etwas (50km\/h) zu&#8230;<\/p>\n","protected":false},"author":88,"featured_media":152753,"comment_status":"open","ping_status":"open","sticky":false,"template":"","format":"standard","meta":{"_acf_changed":false,"footnotes":""},"categories":[460,35],"tags":[4719,4648,2781,2585],"class_list":["post-152701","post","type-post","status-publish","format-standard","has-post-thumbnail","hentry","category-fail","category-twitter","tag-fuehrerschein","tag-luege","tag-politiker","tag-skandal"],"acf":[],"yoast_head":"<!-- This site is optimized with the Yoast SEO plugin v27.5 - https:\/\/yoast.com\/product\/yoast-seo-wordpress\/ -->\n<title>50km\/h zu schnell: Philipp Amthor sammelt privat mehr Punkte als die CDU<\/title>\n<meta name=\"robots\" content=\"index, follow, max-snippet:-1, max-image-preview:large, max-video-preview:-1\" \/>\n<link rel=\"canonical\" href=\"https:\/\/www.thebestsocial.media\/de\/50km-h-zu-schnell-philipp-amthor-sammelt-privat-mehr-punkte-als-die-cdu\/\" \/>\n<meta property=\"og:locale\" content=\"de_DE\" \/>\n<meta property=\"og:type\" content=\"article\" \/>\n<meta property=\"og:title\" content=\"50km\/h zu schnell: Philipp Amthor sammelt privat mehr Punkte als die CDU\" \/>\n<meta property=\"og:description\" content=\"CDU- Bundestagsabgeordneter Philipp Amthor soll 450 Euro Strafe zahlen und zus\u00e4tzlich seinen F\u00fchrerschein abgeben- f\u00fcr einen Monat. Grund daf\u00fcr: er soll wohl etwas (50km\/h) zu...\" \/>\n<meta property=\"og:url\" content=\"https:\/\/www.thebestsocial.media\/de\/50km-h-zu-schnell-philipp-amthor-sammelt-privat-mehr-punkte-als-die-cdu\/\" \/>\n<meta property=\"og:site_name\" content=\"The Best Social Media DE\" \/>\n<meta property=\"article:published_time\" content=\"2021-11-17T12:37:41+00:00\" \/>\n<meta property=\"article:modified_time\" content=\"2021-11-17T14:21:59+00:00\" \/>\n<meta property=\"og:image\" content=\"https:\/\/www.thebestsocial.media\/de\/wp-content\/uploads\/sites\/3\/2021\/11\/Header-Amthor.png\" \/>\n\t<meta property=\"og:image:width\" content=\"1200\" \/>\n\t<meta property=\"og:image:height\" content=\"630\" \/>\n\t<meta property=\"og:image:type\" content=\"image\/png\" \/>\n<meta name=\"author\" content=\"Johanna Burghagen\" \/>\n<meta name=\"twitter:card\" content=\"summary_large_image\" \/>\n<meta name=\"twitter:label1\" content=\"Verfasst von\" \/>\n\t<meta name=\"twitter:data1\" content=\"Johanna Burghagen\" \/>\n\t<meta name=\"twitter:label2\" content=\"Gesch\u00e4tzte Lesezeit\" \/>\n\t<meta name=\"twitter:data2\" content=\"1\u00a0Minute\" \/>\n<script type=\"application\/ld+json\" class=\"yoast-schema-graph\">{\"@context\":\"https:\\\/\\\/schema.org\",\"@graph\":[{\"@type\":\"Article\",\"@id\":\"https:\\\/\\\/www.thebestsocial.media\\\/de\\\/50km-h-zu-schnell-philipp-amthor-sammelt-privat-mehr-punkte-als-die-cdu\\\/#article\",\"isPartOf\":{\"@id\":\"https:\\\/\\\/www.thebestsocial.media\\\/de\\\/50km-h-zu-schnell-philipp-amthor-sammelt-privat-mehr-punkte-als-die-cdu\\\/\"},\"author\":{\"name\":\"Johanna Burghagen\",\"@id\":\"https:\\\/\\\/www.thebestsocial.media\\\/de\\\/#\\\/schema\\\/person\\\/5f13d9837bcff33cc8d453e30fa88553\"},\"headline\":\"50km\\\/h zu schnell: Philipp Amthor sammelt privat mehr Punkte als die CDU\",\"datePublished\":\"2021-11-17T12:37:41+00:00\",\"dateModified\":\"2021-11-17T14:21:59+00:00\",\"mainEntityOfPage\":{\"@id\":\"https:\\\/\\\/www.thebestsocial.media\\\/de\\\/50km-h-zu-schnell-philipp-amthor-sammelt-privat-mehr-punkte-als-die-cdu\\\/\"},\"wordCount\":240,\"commentCount\":0,\"image\":{\"@id\":\"https:\\\/\\\/www.thebestsocial.media\\\/de\\\/50km-h-zu-schnell-philipp-amthor-sammelt-privat-mehr-punkte-als-die-cdu\\\/#primaryimage\"},\"thumbnailUrl\":\"https:\\\/\\\/www.thebestsocial.media\\\/de\\\/wp-content\\\/uploads\\\/sites\\\/3\\\/2021\\\/11\\\/pexels-taras-makarenko-593172-scaled.jpg\",\"keywords\":[\"F\u00fchrerschein\",\"L\u00fcge\",\"Politiker\",\"Skandal\"],\"articleSection\":[\"Fail\",\"Twitter\"],\"inLanguage\":\"de\",\"potentialAction\":[{\"@type\":\"CommentAction\",\"name\":\"Comment\",\"target\":[\"https:\\\/\\\/www.thebestsocial.media\\\/de\\\/50km-h-zu-schnell-philipp-amthor-sammelt-privat-mehr-punkte-als-die-cdu\\\/#respond\"]}]},{\"@type\":\"WebPage\",\"@id\":\"https:\\\/\\\/www.thebestsocial.media\\\/de\\\/50km-h-zu-schnell-philipp-amthor-sammelt-privat-mehr-punkte-als-die-cdu\\\/\",\"url\":\"https:\\\/\\\/www.thebestsocial.media\\\/de\\\/50km-h-zu-schnell-philipp-amthor-sammelt-privat-mehr-punkte-als-die-cdu\\\/\",\"name\":\"50km\\\/h zu schnell: Philipp Amthor sammelt privat mehr Punkte als die CDU\",\"isPartOf\":{\"@id\":\"https:\\\/\\\/www.thebestsocial.media\\\/de\\\/#website\"},\"primaryImageOfPage\":{\"@id\":\"https:\\\/\\\/www.thebestsocial.media\\\/de\\\/50km-h-zu-schnell-philipp-amthor-sammelt-privat-mehr-punkte-als-die-cdu\\\/#primaryimage\"},\"image\":{\"@id\":\"https:\\\/\\\/www.thebestsocial.media\\\/de\\\/50km-h-zu-schnell-philipp-amthor-sammelt-privat-mehr-punkte-als-die-cdu\\\/#primaryimage\"},\"thumbnailUrl\":\"https:\\\/\\\/www.thebestsocial.media\\\/de\\\/wp-content\\\/uploads\\\/sites\\\/3\\\/2021\\\/11\\\/pexels-taras-makarenko-593172-scaled.jpg\",\"datePublished\":\"2021-11-17T12:37:41+00:00\",\"dateModified\":\"2021-11-17T14:21:59+00:00\",\"author\":{\"@id\":\"https:\\\/\\\/www.thebestsocial.media\\\/de\\\/#\\\/schema\\\/person\\\/5f13d9837bcff33cc8d453e30fa88553\"},\"breadcrumb\":{\"@id\":\"https:\\\/\\\/www.thebestsocial.media\\\/de\\\/50km-h-zu-schnell-philipp-amthor-sammelt-privat-mehr-punkte-als-die-cdu\\\/#breadcrumb\"},\"inLanguage\":\"de\",\"potentialAction\":[{\"@type\":\"ReadAction\",\"target\":[\"https:\\\/\\\/www.thebestsocial.media\\\/de\\\/50km-h-zu-schnell-philipp-amthor-sammelt-privat-mehr-punkte-als-die-cdu\\\/\"]}]},{\"@type\":\"ImageObject\",\"inLanguage\":\"de\",\"@id\":\"https:\\\/\\\/www.thebestsocial.media\\\/de\\\/50km-h-zu-schnell-philipp-amthor-sammelt-privat-mehr-punkte-als-die-cdu\\\/#primaryimage\",\"url\":\"https:\\\/\\\/www.thebestsocial.media\\\/de\\\/wp-content\\\/uploads\\\/sites\\\/3\\\/2021\\\/11\\\/pexels-taras-makarenko-593172-scaled.jpg\",\"contentUrl\":\"https:\\\/\\\/www.thebestsocial.media\\\/de\\\/wp-content\\\/uploads\\\/sites\\\/3\\\/2021\\\/11\\\/pexels-taras-makarenko-593172-scaled.jpg\",\"width\":2560,\"height\":1707},{\"@type\":\"BreadcrumbList\",\"@id\":\"https:\\\/\\\/www.thebestsocial.media\\\/de\\\/50km-h-zu-schnell-philipp-amthor-sammelt-privat-mehr-punkte-als-die-cdu\\\/#breadcrumb\",\"itemListElement\":[{\"@type\":\"ListItem\",\"position\":1,\"name\":\"Home\",\"item\":\"https:\\\/\\\/www.thebestsocial.media\\\/de\\\/\"},{\"@type\":\"ListItem\",\"position\":2,\"name\":\"50km\\\/h zu schnell: Philipp Amthor sammelt privat mehr Punkte als die CDU\"}]},{\"@type\":\"WebSite\",\"@id\":\"https:\\\/\\\/www.thebestsocial.media\\\/de\\\/#website\",\"url\":\"https:\\\/\\\/www.thebestsocial.media\\\/de\\\/\",\"name\":\"The Best Social Media DE\",\"description\":\"\",\"potentialAction\":[{\"@type\":\"SearchAction\",\"target\":{\"@type\":\"EntryPoint\",\"urlTemplate\":\"https:\\\/\\\/www.thebestsocial.media\\\/de\\\/?s={search_term_string}\"},\"query-input\":{\"@type\":\"PropertyValueSpecification\",\"valueRequired\":true,\"valueName\":\"search_term_string\"}}],\"inLanguage\":\"de\"},{\"@type\":\"Person\",\"@id\":\"https:\\\/\\\/www.thebestsocial.media\\\/de\\\/#\\\/schema\\\/person\\\/5f13d9837bcff33cc8d453e30fa88553\",\"name\":\"Johanna Burghagen\",\"image\":{\"@type\":\"ImageObject\",\"inLanguage\":\"de\",\"@id\":\"https:\\\/\\\/secure.gravatar.com\\\/avatar\\\/8dfe01b309e4d382459737f38d2b4a93e798f4a0954f87f9c620bc34440b8c7e?s=96&d=mm&r=g\",\"url\":\"https:\\\/\\\/secure.gravatar.com\\\/avatar\\\/8dfe01b309e4d382459737f38d2b4a93e798f4a0954f87f9c620bc34440b8c7e?s=96&d=mm&r=g\",\"contentUrl\":\"https:\\\/\\\/secure.gravatar.com\\\/avatar\\\/8dfe01b309e4d382459737f38d2b4a93e798f4a0954f87f9c620bc34440b8c7e?s=96&d=mm&r=g\",\"caption\":\"Johanna Burghagen\"},\"url\":\"https:\\\/\\\/www.thebestsocial.media\\\/de\\\/author\\\/johannaburghagen\\\/\"}]}<\/script>\n<!-- \/ Yoast SEO plugin. -->","yoast_head_json":{"title":"50km\/h zu schnell: Philipp Amthor sammelt privat mehr Punkte als die CDU","robots":{"index":"index","follow":"follow","max-snippet":"max-snippet:-1","max-image-preview":"max-image-preview:large","max-video-preview":"max-video-preview:-1"},"canonical":"https:\/\/www.thebestsocial.media\/de\/50km-h-zu-schnell-philipp-amthor-sammelt-privat-mehr-punkte-als-die-cdu\/","og_locale":"de_DE","og_type":"article","og_title":"50km\/h zu schnell: Philipp Amthor sammelt privat mehr Punkte als die CDU","og_description":"CDU- Bundestagsabgeordneter Philipp Amthor soll 450 Euro Strafe zahlen und zus\u00e4tzlich seinen F\u00fchrerschein abgeben- f\u00fcr einen Monat. Grund daf\u00fcr: er soll wohl etwas (50km\/h) zu...","og_url":"https:\/\/www.thebestsocial.media\/de\/50km-h-zu-schnell-philipp-amthor-sammelt-privat-mehr-punkte-als-die-cdu\/","og_site_name":"The Best Social Media DE","article_published_time":"2021-11-17T12:37:41+00:00","article_modified_time":"2021-11-17T14:21:59+00:00","og_image":[{"width":1200,"height":630,"url":"https:\/\/www.thebestsocial.media\/de\/wp-content\/uploads\/sites\/3\/2021\/11\/Header-Amthor.png","type":"image\/png"}],"author":"Johanna Burghagen","twitter_card":"summary_large_image","twitter_misc":{"Verfasst von":"Johanna Burghagen","Gesch\u00e4tzte Lesezeit":"1\u00a0Minute"},"schema":{"@context":"https:\/\/schema.org","@graph":[{"@type":"Article","@id":"https:\/\/www.thebestsocial.media\/de\/50km-h-zu-schnell-philipp-amthor-sammelt-privat-mehr-punkte-als-die-cdu\/#article","isPartOf":{"@id":"https:\/\/www.thebestsocial.media\/de\/50km-h-zu-schnell-philipp-amthor-sammelt-privat-mehr-punkte-als-die-cdu\/"},"author":{"name":"Johanna Burghagen","@id":"https:\/\/www.thebestsocial.media\/de\/#\/schema\/person\/5f13d9837bcff33cc8d453e30fa88553"},"headline":"50km\/h zu schnell: Philipp Amthor sammelt privat mehr Punkte als die CDU","datePublished":"2021-11-17T12:37:41+00:00","dateModified":"2021-11-17T14:21:59+00:00","mainEntityOfPage":{"@id":"https:\/\/www.thebestsocial.media\/de\/50km-h-zu-schnell-philipp-amthor-sammelt-privat-mehr-punkte-als-die-cdu\/"},"wordCount":240,"commentCount":0,"image":{"@id":"https:\/\/www.thebestsocial.media\/de\/50km-h-zu-schnell-philipp-amthor-sammelt-privat-mehr-punkte-als-die-cdu\/#primaryimage"},"thumbnailUrl":"https:\/\/www.thebestsocial.media\/de\/wp-content\/uploads\/sites\/3\/2021\/11\/pexels-taras-makarenko-593172-scaled.jpg","keywords":["F\u00fchrerschein","L\u00fcge","Politiker","Skandal"],"articleSection":["Fail","Twitter"],"inLanguage":"de","potentialAction":[{"@type":"CommentAction","name":"Comment","target":["https:\/\/www.thebestsocial.media\/de\/50km-h-zu-schnell-philipp-amthor-sammelt-privat-mehr-punkte-als-die-cdu\/#respond"]}]},{"@type":"WebPage","@id":"https:\/\/www.thebestsocial.media\/de\/50km-h-zu-schnell-philipp-amthor-sammelt-privat-mehr-punkte-als-die-cdu\/","url":"https:\/\/www.thebestsocial.media\/de\/50km-h-zu-schnell-philipp-amthor-sammelt-privat-mehr-punkte-als-die-cdu\/","name":"50km\/h zu schnell: Philipp Amthor sammelt privat mehr Punkte als die CDU","isPartOf":{"@id":"https:\/\/www.thebestsocial.media\/de\/#website"},"primaryImageOfPage":{"@id":"https:\/\/www.thebestsocial.media\/de\/50km-h-zu-schnell-philipp-amthor-sammelt-privat-mehr-punkte-als-die-cdu\/#primaryimage"},"image":{"@id":"https:\/\/www.thebestsocial.media\/de\/50km-h-zu-schnell-philipp-amthor-sammelt-privat-mehr-punkte-als-die-cdu\/#primaryimage"},"thumbnailUrl":"https:\/\/www.thebestsocial.media\/de\/wp-content\/uploads\/sites\/3\/2021\/11\/pexels-taras-makarenko-593172-scaled.jpg","datePublished":"2021-11-17T12:37:41+00:00","dateModified":"2021-11-17T14:21:59+00:00","author":{"@id":"https:\/\/www.thebestsocial.media\/de\/#\/schema\/person\/5f13d9837bcff33cc8d453e30fa88553"},"breadcrumb":{"@id":"https:\/\/www.thebestsocial.media\/de\/50km-h-zu-schnell-philipp-amthor-sammelt-privat-mehr-punkte-als-die-cdu\/#breadcrumb"},"inLanguage":"de","potentialAction":[{"@type":"ReadAction","target":["https:\/\/www.thebestsocial.media\/de\/50km-h-zu-schnell-philipp-amthor-sammelt-privat-mehr-punkte-als-die-cdu\/"]}]},{"@type":"ImageObject","inLanguage":"de","@id":"https:\/\/www.thebestsocial.media\/de\/50km-h-zu-schnell-philipp-amthor-sammelt-privat-mehr-punkte-als-die-cdu\/#primaryimage","url":"https:\/\/www.thebestsocial.media\/de\/wp-content\/uploads\/sites\/3\/2021\/11\/pexels-taras-makarenko-593172-scaled.jpg","contentUrl":"https:\/\/www.thebestsocial.media\/de\/wp-content\/uploads\/sites\/3\/2021\/11\/pexels-taras-makarenko-593172-scaled.jpg","width":2560,"height":1707},{"@type":"BreadcrumbList","@id":"https:\/\/www.thebestsocial.media\/de\/50km-h-zu-schnell-philipp-amthor-sammelt-privat-mehr-punkte-als-die-cdu\/#breadcrumb","itemListElement":[{"@type":"ListItem","position":1,"name":"Home","item":"https:\/\/www.thebestsocial.media\/de\/"},{"@type":"ListItem","position":2,"name":"50km\/h zu schnell: Philipp Amthor sammelt privat mehr Punkte als die CDU"}]},{"@type":"WebSite","@id":"https:\/\/www.thebestsocial.media\/de\/#website","url":"https:\/\/www.thebestsocial.media\/de\/","name":"The Best Social Media DE","description":"","potentialAction":[{"@type":"SearchAction","target":{"@type":"EntryPoint","urlTemplate":"https:\/\/www.thebestsocial.media\/de\/?s={search_term_string}"},"query-input":{"@type":"PropertyValueSpecification","valueRequired":true,"valueName":"search_term_string"}}],"inLanguage":"de"},{"@type":"Person","@id":"https:\/\/www.thebestsocial.media\/de\/#\/schema\/person\/5f13d9837bcff33cc8d453e30fa88553","name":"Johanna Burghagen","image":{"@type":"ImageObject","inLanguage":"de","@id":"https:\/\/secure.gravatar.com\/avatar\/8dfe01b309e4d382459737f38d2b4a93e798f4a0954f87f9c620bc34440b8c7e?s=96&d=mm&r=g","url":"https:\/\/secure.gravatar.com\/avatar\/8dfe01b309e4d382459737f38d2b4a93e798f4a0954f87f9c620bc34440b8c7e?s=96&d=mm&r=g","contentUrl":"https:\/\/secure.gravatar.com\/avatar\/8dfe01b309e4d382459737f38d2b4a93e798f4a0954f87f9c620bc34440b8c7e?s=96&d=mm&r=g","caption":"Johanna Burghagen"},"url":"https:\/\/www.thebestsocial.media\/de\/author\/johannaburghagen\/"}]}},"amp_enabled":true,"_links":{"self":[{"href":"https:\/\/www.thebestsocial.media\/de\/wp-json\/wp\/v2\/posts\/152701","targetHints":{"allow":["GET"]}}],"collection":[{"href":"https:\/\/www.thebestsocial.media\/de\/wp-json\/wp\/v2\/posts"}],"about":[{"href":"https:\/\/www.thebestsocial.media\/de\/wp-json\/wp\/v2\/types\/post"}],"author":[{"embeddable":true,"href":"https:\/\/www.thebestsocial.media\/de\/wp-json\/wp\/v2\/users\/88"}],"replies":[{"embeddable":true,"href":"https:\/\/www.thebestsocial.media\/de\/wp-json\/wp\/v2\/comments?post=152701"}],"version-history":[{"count":14,"href":"https:\/\/www.thebestsocial.media\/de\/wp-json\/wp\/v2\/posts\/152701\/revisions"}],"predecessor-version":[{"id":152755,"href":"https:\/\/www.thebestsocial.media\/de\/wp-json\/wp\/v2\/posts\/152701\/revisions\/152755"}],"wp:featuredmedia":[{"embeddable":true,"href":"https:\/\/www.thebestsocial.media\/de\/wp-json\/wp\/v2\/media\/152753"}],"wp:attachment":[{"href":"https:\/\/www.thebestsocial.media\/de\/wp-json\/wp\/v2\/media?parent=152701"}],"wp:term":[{"taxonomy":"category","embeddable":true,"href":"https:\/\/www.thebestsocial.media\/de\/wp-json\/wp\/v2\/categories?post=152701"},{"taxonomy":"post_tag","embeddable":true,"href":"https:\/\/www.thebestsocial.media\/de\/wp-json\/wp\/v2\/tags?post=152701"}],"curies":[{"name":"wp","href":"https:\/\/api.w.org\/{rel}","templated":true}]}}