{"id":152041,"date":"2021-10-26T09:51:39","date_gmt":"2021-10-26T09:51:39","guid":{"rendered":"https:\/\/www.thebestsocial.media\/de\/?p=152041"},"modified":"2021-10-26T09:51:39","modified_gmt":"2021-10-26T09:51:39","slug":"quelle-fabian-koester-ausgedachtes-basler-zitat-wird-von-tv-sender-uebernommen","status":"publish","type":"post","link":"https:\/\/www.thebestsocial.media\/de\/quelle-fabian-koester-ausgedachtes-basler-zitat-wird-von-tv-sender-uebernommen\/","title":{"rendered":"Quelle: Fabian K\u00f6ster &#8211; Ausgedachtes Basler-Zitat wird von TV-Sender \u00fcbernommen"},"content":{"rendered":"<p>Mario Basler, fr\u00fcher bekannt f\u00fcr irgendwas mit Fu\u00dfball, heute vor allem bekannt f\u00fcr kesse Spr\u00fcche in schnoddrigem Dialekt, wurde jetzt vom TV-Sender Euronews zitiert. Es ging um seine Haltung zur Diskussion um Joshua Kimmichs Impfskepsis. Nur leider stammte das Zitat gar nicht von Mario Basler. Sondern von Comedy-Autor und heuteshow-Gesicht <a href=\"https:\/\/twitter.com\/koesterfabian\">Fabian K\u00f6ster<\/a>. Dieser hatte Basler auf Twitter die folgenden Worte in den Mund gelegt:<\/p>\n<div class=\"dbsm-oembed\">\n<blockquote class=\"twitter-tweet\" data-width=\"500\" data-dnt=\"true\">\n<p lang=\"de\" dir=\"ltr\">\u201eDie junge Kerle da mit ihre Langzeitstuddien, zu meiner Zeit da h\u00e4mmer uns morgens die Poggeimpfung, middaachs Malaria un abends 4 Wodka-Lemon reingeknallt, un heudde komme die da mit Bedenke, lasst euch impfe verdammt nochmal\u201c <a href=\"https:\/\/t.co\/3v4YQY9siV\">pic.twitter.com\/3v4YQY9siV<\/a><\/p>\n<p>&mdash; Fabian K\u00f6ster (@koesterfabian) <a href=\"https:\/\/twitter.com\/koesterfabian\/status\/1451973782055407616?ref_src=twsrc%5Etfw\">October 23, 2021<\/a><\/p><\/blockquote>\n<p><script async src=\"https:\/\/platform.twitter.com\/widgets.js\" charset=\"utf-8\"><\/script><\/div>\n<p>&nbsp;<\/p>\n<p><strong>Und ja, so ging es beim Lesen vermutlich einigen:<\/strong><\/p>\n<blockquote class=\"twitter-tweet\" data-conversation=\"none\">\n<p dir=\"ltr\" lang=\"de\">Ich wusste vorher gar nicht, dass mein Kopf eine Mario Basler Stimme hat.<\/p>\n<p>\u2014 Marvin (@maaaarviiiinn) <a href=\"https:\/\/twitter.com\/maaaarviiiinn\/status\/1452033564053327880?ref_src=twsrc%5Etfw\">October 23, 2021<\/a><\/p><\/blockquote>\n<p><script async src=\"https:\/\/platform.twitter.com\/widgets.js\" charset=\"utf-8\"><\/script><\/p>\n<p>&nbsp;<\/p>\n<p><strong>T\u00e4uschend echt, oder?<\/strong><\/p>\n<blockquote class=\"twitter-tweet\" data-conversation=\"none\">\n<p dir=\"ltr\" lang=\"de\">K\u00f6nnte sogar O-Ton sein \ud83d\ude09<\/p>\n<p>\u2014 Der unglaubliche Ulk (@UlkDer) <a href=\"https:\/\/twitter.com\/UlkDer\/status\/1451974847509192708?ref_src=twsrc%5Etfw\">October 23, 2021<\/a><\/p><\/blockquote>\n<p><script async src=\"https:\/\/platform.twitter.com\/widgets.js\" charset=\"utf-8\"><\/script><\/p>\n<p>&nbsp;<\/p>\n<p><strong>Tats\u00e4chlich sind sich viele in den Kommentaren unsicher, ob es sich um ein echtes Zitat oder einen Spa\u00df handelt.<\/strong><\/p>\n<blockquote class=\"twitter-tweet\" data-conversation=\"none\">\n<p dir=\"ltr\" lang=\"de\">Kp ob er das wirklich gesagt hat, aber wenn dann Super Mario! Wenn das Bild nur ausl\u00f6sen soll das ich den geschriebenen Text von Fabian mit der Stimme von Mario lesen sollte, dann: Chapeu Fabian xD<\/p>\n<p>\u2014 Max Unger (@Maun581991) <a href=\"https:\/\/twitter.com\/Maun581991\/status\/1452201798710829064?ref_src=twsrc%5Etfw\">October 24, 2021<\/a><\/p><\/blockquote>\n<p><script async src=\"https:\/\/platform.twitter.com\/widgets.js\" charset=\"utf-8\"><\/script><\/p>\n<p>&nbsp;<\/p>\n<p><strong>Keine Zweifel hatte dann Euronews. Die packen das Zitat einfach selbstbewusst in die Headline.<\/strong><\/p>\n<div class=\"dbsm-oembed\">\n<blockquote class=\"twitter-tweet\" data-width=\"500\" data-dnt=\"true\">\n<p lang=\"en\" dir=\"ltr\">How it started \/ How it ended \ud83d\ude02 <a href=\"https:\/\/t.co\/Hh9ZjmUj3B\">pic.twitter.com\/Hh9ZjmUj3B<\/a><\/p>\n<p>&mdash; Fabian K\u00f6ster (@koesterfabian) <a href=\"https:\/\/twitter.com\/koesterfabian\/status\/1452658215741796354?ref_src=twsrc%5Etfw\">October 25, 2021<\/a><\/p><\/blockquote>\n<p><script async src=\"https:\/\/platform.twitter.com\/widgets.js\" charset=\"utf-8\"><\/script><\/div>\n<p>&nbsp;<\/p>\n<p>&nbsp;<\/p>\n<p><strong>Hier eine ungef\u00e4hre Rekonstruktion der Ereignisse, die zu diesem Schnitzer gef\u00fchrt haben:<\/strong><\/p>\n<blockquote class=\"twitter-tweet\" data-conversation=\"none\">\n<p dir=\"ltr\" lang=\"de\">&#8222;Der K\u00f6ster ist beim ZDF, der ist seri\u00f6s.&#8220;<\/p>\n<p>\u2014 Bastian Hahne (@torhamster04) <a href=\"https:\/\/twitter.com\/torhamster04\/status\/1452659730921439234?ref_src=twsrc%5Etfw\">October 25, 2021<\/a><\/p><\/blockquote>\n<p><script src=\"https:\/\/platform.twitter.com\/widgets.js\" async=\"\" charset=\"utf-8\"><\/script><\/p>\n<p>&nbsp;<\/p>\n<p><strong>Unglaublich, ziemlich peinlich und leider wahr. Wobei man sagen muss: Es GAB den Artikel wirklich. Mittlerweile ist unter dem Link nur noch &#8222;Error 404&#8220; angesagt.<\/strong><\/p>\n<blockquote class=\"twitter-tweet\" data-conversation=\"none\">\n<p dir=\"ltr\" lang=\"de\">Holy Shit. Den Artikel gibt es ja wirklich. Dachte zuerst es ist ein Fake. \ud83d\ude02 <a href=\"https:\/\/t.co\/5oAGgTNXwt\">https:\/\/t.co\/5oAGgTNXwt<\/a> <a href=\"https:\/\/t.co\/dSBLUHwGrG\">pic.twitter.com\/dSBLUHwGrG<\/a><\/p>\n<p>\u2014 @piz100 (@hennesderVIII) <a href=\"https:\/\/twitter.com\/hennesderVIII\/status\/1452694549374115848?ref_src=twsrc%5Etfw\">October 25, 2021<\/a><\/p><\/blockquote>\n<p><script async src=\"https:\/\/platform.twitter.com\/widgets.js\" charset=\"utf-8\"><\/script><\/p>\n<p>&nbsp;<\/p>\n<p><strong>Mario Basler hat sich noch nicht ge\u00e4u\u00dfert. Aber er hat ja auch eigentlich schon alles zu dem Thema gesagt.<\/strong><\/p>\n<blockquote class=\"twitter-tweet\" data-conversation=\"none\">\n<p dir=\"ltr\" lang=\"de\">oha, er hat schon reagiert!<a href=\"https:\/\/t.co\/rxTcR4eirI\">https:\/\/t.co\/rxTcR4eirI<\/a><\/p>\n<p>\u2014 Daria Dreyer (@DariaDreyer) <a href=\"https:\/\/twitter.com\/DariaDreyer\/status\/1452661669583335427?ref_src=twsrc%5Etfw\">October 25, 2021<\/a><\/p><\/blockquote>\n<p><script async src=\"https:\/\/platform.twitter.com\/widgets.js\" charset=\"utf-8\"><\/script><\/p>\n<p>&nbsp;<\/p>\n<p><strong>Image-m\u00e4\u00dfig h\u00e4tte es definitiv schlimmer f\u00fcr ihn kommen k\u00f6nnen.<\/strong><\/p>\n<blockquote class=\"twitter-tweet\" data-conversation=\"none\">\n<p dir=\"ltr\" lang=\"de\">Mario Basler wird sich freuen. Der wurde schon mit d\u00fcmmeren Aussagen zitiert \ud83d\ude02<\/p>\n<p>\u2014 \ud83d\udc89Philipp_MitEinemLUndZweiP\ud83d\udc89 (@Phil_1291) <a href=\"https:\/\/twitter.com\/Phil_1291\/status\/1452660959781261322?ref_src=twsrc%5Etfw\">October 25, 2021<\/a><\/p><\/blockquote>\n<p><script async src=\"https:\/\/platform.twitter.com\/widgets.js\" charset=\"utf-8\"><\/script><\/p>\n<p>&nbsp;<\/p>\n<p><strong>F\u00fcr den TV-Sender wohl eher nicht&#8230;<\/strong><\/p>\n<blockquote class=\"twitter-tweet\" data-conversation=\"none\">\n<p dir=\"ltr\" lang=\"de\">Fr\u00fcher war Quelle nur ein Katalog,<br \/>\nheute ist das jeder auf Twitter<\/p>\n<p>\u2014 Lucius der 14te (@StierThorsten) <a href=\"https:\/\/twitter.com\/StierThorsten\/status\/1452676886509858819?ref_src=twsrc%5Etfw\">October 25, 2021<\/a><\/p><\/blockquote>\n<p><script src=\"https:\/\/platform.twitter.com\/widgets.js\" async=\"\" charset=\"utf-8\"><\/script><\/p>\n<p>&nbsp;<\/p>\n<p><strong>PSST! Am Mittwoch den 28. Oktober kommt The Best Social mit einem neuen Event um die Ecke:\u00a0<a href=\"https:\/\/www.thebestsocialconference.com\/\" target=\"_blank\" rel=\"noopener\">The Best Social Conference<\/a>. 100% online, social und international. Das willst du nicht verpassen! Vortr\u00e4ge von u.A. Pablo Rochat, Panels und Workshops \u00fcber VR, TikTok, Social Impact und noch viel mehr. Early Bird Tickets jetzt verf\u00fcgbar, also schnell sein!<\/strong><\/p>\n<p>\u2014<\/p>\n<blockquote class=\"instagram-media\" style=\"background: #FFF; border: 0; border-radius: 3px; box-shadow: 0 0 1px 0 rgba(0,0,0,0.5),0 1px 10px 0 rgba(0,0,0,0.15); margin: 1px; max-width: 540px; min-width: 326px; padding: 0; width: calc(100% - 2px);\" data-instgrm-captioned=\"\" data-instgrm-permalink=\"https:\/\/www.instagram.com\/p\/CTEt7yUqlgx\/?utm_source=ig_embed&amp;utm_campaign=loading\" data-instgrm-version=\"14\">\n<div style=\"padding: 16px;\">\n<p>&nbsp;<\/p>\n<div style=\"display: flex; flex-direction: row; align-items: center;\">\n<div style=\"background-color: #f4f4f4; border-radius: 50%; flex-grow: 0; height: 40px; margin-right: 14px; width: 40px;\"><\/div>\n<div style=\"display: flex; flex-direction: column; flex-grow: 1; justify-content: center;\">\n<div style=\"background-color: #f4f4f4; border-radius: 4px; flex-grow: 0; height: 14px; margin-bottom: 6px; width: 100px;\"><\/div>\n<div style=\"background-color: #f4f4f4; border-radius: 4px; flex-grow: 0; height: 14px; width: 60px;\"><\/div>\n<\/div>\n<\/div>\n<div style=\"padding: 19% 0;\"><\/div>\n<div style=\"display: block; height: 50px; margin: 0 auto 12px; width: 50px;\"><\/div>\n<div style=\"padding-top: 8px;\">\n<div style=\"color: #3897f0; font-family: Arial,sans-serif; font-size: 14px; font-style: normal; font-weight: 550; line-height: 18px;\">Sieh dir diesen Beitrag auf Instagram an<\/div>\n<\/div>\n<div style=\"padding: 12.5% 0;\"><\/div>\n<div style=\"display: flex; flex-direction: row; margin-bottom: 14px; align-items: center;\">\n<div>\n<div style=\"background-color: #f4f4f4; border-radius: 50%; height: 12.5px; width: 12.5px; transform: translateX(0px) translateY(7px);\"><\/div>\n<div style=\"background-color: #f4f4f4; height: 12.5px; transform: rotate(-45deg) translateX(3px) translateY(1px); width: 12.5px; flex-grow: 0; margin-right: 14px; margin-left: 2px;\"><\/div>\n<div style=\"background-color: #f4f4f4; border-radius: 50%; height: 12.5px; width: 12.5px; transform: translateX(9px) translateY(-18px);\"><\/div>\n<\/div>\n<div style=\"margin-left: 8px;\">\n<div style=\"background-color: #f4f4f4; border-radius: 50%; flex-grow: 0; height: 20px; width: 20px;\"><\/div>\n<div style=\"width: 0; height: 0; border-top: 2px solid transparent; border-left: 6px solid #f4f4f4; border-bottom: 2px solid transparent; transform: translateX(16px) translateY(-4px) rotate(30deg);\"><\/div>\n<\/div>\n<div style=\"margin-left: auto;\">\n<div style=\"width: 0px; border-top: 8px solid #F4F4F4; border-right: 8px solid transparent; transform: translateY(16px);\"><\/div>\n<div style=\"background-color: #f4f4f4; flex-grow: 0; height: 12px; width: 16px; transform: translateY(-4px);\"><\/div>\n<div style=\"width: 0; height: 0; border-top: 8px solid #F4F4F4; border-left: 8px solid transparent; transform: translateY(-4px) translateX(8px);\"><\/div>\n<\/div>\n<\/div>\n<div style=\"display: flex; flex-direction: column; flex-grow: 1; justify-content: center; margin-bottom: 24px;\">\n<div style=\"background-color: #f4f4f4; border-radius: 4px; flex-grow: 0; height: 14px; margin-bottom: 6px; width: 224px;\"><\/div>\n<div style=\"background-color: #f4f4f4; border-radius: 4px; flex-grow: 0; height: 14px; width: 144px;\"><\/div>\n<\/div>\n<p>&nbsp;<\/p>\n<p style=\"color: #c9c8cd; font-family: Arial,sans-serif; font-size: 14px; line-height: 17px; margin-bottom: 0; margin-top: 8px; overflow: hidden; padding: 8px 0 7px; text-align: center; text-overflow: ellipsis; white-space: nowrap;\"><a style=\"color: #c9c8cd; font-family: Arial,sans-serif; font-size: 14px; font-style: normal; font-weight: normal; line-height: 17px; text-decoration: none;\" href=\"https:\/\/www.instagram.com\/p\/CTEt7yUqlgx\/?utm_source=ig_embed&amp;utm_campaign=loading\" target=\"_blank\" rel=\"noopener\">Ein Beitrag geteilt von The Best Social Conference (@thebestsocialconference)<\/a><\/p>\n<\/div>\n<\/blockquote>\n\n<script async defer src=\"\/instagram-embed.js\"><\/script>","protected":false},"excerpt":{"rendered":"<p>Mario Basler, fr\u00fcher bekannt f\u00fcr irgendwas mit Fu\u00dfball, heute vor allem bekannt f\u00fcr kesse Spr\u00fcche in schnoddrigem Dialekt, wurde jetzt vom TV-Sender Euronews zitiert. Es&#8230;<\/p>\n","protected":false},"author":73,"featured_media":152054,"comment_status":"open","ping_status":"open","sticky":false,"template":"","format":"standard","meta":{"_acf_changed":false,"footnotes":""},"categories":[460,35,2404],"tags":[2799,2796,3127,678,4358],"class_list":["post-152041","post","type-post","status-publish","format-standard","has-post-thumbnail","hentry","category-fail","category-twitter","category-wtf","tag-artikel","tag-journalismus","tag-realsatire","tag-tv","tag-zitate"],"acf":[],"yoast_head":"<!-- This site is optimized with the Yoast SEO plugin v27.5 - https:\/\/yoast.com\/product\/yoast-seo-wordpress\/ -->\n<title>Quelle: Fabian K\u00f6ster - Falsches Basler-Zitat von TV-Sender \u00fcbernommen<\/title>\n<meta name=\"robots\" content=\"index, follow, max-snippet:-1, max-image-preview:large, max-video-preview:-1\" \/>\n<link rel=\"canonical\" href=\"https:\/\/www.thebestsocial.media\/de\/quelle-fabian-koester-ausgedachtes-basler-zitat-wird-von-tv-sender-uebernommen\/\" \/>\n<meta property=\"og:locale\" content=\"de_DE\" \/>\n<meta property=\"og:type\" content=\"article\" \/>\n<meta property=\"og:title\" content=\"Quelle: Fabian K\u00f6ster - Ausgedachtes Basler-Zitat wird von TV-Sender \u00fcbernommen\" \/>\n<meta property=\"og:description\" content=\"Mario Basler, fr\u00fcher bekannt f\u00fcr irgendwas mit Fu\u00dfball, heute vor allem bekannt f\u00fcr kesse Spr\u00fcche in schnoddrigem Dialekt, wurde jetzt vom TV-Sender Euronews zitiert. Es...\" \/>\n<meta property=\"og:url\" content=\"https:\/\/www.thebestsocial.media\/de\/quelle-fabian-koester-ausgedachtes-basler-zitat-wird-von-tv-sender-uebernommen\/\" \/>\n<meta property=\"og:site_name\" content=\"The Best Social Media DE\" \/>\n<meta property=\"article:published_time\" content=\"2021-10-26T09:51:39+00:00\" \/>\n<meta property=\"og:image\" content=\"https:\/\/www.thebestsocial.media\/de\/wp-content\/uploads\/sites\/3\/2021\/10\/basler.jpeg\" \/>\n\t<meta property=\"og:image:width\" content=\"1280\" \/>\n\t<meta property=\"og:image:height\" content=\"720\" \/>\n\t<meta property=\"og:image:type\" content=\"image\/jpeg\" \/>\n<meta name=\"author\" content=\"Helene Mei\u00dfner\" \/>\n<meta name=\"twitter:card\" content=\"summary_large_image\" \/>\n<meta name=\"twitter:label1\" content=\"Verfasst von\" \/>\n\t<meta name=\"twitter:data1\" content=\"Helene Mei\u00dfner\" \/>\n\t<meta name=\"twitter:label2\" content=\"Gesch\u00e4tzte Lesezeit\" \/>\n\t<meta name=\"twitter:data2\" content=\"1\u00a0Minute\" \/>\n<script type=\"application\/ld+json\" class=\"yoast-schema-graph\">{\"@context\":\"https:\\\/\\\/schema.org\",\"@graph\":[{\"@type\":\"Article\",\"@id\":\"https:\\\/\\\/www.thebestsocial.media\\\/de\\\/quelle-fabian-koester-ausgedachtes-basler-zitat-wird-von-tv-sender-uebernommen\\\/#article\",\"isPartOf\":{\"@id\":\"https:\\\/\\\/www.thebestsocial.media\\\/de\\\/quelle-fabian-koester-ausgedachtes-basler-zitat-wird-von-tv-sender-uebernommen\\\/\"},\"author\":{\"name\":\"Helene Mei\u00dfner\",\"@id\":\"https:\\\/\\\/www.thebestsocial.media\\\/de\\\/#\\\/schema\\\/person\\\/6267acc046505b90b912687a039220df\"},\"headline\":\"Quelle: Fabian K\u00f6ster &#8211; Ausgedachtes Basler-Zitat wird von TV-Sender \u00fcbernommen\",\"datePublished\":\"2021-10-26T09:51:39+00:00\",\"mainEntityOfPage\":{\"@id\":\"https:\\\/\\\/www.thebestsocial.media\\\/de\\\/quelle-fabian-koester-ausgedachtes-basler-zitat-wird-von-tv-sender-uebernommen\\\/\"},\"wordCount\":461,\"commentCount\":0,\"image\":{\"@id\":\"https:\\\/\\\/www.thebestsocial.media\\\/de\\\/quelle-fabian-koester-ausgedachtes-basler-zitat-wird-von-tv-sender-uebernommen\\\/#primaryimage\"},\"thumbnailUrl\":\"https:\\\/\\\/www.thebestsocial.media\\\/de\\\/wp-content\\\/uploads\\\/sites\\\/3\\\/2021\\\/10\\\/test-pattern-g1cfb882d9_1280.png\",\"keywords\":[\"Artikel\",\"Journalismus\",\"Realsatire\",\"TV\",\"Zitate\"],\"articleSection\":[\"Fail\",\"Twitter\",\"WTF\"],\"inLanguage\":\"de\",\"potentialAction\":[{\"@type\":\"CommentAction\",\"name\":\"Comment\",\"target\":[\"https:\\\/\\\/www.thebestsocial.media\\\/de\\\/quelle-fabian-koester-ausgedachtes-basler-zitat-wird-von-tv-sender-uebernommen\\\/#respond\"]}]},{\"@type\":\"WebPage\",\"@id\":\"https:\\\/\\\/www.thebestsocial.media\\\/de\\\/quelle-fabian-koester-ausgedachtes-basler-zitat-wird-von-tv-sender-uebernommen\\\/\",\"url\":\"https:\\\/\\\/www.thebestsocial.media\\\/de\\\/quelle-fabian-koester-ausgedachtes-basler-zitat-wird-von-tv-sender-uebernommen\\\/\",\"name\":\"Quelle: Fabian K\u00f6ster - Falsches Basler-Zitat von TV-Sender \u00fcbernommen\",\"isPartOf\":{\"@id\":\"https:\\\/\\\/www.thebestsocial.media\\\/de\\\/#website\"},\"primaryImageOfPage\":{\"@id\":\"https:\\\/\\\/www.thebestsocial.media\\\/de\\\/quelle-fabian-koester-ausgedachtes-basler-zitat-wird-von-tv-sender-uebernommen\\\/#primaryimage\"},\"image\":{\"@id\":\"https:\\\/\\\/www.thebestsocial.media\\\/de\\\/quelle-fabian-koester-ausgedachtes-basler-zitat-wird-von-tv-sender-uebernommen\\\/#primaryimage\"},\"thumbnailUrl\":\"https:\\\/\\\/www.thebestsocial.media\\\/de\\\/wp-content\\\/uploads\\\/sites\\\/3\\\/2021\\\/10\\\/test-pattern-g1cfb882d9_1280.png\",\"datePublished\":\"2021-10-26T09:51:39+00:00\",\"author\":{\"@id\":\"https:\\\/\\\/www.thebestsocial.media\\\/de\\\/#\\\/schema\\\/person\\\/6267acc046505b90b912687a039220df\"},\"breadcrumb\":{\"@id\":\"https:\\\/\\\/www.thebestsocial.media\\\/de\\\/quelle-fabian-koester-ausgedachtes-basler-zitat-wird-von-tv-sender-uebernommen\\\/#breadcrumb\"},\"inLanguage\":\"de\",\"potentialAction\":[{\"@type\":\"ReadAction\",\"target\":[\"https:\\\/\\\/www.thebestsocial.media\\\/de\\\/quelle-fabian-koester-ausgedachtes-basler-zitat-wird-von-tv-sender-uebernommen\\\/\"]}]},{\"@type\":\"ImageObject\",\"inLanguage\":\"de\",\"@id\":\"https:\\\/\\\/www.thebestsocial.media\\\/de\\\/quelle-fabian-koester-ausgedachtes-basler-zitat-wird-von-tv-sender-uebernommen\\\/#primaryimage\",\"url\":\"https:\\\/\\\/www.thebestsocial.media\\\/de\\\/wp-content\\\/uploads\\\/sites\\\/3\\\/2021\\\/10\\\/test-pattern-g1cfb882d9_1280.png\",\"contentUrl\":\"https:\\\/\\\/www.thebestsocial.media\\\/de\\\/wp-content\\\/uploads\\\/sites\\\/3\\\/2021\\\/10\\\/test-pattern-g1cfb882d9_1280.png\",\"width\":1280,\"height\":800},{\"@type\":\"BreadcrumbList\",\"@id\":\"https:\\\/\\\/www.thebestsocial.media\\\/de\\\/quelle-fabian-koester-ausgedachtes-basler-zitat-wird-von-tv-sender-uebernommen\\\/#breadcrumb\",\"itemListElement\":[{\"@type\":\"ListItem\",\"position\":1,\"name\":\"Home\",\"item\":\"https:\\\/\\\/www.thebestsocial.media\\\/de\\\/\"},{\"@type\":\"ListItem\",\"position\":2,\"name\":\"Quelle: Fabian K\u00f6ster &#8211; Ausgedachtes Basler-Zitat wird von TV-Sender \u00fcbernommen\"}]},{\"@type\":\"WebSite\",\"@id\":\"https:\\\/\\\/www.thebestsocial.media\\\/de\\\/#website\",\"url\":\"https:\\\/\\\/www.thebestsocial.media\\\/de\\\/\",\"name\":\"The Best Social Media DE\",\"description\":\"\",\"potentialAction\":[{\"@type\":\"SearchAction\",\"target\":{\"@type\":\"EntryPoint\",\"urlTemplate\":\"https:\\\/\\\/www.thebestsocial.media\\\/de\\\/?s={search_term_string}\"},\"query-input\":{\"@type\":\"PropertyValueSpecification\",\"valueRequired\":true,\"valueName\":\"search_term_string\"}}],\"inLanguage\":\"de\"},{\"@type\":\"Person\",\"@id\":\"https:\\\/\\\/www.thebestsocial.media\\\/de\\\/#\\\/schema\\\/person\\\/6267acc046505b90b912687a039220df\",\"name\":\"Helene Mei\u00dfner\",\"image\":{\"@type\":\"ImageObject\",\"inLanguage\":\"de\",\"@id\":\"https:\\\/\\\/secure.gravatar.com\\\/avatar\\\/6639fc0397860ac2c2e11b018c1f14be4a46c2378a91ac1b35730b724675daa8?s=96&d=mm&r=g\",\"url\":\"https:\\\/\\\/secure.gravatar.com\\\/avatar\\\/6639fc0397860ac2c2e11b018c1f14be4a46c2378a91ac1b35730b724675daa8?s=96&d=mm&r=g\",\"contentUrl\":\"https:\\\/\\\/secure.gravatar.com\\\/avatar\\\/6639fc0397860ac2c2e11b018c1f14be4a46c2378a91ac1b35730b724675daa8?s=96&d=mm&r=g\",\"caption\":\"Helene Mei\u00dfner\"},\"description\":\"Kommt aus Berlin und hat dementsprechend nat\u00fcrlich irgendwas mit Medien studiert. Verlegt oft Dinge, w\u00e4hrend sie sie in der Hand h\u00e4lt. Findet Kauger\u00e4usche unausstehlich. Hat eine Schw\u00e4che f\u00fcr Glitzer und immer mindestens 50 Tabs offen.\",\"sameAs\":[\"https:\\\/\\\/www.instagram.com\\\/he.leni\\\/\"],\"url\":\"https:\\\/\\\/www.thebestsocial.media\\\/de\\\/author\\\/helenemeissner\\\/\"}]}<\/script>\n<!-- \/ Yoast SEO plugin. -->","yoast_head_json":{"title":"Quelle: Fabian K\u00f6ster - Falsches Basler-Zitat von TV-Sender \u00fcbernommen","robots":{"index":"index","follow":"follow","max-snippet":"max-snippet:-1","max-image-preview":"max-image-preview:large","max-video-preview":"max-video-preview:-1"},"canonical":"https:\/\/www.thebestsocial.media\/de\/quelle-fabian-koester-ausgedachtes-basler-zitat-wird-von-tv-sender-uebernommen\/","og_locale":"de_DE","og_type":"article","og_title":"Quelle: Fabian K\u00f6ster - Ausgedachtes Basler-Zitat wird von TV-Sender \u00fcbernommen","og_description":"Mario Basler, fr\u00fcher bekannt f\u00fcr irgendwas mit Fu\u00dfball, heute vor allem bekannt f\u00fcr kesse Spr\u00fcche in schnoddrigem Dialekt, wurde jetzt vom TV-Sender Euronews zitiert. Es...","og_url":"https:\/\/www.thebestsocial.media\/de\/quelle-fabian-koester-ausgedachtes-basler-zitat-wird-von-tv-sender-uebernommen\/","og_site_name":"The Best Social Media DE","article_published_time":"2021-10-26T09:51:39+00:00","og_image":[{"width":1280,"height":720,"url":"https:\/\/www.thebestsocial.media\/de\/wp-content\/uploads\/sites\/3\/2021\/10\/basler.jpeg","type":"image\/jpeg"}],"author":"Helene Mei\u00dfner","twitter_card":"summary_large_image","twitter_misc":{"Verfasst von":"Helene Mei\u00dfner","Gesch\u00e4tzte Lesezeit":"1\u00a0Minute"},"schema":{"@context":"https:\/\/schema.org","@graph":[{"@type":"Article","@id":"https:\/\/www.thebestsocial.media\/de\/quelle-fabian-koester-ausgedachtes-basler-zitat-wird-von-tv-sender-uebernommen\/#article","isPartOf":{"@id":"https:\/\/www.thebestsocial.media\/de\/quelle-fabian-koester-ausgedachtes-basler-zitat-wird-von-tv-sender-uebernommen\/"},"author":{"name":"Helene Mei\u00dfner","@id":"https:\/\/www.thebestsocial.media\/de\/#\/schema\/person\/6267acc046505b90b912687a039220df"},"headline":"Quelle: Fabian K\u00f6ster &#8211; Ausgedachtes Basler-Zitat wird von TV-Sender \u00fcbernommen","datePublished":"2021-10-26T09:51:39+00:00","mainEntityOfPage":{"@id":"https:\/\/www.thebestsocial.media\/de\/quelle-fabian-koester-ausgedachtes-basler-zitat-wird-von-tv-sender-uebernommen\/"},"wordCount":461,"commentCount":0,"image":{"@id":"https:\/\/www.thebestsocial.media\/de\/quelle-fabian-koester-ausgedachtes-basler-zitat-wird-von-tv-sender-uebernommen\/#primaryimage"},"thumbnailUrl":"https:\/\/www.thebestsocial.media\/de\/wp-content\/uploads\/sites\/3\/2021\/10\/test-pattern-g1cfb882d9_1280.png","keywords":["Artikel","Journalismus","Realsatire","TV","Zitate"],"articleSection":["Fail","Twitter","WTF"],"inLanguage":"de","potentialAction":[{"@type":"CommentAction","name":"Comment","target":["https:\/\/www.thebestsocial.media\/de\/quelle-fabian-koester-ausgedachtes-basler-zitat-wird-von-tv-sender-uebernommen\/#respond"]}]},{"@type":"WebPage","@id":"https:\/\/www.thebestsocial.media\/de\/quelle-fabian-koester-ausgedachtes-basler-zitat-wird-von-tv-sender-uebernommen\/","url":"https:\/\/www.thebestsocial.media\/de\/quelle-fabian-koester-ausgedachtes-basler-zitat-wird-von-tv-sender-uebernommen\/","name":"Quelle: Fabian K\u00f6ster - Falsches Basler-Zitat von TV-Sender \u00fcbernommen","isPartOf":{"@id":"https:\/\/www.thebestsocial.media\/de\/#website"},"primaryImageOfPage":{"@id":"https:\/\/www.thebestsocial.media\/de\/quelle-fabian-koester-ausgedachtes-basler-zitat-wird-von-tv-sender-uebernommen\/#primaryimage"},"image":{"@id":"https:\/\/www.thebestsocial.media\/de\/quelle-fabian-koester-ausgedachtes-basler-zitat-wird-von-tv-sender-uebernommen\/#primaryimage"},"thumbnailUrl":"https:\/\/www.thebestsocial.media\/de\/wp-content\/uploads\/sites\/3\/2021\/10\/test-pattern-g1cfb882d9_1280.png","datePublished":"2021-10-26T09:51:39+00:00","author":{"@id":"https:\/\/www.thebestsocial.media\/de\/#\/schema\/person\/6267acc046505b90b912687a039220df"},"breadcrumb":{"@id":"https:\/\/www.thebestsocial.media\/de\/quelle-fabian-koester-ausgedachtes-basler-zitat-wird-von-tv-sender-uebernommen\/#breadcrumb"},"inLanguage":"de","potentialAction":[{"@type":"ReadAction","target":["https:\/\/www.thebestsocial.media\/de\/quelle-fabian-koester-ausgedachtes-basler-zitat-wird-von-tv-sender-uebernommen\/"]}]},{"@type":"ImageObject","inLanguage":"de","@id":"https:\/\/www.thebestsocial.media\/de\/quelle-fabian-koester-ausgedachtes-basler-zitat-wird-von-tv-sender-uebernommen\/#primaryimage","url":"https:\/\/www.thebestsocial.media\/de\/wp-content\/uploads\/sites\/3\/2021\/10\/test-pattern-g1cfb882d9_1280.png","contentUrl":"https:\/\/www.thebestsocial.media\/de\/wp-content\/uploads\/sites\/3\/2021\/10\/test-pattern-g1cfb882d9_1280.png","width":1280,"height":800},{"@type":"BreadcrumbList","@id":"https:\/\/www.thebestsocial.media\/de\/quelle-fabian-koester-ausgedachtes-basler-zitat-wird-von-tv-sender-uebernommen\/#breadcrumb","itemListElement":[{"@type":"ListItem","position":1,"name":"Home","item":"https:\/\/www.thebestsocial.media\/de\/"},{"@type":"ListItem","position":2,"name":"Quelle: Fabian K\u00f6ster &#8211; Ausgedachtes Basler-Zitat wird von TV-Sender \u00fcbernommen"}]},{"@type":"WebSite","@id":"https:\/\/www.thebestsocial.media\/de\/#website","url":"https:\/\/www.thebestsocial.media\/de\/","name":"The Best Social Media DE","description":"","potentialAction":[{"@type":"SearchAction","target":{"@type":"EntryPoint","urlTemplate":"https:\/\/www.thebestsocial.media\/de\/?s={search_term_string}"},"query-input":{"@type":"PropertyValueSpecification","valueRequired":true,"valueName":"search_term_string"}}],"inLanguage":"de"},{"@type":"Person","@id":"https:\/\/www.thebestsocial.media\/de\/#\/schema\/person\/6267acc046505b90b912687a039220df","name":"Helene Mei\u00dfner","image":{"@type":"ImageObject","inLanguage":"de","@id":"https:\/\/secure.gravatar.com\/avatar\/6639fc0397860ac2c2e11b018c1f14be4a46c2378a91ac1b35730b724675daa8?s=96&d=mm&r=g","url":"https:\/\/secure.gravatar.com\/avatar\/6639fc0397860ac2c2e11b018c1f14be4a46c2378a91ac1b35730b724675daa8?s=96&d=mm&r=g","contentUrl":"https:\/\/secure.gravatar.com\/avatar\/6639fc0397860ac2c2e11b018c1f14be4a46c2378a91ac1b35730b724675daa8?s=96&d=mm&r=g","caption":"Helene Mei\u00dfner"},"description":"Kommt aus Berlin und hat dementsprechend nat\u00fcrlich irgendwas mit Medien studiert. Verlegt oft Dinge, w\u00e4hrend sie sie in der Hand h\u00e4lt. Findet Kauger\u00e4usche unausstehlich. Hat eine Schw\u00e4che f\u00fcr Glitzer und immer mindestens 50 Tabs offen.","sameAs":["https:\/\/www.instagram.com\/he.leni\/"],"url":"https:\/\/www.thebestsocial.media\/de\/author\/helenemeissner\/"}]}},"amp_enabled":true,"_links":{"self":[{"href":"https:\/\/www.thebestsocial.media\/de\/wp-json\/wp\/v2\/posts\/152041","targetHints":{"allow":["GET"]}}],"collection":[{"href":"https:\/\/www.thebestsocial.media\/de\/wp-json\/wp\/v2\/posts"}],"about":[{"href":"https:\/\/www.thebestsocial.media\/de\/wp-json\/wp\/v2\/types\/post"}],"author":[{"embeddable":true,"href":"https:\/\/www.thebestsocial.media\/de\/wp-json\/wp\/v2\/users\/73"}],"replies":[{"embeddable":true,"href":"https:\/\/www.thebestsocial.media\/de\/wp-json\/wp\/v2\/comments?post=152041"}],"version-history":[{"count":13,"href":"https:\/\/www.thebestsocial.media\/de\/wp-json\/wp\/v2\/posts\/152041\/revisions"}],"predecessor-version":[{"id":152056,"href":"https:\/\/www.thebestsocial.media\/de\/wp-json\/wp\/v2\/posts\/152041\/revisions\/152056"}],"wp:featuredmedia":[{"embeddable":true,"href":"https:\/\/www.thebestsocial.media\/de\/wp-json\/wp\/v2\/media\/152054"}],"wp:attachment":[{"href":"https:\/\/www.thebestsocial.media\/de\/wp-json\/wp\/v2\/media?parent=152041"}],"wp:term":[{"taxonomy":"category","embeddable":true,"href":"https:\/\/www.thebestsocial.media\/de\/wp-json\/wp\/v2\/categories?post=152041"},{"taxonomy":"post_tag","embeddable":true,"href":"https:\/\/www.thebestsocial.media\/de\/wp-json\/wp\/v2\/tags?post=152041"}],"curies":[{"name":"wp","href":"https:\/\/api.w.org\/{rel}","templated":true}]}}