{"id":151949,"date":"2021-10-22T12:32:54","date_gmt":"2021-10-22T12:32:54","guid":{"rendered":"https:\/\/www.thebestsocial.media\/de\/?p=151949"},"modified":"2021-10-22T12:32:54","modified_gmt":"2021-10-22T12:32:54","slug":"viel-kopfschuetteln-13-influencerinnen-die-vielleicht-den-falschen-beruf-gewaehlt-haben","status":"publish","type":"post","link":"https:\/\/www.thebestsocial.media\/de\/viel-kopfschuetteln-13-influencerinnen-die-vielleicht-den-falschen-beruf-gewaehlt-haben\/","title":{"rendered":"Viel Kopfsch\u00fctteln: 13 Influencer*innen, die vielleicht den falschen Beruf gew\u00e4hlt haben"},"content":{"rendered":"<p>Traumberuf Influencer? Immer mehr j\u00fcngere Menschen streben danach. Vermutlich, weil man gar nicht so viel daf\u00fcr k\u00f6nnen muss. Schwierig wird es dann aber vor allem, wenn Influencer als (schlechte) Vorbilder dienen oder mit ihren zweifelhaften Meinungen hausieren. Und von eben dieser Kategorie gibt es aktuell leider viel zu viele &#8230;<br \/>\n&nbsp;<br \/>\n<strong>1. Suuuuuper Idee<\/strong><\/p>\n<blockquote class=\"twitter-tweet\">\n<p lang=\"de\" dir=\"ltr\">Geil. Bei Facebook bieten lokale Dekoqueens jetzt superh\u00e4ssliche, wahnsinnig leicht entflammbare Weihnachtsdeko f\u00fcr 40\u20ac an. G\u00fcnstiger gab\u2019s den Wohnungsbrand zu Weihnachten nie. \ud83d\udc4c\ud83c\udffb <a href=\"https:\/\/t.co\/aE3hLfb3cY\">pic.twitter.com\/aE3hLfb3cY<\/a><\/p>\n<p>&mdash; Grauburguschi (@frauherbststurm) <a href=\"https:\/\/twitter.com\/frauherbststurm\/status\/1447782501250998275?ref_src=twsrc%5Etfw\">October 12, 2021<\/a><\/p><\/blockquote>\n<p> <script async src=\"https:\/\/platform.twitter.com\/widgets.js\" charset=\"utf-8\"><\/script><br \/>\n&nbsp;<br \/>\n<strong>2. Jeder wei\u00df, wo ihr gezeugt wurdet &#8230;<\/strong><\/p>\n<blockquote class=\"twitter-tweet\">\n<p lang=\"de\" dir=\"ltr\">omg stellt euch vor ihr seid das kind eines influencer p\u00e4rchens&#8230; jeder mensch der welt hat die m\u00f6glichkeit eure babyfotos anzusehen&#8230; jeder wei\u00df wo eure eltern auf hochzeitsreise waren&#8230; jeder wei\u00df wie euer kinderzimmer von innen aussieht&#8230; klingt wie eine black mirror folge<\/p>\n<p>&mdash; \u00f6zge \u015f\u0131m\u00f6zge (@oezgeschmoezge) <a href=\"https:\/\/twitter.com\/oezgeschmoezge\/status\/1359222140197875717?ref_src=twsrc%5Etfw\">February 9, 2021<\/a><\/p><\/blockquote>\n<p> <script async src=\"https:\/\/platform.twitter.com\/widgets.js\" charset=\"utf-8\"><\/script><br \/>\n&nbsp;<br \/>\n<strong>3. Die folgen ihnen doch hoffentlich nicht!<\/strong><\/p>\n<blockquote class=\"twitter-tweet\">\n<p lang=\"de\" dir=\"ltr\">Auf Instagram entschuldigen sich die Influencer st\u00e4ndig bei ihren Followern, wenn sie sich einen Tag nicht gemeldet haben und ich frag mich dann immer wie sich deren Omas dabei f\u00fchlen.<\/p>\n<p>&mdash; Aurel (@aurelmertz) <a href=\"https:\/\/twitter.com\/aurelmertz\/status\/1451285538326171654?ref_src=twsrc%5Etfw\">October 21, 2021<\/a><\/p><\/blockquote>\n<p> <script async src=\"https:\/\/platform.twitter.com\/widgets.js\" charset=\"utf-8\"><\/script><br \/>\n&nbsp;<br \/>\n<strong>4. Influencer-Logik (f\u00fcr das komplette Bild auf den Tweet klicken)<\/strong><\/p>\n<blockquote class=\"twitter-tweet\">\n<p lang=\"de\" dir=\"ltr\">omg pl\u00f6tzlich existieren miete und andere haushaltskosten nicht mehr <a href=\"https:\/\/t.co\/zxKTOdA4iZ\">pic.twitter.com\/zxKTOdA4iZ<\/a><\/p>\n<p>&mdash; hamz account no. 6 (@kahihamz) <a href=\"https:\/\/twitter.com\/kahihamz\/status\/1450520987875909635?ref_src=twsrc%5Etfw\">October 19, 2021<\/a><\/p><\/blockquote>\n<p> <script async src=\"https:\/\/platform.twitter.com\/widgets.js\" charset=\"utf-8\"><\/script><br \/>\n&nbsp;<br \/>\n<strong>5. Aber ansonsten kannst du dich nat\u00fcrlich frei ausleben<\/strong><\/p>\n<blockquote class=\"twitter-tweet\">\n<p lang=\"de\" dir=\"ltr\">Familiendrama 2038:<\/p>\n<p>&quot;Ich w\u00fcrde gerne was studieren, z.B. Linguistik&#8230;&quot;<\/p>\n<p>&quot;Nix da! Du \u00fcbernimmst den Youtube-Kanal deiner Mutter, Ende der Diskussion!&quot;<\/p>\n<p>&mdash; Marty (@Bergratte) <a href=\"https:\/\/twitter.com\/Bergratte\/status\/1252273872205942790?ref_src=twsrc%5Etfw\">April 20, 2020<\/a><\/p><\/blockquote>\n<p> <script async src=\"https:\/\/platform.twitter.com\/widgets.js\" charset=\"utf-8\"><\/script><br \/>\n&nbsp;<br \/>\n<strong>6. Kennen wir!<\/strong><\/p>\n<blockquote class=\"twitter-tweet\">\n<p lang=\"de\" dir=\"ltr\">\u201eWas machst du beruflich?\u201c<\/p>\n<p>\u201eIch bin Influencer.\u201c<\/p>\n<p>\u201eUnd du?\u201c<\/p>\n<p>\u201eIch mache auch nichts.\u201c<\/p>\n<p>&mdash; Buettscher (@Buettscher) <a href=\"https:\/\/twitter.com\/Buettscher\/status\/1293963086047715328?ref_src=twsrc%5Etfw\">August 13, 2020<\/a><\/p><\/blockquote>\n<p> <script async src=\"https:\/\/platform.twitter.com\/widgets.js\" charset=\"utf-8\"><\/script><br \/>\n&nbsp;<br \/>\n<strong>7. Es stehen eindeutig die falschen in der \u00d6ffentlichkeit<\/strong><\/p>\n<blockquote class=\"twitter-tweet\">\n<p lang=\"de\" dir=\"ltr\">Influencer wie Dagi und Kelly werben mit &quot;Abnehmpillen\/shake&quot;, andere erz\u00e4hlen dir etwas von &quot;Sonnenschutz von INNEN&quot;. <br \/>Ich w\u00fcnschte,ich w\u00fcrde mit meiner &quot;Reichweite&quot; junge M\u00e4dels erreichen und ihnen klar machen, wie gef\u00e4hrlich das ist.<\/p>\n<p>&mdash; Lilly (@PrinzessinBacon) <a href=\"https:\/\/twitter.com\/PrinzessinBacon\/status\/1292102711752699907?ref_src=twsrc%5Etfw\">August 8, 2020<\/a><\/p><\/blockquote>\n<p> <script async src=\"https:\/\/platform.twitter.com\/widgets.js\" charset=\"utf-8\"><\/script><br \/>\n&nbsp;<br \/>\n<strong>8. Alter! <\/strong><\/p>\n<blockquote class=\"twitter-tweet\">\n<p lang=\"de\" dir=\"ltr\">Eine TikTokerin stellt Bilder ihres neugeborenen Babys hinter eine Paywall f\u00fcr ihre Follower. <\/p>\n<p>Genug Internet f\u00fcr heute.<\/p>\n<p>&mdash; Kupferfuchs (@KupferFuchs) <a href=\"https:\/\/twitter.com\/KupferFuchs\/status\/1444959532661227523?ref_src=twsrc%5Etfw\">October 4, 2021<\/a><\/p><\/blockquote>\n<p> <script async src=\"https:\/\/platform.twitter.com\/widgets.js\" charset=\"utf-8\"><\/script><br \/>\n&nbsp;<br \/>\n<strong>9. Achja und dann war da noch er hier:<\/strong><\/p>\n<blockquote class=\"twitter-tweet\">\n<p lang=\"de\" dir=\"ltr\">Henryk St\u00f6ckl ist einer der auff\u00e4lligsten rechten Meinungsmacher in \ud83c\udde9\ud83c\uddea. Auf Facebook und YouTube verbreitet er falsche Fakten oder Behauptungen. Wir haben ihn zu einem Interview getroffen und gefragt, was seine Quellen sind:<\/p>\n<p>Hier die ganze Recherche: <a href=\"https:\/\/t.co\/eEcRKcMiIq\">https:\/\/t.co\/eEcRKcMiIq<\/a> <a href=\"https:\/\/t.co\/oEsLuP4dEn\">pic.twitter.com\/oEsLuP4dEn<\/a><\/p>\n<p>&mdash; Ippen Investigativ (@i_investigativ) <a href=\"https:\/\/twitter.com\/i_investigativ\/status\/1064538241880203264?ref_src=twsrc%5Etfw\">November 19, 2018<\/a><\/p><\/blockquote>\n<p> <script async src=\"https:\/\/platform.twitter.com\/widgets.js\" charset=\"utf-8\"><\/script><br \/>\n&nbsp;<br \/>\n<strong>10. Fast schon ein moderner Klassiker!<\/strong><\/p>\n<blockquote class=\"twitter-tweet\">\n<p lang=\"de\" dir=\"ltr\">influencer posten bilder mit save our planet pulli aber fliegen mit dem flugzeug innerhalb deutschlands L O L <a href=\"https:\/\/t.co\/s7r6RoRTHk\">pic.twitter.com\/s7r6RoRTHk<\/a><\/p>\n<p>&mdash; sevi \ud83c\udf83 (@mfgsevi) <a href=\"https:\/\/twitter.com\/mfgsevi\/status\/1057625449424023552?ref_src=twsrc%5Etfw\">October 31, 2018<\/a><\/p><\/blockquote>\n<p> <script async src=\"https:\/\/platform.twitter.com\/widgets.js\" charset=\"utf-8\"><\/script><br \/>\n&nbsp;<br \/>\n<strong>11. Ganz sch\u00f6n lit, dieses Politiktok-Ding<\/strong><\/p>\n<blockquote class=\"twitter-tweet\">\n<p lang=\"de\" dir=\"ltr\">Influencer sagen &quot;es geht politisch grade viel ab&quot; weil 1 politisches Thema durch ihre drei Kilometer dicke bubble-wand gedrungen ist. Nein bro es geht jeden tag so viel ab&amp;die politischen K\u00e4mpfe die letztes mal &quot;im trend&quot; waren sind nicht beendet nur weil du davon nix mehr h\u00f6rst<\/p>\n<p>&mdash; Dings (@dingsey) <a href=\"https:\/\/twitter.com\/dingsey\/status\/1427555214555504643?ref_src=twsrc%5Etfw\">August 17, 2021<\/a><\/p><\/blockquote>\n<p> <script async src=\"https:\/\/platform.twitter.com\/widgets.js\" charset=\"utf-8\"><\/script><br \/>\n&nbsp;<br \/>\n<strong>12. Ja, warum eigentlich nicht?<\/strong><\/p>\n<blockquote class=\"twitter-tweet\">\n<p lang=\"de\" dir=\"ltr\">Neues Social Media-Hobby<\/p>\n<p>Unter die Bilder leicht bekleideter Influencerinnen<\/p>\n<p>&quot;Das ist doch k\u00fchl, du holst dir noch eine Blasenentz\u00fcndung! Vielleicht sogar eine vereiterte Harnr\u00f6hre!&quot;<\/p>\n<p>schreiben.<a href=\"https:\/\/twitter.com\/hashtag\/Hobby?src=hash&amp;ref_src=twsrc%5Etfw\">#Hobby<\/a><\/p>\n<p>&mdash; reda el arbi (@redder66) <a href=\"https:\/\/twitter.com\/redder66\/status\/1444691567269269504?ref_src=twsrc%5Etfw\">October 3, 2021<\/a><\/p><\/blockquote>\n<p> <script async src=\"https:\/\/platform.twitter.com\/widgets.js\" charset=\"utf-8\"><\/script><br \/>\n&nbsp;<br \/>\n<strong>13. Und jetzt alle Influencer mal aufpassen, wie man das richtig macht:<\/strong><\/p>\n<blockquote class=\"twitter-tweet\">\n<p lang=\"de\" dir=\"ltr\">Ok, dieser <a href=\"https:\/\/twitter.com\/hashtag\/zib2?src=hash&amp;ref_src=twsrc%5Etfw\">#zib2<\/a>-Moment ist jetzt schon legend\u00e4r&#8230; <a href=\"https:\/\/t.co\/XQPM2C1Naw\">pic.twitter.com\/XQPM2C1Naw<\/a><\/p>\n<p>&mdash; Matthias Schnetzer (@matschnetzer) <a href=\"https:\/\/twitter.com\/matschnetzer\/status\/1450207534585892874?ref_src=twsrc%5Etfw\">October 18, 2021<\/a><\/p><\/blockquote>\n<p> <script async src=\"https:\/\/platform.twitter.com\/widgets.js\" charset=\"utf-8\"><\/script><br \/>\n&nbsp;<br \/>\n___<br \/>\nDanke an alle f\u00fcr die Postings!<br \/>\n___<br \/>\n<strong>PSST! Am Mittwoch den 28. Oktober kommt The Best Social mit einem neuen Event um die Ecke:\u00a0<a href=\"https:\/\/www.thebestsocialconference.com\/\" target=\"_blank\" rel=\"noopener\">The Best Social Conference<\/a>. 100% online, social und international. Das willst du nicht verpassen! Vortr\u00e4ge von u.A. Pablo Rochat, Panels und Workshops \u00fcber VR, TikTok, Social Impact und noch viel mehr. Early Bird Tickets jetzt verf\u00fcgbar, also schnell sein!<\/strong><\/p>\n<p>\u2014<\/p>\n<blockquote class=\"instagram-media\" style=\"background: #FFF; border: 0; border-radius: 3px; box-shadow: 0 0 1px 0 rgba(0,0,0,0.5),0 1px 10px 0 rgba(0,0,0,0.15); margin: 1px; max-width: 540px; min-width: 326px; padding: 0; width: calc(100% - 2px);\" data-instgrm-captioned=\"\" data-instgrm-permalink=\"https:\/\/www.instagram.com\/p\/CTEt7yUqlgx\/?utm_source=ig_embed&amp;utm_campaign=loading\" data-instgrm-version=\"14\">\n<div style=\"padding: 16px;\">\n<p>&nbsp;<\/p>\n<div style=\"display: flex; flex-direction: row; align-items: center;\">\n<div style=\"background-color: #f4f4f4; border-radius: 50%; flex-grow: 0; height: 40px; margin-right: 14px; width: 40px;\"><\/div>\n<div style=\"display: flex; flex-direction: column; flex-grow: 1; justify-content: center;\">\n<div style=\"background-color: #f4f4f4; border-radius: 4px; flex-grow: 0; height: 14px; margin-bottom: 6px; width: 100px;\"><\/div>\n<div style=\"background-color: #f4f4f4; border-radius: 4px; flex-grow: 0; height: 14px; width: 60px;\"><\/div>\n<\/div>\n<\/div>\n<div style=\"padding: 19% 0;\"><\/div>\n<div style=\"display: block; height: 50px; margin: 0 auto 12px; width: 50px;\"><\/div>\n<div style=\"padding-top: 8px;\">\n<div style=\"color: #3897f0; font-family: Arial,sans-serif; font-size: 14px; font-style: normal; font-weight: 550; line-height: 18px;\">Sieh dir diesen Beitrag auf Instagram an<\/div>\n<\/div>\n<div style=\"padding: 12.5% 0;\"><\/div>\n<div style=\"display: flex; flex-direction: row; margin-bottom: 14px; align-items: center;\">\n<div>\n<div style=\"background-color: #f4f4f4; border-radius: 50%; height: 12.5px; width: 12.5px; transform: translateX(0px) translateY(7px);\"><\/div>\n<div style=\"background-color: #f4f4f4; height: 12.5px; transform: rotate(-45deg) translateX(3px) translateY(1px); width: 12.5px; flex-grow: 0; margin-right: 14px; margin-left: 2px;\"><\/div>\n<div style=\"background-color: #f4f4f4; border-radius: 50%; height: 12.5px; width: 12.5px; transform: translateX(9px) translateY(-18px);\"><\/div>\n<\/div>\n<div style=\"margin-left: 8px;\">\n<div style=\"background-color: #f4f4f4; border-radius: 50%; flex-grow: 0; height: 20px; width: 20px;\"><\/div>\n<div style=\"width: 0; height: 0; border-top: 2px solid transparent; border-left: 6px solid #f4f4f4; border-bottom: 2px solid transparent; transform: translateX(16px) translateY(-4px) rotate(30deg);\"><\/div>\n<\/div>\n<div style=\"margin-left: auto;\">\n<div style=\"width: 0px; border-top: 8px solid #F4F4F4; border-right: 8px solid transparent; transform: translateY(16px);\"><\/div>\n<div style=\"background-color: #f4f4f4; flex-grow: 0; height: 12px; width: 16px; transform: translateY(-4px);\"><\/div>\n<div style=\"width: 0; height: 0; border-top: 8px solid #F4F4F4; border-left: 8px solid transparent; transform: translateY(-4px) translateX(8px);\"><\/div>\n<\/div>\n<\/div>\n<div style=\"display: flex; flex-direction: column; flex-grow: 1; justify-content: center; margin-bottom: 24px;\">\n<div style=\"background-color: #f4f4f4; border-radius: 4px; flex-grow: 0; height: 14px; margin-bottom: 6px; width: 224px;\"><\/div>\n<div style=\"background-color: #f4f4f4; border-radius: 4px; flex-grow: 0; height: 14px; width: 144px;\"><\/div>\n<\/div>\n<p>&nbsp;<\/p>\n<p style=\"color: #c9c8cd; font-family: Arial,sans-serif; font-size: 14px; line-height: 17px; margin-bottom: 0; margin-top: 8px; overflow: hidden; padding: 8px 0 7px; text-align: center; text-overflow: ellipsis; white-space: nowrap;\"><a style=\"color: #c9c8cd; font-family: Arial,sans-serif; font-size: 14px; font-style: normal; font-weight: normal; line-height: 17px; text-decoration: none;\" href=\"https:\/\/www.instagram.com\/p\/CTEt7yUqlgx\/?utm_source=ig_embed&amp;utm_campaign=loading\" target=\"_blank\" rel=\"noopener\">Ein Beitrag geteilt von The Best Social Conference (@thebestsocialconference)<\/a><\/p>\n<\/div>\n<\/blockquote>\n\n<script async defer src=\"\/instagram-embed.js\"><\/script>","protected":false},"excerpt":{"rendered":"<p>Traumberuf Influencer? Immer mehr j\u00fcngere Menschen streben danach. Vermutlich, weil man gar nicht so viel daf\u00fcr k\u00f6nnen muss. Schwierig wird es dann aber vor allem,&#8230;<\/p>\n","protected":false},"author":65,"featured_media":151954,"comment_status":"open","ping_status":"open","sticky":false,"template":"","format":"standard","meta":{"_acf_changed":false,"footnotes":""},"categories":[1777,1774],"tags":[929],"class_list":["post-151949","post","type-post","status-publish","format-standard","has-post-thumbnail","hentry","category-influencer","category-the-worst-of-social-media","tag-influencer"],"acf":[],"yoast_head":"<!-- This site is optimized with the Yoast SEO plugin v27.5 - https:\/\/yoast.com\/product\/yoast-seo-wordpress\/ -->\n<title>Viel Kopfsch\u00fctteln: 13 Influencer, die den falschen Beruf gew\u00e4hlt haben<\/title>\n<meta name=\"robots\" content=\"index, follow, max-snippet:-1, max-image-preview:large, max-video-preview:-1\" \/>\n<link rel=\"canonical\" href=\"https:\/\/www.thebestsocial.media\/de\/viel-kopfschuetteln-13-influencerinnen-die-vielleicht-den-falschen-beruf-gewaehlt-haben\/\" \/>\n<meta property=\"og:locale\" content=\"de_DE\" \/>\n<meta property=\"og:type\" content=\"article\" \/>\n<meta property=\"og:title\" content=\"Viel Kopfsch\u00fctteln: 13 Influencer*innen, die vielleicht den falschen Beruf gew\u00e4hlt haben\" \/>\n<meta property=\"og:description\" content=\"Traumberuf Influencer? Immer mehr j\u00fcngere Menschen streben danach. Vermutlich, weil man gar nicht so viel daf\u00fcr k\u00f6nnen muss. Schwierig wird es dann aber vor allem,...\" \/>\n<meta property=\"og:url\" content=\"https:\/\/www.thebestsocial.media\/de\/viel-kopfschuetteln-13-influencerinnen-die-vielleicht-den-falschen-beruf-gewaehlt-haben\/\" \/>\n<meta property=\"og:site_name\" content=\"The Best Social Media DE\" \/>\n<meta property=\"article:published_time\" content=\"2021-10-22T12:32:54+00:00\" \/>\n<meta property=\"og:image\" content=\"https:\/\/www.thebestsocial.media\/de\/wp-content\/uploads\/sites\/3\/2021\/10\/Header-Influ.png\" \/>\n\t<meta property=\"og:image:width\" content=\"1200\" \/>\n\t<meta property=\"og:image:height\" content=\"630\" \/>\n\t<meta property=\"og:image:type\" content=\"image\/png\" \/>\n<meta name=\"author\" content=\"Jan\" \/>\n<meta name=\"twitter:card\" content=\"summary_large_image\" \/>\n<meta name=\"twitter:label1\" content=\"Verfasst von\" \/>\n\t<meta name=\"twitter:data1\" content=\"Jan\" \/>\n\t<meta name=\"twitter:label2\" content=\"Gesch\u00e4tzte Lesezeit\" \/>\n\t<meta name=\"twitter:data2\" content=\"3\u00a0Minuten\" \/>\n<script type=\"application\/ld+json\" class=\"yoast-schema-graph\">{\"@context\":\"https:\\\/\\\/schema.org\",\"@graph\":[{\"@type\":\"Article\",\"@id\":\"https:\\\/\\\/www.thebestsocial.media\\\/de\\\/viel-kopfschuetteln-13-influencerinnen-die-vielleicht-den-falschen-beruf-gewaehlt-haben\\\/#article\",\"isPartOf\":{\"@id\":\"https:\\\/\\\/www.thebestsocial.media\\\/de\\\/viel-kopfschuetteln-13-influencerinnen-die-vielleicht-den-falschen-beruf-gewaehlt-haben\\\/\"},\"author\":{\"name\":\"Jan\",\"@id\":\"https:\\\/\\\/www.thebestsocial.media\\\/de\\\/#\\\/schema\\\/person\\\/03b8d8d2905b97b499c8e0808b724821\"},\"headline\":\"Viel Kopfsch\u00fctteln: 13 Influencer*innen, die vielleicht den falschen Beruf gew\u00e4hlt haben\",\"datePublished\":\"2021-10-22T12:32:54+00:00\",\"mainEntityOfPage\":{\"@id\":\"https:\\\/\\\/www.thebestsocial.media\\\/de\\\/viel-kopfschuetteln-13-influencerinnen-die-vielleicht-den-falschen-beruf-gewaehlt-haben\\\/\"},\"wordCount\":697,\"commentCount\":0,\"image\":{\"@id\":\"https:\\\/\\\/www.thebestsocial.media\\\/de\\\/viel-kopfschuetteln-13-influencerinnen-die-vielleicht-den-falschen-beruf-gewaehlt-haben\\\/#primaryimage\"},\"thumbnailUrl\":\"https:\\\/\\\/www.thebestsocial.media\\\/de\\\/wp-content\\\/uploads\\\/sites\\\/3\\\/2021\\\/10\\\/Sticki.jpg\",\"keywords\":[\"Influencer\"],\"articleSection\":[\"Influencer\",\"The Worst of Social Media\"],\"inLanguage\":\"de\",\"potentialAction\":[{\"@type\":\"CommentAction\",\"name\":\"Comment\",\"target\":[\"https:\\\/\\\/www.thebestsocial.media\\\/de\\\/viel-kopfschuetteln-13-influencerinnen-die-vielleicht-den-falschen-beruf-gewaehlt-haben\\\/#respond\"]}]},{\"@type\":\"WebPage\",\"@id\":\"https:\\\/\\\/www.thebestsocial.media\\\/de\\\/viel-kopfschuetteln-13-influencerinnen-die-vielleicht-den-falschen-beruf-gewaehlt-haben\\\/\",\"url\":\"https:\\\/\\\/www.thebestsocial.media\\\/de\\\/viel-kopfschuetteln-13-influencerinnen-die-vielleicht-den-falschen-beruf-gewaehlt-haben\\\/\",\"name\":\"Viel Kopfsch\u00fctteln: 13 Influencer, die den falschen Beruf gew\u00e4hlt haben\",\"isPartOf\":{\"@id\":\"https:\\\/\\\/www.thebestsocial.media\\\/de\\\/#website\"},\"primaryImageOfPage\":{\"@id\":\"https:\\\/\\\/www.thebestsocial.media\\\/de\\\/viel-kopfschuetteln-13-influencerinnen-die-vielleicht-den-falschen-beruf-gewaehlt-haben\\\/#primaryimage\"},\"image\":{\"@id\":\"https:\\\/\\\/www.thebestsocial.media\\\/de\\\/viel-kopfschuetteln-13-influencerinnen-die-vielleicht-den-falschen-beruf-gewaehlt-haben\\\/#primaryimage\"},\"thumbnailUrl\":\"https:\\\/\\\/www.thebestsocial.media\\\/de\\\/wp-content\\\/uploads\\\/sites\\\/3\\\/2021\\\/10\\\/Sticki.jpg\",\"datePublished\":\"2021-10-22T12:32:54+00:00\",\"author\":{\"@id\":\"https:\\\/\\\/www.thebestsocial.media\\\/de\\\/#\\\/schema\\\/person\\\/03b8d8d2905b97b499c8e0808b724821\"},\"breadcrumb\":{\"@id\":\"https:\\\/\\\/www.thebestsocial.media\\\/de\\\/viel-kopfschuetteln-13-influencerinnen-die-vielleicht-den-falschen-beruf-gewaehlt-haben\\\/#breadcrumb\"},\"inLanguage\":\"de\",\"potentialAction\":[{\"@type\":\"ReadAction\",\"target\":[\"https:\\\/\\\/www.thebestsocial.media\\\/de\\\/viel-kopfschuetteln-13-influencerinnen-die-vielleicht-den-falschen-beruf-gewaehlt-haben\\\/\"]}]},{\"@type\":\"ImageObject\",\"inLanguage\":\"de\",\"@id\":\"https:\\\/\\\/www.thebestsocial.media\\\/de\\\/viel-kopfschuetteln-13-influencerinnen-die-vielleicht-den-falschen-beruf-gewaehlt-haben\\\/#primaryimage\",\"url\":\"https:\\\/\\\/www.thebestsocial.media\\\/de\\\/wp-content\\\/uploads\\\/sites\\\/3\\\/2021\\\/10\\\/Sticki.jpg\",\"contentUrl\":\"https:\\\/\\\/www.thebestsocial.media\\\/de\\\/wp-content\\\/uploads\\\/sites\\\/3\\\/2021\\\/10\\\/Sticki.jpg\",\"width\":1920,\"height\":1080},{\"@type\":\"BreadcrumbList\",\"@id\":\"https:\\\/\\\/www.thebestsocial.media\\\/de\\\/viel-kopfschuetteln-13-influencerinnen-die-vielleicht-den-falschen-beruf-gewaehlt-haben\\\/#breadcrumb\",\"itemListElement\":[{\"@type\":\"ListItem\",\"position\":1,\"name\":\"Home\",\"item\":\"https:\\\/\\\/www.thebestsocial.media\\\/de\\\/\"},{\"@type\":\"ListItem\",\"position\":2,\"name\":\"Viel Kopfsch\u00fctteln: 13 Influencer*innen, die vielleicht den falschen Beruf gew\u00e4hlt haben\"}]},{\"@type\":\"WebSite\",\"@id\":\"https:\\\/\\\/www.thebestsocial.media\\\/de\\\/#website\",\"url\":\"https:\\\/\\\/www.thebestsocial.media\\\/de\\\/\",\"name\":\"The Best Social Media DE\",\"description\":\"\",\"potentialAction\":[{\"@type\":\"SearchAction\",\"target\":{\"@type\":\"EntryPoint\",\"urlTemplate\":\"https:\\\/\\\/www.thebestsocial.media\\\/de\\\/?s={search_term_string}\"},\"query-input\":{\"@type\":\"PropertyValueSpecification\",\"valueRequired\":true,\"valueName\":\"search_term_string\"}}],\"inLanguage\":\"de\"},{\"@type\":\"Person\",\"@id\":\"https:\\\/\\\/www.thebestsocial.media\\\/de\\\/#\\\/schema\\\/person\\\/03b8d8d2905b97b499c8e0808b724821\",\"name\":\"Jan\",\"image\":{\"@type\":\"ImageObject\",\"inLanguage\":\"de\",\"@id\":\"https:\\\/\\\/secure.gravatar.com\\\/avatar\\\/6977c5e4d81f2a717dcf76e5e74d7a00b583f3f83a2b00830dedfc799d928343?s=96&d=mm&r=g\",\"url\":\"https:\\\/\\\/secure.gravatar.com\\\/avatar\\\/6977c5e4d81f2a717dcf76e5e74d7a00b583f3f83a2b00830dedfc799d928343?s=96&d=mm&r=g\",\"contentUrl\":\"https:\\\/\\\/secure.gravatar.com\\\/avatar\\\/6977c5e4d81f2a717dcf76e5e74d7a00b583f3f83a2b00830dedfc799d928343?s=96&d=mm&r=g\",\"caption\":\"Jan\"},\"description\":\"Wohnt in M\u00fcnchen, hat aber bis heute keine Ahnung, wie er dort gelandet ist. W\u00fcnscht sich manchmal eine dritte Stimme im Kopf, die ihn davon abh\u00e4lt, auszusprechen, was er gerade denkt. Mag Sport und jeden Kartoffelchip einzeln zu essen. Hasst es, sich auf neue Duschen einstellen zu m\u00fcssen. In einer Beziehung mit Social Media \u2013 aber es ist kompliziert.\",\"url\":\"https:\\\/\\\/www.thebestsocial.media\\\/de\\\/author\\\/janhorstkoetter\\\/\"}]}<\/script>\n<!-- \/ Yoast SEO plugin. -->","yoast_head_json":{"title":"Viel Kopfsch\u00fctteln: 13 Influencer, die den falschen Beruf gew\u00e4hlt haben","robots":{"index":"index","follow":"follow","max-snippet":"max-snippet:-1","max-image-preview":"max-image-preview:large","max-video-preview":"max-video-preview:-1"},"canonical":"https:\/\/www.thebestsocial.media\/de\/viel-kopfschuetteln-13-influencerinnen-die-vielleicht-den-falschen-beruf-gewaehlt-haben\/","og_locale":"de_DE","og_type":"article","og_title":"Viel Kopfsch\u00fctteln: 13 Influencer*innen, die vielleicht den falschen Beruf gew\u00e4hlt haben","og_description":"Traumberuf Influencer? Immer mehr j\u00fcngere Menschen streben danach. Vermutlich, weil man gar nicht so viel daf\u00fcr k\u00f6nnen muss. Schwierig wird es dann aber vor allem,...","og_url":"https:\/\/www.thebestsocial.media\/de\/viel-kopfschuetteln-13-influencerinnen-die-vielleicht-den-falschen-beruf-gewaehlt-haben\/","og_site_name":"The Best Social Media DE","article_published_time":"2021-10-22T12:32:54+00:00","og_image":[{"width":1200,"height":630,"url":"https:\/\/www.thebestsocial.media\/de\/wp-content\/uploads\/sites\/3\/2021\/10\/Header-Influ.png","type":"image\/png"}],"author":"Jan","twitter_card":"summary_large_image","twitter_misc":{"Verfasst von":"Jan","Gesch\u00e4tzte Lesezeit":"3\u00a0Minuten"},"schema":{"@context":"https:\/\/schema.org","@graph":[{"@type":"Article","@id":"https:\/\/www.thebestsocial.media\/de\/viel-kopfschuetteln-13-influencerinnen-die-vielleicht-den-falschen-beruf-gewaehlt-haben\/#article","isPartOf":{"@id":"https:\/\/www.thebestsocial.media\/de\/viel-kopfschuetteln-13-influencerinnen-die-vielleicht-den-falschen-beruf-gewaehlt-haben\/"},"author":{"name":"Jan","@id":"https:\/\/www.thebestsocial.media\/de\/#\/schema\/person\/03b8d8d2905b97b499c8e0808b724821"},"headline":"Viel Kopfsch\u00fctteln: 13 Influencer*innen, die vielleicht den falschen Beruf gew\u00e4hlt haben","datePublished":"2021-10-22T12:32:54+00:00","mainEntityOfPage":{"@id":"https:\/\/www.thebestsocial.media\/de\/viel-kopfschuetteln-13-influencerinnen-die-vielleicht-den-falschen-beruf-gewaehlt-haben\/"},"wordCount":697,"commentCount":0,"image":{"@id":"https:\/\/www.thebestsocial.media\/de\/viel-kopfschuetteln-13-influencerinnen-die-vielleicht-den-falschen-beruf-gewaehlt-haben\/#primaryimage"},"thumbnailUrl":"https:\/\/www.thebestsocial.media\/de\/wp-content\/uploads\/sites\/3\/2021\/10\/Sticki.jpg","keywords":["Influencer"],"articleSection":["Influencer","The Worst of Social Media"],"inLanguage":"de","potentialAction":[{"@type":"CommentAction","name":"Comment","target":["https:\/\/www.thebestsocial.media\/de\/viel-kopfschuetteln-13-influencerinnen-die-vielleicht-den-falschen-beruf-gewaehlt-haben\/#respond"]}]},{"@type":"WebPage","@id":"https:\/\/www.thebestsocial.media\/de\/viel-kopfschuetteln-13-influencerinnen-die-vielleicht-den-falschen-beruf-gewaehlt-haben\/","url":"https:\/\/www.thebestsocial.media\/de\/viel-kopfschuetteln-13-influencerinnen-die-vielleicht-den-falschen-beruf-gewaehlt-haben\/","name":"Viel Kopfsch\u00fctteln: 13 Influencer, die den falschen Beruf gew\u00e4hlt haben","isPartOf":{"@id":"https:\/\/www.thebestsocial.media\/de\/#website"},"primaryImageOfPage":{"@id":"https:\/\/www.thebestsocial.media\/de\/viel-kopfschuetteln-13-influencerinnen-die-vielleicht-den-falschen-beruf-gewaehlt-haben\/#primaryimage"},"image":{"@id":"https:\/\/www.thebestsocial.media\/de\/viel-kopfschuetteln-13-influencerinnen-die-vielleicht-den-falschen-beruf-gewaehlt-haben\/#primaryimage"},"thumbnailUrl":"https:\/\/www.thebestsocial.media\/de\/wp-content\/uploads\/sites\/3\/2021\/10\/Sticki.jpg","datePublished":"2021-10-22T12:32:54+00:00","author":{"@id":"https:\/\/www.thebestsocial.media\/de\/#\/schema\/person\/03b8d8d2905b97b499c8e0808b724821"},"breadcrumb":{"@id":"https:\/\/www.thebestsocial.media\/de\/viel-kopfschuetteln-13-influencerinnen-die-vielleicht-den-falschen-beruf-gewaehlt-haben\/#breadcrumb"},"inLanguage":"de","potentialAction":[{"@type":"ReadAction","target":["https:\/\/www.thebestsocial.media\/de\/viel-kopfschuetteln-13-influencerinnen-die-vielleicht-den-falschen-beruf-gewaehlt-haben\/"]}]},{"@type":"ImageObject","inLanguage":"de","@id":"https:\/\/www.thebestsocial.media\/de\/viel-kopfschuetteln-13-influencerinnen-die-vielleicht-den-falschen-beruf-gewaehlt-haben\/#primaryimage","url":"https:\/\/www.thebestsocial.media\/de\/wp-content\/uploads\/sites\/3\/2021\/10\/Sticki.jpg","contentUrl":"https:\/\/www.thebestsocial.media\/de\/wp-content\/uploads\/sites\/3\/2021\/10\/Sticki.jpg","width":1920,"height":1080},{"@type":"BreadcrumbList","@id":"https:\/\/www.thebestsocial.media\/de\/viel-kopfschuetteln-13-influencerinnen-die-vielleicht-den-falschen-beruf-gewaehlt-haben\/#breadcrumb","itemListElement":[{"@type":"ListItem","position":1,"name":"Home","item":"https:\/\/www.thebestsocial.media\/de\/"},{"@type":"ListItem","position":2,"name":"Viel Kopfsch\u00fctteln: 13 Influencer*innen, die vielleicht den falschen Beruf gew\u00e4hlt haben"}]},{"@type":"WebSite","@id":"https:\/\/www.thebestsocial.media\/de\/#website","url":"https:\/\/www.thebestsocial.media\/de\/","name":"The Best Social Media DE","description":"","potentialAction":[{"@type":"SearchAction","target":{"@type":"EntryPoint","urlTemplate":"https:\/\/www.thebestsocial.media\/de\/?s={search_term_string}"},"query-input":{"@type":"PropertyValueSpecification","valueRequired":true,"valueName":"search_term_string"}}],"inLanguage":"de"},{"@type":"Person","@id":"https:\/\/www.thebestsocial.media\/de\/#\/schema\/person\/03b8d8d2905b97b499c8e0808b724821","name":"Jan","image":{"@type":"ImageObject","inLanguage":"de","@id":"https:\/\/secure.gravatar.com\/avatar\/6977c5e4d81f2a717dcf76e5e74d7a00b583f3f83a2b00830dedfc799d928343?s=96&d=mm&r=g","url":"https:\/\/secure.gravatar.com\/avatar\/6977c5e4d81f2a717dcf76e5e74d7a00b583f3f83a2b00830dedfc799d928343?s=96&d=mm&r=g","contentUrl":"https:\/\/secure.gravatar.com\/avatar\/6977c5e4d81f2a717dcf76e5e74d7a00b583f3f83a2b00830dedfc799d928343?s=96&d=mm&r=g","caption":"Jan"},"description":"Wohnt in M\u00fcnchen, hat aber bis heute keine Ahnung, wie er dort gelandet ist. W\u00fcnscht sich manchmal eine dritte Stimme im Kopf, die ihn davon abh\u00e4lt, auszusprechen, was er gerade denkt. Mag Sport und jeden Kartoffelchip einzeln zu essen. Hasst es, sich auf neue Duschen einstellen zu m\u00fcssen. In einer Beziehung mit Social Media \u2013 aber es ist kompliziert.","url":"https:\/\/www.thebestsocial.media\/de\/author\/janhorstkoetter\/"}]}},"amp_enabled":true,"_links":{"self":[{"href":"https:\/\/www.thebestsocial.media\/de\/wp-json\/wp\/v2\/posts\/151949","targetHints":{"allow":["GET"]}}],"collection":[{"href":"https:\/\/www.thebestsocial.media\/de\/wp-json\/wp\/v2\/posts"}],"about":[{"href":"https:\/\/www.thebestsocial.media\/de\/wp-json\/wp\/v2\/types\/post"}],"author":[{"embeddable":true,"href":"https:\/\/www.thebestsocial.media\/de\/wp-json\/wp\/v2\/users\/65"}],"replies":[{"embeddable":true,"href":"https:\/\/www.thebestsocial.media\/de\/wp-json\/wp\/v2\/comments?post=151949"}],"version-history":[{"count":3,"href":"https:\/\/www.thebestsocial.media\/de\/wp-json\/wp\/v2\/posts\/151949\/revisions"}],"predecessor-version":[{"id":151952,"href":"https:\/\/www.thebestsocial.media\/de\/wp-json\/wp\/v2\/posts\/151949\/revisions\/151952"}],"wp:featuredmedia":[{"embeddable":true,"href":"https:\/\/www.thebestsocial.media\/de\/wp-json\/wp\/v2\/media\/151954"}],"wp:attachment":[{"href":"https:\/\/www.thebestsocial.media\/de\/wp-json\/wp\/v2\/media?parent=151949"}],"wp:term":[{"taxonomy":"category","embeddable":true,"href":"https:\/\/www.thebestsocial.media\/de\/wp-json\/wp\/v2\/categories?post=151949"},{"taxonomy":"post_tag","embeddable":true,"href":"https:\/\/www.thebestsocial.media\/de\/wp-json\/wp\/v2\/tags?post=151949"}],"curies":[{"name":"wp","href":"https:\/\/api.w.org\/{rel}","templated":true}]}}