{"id":150926,"date":"2021-10-01T08:29:38","date_gmt":"2021-10-01T08:29:38","guid":{"rendered":"https:\/\/www.thebestsocial.media\/de\/?p=150926"},"modified":"2021-10-01T08:32:15","modified_gmt":"2021-10-01T08:32:15","slug":"hurra-wir-leben-noch-wendlers-falsche-impfprognose-erheitert-das-netz","status":"publish","type":"post","link":"https:\/\/www.thebestsocial.media\/de\/hurra-wir-leben-noch-wendlers-falsche-impfprognose-erheitert-das-netz\/","title":{"rendered":"Hurra, wir leben noch: Wendlers falsche Impfprognose erheitert das Netz"},"content":{"rendered":"<p>Erst vor kurzer Zeit machte der bekennende Schwurbler und Corona Leugner Michael Wendler mit einem Repost in einer Telegram Gruppe auf sich aufmerksam, in dem es hie\u00df, ein Gro\u00dfteil der Geimpften werde im September sterben. Nun schreiben wir den ersten Oktober und wie zu erwarten, hat sich nichts von dieser Prognose bewahrheitet. Das Internet reagiert schadenfroh:<\/p>\n<p>&nbsp;<br \/>\n<strong>Der Wecker hat heute trotzdem geklingelt.<\/strong><\/p>\n<div class=\"dbsm-oembed\">\n<blockquote class=\"twitter-tweet\" data-width=\"500\" data-dnt=\"true\">\n<p lang=\"de\" dir=\"ltr\">Drei Uhr! Umsonst gewartet. Gehe jetzt schlafen. <a href=\"https:\/\/twitter.com\/hashtag\/Wendler?src=hash&amp;ref_src=twsrc%5Etfw\">#Wendler<\/a>, du h\u00e4ttest ja wenigstens das Jahr dazu sagen k\u00f6nnen. Napfs\u00fclze! <a href=\"https:\/\/t.co\/fnI2Vm5R93\">pic.twitter.com\/fnI2Vm5R93<\/a><\/p>\n<p>&mdash; Modelamong #StandWithUkraineAndIsrael\ud83c\uddfa\ud83c\udde6\ud83c\uddee\ud83c\uddf1 \ud83d\udc89\ud83d\udcef (@Modelamong) <a href=\"https:\/\/twitter.com\/Modelamong\/status\/1443742451940970501?ref_src=twsrc%5Etfw\">October 1, 2021<\/a><\/p><\/blockquote>\n<p><script async src=\"https:\/\/platform.twitter.com\/widgets.js\" charset=\"utf-8\"><\/script><\/div>\n<p>https:\/\/twitter.com\/GundelPundel\/status\/1443811192259194910?s=20<\/p>\n<p>&nbsp;<br \/>\n<strong>Eine berechtigte Frage.<\/strong><\/p>\n<div class=\"dbsm-oembed\">\n<blockquote class=\"twitter-tweet\" data-width=\"500\" data-dnt=\"true\">\n<p lang=\"de\" dir=\"ltr\">Wenn im September so viele gestorben sein sollen: wo sind denn dann die ganzen freien Parkpl\u00e4tze? <a href=\"https:\/\/twitter.com\/hashtag\/Wendler?src=hash&amp;ref_src=twsrc%5Etfw\">#Wendler<\/a><\/p>\n<p>&mdash; Jo \ud83d\udcef @jwdus.bsky.social (@Jo_1953) <a href=\"https:\/\/twitter.com\/Jo_1953\/status\/1443819817912385537?ref_src=twsrc%5Etfw\">October 1, 2021<\/a><\/p><\/blockquote>\n<p><script async src=\"https:\/\/platform.twitter.com\/widgets.js\" charset=\"utf-8\"><\/script><\/div>\n<p>&nbsp;<br \/>\n<strong>Und alle nur so:<\/strong><\/p>\n<div class=\"dbsm-oembed\">\n<blockquote class=\"twitter-tweet\" data-width=\"500\" data-dnt=\"true\">\n<p lang=\"de\" dir=\"ltr\">Alle heute zum <a href=\"https:\/\/twitter.com\/hashtag\/wendler?src=hash&amp;ref_src=twsrc%5Etfw\">#wendler<\/a> <a href=\"https:\/\/t.co\/ud2mydPxhi\">pic.twitter.com\/ud2mydPxhi<\/a><\/p>\n<p>&mdash; noid (@karlauaa) <a href=\"https:\/\/twitter.com\/karlauaa\/status\/1443836626673807392?ref_src=twsrc%5Etfw\">October 1, 2021<\/a><\/p><\/blockquote>\n<p><script async src=\"https:\/\/platform.twitter.com\/widgets.js\" charset=\"utf-8\"><\/script><\/div>\n<p>&nbsp;<br \/>\n<strong>Noch schnell die Bucket List fertig machen.<\/strong><\/p>\n<div class=\"dbsm-oembed\">\n<blockquote class=\"twitter-tweet\" data-width=\"500\" data-dnt=\"true\">\n<p lang=\"de\" dir=\"ltr\">Hab grad \u00fcberlegt, nochmal raus zu gehen, aber dann ist mir eingefallen, dass ich ja nur noch 17 Minuten zu leben hab und daf\u00fcr lohnt sich das kaum, ordentliche Hosen anzuziehen. <a href=\"https:\/\/twitter.com\/hashtag\/Schwurbler?src=hash&amp;ref_src=twsrc%5Etfw\">#Schwurbler<\/a> <a href=\"https:\/\/twitter.com\/hashtag\/Wendler?src=hash&amp;ref_src=twsrc%5Etfw\">#Wendler<\/a> <a href=\"https:\/\/twitter.com\/hashtag\/Impfung?src=hash&amp;ref_src=twsrc%5Etfw\">#Impfung<\/a><\/p>\n<p>&mdash; Tina Wirnsberger (@tinawirnsberger) <a href=\"https:\/\/twitter.com\/tinawirnsberger\/status\/1443693169724514324?ref_src=twsrc%5Etfw\">September 30, 2021<\/a><\/p><\/blockquote>\n<p><script async src=\"https:\/\/platform.twitter.com\/widgets.js\" charset=\"utf-8\"><\/script><\/div>\n<p>&nbsp;<br \/>\n<strong>Wir fordern Schadensersatz Michi.<\/strong><\/p>\n<div class=\"dbsm-oembed\">\n<blockquote class=\"twitter-tweet\" data-width=\"500\" data-dnt=\"true\">\n<p lang=\"de\" dir=\"ltr\">Ich bin v\u00f6llig fertig. Da habe ich mich, als doppelt Geimpfter, 4 Wochen lang auf meinen Abgang vorbereitet und nun ist der 1. Oktober und immer noch nix passiert. <br \/>Kann ich jetzt den <a href=\"https:\/\/twitter.com\/hashtag\/Wendler?src=hash&amp;ref_src=twsrc%5Etfw\">#Wendler<\/a> haftbar machen? \ud83e\udd26\ud83c\udffb\u200d\u2642\ufe0f<\/p>\n<p>&mdash; T. of Lochaber \ud83c\udff4\udb40\udc67\udb40\udc62\udb40\udc73\udb40\udc63\udb40\udc74\udb40\udc7f (@TeamAikidoka) <a href=\"https:\/\/twitter.com\/TeamAikidoka\/status\/1443800609258450959?ref_src=twsrc%5Etfw\">October 1, 2021<\/a><\/p><\/blockquote>\n<p><script async src=\"https:\/\/platform.twitter.com\/widgets.js\" charset=\"utf-8\"><\/script><\/div>\n<p>&nbsp;<br \/>\n<strong>Dann muss es ja stimmen.<\/strong><\/p>\n<div class=\"dbsm-oembed\">\n<blockquote class=\"twitter-tweet\" data-width=\"500\" data-dnt=\"true\">\n<p lang=\"de\" dir=\"ltr\">Ohje, ich glaube, der <a href=\"https:\/\/twitter.com\/hashtag\/Wendler?src=hash&amp;ref_src=twsrc%5Etfw\">#Wendler<\/a> hatte Recht\u2026<\/p>\n<p>08:05 Uhr und keiner ist im B\u00fcro, noch nicht einmal ich! <a href=\"https:\/\/t.co\/iTjpXHP1AC\">pic.twitter.com\/iTjpXHP1AC<\/a><\/p>\n<p>&mdash; S\u00f8ren Lorensen (@SoerenLorensen) <a href=\"https:\/\/twitter.com\/SoerenLorensen\/status\/1443819605047263232?ref_src=twsrc%5Etfw\">October 1, 2021<\/a><\/p><\/blockquote>\n<p><script async src=\"https:\/\/platform.twitter.com\/widgets.js\" charset=\"utf-8\"><\/script><\/div>\n<p>&nbsp;<br \/>\n<strong>Da reicht kein Kopfsch\u00fctteln mehr.<\/strong><\/p>\n<div class=\"dbsm-oembed\">\n<blockquote class=\"twitter-tweet\" data-width=\"500\" data-dnt=\"true\">\n<p lang=\"de\" dir=\"ltr\">&quot;Dr&quot; Bernd &quot;Coldwell&quot; Klein warnt:<br \/>Wenn wir nicht alle im September schon gestorben sind, dann werden wir zumindest alle schwul &#8211; und sterben dann!!!1ELF<a href=\"https:\/\/twitter.com\/hashtag\/Wendler?src=hash&amp;ref_src=twsrc%5Etfw\">#Wendler<\/a><a href=\"https:\/\/twitter.com\/schwurbelwatch?ref_src=twsrc%5Etfw\">@schwurbelwatch<\/a> <a href=\"https:\/\/t.co\/NtcVgDuBk7\">pic.twitter.com\/NtcVgDuBk7<\/a><\/p>\n<p>&mdash; Dave (@mdxdave) <a href=\"https:\/\/twitter.com\/mdxdave\/status\/1443794742140149760?ref_src=twsrc%5Etfw\">October 1, 2021<\/a><\/p><\/blockquote>\n<p><script async src=\"https:\/\/platform.twitter.com\/widgets.js\" charset=\"utf-8\"><\/script><\/div>\n<p>&nbsp;<\/p>\n<p>\u2014<br \/>\nVielen Dank an alle f\u00fcr die Posts.<br \/>\n\u2014<br \/>\n<strong>Keine Influencer! Kein Foodporn! Nur ganz viel Spa\u00df \u2013 bei uns auf Instagram:<\/strong><\/p>\n<div style=\"display: flex; flex-direction: row; align-items: center;\">\n<div style=\"background-color: #f4f4f4; border-radius: 50%; flex-grow: 0; height: 40px; margin-right: 14px; width: 40px;\"><\/div>\n<div style=\"display: flex; flex-direction: column; flex-grow: 1; justify-content: center;\">\n<div style=\"background-color: #f4f4f4; border-radius: 4px; flex-grow: 0; height: 14px; margin-bottom: 6px; width: 100px;\"><\/div>\n<div style=\"background-color: #f4f4f4; border-radius: 4px; flex-grow: 0; height: 14px; width: 60px;\"><\/div>\n<\/div>\n<\/div>\n<div style=\"padding: 19% 0;\"><\/div>\n<div style=\"display: block; height: 50px; margin: 0 auto 12px; width: 50px;\"><\/div>\n<div style=\"padding-top: 8px;\">\n<div style=\"color: #3897f0; font-family: Arial,sans-serif; font-size: 14px; font-style: normal; font-weight: 550; line-height: 18px;\">Sieh dir diesen Beitrag auf Instagram an<\/div>\n<\/div>\n<div style=\"padding: 12.5% 0;\"><\/div>\n<div style=\"display: flex; flex-direction: row; margin-bottom: 14px; align-items: center;\">\n<div>\n<div style=\"background-color: #f4f4f4; border-radius: 50%; height: 12.5px; width: 12.5px; transform: translateX(0px) translateY(7px);\"><\/div>\n<div style=\"background-color: #f4f4f4; height: 12.5px; transform: rotate(-45deg) translateX(3px) translateY(1px); width: 12.5px; flex-grow: 0; margin-right: 14px; margin-left: 2px;\"><\/div>\n<div style=\"background-color: #f4f4f4; border-radius: 50%; height: 12.5px; width: 12.5px; transform: translateX(9px) translateY(-18px);\"><\/div>\n<\/div>\n<div style=\"margin-left: 8px;\">\n<div style=\"background-color: #f4f4f4; border-radius: 50%; flex-grow: 0; height: 20px; width: 20px;\"><\/div>\n<div style=\"width: 0; height: 0; border-top: 2px solid transparent; border-left: 6px solid #f4f4f4; border-bottom: 2px solid transparent; transform: translateX(16px) translateY(-4px) rotate(30deg);\"><\/div>\n<\/div>\n<div style=\"margin-left: auto;\">\n<div style=\"width: 0px; border-top: 8px solid #F4F4F4; border-right: 8px solid transparent; transform: translateY(16px);\"><\/div>\n<div style=\"background-color: #f4f4f4; flex-grow: 0; height: 12px; width: 16px; transform: translateY(-4px);\"><\/div>\n<div style=\"width: 0; height: 0; border-top: 8px solid #F4F4F4; border-left: 8px solid transparent; transform: translateY(-4px) translateX(8px);\"><\/div>\n<\/div>\n<\/div>\n<div style=\"display: flex; flex-direction: column; flex-grow: 1; justify-content: center; margin-bottom: 24px;\">\n<div style=\"background-color: #f4f4f4; border-radius: 4px; flex-grow: 0; height: 14px; margin-bottom: 6px; width: 224px;\"><\/div>\n<div style=\"background-color: #f4f4f4; border-radius: 4px; flex-grow: 0; height: 14px; width: 144px;\"><\/div>\n<\/div>\n<p>&nbsp;<\/p>\n<p style=\"color: #c9c8cd; font-family: Arial,sans-serif; font-size: 14px; line-height: 17px; margin-bottom: 0; margin-top: 8px; overflow: hidden; padding: 8px 0 7px; text-align: center; text-overflow: ellipsis; white-space: nowrap;\"><a style=\"color: #c9c8cd; font-family: Arial,sans-serif; font-size: 14px; font-style: normal; font-weight: normal; line-height: 17px; text-decoration: none;\" href=\"https:\/\/www.instagram.com\/p\/CUFkvJUMgfW\/?utm_source=ig_embed&amp;utm_campaign=loading\" target=\"_blank\" rel=\"noopener\">Ein Beitrag geteilt von The Best Social Media &#8211; DE (@thebestsocialmediade)<\/a><\/p>\n\n<script async defer src=\"\/instagram-embed.js\"><\/script>","protected":false},"excerpt":{"rendered":"<p>Erst vor kurzer Zeit machte der bekennende Schwurbler und Corona Leugner Michael Wendler mit einem Repost in einer Telegram Gruppe auf sich aufmerksam, in dem&#8230;<\/p>\n","protected":false},"author":77,"featured_media":150935,"comment_status":"open","ping_status":"open","sticky":false,"template":"","format":"standard","meta":{"_acf_changed":false,"footnotes":""},"categories":[35],"tags":[4674,2479],"class_list":["post-150926","post","type-post","status-publish","format-standard","has-post-thumbnail","hentry","category-twitter","tag-impfung","tag-michael-wendler"],"acf":[],"yoast_head":"<!-- This site is optimized with the Yoast SEO plugin v27.5 - https:\/\/yoast.com\/product\/yoast-seo-wordpress\/ -->\n<title>Hurra, wir leben noch: Wendlers falsche Impfprognose erheitert das Netz<\/title>\n<meta name=\"robots\" content=\"index, follow, max-snippet:-1, max-image-preview:large, max-video-preview:-1\" \/>\n<link rel=\"canonical\" href=\"https:\/\/www.thebestsocial.media\/de\/hurra-wir-leben-noch-wendlers-falsche-impfprognose-erheitert-das-netz\/\" \/>\n<meta property=\"og:locale\" content=\"de_DE\" \/>\n<meta property=\"og:type\" content=\"article\" \/>\n<meta property=\"og:title\" content=\"Hurra, wir leben noch: Wendlers falsche Impfprognose erheitert das Netz\" \/>\n<meta property=\"og:description\" content=\"Erst vor kurzer Zeit machte der bekennende Schwurbler und Corona Leugner Michael Wendler mit einem Repost in einer Telegram Gruppe auf sich aufmerksam, in dem...\" \/>\n<meta property=\"og:url\" content=\"https:\/\/www.thebestsocial.media\/de\/hurra-wir-leben-noch-wendlers-falsche-impfprognose-erheitert-das-netz\/\" \/>\n<meta property=\"og:site_name\" content=\"The Best Social Media DE\" \/>\n<meta property=\"article:author\" content=\"https:\/\/www.facebook.com\/adrian.krug.5\" \/>\n<meta property=\"article:published_time\" content=\"2021-10-01T08:29:38+00:00\" \/>\n<meta property=\"article:modified_time\" content=\"2021-10-01T08:32:15+00:00\" \/>\n<meta property=\"og:image\" content=\"https:\/\/www.thebestsocial.media\/de\/wp-content\/uploads\/sites\/3\/2021\/10\/Header_Bild_Neu.Wendler.png\" \/>\n\t<meta property=\"og:image:width\" content=\"1200\" \/>\n\t<meta property=\"og:image:height\" content=\"630\" \/>\n\t<meta property=\"og:image:type\" content=\"image\/png\" \/>\n<meta name=\"author\" content=\"Adrian Krug\" \/>\n<meta name=\"twitter:card\" content=\"summary_large_image\" \/>\n<meta name=\"twitter:creator\" content=\"@https:\/\/twitter.com\/Hasscompilation\" \/>\n<meta name=\"twitter:label1\" content=\"Verfasst von\" \/>\n\t<meta name=\"twitter:data1\" content=\"Adrian Krug\" \/>\n\t<meta name=\"twitter:label2\" content=\"Gesch\u00e4tzte Lesezeit\" \/>\n\t<meta name=\"twitter:data2\" content=\"1\u00a0Minute\" \/>\n<script type=\"application\/ld+json\" class=\"yoast-schema-graph\">{\"@context\":\"https:\\\/\\\/schema.org\",\"@graph\":[{\"@type\":\"Article\",\"@id\":\"https:\\\/\\\/www.thebestsocial.media\\\/de\\\/hurra-wir-leben-noch-wendlers-falsche-impfprognose-erheitert-das-netz\\\/#article\",\"isPartOf\":{\"@id\":\"https:\\\/\\\/www.thebestsocial.media\\\/de\\\/hurra-wir-leben-noch-wendlers-falsche-impfprognose-erheitert-das-netz\\\/\"},\"author\":{\"name\":\"Adrian Krug\",\"@id\":\"https:\\\/\\\/www.thebestsocial.media\\\/de\\\/#\\\/schema\\\/person\\\/f6571568c8f173869acb99d089b1223b\"},\"headline\":\"Hurra, wir leben noch: Wendlers falsche Impfprognose erheitert das Netz\",\"datePublished\":\"2021-10-01T08:29:38+00:00\",\"dateModified\":\"2021-10-01T08:32:15+00:00\",\"mainEntityOfPage\":{\"@id\":\"https:\\\/\\\/www.thebestsocial.media\\\/de\\\/hurra-wir-leben-noch-wendlers-falsche-impfprognose-erheitert-das-netz\\\/\"},\"wordCount\":197,\"commentCount\":0,\"image\":{\"@id\":\"https:\\\/\\\/www.thebestsocial.media\\\/de\\\/hurra-wir-leben-noch-wendlers-falsche-impfprognose-erheitert-das-netz\\\/#primaryimage\"},\"thumbnailUrl\":\"https:\\\/\\\/www.thebestsocial.media\\\/de\\\/wp-content\\\/uploads\\\/sites\\\/3\\\/2021\\\/10\\\/Bildschirmfoto-2021-10-01-um-09.59.09-1.png\",\"keywords\":[\"Impfung\",\"Michael Wendler\"],\"articleSection\":[\"Twitter\"],\"inLanguage\":\"de\",\"potentialAction\":[{\"@type\":\"CommentAction\",\"name\":\"Comment\",\"target\":[\"https:\\\/\\\/www.thebestsocial.media\\\/de\\\/hurra-wir-leben-noch-wendlers-falsche-impfprognose-erheitert-das-netz\\\/#respond\"]}]},{\"@type\":\"WebPage\",\"@id\":\"https:\\\/\\\/www.thebestsocial.media\\\/de\\\/hurra-wir-leben-noch-wendlers-falsche-impfprognose-erheitert-das-netz\\\/\",\"url\":\"https:\\\/\\\/www.thebestsocial.media\\\/de\\\/hurra-wir-leben-noch-wendlers-falsche-impfprognose-erheitert-das-netz\\\/\",\"name\":\"Hurra, wir leben noch: Wendlers falsche Impfprognose erheitert das Netz\",\"isPartOf\":{\"@id\":\"https:\\\/\\\/www.thebestsocial.media\\\/de\\\/#website\"},\"primaryImageOfPage\":{\"@id\":\"https:\\\/\\\/www.thebestsocial.media\\\/de\\\/hurra-wir-leben-noch-wendlers-falsche-impfprognose-erheitert-das-netz\\\/#primaryimage\"},\"image\":{\"@id\":\"https:\\\/\\\/www.thebestsocial.media\\\/de\\\/hurra-wir-leben-noch-wendlers-falsche-impfprognose-erheitert-das-netz\\\/#primaryimage\"},\"thumbnailUrl\":\"https:\\\/\\\/www.thebestsocial.media\\\/de\\\/wp-content\\\/uploads\\\/sites\\\/3\\\/2021\\\/10\\\/Bildschirmfoto-2021-10-01-um-09.59.09-1.png\",\"datePublished\":\"2021-10-01T08:29:38+00:00\",\"dateModified\":\"2021-10-01T08:32:15+00:00\",\"author\":{\"@id\":\"https:\\\/\\\/www.thebestsocial.media\\\/de\\\/#\\\/schema\\\/person\\\/f6571568c8f173869acb99d089b1223b\"},\"breadcrumb\":{\"@id\":\"https:\\\/\\\/www.thebestsocial.media\\\/de\\\/hurra-wir-leben-noch-wendlers-falsche-impfprognose-erheitert-das-netz\\\/#breadcrumb\"},\"inLanguage\":\"de\",\"potentialAction\":[{\"@type\":\"ReadAction\",\"target\":[\"https:\\\/\\\/www.thebestsocial.media\\\/de\\\/hurra-wir-leben-noch-wendlers-falsche-impfprognose-erheitert-das-netz\\\/\"]}]},{\"@type\":\"ImageObject\",\"inLanguage\":\"de\",\"@id\":\"https:\\\/\\\/www.thebestsocial.media\\\/de\\\/hurra-wir-leben-noch-wendlers-falsche-impfprognose-erheitert-das-netz\\\/#primaryimage\",\"url\":\"https:\\\/\\\/www.thebestsocial.media\\\/de\\\/wp-content\\\/uploads\\\/sites\\\/3\\\/2021\\\/10\\\/Bildschirmfoto-2021-10-01-um-09.59.09-1.png\",\"contentUrl\":\"https:\\\/\\\/www.thebestsocial.media\\\/de\\\/wp-content\\\/uploads\\\/sites\\\/3\\\/2021\\\/10\\\/Bildschirmfoto-2021-10-01-um-09.59.09-1.png\",\"width\":1856,\"height\":944},{\"@type\":\"BreadcrumbList\",\"@id\":\"https:\\\/\\\/www.thebestsocial.media\\\/de\\\/hurra-wir-leben-noch-wendlers-falsche-impfprognose-erheitert-das-netz\\\/#breadcrumb\",\"itemListElement\":[{\"@type\":\"ListItem\",\"position\":1,\"name\":\"Home\",\"item\":\"https:\\\/\\\/www.thebestsocial.media\\\/de\\\/\"},{\"@type\":\"ListItem\",\"position\":2,\"name\":\"Hurra, wir leben noch: Wendlers falsche Impfprognose erheitert das Netz\"}]},{\"@type\":\"WebSite\",\"@id\":\"https:\\\/\\\/www.thebestsocial.media\\\/de\\\/#website\",\"url\":\"https:\\\/\\\/www.thebestsocial.media\\\/de\\\/\",\"name\":\"The Best Social Media DE\",\"description\":\"\",\"potentialAction\":[{\"@type\":\"SearchAction\",\"target\":{\"@type\":\"EntryPoint\",\"urlTemplate\":\"https:\\\/\\\/www.thebestsocial.media\\\/de\\\/?s={search_term_string}\"},\"query-input\":{\"@type\":\"PropertyValueSpecification\",\"valueRequired\":true,\"valueName\":\"search_term_string\"}}],\"inLanguage\":\"de\"},{\"@type\":\"Person\",\"@id\":\"https:\\\/\\\/www.thebestsocial.media\\\/de\\\/#\\\/schema\\\/person\\\/f6571568c8f173869acb99d089b1223b\",\"name\":\"Adrian Krug\",\"image\":{\"@type\":\"ImageObject\",\"inLanguage\":\"de\",\"@id\":\"https:\\\/\\\/secure.gravatar.com\\\/avatar\\\/c03aa48839ac1555ec73dfc0827342b090445264901990679cd3f8c6ef4ac2d7?s=96&d=mm&r=g\",\"url\":\"https:\\\/\\\/secure.gravatar.com\\\/avatar\\\/c03aa48839ac1555ec73dfc0827342b090445264901990679cd3f8c6ef4ac2d7?s=96&d=mm&r=g\",\"contentUrl\":\"https:\\\/\\\/secure.gravatar.com\\\/avatar\\\/c03aa48839ac1555ec73dfc0827342b090445264901990679cd3f8c6ef4ac2d7?s=96&d=mm&r=g\",\"caption\":\"Adrian Krug\"},\"description\":\"Ich bin Endeditor f\u00fcr TBSM DE und Creative Lead f\u00fcr Projekte auf Agenturseite.\",\"sameAs\":[\"https:\\\/\\\/www.facebook.com\\\/adrian.krug.5\",\"https:\\\/\\\/www.linkedin.com\\\/in\\\/adrian-krug-27536221a\\\/\",\"https:\\\/\\\/x.com\\\/https:\\\/\\\/twitter.com\\\/Hasscompilation\"],\"url\":\"https:\\\/\\\/www.thebestsocial.media\\\/de\\\/author\\\/adriankrug\\\/\"}]}<\/script>\n<!-- \/ Yoast SEO plugin. -->","yoast_head_json":{"title":"Hurra, wir leben noch: Wendlers falsche Impfprognose erheitert das Netz","robots":{"index":"index","follow":"follow","max-snippet":"max-snippet:-1","max-image-preview":"max-image-preview:large","max-video-preview":"max-video-preview:-1"},"canonical":"https:\/\/www.thebestsocial.media\/de\/hurra-wir-leben-noch-wendlers-falsche-impfprognose-erheitert-das-netz\/","og_locale":"de_DE","og_type":"article","og_title":"Hurra, wir leben noch: Wendlers falsche Impfprognose erheitert das Netz","og_description":"Erst vor kurzer Zeit machte der bekennende Schwurbler und Corona Leugner Michael Wendler mit einem Repost in einer Telegram Gruppe auf sich aufmerksam, in dem...","og_url":"https:\/\/www.thebestsocial.media\/de\/hurra-wir-leben-noch-wendlers-falsche-impfprognose-erheitert-das-netz\/","og_site_name":"The Best Social Media DE","article_author":"https:\/\/www.facebook.com\/adrian.krug.5","article_published_time":"2021-10-01T08:29:38+00:00","article_modified_time":"2021-10-01T08:32:15+00:00","og_image":[{"width":1200,"height":630,"url":"https:\/\/www.thebestsocial.media\/de\/wp-content\/uploads\/sites\/3\/2021\/10\/Header_Bild_Neu.Wendler.png","type":"image\/png"}],"author":"Adrian Krug","twitter_card":"summary_large_image","twitter_creator":"@https:\/\/twitter.com\/Hasscompilation","twitter_misc":{"Verfasst von":"Adrian Krug","Gesch\u00e4tzte Lesezeit":"1\u00a0Minute"},"schema":{"@context":"https:\/\/schema.org","@graph":[{"@type":"Article","@id":"https:\/\/www.thebestsocial.media\/de\/hurra-wir-leben-noch-wendlers-falsche-impfprognose-erheitert-das-netz\/#article","isPartOf":{"@id":"https:\/\/www.thebestsocial.media\/de\/hurra-wir-leben-noch-wendlers-falsche-impfprognose-erheitert-das-netz\/"},"author":{"name":"Adrian Krug","@id":"https:\/\/www.thebestsocial.media\/de\/#\/schema\/person\/f6571568c8f173869acb99d089b1223b"},"headline":"Hurra, wir leben noch: Wendlers falsche Impfprognose erheitert das Netz","datePublished":"2021-10-01T08:29:38+00:00","dateModified":"2021-10-01T08:32:15+00:00","mainEntityOfPage":{"@id":"https:\/\/www.thebestsocial.media\/de\/hurra-wir-leben-noch-wendlers-falsche-impfprognose-erheitert-das-netz\/"},"wordCount":197,"commentCount":0,"image":{"@id":"https:\/\/www.thebestsocial.media\/de\/hurra-wir-leben-noch-wendlers-falsche-impfprognose-erheitert-das-netz\/#primaryimage"},"thumbnailUrl":"https:\/\/www.thebestsocial.media\/de\/wp-content\/uploads\/sites\/3\/2021\/10\/Bildschirmfoto-2021-10-01-um-09.59.09-1.png","keywords":["Impfung","Michael Wendler"],"articleSection":["Twitter"],"inLanguage":"de","potentialAction":[{"@type":"CommentAction","name":"Comment","target":["https:\/\/www.thebestsocial.media\/de\/hurra-wir-leben-noch-wendlers-falsche-impfprognose-erheitert-das-netz\/#respond"]}]},{"@type":"WebPage","@id":"https:\/\/www.thebestsocial.media\/de\/hurra-wir-leben-noch-wendlers-falsche-impfprognose-erheitert-das-netz\/","url":"https:\/\/www.thebestsocial.media\/de\/hurra-wir-leben-noch-wendlers-falsche-impfprognose-erheitert-das-netz\/","name":"Hurra, wir leben noch: Wendlers falsche Impfprognose erheitert das Netz","isPartOf":{"@id":"https:\/\/www.thebestsocial.media\/de\/#website"},"primaryImageOfPage":{"@id":"https:\/\/www.thebestsocial.media\/de\/hurra-wir-leben-noch-wendlers-falsche-impfprognose-erheitert-das-netz\/#primaryimage"},"image":{"@id":"https:\/\/www.thebestsocial.media\/de\/hurra-wir-leben-noch-wendlers-falsche-impfprognose-erheitert-das-netz\/#primaryimage"},"thumbnailUrl":"https:\/\/www.thebestsocial.media\/de\/wp-content\/uploads\/sites\/3\/2021\/10\/Bildschirmfoto-2021-10-01-um-09.59.09-1.png","datePublished":"2021-10-01T08:29:38+00:00","dateModified":"2021-10-01T08:32:15+00:00","author":{"@id":"https:\/\/www.thebestsocial.media\/de\/#\/schema\/person\/f6571568c8f173869acb99d089b1223b"},"breadcrumb":{"@id":"https:\/\/www.thebestsocial.media\/de\/hurra-wir-leben-noch-wendlers-falsche-impfprognose-erheitert-das-netz\/#breadcrumb"},"inLanguage":"de","potentialAction":[{"@type":"ReadAction","target":["https:\/\/www.thebestsocial.media\/de\/hurra-wir-leben-noch-wendlers-falsche-impfprognose-erheitert-das-netz\/"]}]},{"@type":"ImageObject","inLanguage":"de","@id":"https:\/\/www.thebestsocial.media\/de\/hurra-wir-leben-noch-wendlers-falsche-impfprognose-erheitert-das-netz\/#primaryimage","url":"https:\/\/www.thebestsocial.media\/de\/wp-content\/uploads\/sites\/3\/2021\/10\/Bildschirmfoto-2021-10-01-um-09.59.09-1.png","contentUrl":"https:\/\/www.thebestsocial.media\/de\/wp-content\/uploads\/sites\/3\/2021\/10\/Bildschirmfoto-2021-10-01-um-09.59.09-1.png","width":1856,"height":944},{"@type":"BreadcrumbList","@id":"https:\/\/www.thebestsocial.media\/de\/hurra-wir-leben-noch-wendlers-falsche-impfprognose-erheitert-das-netz\/#breadcrumb","itemListElement":[{"@type":"ListItem","position":1,"name":"Home","item":"https:\/\/www.thebestsocial.media\/de\/"},{"@type":"ListItem","position":2,"name":"Hurra, wir leben noch: Wendlers falsche Impfprognose erheitert das Netz"}]},{"@type":"WebSite","@id":"https:\/\/www.thebestsocial.media\/de\/#website","url":"https:\/\/www.thebestsocial.media\/de\/","name":"The Best Social Media DE","description":"","potentialAction":[{"@type":"SearchAction","target":{"@type":"EntryPoint","urlTemplate":"https:\/\/www.thebestsocial.media\/de\/?s={search_term_string}"},"query-input":{"@type":"PropertyValueSpecification","valueRequired":true,"valueName":"search_term_string"}}],"inLanguage":"de"},{"@type":"Person","@id":"https:\/\/www.thebestsocial.media\/de\/#\/schema\/person\/f6571568c8f173869acb99d089b1223b","name":"Adrian Krug","image":{"@type":"ImageObject","inLanguage":"de","@id":"https:\/\/secure.gravatar.com\/avatar\/c03aa48839ac1555ec73dfc0827342b090445264901990679cd3f8c6ef4ac2d7?s=96&d=mm&r=g","url":"https:\/\/secure.gravatar.com\/avatar\/c03aa48839ac1555ec73dfc0827342b090445264901990679cd3f8c6ef4ac2d7?s=96&d=mm&r=g","contentUrl":"https:\/\/secure.gravatar.com\/avatar\/c03aa48839ac1555ec73dfc0827342b090445264901990679cd3f8c6ef4ac2d7?s=96&d=mm&r=g","caption":"Adrian Krug"},"description":"Ich bin Endeditor f\u00fcr TBSM DE und Creative Lead f\u00fcr Projekte auf Agenturseite.","sameAs":["https:\/\/www.facebook.com\/adrian.krug.5","https:\/\/www.linkedin.com\/in\/adrian-krug-27536221a\/","https:\/\/x.com\/https:\/\/twitter.com\/Hasscompilation"],"url":"https:\/\/www.thebestsocial.media\/de\/author\/adriankrug\/"}]}},"amp_enabled":true,"_links":{"self":[{"href":"https:\/\/www.thebestsocial.media\/de\/wp-json\/wp\/v2\/posts\/150926","targetHints":{"allow":["GET"]}}],"collection":[{"href":"https:\/\/www.thebestsocial.media\/de\/wp-json\/wp\/v2\/posts"}],"about":[{"href":"https:\/\/www.thebestsocial.media\/de\/wp-json\/wp\/v2\/types\/post"}],"author":[{"embeddable":true,"href":"https:\/\/www.thebestsocial.media\/de\/wp-json\/wp\/v2\/users\/77"}],"replies":[{"embeddable":true,"href":"https:\/\/www.thebestsocial.media\/de\/wp-json\/wp\/v2\/comments?post=150926"}],"version-history":[{"count":5,"href":"https:\/\/www.thebestsocial.media\/de\/wp-json\/wp\/v2\/posts\/150926\/revisions"}],"predecessor-version":[{"id":150933,"href":"https:\/\/www.thebestsocial.media\/de\/wp-json\/wp\/v2\/posts\/150926\/revisions\/150933"}],"wp:featuredmedia":[{"embeddable":true,"href":"https:\/\/www.thebestsocial.media\/de\/wp-json\/wp\/v2\/media\/150935"}],"wp:attachment":[{"href":"https:\/\/www.thebestsocial.media\/de\/wp-json\/wp\/v2\/media?parent=150926"}],"wp:term":[{"taxonomy":"category","embeddable":true,"href":"https:\/\/www.thebestsocial.media\/de\/wp-json\/wp\/v2\/categories?post=150926"},{"taxonomy":"post_tag","embeddable":true,"href":"https:\/\/www.thebestsocial.media\/de\/wp-json\/wp\/v2\/tags?post=150926"}],"curies":[{"name":"wp","href":"https:\/\/api.w.org\/{rel}","templated":true}]}}